{"id":8594,"date":"2020-09-10T02:14:48","date_gmt":"2020-09-10T00:14:48","guid":{"rendered":"https:\/\/www.freidenker.org\/?p=8594"},"modified":"2020-09-27T10:56:22","modified_gmt":"2020-09-27T08:56:22","slug":"die-totalitaere-neue-normalitaet","status":"publish","type":"post","link":"https:\/\/www.freidenker.org\/?p=8594","title":{"rendered":"Die totalit\u00e4re \u201eNeue Normalit\u00e4t\u201c"},"content":{"rendered":"<p>In der Rubrik <strong>Tagesdosis<\/strong> wurde am 04.09.2020 bei <a href=\"https:\/\/kenfm.de\/die-totalitaere-neue-normalitaet-von-rainer-rupp\/\" target=\"_blank\" rel=\"noopener noreferrer\">KenFM<\/a> der Beitrag \u201e<strong>Die totalit\u00e4re \u201eNeue Normalit\u00e4t\u201c\u201c <\/strong>von <em><strong>Rainer Rupp<\/strong><\/em>, Mitglied des Beirates des Deutschen Freidenker-Verbandes, ver\u00f6ffentlicht.<\/p>\n<p>Den Beitrag als Audio-Datei anh\u00f6ren:<\/p>\n<audio class=\"wp-audio-shortcode\" id=\"audio-8594-1\" preload=\"none\" style=\"width: 100%;\" controls=\"controls\"><source type=\"audio\/mpeg\" src=\"https:\/\/kenfm.de\/multimedia_kenfm\/podcast\/tagesdosis-20200904.mp3?_=1\" \/><a href=\"https:\/\/kenfm.de\/multimedia_kenfm\/podcast\/tagesdosis-20200904.mp3\">https:\/\/kenfm.de\/multimedia_kenfm\/podcast\/tagesdosis-20200904.mp3<\/a><\/audio>\n<p>&nbsp;<\/p>\n<p>Der Beitrag ist auch als Video verf\u00fcgbar:<br \/>\nKenTube: <a href=\"https:\/\/tube.kenfm.de\/videos\/watch\/00315462-0997-442a-a00d-3d5e08a7259f\" target=\"_blank\" rel=\"noopener noreferrer\">https:\/\/tube.kenfm.de\/videos\/watch\/00315462-0997-442a-a00d-3d5e08a7259f<\/a><br \/>\nYouTube: <a href=\"https:\/\/www.youtube.com\/watch?v=7MqdDTDQbgA\" target=\"_blank\" rel=\"noopener noreferrer\">https:\/\/www.youtube.com\/watch?v=7MqdDTDQbgA<\/a><\/p>\n<h4>Die totalit\u00e4re \u201eNeue Normalit\u00e4t\u201c &#8211; Tagesdosis 04.09.2020<\/h4>\n<h5>Warum f\u00fcrchtet das System Merkel die au\u00dferparlamentarische Opposition?<\/h5>\n<p><em>Ein Kommentar <strong>von Rainer Rupp<\/strong><\/em><\/p>\n<p>Selbst vielen Gegnern der Demonstration und Massenkundgebung der Querdenker in Berlin vom 29. August gehen die giftigen, pauschalen Verurteilungen dieser aus allen Schichten der Bev\u00f6lkerung entstandenen Opposition durch die selbstgef\u00e4lligen Politiker der etablierten Parteien zu weit. Das zeigte sich in den vielen hastig organisierten Talk-Runden, die in den letzten Tagen die Radio- und Fernsehsendungen f\u00fcllten. Hastig organisiert deshalb, weil sich unter den eingeladenen G\u00e4sten \u00f6fters Menschen befanden, die an dem Tag in Berlin gewesen waren und die Demos beobachtet hatten. Sie kamen nicht zu dem im Voraus festgelegten Ergebnis, dass bei der Demo \u00fcberall nur Nazis waren.<\/p>\n<p>Rechte, wie z.B. von der NPD oder Reichsb\u00fcrger seien zwar da gewesen, aber nur am Rande. Keinesfalls h\u00e4tten Rechte eine f\u00fchrende Rolle gespielt, sondern die Demonstranten und Teilnehmer der Kundgebung h\u00e4tten einen Querschnitt der Bev\u00f6lkerung dargestellt. Allerdings hatten sie mit ihrer abweichenden Einsch\u00e4tzung einen schweren Stand gegen die massive \u00dcbermacht der politisch korrekten Talk-Teilnehmer. Deren Position hat Frau Saskia Esken, der weibliche Teil der Doppelspitze der neo-liberal gleichgeschalteten SPD als Richtlinie f\u00fcr die politisch-korrekte Berichterstattung der Medien auf Twitter wie folgend zusammengefasst:<\/p>\n<p>\u201eHolocaust-Leugner, antisemitische Verschw\u00f6rungsideologen und Esoteriker, die Vertreter von Medien, Wissenschaft &amp; Politik \u201aschuldig\u2018 sprechen und offen zum Sturm auf den Reichstag und zum Umsturz aufrufen.\u201c<\/p>\n<p>Das war denn auch der Tenor der Berichterstattung der \u00f6ffentlich rechtlichen Medien. Gemeinsam mit den gleichgeschalteten privaten Medienkonzernen haben sie seit dem Wochenende unser Land in einer Endlosschleife mit einem Tsunami scheinheiliger Emp\u00f6rung \u00fcber Nazis, Rechte und \u201eCorona-Leugner\u201c \u00fcberschwemmt. Mit dem Begriff \u201eLeugner\u201c sollen Letztere tiefenpsychologisch in die N\u00e4he der Holocaust-Leugner gebracht werden.<\/p>\n<p>Die aktuelle Propaganda-Kampagne gegen die au\u00dferparlamentarische Opposition ist ungew\u00f6hnlich massiv. Offensichtlich soll noch im letzten Winkel unserer Republik dem rechtschaffenen B\u00fcrger das Bild vermittelt werden, dass nur Rechte und Nazis, oder Nazi-nahe Spinner in b\u00f6sartiger, hinterh\u00e4ltiger und demokratiefeindlicher Absicht die Ma\u00dfnahmen der guten und sich ums Gemeinwohl k\u00fcmmernden Politiker hinterfragen.<\/p>\n<p>Die Devise lautet, vertraut uns, wir sind von der Regierung. Nur ein Nazi-Schurke kann daran zweifeln, dass die Hunderte von Milliarden Euro Corona-Hilfspakete nicht ausschlie\u00dflich zum Wohl der arbeitenden Bev\u00f6lkerung gro\u00dfz\u00fcgig ausgesch\u00fcttet worden sind. Nur b\u00f6se Buben, die unsere Demokratie zerst\u00f6ren wollen und nichts von Wirtschaft verstehen, hinterfragen, warum zum Beispiel der bei weitem gr\u00f6\u00dfte Teil der Corona-Hilfen an die mit der Politik verfilzten Freunde der Gro\u00dfindustrie gegangen ist, angeblich um dort Arbeitspl\u00e4tze zu erhalten. Dabei sind es doch die mittelst\u00e4ndischen Betriebe und Kleinunternehmen, wo \u00fcber vier F\u00fcnftel der Besch\u00e4ftigten ihren Lohn verdienen, die aber nur mit Brosamen einer Hilfe abgespeist wurden.<\/p>\n<p>Nur CovitIdioten (O-Ton von SPD-Eskens) k\u00f6nnen fragen, warum z.B. die KrankenpflegerInnen, die in den Monaten des H\u00f6hepunkts der staatlichen und medial befeuerten Corona-Hysterie f\u00fcr ihre aufopfernden T\u00e4tigkeiten beklatscht und \u00fcber den gr\u00fcnen Klee gelobt wurden, heute weiterhin stark unterbezahlt sind, wenn zugleich die Politiker z.B. f\u00fcr die Lufthansa AG eine Geldspritze von 9 Milliarden Euro innerhalb von wenigen Tagen locker gemacht haben. F\u00fcr diese Summe h\u00e4tte der Staat alle Aktien der Lufthansa gleich zwei Mal kaufen k\u00f6nnen. Aber die Regierungspolitiker, die dieses Geld dem Privatkonzern Lufthansa zuschusterten, wollten nicht einmal ein Mitspracherecht im Konzern \u00fcber die Verwendung des Geldes. So k\u00f6nnen jetzt die auf Profitmaximierung orientierten Bosse der Lufthansa nach eigenem Gutd\u00fcnken die soziale Absicherung bei den bevorstehenden Massenentlassungen nach unten korrigieren.<\/p>\n<p>Dies und vieles mehr ist nur die Spitze des Eisbergs aus einem Konvolut von Filz und Korruption, der seit Jahren in der neo-liberalen, es-gibt-keine-Alternative-Merkel-Regierung herrscht. Bei diesen Herrschaften lautet das Motto, das keine Krise ungenutzt verschwendet werden darf. Pandemien, Kriegsgefahren oder gar Kriege bieten den politischen und wirtschaftlichen Profiteuren, die sich selbst Eliten nennen, besonders viele Gelegenheiten, um aus dem entstandenen Chaos auf Kosten der Bev\u00f6lkerung Honig zu saugen. Dabei ist die Wahrscheinlichkeit, dass diese Leute je zur Verantwortung gezogen werden, recht klein. Bei der aktuellen, politisch und medial hochgepuschten Covid-Pandemie ist es nicht anders. Dann f\u00fcr sie gilt das Bibelwort aus Psalm 127, das vortrefflich auf die elit\u00e4ren Profiteure der Merkel-Demokratur zugeschnitten ist. Dort hei\u00dft es:<\/p>\n<p>\u201eEs ist umsonst, dass ihr fr\u00fch aufsteht und euch sp\u00e4t erst niedersetzt, um das Brot der M\u00fchsal zu essen; denn der Herr gibt es den Seinen im Schlaf.\u201c<\/p>\n<p>Der seit langem in Berlin lebende US-amerikanische K\u00fcnstler und Schriftsteller CJ Hopkins hat diese Entwicklung, die nicht nur in Deutschland stattfindet, sehr genau beobachtet und anhand der Querdenker-Demo am 29. August im US-Finanzportal Zerohedge eine scharfsinnige Analyse pr\u00e4sentiert, n\u00e4mlich wie die herrschenden Eliten im Namen der Demokratie alles versuchen, die Demokratie abzuschaffen, indem sie demokratische Entwicklungen an der Basis des Volkes durch Diffamierungskampagnen zu verhindern suchen. Nachfolgend einige Ausz\u00fcge aus seinem Text:<\/p>\n<p>\u201eIn den Tagen vor den Protesten (am 29. August in Berlin) haben Regierungsbeamte und Medienpropagandisten das getan, was Beamte und Propagandisten tun: Sie wiederholten unerm\u00fcdlich ihre offizielle Erz\u00e4hlung, dass n\u00e4mlich jeder, der gegen die Neue Normalit\u00e4t protestiert, oder die offizielle Coronavirus-Erz\u00e4hlung bezweifelt, entweder ein gewaltt\u00e4tiger Neonazi-Extremist\u2018 oder \u201aVerschw\u00f6rungstheoretiker\u2018 oder eine existenzielle \u201aBedrohung der Demokratie\u2018 darstellt\u201c.<\/p>\n<p>Weiter hei\u00dft es im Text, Zitat:<\/p>\n<p><i>\u201eTrotz<\/i> <a href=\"https:\/\/www.faz.net\/aktuell\/politik\/inland\/corona-demo-nur-einzelne-rechtsextreme-16894746.html\" target=\"_blank\" rel=\"noopener noreferrer\"><b><i>der Feststellung des Bundesamtes f\u00fcr Verfassungsschutz,<\/i><\/b><\/a> dass sich nur \u201aeinzelne Mitglieder rechtsextremer Gruppen\u2018 an dem Protest vom 1. August beteiligt h\u00e4tten und dass \u201aRechtsextremisten keinen pr\u00e4genden Einfluss auf die Demos\u2018 h\u00e4tten, pumpten sowohl die deutschen als auch die internationalen Konzernmedien eine Geschichte nach der anderen in die \u00d6ffentlichkeit wie die ultra-gewaltt\u00e4tigen Neonazi-Horden wieder \u00fcber Berlin herfallen!\u201c<\/p>\n<p>In einem weiteren Aufsatz auf seiner Webseite <a href=\"https:\/\/consentfactory.org\/2020\/08\/09\/invasion-of-the-new-normals\/\" target=\"_blank\" rel=\"noopener noreferrer\">consentfactory.org<\/a> mit dem Titel, \u201eInvasion oft the New Normal\u201c geht CJ Hopkins auf das Ph\u00e4nomen dieser \u201eNeuen Normalit\u00e4t\u201c ein, die seit dem H\u00f6hepunkt der Corona-Hysterie von den westlichen Eliten als zuk\u00fcnftiges Gesellschaftsmodell f\u00fcr die Massen hei\u00df diskutiert wird. Tats\u00e4chlich aber handele es sich laut Hopkins dabei um den \u201eTotalitarismus der Neuen Normalit\u00e4t\u201c.<\/p>\n<p>Laut Hopkins hat die offizielle Propaganda bereits im M\u00e4rz dieses Jahres begonnen. \u201eAnfang April erreichte sie ihre volle Intensit\u00e4t. Pl\u00f6tzlich wurde \u00fcberall von der \u201eNeuen Normalit\u00e4t\u201c gesprochen, nicht nur in den f\u00fchrenden Konzernmedien (z.B. <a href=\"https:\/\/edition.cnn.com\/2020\/04\/16\/us\/coronavirus-pandemic-new-normal\/index.html\" target=\"_blank\" rel=\"noopener noreferrer\"><b>CNN<\/b><\/a>,\u00a0 <a href=\"https:\/\/www.npr.org\/2020\/04\/27\/845322553\/new-normal-how-will-things-change-in-post-pandemic-world\" target=\"_blank\" rel=\"noopener noreferrer\"><b>NPR<\/b><\/a>,\u00a0 <a href=\"https:\/\/www.cnbc.com\/2020\/04\/15\/new-york-moves-to-a-new-normal-as-gov-cuomo-outlines-gradual-reopening-of-businesses.html\" target=\"_blank\" rel=\"noopener noreferrer\"><b>CNBC<\/b><\/a>, The New York <a href=\"https:\/\/www.nytimes.com\/2020\/04\/21\/world\/americas\/coronavirus-social-impact.html\" target=\"_blank\" rel=\"noopener noreferrer\"><b><i>Times<\/i><\/b><\/a>, The <a href=\"https:\/\/www.theguardian.com\/books\/2020\/apr\/03\/our-new-normal-why-so-many-of-us-feel-unprepared-for-lockdown-life\" target=\"_blank\" rel=\"noopener noreferrer\"><b><i>Guardian<\/i><\/b><\/a>, The <a href=\"https:\/\/www.theatlantic.com\/ideas\/archive\/2020\/03\/you-will-adjust-new-normal\/607873\/\" target=\"_blank\" rel=\"noopener noreferrer\"><b><i>Atlantic<\/i><\/b><\/a>,\u00a0 <a href=\"https:\/\/www.forbes.com\/sites\/jeannemeister\/2020\/03\/31\/the-impact-of-the-coronavirus-on-hr-and-the-new-normal-of-work\/#11e133a82b60\" target=\"_blank\" rel=\"noopener noreferrer\"><b><i>Forbes<\/i><\/b><\/a>, etal., sondern auch im IWF und <a href=\"https:\/\/www.euro.who.int\/en\/media-centre\/sections\/statements\/2020\/statement-transition-to-a-new-normal-during-the-covid-19-pandemic-must-be-guided-by-public-health-principles\" target=\"_blank\" rel=\"noopener noreferrer\"><b>der Weltbank-Gruppe<\/b><\/a>, im <a href=\"https:\/\/www.weforum.org\/agenda\/2020\/04\/13-april-who-briefing-coronavirus-covid19-lockdown-restrictions-guidance\/\" target=\"_blank\" rel=\"noopener noreferrer\"><b>WEF<\/b><\/a>, der <a href=\"https:\/\/www.un.org\/africarenewal\/news\/coronavirus\/new-normal-un-lays-out-roadmap-lift-economies-and-save-jobs-after-covid-19\" target=\"_blank\" rel=\"noopener noreferrer\"><b>UN<\/b><\/a>, der <a href=\"https:\/\/www.euro.who.int\/en\/media-centre\/sections\/statements\/2020\/statement-transition-to-a-new-normal-during-the-covid-19-pandemic-must-be-guided-by-public-health-principles\" target=\"_blank\" rel=\"noopener noreferrer\"><b>WHO<\/b><\/a>, im <a href=\"https:\/\/www.msnbc.com\/stephanie-ruhle\/watch\/former-cdc-director-we-need-a-new-normal-82203717892\" target=\"_blank\" rel=\"noopener noreferrer\"><b>CDC<\/b><\/a> sowie auf Blogs von\u00a0 <a href=\"https:\/\/www.worldathletics.org\/news\/news\/coronavirus-updates-athletics-1\" target=\"_blank\" rel=\"noopener noreferrer\"><b>sportlichen Organisationen<\/b><\/a>, globalen <a href=\"https:\/\/www.mckinsey.com\/industries\/healthcare-systems-and-services\/our-insights\/beyond-coronavirus-the-path-to-the-next-normal\" target=\"_blank\" rel=\"noopener noreferrer\"><b>Management-Beratungsfirmen<\/b><\/a>, auf <a href=\"https:\/\/diversecharters.org\/march-2020-update-a-new-normal\/\" target=\"_blank\" rel=\"noopener noreferrer\"><b>Webseites von Schulen<\/b><\/a>, und in zuf\u00e4llig ausgesuchten <a href=\"https:\/\/www.youtube.com\/watch?v=mpn4j6xVRro\" target=\"_blank\" rel=\"noopener noreferrer\"><b>YouTube-Videos<\/b><\/a>.<\/p>\n<p>\u201eDer Slogan wurde in den letzten sechs Monaten unerm\u00fcdlich wiederholt (genau wie es im Lehrbuch zur Einf\u00fchrung einer auf L\u00fcgen basierenden totalit\u00e4re Ideologie steht.) Wir haben es so oft geh\u00f6rt, dass viele von uns vergessen haben, wie wahnsinnig diese Idee ist, dass die grundlegende Struktur der Gesellschaft aufgrund eines Virus, der keine Bedrohung f\u00fcr die \u00fcberwiegende Mehrheit der menschlichen Spezies darstellt, drastisch und unwiderruflich ver\u00e4ndert werden muss.\u201c<\/p>\n<p>\u201eDie Neue Normalit\u00e4t\u201c ist eine klassische totalit\u00e4re Bewegung und es ist ihr Ziel, die Gesellschaft radikal, v\u00f6llig zu transformieren, \u2026. und die vollst\u00e4ndige Kontrolle \u00fcber alles und jeden Gedanken, jede Emotion und jede menschliche Interaktion zu etablieren. \u2026 Die Angst vor Krankheiten, Infektionen und Tod und die obsessive Aufmerksamkeit f\u00fcr Gesundheitsfragen werden jeden Aspekt des Lebens dominieren. Paranoide Propaganda und ideologische Konditionierung werden allgegenw\u00e4rtig und konstant vorhanden sein. Die Gesellschaft der totalit\u00e4ren Neuen Normalit\u00e4t wird von Angst und Konformit\u00e4t durchdrungen sein\u201c, soweit der in Berlin lebende Mr. Hopkins.<\/p>\n<p>Tats\u00e4chlich hat das ideologisches Programm der \u201eEliten\u201c so gut wie nichts mit einem t\u00f6dlichen Virus in Form einer apokalyptische Pandemie zu tun, wie das die Medien mit ihren vielen Bez\u00fcgen zur Pest oder der Spanischen Grippe der Bev\u00f6lkerung einzufl\u00fcstern zu versuchen. Vielmehr haben die neoliberalen Eliten von Anfang an darauf abgezielt, den Corona-Virus als trojanisches Pferd zur Einf\u00fchrung der totalit\u00e4ren \u201eNeuen Normalit\u00e4t\u201c zu nutzen. In diesem neuen Gesellschaftsmodell k\u00f6nnen die Eliten des parteipolitischen Einheitsbreis alternativlos vorantreiben. Sie bestimmen, wo es lang geht, sei es bei Corona, bei CO2 und dem Klima oder welche offiziellen Verschw\u00f6rungsm\u00e4rchen wir zu glauben haben, vom 11. September bis zur Vergiftung der Skripals im englischen Salisbury und jetzt ganz aktuell des Herrn Navalny mit dem absolut t\u00f6dlichen Nowitschock, dessen Ermordung der russische Pr\u00e4sident Putin h\u00f6chstpers\u00f6nlich angeordnet habe.<\/p>\n<p>Wer gegen diese \u201eNeue Normalit\u00e4t\u201c aufbegehrt und alternative politische oder sozialpolitische Vorstellungen debattieren m\u00f6chte, findet weder im Einheits-Parteienapparat noch in den etablierten Medien ein Forum. Wer anders denkt als die offizielle Linie und das \u00f6ffentlich \u00e4u\u00dfert, ist entweder ein Nazi, Aluhut, Verschw\u00f6rungstheoretiker, UFO-Anh\u00e4nger oder anderswie verr\u00fcckt oder b\u00f6se. Jedenfalls ist er oder sie kein vollwertiges Mitglied der Gesellschaft mehr. Solche Leute geh\u00f6ren und werden schon jetzt ausgegrenzt, diffamiert. Nicht selten verlieren sie ihren Job oder werden sonst wie diszipliniert, nicht nur hier bei uns in Deutschland, sondern in allen vom Neoliberalismus immer noch beherrschten L\u00e4ndern des Westens.<\/p>\n<p>Aber Dank der modernen Elektronik ist es heute m\u00f6glich, Nachrichten und Analysen, die zuvor nicht auf ihre staatlich verordnete, politische Korrektheit gefiltert worden sind, massenhaft im Volk zu verbreiten. Dadurch hat sich an der Basis eine breit gef\u00e4cherte Opposition aus allen Schichten der Bev\u00f6lkerung gegen die Merkel-Demokratur gebildet. Diese Opposition richtet sich nicht gegen eine spezifische Regierungspartei, sondern gegen den angeblich alternativlosen Kurs des neoliberalen Einheitsbreis, den die etablierten politischen Parteien von CDU\/CSU\/SPD \u00fcber FDP und Gr\u00fcne bis hin zu den meisten Linken verk\u00f6rpern. Daher stehen die Vertreter dieser Parteien auch geschlossen hinter dem System Merkel, wenn es gegen die au\u00dferparlamentarische Opposition geht, wie bei der Gro\u00df-Demo am 29. August.<\/p>\n<p>Und tats\u00e4chlich geht von dieser heterogenen, au\u00dferparlamentarischen Opposition auf den Stra\u00dfen und Pl\u00e4tzen unseres Landes allein auf Grund ihrer Existenz eine echte Gefahr f\u00fcr die Herrschaft der Eliten der Merkel-Demokratur aus. Diese bef\u00fcrchten zu Recht, dass sie zunehmend ihr Informationsmonopol verlieren und die Manipulation der Massen schwieriger wird. Konkret l\u00e4sst sich nachweisen, dass es inzwischen in einer ganzen Reihe von L\u00e4ndern eine medizin-wissenschaftliche Entwarnung gegeben hat bez\u00fcglich der Letalit\u00e4t (der T\u00f6dlichkeit) und des Umfangs der Covid-Erkrankungen und diese Nachrichten von den interessierten Kreisen nicht unterdr\u00fcckt werden konnten.<\/p>\n<h5>Corona-Tote \u2013 Doppelz\u00e4hlung und in betr\u00fcgerischer Absicht gef\u00e4lschte Statistiken<\/h5>\n<p>Unter der \u00dcberschrift \u201eBritische Beamte ertappt, wie sie auf dem H\u00f6hepunkt der \u201aPandemie\u2018 die Covid-Krankenhauszahlen aufgeblasen haben\u201c machte am 22.08. 20 ein Bericht von <a href=\"https:\/\/21stcenturywire.com\/2020\/08\/21\/revealed-uk-officials-inflated-covid-hospital-numbers-at-height-of-pandemic\/\"><i>21stCenturyWire<\/i><\/a> von sich reden. Wegen der ungew\u00f6hnlich hohen Infektionszahlen in Gro\u00dfbritannien waren schon lange Unregelm\u00e4\u00dfigkeiten vermutet worden. Dem Bericht zufolge sind nun neue Erkenntnisse aufgetaucht, die zeigen, dass die Krankenhauseinweisungen f\u00fcr COVID-19 im Vereinigten K\u00f6nigreich w\u00e4hrend des H\u00f6hepunkts der Krise im April stark \u201e\u00fcbertrieben\u201c worden waren. Es scheint, \u201edass Patienten, die wegen anderer Krankheiten aufgenommen wurden, in der Tat als Covid-Patienten in den statistischen Gesamtwerten der Regierung gez\u00e4hlt wurden.\u201c<\/p>\n<p>Dies war nicht das erste peinliche Eingest\u00e4ndnis von grober Manipulation der Corona-Infektionszahlen nach oben. \u00c4hnliche Enth\u00fcllungen \u00fcber zweifelhafte Zahlen in den offiziellen Corona-Statistiken der Regierung hatte es schon fr\u00fcher gegeben. W\u00f6rtlich hei\u00dft es: in dem Bericht: \u201eAllesamt haben sie (die falschen Statistiken) entscheidend dazu beigetragen, der \u00d6ffentlichkeit den falschen Eindruck zu vermitteln, dass es mehr Covid-Tote gab, als tats\u00e4chlich gestorben waren. Bereits im Juli dieses Jahres musste der britische Gesundheitsminister Matt Hancock zugeben, dass Daten von der \u00d6ffentlichen Gesundheitsbeh\u00f6rde England \u00fcber Corona-Todesf\u00e4lle in betr\u00fcgerischer Absicht gef\u00e4lscht wurden, wodurch es zu einer effektiven <a href=\"https:\/\/21stcenturywire.com\/2020\/07\/17\/uk-government-panicking-as-fraudulent-covid-death-count-is-revealed\/\"><b>\u201eDoppelz\u00e4hlung\u201c der Todesf\u00e4lle<\/b><\/a> kam\u201c.<\/p>\n<p>Am 24. August meldete sich der wissenschaftliche Berater der britischen Regierung, der eminente Experte f\u00fcr Infektionskrankheiten Professor Mark Woolhouse von der Universit\u00e4t Edinburgh, um herbe Kritik an den anti-Corona-Ma\u00dfnahmen der Regierung zu \u00fcben. Laut <a href=\"https:\/\/summit.news\/2020\/08\/24\/uk-government-scientist-admits-lockdown-was-a-monumental-mistake-on-a-global-scale\/\">Summit News<\/a> sagt er: \u201eDer Lockdown war eine Panikma\u00dfnahme, und ich glaube, die Geschichte wird sagen, dass der Versuch, Covid-19 durch Lockdown zu kontrollieren, ein monumentaler Fehler auf globaler Ebene war, die Heilung war schlimmer als die Krankheit\u201c.<\/p>\n<p>\u201eZudem war der Schaden, den die Schlie\u00dfung unseres Bildungssystems, unserer Gesundheitsvorsorge und unserer Wirtschaft und Gesellschaft angerichtet hat, mindestens so gro\u00df wie der Schaden, den COVID-19 angerichtet hat. Ich m\u00f6chte nie wieder einen nationalen Lock Down sehen\u201c, f\u00fcgte Woolhouse hinzu.<\/p>\n<p>Richard Sullivan, Professor f\u00fcr Krebs am King\u2018s College London, <a href=\"https:\/\/summit.news\/2020\/04\/23\/professor-warns-cancer-deaths-due-to-covid-disruption-will-be-greater-than-deaths-from-coronavirus\/\">warnte<\/a> zuvor, dass es wegen des Corona Lockdowns in den n\u00e4chsten 5 Jahren mehr Todesf\u00e4lle durch verpasste Krebsbehandlungen geben werde, als die Zahl der Menschen, die Dank des Lockdowns von Covid-19 verschont geblieben sind.<\/p>\n<p>Zugleich zeigte eine im Juli dieses Jahres durchgef\u00fchrte <a href=\"https:\/\/summit.news\/2020\/08\/05\/survey-americans-think-coronavirus-has-killed-30-million-people-in-the-u-s-225-times-higher-than-actual-figure\/\">Umfrage<\/a>, wie sehr die von Medien und Politikern gesch\u00fcrte Corona-Hysterie die Briten dahingehend manipuliert hat, dass sie glaubten, von einer mit der Pest vergleichbaren Pandemie heimgesucht zu werden. Die Umfrage ergab n\u00e4mlich, dass die Menschen glaubten, dass 7 Prozent der Bev\u00f6lkerung, also 5 Millionen Briten durch COVID-19 get\u00f6tet worden waren.<\/p>\n<h5>Der Komorbidit\u00e4ten Bericht aus den USA<\/h5>\n<p>Auch in den USA setzt sich so langsam in der Bev\u00f6lkerung die Erkenntnis durch, dass mit Blick auf die bevorstehenden Pr\u00e4sidentschaftswahlen die teils hysterische Angst vor dem Corona-Virus von den Gegnern der Trump-Administration in Politik und Medien systematisch gesch\u00fcrt wurde, um Trump schlecht aussehen zu lassen. Denn der setzt im Gegenteil zu den Demokraten auf die schwedische Strategie der Herdenimmunit\u00e4t und er weigert sich, die US-Wirtschaft mit einem Lock Down komplett zugrunde zu richten.<\/p>\n<p>Die j\u00fcngsten Entwicklungen scheinen Trump diesbez\u00fcglich Recht zu geben, denn die neuen Covid-19 F\u00e4lle, die eine Behandlung im Krankenhaus erfordern oder sogar mit dem Tod enden, sind in den letzten Wochen dramatisch zur\u00fcckgegangen. Diese Entwicklung versuchen die Demokraten und die ihnen verbundenen Medien m\u00f6glichst vor der US-\u00d6ffentlichkeit zu verheimlichen.<\/p>\n<p>Die politische Instrumentalisierung der Deutungshoheit \u00fcber den Corona-Virus hat im US-Wahlkampf geradezu groteske Z\u00fcge angenommen, wie man beispielhaft an dem Polit-Zirkus ersehen kann, der um die Ver\u00f6ffentlichung von Covid-19 Sterblichkeitsdaten durch das US-Nationale Zentrum f\u00fcr Gesundheitsstatistik (National Center for Health Statistics \u2013 NCHS) am <a href=\"https:\/\/www.cdc.gov\/nchs\/nvss\/vsrr\/covid_weekly\/index.htm?fbclid=IwAR3-wrg3tTKK5-9tOHPGAHWFVO3DfslkJ0KsDEPQpWmPbKtp6EsoVV2Qs1Q&amp;_ga=2.83596054.1497558416.1598967201-386365132.1598967194#Comorbidities\">26. August <\/a>veranstaltet wurde. Das NCHS steht unter Leitung des US-Zentrums f\u00fcr Seuchenkontrolle, das eine \u00e4hnliche Funktionen erf\u00fcllt wie das Robert Koch Institut hierzulande.<\/p>\n<p>In dem Bericht des NCHS hei\u00dft es unter der \u00dcberschrift Komorbidit\u00e4ten, dass nur bei 6 Prozent der als COVID-19 deklarierten Todesf\u00e4lle der Corona-Virus die einzige genannte Ursache war. Bei den \u00fcbrigen 94 Prozent der als Covid-19 registrierten Todesf\u00e4lle \u201egab es im Durchschnitt 2,6 zus\u00e4tzliche, schwere Erkrankungen oder Ursachen f\u00fcr den Tod\u201d. (Die Anzahl der Todesf\u00e4lle bei jeder Erkrankung oder Ursache wird f\u00fcr alle Todesf\u00e4lle und Altersgruppen in einer <a href=\"https:\/\/www.cdc.gov\/nchs\/nvss\/vsrr\/covid_weekly\/index.htm?fbclid=IwAR3-wrg3tTKK5-9tOHPGAHWFVO3DfslkJ0KsDEPQpWmPbKtp6EsoVV2Qs1Q&amp;_ga=2.83596054.1497558416.1598967201-386365132.1598967194#Comorbidities\">gesonderten Tabelle<\/a> angezeigt, siehe Link). Chronische Lungenerkrankungen, Bluthochdruck, und vor allem Grippe-Erkrankungen waren in Verbindung mit einem sehr hohen Alter bei schwer erkrankter Covid-19-Patienten die h\u00e4ufigsten Killer.<\/p>\n<p>Diese Nachricht \u00fcber die Komorbit\u00e4t der Corona-Opfer machte in den so genannten \u201cSozialen Medien\u201d der USA schnell die Runde. Auch Pr\u00e4sident Trump soll sie zwei Mal \u00fcber seinen Twitter Account verteilt haben, bevor die Zensur einsetzte und die Nachricht von den Seiten von Twitter, Facebook, etc. verschwand. Der Grund daf\u00fcr ist, dass sich diese Sozialen Medien im Wahlkampf ganz offen auf Seiten der Demokraten gegen Trump positioniert haben.<\/p>\n<h5>Zum Schluss noch ein Blick auf die Herdenimmunit\u00e4t in Schweden<\/h5>\n<p>Schweden, eines der wenigen L\u00e4nder Europas, das nicht auf den Zug der von Regierungen und Medien gesch\u00fcrten Corona-Angsthysterie aufgesprungen ist, und das trotzdem auf weiterhin sinkende COVID-19-Infektionsraten verweisen kann. Das nordische Land braucht angeblich auch keine zweite Corona-Welle zu bef\u00fcrchten. Nach einem Bericht von <a href=\"https:\/\/www.marketwatch.com\/story\/sweden-has-developed-herd-immunity-after-refusing-to-lock-down-experts-claim-its-coronavirus-infection-rate-is-falling-2020-08-24\"><i>MarketWatch<\/i><\/a> haben f\u00fchrende Gesundheitsexperten darauf hingewiesen, dass die Entscheidung des Landes, nur eine leichte Form von Hygienema\u00dfnahmen einzuf\u00fchren und die Wirtschaft und Gesellschaft nicht durch ein scharfes Lockdown zu zerst\u00f6ren, erfolgreich war und zu einer Herdenimmunit\u00e4t gef\u00fchrt hat.<\/p>\n<p>\u00c4hnliche Nachrichten wie die eben zitierten kommen aus vielen anderen L\u00e4ndern Europas. Die l\u00e4hmende Angst weicht. Die \u201eEliten\u201c verlieren zunehmend die Kontrolle \u00fcber das Narrativ vom t\u00f6dlichen Virus. Und schon werden Fragen gestellt, was passiert, wenn sich herausstellt, dass die Panik, die v\u00f6llig \u00fcberzogenen Eingriffe in unsere Freiheitsrechte, sowie der wirtschaftliche Lock Down mit seinen schlimmen Folgen, alles nicht n\u00f6tig gewesen w\u00e4re?<\/p>\n<h5>St\u00fcrzt die Bundesregierung \u00fcber Corona<\/h5>\n<p>Bereits am 20. August titelten die Deutschen Wirtschaftsnachrichten: \u201e<a href=\"https:\/\/deutsche-wirtschafts-nachrichten.de\/505909\/Corona-Fehlalarm-Wenn-die-Bundesregierung-sich-geirrt-hat-wird-sie-stuerzen\">Corona-Fehlalarm<\/a>. \u2013 Wenn die Bundesregierung sich geirrt hat, wird sie st\u00fcrzen\u201c. Weiter hei\u00dft es: \u201eWenn sich der Verdacht erh\u00e4rten sollte, dass der wirtschaftssch\u00e4dliche Corona-Lockdown falsch gewesen ist, wird die Bundesregierung gro\u00dfe Probleme bekommen.\u201c Das d\u00fcrfte denn auch der eigentliche Grund sein, warum das ganze System Merkel mitsamt Politikern und Medien einen totalen Krieg gegen alle f\u00fchren, die wie die Querdenker und andere Protestgruppen vor den Augen der \u00d6ffentlichkeit den korrupten Corona-Zirkus entlarven.<\/p>\n<p>Die wirklich schweren wirtschaftlichen und sozialen Verwerfungen infolge des Corona-Lockdowns werden erst Anfang des n\u00e4chsten Jahres richtig sichtbar werden, wenn die erhoffte V-f\u00f6rmige Erholung der Wirtschaft ausgeblieben ist, und die Gelddruckmaschine, die das System aktuell noch \u00fcber Wasser h\u00e4lt, nicht ewig weiter machen kann. Vor diesem Hintergrund ist zu erwarten, dass das System Merkel alle Meinungs\u00e4u\u00dferungen, die vom offiziellen Narrativ abweichen, noch h\u00e4rter bek\u00e4mpfen wird als bisher.<\/p>\n<p style=\"text-align: right;\"><em>Rainer Rupp ist Mitglied des Beirats des Deutschen Freidenker-Verbandes<\/em><\/p>\n<p><span style=\"font-size: 10pt;\">Link zur Erstver\u00f6ffentlichung bei KenFM: <a href=\"https:\/\/kenfm.de\/die-totalitaere-neue-normalitaet-von-rainer-rupp\/\" target=\"_blank\" rel=\"noopener noreferrer\">https:\/\/kenfm.de\/die-totalitaere-neue-normalitaet-von-rainer-rupp\/<\/a><\/span><\/p>\n<hr \/>\n<p><span style=\"font-size: 10pt;\">Bild: <span class=\"mw-mmv-title\">Demonstration gegen die Schutzma\u00dfnahmen gegen das Coronavirus\u00a0 am 1. August 2020 in Berlin.<\/span><br \/>\nFoto: Leonhard Lenz &#8211; CCO<br \/>\nQuelle: <a href=\"https:\/\/commons.wikimedia.org\/w\/index.php?curid=92824958\" target=\"_blank\" rel=\"noopener noreferrer\">https:\/\/commons.wikimedia.org\/w\/index.php?curid=92824958<\/a><br \/>\n<\/span><\/p>\n","protected":false},"excerpt":{"rendered":"<p><b>Kommentar von Rainer Rupp<\/b><br \/>\nSelbst vielen Gegnern der Demonstration und Massenkundgebung der Querdenker in Berlin vom 29. August gehen die giftigen, pauschalen Verurteilungen dieser aus allen Schichten der Bev\u00f6lkerung entstandenen Opposition durch die selbstgef\u00e4lligen Politiker der etablierten Parteien zu weit. Das zeigte sich in den vielen hastig organisierten Talk-Runden, die in den letzten Tagen die Radio- und Fernsehsendungen f\u00fcllten. Hastig organisiert deshalb, weil sich unter den eingeladenen G\u00e4sten \u00f6fters Menschen befanden, die an dem Tag in Berlin gewesen waren und die Demos beobachtet hatten. Sie kamen nicht zu dem im Voraus festgelegten Ergebnis, dass bei der Demo \u00fcberall nur Nazis waren.<\/p>\n","protected":false},"author":3,"featured_media":8596,"comment_status":"closed","ping_status":"closed","sticky":false,"template":"","format":"standard","meta":{"colormag_page_container_layout":"default_layout","colormag_page_sidebar_layout":"default_layout","advanced_seo_description":"","jetpack_seo_html_title":"","jetpack_seo_noindex":false,"jetpack_post_was_ever_published":false,"footnotes":""},"categories":[12],"tags":[409,1256,1273,411,277,1194,637],"class_list":["post-8594","post","type-post","status-publish","format-standard","has-post-thumbnail","hentry","category-demokratie-medien-aufklaerung","tag-berlin","tag-corona-virus","tag-demokratische-grundrechte","tag-demonstration","tag-holocaust","tag-opposition","tag-propaganda"],"jetpack_featured_media_url":"https:\/\/i0.wp.com\/www.freidenker.org\/fw17\/wp-content\/uploads\/2020\/09\/Conspiracy_theorist_protest_Berlin_2020-08-01_53_800x450.jpg?fit=800%2C450&ssl=1","jetpack_shortlink":"https:\/\/wp.me\/p9stpK-2eC","jetpack-related-posts":[{"id":9078,"url":"https:\/\/www.freidenker.org\/?p=9078","url_meta":{"origin":8594,"position":0},"title":"Medizin gegen politischen Brechreiz","author":"Webredaktion","date":"25. Dezember 2020","format":false,"excerpt":"Ein Kommentar von Rainer Rupp Bei KenFM werden die Gr\u00fcnde f\u00fcr das erneut weitverbreitete und wachsende politische Unwohlsein in unserem Land regelm\u00e4\u00dfig thematisiert. Gegen einen dieser Gr\u00fcnde, n\u00e4mlich gegen die irrationale und den Interessen unseres Landes zuwiderlaufende Aggressivit\u00e4t der Bundesregierung gegen Russland, schlage ich im zweiten Teil der heutigen Tagesdosis\u2026","rel":"","context":"In &quot;Frieden - Antifaschismus - Solidarit\u00e4t&quot;","block_context":{"text":"Frieden - Antifaschismus - Solidarit\u00e4t","link":"https:\/\/www.freidenker.org\/?cat=13"},"img":{"alt_text":"","src":"https:\/\/i0.wp.com\/www.freidenker.org\/fw17\/wp-content\/uploads\/2020\/12\/putin_veteranen_kremlin_800x450.jpg?fit=800%2C450&ssl=1&resize=350%2C200","width":350,"height":200,"srcset":"https:\/\/i0.wp.com\/www.freidenker.org\/fw17\/wp-content\/uploads\/2020\/12\/putin_veteranen_kremlin_800x450.jpg?fit=800%2C450&ssl=1&resize=350%2C200 1x, https:\/\/i0.wp.com\/www.freidenker.org\/fw17\/wp-content\/uploads\/2020\/12\/putin_veteranen_kremlin_800x450.jpg?fit=800%2C450&ssl=1&resize=525%2C300 1.5x, https:\/\/i0.wp.com\/www.freidenker.org\/fw17\/wp-content\/uploads\/2020\/12\/putin_veteranen_kremlin_800x450.jpg?fit=800%2C450&ssl=1&resize=700%2C400 2x"},"classes":[]},{"id":8566,"url":"https:\/\/www.freidenker.org\/?p=8566","url_meta":{"origin":8594,"position":1},"title":"Gates-Stiftung kauft von den Medien wohlwollende Berichterstattung","author":"Webredaktion","date":"31. August 2020","format":false,"excerpt":"Kommentar von Rainer Rupp Das US-Medien-Magazin \u201eColumbia Journalism Review (CJR)\u201c ... findet \u2013 ebenso wir die anderen blinden H\u00fchner New York Times, Washington Post und der CCN-Fake News Sender \u2013 hin und wieder auch ein Korn Wahrheit. Das war j\u00fcngst der Fall, als am 21. August Tim Schwab im CJR-Magazin\u2026","rel":"","context":"In &quot;Demokratie \u2013 Medien \u2013 Aufkl\u00e4rung&quot;","block_context":{"text":"Demokratie \u2013 Medien \u2013 Aufkl\u00e4rung","link":"https:\/\/www.freidenker.org\/?cat=12"},"img":{"alt_text":"","src":"https:\/\/i0.wp.com\/www.freidenker.org\/fw17\/wp-content\/uploads\/2020\/08\/dollar-1968710_800x450.jpg?fit=800%2C450&ssl=1&resize=350%2C200","width":350,"height":200,"srcset":"https:\/\/i0.wp.com\/www.freidenker.org\/fw17\/wp-content\/uploads\/2020\/08\/dollar-1968710_800x450.jpg?fit=800%2C450&ssl=1&resize=350%2C200 1x, https:\/\/i0.wp.com\/www.freidenker.org\/fw17\/wp-content\/uploads\/2020\/08\/dollar-1968710_800x450.jpg?fit=800%2C450&ssl=1&resize=525%2C300 1.5x, https:\/\/i0.wp.com\/www.freidenker.org\/fw17\/wp-content\/uploads\/2020\/08\/dollar-1968710_800x450.jpg?fit=800%2C450&ssl=1&resize=700%2C400 2x"},"classes":[]},{"id":11044,"url":"https:\/\/www.freidenker.org\/?p=11044","url_meta":{"origin":8594,"position":2},"title":"Die Renaissance der Kohlekraftwerke","author":"Webredaktion","date":"14. August 2021","format":false,"excerpt":"Kommentar von Rainer Rupp Totgesagte leben l\u00e4nger. Das scheint auch beim angeblichen Klima-Killer Kohle der Fall zu sein. Denn inmitten all des Geredes \u00fcber die angeblich menschen-gemachte globale Erw\u00e4rmung ist das kurzzeitig in gr\u00fcnen Verruf gekommene \u201eschwarze Gold\u201c von den Kohlekraftwerken so begehrt wie schon lange nicht mehr. Angesichts der\u2026","rel":"","context":"In &quot;Arbeit &amp; Soziales&quot;","block_context":{"text":"Arbeit &amp; Soziales","link":"https:\/\/www.freidenker.org\/?cat=11"},"img":{"alt_text":"","src":"https:\/\/i0.wp.com\/www.freidenker.org\/fw17\/wp-content\/uploads\/2021\/08\/kohlekraftwerk-2411932_800x450.jpg?fit=800%2C450&ssl=1&resize=350%2C200","width":350,"height":200,"srcset":"https:\/\/i0.wp.com\/www.freidenker.org\/fw17\/wp-content\/uploads\/2021\/08\/kohlekraftwerk-2411932_800x450.jpg?fit=800%2C450&ssl=1&resize=350%2C200 1x, https:\/\/i0.wp.com\/www.freidenker.org\/fw17\/wp-content\/uploads\/2021\/08\/kohlekraftwerk-2411932_800x450.jpg?fit=800%2C450&ssl=1&resize=525%2C300 1.5x, https:\/\/i0.wp.com\/www.freidenker.org\/fw17\/wp-content\/uploads\/2021\/08\/kohlekraftwerk-2411932_800x450.jpg?fit=800%2C450&ssl=1&resize=700%2C400 2x"},"classes":[]},{"id":9722,"url":"https:\/\/www.freidenker.org\/?p=9722","url_meta":{"origin":8594,"position":3},"title":"Die Wurzeln des Neuen Kalten Kriegs gegen Russland","author":"Webredaktion","date":"25. M\u00e4rz 2021","format":false,"excerpt":"Ein Kommentar von Rainer Rupp Um die Urspr\u00fcnge und Ursachen des \u201eNeuen Kalten Kriegs\u201c gegen Russland zu verstehen, m\u00fcssen wir zur\u00fcck in die Jahre 1990\/1991. Das war die Zeit, in der die Vereinigten Staaten als einzige verbliebene Supermacht damit begannen, ihre Vision f\u00fcr die postsowjetische Welt zu formulieren, die entsprechenden\u2026","rel":"","context":"In &quot;Frieden - Antifaschismus - Solidarit\u00e4t&quot;","block_context":{"text":"Frieden - Antifaschismus - Solidarit\u00e4t","link":"https:\/\/www.freidenker.org\/?cat=13"},"img":{"alt_text":"","src":"https:\/\/i0.wp.com\/www.freidenker.org\/fw17\/wp-content\/uploads\/2021\/03\/tree-3309057_800x450.jpg?fit=800%2C450&ssl=1&resize=350%2C200","width":350,"height":200,"srcset":"https:\/\/i0.wp.com\/www.freidenker.org\/fw17\/wp-content\/uploads\/2021\/03\/tree-3309057_800x450.jpg?fit=800%2C450&ssl=1&resize=350%2C200 1x, https:\/\/i0.wp.com\/www.freidenker.org\/fw17\/wp-content\/uploads\/2021\/03\/tree-3309057_800x450.jpg?fit=800%2C450&ssl=1&resize=525%2C300 1.5x, https:\/\/i0.wp.com\/www.freidenker.org\/fw17\/wp-content\/uploads\/2021\/03\/tree-3309057_800x450.jpg?fit=800%2C450&ssl=1&resize=700%2C400 2x"},"classes":[]},{"id":5849,"url":"https:\/\/www.freidenker.org\/?p=5849","url_meta":{"origin":8594,"position":4},"title":"Berlin und EU schleimen sich ein bei Trump","author":"Webredaktion","date":"12. Februar 2019","format":false,"excerpt":"In der Rubrik Tagesdosis wurde am 01.02.2019 bei KenFM der Beitrag \u201eBerlin und EU schleimen sich ein bei Trump\u201c von Rainer Rupp, Mitglied des Beirats des Deutschen Freidenker-Verbandes, ver\u00f6ffentlicht. Nur wenige Tage nach Bekanntwerden, dass Trump sich vergangenes Jahr bei seinen Beratern mehrmals dar\u00fcber ge\u00e4u\u00dfert hatte, aus der NATO aussteigen\u2026","rel":"","context":"In &quot;Demokratie \u2013 Medien \u2013 Aufkl\u00e4rung&quot;","block_context":{"text":"Demokratie \u2013 Medien \u2013 Aufkl\u00e4rung","link":"https:\/\/www.freidenker.org\/?cat=12"},"img":{"alt_text":"","src":"https:\/\/i0.wp.com\/www.freidenker.org\/fw17\/wp-content\/uploads\/2019\/02\/kenfm_berlin-eu-trump_800x445.jpg?fit=800%2C445&ssl=1&resize=350%2C200","width":350,"height":200,"srcset":"https:\/\/i0.wp.com\/www.freidenker.org\/fw17\/wp-content\/uploads\/2019\/02\/kenfm_berlin-eu-trump_800x445.jpg?fit=800%2C445&ssl=1&resize=350%2C200 1x, https:\/\/i0.wp.com\/www.freidenker.org\/fw17\/wp-content\/uploads\/2019\/02\/kenfm_berlin-eu-trump_800x445.jpg?fit=800%2C445&ssl=1&resize=525%2C300 1.5x, https:\/\/i0.wp.com\/www.freidenker.org\/fw17\/wp-content\/uploads\/2019\/02\/kenfm_berlin-eu-trump_800x445.jpg?fit=800%2C445&ssl=1&resize=700%2C400 2x"},"classes":[]},{"id":8894,"url":"https:\/\/www.freidenker.org\/?p=8894","url_meta":{"origin":8594,"position":5},"title":"Eine Alternative zum westlichen Neoliberalismus","author":"Webredaktion","date":"15. November 2020","format":false,"excerpt":"Ein Kommentar von Rainer Rupp. Bis zum 14. Dezember 2020, der Tag, an dem die Wahlm\u00e4nner der US-Bundesstaaten sich zum Electoral College versammeln und den US-Pr\u00e4sidenten f\u00fcr die n\u00e4chsten 4 Jahre w\u00e4hlen, sind es noch \u00fcber vier Wochen hin. Bis zu dem Zeitpunkt ist Joe Biden noch nicht Pr\u00e4sident, auch\u2026","rel":"","context":"In &quot;Demokratie \u2013 Medien \u2013 Aufkl\u00e4rung&quot;","block_context":{"text":"Demokratie \u2013 Medien \u2013 Aufkl\u00e4rung","link":"https:\/\/www.freidenker.org\/?cat=12"},"img":{"alt_text":"","src":"https:\/\/i0.wp.com\/www.freidenker.org\/fw17\/wp-content\/uploads\/2020\/11\/Putin_und_Jinping_800x450.jpg?fit=800%2C450&ssl=1&resize=350%2C200","width":350,"height":200,"srcset":"https:\/\/i0.wp.com\/www.freidenker.org\/fw17\/wp-content\/uploads\/2020\/11\/Putin_und_Jinping_800x450.jpg?fit=800%2C450&ssl=1&resize=350%2C200 1x, https:\/\/i0.wp.com\/www.freidenker.org\/fw17\/wp-content\/uploads\/2020\/11\/Putin_und_Jinping_800x450.jpg?fit=800%2C450&ssl=1&resize=525%2C300 1.5x, https:\/\/i0.wp.com\/www.freidenker.org\/fw17\/wp-content\/uploads\/2020\/11\/Putin_und_Jinping_800x450.jpg?fit=800%2C450&ssl=1&resize=700%2C400 2x"},"classes":[]}],"_links":{"self":[{"href":"https:\/\/www.freidenker.org\/index.php?rest_route=\/wp\/v2\/posts\/8594","targetHints":{"allow":["GET"]}}],"collection":[{"href":"https:\/\/www.freidenker.org\/index.php?rest_route=\/wp\/v2\/posts"}],"about":[{"href":"https:\/\/www.freidenker.org\/index.php?rest_route=\/wp\/v2\/types\/post"}],"author":[{"embeddable":true,"href":"https:\/\/www.freidenker.org\/index.php?rest_route=\/wp\/v2\/users\/3"}],"replies":[{"embeddable":true,"href":"https:\/\/www.freidenker.org\/index.php?rest_route=%2Fwp%2Fv2%2Fcomments&post=8594"}],"version-history":[{"count":0,"href":"https:\/\/www.freidenker.org\/index.php?rest_route=\/wp\/v2\/posts\/8594\/revisions"}],"wp:featuredmedia":[{"embeddable":true,"href":"https:\/\/www.freidenker.org\/index.php?rest_route=\/wp\/v2\/media\/8596"}],"wp:attachment":[{"href":"https:\/\/www.freidenker.org\/index.php?rest_route=%2Fwp%2Fv2%2Fmedia&parent=8594"}],"wp:term":[{"taxonomy":"category","embeddable":true,"href":"https:\/\/www.freidenker.org\/index.php?rest_route=%2Fwp%2Fv2%2Fcategories&post=8594"},{"taxonomy":"post_tag","embeddable":true,"href":"https:\/\/www.freidenker.org\/index.php?rest_route=%2Fwp%2Fv2%2Ftags&post=8594"}],"curies":[{"name":"wp","href":"https:\/\/api.w.org\/{rel}","templated":true}]}}