{"id":8571,"date":"2020-09-05T01:00:52","date_gmt":"2020-09-04T23:00:52","guid":{"rendered":"https:\/\/www.freidenker.org\/?p=8571"},"modified":"2020-09-27T10:56:08","modified_gmt":"2020-09-27T08:56:08","slug":"aufruf-haende-weg-von-belarus","status":"publish","type":"post","link":"https:\/\/www.freidenker.org\/?p=8571","title":{"rendered":"Aufruf: H\u00e4nde weg von Belarus!"},"content":{"rendered":"<p><em>Angesichts der gef\u00e4hrlichen Zuspitzung in Belarus und der damit wachsenden Kriegsgefahr haben Hans Bauer, Vorsitzender der Gesellschaft zur Rechtlichen und Humanit\u00e4ren Unterst\u00fctzung e.V., Patrik K\u00f6bele, Vorsitzender der Deutschen Kommunistischen Partei, Conny Renkl, Mitglied der Gruppe Kommunistische Arbeiterzeitung und Arnold Sch\u00f6lzel, Vorsitzender des Rotfuchs-F\u00f6rderverein e.V. gemeinsam einen friedenspolitischen Appell gestartet. Am vergangenen Wochenende [22.\/23.08.2020 &#8211; Anm. der Freidenker-Webredaktion] wurde er bereits von knapp 300 Unterst\u00fctzerinnen und Unterst\u00fctzern gezeichnet. Wir dokumentieren ihn im Folgenden und werden f\u00fcr den Antikriegstag Unterschriftenlisten f\u00fcr die Sammlung zur Verf\u00fcgung stellen.<\/em><\/p>\n<h4>H\u00e4nde weg von Belarus!<\/h4>\n<p>Die Auseinandersetzungen in Belarus sind eine innere Angelegenheit der Bev\u00f6lkerung von Belarus und seiner Regierung. Deshalb fordern wir:<\/p>\n<ul>\n<li>Keine Einmischung durch NATO, EU und Bundesrepublik. Die Auseinandersetzungen d\u00fcrfen weder zu einem weiteren Vorr\u00fccken von NATO und EU nach Osten, noch im Rahmen der friedensgef\u00e4hrdenden Einkreisungspolitik gegen\u00fcber der Russischen F\u00f6deration missbraucht werden.<\/li>\n<li>Keine Sanktionen gegen Belarus. Sanktionen dienen den Interessen des Imperialismus.<\/li>\n<li>Volk und Regierung in Belarus brauchen keine Ratgeber, die die Privatisierung \u00f6ffentlichen Eigentums, den Abbau von sozialen Leistungen oder von Einrichtungen und Leistungen der Daseinsvorsorge fordern. Ratgeber, wie der Internationale W\u00e4hrungsfonds, die Europ\u00e4ische Zentralbank beweisen in Vergangenheit und Gegenwart, dass es ihnen nicht um die Interessen der Menschen, sondern um die Interessen von Banken, Konzernen ihren Verb\u00e4nden und Institutionen geht.<\/li>\n<\/ul>\n<h5><strong>Erstunterzeichner\/innen sind unter anderem:<\/strong><\/h5>\n<p>Hans Bauer; Dr. Anne Becker; Dieter Becker; Dirk-Werner Benicke; Dr. Klaus Blessing; G\u00fcnter B\u00f6hm; Joachim Bonatz; Ursula B\u00f6tticher; Paul B\u00f6tticher; Manfred Brandt; Elke Brucks; Gerd Brucks; B\u00fcdler Brunhilde; Hans Buley; Vera Dehle-Th\u00e4lmann; Karin Dockhorn; Wolfgang Dockhorn; Werner Gro\u00df; M\u00e4nne Gr\u00fc\u00df; Iris Harnack; Klaus Hartmann; Willi Hofmeister; Gerd Hommel; Stefan Huth; Horst J\u00e4kel; Brigitte Kabbeck; Hans-Joachim Kahlke; Patrik K\u00f6bele; Lena Kreymann; Greta Lausch; G\u00fcnter Leo; Bruno Mahlow; Andreas Maluga; Gerhard Mertschenk; Wolfgang Metzger; Anja Mewes; Herbert M\u00fcnchow; Weber-Herzog Musiktheater; Mike Nagler; Cornelia Noack; Gina Pietsch; Max Renkl; Conny Renkl; Wera Richter; Silvia R\u00f6lle; Adrian Rudnich; Dr. Eva Ruppert; Werner Schleese; Wolfgang Schmidt; Arnold Sch\u00f6lzel; Renate Sch\u00f6nfeld; Torsten Sch\u00f6witz; G\u00fcnter Seidel; Brunhilde Steiniger; Joachim Traut; Wolfram Triller; Sandra Trotter; Iain Trotter; Dr. Matthias Werner; Peter Wozniak; Wiktor Zbigniew<\/p>\n<h5><strong>Jetzt unterschreiben und Unterschriften sammeln!<\/strong><\/h5>\n<p><img data-recalc-dims=\"1\" loading=\"lazy\" decoding=\"async\" data-attachment-id=\"1076\" data-permalink=\"https:\/\/www.freidenker.org\/?attachment_id=1076\" data-orig-file=\"https:\/\/i0.wp.com\/www.freidenker.org\/fw17\/wp-content\/uploads\/2017\/10\/pdf_icon-2.png?fit=32%2C32&amp;ssl=1\" data-orig-size=\"32,32\" data-comments-opened=\"0\" data-image-meta=\"{&quot;aperture&quot;:&quot;0&quot;,&quot;credit&quot;:&quot;&quot;,&quot;camera&quot;:&quot;&quot;,&quot;caption&quot;:&quot;&quot;,&quot;created_timestamp&quot;:&quot;0&quot;,&quot;copyright&quot;:&quot;&quot;,&quot;focal_length&quot;:&quot;0&quot;,&quot;iso&quot;:&quot;0&quot;,&quot;shutter_speed&quot;:&quot;0&quot;,&quot;title&quot;:&quot;&quot;,&quot;orientation&quot;:&quot;0&quot;}\" data-image-title=\"pdf_icon\" data-image-description=\"\" data-image-caption=\"\" data-large-file=\"https:\/\/i0.wp.com\/www.freidenker.org\/fw17\/wp-content\/uploads\/2017\/10\/pdf_icon-2.png?fit=32%2C32&amp;ssl=1\" class=\"alignnone size-full wp-image-1076\" src=\"https:\/\/i0.wp.com\/www.freidenker.org\/fw17\/wp-content\/uploads\/2017\/10\/pdf_icon-2.png?resize=32%2C32&#038;ssl=1\" alt=\"\" width=\"32\" height=\"32\" \/>\u00a0 <a href=\"https:\/\/www.unsere-zeit.de\/wp-content\/uploads\/2020\/08\/Aufruf_Haende_weg_von_Belarus.pdf\">Aufruf: H\u00e4nde weg von Belarus<\/a> (PDF-Dokument, ca. 193 KB)<\/p>\n<p>&nbsp;<\/p>\n<p><span style=\"font-size: 10pt;\">Erstver\u00f6ffentlichung des Aufrufes am 25.08.2020: <a href=\"https:\/\/www.unsere-zeit.de\/haende-weg-von-belarus-2-134261\/\" target=\"_blank\" rel=\"noopener noreferrer\">https:\/\/www.unsere-zeit.de\/haende-weg-von-belarus-2-134261\/<\/a><\/span><\/p>\n<hr \/>\n<p><span style=\"font-size: 10pt;\">Bildcollage: rlx<br \/>\n<\/span><\/p>\n","protected":false},"excerpt":{"rendered":"<p>Angesichts der gef\u00e4hrlichen Zuspitzung in Belarus und der damit wachsenden Kriegsgefahr haben Hans Bauer, Vorsitzender der Gesellschaft zur Rechtlichen und Humanit\u00e4ren Unterst\u00fctzung e.V., Patrik K\u00f6bele, Vorsitzender der Deutschen Kommunistischen Partei, Conny Renkl, Mitglied der Gruppe Kommunistische Arbeiterzeitung und Arnold Sch\u00f6lzel, Vorsitzender des Rotfuchs-F\u00f6rderverein e.V. gemeinsam einen <b>friedenspolitischen Appell<\/b> gestartet. &#8230;. H\u00e4nde weg von Belarus! Die Auseinandersetzungen in Belarus sind eine innere Angelegenheit der Bev\u00f6lkerung von Belarus und seiner Regierung. Deshalb fordern wir:<\/p>\n","protected":false},"author":3,"featured_media":8577,"comment_status":"closed","ping_status":"closed","sticky":false,"template":"","format":"standard","meta":{"colormag_page_container_layout":"default_layout","colormag_page_sidebar_layout":"default_layout","advanced_seo_description":"","jetpack_seo_html_title":"","jetpack_seo_noindex":false,"jetpack_post_was_ever_published":false,"footnotes":""},"categories":[13],"tags":[699,1312,182,335,56,222],"class_list":["post-8571","post","type-post","status-publish","format-standard","has-post-thumbnail","hentry","category-frieden-antifaschismus-solidaritaet","tag-aussenpolitik","tag-belarus","tag-eu","tag-frieden","tag-nato","tag-russland"],"jetpack_featured_media_url":"https:\/\/i0.wp.com\/www.freidenker.org\/fw17\/wp-content\/uploads\/2020\/09\/Haende_weg_von_Belarus_800x445.jpg?fit=800%2C450&ssl=1","jetpack_shortlink":"https:\/\/wp.me\/p9stpK-2ef","jetpack-related-posts":[{"id":8572,"url":"https:\/\/www.freidenker.org\/?p=8572","url_meta":{"origin":8571,"position":0},"title":"NATO, H\u00e4nde weg von Wei\u00dfrussland!","author":"Webredaktion","date":"5. September 2020","format":false,"excerpt":"Appell an die internationale \u00d6ffentlichkeit und das Volk von Belarus Als die NATO Serbien mit Raketen und Bomben bedeckte, war Alexander Lukaschenko der einzige Staatschef, der Belgrad besuchte und unsere Initiative zum Beitritt zur Union Russlands und Wei\u00dfrusslands unterst\u00fctzte. Das werden wir niemals vergessen. K\u00fcrzlich starteten dieselben NATO-Staaten eine hybride\u2026","rel":"","context":"In &quot;Frieden - Antifaschismus - Solidarit\u00e4t&quot;","block_context":{"text":"Frieden - Antifaschismus - Solidarit\u00e4t","link":"https:\/\/www.freidenker.org\/?cat=13"},"img":{"alt_text":"","src":"https:\/\/i0.wp.com\/www.freidenker.org\/fw17\/wp-content\/uploads\/2020\/09\/Lukaschenko_Milosevic_800x450.jpg?fit=800%2C450&ssl=1&resize=350%2C200","width":350,"height":200,"srcset":"https:\/\/i0.wp.com\/www.freidenker.org\/fw17\/wp-content\/uploads\/2020\/09\/Lukaschenko_Milosevic_800x450.jpg?fit=800%2C450&ssl=1&resize=350%2C200 1x, https:\/\/i0.wp.com\/www.freidenker.org\/fw17\/wp-content\/uploads\/2020\/09\/Lukaschenko_Milosevic_800x450.jpg?fit=800%2C450&ssl=1&resize=525%2C300 1.5x, https:\/\/i0.wp.com\/www.freidenker.org\/fw17\/wp-content\/uploads\/2020\/09\/Lukaschenko_Milosevic_800x450.jpg?fit=800%2C450&ssl=1&resize=700%2C400 2x"},"classes":[]},{"id":21649,"url":"https:\/\/www.freidenker.org\/?p=21649","url_meta":{"origin":8571,"position":1},"title":"Veranstaltungen: 80 Jahre Befreiung von Faschismus und Krieg","author":"Webredaktion","date":"2. Mai 2025","format":false,"excerpt":"Bis 1985 hat es in der Alt-BRD gedauert, bis der Jahrestag nicht mehr als Tag der Niederlage und der Schmach, sondernd der Befreiung galt. 2025 scheint das nicht mehr zu gelten. Dem Ende des 2. Weltkriegs wollen Bundesregierung und die EU ohne Befreier gedenken, Vertreter der Russischen F\u00f6deration und von\u2026","rel":"","context":"In &quot;Frieden - Antifaschismus - Solidarit\u00e4t&quot;","block_context":{"text":"Frieden - Antifaschismus - Solidarit\u00e4t","link":"https:\/\/www.freidenker.org\/?cat=13"},"img":{"alt_text":"","src":"https:\/\/i0.wp.com\/www.freidenker.org\/fw17\/wp-content\/uploads\/2025\/05\/Unsterbliches_Regiment_dfm_03_800x450.jpg?fit=800%2C450&ssl=1&resize=350%2C200","width":350,"height":200,"srcset":"https:\/\/i0.wp.com\/www.freidenker.org\/fw17\/wp-content\/uploads\/2025\/05\/Unsterbliches_Regiment_dfm_03_800x450.jpg?fit=800%2C450&ssl=1&resize=350%2C200 1x, https:\/\/i0.wp.com\/www.freidenker.org\/fw17\/wp-content\/uploads\/2025\/05\/Unsterbliches_Regiment_dfm_03_800x450.jpg?fit=800%2C450&ssl=1&resize=525%2C300 1.5x, https:\/\/i0.wp.com\/www.freidenker.org\/fw17\/wp-content\/uploads\/2025\/05\/Unsterbliches_Regiment_dfm_03_800x450.jpg?fit=800%2C450&ssl=1&resize=700%2C400 2x"},"classes":[]},{"id":5226,"url":"https:\/\/www.freidenker.org\/?p=5226","url_meta":{"origin":8571,"position":2},"title":"Friedensaktions-Konferenz am 07.07.2018 in Potsdam","author":"Webredaktion","date":"19. Juni 2018","format":false,"excerpt":"In diesen Zeiten ist es notwendig, dass alle friedensliebenden Menschen sich hierzulande zusammenschlie\u00dfen, um laut und deutlich zu sagen: Wir machen Eure Kriege nicht mit \u2013 wir widersetzen uns der NATO-Aufr\u00fcstung und -Kriegspropaganda gegen Russland! Wir wenden uns gegen eine Politik der Bundesregierung, die die Kriegsgefahr in Europa anwachsen l\u00e4sst\u2026","rel":"","context":"In &quot;Frieden - Antifaschismus - Solidarit\u00e4t&quot;","block_context":{"text":"Frieden - Antifaschismus - Solidarit\u00e4t","link":"https:\/\/www.freidenker.org\/?cat=13"},"img":{"alt_text":"","src":"https:\/\/i0.wp.com\/www.freidenker.org\/fw17\/wp-content\/uploads\/2018\/06\/FAK_Potsdam_2018_800x445.jpg?fit=810%2C456&ssl=1&resize=350%2C200","width":350,"height":200,"srcset":"https:\/\/i0.wp.com\/www.freidenker.org\/fw17\/wp-content\/uploads\/2018\/06\/FAK_Potsdam_2018_800x445.jpg?fit=810%2C456&ssl=1&resize=350%2C200 1x, https:\/\/i0.wp.com\/www.freidenker.org\/fw17\/wp-content\/uploads\/2018\/06\/FAK_Potsdam_2018_800x445.jpg?fit=810%2C456&ssl=1&resize=525%2C300 1.5x, https:\/\/i0.wp.com\/www.freidenker.org\/fw17\/wp-content\/uploads\/2018\/06\/FAK_Potsdam_2018_800x445.jpg?fit=810%2C456&ssl=1&resize=700%2C400 2x"},"classes":[]},{"id":8559,"url":"https:\/\/www.freidenker.org\/?p=8559","url_meta":{"origin":8571,"position":3},"title":"Tagesschau-Halali zum Abschuss Lukaschenkos","author":"Webredaktion","date":"25. August 2020","format":false,"excerpt":"Beitrag von Friedhelm Klinkhammer und Volker Br\u00e4utigam Der USA-EU-Westen, die Bundesregierung und der ihr angeschlossene \u00f6ffentlich-rechtliche Rundfunk sind unbestritten Sieger im Propagandakrieg gegen Wei\u00dfrusslands Pr\u00e4sidenten Lukaschenko. EU-Ratspr\u00e4sident Charles Michel blies die Fanfare: \u201eDie Wahlen in Belarus \u2026 entsprachen nicht internationalen Standards. Daher erkennen wir die Ergebnisse nicht an.\u201c (1) Und\u2026","rel":"","context":"In &quot;Demokratie \u2013 Medien \u2013 Aufkl\u00e4rung&quot;","block_context":{"text":"Demokratie \u2013 Medien \u2013 Aufkl\u00e4rung","link":"https:\/\/www.freidenker.org\/?cat=12"},"img":{"alt_text":"","src":"https:\/\/i0.wp.com\/www.freidenker.org\/fw17\/wp-content\/uploads\/2020\/08\/brest-4631882_800x450.jpg?fit=800%2C450&ssl=1&resize=350%2C200","width":350,"height":200,"srcset":"https:\/\/i0.wp.com\/www.freidenker.org\/fw17\/wp-content\/uploads\/2020\/08\/brest-4631882_800x450.jpg?fit=800%2C450&ssl=1&resize=350%2C200 1x, https:\/\/i0.wp.com\/www.freidenker.org\/fw17\/wp-content\/uploads\/2020\/08\/brest-4631882_800x450.jpg?fit=800%2C450&ssl=1&resize=525%2C300 1.5x, https:\/\/i0.wp.com\/www.freidenker.org\/fw17\/wp-content\/uploads\/2020\/08\/brest-4631882_800x450.jpg?fit=800%2C450&ssl=1&resize=700%2C400 2x"},"classes":[]},{"id":5859,"url":"https:\/\/www.freidenker.org\/?p=5859","url_meta":{"origin":8571,"position":4},"title":"H\u00e4nde weg von Venezuela!","author":"Webredaktion","date":"13. Februar 2019","format":false,"excerpt":"F\u00fcr den Frieden und die Souver\u00e4nit\u00e4t Lateinamerikas! Der Deutsche Freidenker-Verband ruft auf zur Teilnahme an der Solidarit\u00e4tskundgebung \"H\u00e4nde weg von Venezuela\" am 16. Februar 2019 in Berlin. Kommt alle! SCHLUSS MIT DEM TRUPPENAUFMARSCH AN DEN GRENZEN VENEZUELAS! SCHLUSS MIT DEN DROHUNGEN GEGEN DIE VERFASSUNGSM\u00c4\u00dfIGE REGIERUNG VON PR\u00c4SIDENT NICOL\u00c1S MADURO! GEGEN\u2026","rel":"","context":"In &quot;Frieden - Antifaschismus - Solidarit\u00e4t&quot;","block_context":{"text":"Frieden - Antifaschismus - Solidarit\u00e4t","link":"https:\/\/www.freidenker.org\/?cat=13"},"img":{"alt_text":"","src":"https:\/\/i0.wp.com\/www.freidenker.org\/fw17\/wp-content\/uploads\/2019\/02\/paz_venezuela_800x445.jpg?fit=800%2C445&ssl=1&resize=350%2C200","width":350,"height":200,"srcset":"https:\/\/i0.wp.com\/www.freidenker.org\/fw17\/wp-content\/uploads\/2019\/02\/paz_venezuela_800x445.jpg?fit=800%2C445&ssl=1&resize=350%2C200 1x, https:\/\/i0.wp.com\/www.freidenker.org\/fw17\/wp-content\/uploads\/2019\/02\/paz_venezuela_800x445.jpg?fit=800%2C445&ssl=1&resize=525%2C300 1.5x, https:\/\/i0.wp.com\/www.freidenker.org\/fw17\/wp-content\/uploads\/2019\/02\/paz_venezuela_800x445.jpg?fit=800%2C445&ssl=1&resize=700%2C400 2x"},"classes":[]},{"id":8743,"url":"https:\/\/www.freidenker.org\/?p=8743","url_meta":{"origin":8571,"position":5},"title":"Gedenken zum 75. Jahrestag des Elbe Day in Torgau","author":"Webredaktion","date":"6. Oktober 2020","format":false,"excerpt":"Am 25. April 1945 trafen sich in Torgau an der Elbe US-amerikanische und sowjetische Soldaten \u2013 ein Symbol f\u00fcr den milit\u00e4rischen Sieg der Streitkr\u00e4fte der Antihitlerkoalition \u00fcber den deutschen Faschismus. Die Soldaten der beiden Armeen versicherten sich, f\u00fcr die \u00c4chtung des Krieges und V\u00f6lkerfreundschaft einzutreten. Am 3. Oktober 2020 \u2013\u2026","rel":"","context":"In &quot;Frieden - Antifaschismus - Solidarit\u00e4t&quot;","block_context":{"text":"Frieden - Antifaschismus - Solidarit\u00e4t","link":"https:\/\/www.freidenker.org\/?cat=13"},"img":{"alt_text":"","src":"https:\/\/i0.wp.com\/www.freidenker.org\/fw17\/wp-content\/uploads\/2020\/10\/torgau_09_bea_800x450.jpg?fit=800%2C450&ssl=1&resize=350%2C200","width":350,"height":200,"srcset":"https:\/\/i0.wp.com\/www.freidenker.org\/fw17\/wp-content\/uploads\/2020\/10\/torgau_09_bea_800x450.jpg?fit=800%2C450&ssl=1&resize=350%2C200 1x, https:\/\/i0.wp.com\/www.freidenker.org\/fw17\/wp-content\/uploads\/2020\/10\/torgau_09_bea_800x450.jpg?fit=800%2C450&ssl=1&resize=525%2C300 1.5x, https:\/\/i0.wp.com\/www.freidenker.org\/fw17\/wp-content\/uploads\/2020\/10\/torgau_09_bea_800x450.jpg?fit=800%2C450&ssl=1&resize=700%2C400 2x"},"classes":[]}],"_links":{"self":[{"href":"https:\/\/www.freidenker.org\/index.php?rest_route=\/wp\/v2\/posts\/8571","targetHints":{"allow":["GET"]}}],"collection":[{"href":"https:\/\/www.freidenker.org\/index.php?rest_route=\/wp\/v2\/posts"}],"about":[{"href":"https:\/\/www.freidenker.org\/index.php?rest_route=\/wp\/v2\/types\/post"}],"author":[{"embeddable":true,"href":"https:\/\/www.freidenker.org\/index.php?rest_route=\/wp\/v2\/users\/3"}],"replies":[{"embeddable":true,"href":"https:\/\/www.freidenker.org\/index.php?rest_route=%2Fwp%2Fv2%2Fcomments&post=8571"}],"version-history":[{"count":0,"href":"https:\/\/www.freidenker.org\/index.php?rest_route=\/wp\/v2\/posts\/8571\/revisions"}],"wp:featuredmedia":[{"embeddable":true,"href":"https:\/\/www.freidenker.org\/index.php?rest_route=\/wp\/v2\/media\/8577"}],"wp:attachment":[{"href":"https:\/\/www.freidenker.org\/index.php?rest_route=%2Fwp%2Fv2%2Fmedia&parent=8571"}],"wp:term":[{"taxonomy":"category","embeddable":true,"href":"https:\/\/www.freidenker.org\/index.php?rest_route=%2Fwp%2Fv2%2Fcategories&post=8571"},{"taxonomy":"post_tag","embeddable":true,"href":"https:\/\/www.freidenker.org\/index.php?rest_route=%2Fwp%2Fv2%2Ftags&post=8571"}],"curies":[{"name":"wp","href":"https:\/\/api.w.org\/{rel}","templated":true}]}}