{"id":8566,"date":"2020-08-31T23:33:21","date_gmt":"2020-08-31T21:33:21","guid":{"rendered":"https:\/\/www.freidenker.org\/?p=8566"},"modified":"2020-09-27T10:55:47","modified_gmt":"2020-09-27T08:55:47","slug":"neue-untersuchung-gates-stiftung-kauft-medien-wohlgefallen","status":"publish","type":"post","link":"https:\/\/www.freidenker.org\/?p=8566","title":{"rendered":"Gates-Stiftung kauft von den Medien wohlwollende Berichterstattung"},"content":{"rendered":"<p>In der Rubrik <strong>Tagesdosis<\/strong> wurde am 28.08.2020 bei <a href=\"https:\/\/kenfm.de\/neue-untersuchung-gates-stiftung-kauft-medien-wohlgefallen-von-rainer-rupp\/\" target=\"_blank\" rel=\"noopener noreferrer\">KenFM<\/a> der Beitrag \u201e<strong>Neue Untersuchung: Gates-Stiftung kauft Medien Wohlgefallen\u201c <\/strong>von <em><strong>Rainer Rupp<\/strong><\/em>, Mitglied des Beirates des Deutschen Freidenker-Verbandes, ver\u00f6ffentlicht.<\/p>\n<p>Den Beitrag als Audio-Datei anh\u00f6ren:<\/p>\n<audio class=\"wp-audio-shortcode\" id=\"audio-8566-1\" preload=\"none\" style=\"width: 100%;\" controls=\"controls\"><source type=\"audio\/mpeg\" src=\"https:\/\/kenfm.de\/multimedia_kenfm\/podcast\/tagesdosis-20200828.mp3?_=1\" \/><a href=\"https:\/\/kenfm.de\/multimedia_kenfm\/podcast\/tagesdosis-20200828.mp3\">https:\/\/kenfm.de\/multimedia_kenfm\/podcast\/tagesdosis-20200828.mp3<\/a><\/audio>\n<p>&nbsp;<\/p>\n<p>Der Beitrag ist auch als Video verf\u00fcgbar:<br \/>\nKenTube: <a href=\"https:\/\/tube.kenfm.de\/videos\/watch\/d3d0256b-d05c-4306-929c-ed19060c7046\" target=\"_blank\" rel=\"noopener noreferrer\">https:\/\/tube.kenfm.de\/videos\/watch\/d3d0256b-d05c-4306-929c-ed19060c7046<\/a><br \/>\nYouTube: <a href=\"https:\/\/www.youtube.com\/watch?v=kdSQ88ae9Tk\" target=\"_blank\" rel=\"noopener noreferrer\">https:\/\/www.youtube.com\/watch?v=kdSQ88ae9Tk<\/a><\/p>\n<h4>Neue Untersuchung: Gates-Stiftung kauft von den Medien wohlwollende Berichterstattung \u2013 Tagesdosis 28.08.2020<\/h4>\n<p><em>Ein Kommentar <strong>von Rainer Rupp<\/strong><\/em><\/p>\n<p>Das US-Medien-Magazin \u201e<a href=\"https:\/\/www.cjr.org\/\" target=\"_blank\" rel=\"noopener noreferrer\">Columbia Journalism Review<\/a> (CJR)\u201c, das halbj\u00e4hrlich in Printversion erscheint und zwischenzeitlich online aufdatiert wird, ist ein Produkt der Journalistenschule \u201eColumbia School of Journalism\u201c, die Teil der renommierten Columbia University in New York ist. In der Vergangenheit hat sich das CJR-Journalismus Magazin nur selten vom Einheitsbrei abgehoben, der dem amerikanischen Volk Tag f\u00fcr Tag von den selbst ernannten, neo-liberalen \u201cQualit\u00e4tsmedien\u201d in den Rachen gestopft wird.<\/p>\n<p>Aber das CJR-Magazin findet \u2013 ebenso wir die anderen blinden H\u00fchner New York Times, Washington Post und der CCN-Fake News Sender \u2013 hin und wieder auch ein Korn Wahrheit. Das war j\u00fcngst der Fall, als am 21. August Tim Schwab im CJR-Magazin <a href=\"https:\/\/www.cjr.org\/criticism\/gates-foundation-journalism-funding.php\" target=\"_blank\" rel=\"noopener noreferrer\">einen Artikel<\/a> \u00fcber seine Recherche \u00fcber die finanzielle Einflussnahme der \u201eBill und Melinda Gates Stiftung\u201c auf die Medienberichterstattung \u00fcber die Stiftung in den USA, Europa und dar\u00fcber hinaus vorgelegt hat.<\/p>\n<p>Der investigative Journalist Schwab beginnt seinen Artikel mit einem starken Beispiel in Gestalt des \u201eNational Public Radio (NPR)\u201c, das einen USA-weiten Zusammenschluss von \u00f6ffentlichen und privat finanzierten Radiosendern darstellt. Dabei nimmt er sich eine Sendung der NPR-Journalistin vor, die unter dem Titel \u201eDas Seattle Wohnungsbeschaffungs-experiment\u201c (\u201e<a href=\"https:\/\/www.npr.org\/2019\/08\/04\/747710028\/seattle-housing-experiment\" target=\"_blank\" rel=\"noopener noreferrer\">Seattle Housing Experiment<\/a>) ein von der Harvard-Universit\u00e4t geleitetes Projekt vorstellte.<\/p>\n<p>Bei diesem Projekt ging es um das illusorische Vorhaben, f\u00fcr <span lang=\"de\">Familien mit niedrigem Einkommen in wohlhabenden Vierteln Wohnraum zu finden, wodurch ihren Kindern Zugang zu besseren Schulen und anderen M\u00f6glichkeit geboten w\u00fcrden, um so <em>\u201eden Kreislauf der Armut zu durchbrechen\u201c<\/em>. Laut den in der Sendung zitierten Forschern k\u00f6nnten diese Kinder dann im Laufe ihres Lebens 183.000 Dollar mehr verdienen \u2013 eine Prognose, die eher f\u00fcr Politiker denn f\u00fcr Wissenschaftler typische ist, zumal das Wohnprogramm sich noch nicht einmal in der experimentellen Phase befindet. <\/span>Aber das sei nur am Rand erw\u00e4hnt.<\/p>\n<p>Wichtig ist, dass bei dieser Geschichte, die bei so viel Wohlt\u00e4tigkeit tr\u00e4umerisch veranlagten Gutmenschen das Herz erw\u00e4rmt, die wohlt\u00e4tige \u201eBill &amp; Melinda Gates Stiftung\u201c als einzige Unterst\u00fctzerin des Projektes namentlich genannt wird. Und das gleich zwei Mal. Denn der NPR-Sender wird auch von der Gates-Stiftung gro\u00dfz\u00fcgig unterst\u00fctzt, worauf am Ende der NPR-Sendung hingewiesen wird: <em>\u201eUnd wir sollten beachten, dass die Gates Stiftung ein finanzieller Unterst\u00fctzer von NPR ist.\u201c<\/em><\/p>\n<p>Auf Nachfrage von Schwab, beteuerte die NPR-Reporterin Pam Fessler, dass das Geld von der Gates-Stiftung \u201ekeine Rolle gespielt hat, warum wir \u00fcber diese Geschichte berichtet haben\u201c Dennoch verweist Schwab darauf, dass \u201ediese Geschichte nur eine von Hunderten ist, die NPR \u00fcber die Gates Foundation und \u00fcber Projekte, die sie finanziert, wurden, produziert hat, einschlie\u00dflich unz\u00e4hliger, wohlwollender Beitr\u00e4ge, die aus der Perspektive der Gates-Stiftung geschrieben wurden.<\/p>\n<p>W\u00f6rtlich f\u00fcgt Schwab hinzu: <em>\u201e<\/em><span lang=\"de\"><em>K\u00fcrzlich untersuchte ich fast zwanzigtausend wohlt\u00e4tige Spenden, die die Gates Foundation bis Ende Juni Medien gew\u00e4hrt hat, und dabei fand ich heraus, dass mehr als 250 Millionen Dollar in den Journalismus flie\u00dfen.\u201c<\/em> Dazu eine kurze Anmerkung, Gates ist bei weitem nicht der einzige zig-fache <\/span>US-<span lang=\"de\">Milliard\u00e4r, der sich \u00fcber die Medien Einfluss und politische Macht kauft. Jeff Bezos, der Eigent\u00fcmer von Amazon, hat z.B. ebenfalls 250 Millionen Dollar f\u00fcr den Kauf der Washington Post bezahlt. Damit hat Bezos, der um ein Vielfaches reicher ist als Gates, einen direkteren Weg eingeschlagen. Statt wie Gates die Redaktionen m\u00f6glichst vieler Medien mit wohlt\u00e4tigen Spenden zu korrumpieren, hat sich Bezos eine hochangesehene Zeitung gekauft und zum Propagandaorgan f\u00fcr seine rabiate, neo-liberale Weltanschauung gemacht. <\/span><\/p>\n<p><span lang=\"de\">Aber zur\u00fcck zu den Rechercheergebnissen von Schwab, der weiter ausf\u00fchrt:<\/span><\/p>\n<p><em>\u201e<span lang=\"de\">Zu den Empf\u00e4ngern der (Gates)Spenden geh\u00f6rten Nachrichtenorgane wie BBC, NBC, Al Jazeera, ProPublica, National Journal, The Guardian, Univision, Medium, The Financial Times, The Atlantic, die Texas Tribune, Gannett, Washington Monthly, Le Monde und das Center for Investigative Reporting; Wohlt\u00e4tigkeitsorganisationen, die mit Nachrichtenagenturen verbunden sind, wie BBC Media Action und der Neediest Cases Fund der New York Times; \u2026 journalistische Organisationen wie das Pulitzer Center on Crisis Reporting, die National Press Foundation und das International Center for Journalists; und eine Vielzahl anderer Gruppen, die Nachrichteninhalte erstellen oder an Journalismus arbeiten, wie die Leo Burnett Company. \u2026. Zugleich nimmt die Stiftung allj\u00e4hrlich als Promotor an Duzenden von hochrangigen journalistischen Konferenzen teil, z.B. am <\/span><a href=\"https:\/\/nam01.safelinks.protection.outlook.com\/?url=https%3A%2F%2Fwww.journalismfestival.com%2Fspeaker%2Fmiguel-castro&amp;data=02%7C01%7CKaren.Lowry.Miller%40gatesfoundation.org%7C514067cfca8844c3130008d821baf490%7C296b38384bd5496cbd4bf456ea743b74%7C0%7C0%7C637296434176420996&amp;sdata=QMSRaOutdrunElXoeDEpAeJxh5%2BOMm3yWZWeAhO2h2o%3D&amp;reserved=0\" target=\"_blank\" rel=\"noopener noreferrer\"><span lang=\"de\">Perugia Journalismus Festival<\/span><\/a><span lang=\"de\">, am <\/span><a href=\"https:\/\/nam01.safelinks.protection.outlook.com\/?url=https%3A%2F%2Fwww.gensummit.org%2Fspeakers%2Fmiguel-castro%2F&amp;data=02%7C01%7CKaren.Lowry.Miller%40gatesfoundation.org%7C514067cfca8844c3130008d821baf490%7C296b38384bd5496cbd4bf456ea743b74%7C0%7C0%7C637296434176430989&amp;sdata=wQY5wDUIRLcoYNZEnqrlUfsxjKHyLliARQY%2BC2oNPww%3D&amp;reserved=0\" target=\"_blank\" rel=\"noopener noreferrer\"><span lang=\"de\">Global Redakteurs Netzwerk<\/span><\/a><span lang=\"de\">, oder der <\/span><a href=\"https:\/\/nam01.safelinks.protection.outlook.com\/?url=https%3A%2F%2Fwww.wcsj2019.eu%2FSessions%2FPhilanthropy---a-savior-for-journalism...-or-a-dead-end%253F&amp;data=02%7C01%7CKaren.Lowry.Miller%40gatesfoundation.org%7C514067cfca8844c3130008d821baf490%7C296b38384bd5496cbd4bf456ea743b74%7C0%7C0%7C637296434176430989&amp;sdata=G2epYfbTru8bhmvZQqI%2BCl7pf3L4%2Foz1GgID4wusbO4%3D&amp;reserved=0\" target=\"_blank\" rel=\"noopener noreferrer\"><span lang=\"de\">Weltkonferenz des Wissenschaftsjournalismus\u201d<\/span><\/a><span lang=\"de\">.<\/span><\/em><\/p>\n<p><span lang=\"de\">Inzwischen ist auch im letzten Winkel Deutschlands bekannt, dass auch hierzulande eine Reihe der so genannte \u201eQualit\u00e4tsmedien\u201c wohlt\u00e4tige Spenden von der Gates Stiftung erhalten, wie z.B. die 2,3 Millionen Euro f\u00fcr den Spiegel. Das Hamburger Nachrichtenmagazin beteuerte zwar, dass das Geld auf gar keinen Fall die objektive Berichterstattung des Blattes \u00fcber seinen Wohlt\u00e4ter Gates beeinflusst habe, und hat dann prompt das Gegenteil bewiesen mit seinen w\u00fctenden Attacken auf Gates-Kritiker. Mit Schaum vor dem Mund hat das Hamburger Magazin pauschal alle Gates-Kritiker als Verschw\u00f6rungstheoretiker, Spinner oder gar als gef\u00e4hrliche Rechte denunzierte. <\/span><\/p>\n<p><span lang=\"de\">Allgemein scheint die gro\u00dfz\u00fcgige Medien-Wohlt\u00e4tigkeit von Gates Erfolg zu haben. Das d\u00fcrfte f\u00fcr das immer freundlichere Medienumfeld f\u00fcr seine Stiftung ausschlaggebend gewesen sein. Als vor zwanzig Jahren Journalisten noch den ersten Ausflug von Bill Gates in die Wohlt\u00e4tigkeitsindustrie untersuchten, gingen die meisten noch davon aus, dass er damit entweder zur Bereicherung seines Softwareunternehmens beitragen wollte, oder das Ganze eine PR-\u00dcbung war, um nach dem h\u00e4sslichen Microsofts Kartellstreit mit dem US-Justizministerium seinen ramponierten Ruf wieder aufzubessern. <\/span><\/p>\n<p><span lang=\"de\">In den zwei Jahrzehnten, die seither vergangen sind, hat die Stiftung ihr wohlt\u00e4tigen Medien-Spenden genutzt, um in weiten Teilen der Welt den \u00f6ffentlichen Diskurs \u00fcber ein breites Themenspektrum \u2013 von der globalen Gesundheit \u00fcber Bildung bis hin zur Landwirtschaft \u2013 ma\u00dfgeblich zu formen. Mit diesem au\u00dferordentlichen Grad an Einfluss hat Bill Gates sogar einen Platz auf der Liste der m\u00e4chtigsten und einflussreichsten Menschen der Welt bekommen, die allj\u00e4hrlich vom US-Forbes-Magazin ver\u00f6ffentlicht wird.<\/span><\/p>\n<p><span lang=\"de\">Inzwischen ist die Gates-Stiftung in den Medien fast nur noch Gegenstand verherrlichender Leitartikel \u00fcber ihre weltweiten, angeblich guten Werke, von denen sehr viel einer kritischen Untersuchung nicht standhalten. Hierzulande haben w\u00e4hrend der Pandemie nicht nur die Nachrichtenagenturen und unsere \u00f6ffentlich-rechtlichen \u201eQualit\u00e4tsmedien\u201c, sondern auch die Bundesregierung und die Europ\u00e4ische Union den vielfach umworbenen Bill Gates als Gesundheitsexperten f\u00fcr Covid behandelt und um Rat und Hilfe gebeten, das obwohl Gates weder eine medizinische Ausbildung hat, noch ein \u00f6ffentliches Amt bekleidet. <\/span><\/p>\n<p>Die <span lang=\"de\">beiden<\/span> US-Medien <a href=\"https:\/\/www.politifact.com\/factchecks\/2020\/may\/14\/facebook-posts\/no-evidence-gates-foundation-will-profit-coronavir\/\" target=\"_blank\" rel=\"noopener noreferrer\">PolitiFact<\/a> <span lang=\"de\">und <\/span><a href=\"https:\/\/www.usatoday.com\/story\/news\/factcheck\/2020\/05\/14\/fact-check-anthony-fauci-bill-gates-wont-profit-remdesivir\/3120063001\/\" target=\"_blank\" rel=\"noopener noreferrer\">USA Today<\/a> (die zum Poynter Institute und Gannett geh\u00f6ren und beide von der Gates Foundation finanziert werden) haben sogar ihre Fakten-Checker-Plattformen eingesetzt, um Gates vor <em>\u201efalschen Verschw\u00f6rungstheorien\u201c<\/em> und <em>\u201eFehlinformationen\u201c<\/em> in Schutz zu nehmen. So wurde die Gates Stiftung z.B. beschuldigt, finanzielle Investitionen in Unternehmen get\u00e4tigt hat, die Covid-Impfstoffe und -therapien entwickeln. Daher sei der starke Einsatz von Gates f\u00fcr eine m\u00f6glichst breite Impfung der Weltbev\u00f6lkerung nicht uneigenn\u00fctzig. Tats\u00e4chlich geht es dabei um viele zig-Milliarden Dollar und Euro f\u00fcr die Pharmakonzerne, in die Gates vorausschauend l\u00e4ngst investiert hatte. Besonders lukrativ wird das Ganze, wenn die Corona-Impfung jedes Jahr erneuert werden m\u00fcsste.<\/p>\n<p>Nicht nur in den USA, sondern auch hierzulande haben die Fakten-Checker der Medien-Plattformen mit allen Mitteln versucht, die Gates-Stiftung vor diesen angeblich \u201efalschen Verschw\u00f6rungstheorien\u201c und \u201eFehlinformationen\u201c in Schutz zu nehmen. Aber die Fakten sprechen eine andere Sprache. Denn nicht nur die eigene Website der Gates Stiftung laut dem investigativen Journalisten Schwab zeigen auch \u201edie j\u00fcngsten Steuerformulare\u201c der Stiftung eindeutig, dass sie <span lang=\"de\">Investitionen in die entsprechende Pharma-Unternehmen wie <\/span><a href=\"https:\/\/www.nytimes.com\/2020\/06\/22\/health\/gilead-remdesivir-coronavirus-nebulizer.html\" target=\"_blank\" rel=\"noopener noreferrer\"><span lang=\"de\">Gilead<\/span><\/a> <span lang=\"de\">und <\/span><span lang=\"de\"><a href=\"https:\/\/www.nytimes.com\/2020\/03\/15\/world\/europe\/cornonavirus-vaccine-us-germany.html\" target=\"_blank\" rel=\"noopener noreferrer\">CureVac<\/a> <\/span>real get\u00e4tigt hat. Diese Fake News kam von den US-Faktencheckern! Es ist anzunehmen, dass die Fakten-Checker-Abteilungen der Medien in Deutschland nicht viel anders arbeiten als ihre amerikanischen Kollegen, nach dem Motto, <em>\u201eWes Brot ich ess, dess Lied ich sing\u201c.<\/em><\/p>\n<p style=\"text-align: right;\"><em>Rainer Rupp ist Mitglied des Beirats des Deutschen Freidenker-Verbandes<\/em><\/p>\n<p><span style=\"font-size: 10pt;\">Link zur Erstver\u00f6ffentlichung bei KenFM: <a href=\"https:\/\/kenfm.de\/neue-untersuchung-gates-stiftung-kauft-medien-wohlgefallen-von-rainer-rupp\/\" target=\"_blank\" rel=\"noopener noreferrer\">https:\/\/kenfm.de\/neue-untersuchung-gates-stiftung-kauft-medien-wohlgefallen-von-rainer-rupp\/<\/a><\/span><\/p>\n<hr \/>\n<p><span style=\"font-size: 10pt;\">Bild: <a href=\"https:\/\/pixabay.com\/de\/illustrations\/dollar-geld-geld-verdienen-internet-1968710\/\" target=\"_blank\" rel=\"noopener noreferrer\">pixabay.com<\/a> \/ <a class=\"hover_opacity\" href=\"https:\/\/pixabay.com\/de\/users\/geralt-9301\/\">geralt<\/a> \/ <a href=\"https:\/\/pixabay.com\/de\/service\/license\/\">Pixabay License<\/a><br \/>\n<\/span><\/p>\n","protected":false},"excerpt":{"rendered":"<p><b>Kommentar von Rainer Rupp<\/b><br \/>\nDas US-Medien-Magazin \u201eColumbia Journalism Review (CJR)\u201c &#8230;  findet \u2013 ebenso wir die anderen blinden H\u00fchner New York Times, Washington Post und der CCN-Fake News Sender \u2013 hin und wieder auch ein Korn Wahrheit. Das war j\u00fcngst der Fall, als am 21. August Tim Schwab im CJR-Magazin einen Artikel \u00fcber seine Recherche \u00fcber die finanzielle Einflussnahme der \u201eBill und Melinda Gates Stiftung\u201c auf die Medienberichterstattung \u00fcber die Stiftung in den USA, Europa und dar\u00fcber hinaus vorgelegt hat.<\/p>\n","protected":false},"author":3,"featured_media":8569,"comment_status":"closed","ping_status":"closed","sticky":false,"template":"","format":"standard","meta":{"colormag_page_container_layout":"default_layout","colormag_page_sidebar_layout":"default_layout","advanced_seo_description":"","jetpack_seo_html_title":"","jetpack_seo_noindex":false,"jetpack_post_was_ever_published":false,"footnotes":""},"categories":[12],"tags":[1276,1256,1278,1315,121,185],"class_list":["post-8566","post","type-post","status-publish","format-standard","has-post-thumbnail","hentry","category-demokratie-medien-aufklaerung","tag-bill-gates","tag-corona-virus","tag-impfung","tag-journalismus","tag-medien","tag-usa"],"jetpack_featured_media_url":"https:\/\/i0.wp.com\/www.freidenker.org\/fw17\/wp-content\/uploads\/2020\/08\/dollar-1968710_800x450.jpg?fit=800%2C450&ssl=1","jetpack_shortlink":"https:\/\/wp.me\/p9stpK-2ea","jetpack-related-posts":[{"id":8173,"url":"https:\/\/www.freidenker.org\/?p=8173","url_meta":{"origin":8566,"position":0},"title":"Sind Corona-Hygienedemos \u201edie falschen Proteste?\u201c","author":"Webredaktion","date":"5. Juni 2020","format":false,"excerpt":"In der Rubrik Tagesdosis wurde am 29.05.2020 bei KenFM der Beitrag \u201eSind Corona-Hygienedemos \u201edie falschen Proteste?\u201c von Rainer Rupp, Mitglied des Beirats des Deutschen Freidenker-Verbandes, ver\u00f6ffentlicht. Heute wie damals gilt der Satz von Kurt Tucholsky: \u201eNichts ist schwerer und nichts erfordert mehr Charakter als sich im Gegensatz zu seiner Zeit\u2026","rel":"","context":"In &quot;Arbeit &amp; Soziales&quot;","block_context":{"text":"Arbeit &amp; Soziales","link":"https:\/\/www.freidenker.org\/?cat=11"},"img":{"alt_text":"","src":"https:\/\/i0.wp.com\/www.freidenker.org\/fw17\/wp-content\/uploads\/2020\/05\/CoronaDemokratieHauk_800x450.jpg?fit=800%2C450&ssl=1&resize=350%2C200","width":350,"height":200,"srcset":"https:\/\/i0.wp.com\/www.freidenker.org\/fw17\/wp-content\/uploads\/2020\/05\/CoronaDemokratieHauk_800x450.jpg?fit=800%2C450&ssl=1&resize=350%2C200 1x, https:\/\/i0.wp.com\/www.freidenker.org\/fw17\/wp-content\/uploads\/2020\/05\/CoronaDemokratieHauk_800x450.jpg?fit=800%2C450&ssl=1&resize=525%2C300 1.5x, https:\/\/i0.wp.com\/www.freidenker.org\/fw17\/wp-content\/uploads\/2020\/05\/CoronaDemokratieHauk_800x450.jpg?fit=800%2C450&ssl=1&resize=700%2C400 2x"},"classes":[]},{"id":7959,"url":"https:\/\/www.freidenker.org\/?p=7959","url_meta":{"origin":8566,"position":1},"title":"&#8222;R\u00fccksichtslos und unmoralisch&#8220; \u2013 Die Machenschaften der Gates-Stiftung","author":"Webredaktion","date":"21. April 2020","format":false,"excerpt":"Meinung von Rainer Rupp Die beiden Ereignisse \u00fcberlappten sich. Vergangenen Sonntag in der Tagesschau durfte der zigfache Milliard\u00e4r Bill Gates, der sich gerne als uneigenn\u00fctziger Wohlt\u00e4ter und Menschenfreund aufspielt, unwidersprochen und unhinterfragt \u00fcber neun Minuten f\u00fcr sein Corona-Impfprogramm werben. ... Am 9. April, also eine Woche nach Gates' PR-Auftakt in\u2026","rel":"","context":"In &quot;Arbeit &amp; Soziales&quot;","block_context":{"text":"Arbeit &amp; Soziales","link":"https:\/\/www.freidenker.org\/?cat=11"},"img":{"alt_text":"","src":"https:\/\/i0.wp.com\/www.freidenker.org\/fw17\/wp-content\/uploads\/2020\/04\/Bill_Gates_WEF_2009_Davos_800x450.jpg?fit=800%2C450&ssl=1&resize=350%2C200","width":350,"height":200,"srcset":"https:\/\/i0.wp.com\/www.freidenker.org\/fw17\/wp-content\/uploads\/2020\/04\/Bill_Gates_WEF_2009_Davos_800x450.jpg?fit=800%2C450&ssl=1&resize=350%2C200 1x, https:\/\/i0.wp.com\/www.freidenker.org\/fw17\/wp-content\/uploads\/2020\/04\/Bill_Gates_WEF_2009_Davos_800x450.jpg?fit=800%2C450&ssl=1&resize=525%2C300 1.5x, https:\/\/i0.wp.com\/www.freidenker.org\/fw17\/wp-content\/uploads\/2020\/04\/Bill_Gates_WEF_2009_Davos_800x450.jpg?fit=800%2C450&ssl=1&resize=700%2C400 2x"},"classes":[]},{"id":8113,"url":"https:\/\/www.freidenker.org\/?p=8113","url_meta":{"origin":8566,"position":2},"title":"Ken Jebsen \u2013 Erz-B\u00f6sewicht des Tages?","author":"Webredaktion","date":"17. Mai 2020","format":false,"excerpt":"In der Rubrik Tagesdosis wurde am 15.05.2020 bei KenFM der Beitrag \u201eKen Jebsen \u2013 Erz-B\u00f6sewicht des Tages?\u201c von Rainer Rupp ver\u00f6ffentlicht. Politiker der CDU\/CSU\/SPD\/Gr\u00fcnen\/FDP-Einheitsbrei-Partei und ihre willigen Presstituierten der Staats- und privaten Konzernmedien schie\u00dfen derzeit mit schwerem Gesch\u00fctz aus allen Rohren. Es gibt nichts, was Ken Jebsen nicht ist: angefangenen\u2026","rel":"","context":"In &quot;Demokratie \u2013 Medien \u2013 Aufkl\u00e4rung&quot;","block_context":{"text":"Demokratie \u2013 Medien \u2013 Aufkl\u00e4rung","link":"https:\/\/www.freidenker.org\/?cat=12"},"img":{"alt_text":"","src":"https:\/\/i0.wp.com\/www.freidenker.org\/fw17\/wp-content\/uploads\/2020\/05\/jebsen_boesewicht_800x450.jpg?fit=800%2C450&ssl=1&resize=350%2C200","width":350,"height":200,"srcset":"https:\/\/i0.wp.com\/www.freidenker.org\/fw17\/wp-content\/uploads\/2020\/05\/jebsen_boesewicht_800x450.jpg?fit=800%2C450&ssl=1&resize=350%2C200 1x, https:\/\/i0.wp.com\/www.freidenker.org\/fw17\/wp-content\/uploads\/2020\/05\/jebsen_boesewicht_800x450.jpg?fit=800%2C450&ssl=1&resize=525%2C300 1.5x, https:\/\/i0.wp.com\/www.freidenker.org\/fw17\/wp-content\/uploads\/2020\/05\/jebsen_boesewicht_800x450.jpg?fit=800%2C450&ssl=1&resize=700%2C400 2x"},"classes":[]},{"id":6193,"url":"https:\/\/www.freidenker.org\/?p=6193","url_meta":{"origin":8566,"position":3},"title":"Russiagate","author":"Webredaktion","date":"14. April 2019","format":false,"excerpt":"In der Rubrik Tagesdosis wurde am 05.04.2019 bei KenFM der Beitrag \u201eRussiagate\u201c von Rainer Rupp, Mitglied des Beirats des Deutschen Freidenker-Verbandes, ver\u00f6ffentlicht. Haben wir eine total verbl\u00f6dete \u00d6ffentlichkeit oder ist sie Opfer der L\u00fcgenpresse? Der vom Vorwurf, russischer Agent zu sein, entlastete Trump sinnt derweil auf Rache.\u201eUnsere amerikanische Demokratie hat\u2026","rel":"","context":"In &quot;Demokratie \u2013 Medien \u2013 Aufkl\u00e4rung&quot;","block_context":{"text":"Demokratie \u2013 Medien \u2013 Aufkl\u00e4rung","link":"https:\/\/www.freidenker.org\/?cat=12"},"img":{"alt_text":"","src":"https:\/\/i0.wp.com\/www.freidenker.org\/fw17\/wp-content\/uploads\/2019\/04\/trump_marionette_putin_800x445.jpg?fit=800%2C445&ssl=1&resize=350%2C200","width":350,"height":200,"srcset":"https:\/\/i0.wp.com\/www.freidenker.org\/fw17\/wp-content\/uploads\/2019\/04\/trump_marionette_putin_800x445.jpg?fit=800%2C445&ssl=1&resize=350%2C200 1x, https:\/\/i0.wp.com\/www.freidenker.org\/fw17\/wp-content\/uploads\/2019\/04\/trump_marionette_putin_800x445.jpg?fit=800%2C445&ssl=1&resize=525%2C300 1.5x, https:\/\/i0.wp.com\/www.freidenker.org\/fw17\/wp-content\/uploads\/2019\/04\/trump_marionette_putin_800x445.jpg?fit=800%2C445&ssl=1&resize=700%2C400 2x"},"classes":[]},{"id":13701,"url":"https:\/\/www.freidenker.org\/?p=13701","url_meta":{"origin":8566,"position":4},"title":"&#8222;Nachdenkseiten&#8220; im Fokus eines Diffamierungsportals im Auftrag der Bundesregierung","author":"Webredaktion","date":"6. Juli 2022","format":false,"excerpt":"Beitrag der Redaktion der NachDenkSeiten Der Vorgang ist ein medienpolitischer Skandal, der seinesgleichen sucht und an die Wurzel unseres bisherigen Verst\u00e4ndnisses von Demokratie und Pressefreiheit geht. Das Bundesfamilienministerium (BMFSFJ) und die Bundeszentrale f\u00fcr politische Bildung (bpb) finanzieren mit sechsstelligen Betr\u00e4gen ein Projekt der Gr\u00fcnen-nahen Stiftung \u201eZentrum liberale Moderne\u201c (LibMod) mit\u2026","rel":"","context":"In &quot;Zeit der Verleumder - Freidenker f\u00fcr Klartext&quot;","block_context":{"text":"Zeit der Verleumder - Freidenker f\u00fcr Klartext","link":"https:\/\/www.freidenker.org\/?cat=937"},"img":{"alt_text":"","src":"https:\/\/i0.wp.com\/www.freidenker.org\/fw17\/wp-content\/uploads\/2022\/07\/klartext_Jochim_Gauck_LibMod_800x450.jpg?fit=800%2C450&ssl=1&resize=350%2C200","width":350,"height":200,"srcset":"https:\/\/i0.wp.com\/www.freidenker.org\/fw17\/wp-content\/uploads\/2022\/07\/klartext_Jochim_Gauck_LibMod_800x450.jpg?fit=800%2C450&ssl=1&resize=350%2C200 1x, https:\/\/i0.wp.com\/www.freidenker.org\/fw17\/wp-content\/uploads\/2022\/07\/klartext_Jochim_Gauck_LibMod_800x450.jpg?fit=800%2C450&ssl=1&resize=525%2C300 1.5x, https:\/\/i0.wp.com\/www.freidenker.org\/fw17\/wp-content\/uploads\/2022\/07\/klartext_Jochim_Gauck_LibMod_800x450.jpg?fit=800%2C450&ssl=1&resize=700%2C400 2x"},"classes":[]},{"id":9679,"url":"https:\/\/www.freidenker.org\/?p=9679","url_meta":{"origin":8566,"position":5},"title":"Navalny \u2013 MI 6. Britischer Desinformationskrieg gegen Russland","author":"Webredaktion","date":"9. M\u00e4rz 2021","format":false,"excerpt":"Kommentar von Rainer Rupp Navalny, Navalny, Navalny. Der Name des bekennenden russischen Rassisten, der sich bis heute noch nicht von seinen Gewaltvideos gegen Muslime und Menschen mit dunkler Hautfarbe distanziert hat, erscheint immer noch in vielen Schlagzeilen unserer selbsterkl\u00e4rten Qualit\u00e4tsmedien. Aber statt ihn wegen seiner Verherrlichung von Gewalt gegen Menschen\u2026","rel":"","context":"In &quot;Demokratie \u2013 Medien \u2013 Aufkl\u00e4rung&quot;","block_context":{"text":"Demokratie \u2013 Medien \u2013 Aufkl\u00e4rung","link":"https:\/\/www.freidenker.org\/?cat=12"},"img":{"alt_text":"","src":"https:\/\/i0.wp.com\/www.freidenker.org\/fw17\/wp-content\/uploads\/2021\/03\/MI6_London_Nawalny_800x450.jpg?fit=800%2C450&ssl=1&resize=350%2C200","width":350,"height":200,"srcset":"https:\/\/i0.wp.com\/www.freidenker.org\/fw17\/wp-content\/uploads\/2021\/03\/MI6_London_Nawalny_800x450.jpg?fit=800%2C450&ssl=1&resize=350%2C200 1x, https:\/\/i0.wp.com\/www.freidenker.org\/fw17\/wp-content\/uploads\/2021\/03\/MI6_London_Nawalny_800x450.jpg?fit=800%2C450&ssl=1&resize=525%2C300 1.5x, https:\/\/i0.wp.com\/www.freidenker.org\/fw17\/wp-content\/uploads\/2021\/03\/MI6_London_Nawalny_800x450.jpg?fit=800%2C450&ssl=1&resize=700%2C400 2x"},"classes":[]}],"_links":{"self":[{"href":"https:\/\/www.freidenker.org\/index.php?rest_route=\/wp\/v2\/posts\/8566","targetHints":{"allow":["GET"]}}],"collection":[{"href":"https:\/\/www.freidenker.org\/index.php?rest_route=\/wp\/v2\/posts"}],"about":[{"href":"https:\/\/www.freidenker.org\/index.php?rest_route=\/wp\/v2\/types\/post"}],"author":[{"embeddable":true,"href":"https:\/\/www.freidenker.org\/index.php?rest_route=\/wp\/v2\/users\/3"}],"replies":[{"embeddable":true,"href":"https:\/\/www.freidenker.org\/index.php?rest_route=%2Fwp%2Fv2%2Fcomments&post=8566"}],"version-history":[{"count":0,"href":"https:\/\/www.freidenker.org\/index.php?rest_route=\/wp\/v2\/posts\/8566\/revisions"}],"wp:featuredmedia":[{"embeddable":true,"href":"https:\/\/www.freidenker.org\/index.php?rest_route=\/wp\/v2\/media\/8569"}],"wp:attachment":[{"href":"https:\/\/www.freidenker.org\/index.php?rest_route=%2Fwp%2Fv2%2Fmedia&parent=8566"}],"wp:term":[{"taxonomy":"category","embeddable":true,"href":"https:\/\/www.freidenker.org\/index.php?rest_route=%2Fwp%2Fv2%2Fcategories&post=8566"},{"taxonomy":"post_tag","embeddable":true,"href":"https:\/\/www.freidenker.org\/index.php?rest_route=%2Fwp%2Fv2%2Ftags&post=8566"}],"curies":[{"name":"wp","href":"https:\/\/api.w.org\/{rel}","templated":true}]}}