{"id":8547,"date":"2020-08-20T21:30:11","date_gmt":"2020-08-20T19:30:11","guid":{"rendered":"https:\/\/www.freidenker.org\/?p=8547"},"modified":"2020-09-27T10:55:31","modified_gmt":"2020-09-27T08:55:31","slug":"weissrussland-eine-einschaetzung-des-umgangs-mit-diesem-land","status":"publish","type":"post","link":"https:\/\/www.freidenker.org\/?p=8547","title":{"rendered":"Wei\u00dfrussland \u2013 eine Einsch\u00e4tzung des Umgangs mit diesem Land"},"content":{"rendered":"<p><em>von <strong>Willy Wimmer<\/strong><\/em><\/p>\n<p><span style=\"font-size: 10pt;\">Erstver\u00f6ffentlichung am 19.08.2020 auf <a href=\"https:\/\/www.nachdenkseiten.de\/?p=63885\" target=\"_blank\" rel=\"noopener noreferrer\">nachdenkseiten.de<\/a><\/span><\/p>\n<p><em>Der fr\u00fchere CDU-Politiker hatte am 2. Mai 2000 einen Brief an den damaligen Bundeskanzler Gerhard Schr\u00f6der (SPD) geschrieben und darin von einer Konferenz berichtet, die von zwei US-amerikanischen Organisationen in der slowakischen Hauptstadt Bratislava ausgerichtet worden war. Was dort beraten und von US-amerikanischer Seite als Planung vorgestellt wurde, erkl\u00e4rt im Wesentlichen das jetzt aufgetretene Problem: der weitere Versuch, den Einflussbereich von NATO und EU auszuweiten. Willy Wimmer kommt im folgenden, neuen Text auf den fr\u00fcheren Brief zur\u00fcck. Da dieser Brief immer noch aktuell ist und vieles Aktuelles erkl\u00e4rt, ist er als Anlage angeh\u00e4ngt.<\/em><\/p>\n<p style=\"text-align: right;\"><em>Albrecht M\u00fcller (Herausgeber von nachdenkseiten.de)<br \/>\n<\/em><\/p>\n<p><strong>Willy Wimmer am 18.08.2020:<\/strong><\/p>\n<p>Nach dem Besuch des wenig gewinnenden amerikanischen Au\u00dfenministers Pompeo letzte Woche\u00a0in Wien verfiel der \u00f6sterreichische Au\u00dfenminister Alexander Schallenberg bei seinem Interview mit ZIB 2 geradezu in den Plauderton. Nat\u00fcrlich habe die Politik der Europ\u00e4ischen Union in den letzten Jahren dem Ziel gedient, Wei\u00dfrussland von Russland zu entfremden und aus der engen Zusammenarbeit mit Moskau herauszubrechen. Es mag ein Zufall gewesen sein, diese klare Zielvorgabe in Wien zu vernehmen. Von Wien aus sind es gerade mal sechzig Kilometer nach Bratislava, der slowakischen Hauptstadt. Dort hatten hochrangige Vertreter des amerikanischen Au\u00dfenministeriums Ende April 2000 der versammelten F\u00fchrungsspitze aus Mittel-und Osteuropa die amerikanische\u00a0Zielvorgabe f\u00fcr diesen Raum verk\u00fcndet. Danach sollte ein \u201eroter Strich\u201c quer \u00fcber den Kontinent zwischen Riga und Odessa gezogen werden. Westlich davon herrsche amerikanisches Sagen bis hin zu den Ver\u00e4nderungen in der r\u00f6misch gepr\u00e4gten Rechtsordnung. \u00d6stlich davon befinde sich Russland oder das, was sich aus Russland entwickeln w\u00fcrde.<\/p>\n<p>Ist das die Zielvorgabe, die die Europ\u00e4ische Union von einer gedeihlichen Entwicklung in Europa als dem gemeinsamen Kontinent hat? Die Fragen sind heute mehr als berechtigt, denn verantwortliche\u00a0Sprecher aus dem Deutschen Bundestag lassen sich offen dar\u00fcber aus, mit welchem politischen Werkzeugkasten sie sich daran machen werden, die letzte L\u00fccke in dem NATO-Limes gegen Russland zu schlie\u00dfen. Offen wird vom \u201eMaidan-Modell\u201c nach dem Putsch-Modell aus der Ukraine gesprochen oder das Beispiel \u201erunder Tische\u201c zum Macht\u00fcbergang\u00a0in Minsk favorisiert. Jede Zur\u00fcckhaltung wird abgelegt, weil nach den klaren und unmi\u00dfverst\u00e4ndlichen Aussagen des \u00f6sterreichischen Au\u00dfenministers in Minsk jetzt die Ernte jahrelangen Tuns eingefahren werden muss.<\/p>\n<p>Es wird kein Zufall gewesen sein, dass derzeit der amerikanische\u00a0Au\u00dfenminister Pompeo durch Europa tourt, um \u201eGefolgschaftstreue im NATO-Zusammenhang\u201c herbeizuf\u00fchren. \u00dcber Minsk soll Moskau getroffen und an die amerikanische Leine gelegt werden. Das amerikanische Vorgehen gegen \u201eNord-Stream 2\u201c ist ein Musterbeispiel f\u00fcr die \u201ePolitik der begrenzten Souver\u00e4nit\u00e4t\u201c westeurop\u00e4ischer Staaten nach dem Bratislava-Modell aus dem Jahr 2000.<\/p>\n<p>Pr\u00e4sident Trump erweckt seit seiner Wahl vor fast vier Jahren den Eindruck, eine dem Frieden und der Zusammenarbeit dienende Abstimmung mit Moskau herbeif\u00fchren zu wollen. Derweil schafft Au\u00dfenminister Pompeo jene Fakten im Nahen Osten und in Europa, die darauf abzielen, Russland aus Europa hinauszudr\u00e4ngen und als weltpolitischen Akteur bedeutungslos werden zu lassen. Wenige Tage vor dem Gedenken an den deutschen Angriff auf Polen am 1. September 1939 als Vollendung des Rache-Diktates von Versailles 1919 sind das \u00fcble Perspektiven f\u00fcr Europa.<\/p>\n<p style=\"text-align: right;\"><em>Willy Wimmer, 18. August 2020<\/em><\/p>\n<hr \/>\n<p><strong>Anlage<\/strong><\/p>\n<p>Willy Wimmer, Mitglied des Bundestages,<br \/>\nVorsitzender des CDU-Bezirksverbandes Niederrhein,<br \/>\nVizepr\u00e4sident der Parlamentarischen Versammlung der OSZE<\/p>\n<p><strong>Herrn Gerhard Schr\u00f6der, MdB,<\/strong><br \/>\n<strong>Bundeskanzler der Bundesrepublik Deutschland,<\/strong><br \/>\n<strong>Bundeskanzleramt, Schlossplatz 1, 10178 Berlin<\/strong><\/p>\n<p style=\"text-align: right;\"><strong>Berlin, den 02.05.2000<\/strong><\/p>\n<p>Sehr geehrter Herr Bundeskanzler,<\/p>\n<p>am vergangenen Wochenende hatte ich in der slowakischen Hauptstadt Bratislava Gelegenheit, an einer gemeinsam vom US-Au\u00dfenministerium und American Enterprise Institute (au\u00dfenpolitisches Institut der republikanischen Partei) veranstalteten Konferenz mit den Schwerpunktthemen Balkan und NATO-Erweiterung teilzunehmen.<\/p>\n<p>Die Veranstaltung war sehr hochrangig besetzt, was sich schon aus der Anwesenheit zahlreicher Ministerpr\u00e4sidenten sowie Au\u00dfen- und Verteidigungsminister aus der Region ergab. Von den zahlreichen wichtigen Punkten, die im Rahmen der vorgenannten Themenstellung behandelt werden konnten, verdienen es einige, besonders wiedergegeben zu werden:<\/p>\n<ol>\n<li>Von Seiten der Veranstalter wurde verlangt, im Kreise der Alliierten eine m\u00f6glichst baldige v\u00f6lkerrechtliche Anerkennung eines unabh\u00e4ngigen Staates Kosovo vorzunehmen.<\/li>\n<li>Vom Veranstalter wurde erkl\u00e4rt, dass die Bundesrepublik Jugoslawien au\u00dferhalb jeder Rechtsordnung, vor allem der Schlussakte von Helsinki, stehe.<\/li>\n<li>Die europ\u00e4ische Rechtsordnung sei f\u00fcr die Umsetzung von NATO-\u00dcberlegungen hinderlich. Daf\u00fcr sei die amerikanische Rechtsordnung auch bei der Anwendung in Europa geeigneter.<\/li>\n<li>Der Krieg gegen die Bundesrepublik Jugoslawien sei gef\u00fchrt worden, um eine Fehlentscheidung von General Eisenhower aus dem 2. Weltkrieg zu revidieren. Eine Stationierung von US-Soldaten habe aus strategischen Gr\u00fcnden dort nachgeholt werden m\u00fcssen.<\/li>\n<li>Die europ\u00e4ischen Verb\u00fcndeten h\u00e4tten beim Krieg gegen Jugoslawien deshalb mitgemacht, um de facto das Dilemma \u00fcberwinden zu k\u00f6nnen, das sich aus dem im April 1999 verabschiedeten \u201cNeuen Strategischen Konzept\u201d der Allianz und der Neigung der Europ\u00e4er zu einem vorherigen Mandat der UN oder OSZE ergeben habe.<\/li>\n<li>Unbeschadet der anschlie\u00dfenden legalistischen Interpretation der Europ\u00e4er, nach der es sich bei dem erweiterten Aufgabenfeld der NATO \u00fcber das Vertragsgebiet hinaus bei dem Krieg gegen Jugoslawien um einen Ausnahmefall gehandelt habe, sei es selbstverst\u00e4ndlich ein Pr\u00e4zedenzfall, auf den sich jeder jederzeit berufen k\u00f6nne und auch werde.<\/li>\n<li>Es gelte, bei der jetzt anstehenden NATO-Erweiterung die r\u00e4umliche Situation zwischen der Ostsee und Anatolien so wiederherzustellen, wie es in der Hochzeit der r\u00f6mischen Ausdehnung gewesen sei.<\/li>\n<li>Dazu m\u00fcsse Polen nach Norden und S\u00fcden mit demokratischen Staaten als Nachbarn umgeben werden, Rum\u00e4nien und Bulgarien die Landesverbindung zur T\u00fcrkei sicherstellen, Serbien (wohl zwecks Sicherstellung einer US-Milit\u00e4rpr\u00e4senz) auf Dauer aus der europ\u00e4ischen Entwicklung ausgeklammert werden.<\/li>\n<li>N\u00f6rdlich von Polen gelte es, die vollst\u00e4ndige Kontrolle \u00fcber den Zugang aus St. Petersburg zur Ostsee zu erhalten.<\/li>\n<li>In jedem Prozess sei dem Selbstbestimmungsrecht der Vorrang vor allen anderen Bestimmungen oder Regeln des V\u00f6lkerrechts zu geben.<\/li>\n<li>Die Feststellung stie\u00df nicht auf Widerspruch, nach der die NATO bei dem Angriff gegen die Bundesrepublik Jugoslawien gegen jede internationale Regel und vor allem einschl\u00e4gige Bestimmungen des V\u00f6lkerrechts versto\u00dfen habe.<\/li>\n<\/ol>\n<p>Nach dieser sehr freim\u00fctig verlaufenen Veranstaltung kommt man in Anbetracht der Teilnehmer und der Veranstalter nicht umhin, eine Bewertung der Aussagen auf dieser Konferenz vorzunehmen.<\/p>\n<p><strong>Die amerikanische Seite scheint im globalen Kontext und zur Durchsetzung ihrer Ziele bewusst und gewollt die als Ergebnis von 2 Kriegen im letzten Jahrhundert entwickelte internationale Rechtsordnung aushebeln zu wollen. Macht soll Recht vorgehen. Wo internationales Recht im Wege steht, wird es beseitigt. Als eine \u00e4hnliche Entwicklung den V\u00f6lkerbund traf, war der Zweite Weltkrieg nicht mehr fern. Ein Denken, das die eigenen Interessen so absolut sieht, kann nur totalit\u00e4r genannt werden.<\/strong><\/p>\n<p>Mit freundlichen Gr\u00fc\u00dfen<br \/>\nW. Wimmer<\/p>\n<hr \/>\n<p style=\"text-align: right;\"><em>Willy Wimmer (CDU), ehem. Bundestagsabgeordneter sowie Parlamentarischer Staatssekret\u00e4r im Bundesministerium f\u00fcr Verteidigung, 1994 bis 2000 Vizepr\u00e4sident der Parlamentarischen Versammlung der OSZE (Organisation f\u00fcr Sicherheit und Zusammenarbeit in Europa).<\/em><\/p>\n<p>Wir danken dem Autor, seinen Beitrag f\u00fcr die Ver\u00f6ffentlichung auf der Freidenker-Website zur Verf\u00fcgung zu stellen.<\/p>\n<p><span style=\"font-size: 10pt;\">Die Erstver\u00f6ffentlichung ist hier auf den NachDenkSeiten zu finden: <a href=\"https:\/\/www.nachdenkseiten.de\/?p=63885\" target=\"_blank\" rel=\"noopener noreferrer\">https:\/\/www.nachdenkseiten.de\/?p=63885<\/a><\/span><\/p>\n<hr \/>\n<p><span style=\"font-size: 10pt;\">Bild: Proteste in Belarus 2020<\/span><br \/>\n<span style=\"font-size: 10pt;\">Foto: <a href=\"https:\/\/www.pexels.com\/@artempodrez\" target=\"_blank\" rel=\"noopener noreferrer\">Artem Podrez<\/a>, <a href=\"https:\/\/www.pexels.com\/license\/\" target=\"_blank\" rel=\"noopener noreferrer\">pexels Licence<\/a><\/span><br \/>\n<span style=\"font-size: 10pt;\">Quelle: <a href=\"https:\/\/www.pexels.com\/photo\/protesters-in-belarus-5119453\/\" target=\"_blank\" rel=\"noopener noreferrer\">https:\/\/www.pexels.com\/photo\/protesters-in-belarus-5119453\/<\/a><\/span><\/p>\n","protected":false},"excerpt":{"rendered":"<p><b>Beitrag von Willy Wimmer<\/b><br \/>\nDer fr\u00fchere CDU-Politiker hatte am 2. Mai 2000 einen Brief an den damaligen Bundeskanzler Gerhard Schr\u00f6der (SPD) geschrieben und darin von einer Konferenz berichtet, die von zwei US-amerikanischen Organisationen in der slowakischen Hauptstadt Bratislava ausgerichtet worden war. Was dort beraten und von US-amerikanischer Seite als Planung vorgestellt wurde, erkl\u00e4rt im Wesentlichen das jetzt aufgetretene Problem: der weitere Versuch, den Einflussbereich von NATO und EU auszuweiten. Willy Wimmer kommt im folgenden, neuen Text auf den fr\u00fcheren Brief zur\u00fcck. Da dieser Brief immer noch aktuell ist und vieles Aktuelles erkl\u00e4rt, ist er als Anlage angeh\u00e4ngt.<\/p>\n","protected":false},"author":3,"featured_media":8556,"comment_status":"closed","ping_status":"closed","sticky":false,"template":"","format":"standard","meta":{"colormag_page_container_layout":"default_layout","colormag_page_sidebar_layout":"default_layout","advanced_seo_description":"","jetpack_seo_html_title":"","jetpack_seo_noindex":false,"jetpack_post_was_ever_published":false,"footnotes":""},"categories":[13],"tags":[699,1312,1314,56,222,185],"class_list":["post-8547","post","type-post","status-publish","format-standard","has-post-thumbnail","hentry","category-frieden-antifaschismus-solidaritaet","tag-aussenpolitik","tag-belarus","tag-geostrategie","tag-nato","tag-russland","tag-usa"],"jetpack_featured_media_url":"https:\/\/i0.wp.com\/www.freidenker.org\/fw17\/wp-content\/uploads\/2020\/08\/belarus_pexels-artem-podrez-5119453.jpg?fit=1280%2C853&ssl=1","jetpack_shortlink":"https:\/\/wp.me\/p9stpK-2dR","jetpack-related-posts":[{"id":7456,"url":"https:\/\/www.freidenker.org\/?p=7456","url_meta":{"origin":8547,"position":0},"title":"Man\u00f6ver der Schande","author":"Webredaktion","date":"21. Januar 2020","format":false,"excerpt":"Beitrag von Willy Wimmer Wenn eine Feststellung jemals zutreffend gewesen sein sollte, dann ist es diese: so etwas h\u00e4tte es bei Helmut Kohl als Bundeskanzler nicht gegeben. Jedem Zeitgenossen sind noch die Bilder von Verdun, dem gro\u00dfen. Schlachtfeld des Ersten Weltkrieges in Erinnerung. Vor dem Mahnmal von Douaumont reichten sich\u2026","rel":"","context":"In &quot;Frieden - Antifaschismus - Solidarit\u00e4t&quot;","block_context":{"text":"Frieden - Antifaschismus - Solidarit\u00e4t","link":"https:\/\/www.freidenker.org\/?cat=13"},"img":{"alt_text":"","src":"https:\/\/i0.wp.com\/www.freidenker.org\/fw17\/wp-content\/uploads\/2020\/01\/willy_wimmer_800x445.jpg?fit=800%2C445&ssl=1&resize=350%2C200","width":350,"height":200,"srcset":"https:\/\/i0.wp.com\/www.freidenker.org\/fw17\/wp-content\/uploads\/2020\/01\/willy_wimmer_800x445.jpg?fit=800%2C445&ssl=1&resize=350%2C200 1x, https:\/\/i0.wp.com\/www.freidenker.org\/fw17\/wp-content\/uploads\/2020\/01\/willy_wimmer_800x445.jpg?fit=800%2C445&ssl=1&resize=525%2C300 1.5x, https:\/\/i0.wp.com\/www.freidenker.org\/fw17\/wp-content\/uploads\/2020\/01\/willy_wimmer_800x445.jpg?fit=800%2C445&ssl=1&resize=700%2C400 2x"},"classes":[]},{"id":8650,"url":"https:\/\/www.freidenker.org\/?p=8650","url_meta":{"origin":8547,"position":1},"title":"&#8222;Br\u00fcssel dreht nicht das gro\u00dfe Rad, Br\u00fcssel dreht durch&#8220;","author":"Webredaktion","date":"21. September 2020","format":false,"excerpt":"Interview von RT Deutsch mit Willy Wimmer Der CDU-Politiker und ehemalige Staatssekret\u00e4r Willy Wimmer \u00e4u\u00dfert sich im RT-Interview zum Fall Nawalny und zu den Forderungen des EU-Parlaments nach h\u00e4rteren Sanktionen gegen Russland. F: Die Resolution wurde angenommen, aber erwarten Sie angesichts ihres unverbindlichen Charakters weitere ernsthafte Schritte gegen Russland? A:\u2026","rel":"","context":"In &quot;Demokratie \u2013 Medien \u2013 Aufkl\u00e4rung&quot;","block_context":{"text":"Demokratie \u2013 Medien \u2013 Aufkl\u00e4rung","link":"https:\/\/www.freidenker.org\/?cat=12"},"img":{"alt_text":"","src":"https:\/\/i0.wp.com\/www.freidenker.org\/fw17\/wp-content\/uploads\/2020\/09\/willy_wimmer_rt_800x450.jpg?fit=800%2C450&ssl=1&resize=350%2C200","width":350,"height":200,"srcset":"https:\/\/i0.wp.com\/www.freidenker.org\/fw17\/wp-content\/uploads\/2020\/09\/willy_wimmer_rt_800x450.jpg?fit=800%2C450&ssl=1&resize=350%2C200 1x, https:\/\/i0.wp.com\/www.freidenker.org\/fw17\/wp-content\/uploads\/2020\/09\/willy_wimmer_rt_800x450.jpg?fit=800%2C450&ssl=1&resize=525%2C300 1.5x, https:\/\/i0.wp.com\/www.freidenker.org\/fw17\/wp-content\/uploads\/2020\/09\/willy_wimmer_rt_800x450.jpg?fit=800%2C450&ssl=1&resize=700%2C400 2x"},"classes":[]},{"id":12821,"url":"https:\/\/www.freidenker.org\/?p=12821","url_meta":{"origin":8547,"position":2},"title":"FREIDENKER Nr. 1-22 \u2013 Das Imperium der L\u00fcgen","author":"Webredaktion","date":"16. April 2022","format":false,"excerpt":"Die Ausgabe 1-22 des Verbandsorgans FREIDENKER hat das Schwerpunkt-Thema \u201eDas Imperium der L\u00fcgen\u201c und enth\u00e4lt u.a. folgende Beitr\u00e4ge: - Werner R\u00fcgemer: \u201eChristliches Abendland\u201c am Ende \u2013 der Kapitalismus wird nicht besser - Sebastian Bahlo: Die Kirche des Guten - Liane Kilinc: Angeschlagene Friedenstaube - Klaus Hartmann: Der Krieg in der\u2026","rel":"","context":"In &quot;Verbandsorgan FREIDENKER&quot;","block_context":{"text":"Verbandsorgan FREIDENKER","link":"https:\/\/www.freidenker.org\/?cat=8"},"img":{"alt_text":"","src":"https:\/\/i0.wp.com\/www.freidenker.org\/fw17\/wp-content\/uploads\/2022\/04\/FD_2022-01_Titel_mR.jpg?fit=800%2C445&ssl=1&resize=350%2C200","width":350,"height":200,"srcset":"https:\/\/i0.wp.com\/www.freidenker.org\/fw17\/wp-content\/uploads\/2022\/04\/FD_2022-01_Titel_mR.jpg?fit=800%2C445&ssl=1&resize=350%2C200 1x, https:\/\/i0.wp.com\/www.freidenker.org\/fw17\/wp-content\/uploads\/2022\/04\/FD_2022-01_Titel_mR.jpg?fit=800%2C445&ssl=1&resize=525%2C300 1.5x, https:\/\/i0.wp.com\/www.freidenker.org\/fw17\/wp-content\/uploads\/2022\/04\/FD_2022-01_Titel_mR.jpg?fit=800%2C445&ssl=1&resize=700%2C400 2x"},"classes":[]},{"id":12907,"url":"https:\/\/www.freidenker.org\/?p=12907","url_meta":{"origin":8547,"position":3},"title":"&#8222;Entscheidung auf dem Schlachtfeld&#8220;? Das klingt wie 1944","author":"Webredaktion","date":"25. April 2022","format":false,"excerpt":"Beitrag von Willy Wimmer Die Tonlagen aus Berlin, Br\u00fcssel und Washington wecken Erinnerungen. W\u00e4hrend in Deutschland jeder, der nicht auf Mainstream geschaltet ist, jederzeit mit dem Vorwurf rechnen muss, dass er Extremist und schlimmstenfalls Nazi ist, klingen die \u00f6ffentlichen Erkl\u00e4rungen aus der jeweiligen F\u00fchrungsetage so, wie es 1944 oder 1945\u2026","rel":"","context":"In &quot;Frieden - Antifaschismus - Solidarit\u00e4t&quot;","block_context":{"text":"Frieden - Antifaschismus - Solidarit\u00e4t","link":"https:\/\/www.freidenker.org\/?cat=13"},"img":{"alt_text":"","src":"https:\/\/i0.wp.com\/www.freidenker.org\/fw17\/wp-content\/uploads\/2022\/04\/mariupol_6261953548fbef4bfd3c97ec_800x450.jpg?fit=800%2C450&ssl=1&resize=350%2C200","width":350,"height":200,"srcset":"https:\/\/i0.wp.com\/www.freidenker.org\/fw17\/wp-content\/uploads\/2022\/04\/mariupol_6261953548fbef4bfd3c97ec_800x450.jpg?fit=800%2C450&ssl=1&resize=350%2C200 1x, https:\/\/i0.wp.com\/www.freidenker.org\/fw17\/wp-content\/uploads\/2022\/04\/mariupol_6261953548fbef4bfd3c97ec_800x450.jpg?fit=800%2C450&ssl=1&resize=525%2C300 1.5x, https:\/\/i0.wp.com\/www.freidenker.org\/fw17\/wp-content\/uploads\/2022\/04\/mariupol_6261953548fbef4bfd3c97ec_800x450.jpg?fit=800%2C450&ssl=1&resize=700%2C400 2x"},"classes":[]},{"id":12048,"url":"https:\/\/www.freidenker.org\/?p=12048","url_meta":{"origin":8547,"position":4},"title":"Wladimir und Joe sollen es richten","author":"Webredaktion","date":"24. Januar 2022","format":false,"excerpt":"Genf nach dem Treffen von Lawrow und Blinken - Beitrag von Willy Wimmer Es war m\u00fchsam genug, was der amerikanische Au\u00dfenminister Blinken in den letzten Tagen alles unternehmen musste, um sich auf das Treffen mit seinem russischen Gegenspieler, Au\u00dfenminister Lawrow, vorzubereiten. Es waren nicht nur die hektischen Reisen kreuz und\u2026","rel":"","context":"In &quot;Frieden - Antifaschismus - Solidarit\u00e4t&quot;","block_context":{"text":"Frieden - Antifaschismus - Solidarit\u00e4t","link":"https:\/\/www.freidenker.org\/?cat=13"},"img":{"alt_text":"","src":"https:\/\/i0.wp.com\/www.freidenker.org\/fw17\/wp-content\/uploads\/2022\/01\/lawrow_blinken_genf2022_800x450.jpg?fit=800%2C450&ssl=1&resize=350%2C200","width":350,"height":200,"srcset":"https:\/\/i0.wp.com\/www.freidenker.org\/fw17\/wp-content\/uploads\/2022\/01\/lawrow_blinken_genf2022_800x450.jpg?fit=800%2C450&ssl=1&resize=350%2C200 1x, https:\/\/i0.wp.com\/www.freidenker.org\/fw17\/wp-content\/uploads\/2022\/01\/lawrow_blinken_genf2022_800x450.jpg?fit=800%2C450&ssl=1&resize=525%2C300 1.5x, https:\/\/i0.wp.com\/www.freidenker.org\/fw17\/wp-content\/uploads\/2022\/01\/lawrow_blinken_genf2022_800x450.jpg?fit=800%2C450&ssl=1&resize=700%2C400 2x"},"classes":[]},{"id":7477,"url":"https:\/\/www.freidenker.org\/?p=7477","url_meta":{"origin":8547,"position":5},"title":"Ein Bundespr\u00e4sident und die Konsequenzen","author":"Webredaktion","date":"31. Januar 2020","format":false,"excerpt":"Beitrag von Willy Wimmer Seit dem v\u00f6lkerrechtswidrigen Krieg der NATO auf europ\u00e4ischem Territorium gegen die Bundesrepublik Jugoslawien wird seitens der NATO konsequent die Erosion des V\u00f6lkerrechts betrieben. Das Faustrecht soll die internationalen Beziehungen bestimmen. Amerikanische Sichtweise geht vor und der Umbau unserer Staaten zu einem von Washington bestimmten Vorfeld, auch\u2026","rel":"","context":"In &quot;Frieden - Antifaschismus - Solidarit\u00e4t&quot;","block_context":{"text":"Frieden - Antifaschismus - Solidarit\u00e4t","link":"https:\/\/www.freidenker.org\/?cat=13"},"img":{"alt_text":"","src":"https:\/\/i0.wp.com\/www.freidenker.org\/fw17\/wp-content\/uploads\/2020\/02\/castle-bellevue-196448_800x445.jpg?fit=800%2C445&ssl=1&resize=350%2C200","width":350,"height":200,"srcset":"https:\/\/i0.wp.com\/www.freidenker.org\/fw17\/wp-content\/uploads\/2020\/02\/castle-bellevue-196448_800x445.jpg?fit=800%2C445&ssl=1&resize=350%2C200 1x, https:\/\/i0.wp.com\/www.freidenker.org\/fw17\/wp-content\/uploads\/2020\/02\/castle-bellevue-196448_800x445.jpg?fit=800%2C445&ssl=1&resize=525%2C300 1.5x, https:\/\/i0.wp.com\/www.freidenker.org\/fw17\/wp-content\/uploads\/2020\/02\/castle-bellevue-196448_800x445.jpg?fit=800%2C445&ssl=1&resize=700%2C400 2x"},"classes":[]}],"_links":{"self":[{"href":"https:\/\/www.freidenker.org\/index.php?rest_route=\/wp\/v2\/posts\/8547","targetHints":{"allow":["GET"]}}],"collection":[{"href":"https:\/\/www.freidenker.org\/index.php?rest_route=\/wp\/v2\/posts"}],"about":[{"href":"https:\/\/www.freidenker.org\/index.php?rest_route=\/wp\/v2\/types\/post"}],"author":[{"embeddable":true,"href":"https:\/\/www.freidenker.org\/index.php?rest_route=\/wp\/v2\/users\/3"}],"replies":[{"embeddable":true,"href":"https:\/\/www.freidenker.org\/index.php?rest_route=%2Fwp%2Fv2%2Fcomments&post=8547"}],"version-history":[{"count":0,"href":"https:\/\/www.freidenker.org\/index.php?rest_route=\/wp\/v2\/posts\/8547\/revisions"}],"wp:featuredmedia":[{"embeddable":true,"href":"https:\/\/www.freidenker.org\/index.php?rest_route=\/wp\/v2\/media\/8556"}],"wp:attachment":[{"href":"https:\/\/www.freidenker.org\/index.php?rest_route=%2Fwp%2Fv2%2Fmedia&parent=8547"}],"wp:term":[{"taxonomy":"category","embeddable":true,"href":"https:\/\/www.freidenker.org\/index.php?rest_route=%2Fwp%2Fv2%2Fcategories&post=8547"},{"taxonomy":"post_tag","embeddable":true,"href":"https:\/\/www.freidenker.org\/index.php?rest_route=%2Fwp%2Fv2%2Ftags&post=8547"}],"curies":[{"name":"wp","href":"https:\/\/api.w.org\/{rel}","templated":true}]}}