{"id":8536,"date":"2020-08-15T14:10:34","date_gmt":"2020-08-15T12:10:34","guid":{"rendered":"https:\/\/www.freidenker.org\/?p=8536"},"modified":"2020-09-27T10:55:03","modified_gmt":"2020-09-27T08:55:03","slug":"video-ruhige-worte-zu-aufregenden-zeiten","status":"publish","type":"post","link":"https:\/\/www.freidenker.org\/?p=8536","title":{"rendered":"Video: Ruhige Worte zu aufregenden Zeiten"},"content":{"rendered":"<p><em>Rede von <strong>Dagmar Henn<\/strong><\/em><\/p>\n<p><em>Vorwort von <strong>Holger Gr\u00fcnwedel<\/strong><\/em><\/p>\n<p>Die durch Corona ausgel\u00f6sten Ver\u00e4nderungen betreffen viele Bereiche des Lebens. Die gesellschaftliche Stimmung ist aufgeheizt, ruhige und sachliche Diskussion ist kaum noch m\u00f6glich. Viele haben zu Recht Angst um ihre Existenz.<br \/>\nDie Vorgaben, die -so wird es zumindest gesagt &#8211; der Pandemie geschuldet sind, greifen tief in das Leben der Menschen ein. Soziale Kommunikation wird erschwert, und gleichzeitig ver\u00e4ndert sich die Arbeitssituation vieler durch &#8218;home office&#8216;. Geht es dabei wirklich um die Pandemie? Oder ist Corona nur ein willkommener Vorwand, um weitere Lasten auf die normalen B\u00fcrger abzuw\u00e4lzen &#8211; im Interesse der oberen Zehntausend?<\/p>\n<div class=\"jetpack-video-wrapper\"><span class=\"embed-youtube\" style=\"text-align:center; display: block;\"><iframe loading=\"lazy\" class=\"youtube-player\" width=\"800\" height=\"450\" src=\"https:\/\/www.youtube.com\/embed\/sv5NOoTiqGY?version=3&#038;rel=1&#038;showsearch=0&#038;showinfo=1&#038;iv_load_policy=1&#038;fs=1&#038;hl=de-DE&#038;autohide=2&#038;wmode=transparent\" allowfullscreen=\"true\" style=\"border:0;\" sandbox=\"allow-scripts allow-same-origin allow-popups allow-presentation allow-popups-to-escape-sandbox\"><\/iframe><\/span><\/div>\n<p>&nbsp;<\/p>\n<p style=\"text-align: right;\"><em>Dagmar Henn ist Mitglied des Deutschen Freidenker-Verbandes, Landesverband Berlin<\/em><\/p>\n<p><span style=\"font-size: 10pt;\">Direktlink zum Video auf YouTube: <a href=\"https:\/\/www.youtube.com\/watch?v=sv5NOoTiqGY\" target=\"_blank\" rel=\"noopener noreferrer\">https:\/\/www.youtube.com\/watch?v=sv5NOoTiqGY<\/a><\/span><\/p>\n<hr \/>\n<p><span style=\"font-size: 10pt;\">Bild: <a href=\"https:\/\/pixabay.com\/de\/photos\/coronavirus-virus-maske-corona-4914028\/\" target=\"_blank\" rel=\"noopener noreferrer\">pixabay.com<\/a> \/ <a class=\"hover_opacity\" href=\"https:\/\/pixabay.com\/de\/users\/Tumisu-148124\/\" target=\"_blank\" rel=\"noopener noreferrer\">Tumisu<\/a> \/ <a href=\"https:\/\/pixabay.com\/de\/service\/license\/\" target=\"_blank\" rel=\"noopener noreferrer\">Pixabay License<\/a><\/span><\/p>\n","protected":false},"excerpt":{"rendered":"<p><b>Rede von Dagmar Henn<\/b><br \/>\nDie durch Corona ausgel\u00f6sten Ver\u00e4nderungen betreffen viele Bereiche des Lebens. Die gesellschaftliche Stimmung ist aufgeheizt, ruhige und sachliche Diskussion ist kaum noch m\u00f6glich. Viele haben zu Recht Angst um ihre Existenz.<br \/>\nDie Vorgaben, die -so wird es zumindest gesagt &#8211; der Pandemie geschuldet sind, greifen tief in das Leben der Menschen ein. Soziale Kommunikation wird erschwert, und gleichzeitig ver\u00e4ndert sich die Arbeitssituation vieler durch &#8218;home office&#8216;. Geht es dabei wirklich um die Pandemie?<\/p>\n","protected":false},"author":3,"featured_media":8537,"comment_status":"closed","ping_status":"closed","sticky":false,"template":"","format":"standard","meta":{"colormag_page_container_layout":"default_layout","colormag_page_sidebar_layout":"default_layout","advanced_seo_description":"","jetpack_seo_html_title":"","jetpack_seo_noindex":false,"jetpack_post_was_ever_published":false,"footnotes":""},"categories":[11,12],"tags":[1076,1256,577,466,1257,124],"class_list":["post-8536","post","type-post","status-publish","format-standard","has-post-thumbnail","hentry","category-arbeit-soziales","category-demokratie-medien-aufklaerung","tag-arbeit","tag-corona-virus","tag-gesundheitspolitik","tag-kommunikation","tag-pandemie","tag-politik"],"jetpack_featured_media_url":"https:\/\/i0.wp.com\/www.freidenker.org\/fw17\/wp-content\/uploads\/2020\/08\/coronavirus-4914028_800x450.jpg?fit=800%2C450&ssl=1","jetpack_shortlink":"https:\/\/wp.me\/p9stpK-2dG","jetpack-related-posts":[{"id":19608,"url":"https:\/\/www.freidenker.org\/?p=19608","url_meta":{"origin":8536,"position":0},"title":"RKI-Protokolle: Wenn die Perversion zur Normalit\u00e4t wird, sind Skandale nicht mehr m\u00f6glich","author":"Webredaktion","date":"31. Juli 2024","format":false,"excerpt":"Beitrag von Tom J. Wellbrock Ruprecht Rolf Gotthelf Polenz geh\u00f6rt zu den Schlimmsten. Er ist seit 2013 Pr\u00e4sident der Deutschen Gesellschaft f\u00fcr Osteuropakunde, war von 2005 bis 2013 Vorsitzender des Ausw\u00e4rtigen Ausschusses des Deutschen Bundestages und von April bis November 2000 Generalsekret\u00e4r der CDU. Polenz ist auf X (ehemals Twitter)\u2026","rel":"","context":"In &quot;Demokratie \u2013 Medien \u2013 Aufkl\u00e4rung&quot;","block_context":{"text":"Demokratie \u2013 Medien \u2013 Aufkl\u00e4rung","link":"https:\/\/www.freidenker.org\/?cat=12"},"img":{"alt_text":"","src":"https:\/\/i0.wp.com\/www.freidenker.org\/fw17\/wp-content\/uploads\/2024\/07\/Berlin_RKI_building_Nordufer_asv2021-03_img1_800x450.jpg?fit=800%2C450&ssl=1&resize=350%2C200","width":350,"height":200,"srcset":"https:\/\/i0.wp.com\/www.freidenker.org\/fw17\/wp-content\/uploads\/2024\/07\/Berlin_RKI_building_Nordufer_asv2021-03_img1_800x450.jpg?fit=800%2C450&ssl=1&resize=350%2C200 1x, https:\/\/i0.wp.com\/www.freidenker.org\/fw17\/wp-content\/uploads\/2024\/07\/Berlin_RKI_building_Nordufer_asv2021-03_img1_800x450.jpg?fit=800%2C450&ssl=1&resize=525%2C300 1.5x, https:\/\/i0.wp.com\/www.freidenker.org\/fw17\/wp-content\/uploads\/2024\/07\/Berlin_RKI_building_Nordufer_asv2021-03_img1_800x450.jpg?fit=800%2C450&ssl=1&resize=700%2C400 2x"},"classes":[]},{"id":22849,"url":"https:\/\/www.freidenker.org\/?p=22849","url_meta":{"origin":8536,"position":1},"title":"Corona-Enquete-Kommission konstituiert: CDU-&#8222;Impfbef\u00fcrworterin&#8220; als Vorsitzende","author":"Webredaktion","date":"15. September 2025","format":false,"excerpt":"Beitrag von Bernhard Loyen Der windige und unantastbare Karl Lauterbach hatte im April\u00a02023 kurzerhand die \"Corona-Pandemie f\u00fcr beendet\" erkl\u00e4rt. Was folgte, ist so weit bekannt und dokumentiert.\u00a0Am 8.\u00a0September dieses Jahres\u00a0\u2013 und damit zweieinhalb Jahre nach Lauterbachs willk\u00fcrlicher Mitteilung\u00a0\u2013\u00a0verk\u00fcndet nun die Website des Bundestags, dass sich die \"Enquete-Kommission zur Corona-Pandemie\" konstituiert\u2026","rel":"","context":"In &quot;Demokratie \u2013 Medien \u2013 Aufkl\u00e4rung&quot;","block_context":{"text":"Demokratie \u2013 Medien \u2013 Aufkl\u00e4rung","link":"https:\/\/www.freidenker.org\/?cat=12"},"img":{"alt_text":"","src":"https:\/\/i0.wp.com\/www.freidenker.org\/fw17\/wp-content\/uploads\/2025\/09\/covid-5859407_800x450.jpg?fit=800%2C450&ssl=1&resize=350%2C200","width":350,"height":200,"srcset":"https:\/\/i0.wp.com\/www.freidenker.org\/fw17\/wp-content\/uploads\/2025\/09\/covid-5859407_800x450.jpg?fit=800%2C450&ssl=1&resize=350%2C200 1x, https:\/\/i0.wp.com\/www.freidenker.org\/fw17\/wp-content\/uploads\/2025\/09\/covid-5859407_800x450.jpg?fit=800%2C450&ssl=1&resize=525%2C300 1.5x, https:\/\/i0.wp.com\/www.freidenker.org\/fw17\/wp-content\/uploads\/2025\/09\/covid-5859407_800x450.jpg?fit=800%2C450&ssl=1&resize=700%2C400 2x"},"classes":[]},{"id":11594,"url":"https:\/\/www.freidenker.org\/?p=11594","url_meta":{"origin":8536,"position":2},"title":"Meinungsmache in der Praxis","author":"Webredaktion","date":"11. November 2021","format":false,"excerpt":"Beitrag von Christian Harde Politik und Mainstream \u00fcberschlagen sich seit Tagen mit neuen Horrormeldungen \u00fcber steigende Inzidenzen und volle Krankenh\u00e4user. In dieser Lage kann und will die Welt nicht zur\u00fcckstehen und heizt mit einer tendenzi\u00f6sen Interpretation einer fragw\u00fcrdigen Meinungsumfrage die Panik-Kommunikation weiter an. Eine Versch\u00e4rfung der Ma\u00dfnahmen sei dringend geboten.\u2026","rel":"","context":"In &quot;Demokratie \u2013 Medien \u2013 Aufkl\u00e4rung&quot;","block_context":{"text":"Demokratie \u2013 Medien \u2013 Aufkl\u00e4rung","link":"https:\/\/www.freidenker.org\/?cat=12"},"img":{"alt_text":"","src":"https:\/\/i0.wp.com\/www.freidenker.org\/fw17\/wp-content\/uploads\/2021\/11\/climate-change-5128984_800x446.jpg?fit=800%2C446&ssl=1&resize=350%2C200","width":350,"height":200,"srcset":"https:\/\/i0.wp.com\/www.freidenker.org\/fw17\/wp-content\/uploads\/2021\/11\/climate-change-5128984_800x446.jpg?fit=800%2C446&ssl=1&resize=350%2C200 1x, https:\/\/i0.wp.com\/www.freidenker.org\/fw17\/wp-content\/uploads\/2021\/11\/climate-change-5128984_800x446.jpg?fit=800%2C446&ssl=1&resize=525%2C300 1.5x, https:\/\/i0.wp.com\/www.freidenker.org\/fw17\/wp-content\/uploads\/2021\/11\/climate-change-5128984_800x446.jpg?fit=800%2C446&ssl=1&resize=700%2C400 2x"},"classes":[]},{"id":11398,"url":"https:\/\/www.freidenker.org\/?p=11398","url_meta":{"origin":8536,"position":3},"title":"Die Pandemie-Priester","author":"Webredaktion","date":"13. Oktober 2021","format":false,"excerpt":"Beitrag von Anke Behrend Der Corona-Kult ist mittlerweile un\u00fcbersehbar und bestens beschrieben. Unter dem Firnis der Ph\u00e4nomene erscheint das Pandemiegeschehen in G\u00e4nze mit all seinen Protagonisten, Erz\u00e4hlungen, sozialen und kulturellen Referenzen als eine inszenierte Religion mit etlichen, seit Jahrhunderten einge\u00fcbten und in die DNA der Gesellschaft eingeschriebenen Stilmitteln der Macht\u2026","rel":"","context":"In &quot;Demokratie \u2013 Medien \u2013 Aufkl\u00e4rung&quot;","block_context":{"text":"Demokratie \u2013 Medien \u2013 Aufkl\u00e4rung","link":"https:\/\/www.freidenker.org\/?cat=12"},"img":{"alt_text":"","src":"https:\/\/i0.wp.com\/www.freidenker.org\/fw17\/wp-content\/uploads\/2021\/10\/pandemiepriester_800x450.jpg?fit=800%2C450&ssl=1&resize=350%2C200","width":350,"height":200,"srcset":"https:\/\/i0.wp.com\/www.freidenker.org\/fw17\/wp-content\/uploads\/2021\/10\/pandemiepriester_800x450.jpg?fit=800%2C450&ssl=1&resize=350%2C200 1x, https:\/\/i0.wp.com\/www.freidenker.org\/fw17\/wp-content\/uploads\/2021\/10\/pandemiepriester_800x450.jpg?fit=800%2C450&ssl=1&resize=525%2C300 1.5x, https:\/\/i0.wp.com\/www.freidenker.org\/fw17\/wp-content\/uploads\/2021\/10\/pandemiepriester_800x450.jpg?fit=800%2C450&ssl=1&resize=700%2C400 2x"},"classes":[]},{"id":9180,"url":"https:\/\/www.freidenker.org\/?p=9180","url_meta":{"origin":8536,"position":4},"title":"Bill Gates und die weltweite Impfstrategie","author":"Webredaktion","date":"10. Januar 2021","format":false,"excerpt":"Beitrag von Prof. Dr. med. Hannes Wandt Im Zusammenhang mit der Corona-Pandemie ist Bill Gates ins Zentrum des ver\u00f6ffentlichten Interesses geraten. \u201eVerschw\u00f6rungstheoretiker\u201c behaupteten anfangs sogar, er habe bewusst f\u00fcr die weltweite Verbreitung von SarsCoV2 gesorgt, um die ganze Menschheit impfen lassen zu k\u00f6nnen. Manche dieser Theoretiker haben sich zus\u00e4tzlich dazu\u2026","rel":"","context":"In &quot;Arbeit &amp; Soziales&quot;","block_context":{"text":"Arbeit &amp; Soziales","link":"https:\/\/www.freidenker.org\/?cat=11"},"img":{"alt_text":"","src":"https:\/\/i0.wp.com\/www.freidenker.org\/fw17\/wp-content\/uploads\/2021\/01\/impfen_forced-vaccination-5291869_800x450.jpg?fit=800%2C450&ssl=1&resize=350%2C200","width":350,"height":200,"srcset":"https:\/\/i0.wp.com\/www.freidenker.org\/fw17\/wp-content\/uploads\/2021\/01\/impfen_forced-vaccination-5291869_800x450.jpg?fit=800%2C450&ssl=1&resize=350%2C200 1x, https:\/\/i0.wp.com\/www.freidenker.org\/fw17\/wp-content\/uploads\/2021\/01\/impfen_forced-vaccination-5291869_800x450.jpg?fit=800%2C450&ssl=1&resize=525%2C300 1.5x, https:\/\/i0.wp.com\/www.freidenker.org\/fw17\/wp-content\/uploads\/2021\/01\/impfen_forced-vaccination-5291869_800x450.jpg?fit=800%2C450&ssl=1&resize=700%2C400 2x"},"classes":[]},{"id":12039,"url":"https:\/\/www.freidenker.org\/?p=12039","url_meta":{"origin":8536,"position":5},"title":"&#8222;Der Staat sorgt daf\u00fcr, dass BioNTech den Markt beh\u00e4lt&#8220;","author":"Webredaktion","date":"21. Januar 2022","format":false,"excerpt":"Video-Interview mit Diether Dehm Nach Ansicht von Dr. Diether Dehm wird die Kluft zwischen Arm und Reich in Deutschland durch die Politik, insbesondere durch die Corona-Ma\u00dfnahmen gef\u00f6rdert, und gleichzeitig werden gewinntr\u00e4chtige Unternehmen wie BioNTech staatlich gest\u00fctzt. Viele mittelst\u00e4ndische Unternehmen w\u00fcrden dagegen in den Konkurs getrieben, w\u00e4hrend ihre Kunden von gro\u00dfen\u2026","rel":"","context":"In &quot;Arbeit &amp; Soziales&quot;","block_context":{"text":"Arbeit &amp; Soziales","link":"https:\/\/www.freidenker.org\/?cat=11"},"img":{"alt_text":"","src":"https:\/\/i0.wp.com\/www.freidenker.org\/fw17\/wp-content\/uploads\/2022\/01\/Biontech_800x450.jpg?fit=800%2C450&ssl=1&resize=350%2C200","width":350,"height":200,"srcset":"https:\/\/i0.wp.com\/www.freidenker.org\/fw17\/wp-content\/uploads\/2022\/01\/Biontech_800x450.jpg?fit=800%2C450&ssl=1&resize=350%2C200 1x, https:\/\/i0.wp.com\/www.freidenker.org\/fw17\/wp-content\/uploads\/2022\/01\/Biontech_800x450.jpg?fit=800%2C450&ssl=1&resize=525%2C300 1.5x, https:\/\/i0.wp.com\/www.freidenker.org\/fw17\/wp-content\/uploads\/2022\/01\/Biontech_800x450.jpg?fit=800%2C450&ssl=1&resize=700%2C400 2x"},"classes":[]}],"_links":{"self":[{"href":"https:\/\/www.freidenker.org\/index.php?rest_route=\/wp\/v2\/posts\/8536","targetHints":{"allow":["GET"]}}],"collection":[{"href":"https:\/\/www.freidenker.org\/index.php?rest_route=\/wp\/v2\/posts"}],"about":[{"href":"https:\/\/www.freidenker.org\/index.php?rest_route=\/wp\/v2\/types\/post"}],"author":[{"embeddable":true,"href":"https:\/\/www.freidenker.org\/index.php?rest_route=\/wp\/v2\/users\/3"}],"replies":[{"embeddable":true,"href":"https:\/\/www.freidenker.org\/index.php?rest_route=%2Fwp%2Fv2%2Fcomments&post=8536"}],"version-history":[{"count":0,"href":"https:\/\/www.freidenker.org\/index.php?rest_route=\/wp\/v2\/posts\/8536\/revisions"}],"wp:featuredmedia":[{"embeddable":true,"href":"https:\/\/www.freidenker.org\/index.php?rest_route=\/wp\/v2\/media\/8537"}],"wp:attachment":[{"href":"https:\/\/www.freidenker.org\/index.php?rest_route=%2Fwp%2Fv2%2Fmedia&parent=8536"}],"wp:term":[{"taxonomy":"category","embeddable":true,"href":"https:\/\/www.freidenker.org\/index.php?rest_route=%2Fwp%2Fv2%2Fcategories&post=8536"},{"taxonomy":"post_tag","embeddable":true,"href":"https:\/\/www.freidenker.org\/index.php?rest_route=%2Fwp%2Fv2%2Ftags&post=8536"}],"curies":[{"name":"wp","href":"https:\/\/api.w.org\/{rel}","templated":true}]}}