{"id":8521,"date":"2020-08-14T14:30:03","date_gmt":"2020-08-14T12:30:03","guid":{"rendered":"https:\/\/www.freidenker.org\/?p=8521"},"modified":"2020-09-27T10:54:39","modified_gmt":"2020-09-27T08:54:39","slug":"alles-covidioten-vernunft-heisst-diskutieren-statt-stigmatisieren","status":"publish","type":"post","link":"https:\/\/www.freidenker.org\/?p=8521","title":{"rendered":"Alles Covidioten? Vernunft hei\u00dft: diskutieren statt stigmatisieren"},"content":{"rendered":"<p><em><strong>Christiane Reymann<\/strong><\/em> und <em><strong>Wolfgang Gehrcke<\/strong><\/em> diskutieren auf dem &#8222;Roten Platz&#8220; von Weltnetz.tv \u00fcber die Berliner Demo am 1. August 2020 und die Medienhetzjagd gegen die Demonstrationsteilnehmer.<\/p>\n<div class=\"jetpack-video-wrapper\"><span class=\"embed-youtube\" style=\"text-align:center; display: block;\"><iframe loading=\"lazy\" class=\"youtube-player\" width=\"800\" height=\"450\" src=\"https:\/\/www.youtube.com\/embed\/5YQKbWa18pA?version=3&#038;rel=1&#038;showsearch=0&#038;showinfo=1&#038;iv_load_policy=1&#038;fs=1&#038;hl=de-DE&#038;autohide=2&#038;wmode=transparent\" allowfullscreen=\"true\" style=\"border:0;\" sandbox=\"allow-scripts allow-same-origin allow-popups allow-presentation allow-popups-to-escape-sandbox\"><\/iframe><\/span><\/div>\n<p>Viele, sehr viele Menschen haben am 1. August in Berlin demonstriert: Gegen ein Corona-Regime, das mit dem Virus zugleich demokratische Freiheitsrechte ins Visier nimmt. Alles geballte Unvernunft? Alle wahlweise Nazis, Corona-Leugner oder Idioten? Christiane Reymann und Wolfgang Gehrcke pl\u00e4dieren daf\u00fcr, endlich (wieder?) Vernunft walten zu lassen.<\/p>\n<p><span style=\"font-size: 10pt;\">Link zur Ank\u00fcndigung des Videos auf der Webseite von Wolfgang Gehrke am 04.08.2020: <a href=\"https:\/\/www.wolfgang-gehrcke.de\/de\/article\/2257.der-rote-platz-77-alles-covidioten.html\" target=\"_blank\" rel=\"noopener noreferrer\">https:\/\/www.wolfgang-gehrcke.de\/de\/article\/2257.der-rote-platz-77-alles-covidioten.html<\/a><\/span><\/p>\n<p><span style=\"font-size: 10pt;\">Direktlink zum Video\u00a0 auf YouTube: <a href=\"https:\/\/www.youtube.com\/watch?v=5YQKbWa18pA&amp;feature=youtu.be\" target=\"_blank\" rel=\"noopener noreferrer\">https:\/\/www.youtube.com\/watch?v=5YQKbWa18pA<\/a><\/span><\/p>\n<hr \/>\n<p><span style=\"font-size: 10pt;\">Bild: Screenshot aus dem Video von weltnetz.tv<br \/>\n<\/span><\/p>\n","protected":false},"excerpt":{"rendered":"<p>Video: <b>Christiane Reymann und Wolfgang Gehrcke<\/b> diskutieren auf dem &#8222;Roten Platz&#8220; von Weltnetz tv \u00fcber die Berliner Demo am 1. August 2020 und die Medienhetzjagd gegen die Demonstrationsteilnehmer.<br \/>\nViele, sehr viele Menschen haben am 1. August in Berlin demonstriert: Gegen ein Corona-Regime, das mit dem Virus zugleich demokratische Freiheitsrechte ins Visier nimmt. Alles geballte Unvernunft? Alle wahlweise Nazis, Corona-Leugner oder Idioten? Christiane Reymann und Wolfgang Gehrcke pl\u00e4dieren daf\u00fcr, endlich (wieder?) Vernunft walten zu lassen.<\/p>\n","protected":false},"author":3,"featured_media":8522,"comment_status":"closed","ping_status":"closed","sticky":false,"template":"","format":"standard","meta":{"colormag_page_container_layout":"default_layout","colormag_page_sidebar_layout":"default_layout","advanced_seo_description":"","jetpack_seo_html_title":"","jetpack_seo_noindex":false,"jetpack_post_was_ever_published":false,"footnotes":""},"categories":[12],"tags":[1256,162,1273,411,395,39],"class_list":["post-8521","post","type-post","status-publish","format-standard","has-post-thumbnail","hentry","category-demokratie-medien-aufklaerung","tag-corona-virus","tag-demokratie","tag-demokratische-grundrechte","tag-demonstration","tag-meinungsfreiheit","tag-vernunft"],"jetpack_featured_media_url":"https:\/\/i0.wp.com\/www.freidenker.org\/fw17\/wp-content\/uploads\/2020\/08\/Gehrke_Reymann_800x450.jpg?fit=800%2C450&ssl=1","jetpack_shortlink":"https:\/\/wp.me\/p9stpK-2dr","jetpack-related-posts":[{"id":18333,"url":"https:\/\/www.freidenker.org\/?p=18333","url_meta":{"origin":8521,"position":0},"title":"Friedenstaub &#8211; I. Nationales Denkfest der Aktiven","author":"Webredaktion","date":"25. Februar 2024","format":false,"excerpt":"Friedensgesellschaft Musik statt Krieg e.V. (Tino Eisbrenner) und Schweriner Friedensb\u00fcndnis (Henry & Andrea Marek) laden ein zu Friedenstaub - I. Nationales Denkfest der Aktiven vom 22.-24. M\u00e4rz 2024 in den Ferienpark Retgendorf (bei Schwerin). Wir leben in bewegten Zeiten und setzen uns ein. Gegen Waffenhandel, Geschichtsf\u00e4lschung, politische Verdummung, Ausgrenzung\u2026 f\u00fcr\u2026","rel":"","context":"In &quot;Frieden - Antifaschismus - Solidarit\u00e4t&quot;","block_context":{"text":"Frieden - Antifaschismus - Solidarit\u00e4t","link":"https:\/\/www.freidenker.org\/?cat=13"},"img":{"alt_text":"","src":"https:\/\/i0.wp.com\/www.freidenker.org\/fw17\/wp-content\/uploads\/2024\/02\/Friedenstaub_Denkfest_800x450.jpg?fit=800%2C450&ssl=1&resize=350%2C200","width":350,"height":200,"srcset":"https:\/\/i0.wp.com\/www.freidenker.org\/fw17\/wp-content\/uploads\/2024\/02\/Friedenstaub_Denkfest_800x450.jpg?fit=800%2C450&ssl=1&resize=350%2C200 1x, https:\/\/i0.wp.com\/www.freidenker.org\/fw17\/wp-content\/uploads\/2024\/02\/Friedenstaub_Denkfest_800x450.jpg?fit=800%2C450&ssl=1&resize=525%2C300 1.5x, https:\/\/i0.wp.com\/www.freidenker.org\/fw17\/wp-content\/uploads\/2024\/02\/Friedenstaub_Denkfest_800x450.jpg?fit=800%2C450&ssl=1&resize=700%2C400 2x"},"classes":[]},{"id":2409,"url":"https:\/\/www.freidenker.org\/?p=2409","url_meta":{"origin":8521,"position":1},"title":"Freidenker-Brief 5-2017: Solidarit\u00e4t mit Ken Jebsen!","author":"Webredaktion","date":"25. November 2017","format":false,"excerpt":"Der Internet-Journalist Ken Jebsen erh\u00e4lt dieses Jahr den \u201eK\u00f6lner Karlspreis f\u00fcr engagierte Literatur und Publizistik\u201c, vergeben von der mittwochs im Internet erscheinenden Neuen Rheinischen Zeitung, deren Name an jenes historische \u201eOrgan der Demokratie\u201c \u2013 so der Untertitel \u2013 erinnert, durch das Karl Marx und Friedrich Engels von 1848 bis 1849\u2026","rel":"","context":"In &quot;Demokratie \u2013 Medien \u2013 Aufkl\u00e4rung&quot;","block_context":{"text":"Demokratie \u2013 Medien \u2013 Aufkl\u00e4rung","link":"https:\/\/www.freidenker.org\/?cat=12"},"img":{"alt_text":"","src":"https:\/\/i0.wp.com\/www.freidenker.org\/fw17\/wp-content\/uploads\/2017\/11\/Bild_Ken_Jebsen_KenFM.jpg?fit=800%2C445&ssl=1&resize=350%2C200","width":350,"height":200,"srcset":"https:\/\/i0.wp.com\/www.freidenker.org\/fw17\/wp-content\/uploads\/2017\/11\/Bild_Ken_Jebsen_KenFM.jpg?fit=800%2C445&ssl=1&resize=350%2C200 1x, https:\/\/i0.wp.com\/www.freidenker.org\/fw17\/wp-content\/uploads\/2017\/11\/Bild_Ken_Jebsen_KenFM.jpg?fit=800%2C445&ssl=1&resize=525%2C300 1.5x, https:\/\/i0.wp.com\/www.freidenker.org\/fw17\/wp-content\/uploads\/2017\/11\/Bild_Ken_Jebsen_KenFM.jpg?fit=800%2C445&ssl=1&resize=700%2C400 2x"},"classes":[]},{"id":20424,"url":"https:\/\/www.freidenker.org\/?p=20424","url_meta":{"origin":8521,"position":2},"title":"Bericht: II. Nationales Denkfest der Aktiven &#8211;\u00a0FRIEDENSTAUB(E)?","author":"Webredaktion","date":"30. November 2024","format":false,"excerpt":"Bericht von\u00a0Tino Eisbrenner und Henry & Andrea Marek Vom 15. bis 17. November 2024 veranstalteten Tino Eisbrenner und das Schweriner Friedensb\u00fcndnis mit Henry & Andrea Marek das 2. Internationale Denkfest der Aktiven. \u00dcber 230 Friedensfreunde aus dem gesamten Bundesgebiet und \u00d6sterreich fanden sich ein, um sich \u00fcber die st\u00e4ndig steigende\u2026","rel":"","context":"In &quot;Frieden - Antifaschismus - Solidarit\u00e4t&quot;","block_context":{"text":"Frieden - Antifaschismus - Solidarit\u00e4t","link":"https:\/\/www.freidenker.org\/?cat=13"},"img":{"alt_text":"","src":"https:\/\/i0.wp.com\/www.freidenker.org\/fw17\/wp-content\/uploads\/2024\/11\/Friedenstaub2_Podium-China_Krenz_ua_800x450.jpg?fit=800%2C450&ssl=1&resize=350%2C200","width":350,"height":200,"srcset":"https:\/\/i0.wp.com\/www.freidenker.org\/fw17\/wp-content\/uploads\/2024\/11\/Friedenstaub2_Podium-China_Krenz_ua_800x450.jpg?fit=800%2C450&ssl=1&resize=350%2C200 1x, https:\/\/i0.wp.com\/www.freidenker.org\/fw17\/wp-content\/uploads\/2024\/11\/Friedenstaub2_Podium-China_Krenz_ua_800x450.jpg?fit=800%2C450&ssl=1&resize=525%2C300 1.5x, https:\/\/i0.wp.com\/www.freidenker.org\/fw17\/wp-content\/uploads\/2024\/11\/Friedenstaub2_Podium-China_Krenz_ua_800x450.jpg?fit=800%2C450&ssl=1&resize=700%2C400 2x"},"classes":[]},{"id":21416,"url":"https:\/\/www.freidenker.org\/?p=21416","url_meta":{"origin":8521,"position":3},"title":"Bericht: 3. Denkfest der Aktiven","author":"Webredaktion","date":"9. April 2025","format":false,"excerpt":"Im Ferienpark Retgendorf bei Schwerin unseres Freidenkers Henry Marek und seiner Frau Andrea fand vom 28.\u201030. M\u00e4rz 2025 das 3. \"Denkfest der Aktiven\" statt. Zahlreiche Mitglieder unseres Verbandes beteiligten sich an der Programmgestaltung, unser Infostand wurde von Toni Brinkmann und Willi Schulze-Barantin betreut. Das Fest war ein voller Erfolg und\u2026","rel":"","context":"In &quot;Frieden - Antifaschismus - Solidarit\u00e4t&quot;","block_context":{"text":"Frieden - Antifaschismus - Solidarit\u00e4t","link":"https:\/\/www.freidenker.org\/?cat=13"},"img":{"alt_text":"","src":"https:\/\/i0.wp.com\/www.freidenker.org\/fw17\/wp-content\/uploads\/2025\/04\/3_Denkfest_Eisbrenner_800x450.jpg?fit=800%2C450&ssl=1&resize=350%2C200","width":350,"height":200,"srcset":"https:\/\/i0.wp.com\/www.freidenker.org\/fw17\/wp-content\/uploads\/2025\/04\/3_Denkfest_Eisbrenner_800x450.jpg?fit=800%2C450&ssl=1&resize=350%2C200 1x, https:\/\/i0.wp.com\/www.freidenker.org\/fw17\/wp-content\/uploads\/2025\/04\/3_Denkfest_Eisbrenner_800x450.jpg?fit=800%2C450&ssl=1&resize=525%2C300 1.5x, https:\/\/i0.wp.com\/www.freidenker.org\/fw17\/wp-content\/uploads\/2025\/04\/3_Denkfest_Eisbrenner_800x450.jpg?fit=800%2C450&ssl=1&resize=700%2C400 2x"},"classes":[]},{"id":17762,"url":"https:\/\/www.freidenker.org\/?p=17762","url_meta":{"origin":8521,"position":4},"title":"Der demokratische Antidemokrat \u2013 Zum Tod von Wolfgang Sch\u00e4uble","author":"Webredaktion","date":"6. Januar 2024","format":false,"excerpt":"Beitrag von Gert Ewen Ungar Wolfgang Sch\u00e4uble ist tot. Er starb im Alter von 81 Jahren im Kreise seiner Familie. Sch\u00e4uble konnte auf eine lange politische Karriere zur\u00fcckblicken, die nicht frei von Skandalen war. Sch\u00e4uble war durch und durch Machtpolitiker, wollte bestimmen, dominieren, dem politischen Gegner Niederlagen beibringen. Der Machtkampf\u2026","rel":"","context":"In &quot;Demokratie \u2013 Medien \u2013 Aufkl\u00e4rung&quot;","block_context":{"text":"Demokratie \u2013 Medien \u2013 Aufkl\u00e4rung","link":"https:\/\/www.freidenker.org\/?cat=12"},"img":{"alt_text":"","src":"https:\/\/i0.wp.com\/www.freidenker.org\/fw17\/wp-content\/uploads\/2024\/01\/Wolfgang_Schaeuble_by_OlafKosinsky_2772_800x450.jpg?fit=800%2C450&ssl=1&resize=350%2C200","width":350,"height":200,"srcset":"https:\/\/i0.wp.com\/www.freidenker.org\/fw17\/wp-content\/uploads\/2024\/01\/Wolfgang_Schaeuble_by_OlafKosinsky_2772_800x450.jpg?fit=800%2C450&ssl=1&resize=350%2C200 1x, https:\/\/i0.wp.com\/www.freidenker.org\/fw17\/wp-content\/uploads\/2024\/01\/Wolfgang_Schaeuble_by_OlafKosinsky_2772_800x450.jpg?fit=800%2C450&ssl=1&resize=525%2C300 1.5x, https:\/\/i0.wp.com\/www.freidenker.org\/fw17\/wp-content\/uploads\/2024\/01\/Wolfgang_Schaeuble_by_OlafKosinsky_2772_800x450.jpg?fit=800%2C450&ssl=1&resize=700%2C400 2x"},"classes":[]},{"id":15537,"url":"https:\/\/www.freidenker.org\/?p=15537","url_meta":{"origin":8521,"position":5},"title":"Appell: Meinungsfreiheit verteidigen!","author":"Webredaktion","date":"17. M\u00e4rz 2023","format":false,"excerpt":"Am 15. M\u00e4rz 2023 wurde der Appell \"Meinungsfreiheit verteidigen!\" der \u2013 mit Unterst\u00fctzung von 40 Personen, vor allem aus den Bereichen der Kultur, Publizistik und Wissenschaft \u2013 von Laura Freiin von Wimmersperg und Rechtsanwalt Hans Bauer initiiert worden war, an die Presse verteilt. ... Deutschland befindet sich in einer tiefen\u2026","rel":"","context":"In &quot;Demokratie \u2013 Medien \u2013 Aufkl\u00e4rung&quot;","block_context":{"text":"Demokratie \u2013 Medien \u2013 Aufkl\u00e4rung","link":"https:\/\/www.freidenker.org\/?cat=12"},"img":{"alt_text":"","src":"https:\/\/i0.wp.com\/www.freidenker.org\/fw17\/wp-content\/uploads\/2023\/03\/keine_waffen_fuer_ukraine_af_800x450.jpg?fit=800%2C450&ssl=1&resize=350%2C200","width":350,"height":200,"srcset":"https:\/\/i0.wp.com\/www.freidenker.org\/fw17\/wp-content\/uploads\/2023\/03\/keine_waffen_fuer_ukraine_af_800x450.jpg?fit=800%2C450&ssl=1&resize=350%2C200 1x, https:\/\/i0.wp.com\/www.freidenker.org\/fw17\/wp-content\/uploads\/2023\/03\/keine_waffen_fuer_ukraine_af_800x450.jpg?fit=800%2C450&ssl=1&resize=525%2C300 1.5x, https:\/\/i0.wp.com\/www.freidenker.org\/fw17\/wp-content\/uploads\/2023\/03\/keine_waffen_fuer_ukraine_af_800x450.jpg?fit=800%2C450&ssl=1&resize=700%2C400 2x"},"classes":[]}],"_links":{"self":[{"href":"https:\/\/www.freidenker.org\/index.php?rest_route=\/wp\/v2\/posts\/8521","targetHints":{"allow":["GET"]}}],"collection":[{"href":"https:\/\/www.freidenker.org\/index.php?rest_route=\/wp\/v2\/posts"}],"about":[{"href":"https:\/\/www.freidenker.org\/index.php?rest_route=\/wp\/v2\/types\/post"}],"author":[{"embeddable":true,"href":"https:\/\/www.freidenker.org\/index.php?rest_route=\/wp\/v2\/users\/3"}],"replies":[{"embeddable":true,"href":"https:\/\/www.freidenker.org\/index.php?rest_route=%2Fwp%2Fv2%2Fcomments&post=8521"}],"version-history":[{"count":0,"href":"https:\/\/www.freidenker.org\/index.php?rest_route=\/wp\/v2\/posts\/8521\/revisions"}],"wp:featuredmedia":[{"embeddable":true,"href":"https:\/\/www.freidenker.org\/index.php?rest_route=\/wp\/v2\/media\/8522"}],"wp:attachment":[{"href":"https:\/\/www.freidenker.org\/index.php?rest_route=%2Fwp%2Fv2%2Fmedia&parent=8521"}],"wp:term":[{"taxonomy":"category","embeddable":true,"href":"https:\/\/www.freidenker.org\/index.php?rest_route=%2Fwp%2Fv2%2Fcategories&post=8521"},{"taxonomy":"post_tag","embeddable":true,"href":"https:\/\/www.freidenker.org\/index.php?rest_route=%2Fwp%2Fv2%2Ftags&post=8521"}],"curies":[{"name":"wp","href":"https:\/\/api.w.org\/{rel}","templated":true}]}}