{"id":8503,"date":"2020-08-09T21:14:43","date_gmt":"2020-08-09T19:14:43","guid":{"rendered":"https:\/\/www.freidenker.org\/?p=8503"},"modified":"2020-09-27T10:54:22","modified_gmt":"2020-09-27T08:54:22","slug":"ard-aktuell-macht-sich-laecherlich","status":"publish","type":"post","link":"https:\/\/www.freidenker.org\/?p=8503","title":{"rendered":"ARD-aktuell macht sich l\u00e4cherlich"},"content":{"rendered":"<h5><strong>Ihre <em>Tagesschau<\/em> ist ein Schandfleck auf der ohnehin fadenscheinigen Demokratieweste unserer Gesellschaft <\/strong><\/h5>\n<p><em>\u00a0<\/em><em>Von <strong>Friedhelm Klinkhammer<\/strong> und <strong>Volker Br\u00e4utigam<\/strong><\/em><\/p>\n<p><strong>\u201eDie wollen uns wohl f\u00fcr dumm verkaufen\u201c, meint Tantchen Trudi aus Berlin \u00e4rgerlich und beobachtet fasziniert, wie sich die 20-Uhr-<em>Tagesschau <\/em>am 1. August unglaubw\u00fcrdig macht: \u201e20 000 Menschen haben in Berlin gegen die Auflagen zur Bek\u00e4mpfung der Corona-Pandemie demonstriert\u201c <\/strong>(1)<strong>,<\/strong> <strong>t\u00f6nt es aus der Wunderlampe. Die ARD-aktuell-Redaktion bleibt mit solcher Kleinrederei auf ihrer regierungsfromm staatstragenden Linie. Statt mit informativen Angaben dar\u00fcber aufzuwarten, was hierzulande Sache ist, berieselt sie ihr Publikum mit sensationell aufgemachten Corona-Trivialit\u00e4ten aus dem Ausland: \u00fcber einen debilen Pr\u00e4sidenten in Brasilien, \u00fcber besoffene Mallorca-Urlauber, Maskenpflicht bei den Salzburger Festspielen, vermehrte Wilderei in S\u00fcdafrika. \u00dcber die Schweinereien, die sich unsere Bundesregierung im Schatten der<\/strong> <strong>Pandemie-Bek\u00e4mpfung leistet, berichtet sie kein Wort.<\/strong><\/p>\n<p>Nochmals kurz zu Tantchens Faszinosum: Das Hamburger Volksparkstadion fasst rund 60 000 Besucher. Die Zentralredaktion ARD-aktuell beim NDR in Hamburg hatte damit gleich nebenan eine konkrete Vergleichsgrundlage. Die Redakteure brauchten nur ihre Archivbilder vom vollbesetzten Stadion mit den aktuellen aus Berlin zu vergleichen, um sofort zu bemerken, dass dort eine vielfach gr\u00f6\u00dfere Menschenmenge demonstrierend unterwegs war. Doch auch <em>Tagesthemen<\/em>-Moderator Ingo Zamperoni blieb am besagten Abend bei der absurden beh\u00f6rdlichen Falschinformation, es h\u00e4tten nur \u201eum die 20 000 Menschen\u201c in der Hauptstadt demonstriert. (2)<\/p>\n<p>Fragen Sie sich selbst:\u00a0Weshalb wohl liefert die <em>Tagesschau <\/em>statt all der statistischen Corona-Zahlenspielerei vonseiten der vielen damit besch\u00e4ftigten b\u00f6sen Finger in Politik und Pressestellen noch immer keine aussagekr\u00e4ftigen Soziogramme \u00fcber die SARS-Cov-2-Erkrankten und -Toten? Warum sind keine Datensammlungen verf\u00fcgbar, aufgeschl\u00fcsselt nach Infektionsort, Krankheitsgrad und -verlauf, Patientenalter, Geschlecht, Beruf, Wohnlage, Einkommen? Was wissen wir wirklich \u00fcber die Situation unseres Landes in diesen Pandemiezeiten? Dienen die vielen bezugslosen \u201eoffiziellen\u201c Detailinformationen nicht vielmehr nur dazu, die schweren Fehleinsch\u00e4tzungen und Vers\u00e4umnisse der Bundesregierung bei Ausbruch der Corona-Pandemie zu verkleistern? Jedenfalls tr\u00e4gt die F\u00fclle der unsystematisch dargebotenen Einzelheiten dazu bei, vom Fortbestand der gravierenden M\u00e4ngel unseres Gesundheitswesens abzulenken. (3) Die <em>Tagesschau<\/em> hakt aber nicht nach. Soziales hat f\u00fcr sie kaum journalistischen Kurswert.<\/p>\n<p>Die Redaktion hat demnach auch kein Problem damit, eine der \u00fcbelsten asozialen B\u00f6sartigkeiten dieser Tage komplett zu ignorieren: Die Vollstrecker gnadenloser deutscher Kleinkariertheit, die Hartz-IV-Aufpasser im Bundesarbeitsministerium und in der Bundesagentur f\u00fcr Arbeit, sind trotz pandemiebedingter Einschr\u00e4nkungen im Alltag wie gewohnt zugange. SPD-Minister Hubertus Heil, ganz der Sozialexperte unsres Gruselkabinetts, fand \u00fcberhaupt nichts dabei, das im Fr\u00fchjahr ausgesetzte Sanktionsregime wieder durchziehen zu lassen (4) \u2013 unbeschadet des Faktums, dass Amtsbesuche und dubiose Arbeitspl\u00e4tze eine der gr\u00f6\u00dften Cov-2-Infektionsgefahren darstellen.<\/p>\n<h5><strong>Zwangsmittel gegen die Armen<\/strong><\/h5>\n<p>Hartz-IV-Empf\u00e4nger m\u00fcssen n\u00e4mlich jetzt wieder mit Sanktionen rechnen, sollten sie gegen \u201eJobcenter\u201c-Auflagen wie diese versto\u00dfen: Sich regelm\u00e4\u00dfig beim Amt einfinden, auch wenn dort kein Stellenangebot wartet, an h\u00e4ufig \u00e4u\u00dferst fragw\u00fcrdigen \u201cMa\u00dfnahmen\u201c zur \u201eSchulung\u201c teilnehmen, die Bereitschaft nachweisen, selbst die miesesten unterbezahlten Jobs anzunehmen, jederzeit und w\u00fcrdelos f\u00fcr den \u201eArbeitsmarkt\u201c verf\u00fcgbar zu sein und sich der Allmacht von Jobcenter-B\u00fcrokraten preiszugeben.<\/p>\n<p>Die Weisung zur Wiederaufnahme dieses Sanktionsregimes hatte die Bundesagentur f\u00fcr Arbeit in Absprache mit dem Bundesarbeitsminister Hubertus Heil an ihr Vollzugspersonal herausgegeben. Anlass war die Wieder\u00f6ffnung der Jobcenter f\u00fcr den Publikumsverkehr. Die Aussetzung der Sanktionen war ja nicht aus purem Realit\u00e4tssinn und erst recht nicht aus R\u00fccksicht oder gar Menschenliebe erfolgt; die Jobcenter waren blo\u00df zur Vermeidung von quasi halbstaatlichen Infektionsexzessen f\u00fcr den Publikumsverkehr geschlossen worden. F\u00fcr Arbeitslose ist die Ansteckungsgefahr jetzt aber garantiert vorbei, gelle? Die \u201ezweite Welle\u201c wird im Bogen um sie herumschwappen.<\/p>\n<p>Das Sanktionsregime ist, so hatte das Bundesverfassungsgericht am 5. November vorigen Jahres geurteilt, zumindest in seiner extremen Form grundgesetzwidrig. (5) Gemeint sind damit K\u00fcrzungen der Hartz-IV-Leistungen um mehr als 30 Prozent, weit unterm Existenzminimum. Sozialminister Silberzunge musste allerdings noch zwei Monate nach dem h\u00f6chstrichterlichen Urteil vom Chef der Bundesagentur f\u00fcr Arbeit, Detlef Scheele,\u00a0aufgefordert werden, endlich mit einem verfassungskonformen Sanktionskatalog in die Puschen zu kommen. (6) Hubertus Heil erkl\u00e4rte hernach gro\u00dfspurig, seine Gesetzesvorlage biete \u201eGelegenheit, in dieser Koalition das gesamte System b\u00fcrgerfreundlicher zu machen und zu reformieren.\u201c (7) Mehr als diese Hei\u00dfluftblase brachte der Sozialdemokrat bisher allerdings noch nicht zuwege. Corona hin, Arbeitslosigkeit her: B\u00fcrokratische Mitleidlosigkeit hat in Deutschland eine lange Tradition.<\/p>\n<h5><strong>Dass sich die Balken biegen<\/strong><\/h5>\n<p>Die <em>Tagesschau <\/em>berichtet aus ihrer selbstgew\u00e4hlten Position hochgradiger Ignoranz am 30. Juli:<\/p>\n<blockquote><p><em>\u201eWeniger betroffen von der Corona-Krise ist bislang der Arbeitsmarkt. Die Kurzarbeit habe gr\u00f6\u00dferen Schaden abgewendet, erkl\u00e4rte die N\u00fcrnberger Bundesagentur. Laut ihren Zahlen waren im Juli 2 910 000 Menschen arbeitslos gemeldet,\u201c <\/em>(8)<\/p><\/blockquote>\n<p>Die Redaktion desinformierte also wie \u00fcblich, dass sich die Balken biegen. In Deutschland gibt es offiziell 5,6 Millionen Sozialhilfe- und knapp 3 Millionen Arbeitslosengeldbezieher. (9) Zusammen mit den statistisch nicht Erfassten \u2013 vulgo: Dunkelziffer \u2013 haben wir 9 Millionen Bed\u00fcrftige im reichen Deutschland. Der Staat gew\u00e4hrt ihnen und ihren Kindern eine j\u00e4hrliche Netto-Sozialleistung von rund 25 Milliarden Euro. (10) Zum Vergleich: Die Unternehmerfamilie Reimann sitzt auf einem Geldsack von mehr als 30 Milliarden Euro (11).<\/p>\n<p>Von Superreichen und Steuerbeg\u00fcnstigten dieser Sorte haben wir 114, Merkmale: deutscher Pass, Wohnsitze auch im Ausland. (12) Angesichts ihres Billionenverm\u00f6gens wollen wir gar nicht erst davon reden, dass die Bundesregierung allein f\u00fcr die zumeist grundgesetzwidrigen Auslandseins\u00e4tze der Bundeswehr pro Jahr eine Milliarde Euro verpulvert. (13)<\/p>\n<p>Der aktuelle Regelsatz f\u00fcr Arbeitslose betr\u00e4gt monatlich 432 Euro. (14) Leben zwei Arbeitslose als Paar zusammen, dann bekommen sie als \u201eBedarfsgemeinschaft\u201c nur jeweils 389 Euro. Wenn zwei Arbeitslose sich eine Wohnung teilen, dann wird auch schon mal kontrolliert, ob sie Sex miteinander haben; gegebenenfalls best\u00fcnde nur Anspruch auf den niedrigeren Leistungssatz f\u00fcr eine \u201eBedarfsgemeinschaft\u201c und nicht auf zweimal vollen Regelsatz. Der \u00dcberwachungs- und Sanktionsstaat entfaltet seine ganze Gro\u00dfartigkeit im rigorosen Ausforschen der Armen: f\u00fcrs staatlich gepr\u00fcfte Soldatenmachen muss das Paar monatlich 86 Euro Leistungsminderung hinnehmen.<\/p>\n<h5><strong>Latrinenparole und Realit\u00e4t<\/strong><\/h5>\n<p>Das Hartz-IV-\u00dcberwachungs\u00fcbel, einst von Ex-Kanzler Schr\u00f6der und seinem SPD-Adlatus Frank-Walter Steinmeier trickreich durchgesetzt \u2013 Sie erinnern sich an die Latrinenparole <em>F\u00f6rdern und Fordern<\/em> \u2013 zeigt die typische, h\u00e4ssliche bis schweinische Kehrseite des propagierten Gl\u00fcckseligkeits-Kapitalismus. \u00dcber die schweren Schlagschatten im Leben von lohnabh\u00e4ngigen Menschen zu informieren, h\u00e4lt die <em>Tagesschau<\/em> nicht f\u00fcr ihren Auftrag. Sie k\u00fcmmert sich nur dann, wenn absolut unumg\u00e4nglich, wenn ein Skandal schon zum Himmel stinkt. Den aber stellt sie dann wahrheitswidrig als Ausnahme hin und weigert sich, seine gesellschaftliche Ursache und Verwurzelung im System wahrzunehmen. Beispiel: die Sklavenarbeit in den Schlachth\u00f6fen und ihre Folgen.<\/p>\n<p>Man versteht: Die gleichen Sozis und Unionschristen, die seinerzeit in sch\u00f6nster Harmonie die Arbeitswelt \u201ederegulierten\u201c und Werksvertr\u00e4ge, Ich-AGs, Leiharbeit, Fristvertr\u00e4ge, Tagel\u00f6hnerei und 1-Euro-Jobs zur Norm machten, sitzen auch heute noch an den Hebeln der Macht. Mit denen legt sich ein <em>Tagesschau<\/em>-Schmock erst gar nicht an. Die ARD-aktuell ist Anf\u00fchrerin der Mainstream-Propagandakompanie. Sogar ihre monatlichen Meldungen \u00fcber die Arbeitslosigkeit sind absichtliche, schiere Manipulation.<\/p>\n<blockquote><p><em>\u201eWer als arbeitslos gilt, ist eine Frage der Definition\u201c<\/em> (15),<\/p><\/blockquote>\n<p>schreibt sie voller Zynismus auf tagesschau.de. Information f\u00fcr eine Minderheit von Lesern, nicht f\u00fcr das Gros der Zuschauer. Der Redaktion ist also absolut bewusst, dass sie gemeinsam mit Regierung und Arbeitsverwaltung die \u00d6ffentlichkeit mit statistischen Tricks betr\u00fcgt.<\/p>\n<h5><strong>Ignoranz und Unf\u00e4higkeit<\/strong><\/h5>\n<p>Eine gef\u00e4hrliche Konsequenz dieses vollst\u00e4ndigen Mangels an journalistischer Integrit\u00e4t und Souver\u00e4nit\u00e4t ist das Fehlen von Nachrichten \u00fcber die Folgen des Pandemie-Regimes f\u00fcr das ohnehin problemreiche Alltagsleben der sozial vollkommen Abgeh\u00e4ngten und auch vieler Arbeitnehmer. Dar\u00fcber schweigt die <em>Tagesschau<\/em> weitgehend und beweist damit nicht nur die Inkompetenz der Redaktion, sondern vor allem das Versagen der aufsichtf\u00fchrenden Rundfunkr\u00e4te. Die bringen es einfach nicht, obwohl dort Gewerkschaften, Sozialverb\u00e4nde und Kirchen gut vertreten sind.<\/p>\n<p>Ignoranz und Unf\u00e4higkeit der ARD-aktuell-Redaktion und des f\u00fcr sie zust\u00e4ndigen NDR-Rundfunkrats f\u00fchren unter anderem auch dazu, dass das Interesse von Millionen Rentnern \u00fcbergangen wird. Anno 2018 bekamen 9,4 Millionen Menschen eine Altersrente von weniger als 900 Euro brutto im Monat. Sie lebten also an oder unter der Armutsgrenze. (16) 58,6 Prozent der Altersrenten lagen unter 1.000 Euro monatlich, und wenn man die Grenze unterhalb von 1 200 Euro zieht, dann wurde sie gar von 70,8 Prozent aller Rentner nicht erreicht.\u00a0Dennoch meinte die Merkel-Regierung, dass allein die H\u00f6he der gesetzlichen Altersrente\u00a0noch keinen R\u00fcckschluss auf\u00a0Bed\u00fcrftigkeit\u00a0erlaube.\u00a0Es gebe schlie\u00dflich Ruhest\u00e4ndler mit Einnahmen aus Kapital- und Grundverm\u00f6gen. (17)<\/p>\n<p>Das mag sein, gilt aber garantiert nur f\u00fcr eine Minderheit. Halbwegs sachgerechte Kommentare zur Altersarmut haben trotzdem bei der <em>Tagesschau<\/em> den gleichen Seltenheitswert wie die kritische und umfassende Berichterstattung \u00fcber dieses finstere Thema; wenn \u00fcberhaupt geboten, dann mit dick aufgestrichenem Lob f\u00fcr die Bundesregierung. (18)<\/p>\n<h5><strong>Verfassungswidrige Doppelbesteuerung<\/strong><\/h5>\n<p>Eine weitere Perfidie unserer Gesetzgeber: Die Besteuerung der Renten. Ebenfalls ein Tabu der ARD-aktuell. Von den rund 21 Millionen Empf\u00e4ngern gesetzlicher Rentenleistungen muss heute fast jeder Vierte Steuern zahlen. Infolge der regelm\u00e4\u00dfigen Rentenanpassung \u00fcberschreiten immer mehr Rentenempf\u00e4nger das \u201esteuerfreie Existenzminimum\u201c. Das lag im vorigen Jahr bei monatlich 764 Euro. (19) Nach der diesj\u00e4hrigen Rentenerh\u00f6hung werden mindestens weitere 48 000 Rentner einkommensteuerpflichtig, obwohl alle Betroffenen bereits w\u00e4hrend ihres Erwerbslebens L\u00f6hne bzw. Geh\u00e4lter schon einmal voll versteuern mussten.<\/p>\n<p>Der Bundesfinanzgerichtshof wird noch in diesem Jahr dar\u00fcber entscheiden, ob es sich um eine verfassungswidrige Doppelbesteuerung handelt. (20) Das aber erf\u00e4hrt man nicht aus der <em>Tagesschau<\/em>, sondern allenfalls aus der Zeitung oder von der Linkspartei, die zu Recht \u00fcber ungerechte Steuerlasten zu motzen wusste:<\/p>\n<blockquote><p><em>\u201eRentner zahlen sechsmal mehr Steuern als Erben.\u201c<\/em> (21)<\/p><\/blockquote>\n<p>Wie wenig Deutschlands \u201csoziale Baustellen\u201d die Redaktion ARD-aktuell interessieren, zeigt das Fehlen einer kontinuierlichen Berichterstattung \u00fcber die Arbeit der 989\u00a0Tafeln. Monatsberichte \u00fcber sie gibt es nicht, wohl aber t\u00e4glich B\u00f6rsenberichte.<\/p>\n<p>Die Tafeln wirken einer\u00a0gigantischen\u00a0Lebensmittelvernichtung entgegen und versorgen inzwischen mehr als 1,65\u00a0Millionen arme Menschen. Der Anteil der Rentner unter den Tafelkunden ist innerhalb eines Jahres um 20 Prozent auf 430 000 gestiegen, ein sichtbares Zeichen f\u00fcr die zunehmende Altersarmut im reichen Deutschland. (22) In der ersten Phase der Pandemiebek\u00e4mpfung musste fast die H\u00e4lfte der Tafeln schlie\u00dfen. Nicht einmal diese schlimme Entwicklung nahm die <em>Tagesschau <\/em>zur Kenntnis<em>. <\/em><\/p>\n<p>Arme gelten in unserer Gesellschaft so wenig wie die \u201eloser\u201c (Verlierer) in den USA. Armut ist selbstverschuldet. M\u00f6gen der Parit\u00e4tische Wohlfahrtsverband und der DGB noch so laut nach Soforthilfe rufen (23): Die ARD-aktuell h\u00f6rt es nicht.<\/p>\n<h5><strong>Die Gemeinschaft der Zyniker<\/strong><\/h5>\n<p>Als Anfang Juni das \u201cKonjunkturpaket\u201d im Bundestag beschlossen wurde und erneut Gelegenheit bestand, \u00fcber die Forderung nach sofortiger Unterst\u00fctzung mit wenigstens 100 Euro monatlich zu berichten (24), wahrte ARD-aktuell Funkstille. Kein Wort fiel in der <em>Tagesschau<\/em> dar\u00fcber, dass die Bunderegierung sich strikt weigert, die erheblichen zus\u00e4tzlichen Belastungen der Hilfebed\u00fcrftigen in Zeiten der Corona-Bek\u00e4mpfung mit 100 Euro zu kompensieren, trotz stark gestiegener Lebensmittelpreise und des Zusatzbedarfs an Masken und Hygienemitteln. (25) Vom Zynismus der politisch Verantwortlichen (26) kam jedoch nichts r\u00fcber. Wenn Belange \u201cderer da unten\u201d in Rede stehen und ihre Vertreter im Parlament damit Schindluder treiben, praktiziert die ARD-aktuell freiwillige Nachrichtensperre.<\/p>\n<p>Desgleichen verlor unser f\u00fchrendes TV-Nachrichteninstitut nicht eine Sendesekunde dar\u00fcber, dass sich trotz Corona-Krise an den miesen sozialen Strukturen in der Arbeitswelt bisher nichts, rein gar nichts ge\u00e4ndert hat. Auch nicht f\u00fcr \u201eSystemrelevante\u201c, die man vormals stehend beklatschte und deren Ausbeutung man weiter tatenlos zusieht. F\u00fcr die im Pflegebereich T\u00e4tigen gab es eine einmalige Sonderzahlung. Das war\u00b4s dann. Die Ausbeutung bleibt.<\/p>\n<p>Deutsche Krankenpfleger m\u00fcssen im Schnitt 13 Patienten betreuen, doppelt (!) so viele wie ihre Kollegen in den Niederlanden. (27) Politiker, Gewerkschafter und Journalisten beobachten das \u2013 und machen keinen Finger krumm.<\/p>\n<h5><strong>\u201eWumms\u201c statt Nachdenken<\/strong><\/h5>\n<p>Wohl aber ging am 4. Juni folgender Stuss \u00fcber die ARD-Sender:<\/p>\n<blockquote><p><em>\u201cNeben der Breite ihrer Wirkung hat die Senkung der Mehrwertsteuer zwei Vorteile. Zum einen gew\u00e4hrt sie auch Menschen mit sehr niedrigen Einkommen, die gar keine Einkommensteuer bezahlen, einen kr\u00e4ftigen Anreiz zu mehr Konsum. Weil ja jeder die Mehrwertsteuer bezahlt.\u201d<\/em> (28)<\/p><\/blockquote>\n<p>Na sch\u00f6n, das war die Meinung eines vom Bayerischen Rundfunk gestellten Kommentators im \u201eErsten\u201c. Zwei Monate sp\u00e4ter, am 3. August, meldete die <em>Tagesschau<\/em> Fehlanzeige:<\/p>\n<blockquote><p><em>\u201eGesenkte Mehrwertsteuer:\u00a0Bisher nicht der erhoffte \u201aWumms\u2018\u201c<\/em>. (29)<\/p><\/blockquote>\n<p>Erbarmen. Dieser ARD-aktuell ist nicht mehr zu raten. Sie kann und wird nicht zugeben, dass sie im Dienst unserer Parteienoligarchie steht und auf Kriegsfu\u00df mit dem demokratiesichernden Auftrag unserer Verfassung. Sie redet der ultimativen Freiheit des Kapitals das Wort und sch\u00fctzt das Interesse von Superreichen, die bereits mit ihrer blo\u00dfen Existenz alle Versuche aussichtslos machen, unseren Staat gerecht und sozial zu gestalten.<\/p>\n<blockquote><p><em>\u201eDie Wirtschaft sei zu sch\u00fctzen: Das ist nur eine andere Art zu sagen, das Prinzip des Privateigentums sei zu sch\u00fctzen. Es gibt hungernde Menschen, und es gibt Nahrung, und doch wird die Nahrung nicht an die Hungrigen geliefert, weil sie kein Geld haben und weil Nahrung als Ware und nicht als Recht behandelt wird. Regierungen ziehen es vor, den gesellschaftlichen Reichtum zu nutzen, um Milit\u00e4r- und Polizeikr\u00e4fte anzuheuern, die die Menschen von der Nahrung fernhalten, ein sicheres Zeichen daf\u00fcr, dass das System eine ausgetrocknete Seele hat\u201c <\/em>(30),<\/p><\/blockquote>\n<p>schreibt der indische Historiker und Journalist Vijay Prashad. Solche T\u00f6ne wird man von keinem <em>Tagesschau<\/em>-Kommentator zu h\u00f6ren kriegen.<\/p>\n<p><strong>\u00a0<\/strong><\/p>\n<p><strong>Quellen und Anmerkungen:<\/strong><\/p>\n<p>(1) <a href=\"https:\/\/www.tagesschau.de\/multimedia\/sendung\/ts-38363.html\">https:\/\/www.tagesschau.de\/multimedia\/sendung\/ts-38363.html<\/a><br \/>\n(2) <a href=\"https:\/\/www.tagesschau.de\/multimedia\/sendung\/tt-7673.html\">https:\/\/www.tagesschau.de\/multimedia\/sendung\/tt-7673.html<\/a><br \/>\n(3) <a href=\"https:\/\/www.taublog.de\/200803liebling-covidiot\">https:\/\/www.taublog.de\/200803liebling-covidiot<\/a><br \/>\n(4) <a href=\"https:\/\/www.mdr.de\/nachrichten\/politik\/inland\/wieder-sanktionen-fuer-hartz-vier-empfaenger-100.html\">https:\/\/www.mdr.de\/nachrichten\/politik\/inland\/wieder-sanktionen-fuer-hartz-vier-empfaenger-100.html<\/a><br \/>\n(5) <a href=\"https:\/\/www.bundesverfassungsgericht.de\/SharedDocs\/Entscheidungen\/DE\/2019\/11\/ls20191105_1bvl000716.html\">https:\/\/www.bundesverfassungsgericht.de\/SharedDocs\/Entscheidungen\/DE\/2019\/11\/ls20191105_1bvl000716.html<\/a><br \/>\n(6) <a href=\"https:\/\/www.gegen-hartz.de\/news\/ba-chef-fordert-neues-hartz-iv-sanktionsgesetz\">https:\/\/www.gegen-hartz.de\/news\/ba-chef-fordert-neues-hartz-iv-sanktionsgesetz<\/a><br \/>\n(7) <a href=\"https:\/\/www.zeit.de\/zustimmung?url=https%3A%2F%2Fwww.zeit.de%2Fpolitik%2Fdeutschland%2F2019-12%2Fsozialreformen-hartz-iv-malu-dreyer-spd\">https:\/\/www.zeit.de\/zustimmung?url=https%3A%2F%2Fwww.zeit.de%2Fpolitik%2Fdeutschland%2F2019-12%2Fsozialreformen-hartz-iv-malu-dreyer-spd<\/a><br \/>\n(8) <a href=\"https:\/\/www.tagesschau.de\/multimedia\/sendung\/ts-38335.html\">https:\/\/www.tagesschau.de\/multimedia\/sendung\/ts-38335.html<\/a><br \/>\n(9) <a href=\"https:\/\/de.statista.com\/statistik\/daten\/studie\/1376\/umfrage\/anzahl-der-erwerbstaetigen-mit-wohnort-in-deutschland\/\">https:\/\/de.statista.com\/statistik\/daten\/studie\/1376\/umfrage\/anzahl-der-erwerbstaetigen-mit-wohnort-in-deutschland\/<\/a><br \/>\n(10) <a href=\"https:\/\/de.statista.com\/statistik\/daten\/studie\/165616\/umfrage\/ausgaben-fuer-sozialhilfe-in-deutschland-seit-2005\/\">https:\/\/de.statista.com\/statistik\/daten\/studie\/165616\/umfrage\/ausgaben-fuer-sozialhilfe-in-deutschland-seit-2005\/<\/a><br \/>\n(11) <a href=\"https:\/\/www.wiwo.de\/unternehmen\/handel\/familie-reimann-die-reimanns-sind-nahezu-unbekannt\/11532124-2.html\">https:\/\/www.wiwo.de\/unternehmen\/handel\/familie-reimann-die-reimanns-sind-nahezu-unbekannt\/11532124-2.html<\/a><br \/>\n(12) <a href=\"https:\/\/www.forbes.at\/artikel\/die-reichsten-deutschen-2019.html\">https:\/\/www.forbes.at\/artikel\/die-reichsten-deutschen-2019.html<\/a><br \/>\n(13) <a href=\"https:\/\/www.dw.com\/de\/auslandseins%C3%A4tze-viel-teurer-als-geplant\/a-48521527\">https:\/\/www.dw.com\/de\/auslandseins\u00e4tze-viel-teurer-als-geplant\/a-48521527<\/a><br \/>\n(14) <a href=\"https:\/\/www.hartziv.org\/regelbedarf.html\">https:\/\/www.hartziv.org\/regelbedarf.html<\/a><br \/>\n(15)<a href=\"https:\/\/www.tagesschau.de\/wirtschaft\/hg-arbeitslosenzahlen-101.html\"> https:\/\/www.tagesschau.de\/wirtschaft\/hg-arbeitslosenzahlen-101.html<\/a><br \/>\n(16) <a href=\"https:\/\/de.statista.com\/statistik\/daten\/studie\/510\/umfrage\/einstufung-in-arm-und-reich-fuer-singles-und-paare\/\">https:\/\/de.statista.com\/statistik\/daten\/studie\/510\/umfrage\/einstufung-in-arm-und-reich-fuer-singles-und-paare\/<\/a><br \/>\n(17) <a href=\"https:\/\/www.versicherungsbote.de\/id\/4882569\/Rente-Jeder-Ruhestaendler-weniger-als-900-Euro-im-Monat\/\">https:\/\/www.versicherungsbote.de\/id\/4882569\/Rente-Jeder-Ruhestaendler-weniger-als-900-Euro-im-Monat\/<\/a><br \/>\n(18) <a href=\"https:\/\/www.tagesschau.de\/multimedia\/video\/video-724225.html\">https:\/\/www.tagesschau.de\/multimedia\/video\/video-724225.html<\/a><br \/>\n(19) <a href=\"https:\/\/taxfix.de\/steuertipps\/was-ist-der-grundfreibetrag-wie-hoch\/\">https:\/\/taxfix.de\/steuertipps\/was-ist-der-grundfreibetrag-wie-hoch\/<\/a><br \/>\n(20) <a href=\"https:\/\/www.fr.de\/wirtschaft\/rente-umstrittene-rentenbesteuerung-noch-2020-will-bundesfinanzhof-entscheiden-90008500.html\">https:\/\/www.fr.de\/wirtschaft\/rente-umstrittene-rentenbesteuerung-noch-2020-will-bundesfinanzhof-entscheiden-90008500.html<\/a><br \/>\n(21) <a href=\"https:\/\/www.linksfraktion.de\/themen\/nachrichten\/detail\/rentner-zahlen-sechs-mal-so-viel-steuern-wie-erben\/\">https:\/\/www.linksfraktion.de\/themen\/nachrichten\/detail\/rentner-zahlen-sechs-mal-so-viel-steuern-wie-erben\/<\/a><br \/>\n(22) <a href=\"https:\/\/www.presseportal.de\/pm\/58964\/4461446\">https:\/\/www.presseportal.de\/pm\/58964\/4461446<\/a><br \/>\n(23) <a href=\"https:\/\/www.der-paritaetische.de\/fachinfo\/aufruf-100-euro-mehr-sofort-solidarisch-fuer-sozialen-zusammenhalt-und-gegen-die-krise\/\">https:\/\/www.der-paritaetische.de\/fachinfo\/aufruf-100-euro-mehr-sofort-solidarisch-fuer-sozialen-zusammenhalt-und-gegen-die-krise\/<\/a><br \/>\n(24) <a href=\"https:\/\/www.labournet.de\/politik\/erwerbslos\/alosalltag\/mindestens-bevorratungszuschuss-zum-hartz-iv-als-soforthilfe\/\">https:\/\/www.labournet.de\/politik\/erwerbslos\/alosalltag\/mindestens-bevorratungszuschuss-zum-hartz-iv-als-soforthilfe\/<\/a><br \/>\n(26) <a href=\"https:\/\/aktuelle-sozialpolitik.de\/2020\/05\/12\/der-gesetzentwurf-zum-zweiten-sozialschutz-paket\/\">https:\/\/aktuelle-sozialpolitik.de\/2020\/05\/12\/der-gesetzentwurf-zum-zweiten-sozialschutz-paket\/<\/a><br \/>\n(25) <a href=\"https:\/\/www.der-paritaetische.de\/presse\/sozialschutzpaket-ii-paritaetischer-kritisiert-soziale-schieflage-der-staatlichen-hilfsmassnahmen-in\/\">https:\/\/www.der-paritaetische.de\/presse\/sozialschutzpaket-ii-paritaetischer-kritisiert-soziale-schieflage-der-staatlichen-hilfsmassnahmen-in\/<\/a><br \/>\n(27) <a href=\"https:\/\/de.statista.com\/infografik\/16676\/patientenzahl-pro-pflegekraft-im-internationalen-vergleich\/\">https:\/\/de.statista.com\/infografik\/16676\/patientenzahl-pro-pflegekraft-im-internationalen-vergleich\/<\/a><br \/>\n(28) <a href=\"https:\/\/www.tagesschau.de\/kommentar\/koalitionsausschuss-konjunkturpaket-105.html\">https:\/\/www.tagesschau.de\/kommentar\/koalitionsausschuss-konjunkturpaket-105.html<\/a><br \/>\n(29) <a href=\"https:\/\/www.tagesschau.de\/wirtschaft\/debatte-niedrige-mwst-101.html\">https:\/\/www.tagesschau.de\/wirtschaft\/debatte-niedrige-mwst-101.html<\/a><br \/>\n(30) Englischer Originaltext: <a href=\"https:\/\/consortiumnews.com\/2020\/07\/16\/covid-19-rot-exposed-by-pandemic-augurs-a-future-of-fear\/\">https:\/\/consortiumnews.com\/2020\/07\/16\/covid-19-rot-exposed-by-pandemic-augurs-a-future-of-fear\/<\/a><\/p>\n<p style=\"text-align: right;\"><em><strong>Das\u00a0Autoren-Team:\u00a0<\/strong><\/em><\/p>\n<p style=\"text-align: right;\"><em>Friedhelm Klinkhammer, Jahrgang\u00a01944, Jurist. 1975 bis 2008 Mitarbeiter des NDR, zeitweise Vorsitzender des NDR-Gesamtpersonalrats und des ver.di-Betriebsverbandes\u00a0sowie Referent einer Funkhausdirektorin.<\/em><\/p>\n<p style=\"text-align: right;\"><em>Volker Br\u00e4utigam, Jahrgang 1941, Redakteur. 1975 bis 1996 Mitarbeiter des NDR, zun\u00e4chst in der Tagesschau, von 1992 an in der Kulturredaktion f\u00fcr N3. Danach Lehrauftrag an der Fu-Jen-Universit\u00e4t\u00a0in Taipeh.<\/em><\/p>\n<p style=\"text-align: right;\"><em>Beide Autoren sind Mitglieder des Beirates des Deutschen Freidenker-Verbandes.<\/em><\/p>\n<p><strong>\u00a0<\/strong><\/p>\n<p><span style=\"font-size: 10pt;\">Dieser Beitrag erschien am 07.08.2020 auch auf <a href=\"https:\/\/publikumskonferenz.de\/blog\/2020\/08\/07\/ard-aktuell-macht-sich-laecherlich\/\" target=\"_blank\" rel=\"noopener noreferrer\">publikumskonferenz.de<\/a> <\/span><\/p>\n<hr \/>\n<p><span style=\"font-size: 10pt;\">Bild: <span class=\"mw-mmv-title\">Demonstrierende trugen am 1. August demonstrativ keine Masken.<\/span><br \/>\nFoto: Leonhard Lenz &#8211; Eigenes Werk, CC0<br \/>\nQuelle: <a href=\"https:\/\/commons.wikimedia.org\/w\/index.php?curid=92824970\" target=\"_blank\" rel=\"noopener noreferrer\">https:\/\/commons.wikimedia.org\/w\/index.php?curid=92824970<\/a><br \/>\n<\/span><\/p>\n","protected":false},"excerpt":{"rendered":"<p><b>Beitrag von Friedhelm Klinkhammer und Volker Br\u00e4utigam<\/b><br \/>\n\u201eDie wollen uns wohl f\u00fcr dumm verkaufen\u201c, meint Tantchen Trudi aus Berlin \u00e4rgerlich und beobachtet fasziniert, wie sich die 20-Uhr-Tagesschau am 1. August unglaubw\u00fcrdig macht: \u201e20 000 Menschen haben in Berlin gegen die Auflagen zur Bek\u00e4mpfung der Corona-Pandemie demonstriert\u201c t\u00f6nt es aus der Wunderlampe. Die ARD-aktuell-Redaktion bleibt mit solcher Kleinrederei auf ihrer regierungsfromm staatstragenden Linie. Statt mit informativen Angaben dar\u00fcber aufzuwarten, was hierzulande Sache ist, berieselt sie ihr Publikum mit sensationell aufgemachten Corona-Trivialit\u00e4ten aus dem Ausland &#8230;<\/p>\n","protected":false},"author":3,"featured_media":8507,"comment_status":"closed","ping_status":"closed","sticky":false,"template":"","format":"standard","meta":{"colormag_page_container_layout":"default_layout","colormag_page_sidebar_layout":"default_layout","advanced_seo_description":"","jetpack_seo_html_title":"","jetpack_seo_noindex":false,"jetpack_post_was_ever_published":false,"footnotes":""},"categories":[12],"tags":[1094,409,1256,162,411,1126,122],"class_list":["post-8503","post","type-post","status-publish","format-standard","has-post-thumbnail","hentry","category-demokratie-medien-aufklaerung","tag-ard","tag-berlin","tag-corona-virus","tag-demokratie","tag-demonstration","tag-tagesschau","tag-wirtschaft"],"jetpack_featured_media_url":"https:\/\/i0.wp.com\/www.freidenker.org\/fw17\/wp-content\/uploads\/2020\/08\/Demo_Berlin_2020-08-01_800x450.jpg?fit=800%2C450&ssl=1","jetpack_shortlink":"https:\/\/wp.me\/p9stpK-2d9","jetpack-related-posts":[{"id":8843,"url":"https:\/\/www.freidenker.org\/?p=8843","url_meta":{"origin":8503,"position":0},"title":"Merkels K\u00fcchenkabinett: Ansteckender Machtmissbrauch","author":"Webredaktion","date":"25. Oktober 2020","format":false,"excerpt":"Beitrag von Friedhelm Klinkhammer und Volker Br\u00e4utigam Die Tagesschau hatte das Kleinereignis mit dem gro\u00dfen Symbolgehalt brav per Aufmacher gemeldet, aber den rabenschwarzen Humor hinter der Geschichte beflissen ignoriert: Ausgerechnet Gesundheitsminister Jens Spahn ist an Covid-19 erkrankt und musste sich wegsperren (lassen). Als die Pandemie im Januar Deutschland erreichte, war\u2026","rel":"","context":"In &quot;Arbeit &amp; Soziales&quot;","block_context":{"text":"Arbeit &amp; Soziales","link":"https:\/\/www.freidenker.org\/?cat=11"},"img":{"alt_text":"","src":"https:\/\/i0.wp.com\/www.freidenker.org\/fw17\/wp-content\/uploads\/2020\/10\/Unterzeichnung_des_Koalitionsvertrages_2018_800x450.jpg?fit=800%2C450&ssl=1&resize=350%2C200","width":350,"height":200,"srcset":"https:\/\/i0.wp.com\/www.freidenker.org\/fw17\/wp-content\/uploads\/2020\/10\/Unterzeichnung_des_Koalitionsvertrages_2018_800x450.jpg?fit=800%2C450&ssl=1&resize=350%2C200 1x, https:\/\/i0.wp.com\/www.freidenker.org\/fw17\/wp-content\/uploads\/2020\/10\/Unterzeichnung_des_Koalitionsvertrages_2018_800x450.jpg?fit=800%2C450&ssl=1&resize=525%2C300 1.5x, https:\/\/i0.wp.com\/www.freidenker.org\/fw17\/wp-content\/uploads\/2020\/10\/Unterzeichnung_des_Koalitionsvertrages_2018_800x450.jpg?fit=800%2C450&ssl=1&resize=700%2C400 2x"},"classes":[]},{"id":8110,"url":"https:\/\/www.freidenker.org\/?p=8110","url_meta":{"origin":8503,"position":1},"title":"Minister Heils echt sozialdemokratischer Tiefschlag","author":"Webredaktion","date":"17. Mai 2020","format":false,"excerpt":"Beitrag von Friedhelm Klinkhammer und Volker Br\u00e4utigam In den Nachrichtensendungen der ARD-aktuell h\u00e4ufen sich Meldungen \u00fcber die \u00f6konomischen Auswirkungen des Anti-Pandemie-Regimes \u2013 und \u00fcber die Forderungen der Wirtschaftslobby nach finanziellem Ersatz und Steuererleichterungen. Das sonst so gern behauptete \u201eUnternehmerrisiko\u201c taucht in diesem Zusammenhang nat\u00fcrlich nicht auf. Wer tats\u00e4chlich die schwersten\u2026","rel":"","context":"In &quot;Arbeit &amp; Soziales&quot;","block_context":{"text":"Arbeit &amp; Soziales","link":"https:\/\/www.freidenker.org\/?cat=11"},"img":{"alt_text":"","src":"https:\/\/i0.wp.com\/www.freidenker.org\/fw17\/wp-content\/uploads\/2020\/05\/Hubertus_Heil_1271_800x450.jpg?fit=800%2C450&ssl=1&resize=350%2C200","width":350,"height":200,"srcset":"https:\/\/i0.wp.com\/www.freidenker.org\/fw17\/wp-content\/uploads\/2020\/05\/Hubertus_Heil_1271_800x450.jpg?fit=800%2C450&ssl=1&resize=350%2C200 1x, https:\/\/i0.wp.com\/www.freidenker.org\/fw17\/wp-content\/uploads\/2020\/05\/Hubertus_Heil_1271_800x450.jpg?fit=800%2C450&ssl=1&resize=525%2C300 1.5x, https:\/\/i0.wp.com\/www.freidenker.org\/fw17\/wp-content\/uploads\/2020\/05\/Hubertus_Heil_1271_800x450.jpg?fit=800%2C450&ssl=1&resize=700%2C400 2x"},"classes":[]},{"id":9683,"url":"https:\/\/www.freidenker.org\/?p=9683","url_meta":{"origin":8503,"position":2},"title":"Mutti ohne Mitgef\u00fchl: Merkels Dickfelligkeit","author":"Webredaktion","date":"9. M\u00e4rz 2021","format":false,"excerpt":"Beitrag von Friedhelm Klinkhammer und Volker Br\u00e4utigam Die Tagesschau-Redaktion berichtete Im Aufmacher ihrer 20 Uhr-Ausgabe am 4. M\u00e4rz: \u201eNach zweieinhalb Monaten Lockdown haben Bund und L\u00e4nder den Weg zu Lockerungen geebnet. Daf\u00fcr verst\u00e4ndigten sie sich vergangene Nacht auf einen Stufenplan, der in verschiedenen Bereichen Schritt f\u00fcr Schritt den Alltag zur\u00fcckbringen\u2026","rel":"","context":"In &quot;Demokratie \u2013 Medien \u2013 Aufkl\u00e4rung&quot;","block_context":{"text":"Demokratie \u2013 Medien \u2013 Aufkl\u00e4rung","link":"https:\/\/www.freidenker.org\/?cat=12"},"img":{"alt_text":"","src":"https:\/\/i0.wp.com\/www.freidenker.org\/fw17\/wp-content\/uploads\/2021\/03\/Merkel_mit_Viren.jpg?fit=800%2C450&ssl=1&resize=350%2C200","width":350,"height":200,"srcset":"https:\/\/i0.wp.com\/www.freidenker.org\/fw17\/wp-content\/uploads\/2021\/03\/Merkel_mit_Viren.jpg?fit=800%2C450&ssl=1&resize=350%2C200 1x, https:\/\/i0.wp.com\/www.freidenker.org\/fw17\/wp-content\/uploads\/2021\/03\/Merkel_mit_Viren.jpg?fit=800%2C450&ssl=1&resize=525%2C300 1.5x, https:\/\/i0.wp.com\/www.freidenker.org\/fw17\/wp-content\/uploads\/2021\/03\/Merkel_mit_Viren.jpg?fit=800%2C450&ssl=1&resize=700%2C400 2x"},"classes":[]},{"id":9198,"url":"https:\/\/www.freidenker.org\/?p=9198","url_meta":{"origin":8503,"position":3},"title":"Die Zuschauer-Verachtung der Tagesschau","author":"Webredaktion","date":"11. Januar 2021","format":false,"excerpt":"Beitrag von Friedhelm Klinkhammer und Volker Br\u00e4utigam Die Tagesschau richtet mit ihrer Berichterstattung gewaltigen mentalen Schaden an. Der selbstherrlichen Aussage, eine deutsch gef\u00fchrte Europ\u00e4ische Union k\u00f6nne \u201eeine \u00e4hnlich starke Rolle in der Weltpolitik spielen\u201c wie die USA und China, stimmt mittlerweile beinahe die H\u00e4lfte der Deutschen zu. In der Altersgruppe\u2026","rel":"","context":"In &quot;Demokratie \u2013 Medien \u2013 Aufkl\u00e4rung&quot;","block_context":{"text":"Demokratie \u2013 Medien \u2013 Aufkl\u00e4rung","link":"https:\/\/www.freidenker.org\/?cat=12"},"img":{"alt_text":"","src":"https:\/\/i0.wp.com\/www.freidenker.org\/fw17\/wp-content\/uploads\/2021\/01\/Wuhan_Notkrankenhaus_07_800x450.jpg?fit=800%2C450&ssl=1&resize=350%2C200","width":350,"height":200,"srcset":"https:\/\/i0.wp.com\/www.freidenker.org\/fw17\/wp-content\/uploads\/2021\/01\/Wuhan_Notkrankenhaus_07_800x450.jpg?fit=800%2C450&ssl=1&resize=350%2C200 1x, https:\/\/i0.wp.com\/www.freidenker.org\/fw17\/wp-content\/uploads\/2021\/01\/Wuhan_Notkrankenhaus_07_800x450.jpg?fit=800%2C450&ssl=1&resize=525%2C300 1.5x, https:\/\/i0.wp.com\/www.freidenker.org\/fw17\/wp-content\/uploads\/2021\/01\/Wuhan_Notkrankenhaus_07_800x450.jpg?fit=800%2C450&ssl=1&resize=700%2C400 2x"},"classes":[]},{"id":7047,"url":"https:\/\/www.freidenker.org\/?p=7047","url_meta":{"origin":8503,"position":4},"title":"Gro\u00dfer Bahnhof f\u00fcr einen Gr\u00fcnschnabel","author":"Webredaktion","date":"2. Oktober 2019","format":false,"excerpt":"Beitrag von Friedhelm Klinkhammer und Volker Br\u00e4utigam Grundmuster der US-amerikanischen Chinapolitik: Soziale Sabotage. Politische, organisatorische und finanzielle Unterst\u00fctzung von Versuchen, zu destabilisieren und \u201eregime change\u201c herbeizuf\u00fchren, notfalls gewaltsam. Ob in Tibet, in Xingjiang oder in Hongkong: Immer und \u00fcberall finden die USA Leute, die sich infolge Beschr\u00e4nktheit oder gegen Geld\u2026","rel":"","context":"In &quot;Demokratie \u2013 Medien \u2013 Aufkl\u00e4rung&quot;","block_context":{"text":"Demokratie \u2013 Medien \u2013 Aufkl\u00e4rung","link":"https:\/\/www.freidenker.org\/?cat=12"},"img":{"alt_text":"","src":"https:\/\/i0.wp.com\/www.freidenker.org\/fw17\/wp-content\/uploads\/2019\/10\/umbrellas-2780384_800x445.jpg?fit=800%2C445&ssl=1&resize=350%2C200","width":350,"height":200,"srcset":"https:\/\/i0.wp.com\/www.freidenker.org\/fw17\/wp-content\/uploads\/2019\/10\/umbrellas-2780384_800x445.jpg?fit=800%2C445&ssl=1&resize=350%2C200 1x, https:\/\/i0.wp.com\/www.freidenker.org\/fw17\/wp-content\/uploads\/2019\/10\/umbrellas-2780384_800x445.jpg?fit=800%2C445&ssl=1&resize=525%2C300 1.5x, https:\/\/i0.wp.com\/www.freidenker.org\/fw17\/wp-content\/uploads\/2019\/10\/umbrellas-2780384_800x445.jpg?fit=800%2C445&ssl=1&resize=700%2C400 2x"},"classes":[]},{"id":8457,"url":"https:\/\/www.freidenker.org\/?p=8457","url_meta":{"origin":8503,"position":5},"title":"Neudeutsche Raubz\u00fcge in der Ukraine","author":"Webredaktion","date":"27. Juli 2020","format":false,"excerpt":"Beitrag von Friedhelm Klinkhammer und Volker Br\u00e4utigam Ukraine? Gibt\u00b4s da was? Die umfangreichsten Berichte der Tagesschau \u00fcber den osteurop\u00e4ischen Krisenstaat handeln im Juli von einer glimpflich abgegangenen Geiselnahme im west-ukrainischen Luzk. \u201eUnblutig beendet\u201c, hei\u00dft das in der verluderten Boulevard-Sprache, der sich auch die Redaktion ARD-aktuell bedient. Desinformation und Angebote zur\u2026","rel":"","context":"In &quot;Demokratie \u2013 Medien \u2013 Aufkl\u00e4rung&quot;","block_context":{"text":"Demokratie \u2013 Medien \u2013 Aufkl\u00e4rung","link":"https:\/\/www.freidenker.org\/?cat=12"},"img":{"alt_text":"","src":"https:\/\/i0.wp.com\/www.freidenker.org\/fw17\/wp-content\/uploads\/2020\/07\/selenskyi_pompeo_2020_800x450.jpg?fit=800%2C450&ssl=1&resize=350%2C200","width":350,"height":200,"srcset":"https:\/\/i0.wp.com\/www.freidenker.org\/fw17\/wp-content\/uploads\/2020\/07\/selenskyi_pompeo_2020_800x450.jpg?fit=800%2C450&ssl=1&resize=350%2C200 1x, https:\/\/i0.wp.com\/www.freidenker.org\/fw17\/wp-content\/uploads\/2020\/07\/selenskyi_pompeo_2020_800x450.jpg?fit=800%2C450&ssl=1&resize=525%2C300 1.5x, https:\/\/i0.wp.com\/www.freidenker.org\/fw17\/wp-content\/uploads\/2020\/07\/selenskyi_pompeo_2020_800x450.jpg?fit=800%2C450&ssl=1&resize=700%2C400 2x"},"classes":[]}],"_links":{"self":[{"href":"https:\/\/www.freidenker.org\/index.php?rest_route=\/wp\/v2\/posts\/8503","targetHints":{"allow":["GET"]}}],"collection":[{"href":"https:\/\/www.freidenker.org\/index.php?rest_route=\/wp\/v2\/posts"}],"about":[{"href":"https:\/\/www.freidenker.org\/index.php?rest_route=\/wp\/v2\/types\/post"}],"author":[{"embeddable":true,"href":"https:\/\/www.freidenker.org\/index.php?rest_route=\/wp\/v2\/users\/3"}],"replies":[{"embeddable":true,"href":"https:\/\/www.freidenker.org\/index.php?rest_route=%2Fwp%2Fv2%2Fcomments&post=8503"}],"version-history":[{"count":0,"href":"https:\/\/www.freidenker.org\/index.php?rest_route=\/wp\/v2\/posts\/8503\/revisions"}],"wp:featuredmedia":[{"embeddable":true,"href":"https:\/\/www.freidenker.org\/index.php?rest_route=\/wp\/v2\/media\/8507"}],"wp:attachment":[{"href":"https:\/\/www.freidenker.org\/index.php?rest_route=%2Fwp%2Fv2%2Fmedia&parent=8503"}],"wp:term":[{"taxonomy":"category","embeddable":true,"href":"https:\/\/www.freidenker.org\/index.php?rest_route=%2Fwp%2Fv2%2Fcategories&post=8503"},{"taxonomy":"post_tag","embeddable":true,"href":"https:\/\/www.freidenker.org\/index.php?rest_route=%2Fwp%2Fv2%2Ftags&post=8503"}],"curies":[{"name":"wp","href":"https:\/\/api.w.org\/{rel}","templated":true}]}}