{"id":8457,"date":"2020-07-27T23:18:59","date_gmt":"2020-07-27T21:18:59","guid":{"rendered":"https:\/\/www.freidenker.org\/?p=8457"},"modified":"2020-09-01T00:35:40","modified_gmt":"2020-08-31T22:35:40","slug":"neudeutsche-raubzuege-in-der-ukraine","status":"publish","type":"post","link":"https:\/\/www.freidenker.org\/?p=8457","title":{"rendered":"Neudeutsche Raubz\u00fcge in der Ukraine"},"content":{"rendered":"<h5>Die Westliche Wertegemeinschaft ist an der Fortdauer des B\u00fcrgerkriegs interessiert \u2013 und die <em>Tagesschau<\/em> f\u00fchrend in Desinformation<\/h5>\n<p><em>Von <strong>Friedhelm Klinkhammer<\/strong> und <strong>Volker Br\u00e4utigam<\/strong><\/em><\/p>\n<p><strong>Ukraine? Gibt\u00b4s da was? Die umfangreichsten Berichte der <em>Tagesschau<\/em> \u00fcber den osteurop\u00e4ischen Krisenstaat handeln im Juli von einer glimpflich abgegangenen Geiselnahme im west-ukrainischen Luzk. \u201eUnblutig beendet\u201c, hei\u00dft das in der verluderten Boulevard-Sprache, der sich auch die Redaktion ARD-aktuell bedient. <\/strong>(1)<strong> Desinformation und Angebote zur Befriedigung der Sensationsgier geh\u00f6ren im Krieg um Marktf\u00fchrerschaft und Deutungshoheit auch auf dem ARD-\u201eFlaggschiff\u201c zur Standardbewaffnung. Hingegen herrscht Mangel an informativen Nachrichten \u00fcber den ukrainischen Alltag, \u00fcber den endlosen B\u00fcrgerkrieg mit seinen ungez\u00e4hlten, namenlosen Opfern. Wann hat die <em>Tagesschau<\/em> zuletzt Erhellendes dar\u00fcber berichtet? Ohne billige, einseitige Propaganda?<\/strong><\/p>\n<p>Der j\u00fcngste Fall ihrer Nachrichtenunterschlagung: Kein Wort \u00fcber das ergebnislose Treffen der sogenannten \u201eMinsk-Kontaktgruppe\u201c am 3.\/4. Juli in Berlin. (2) Sie verhandelt gem\u00e4\u00df dem \u201eAbkommen Minsk II\u201c (3) \u00fcber ein Ende des Krieges zwischen der Zentralregierung in Kiew und den Autonomisten der Ostprovinzen Lugansk und Donezk. Zwar fand das Treffen nur \u201eauf Beraterebene\u201c statt. Aber seine Ineffizienz best\u00e4tigt das \u00fcberdeutliche Interesse der Westlichen Wertegemeinschaft an der Fortdauer dieses B\u00fcrgerkrieges.<\/p>\n<p>Solange er n\u00e4mlich anh\u00e4lt, dient er den Transatlantikern als zwar objektiv haltlose, aber \u00f6ffentlichkeitswirksame \u201eBegr\u00fcndung\u201c daf\u00fcr, Russland verantwortlich zu machen und zu sanktionieren. (4) \u00dcber das bittere soziale Elend, den politischen und \u00f6konomischen Korruptionssumpf, \u00fcber die Raffgier der transnational aktiven Plutokratie und die permanente westliche Agitation und Destruktion gibt es keine <em>Tagesschau<\/em>-Nachrichten. Schon gar nicht \u00fcber Waffenschieber, den Menschenhandel und dar\u00fcber, dass auch deutsche Unternehmen sich Land und Leute der Ukraine zur Beute machen wollen. Die Ukraine ist neu-demokratisch, Punkt.<\/p>\n<h5>Terror der Neofaschisten<\/h5>\n<p>Deshalb informiert die <em>Tagesschau<\/em> auch mit keinem Wort dar\u00fcber, dass der Neofaschismus das Land wieder in Griff nimmt und dass seine Todesschwadronen die Bev\u00f6lkerung nach Nazi-Methodik terrorisieren. Wieviele Menschen z.B. dem \u201eAsow-Bataillon\u201c bereits zum Opfer gefallen sind \u2013 und nicht nur bei dessen Angriffen auf die Ostukrainer! \u2013 bleibt im Dunklen. (5) Die Umtriebe dieser Verb\u00e4nde eifern einem historischen Vorbild nach: dem Wehrmacht-Bataillon \u201eNachtigall\u201c. (6) Im Internet h\u00e4ufen sich Informationen \u00fcber die neu-ukrainischen Freikorps. Obwohl die ARD-aktuell sich mit ihrer \u201erund um die Uhr besetzten\u201c Fachredaktion f\u00fcr das Online-Portal <em>tagesschau.de <\/em>dicke tut (7), muss man auch dort kritische Berichte \u00fcber die Rolle der Neofaschisten mit der Lupe suchen.<\/p>\n<p>Das Orwellsche Muster, nach dem die \u201cWestliche Wertegemeinschaft\u201d zugunsten der Kapitalisten ihre Kriegs- und Unterwerfungspolitik gestaltet und sie mithilfe ihrer Staatsmedien als Friedensbem\u00fchung verkauft, ist in allen F\u00e4llen gleich und unverkennbar: Wirtschaftlich schw\u00e4chere, von sozialen und ethnischen Unterschieden gepr\u00e4gte Staaten forciert destabilisieren, sich massiv in ihre inneren Angelegenheiten einmischen, einen Umsturz provozieren, finanzieren und gegebenenfalls mit eigens angeworbenen M\u00f6rdern realisieren, um hernach v\u00f6llige wirtschaftliche und finanzielle Abh\u00e4ngigkeit herzustellen. Neudeutsch: \u201eregime change\u201c.<\/p>\n<p>Gelingen die Angriffe auf die vorgeblichen \u201eSchurkenregime\u201c, so werden deren \u201eMachthaber\u201c gegen willf\u00e4hrige Vasallen ausgetauscht. Den Vorwand, es gehe um Freiheit und Demokratie, \u00fcbernimmt unsere Qualit\u00e4sjournaille gern. Ebenso die Feindbilder, die der Elite unserer Parteienoligarchie dazu dienen, \u00c4ngste zu sch\u00fcren, Milit\u00e4r, Polizei- und Geheimdienstapparate aufzubl\u00e4hen und mit dieser Mixtur die eigene Machtposition abzusichern. Das Schicksal der von Umsturz und (B\u00fcrger-)Krieg heimgesuchten Menschen interessiert nicht. Institute wie die <em>Tagesschau<\/em> dienen der Funktionsf\u00e4higkeit dieses typisch westlichen Gewalt-Systems mittels Indoktrination des Zuschauers, nicht zu dessen Aufkl\u00e4rung und Emanzipation.<\/p>\n<p>Am Ukraine-Konflikt l\u00e4sst sich die menschenverachtende Vorgehensweise des \u201cWertewestens\u201d im Zusammenspiel mit seinen Medien eindrucksvoll belegen. Die \u201eMaidan Demokratiebewegung\u201c war nichts weniger als das, sie war vielmehr ein Staatsstreich, \u00fcberwiegend organisiert und durchgef\u00fchrt von Rechtsextremisten und neonazistischen Terroristen sowie etlichen hundert ausl\u00e4ndischen S\u00f6ldnern. (8)<\/p>\n<p>Pars pro toto: Die Kumpanei zwischen Frank-Walter Steinmeier, damals Au\u00dfenminister, heute Bundespr\u00e4sident, und dem rechtsextremistischen Antisemiten Oleg Tjagnibok von der Partei Swoboda (9, 10) wurde der deutschen \u00d6ffentlichkeit weitgehend verschwiegen oder bagatellisiert. Unter tatkr\u00e4ftiger Mitwirkung einer ARD-aktuell-Redaktion, die sich ansonsten bei jeder Gelegenheit als W\u00e4chter gegen Rechts auff\u00fchrt. Journalistische Handlanger vom Schlage Kay Gniffke, Golineh Atai, Thomas Roth, Birgit Virnich oder Udo Lielischkies dr\u00fcckten gegen\u00fcber dem sch\u00e4ndlichen Vorgehen die Augen zu.<\/p>\n<h5>Verbale Schleiert\u00e4nze<\/h5>\n<p>In der Ukraine gibt es selbst nach sechs Jahren westlicher Abh\u00e4ngigkeit weder \u201emehr Demokratie\u201c noch staatliche und wirtschaftliche Stabilit\u00e4t oder eine \u201cgute Regierungsf\u00fchrung\u201d. Daran hat sich auch mit dem neuen Pr\u00e4sidenten Wolodymyr Selenskyj\u00a0nichts ge\u00e4ndert.<\/p>\n<p>Die ARD-aktuell tarnt das ukrainische Elend mit sprachlichen Nebelschwaden: Der neue Pr\u00e4sident sei inzwischen \u201ein der Politik angekommen\u201c, er habe es verstanden \u201ewichtige Reformen durchzusetzen\u201c.\u00a0(11) Seit dem \u201eMaidan\u201c pflegt die Redaktion diese widerliche Ukraine-Berichterstattung, h\u00e4ufig faktenfrei, aber immer orientiert an der Berliner Politlinie. Solche \u201eNachrichten\u201c sind nichts weniger als ein Attentatsversuch auf die mentale Integrit\u00e4t des Zuschauers. Aussagekr\u00e4ftige Informationen, zum Beispiel dar\u00fcber, dass und warum seit dem \u201eEuro-Maidan\u201c mindestens 8 der vormals 52 Millionen Ukrainer ihre Heimat verlassen haben (12, 13), gibt es in der <em>Tagesschau<\/em> nicht. Ukrainische Armutsemigranten? Kein Thema.<\/p>\n<p>Im Wahlkampf hatte Selenskyj noch verk\u00fcndet, er werde die Konflikte mit der Ostukraine l\u00f6sen. Als Pr\u00e4sident hat er hernach zwar einige vorsichtige Schritte in diese Richtung getan, fortgesetzt hat er das aber nicht. Inzwischen hat ihn sein politisches Handeln meilenweit von seinem Befriedungsziel entfernt. Alexey Reznikov, stellvertretender Ministerpr\u00e4sident\u00a0und erster\u00a0stellvertretender Leiter der ukrainischen Delegation bei der Minsk-Kontaktgruppe, verk\u00fcndete\u00a0jetzt in einem Interview, dass \u201cdie Wiedereingliederung des Donbass in die Ukraine 25 Jahre dauern\u201d werde, und forderte das ukrainische Volk auf, dies zu akzeptieren.\u00a0(14)<\/p>\n<p>Das ist eine vom \u201eAbkommen Minsk II\u201c deutlich abweichende Position. Noch vor vier Monaten, am 11. M\u00e4rz, hatte der Leiter der ukrainischen Pr\u00e4sidialverwaltung,\u00a0Andrij Jermak,\u00a0der\u00a0Minsk-Kontaktgruppe\u00a0ein Papier vorgelegt,\u00a0in dem von direkten Verhandlungen zwischen Vertretern der Ukraine und den sogenannten Volksrepubliken Donezk (DNR) und Lugansk (LNR)\u00a0die Rede war; die hatte Kiew bis dahin immer ausgeschlagen.<\/p>\n<p>In der Opposition und in Teilen der Zivilgesellschaft l\u00f6ste das Papier Kritik aus, es schw\u00e4che Kiew im Verh\u00e4ltnis zum Donbass. Die\u00a0Konrad-Adenauer-Stiftung in Kiew\u00a0hatte sich ebenfalls mit dem Papier befasst und befunden, die Anregung Jermaks\u00a0k\u00e4me einer diplomatischen Anerkennung der Unterh\u00e4ndler aus der Ost-Ukraine gleich.\u00a0Es sei zu \u201ebef\u00fcrchten\u201c, dass die Vorschl\u00e4ge den \u201eRussen\u201c im Donbass einseitig Vorteile verschafften. (15)<\/p>\n<h5><strong>\u00a0<\/strong>Stellungskrieg auf kleiner Flamme<\/h5>\n<p>Die beflissene Einsch\u00e4tzung dieser einflussreichen CDU-Organisation erlaubt es, anzunehmen, dass sie ganz im Sinne der deutschen Au\u00dfenpolitik und der Bundeskanzlerin ist. Berlin\u00a0ist nicht daran gelegen, den innerukrainischen Friedensprozess und entsprechende Vorschl\u00e4ge der Regierung in Kiew zu unterst\u00fctzen. Die Bundesregierung zieht es vor, Krieg und Krise auf kleiner Flamme k\u00f6cheln zu lassen. Sie lassen sich als Gr\u00fcnde f\u00fcr die Russland-Sanktionen vorschieben, mit denen unsere Regierung und die EU insgesamt den USA zu Diensten sind. Sie haben zus\u00e4tzlich den Vorteil, die ukrainische Regierung schwach zu halten und an der kurzen Leine zu f\u00fchren.<\/p>\n<p>Was die <em>Tagesschau<\/em> so nat\u00fcrlich nicht aufzeigt. (16) ARD-aktuell ist eine gleicherma\u00dfen eifrige und bedeutende Mitt\u00e4terin, wenn Pr\u00e4sident Putin als Krisenverursacher, als der an allem Schuldige bezichtigt wird. Fakten sind dabei ebenso vollkommen egal wie die Interessen der ukrainischen Bev\u00f6lkerung.<\/p>\n<p>Die Durchsetzbarkeit von Reformen h\u00e4ngt nicht von der pers\u00f6nlichen Kompetenz des Pr\u00e4sidenten ab, sondern davon, wie weit der \u201eWertewesten\u201c Einfluss nimmt und seine unversch\u00e4mten Erpressungsversuche treibt. Deren kann sich Selenskyj als Oberhaupt eines gescheiterten und v\u00f6llig abh\u00e4ngigen Staates kaum erwehren. Er muss machtlos mitansehen, wie seine Ukraine vom Ausland gepl\u00fcndert wird. Klassisches Beispiel daf\u00fcr ist der postkolonialistische Landraub.<\/p>\n<p>Die Ukraine verf\u00fcgt \u00fcber 43 Millionen Hektar an fruchtbaren Schwarzerde-B\u00f6den; nicht von ungef\u00e4hr war sie einst die Kornkammer der Sowjetunion und schon damals ein Kriegsziel der Nazi-Wehrmacht. Die Bauern bewirtschaften die riesigen Fl\u00e4chen zumeist auf Basis von Pachtvertr\u00e4gen mit dem Staat. Agrarland-Eigentum gab es kaum.\u00a0Bis voriges Jahr war der Verkauf von mehr als zwei Hektar Anbaufl\u00e4che verfassungsrechtlich verboten, und Ausl\u00e4nder durften \u00fcberhaupt keinen Landbesitz erwerben. Die EU, der Internationale W\u00e4hrungsfonds IWF und die Weltbank\u00a0\u00fcben seit Jahren massiven Druck aus, dieses \u201eMoratorium f\u00fcr den Verkauf von Ackerland\u201c abzuschaffen.<\/p>\n<h5><strong>\u00a0<\/strong>Parieren oder krepieren<\/h5>\n<p>Pr\u00e4sident Selenskyj musste dem erpresserischen Druck seiner westlichen \u201eUnterst\u00fctzer\u201c schlie\u00dflich nachgeben. (17) Bedingung f\u00fcr einen IWF-Kredit von 5.5 Milliarden Euro: Das Moratorium \u00fcber den Verkauf von Ackerland aufheben. Die Alternative hie\u00df \u201ekuschen oder Staatsbankrott\u201c. Das zu berichten vermied die <em>Tagesschau<\/em> allerdings sorgf\u00e4ltig. Sie lie\u00df ja auch jegliche Information unter den Tisch fallen, dass die Schuldenpolitik nach dem \u201eEuro-Maidan\u201c vom Westen veranlasst und vom vormaligen Pr\u00e4sidenten Poroschenko vollzogen worden war. Dessen Regierungshandeln zielte von Beginn an darauf ab, das ukrainische Tafelsilber zu privatisieren und zugunsten ausl\u00e4ndischen Kapitals zu verramschen.<\/p>\n<p>Ein Gesetz regelt nun die umfassende Privatisierung von Agrarland. Das Kaufrecht gilt zun\u00e4chst f\u00fcr Ukrainer. Regelungen f\u00fcr Ausl\u00e4nder sollen folgen. (s. Anm. 16). Die Entscheidung sorgte f\u00fcr heftige Proteste, vor allem der ukrainischen Bauern. Die bef\u00fcrchten das Ende ihrer Pachtvertr\u00e4ge, Entstehung von privaten Grundeigentums- Monopolen und den Zugriff m\u00e4chtiger Kapitalgesellschaften. Laut einer Umfrage des Kiewer Internationalen Instituts f\u00fcr Soziologie (KMIS) aus dem April lehnten 60 Prozent der Befragten das Gesetz ab. (18)<\/p>\n<p>Zus\u00e4tzlich ist die IWF-Kreditvergabe von weiteren K\u00fcrzungen der Sozialausgaben und einer Erh\u00f6hung des Gaspreises abh\u00e4ngig. Millionen verarmte Ukrainer stehen im Winter vor der Wahl \u201eessen oder frieren oder fl\u00fcchten\u201c. Sogar von Schulschlie\u00dfungen zwecks Senkung der Staatsquote ist die Rede.\u00a0All das vor dem Hintergrund, dass die Ukraine ohnehin seit dem Maidan zu den \u00e4rmsten L\u00e4ndern Europas z\u00e4hlt (3000 Euro j\u00e4hrliches Pro-Kopf-Einkommen), die Wirtschaft seit Ende der Sowjetzeit um 60 Prozent geschrumpft ist und in diesem Jahr wegen der Corona-Pandemie mit einem weiteren R\u00fcckgang des Brutto-Inlandsprodukts um 7.7 Prozent gerechnet wird.\u00a0(19)<\/p>\n<p>Welchen beherrschenden Einfluss der IWF auf die ukrainische Politik aus\u00fcbt und wie demokratiefern die Ereignisse in Kiew sind, skizzierte ein Abgeordneter aus der Partei des Pr\u00e4sidenten:<\/p>\n<p><em>\u201e\u2026 wir sind ein Land unter der Regierung des\u00a0IWF, der hier g\u00fcnstige Bedingungen f\u00fcr den Markteintritt transnationaler Gesellschaften und Investoren gew\u00e4hrleistet, mit der Sicherstellung einer gew\u00fcnschten Profit-Rate \u2026 Wenn man es vereinfacht, sagen sie: Wir geben euch zwei, drei Milliarden und wir werden nicht fragen, wof\u00fcr ihr sie verwendet, solange ihr uns euren Boden, eure Stra\u00dfen, H\u00e4fen und Flugh\u00e4fen verkauft.\u201d<\/em>\u00a0(20)<\/p>\n<h5><strong>\u00a0<\/strong>Demokratische \u201eLiebesakte\u201c<\/h5>\n<p>Die sechs Jahre nach dem Maidan-Umsturz zeigen, wie gleichg\u00fcltig dem \u201cWertewesten\u201d das Wohl der ukrainischen Bev\u00f6lkerung ist und wie hohl die Spr\u00fcche \u00fcber \u201cDemokratie und Menschenrechte\u201d im Februar 2014 auf dem Maidan tats\u00e4chlich waren. Der Bundesregierung und ihrer Vormacht USA im aggressiven NATO-EU-Bunde ging und geht es um geopolitische Machtinteressen und zu deren Erf\u00fcllung um die Pflege des Feindbilds Russland; ihre transatlantisch agierenden Eliten wollen eine vielversprechende Wirtschaftsregion ungehemmt ausrauben.\u00a0Und in der h\u00f6chst mangelhaften Berichterstattung der ARD-aktuell ging und geht es darum, diese Vergewaltigungsprozesse entweder zu \u00fcbersehen oder sie als demokratische Liebesakte und schiere Mildt\u00e4tigkeit zu schminken. (\u201cHilfe f\u00fcr die Ukraine\u201d).<\/p>\n<p>Ihre d\u00fcrftigen journalistischen Erzeugnisse \u00fcber das Nachbarland handelten in allerj\u00fcngster Zeit zumeist von der besagten Geiselnahme; dass ein psychisch Durchgeknallter einen Omnibus mit zehn Passagieren in seine Gewalt gebracht hatte und sich schlie\u00dflich festnehmen lie\u00df, hielt die ARD-aktuell mehrdutzendmal f\u00fcr mitteilenswert. In drei anderen Beitr\u00e4gen wurde die Ukraine nur im Zusammenhang mit der Verl\u00e4ngerung der Sanktionen gegen Russland erw\u00e4hnt, und in einem besonders abscheulichen, geschichtsklitternden Feature durfte die Barrikadenbraut Golineh Atai die ukrainischen Hilfstruppen der SS und der deutschen Wehrmacht zu heimatliebenden Helden verkl\u00e4ren.\u00a0(21)<\/p>\n<p>Die <em>Tagesschau<\/em>-Beitr\u00e4ge \u00fcber die Sanktionen gegen Russland waren und sind \u00fcbrigens nicht weniger geschichtsvergessen und gewollt desinformativ. Obwohl das 13 Punkte umfassende Abkommen \u201eMinsk II\u201c nur (Selbst-)Verpflichtungen der ukrainischen Kriegsparteien festlegt und die Begleitrolle der OSZE beschreibt (s. Anm. 3), behauptet auch die ARD-aktuell seit Jahren unverdrossen, Russland m\u00fcsse \u201eden Friedensplan f\u00fcr die Ostukraine umsetzen\u201c, komme aber \u201eseinen Verpflichtungen nicht nach\u201c. Typischer <em>Tagesschau<\/em>-Sermon:<\/p>\n<p><em>\u201e<\/em><em>Mit der Koppelung der Sanktionen an den Friedensplan wollen die EU-Staaten den russischen Pr\u00e4sidenten Wladimir Putin dazu bewegen, seinen Einfluss auf die pro-russischen Separatisten in der Ostukraine st\u00e4rker f\u00fcr eine Beilegung des Konfliktes zu nutzen.\u201c <\/em>(22)<\/p>\n<p>Dass andererseits der Oberbefehlshaber USA und seine politischen EU- Subkommandeure nicht mal im Traum daran denken, ihren Einfluss auf die Regierung in Kiew zu nutzen und sie zur Erf\u00fcllung ihrer Verpflichtungen zu \u201ebewegen\u201c, verschweigt die <em>Tagesschau<\/em>. Was sonst. Penetrant und permanent nennt sie hingegen die Ostukrainer \u201eSeparatisten\u201c (23) und unterstellt ihnen damit, sich vollst\u00e4ndig vom ukrainischen Staat trennen zu wollen. Dass Lugansk und Donezk als \u201eVolksrepubliken\u201c nur existieren, weil ihnen die Zentralregierung in Kiew die innerukrainische Autonomie verweigert, das ignorieren unsere \u00f6ffentlich-rechtlichen Falschm\u00fcnzer. Dabei ist diese regionale Selbstverwaltung der Ost-Ukraine im Abkommen Minsk II ausdr\u00fccklich vorgesehen.<\/p>\n<h5>Da staunt der Laie<\/h5>\n<p>\u201eWer regieren will, muss l\u00fcgen k\u00f6nnen,\u201c deklamierte der Philosoph Philipp H\u00fcbl im Deutschlandfunk. (24) Na gut, und der Altvater des seri\u00f6sen Journalismus, Wolf Schneider, warnte schon vor 40 Jahren davor, \u201etypische L\u00fcgen der Politiker in den Stand der Wahrheit zu erheben.\u201c Genau damit nimmt die Tagesschau einen Spitzenplatz ein. Ihre sogenannten \u201eNachrichten\u201c \u00fcber Russland und die Ukraine k\u00f6nnen Qualit\u00e4tsredakteure vermutlich nur verfassen und anbieten, wenn sie sich anhaltend in einen intellektuellen Ausnahmezustand versetzen.<\/p>\n<p>Beeindruckend ist an diesen Leuten eigentlich nur, dass sie es schaffen, die anhaltende kollektive Gesinnungslumperei ohne Alkohol- oder Medikamentenmissbrauch zu \u00fcberleben.<\/p>\n<p>&nbsp;<\/p>\n<p><strong>Quellen und Anmerkungen:<\/strong><\/p>\n<p>(1) <a href=\"https:\/\/www.tagesschau.de\/multimedia\/video\/video-733221.html\">https:\/\/www.tagesschau.de\/multimedia\/video\/video-733221.html<\/a><br \/>\n(2) <a href=\"https:\/\/www.anti-spiegel.ru\/2020\/kiew-bleibt-stur-wieder-keine-nennenswerte-fortschritte-beim-treffen-der-kontaktgruppe-in-berlin\/\">https:\/\/www.anti-spiegel.ru\/2020\/kiew-bleibt-stur-wieder-keine-nennenswerte-fortschritte-beim-treffen-der-kontaktgruppe-in-berlin\/<\/a><br \/>\n(3) <a href=\"https:\/\/de.wikipedia.org\/wiki\/Minsk_II\">https:\/\/de.wikipedia.org\/wiki\/Minsk_II<\/a><br \/>\n(4) <a href=\"https:\/\/www.tagesschau.de\/ausland\/russland-sanktionen-eu-111.html\">https:\/\/www.tagesschau.de\/ausland\/russland-sanktionen-eu-111.html<\/a><br \/>\n(5) <a href=\"https:\/\/www.stopfake.org\/de\/fake-faschismus-kehrt-in-die-ukraine-zurueck\/\">https:\/\/www.stopfake.org\/de\/fake-faschismus-kehrt-in-die-ukraine-zurueck\/<\/a><br \/>\n(6) <a href=\"https:\/\/de.wikipedia.org\/wiki\/Bataillon_Nachtigall\">https:\/\/de.wikipedia.org\/wiki\/Bataillon_Nachtigall<\/a><br \/>\n(7) <a href=\"https:\/\/intern.tagesschau.de\/redaktionen\/tagesschau-de\/\">https:\/\/intern.tagesschau.de\/redaktionen\/tagesschau-de\/<\/a><br \/>\n(8) <a href=\"https:\/\/www.vice.com\/de\/article\/vdnpy4\/im-nationalis-tischen-interesse-0001318-v12n4\">https:\/\/www.vice.com\/de\/article\/vdnpy4\/im-nationalis-tischen-interesse-0001318-v12n4<\/a><br \/>\n(9) <a href=\"https:\/\/opablog.net\/2014\/02\/21\/steinmeier-mit-faschist-tjagnibok-in-der-brd-botschaft-in-kiew\/\">https:\/\/opablog.net\/2014\/02\/21\/steinmeier-mit-faschist-tjagnibok-in-der-brd-botschaft-in-kiew\/<\/a><br \/>\n(10) <a href=\"https:\/\/www.dw.com\/de\/regierung-und-opposition-unterzeichnen-vereinbarung-zur-krisenl%C3%B6sung\/a-17449594\">https:\/\/www.dw.com\/de\/regierung-und-opposition-unterzeichnen-vereinbarung-zur-krisenl%C3%B6sung\/a-17449594<\/a><br \/>\n(11) <a href=\"https:\/\/www.tagesschau.de\/ausland\/selenskyj-ukraine-ein-jar-101.html\">https:\/\/www.tagesschau.de\/ausland\/selenskyj-ukraine-ein-jar-101.html<\/a><br \/>\n(12) <a href=\"https:\/\/112.international\/article\/will-emigration-undermine-ukraine-25342.html\">https:\/\/112.international\/article\/will-emigration-undermine-ukraine-25342.html<\/a><br \/>\n(13) <a href=\"https:\/\/www.freitag.de\/autoren\/enduringfreedom\/verlassenes-land\">https:\/\/www.freitag.de\/autoren\/enduringfreedom\/verlassenes-land<\/a><br \/>\n(14) <a href=\"https:\/\/zagittya.com.ua\/news\/zajavlenija\/vlast_nesposobnaja_prinesti_mir_v_ukrainu_dolzhna_izvinitsja_pered_ukraincami_i_slozhit_polnomochija.html\">https:\/\/zagittya.com.ua\/news\/zajavlenija\/vlast_nesposobnaja_prinesti_mir_v_ukrainu_dolzhna_izvinitsja_pered_ukraincami_i_slozhit_polnomochija.html<\/a><br \/>\n(15) <a href=\"https:\/\/www.kas.de\/de\/web\/ukraine\/laenderberichte\/detail\/-\/content\/ukrainische-politik-im-schatten-der-pandemie-teil-1\">https:\/\/www.kas.de\/de\/web\/ukraine\/laenderberichte\/detail\/-\/content\/ukrainische-politik-im-schatten-der-pandemie-teil-1<\/a><br \/>\n(16) Selbstzitat: <a href=\"https:\/\/publikumskonferenz.de\/blog\/2018\/07\/29\/das-ukraine-bild-der-ard-falschmuenzer\/\">https:\/\/publikumskonferenz.de\/blog\/2018\/07\/29\/das-ukraine-bild-der-ard-falschmuenzer\/<\/a><br \/>\n(17) <a href=\"https:\/\/www.dw.com\/de\/ukraine-gibt-handel-mit-agrarland-frei\/a-52967077\">https:\/\/www.dw.com\/de\/ukraine-gibt-handel-mit-agrarland-frei\/a-52967077<\/a><br \/>\n(18) <a href=\"https:\/\/www.neues-deutschland.de\/artikel\/1137743.neue-iwf-kredite-fuer-kiew.html\">https:\/\/www.neues-deutschland.de\/artikel\/1137743.neue-iwf-kredite-fuer-kiew.html<\/a><br \/>\n(19) <a href=\"https:\/\/www.gtai.de\/gtai-de\/trade\/wirtschaftsumfeld\/wirtschaftsausblick\/ukraine\/coronakrise-stoppt-wirtschaftliche-erholung-der-ukraine-249700\">https:\/\/www.gtai.de\/gtai-de\/trade\/wirtschaftsumfeld\/wirtschaftsausblick\/ukraine\/coronakrise-stoppt-wirtschaftliche-erholung-der-ukraine-249700<\/a><br \/>\n(20) <a href=\"https:\/\/ukraine-nachrichten.de\/parlamentsabgeordneter-alexander-dubinskij-sind-eine-republik-unter-kuratel-iwf_4948\">https:\/\/ukraine-nachrichten.de\/parlamentsabgeordneter-alexander-dubinskij-sind-eine-republik-unter-kuratel-iwf_4948<\/a><br \/>\n(21) <a href=\"https:\/\/www.tagesschau.de\/ausland\/russland-ukraine-ende-weltkrieg-siegesfeiern-101.html\">https:\/\/www.tagesschau.de\/ausland\/russland-ukraine-ende-weltkrieg-siegesfeiern-101.html<\/a><br \/>\n(22) <a href=\"https:\/\/www.tagesschau.de\/ausland\/eu-gipfel-russland-sanktionen-101.html\">https:\/\/www.tagesschau.de\/ausland\/eu-gipfel-russland-sanktionen-101.html<\/a><br \/>\n(23) <a href=\"https:\/\/www.tagesschau.de\/suche2.html?query=Ukraine%2C+Separatisten&amp;sort_by=date\">https:\/\/www.tagesschau.de\/suche2.html?query=Ukraine%2C+Separatisten&amp;sort_by=date<\/a><br \/>\n(24) <a href=\"https:\/\/www.deutschlandfunkkultur.de\/politik-und-wahrheit-wer-regieren-will-muss-luegen-koennen.1008.de.html?dram:article_id=465912\">https:\/\/www.deutschlandfunkkultur.de\/politik-und-wahrheit-wer-regieren-will-muss-luegen-koennen.1008.de.html?dram:article_id=465912<\/a><\/p>\n<p style=\"text-align: right;\"><em><strong>Das\u00a0Autoren-Team:\u00a0<\/strong><\/em><\/p>\n<p style=\"text-align: right;\"><em>Friedhelm Klinkhammer, Jahrgang\u00a01944, Jurist. 1975 bis 2008 Mitarbeiter des NDR, zeitweise Vorsitzender des NDR-Gesamtpersonalrats und des ver.di-Betriebsverbandes\u00a0sowie Referent einer Funkhausdirektorin.<\/em><\/p>\n<p style=\"text-align: right;\"><em>Volker Br\u00e4utigam, Jahrgang 1941, Redakteur. 1975 bis 1996 Mitarbeiter des NDR, zun\u00e4chst in der Tagesschau, von 1992 an in der Kulturredaktion f\u00fcr N3. Danach Lehrauftrag an der Fu-Jen-Universit\u00e4t\u00a0in Taipeh.<\/em><\/p>\n<p style=\"text-align: right;\"><em>Beide Autoren sind Mitglieder des Beirates des Deutschen Freidenker-Verbandes.<\/em><\/p>\n<p><span style=\"font-size: 10pt;\">Dieser Beitrag erschien am 25.07.2020 auch auf <a href=\"https:\/\/publikumskonferenz.de\/blog\/2020\/07\/25\/neudeutsche-raubzuege-in-der-ukraine\/\" target=\"_blank\" rel=\"noopener noreferrer\">publikumskonferenz.de<\/a><\/span><\/p>\n<hr \/>\n<p><span style=\"font-size: 10pt;\">Bild: Immer zu Diensten: Pr\u00e4sident Selenskyi zum Befehlsempfang bei US-Chef-&#8222;Diplomat&#8220; Pompeo , 31. Januar 2020<br \/>\nFoto\/Quelle: <a href=\"https:\/\/www.president.gov.ua\/en\/news\/prezident-ukrayini-zustrivsya-z-derzhavnim-sekretarem-ssha-59517\" target=\"_blank\" rel=\"noopener noreferrer\">https:\/\/www.president.gov.ua\/en\/news\/prezident-ukrayini-zustrivsya-z-derzhavnim-sekretarem-ssha-59517<\/a><br \/>\nlicensed under a <a href=\"https:\/\/creativecommons.org\/licenses\/by\/4.0\/deed.en\" target=\"_blank\" rel=\"noopener noreferrer\">Creative Commons Attribution 4.0 International<\/a><\/span><\/p>\n","protected":false},"excerpt":{"rendered":"<p><b>Beitrag von Friedhelm Klinkhammer und Volker Br\u00e4utigam<\/b><br \/>\nUkraine? Gibt\u00b4s da was? Die umfangreichsten Berichte der Tagesschau \u00fcber den osteurop\u00e4ischen Krisenstaat handeln im Juli von einer glimpflich abgegangenen Geiselnahme im west-ukrainischen Luzk. \u201eUnblutig beendet\u201c, hei\u00dft das in der verluderten Boulevard-Sprache, der sich auch die Redaktion ARD-aktuell bedient. Desinformation und Angebote zur Befriedigung der Sensationsgier geh\u00f6ren im Krieg um Marktf\u00fchrerschaft und Deutungshoheit auch auf dem ARD-\u201eFlaggschiff\u201c zur Standardbewaffnung. Hingegen herrscht Mangel an informativen Nachrichten \u00fcber den ukrainischen Alltag, \u00fcber den endlosen B\u00fcrgerkrieg mit seinen ungez\u00e4hlten, namenlosen Opfern. <\/p>\n","protected":false},"author":3,"featured_media":8458,"comment_status":"closed","ping_status":"closed","sticky":false,"template":"","format":"standard","meta":{"colormag_page_container_layout":"default_layout","colormag_page_sidebar_layout":"default_layout","advanced_seo_description":"","jetpack_seo_html_title":"","jetpack_seo_noindex":false,"jetpack_post_was_ever_published":false,"footnotes":""},"categories":[12],"tags":[182,885,56,783,1126,1111],"class_list":["post-8457","post","type-post","status-publish","format-standard","has-post-thumbnail","hentry","category-demokratie-medien-aufklaerung","tag-eu","tag-iwf","tag-nato","tag-neofaschismus","tag-tagesschau","tag-ukraine"],"jetpack_featured_media_url":"https:\/\/i0.wp.com\/www.freidenker.org\/fw17\/wp-content\/uploads\/2020\/07\/selenskyi_pompeo_2020_800x450.jpg?fit=800%2C450&ssl=1","jetpack_shortlink":"https:\/\/wp.me\/p9stpK-2cp","jetpack-related-posts":[{"id":22435,"url":"https:\/\/www.freidenker.org\/?p=22435","url_meta":{"origin":8457,"position":0},"title":"Ukraine-Proteste: Der Westen hat noch die Kontrolle \u00fcber die NGOs im Land","author":"Webredaktion","date":"25. Juli 2025","format":false,"excerpt":"Beitrag von Gert Ewen Ungar Wenn es um die Ukraine geht, erz\u00e4hlt die Tagesschau gerne sch\u00f6ne und ergreifende Geschichten. Mit der Realit\u00e4t haben diese als Journalismus getarnten R\u00fchrst\u00fccke in der Regel genauso viel zu tun wie die Schauerm\u00e4rchen, die deutsche Medien \u00fcber Russland erz\u00e4hlen: nichts.\u00a0Anl\u00e4sslich der aktuellen Proteste in der\u2026","rel":"","context":"In &quot;Demokratie \u2013 Medien \u2013 Aufkl\u00e4rung&quot;","block_context":{"text":"Demokratie \u2013 Medien \u2013 Aufkl\u00e4rung","link":"https:\/\/www.freidenker.org\/?cat=12"},"img":{"alt_text":"","src":"https:\/\/i0.wp.com\/www.freidenker.org\/fw17\/wp-content\/uploads\/2025\/07\/Proteste_Kiew_RT_800x450.jpg?fit=800%2C450&ssl=1&resize=350%2C200","width":350,"height":200,"srcset":"https:\/\/i0.wp.com\/www.freidenker.org\/fw17\/wp-content\/uploads\/2025\/07\/Proteste_Kiew_RT_800x450.jpg?fit=800%2C450&ssl=1&resize=350%2C200 1x, https:\/\/i0.wp.com\/www.freidenker.org\/fw17\/wp-content\/uploads\/2025\/07\/Proteste_Kiew_RT_800x450.jpg?fit=800%2C450&ssl=1&resize=525%2C300 1.5x, https:\/\/i0.wp.com\/www.freidenker.org\/fw17\/wp-content\/uploads\/2025\/07\/Proteste_Kiew_RT_800x450.jpg?fit=800%2C450&ssl=1&resize=700%2C400 2x"},"classes":[]},{"id":9866,"url":"https:\/\/www.freidenker.org\/?p=9866","url_meta":{"origin":8457,"position":1},"title":"Joe Biden im Tagesschau-Weichzeichner","author":"Webredaktion","date":"12. April 2021","format":false,"excerpt":"Beitrag von Friedhelm Klinkhammer und Volker Br\u00e4utigam Tagesschau-Meldung ohne gedankliche Vorleistung: \u201eDer Konflikt um die Ostukraine heizt die Spannungen zwischen den USA und Russland an.\u201c .... Von wem eigentlich die \u201eBerichte\u201c stammen, inwieweit sie zutreffen und welch tats\u00e4chlichem Zweck all das letztlich dient, kl\u00e4rt die Tagesschau nicht. Im Kontext wird\u2026","rel":"","context":"In &quot;Demokratie \u2013 Medien \u2013 Aufkl\u00e4rung&quot;","block_context":{"text":"Demokratie \u2013 Medien \u2013 Aufkl\u00e4rung","link":"https:\/\/www.freidenker.org\/?cat=12"},"img":{"alt_text":"","src":"https:\/\/i0.wp.com\/www.freidenker.org\/fw17\/wp-content\/uploads\/2021\/04\/Biden_weichgezeichnet_800x450.jpg?fit=800%2C450&ssl=1&resize=350%2C200","width":350,"height":200,"srcset":"https:\/\/i0.wp.com\/www.freidenker.org\/fw17\/wp-content\/uploads\/2021\/04\/Biden_weichgezeichnet_800x450.jpg?fit=800%2C450&ssl=1&resize=350%2C200 1x, https:\/\/i0.wp.com\/www.freidenker.org\/fw17\/wp-content\/uploads\/2021\/04\/Biden_weichgezeichnet_800x450.jpg?fit=800%2C450&ssl=1&resize=525%2C300 1.5x, https:\/\/i0.wp.com\/www.freidenker.org\/fw17\/wp-content\/uploads\/2021\/04\/Biden_weichgezeichnet_800x450.jpg?fit=800%2C450&ssl=1&resize=700%2C400 2x"},"classes":[]},{"id":15167,"url":"https:\/\/www.freidenker.org\/?p=15167","url_meta":{"origin":8457,"position":2},"title":"&#8222;Faktenfinder&#8220; der Tagesschau: Diffamierungskampagne gegen Alina Lipp geht weiter","author":"Webredaktion","date":"5. Februar 2023","format":false,"excerpt":"Beitrag von Gert Ewen Ungar Die Tagesschau behauptet von sich, das Flaggschiff des deutschen Journalismus zu sein und hohe Standards in der Berichterstattung zu befolgen. Mit dieser vollmundigen Selbstwahrnehmung korrespondiert die Realit\u00e4t immer weniger. Insbesondere in Krisenzeiten zeigt sich die Tagesschau wie viele andere deutsche Medien auch extrem anf\u00e4llig f\u00fcr\u2026","rel":"","context":"In &quot;Demokratie \u2013 Medien \u2013 Aufkl\u00e4rung&quot;","block_context":{"text":"Demokratie \u2013 Medien \u2013 Aufkl\u00e4rung","link":"https:\/\/www.freidenker.org\/?cat=12"},"img":{"alt_text":"","src":"https:\/\/i0.wp.com\/www.freidenker.org\/fw17\/wp-content\/uploads\/2023\/02\/alina_lipp_donbass_800x450.jpg?fit=800%2C450&ssl=1&resize=350%2C200","width":350,"height":200,"srcset":"https:\/\/i0.wp.com\/www.freidenker.org\/fw17\/wp-content\/uploads\/2023\/02\/alina_lipp_donbass_800x450.jpg?fit=800%2C450&ssl=1&resize=350%2C200 1x, https:\/\/i0.wp.com\/www.freidenker.org\/fw17\/wp-content\/uploads\/2023\/02\/alina_lipp_donbass_800x450.jpg?fit=800%2C450&ssl=1&resize=525%2C300 1.5x, https:\/\/i0.wp.com\/www.freidenker.org\/fw17\/wp-content\/uploads\/2023\/02\/alina_lipp_donbass_800x450.jpg?fit=800%2C450&ssl=1&resize=700%2C400 2x"},"classes":[]},{"id":15471,"url":"https:\/\/www.freidenker.org\/?p=15471","url_meta":{"origin":8457,"position":3},"title":"ARD-Tagesschau \u2012 &#8222;Erkl\u00e4r-B\u00e4r f\u00fcr Idioten&#8220;","author":"Webredaktion","date":"11. M\u00e4rz 2023","format":false,"excerpt":"Eine Analyse von Rainer Rupp Es ist schon interessant, dass einen guten Monat lang kein Medium des westlichen Mainstreams vorurteilsfrei, wenn \u00fcberhaupt, Seymour Hershs Enth\u00fcllungen \u00fcber die T\u00e4terschaft der Nord Stream-Sprengungen erw\u00e4hnt hat. Aber am 7. M\u00e4rz haben alle, als w\u00e4re es eine koordinierte Aktion, fast zeitgleich ein neues Narrativ\u2026","rel":"","context":"In &quot;Demokratie \u2013 Medien \u2013 Aufkl\u00e4rung&quot;","block_context":{"text":"Demokratie \u2013 Medien \u2013 Aufkl\u00e4rung","link":"https:\/\/www.freidenker.org\/?cat=12"},"img":{"alt_text":"","src":"https:\/\/i0.wp.com\/www.freidenker.org\/fw17\/wp-content\/uploads\/2023\/03\/ard_nordstream_800x450.jpg?fit=800%2C450&ssl=1&resize=350%2C200","width":350,"height":200,"srcset":"https:\/\/i0.wp.com\/www.freidenker.org\/fw17\/wp-content\/uploads\/2023\/03\/ard_nordstream_800x450.jpg?fit=800%2C450&ssl=1&resize=350%2C200 1x, https:\/\/i0.wp.com\/www.freidenker.org\/fw17\/wp-content\/uploads\/2023\/03\/ard_nordstream_800x450.jpg?fit=800%2C450&ssl=1&resize=525%2C300 1.5x, https:\/\/i0.wp.com\/www.freidenker.org\/fw17\/wp-content\/uploads\/2023\/03\/ard_nordstream_800x450.jpg?fit=800%2C450&ssl=1&resize=700%2C400 2x"},"classes":[]},{"id":6844,"url":"https:\/\/www.freidenker.org\/?p=6844","url_meta":{"origin":8457,"position":4},"title":"Zerrbild Ukraine st\u00fctzt Feindbild\u00a0Russland","author":"Webredaktion","date":"22. August 2019","format":false,"excerpt":"Beitrag von Friedhelm Klinkhammer und Volker Br\u00e4utigam Seit dem Maidan-Putsch sendet ARD-aktuell transatlantische Propaganda \u00fcber unser osteurop\u00e4isches Nachbarland und unterschl\u00e4gt wichtige Informationen. Statt Fakten und gut recherchierter Hintergr\u00fcnde gibt es russophobe Klischees zum Fremdsch\u00e4men.","rel":"","context":"In &quot;Demokratie \u2013 Medien \u2013 Aufkl\u00e4rung&quot;","block_context":{"text":"Demokratie \u2013 Medien \u2013 Aufkl\u00e4rung","link":"https:\/\/www.freidenker.org\/?cat=12"},"img":{"alt_text":"","src":"https:\/\/i0.wp.com\/www.freidenker.org\/fw17\/wp-content\/uploads\/2019\/08\/ARD_-_Hauptstadtstudio_in_Berlin_800x445.jpg?fit=800%2C445&ssl=1&resize=350%2C200","width":350,"height":200,"srcset":"https:\/\/i0.wp.com\/www.freidenker.org\/fw17\/wp-content\/uploads\/2019\/08\/ARD_-_Hauptstadtstudio_in_Berlin_800x445.jpg?fit=800%2C445&ssl=1&resize=350%2C200 1x, https:\/\/i0.wp.com\/www.freidenker.org\/fw17\/wp-content\/uploads\/2019\/08\/ARD_-_Hauptstadtstudio_in_Berlin_800x445.jpg?fit=800%2C445&ssl=1&resize=525%2C300 1.5x, https:\/\/i0.wp.com\/www.freidenker.org\/fw17\/wp-content\/uploads\/2019\/08\/ARD_-_Hauptstadtstudio_in_Berlin_800x445.jpg?fit=800%2C445&ssl=1&resize=700%2C400 2x"},"classes":[]},{"id":12379,"url":"https:\/\/www.freidenker.org\/?p=12379","url_meta":{"origin":8457,"position":5},"title":"Gift und Galle statt k\u00fchler Vernunft und Diplomatie","author":"Webredaktion","date":"4. M\u00e4rz 2022","format":false,"excerpt":"Beitrag von Friedhelm Klinkhammer und Volker Br\u00e4utigam Bundeskanzler Olaf Scholz: \u201e\u2026 Kriegstreibern wie Putin Grenzen zu setzen\u201c. Oppositionsf\u00fchrer Friedrich Merz: \u201e\u2026 endg\u00fcltig und f\u00fcr alle Welt sichtbar ein Kriegsverbrecher \u2026\u201c. Rauschender Beifall im Bundestag. Haben die beiden Schm\u00e4hredner es jemals gewagt, sich in dieser Form \u00fcber US-amerikanische Pr\u00e4sidenten und Kriegsverbrecher\u2026","rel":"","context":"In &quot;Demokratie \u2013 Medien \u2013 Aufkl\u00e4rung&quot;","block_context":{"text":"Demokratie \u2013 Medien \u2013 Aufkl\u00e4rung","link":"https:\/\/www.freidenker.org\/?cat=12"},"img":{"alt_text":"","src":"https:\/\/i0.wp.com\/www.freidenker.org\/fw17\/wp-content\/uploads\/2022\/03\/Soldiers_in_truck_reinforced_with_steel_plates_800x450.jpg?fit=800%2C450&ssl=1&resize=350%2C200","width":350,"height":200,"srcset":"https:\/\/i0.wp.com\/www.freidenker.org\/fw17\/wp-content\/uploads\/2022\/03\/Soldiers_in_truck_reinforced_with_steel_plates_800x450.jpg?fit=800%2C450&ssl=1&resize=350%2C200 1x, https:\/\/i0.wp.com\/www.freidenker.org\/fw17\/wp-content\/uploads\/2022\/03\/Soldiers_in_truck_reinforced_with_steel_plates_800x450.jpg?fit=800%2C450&ssl=1&resize=525%2C300 1.5x, https:\/\/i0.wp.com\/www.freidenker.org\/fw17\/wp-content\/uploads\/2022\/03\/Soldiers_in_truck_reinforced_with_steel_plates_800x450.jpg?fit=800%2C450&ssl=1&resize=700%2C400 2x"},"classes":[]}],"_links":{"self":[{"href":"https:\/\/www.freidenker.org\/index.php?rest_route=\/wp\/v2\/posts\/8457","targetHints":{"allow":["GET"]}}],"collection":[{"href":"https:\/\/www.freidenker.org\/index.php?rest_route=\/wp\/v2\/posts"}],"about":[{"href":"https:\/\/www.freidenker.org\/index.php?rest_route=\/wp\/v2\/types\/post"}],"author":[{"embeddable":true,"href":"https:\/\/www.freidenker.org\/index.php?rest_route=\/wp\/v2\/users\/3"}],"replies":[{"embeddable":true,"href":"https:\/\/www.freidenker.org\/index.php?rest_route=%2Fwp%2Fv2%2Fcomments&post=8457"}],"version-history":[{"count":0,"href":"https:\/\/www.freidenker.org\/index.php?rest_route=\/wp\/v2\/posts\/8457\/revisions"}],"wp:featuredmedia":[{"embeddable":true,"href":"https:\/\/www.freidenker.org\/index.php?rest_route=\/wp\/v2\/media\/8458"}],"wp:attachment":[{"href":"https:\/\/www.freidenker.org\/index.php?rest_route=%2Fwp%2Fv2%2Fmedia&parent=8457"}],"wp:term":[{"taxonomy":"category","embeddable":true,"href":"https:\/\/www.freidenker.org\/index.php?rest_route=%2Fwp%2Fv2%2Fcategories&post=8457"},{"taxonomy":"post_tag","embeddable":true,"href":"https:\/\/www.freidenker.org\/index.php?rest_route=%2Fwp%2Fv2%2Ftags&post=8457"}],"curies":[{"name":"wp","href":"https:\/\/api.w.org\/{rel}","templated":true}]}}