{"id":8364,"date":"2020-07-02T23:56:16","date_gmt":"2020-07-02T21:56:16","guid":{"rendered":"https:\/\/www.freidenker.org\/?p=8364"},"modified":"2020-08-01T23:47:57","modified_gmt":"2020-08-01T21:47:57","slug":"der-rassistische-trinitaetskomplex","status":"publish","type":"post","link":"https:\/\/www.freidenker.org\/?p=8364","title":{"rendered":"Der rassistische Trinit\u00e4tskomplex"},"content":{"rendered":"<h5>Antirassistisch? Kommt drauf an.<\/h5>\n<h4>Der rassistische Trinit\u00e4tskomplex<\/h4>\n<p><em>Von <strong>Klaus Linder<\/strong><\/em><\/p>\n<p>Wie kommt es eigentlich, dass von der offiziellen Propaganda und auf s\u00e4mtlichen Streckenabschnitten der Gleichschaltung Ken Jebsen, Xavier Naidoo und Attila Hildmann durchweg nur in einem Atemzug genannt werden d\u00fcrfen, als seien sie die Unheilige Dreifaltigkeit h\u00f6chstselbst, die den deutschen Lichtstaat heimsucht? Wogegen ein ebenfalls medial operierender, bestens \u201evernetzter\u201c und finanzierter Influencer wie Rezo immer nur als Einzelperson genannt wird?<\/p>\n<p>Meine These zur Jebsen-Naidoo-Hildmann-Dreifaltigkeit: Man statuiert an ihnen, inmitten einer vermeintlichen Anti-Rassismuskampagne, das Exempel des integrierten, aber \u201eundankbaren\u201c Migrantenkindes als \u201eNestbeschmutzer\u201c. Das eigentliche Angriffsobjekt der Operation, aufgrund seiner Bedeutung, ist Ken Jebsen, \u00fcber den der \u201eDiskurs\u201c inzwischen offen rassistische Z\u00fcge angenommen hat.<\/p>\n<p>Was \u2013 wenn man wie ich weder mit Hildmann noch mit Naidoo bisher etwas anfangen konnte \u2013 f\u00e4llt als Gemeinsamkeit in dieser Trinit\u00e4t auf? Der \u2013 andernorts so positiv herausgestellte &#8211; \u201eMigrationshintergrund\u201c, die irgendwie \u201eundeutliche Herkunft\u201c.<\/p>\n<p>Es sind drei Migrantenkinder mit besonderem Hintergrund \u2013 drei Verk\u00f6rperungen der erw\u00fcnschten in aller \u00d6ffentlichkeit vorgelebten Erfolgsstory. Und zwar so, dass sie von dem Medienbetrieb zuerst aufgebaut wurden, der sie dann fallenlie\u00df und abbaute.<\/p>\n<p>Jebsen leistete schon als Radio-Fritz-Moderator manches Bedeutende \u2013 z.B. indem er einen ganzen Sonntag lang \u00fcber Uranmunition informierte. Der Rausschmiss kam einigerma\u00dfen voraussehbar. Es war eher ein Gl\u00fccksfall f\u00fcr den\u00a0 Rausgeschmissenen und sein Publikum: Erst dadurch konnte er zum medialen Self-Made-Man wachsen und durch seinen Kanal zur Erf\u00fcllung eben der Funktion beitragen, die die \u00f6ffentlich-rechtlichen GEZ-Medien beanspruchen, aber in ihrem Brei nicht mehr zulassen: der der Vierten Gewalt.<\/p>\n<p>Naidoo: ebenfalls zun\u00e4chst ein Erfolgsprodukt dieses Medienbetriebs, bis hin zur Institution \u201eDeutschland sucht den Superstar\u201c. Erfolgsprodukt irgendwie mit \u201eMigrationshintergrund\u201c.<\/p>\n<p>Hildmann: Adoptivkind \u201emit t\u00fcrkischen Wurzeln\u201c, der bis zu seiner gut gehenden medialen Pr\u00e4sentation als \u201eVegankoch\u201c aufgebaut wurde, was vollst\u00e4ndig den Vorgaben des kapitalistischen Zeitgeistes entsprach.<\/p>\n<p>Als Mitgliedern der Unheiligen Dreifaltigkeit muss der \u00f6ffentlichen Nennung ihres Namens nun das Adjektiv \u201eehemalig\u201c vorangestellt werden \u2013 das kommt in etwa der Aberkennung der Integrationsbeglaubigung eines Migrantenkindes am n\u00e4chsten. Dass Jebsen jetzt der \u201eehemalige\u201c RBB-Moderator ist, Naidoo der \u201eehemalige\u201c \u201eSohn Mannheims\u201c, ehemaliges \u201eDSDS-Jurymitglied\u201c usw. geht noch unauff\u00e4llig durch. Aber wieso ist Hildmann neuerdings der \u201eehemalige Vegankoch\u201c? Ich pers\u00f6nlich halte zwar vegane <strong>K\u00f6ch-Sternchen-innen<\/strong> f\u00fcr eine der \u00fcberfl\u00fcssigsten Spielereien des Neoliberalismus, und in einer verheerenden Weltwirtschaftskrise f\u00fcr den falschen Ansatz, um Nahrungs-Preistreiberei und Hunger zu bek\u00e4mpfen. Aber es ist nicht einzusehen, wieso Hildmann durch das, was er von sich gibt, pl\u00f6tzlich seine berufliche Qualifikation eingeb\u00fc\u00dft haben sollte.<\/p>\n<p>Es handelt sich um Migrantenkinder, die das volle Programm einer bundesrepublikanischen Sozialisierung abbekommen haben. Voll integriert, inklusive \u201eWir sind ein Volk\u201c.<\/p>\n<p>Nun ist der Grundgesetzfetischismus, mit dem einige Wochen lang geglaubt wurde, eine Demokratiebewegung aufbauen zu k\u00f6nnen, nicht nur hilflos, sondern lie\u00df auch von Anfang an bef\u00fcrchten, dass er, sobald \u201egelockert\u201c wird, mit der herrschenden Ideologie und schlie\u00dflich der reaktion\u00e4ren \u201eTotalitarismustheorie\u201c einer Hannah Ahrendt verschmelzen w\u00fcrde. Daf\u00fcr gibt es inzwischen genug Beispiele. Das ist umso gef\u00e4hrlicher, als die aktuelle Neubelebung dieser \u201eTotalitarismustheorie\u201c den Zweck hat, das deutsche Hinterland auf die Aggression gegen China einzustimmen.<\/p>\n<p>Au\u00dferdem: Gewiss darf man auch, wie ich, die Meinung vertreten, dass Ken Jebsen in Videos der letzten Monate bestimmte Dinge schnellsprach, die so unhaltbar sind, dass man nicht mit blo\u00dfem \u201eSchwamm-dr\u00fcber\u201c reagieren sollte. Dazu unten mehr.<\/p>\n<p>Aber, beides zugestanden: So politisch verkehrt war es eben denn doch nicht, dass gerade Jebsen das Grundgesetz der BRD anf\u00fchrte, um darauf zu verweisen, welche M\u00f6glichkeiten \u2013 wie er meint, durch dessen ersten Artikel &#8211; ihm dadurch als immigriertem Iraner er\u00f6ffnet worden seien. Womit er allerdings der Inquisition nur noch einen Anklagepunkt mehr liefert.<\/p>\n<p>Ich sagte: Die drei haben die volle Ladung einer BRD-Sozialisierung in sich aufgesogen, auch mit allen beklagenswerten Scheuklappen und Bornierungen in Kernfragen. Das hei\u00dft: Sie haben gar nicht realisiert, dass sie B\u00fcrger eines zutiefst gespaltenen Deutschland sind, in dem der eine Teil des Landes den anderen seit 30 Jahren massiv diskriminiert. Sie haben auch nicht realisiert, dass erst vor dem Hintergrund dieser innerdeutschen Diskriminierung die medial untermauerten Erfolgsstories als Integrations-Paradigma gesponnen werden k\u00f6nnen.\u00a0 Selbst die Berufung auf das Grundgesetz der BRD wird aus dieser Perspektive zu einer Kronzeugenschaft, dass wenigstens der Hauch einer Illusion von Gleichstellung und Emanzipation aus Armut m\u00f6glich gewesen sei, ein Reflex des American Dream in Westdeutschland.<\/p>\n<p>Sicher, bei Ignoranz der Bedingungen dieses nationalen Dokuments, bei Ignorierung der deutschen Spaltung, ist jedes Lob des Grundgesetzes gefundenes Fressen f\u00fcr die Herrschenden, einmal mehr die Niedermachung der DDR und ihrer Verfassung zum gl\u00fccklich erreichten Endzustand der deutschen Nation zu verkl\u00e4ren \u2013 ob durch den \u201eMainstream\u201c oder durch \u201eAlternative Medien\u201c spielt dabei keine Rolle. Das Regime bevorzugt den Zangenangriff. Und so geschieht es ja auch. Aber das schreibe ich, als \u201enichtmigrantischer (West-)Deutscher\u201c. In ihrem Fall wird es nicht verziehen, dass sie diesem Staat, der ihnen doch \u2013 in Form abstrakter Gleichstellung &#8211; angeblich \u201ealles gab\u201c, ausgerechnet das l\u00e4ngst durchl\u00f6cherte Grundgesetz vor die Nase halten. Man wird es gerade ihnen nicht verzeihen: Der Status des guten, integrierten Migrationshintergr\u00fcndlers ist widerrufbar und durch den des \u201edoppelten Nestbeschmutzers\u201c zu ersetzen. Und das wird dann tats\u00e4chlich rassistisch.\u00a0 So wartete der SPIEGEL am 17. Juni (welch symbolisches Datum&#8230;) mit einem Artikel auf: \u201eWie aus Kayvan Soufi-Siavash der Verschw\u00f6rungsideologe Ken Jebsen wurde\u201c. Ich gebe die darin bem\u00fchten Stereotype hier nicht wieder \u2013 Dagmar Henn bemerkte dazu auf facebook zu Recht: \u201eSo geht Rassismus\u201c. Damit auch kein Zweifel bleibt, wie hier einer f\u00fcr vogelfrei erkl\u00e4rt wird, kommt zur \u201eentlarvend\u201c-rassistischen Namenskunde hinzu: \u201eAuff\u00e4llig sind seine Verbindungen nach Russland\u201c (ebd.). Der sich unter unverf\u00e4nglichem Pseudonym \u201emaskierende\u201c Iraner, der \u201eeigentlich\u201c, \u201emit wirklichem Namen\u201c soundso hei\u00dft, produziere \u201ewirre Thesen\u201c als Verschw\u00f6rungsideologe und hat dabei Verbindungen \u201ezum Russen\u201c. Mehr geht nicht an Ehrenr\u00fchrigkeit.<\/p>\n<p>Ich muss es nicht f\u00fcr Naidoo und Hildmann durchf\u00fchren. Entscheidend ist, dass man genau diese drei von propagandistisch-inquisitorischer Seite aus grunds\u00e4tzlich in einem Atemzug nennt. Von der Sache her gerechtfertigt ist das nicht. Mag auch jeder von ihnen nach herrschender Regelung in die Schl\u00fcpfrigkeiten irgendeiner Variante von \u201eCoronaleugnung\u201c getappt sein: Genau das war doch vor 5 Monaten auch die Meinung von Spahn oder Drosten, ist also kein stabiles Kriterium f\u00fcr solche Gruppenbildung. Ein anderes Kriterium halte ich f\u00fcr plausibler: Es geht nicht vorrangig gegen Naidoo oder gar Hildmann, sondern gegen Jebsen. Es verbietet sich schon als Beleidigung der Intelligenz, Hildmann, der wie aus der Retorte eines Dienstes f\u00fcr&#8217;s Sommerloch fabrizierte Statements abliefert, in feste Verkn\u00fcpfung mit dem Informationsprofi Jebsen zu stellen. Das macht nur Sinn, wenn man mit Hilfe des ersteren den letzteren diskreditieren will, und vor allem: wenn man, inmitten einer scheinbaren Antirassismus-\u201cBewegung\u201c der \u201eZivilgesellschaft\u201c, den Rassismus auf subtile und perfide Weise, an den gew\u00fcnschten Objekten, erst recht salonf\u00e4hig machen will. Wobei man sich immer bei den beiden anderen schadlos halten kann, wenn man bei einem nicht f\u00fcndig wird \u2013 daf\u00fcr sorgt der \u201eTrinit\u00e4tskomplex\u201c.<\/p>\n<p>Werfen wir nun einen Blick auf das, was das Relotiusblatt als \u201ewirre Thesen\u201c Jebsens quaifiziert. Ich nehme ausdr\u00fccklich zwei Passagen, die Elemente enthalten, die ich selber oben als \u201eunhaltbar\u201c bezeichne. M\u00f6ge niemand sagen, wir w\u00fcrden die problematische Seite zu Verteidigungszwecken unter den Teppich kehren.<\/p>\n<p>Zuerst einige \u201eS\u00e4tze\u201c aus Jebsens \u201eGates kapert Deutschland\u201c-Video (<a href=\"https:\/\/www.youtube.com\/watch?v=MmNxsu7HPC8\">https:\/\/www.youtube.com\/watch?v=MmNxsu7HPC8<\/a>), die transkribiert etwa so aussehen:<\/p>\n<blockquote><p><em>\u201eOb ihre Kinder, wenn sie meinetwegen auf Mallorca im Moment Zeit verbringen k\u00f6nnen, besucht werden k\u00f6nnen, ob ihre Kinder in die Schule gehen k\u00f6nnen, ob Sie Ihren Beruf aus\u00fcben k\u00f6nnen, ob Sie sich einem anderen Menschen im \u00f6ffentlichen Raum n\u00e4her als 1,50 n\u00e4hern k\u00f6nnen, ob sie eine Maske tragen, Ja oder Nein, ob dieses Land weiter im Lockdown ist, Ja oder Nein, ob Sie in den Urlaub fliegen k\u00f6nnen, Ja oder Nein, ob Sie Urlaub machen k\u00f6nnen auch mit dem Auto in \u00d6sterreich, Ja oder Nein, das bestimmen nicht Sie, die diese Regierung gew\u00e4hlt haben, das bestimmen nicht Sie, nein das bestimmt aktuell Bill und Melinda Gates, die sogenannte Gates-Foundation. Diese beiden Menschen haben sich \u00fcber die WHO in die Weltdemokratien hineingehackt und bestimmen aktuell das, was man Normalit\u00e4t nennt. Dass die neue Normalit\u00e4t, die sie im Moment sp\u00fcren, dass sie mit einer Gesichtsmaske herumlaufen m\u00fcssen, dass man sich nicht daf\u00fcr interessiert, was sie davon halten, dass sie mit einer Notstandsregierung leben m\u00fcssen, das ist alles das Ergebnis von Bill und Melinda Gates.\u201c <\/em><\/p><\/blockquote>\n<p>Was k\u00f6nnte uns zu diesem Schwall einfallen? Zun\u00e4chst mal die Redewendung: \u201eKnapp verfehlt ist auch daneben\u201c. Und zwar, wenn man alles zusammennimmt, gewaltig daneben. Als zweites: im ideologischen Klassenkampf w\u00e4re es hilfreich f\u00fcr Mikrophon-Virtuosen, Gedanken erst einmal zu ordnen und aufzuschreiben, bevor man sie ins Netz entl\u00e4sst&#8230;\u00a0 zu Ende zu denken. Andernfalls passiert, was hier passiert: wir erhalten eine Wortverbindungsstruktur mit herabgestimmter Semantik, oder besser: mit aufgel\u00f6ster Syntax, die logische Gedankenverbindungen suggeriert, wo nur\u00a0 Aneinanderreihung von Schlagw\u00f6rtern besteht, von anklickbaren \u201eTags\u201c, wie es durch das Internet l\u00e4ngst um sich griff. Das ist hier als Stil umso \u201etypischer\u201c, als Jebsen mit seiner Gabe zur online-Improvisation zu einem der f\u00fchrenden Performer einer neuen Art von medialer Textproduktion wurde, eine der Begabungen, die diese neue Produktionsform erforderte und hervorbrachte. Ein Verfall der Schriftkultur im Zeitalter der technischen Reproduzierbarkeit. Es soll hier nicht einzeln auseinandergebr\u00f6selt werden, was Jebsen da alles zusammengekn\u00e4uelt hat. Au\u00dfer Frage steht: Es ist keine \u201eVerschw\u00f6rungstheorie\u201c, weil offensichtlich, dass die \u00f6konomische Macht von Couponschneidern wie Gates der staatsmonopolistischen Struktur und dem F\u00e4ulnis- und Korruptionsstadium der imperialistischen Hauptl\u00e4nder entspricht und zugleich die Machtverh\u00e4ltnisse USA-BRD zum Ausdruck bringt.<\/p>\n<p>Das war&#8217;s dann allerdings an antikapitalistischem Erkenntnisgewinn. Selbstverst\u00e4ndlich hat nicht Gates entschieden, ob man auf Kuba oder in China eine Atemschutzmaske tr\u00e4gt, sondern planm\u00e4\u00dfiges Herangehen guter Regierungen in L\u00e4ndern, wo nicht die Finanzbourgeoisie an der Macht ist. Und auch f\u00fcr eine menschenfeindliche Regierung wie die der BRD sind eine Menge vermittelnder Zwischenerw\u00e4gungen ausschlaggebend. Wirklich haneb\u00fcchen ist die Idee, dass nicht zun\u00e4chst Spanien oder \u00d6sterreich entscheiden sollten, ob Deutsche nach Mallorca oder \u00d6sterreich einreisen k\u00f6nnen. Jebsen greift hier eine Rede des \u201eWiderstand 2020\u201c-Mitbegr\u00fcnders Ralf Ludwig in Stuttgart auf, wo dieser allen Ernstes sich auf das deutsche Grundgesetz berief, um Reisefreiheit nach Mallorca einzufordern \u2013 und in den Kontext des Grundgesetzes stellt Jebsen es hier auch. So gesehen, kann der Punkt nichts anderes ausdr\u00fccken, als den deutschen Chauvinismus gegen\u00fcber Nachbarl\u00e4ndern, der letzendlich \u201edas Grundgesetz\u201c zum Vorwand eines Menschenrechtsimperialismus macht. Es w\u00e4re aber b\u00f6swillig, Jebsen hier solchen Chauvinismus oder gar \u201elatenten Faschismus\u201c vorzuwerfen.<\/p>\n<p>Der \u201eNormalzustand\u201c den er hier unbedacht verkl\u00e4rt, ist einfach der der EU \u2013 die nun allerdings tats\u00e4chlich als Speerspitze der Faschisierung wirkt. Deren BRD-dominiertes Regime sorgt daf\u00fcr, dass einstweilen nicht mehr die Legion Condor oder ein \u201eAnschluss\u201c bem\u00fcht werden m\u00fcssen, um auch Spanien oder \u00d6sterreich ihrer Grenzhoheit zu berauben. \u201eCorona\u201c zu beschuldigen, dass dieser Zustand immerhin kurzfristig au\u00dfer Kraft gesetzt wurde, ihn sich also zur\u00fcckzuw\u00fcnschen, ist alles andere als fortschrittlich und entwertet auch die Berufung auf&#8217;s Grundgesetz als Garant vermeintlicher Menschenrechte. Das Argument wird weiter entwertet, insofern im Vorfeld einer m\u00f6glichen heranr\u00fcckenden Pandemie rechtzeitige Grenzschlie\u00dfungen zu den vern\u00fcnftigsten Ma\u00dfnahmen z\u00e4hlen, die ein Staat \u00fcberhaupt ergreifen kann. Das in Abrede zu stellen w\u00fcrde bedeuten, man verf\u00fcge \u00fcber gesicherte Erkenntnisse, dass a) keine Epidemie existiere und \/ oder b) die zu erwartenden Opferzahlen derma\u00dfen \u201enormal\u201c, also akzeptabel, sein w\u00fcrden, dass politischer Fatalismus \u2013 also keine Ma\u00dfnahmen \u2013 mit \u201eDemokratie\u201c gleichzusetzen w\u00e4re. Eben das war aber die Politik der Bundesregierung zwischen Januar und M\u00e4rz, als Grenzschlie\u00dfungen dem ganzen folgenden Schlamassel inklusive angestrebtem Ausnahmezustand die Grundlage weitgehend h\u00e4tten entziehen oder einschr\u00e4nken k\u00f6nnen. Nur staatlich angeordnete Tests und Obduktionen h\u00e4tten daf\u00fcr sorgen k\u00f6nnen, dass Thesen nicht l\u00e4nger \u201ewirr\u201c sein m\u00fcssen. Das wurde unterlassen.<\/p>\n<p>Zusammengefasst: Was der SPIEGEL Jebsen als \u201ewirre Thesen\u201c ankreidet, ist<\/p>\n<ol>\n<li>dass er \u00fcber keine Imperialismustheorie verf\u00fcgt, die ihm erm\u00f6glicht, das Ph\u00e4nomen Gates politisch-\u00f6konomisch einzuordnen.<\/li>\n<\/ol>\n<p>Wenn das das Kriterium ist, ist allerdings der Spiegel einer der ersten \u201eVerschw\u00f6rungsideologen\u201c im Lande.<\/p>\n<ol start=\"2\">\n<li>Erweist sich Jebsen hier als naiv \u00fcberzeugter Anh\u00e4nger nicht des Grundgesetzes, sondern des EU-Regimes, das er mit \u201eeurop\u00e4ischer Freiz\u00fcgigkeit und Demokratie f\u00fcr alle\u201c verwechselt.<\/li>\n<\/ol>\n<p>Das aber ist das reaktion\u00e4re Mantra, welches der SPIEGEL selber sieben Tage in der Woche seinen Lesern predigt.<\/p>\n<p>Gehen wir zu einer zweiten Passage \u00fcber, die ich allerdings nicht nur \u201ehanebe\u00fcchen\u201c finde, sondern grundfalsch und untragbar. In seinem \u201eJoker-Video\u201c (\u201eGesicht zeigen\u201c) vom 22. April 2020 (<a href=\"https:\/\/www.youtube.com\/watch?v=-kftiJk8kLw\" target=\"_blank\" rel=\"noopener noreferrer\">https:\/\/www.youtube.com\/watch?v=-kftiJk8kLw<\/a>) sagte Jebsen:<\/p>\n<blockquote><p><em>\u201eAber es ist doch euer Land. Weil ich hab einen Presseausweis und noch verschiedene andere Ausweise, und wenn es mir zu bl\u00f6d wird, und ich hab heute gesagt zu meiner Freundin: Das ist so ein bi\u00dfchen wie kurz vor Machtergreifung, da sind die klugen Menschen ausgereist. Die haben nicht gewartet bis &#8217;33, die haben vorher schon geahnt &#8218;Da braut sich was zusammen&#8216;, und sind ausgereist und das w\u00fcrde ich auch tun. Alle waren derselben Meinung &#8218;Das ist der richtige Kurs&#8216; und Leni Riefenstahl hat dazu den Videoclip gemacht &#8211; &#8218;Wir gewinnen&#8216; &#8211; aber wir haben nicht gewonnen. Ne. Und dann standen nachher alle vor diesen Lagern und konnten sich das \u00fcberhaupt nicht vorstellen: &#8218;Wie konnte uns denn das passieren, wir die Dichter und Denker. Weil wir eben nicht zuende denken und uns auch keinen Vers drauf machen k\u00f6nnen, weil wir eben nicht ganz dicht sind. Und deswegen, weil uns das nicht nur damals passiert ist und weil uns etwas \u00c4hnliches dann in der DDR passiert ist, mit Stacheldraht, wo sich Deutsche gegen Deutsche gegeneinander abgeschottet haben und aufeinander geschossen haben, k\u00f6nnte das uns das ein drittes Mal passieren.\u201c<\/em><\/p><\/blockquote>\n<p>In der Tat \u2013 es sind \u201ewirre Thesen\u201c, wo Warnung und intolerable Verharmlosung ineinandergreifen. Die Gleichsetzung von Faschismus und Sozialismus, die Lehre von den \u201ezwei Diktaturen\u201c ist dann der Clou, auf den es hinausl\u00e4uft. Aber diese \u201ewirren Thesen\u201c geben haargenau das wieder, was auch einem \u201eMigrantenkind\u201c vom ersten Schultag an eingefl\u00f6\u00dft wird. (Womit \u00fcbrigens auch die System-Vergleichsm\u00f6glichkeit entf\u00e4llt, zu erkennen, dass Migranten in der DDR solidarisch f\u00fcr den Aufbau ihrer Herkunftsl\u00e4nder ausgebildet wurden.) Es ist genau die Geschichtsf\u00e4lschung, die uns auf allen Kan\u00e4len umgibt. Wieder l\u00e4uft der Vorwurf der \u201eVerschw\u00f6rungstheorie\u201c auf das hinaus, was\u00a0 unbedingte, g\u00e4ngige gesellschaftliche Vorschrift ist. Die \u201ewirre These\u201c besteht darin, dass der Mann und sein Publikum keine Faschismustheorie kennt. Das ist nicht gerade ein Alleinstellungsmerkmal. Wer daf\u00fcr zu sorgen h\u00e4tte, dass sie sie kennenlernen, w\u00e4ren wir. Aber das muss vorbereitet und organisiert werden.<\/p>\n<p>Ganz sicher k\u00f6nnen wir Freidenker so etwas nicht einfach \u201estehen lassen\u201c. Potentielle B\u00fcndnispartner werden damit genauso abgesto\u00dfen wie wir selber. Nur ist angemessene Kritik ein Gesch\u00e4ft, das Analysef\u00e4higkeit und Unterscheidungsverm\u00f6gen und volles Geschichtsbewusstsein erfordert. Wir brauchen sie, weil sonst das Agenda-Setting der Herrschenden sich auch dort durchsetzt, wo vermeintliche Widerstandskeime sich bilden, selbst unter denen, die am meisten der Denunziation preisgegeben sind.<\/p>\n<p>Der Umgang mit Ken Jebsen zeigt: einmal in das R\u00e4derwerk des inquisitorischen McCarthyismus geraten, der inzwischen auch vor den irrationalsten, rassistischen Stereotypen nicht zur\u00fcckschreckt, n\u00fctzt es dem Betreffenden nichts mehr, wenn er aufrichtig \u00fcberzeugt vor den entscheidenden Ge\u00dflerh\u00fcten der herrschenden Ideologie in die Knie geht. Widerspruch wird auch in dem Sinne nicht mehr geduldet, dass Personen nicht mehr in sich selbst von Widerspr\u00fcchen gezeichnet sein d\u00fcrfen \u2013 ein Verbot, dass menschliche Beziehungen schlechthin sabotiert.<\/p>\n<p>Um zu illustrieren, f\u00fcr wie ernst ich die Lage halte, eine alte Erinnerung. Ich selber habe Rudi Dutschke nie besonders gemocht. Nicht seine Propagierung des Antisowjetismus, der Konterrevolution des \u201ePrager Fr\u00fchlings\u201c, und nicht die von Max Horkheimer \u00fcbernommene antimaterialistische Zerst\u00f6rung des Klassenbegriffs, die \u201edie Tiere\u201c zur zu befreienden Klasse und zum revolution\u00e4ren Subjekt erkl\u00e4rte. Aber er vertrat dies als Agitator einer Bewegung, die in den besten Zeiten ein authentisches anti-imperialistisches Standbein gegen den Vietnamkrieg hatte. Die im Lande erzeugte Hetz-Stimmung sorgte daf\u00fcr, dass Dutschke schlie\u00dflich eine Kugel in den Kopf geschossen wurde, nicht seinen noch antikommunistischeren Kommilitonen, die nicht selten 30 Jahre sp\u00e4ter zum Jugoslawienkrieg aufriefen.<\/p>\n<p>Der zitierte Hetzartikel des SPIEGEL erschien NACH dem versuchten Sprengstoffanschlag (verharmlosend \u201ePolenb\u00f6ller\u201c genannt) gegen Ken Jebsen in Stuttgart. Wenn ich jetzt dazu aufrufe, die Positionen von Jebsen differenzierend zu kritisieren, dann ist mein Hauptgedanke der: Die \u201eTotalitarismustheorie\u201c und uns\u00e4gliche Gleichsetzung von Sozialismus und Faschismus ist nicht nur eine vollkommen unangemessene Widerspiegelung unserer, insbesondere nationalen, Wirklichkeit und historischer Gesetzm\u00e4\u00dfigkeiten.<\/p>\n<p>Sie ist auch au\u00dferstande, eine Demokratiebewegung \u00fcber ohnm\u00e4chtige, schnell zusammenfallende Versuche hinauszubringen. Sie f\u00fchrt in den Irrationalismus, dem Freidenker grunds\u00e4tzlich zu widerstehen haben. Und, f\u00fcr uns besonders kompromittierend: Sie wird sich ausgerechnet zum 30. Jahrestag der Konterrevolution, unter dem Schein vermeintlicher Opposition, in die allgemeine Hetze gegen den fortschrittlichen der beiden deutschen Nachkriegsstaaten einreihen, und somit die antidemokratischen Tendenzen ihrerseits noch verst\u00e4rken.<\/p>\n<p>Ich m\u00f6chte abschlie\u00dfend erinnern, warum wir Freidenker in solchen F\u00e4llen um eine rationale Klarstellung nicht herumkommen.<\/p>\n<p>Auch viele von uns haben eine \u201eBRD-Sozialisation\u201c. Das hei\u00dft aber unter anderem: Bekanntschaft mit der Praxis der Berufsverbote vor 1990; justament als es hie\u00df, mit der \u201ebesten aller Verfassungen\u201c \u201emehr Demokratie zu wagen\u201c. Wir haben Bekanntschaft mit der Praxis millionenfacher Berufsverbote nach 1990, als der \u201eandere Teil\u201c mit diesem Grundgesetz begl\u00fcckt wurde. F\u00fcr einige von uns hie\u00df es: Knast. Und zwar aufgrund einer R\u00dcCKWIRKENDEN Rechtsprechung, ausgedehnt auf ein nicht mehr existierendes Staatswesen \u2013 was nun allerdings eine Verletzung dieses vielbeschworenen Grundgesetzes ist, bei der tats\u00e4chlich einmal die Analogie mit dem sogenannten Nationalsozialismus nicht an den Haaren herbeigezogen ist.<\/p>\n<p>Mit einem Zitat von Wolfgang Abendroth aus dem Jahre 1982 sei angedeutet, worum es gehen muss:<\/p>\n<blockquote><p><em>\u201e1945 war es \u2013 wie ein Blick in die Publikationen dieser Zeit leicht belegt \u2013 doch jedermann, der sich \u00f6ffentlich \u00e4u\u00dferte, bewu\u00dft, wie es zum Dritten Reich gekommen war, und welche gesellschaftlichen\u00a0 und politischen Kr\u00e4fte die Zerst\u00f6rung der Weimarer Verfassung und zuletzt den Sieg des Faschismus herbeigef\u00fchrt haben; wer nach 1933 vor Hitler kapituliert und dann mit ihm paktiert hatte. Die Ungeheuerlichkeit der Verbrechen des nationalsozialistischen Machtsystems konnte (und kann) ohnedies \u2013 schon aus au\u00dfenpolitischen Gr\u00fcnden \u2013 niemand mehr leugnen, der ernstgenommen werden will. Das wurde aber nach dem Beginn des Kalten Krieges und bereits bei den ersten Anzeichen dazu mit einem Schlage anders.<\/em><\/p>\n<p><em>Jetzt hie\u00df der Hauptfeind wieder &#8218;Kommunismus&#8216;, wie das seit der Ermordung Rosa Luxemburgs und Karl Liebknechts schon in der Weimarer Periode einge\u00fcbt worden war, um dann im Antisowjetismus des Dritten Reiches extrem \u00fcbersteigert zu werden.<\/em><\/p>\n<p><em>An dessen Ideologen und Propagandisten konnte mit der Konstituierung der BRD unmittelbar (zum Teil auch dem Personalbestand der Ministerien des Ausw\u00e4rtigen Amtes und des Propagandaministeriums Goebbels&#8216; nach) angekn\u00fcpft werden. Die gleichen Professoren der Sozialwissenschaften und der Geschichte konnten dieser neuen &#8218;herrschenden Auffassung&#8216; wieder Munition liefern, die das auch vor 1945 getan haben. In der ersten Stufe kam es ihnen nun darauf an, Faschisten und Kommunisten als &#8218;Totalitaristen&#8216; gleichzusetzen: in der n\u00e4chsten, ihnen gemeinsam die Schuld am Untergang der Weimarer Verfassung zuzuschreiben, um die Weltwirtschaftskrise und deren Folgen f\u00fcr die \u00c4nderung der Politik zuerst der Konzerne und Gro\u00dfbanken, dann auch der b\u00fcrgerlichen, ach so &#8218;demokratischen&#8216; politischen Parteien aus dem Ged\u00e4chtnis zu verdr\u00e4ngen, die Notverordnungsregime Br\u00fcnings und Papens und die systematische Liquidierung der demokratischen Rechte des arbeitenden Volkes (ohne die der Aufstieg der NSDAP zur Massenpartei und am Ende der 30. Januar 1933 nicht denkbar gewesen w\u00e4re) vergessen zu machen.\u201c<\/em><\/p><\/blockquote>\n<p>(Wolfgang Abendroth, Geschichtslegenden \u00fcberwinden, in: Emil Carlebach: Hitler war kein Betriebsunfall. Pahl-Rugenstein Nachfolger, Bonn 1993.)<\/p>\n<p>Schicken wir also die \u201eTotalitarismustheorie\u201c zum Teufel und geben wir alle Illusionen auf, Widerstand sei m\u00f6glich, indem er sich auf den politisch-juristischen \u00dcberbau beschr\u00e4nkt. Anders werden wir auch den Rassismus nicht los (den antichinesischen und antislawischen inbegriffen).<\/p>\n<p style=\"text-align: right;\"><em>Klaus Linder Ist Landesvorsitzender des Deutschen Freidenker-Verbandes Berlin<br \/>\nund Mitglied des gesch\u00e4ftsf\u00fchrenden Verbandsvorstandes<\/em><\/p>\n<hr \/>\n<p><span style=\"font-size: 10pt;\">Collage: Ralf Lux<\/span><br \/>\n<span style=\"font-size: 10pt;\">Hintergrund: <a href=\"https:\/\/pixabay.com\/de\/illustrations\/wollte-plakat-steckbrief-westen-1081663\/\" target=\"_blank\" rel=\"noopener noreferrer\">pixabay.com<\/a> \/ <a class=\"hover_opacity\" href=\"https:\/\/pixabay.com\/de\/users\/Prawny-162579\/\">Prawny<\/a> \/ <a href=\"https:\/\/pixabay.com\/de\/service\/license\/\">Pixabay License<\/a><\/span><br \/>\n<span style=\"font-size: 10pt;\">Einzelfotos (v.l.n.r.): <\/span><br \/>\n<span style=\"font-size: 10pt;\">Ken Jebsen: Von opposition24.de &#8211; <a href=\"https:\/\/creativecommons.org\/licenses\/by\/2.0\/\" target=\"_blank\" rel=\"noopener noreferrer\">CC BY 2.0<\/a>, Quelle: <a href=\"https:\/\/commons.wikimedia.org\/w\/index.php?curid=65024115\" target=\"_blank\" rel=\"noopener noreferrer\">https:\/\/commons.wikimedia.org\/w\/index.php?curid=65024115<\/a><\/span><br \/>\n<span style=\"font-size: 10pt;\">Xavier Naidoo: Von Smalltown Boy &#8211; Eigenes Werk, Gemeinfrei, Quelle: <a href=\"https:\/\/commons.wikimedia.org\/w\/index.php?curid=18352818\" target=\"_blank\" rel=\"noopener noreferrer\">https:\/\/commons.wikimedia.org\/w\/index.php?curid=18352818<\/a><\/span><br \/>\n<span style=\"font-size: 10pt;\">Attila Hildmann: Von Marco Verch, <a href=\"https:\/\/creativecommons.org\/licenses\/by\/2.0\/\" target=\"_blank\" rel=\"noopener noreferrer\">CC BY 2.0<\/a>., Quelle: <a href=\"https:\/\/www.flickr.com\/photos\/149561324@N03\/39656393250\" target=\"_blank\" rel=\"noopener noreferrer\">https:\/\/www.flickr.com\/photos\/149561324@N03\/39656393250<\/a><\/span><\/p>\n","protected":false},"excerpt":{"rendered":"<p><b>Beitrag von Klaus Linder<\/b><br \/>\nWie kommt es eigentlich, dass von der offiziellen Propaganda und auf s\u00e4mtlichen Streckenabschnitten der Gleichschaltung Ken Jebsen, Xavier Naidoo und Attila Hildmann durchweg nur in einem Atemzug genannt werden d\u00fcrfen, als seien sie die Unheilige Dreifaltigkeit h\u00f6chstselbst, die den deutschen Lichtstaat heimsucht? Wogegen ein ebenfalls medial operierender, bestens \u201evernetzter\u201c und finanzierter Influencer wie Rezo immer nur als Einzelperson genannt wird? Meine These zur Jebsen-Naidoo-Hildmann-Dreifaltigkeit: Man statuiert an ihnen, inmitten einer vermeintlichen Anti-Rassismuskampagne, das Exempel des integrierten, aber \u201eundankbaren\u201c Migrantenkindes als \u201eNestbeschmutzer\u201c. Das eigentliche Angriffsobjekt der Operation, aufgrund seiner Bedeutung, ist Ken Jebsen, \u00fcber den der \u201eDiskurs\u201c inzwischen offen rassistische Z\u00fcge angenommen hat.<\/p>\n","protected":false},"author":3,"featured_media":8366,"comment_status":"closed","ping_status":"closed","sticky":false,"template":"","format":"standard","meta":{"colormag_page_container_layout":"default_layout","colormag_page_sidebar_layout":"default_layout","advanced_seo_description":"","jetpack_seo_html_title":"","jetpack_seo_noindex":false,"jetpack_post_was_ever_published":false,"footnotes":""},"categories":[12],"tags":[1256,1273,594,64,653,641],"class_list":["post-8364","post","type-post","status-publish","format-standard","has-post-thumbnail","hentry","category-demokratie-medien-aufklaerung","tag-corona-virus","tag-demokratische-grundrechte","tag-ken-jebsen","tag-kenfm","tag-rassismus","tag-verschwoerungstheorie"],"jetpack_featured_media_url":"https:\/\/i0.wp.com\/www.freidenker.org\/fw17\/wp-content\/uploads\/2020\/06\/wanted_jebsen_naidoo_hildmann_v2.jpg?fit=800%2C450&ssl=1","jetpack_shortlink":"https:\/\/wp.me\/p9stpK-2aU","jetpack-related-posts":[{"id":2409,"url":"https:\/\/www.freidenker.org\/?p=2409","url_meta":{"origin":8364,"position":0},"title":"Freidenker-Brief 5-2017: Solidarit\u00e4t mit Ken Jebsen!","author":"Webredaktion","date":"25. November 2017","format":false,"excerpt":"Der Internet-Journalist Ken Jebsen erh\u00e4lt dieses Jahr den \u201eK\u00f6lner Karlspreis f\u00fcr engagierte Literatur und Publizistik\u201c, vergeben von der mittwochs im Internet erscheinenden Neuen Rheinischen Zeitung, deren Name an jenes historische \u201eOrgan der Demokratie\u201c \u2013 so der Untertitel \u2013 erinnert, durch das Karl Marx und Friedrich Engels von 1848 bis 1849\u2026","rel":"","context":"In &quot;Demokratie \u2013 Medien \u2013 Aufkl\u00e4rung&quot;","block_context":{"text":"Demokratie \u2013 Medien \u2013 Aufkl\u00e4rung","link":"https:\/\/www.freidenker.org\/?cat=12"},"img":{"alt_text":"","src":"https:\/\/i0.wp.com\/www.freidenker.org\/fw17\/wp-content\/uploads\/2017\/11\/Bild_Ken_Jebsen_KenFM.jpg?fit=800%2C445&ssl=1&resize=350%2C200","width":350,"height":200,"srcset":"https:\/\/i0.wp.com\/www.freidenker.org\/fw17\/wp-content\/uploads\/2017\/11\/Bild_Ken_Jebsen_KenFM.jpg?fit=800%2C445&ssl=1&resize=350%2C200 1x, https:\/\/i0.wp.com\/www.freidenker.org\/fw17\/wp-content\/uploads\/2017\/11\/Bild_Ken_Jebsen_KenFM.jpg?fit=800%2C445&ssl=1&resize=525%2C300 1.5x, https:\/\/i0.wp.com\/www.freidenker.org\/fw17\/wp-content\/uploads\/2017\/11\/Bild_Ken_Jebsen_KenFM.jpg?fit=800%2C445&ssl=1&resize=700%2C400 2x"},"classes":[]},{"id":8113,"url":"https:\/\/www.freidenker.org\/?p=8113","url_meta":{"origin":8364,"position":1},"title":"Ken Jebsen \u2013 Erz-B\u00f6sewicht des Tages?","author":"Webredaktion","date":"17. Mai 2020","format":false,"excerpt":"In der Rubrik Tagesdosis wurde am 15.05.2020 bei KenFM der Beitrag \u201eKen Jebsen \u2013 Erz-B\u00f6sewicht des Tages?\u201c von Rainer Rupp ver\u00f6ffentlicht. Politiker der CDU\/CSU\/SPD\/Gr\u00fcnen\/FDP-Einheitsbrei-Partei und ihre willigen Presstituierten der Staats- und privaten Konzernmedien schie\u00dfen derzeit mit schwerem Gesch\u00fctz aus allen Rohren. Es gibt nichts, was Ken Jebsen nicht ist: angefangenen\u2026","rel":"","context":"In &quot;Demokratie \u2013 Medien \u2013 Aufkl\u00e4rung&quot;","block_context":{"text":"Demokratie \u2013 Medien \u2013 Aufkl\u00e4rung","link":"https:\/\/www.freidenker.org\/?cat=12"},"img":{"alt_text":"","src":"https:\/\/i0.wp.com\/www.freidenker.org\/fw17\/wp-content\/uploads\/2020\/05\/jebsen_boesewicht_800x450.jpg?fit=800%2C450&ssl=1&resize=350%2C200","width":350,"height":200,"srcset":"https:\/\/i0.wp.com\/www.freidenker.org\/fw17\/wp-content\/uploads\/2020\/05\/jebsen_boesewicht_800x450.jpg?fit=800%2C450&ssl=1&resize=350%2C200 1x, https:\/\/i0.wp.com\/www.freidenker.org\/fw17\/wp-content\/uploads\/2020\/05\/jebsen_boesewicht_800x450.jpg?fit=800%2C450&ssl=1&resize=525%2C300 1.5x, https:\/\/i0.wp.com\/www.freidenker.org\/fw17\/wp-content\/uploads\/2020\/05\/jebsen_boesewicht_800x450.jpg?fit=800%2C450&ssl=1&resize=700%2C400 2x"},"classes":[]},{"id":2752,"url":"https:\/\/www.freidenker.org\/?p=2752","url_meta":{"origin":8364,"position":2},"title":"Freidenker-Brief 6-2017: Kundgebung f\u00fcr Demokratie und Meinungsfreiheit!","author":"Webredaktion","date":"12. Dezember 2017","format":false,"excerpt":"Der Deutsche Freidenker-Verband beteiligt sich an der Verleihung des K\u00f6lner Karlspreises an Ken Jebsen im Berliner Kino \u201eBabylon\u201c am Donnerstag,14. Dezember 2017 und zuvor an der Kundgebung f\u00fcr Demokratie und Meinungsfreiheit! ab 16:00 Uhr auf dem Rosa-Luxemburg-Platz in Berlin Erfolg vor Gericht - Das Amtsgericht Berlin Mitte hat auf Antrag\u2026","rel":"","context":"In &quot;Demokratie \u2013 Medien \u2013 Aufkl\u00e4rung&quot;","block_context":{"text":"Demokratie \u2013 Medien \u2013 Aufkl\u00e4rung","link":"https:\/\/www.freidenker.org\/?cat=12"},"img":{"alt_text":"","src":"https:\/\/i0.wp.com\/www.freidenker.org\/fw17\/wp-content\/uploads\/2017\/12\/babylon_800x445.jpg?fit=800%2C445&ssl=1&resize=350%2C200","width":350,"height":200,"srcset":"https:\/\/i0.wp.com\/www.freidenker.org\/fw17\/wp-content\/uploads\/2017\/12\/babylon_800x445.jpg?fit=800%2C445&ssl=1&resize=350%2C200 1x, https:\/\/i0.wp.com\/www.freidenker.org\/fw17\/wp-content\/uploads\/2017\/12\/babylon_800x445.jpg?fit=800%2C445&ssl=1&resize=525%2C300 1.5x, https:\/\/i0.wp.com\/www.freidenker.org\/fw17\/wp-content\/uploads\/2017\/12\/babylon_800x445.jpg?fit=800%2C445&ssl=1&resize=700%2C400 2x"},"classes":[]},{"id":4699,"url":"https:\/\/www.freidenker.org\/?p=4699","url_meta":{"origin":8364,"position":3},"title":"\u201eFormierte Gegenaufkl\u00e4rung\u201c &#8211; Anmerkungen","author":"Webredaktion","date":"2. April 2015","format":false,"excerpt":"Beitrag von Andreas Wehr In der Wochenendausgabe vom 21.\/22. M\u00e4rz 2015 ver\u00f6ffentlichte die Tageszeitung junge Welt unter der \u00dcberschrift \u201eFormierte Gegenaufkl\u00e4rung\u201c einen Artikel, der sich u. a. mit der Situation der Friedensbewegung und hier insbesondere mit den Montagsmahnwachen besch\u00e4ftigt. Autor ist der Redakteur der jungen Welt Sebastian Carlens. Der Artikel\u2026","rel":"","context":"In &quot;Demokratie \u2013 Medien \u2013 Aufkl\u00e4rung&quot;","block_context":{"text":"Demokratie \u2013 Medien \u2013 Aufkl\u00e4rung","link":"https:\/\/www.freidenker.org\/?cat=12"},"img":{"alt_text":"","src":"https:\/\/i0.wp.com\/www.freidenker.org\/fw17\/wp-content\/uploads\/2015\/04\/klartext_peace_800x445.jpg?fit=800%2C445&ssl=1&resize=350%2C200","width":350,"height":200,"srcset":"https:\/\/i0.wp.com\/www.freidenker.org\/fw17\/wp-content\/uploads\/2015\/04\/klartext_peace_800x445.jpg?fit=800%2C445&ssl=1&resize=350%2C200 1x, https:\/\/i0.wp.com\/www.freidenker.org\/fw17\/wp-content\/uploads\/2015\/04\/klartext_peace_800x445.jpg?fit=800%2C445&ssl=1&resize=525%2C300 1.5x, https:\/\/i0.wp.com\/www.freidenker.org\/fw17\/wp-content\/uploads\/2015\/04\/klartext_peace_800x445.jpg?fit=800%2C445&ssl=1&resize=700%2C400 2x"},"classes":[]},{"id":4396,"url":"https:\/\/www.freidenker.org\/?p=4396","url_meta":{"origin":8364,"position":4},"title":"Zensur-Versuch in der Hauptstadt: Die Geister beginnen, sich zu scheiden","author":"Webredaktion","date":"7. Dezember 2017","format":false,"excerpt":"Beitrag von Klaus von Raussendorff anl\u00e4sslich der Auseinandersetzung um die Verleihung des K\u00f6lner Karlspreises f\u00fcr Engagierte Literatur und Publizistik an Ken Jebsen Der Berliner Kultursenator Klaus Lederer hat es seiner Partei \u201eDie Linke\u201c vorgemacht. Er pfeift auf das Grundgesetz, dessen Artikel 5 das Recht eines jeden garantiert, \u201eseine Meinung in\u2026","rel":"","context":"In &quot;Demokratie \u2013 Medien \u2013 Aufkl\u00e4rung&quot;","block_context":{"text":"Demokratie \u2013 Medien \u2013 Aufkl\u00e4rung","link":"https:\/\/www.freidenker.org\/?cat=12"},"img":{"alt_text":"","src":"https:\/\/i0.wp.com\/www.freidenker.org\/fw17\/wp-content\/uploads\/2017\/12\/Klartext_censorship_800x445.jpg?fit=800%2C445&ssl=1&resize=350%2C200","width":350,"height":200,"srcset":"https:\/\/i0.wp.com\/www.freidenker.org\/fw17\/wp-content\/uploads\/2017\/12\/Klartext_censorship_800x445.jpg?fit=800%2C445&ssl=1&resize=350%2C200 1x, https:\/\/i0.wp.com\/www.freidenker.org\/fw17\/wp-content\/uploads\/2017\/12\/Klartext_censorship_800x445.jpg?fit=800%2C445&ssl=1&resize=525%2C300 1.5x, https:\/\/i0.wp.com\/www.freidenker.org\/fw17\/wp-content\/uploads\/2017\/12\/Klartext_censorship_800x445.jpg?fit=800%2C445&ssl=1&resize=700%2C400 2x"},"classes":[]},{"id":5128,"url":"https:\/\/www.freidenker.org\/?p=5128","url_meta":{"origin":8364,"position":5},"title":"Rufmord","author":"Webredaktion","date":"15. November 2017","format":false,"excerpt":"Beitrag von Helene und Ansgar Klein In dem Internetauftritt der Kampagne \u201eKrieg beginnt hier\u201c erschien nach der \u201eStopp Ramstein-Aktion 2017\u201c der Artikel: \u201eKampagne \u201aStopp Airbase Ramstein 2017\u2019: Licht und Schatten\u201c. Dieser Artikel ist in unseren Augen ein derma\u00dfen massiver Angriff auf eine wichtige Kampagne der Friedensbewegung und auf deren Organisatoren\u2026","rel":"","context":"In &quot;Zeit der Verleumder - Freidenker f\u00fcr Klartext&quot;","block_context":{"text":"Zeit der Verleumder - Freidenker f\u00fcr Klartext","link":"https:\/\/www.freidenker.org\/?cat=937"},"img":{"alt_text":"","src":"https:\/\/i0.wp.com\/www.freidenker.org\/fw17\/wp-content\/uploads\/2017\/11\/Ganser_800x445.jpg?fit=800%2C445&ssl=1&resize=350%2C200","width":350,"height":200,"srcset":"https:\/\/i0.wp.com\/www.freidenker.org\/fw17\/wp-content\/uploads\/2017\/11\/Ganser_800x445.jpg?fit=800%2C445&ssl=1&resize=350%2C200 1x, https:\/\/i0.wp.com\/www.freidenker.org\/fw17\/wp-content\/uploads\/2017\/11\/Ganser_800x445.jpg?fit=800%2C445&ssl=1&resize=525%2C300 1.5x, https:\/\/i0.wp.com\/www.freidenker.org\/fw17\/wp-content\/uploads\/2017\/11\/Ganser_800x445.jpg?fit=800%2C445&ssl=1&resize=700%2C400 2x"},"classes":[]}],"_links":{"self":[{"href":"https:\/\/www.freidenker.org\/index.php?rest_route=\/wp\/v2\/posts\/8364","targetHints":{"allow":["GET"]}}],"collection":[{"href":"https:\/\/www.freidenker.org\/index.php?rest_route=\/wp\/v2\/posts"}],"about":[{"href":"https:\/\/www.freidenker.org\/index.php?rest_route=\/wp\/v2\/types\/post"}],"author":[{"embeddable":true,"href":"https:\/\/www.freidenker.org\/index.php?rest_route=\/wp\/v2\/users\/3"}],"replies":[{"embeddable":true,"href":"https:\/\/www.freidenker.org\/index.php?rest_route=%2Fwp%2Fv2%2Fcomments&post=8364"}],"version-history":[{"count":0,"href":"https:\/\/www.freidenker.org\/index.php?rest_route=\/wp\/v2\/posts\/8364\/revisions"}],"wp:featuredmedia":[{"embeddable":true,"href":"https:\/\/www.freidenker.org\/index.php?rest_route=\/wp\/v2\/media\/8366"}],"wp:attachment":[{"href":"https:\/\/www.freidenker.org\/index.php?rest_route=%2Fwp%2Fv2%2Fmedia&parent=8364"}],"wp:term":[{"taxonomy":"category","embeddable":true,"href":"https:\/\/www.freidenker.org\/index.php?rest_route=%2Fwp%2Fv2%2Fcategories&post=8364"},{"taxonomy":"post_tag","embeddable":true,"href":"https:\/\/www.freidenker.org\/index.php?rest_route=%2Fwp%2Fv2%2Ftags&post=8364"}],"curies":[{"name":"wp","href":"https:\/\/api.w.org\/{rel}","templated":true}]}}