{"id":8350,"date":"2020-06-27T03:46:26","date_gmt":"2020-06-27T01:46:26","guid":{"rendered":"https:\/\/www.freidenker.org\/?p=8350"},"modified":"2020-08-01T23:47:29","modified_gmt":"2020-08-01T21:47:29","slug":"die-drohung-mit-dem-us-truppenabzug","status":"publish","type":"post","link":"https:\/\/www.freidenker.org\/?p=8350","title":{"rendered":"Die \u201eDrohung\u201c mit dem US-Truppenabzug"},"content":{"rendered":"<h5>Berlin bl\u00e4st Tr\u00fcbsal \u00fcber Pr\u00e4sident Trumps miesen Stil \/ Milliarden Euro f\u00fcr Deutschlands Hochr\u00fcstung<\/h5>\n<p><em>Von Friedhelm Klinkhammer und Volker Br\u00e4utigam<\/em><\/p>\n<p><strong>\u201eDemokratie, Freiheit, Respekt vor dem Recht und der W\u00fcrde des Menschen \u2026\u00a0Auf der Basis dieser Werte biete ich dem k\u00fcnftigen Pr\u00e4sidenten der Vereinigten Staaten von Amerika, Donald Trump, eine enge Zusammenarbeit an.\u201c <\/strong>(1)<strong> So belehrend und herablassend gratulierte Bundeskanzlerin Merkel dem US-Pr\u00e4sidenten vor vier Jahren zu seiner Wahl. Seither zeigt der, worauf er selbst Wert legt: Dass die Kanzlerin und ihre Bundesregierung kuschen \u2013 und zahlen. Sein neuestes Ding: Weil das Bundeskabinett nicht daran denkt, mit absurden 2 Prozent des Brutto-Inlandsprodukts die NATO-Kriegskasse aufzuf\u00fcllen, sollen 9 500 der insgesamt 35 000 US-Besatzungssoldaten aus Deutschland abziehen. <\/strong>(2)<strong> Westlich-werteorientiert, wie das Kabinett Merkel und die ARD-Tagesschau nun mal sind, blasen sie Tr\u00fcbsal und beklagen den miesen Umgangston des B\u00fcndnischefs, \u201eweil ein Tief in der NATO vor allem Russland n\u00fctzt.\u201c <\/strong>(3)<\/p>\n<p>Die gew\u00f6hnliche deutsche Gef\u00fcgigkeit gegen\u00fcber Forderungen aus Washington \u2013 man denke an die r\u00fcckgratlose und t\u00f6richte Mitmache bei den Sanktionen gegen Russland \u2013 n\u00fctzt zwar dem Amerikagesch\u00e4ft der deutschen Exportwirtschaft. Sie verursacht anderweitig aber Verluste und kostet den deutschen Steuerzahler viele Milliarden Euro. Au\u00dferdem steigt unser sogenannter Verteidigungshaushalt seit Trumps Amtsantritt kontinuierlich. Im vorigen Jahr erreichte er 41 Milliarden Euro, heuer 45,2 Milliarden, das sind 1,4 Prozent des Brutto-Inlandprodukts, BIP. (4, 5) Deutschland geh\u00f6rt damit zu den 15 Staaten mit den weltweit h\u00f6chsten Milit\u00e4rausgaben. Sollten gar 2,0 Prozent des BIP erbracht werden, so erg\u00e4ben sich Mehrausgaben von mindestens 22 Milliarden Euro. (6)<\/p>\n<p>Die <em>Tagesschau<\/em> machte aber in ihren Berichten \u00fcber Trumps Truppenabzugspl\u00e4ne keineswegs kenntlich, dass seine 2-Prozent-Forderung lediglich auf vagen Absprachen und nicht auf vertraglichen Verpflichtungen beruht. (7, 8) Mit Schweigen \u00fcberging die Redaktion ARD-aktuell zudem den zeitgeschichtlichen Hintergrund dieser aggressiven NATO-Formel: das v\u00f6lkerrechtswidrige und m\u00f6rderische Treiben des US-Pr\u00e4sidenten Obama, sein Lostreten und Finanzieren\u00a0 des Staatsstreichs in der Ukraine anno 2014 (9), die\u00a0 nachfolgende\u00a0 Anarchie, die Volksabstimmung auf der Krim, deren Beitritt zur Russischen F\u00f6deration und der sich darauf gr\u00fcndenden US-Drohpolitik gegen\u00fcber Moskau<\/p>\n<h5>Olle Kamellen lutschen<\/h5>\n<p>Nichts von all dem in den Hauptsendungen der <em>Tagesschau<\/em>. Nachlesbar ist ein Teil dieser Angaben nur in einem zwar ordentlichen, aber gut versteckten <em>Tagesschau.de<\/em>-Beitrag in der Rubrik \u201eInland\u201c. (10) Geschrieben im vorigen Jahr, als die NATO-Krieger wieder einmal an der ollen 2-Prozent-Kamelle lutschten. (11) Die stammte allerdings schon aus Zeiten, als der SPD-Politiker Peter Struck noch Verteidigungsminister in der rot-gr\u00fcnen Regierung Gerhard Schr\u00f6ders war und die \u201eSicherheit Deutschlands auch am Hindukusch verteidigen\u201c wollte. (12) Obwohl seither fast zwei Jahrzehnte vergangen sind und \u201eder Russe\u201c immer noch nicht bei uns einmarschiert ist, obwohl der Umfang des deutschen Milit\u00e4rhaushalts nach wie vor keine 1,5 Prozent des BIP erreicht, fand die neue Verteidigungsministerin Kramp-Karrenbauer, wenigstens dieses Zwischenziel m\u00fcsse nun endlich angegangen werden. <em>Tagesschau.de<\/em> meldete das mit folgenden S\u00e4tzen:<\/p>\n<blockquote><p><em>\u201eSPD-Kritik, man d\u00fcrfe sich von Trump jetzt nichts vorschreiben lassen, kontert Kramp-Karrenbauer so: \u201aEs geht, um es deutlich zu sagen, nicht um W\u00fcnsche von au\u00dfen. Es geht nicht um Aufr\u00fcstung. Es geht um Ausr\u00fcstung und Personal, es geht um unsere Bundeswehr.\u2018\u201c<\/em> (13)<\/p><\/blockquote>\n<p>Die verschleiernde Sch\u00f6nrederei half der Kramp-Karrenbauer allerdings nichts, wie das Magazin <em>Der Spiegel<\/em> zu berichten wusste. (14) Der aktuelle \u201eWehr\u201c-Etat hat denn auch den Rahmen von 1,4 Prozent des BIP zun\u00e4chst nicht \u00fcberschritten. (Das k\u00f6nnte zum Ende des Pandemiejahres 2020 ganz anders aussehen, weil das BIP um hunderte Milliarden Euro geringer ausfallen d\u00fcrfte, der Milit\u00e4rhaushalt jedoch beim vollen Umfang bleibt). Die <em>Tagesschau <\/em>aber kriegte auch nach der Trump-\u201eDrohung\u201c mit nunmehr f\u00e4lligem Truppenabzug nicht die Kurve zu sachlicher Berichterstattung und angemessener Einordnung. Tagesthemen-Moderator Ingo Zamperoni, selbst Mitglied der \u201eAtlantik-Br\u00fccke\u201c (15), bewies das im Schaltgespr\u00e4ch mit dem Washington-Korrespondenten Jan Philipp Burgard, gleichfalls \u201eAtlantik-Br\u00fccke\u201c-J\u00fcnger (ebd.):<\/p>\n<blockquote><p>Burgard: <em>\u201e\u2026 aber Trumps Drohung, Truppen aus Deutschland abzuziehen, die gibt es ja schon l\u00e4nger &#8230; und die Gr\u00fcnde daf\u00fcr: Pr\u00e4sident Trump ist extrem unzufrieden dar\u00fcber, dass Deutschland seiner Verpflichtung gegen\u00fcber der NATO bei weitem nicht nachgekommen ist, 2 Prozent des BIP f\u00fcr Verteidigung auszugeben\u2026<\/em>\u201d (16)<\/p><\/blockquote>\n<p>Gleiche Br\u00fcder, gleiche Kappen. Zamperoni lie\u00df das so stehen. Preisfrage: Wieviel journalistische Selbstverleugnung \u2013 wenn man schon nicht nach Charakterlosigkeit fragen will \u2013 geh\u00f6rt dazu, den Abzug fremder Truppen aus unserem Land als \u201eDrohung\u201c auszugeben? In dieser Wortwahl steckt die gesamte W\u00fcrdelosigkeit, mit der sich der \u00f6ffentlich-rechtliche Rundfunk mit der transatlantischen Politik und Gefolgschaftstreue der Bundesregierung gemein macht \u2013 trotz aller vordergr\u00fcndigen ARD-Kritik an\u00a0Pr\u00e4sident Trump.<\/p>\n<h5>Dummschw\u00e4tzerei statt Journalismus<\/h5>\n<p>Jahr f\u00fcr Jahr bezahlt Deutschland Millionen-Tribut f\u00fcr den Aufenthalt der \u201eFreunde\u201c bei uns. (17) Die und ihre Familien genie\u00dfen hier Sonderrechte, zahlen \u00fcberhaupt keine Steuern, wenn sie nicht ausnahmsweise in deutschen Gesch\u00e4ften einkaufen statt in ihren garnisonsnahen \u201ePX\u201c-L\u00e4den, m\u00fcssen nicht ihre Zivilfahrzeuge bei deutschen \u00c4mtern anmelden und vom T\u00dcV pr\u00fcfen lassen, sind sogar nach Straftaten vor deutscher Strafverfolgung weitestgehend gesch\u00fctzt.<\/p>\n<p>Doch das sind Peanuts. L\u00e4ngst steht fest, dass die USA mithilfe ihrer Satellitentechnik in der \u201eAir-Base Ramstein\u201c Massenmorde per Drohnen in Afrika und Vorderasien begehen und die Bundesregierung, weil sie das duldet, sich des V\u00f6lkerrechtsbruchs und der Verbrechen gegen die Menschheit schuldig macht. (18) Ebenso unbestreitbar w\u00fcnscht eine \u00fcberw\u00e4ltigende Mehrheit der Bundesb\u00fcrger keine US-Atomwaffen auf deutschem Boden. (19) Doch die Tagesschau- Qualit\u00e4tsjournalisten juckt das alles nicht. Sie schwadronieren ungeniert von einer Abzugs-\u201cDrohung\u201c und von \u201eNATO-Zahlungsverpflichtung\u201c, um den selbstm\u00f6rderischen Aberwitz der deutschen \u201eVerteidigungspolitik\u201c als unumg\u00e4nglich erscheinen und keine fundamentalen Proteste dagegen aufkommen zu lassen.<\/p>\n<p>Als weiteres benebelndes Sedativ dient der Verweis auf das Wirtschaftsinteresse am Verbleib der US-Garnisonen in Deutschland und auf die davon abh\u00e4ngigen Arbeitspl\u00e4tze f\u00fcr Bundesb\u00fcrger. Auch beim Verabreichen dieser Dr\u00f6hnung geniert sich die ARD-aktuell kein bisschen und lie\u00df die <em>Tagesthemen<\/em> am 16. Juni titeln:<\/p>\n<blockquote><p><em>\u201cWas der Abzug von US-Soldaten f\u00fcr deutsche Gemeinden bedeutet\u201d<\/em>\u00a0(20)<\/p><\/blockquote>\n<p>Klar doch, \u201eErst kommt das Fressen, dann kommt die Moral\u201c (21); Bertolt Brecht warf diesen Satz zwar einer wohlsituierten Bourgeoisie entgegen, die sich moralisierend \u00fcber Milit\u00e4rausgaben emp\u00f6rt. Doch geht es hier nicht um b\u00fcrgerliche Moralvorstellungen, sondern um journalistisches Berufsethos, wenn die ARD-aktuell Kriegsverbrecher-Zentralen wie Ramstein\u00a0als\u00a0\u201cDrehkreuz nach Afrika und den Nahen Osten\u201d verschleiert. Wie das eben Schreiberlinge so machen, die sich zwar in abf\u00e4lligem Ton \u00fcber US-Pr\u00e4sident Trumps abstruse, bildungsfreie und verlogene Spr\u00fcche ergehen, nicht aber seine ungez\u00e4hlten Verbrechen in Syrien, Irak, in Afrika und in S\u00fcdamerika aufgreifen und die au\u00dfenpolitische Unterst\u00fctzung Deutschlands bei diesen massenm\u00f6rderischen Schweinereien.<\/p>\n<h5>Zerr\u00fcttetes Verh\u00e4ltnis<\/h5>\n<p>Dass die deutsche Polit-Elite wie ein Haufen Deppen dasteht \u2013 sie war von Trump \u00fcber dessen Abzugsank\u00fcndigung weder vorinformiert noch gar um ihre Meinung gebeten worden \u2013 kam zwar in\u00a0den\u00a0Beitr\u00e4gen der <em>Tagesschau<\/em> indirekt zum Ausdruck. Wie aber eine angemessene deutsche Reaktion auf den US-Affront aussehen k\u00f6nnte, sondierte die Redaktion weder bei der Kanzlerin noch beim Au\u00dfenminister.\u00a0(22) Dabei h\u00e4tten sich die Tagesschau-Redakteure zwecks Erf\u00fcllung ihres Informationsauftrags nicht mal selbst hervorwagen m\u00fcssen. Es fehlte ja nicht an kritischen Stellungnahmen von ausgewiesenen Experten.<\/p>\n<p>Michael Staack, Professor an der Bundeswehr-Universit\u00e4t Hamburg und Dozent der Generalsakademie in Hamburg-Blankenese, pl\u00e4diere f\u00fcr die \u00dcberpr\u00fcfung der Beziehungen zwischen Deutschland und den USA, berichtet das Internet-Magazin <em>German Foreign Policy<\/em>. (23) Mit Blick auf die zunehmenden Streitigkeiten zwischen Washington und Berlin komme er zu dem Schluss, &#8222;deutsche und amerikanische Interessen&#8220; gingen heute &#8222;in allen wichtigen Fragen auseinander&#8220;. H\u00e4tten bestehende Interessengegens\u00e4tze bis vor wenigen Jahren &#8222;in einem breiteren Spektrum von Gemeinsamkeiten unter Kontrolle gehalten werden&#8220; k\u00f6nnen, so sei dies jetzt immer weniger der Fall.<\/p>\n<p>Staack pr\u00e4zisiert: Die Regierung Trump sei im Gegensatz zu s\u00e4mtlichen fr\u00fcheren US-Regierungen \u201ebereit, Mittel gegen die Bundesrepublik einzusetzen, die man normalerweise gegen Gegner und nicht gegen Verb\u00fcndete einsetzt.\u201c Bislang betreibe die Bundesregierung gegen\u00fcber Washington aber nur \u201epartielle Opposition und, im Wesentlichen, Beschwichtigungspolitik.\u201c Doch die Interessengegens\u00e4tze seien inzwischen so gro\u00df, dass es kaum m\u00f6glich sei, diese Politik noch weiterzuf\u00fchren. Derzeit gebe es jedoch<\/p>\n<blockquote><p><em>\u201eeine gro\u00dfe Z\u00f6gerlichkeit, eine klare Position gegen\u00fcber den USA zu formulieren: Man hat immer Angst vor Vergeltung.\u201c<\/em> (ebd.)<\/p><\/blockquote>\n<p>Nein, von Staacks Einsch\u00e4tzung kam nichts r\u00fcber in der <em>Tagesschau<\/em>. Die bot uns stattdessen das platte Gew\u00e4sch des NATO-Generalsekret\u00e4rs Stoltenberg und des transatlantisch verkr\u00fcmmten Russlandhassers Norbert R\u00f6ttgen, CDU, um nur einige Lieblings-Gespr\u00e4chspartner f\u00fcr <em>Tagesschau<\/em>-Konformismus und Langeweile zu nennen.<\/p>\n<h5>Trumps gro\u00dfe Klappe<\/h5>\n<p>Wenig Trost bietet der Gedanke, dass Trump von seinen widerspr\u00fcchlichen Angebereien und \u201eDrohungen\u201c bisher kaum etwas wahr gemacht hat. Weder hat er das US-Truppenkontingent in S\u00fcdkorea verkleinert (24), noch seine Besatzungstruppen aus Syrien abgezogen oder die Zahl seiner heimt\u00fcckischen Drohnenmorde reduziert. Er tobt sich nicht nur mit gro\u00dfm\u00e4uligen Spr\u00fcchen aus, sondern auch mit dem Abw\u00fcrgen von friedenssichernden internationalen Vertr\u00e4gen.<\/p>\n<p>Heiko Maas, der sich wundersamerweise noch immer als respektabler Au\u00dfenminister vorkommt, und Annegret Kramp-Karrenbauer, chancenlos aber US-h\u00f6rig, best\u00e4tigen und best\u00e4rken den selbstherrlichen Widerling in seiner Verachtung f\u00fcr die Bundesregierung. Maas, indem er zuletzt mit dem angeberischen Versuch gegen die Wand fuhr, ohne Placet der USA die Kriegsparteien in Libyen zu einem Waffenstillstand und zur Verhandlungsaufnahme zu bewegen. Kramp-Karrenbauer mit ihrer r\u00fcckgrat- und bedenkenlosen Absicht, 30 US-Kampfjets vom Typ F-18 Hornet der Firma McDonnell-Douglas zu kaufen, auf dass die Bundesluftwaffe auch dann noch f\u00e4hig sei, die in Deutschland lagernden US-Atombomben in Richtung Russland zu fliegen, wenn das letzte daf\u00fcr geeignete \u201eTornado\u201c-Flugzeug verschrottet ist.<\/p>\n<p>Kramp Karrenbauer tut eben alles, um Deutschland zum atomaren Schlachtfeld des zuk\u00fcnftigen Weltkriegs der USA zu machen. Die Pfadfinderin kapiert einfach nicht: Wo Atombomben lagern, fallen auch Atombomben, und zwar die ersten. Die <em>Tagesschau<\/em> berichtete zwar \u00fcber die deutschen Kaufabsichten (25), bewies aber mit ihrer Akzentuierung, dass sie das genauso wenig kapiert:<\/p>\n<blockquote><p><em>\u201eGrundgesetz-Versto\u00df beim Kampfjet-Kauf?\u201c<\/em><\/p><\/blockquote>\n<p>Sorgf\u00e4ltig verschwieg die ARD-aktuell in ihren Fernseh-Ausgaben zudem den neuesten Klops: Kramp-Karrenbauer hat den Auftrag f\u00fcr das Mehrzweck-Kampfschiff MKS 180 freigeben lassen, eine mit Raketen best\u00fcckte Fregatte. (26) Ein paar Meldungen dar\u00fcber erschienen lediglich in der Internet-Nische <em>Tagesschau.de. <\/em>(27) Vier Exemplare dieser bislang teuersten Angriffswaffe der Bundeswehr sollen zun\u00e4chst gebaut werden, f\u00fcr 5.5 Milliarden Euro. F\u00fcr Bewaffnung und Trainingssysteme gebe es weitere Vertr\u00e4ge, berichtete das Neue <em>Deutschland<\/em>:<\/p>\n<blockquote><p><em>\u201e\u2026 so dass man bei (aktuellen) Kosten von knapp sechs Milliarden Euro landet. Gesichert hat man sich die Option auf zwei weitere Schiffe dieses Typs.\u201c<\/em> (28)<\/p><\/blockquote>\n<h5>Die Zwillinge MKS 180 und FREMM<\/h5>\n<p>Das MKS 180 existiert zwar erst auf dem Papier, gleicht aber wie ein Ei dem anderen der italienischen Fregatte FREMM, die als hochmodernes Non-plus-ultra dieser Sorte Kriegsschiff gilt. (29) Das erst noch zu entwickelnde MKS soll pro St\u00fcck 1,3 Milliarden Euro kosten, der Zuschlag daf\u00fcr ging an einen deutsch-niederl\u00e4ndischen Werftenverbund. (30) Jeder halbwegs Kundige ahnt jedoch, dass der Ausschreibungsgewinner nicht bei seinem Preisangebot bleibt, sondern dass am Ende bis zu 1,8 Milliarden Euro pro Schiff f\u00e4llig werden k\u00f6nnen. Wie solche Preisexplosionen entstehen und begr\u00fcndet werden, hat sich beim Pannenflieger Airbus A400M gezeigt, dem neuen Bundeswehr-Transportflugzeug. (31)<\/p>\n<p>Was ist der Treppenwitz an der Geschichte? Kurzformel: Deutschland l\u00e4sst f\u00fcr x-Milliarden Euro ein Schiff erst mal planen und dann in den n\u00e4chsten Jahren bauen, das schon heute in absolut gleicher Qualit\u00e4t auf dem Markt ist, sich bereits bew\u00e4hrt hat, das auch die Amis f\u00fcr spitze halten, haben wollen und sogar selbst bauen \u2013 in den USA und zum halben Preis eines MKS-180! (32) Darauf allerdings verweist die <em>Tagesschau<\/em> mit keinem Wort.<\/p>\n<p>Nun denn, Kramp-Karrenbauer, begnadet einfallsreich, wie sie nun mal ist, wollte ja auch schon mal einen Flugzeugtr\u00e4ger f\u00fcr die Bundesmarine anschaffen. (33). Und sogar \u00c4nschii war daf\u00fcr!<\/p>\n<p>Warum die irrsinnige Geldverschwendung f\u00fcr das MKS 180? Falls jemand vom Stammpersonal des ARD-Hauptstadt-Studios jemals auf diese naheliegende Frage kommen sollte, w\u00fcrde er wohl die Antwort \u00fcbermitteln: wegen der Arbeitspl\u00e4tze in der deutschen Werftindustrie. Die AKK l\u00e4sst uns halt nicht verkommen.<\/p>\n<h5>Update:<\/h5>\n<p>Der Z\u00fcricher\u00a0<em>Tagesanzeiger\u00a0<\/em>berichtet an diesem Wochenende (27. Juni), dass die Produktion des Kampfjets\u00a0<em>F\/A-18 Super Hornet<\/em>\u00a0demn\u00e4chst eingestellt werden soll. (34) Vor lauter Begeisterung \u00fcber die \u201enukleare Teilhabe\u201c Deutschlands hat die Kramp-Karrenbauer anscheinend nicht mal geschnallt, dass die Amis ihr ein Auslaufmodell andrehen wollen. Von der Tagesschau kann man also erst recht keinen solchen Durchblick erwarten.<\/p>\n<p><strong>\u00a0<\/strong><\/p>\n<p><strong>\u00a0<\/strong><strong>Quellen und Anmerkungen:<\/strong><\/p>\n<p>(1) <a href=\"https:\/\/www.zeit.de\/politik\/ausland\/2016-11\/merkel-benennt-westliche-werte-als-basis-fuer-zusammenarbeit-mit-trump\">https:\/\/www.zeit.de\/politik\/ausland\/2016-11\/merkel-benennt-westliche-werte-als-basis-fuer-zusammenarbeit-mit-trump<\/a><br \/>\n(2) <a href=\"https:\/\/www.tagesschau.de\/ausland\/us-truppenabzug-105.html\">https:\/\/www.tagesschau.de\/ausland\/us-truppenabzug-105.html<\/a><br \/>\n(3) <a href=\"https:\/\/www.tagesschau.de\/multimedia\/sendung\/ts-37445.html\">https:\/\/www.tagesschau.de\/multimedia\/sendung\/ts-37445.html<\/a><br \/>\n(4) <a href=\"https:\/\/de.statista.com\/statistik\/daten\/studie\/150664\/umfrage\/anteil-der-militaerausgaben-am-bip-ausgewaehlter-laender\/\">https:\/\/de.statista.com\/statistik\/daten\/studie\/150664\/umfrage\/anteil-der-militaerausgaben-am-bip-ausgewaehlter-laender\/<\/a><br \/>\n(5) <a href=\"https:\/\/www.bmvg.de\/de\/themen\/verteidigungshaushalt\/verteidigungshaushalt-2020\">https:\/\/www.bmvg.de\/de\/themen\/verteidigungshaushalt\/verteidigungshaushalt-2020<\/a><br \/>\n(6) <a href=\"https:\/\/de.statista.com\/statistik\/daten\/studie\/183064\/umfrage\/militaerausgaben-von-deutschland\/\">https:\/\/de.statista.com\/statistik\/daten\/studie\/183064\/umfrage\/militaerausgaben-von-deutschland\/<\/a><br \/>\n(7) <a href=\"https:\/\/www.swp-berlin.org\/fileadmin\/contents\/products\/aktuell\/2014A54_mlg.pdf\">https:\/\/www.swp-berlin.org\/fileadmin\/contents\/products\/aktuell\/2014A54_mlg.pdf<\/a><br \/>\n(8) \u00a0<a href=\"https:\/\/www.baks.bund.de\/de\/arbeitspapiere\/2019\/mythen-der-zwei-prozent-debatte-zur-diskussion-um-die-nato-verteidigungsausgaben\">https:\/\/www.baks.bund.de\/de\/arbeitspapiere\/2019\/mythen-der-zwei-prozent-debatte-zur-diskussion-um-die-nato-verteidigungsausgaben<\/a><br \/>\n(9) <a href=\"https:\/\/www.bbc.com\/news\/world-europe-26079957\">https:\/\/www.bbc.com\/news\/world-europe-26079957<\/a><br \/>\n(10) \u00a0<a href=\"https:\/\/www.tagesschau.de\/inland\/verteidigungsausgaben-103.html\">https:\/\/www.tagesschau.de\/inland\/verteidigungsausgaben-103.html<\/a><br \/>\n(11) <a href=\"https:\/\/www.heise.de\/tp\/features\/Muss-Deutschland-den-Ruestungshaushalt-auf-2-des-Bruttoinlandsprodukts-erhoehen-3935186.html\">https:\/\/www.heise.de\/tp\/features\/Muss-Deutschland-den-Ruestungshaushalt-auf-2-des-Bruttoinlandsprodukts-erhoehen-3935186.html<\/a><br \/>\n(12) <a href=\"https:\/\/www.heise.de\/tp\/features\/Die-Sicherheit-Deutschlands-wird-auch-am-Hindukusch-verteidigt-3427679.html\">https:\/\/www.heise.de\/tp\/features\/Die-Sicherheit-Deutschlands-wird-auch-am-Hindukusch-verteidigt-3427679.html<\/a><br \/>\n(13) <a href=\"https:\/\/www.tagesschau.de\/inland\/verteidigungsausgaben-105.html\">https:\/\/www.tagesschau.de\/inland\/verteidigungsausgaben-105.html<\/a><br \/>\n(14) <a href=\"https:\/\/www.spiegel.de\/politik\/deutschland\/olaf-scholz-finanzminister-tilgt-nato-versprechen-aus-regierungsprogramm-a-1295367.html\">https:\/\/www.spiegel.de\/politik\/deutschland\/olaf-scholz-finanzminister-tilgt-nato-versprechen-aus-regierungsprogramm-a-1295367.html<\/a><br \/>\n(15) <a href=\"https:\/\/www.seniorenportal.de\/community\/forum\/innenpolitik\/atlantikbruecke?tid=340940\">https:\/\/www.seniorenportal.de\/community\/forum\/innenpolitik\/atlantikbruecke?tid=340940<\/a><br \/>\n(16) <a href=\"https:\/\/www.tagesschau.de\/multimedia\/video\/video-711699.html\">https:\/\/www.tagesschau.de\/multimedia\/video\/video-711699.html<\/a><br \/>\n(17) <a href=\"https:\/\/www.tagesschau.de\/inland\/usa-truppen-deutschland-kosten-103.html\">https:\/\/www.tagesschau.de\/inland\/usa-truppen-deutschland-kosten-103.html<\/a><br \/>\n(18) <a href=\"https:\/\/www.sueddeutsche.de\/politik\/us-drohnenkrieg-ramstein-urteil-ovg-muenster-1.4373794\">https:\/\/www.sueddeutsche.de\/politik\/us-drohnenkrieg-ramstein-urteil-ovg-muenster-1.4373794<\/a><br \/>\n(19) <a href=\"https:\/\/www.faz.net\/aktuell\/politik\/mehrheit-gegen-amerikanische-atomwaffen-in-deutschland-16151743.html\">https:\/\/www.faz.net\/aktuell\/politik\/mehrheit-gegen-amerikanische-atomwaffen-in-deutschland-16151743.html<\/a><br \/>\n(20) <a href=\"https:\/\/www.tagesschau.de\/multimedia\/video\/video-716601.html\">https:\/\/www.tagesschau.de\/multimedia\/video\/video-716601.html<\/a><br \/>\n(21) <a href=\"https:\/\/www.inhaltsangabe.de\/brecht\/dreigroschenoper\/\">https:\/\/www.inhaltsangabe.de\/brecht\/dreigroschenoper\/<\/a><br \/>\n(22) <a href=\"https:\/\/www.tagesschau.de\/multimedia\/video\/video-716543.html\">https:\/\/www.tagesschau.de\/multimedia\/video\/video-716543.html<\/a><br \/>\n(23) <a href=\"https:\/\/www.german-foreign-policy.com\/news\/detail\/8308\/\">https:\/\/www.german-foreign-policy.com\/news\/detail\/8308\/<\/a><br \/>\n(24) <a href=\"https:\/\/www.handelsblatt.com\/politik\/international\/truppenstationierung-usa-und-suedkorea-brechen-gespraeche-ueber-verteidigungskosten-ab\/25243464.html?ticket=ST-2987815-BehbfVwLhqnNQIJjXsCo-ap6\">https:\/\/www.handelsblatt.com\/politik\/international\/truppenstationierung-usa-und-suedkorea-brechen-gespraeche-ueber-verteidigungskosten-ab\/25243464.html?ticket=ST-2987815-BehbfVwLhqnNQIJjXsCo-ap6<\/a><br \/>\n(25) <a href=\"https:\/\/www.tagesschau.de\/inland\/bundeswehr-eurofighter-f18-103.html\">https:\/\/www.tagesschau.de\/inland\/bundeswehr-eurofighter-f18-103.html<\/a><br \/>\n(26) <a href=\"https:\/\/www.german-foreign-policy.com\/news\/detail\/8315\/\">https:\/\/www.german-foreign-policy.com\/news\/detail\/8315\/<\/a><br \/>\n(27) <a href=\"https:\/\/www.tagesschau.de\/suche2.html?query=MKS+180&amp;sort_by=date\">https:\/\/www.tagesschau.de\/suche2.html?query=MKS+180&amp;sort_by=date<\/a><br \/>\n(28) <a href=\"https:\/\/www.neues-deutschland.de\/artikel\/1138199.bundeswehr-milliarden-fuers-militaer.html\">https:\/\/www.neues-deutschland.de\/artikel\/1138199.bundeswehr-milliarden-fuers-militaer.html<\/a><br \/>\n(29) <a href=\"https:\/\/navaltoday.com\/2020\/01\/28\/fincantieri-launches-tenth-italian-fremm-frigate\/\">https:\/\/navaltoday.com\/2020\/01\/28\/fincantieri-launches-tenth-italian-fremm-frigate\/<\/a><br \/>\n(30) <a href=\"https:\/\/www.dbwv.de\/aktuelle-themen\/blickpunkt\/beitrag\/news\/werften-einigung-mehrzweckkampfschiff-180-wieder-auf-kurs\/\">https:\/\/www.dbwv.de\/aktuelle-themen\/blickpunkt\/beitrag\/news\/werften-einigung-mehrzweckkampfschiff-180-wieder-auf-kurs\/<\/a><br \/>\n(31) <a href=\"https:\/\/www.dw.com\/de\/pannenflieger-a400m-hat-neue-m\u00e4ngel\/a-51223399\">https:\/\/www.dw.com\/de\/pannenflieger-a400m-hat-neue-m\u00e4ngel\/a-51223399<\/a><br \/>\n(32) <a href=\"https:\/\/www.navaltoday.com\/2020\/05\/04\/fincantieri-wins-us-navys-ffgx-frigate-contract\/\">https:\/\/www.navaltoday.com\/2020\/05\/04\/fincantieri-wins-us-navys-ffgx-frigate-contract\/<\/a><br \/>\n(33) <a href=\"https:\/\/www.tagesschau.de\/suche2.html?query=MKS+180&amp;sort_by=date\">https:\/\/www.tagesschau.de\/suche2.html?query=MKS+180&amp;sort_by=date<\/a><br \/>\n(34) <a href=\"https:\/\/www.tagesanzeiger.ch\/deutsche-geben-konkurrenz-aus-den-usa-auftrieb-273490216209\" target=\"_blank\" rel=\"noopener noreferrer\">https:\/\/www.tagesanzeiger.ch\/deutsche-geben-konkurrenz-aus-den-usa-auftrieb-273490216209<\/a><\/p>\n<p><strong>Weitere Literatur zum MKS 180:<\/strong><\/p>\n<p><a href=\"https:\/\/www.bundeswehr.de\/de\/organisation\/marine\/aktuelles\/erklaerstueck-mks-180\">https:\/\/www.bundeswehr.de\/de\/organisation\/marine\/aktuelles\/erklaerstueck-mks-180<\/a><br \/>\n<a href=\"https:\/\/www.handelsblatt.com\/politik\/deutschland\/verteidigungsindustrie-das-kampfstaerkste-schiff-in-der-geschichte-der-bundeswehr-wird-immer-teurer\/23072948.html\">https:\/\/www.handelsblatt.com\/politik\/deutschland\/verteidigungsindustrie-das-kampfstaerkste-schiff-in-der-geschichte-der-bundeswehr-wird-immer-teurer\/23072948.html<\/a><br \/>\n<a href=\"https:\/\/www.kn-online.de\/Kiel\/MKS-180-wird-nicht-in-Kiel-gebaut-Massive-Kritik-an-Marine-Entscheidung\">https:\/\/www.kn-online.de\/Kiel\/MKS-180-wird-nicht-in-Kiel-gebaut-Massive-Kritik-an-Marine-Entscheidung<\/a><br \/>\n<a href=\"https:\/\/www.manager-magazin.de\/unternehmen\/industrie\/luerssen-und-german-naval-yards-holding-legen-militaergeschaeft-zusammen-a-1306965.html\">https:\/\/www.manager-magazin.de\/unternehmen\/industrie\/luerssen-und-german-naval-yards-holding-legen-militaergeschaeft-zusammen-a-1306965.html<\/a><br \/>\n<a href=\"https:\/\/www.welt.de\/wirtschaft\/article207985697\/Luerssen-und-German-Naval-Yards-Deutschland-bekommt-Marineschiff-Giganten.html\">https:\/\/www.welt.de\/wirtschaft\/article207985697\/Luerssen-und-German-Naval-Yards-Deutschland-bekommt-Marineschiff-Giganten.html<\/a><br \/>\n<a href=\"https:\/\/www.ndr.de\/nachrichten\/schleswig-holstein\/Gespraeche-ueber-neuen-Werftkonzern,werften400.html\">https:\/\/www.ndr.de\/nachrichten\/schleswig-holstein\/Gespraeche-ueber-neuen-Werftkonzern,werften400.html<\/a><br \/>\n<a href=\"https:\/\/www.nrz.de\/wirtschaft\/kampfschiff-thyssenkrupp-im-streit-mit-der-bundeswehr-id228196181.html\">https:\/\/www.nrz.de\/wirtschaft\/kampfschiff-thyssenkrupp-im-streit-mit-der-bundeswehr-id228196181.html<\/a><\/p>\n<p style=\"text-align: right;\"><em><strong>Das\u00a0Autoren-Team:\u00a0<\/strong><\/em><\/p>\n<p style=\"text-align: right;\"><em>Friedhelm Klinkhammer, Jahrgang\u00a01944, Jurist. 1975 bis 2008 Mitarbeiter des NDR, zeitweise Vorsitzender des NDR-Gesamtpersonalrats und des ver.di-Betriebsverbandes\u00a0sowie Referent einer Funkhausdirektorin.<\/em><\/p>\n<p style=\"text-align: right;\"><em>Volker Br\u00e4utigam, Jahrgang 1941, Redakteur. 1975 bis 1996 Mitarbeiter des NDR, zun\u00e4chst in der Tagesschau, von 1992 an in der Kulturredaktion f\u00fcr N3. Danach Lehrauftrag an der Fu-Jen-Universit\u00e4t\u00a0in Taipeh.<\/em><\/p>\n<p style=\"text-align: right;\"><em>Beide Autoren sind Mitglieder des Beirates des Deutschen Freidenker-Verbandes.<\/em><\/p>\n<p><span style=\"font-size: 10pt;\">Dieser Beitrag erschien am 26.06.2020 (Update am 27.06.2020) auch auf <a href=\"https:\/\/publikumskonferenz.de\/blog\/2020\/06\/26\/die-drohung-mit-dem-us-truppenabzug\/\" target=\"_blank\" rel=\"noopener noreferrer\">publikumskonferenz.de<\/a><\/span><\/p>\n<hr \/>\n<p><span style=\"font-size: 10pt;\">Bild: Senior Airman Mario Fajardo stands guard Jan. 25 at Davis-Monthan Air Force Base (2008)<br \/>\nFoto: Airman 1st Class Melissa Copeland \/ Public domain<br \/>\nQuelle: <a href=\"https:\/\/commons.wikimedia.org\/wiki\/File:United_States_Air_Force_355th_Security_Force_Squadron_guardsman.jpg\" target=\"_blank\" rel=\"noopener noreferrer\">https:\/\/commons.wikimedia.org\/wiki\/File:United_States_Air_Force_355th_Security_Force_Squadron_guardsman.jpg<\/a><br \/>\n<\/span><\/p>\n<p>&nbsp;<\/p>\n<p>&nbsp;<\/p>\n","protected":false},"excerpt":{"rendered":"<p><b>Beitrag von Friedhelm Klinkhammer und Volker Br\u00e4utigam<\/b><br \/>\n\u201eDemokratie, Freiheit, Respekt vor dem Recht und der W\u00fcrde des Menschen \u2026\u00a0Auf der Basis dieser Werte biete ich dem k\u00fcnftigen Pr\u00e4sidenten der Vereinigten Staaten von Amerika, Donald Trump, eine enge Zusammenarbeit an.\u201c So belehrend und herablassend gratulierte Bundeskanzlerin Merkel dem US-Pr\u00e4sidenten vor vier Jahren zu seiner Wahl. Seither zeigt der, worauf er selbst Wert legt: Dass die Kanzlerin und ihre Bundesregierung kuschen \u2013 und zahlen. <\/p>\n","protected":false},"author":3,"featured_media":8353,"comment_status":"closed","ping_status":"closed","sticky":false,"template":"","format":"standard","meta":{"colormag_page_container_layout":"default_layout","colormag_page_sidebar_layout":"default_layout","advanced_seo_description":"","jetpack_seo_html_title":"","jetpack_seo_noindex":false,"jetpack_post_was_ever_published":false,"footnotes":""},"categories":[13],"tags":[452,1021,42,56,1126,1294,185],"class_list":["post-8350","post","type-post","status-publish","format-standard","has-post-thumbnail","hentry","category-frieden-antifaschismus-solidaritaet","tag-deutschland","tag-donald-trump","tag-drohnenkrieg","tag-nato","tag-tagesschau","tag-truppenabzug","tag-usa"],"jetpack_featured_media_url":"https:\/\/i0.wp.com\/www.freidenker.org\/fw17\/wp-content\/uploads\/2020\/06\/United_States_Air_Force_355th_Security_Force_Squadron_guardsman_800x450.jpg?fit=800%2C450&ssl=1","jetpack_shortlink":"https:\/\/wp.me\/p9stpK-2aG","jetpack-related-posts":[{"id":8345,"url":"https:\/\/www.freidenker.org\/?p=8345","url_meta":{"origin":8350,"position":0},"title":"Video: Diether Dehm zu angeblichen Schulden Deutschlands","author":"Webredaktion","date":"27. Juni 2020","format":false,"excerpt":"Donald Trump ist zur\u00fcck im Wahlkampf: Der US-Pr\u00e4sident bekr\u00e4ftigte in seiner Ansprache in Tulsa seine Absicht, fast 10.000 US-Soldaten aus Deutschland abzuziehen. Au\u00dferdem warf der Republikaner der Bundesregierung vor, der NATO wegen unzureichender Verteidigungsausgaben in den vergangenen 25 Jahren eine Billion US-Dollar zu schulden. Der Linke-Abgeordnete Dr. Diether Dehm sagte\u2026","rel":"","context":"In &quot;Frieden - Antifaschismus - Solidarit\u00e4t&quot;","block_context":{"text":"Frieden - Antifaschismus - Solidarit\u00e4t","link":"https:\/\/www.freidenker.org\/?cat=13"},"img":{"alt_text":"","src":"https:\/\/i0.wp.com\/www.freidenker.org\/fw17\/wp-content\/uploads\/2020\/06\/dehm_rt_2020-06_800x450.jpg?fit=800%2C450&ssl=1&resize=350%2C200","width":350,"height":200,"srcset":"https:\/\/i0.wp.com\/www.freidenker.org\/fw17\/wp-content\/uploads\/2020\/06\/dehm_rt_2020-06_800x450.jpg?fit=800%2C450&ssl=1&resize=350%2C200 1x, https:\/\/i0.wp.com\/www.freidenker.org\/fw17\/wp-content\/uploads\/2020\/06\/dehm_rt_2020-06_800x450.jpg?fit=800%2C450&ssl=1&resize=525%2C300 1.5x, https:\/\/i0.wp.com\/www.freidenker.org\/fw17\/wp-content\/uploads\/2020\/06\/dehm_rt_2020-06_800x450.jpg?fit=800%2C450&ssl=1&resize=700%2C400 2x"},"classes":[]},{"id":5686,"url":"https:\/\/www.freidenker.org\/?p=5686","url_meta":{"origin":8350,"position":1},"title":"&#8222;Trump verr\u00e4t alle&#8220;","author":"Webredaktion","date":"28. Dezember 2018","format":false,"excerpt":"Beitrag von Anneliese Fikentscher und Andreas Neumann US-Pr\u00e4sident Trump habe entschieden, die US-Truppen aus Syrien abzuziehen, erfahren wir aus den Medien. Wie ist es um den Wahrheitsgehalt dieser Mitteilungen bestellt? Wir wissen, dass Informationen aus den transatlantischen Herrschaftsmedien mit Vorsicht zu genie\u00dfen sind. Wie ist es in diesem Fall? Betrachten\u2026","rel":"","context":"In &quot;Demokratie \u2013 Medien \u2013 Aufkl\u00e4rung&quot;","block_context":{"text":"Demokratie \u2013 Medien \u2013 Aufkl\u00e4rung","link":"https:\/\/www.freidenker.org\/?cat=12"},"img":{"alt_text":"","src":"https:\/\/i0.wp.com\/www.freidenker.org\/fw17\/wp-content\/uploads\/2018\/12\/trump_its_time_800x445.jpg?fit=800%2C445&ssl=1&resize=350%2C200","width":350,"height":200,"srcset":"https:\/\/i0.wp.com\/www.freidenker.org\/fw17\/wp-content\/uploads\/2018\/12\/trump_its_time_800x445.jpg?fit=800%2C445&ssl=1&resize=350%2C200 1x, https:\/\/i0.wp.com\/www.freidenker.org\/fw17\/wp-content\/uploads\/2018\/12\/trump_its_time_800x445.jpg?fit=800%2C445&ssl=1&resize=525%2C300 1.5x, https:\/\/i0.wp.com\/www.freidenker.org\/fw17\/wp-content\/uploads\/2018\/12\/trump_its_time_800x445.jpg?fit=800%2C445&ssl=1&resize=700%2C400 2x"},"classes":[]},{"id":7214,"url":"https:\/\/www.freidenker.org\/?p=7214","url_meta":{"origin":8350,"position":2},"title":"Trump allein zu Haus, belauert vom Tiefen Staat","author":"Webredaktion","date":"14. November 2019","format":false,"excerpt":"Beitrag von Rainer Rupp Seit fast 3 Jahren wird US-Pr\u00e4sident Trump bei seinen friedenspolitischen Initiativen ausgebremst, nicht selten von Gegnern in den eigenen Reihen im Wei\u00dfen Haus. Zugleich werden mit unvorstellbaren Schmutzkampagnen sowohl sein Ansehen als Person als auch seine politische Autorit\u00e4t als US-Pr\u00e4sident systematisch untergraben. ... Bereits als es\u2026","rel":"","context":"In &quot;Frieden - Antifaschismus - Solidarit\u00e4t&quot;","block_context":{"text":"Frieden - Antifaschismus - Solidarit\u00e4t","link":"https:\/\/www.freidenker.org\/?cat=13"},"img":{"alt_text":"","src":"https:\/\/i0.wp.com\/www.freidenker.org\/fw17\/wp-content\/uploads\/2019\/11\/trump-2546104_800x445.jpg?fit=800%2C445&ssl=1&resize=350%2C200","width":350,"height":200,"srcset":"https:\/\/i0.wp.com\/www.freidenker.org\/fw17\/wp-content\/uploads\/2019\/11\/trump-2546104_800x445.jpg?fit=800%2C445&ssl=1&resize=350%2C200 1x, https:\/\/i0.wp.com\/www.freidenker.org\/fw17\/wp-content\/uploads\/2019\/11\/trump-2546104_800x445.jpg?fit=800%2C445&ssl=1&resize=525%2C300 1.5x, https:\/\/i0.wp.com\/www.freidenker.org\/fw17\/wp-content\/uploads\/2019\/11\/trump-2546104_800x445.jpg?fit=800%2C445&ssl=1&resize=700%2C400 2x"},"classes":[]},{"id":5296,"url":"https:\/\/www.freidenker.org\/?p=5296","url_meta":{"origin":8350,"position":3},"title":"Treffen Trump\/Putin und Militaristen am Rande des Nervenzusammenbruchs","author":"Webredaktion","date":"21. Juli 2018","format":false,"excerpt":"In der Rubrik Tagesdosis wurde am 20.07.2018 bei KenFM der Beitrag \u201eTreffen Trump\/Putin und Militaristen am Rande des Nervenzusammenbruchs\u201c von Klaus Hartmann, Vorsitzender des Deutschen Freidenker-Verbandes, ver\u00f6ffentlicht. Das Treffen der Pr\u00e4sidenten Trump und Putin in Helsinki wird einen langen Nachhall haben. Denn der Befund \u201ekeine konkreten Ergebnisse\u201c aus den Abteilungen\u2026","rel":"","context":"In &quot;Demokratie \u2013 Medien \u2013 Aufkl\u00e4rung&quot;","block_context":{"text":"Demokratie \u2013 Medien \u2013 Aufkl\u00e4rung","link":"https:\/\/www.freidenker.org\/?cat=12"},"img":{"alt_text":"","src":"https:\/\/i0.wp.com\/www.freidenker.org\/fw17\/wp-content\/uploads\/2018\/07\/Zeitungsdruck_800x445.jpg?fit=800%2C445&ssl=1&resize=350%2C200","width":350,"height":200,"srcset":"https:\/\/i0.wp.com\/www.freidenker.org\/fw17\/wp-content\/uploads\/2018\/07\/Zeitungsdruck_800x445.jpg?fit=800%2C445&ssl=1&resize=350%2C200 1x, https:\/\/i0.wp.com\/www.freidenker.org\/fw17\/wp-content\/uploads\/2018\/07\/Zeitungsdruck_800x445.jpg?fit=800%2C445&ssl=1&resize=525%2C300 1.5x, https:\/\/i0.wp.com\/www.freidenker.org\/fw17\/wp-content\/uploads\/2018\/07\/Zeitungsdruck_800x445.jpg?fit=800%2C445&ssl=1&resize=700%2C400 2x"},"classes":[]},{"id":19568,"url":"https:\/\/www.freidenker.org\/?p=19568","url_meta":{"origin":8350,"position":4},"title":"Schlag auf Schlag: NATO-Gipfel &#8211; Kriegsausdehnung &#8211; Attentat auf Trump","author":"Webredaktion","date":"22. Juli 2024","format":false,"excerpt":"Kommentar von\u00a0Wolfgang Effenberger Mit Feierlichkeiten zum 75-Jahr-Jubil\u00e4um der NATO begann am 9. Juli 2024 in Washington der dreit\u00e4gige Gipfel der Staats- und Regierungschefs der 32 Mitgliedsstaaten des Verteidigungsb\u00fcndnisses. Neben dem ukrainische Pr\u00e4sident Wolodymyr Selenskyj waren auch Vertreter der Europ\u00e4ischen Union, Australiens, Japans, S\u00fcdkoreas und Neuseelands angereist. Das von den USA\u2026","rel":"","context":"In &quot;Demokratie \u2013 Medien \u2013 Aufkl\u00e4rung&quot;","block_context":{"text":"Demokratie \u2013 Medien \u2013 Aufkl\u00e4rung","link":"https:\/\/www.freidenker.org\/?cat=12"},"img":{"alt_text":"","src":"https:\/\/i0.wp.com\/www.freidenker.org\/fw17\/wp-content\/uploads\/2024\/07\/KI_Donald_Trump_NATO_800x450.jpg?fit=800%2C450&ssl=1&resize=350%2C200","width":350,"height":200,"srcset":"https:\/\/i0.wp.com\/www.freidenker.org\/fw17\/wp-content\/uploads\/2024\/07\/KI_Donald_Trump_NATO_800x450.jpg?fit=800%2C450&ssl=1&resize=350%2C200 1x, https:\/\/i0.wp.com\/www.freidenker.org\/fw17\/wp-content\/uploads\/2024\/07\/KI_Donald_Trump_NATO_800x450.jpg?fit=800%2C450&ssl=1&resize=525%2C300 1.5x, https:\/\/i0.wp.com\/www.freidenker.org\/fw17\/wp-content\/uploads\/2024\/07\/KI_Donald_Trump_NATO_800x450.jpg?fit=800%2C450&ssl=1&resize=700%2C400 2x"},"classes":[]},{"id":8239,"url":"https:\/\/www.freidenker.org\/?p=8239","url_meta":{"origin":8350,"position":5},"title":"US-Truppenabzug \u201eeine Wohltat f\u00fcr die Bev\u00f6lkerung\u201c","author":"Webredaktion","date":"16. Juni 2020","format":false,"excerpt":"Interview von Sputnik mit Klaus Hartmann Laut Medienberichten sollen 9500 der rund 34.500 US-Soldaten aus Deutschland abgezogen werden. Wie beurteilen Sie diese Pl\u00e4ne? Wie wohl auch jeder andere aus der Friedensbewegung, sehe ich diese Pl\u00e4ne \u00e4u\u00dferst positiv. Wobei wir uns nicht wundern, dass unser Au\u00dfenminister Maas jetzt ein kompliziertes Verh\u00e4ltnis\u2026","rel":"","context":"In &quot;Frieden - Antifaschismus - Solidarit\u00e4t&quot;","block_context":{"text":"Frieden - Antifaschismus - Solidarit\u00e4t","link":"https:\/\/www.freidenker.org\/?cat=13"},"img":{"alt_text":"","src":"https:\/\/i0.wp.com\/www.freidenker.org\/fw17\/wp-content\/uploads\/2020\/06\/Defense.gov_News_Photo_050211-A-9866B-044_800x450.jpg?fit=800%2C450&ssl=1&resize=350%2C200","width":350,"height":200,"srcset":"https:\/\/i0.wp.com\/www.freidenker.org\/fw17\/wp-content\/uploads\/2020\/06\/Defense.gov_News_Photo_050211-A-9866B-044_800x450.jpg?fit=800%2C450&ssl=1&resize=350%2C200 1x, https:\/\/i0.wp.com\/www.freidenker.org\/fw17\/wp-content\/uploads\/2020\/06\/Defense.gov_News_Photo_050211-A-9866B-044_800x450.jpg?fit=800%2C450&ssl=1&resize=525%2C300 1.5x, https:\/\/i0.wp.com\/www.freidenker.org\/fw17\/wp-content\/uploads\/2020\/06\/Defense.gov_News_Photo_050211-A-9866B-044_800x450.jpg?fit=800%2C450&ssl=1&resize=700%2C400 2x"},"classes":[]}],"_links":{"self":[{"href":"https:\/\/www.freidenker.org\/index.php?rest_route=\/wp\/v2\/posts\/8350","targetHints":{"allow":["GET"]}}],"collection":[{"href":"https:\/\/www.freidenker.org\/index.php?rest_route=\/wp\/v2\/posts"}],"about":[{"href":"https:\/\/www.freidenker.org\/index.php?rest_route=\/wp\/v2\/types\/post"}],"author":[{"embeddable":true,"href":"https:\/\/www.freidenker.org\/index.php?rest_route=\/wp\/v2\/users\/3"}],"replies":[{"embeddable":true,"href":"https:\/\/www.freidenker.org\/index.php?rest_route=%2Fwp%2Fv2%2Fcomments&post=8350"}],"version-history":[{"count":0,"href":"https:\/\/www.freidenker.org\/index.php?rest_route=\/wp\/v2\/posts\/8350\/revisions"}],"wp:featuredmedia":[{"embeddable":true,"href":"https:\/\/www.freidenker.org\/index.php?rest_route=\/wp\/v2\/media\/8353"}],"wp:attachment":[{"href":"https:\/\/www.freidenker.org\/index.php?rest_route=%2Fwp%2Fv2%2Fmedia&parent=8350"}],"wp:term":[{"taxonomy":"category","embeddable":true,"href":"https:\/\/www.freidenker.org\/index.php?rest_route=%2Fwp%2Fv2%2Fcategories&post=8350"},{"taxonomy":"post_tag","embeddable":true,"href":"https:\/\/www.freidenker.org\/index.php?rest_route=%2Fwp%2Fv2%2Ftags&post=8350"}],"curies":[{"name":"wp","href":"https:\/\/api.w.org\/{rel}","templated":true}]}}