{"id":835,"date":"2015-09-16T16:59:30","date_gmt":"2015-09-16T14:59:30","guid":{"rendered":"http:\/\/www.freidenker.org\/fw17\/?p=835"},"modified":"2017-12-27T19:53:59","modified_gmt":"2017-12-27T18:53:59","slug":"ttip-ceta-wirtschafts-nato","status":"publish","type":"post","link":"https:\/\/www.freidenker.org\/?p=835","title":{"rendered":"FREIDENKER 3-15 &#8211; TTIP &#8211; CETA &#8211; Wirtschafts-NATO"},"content":{"rendered":"<h5><strong>Inhalt:<\/strong> Editorial &#8211; Thema:<br \/>\nTTIP &#8211; CETA &#8211; Wirtschafts-NATO &#8211; <strong>Gentechnologie &#8211;\u00a0 Energiepolitik<br \/>\nmit Beitr\u00e4gen von Eva Bulling-Schr\u00f6ter, Jean-Marie Jacoby, Gisela Jacobasch, Marianna Schauzu, Lothar Kolditz<br \/>\n<\/strong><\/h5>\n<ul>\n<li>Eva Bulling-Schr\u00f6ter<br \/>\n<a href=\"https:\/\/www.freidenker.org\/?p=2859\">&#8222;Weniger Walfisch-Sterben durch mehr Fangschiffe?&#8220;<\/a><br \/>\n(<img data-recalc-dims=\"1\" loading=\"lazy\" decoding=\"async\" data-attachment-id=\"1072\" data-permalink=\"https:\/\/www.freidenker.org\/?attachment_id=1072\" data-orig-file=\"https:\/\/i0.wp.com\/www.freidenker.org\/fw17\/wp-content\/uploads\/2017\/10\/pdf_icon-e1509487447542.png?fit=16%2C16&amp;ssl=1\" data-orig-size=\"16,16\" data-comments-opened=\"0\" data-image-meta=\"{&quot;aperture&quot;:&quot;0&quot;,&quot;credit&quot;:&quot;&quot;,&quot;camera&quot;:&quot;&quot;,&quot;caption&quot;:&quot;&quot;,&quot;created_timestamp&quot;:&quot;0&quot;,&quot;copyright&quot;:&quot;&quot;,&quot;focal_length&quot;:&quot;0&quot;,&quot;iso&quot;:&quot;0&quot;,&quot;shutter_speed&quot;:&quot;0&quot;,&quot;title&quot;:&quot;&quot;,&quot;orientation&quot;:&quot;0&quot;}\" data-image-title=\"pdf_icon_16\" data-image-description=\"\" data-image-caption=\"\" data-large-file=\"https:\/\/i0.wp.com\/www.freidenker.org\/fw17\/wp-content\/uploads\/2017\/10\/pdf_icon-e1509487447542.png?fit=16%2C16&amp;ssl=1\" class=\"alignnone size-full wp-image-1072\" src=\"https:\/\/i0.wp.com\/www.freidenker.org\/fw17\/wp-content\/uploads\/2017\/10\/pdf_icon-e1509487447542.png?resize=16%2C16&#038;ssl=1\" alt=\"\" width=\"16\" height=\"16\" \/> <a href=\"https:\/\/www.freidenker.org\/fw17\/wp-content\/uploads\/2016\/08\/freidenker-15-03-bulling-schroeter.pdf\">PDF-Dokument<\/a>, ca. 300 KB)<\/li>\n<li>Jean-Marie Jacoby<br \/>\nDie EU tut genau das, wof\u00fcr sie geschaffen wurde<\/li>\n<li>Die milit\u00e4risch-machtpolitischen Hintergr\u00fcnde des TTIP<\/li>\n<li>Aufruf zur Gro\u00dfdemonstration am 10.10.2015 in Berlin:<br \/>\nTTIP &amp; CETA stoppen!<br \/>\nF\u00fcr einen gerechten Welthandel!<\/li>\n<li>Gisela Jacobasch<br \/>\nErn\u00e4hrung, Gentechnologie, Monsanto<\/li>\n<li>Marianna Schauzu<br \/>\nKann Gentechnik einen Beitrag zu gesellschaftlich n\u00fctzlichen Entwicklungen leisten?<\/li>\n<li>Lothar Kolditz<br \/>\nEnergiebedarf und das Ende der \u00d6lzeit<\/p>\n<ul>\n<li>Anmerkungen von Ulf Rassmann zum Beitrag von Prof. Dr. Lothar Kolditz<\/li>\n<li>Antwort von Prof. Dr. Kolditz<\/li>\n<\/ul>\n<\/li>\n<\/ul>\n<p><strong>Meldungen, Meinungen<\/strong><\/p>\n<ul>\n<li>Prinz Chaos II. im Interview mit Jens Wernicke<br \/>\n<a href=\"https:\/\/www.freidenker.org\/?p=2865\">\u201eGriechische Mythen und ein Dilemma, das keines ist\u201c<\/a><br \/>\n(<img data-recalc-dims=\"1\" loading=\"lazy\" decoding=\"async\" data-attachment-id=\"1072\" data-permalink=\"https:\/\/www.freidenker.org\/?attachment_id=1072\" data-orig-file=\"https:\/\/i0.wp.com\/www.freidenker.org\/fw17\/wp-content\/uploads\/2017\/10\/pdf_icon-e1509487447542.png?fit=16%2C16&amp;ssl=1\" data-orig-size=\"16,16\" data-comments-opened=\"0\" data-image-meta=\"{&quot;aperture&quot;:&quot;0&quot;,&quot;credit&quot;:&quot;&quot;,&quot;camera&quot;:&quot;&quot;,&quot;caption&quot;:&quot;&quot;,&quot;created_timestamp&quot;:&quot;0&quot;,&quot;copyright&quot;:&quot;&quot;,&quot;focal_length&quot;:&quot;0&quot;,&quot;iso&quot;:&quot;0&quot;,&quot;shutter_speed&quot;:&quot;0&quot;,&quot;title&quot;:&quot;&quot;,&quot;orientation&quot;:&quot;0&quot;}\" data-image-title=\"pdf_icon_16\" data-image-description=\"\" data-image-caption=\"\" data-large-file=\"https:\/\/i0.wp.com\/www.freidenker.org\/fw17\/wp-content\/uploads\/2017\/10\/pdf_icon-e1509487447542.png?fit=16%2C16&amp;ssl=1\" class=\"alignnone size-full wp-image-1072\" src=\"https:\/\/i0.wp.com\/www.freidenker.org\/fw17\/wp-content\/uploads\/2017\/10\/pdf_icon-e1509487447542.png?resize=16%2C16&#038;ssl=1\" alt=\"\" width=\"16\" height=\"16\" \/> <a href=\"https:\/\/www.freidenker.org\/fw17\/wp-content\/uploads\/2016\/08\/freidenker-15-03-prinz-chaos-ii.pdf\">PDF-Dokument<\/a>, ca. 360 KB)<\/li>\n<\/ul>\n<p><strong>Chronik<br \/>\nAnschriften, Impressum<\/strong><\/p>\n<p>Berthold Brecht, Fl\u00fcchtlingsgespr\u00e4che<br \/>\n\u00dcber P\u00e4sse<\/p>\n<p>&nbsp;<\/p>\n","protected":false},"excerpt":{"rendered":"<p><strong>Die Ausgabe 3-15 des Verbandsorgans FREIDENKER hat das Schwerpunkt-Thema \u201eTTIP &#8211; CETA &#8211; Wirtschafts-NATO &#8211; Gentechnologie &#8211;  Energiepolitik\u201c<\/strong> und enth\u00e4lt u.a folgende Beitr\u00e4ge:<br \/>\n&#8211; Eva Bulling-Schr\u00f6ter: &#8222;Weniger Walfisch-Sterben durch mehr Fangschiffe?&#8220;<br \/>\n&#8211; Jean-Marie Jacoby: Die EU tut genau das, wof\u00fcr sie geschaffen wurde<br \/>\n&#8211; Gisela Jacobasch: Ern\u00e4hrung, Gentechnologie, Monsanto<br \/>\n&#8211; Marianna Schauzu: Kann Gentechnik einen Beitrag zu gesellschaftlich n\u00fctzlichen Entwicklungen leisten?<br \/>\n&#8211; Lothar Kolditz: Energiebedarf und das Ende der \u00d6lzeit<\/p>\n","protected":false},"author":2,"featured_media":2558,"comment_status":"closed","ping_status":"closed","sticky":false,"template":"","format":"standard","meta":{"colormag_page_container_layout":"default_layout","colormag_page_sidebar_layout":"default_layout","advanced_seo_description":"","jetpack_seo_html_title":"","jetpack_seo_noindex":false,"jetpack_post_was_ever_published":false,"footnotes":""},"categories":[8],"tags":[440,26,184,441,439],"class_list":["post-835","post","type-post","status-publish","format-standard","has-post-thumbnail","hentry","category-verbandsorgan-freidenker","tag-ceta","tag-freidenker","tag-imperialistische-hegemonie","tag-kapitalismus","tag-ttip"],"jetpack_featured_media_url":"https:\/\/i0.wp.com\/www.freidenker.org\/fw17\/wp-content\/uploads\/2017\/12\/FD_2015-03_Titel_mR.jpg?fit=800%2C445&ssl=1","jetpack_shortlink":"https:\/\/wp.me\/p9stpK-dt","jetpack-related-posts":[{"id":2859,"url":"https:\/\/www.freidenker.org\/?p=2859","url_meta":{"origin":835,"position":0},"title":"&#8222;Weniger Walfisch-Sterben durch mehr Fangschiffe?&#8220;","author":"Webredaktion","date":"17. September 2015","format":false,"excerpt":"Beitrag von Eva Bulling-Schr\u00f6ter aus: FREIDENKER 3-15 \"Wir m\u00fcssen den Kapitalismus b\u00e4ndigen\", pustete j\u00fcngst nicht Sarah Wagenknecht, sondern Wirtschaftsminister Siegmar Gabriel ins Aufnahmeger\u00e4t eines Journalisten. Der Mitarbeiter des Polit-Magazin \"Cicero\" hatte den SPD-Chef zu laufenden TTIP-Verhandlungen zwischen Europ\u00e4ischer Union und Vereinigten Staaten befragt. Und die viel zu wenig gestellte Frage\u2026","rel":"","context":"In &quot;Demokratie \u2013 Medien \u2013 Aufkl\u00e4rung&quot;","block_context":{"text":"Demokratie \u2013 Medien \u2013 Aufkl\u00e4rung","link":"https:\/\/www.freidenker.org\/?cat=12"},"img":{"alt_text":"","src":"https:\/\/i0.wp.com\/www.freidenker.org\/fw17\/wp-content\/uploads\/2017\/12\/STOP_TTIP_CETA_10.10.2015_Berlin_800x445.jpg?fit=800%2C445&ssl=1&resize=350%2C200","width":350,"height":200,"srcset":"https:\/\/i0.wp.com\/www.freidenker.org\/fw17\/wp-content\/uploads\/2017\/12\/STOP_TTIP_CETA_10.10.2015_Berlin_800x445.jpg?fit=800%2C445&ssl=1&resize=350%2C200 1x, https:\/\/i0.wp.com\/www.freidenker.org\/fw17\/wp-content\/uploads\/2017\/12\/STOP_TTIP_CETA_10.10.2015_Berlin_800x445.jpg?fit=800%2C445&ssl=1&resize=525%2C300 1.5x, https:\/\/i0.wp.com\/www.freidenker.org\/fw17\/wp-content\/uploads\/2017\/12\/STOP_TTIP_CETA_10.10.2015_Berlin_800x445.jpg?fit=800%2C445&ssl=1&resize=700%2C400 2x"},"classes":[]},{"id":726,"url":"https:\/\/www.freidenker.org\/?p=726","url_meta":{"origin":835,"position":1},"title":"FREIDENKER 1-10 &#8211; Klima &#8211; Energie &#8211; Ressourcen","author":"Webmaster","date":"16. M\u00e4rz 2010","format":false,"excerpt":"Die Ausgabe 1-10 des Verbandsorgans FREIDENKER hat das Schwerpunkt-Thema \u201eKlima - Energie - Ressourcen\u201c und enth\u00e4lt u.a folgende Beitr\u00e4ge: - Rainer M\u00fcller: Das Scheitern von Kopenhagen: Die Welt in der Wachstumsfalle - Eva Bulling-Schr\u00f6ter: Neue Klimabewegung jetzt \u00fcberlebenswichtig - Klaus Hartmann: Der Streit um das Klima - Jan Bretschneider: Wie\u2026","rel":"","context":"In &quot;Verbandsorgan FREIDENKER&quot;","block_context":{"text":"Verbandsorgan FREIDENKER","link":"https:\/\/www.freidenker.org\/?cat=8"},"img":{"alt_text":"","src":"https:\/\/i0.wp.com\/www.freidenker.org\/fw17\/wp-content\/uploads\/2017\/12\/FD_2010-01_Titel_mR.jpg?fit=800%2C445&ssl=1&resize=350%2C200","width":350,"height":200,"srcset":"https:\/\/i0.wp.com\/www.freidenker.org\/fw17\/wp-content\/uploads\/2017\/12\/FD_2010-01_Titel_mR.jpg?fit=800%2C445&ssl=1&resize=350%2C200 1x, https:\/\/i0.wp.com\/www.freidenker.org\/fw17\/wp-content\/uploads\/2017\/12\/FD_2010-01_Titel_mR.jpg?fit=800%2C445&ssl=1&resize=525%2C300 1.5x, https:\/\/i0.wp.com\/www.freidenker.org\/fw17\/wp-content\/uploads\/2017\/12\/FD_2010-01_Titel_mR.jpg?fit=800%2C445&ssl=1&resize=700%2C400 2x"},"classes":[]},{"id":475,"url":"https:\/\/www.freidenker.org\/?p=475","url_meta":{"origin":835,"position":2},"title":"FREIDENKER 1-07 &#8211; Irrationalismus und Herrschaft","author":"Webmaster","date":"16. M\u00e4rz 2007","format":false,"excerpt":"Die Ausgabe 1-07 des Verbandsorgans FREIDENKER hat das Schwerpunkt-Thema \u201eIrrationalismus und Herrschaft\u201c und enth\u00e4lt u.a folgende Beitr\u00e4ge: - Robert Steigerwald: Zur Auseinandersetzung mit dem Irrationalismus - Horst Schild: Anmerkungen zu Gebrauch und Missbrauch von Sprache - Arnold Sch\u00f6lzel: Imperialer Irrationalismus - Werner Seppmann: Auf dem Weg in die Armutsgesellschaft -\u2026","rel":"","context":"In &quot;Verbandsorgan FREIDENKER&quot;","block_context":{"text":"Verbandsorgan FREIDENKER","link":"https:\/\/www.freidenker.org\/?cat=8"},"img":{"alt_text":"","src":"https:\/\/i0.wp.com\/www.freidenker.org\/fw17\/wp-content\/uploads\/2017\/12\/FD_2007-01_Titel_mR.jpg?fit=800%2C445&ssl=1&resize=350%2C200","width":350,"height":200,"srcset":"https:\/\/i0.wp.com\/www.freidenker.org\/fw17\/wp-content\/uploads\/2017\/12\/FD_2007-01_Titel_mR.jpg?fit=800%2C445&ssl=1&resize=350%2C200 1x, https:\/\/i0.wp.com\/www.freidenker.org\/fw17\/wp-content\/uploads\/2017\/12\/FD_2007-01_Titel_mR.jpg?fit=800%2C445&ssl=1&resize=525%2C300 1.5x, https:\/\/i0.wp.com\/www.freidenker.org\/fw17\/wp-content\/uploads\/2017\/12\/FD_2007-01_Titel_mR.jpg?fit=800%2C445&ssl=1&resize=700%2C400 2x"},"classes":[]},{"id":197,"url":"https:\/\/www.freidenker.org\/?p=197","url_meta":{"origin":835,"position":3},"title":"Jugendfeier 2005 in M\u00fcnchen","author":"Webmaster","date":"17. Juni 2005","format":false,"excerpt":"Beitrag von Christiane Kr\u00f6ll aus FREIDENKER 2-05 Unter dem Motto \"\u00c4ndere die Welt, sie braucht es.\" begingen in M\u00fcnchen 12 Jugendliche mit rund 100 G\u00e4sten am Vorabend des \"Tages der Befreiung\" ihre Jugendfeier in der Gastst\u00e4tte Weyprechthof. In der Festrede hob Eva Bulling-Schr\u00f6ter, Landesvorsitzende der PDS Bayern und Freidenker-Mitglied, u.a.\u2026","rel":"","context":"In &quot;Jugendweihe &amp; Jugendfeier&quot;","block_context":{"text":"Jugendweihe &amp; Jugendfeier","link":"https:\/\/www.freidenker.org\/?cat=14"},"img":{"alt_text":"","src":"https:\/\/i0.wp.com\/www.freidenker.org\/fw17\/wp-content\/uploads\/2016\/05\/Munch.jpg?fit=800%2C445&ssl=1&resize=350%2C200","width":350,"height":200,"srcset":"https:\/\/i0.wp.com\/www.freidenker.org\/fw17\/wp-content\/uploads\/2016\/05\/Munch.jpg?fit=800%2C445&ssl=1&resize=350%2C200 1x, https:\/\/i0.wp.com\/www.freidenker.org\/fw17\/wp-content\/uploads\/2016\/05\/Munch.jpg?fit=800%2C445&ssl=1&resize=525%2C300 1.5x, https:\/\/i0.wp.com\/www.freidenker.org\/fw17\/wp-content\/uploads\/2016\/05\/Munch.jpg?fit=800%2C445&ssl=1&resize=700%2C400 2x"},"classes":[]},{"id":22387,"url":"https:\/\/www.freidenker.org\/?p=22387","url_meta":{"origin":835,"position":4},"title":"Konferenz der Weltunion der Freidenker","author":"Webredaktion","date":"15. Juli 2025","format":false,"excerpt":"80 Jahre nach der Befreiung \u2013 droht die R\u00fcckkehr von Faschismus und Krieg? Konferenz der Weltunion der Freidenker \/ Samstag, 16. August 2025, 10\u00a0bis\u00a017\u00a0Uhr \/ Danubius Hotel R\u00e1ba, Gy\u0151r, Ungarn Programm: - Geschichtsrevisionismus: Krieg gegen Russland und zionistischer V\u00f6lkermord (Klaus Hartmann, Offenbach am Main) - Die NATO: Steuergeldfressender Moloch \u2013\u2026","rel":"","context":"In &quot;Demokratie \u2013 Medien \u2013 Aufkl\u00e4rung&quot;","block_context":{"text":"Demokratie \u2013 Medien \u2013 Aufkl\u00e4rung","link":"https:\/\/www.freidenker.org\/?cat=12"},"img":{"alt_text":"","src":"https:\/\/i0.wp.com\/www.freidenker.org\/fw17\/wp-content\/uploads\/2025\/07\/Danubius_Hotel_Raba_Gyor_mit_Logo_800x450.jpg?fit=800%2C450&ssl=1&resize=350%2C200","width":350,"height":200,"srcset":"https:\/\/i0.wp.com\/www.freidenker.org\/fw17\/wp-content\/uploads\/2025\/07\/Danubius_Hotel_Raba_Gyor_mit_Logo_800x450.jpg?fit=800%2C450&ssl=1&resize=350%2C200 1x, https:\/\/i0.wp.com\/www.freidenker.org\/fw17\/wp-content\/uploads\/2025\/07\/Danubius_Hotel_Raba_Gyor_mit_Logo_800x450.jpg?fit=800%2C450&ssl=1&resize=525%2C300 1.5x, https:\/\/i0.wp.com\/www.freidenker.org\/fw17\/wp-content\/uploads\/2025\/07\/Danubius_Hotel_Raba_Gyor_mit_Logo_800x450.jpg?fit=800%2C450&ssl=1&resize=700%2C400 2x"},"classes":[]},{"id":15798,"url":"https:\/\/www.freidenker.org\/?p=15798","url_meta":{"origin":835,"position":5},"title":"Freies Denken und die neue multipolare Weltordnung","author":"Webredaktion","date":"19. April 2023","format":false,"excerpt":"50. Kongress der Weltunion der Freidenker Donnerstag, 18.05.2023, 11 - 17 Uhr, Saalbau Bornheim, Arnsburger Str. 24, 60385 Frankfurt am Main Vortr\u00e4ge: \u201eZeitenwende\u201c zwischen Krieg und Frieden (Klaus Hartmann, Offenbach am Main), Der Welten Lage \u00e4ndert sich (Jean-Marie Jacoby, Luxemburg), Von der NATO-Aggression 1999 gegen Jugoslawien zum Krieg gegen Russland\u2026","rel":"","context":"In &quot;Zentrale Veranstaltungen&quot;","block_context":{"text":"Zentrale Veranstaltungen","link":"https:\/\/www.freidenker.org\/?cat=20"},"img":{"alt_text":"","src":"https:\/\/i0.wp.com\/www.freidenker.org\/fw17\/wp-content\/uploads\/2023\/04\/multipolar_800x450.jpg?fit=800%2C450&ssl=1&resize=350%2C200","width":350,"height":200,"srcset":"https:\/\/i0.wp.com\/www.freidenker.org\/fw17\/wp-content\/uploads\/2023\/04\/multipolar_800x450.jpg?fit=800%2C450&ssl=1&resize=350%2C200 1x, https:\/\/i0.wp.com\/www.freidenker.org\/fw17\/wp-content\/uploads\/2023\/04\/multipolar_800x450.jpg?fit=800%2C450&ssl=1&resize=525%2C300 1.5x, https:\/\/i0.wp.com\/www.freidenker.org\/fw17\/wp-content\/uploads\/2023\/04\/multipolar_800x450.jpg?fit=800%2C450&ssl=1&resize=700%2C400 2x"},"classes":[]}],"_links":{"self":[{"href":"https:\/\/www.freidenker.org\/index.php?rest_route=\/wp\/v2\/posts\/835","targetHints":{"allow":["GET"]}}],"collection":[{"href":"https:\/\/www.freidenker.org\/index.php?rest_route=\/wp\/v2\/posts"}],"about":[{"href":"https:\/\/www.freidenker.org\/index.php?rest_route=\/wp\/v2\/types\/post"}],"author":[{"embeddable":true,"href":"https:\/\/www.freidenker.org\/index.php?rest_route=\/wp\/v2\/users\/2"}],"replies":[{"embeddable":true,"href":"https:\/\/www.freidenker.org\/index.php?rest_route=%2Fwp%2Fv2%2Fcomments&post=835"}],"version-history":[{"count":0,"href":"https:\/\/www.freidenker.org\/index.php?rest_route=\/wp\/v2\/posts\/835\/revisions"}],"wp:featuredmedia":[{"embeddable":true,"href":"https:\/\/www.freidenker.org\/index.php?rest_route=\/wp\/v2\/media\/2558"}],"wp:attachment":[{"href":"https:\/\/www.freidenker.org\/index.php?rest_route=%2Fwp%2Fv2%2Fmedia&parent=835"}],"wp:term":[{"taxonomy":"category","embeddable":true,"href":"https:\/\/www.freidenker.org\/index.php?rest_route=%2Fwp%2Fv2%2Fcategories&post=835"},{"taxonomy":"post_tag","embeddable":true,"href":"https:\/\/www.freidenker.org\/index.php?rest_route=%2Fwp%2Fv2%2Ftags&post=835"}],"curies":[{"name":"wp","href":"https:\/\/api.w.org\/{rel}","templated":true}]}}