{"id":8345,"date":"2020-06-27T03:45:43","date_gmt":"2020-06-27T01:45:43","guid":{"rendered":"https:\/\/www.freidenker.org\/?p=8345"},"modified":"2026-01-27T03:49:27","modified_gmt":"2026-01-27T02:49:27","slug":"video-diether-dehm-zu-angeblichen-schulden-deutschlands","status":"publish","type":"post","link":"https:\/\/www.freidenker.org\/?p=8345","title":{"rendered":"Video: Diether Dehm zu angeblichen Schulden Deutschlands"},"content":{"rendered":"<h4>Bundesrepublik schuldet USA nichts au\u00dfer Dank<\/h4>\n<p><span style=\"font-size: 10pt;\">Erstver\u00f6ffentlichung am 23.06.2020 auf <a href=\"https:\/\/deutsch.rt.com\/inland\/103777-diether-dehm-zu-angeblichen-schulden-deutschlands\/\" target=\"_blank\" rel=\"noopener noreferrer\">RT Deutsch<\/a><\/span><\/p>\n<p><strong>Bei seiner ersten Wahlkampfveranstaltung seit Monaten hat US-Pr\u00e4sident Donald Trump Deutschland Schulden in H\u00f6he von einer Billion US-Dollar angelastet. Diether Dehm bestreitet das und meint, dass die Deutschen mehrheitlich f\u00fcr einen Abzug der US-Truppen seien.<\/strong><\/p>\n<p>Donald Trump ist zur\u00fcck im Wahlkampf: Bereits auf seiner ersten Veranstaltung seit Monaten lie\u00df er Kritik an die Adresse Deutschlands hageln. Der US-Pr\u00e4sident bekr\u00e4ftigte in seiner mehr als anderthalbst\u00fcndigen Ansprache am Samstagabend in Tulsa unter anderem seine Absicht, fast 10.000 US-Soldaten aus Deutschland abzuziehen. Au\u00dferdem warf der Republikaner der Bundesregierung vor, der NATO wegen unzureichender Verteidigungsausgaben in den vergangenen 25 Jahren eine Billion US-Dollar zu schulden.<\/p>\n<p>Der Linke-Abgeordnete Dr. Diether Dehm ist mit Donald Trumps \u00c4u\u00dferungen nicht einverstanden. In Bezug auf die angeblich eine Billion US-Dollar schweren Schulden Deutschlands sagt der Politiker:<\/p>\n<blockquote><p>Deutschland schuldet den USA Dank. So, wie Deutschland der Sowjetunion Dank schuldet, dass wir im Mai vor 75 Jahren vom Faschismus befreit wurden. Ansonsten schuldet Deutschland den USA nichts.<\/p><\/blockquote>\n<p>Selbst Bundeskanzlerin Angela Merkel wisse das, auch wenn ihre Rhetorik wom\u00f6glich anders klinge. Die Bundeskanzlerin sei eine rationale Politikerin, so Dehm.<\/p>\n<blockquote><p>Das verbindet sie mit einem der wenigen anderen rationalen Politikern auf dieser Welt \u2013 n\u00e4mlich Wladimir Putin. Beide sind berechenbare und berechnende Politiker.<\/p><\/blockquote>\n<p>&nbsp;<\/p>\n<div class=\"jetpack-video-wrapper\"><span class=\"embed-youtube\" style=\"text-align:center; display: block;\"><iframe loading=\"lazy\" class=\"youtube-player\" width=\"800\" height=\"450\" src=\"https:\/\/www.youtube.com\/embed\/rvXk2qSNGIQ?version=3&#038;rel=1&#038;showsearch=0&#038;showinfo=1&#038;iv_load_policy=1&#038;fs=1&#038;hl=de-DE&#038;autohide=2&#038;wmode=transparent\" allowfullscreen=\"true\" style=\"border:0;\" sandbox=\"allow-scripts allow-same-origin allow-popups allow-presentation allow-popups-to-escape-sandbox\"><\/iframe><\/span><\/div>\n<p>Im Zusammenhang mit einen von Donald Trump angedrohten Teilabzug von US-Truppen aus Deutschland findet Dr. Diether Dehm, dass einige Menschen in den betroffenen Regionen ihre Arbeitspl\u00e4tze verlieren k\u00f6nnten. Dennoch w\u00fcrden sie dar\u00fcber froh sein, dass &#8222;\u00fcber ihren D\u00e4chern nicht mehr Kerosin und Teer und Umweltschmutz abgeladen wird&#8220;. Dehm w\u00f6rtlich:<\/p>\n<blockquote><p>Die gro\u00dfe Mehrheit der Deutschen w\u00e4re heilfroh, wenn die Amis lieber gestern als morgen abziehen.<\/p><\/blockquote>\n<p>&nbsp;<\/p>\n<div class=\"jetpack-video-wrapper\"><span class=\"embed-youtube\" style=\"text-align:center; display: block;\"><iframe loading=\"lazy\" class=\"youtube-player\" width=\"800\" height=\"450\" src=\"https:\/\/www.youtube.com\/embed\/IYlUynnfJs0?version=3&#038;rel=1&#038;showsearch=0&#038;showinfo=1&#038;iv_load_policy=1&#038;fs=1&#038;hl=de-DE&#038;autohide=2&#038;wmode=transparent\" allowfullscreen=\"true\" style=\"border:0;\" sandbox=\"allow-scripts allow-same-origin allow-popups allow-presentation allow-popups-to-escape-sandbox\"><\/iframe><\/span><\/div>\n<p style=\"text-align: right;\"><em>Diether Dehm ist Bundestagsabgeordnete der Linken und Mitglied des Deutschen Freidenker-Verbandes und seines Beirats<\/em><\/p>\n<p><span style=\"font-size: 10pt;\">Erstver\u00f6ffentlichung auf RT Deutsch: <a href=\"https:\/\/deutsch.rt.com\/inland\/103777-diether-dehm-zu-angeblichen-schulden-deutschlands\/\" target=\"_blank\" rel=\"noopener noreferrer\">https:\/\/deutsch.rt.com\/inland\/103777-diether-dehm-zu-angeblichen-schulden-deutschlands\/<\/a><\/span><\/p>\n<p><span style=\"font-size: 10pt;\">Direktlinks zu YouTube:<\/span><br \/>\n<span style=\"font-size: 10pt;\">Video 1: <a href=\"https:\/\/www.youtube.com\/watch?v=rvXk2qSNGIQ\" target=\"_blank\" rel=\"noopener noreferrer\">https:\/\/www.youtube.com\/watch?v=rvXk2qSNGIQ<\/a><\/span><br \/>\n<span style=\"font-size: 10pt;\">Video 2: <a href=\"https:\/\/www.youtube.com\/watch?v=IYlUynnfJs0\" target=\"_blank\" rel=\"noopener noreferrer\">https:\/\/www.youtube.com\/watch?v=IYlUynnfJs0<\/a><\/span><\/p>\n<hr \/>\n<p>Beachtet zum Thema auch folgenden Beitrag von von <em>Leo Ensel<\/em>, ebenfalls ver\u00f6ffentlicht auf RT Deutsch am 26.06.2020:<\/p>\n<p class=\"article__heading \"><a href=\"https:\/\/deutsch.rt.com\/meinung\/103857-oh-baby-please-dont-go\/\" target=\"_blank\" rel=\"noopener noreferrer\"><span style=\"font-size: 14pt;\"><strong>&#8222;Oh, Baby, please don&#8217;t go!&#8220; \u2013 Trumps Truppenabzug und der deutsche Mainstream<\/strong><\/span><\/a><\/p>\n<hr \/>\n<p><span style=\"font-size: 10pt;\">Bild oben: Screenshot aus dem Video von RT Deutsch<\/span><\/p>\n","protected":false},"excerpt":{"rendered":"<p>Donald Trump ist zur\u00fcck im Wahlkampf: Der US-Pr\u00e4sident bekr\u00e4ftigte in seiner Ansprache in Tulsa seine Absicht, fast 10.000 US-Soldaten aus Deutschland abzuziehen. Au\u00dferdem warf der Republikaner der Bundesregierung vor, der NATO wegen unzureichender Verteidigungsausgaben in den vergangenen 25 Jahren eine Billion US-Dollar zu schulden.<br \/>\nDer Linke-Abgeordnete Dr. Diether Dehm sagte in Bezug auf die angeblichen Schulden Deutschlands: Deutschland schuldet den USA Dank. So, wie Deutschland der Sowjetunion Dank schuldet, dass wir im Mai vor 75 Jahren vom Faschismus befreit wurden. Ansonsten schuldet Deutschland den USA nichts.<\/p>\n","protected":false},"author":3,"featured_media":8347,"comment_status":"closed","ping_status":"closed","sticky":false,"template":"","format":"standard","meta":{"colormag_page_container_layout":"default_layout","colormag_page_sidebar_layout":"default_layout","advanced_seo_description":"","jetpack_seo_html_title":"","jetpack_seo_noindex":false,"jetpack_post_was_ever_published":false,"footnotes":""},"categories":[13],"tags":[961,613,1021,56,1294,185],"class_list":["post-8345","post","type-post","status-publish","format-standard","has-post-thumbnail","hentry","category-frieden-antifaschismus-solidaritaet","tag-abruestung","tag-befreiung-vom-faschismus","tag-donald-trump","tag-nato","tag-truppenabzug","tag-usa"],"jetpack_featured_media_url":"https:\/\/i0.wp.com\/www.freidenker.org\/fw17\/wp-content\/uploads\/2020\/06\/dehm_rt_2020-06_800x450.jpg?fit=800%2C450&ssl=1","jetpack_shortlink":"https:\/\/wp.me\/p9stpK-2aB","jetpack-related-posts":[{"id":22188,"url":"https:\/\/www.freidenker.org\/?p=22188","url_meta":{"origin":8345,"position":0},"title":"Karin Leukefeld: USA greifen den Iran an \u2013 Ein aktueller Situationsbericht!","author":"Webredaktion","date":"25. Juni 2025","format":false,"excerpt":"Video-Interview von Ullrich Mies mit Karin Leukefeld Die USA haben Iran bzw. drei iranische Nuklearanlagen direkt angegriffen. Damit sind die USA Kriegspartei. US-Pr\u00e4sident Donald Trump bezeichnete diese Operation als \u201e\u00fcberw\u00e4ltigenden Erfolg\u201c. Sein Kriegsminister Pete Hegseth erkl\u00e4rte, dass diese Angriffe seit Monaten geplant waren. Die US-amerikanische Propaganda hatte noch eine Woche\u2026","rel":"","context":"In &quot;Demokratie \u2013 Medien \u2013 Aufkl\u00e4rung&quot;","block_context":{"text":"Demokratie \u2013 Medien \u2013 Aufkl\u00e4rung","link":"https:\/\/www.freidenker.org\/?cat=12"},"img":{"alt_text":"","src":"https:\/\/i0.wp.com\/www.freidenker.org\/fw17\/wp-content\/uploads\/2025\/06\/mies_und_leukefeld_800x450.jpg?fit=800%2C450&ssl=1&resize=350%2C200","width":350,"height":200,"srcset":"https:\/\/i0.wp.com\/www.freidenker.org\/fw17\/wp-content\/uploads\/2025\/06\/mies_und_leukefeld_800x450.jpg?fit=800%2C450&ssl=1&resize=350%2C200 1x, https:\/\/i0.wp.com\/www.freidenker.org\/fw17\/wp-content\/uploads\/2025\/06\/mies_und_leukefeld_800x450.jpg?fit=800%2C450&ssl=1&resize=525%2C300 1.5x, https:\/\/i0.wp.com\/www.freidenker.org\/fw17\/wp-content\/uploads\/2025\/06\/mies_und_leukefeld_800x450.jpg?fit=800%2C450&ssl=1&resize=700%2C400 2x"},"classes":[]},{"id":20267,"url":"https:\/\/www.freidenker.org\/?p=20267","url_meta":{"origin":8345,"position":1},"title":"Donald Trump Great Again!","author":"Webredaktion","date":"13. November 2024","format":false,"excerpt":"Standpunkt von Wolfgang Effenberger Nach einer spannenden Wahlnacht stand am sp\u00e4ten Vormittag des 6. November 2024 (MEZ) \u2013 Trumps unglaubliche R\u00fcckkehr an die Macht fest \u2013 zur gro\u00dfen Entt\u00e4uschung der deutschen und \u00f6sterreichischen Medien, die in ihrer n\u00e4chtlichen Berichterstattung kein Hehl aus ihrer Parteinahme f\u00fcr Kamala Harris machten. Die K\u00fcr\u2026","rel":"","context":"In &quot;Demokratie \u2013 Medien \u2013 Aufkl\u00e4rung&quot;","block_context":{"text":"Demokratie \u2013 Medien \u2013 Aufkl\u00e4rung","link":"https:\/\/www.freidenker.org\/?cat=12"},"img":{"alt_text":"","src":"https:\/\/i0.wp.com\/www.freidenker.org\/fw17\/wp-content\/uploads\/2024\/11\/Donald_Trump_53951823882_800x450.jpg?fit=800%2C450&ssl=1&resize=350%2C200","width":350,"height":200,"srcset":"https:\/\/i0.wp.com\/www.freidenker.org\/fw17\/wp-content\/uploads\/2024\/11\/Donald_Trump_53951823882_800x450.jpg?fit=800%2C450&ssl=1&resize=350%2C200 1x, https:\/\/i0.wp.com\/www.freidenker.org\/fw17\/wp-content\/uploads\/2024\/11\/Donald_Trump_53951823882_800x450.jpg?fit=800%2C450&ssl=1&resize=525%2C300 1.5x, https:\/\/i0.wp.com\/www.freidenker.org\/fw17\/wp-content\/uploads\/2024\/11\/Donald_Trump_53951823882_800x450.jpg?fit=800%2C450&ssl=1&resize=700%2C400 2x"},"classes":[]},{"id":10325,"url":"https:\/\/www.freidenker.org\/?p=10325","url_meta":{"origin":8345,"position":2},"title":"Warum ich mich in Moskau mit Sputnik impfen lie\u00df","author":"Webredaktion","date":"14. Mai 2021","format":false,"excerpt":"W\u00e4hrend seines Aufenthaltes in Moskau anl\u00e4sslich der Feierlichkeiten zum Tag des Sieges nutzte unser Beiratsmitglied Diether Dehm (MdB) die Gelegenheit, sich mit dem russischen Impfstoff Sputnik V gegen Corona impfen zu lassen. Dazu ver\u00f6ffentlichen wir den Eintrag auf seiner Webseite, einen Artikel von RT DE und ein Interview mit Diether\u2026","rel":"","context":"In &quot;Demokratie \u2013 Medien \u2013 Aufkl\u00e4rung&quot;","block_context":{"text":"Demokratie \u2013 Medien \u2013 Aufkl\u00e4rung","link":"https:\/\/www.freidenker.org\/?cat=12"},"img":{"alt_text":"","src":"https:\/\/i0.wp.com\/www.freidenker.org\/fw17\/wp-content\/uploads\/2021\/05\/dehm_impfung_800x450.jpg?fit=800%2C450&ssl=1&resize=350%2C200","width":350,"height":200,"srcset":"https:\/\/i0.wp.com\/www.freidenker.org\/fw17\/wp-content\/uploads\/2021\/05\/dehm_impfung_800x450.jpg?fit=800%2C450&ssl=1&resize=350%2C200 1x, https:\/\/i0.wp.com\/www.freidenker.org\/fw17\/wp-content\/uploads\/2021\/05\/dehm_impfung_800x450.jpg?fit=800%2C450&ssl=1&resize=525%2C300 1.5x, https:\/\/i0.wp.com\/www.freidenker.org\/fw17\/wp-content\/uploads\/2021\/05\/dehm_impfung_800x450.jpg?fit=800%2C450&ssl=1&resize=700%2C400 2x"},"classes":[]},{"id":21097,"url":"https:\/\/www.freidenker.org\/?p=21097","url_meta":{"origin":8345,"position":3},"title":"Interview mit Werner R\u00fcgemer: Trumps &#8222;America First&#8220; \u2013 ein Strategiewandel der USA?","author":"Webredaktion","date":"4. M\u00e4rz 2025","format":false,"excerpt":"Interview von Felicitas Rabe mit Werner R\u00fcgemer\u00a0 RT DE: Herr R\u00fcgemer, hoffen die vielen Kritiker der US-Vormachtstellung mit dem neuen US-Pr\u00e4sidenten Donald Trump zurecht auf ein Ende der US-Hegemonie? R\u00fcgemer: Diese \"vielen Kritiker\" der US-Vormacht liegen mit ihrer Hoffnung v\u00f6llig falsch. Trump will \"America first\", wie seine Vorg\u00e4nger seit der\u2026","rel":"","context":"In &quot;Demokratie \u2013 Medien \u2013 Aufkl\u00e4rung&quot;","block_context":{"text":"Demokratie \u2013 Medien \u2013 Aufkl\u00e4rung","link":"https:\/\/www.freidenker.org\/?cat=12"},"img":{"alt_text":"","src":"https:\/\/i0.wp.com\/www.freidenker.org\/fw17\/wp-content\/uploads\/2025\/03\/Donald_Trump_54361332767_800x450.jpg?fit=800%2C450&ssl=1&resize=350%2C200","width":350,"height":200,"srcset":"https:\/\/i0.wp.com\/www.freidenker.org\/fw17\/wp-content\/uploads\/2025\/03\/Donald_Trump_54361332767_800x450.jpg?fit=800%2C450&ssl=1&resize=350%2C200 1x, https:\/\/i0.wp.com\/www.freidenker.org\/fw17\/wp-content\/uploads\/2025\/03\/Donald_Trump_54361332767_800x450.jpg?fit=800%2C450&ssl=1&resize=525%2C300 1.5x, https:\/\/i0.wp.com\/www.freidenker.org\/fw17\/wp-content\/uploads\/2025\/03\/Donald_Trump_54361332767_800x450.jpg?fit=800%2C450&ssl=1&resize=700%2C400 2x"},"classes":[]},{"id":21809,"url":"https:\/\/www.freidenker.org\/?p=21809","url_meta":{"origin":8345,"position":4},"title":"Neue US-Sanktionen gegen Iran gef\u00e4hrden Nuklearverhandlungen","author":"Webredaktion","date":"12. Mai 2025","format":false,"excerpt":"Beitrag von Rainer Rupp In den ersten Monaten nach dem Amtsantritt von Pr\u00e4sident Donald Trump am 20. Januar hatten die politischen Spannungen zwischen den USA und Iran eine neue Eskalationsstufe erreicht. Aber mit der Ernennung seines langj\u00e4hrigen pers\u00f6nlichen Freundes und Immobilienmilliard\u00e4rs Steve Witkoff als seinen Sondergesandten \u2013 generell f\u00fcr den\u2026","rel":"","context":"In &quot;Demokratie \u2013 Medien \u2013 Aufkl\u00e4rung&quot;","block_context":{"text":"Demokratie \u2013 Medien \u2013 Aufkl\u00e4rung","link":"https:\/\/www.freidenker.org\/?cat=12"},"img":{"alt_text":"","src":"https:\/\/i0.wp.com\/www.freidenker.org\/fw17\/wp-content\/uploads\/2025\/05\/Trump_und_Witkoff_P20250506DT-0611_800x450.jpg?fit=800%2C450&ssl=1&resize=350%2C200","width":350,"height":200,"srcset":"https:\/\/i0.wp.com\/www.freidenker.org\/fw17\/wp-content\/uploads\/2025\/05\/Trump_und_Witkoff_P20250506DT-0611_800x450.jpg?fit=800%2C450&ssl=1&resize=350%2C200 1x, https:\/\/i0.wp.com\/www.freidenker.org\/fw17\/wp-content\/uploads\/2025\/05\/Trump_und_Witkoff_P20250506DT-0611_800x450.jpg?fit=800%2C450&ssl=1&resize=525%2C300 1.5x, https:\/\/i0.wp.com\/www.freidenker.org\/fw17\/wp-content\/uploads\/2025\/05\/Trump_und_Witkoff_P20250506DT-0611_800x450.jpg?fit=800%2C450&ssl=1&resize=700%2C400 2x"},"classes":[]},{"id":16180,"url":"https:\/\/www.freidenker.org\/?p=16180","url_meta":{"origin":8345,"position":5},"title":"Diether Dehms neues Album \u2013 Arbeiterlieder aus mehr als anderthalb Jahrhunderten","author":"Webredaktion","date":"27. Mai 2023","format":false,"excerpt":"Rezension von Eugen Zentner sowie ein Video von weltnetz.tv Die politische und kulturelle Linke befindet sich in einer Sinnkrise. Von den alten Glaubenss\u00e4tzen und \u00dcberzeugungen ist kaum noch etwas \u00fcbriggeblieben. Anstatt sich um die N\u00f6te der sozial Abgeh\u00e4ngten zu k\u00fcmmern, geht es um woke Identit\u00e4tspolitik. Gendersprache, Selbstbestimmungsrechte f\u00fcr Transsexuelle oder\u2026","rel":"","context":"In &quot;Kultur &amp; Kunst&quot;","block_context":{"text":"Kultur &amp; Kunst","link":"https:\/\/www.freidenker.org\/?cat=913"},"img":{"alt_text":"","src":"https:\/\/i0.wp.com\/www.freidenker.org\/fw17\/wp-content\/uploads\/2023\/05\/dehm_arbeiterlieder_800x450.jpg?fit=800%2C450&ssl=1&resize=350%2C200","width":350,"height":200,"srcset":"https:\/\/i0.wp.com\/www.freidenker.org\/fw17\/wp-content\/uploads\/2023\/05\/dehm_arbeiterlieder_800x450.jpg?fit=800%2C450&ssl=1&resize=350%2C200 1x, https:\/\/i0.wp.com\/www.freidenker.org\/fw17\/wp-content\/uploads\/2023\/05\/dehm_arbeiterlieder_800x450.jpg?fit=800%2C450&ssl=1&resize=525%2C300 1.5x, https:\/\/i0.wp.com\/www.freidenker.org\/fw17\/wp-content\/uploads\/2023\/05\/dehm_arbeiterlieder_800x450.jpg?fit=800%2C450&ssl=1&resize=700%2C400 2x"},"classes":[]}],"_links":{"self":[{"href":"https:\/\/www.freidenker.org\/index.php?rest_route=\/wp\/v2\/posts\/8345","targetHints":{"allow":["GET"]}}],"collection":[{"href":"https:\/\/www.freidenker.org\/index.php?rest_route=\/wp\/v2\/posts"}],"about":[{"href":"https:\/\/www.freidenker.org\/index.php?rest_route=\/wp\/v2\/types\/post"}],"author":[{"embeddable":true,"href":"https:\/\/www.freidenker.org\/index.php?rest_route=\/wp\/v2\/users\/3"}],"replies":[{"embeddable":true,"href":"https:\/\/www.freidenker.org\/index.php?rest_route=%2Fwp%2Fv2%2Fcomments&post=8345"}],"version-history":[{"count":1,"href":"https:\/\/www.freidenker.org\/index.php?rest_route=\/wp\/v2\/posts\/8345\/revisions"}],"predecessor-version":[{"id":24321,"href":"https:\/\/www.freidenker.org\/index.php?rest_route=\/wp\/v2\/posts\/8345\/revisions\/24321"}],"wp:featuredmedia":[{"embeddable":true,"href":"https:\/\/www.freidenker.org\/index.php?rest_route=\/wp\/v2\/media\/8347"}],"wp:attachment":[{"href":"https:\/\/www.freidenker.org\/index.php?rest_route=%2Fwp%2Fv2%2Fmedia&parent=8345"}],"wp:term":[{"taxonomy":"category","embeddable":true,"href":"https:\/\/www.freidenker.org\/index.php?rest_route=%2Fwp%2Fv2%2Fcategories&post=8345"},{"taxonomy":"post_tag","embeddable":true,"href":"https:\/\/www.freidenker.org\/index.php?rest_route=%2Fwp%2Fv2%2Ftags&post=8345"}],"curies":[{"name":"wp","href":"https:\/\/api.w.org\/{rel}","templated":true}]}}