{"id":8317,"date":"2020-06-22T02:06:53","date_gmt":"2020-06-22T00:06:53","guid":{"rendered":"https:\/\/www.freidenker.org\/?p=8317"},"modified":"2020-08-01T23:46:41","modified_gmt":"2020-08-01T21:46:41","slug":"bei-anti-china-kampagnen-gilt-keine-meinungsfreiheit","status":"publish","type":"post","link":"https:\/\/www.freidenker.org\/?p=8317","title":{"rendered":"Bei Anti-China-Kampagnen gilt keine Meinungsfreiheit"},"content":{"rendered":"<h4>Beispiel SWR<\/h4>\n<p><em>Am 15.6.2020 sollte im Fernsehen des S\u00fcdWestRundfunk eine Dokumentation \u00fcber die Bew\u00e4ltigung der Corona-Epidemie in China gesendet werden unter dem Titel &#8222;Wuhan-Chronik eines Ausbruchs&#8220;. Dieser Beitrag wurde auf massiven Druck der FAZ und vermutlich anderer westlicher Medien nicht gesendet. Tenor der Kritik: Der Beitrag zeichnet ein zu positives Bild von China.<\/em><\/p>\n<p><em>von <strong>R\u00fcdiger Rauls<\/strong><\/em><\/p>\n<h5>Chinesische Zust\u00e4nde<\/h5>\n<p>Nach der Darstellung westlicher Medien ist es mit der Meinungsfreiheit in China nicht weit her. Nach ihrer Sichtweise bestimmt die Partei, was gedacht werden darf. Nun scheinen sich auch die westlichen Medien derselben Methoden zu bedienen, die sie in China und Russland verurteilen.<\/p>\n<h5>Alles Politik<\/h5>\n<p>Seit Jahren berichtet die Frankfurter Allgemeine Zeitung (FAZ) sehr umfangreich \u00fcber Leben und gesellschaftliche Vorg\u00e4nge in China. Dabei kommen in der Regel nur die Kritiker und Feinde Chinas zu Wort. Obwohl es dem Land gelungen ist, Hunderte von Millionen Menschen aus der Armut zu f\u00fchren, ein Vorgang, der bisher in der Menschheitsgeschichte einmalig ist, kommen aber diese Gewinner und Bef\u00fcrworter der chinesischen Politik so gut wie nie in der Zeitung zu Wort.<\/p>\n<p>\u00c4hnlich verh\u00e4lt es sich mit der Berichterstattung \u00fcber die Bew\u00e4ltigung der Corona-Krise in China. Was immer auch getan wurde, es stie\u00df bei den Frankfurtern auf Kritik. Entweder war es zu sp\u00e4t oder nicht genug, zu diktatorisch oder aber nur geschehen mit dem Hintergedanken, den Machtanspruch der kommunistischen Partei zu sichern. Selbst der weltweit bewunderte Aufbau zweier Krankenh\u00e4user in Wuhan traf bei der FAZ auf Skepsis. Die zum Teil kostenlose Hilfen an westliche Staaten wurden herabgew\u00fcrdigt als \u201eMaskendiplomatie\u201c.<\/p>\n<p>Bisher aber brachte die Zeitung kaum Nachweise f\u00fcr die Unterstellungen, dass die Pekinger F\u00fchrung mit ihrer Unterst\u00fctzung in erster Linie politische Absichten verfolge. Statt auf Quellen verlegt man sich sehr oft auf Spekulationen, Vermutungen und sehr viele Aussagen im Konjunktiv.<\/p>\n<p>In dieser Sichtweise \u00e4u\u00dfert sich aber nicht die Wirklichkeit sondern das eigene Denken, die eigenen Einstellungen und Werte. Offenbar kann man sich nicht vorstellen, dass dem Handeln Chinas andere Motive und Absichten zugrunde liegen als diejenigen, nach denen man selbst die Welt beurteilt und darstellt. Dabei geht man aber davon aus, dass die Chinesen in denselben Kategorien denken wie die Meinungsmacher im Wertewesten. Insofern sind Zweifel angebracht, ob die Darstellung der wirklichen Verh\u00e4ltnisse in China \u00fcberhaupt im Interesse solcher Meinungsmacher liegt.<\/p>\n<h5>Westliches Vorrecht<\/h5>\n<p>Wie anders l\u00e4sst sich sonst erkl\u00e4ren, dass die FAZ ihre Medienmacht aufbot, um die Ausstrahlung eines Beitrags \u00fcber China zu torpedieren, der ein anderes Bild zeichnete. Die Dokumentation \u201eWuhan \u2013 Chronik eines Ausbruchs\u201c hatte am Montag, den 15.6.2020, auf dem \u00f6ffentlich-rechtlichen SWR (S\u00fcdWestRundfunk) gesendet werden sollen.<\/p>\n<p>Noch vor der Ausstrahlung \u00fcbte die FAZ in einem halbseitigen Beitrag an prominenter Stelle heftige Kritik am Vorhaben des Senders unter dem Titel \u201eChinesische Propaganda im SWR?\u201c. Vermutlich waren auch noch andere Medien des Wertewestens beteiligt, denn die FAZ spricht triumphierend von \u201emassiver Kritik\u201c und dass der Sender aufgrund dessen \u201esich wohl nicht anders zu helfen\u201c wusste, als \u201eden Film nicht zu zeigen\u201c(1).<\/p>\n<p>Anscheinend glaubt die Zeitung sich zu solchem Vorgehen berufen, denn in diesem Beitrag sieht man Unterst\u00fctzung f\u00fcr den Versuch Pekings, \u201edie internationale \u00d6ffentlichkeit zu beeinflussen\u201c (2). Es wird kritisiert, dass sich die Dokumentation unter anderem auch auf Rohmaterial st\u00fctzt, das von der CICC(3) zur Verf\u00fcgung gestellt wurde. Man bef\u00fcrchtet, dass der Beitrag ein Bild zeichnet, \u201edas sich mit dem offiziellen Narrativ auf bedenkliche Weise \u00fcberschneidet\u201c. (4)<\/p>\n<p>Nun ist die Aufregung der FAZ umso unverst\u00e4ndlicher, wurde ihr doch auf Anfrage mitgeteilt, das \u201eCICC konnte zwar Anmerkungen zu den Textfassungen machen, jedoch keine \u00c4nderungen einfordern\u201c(5). Das bedeutet also, dass die unterstellte Einflussnahme durch die Chinesen gar nicht stattgefunden hatte. Dar\u00fcber hinaus teilte der Sender mit, \u201ejede Aussage im CICC-Material sei einem Drei-Quellen-Check unterzogen worden\u201c(6). Wo also lag das Problem?<\/p>\n<p>Solche journalistische Sorgfalt kannte der westliche Medienkonsument beispielsweise bei der Berichterstattung \u00fcber die Vorg\u00e4nge in Syrien nicht. Da waren fragw\u00fcrdige Quellen an der Tagesordnung. Dennoch war ein \u00e4hnlich energisches Auftreten renommierter Medien in diesen F\u00e4llen nicht festzustellen.<\/p>\n<p>Nun stellen sich angesichts dieser Widerspr\u00fcche grunds\u00e4tzliche Fragen: Bedeutet die vorgetragene Emp\u00f6rung in unseren Leit-Medien, dass nur der Westen mit seinen Informations- und Kommunikationsmitteln Einfluss nehmen auf die internationale \u00d6ffentlichkeit? D\u00fcrfen China, Russland und andere nicht auch ihre Sicht der Dinge darstellen? Sieht so das Verst\u00e4ndnis von Meinungsfreiheit in solchen Medien aus?<\/p>\n<p>Niemand hat das Monopol auf die Wahrheit. Sie ergibt sich erst durch sachgerechte und umfassende Darstellung der Vorg\u00e4nge in der Welt. Dazu aber sind Meinungsfreiheit und Meinungsvielfalt unabdingbar, was aber auch solche Sichtweisen mit einschlie\u00dft, die ein anderes Bild zeigen. Vielleicht hatten sich die Meinungsmacher im Westen einfach zu sehr daran gew\u00f6hnt, den eigenen B\u00fcrger bei seiner Meinungsbildung fest im Griff zu haben. Glaubt man aus Gr\u00fcnden der intellektuellen Hygiene solche Beitr\u00e4ge verhindern zu m\u00fcssen? Oder hat man Angst, dass der eigene Einfluss auf das Denken der B\u00fcrger ins Wanken ger\u00e4t, wankt er gar schon?<\/p>\n<h5>Systemrivalit\u00e4t<\/h5>\n<p>Von der anf\u00e4nglichen Freundschaft mit China ist nicht viel \u00fcbrig geblieben. Fr\u00fchere Hoffnungen des Westen auf eine \u00e4hnliche Entwicklung wie in der ehemaligen Sowjetunion hatten sich nicht erf\u00fcllt. Wandel durch Ann\u00e4herung f\u00fchrte nicht wie im Ostblock zum Systemwechsel in China, sondern zum Aufstieg des Landes zur zweitst\u00e4rksten Wirtschaftsmacht der Welt. Nun gelten auch die Chinesen wie die Russen unter Putin als Schuldige f\u00fcr das Zerw\u00fcrfnis mit dem Westen. Er selbst sieht sich jedoch eher als Opfer, nicht als Beteiligter an der Zerr\u00fcttung der Verh\u00e4ltnisse<\/p>\n<p>Statt aber sich seine eigene Mitverantwortung bewusst zu machen und daraus neues Handeln zu erm\u00f6glichen, verf\u00e4hrt man weiter wie bisher in Gutsherrenmanier. Man versch\u00e4rft die Auseinandersetzung und glaubt, dass das alte Rezept immer noch wirkt, die Erh\u00f6hung des Drucks. In diesem Sinne wohl erkl\u00e4rte die EU im M\u00e4rz letzten Jahres China zum Systemrivalen. Man sieht sich also nicht mehr nur in wirtschaftlicher sondern auch in politischer Konkurrenz zu einander. Unklar ist, was man sich dabei dachte und welche Vorteile man sich davon erhoffte. Glaubte man allen Ernstes, China werde nun vor Angst zittern?<\/p>\n<p>So wurde auch die Bew\u00e4ltigung der Corona-Krise vom Westen in dieses neue Muster des Systemkonfliktes \u00fcbernommen. Als w\u00e4re das Virus parteiisch oder gar politisch beeinflussbar. Ohne Not wurde die Bek\u00e4mpfung der Seuche zu einem Gradmesser f\u00fcr die \u00dcberlegenheit des westlich-demokratischen Systems erhoben. Damit stellte der Westen sich selbst die Falle auf, in der er nun gefangen ist.<\/p>\n<p>Denn China hat die Krise besser gemeistert als die Staaten im Westen. Die Zahl der Toten ist wesentlich geringer, und die Wirtschaft erholt sich rasch, ja liegt schon fast wieder auf dem Niveau der Vorkrisenzeit. Trotz St\u00fctzungsma\u00dfnahmen in Billionenh\u00f6he kommt die Wirtschaft der meisten westlichen Staaten nicht so recht aus dem Konjunktur-Keller heraus.<\/p>\n<p>Diese selbst verschuldete Niederlage im Kampf der Systeme will man nicht wahrhaben, geschweige denn eingestehen. Die Meinungsmacher im Westen leugnen diese Tatsache, indem sie die Erfolge Chinas in der Bek\u00e4mpfung der Seuche herunterspielen oder gar ganz verschweigen.<\/p>\n<p>Dieser Strategie jedoch liefe die Dokumentation des SWR zuwider. Sie w\u00fcrde ein ganz anderes Bild von der Wirklichkeit in China vermitteln, als der Leser der FAZ es aus seiner Zeitung wie auch aus den anderen westlichen Medien tagt\u00e4glich erf\u00e4hrt. Gilt es das zu verhindern? Darum die ganze Aufregung? Kann nicht sein, was nicht sein darf?<\/p>\n<h5>Die n\u00e4chste Niederlage droht<\/h5>\n<p>Mit solchen Beitr\u00e4gen wie dem \u00fcber Wuhan liefe der Westen Gefahr, auch noch die \u201eSchlacht der Narrative\u201c zu verlieren, die die FAZ in ihrer Ausgabe vom 1.4.2020 ausgerufen hatte. Wenn schon die Schlacht um Corona verloren ist, so soll doch wenigstens Darstellung und Deutung der Ereignisse noch in der Hand der westlichen Medien bleiben. Es geht darum, die Menschen im eigenen Einflussbereich bei der Stange zu halten, wenn man schon auf die Meinungsbildung in China selbst kaum Einfluss hat.<\/p>\n<p>Aber auch in dieser Frage w\u00e4chst die Konkurrenz zwischen dem Westen und China. So stellt man in der Frankfurter Redaktion erschreckt fest, dass das Land \u201emit immer ausgefeilteren Methoden die internationale \u00f6ffentliche Meinung zu beeinflussen suche.\u201c(7). China berate dar\u00fcber, wie es die eigene \u201einternationale Diskussionsmacht verst\u00e4rken und die Dominanz westlicher Medien brechen k\u00f6nne\u201c(8).<\/p>\n<p>Wie aber sehen diese ausgefeilten Methoden aus, die diejenigen so erschrecken, die bisher die Meinungsbildung gesteuert haben? Vor welcher Gefahr will die FAZ die Medienkonsumenten im Westen bewahren, was sollten sie nicht zu sehen bekommen in der abgesetzten Dokumentation? \u201eGezeigt werden bestens ausgestattete Krankenh\u00e4user, bestens versorgte Patienten, chinesische Hochtechnologie\u201c(9). Davon jedoch hatte die FAZ ihren Lesern nicht berichtet, obwohl sie Korrespondenten vorort hat.<\/p>\n<p>Sie h\u00e4tte sich vielmehr gew\u00fcnscht, \u201edass in der Dokumentation auch Personen zu Wort kommen, die das offizielle Narrativ in Frage stellen\u201c(10). K\u00e4men solche Anspr\u00fcche und Kritik vonseiten der Macher der abgesetzten Dokumentation an der Berichterstattung der FAZ, w\u00fcrde diese sich mit Sicherheit unter Hinweis auf ihre redaktionelle Gestaltungsfreiheit dagegen verwahren. Vielleicht ist sie aber von ihrem eigenen China-Bild mittlerweile selbst so geblendet, dass man sich \u00fcber andere Sichtweisen verwundert die Augen zu reiben scheint.<\/p>\n<p>Bisher hatten die Medien im Westen ein eher negatives Bild gezeichnet \u00fcber das chinesische Krisenmanagement, wenn sie denn \u00fcberhaupt dar\u00fcber berichteten. Aber \u201estattdessen sehen wir ein scheinbar perfekt funktionierendes Krisenmanagement und scheinbar dankbare und zufriedene B\u00fcrger\u201c(11). Was daran als ausgefeilte Methoden zur Beeinflussung der \u00d6ffentlichkeit bekritelt werden kann, erschlie\u00dft sich vermutlich nur der FAZ. Denn immerhin hatten diese Informationen dem oben bereits erw\u00e4hnten dreimaligen Fakten-Check des SWR standhalten m\u00fcssen.<\/p>\n<p>Als \u00e4hnlich gef\u00e4hrliche Einflussnahme scheinen auch die Aussagen der renommierten \u00c4rzte Wieler und Drosten angesehen zu werden, die sich in dem abgesetzten Beitrag positiv zum Krisenmanagement Chinas \u00e4u\u00dfern. So vermutet Drosten, \u201ewas in der fr\u00fchen Phase des Ausbruchs passiert ist, w\u00e4re in vielen L\u00e4ndern noch viel st\u00e4rker entgleist\u201c(12). Und Wieler nimmt die Chinesen gegen Vorw\u00fcrfe in Schutz, zu sp\u00e4t gehandelt zu haben: \u201eIm Nachhinein ist man immer schlauer\u201c(13). Das also ist die gef\u00e4hrliche Manipulation und Einflussnahme, die von China ausgeht. Das glaubt man dem m\u00fcndigen B\u00fcrger im Westen nicht zumuten zu k\u00f6nnen?<\/p>\n<h5>Unzuverl\u00e4ssige Kantonisten<\/h5>\n<p>Traut man dem m\u00fcndigen B\u00fcrger nicht zu, dass er sich ein eigenes Bild schaffen kann ohne Bevormundung durch die eigenen Medien? Oder hat man vielmehr sogar Angst davor, dass er sich durch solche Dokumentationen ein Weltbild schaffen k\u00f6nnte, an dem die Berichterstattung unserer Medien sich als das enttarnt, was sie in Wirklichkeit ist: Manipulation und die Form von Beeinflussung, die man gerade China und auch Russland immer wieder unterstellt.<\/p>\n<p>Andererseits: Welchen Einstellung gegen\u00fcber den Medienkonsumenten offenbart diese Haltung unserer Medien? Man bezweifelt ihr Urteilsverm\u00f6gen. Diese herablassende Einstellung kam schon in den Vorw\u00fcrfen der W\u00e4hlermanipulation durch Russland und China bei den Wahlen in den USA und den Europawahlen zum Ausdruck. Offenbar halten die Medien im Westen den B\u00fcrger f\u00fcr zu bl\u00f6de, um zu erkennen, was richtig und wahr ist. Muss er deshalb von unerw\u00fcnschter Einflussnahme abgeschottet werden?<\/p>\n<p>Letztlich aber besagt das nichts anderes, als dass Medien und Politik von ihrer eigenen Argumentationskraft und Weltsicht nur wenig \u00fcberzeugt sind. Wenn sie glauben, dass die eigenen B\u00fcrger so leicht von den Argumenten der anderen \u00fcberzeugt werden k\u00f6nnen, dann kann es mit den eigenen Ansichten nicht weit her sein. Das aber ist die praktische Erfahrung in den gesellschaftlichen Auseinandersetzungen im Westen. Die Meinungsmacher erkennen immer deutlicher, dass das eigene Weltbild die \u00d6ffentlichkeit immer weniger \u00fcberzeugt, dass die eigenen Argumente zu schwach sind.<\/p>\n<p>Die westlichen Medien misstrauen nicht Russland oder China, sie misstrauen ihren eigenen B\u00fcrgern. Sie trauen seinem Urteilsverm\u00f6gen nicht. Dieses Misstrauen aber hat gute Gr\u00fcnde: Denn die Medien wissen, dass sie manipulieren, dass sie den Menschen ein falsches Bild von der Wirklichkeit vermitteln. Sie zeichnen ein Bild von der Wirklichkeit, das ihren W\u00fcnschen und politischen Interessen entspricht. Und Beitr\u00e4ge wie der, den man nun mit Erfolg abgesetzt hat, tragen in sich die Gefahr, dass die Manipulation offenbar wird.<\/p>\n<h5>Appell und Aufruf<\/h5>\n<p>Fordern wir als B\u00fcrger die Ausstrahlung der abgesetzten Dokumentation. Dass die FAZ versucht, unliebsame Beitr\u00e4ge zu verhindern, kann man kritisieren. Noch mehr Kritik aber verdient ein Sender, der sich den Anspr\u00fcchen privater Medienunternehmen unterwirft. Die Sender der ARD werden nicht von diesen Konzernen finanziert. Es sind die B\u00fcrger dieses Landes, die mit ihren Geb\u00fchren den Sendebetrieb erm\u00f6glichen. Sie sind es, die Geh\u00e4lter derer zahlen, die in eigenm\u00e4chtiger Selbstgef\u00e4lligkeit glauben, f\u00fcr die Geb\u00fchrenzahler entscheiden zu d\u00fcrfen, was er sehen darf und was nicht. Wir haben ein Recht auf ehrliche Berichterstattung.<\/p>\n<p>Vor allem aber sollten die alternativen Medien und all diejenigen, die sich einer objektiven Berichterstattung verpflichtet f\u00fchlen, die Ver\u00f6ffentlichung des abgesetzten Beitrags fordern. Wodurch w\u00fcrden sie sich sonst als alternative Medien auszeichnen?<\/p>\n<p><strong>Quellen und Anmerkungen<\/strong><\/p>\n<p>(1) FAZ vom 16.6.2020: Wuhan und Wahrheit<br \/>\n(2) FAZ vom 15.6.2020: Chinesische Propaganda im SWR?<br \/>\n(3) China Intercontinental Communication Centre, ein Informationsb\u00fcro des chinesischen Staatsrates.<br \/>\n(4) FAZ vom 15.6.2020: Chinesische Propaganda im SWR?<br \/>\n(5) Ebenda<br \/>\n(6) ebenda<br \/>\n(7) ebenda<br \/>\n(8) ebenda<br \/>\n(9) ebenda<br \/>\n(10) FAZ vom 16.6.2020: Wuhan und Wahrheit<br \/>\n(11) FAZ vom 15.6.2020: Chinesische Propaganda im SWR?<br \/>\n(12) Ebenda<br \/>\n(13) Ebenda<\/p>\n<p style=\"text-align: right;\"><em>R\u00fcdiger Rauls, Trier, ist Publizist und f\u00fchlt sich &#8211; nach Selbstauskunft &#8211; ohne Mitglied zu sein der Freidenkerbewegung verbunden.<\/em><br \/>\n<em>Er ist auch Autor einer Reihe von B\u00fcchern: &#8222;Die Entwicklung der fr\u00fchen Gesellschaften&#8220;, &#8222;Kolonie-Konzern-Krieg&#8220;, &#8222;Zukunft Sozialismus&#8220;, &#8222;Wie funktioniert Geld?&#8220; und zuletzt 2019 erschienen: &#8222;Krieg um Syrien&#8220;.<\/em><\/p>\n<p><span style=\"font-size: 10pt;\">Erstver\u00f6ffentlichung am 18.06.2020 im Blog des Autors: <a href=\"https:\/\/ruedigerraulsblog.wordpress.com\/2020\/06\/18\/chinesische-zustaende\/\" target=\"_blank\" rel=\"noopener noreferrer\">https:\/\/ruedigerraulsblog.wordpress.com\/2020\/06\/18\/chinesische-zustaende\/<\/a><\/span><\/p>\n<hr \/>\n<p><span style=\"font-size: 10pt;\">Bild: <span class=\"mw-mmv-title\">Screening von Passagieren mit einer W\u00e4rmebildkamera am Bahnhof von Wuhan<\/span>, 24. Januar 2020<br \/>\nFoto: China News Service, <a class=\"mw-mmv-license\" href=\"https:\/\/creativecommons.org\/licenses\/by\/3.0\" target=\"_blank\" rel=\"noopener noreferrer\">CC BY 3.0<\/a>,<br \/>\nQuelle: <a href=\"https:\/\/commons.wikimedia.org\/w\/index.php?curid=86272235\" target=\"_blank\" rel=\"noopener noreferrer\">https:\/\/commons.wikimedia.org\/w\/index.php?curid=86272235<\/a><\/span><\/p>\n<p>&nbsp;<\/p>\n","protected":false},"excerpt":{"rendered":"<p><b>Beitrag von R\u00fcdiger Rauls<\/b><br \/>\nAm 15.6.2020 sollte im Fernsehen des S\u00fcdWestRundfunk eine Dokumentation \u00fcber die Bew\u00e4ltigung der Corona-Epidemie in China gesendet werden unter dem Titel &#8222;Wuhan-Chronik eines Ausbruchs&#8220;. Dieser Beitrag wurde auf massiven Druck der FAZ und vermutlich anderer westlicher Medien nicht gesendet. Tenor der Kritik: Der Beitrag zeichnet ein zu positives Bild von China. &#8230;<br \/>\nNach der Darstellung westlicher Medien ist es mit der Meinungsfreiheit in China nicht weit her. Nach ihrer Sichtweise bestimmt die Partei, was gedacht werden darf. Nun scheinen sich auch die westlichen Medien derselben Methoden zu bedienen, die sie in China und Russland verurteilen.<\/p>\n","protected":false},"author":3,"featured_media":8322,"comment_status":"closed","ping_status":"closed","sticky":false,"template":"","format":"standard","meta":{"colormag_page_container_layout":"default_layout","colormag_page_sidebar_layout":"default_layout","advanced_seo_description":"","jetpack_seo_html_title":"","jetpack_seo_noindex":false,"jetpack_post_was_ever_published":false,"footnotes":""},"categories":[12],"tags":[1094,413,1256,1301,121,638,222,53],"class_list":["post-8317","post","type-post","status-publish","format-standard","has-post-thumbnail","hentry","category-demokratie-medien-aufklaerung","tag-ard","tag-china","tag-corona-virus","tag-faz","tag-medien","tag-medienverantwortung","tag-russland","tag-swr"],"jetpack_featured_media_url":"https:\/\/i0.wp.com\/www.freidenker.org\/fw17\/wp-content\/uploads\/2020\/06\/Staff_monitoring_Wuhan_coronavirus_outbreak_800x450.jpg?fit=800%2C450&ssl=1","jetpack_shortlink":"https:\/\/wp.me\/p9stpK-2a9","jetpack-related-posts":[{"id":6918,"url":"https:\/\/www.freidenker.org\/?p=6918","url_meta":{"origin":8317,"position":0},"title":"Von China lernen, hei\u00dft siegen lernen","author":"Webredaktion","date":"5. September 2019","format":false,"excerpt":"Beitrag von R\u00fcdiger Rauls Mit dem Siegen hat es bei der Linken im Westen nicht so recht geklappt. Auch das Lernen hat man weitgehend eingestellt. W\u00e4hrend die westlichen Medien seit Wochen ausf\u00fchrlich \u00fcber die Unruhen in Hongkong berichten, werden die Vorg\u00e4nge bei den Linken kaum diskutiert. Die Linke im Westen\u2026","rel":"","context":"In &quot;Demokratie \u2013 Medien \u2013 Aufkl\u00e4rung&quot;","block_context":{"text":"Demokratie \u2013 Medien \u2013 Aufkl\u00e4rung","link":"https:\/\/www.freidenker.org\/?cat=12"},"img":{"alt_text":"","src":"https:\/\/i0.wp.com\/www.freidenker.org\/fw17\/wp-content\/uploads\/2019\/09\/china-flag-583097_800x445.jpg?fit=800%2C445&ssl=1&resize=350%2C200","width":350,"height":200,"srcset":"https:\/\/i0.wp.com\/www.freidenker.org\/fw17\/wp-content\/uploads\/2019\/09\/china-flag-583097_800x445.jpg?fit=800%2C445&ssl=1&resize=350%2C200 1x, https:\/\/i0.wp.com\/www.freidenker.org\/fw17\/wp-content\/uploads\/2019\/09\/china-flag-583097_800x445.jpg?fit=800%2C445&ssl=1&resize=525%2C300 1.5x, https:\/\/i0.wp.com\/www.freidenker.org\/fw17\/wp-content\/uploads\/2019\/09\/china-flag-583097_800x445.jpg?fit=800%2C445&ssl=1&resize=700%2C400 2x"},"classes":[]},{"id":14786,"url":"https:\/\/www.freidenker.org\/?p=14786","url_meta":{"origin":8317,"position":1},"title":"Steinmeier sorgt sich um die Lage in China und der Ukraine","author":"Webredaktion","date":"3. Dezember 2022","format":false,"excerpt":"Beitrag von Wolfgang Bittner Den deutschen Bundespr\u00e4sidenten erf\u00fcllt \u201edie Lage in China mit tiefer Sorge\u201c und ebenfalls die Lage in der Ukraine \u2013 so Frank-Walter Steinmeier am 28. November in einem Interview mit der Deutschen Welle. Ob er sich um die Lage in Deutschland sorgt, ist unbekannt. Bekannt ist allerdings,\u2026","rel":"","context":"In &quot;Demokratie \u2013 Medien \u2013 Aufkl\u00e4rung&quot;","block_context":{"text":"Demokratie \u2013 Medien \u2013 Aufkl\u00e4rung","link":"https:\/\/www.freidenker.org\/?cat=12"},"img":{"alt_text":"","src":"https:\/\/i0.wp.com\/www.freidenker.org\/fw17\/wp-content\/uploads\/2022\/12\/Frank_Walter_Steinmeier-_-Kulturwerk_Wissen_800x450.jpg?fit=800%2C450&ssl=1&resize=350%2C200","width":350,"height":200,"srcset":"https:\/\/i0.wp.com\/www.freidenker.org\/fw17\/wp-content\/uploads\/2022\/12\/Frank_Walter_Steinmeier-_-Kulturwerk_Wissen_800x450.jpg?fit=800%2C450&ssl=1&resize=350%2C200 1x, https:\/\/i0.wp.com\/www.freidenker.org\/fw17\/wp-content\/uploads\/2022\/12\/Frank_Walter_Steinmeier-_-Kulturwerk_Wissen_800x450.jpg?fit=800%2C450&ssl=1&resize=525%2C300 1.5x, https:\/\/i0.wp.com\/www.freidenker.org\/fw17\/wp-content\/uploads\/2022\/12\/Frank_Walter_Steinmeier-_-Kulturwerk_Wissen_800x450.jpg?fit=800%2C450&ssl=1&resize=700%2C400 2x"},"classes":[]},{"id":16798,"url":"https:\/\/www.freidenker.org\/?p=16798","url_meta":{"origin":8317,"position":2},"title":"Verbot, Unterdr\u00fcckung, Repression \u2013 Das letzte Stadium des Liberalismus","author":"Webredaktion","date":"11. August 2023","format":false,"excerpt":"Beitrag von Gert Ewen Ungar Gesellschaftssysteme werden autorit\u00e4r und repressiv, bevor sie schlie\u00dflich untergehen. Diese Theorie l\u00e4sst sich gerade an der Wirklichkeit beobachten. Der Liberalismus westlicher Pr\u00e4gung steht massiv unter Druck. Die nach dem Zusammenbruch der Sowjetunion entstandene Weltordnung mit einem einzigen Machtzentrum in den USA und dem \"Washington Consensus\"\u2026","rel":"","context":"In &quot;Demokratie \u2013 Medien \u2013 Aufkl\u00e4rung&quot;","block_context":{"text":"Demokratie \u2013 Medien \u2013 Aufkl\u00e4rung","link":"https:\/\/www.freidenker.org\/?cat=12"},"img":{"alt_text":"","src":"https:\/\/i0.wp.com\/www.freidenker.org\/fw17\/wp-content\/uploads\/2023\/08\/Liberal_KS_welcome_sign_IMG_5968_800x450.jpg?fit=800%2C450&ssl=1&resize=350%2C200","width":350,"height":200,"srcset":"https:\/\/i0.wp.com\/www.freidenker.org\/fw17\/wp-content\/uploads\/2023\/08\/Liberal_KS_welcome_sign_IMG_5968_800x450.jpg?fit=800%2C450&ssl=1&resize=350%2C200 1x, https:\/\/i0.wp.com\/www.freidenker.org\/fw17\/wp-content\/uploads\/2023\/08\/Liberal_KS_welcome_sign_IMG_5968_800x450.jpg?fit=800%2C450&ssl=1&resize=525%2C300 1.5x, https:\/\/i0.wp.com\/www.freidenker.org\/fw17\/wp-content\/uploads\/2023\/08\/Liberal_KS_welcome_sign_IMG_5968_800x450.jpg?fit=800%2C450&ssl=1&resize=700%2C400 2x"},"classes":[]},{"id":6911,"url":"https:\/\/www.freidenker.org\/?p=6911","url_meta":{"origin":8317,"position":3},"title":"Hongkong und die chinesische\u00a0Bedrohung","author":"Webredaktion","date":"3. September 2019","format":false,"excerpt":"Beitrag von R\u00fcdiger Rauls Die Proteste in Hongkong mit der Einmischung Pekings, dem Wirken des Finanzkapitals oder obskurer Kr\u00e4fte im Hintergrund zu erkl\u00e4ren, d\u00fcrfte als Erkl\u00e4rung nicht ausreichen. Auch der von unseren Medien immer wieder ins Spiel gebrachte Freiheitsdrang und Ruf nach Demokratie entspringen sicherlich zu einem ganz geh\u00f6rigen Ma\u00dfe\u2026","rel":"","context":"In &quot;Demokratie \u2013 Medien \u2013 Aufkl\u00e4rung&quot;","block_context":{"text":"Demokratie \u2013 Medien \u2013 Aufkl\u00e4rung","link":"https:\/\/www.freidenker.org\/?cat=12"},"img":{"alt_text":"","src":"https:\/\/i0.wp.com\/www.freidenker.org\/fw17\/wp-content\/uploads\/2019\/09\/Hong_Kong_Central_District_Night_View_201305_800x445.jpg?fit=800%2C445&ssl=1&resize=350%2C200","width":350,"height":200,"srcset":"https:\/\/i0.wp.com\/www.freidenker.org\/fw17\/wp-content\/uploads\/2019\/09\/Hong_Kong_Central_District_Night_View_201305_800x445.jpg?fit=800%2C445&ssl=1&resize=350%2C200 1x, https:\/\/i0.wp.com\/www.freidenker.org\/fw17\/wp-content\/uploads\/2019\/09\/Hong_Kong_Central_District_Night_View_201305_800x445.jpg?fit=800%2C445&ssl=1&resize=525%2C300 1.5x, https:\/\/i0.wp.com\/www.freidenker.org\/fw17\/wp-content\/uploads\/2019\/09\/Hong_Kong_Central_District_Night_View_201305_800x445.jpg?fit=800%2C445&ssl=1&resize=700%2C400 2x"},"classes":[]},{"id":15818,"url":"https:\/\/www.freidenker.org\/?p=15818","url_meta":{"origin":8317,"position":4},"title":"Die mediale Hysterie und was die Medien dabei verschweigen","author":"Webredaktion","date":"21. April 2023","format":false,"excerpt":"Beitrag von Anti-Spiegel (d.i. Thomas R\u00f6per) Der franz\u00f6sische Pr\u00e4sident Macron hat auf dem R\u00fcckflug von der Chinareise, die er zusammen mit Ursula von der Leyen absolviert hat, die EU in Interviews davor gewarnt, den USA blind zu folgen und de facto eine eigene Chinapolitik der EU angemahnt. Die Forderung, eine\u2026","rel":"","context":"In &quot;Demokratie \u2013 Medien \u2013 Aufkl\u00e4rung&quot;","block_context":{"text":"Demokratie \u2013 Medien \u2013 Aufkl\u00e4rung","link":"https:\/\/www.freidenker.org\/?cat=12"},"img":{"alt_text":"","src":"https:\/\/i0.wp.com\/www.freidenker.org\/fw17\/wp-content\/uploads\/2023\/04\/newspaper-1595773_960_800x450.jpg?fit=800%2C450&ssl=1&resize=350%2C200","width":350,"height":200,"srcset":"https:\/\/i0.wp.com\/www.freidenker.org\/fw17\/wp-content\/uploads\/2023\/04\/newspaper-1595773_960_800x450.jpg?fit=800%2C450&ssl=1&resize=350%2C200 1x, https:\/\/i0.wp.com\/www.freidenker.org\/fw17\/wp-content\/uploads\/2023\/04\/newspaper-1595773_960_800x450.jpg?fit=800%2C450&ssl=1&resize=525%2C300 1.5x, https:\/\/i0.wp.com\/www.freidenker.org\/fw17\/wp-content\/uploads\/2023\/04\/newspaper-1595773_960_800x450.jpg?fit=800%2C450&ssl=1&resize=700%2C400 2x"},"classes":[]},{"id":14711,"url":"https:\/\/www.freidenker.org\/?p=14711","url_meta":{"origin":8317,"position":5},"title":"Erneute \u00fcble Nachrichtenmanipulation in der Tagesschau","author":"Webredaktion","date":"20. November 2022","format":false,"excerpt":"Beitrag von Rainer Rupp Mit L\u00fcgen und Verdrehungen bzw. durch perfide Manipulation von offiziellen \u00c4u\u00dferungen des chinesischen Pr\u00e4sidenten Xi Jinping haben jetzt auch die USA vor dem Hintergrund des G20-Treffens im indonesischen Bali versucht, vor der Welt\u00f6ffentlichkeit den Eindruck zu erwecken, dass China gemeinsam mit den USA Pr\u00e4sident Wladimir Putin\u2026","rel":"","context":"In &quot;Demokratie \u2013 Medien \u2013 Aufkl\u00e4rung&quot;","block_context":{"text":"Demokratie \u2013 Medien \u2013 Aufkl\u00e4rung","link":"https:\/\/www.freidenker.org\/?cat=12"},"img":{"alt_text":"","src":"https:\/\/i0.wp.com\/www.freidenker.org\/fw17\/wp-content\/uploads\/2022\/11\/Potential-USA-sectors-China_800x450.jpg?fit=800%2C450&ssl=1&resize=350%2C200","width":350,"height":200,"srcset":"https:\/\/i0.wp.com\/www.freidenker.org\/fw17\/wp-content\/uploads\/2022\/11\/Potential-USA-sectors-China_800x450.jpg?fit=800%2C450&ssl=1&resize=350%2C200 1x, https:\/\/i0.wp.com\/www.freidenker.org\/fw17\/wp-content\/uploads\/2022\/11\/Potential-USA-sectors-China_800x450.jpg?fit=800%2C450&ssl=1&resize=525%2C300 1.5x, https:\/\/i0.wp.com\/www.freidenker.org\/fw17\/wp-content\/uploads\/2022\/11\/Potential-USA-sectors-China_800x450.jpg?fit=800%2C450&ssl=1&resize=700%2C400 2x"},"classes":[]}],"_links":{"self":[{"href":"https:\/\/www.freidenker.org\/index.php?rest_route=\/wp\/v2\/posts\/8317","targetHints":{"allow":["GET"]}}],"collection":[{"href":"https:\/\/www.freidenker.org\/index.php?rest_route=\/wp\/v2\/posts"}],"about":[{"href":"https:\/\/www.freidenker.org\/index.php?rest_route=\/wp\/v2\/types\/post"}],"author":[{"embeddable":true,"href":"https:\/\/www.freidenker.org\/index.php?rest_route=\/wp\/v2\/users\/3"}],"replies":[{"embeddable":true,"href":"https:\/\/www.freidenker.org\/index.php?rest_route=%2Fwp%2Fv2%2Fcomments&post=8317"}],"version-history":[{"count":0,"href":"https:\/\/www.freidenker.org\/index.php?rest_route=\/wp\/v2\/posts\/8317\/revisions"}],"wp:featuredmedia":[{"embeddable":true,"href":"https:\/\/www.freidenker.org\/index.php?rest_route=\/wp\/v2\/media\/8322"}],"wp:attachment":[{"href":"https:\/\/www.freidenker.org\/index.php?rest_route=%2Fwp%2Fv2%2Fmedia&parent=8317"}],"wp:term":[{"taxonomy":"category","embeddable":true,"href":"https:\/\/www.freidenker.org\/index.php?rest_route=%2Fwp%2Fv2%2Fcategories&post=8317"},{"taxonomy":"post_tag","embeddable":true,"href":"https:\/\/www.freidenker.org\/index.php?rest_route=%2Fwp%2Fv2%2Ftags&post=8317"}],"curies":[{"name":"wp","href":"https:\/\/api.w.org\/{rel}","templated":true}]}}