{"id":8263,"date":"2020-06-18T01:41:38","date_gmt":"2020-06-17T23:41:38","guid":{"rendered":"https:\/\/www.freidenker.org\/?p=8263"},"modified":"2026-03-26T12:21:49","modified_gmt":"2026-03-26T11:21:49","slug":"freidenker-2-20-extra-ein-tiefer-staat","status":"publish","type":"post","link":"https:\/\/www.freidenker.org\/?p=8263","title":{"rendered":"FREIDENKER 2-20 EXTRA \u2013 Ein \u201etiefer Staat\u201c?"},"content":{"rendered":"<p>FREIDENKER Nr. 2-20 EXTRA, Juni 2020, 79. Jahrgang<\/p>\n<h4 class=\"entry-title\">Krisen, Kriege &amp; die Machthaber im \u201eWesten\u201c \u2013 Ein \u201etiefer Staat\u201c?<\/h4>\n<p><span style=\"font-family: 'courier new', courier, monospace;\">Dieses Heft enth\u00e4lt die Redebeitr\u00e4ge der Konferenz des Deutschen Freidenker-Verbandes \u201eDer tiefe Staat \u2013 oder: Wer regiert den Westen?\u201c vom 16. November 2019 in Stuttgart<\/span><\/p>\n<p>Inhalt:<\/p>\n<p><strong>Editorial<\/strong><\/p>\n<p><strong>Thema<\/strong><\/p>\n<ul>\n<li>Klaus Hartmann<br \/>\nEin \u201etiefer Staat\u201c \u2013 gibt\u2019s das \u00fcberhaupt?<\/li>\n<li>Ullrich Mies<br \/>\nWer oder was ist der Tiefe Staat?<\/li>\n<li>Hermann Ploppa<br \/>\nBetreutes Denken: Medien, Think Tanks, NGOs &amp; transatlantische Netzwerke<\/li>\n<li>Sebastian Bahlo<br \/>\n<a href=\"https:\/\/www.freidenker.org\/?p=8279\">\u00d6konomische Herrschaftsverh\u00e4ltnisse und \u201eVerschw\u00f6rungen\u201c im staatsmonopolistischen Klassenstaat<\/a><br \/>\n(<img data-recalc-dims=\"1\" loading=\"lazy\" decoding=\"async\" data-attachment-id=\"1072\" data-permalink=\"https:\/\/www.freidenker.org\/?attachment_id=1072\" data-orig-file=\"https:\/\/i0.wp.com\/www.freidenker.org\/fw17\/wp-content\/uploads\/2017\/10\/pdf_icon-e1509487447542.png?fit=16%2C16&amp;ssl=1\" data-orig-size=\"16,16\" data-comments-opened=\"0\" data-image-meta=\"{&quot;aperture&quot;:&quot;0&quot;,&quot;credit&quot;:&quot;&quot;,&quot;camera&quot;:&quot;&quot;,&quot;caption&quot;:&quot;&quot;,&quot;created_timestamp&quot;:&quot;0&quot;,&quot;copyright&quot;:&quot;&quot;,&quot;focal_length&quot;:&quot;0&quot;,&quot;iso&quot;:&quot;0&quot;,&quot;shutter_speed&quot;:&quot;0&quot;,&quot;title&quot;:&quot;&quot;,&quot;orientation&quot;:&quot;0&quot;}\" data-image-title=\"pdf_icon_16\" data-image-description=\"\" data-image-caption=\"\" data-large-file=\"https:\/\/i0.wp.com\/www.freidenker.org\/fw17\/wp-content\/uploads\/2017\/10\/pdf_icon-e1509487447542.png?fit=16%2C16&amp;ssl=1\" class=\"alignnone size-full wp-image-1072\" src=\"https:\/\/i0.wp.com\/www.freidenker.org\/fw17\/wp-content\/uploads\/2017\/10\/pdf_icon-e1509487447542.png?resize=16%2C16&#038;ssl=1\" alt=\"\" width=\"16\" height=\"16\" \/> <a href=\"https:\/\/www.freidenker.org\/fw17\/wp-content\/uploads\/2020\/06\/Freidenker_2020-02_Bahlo-HerrschaftsverhaeltnisseImKlassenstaat.pdf\" target=\"_blank\" rel=\"noopener noreferrer\">PDF-Dokument<\/a>, ca. 158 KB)<\/li>\n<li>Annett Torres<br \/>\n<a href=\"https:\/\/www.freidenker.org\/?p=8280\">Die Transformation der Bildung<\/a><br \/>\n(<img data-recalc-dims=\"1\" loading=\"lazy\" decoding=\"async\" data-attachment-id=\"1072\" data-permalink=\"https:\/\/www.freidenker.org\/?attachment_id=1072\" data-orig-file=\"https:\/\/i0.wp.com\/www.freidenker.org\/fw17\/wp-content\/uploads\/2017\/10\/pdf_icon-e1509487447542.png?fit=16%2C16&amp;ssl=1\" data-orig-size=\"16,16\" data-comments-opened=\"0\" data-image-meta=\"{&quot;aperture&quot;:&quot;0&quot;,&quot;credit&quot;:&quot;&quot;,&quot;camera&quot;:&quot;&quot;,&quot;caption&quot;:&quot;&quot;,&quot;created_timestamp&quot;:&quot;0&quot;,&quot;copyright&quot;:&quot;&quot;,&quot;focal_length&quot;:&quot;0&quot;,&quot;iso&quot;:&quot;0&quot;,&quot;shutter_speed&quot;:&quot;0&quot;,&quot;title&quot;:&quot;&quot;,&quot;orientation&quot;:&quot;0&quot;}\" data-image-title=\"pdf_icon_16\" data-image-description=\"\" data-image-caption=\"\" data-large-file=\"https:\/\/i0.wp.com\/www.freidenker.org\/fw17\/wp-content\/uploads\/2017\/10\/pdf_icon-e1509487447542.png?fit=16%2C16&amp;ssl=1\" class=\"alignnone size-full wp-image-1072\" src=\"https:\/\/i0.wp.com\/www.freidenker.org\/fw17\/wp-content\/uploads\/2017\/10\/pdf_icon-e1509487447542.png?resize=16%2C16&#038;ssl=1\" alt=\"\" width=\"16\" height=\"16\" \/> <a href=\"https:\/\/www.freidenker.org\/fw17\/wp-content\/uploads\/2020\/06\/Freidenker_2020-02_Torres-TransformationDerBildung.pdf\" target=\"_blank\" rel=\"noopener noreferrer\">PDF-Dokument<\/a>, ca. 362 KB)<\/li>\n<li>Klaus Linder<br \/>\n\u201eKampf gegen Rechts\u201c \u2013 vorgeschobene und reale Gefahren<\/li>\n<li>Annette Groth<br \/>\n<a href=\"https:\/\/www.freidenker.org\/?p=8281\">Die deutsch-zionistische Ideologie und der gefakte \u201eAntisemitismus\u201c<\/a><br \/>\n(<img data-recalc-dims=\"1\" loading=\"lazy\" decoding=\"async\" data-attachment-id=\"1072\" data-permalink=\"https:\/\/www.freidenker.org\/?attachment_id=1072\" data-orig-file=\"https:\/\/i0.wp.com\/www.freidenker.org\/fw17\/wp-content\/uploads\/2017\/10\/pdf_icon-e1509487447542.png?fit=16%2C16&amp;ssl=1\" data-orig-size=\"16,16\" data-comments-opened=\"0\" data-image-meta=\"{&quot;aperture&quot;:&quot;0&quot;,&quot;credit&quot;:&quot;&quot;,&quot;camera&quot;:&quot;&quot;,&quot;caption&quot;:&quot;&quot;,&quot;created_timestamp&quot;:&quot;0&quot;,&quot;copyright&quot;:&quot;&quot;,&quot;focal_length&quot;:&quot;0&quot;,&quot;iso&quot;:&quot;0&quot;,&quot;shutter_speed&quot;:&quot;0&quot;,&quot;title&quot;:&quot;&quot;,&quot;orientation&quot;:&quot;0&quot;}\" data-image-title=\"pdf_icon_16\" data-image-description=\"\" data-image-caption=\"\" data-large-file=\"https:\/\/i0.wp.com\/www.freidenker.org\/fw17\/wp-content\/uploads\/2017\/10\/pdf_icon-e1509487447542.png?fit=16%2C16&amp;ssl=1\" class=\"alignnone size-full wp-image-1072\" src=\"https:\/\/i0.wp.com\/www.freidenker.org\/fw17\/wp-content\/uploads\/2017\/10\/pdf_icon-e1509487447542.png?resize=16%2C16&#038;ssl=1\" alt=\"\" width=\"16\" height=\"16\" \/> <a href=\"https:\/\/www.freidenker.org\/fw17\/wp-content\/uploads\/2020\/06\/Freidenker_2020-02_Groth-DeutschZionistischeIdeologie.pdf\" target=\"_blank\" rel=\"noopener noreferrer\">PDF-Dokument<\/a>, ca. 395 KB)<\/li>\n<li>Rainer Rupp<br \/>\nNATO und EU: Militarisierung und Expansion gegen den Feind im Osten<\/li>\n<\/ul>\n<p><strong>Chronik<\/strong><\/p>\n<p><strong>Mitglieder des Freidenker-Beirats<\/strong><\/p>\n<p><strong>B\u00fccher f\u00fcr Freidenker<\/strong><\/p>\n<ul>\n<li>Florence Herv\u00e9 (Hg.)<br \/>\nMit Mut und List. Europ\u00e4ische Frauen im Widerstandskampf gegen Faschismus und Krieg.<\/li>\n<li>Theodor Wei\u00dfenborn<br \/>\nQuersch\u00fcsse \u2013 Gedanken und Memoiren eines Ketzers<\/li>\n<\/ul>\n<p><img data-recalc-dims=\"1\" loading=\"lazy\" decoding=\"async\" data-attachment-id=\"8264\" data-permalink=\"https:\/\/www.freidenker.org\/?attachment_id=8264\" data-orig-file=\"https:\/\/i0.wp.com\/www.freidenker.org\/fw17\/wp-content\/uploads\/2020\/06\/fd_2020-02_640px.jpg?fit=455%2C642&amp;ssl=1\" data-orig-size=\"455,642\" data-comments-opened=\"0\" data-image-meta=\"{&quot;aperture&quot;:&quot;0&quot;,&quot;credit&quot;:&quot;&quot;,&quot;camera&quot;:&quot;&quot;,&quot;caption&quot;:&quot;&quot;,&quot;created_timestamp&quot;:&quot;0&quot;,&quot;copyright&quot;:&quot;&quot;,&quot;focal_length&quot;:&quot;0&quot;,&quot;iso&quot;:&quot;0&quot;,&quot;shutter_speed&quot;:&quot;0&quot;,&quot;title&quot;:&quot;&quot;,&quot;orientation&quot;:&quot;1&quot;}\" data-image-title=\"fd_2020-02_640px\" data-image-description=\"\" data-image-caption=\"\" data-large-file=\"https:\/\/i0.wp.com\/www.freidenker.org\/fw17\/wp-content\/uploads\/2020\/06\/fd_2020-02_640px.jpg?fit=455%2C642&amp;ssl=1\" class=\"alignnone wp-image-8264 size-full\" src=\"https:\/\/i0.wp.com\/www.freidenker.org\/fw17\/wp-content\/uploads\/2020\/06\/fd_2020-02_640px.jpg?resize=455%2C642&#038;ssl=1\" alt=\"\" width=\"455\" height=\"642\" srcset=\"https:\/\/i0.wp.com\/www.freidenker.org\/fw17\/wp-content\/uploads\/2020\/06\/fd_2020-02_640px.jpg?w=455&amp;ssl=1 455w, https:\/\/i0.wp.com\/www.freidenker.org\/fw17\/wp-content\/uploads\/2020\/06\/fd_2020-02_640px.jpg?resize=213%2C300&amp;ssl=1 213w\" sizes=\"auto, (max-width: 455px) 100vw, 455px\" \/><\/p>\n<p>&nbsp;<\/p>\n<hr \/>\n<p><img data-recalc-dims=\"1\" loading=\"lazy\" decoding=\"async\" data-attachment-id=\"5427\" data-permalink=\"https:\/\/www.freidenker.org\/?attachment_id=5427\" data-orig-file=\"https:\/\/i0.wp.com\/www.freidenker.org\/fw17\/wp-content\/uploads\/2018\/09\/video_icon_32x32.jpg?fit=32%2C32&amp;ssl=1\" data-orig-size=\"32,32\" data-comments-opened=\"0\" data-image-meta=\"{&quot;aperture&quot;:&quot;0&quot;,&quot;credit&quot;:&quot;&quot;,&quot;camera&quot;:&quot;&quot;,&quot;caption&quot;:&quot;&quot;,&quot;created_timestamp&quot;:&quot;0&quot;,&quot;copyright&quot;:&quot;&quot;,&quot;focal_length&quot;:&quot;0&quot;,&quot;iso&quot;:&quot;0&quot;,&quot;shutter_speed&quot;:&quot;0&quot;,&quot;title&quot;:&quot;&quot;,&quot;orientation&quot;:&quot;1&quot;}\" data-image-title=\"video_icon_32x32\" data-image-description=\"\" data-image-caption=\"\" data-large-file=\"https:\/\/i0.wp.com\/www.freidenker.org\/fw17\/wp-content\/uploads\/2018\/09\/video_icon_32x32.jpg?fit=32%2C32&amp;ssl=1\" class=\"alignnone size-full wp-image-5427\" src=\"https:\/\/i0.wp.com\/www.freidenker.org\/fw17\/wp-content\/uploads\/2018\/09\/video_icon_32x32.jpg?resize=32%2C32&#038;ssl=1\" alt=\"\" width=\"32\" height=\"32\" \/> \u00a0 Die Redebeitr\u00e4ge sind hier zum Teil als Videos verf\u00fcgbar: <a href=\"https:\/\/www.freidenker.org\/?p=7354\">https:\/\/www.freidenker.org\/?p=7354<\/a><\/p>\n<hr \/>\n<p><strong>Online-Ausgabe:<\/strong><\/p>\n<p>Das Heft kann hier als PDF-Dokument angesehen und heruntergeladen werden:<\/p>\n<p><img loading=\"lazy\" decoding=\"async\" data-attachment-id=\"1076\" data-permalink=\"https:\/\/www.freidenker.org\/?attachment_id=1076\" data-orig-file=\"https:\/\/i0.wp.com\/www.freidenker.org\/fw17\/wp-content\/uploads\/2017\/10\/pdf_icon-2.png?fit=32%2C32&amp;ssl=1\" data-orig-size=\"32,32\" data-comments-opened=\"0\" data-image-meta=\"{&quot;aperture&quot;:&quot;0&quot;,&quot;credit&quot;:&quot;&quot;,&quot;camera&quot;:&quot;&quot;,&quot;caption&quot;:&quot;&quot;,&quot;created_timestamp&quot;:&quot;0&quot;,&quot;copyright&quot;:&quot;&quot;,&quot;focal_length&quot;:&quot;0&quot;,&quot;iso&quot;:&quot;0&quot;,&quot;shutter_speed&quot;:&quot;0&quot;,&quot;title&quot;:&quot;&quot;,&quot;orientation&quot;:&quot;0&quot;}\" data-image-title=\"pdf_icon\" data-image-description=\"\" data-image-caption=\"\" data-large-file=\"https:\/\/i0.wp.com\/www.freidenker.org\/fw17\/wp-content\/uploads\/2017\/10\/pdf_icon-2.png?fit=32%2C32&amp;ssl=1\" class=\"alignnone size-full wp-image-1076\" src=\"https:\/\/i0.wp.com\/www.freidenker.org\/fw17\/wp-content\/uploads\/2017\/10\/pdf_icon-2.png?resize=32%2C32&amp;ssl=1\" alt=\"\" width=\"32\" height=\"32\" data-attachment-id=\"1076\" data-permalink=\"https:\/\/www.freidenker.org\/?attachment_id=1076\" data-orig-file=\"https:\/\/i1.wp.com\/www.freidenker.org\/fw17\/wp-content\/uploads\/2017\/10\/pdf_icon-2.png?fit=32%2C32&amp;ssl=1\" data-orig-size=\"32,32\" data-comments-opened=\"0\" data-image-meta=\"{&quot;aperture&quot;:&quot;0&quot;,&quot;credit&quot;:&quot;&quot;,&quot;camera&quot;:&quot;&quot;,&quot;caption&quot;:&quot;&quot;,&quot;created_timestamp&quot;:&quot;0&quot;,&quot;copyright&quot;:&quot;&quot;,&quot;focal_length&quot;:&quot;0&quot;,&quot;iso&quot;:&quot;0&quot;,&quot;shutter_speed&quot;:&quot;0&quot;,&quot;title&quot;:&quot;&quot;,&quot;orientation&quot;:&quot;0&quot;}\" data-image-title=\"pdf_icon\" data-image-description=\"\" data-medium-file=\"https:\/\/i1.wp.com\/www.freidenker.org\/fw17\/wp-content\/uploads\/2017\/10\/pdf_icon-2.png?fit=32%2C32&amp;ssl=1\" data-large-file=\"https:\/\/i1.wp.com\/www.freidenker.org\/fw17\/wp-content\/uploads\/2017\/10\/pdf_icon-2.png?fit=32%2C32&amp;ssl=1\" \/>\u00a0<a href=\"https:\/\/www.freidenker.org\/fw17\/wp-content\/uploads\/2021\/07\/Freidenker_2020-02_online.pdf\" target=\"_blank\" rel=\"noopener\">Verbandsorgan FREIDENKER 2-20 im PDF-Format<\/a> (ca. 2,2 MB)<\/p>\n<p>Zum <a href=\"https:\/\/www.freidenker.org\/?page_id=1682\">\u00dcberblick \u00fcber alle Online-Ausgaben<\/a><\/p>\n","protected":false},"excerpt":{"rendered":"<p><b>Die EXTRA-Ausgabe 2-20 des Verbandsorgans FREIDENKER hat das Schwerpunkt-Thema \u201eKrisen, Kriege &#038; die Machthaber im &#8222;Westen&#8220; \u2013 Ein &#8222;tiefer Staat&#8220;?\u201c und enth\u00e4lt die Redebeitr\u00e4ge der Konferenz des Deutschen Freidenker-Verbandes vom 16. November 2019 in Stuttgart<\/b><br \/>\nDarin:<br \/>\n&#8211; Klaus Hartmann: Ein \u201etiefer Staat\u201c \u2013 gibt\u2019s das \u00fcberhaupt?<br \/>\n&#8211; Ullrich Mies: Wer oder was ist der Tiefe Staat?<br \/>\n&#8211; Hermann Ploppa: Betreutes Denken: Medien, Think Tanks, NGOs &#038; transatlantische Netzwerke<br \/>\n&#8211; Sebastian Bahlo: \u00d6konomische Herrschaftsverh\u00e4ltnisse und \u201eVerschw\u00f6rungen\u201c im staatsmonopolistischen Klassenstaat<br \/>\n&#8211; Annett Torres: Die Transformation der Bildung<br \/>\n&#8211; Klaus Linder: \u201eKampf gegen Rechts\u201c \u2013 vorgeschobene und reale Gefahren<br \/>\n&#8211; Annette Groth: Die deutsch-zionistische Ideologie und der gefakte \u201eAntisemitismus\u201c<br \/>\n&#8211; Rainer Rupp: NATO und EU: Militarisierung und Expansion gegen den Feind im Osten<\/p>\n","protected":false},"author":3,"featured_media":8265,"comment_status":"closed","ping_status":"closed","sticky":false,"template":"","format":"standard","meta":{"colormag_page_container_layout":"default_layout","colormag_page_sidebar_layout":"default_layout","advanced_seo_description":"","jetpack_seo_html_title":"","jetpack_seo_noindex":false,"jetpack_post_was_ever_published":false,"footnotes":""},"categories":[12,8],"tags":[370,567,162,56,1188,641],"class_list":["post-8263","post","type-post","status-publish","format-standard","has-post-thumbnail","hentry","category-demokratie-medien-aufklaerung","category-verbandsorgan-freidenker","tag-antifaschismus","tag-bildung","tag-demokratie","tag-nato","tag-tiefer-staat","tag-verschwoerungstheorie"],"jetpack_featured_media_url":"https:\/\/i0.wp.com\/www.freidenker.org\/fw17\/wp-content\/uploads\/2020\/06\/FD_2020-02_Titel_mR.jpg?fit=800%2C445&ssl=1","jetpack_shortlink":"https:\/\/wp.me\/p9stpK-29h","jetpack-related-posts":[{"id":6932,"url":"https:\/\/www.freidenker.org\/?p=6932","url_meta":{"origin":8263,"position":0},"title":"Konferenz &#8222;Der tiefe Staat \u2013 oder: Wer regiert den Westen?&#8220;","author":"Webredaktion","date":"5. September 2019","format":false,"excerpt":"Der Deutsche Freideker-Verband l\u00e4dt ein zur Konferenz \"Der tiefe Staat \u2013 oder: Wer regiert den Westen? Samstag, 16. November 2019, 10:30 - 17 Uhr, Naturfreundehaus Fuchsrain, Stuttgart, Vortr\u00e4ge: Ullrich Mies: Wer oder was ist der Tiefe Staat? \/ Hermann Ploppa: Betreutes Denken: Medien, Think Tanks, NGOs & transatlantische Netzwerke \/\u2026","rel":"","context":"In &quot;Zentrale Veranstaltungen&quot;","block_context":{"text":"Zentrale Veranstaltungen","link":"https:\/\/www.freidenker.org\/?cat=20"},"img":{"alt_text":"","src":"https:\/\/i0.wp.com\/www.freidenker.org\/fw17\/wp-content\/uploads\/2019\/09\/tieferstaat_800x445.jpg?fit=800%2C445&ssl=1&resize=350%2C200","width":350,"height":200,"srcset":"https:\/\/i0.wp.com\/www.freidenker.org\/fw17\/wp-content\/uploads\/2019\/09\/tieferstaat_800x445.jpg?fit=800%2C445&ssl=1&resize=350%2C200 1x, https:\/\/i0.wp.com\/www.freidenker.org\/fw17\/wp-content\/uploads\/2019\/09\/tieferstaat_800x445.jpg?fit=800%2C445&ssl=1&resize=525%2C300 1.5x, https:\/\/i0.wp.com\/www.freidenker.org\/fw17\/wp-content\/uploads\/2019\/09\/tieferstaat_800x445.jpg?fit=800%2C445&ssl=1&resize=700%2C400 2x"},"classes":[]},{"id":7354,"url":"https:\/\/www.freidenker.org\/?p=7354","url_meta":{"origin":8263,"position":1},"title":"Videos: Konferenz &#8222;Der Tiefe Staat&#8220;","author":"Webredaktion","date":"31. Dezember 2019","format":false,"excerpt":"Am 16.11.2019 fand in Stuttgart die Konferenz \u201eDer tiefe Staat \u2013 oder: Wer regiert den Westen?\u201c statt. Die Veranstaltung wurde organisiert vom Deutschen Freidenker-Verband e.V. in Zusammenarbeit mit dem Ostdeutsches Kuratorium von Verb\u00e4nden (OKV) e.V., der Gesellschaft zum Schutz von B\u00fcrgerrecht und Menschenw\u00fcrde (GBM) e.V., der Gesellschaft zur rechtlichen und\u2026","rel":"","context":"In &quot;Demokratie \u2013 Medien \u2013 Aufkl\u00e4rung&quot;","block_context":{"text":"Demokratie \u2013 Medien \u2013 Aufkl\u00e4rung","link":"https:\/\/www.freidenker.org\/?cat=12"},"img":{"alt_text":"","src":"https:\/\/i0.wp.com\/www.freidenker.org\/fw17\/wp-content\/uploads\/2019\/12\/Tiefer_Staat_HG_800x445.jpg?fit=800%2C445&ssl=1&resize=350%2C200","width":350,"height":200,"srcset":"https:\/\/i0.wp.com\/www.freidenker.org\/fw17\/wp-content\/uploads\/2019\/12\/Tiefer_Staat_HG_800x445.jpg?fit=800%2C445&ssl=1&resize=350%2C200 1x, https:\/\/i0.wp.com\/www.freidenker.org\/fw17\/wp-content\/uploads\/2019\/12\/Tiefer_Staat_HG_800x445.jpg?fit=800%2C445&ssl=1&resize=525%2C300 1.5x, https:\/\/i0.wp.com\/www.freidenker.org\/fw17\/wp-content\/uploads\/2019\/12\/Tiefer_Staat_HG_800x445.jpg?fit=800%2C445&ssl=1&resize=700%2C400 2x"},"classes":[]},{"id":6028,"url":"https:\/\/www.freidenker.org\/?p=6028","url_meta":{"origin":8263,"position":2},"title":"FREIDENKER 1-19  \u2013 20 Jahre NATO-Aggression gegen Jugoslawien","author":"Webredaktion","date":"17. M\u00e4rz 2019","format":false,"excerpt":"Die Ausgabe 1-19 des Verbandsorgans FREIDENKER hat das Schwerpunkt-Thema \u201e20 Jahre NATO-Aggression gegen Jugoslawien\u201c und enth\u00e4lt u.a. folgende Beitr\u00e4ge: - Rainer Rupp: NATO-Angriffskrieg: Fake News, False Flag - Peter Betscher: Erosion des V\u00f6lkerrechts - Diana Johnstone: \u201eEthnische S\u00e4uberungen\u201d - Klaus Hartmann: Der \u201eT\u00fcr\u00f6ffner\u201c-Krieg - Witold Fischer: Zwei offene Fragen zum\u2026","rel":"","context":"In &quot;Frieden - Antifaschismus - Solidarit\u00e4t&quot;","block_context":{"text":"Frieden - Antifaschismus - Solidarit\u00e4t","link":"https:\/\/www.freidenker.org\/?cat=13"},"img":{"alt_text":"","src":"https:\/\/i0.wp.com\/www.freidenker.org\/fw17\/wp-content\/uploads\/2019\/03\/FD_2019-01_Titel_mR.jpg?fit=800%2C445&ssl=1&resize=350%2C200","width":350,"height":200,"srcset":"https:\/\/i0.wp.com\/www.freidenker.org\/fw17\/wp-content\/uploads\/2019\/03\/FD_2019-01_Titel_mR.jpg?fit=800%2C445&ssl=1&resize=350%2C200 1x, https:\/\/i0.wp.com\/www.freidenker.org\/fw17\/wp-content\/uploads\/2019\/03\/FD_2019-01_Titel_mR.jpg?fit=800%2C445&ssl=1&resize=525%2C300 1.5x, https:\/\/i0.wp.com\/www.freidenker.org\/fw17\/wp-content\/uploads\/2019\/03\/FD_2019-01_Titel_mR.jpg?fit=800%2C445&ssl=1&resize=700%2C400 2x"},"classes":[]},{"id":11259,"url":"https:\/\/www.freidenker.org\/?p=11259","url_meta":{"origin":8263,"position":3},"title":"FREIDENKER 3-21 \u2013 Die Macht im Staat","author":"Webredaktion","date":"28. September 2021","format":false,"excerpt":"Die Ausgabe 3-21 des Verbandsorgans FREIDENKER hat das Schwerpunkt-Thema \u201eDie Macht im Staat\u201c und enth\u00e4lt u.a. folgende Beitr\u00e4ge: - Klaus Linder: Umstrittene Begriffe im Kampf f\u00fcr demokratische und soziale Rechte - Hans Bauer: Demokratieerfahrungen der \u201eDiktatur-Sozialisierten\u201c - Werner R\u00fcgemer: Unter deutscher F\u00fchrung organisert die EU das ArbeitsUnrecht \u2013 \u201eCorona\u201c-versch\u00e4rft -\u2026","rel":"","context":"In &quot;Verbandsorgan FREIDENKER&quot;","block_context":{"text":"Verbandsorgan FREIDENKER","link":"https:\/\/www.freidenker.org\/?cat=8"},"img":{"alt_text":"","src":"https:\/\/i0.wp.com\/www.freidenker.org\/fw17\/wp-content\/uploads\/2021\/09\/FD_2021-03_Titel_mR.jpg?fit=800%2C445&ssl=1&resize=350%2C200","width":350,"height":200,"srcset":"https:\/\/i0.wp.com\/www.freidenker.org\/fw17\/wp-content\/uploads\/2021\/09\/FD_2021-03_Titel_mR.jpg?fit=800%2C445&ssl=1&resize=350%2C200 1x, https:\/\/i0.wp.com\/www.freidenker.org\/fw17\/wp-content\/uploads\/2021\/09\/FD_2021-03_Titel_mR.jpg?fit=800%2C445&ssl=1&resize=525%2C300 1.5x, https:\/\/i0.wp.com\/www.freidenker.org\/fw17\/wp-content\/uploads\/2021\/09\/FD_2021-03_Titel_mR.jpg?fit=800%2C445&ssl=1&resize=700%2C400 2x"},"classes":[]},{"id":8279,"url":"https:\/\/www.freidenker.org\/?p=8279","url_meta":{"origin":8263,"position":4},"title":"\u00d6konomische Herrschaftsverh\u00e4ltnisse und \u201eVerschw\u00f6rungen\u201c im staatsmonopolistischen Klassenstaat","author":"Webredaktion","date":"20. Juni 2020","format":false,"excerpt":"Rede von Sebastian Bahlo auf der Konferenz \u201eDer tiefe Staat \u2013 oder: Wer regiert den Westen?\u201c am 16. November 2019 in Stuttgart Wenn wir heute \u00fcber die Erscheinung des \u201eTiefen Staates\u201c sprechen, begreifen wir diesen als eine Art Deformierung des \u201eregul\u00e4ren Staates\u201c oder als Fremdk\u00f6rper im \u201eregul\u00e4ren Staat\u201c, und die\u2026","rel":"","context":"In &quot;Weltanschauung &amp; Philosophie&quot;","block_context":{"text":"Weltanschauung &amp; Philosophie","link":"https:\/\/www.freidenker.org\/?cat=16"},"img":{"alt_text":"","src":"https:\/\/i0.wp.com\/www.freidenker.org\/fw17\/wp-content\/uploads\/2020\/06\/KonferenzTieferStaat_Bahlo.jpg?fit=800%2C450&ssl=1&resize=350%2C200","width":350,"height":200,"srcset":"https:\/\/i0.wp.com\/www.freidenker.org\/fw17\/wp-content\/uploads\/2020\/06\/KonferenzTieferStaat_Bahlo.jpg?fit=800%2C450&ssl=1&resize=350%2C200 1x, https:\/\/i0.wp.com\/www.freidenker.org\/fw17\/wp-content\/uploads\/2020\/06\/KonferenzTieferStaat_Bahlo.jpg?fit=800%2C450&ssl=1&resize=525%2C300 1.5x, https:\/\/i0.wp.com\/www.freidenker.org\/fw17\/wp-content\/uploads\/2020\/06\/KonferenzTieferStaat_Bahlo.jpg?fit=800%2C450&ssl=1&resize=700%2C400 2x"},"classes":[]},{"id":15031,"url":"https:\/\/www.freidenker.org\/?p=15031","url_meta":{"origin":8263,"position":5},"title":"Corona, Demokratieabbau, Krisen &#038; Kriege","author":"Webredaktion","date":"21. Januar 2023","format":false,"excerpt":"Videos der Veranstaltung des Deutschen Freidenker-Verbandes, Landesverband Hessen am 21.09.2022 in Offenbach am Main Kurzvortr\u00e4ge von Klaus Hartmann und Jan Veil sowie Diskussion Schwerpunkte der Vortr\u00e4ge und der Diskussion: Corona und die \u201eMa\u00dfnahmen\u201c \u2013 eine (Zwischen-)Bilanz \/ Der zunehmende Abbau demokratischer Rechte \u2013 ein Fall von \u201eLong Covid\u201c? \/ Politisierte\u2026","rel":"","context":"In &quot;Demokratie \u2013 Medien \u2013 Aufkl\u00e4rung&quot;","block_context":{"text":"Demokratie \u2013 Medien \u2013 Aufkl\u00e4rung","link":"https:\/\/www.freidenker.org\/?cat=12"},"img":{"alt_text":"","src":"https:\/\/i0.wp.com\/www.freidenker.org\/fw17\/wp-content\/uploads\/2023\/01\/hartmann_veil_offenbach_4_800x450.jpg?fit=800%2C450&ssl=1&resize=350%2C200","width":350,"height":200,"srcset":"https:\/\/i0.wp.com\/www.freidenker.org\/fw17\/wp-content\/uploads\/2023\/01\/hartmann_veil_offenbach_4_800x450.jpg?fit=800%2C450&ssl=1&resize=350%2C200 1x, https:\/\/i0.wp.com\/www.freidenker.org\/fw17\/wp-content\/uploads\/2023\/01\/hartmann_veil_offenbach_4_800x450.jpg?fit=800%2C450&ssl=1&resize=525%2C300 1.5x, https:\/\/i0.wp.com\/www.freidenker.org\/fw17\/wp-content\/uploads\/2023\/01\/hartmann_veil_offenbach_4_800x450.jpg?fit=800%2C450&ssl=1&resize=700%2C400 2x"},"classes":[]}],"_links":{"self":[{"href":"https:\/\/www.freidenker.org\/index.php?rest_route=\/wp\/v2\/posts\/8263","targetHints":{"allow":["GET"]}}],"collection":[{"href":"https:\/\/www.freidenker.org\/index.php?rest_route=\/wp\/v2\/posts"}],"about":[{"href":"https:\/\/www.freidenker.org\/index.php?rest_route=\/wp\/v2\/types\/post"}],"author":[{"embeddable":true,"href":"https:\/\/www.freidenker.org\/index.php?rest_route=\/wp\/v2\/users\/3"}],"replies":[{"embeddable":true,"href":"https:\/\/www.freidenker.org\/index.php?rest_route=%2Fwp%2Fv2%2Fcomments&post=8263"}],"version-history":[{"count":1,"href":"https:\/\/www.freidenker.org\/index.php?rest_route=\/wp\/v2\/posts\/8263\/revisions"}],"predecessor-version":[{"id":24738,"href":"https:\/\/www.freidenker.org\/index.php?rest_route=\/wp\/v2\/posts\/8263\/revisions\/24738"}],"wp:featuredmedia":[{"embeddable":true,"href":"https:\/\/www.freidenker.org\/index.php?rest_route=\/wp\/v2\/media\/8265"}],"wp:attachment":[{"href":"https:\/\/www.freidenker.org\/index.php?rest_route=%2Fwp%2Fv2%2Fmedia&parent=8263"}],"wp:term":[{"taxonomy":"category","embeddable":true,"href":"https:\/\/www.freidenker.org\/index.php?rest_route=%2Fwp%2Fv2%2Fcategories&post=8263"},{"taxonomy":"post_tag","embeddable":true,"href":"https:\/\/www.freidenker.org\/index.php?rest_route=%2Fwp%2Fv2%2Ftags&post=8263"}],"curies":[{"name":"wp","href":"https:\/\/api.w.org\/{rel}","templated":true}]}}