{"id":8255,"date":"2020-06-17T00:50:30","date_gmt":"2020-06-16T22:50:30","guid":{"rendered":"https:\/\/www.freidenker.org\/?p=8255"},"modified":"2020-09-01T00:35:11","modified_gmt":"2020-08-31T22:35:11","slug":"bildungswochenende-der-freiheitsbegriff-von-der-antike-bis-zum-sozialismus","status":"publish","type":"post","link":"https:\/\/www.freidenker.org\/?p=8255","title":{"rendered":"Bildungswochenende: Der Freiheitsbegriff von der Antike bis zum Sozialismus"},"content":{"rendered":"<p><strong><span style=\"font-size: 14pt;\">Offenes Bildungswochenende des Landesverbandes Sachsen-Anhalt im Deutschen Freidenker-Verband<\/span><\/strong><\/p>\n<h5>Lesung, Diskussion, Stadtf\u00fchrung, Unterhaltung<\/h5>\n<pre><strong>Veranstalter: Deutscher Freidenker-Verband Sachsen-Anhalt und Rosa-Luxemburg-Club Harz<\/strong>\r\n<strong>Informationen und Anmeldung \u00fcber Thomas Loch, Tel.: 0171 \/ 19 96 214<\/strong><\/pre>\n<p align=\"justify\"><b>1.) Freitag, 21.08.2020, 19:00 Uhr \u2013 Herausgeberlesung und Diskussion mit Heinz Hamm<\/b><\/p>\n<p style=\"padding-left: 40px;\" align=\"justify\"><span style=\"font-size: 14pt;\"><b>Marxistische Hinsichten von Peter Hacks, Politische Schriften 1955 \u2013 2003<\/b><\/span><\/p>\n<p style=\"padding-left: 40px;\" align=\"justify\"><b>Lesung im Saal Kulturzentrum Reichenstra\u00dfe, Reichenstra\u00dfe 1, 06484 Quedlinburg<\/b><\/p>\n<p style=\"padding-left: 40px;\" align=\"justify\">\u201eWarum schafften sich die sozialistischen Staaten ab? Was k\u00f6nnte, m\u00fcsste man besser machen f\u00fcr dauerhaften gesellschaftlichen Fortschritt? Zu diesen Fragen konzipierte Peter Hacks sein letztes Gro\u00dfprojekt \u201eMarxistische Hinsichten\u201c, Resultat lebenslanger Besch\u00e4ftigung mit politischen Gegenst\u00e4nden. Der vorliegende Band versammelt erstmals die gesamte Bandbreite der politischen Publizistik inklusive des bisher unerschlossenen Nachlasses \u2013 ein Fundus f\u00fcr die Hacks-Forschung und Diskussionsgrundlage weit dar\u00fcber hinaus. Peter Hacks (1928-2003), promovierte 1951 in M\u00fcnchen und ging 1955 nach Berlin, DDR. Autor von Dramen, Essays, Gedichten und Kinderb\u00fcchern. Ausgezeichnet mit zahlreichen Literaturpreisen. 1972 wurde Hacks in die Akademie der K\u00fcnste gew\u00e4hlt, aus der er 1991 austrat (Klappentext) .<\/p>\n<p align=\"justify\"><span style=\"font-size: 12pt;\"><b>2.) Samstag, 22.08.2020 ab 10:00 Uhr<\/b><span id=\"more-611\"><\/span><b> Diskussion zum Thema <\/b><\/span><\/p>\n<p style=\"padding-left: 40px;\" align=\"justify\"><span style=\"font-size: 14pt;\"><b>\u2013 Der Freiheitsbegriff von der Antike bis zum Sozialismus \u2013<\/b><\/span><\/p>\n<p style=\"padding-left: 40px;\" align=\"justify\">1.) Begr\u00fc\u00dfung und Er\u00f6ffnung durch den Landesvorsitzenden des DFV Sachsen-Anhalt<br \/>\n2.) Einf\u00fchrendes Kurzreferat zum Thema Freiheit, kurzer Abriss der Entwicklung des Freiheitsbegriffs von der Antike bis zum Marxistischen Freiheitsbegriffs.<br \/>\n3.) Weitere Redebeitr\u00e4ge<br \/>\n4.) Diskussion<\/p>\n<p style=\"padding-left: 40px;\" align=\"justify\">13:00 Uhr Mittagspause<\/p>\n<p style=\"padding-left: 40px;\" align=\"justify\">14:00 Uhr <strong>Stadtf\u00fchrung<\/strong> (siehe unten)<\/p>\n<p style=\"padding-left: 40px;\" align=\"justify\">16:00 Uhr Kaffeepause<\/p>\n<p style=\"padding-left: 40px;\" align=\"justify\">17:00 Uhr allgemeine Diskussion, Erfahrungsaustausch<\/p>\n<p style=\"padding-left: 40px;\" align=\"justify\">19:00 Uhr Abendessen, anschlie\u00dfend Abendprogramm<\/p>\n<p align=\"justify\"><b>3.) <\/b><b>Sonntag, 23.08.2020<\/b><\/p>\n<p style=\"padding-left: 40px;\" align=\"justify\">10:00 Uhr Auswertung des Wochenendes<\/p>\n<p style=\"padding-left: 40px;\" align=\"justify\">11:00 Uhr Mitgliederversammlung des Landesverbandes Sachsen-Anhalt<\/p>\n<hr \/>\n<p align=\"justify\"><b>2.1.) Stadtf\u00fchrung <\/b>(Samstag, 14:00 Uhr):<\/p>\n<p align=\"justify\"><span style=\"font-size: 14pt;\"><strong>Freiheit \u2013 durch Raum und Zeit \u2013 im Wandel der Geschichte \u2013 auf historischen Grund \u2013 an historischen Zeugnissen<\/strong><\/span><\/p>\n<p>Freiheitsauffassungen und deren Spuren im Wandel der Zeit!<\/p>\n<p>&#8211; Bildung als Machtfrage, Herrschaftswissen und die Freiheit es zu nutzen einst bis heute.<\/p>\n<p align=\"justify\">Eine Zeitreise von den Freien K\u00fcnsten, \u00fcber Thomas von Aquin, die rein geistige Freiheit im Katholizismus, \u00fcber die Ansichten Luthers, dem Kampf des aufstrebenden B\u00fcrgertums gegen den Feudalismus, die Philosophie Spinozas, welcher die Freiheit in ein Verh\u00e4ltnis zur objektiven Notwendigkeit setzt. Die franz\u00f6sische Aufkl\u00e4rung, neue Erkenntnisse, die klassische deutsche Philosophie welche das bisher erkannte einer Kritik unterzieht und wie Kant versuchte mit seiner Auffassung der Freiheit den Fatalismus des mechanischen Determinismus zu durchbrechen. Ficht, Hegel leisten ihren Beitrag und wie die gesellschaftlichen Verh\u00e4ltnisse, entwickelt sich der Freiheitsbegriff weiter, bis zum marxistischen Freiheitsbegriff, und wieder zur\u00fcck!<\/p>\n<p align=\"justify\">Freiheit im Spiegel historischen Seins, eng verbunden mit gesellschaftlicher Entwicklung, ihr geschuldet, sie bef\u00f6rdernd, es geht durch die Stadt, auf den Spuren gesellschaftlicher Entwicklung, in historischer Substanz manifestiert!<\/p>\n<p align=\"justify\">Marx: \u201e11.) Die Philosophen haben die Welt nur verschieden <i>interpretiert<\/i>; es kommt aber darauf an, sie zu <i>ver\u00e4ndern<\/i>.\u201c<\/p>\n<hr \/>\n<p>Weitere Informationen zur Veranstaltung unter:<br \/>\n<a class=\"moz-txt-link-freetext\" href=\"https:\/\/www.sachsen-anhalt.freidenker.org\/cms\/?p=611\">https:\/\/www.sachsen-anhalt.freidenker.org\/cms\/?p=611<\/a><\/p>\n<hr \/>\n<p><span style=\"font-size: 10pt;\">Bild oben: Thomas Loch<\/span><\/p>\n","protected":false},"excerpt":{"rendered":"<p><b>Offenes Bildungswochenende des Landesverbandes Sachsen-Anhalt im Deutschen Freidenker-Verband vom 21.-23. August 2020<\/b><br \/>\nLesung, Diskussion, Stadtf\u00fchrung, Unterhaltung<br \/>\n&#8211; Herausgeberlesung und Diskussion mit Heinz Hamm: Marxistische Hinsichten von Peter Hacks, Politische Schriften 1955 \u2013 2003<br \/>\n&#8211; Diskussion zum Thema \u2013 Der Freiheitsbegriff von der Antike bis zum Sozialismus \u2013<br \/>\n&#8211; Stadtf\u00fchrung: Freiheit \u2013 durch Raum und Zeit \u2013 im Wandel der Geschichte \u2013 auf historischen Grund \u2013 an historischen Zeugnissen, Bildung als Machtfrage, Herrschaftswissen und die Freiheit es zu nutzen einst bis heute.<\/p>\n","protected":false},"author":3,"featured_media":8260,"comment_status":"closed","ping_status":"closed","sticky":false,"template":"","format":"standard","meta":{"colormag_page_container_layout":"default_layout","colormag_page_sidebar_layout":"default_layout","advanced_seo_description":"","jetpack_seo_html_title":"","jetpack_seo_noindex":false,"jetpack_post_was_ever_published":false,"footnotes":""},"categories":[19],"tags":[567,1296,159,491,1034,930,1295],"class_list":["post-8255","post","type-post","status-publish","format-standard","has-post-thumbnail","hentry","category-veranstaltungen-in-den-dfv-landesverbaenden","tag-bildung","tag-diskussion","tag-freiheit","tag-geschichte","tag-marxismus","tag-quedlinburg","tag-stadtfuehrung"],"jetpack_featured_media_url":"https:\/\/i0.wp.com\/www.freidenker.org\/fw17\/wp-content\/uploads\/2020\/06\/Lesung_hacks_800x450.jpg?fit=799%2C450&ssl=1","jetpack_shortlink":"https:\/\/wp.me\/p9stpK-299","jetpack-related-posts":[{"id":13731,"url":"https:\/\/www.freidenker.org\/?p=13731","url_meta":{"origin":8255,"position":0},"title":"12.\u201314.08.2022: Offenes Bildungswochenende in Quedlinburg.","author":"Webredaktion","date":"9. Juli 2022","format":false,"excerpt":"Offenes Bildungswochenende des Landesverbandes Sachsen-Anhalt im Deutschen Freidenker-Verband vom 12.\u201314.08.2022 in Quedlinburg. Aus dem Programm: - Lesung mit dem Autor J\u00fcrgen Leskien - Diskussion zum Thema: Krieg und Frieden - Krieg ein Mittel der Politik, nicht nur der imperialistischen. - Thematische Stadtf\u00fchrung (Quedlinburg wurde nie durch Kriege zerst\u00f6rt, einschneidende Spuren\u2026","rel":"","context":"In &quot;Kultur &amp; Kunst&quot;","block_context":{"text":"Kultur &amp; Kunst","link":"https:\/\/www.freidenker.org\/?cat=913"},"img":{"alt_text":"","src":"https:\/\/i0.wp.com\/www.freidenker.org\/fw17\/wp-content\/uploads\/2022\/07\/Loch_Collage_Bildungswochenende2022.jpg?fit=800%2C450&ssl=1&resize=350%2C200","width":350,"height":200,"srcset":"https:\/\/i0.wp.com\/www.freidenker.org\/fw17\/wp-content\/uploads\/2022\/07\/Loch_Collage_Bildungswochenende2022.jpg?fit=800%2C450&ssl=1&resize=350%2C200 1x, https:\/\/i0.wp.com\/www.freidenker.org\/fw17\/wp-content\/uploads\/2022\/07\/Loch_Collage_Bildungswochenende2022.jpg?fit=800%2C450&ssl=1&resize=525%2C300 1.5x, https:\/\/i0.wp.com\/www.freidenker.org\/fw17\/wp-content\/uploads\/2022\/07\/Loch_Collage_Bildungswochenende2022.jpg?fit=800%2C450&ssl=1&resize=700%2C400 2x"},"classes":[]},{"id":11038,"url":"https:\/\/www.freidenker.org\/?p=11038","url_meta":{"origin":8255,"position":1},"title":"20.-22.08.2021: Bildungswochenende in Quedlinburg","author":"Webredaktion","date":"14. August 2021","format":false,"excerpt":"Offenes Bildungswochenende des Landesverbandes Sachsen-Anhalt im Deutschen Freidenker-Verband in Quedlinburg 20.\u201322.08.2021 Aus dem Programm: - \u201eWarten wir die Zukunft ab\u201c - Hartmut K\u00f6nig liest aus seiner Autobiographie mit musikalischen Einlagen - Diskussion zum Thema \u2013 Demokratie, was immer sie auch ist, \u2026 was ist sie eigentlich? \u2013 - thematische Stadtf\u00fchrung\u2026","rel":"","context":"In &quot;Kultur &amp; Kunst&quot;","block_context":{"text":"Kultur &amp; Kunst","link":"https:\/\/www.freidenker.org\/?cat=913"},"img":{"alt_text":"","src":"https:\/\/i0.wp.com\/www.freidenker.org\/fw17\/wp-content\/uploads\/2021\/08\/hartmut_koenig_800x450.jpg?fit=800%2C450&ssl=1&resize=350%2C200","width":350,"height":200,"srcset":"https:\/\/i0.wp.com\/www.freidenker.org\/fw17\/wp-content\/uploads\/2021\/08\/hartmut_koenig_800x450.jpg?fit=800%2C450&ssl=1&resize=350%2C200 1x, https:\/\/i0.wp.com\/www.freidenker.org\/fw17\/wp-content\/uploads\/2021\/08\/hartmut_koenig_800x450.jpg?fit=800%2C450&ssl=1&resize=525%2C300 1.5x, https:\/\/i0.wp.com\/www.freidenker.org\/fw17\/wp-content\/uploads\/2021\/08\/hartmut_koenig_800x450.jpg?fit=800%2C450&ssl=1&resize=700%2C400 2x"},"classes":[]},{"id":16630,"url":"https:\/\/www.freidenker.org\/?p=16630","url_meta":{"origin":8255,"position":2},"title":"Bildungswochenende: Der gegenw\u00e4rtige Kapitalismus","author":"Webredaktion","date":"16. Juli 2023","format":false,"excerpt":"Offenes Bildungswochenende des Landesverbandes Sachsen-Anhalt im Deutschen Freidenker-Verband 11. \u2013 13.08.2023 in Quedlinburg. Seit Gr\u00fcndung des Landesverbandes Sachsen-Anhalt im Deutsche Freidenker-Verband, findet j\u00e4hrlich im Rahmen einer offenen Bildungsveranstaltung ein zentrales Treffen in der Stadt der Gr\u00fcndung statt. Dort treffen sich nicht nur Mitglieder des Verbandes, sondern es k\u00f6nnen immer auch\u2026","rel":"","context":"In &quot;Veranstaltungen in den DFV-Landesverb\u00e4nden&quot;","block_context":{"text":"Veranstaltungen in den DFV-Landesverb\u00e4nden","link":"https:\/\/www.freidenker.org\/?cat=19"},"img":{"alt_text":"","src":"https:\/\/i0.wp.com\/www.freidenker.org\/fw17\/wp-content\/uploads\/2023\/07\/seminar_quedlinburg_2023-08_800x450.jpg?fit=800%2C450&ssl=1&resize=350%2C200","width":350,"height":200,"srcset":"https:\/\/i0.wp.com\/www.freidenker.org\/fw17\/wp-content\/uploads\/2023\/07\/seminar_quedlinburg_2023-08_800x450.jpg?fit=800%2C450&ssl=1&resize=350%2C200 1x, https:\/\/i0.wp.com\/www.freidenker.org\/fw17\/wp-content\/uploads\/2023\/07\/seminar_quedlinburg_2023-08_800x450.jpg?fit=800%2C450&ssl=1&resize=525%2C300 1.5x, https:\/\/i0.wp.com\/www.freidenker.org\/fw17\/wp-content\/uploads\/2023\/07\/seminar_quedlinburg_2023-08_800x450.jpg?fit=800%2C450&ssl=1&resize=700%2C400 2x"},"classes":[]},{"id":21275,"url":"https:\/\/www.freidenker.org\/?p=21275","url_meta":{"origin":8255,"position":3},"title":"Freidenker-Treffen Sachsen-Anhalt 2025 und Konferenz &#8222;Thomas M\u00fcntzer \u2013 500 Jahre Deutscher Bauernkrieg&#8220;","author":"Webredaktion","date":"27. M\u00e4rz 2025","format":false,"excerpt":"Epochen des Umbruch! Freidenker-Treffen Sachsen-Anhalt 2025 Am Wochenende vom 25. bis 27.04.2025 findet in Quedlinburg das diesj\u00e4hrige offene Bildungswochenende des Landesverbandes Sachsen-Anhalt im Deutschen Freidenker-Verband in Quedlinburg statt. Am Freitag den 25.04.2025 wird es ab 19:00 Uhr eine Lesung mit Diskussion zum Thema des Wochenendes, Epochen des Umbruch und die\u2026","rel":"","context":"In &quot;Kultur &amp; Kunst&quot;","block_context":{"text":"Kultur &amp; Kunst","link":"https:\/\/www.freidenker.org\/?cat=913"},"img":{"alt_text":"","src":"https:\/\/i0.wp.com\/www.freidenker.org\/fw17\/wp-content\/uploads\/2025\/03\/Muentzer-Kolage2_800x450.jpg?fit=800%2C450&ssl=1&resize=350%2C200","width":350,"height":200,"srcset":"https:\/\/i0.wp.com\/www.freidenker.org\/fw17\/wp-content\/uploads\/2025\/03\/Muentzer-Kolage2_800x450.jpg?fit=800%2C450&ssl=1&resize=350%2C200 1x, https:\/\/i0.wp.com\/www.freidenker.org\/fw17\/wp-content\/uploads\/2025\/03\/Muentzer-Kolage2_800x450.jpg?fit=800%2C450&ssl=1&resize=525%2C300 1.5x, https:\/\/i0.wp.com\/www.freidenker.org\/fw17\/wp-content\/uploads\/2025\/03\/Muentzer-Kolage2_800x450.jpg?fit=800%2C450&ssl=1&resize=700%2C400 2x"},"classes":[]},{"id":4654,"url":"https:\/\/www.freidenker.org\/?p=4654","url_meta":{"origin":8255,"position":4},"title":"15.03.2018 &#8211; Kritik des Computers, Autorenlesung mit Werner Seppmann","author":"Webredaktion","date":"27. Februar 2018","format":false,"excerpt":"Der Deutsche Freidenker-Verband e.V. Quedlinburg und der Rosa-Luxemburg-Club Harz laden am 15.3.2018 um 20:00 Uhr zu einer Autorenlesung mit Werner Seppmann zu seinem Buch \"Kritik des Computers\" aus dem Angroven-Verlag ein.","rel":"","context":"In &quot;Veranstaltungen in den DFV-Landesverb\u00e4nden&quot;","block_context":{"text":"Veranstaltungen in den DFV-Landesverb\u00e4nden","link":"https:\/\/www.freidenker.org\/?cat=19"},"img":{"alt_text":"","src":"https:\/\/i0.wp.com\/www.freidenker.org\/fw17\/wp-content\/uploads\/2018\/02\/buecherfruehling.jpg?fit=800%2C445&ssl=1&resize=350%2C200","width":350,"height":200,"srcset":"https:\/\/i0.wp.com\/www.freidenker.org\/fw17\/wp-content\/uploads\/2018\/02\/buecherfruehling.jpg?fit=800%2C445&ssl=1&resize=350%2C200 1x, https:\/\/i0.wp.com\/www.freidenker.org\/fw17\/wp-content\/uploads\/2018\/02\/buecherfruehling.jpg?fit=800%2C445&ssl=1&resize=525%2C300 1.5x, https:\/\/i0.wp.com\/www.freidenker.org\/fw17\/wp-content\/uploads\/2018\/02\/buecherfruehling.jpg?fit=800%2C445&ssl=1&resize=700%2C400 2x"},"classes":[]},{"id":4448,"url":"https:\/\/www.freidenker.org\/?p=4448","url_meta":{"origin":8255,"position":5},"title":"&#8222;Handwerk unterm Hakenkreuz&#8220;","author":"Webredaktion","date":"13. Februar 2018","format":false,"excerpt":"Lesung von und mit Witold Fischer am 21.02.2018 in Quedlinburg Erhebungen zur sozialen Basis von AfD, PEGIDA und \u00e4hnlichen Organisationen, Str\u00f6mungen usw. zeigen, da\u00df deren soziale Basis \u00fcberproportional aus Handwerkern, kleinen Gewerbetreibenden, Freiberuflern, kleinen und mittleren Unternehmern besteht. Fr\u00fcher hat man diese Klasse als Kleinb\u00fcrgertum oder kleine Warenproduzenten bezeichnet. Das\u2026","rel":"","context":"In &quot;Geschichte&quot;","block_context":{"text":"Geschichte","link":"https:\/\/www.freidenker.org\/?cat=1162"},"img":{"alt_text":"DFV Sachsen-Anhalt, Quedlinburg, 21.02.2018, Lesung","src":"https:\/\/i0.wp.com\/www.freidenker.org\/fw17\/wp-content\/uploads\/2018\/02\/dfv_saah_qb_21022018.jpg?fit=800%2C445&ssl=1&resize=350%2C200","width":350,"height":200,"srcset":"https:\/\/i0.wp.com\/www.freidenker.org\/fw17\/wp-content\/uploads\/2018\/02\/dfv_saah_qb_21022018.jpg?fit=800%2C445&ssl=1&resize=350%2C200 1x, https:\/\/i0.wp.com\/www.freidenker.org\/fw17\/wp-content\/uploads\/2018\/02\/dfv_saah_qb_21022018.jpg?fit=800%2C445&ssl=1&resize=525%2C300 1.5x, https:\/\/i0.wp.com\/www.freidenker.org\/fw17\/wp-content\/uploads\/2018\/02\/dfv_saah_qb_21022018.jpg?fit=800%2C445&ssl=1&resize=700%2C400 2x"},"classes":[]}],"_links":{"self":[{"href":"https:\/\/www.freidenker.org\/index.php?rest_route=\/wp\/v2\/posts\/8255","targetHints":{"allow":["GET"]}}],"collection":[{"href":"https:\/\/www.freidenker.org\/index.php?rest_route=\/wp\/v2\/posts"}],"about":[{"href":"https:\/\/www.freidenker.org\/index.php?rest_route=\/wp\/v2\/types\/post"}],"author":[{"embeddable":true,"href":"https:\/\/www.freidenker.org\/index.php?rest_route=\/wp\/v2\/users\/3"}],"replies":[{"embeddable":true,"href":"https:\/\/www.freidenker.org\/index.php?rest_route=%2Fwp%2Fv2%2Fcomments&post=8255"}],"version-history":[{"count":0,"href":"https:\/\/www.freidenker.org\/index.php?rest_route=\/wp\/v2\/posts\/8255\/revisions"}],"wp:featuredmedia":[{"embeddable":true,"href":"https:\/\/www.freidenker.org\/index.php?rest_route=\/wp\/v2\/media\/8260"}],"wp:attachment":[{"href":"https:\/\/www.freidenker.org\/index.php?rest_route=%2Fwp%2Fv2%2Fmedia&parent=8255"}],"wp:term":[{"taxonomy":"category","embeddable":true,"href":"https:\/\/www.freidenker.org\/index.php?rest_route=%2Fwp%2Fv2%2Fcategories&post=8255"},{"taxonomy":"post_tag","embeddable":true,"href":"https:\/\/www.freidenker.org\/index.php?rest_route=%2Fwp%2Fv2%2Ftags&post=8255"}],"curies":[{"name":"wp","href":"https:\/\/api.w.org\/{rel}","templated":true}]}}