{"id":8234,"date":"2020-06-16T23:59:06","date_gmt":"2020-06-16T21:59:06","guid":{"rendered":"https:\/\/www.freidenker.org\/?p=8234"},"modified":"2020-06-27T11:31:37","modified_gmt":"2020-06-27T09:31:37","slug":"warum-wir-als-buerger-nicht-schweigen-duerfen","status":"publish","type":"post","link":"https:\/\/www.freidenker.org\/?p=8234","title":{"rendered":"Warum wir als B\u00fcrger nicht schweigen d\u00fcrfen"},"content":{"rendered":"<div class=\"post-content\">\n<p><em>Leserbrief vom <strong>Bernd Duschner<\/strong>. Erschienen im Pfaffenhofener Kurier am 25. Mai 2020<\/em><\/p>\n<p>Ich kann es nur begr\u00fc\u00dfen, dass sich auch in unserer Stadt immer mehr B\u00fcrger f\u00fcr den Erhalt der Umwelt, unserer Gesundheit und der verfassungsm\u00e4\u00dfigen Grundrechte einsetzen und sich keinen Maulkorb umh\u00e4ngen lassen.<\/p>\n<p>Bereits seit Jahren betreibt die Bundesregierung den Umbau unseres Gesundheitswesens. Aus einem Bereich der \u00f6ffentlichen Daseinsf\u00fcrsorge soll ein Wirtschaftszweig werden, der Ertr\u00e4ge zu erwirtschaften hat. Die Herstellung von Arzneimitteln,\u00a0 Antibiotika, Hilfsmitteln wie Schutzausr\u00fcstung und Atemschutzkleidung wurde weitgehend in Billigstlohnl\u00e4nder verlegt. Ein Drittel unsere Krankenh\u00e4user wurde Privatkonzernen \u00fcberlassen, die die sich als Rosinenpicker auf die hochverg\u00fctete Operationen spezialisieren und damit jedes Jahr Milliarden Betr\u00e4ge aus den Krankenkassen in die Taschen ihrer Gro\u00dfaktion\u00e4re umleiten. Durch das Verg\u00fctungssystem der Diagnosebezogenen Fallpauschale, bei dem unsere Krankenh\u00e4user f\u00fcr jeden station\u00e4re Behandlungsfall mit einer Pauschale und nicht den tats\u00e4chlichen Kosten bezahlt werden, werden sie gezwungen, Patienten in k\u00fcrzester Zeit abzufertigen, Pflegepersonal, Reinigungspersonal und \u201e\u00dcberkapazit\u00e4ten\u201c an Krankenhausbetten f\u00fcr Notsituationen rigoros abzubauen. Ausreichende Schutzausr\u00fcstung f\u00fcr den Fall eines schwerwiegendes Seuchenereignis durch Corona-Viren vorzuhalten, wie es bereits im Januar 2013 (!) das Robert-Koch-Institut in einer Studie gefordert hatte, hielten Kanzlerin Merkel und ihr Gesundheitsminister Spahn nicht f\u00fcr notwendig. Wir k\u00f6nnen vom Gl\u00fcck sprechen, dass sie die von der Bertelsmann-Stiftung empfohlene Schlie\u00dfung der H\u00e4lfte unserer Krankenh\u00e4user noch nicht umsetzen konnten und uns China im April Schutzmasken lieferte, so dass die Mitarbeiter in unseren Krankenh\u00e4usern, Alten- und Pflegeheimen damit ausgestattet werden konnten. Es ist deutlich geworden, dass wir eine Umorientierung in der Gesundheitspolitik brauchen: Sie hat sich ausschlie\u00dflich an der Sicherstellung bestm\u00f6glicher Versorgung der Bev\u00f6lkerung zu orientieren. Die Krankenh\u00e4user sind personell bei Pflege- und Reinigungskr\u00e4ften (j\u00e4hrlich 25.000 Tote durch multiresistente Krankenhauskeime) deutlich aufzustocken, private Profitinteressen haben in diesem Bereich nichts verloren. Wollen wir f\u00fcr die Zukunft das Risiko von Epidemien minimieren, muss zudem wesentlich mehr f\u00fcr die Erhaltung von Artenvielfalt und nat\u00fcrlicher Umwelt getan werden.<\/p>\n<p>Sinnvolle Ma\u00dfnahmen gegen die Ausbreitung Epidemie unterst\u00fctzen alle. Dazu geh\u00f6rt allerdings nicht das Verbreiten von Panik und der Angst vor der Begegnung und Gespr\u00e4ch mit unseren Mitmenschen, in denen nur noch potentielle Virentr\u00e4ger gesehen werden. Eine solche Panikmache gef\u00e4hrdet jedes gesellschaftliche Zusammenleben, jede Freude am Leben und unsere Gesundheit. Grundlegende Verfassungsrechte d\u00fcrfen auch in einer Krise nicht willk\u00fcrlich au\u00dfer Kraft gesetzt werden. Wenn Superm\u00e4rkte bei Beachtung bestimmter Auflagen offengehalten werden konnten, warum sollte dasselbe nicht auch f\u00fcr Kirchen, Museen, \u00f6ffentliche Bibliotheken und Buchl\u00e4den m\u00f6glich gewesen sein?\u00a0 Bereits vor dem \u201eshut down\u201c war zu erkennen, dass wir vor einer schweren Wirtschaftskrise stehen. Die Industrieproduktion war bereits 2019 zur\u00fcckgegangen, die Automobilproduktion um 11,5% eingebrochen, die Handelskonflikte zwischen USA und China hatten sich versch\u00e4rft. Millionen Menschen, Gewerbetreibende, Selbstst\u00e4ndige und Arbeitnehmer sehen heute ihre wirtschaftliche Existenz bedroht. Mit Rettungspaketen von Hunderten Milliarden will die Regierung die Wirtschaft st\u00fctzen. Dabei wird entschieden, wem diese Gelder zuflie\u00dfen, mit welcher Zielsetzung sie verwendet werden, wie Wirtschaft und Gesellschaft nach der Krise aussehen sollen. Es wird entschieden, wer letztlich die Kosten zu tragen hat. Wichtige Entscheidungen werden in der Au\u00dfenpolitik getroffen, wie der geplante Ankauf von US Kampfflugzeugen zum Abwurf von Atomwaffen zeigt. Diese Entscheidungen betreffen unsere und die Zukunft unserer Kinder. Deshalb ist es nicht zu akzeptieren, dass wir B\u00fcrger darauf keinen Einfluss haben sollen. Seit Monaten wird uns von den Beh\u00f6rden \u2013 auch wenn alle verlangten Sicherheitsvorschriften eingehalten werden \u2013 generell\u00a0 die Durchf\u00fchrung von Diskussionsveranstaltungen, Informationsst\u00e4nde, die Verbreitung der eigenen Meinung mit Flugbl\u00e4ttern untersagt.\u00a0 Genau aus diesen Gr\u00fcnden sind Proteste notwendig, soll unsere Demokratie erhalten und eine R\u00fcckkehr in den Obrigkeitsstaat verhindert werden.<\/p>\n<p style=\"text-align: right;\"><em>Bernd Duschner ist Sprecher der Hilfsorganisation Freundschaft mit Valjevo e.V.<br \/>\nund Mitglied des Deutschen Freidenker-Verbandes<\/em><\/p>\n<p><span style=\"font-size: 10pt;\">Der Beitrag wurde \u00fcbernommen von der Webseite des Vereins <a href=\"http:\/\/www.freundschaft-mit-valjevo.de\/wordpress\/warum-wir-als-buerger-nicht-schweigen-duerfen\/\" target=\"_blank\" rel=\"noopener noreferrer\">Freundschaft mit Valjevo e.V.<\/a>,\u00a0 dort ver\u00f6ffentlicht am 03. Juni 2020<\/span><\/p>\n<hr \/>\n<p><span style=\"font-size: 10pt;\">Bild: <a href=\"https:\/\/pixabay.com\/de\/photos\/zeitung-leeuwarder-courant-presse-444447\/\" target=\"_blank\" rel=\"noopener noreferrer\">pixabay.com<\/a> \/ <a class=\"hover_opacity\" href=\"https:\/\/pixabay.com\/de\/users\/Andrys-439428\/\">Andrys<\/a> \/ <a href=\"https:\/\/pixabay.com\/de\/service\/license\/\">Pixabay License<\/a><br \/>\n<\/span><\/p>\n<\/div>\n","protected":false},"excerpt":{"rendered":"<p><b>Leserbrief vom Bernd Duschner. Erschienen im Pfaffenhofener Kurier am 25. Mai 2020<\/b><br \/>\n&#8230; Sinnvolle Ma\u00dfnahmen gegen die Ausbreitung der Corona-Epidemie unterst\u00fctzen alle. Dazu geh\u00f6rt allerdings nicht das Verbreiten von Panik und der Angst vor der Begegnung und Gespr\u00e4ch mit unseren Mitmenschen, in denen nur noch potentielle Virentr\u00e4ger gesehen werden. Eine solche Panikmache gef\u00e4hrdet jedes gesellschaftliche Zusammenleben, jede Freude am Leben und unsere Gesundheit. Grundlegende Verfassungsrechte d\u00fcrfen auch in einer Krise nicht willk\u00fcrlich au\u00dfer Kraft gesetzt werden.<\/p>\n","protected":false},"author":3,"featured_media":8247,"comment_status":"closed","ping_status":"closed","sticky":false,"template":"","format":"standard","meta":{"colormag_page_container_layout":"default_layout","colormag_page_sidebar_layout":"default_layout","advanced_seo_description":"","jetpack_seo_html_title":"","jetpack_seo_noindex":false,"jetpack_post_was_ever_published":false,"footnotes":""},"categories":[11],"tags":[1256,162,577,391,180,1257],"class_list":["post-8234","post","type-post","status-publish","format-standard","has-post-thumbnail","hentry","category-arbeit-soziales","tag-corona-virus","tag-demokratie","tag-gesundheitspolitik","tag-gesundheitswesen","tag-krise","tag-pandemie"],"jetpack_featured_media_url":"https:\/\/i0.wp.com\/www.freidenker.org\/fw17\/wp-content\/uploads\/2020\/06\/newspapers-444447_800x450.jpg?fit=800%2C450&ssl=1","jetpack_shortlink":"https:\/\/wp.me\/p9stpK-28O","jetpack-related-posts":[{"id":8317,"url":"https:\/\/www.freidenker.org\/?p=8317","url_meta":{"origin":8234,"position":0},"title":"Bei Anti-China-Kampagnen gilt keine Meinungsfreiheit","author":"Webredaktion","date":"22. Juni 2020","format":false,"excerpt":"Beitrag von R\u00fcdiger Rauls Am 15.6.2020 sollte im Fernsehen des S\u00fcdWestRundfunk eine Dokumentation \u00fcber die Bew\u00e4ltigung der Corona-Epidemie in China gesendet werden unter dem Titel \"Wuhan-Chronik eines Ausbruchs\". Dieser Beitrag wurde auf massiven Druck der FAZ und vermutlich anderer westlicher Medien nicht gesendet. Tenor der Kritik: Der Beitrag zeichnet ein\u2026","rel":"","context":"In &quot;Demokratie \u2013 Medien \u2013 Aufkl\u00e4rung&quot;","block_context":{"text":"Demokratie \u2013 Medien \u2013 Aufkl\u00e4rung","link":"https:\/\/www.freidenker.org\/?cat=12"},"img":{"alt_text":"","src":"https:\/\/i0.wp.com\/www.freidenker.org\/fw17\/wp-content\/uploads\/2020\/06\/Staff_monitoring_Wuhan_coronavirus_outbreak_800x450.jpg?fit=800%2C450&ssl=1&resize=350%2C200","width":350,"height":200,"srcset":"https:\/\/i0.wp.com\/www.freidenker.org\/fw17\/wp-content\/uploads\/2020\/06\/Staff_monitoring_Wuhan_coronavirus_outbreak_800x450.jpg?fit=800%2C450&ssl=1&resize=350%2C200 1x, https:\/\/i0.wp.com\/www.freidenker.org\/fw17\/wp-content\/uploads\/2020\/06\/Staff_monitoring_Wuhan_coronavirus_outbreak_800x450.jpg?fit=800%2C450&ssl=1&resize=525%2C300 1.5x, https:\/\/i0.wp.com\/www.freidenker.org\/fw17\/wp-content\/uploads\/2020\/06\/Staff_monitoring_Wuhan_coronavirus_outbreak_800x450.jpg?fit=800%2C450&ssl=1&resize=700%2C400 2x"},"classes":[]},{"id":386,"url":"https:\/\/www.freidenker.org\/?p=386","url_meta":{"origin":8234,"position":1},"title":"\u201eRechtsstaat\u201c \u2013 Eine Bilanz nach 20 Jahren","author":"Webmaster","date":"17. Juli 2010","format":false,"excerpt":"Beitrag von Erich Buchholz aus FREIDENKER 2-10 Die Freidenker und ihre verschiedenen Vorl\u00e4ufer, so die Aufkl\u00e4rer, geh\u00f6rten stets zu den aufgeschlossenen progressiven Kr\u00e4ften der Gesellschaft. Das war in der DDR nicht anders, unabh\u00e4ngig von einer Einbindung in politische Parteien oder Organisationen. Viele von ihnen erkannten \u2013 oder erahnten \u2013 im\u2026","rel":"","context":"In &quot;Demokratie \u2013 Medien \u2013 Aufkl\u00e4rung&quot;","block_context":{"text":"Demokratie \u2013 Medien \u2013 Aufkl\u00e4rung","link":"https:\/\/www.freidenker.org\/?cat=12"},"img":{"alt_text":"","src":"https:\/\/i0.wp.com\/www.freidenker.org\/fw17\/wp-content\/uploads\/2016\/08\/Justitia-1.jpg?fit=800%2C445&ssl=1&resize=350%2C200","width":350,"height":200,"srcset":"https:\/\/i0.wp.com\/www.freidenker.org\/fw17\/wp-content\/uploads\/2016\/08\/Justitia-1.jpg?fit=800%2C445&ssl=1&resize=350%2C200 1x, https:\/\/i0.wp.com\/www.freidenker.org\/fw17\/wp-content\/uploads\/2016\/08\/Justitia-1.jpg?fit=800%2C445&ssl=1&resize=525%2C300 1.5x, https:\/\/i0.wp.com\/www.freidenker.org\/fw17\/wp-content\/uploads\/2016\/08\/Justitia-1.jpg?fit=800%2C445&ssl=1&resize=700%2C400 2x"},"classes":[]},{"id":12501,"url":"https:\/\/www.freidenker.org\/?p=12501","url_meta":{"origin":8234,"position":2},"title":"Ein Montagsspaziergang in G\u00f6ttingen","author":"Webredaktion","date":"24. M\u00e4rz 2022","format":false,"excerpt":"Beitrag von Wolfgang Bittner Am 21. M\u00e4rz nahm ich an einem angemeldeten \u201eMontags-Spaziergang\u201c in G\u00f6ttingen teil. Den Ausschlag hatte ein Bericht in der Lokalzeitung gegeben, wonach sich Kritiker der Corona-Ma\u00dfnahmen und \u201eQuerdenker\u201c den Vorwurf gefallen lassen m\u00fcssten, \u201eMitl\u00e4ufer bei einer rechtsextremen Kampagne zu sein\u201c. Zitiert wurde ein Politologe der Universit\u00e4t,\u2026","rel":"","context":"In &quot;Demokratie \u2013 Medien \u2013 Aufkl\u00e4rung&quot;","block_context":{"text":"Demokratie \u2013 Medien \u2013 Aufkl\u00e4rung","link":"https:\/\/www.freidenker.org\/?cat=12"},"img":{"alt_text":"","src":"https:\/\/i0.wp.com\/www.freidenker.org\/fw17\/wp-content\/uploads\/2022\/03\/MontagsspaziergangB21.3.22_800x450.jpg?fit=800%2C450&ssl=1&resize=350%2C200","width":350,"height":200,"srcset":"https:\/\/i0.wp.com\/www.freidenker.org\/fw17\/wp-content\/uploads\/2022\/03\/MontagsspaziergangB21.3.22_800x450.jpg?fit=800%2C450&ssl=1&resize=350%2C200 1x, https:\/\/i0.wp.com\/www.freidenker.org\/fw17\/wp-content\/uploads\/2022\/03\/MontagsspaziergangB21.3.22_800x450.jpg?fit=800%2C450&ssl=1&resize=525%2C300 1.5x, https:\/\/i0.wp.com\/www.freidenker.org\/fw17\/wp-content\/uploads\/2022\/03\/MontagsspaziergangB21.3.22_800x450.jpg?fit=800%2C450&ssl=1&resize=700%2C400 2x"},"classes":[]},{"id":9083,"url":"https:\/\/www.freidenker.org\/?p=9083","url_meta":{"origin":8234,"position":3},"title":"Wir trauern um Prof. Erich Buchholz","author":"Webredaktion","date":"25. Dezember 2020","format":false,"excerpt":"Nachruf auf Prof. Dr. jur. habil. Erich Buchholz, 08.02.1927 \u2013 11.12.2020 Erich Buchholz, in Berlin geboren und aufgewachsen, studierte 1948 bis 1952 Rechtswissenschaften an der Humboldt-Universit\u00e4t. Nach der Promotion 1953 und seiner Habilitation 1963 wurde er 1965 Professor und war von 1966 bis 1989 Dekan der Juristischen Fakult\u00e4t sowie Leiter\u2026","rel":"","context":"In &quot;Weltliche Trauerkultur&quot;","block_context":{"text":"Weltliche Trauerkultur","link":"https:\/\/www.freidenker.org\/?cat=17"},"img":{"alt_text":"","src":"https:\/\/i0.wp.com\/www.freidenker.org\/fw17\/wp-content\/uploads\/2020\/12\/Erich_Buchholz-1.jpg?fit=800%2C450&ssl=1&resize=350%2C200","width":350,"height":200,"srcset":"https:\/\/i0.wp.com\/www.freidenker.org\/fw17\/wp-content\/uploads\/2020\/12\/Erich_Buchholz-1.jpg?fit=800%2C450&ssl=1&resize=350%2C200 1x, https:\/\/i0.wp.com\/www.freidenker.org\/fw17\/wp-content\/uploads\/2020\/12\/Erich_Buchholz-1.jpg?fit=800%2C450&ssl=1&resize=525%2C300 1.5x, https:\/\/i0.wp.com\/www.freidenker.org\/fw17\/wp-content\/uploads\/2020\/12\/Erich_Buchholz-1.jpg?fit=800%2C450&ssl=1&resize=700%2C400 2x"},"classes":[]},{"id":24957,"url":"https:\/\/www.freidenker.org\/?p=24957","url_meta":{"origin":8234,"position":4},"title":"Verfassungsschutz: &#8222;Delegitimierung&#8220; gestrichen, aber keine Einsicht","author":"Webredaktion","date":"22. April 2026","format":false,"excerpt":"Beitrag von Dagmar Henn Als pl\u00f6tzlich \u2013 nach Jahrzehnten \u00fcbrigens \u2013 eine neue Kategorie in den Verfassungsschutzberichten auftauchte, mit der \u00dcberschrift \"verfassungsschutzrelevante Delegitimierung des Staates\", war das mehr als seltsam. Man k\u00f6nnte daher hoffen, dass ihr Verschwinden eine R\u00fcckkehr zur Normalit\u00e4t andeutet. Aber dieser Eindruck t\u00e4uscht wieder einmal. Der Begriff\u2026","rel":"","context":"In &quot;Aktuelles&quot;","block_context":{"text":"Aktuelles","link":"https:\/\/www.freidenker.org\/?cat=574"},"img":{"alt_text":"","src":"https:\/\/i0.wp.com\/www.freidenker.org\/fw17\/wp-content\/uploads\/2026\/04\/Conspiracist_demonstration_Berlin_2020-11-18_243_800x450.jpg?fit=800%2C450&ssl=1&resize=350%2C200","width":350,"height":200,"srcset":"https:\/\/i0.wp.com\/www.freidenker.org\/fw17\/wp-content\/uploads\/2026\/04\/Conspiracist_demonstration_Berlin_2020-11-18_243_800x450.jpg?fit=800%2C450&ssl=1&resize=350%2C200 1x, https:\/\/i0.wp.com\/www.freidenker.org\/fw17\/wp-content\/uploads\/2026\/04\/Conspiracist_demonstration_Berlin_2020-11-18_243_800x450.jpg?fit=800%2C450&ssl=1&resize=525%2C300 1.5x, https:\/\/i0.wp.com\/www.freidenker.org\/fw17\/wp-content\/uploads\/2026\/04\/Conspiracist_demonstration_Berlin_2020-11-18_243_800x450.jpg?fit=800%2C450&ssl=1&resize=700%2C400 2x"},"classes":[]},{"id":11334,"url":"https:\/\/www.freidenker.org\/?p=11334","url_meta":{"origin":8234,"position":5},"title":"Der Name Slobodan Milo\u0161evi\u0107 ist ein Symbol f\u00fcr den nationalen Widerstand gegen den Imperialismus","author":"Webredaktion","date":"4. Oktober 2021","format":false,"excerpt":"Rede von Sebastian Bahlo auf der internationalen Online Konferenz \"MILOSEVIC - GEGEN NATO-VERBRECHEN, F\u00dcR EINE NEUE WELT\" am 1. Oktober 2021 ... Der Name Slobodan Milo\u0161evi\u0107 hat eine wichtige Bedeutung f\u00fcr die Menschheit. Er war ein Politiker, wie man ihn zumindest in der westlichen Welt nicht mehr sieht. Geleitet von\u2026","rel":"","context":"In &quot;Frieden - Antifaschismus - Solidarit\u00e4t&quot;","block_context":{"text":"Frieden - Antifaschismus - Solidarit\u00e4t","link":"https:\/\/www.freidenker.org\/?cat=13"},"img":{"alt_text":"","src":"https:\/\/i0.wp.com\/www.freidenker.org\/fw17\/wp-content\/uploads\/2021\/10\/Milosevic-Konferenz_Bahlo_800x450.jpg?fit=800%2C450&ssl=1&resize=350%2C200","width":350,"height":200,"srcset":"https:\/\/i0.wp.com\/www.freidenker.org\/fw17\/wp-content\/uploads\/2021\/10\/Milosevic-Konferenz_Bahlo_800x450.jpg?fit=800%2C450&ssl=1&resize=350%2C200 1x, https:\/\/i0.wp.com\/www.freidenker.org\/fw17\/wp-content\/uploads\/2021\/10\/Milosevic-Konferenz_Bahlo_800x450.jpg?fit=800%2C450&ssl=1&resize=525%2C300 1.5x, https:\/\/i0.wp.com\/www.freidenker.org\/fw17\/wp-content\/uploads\/2021\/10\/Milosevic-Konferenz_Bahlo_800x450.jpg?fit=800%2C450&ssl=1&resize=700%2C400 2x"},"classes":[]}],"_links":{"self":[{"href":"https:\/\/www.freidenker.org\/index.php?rest_route=\/wp\/v2\/posts\/8234","targetHints":{"allow":["GET"]}}],"collection":[{"href":"https:\/\/www.freidenker.org\/index.php?rest_route=\/wp\/v2\/posts"}],"about":[{"href":"https:\/\/www.freidenker.org\/index.php?rest_route=\/wp\/v2\/types\/post"}],"author":[{"embeddable":true,"href":"https:\/\/www.freidenker.org\/index.php?rest_route=\/wp\/v2\/users\/3"}],"replies":[{"embeddable":true,"href":"https:\/\/www.freidenker.org\/index.php?rest_route=%2Fwp%2Fv2%2Fcomments&post=8234"}],"version-history":[{"count":0,"href":"https:\/\/www.freidenker.org\/index.php?rest_route=\/wp\/v2\/posts\/8234\/revisions"}],"wp:featuredmedia":[{"embeddable":true,"href":"https:\/\/www.freidenker.org\/index.php?rest_route=\/wp\/v2\/media\/8247"}],"wp:attachment":[{"href":"https:\/\/www.freidenker.org\/index.php?rest_route=%2Fwp%2Fv2%2Fmedia&parent=8234"}],"wp:term":[{"taxonomy":"category","embeddable":true,"href":"https:\/\/www.freidenker.org\/index.php?rest_route=%2Fwp%2Fv2%2Fcategories&post=8234"},{"taxonomy":"post_tag","embeddable":true,"href":"https:\/\/www.freidenker.org\/index.php?rest_route=%2Fwp%2Fv2%2Ftags&post=8234"}],"curies":[{"name":"wp","href":"https:\/\/api.w.org\/{rel}","templated":true}]}}