{"id":8173,"date":"2020-06-05T11:18:47","date_gmt":"2020-06-05T09:18:47","guid":{"rendered":"https:\/\/www.freidenker.org\/?p=8173"},"modified":"2020-06-20T13:12:47","modified_gmt":"2020-06-20T11:12:47","slug":"sind-corona-hygienedemos-die-falschen-proteste","status":"publish","type":"post","link":"https:\/\/www.freidenker.org\/?p=8173","title":{"rendered":"Sind Corona-Hygienedemos \u201edie falschen Proteste?\u201c"},"content":{"rendered":"<p>In der Rubrik <strong>Tagesdosis<\/strong> wurde am 29.05.2020 bei <a href=\"https:\/\/kenfm.de\/sind-corona-hygienedemos-die-falschen-proteste-tagesdosis-29-5-2020\/\" target=\"_blank\" rel=\"noopener noreferrer\">KenFM<\/a> der Beitrag <strong>\u201eSind Corona-Hygienedemos \u201edie falschen Proteste?\u201c<\/strong> von <em><strong>Rainer Rupp<\/strong><\/em>, Mitglied des Beirats des Deutschen Freidenker-Verbandes, ver\u00f6ffentlicht.<\/p>\n<p>Den Beitrag als Audio-Datei anh\u00f6ren:<\/p>\n<audio class=\"wp-audio-shortcode\" id=\"audio-8173-1\" preload=\"none\" style=\"width: 100%;\" controls=\"controls\"><source type=\"audio\/mpeg\" src=\"https:\/\/www.freidenker.org\/fw17\/wp-content\/uploads\/2020\/06\/tagesdosis-20200529.mp3?_=1\" \/><a href=\"https:\/\/www.freidenker.org\/fw17\/wp-content\/uploads\/2020\/06\/tagesdosis-20200529.mp3\">https:\/\/www.freidenker.org\/fw17\/wp-content\/uploads\/2020\/06\/tagesdosis-20200529.mp3<\/a><\/audio>\n<p>&nbsp;<\/p>\n<p>Der Beitrag ist auch auf KenTube verf\u00fcgbar: <a href=\"https:\/\/tube.kenfm.de\/videos\/watch\/3e89c929-7141-4c19-97fd-b7298d3b0245\" target=\"_blank\" rel=\"noopener noreferrer\">https:\/\/tube.kenfm.de\/videos\/watch\/3e89c929-7141-4c19-97fd-b7298d3b0245<\/a><\/p>\n<h4>Sind Corona-Hygienedemos \u201edie falschen Proteste?\u201c \u2013 Tagesdosis 29.5.2020<\/h4>\n<p><em>Ein Kommentar<\/em><em> von <\/em><strong><em>Rainer Rupp.<\/em><\/strong><\/p>\n<p>Heute wie damals gilt der Satz von Kurt Tucholsky: <em>\u201eNichts ist schwerer und nichts erfordert mehr Charakter als sich im Gegensatz zu seiner Zeit zu befinden und laut zu sagen: Nein !\u201c<\/em> Allerdings ist die Zeit von Tucholsky, in der st\u00e4ndig mit einem Besuch faschistischer Mordbuben zu rechnen war, noch nicht mit unserer Gegenwart zu vergleichen. Denn wer heute zum offiziell von Bundesregierung und Medien verbreiteten, politisch korrektem Denken \u00f6ffentlich Nein sagt, braucht sich um seine physische Existenz noch keine Sorgen zu machen.<\/p>\n<p>Aber man kann Menschen auch vernichten, ohne sie zu t\u00f6ten, z.B. wenn man sie ihrer materiellen Existenz beraubt, in dem sie ihren Job verlieren und keinen neuen mehr bekommen, oder wenn man sie gezielt mit allen K\u00fcnsten der psychologischen Kriegsf\u00fchrung diffamiert, sodass sie von ihrem sozialen Umfeld wegen ihrer angeblich <em>\u201ewirren, verschw\u00f6rungstheoretischen oder esoterischen\u201c<\/em> Ansichten gemobbt werden, und die nicht selten sogar f\u00fcr einzelne Familienmitglieder zu Unber\u00fchrbaren werden. Dieser Gefahr setzen sich heute alle prominente K\u00fcnstler, \u00c4rzte, Schriftsteller, Politiker und Journalisten aus, die von ihrem Grundrecht der freien Meinungs\u00e4u\u00dferung und auch deren freien Verbreitung Gebrauch machen und sich einen Teufel um das staatlich verordnete Corona-Denken scheren.<\/p>\n<p>Als \u201ePersonen des \u00f6ffentlichen Interesses\u201c sind diese Menschen f\u00fcr die abgehalfterte aber immer noch herrschende Politkaste zu gef\u00e4hrlichen Meinungsmultiplikatoren geworden. Denn in Kombination mit der enorm gewachsenen Reichweite der \u201ealternativen Medien\u201c erreichen ihre Stimmen immer gr\u00f6\u00dfere Teile der \u00d6ffentlichkeit. Dort treffen sie zunehmend auf suchende und oft unzufriedene Menschen, die sich von den politisch inkorrekten oder auch provozierenden Botschaften der alternativen Multiplikatoren angesprochen f\u00fchlen, weil sie nicht selten selbst ohnm\u00e4chtige Wut \u00fcber das unversch\u00e4mte Treiben der Geldaristokratie und ihrer Politeliten empfinden.<\/p>\n<p>Spontan fallen einem dazu z.B. der Bundesverkehrsminister ein, der trotz schwerer Gesetzesverst\u00f6\u00dfe mit Hunderten von Millionen Euro Schaden f\u00fcr uns Steuerzahler immer noch in Amt und W\u00fcrden ist, oder die ex-Verteidigungsministerin, die mit ihren Hunderten von Millionen Euro ungekl\u00e4rter Beraterhonorare die Bundeswehr erfolgreich abger\u00fcstet hat und in einem partei-internen Kl\u00fcngelgesch\u00e4ft \u2013 ohne demokratische Wahl \u2013 auf den Spitzenposten der EU-Kommission in Br\u00fcssel weggezaubert wurde, oder an den Bundesgesundheitsminister, der bis Anfang M\u00e4rz \u2013 weit in die Corona-Krise hinein \u2013 vollauf mit seiner pers\u00f6nlichen Kanzlerkarriereplanung besch\u00e4ftigt war und es vollkommen vers\u00e4umt hat, seinen Gesundheitsapparat auf Kurs zu bringen und \u2013 noch schlimmer \u2013 keine Vorsorge zum ausreichenden Schutz des medizinischen Personals getroffen hat.<\/p>\n<p>Auch dieser Gesundheitsminister ist noch im Amt und W\u00fcrden und niemand fragt, wie viele Menschen h\u00e4tten gerettet werden k\u00f6nnen, wenn er und seine Beh\u00f6rde besser vorbereitet gewesen w\u00e4ren und schneller reagiert h\u00e4tten. Stattdessen wurde wertvolle Zeit vergeudet und mit beschwichtigenden Erkl\u00e4rungen gef\u00fcllt wie: <em>\u201eDas deutsche Gesundheitssystem ist gut vorbereitet\u201c<\/em>, dabei war das Gegenteil der Fall.<\/p>\n<p>Vor allem das Pflegepersonal war schon in Normalzeiten seit Jahren zunehmend \u00fcberfordert. Was soll denn auch anderes bei einer Gesundheitspolitik herauskommen, die \u2013 ganz auf neo-liberaler Linie \u2013 den kommerziellen Profit \u00fcber die Versorgung der Bev\u00f6lkerung stellt und Krankenh\u00e4user entweder geschlossen oder privatisiert hat, und die vor allem im Personalbereich Einsparungen macht, indem trotz Personalmangels freie Stellen nicht mehr gef\u00fcllt wurden und das vorhandene Personal immer mehr Stunden f\u00fcr insgesamt weniger Geld arbeiten muss.<\/p>\n<p>\u00dcber diese und viele weitere kleine und gr\u00f6\u00dfere katastrophale Entwicklungen nicht nur im Gesundheitswesen, sondern auch bei der staatlichen Forschung werden von den Politikern der neoliberalen Einheitspartei CDU\/CSU\/AfD\/SPD\/FDP\/Gr\u00fcnen und ihren medialen Hofschranzen keine Fragen gestellt. Wer das dennoch tut, ist ein Verschw\u00f6rungstheoretiker. Verschw\u00f6rungstheoretiker ist auch jeder, der nach der \u00f6ffentlichen Anklage des US-Senators Kennedy gegen die angeblich kriminell-unverantwortlichen Impf-T\u00e4tigkeiten der Bill und Melinda Gates Stiftung die wahren Absichten von Bill Gates in Frage stellt, zumal Bill in letzter Zeit von h\u00f6chsten Regierungekreisen wie ein \u201eelder Statesman\u201c behandelt und von den Medien entsprechend gehuldigt wird.<\/p>\n<p>Statt kritisch zu recherchieren, arbeitet sich derzeit \u2013 wie auf Befehl von ganz oben \u2013 eine ganze Heerschar von Presstituierten in den USA und in Europa an dem Thema ab, um zu beweisen, dass die Gates Stiftung eine Kraft des Guten ist. Zugleich wollen sie uns f\u00fcr dumm verkaufen und uns glauben machen, dass auch die 5 Milliarden Dollar, die die Gates Stiftung allj\u00e4hrlich mit Schwerpunkt Impfen an Organisationen wie die Weltgesundheitsorganisation, Forschungsinstitute und sogar an Medien verteilt, ganz ohne Einflussnahme auf die T\u00e4tigkeit der Empf\u00e4nger bleibt. Wer sowas glaubt, der glaubt auch, dass Zitronenfalter Zitronen falten und Volksvertreter das Volk vertreten.<\/p>\n<p>Auch das deutsche Nachrichtenmagazin der Spiegel sah sich jetzt gezwungen, ein 2.5 Millionen Euro-Geschenk von Gates zu best\u00e4tigen. Aber die inzwischen sehr nerv\u00f6se Reaktion behauptet steif und fest, dass sie sich dadurch nicht von der Gates-Stiftung hat vereinnahmen lassen, und beweist dann doch prompt das Gegenteil mit einer langen Lobeshymne auf die Stiftung und auf Bill Gates pers\u00f6nlich.<\/p>\n<p>Inzwischen sehen Politiker der alles dominierenden, neoliberalen Einheitspartei CDU\/CSU\/AfD\/SPD\/FDP\/Gr\u00fcnen und die Presstituierten der privaten Gro\u00dfkonzernen in jedem Kritiker der offiziellen Meinung zu Corona oder zu Bill Gates einen Aluhut oder Verschw\u00f6rungstheoretiker. Hier einige Beispiele:<\/p>\n<p>So meldete der Deutschlandfunk am 25.05.2020: <em>\u201e<a href=\"https:\/\/www.deutschlandfunk.de\/coronavirus-pandemie-bill-gates-ist-zum-ziel-von.1939.de.html?drn:news_id=1134346\" target=\"_blank\" rel=\"noopener noreferrer\"><u>Bill Gates <\/u><u>ist zum Ziel von Verschw\u00f6rungstheoretikern geworden<\/u><\/a>\u201c<\/em> und die FAZ titelte am selben Tag <em>\u201e<u><a href=\"https:\/\/www.faz.net\/aktuell\/wirtschaft\/bill-gates-in-corona-krise-hassfigur-der-verschwoerungstheoretiker-16782787.html\" target=\"_blank\" rel=\"noopener noreferrer\">Bill Gates: Die Hassfigur<\/a><\/u>\u201c<\/em> und f\u00fchrte dann weiter aus: <em>\u201eIn der Anfangszeit wurde Bill Gates als Held der Corona-Krise gefeiert. Dann kam der Mob: Jetzt findet sich der Milliard\u00e4r inmitten von Verschw\u00f6rungstheorien wieder. Die Anschuldigungen sind abenteuerlich.\u201c<\/em><\/p>\n<p>Wie abenteuerlich diese Anschuldigungen sind, dar\u00fcber hatte ein Schmierfink bereits am 11.05.2020 in der <u><a href=\"https:\/\/www.fr.de\/politik\/corona-krise-bill-gates-virus-verbindungen-who-verschwoerung-13759001.html\" target=\"_blank\" rel=\"noopener noreferrer\">Frankfurter Rundschau<\/a><\/u>\u00a0geschrieben, dass n\u00e4mlich auf den Hygiene-Demos behauptet werde: <em>\u201eBill und Melinda Gates haben das Coronavirus erschaffen, um die Welt zu regieren und die Menschheit durch Zwangsimpfungen zu kontrollieren.\u201c<\/em><\/p>\n<p>Zugleich hat die FR in dem Artikel eine Twitter-Kurznachricht abgedruckt, die angeblich von einem besorgten B\u00fcrger stammt und die die Hygiene-Demonstrationen in ein anti-semitisches Licht r\u00fcckt und daf\u00fcr Bestrafung fordert:<\/p>\n<p><em>\u201eAuf der <u><a href=\"https:\/\/twitter.com\/hashtag\/Hygienedemo?ref_src=twsrc%5Etfw%7Ctwcamp%5Etweetembed%7Ctwterm%5E1259477544673427458%7Ctwgr%5E&amp;ref_url=https%3A%2F%2Fwww.fr.de%2Fpolitik%2Fcorona-krise-bill-gates-virus-verbindungen-who-verschwoerung-13759001.html&amp;src=hashtag_click\" target=\"_blank\" rel=\"noopener noreferrer\">#Hygienedemo<\/a><\/u> in Darmstadt wird neben kruden <u><a href=\"https:\/\/twitter.com\/hashtag\/verschwoerungstheorien?ref_src=twsrc%5Etfw%7Ctwcamp%5Etweetembed%7Ctwterm%5E1259477544673427458%7Ctwgr%5E&amp;ref_url=https%3A%2F%2Fwww.fr.de%2Fpolitik%2Fcorona-krise-bill-gates-virus-verbindungen-who-verschwoerung-13759001.html&amp;src=hashtag_click\" target=\"_blank\" rel=\"noopener noreferrer\">#verschwoerungstheorien<\/a><\/u> \u00fcber <u><a href=\"https:\/\/twitter.com\/hashtag\/Gates?ref_src=twsrc%5Etfw%7Ctwcamp%5Etweetembed%7Ctwterm%5E1259477544673427458%7Ctwgr%5E&amp;ref_url=https%3A%2F%2Fwww.fr.de%2Fpolitik%2Fcorona-krise-bill-gates-virus-verbindungen-who-verschwoerung-13759001.html&amp;src=hashtag_click\" target=\"_blank\" rel=\"noopener noreferrer\">#Gates<\/a><\/u> auch Anne Frank instrumentalisiert. Es ist an der Zeit, nicht nur Holocausts Leugnung, sondern auch die Verh\u00f6hnung der Opfer strafbar zu machen. <u><a href=\"https:\/\/twitter.com\/Report_Antisem?ref_src=twsrc%5Etfw%7Ctwcamp%5Etweetembed%7Ctwterm%5E1259477544673427458%7Ctwgr%5E&amp;ref_url=https%3A%2F%2Fwww.fr.de%2Fpolitik%2Fcorona-krise-bill-gates-virus-verbindungen-who-verschwoerung-13759001.html\" target=\"_blank\" rel=\"noopener noreferrer\">@Report_Antisem<\/a><\/u> Bild: <u><a href=\"https:\/\/t.co\/QIOoAQXhA3?amp=1\" target=\"_blank\" rel=\"noopener noreferrer\">https:\/\/facebook.com\/100001591714090\/posts\/3088968997832794\/?d=n<\/a><\/u>\u201c<\/em><\/p>\n<p>Diese und andere Artikel der Mainstream-Medien zu diesem Thema haben alle eins gemeinsam, n\u00e4mlich den Versuch, den absolut legitimen Protest der gro\u00dfen Mehrheit der Teilnehmer der friedlichen Hygieneproteste gegen tats\u00e4chliches oder vermutetes Versagen der politischen und gesellschaftlichen Institutionen in der Corona-Krise in die Ecke von Spinnern, Verschw\u00f6rungsfanatikern, Rechtsradikalen und Antisemiten zu stellen und somit jedes Andersdenken zu diffamieren und am liebsten mit Hilfe von Gedankenpolizei ganz zu verbieten.<\/p>\n<p>Aber in unserer Zeit, in der laut Kanzlerin Merkel ihr System und ihre Politik \u201ealternativlos\u201c sind und wir in einer \u201eMarkt-gerechten\u201c statt \u201eMenschen-gerechten\u201c Demokratie leben m\u00fcssen, ist der feindselige aktuelle Umgang mit Andersdenkenden kein neues Verhalten. Vor einem Jahr wurden kritische Stimmen zur alles beherrschenden CO2-Dogmatik auf die gleiche Weise wie jetzt abgefertigt und als gemeingef\u00e4hrliche \u201eKlimaleugner\u201c diffamiert, oder als angeblich \u201eRechte\u201c oder \u201eKlima-Nazis\u201c durchs Dorf getrieben.<\/p>\n<p>An vorderster Front dieser Hetze stehen damals wie heute vor allem selbst erkl\u00e4rte \u201eLinke\u201c, die aus einem romantischen Bauchgef\u00fchl heraus Sozialismus verwechseln mit der unbegrenzten Aufnahme von Fl\u00fcchtlingen, mit der Entsorgung des Nationalstaates, mit Gendergleichheit und gleichgeschlechtlichen Ehen, mit der Niederschlagung jeglicher Kritik am zionistischen Apartheid-System, und so weiter und so fort. Dabei haben sie die f\u00fcr jeden Linken essenzielle Grundf\u00e4higkeit der n\u00fcchternen Klassenanalyse verloren und k\u00f6nnen daher kaum noch zwischen Ausbeutern und Ausgebeuteten unterscheiden.<\/p>\n<p>Daher ist es kein Wunder, dass solche pseudo-linken Gruppen und Gr\u00fcppchen, die ideell l\u00e4ngst im Lager der Gr\u00fcnen gelandet sind, leicht zu instrumentalisieren sind und immer h\u00e4ufiger als Blockwarte des angeblich alternativlosen politischen Status Quo der Kanzlerin auftreten. Man braucht ihnen nur das richtige St\u00f6ckchen hinzuhalten, ihnen z.B. erkl\u00e4ren, dass bei den Hygienedemos nur Rechte oder rechtsaffine Verschw\u00f6rungsspinner und Antisemiten auftreten, dann springen sie auch. So entstehen dann solch verr\u00fcckte Konstellationen, dass bei den Hygienedemos die andersdenkenden Teilnehmer von \u201elinks\u201c firmierenden Schl\u00e4gertrupps, wie z.B. von der Antifa, bedroht werden, um die Corona-Politik der herrschenden Klasse der Bundesrepublik notfalls mit Gewalt durchzusetzen.<\/p>\n<p>Erschwerend kommt derzeit hinzu, dass auch das Protestlager der Gegner der staatlichen Corona Ma\u00dfnahmen kein homogener Block ist. Im Gegenteil, ganz unterschiedliche Motive haben die Menschen auf die Stra\u00dfe zu den Demos getrieben. Viele haben sich noch keine feste Meinung gebildet, aber angesichts der vielen Widerspr\u00fcche in den offiziellen Darstellungen und Handlungen sind sie \u00fcberzeugt, dass da was nicht stimmt.<\/p>\n<p>Aber solange es der herrschenden Klasse gelingt, dass die unterschiedlichen Gruppen von Bef\u00fcrwortern und Gegnern der staatlichen Corona-Ma\u00dfnahmen in den jeweils anderen Gruppen ihren Hauptgegner zu sehen, ist das gesellschaftliche Protestpotential in viele Teile gespalten und damit neutralisiert. Und die sprechenden Marionettenk\u00f6pfe in den Nachrichtenmagazinen der abendlichen TV-Talkshows k\u00f6nnen sich s\u00fcffisant zur\u00fccklehnen und weiter \u00fcber die angeblichen Aluh\u00fcte, Verschw\u00f6rungstheoretiker und Rechte ihre Nasen r\u00fcmpfen.<\/p>\n<p>Bisher war die Linkspartei in der Corona Krise weitgehend unsichtbar. Das hat sicherlich damit zu tun, dass die Linke bei den Abstimmungen den Corona-Ma\u00dfnahmen zugestimmt hat. Das aber h\u00e4tte die Partei nicht davon abhalten d\u00fcrfen, ihre Entscheidung zu \u00fcberpr\u00fcfen, nachdem im Laufe der Krise immer deutlicher soziale und gesellschaftliche Probleme zu Tage getreten sind. Diese h\u00e4tte die Partei lautstark thematisieren m\u00fcssen, womit sie die M\u00f6glichkeit gehabt h\u00e4tte, der im Entstehen begriffenen au\u00dferparlamentarischen Protestbewegung handfeste Argumentationshilfen und politische Unterst\u00fctzung zu geben.<\/p>\n<p>Die Sorgen vor der Au\u00dferkraftsetzung von Schutz- und Grundrechten und die Angst vor einer Selbstentm\u00e4chtigung des parlamentarischen Systems waren und sind mindestens genauso berechtigt wie die Angst vor Corona. Hinzu kommen die nicht von der Hand zu weisenden Bef\u00fcrchtungen, dass die direkten und indirekten Folgewirkungen der Anti-Corona-Ma\u00dfnahmen nicht zuletzt durch die Zerst\u00f6rung der Wirtschaft letztlich mehr Menschenleben fordern werden als das Virus selbst.<\/p>\n<p>Eine Debatte \u00fcber angemessene Ma\u00dfnahmen w\u00e4re dringend notwendig gewesen. Aber f\u00fcr all dies hatten die selbstgef\u00e4lligen Vertreter der etablierten Linken kein Ohr. Statt sich in der au\u00dferparlamentarischen Protestbewegung zu engagieren und ihr mit den Ressourcen des Parteiapparats im R\u00fccken mit guten und fundierten Argumenten unter die Arme zu greifen und wom\u00f6glich richtungsweisend zu helfen, haben die meisten Politiker der Linken sich weggeduckt und nach unten gegen die Hygienedemos getreten \u2013 mit einigen lobenswerten Ausnahmen.<\/p>\n<p>Und wenn sich dann doch ein Bundestagsabgeordnete der Linkspartei in der Protestbewegung engagierte, wie z.B. Andrej Hunko am 16. Mai in Aachen auf der Kundgebung \u201eDie Gedanken sind frei\u201c, dann wird er sogar in der eigenen Fraktion gemobbt. Der \u201eFall Hunko\u201c wurde von Wolf Wetzel auf dem \u201eHeise Portal\u201c in einem Artikel mit dem Titel \u201e<u><a href=\"https:\/\/www.heise.de\/tp\/features\/Die-Linke-gegen-den-falschen-Protest-4725749.html?%20fbclid=IwAR2KcGzRvS_YfRvn5e9zJaRmHaCzK-OrM5O-a51DcvdlAUeWOupCSH2KOwQ\" target=\"_blank\" rel=\"noopener noreferrer\">Die Linke gegen den \u201afalschen\u2018 Protest<\/a><\/u>\u201c kurz und pr\u00e4gnant dargestellt, woraus nachfolgend zwei Abschnitte zitiert werden:<\/p>\n<p><em>\u201eDer Fall Hunko: Der Fraktionsvize der Linken Andrej Hunko hat die Regierungslinie nicht abgenickt, sondern in Zweifel gezogen. Er hat die Validit\u00e4t der Datenlage in Frage gestellt, er befragt die Ma\u00dfnahmen nach ihrem Nutzen: \u201eHaben einige der Ma\u00dfnahmen, insbesondere die grundrechtsbezogenen Ma\u00dfnahmen, nicht zu einem gr\u00f6\u00dferen Schaden gef\u00fchrt, als ihr Nutzen war?\u201c<\/em> All dies hat er auf einer Kundgebung in Aachen gesagt und sich damit sichtbar gegen jede Form der autorit\u00e4ren Antwort auf die Krise positioniert. Das muss erst einmal auch der Berliner Tagesspiegel einr\u00e4umen: <em>\u201eDie Demonstration am Samstag in Aachen hatte der linke Aktivist Walter Schumacher angemeldet. Laut Stolberger Nachrichten verwiesen Hunko und Veranstaltungsleiter Schumacher auf ein Zitat von Edward Snowden, der die Situation so beschreibe: \u201aDas Virus ist sch\u00e4dlich, aber die Zerst\u00f6rung der Rechte ist t\u00f6dlich\u2018.\u201c<\/em><\/p>\n<p><em>\u201eGibt es eine bessere Form, gegen eine \u00dcbernahme der \u00c4ngste von Rechts zu k\u00e4mpfen? (\u2026) Stattdessen verausgabt sich die Linke in Distanzierungen und Diffamierungen. Der \u201eFall Hunko\u201c zeigt noch etwas anders: Unter der Corona-Wolke wird wie in jeder Krise noch ganz anders verhandelt. Andrej Hunko ist einem Teil der Linken ein Dorn im Auge, wenn es darum geht, \u201eRegierungsf\u00e4higkeit\u201c unter Beweis zu stellen. Und er ist der gesamten rechten Mitte ein Dorn im Auge und das wird unverhohlen mitverhandelt. Im besagten Bericht des Berliner Tagesspiegel wird aufgef\u00fchrt, was mit dem \u201eFall Hunko\u201c ebenso aus dem Weg ger\u00e4umt werden soll: \u201eImmer wieder hatte Hunko zuvor innerparteiliche Debatten ausgel\u00f6st, etwa mit seinem Moskau-freundlichen Kurs in der Ukraine-Politik und seiner umstrittenen Venezuela-Solidarit\u00e4t. Anfang M\u00e4rz war Hunko beteiligt an der umstrittenen Strafanzeige von acht Linken Bundestagsabgeordneten gegen Kanzlerin Angela Merkel, die angeblich mitverantwortlich f\u00fcr die \u201aErmordung\u2018 des iranischen Generals Qassem Soleimani sein soll, weil der \u201av\u00f6lkerrechtswidrige Drohnenangriff\u2018 \u00fcber den US-Luftwaffenst\u00fctzpunkt in Rheinland-Pfalz gesteuert worden sei.\u201c<\/em><\/p>\n<p>Es gibt aber auch gute Nachrichten aus dem linken Lager, wo sich zunehmend die Einsicht durchsetzt, dass die Menschen, die bei den Hygienedemos teilnehmen, in der Regel berechtigte Anliegen f\u00fcr ihre Proteste haben, die man zumindest diskutieren sollte. Wichtig ist, dass die Linken (nicht die von den fanatisierten Sekten) erkennen, dass die demokratischen Kr\u00e4fte unter den Demonstranten der Hygieneproteste in der gro\u00dfen Mehrzahl sind. Diese Leute sind bestimmt nicht die Hauptgegner der Linken, weshalb man miteinander reden sollte. Dann w\u00fcrden beide Seiten h\u00f6chstwahrscheinlich herausfinden, dass man in der Analyse der gesellschaftlichen Realit\u00e4t mehr Schnittpunkte findet als erwartet.<\/p>\n<p>Dazu ist nachfolgender Absatz aus einem Artikel von Lukas Zeise aus der Wochenzeitung der Deutschen Kommunistischen Partei \u201eUnsere Zeit\u201c vom 22. Mai recht aufschlussreich, denn er empfiehlt allen linken und demokratischen Kr\u00e4ften, sich nicht gegen die Hygieneproteste zu richten. Unter dem Titel: <em>\u201eNicht der diffuse Protest ist das Problem; <u><a href=\"https:\/\/www.unsere-zeit.de\/die-fehler-der-regierenden-129888\/?utm_source=mailpoet&amp;utm_medium=email&amp;utm_campaign=uz_2020-21\" target=\"_blank\" rel=\"noopener noreferrer\">Die Fehler der Regierenden<\/a><\/u>\u201c<\/em> schreibt Zeise:<\/p>\n<p><em>\u201eDie Frage, ob Lockdown oder Durchseuchung die bessere Strategie ist, h\u00e4ngt unter anderem davon ab, wie hoch die Sterblichkeit und die Infektionsrate des Virus tats\u00e4chlich ist. Angesichts dessen bestand der vierte und vielleicht schlimmste Fehler darin, dass Gesundheitsminister und RKI auf der Grundlage v\u00f6llig ungen\u00fcgender Daten operierten und gar nicht interessiert daran schienen, die epidemische Lage zu untersuchen. Studien wurden der Initiative einzelner \u00fcberlassen. Angesichts der planlosen Blindheit der Regierenden ist es kein Wunder, dass mancher planvolle Verschw\u00f6rung vermutet. Jetzt, da die Lockerung eingesetzt hat \u2013 ebenfalls auf der Grundlage ungen\u00fcgender Daten \u2013, nimmt der Protest zu. Er ist grunds\u00e4tzlich berechtigt, selbst wenn Rechte und Spinner dabei momentan besonders laut auftreten und von den Medien in den Vordergrund ger\u00fcckt werden.\u201c<\/em><\/p>\n<p>Weiter schreibt Zeise:<\/p>\n<p><em>\u201eDie linken und demokratischen Kr\u00e4fte sollten sich nicht gegen diese Proteste richten, sondern ihren Protest lauter als bisher vortragen. Er muss erstens die Fehler der Regierung dokumentieren. Zweitens dabei wie bisher die eingestandenen M\u00e4ngel des Gesundheitssystems in den Vordergrund r\u00fccken. Selbst rechten Bl\u00e4ttern wie der \u201eFAZ\u201c f\u00e4llt mittlerweile auf, dass die Gesundheits\u00e4mter ihren Aufgaben nicht gewachsen sind. Nicht die Zahl der \u201eIntensivbetten\u201c ist das limitierende Problem, sondern die fehlende Kapazit\u00e4t, die frisch Erkrankten je nach Einzelfall zu behandeln und f\u00fcr die Bev\u00f6lkerung Gesundheitsvorsorge zu betreiben. Kurz, aus dem Gesundheitssystem muss das Profitprinzip eliminiert werden.\u201c<\/em><\/p>\n<p>Um von dieser Notwendigkeit, n\u00e4mlich das Profitprinzip aus dem Gesundheitssystem zu eliminieren, weiterhin abzulenken, werden die Mainstream-Medien alles tun, um die Proteste zu diffamieren und sie werden sich weiterhin bem\u00fchen, Esoteriker, Verschw\u00f6rungsgl\u00e4ubige oder Rechten, die sich auch auf den Demos tummeln, vor die TV-Kameras zu bekommen, um den Zuschauern zu Hause wei\u00df zu machen, dass diese Leute repr\u00e4sentativ f\u00fcr die Zusammensetzung der Protestdemonstrationen sind.<\/p>\n<p style=\"text-align: right;\"><em>Rainer Rupp ist Mitglied des Beirats des Deutschen Freidenker-Verbandes<\/em><\/p>\n<p>&nbsp;<\/p>\n<p><span style=\"font-size: 10pt;\">Link zur Erstver\u00f6ffentlichung auf KenFM: <a href=\"https:\/\/kenfm.de\/sind-corona-hygienedemos-die-falschen-proteste-tagesdosis-29-5-2020\/\" target=\"_blank\" rel=\"noopener noreferrer\">https:\/\/kenfm.de\/sind-corona-hygienedemos-die-falschen-proteste-tagesdosis-29-5-2020\/<\/a><\/span><\/p>\n<hr \/>\n<p><span style=\"font-size: 10pt;\">Bild: <span class=\"mw-mmv-title\">Schild nach einer Demonstration in Berlin f\u00fcr die Grundrechte anl\u00e4sslich der politischen Ma\u00dfnahmen im Zusammenhang mit dem Infektionsschutz.<\/span><\/span><br \/>\n<span style=\"font-size: 10pt;\">Foto: Alexander Hauk \/ <a href=\"http:\/\/alexander-hauk.de\" target=\"_blank\" rel=\"noopener noreferrer\">alexander-hauk.de<\/a>, CC BY-SA 4.0,<\/span><br \/>\n<span style=\"font-size: 10pt;\">Quelle: <a href=\"https:\/\/commons.wikimedia.org\/w\/index.php?curid=90137532\" target=\"_blank\" rel=\"noopener noreferrer\">https:\/\/commons.wikimedia.org\/w\/index.php?curid=90137532<\/a><\/span><\/p>\n","protected":false},"excerpt":{"rendered":"<p><b>In der Rubrik Tagesdosis wurde am 29.05.2020 bei KenFM der Beitrag \u201eSind Corona-Hygienedemos \u201edie falschen Proteste?\u201c von Rainer Rupp, Mitglied des Beirats des Deutschen Freidenker-Verbandes, ver\u00f6ffentlicht.<\/b><br \/>\nHeute wie damals gilt der Satz von Kurt Tucholsky: \u201eNichts ist schwerer und nichts erfordert mehr Charakter als sich im Gegensatz zu seiner Zeit zu befinden und laut zu sagen: Nein !\u201c Allerdings ist die Zeit von Tucholsky, in der st\u00e4ndig mit einem Besuch faschistischer Mordbuben zu rechnen war, noch nicht mit unserer Gegenwart zu vergleichen. Denn wer heute zum offiziell von Bundesregierung und Medien verbreiteten, politisch korrektem Denken \u00f6ffentlich Nein sagt, braucht sich um seine physische Existenz noch keine Sorgen zu machen. Aber man kann Menschen auch vernichten, ohne sie zu t\u00f6ten &#8230;.<\/p>\n","protected":false},"author":3,"featured_media":8132,"comment_status":"closed","ping_status":"closed","sticky":false,"template":"","format":"standard","meta":{"colormag_page_container_layout":"default_layout","colormag_page_sidebar_layout":"default_layout","advanced_seo_description":"","jetpack_seo_html_title":"","jetpack_seo_noindex":false,"jetpack_post_was_ever_published":false,"footnotes":""},"categories":[11,12],"tags":[1256,1273,577,812,985,641],"class_list":["post-8173","post","type-post","status-publish","format-standard","has-post-thumbnail","hentry","category-arbeit-soziales","category-demokratie-medien-aufklaerung","tag-corona-virus","tag-demokratische-grundrechte","tag-gesundheitspolitik","tag-protest","tag-versammlungsrecht","tag-verschwoerungstheorie"],"jetpack_featured_media_url":"https:\/\/i0.wp.com\/www.freidenker.org\/fw17\/wp-content\/uploads\/2020\/05\/CoronaDemokratieHauk_800x450.jpg?fit=800%2C450&ssl=1","jetpack_shortlink":"https:\/\/wp.me\/p9stpK-27P","jetpack-related-posts":[{"id":7880,"url":"https:\/\/www.freidenker.org\/?p=7880","url_meta":{"origin":8173,"position":0},"title":"Israelische Soldaten zerst\u00f6ren pal\u00e4stinensische Behelfsklinik","author":"Webredaktion","date":"5. April 2020","format":false,"excerpt":"In der Rubrik Tagesdosis wurde am 03.04.2020 bei KenFM der Beitrag \u201eIsraelische Soldaten bestehlen und zerst\u00f6ren pal\u00e4stinensische Behelfsklinik gegen Covid-19\u201c von Rainer Rupp ver\u00f6ffentlicht. Unvorstellbar aber wahr, w\u00e4hrend sich der Corona Virus auch in den besetzten Gebieten verbreitet, hatte die israelische Soldateska nichts Besseres zu tun, als mit Planierraupen, Hebekr\u00e4nen\u2026","rel":"","context":"In &quot;Arbeit &amp; Soziales&quot;","block_context":{"text":"Arbeit &amp; Soziales","link":"https:\/\/www.freidenker.org\/?cat=11"},"img":{"alt_text":"","src":"https:\/\/i0.wp.com\/www.freidenker.org\/fw17\/wp-content\/uploads\/2020\/04\/pal%C3%A4stina_klinik_800x449.jpg?fit=800%2C449&ssl=1&resize=350%2C200","width":350,"height":200,"srcset":"https:\/\/i0.wp.com\/www.freidenker.org\/fw17\/wp-content\/uploads\/2020\/04\/pal%C3%A4stina_klinik_800x449.jpg?fit=800%2C449&ssl=1&resize=350%2C200 1x, https:\/\/i0.wp.com\/www.freidenker.org\/fw17\/wp-content\/uploads\/2020\/04\/pal%C3%A4stina_klinik_800x449.jpg?fit=800%2C449&ssl=1&resize=525%2C300 1.5x, https:\/\/i0.wp.com\/www.freidenker.org\/fw17\/wp-content\/uploads\/2020\/04\/pal%C3%A4stina_klinik_800x449.jpg?fit=800%2C449&ssl=1&resize=700%2C400 2x"},"classes":[]},{"id":7838,"url":"https:\/\/www.freidenker.org\/?p=7838","url_meta":{"origin":8173,"position":1},"title":"Corona Patentl\u00f6sung","author":"Webredaktion","date":"2. April 2020","format":false,"excerpt":"In der Rubrik Tagesdosis wurde am 27.03.2020 bei KenFM der Beitrag \u201eCorona Patentl\u00f6sung\u201c von Rainer Rupp, Mitglied des Beirats des Deutschen Freidenker-Verbandes, ver\u00f6ffentlicht. Eigentlich wollte ich in meinem heutigen Beitrag darauf eingehen, mit welchen menschenverachtenden Mitteln die Kriegstreiber in Washington die Corona-Krise dazu benutzen, um die Regierung in Teheran und\u2026","rel":"","context":"In &quot;Arbeit &amp; Soziales&quot;","block_context":{"text":"Arbeit &amp; Soziales","link":"https:\/\/www.freidenker.org\/?cat=11"},"img":{"alt_text":"","src":"https:\/\/i0.wp.com\/www.freidenker.org\/fw17\/wp-content\/uploads\/2020\/04\/Corona_Patentl%C3%B6sung_800x450.jpg?fit=800%2C450&ssl=1&resize=350%2C200","width":350,"height":200,"srcset":"https:\/\/i0.wp.com\/www.freidenker.org\/fw17\/wp-content\/uploads\/2020\/04\/Corona_Patentl%C3%B6sung_800x450.jpg?fit=800%2C450&ssl=1&resize=350%2C200 1x, https:\/\/i0.wp.com\/www.freidenker.org\/fw17\/wp-content\/uploads\/2020\/04\/Corona_Patentl%C3%B6sung_800x450.jpg?fit=800%2C450&ssl=1&resize=525%2C300 1.5x, https:\/\/i0.wp.com\/www.freidenker.org\/fw17\/wp-content\/uploads\/2020\/04\/Corona_Patentl%C3%B6sung_800x450.jpg?fit=800%2C450&ssl=1&resize=700%2C400 2x"},"classes":[]},{"id":8566,"url":"https:\/\/www.freidenker.org\/?p=8566","url_meta":{"origin":8173,"position":2},"title":"Gates-Stiftung kauft von den Medien wohlwollende Berichterstattung","author":"Webredaktion","date":"31. August 2020","format":false,"excerpt":"Kommentar von Rainer Rupp Das US-Medien-Magazin \u201eColumbia Journalism Review (CJR)\u201c ... findet \u2013 ebenso wir die anderen blinden H\u00fchner New York Times, Washington Post und der CCN-Fake News Sender \u2013 hin und wieder auch ein Korn Wahrheit. Das war j\u00fcngst der Fall, als am 21. August Tim Schwab im CJR-Magazin\u2026","rel":"","context":"In &quot;Demokratie \u2013 Medien \u2013 Aufkl\u00e4rung&quot;","block_context":{"text":"Demokratie \u2013 Medien \u2013 Aufkl\u00e4rung","link":"https:\/\/www.freidenker.org\/?cat=12"},"img":{"alt_text":"","src":"https:\/\/i0.wp.com\/www.freidenker.org\/fw17\/wp-content\/uploads\/2020\/08\/dollar-1968710_800x450.jpg?fit=800%2C450&ssl=1&resize=350%2C200","width":350,"height":200,"srcset":"https:\/\/i0.wp.com\/www.freidenker.org\/fw17\/wp-content\/uploads\/2020\/08\/dollar-1968710_800x450.jpg?fit=800%2C450&ssl=1&resize=350%2C200 1x, https:\/\/i0.wp.com\/www.freidenker.org\/fw17\/wp-content\/uploads\/2020\/08\/dollar-1968710_800x450.jpg?fit=800%2C450&ssl=1&resize=525%2C300 1.5x, https:\/\/i0.wp.com\/www.freidenker.org\/fw17\/wp-content\/uploads\/2020\/08\/dollar-1968710_800x450.jpg?fit=800%2C450&ssl=1&resize=700%2C400 2x"},"classes":[]},{"id":8757,"url":"https:\/\/www.freidenker.org\/?p=8757","url_meta":{"origin":8173,"position":3},"title":"Corona \u2013 Ein Geschenk des Himmels f\u00fcr die Finanzelite","author":"Webredaktion","date":"6. Oktober 2020","format":false,"excerpt":"Kommentar von Rainer Rupp Nicht nur in Deutschland, sondern auch in der EU und in den USA erschrecken aktuell die m\u00e4chtigen Entscheider wieder die Bev\u00f6lkerung mit neuen Hiobsbotschaften \u00fcber eine zweite Corona-Welle. \u201eWeltweit eine Million COVID-19 Todesf\u00e4lle\u201c lauteten die Balken\u00fcberschriften in den letzten Tagen. Weltweit seien inzwischen 33 Millionen Menschen\u2026","rel":"","context":"In &quot;Arbeit &amp; Soziales&quot;","block_context":{"text":"Arbeit &amp; Soziales","link":"https:\/\/www.freidenker.org\/?cat=11"},"img":{"alt_text":"","src":"https:\/\/i0.wp.com\/www.freidenker.org\/fw17\/wp-content\/uploads\/2020\/10\/corona_boerse-4880802_800x450.jpg?fit=800%2C450&ssl=1&resize=350%2C200","width":350,"height":200,"srcset":"https:\/\/i0.wp.com\/www.freidenker.org\/fw17\/wp-content\/uploads\/2020\/10\/corona_boerse-4880802_800x450.jpg?fit=800%2C450&ssl=1&resize=350%2C200 1x, https:\/\/i0.wp.com\/www.freidenker.org\/fw17\/wp-content\/uploads\/2020\/10\/corona_boerse-4880802_800x450.jpg?fit=800%2C450&ssl=1&resize=525%2C300 1.5x, https:\/\/i0.wp.com\/www.freidenker.org\/fw17\/wp-content\/uploads\/2020\/10\/corona_boerse-4880802_800x450.jpg?fit=800%2C450&ssl=1&resize=700%2C400 2x"},"classes":[]},{"id":8153,"url":"https:\/\/www.freidenker.org\/?p=8153","url_meta":{"origin":8173,"position":4},"title":"Corona: Das gro\u00dfe Verwirrspiel","author":"Webredaktion","date":"25. Mai 2020","format":false,"excerpt":"In der Rubrik Tagesdosis wurde am 22.05.2020 bei KenFM der Beitrag \u201eCorona: Das gro\u00dfe Verwirrspiel\u201c von Rainer Rupp, Mitglied des Beirats des Deutschen Freidenker-Verbandes, ver\u00f6ffentlicht. Nach fast f\u00fcnf Monaten Corona-Erfahrung in Deutschland ... bin ich als aufmerksamer Beobachter der Szene heute genauso verwirrt wie zu Beginn des Jahres, allerdings jetzt\u2026","rel":"","context":"In &quot;Arbeit &amp; Soziales&quot;","block_context":{"text":"Arbeit &amp; Soziales","link":"https:\/\/www.freidenker.org\/?cat=11"},"img":{"alt_text":"","src":"https:\/\/i0.wp.com\/www.freidenker.org\/fw17\/wp-content\/uploads\/2020\/05\/KenFM-Covid19_800x450.jpg?fit=800%2C450&ssl=1&resize=350%2C200","width":350,"height":200,"srcset":"https:\/\/i0.wp.com\/www.freidenker.org\/fw17\/wp-content\/uploads\/2020\/05\/KenFM-Covid19_800x450.jpg?fit=800%2C450&ssl=1&resize=350%2C200 1x, https:\/\/i0.wp.com\/www.freidenker.org\/fw17\/wp-content\/uploads\/2020\/05\/KenFM-Covid19_800x450.jpg?fit=800%2C450&ssl=1&resize=525%2C300 1.5x, https:\/\/i0.wp.com\/www.freidenker.org\/fw17\/wp-content\/uploads\/2020\/05\/KenFM-Covid19_800x450.jpg?fit=800%2C450&ssl=1&resize=700%2C400 2x"},"classes":[]},{"id":8393,"url":"https:\/\/www.freidenker.org\/?p=8393","url_meta":{"origin":8173,"position":5},"title":"Verschw\u00f6rungen zwischen Theorie und Praxis","author":"Webredaktion","date":"4. Juli 2020","format":false,"excerpt":"Ein Kommentar von Klaus Hartmann Mit dem Abklingen des Virus namens \u201eSARS-CoV-2\u201c und den Lockerungs\u00fcbungen des \u201eCorona-Kabaretts\u201c geht auch die Zeit der Proteste zu Ende, die sich gegen das \u201eCorona-Regime\u201c gerichtet haben. Unabh\u00e4ngig von der Einsch\u00e4tzung, wie real oder \u00fcbertrieben die Gefahr durch das Virus war, ist die Bef\u00fcrchtung nicht\u2026","rel":"","context":"In &quot;Demokratie \u2013 Medien \u2013 Aufkl\u00e4rung&quot;","block_context":{"text":"Demokratie \u2013 Medien \u2013 Aufkl\u00e4rung","link":"https:\/\/www.freidenker.org\/?cat=12"},"img":{"alt_text":"","src":"https:\/\/i0.wp.com\/www.freidenker.org\/fw17\/wp-content\/uploads\/2020\/07\/conspiracy_theory_rlx_800x450.jpg?fit=800%2C450&ssl=1&resize=350%2C200","width":350,"height":200,"srcset":"https:\/\/i0.wp.com\/www.freidenker.org\/fw17\/wp-content\/uploads\/2020\/07\/conspiracy_theory_rlx_800x450.jpg?fit=800%2C450&ssl=1&resize=350%2C200 1x, https:\/\/i0.wp.com\/www.freidenker.org\/fw17\/wp-content\/uploads\/2020\/07\/conspiracy_theory_rlx_800x450.jpg?fit=800%2C450&ssl=1&resize=525%2C300 1.5x, https:\/\/i0.wp.com\/www.freidenker.org\/fw17\/wp-content\/uploads\/2020\/07\/conspiracy_theory_rlx_800x450.jpg?fit=800%2C450&ssl=1&resize=700%2C400 2x"},"classes":[]}],"_links":{"self":[{"href":"https:\/\/www.freidenker.org\/index.php?rest_route=\/wp\/v2\/posts\/8173","targetHints":{"allow":["GET"]}}],"collection":[{"href":"https:\/\/www.freidenker.org\/index.php?rest_route=\/wp\/v2\/posts"}],"about":[{"href":"https:\/\/www.freidenker.org\/index.php?rest_route=\/wp\/v2\/types\/post"}],"author":[{"embeddable":true,"href":"https:\/\/www.freidenker.org\/index.php?rest_route=\/wp\/v2\/users\/3"}],"replies":[{"embeddable":true,"href":"https:\/\/www.freidenker.org\/index.php?rest_route=%2Fwp%2Fv2%2Fcomments&post=8173"}],"version-history":[{"count":0,"href":"https:\/\/www.freidenker.org\/index.php?rest_route=\/wp\/v2\/posts\/8173\/revisions"}],"wp:featuredmedia":[{"embeddable":true,"href":"https:\/\/www.freidenker.org\/index.php?rest_route=\/wp\/v2\/media\/8132"}],"wp:attachment":[{"href":"https:\/\/www.freidenker.org\/index.php?rest_route=%2Fwp%2Fv2%2Fmedia&parent=8173"}],"wp:term":[{"taxonomy":"category","embeddable":true,"href":"https:\/\/www.freidenker.org\/index.php?rest_route=%2Fwp%2Fv2%2Fcategories&post=8173"},{"taxonomy":"post_tag","embeddable":true,"href":"https:\/\/www.freidenker.org\/index.php?rest_route=%2Fwp%2Fv2%2Ftags&post=8173"}],"curies":[{"name":"wp","href":"https:\/\/api.w.org\/{rel}","templated":true}]}}