{"id":8131,"date":"2020-05-25T20:36:37","date_gmt":"2020-05-25T18:36:37","guid":{"rendered":"https:\/\/www.freidenker.org\/?p=8131"},"modified":"2020-06-19T02:45:25","modified_gmt":"2020-06-19T00:45:25","slug":"andrej-hunko-auf-der-kundgebung-die-gedanken-sind-frei-in-aachen","status":"publish","type":"post","link":"https:\/\/www.freidenker.org\/?p=8131","title":{"rendered":"Andrej Hunko auf der Kundgebung &#8222;Die Gedanken sind frei&#8220; in Aachen"},"content":{"rendered":"<p>Am 16. Mai 2020 fanden in Aachen mehrere Kundgebungen im Zusammenhang mit der Einschr\u00e4nkung demokratischer Grundrechte statt. Eine davon stand unter dem Motto &#8222;Die Gedanken sind frei&#8220; und wurde von den Freidenkern Helene und Dr. Ansgar Klein organisiert.<\/p>\n<p>Unter den Rednern war u.a. Andrej Hunko, stellvertretender Vorsitzender der Linksfraktion im Bundestag. Wir ver\u00f6ffentlichen hier das Manuskript seiner Rede.<\/p>\n<p>(siehe dazu auch das <a href=\"https:\/\/www.freidenker.org\/?p=8136\">Video &#8222;Verschw\u00f6rungsmystik oder -theorie?&#8220;<\/a>)<\/p>\n<h5 class=\"uk-article-title\">Redemanuskript f\u00fcr die Kundgebung \u201eDie Gedanken sind frei\u201c am 16. Mai in Aachen<\/h5>\n<p><em>von <strong>Andrej Hunko<\/strong>, MdB<\/em><\/p>\n<p>&nbsp;<\/p>\n<p>Liebe Freundinnen und Freunde,<br \/>\nliebe Aachenerinnen und Aachener,<\/p>\n<p>zun\u00e4chst einmal vielen Dank auf dieser Kundgebung sprechen zu k\u00f6nnen. Mein Name ist Andrej Hunko, ich bin Bundestagsabgeordneter der Linken aus Aachen und u.a. Mitglied des Sozial- und Gesundheitsausschusses des Europarates. Ich habe mir lange \u00fcberlegt hier zu sprechen und bin auch von vielen Menschen, die ich sehr sch\u00e4tze, aufgefordert worden, es nicht zu tun. Deshalb ganz kurz hier meine Motive:<\/p>\n<p>Ich sp\u00fcre seit einigen Wochen einige wachsende Sorge in Teilen der Bev\u00f6lkerung, dass es im Zuge zu einem l\u00e4ngerfristigen Abbau von Grund- und Freiheitsrechten kommen kann, wie es Edward Snowden hier ausdr\u00fcckt, \u201eThe virus is harmful, the destruction of rights is fatal\u201c, eine Sorge, die sich bei vielen mischt mit der wachsenden Sorge um die eigene soziale und wirtschaftliche Situation, weil die Konsequenzen des Lockdown erst langsam sp\u00fcrbar werden. Diese Sorge braucht eine demokratische Ausdrucksform und Versammlungen wie diese hier sind ein ur-demokratisches Recht, um sich ausdr\u00fccken zu k\u00f6nnen.<\/p>\n<p>Und diese Sorge ist nicht ganz grundlos: Insbesondere die versuchte Einf\u00fchrung eines sog. Immunit\u00e4tsausweises durch die Bundesregierung vor zwei Wochen, mit einer Koppelung an die Wiederherstellung bestimmter Grundrechte, sei es durch Antik\u00f6rpertests oder durch Impfung, hat eine Emp\u00f6rungswelle ausgel\u00f6st. Ich hatte noch am Tag des entsprechenden Kabinettsbeschlusses eine Anfrage dazu gestellt und unser Fraktionsvorsitzender Dietmar Bartsch hat das umgehend \u00f6ffentlich scharf verurteilt. Wenige Tage sp\u00e4ter ist dieser Passus durch den \u00f6ffentlichen Druck aus der Kabinettsvorlage gestrichen worden. Vorgestern wurde diese zweite Novelle zum Infektionsschutzgesetz mit den Stimmen von SPD und CDU (also in Aachen Ulla Schmidt und Rudolf Henke) verabschiedet, allerdings ohne den Passus. Gleichwohl haben wir Linken das Gesetz geschlossen abgelehnt, weil es immer noch zu weitreichende Kompetenz\u00fcbertragungen an das Gesundheitsministerium enth\u00e4lt und z.B. am neoliberalen Fallpauschalenprinzip in der Krankenhausfinanzierung festh\u00e4lt.<\/p>\n<p>Aber Jens Spahn hat schon angek\u00fcndigt an dem Vorsto\u00df f\u00fcr einen Immunit\u00e4tsausweis festhalten zu wollen. Und auch an einer Corona-Tracing-App, die in ihrer urspr\u00fcnglichen Form mit zentraler Datenspeicherung dem Missbrauch T\u00fcr und Tor ge\u00f6ffnet h\u00e4tte. Und ich bin froh, dass es dagegen breiten Protest gegeben hat und er auch hier einen R\u00fcckzieher machen musste. Ich sage Danke an eine demokratische Zivilgesellschaft, die eben auch in Corona-Zeiten nicht alles durchwinkt. Zurecht hatte die Ethik-Kommission vor einigen Wochen vor dem Hintergrund der Corona-Krise vor einer Gefahr des \u201eobrigkeitsstaatlichen Denkens\u201c gewarnt und dieses obrigkeitsstaatliche Denken darf es nicht geben.<\/p>\n<p>Ein Problem der \u00f6ffentlichen Debatte im Zuge der Corona-Krise ist aus meiner Sicht, dass eine Minderheit, aber eine relevante und gewichtige Minderheit von Experten aber auch Teile der Bev\u00f6lkerung, die eine andere Sicht auf die Gefahren von Covid-19 und die entsprechenden Ma\u00dfnahmen haben, aggressiv aus dem \u00f6ffentlichen Diskurs ausgegrenzt wurde oder \u00fcbel diffamiert wurden!<\/p>\n<p>Etwa Wolfgang Wodarg, den ich aus dem Europarat kenne mit dem ich im Untersuchungsausschuss des Europarates zur Schweinegrippe zusammengearbeitet hatte, oder Sucharit Bakhdi oder etwa der ehemalige Leiter des europ\u00e4ischen Zweigs der Epidemiologen Ulrich Keil aus M\u00fcnster, um nur einige zu nennen. Ihre Sichtweise, die ich mir nicht vollst\u00e4ndig zu eigen mache, aber die Teil eines demokratischen Diskurses sein m\u00fcssten, hat dann \u00fcber die alternativen Medien enormes Interesse ausgel\u00f6st. Ja, es gibt Teile dieser alternativen Medien, die krude Vorstellungen verbreiten, mit denen ich nichts zu tun haben will. Aber die Popularit\u00e4t dieser Medien hat Gr\u00fcnde, die in einer Darstellung in den sog. Mainstream-Medien liegen, die oft eher an Meinungsmache erinnert, denn an journalistischer Aufkl\u00e4rung.<\/p>\n<p>Wenn jetzt diejenigen, die aus Sorge vor langfristigen Grundrechte-Einschr\u00e4nkungen auf die Stra\u00dfe gehen pauschal als \u201eirre Verschw\u00f6rungstheoretiker\u201c oder Rechtsextremisten diffamiert werden, so l\u00e4uft etwas grundlegend falsch. Diese Unterstellungen m\u00fcssen aufh\u00f6ren. Aber ich will hier auch ganz klar sagen: Mit tats\u00e4chlichen Rechtsextremisten oder mit Leuten, die glauben, hinter Corona stehe ein Masterplan zur Ausrottung der Menschheit will ich auch nichts zu tun haben. Aber das ist nicht die Mehrheit der Menschen, die jetzt auf die Stra\u00dfe gehen.<\/p>\n<p>Und auch nicht mit der AFD, die jetzt am Hauptbahnhof demonstriert und versucht auf den Zug aufzuspringen. Vorgestern im Bundestag habe ich sie damit konfrontiert, dass ihr erkl\u00e4rtes Vorbild Viktor Orban in Ungarn das bei weitem drakonischste Notfallgesetz in Europa eingef\u00fchrt hat, mit v\u00f6lliger Entmachtung des Parlamentes, Regieren per Dekret und mit einem Desinformationsgesetz, auf der Grundlage Kritiker der Corona-Politik der Regierung Besuch von der Polizei bekommen und abgef\u00fchrt wurden. Und auch wenn Orban gestern angek\u00fcndigt hat, die Gesetze zur\u00fcck nehmen zu wollen, kann es doch nicht sein, dass in einer Demokratie solch weitreichende Aushebelungen von Grundrechten m\u00f6glich sind. Und ich sage ganz klar: \u00c4hnliche \u201efake-news-Strafgesetze\u201c, wie sie auch in Deutschland immer wieder ins Spiel gebracht werden, lehne ich strikt ab.<\/p>\n<p>Ein Wort zur WHO und Bill Gates: Das Grundproblem ist aus meiner Sicht, dass die WHO nur noch zu weniger als 20% aus regul\u00e4ren \u00f6ffentlichen Mitteln finanziert wird. An die Stelle der Finanzierung durch die Mitgliedsstaaten sind in den letzten 30 Jahren zunehmend private Akteure mit entsprechenden Interessen getreten, etwa gro\u00dfe Pharma- und Impfstoffhersteller. Oder Einzelpersonen wie Bill Gates &#8211; im Osten w\u00fcrde man sie als Oligarchen bezeichnen \u2013, die einen nicht zu legitimierenden Einfluss auf die Ausrichtung der WHO nehmen.<\/p>\n<p>Etwa auf die starke einseitige Ausrichtung auf Impfprogramme, obwohl andere und einfachere Ma\u00dfnahmen einen erheblich gr\u00f6\u00dferen Effekt auf die globale Gesundheit h\u00e4tten, z. B. der Zugang zu sauberem Trinkwasser, an dessen Mangel t\u00e4glich 1500 Menschen sterben &#8211; jeden Tag, jahrein, jahraus. Diese Kritik an der WHO, die \u00fcbrigens nicht parlamentarisch kontrolliert wird, ist oft formuliert worden, auch vom Europarat. Und es muss eine Konsequenz aus der Corona-Krise sein, dass die WHO endlich wieder auf eine solide \u00f6ffentliche Finanzierung gestellt wird und sich vom Einfluss privater Akteure befreit. Die Linksfraktion im Bundestag wird entsprechende Antr\u00e4ge einbringen.<\/p>\n<p>Und das ist unabh\u00e4ngig davon, welche Motive man Bill Gates unterstellt, etwa ganz finstere Motive, wie es einige behaupten oder ganz humanistische, wie es andere meinen. Es kann einfach nicht sein, dass der zweitreichste Mann der Welt einen solchen Einfluss auf die Gesundheitspolitik der gesamten Menschheit und auch auf unsere Medien hat, das ist mit meiner Vorstellung von Demokratie v\u00f6llig unvereinbar. An diesem Beispiel kann man auch sehen, wie die gewachsene Ungleichheit auf internationaler Ebene, die gewachsene Macht einiger Multimilliard\u00e4re einen negativen Einfluss auf gesellschaftliche Strukturen hat. Die WHO braucht solide \u00f6ffentliche Finanzierung und auch mehr demokratische Kontrolle!<\/p>\n<p>Ich bin kein grunds\u00e4tzlicher Gegner von Impfungen, wie mir manchmal unterstellt wird. Impfungen k\u00f6nnen sehr sinnvoll sein und ich bin auch gegen viele Krankheiten geimpft. Aber bei der Schweinegrippe war es offensichtlich und ist auch nachgewiesen, dass die Panikmache im Interesse des Vertriebs von m\u00f6glichst vielen Impfdosen lag, die \u00fcberfl\u00fcssig war und die in der Summe etwa 30-40 Milliarden Dollar in die Kassen der Impfstoffhersteller gesp\u00fclt hatte. Seitdem ist der Einfluss der Impfstoffhersteller auf die Gesundheitspolitik eher gestiegen. Das macht die heutige Lage so schwierig: Eine Impfung kann zu einem sinnvollen Ausgang aus der Corona-Bedrohung f\u00fchren, aber die Herstellung ist bei Corona-Viren \u00e4u\u00dferst schwierig und kann zu erheblichen Nebenwirkungen f\u00fchren. Deshalb halte ich es f\u00fcr falsch, alle Hoffnung darauf zu setzen.<\/p>\n<p>Und ich bin auch gegen eine Impfpflicht, wenn es mildere Mittel gibt. Deshalb habe ich vor einem halben Jahr auch gegen die faktische Masern-Impfpflicht von Jens Spahn gestimmt, weil ich nicht davon \u00fcberzeugt bin, dass diese Impfpflicht die ohnehin sehr hohe Durchimpfungsrate verbessern w\u00fcrde. Und falls es einen Corona-Impfstoff geben sollte, werde ich sehr genau hinschauen.<\/p>\n<p>Liebe Freundinnen und Freunde, noch ein paar Worte zur Situation in Deutschland: Ich kritisiere explizit nicht, dass die Bundesregierung mit Schutzma\u00dfnahmen in Reaktion auf die Corona-Pandemie reagiert hat. Jeder Staat muss das machen und jeder Staat hat es gemacht. Corona ist gef\u00e4hrlich und darauf muss reagiert werden. Und ich bitte darum, mir nicht zu unterstellen, dass ich gegen Schutzma\u00dfnahmen w\u00e4re. Und ich behaupte auch nicht, dass es sich bei Corona um eine harmlose Grippewelle handelt. Grippewellen sind im \u00dcbrigen oft nicht harmlos sind. Wer erinnert sich etwa noch an die Hongkong-Grippe 1968\/69, an der alleine in Deutschland gesch\u00e4tzte 40.000 Menschen starben? Aber ich behalte mir das Recht vor, genau hinzuschauen was gemacht wird, m\u00f6chte Lehren f\u00fcr die Zukunft ziehen und da tun sich f\u00fcr mich schon Fragen und Widerspr\u00fcche auf:<\/p>\n<p>Warum etwa wurde so sp\u00e4t reagiert? In Island, dass aus meiner Sicht in puncto Effektivit\u00e4t der Seuchenbek\u00e4mpfung und Grundrechteschutz weltweit am besten dasteht und \u00fcbrigens eine linke Gesundheitsministerin hat, wurde ab dem 24. Januar an den Flugh\u00e4fen kontrolliert und ab Anfang Februar systematisch getestet. In Deutschland wurde gar nicht kontrolliert und dann ab Mitte M\u00e4rz die Grenzen geschlossen. Systematisch getestet wird bis heute nicht. Als ich Ende Februar in Lateinamerika war, war dort an den Flugh\u00e4fen Corona ein gro\u00dfes Thema, bei der R\u00fcckkehr in Deutschland nicht. Noch im Februar wurden im Bayrischen Rundfunk diejenigen als Verschw\u00f6rungstheoretiker abgetan, die behaupteten Corona ist gef\u00e4hrlich. Heute ist es umgekehrt. Freundlich gesagt: Die Vorsorge war unzureichend und chaotisch.<\/p>\n<p>Warum wurden und werden die Zahlen der positiv Getesteten bis heute so intransparent aufbereitet, also ohne Verh\u00e4ltnis zu den negativ Getesteten. Warum gibt es trotz gerade mal 30%-prozentiger Auslastung der Testkapazit\u00e4ten keine Versuche einer repr\u00e4sentativen Stichprobentestung, wie ich es seit Ende M\u00e4rz fordere. Warum hat das RKI empfohlen, die Gestorbenen nicht zu obduzieren, obwohl die genaue Kenntnis der Todesursache von \u00fcberragender Bedeutung f\u00fcr die Erkrankten ist? Warum stellt das RKI seine regelm\u00e4\u00dfigen Pressekonferenzen ein, obwohl das Interesse \u00fcberragend ist? Warum er\u00f6ffnen erst shopping-malls, w\u00e4hrend Kinderg\u00e4rten geschlossen bleiben, obwohl Untersuchungen best\u00e4tigen, dass Kinder kein oder nur ein geringes Risiko als \u00dcbertr\u00e4ger darstellen? Warum wird die an sich sinnvolle Ma\u00dfnahme der Regionalisierung mit 50 pro 100000 Neuinfizierten in einer Woche nicht gekn\u00fcpft an eine bestimmte Anzahl von Tests? Warum ist die Reproduktionszahl schon vor dem Lockdown am 23. M\u00e4rz unter 1 gefallen? Warum wird eine international umstrittene Maskenpflicht am Ende der jetzigen Pandemie-Welle eingef\u00fchrt? Und die gro\u00dfe Frage: Haben einige der Ma\u00dfnahmen, insbesondere die grundrechtsbezogenen Ma\u00dfnahmen, nicht zu einem gr\u00f6\u00dferen Schaden gef\u00fchrt, als ihr Nutzen war?<\/p>\n<p>Niemand kann heute all diese Fragen 100% beantworten. Ich unterstelle der Bundesregierung auch nicht, bei den Schutzma\u00dfnahmen in b\u00f6ser Absicht zu handeln. Und in einer un\u00fcbersichtlichen Situation muss eine Regierung auch weitreichende Schutzvorkehrungen treffen. Aber angesichts der Dimension der Folgewirkungen, angesichts der weitgehensten Grundrechteeinschr\u00e4nkungen in der Geschichte der Bundesrepublik, erwarte ich schon eine transparente Aufarbeitung der Geschehnisse eine maximale Evaluierung und \u00dcberpr\u00fcfung der Verh\u00e4ltnism\u00e4\u00dfigkeit der einzelnen Ma\u00dfnahmen.<\/p>\n<p>Liebe Freundinnen und Freunde, noch ein paar Worte zu den sozialen und wirtschaftlichen Folgen: Wir stehen vor dem gr\u00f6\u00dften Wirtschaftseinbruch seit dem zweiten Weltkrieg. Die Debatte um die richtige Gesundheitspolitik wird in den n\u00e4chsten Wochen und Monaten von der Debatte um die richtige Wirtschafts- und Sozialpolitik verdr\u00e4ngt werden. Viele Menschen werden ihre Existenzgrundlage verlieren. Es wird auch m.E. wieder zu Sozialprotesten kommen.<\/p>\n<p>Angela Merkel hat am Mittwoch in der Fragestunde gesagt, es wird keine Steuererh\u00f6hungen und auch keine Verm\u00f6gensabgabe etwa nach dem Vorbild des Lastenausgleichs Anfang der 50er Jahre geben, wie wir das fordern. Das bedeutet aber auch, dass die Verm\u00f6genden geschont werden und die Kosten der Krise andere zahlen sollen, also die sog. kleinen Leute. Es hat im Zuge der Corona-Krise sehr viel Solidarit\u00e4t in der Bev\u00f6lkerung gegeben, ich finde, diese Solidarit\u00e4t muss man beim Wiederaufbau der Wirtschaft auch von denjenigen erwartet, die es sich leisten k\u00f6nnen.<\/p>\n<p>Und es kann dabei nicht sein, dass Konzerne Staatshilfen erhalten, die Dividenden aussch\u00fctten, die ihren Managern Boni aussch\u00fctten oder die in Steueroasen sitzen. Das muss verhindert werden.<\/p>\n<p>Und der durch die notwendigen staatlichen Hilfen gewachsene Einfluss muss auch dazu genutzt werden, die Produktion sozial-\u00f6kologisch und klimagerecht auszurichten. In Deutschland und Europa. Die Krise bietet hierzu auch eine Chance.<\/p>\n<p>Und auch das Gesundheitssystem muss als Folge der jetzigen Debatte auf den Pr\u00fcfstand: Es kann doch nicht sein, dass unser Gesundheitssystem mehr und mehr privatisiert wurde, dass Krankenh\u00e4user und Pflegeeinrichtungen nach betriebswirtschaftlicher Profitlogik funktionieren sollen. Ich finde Gesundheit darf keine Ware sein und geh\u00f6rt in \u00f6ffentliche Hand!<\/p>\n<p>Zum Schluss noch ein paar Wort zu unserer Kultur untereinander: Es hat ja in den letzten Tagen auch in Aachen einige Auseinandersetzungen gegeben. Und diese Auseinandersetzungen haben eine Sch\u00e4rfe angenommen, die ich mir nur mit der Angst erkl\u00e4ren kann: Die einen haben Angst vor dem Virus, das wir angesichts der Lockerungen vor einer zweiten Welle stehen, die anderen haben Angst vor dauerhaften Grundrechte-Einschr\u00e4nkungen oder vor den sozialen Folgen der Ma\u00dfnahmen. Beide haben gute Gr\u00fcnde f\u00fcr ihre Haltung. Bitte lasst uns respektvoll miteinander umgehen, haltet die Abstandsregeln ein und beschimpft nicht die anderen, die es vielleicht anders sehen.<\/p>\n<p>Bleibt gesund und bleibt kritisch!<\/p>\n<p style=\"text-align: right;\"><em>Andrej Hunko ist stellvertretender Vorsitzender der Linksfraktion im Deutschen Bundestag und Mitglied der Parlamentarischen Versammlung des Europarats<\/em><\/p>\n<p>&nbsp;<\/p>\n<p><span style=\"font-size: 10pt;\">Erstver\u00f6ffentlichung auf <a href=\"https:\/\/www.andrej-hunko.de\/start\/aktuelles\/4954-redemanuskript-gedanken-sind-frei\" target=\"_blank\" rel=\"noopener noreferrer\">www.andrej-hunko.de<\/a><br \/>\n<\/span><span style=\"font-size: 10pt;\">Beachten Sie auch das <a href=\"https:\/\/www.andrej-hunko.de\/presse\/pressespiegel\/4958-interview-corona-kundgebung-aachen\">Interview mit Andrej Hunko<\/a> zu den Vorw\u00fcrfen rund um die Teilnahme an der Kundgebung &#8222;Die Gedanken sind frei&#8220; in Aachen am 16. Mai.<\/span><\/p>\n<hr \/>\n<p><span style=\"font-size: 10pt;\">Bild: <span class=\"mw-mmv-title\">Andrej Hunko in seiner Funktion als Leiter der Wahlbeobachtungsdelegation des Europarates in Georgien (2018)<\/span><\/span><br \/>\n<span style=\"font-size: 10pt;\">Foto: OSCE Parliamentary Assembly from Copenhagen, Denmark, CC BY-SA 2.0, <\/span><br \/>\n<span style=\"font-size: 10pt;\">Quelle: <a href=\"https:\/\/commons.wikimedia.org\/w\/index.php?curid=73939516\" target=\"_blank\" rel=\"noopener noreferrer\">https:\/\/commons.wikimedia.org\/w\/index.php?curid=73939516<\/a><\/span><\/p>\n","protected":false},"excerpt":{"rendered":"<p><b>Redemanuskript von Andrej Hunko<\/b><br \/>\nIch sp\u00fcre seit einigen Wochen einige wachsende Sorge in Teilen der Bev\u00f6lkerung, dass es im Zuge zu einem l\u00e4ngerfristigen Abbau von Grund- und Freiheitsrechten kommen kann, wie es Edward Snowden hier ausdr\u00fcckt, \u201eThe virus is harmful, the destruction of rights is fatal\u201c, eine Sorge, die sich bei vielen mischt mit der wachsenden Sorge um die eigene soziale und wirtschaftliche Situation, weil die Konsequenzen des Lockdown erst langsam sp\u00fcrbar werden. Diese Sorge braucht eine demokratische Ausdrucksform und Versammlungen wie diese hier sind ein ur-demokratisches Recht, um sich ausdr\u00fccken zu k\u00f6nnen.<\/p>\n","protected":false},"author":3,"featured_media":8134,"comment_status":"closed","ping_status":"closed","sticky":false,"template":"","format":"standard","meta":{"colormag_page_container_layout":"default_layout","colormag_page_sidebar_layout":"default_layout","advanced_seo_description":"","jetpack_seo_html_title":"","jetpack_seo_noindex":false,"jetpack_post_was_ever_published":false,"footnotes":""},"categories":[11,12],"tags":[1032,1256,1273,844,1278,121,395],"class_list":["post-8131","post","type-post","status-publish","format-standard","has-post-thumbnail","hentry","category-arbeit-soziales","category-demokratie-medien-aufklaerung","tag-bundesregierung","tag-corona-virus","tag-demokratische-grundrechte","tag-grundgesetz","tag-impfung","tag-medien","tag-meinungsfreiheit"],"jetpack_featured_media_url":"https:\/\/i0.wp.com\/www.freidenker.org\/fw17\/wp-content\/uploads\/2020\/05\/Hunko_800x450.jpg?fit=800%2C450&ssl=1","jetpack_shortlink":"https:\/\/wp.me\/p9stpK-279","jetpack-related-posts":[{"id":8136,"url":"https:\/\/www.freidenker.org\/?p=8136","url_meta":{"origin":8131,"position":0},"title":"Video: Verschw\u00f6rungsmystik oder -theorie?","author":"Webredaktion","date":"25. Mai 2020","format":false,"excerpt":"Videodiskussion von Liudmila Kotlyarova (Sputnik Deutschland) und Diether Dehm (weltnetz.tv) mit Andrej Hunko (MdB DIE LINKE) Wieder einmal gehen f\u00fchrende Genossinnen auf Distanz zu dem stellvertretenen Vorsitzenden der Linksfraktion Andrej Hunko. Wie damals, als Hunko eine Geldspende in ein ostukrainisches Kinderkrankenhaus gebracht oder Venezuelas Regierungschef Nicol\u00e1s Maduro (aber auch dessen\u2026","rel":"","context":"In &quot;Arbeit &amp; Soziales&quot;","block_context":{"text":"Arbeit &amp; Soziales","link":"https:\/\/www.freidenker.org\/?cat=11"},"img":{"alt_text":"","src":"https:\/\/i0.wp.com\/www.freidenker.org\/fw17\/wp-content\/uploads\/2020\/05\/verschwoerungsmystik_oder_verschwoerungstheorie_800x450.jpg?fit=800%2C450&ssl=1&resize=350%2C200","width":350,"height":200,"srcset":"https:\/\/i0.wp.com\/www.freidenker.org\/fw17\/wp-content\/uploads\/2020\/05\/verschwoerungsmystik_oder_verschwoerungstheorie_800x450.jpg?fit=800%2C450&ssl=1&resize=350%2C200 1x, https:\/\/i0.wp.com\/www.freidenker.org\/fw17\/wp-content\/uploads\/2020\/05\/verschwoerungsmystik_oder_verschwoerungstheorie_800x450.jpg?fit=800%2C450&ssl=1&resize=525%2C300 1.5x, https:\/\/i0.wp.com\/www.freidenker.org\/fw17\/wp-content\/uploads\/2020\/05\/verschwoerungsmystik_oder_verschwoerungstheorie_800x450.jpg?fit=800%2C450&ssl=1&resize=700%2C400 2x"},"classes":[]},{"id":8173,"url":"https:\/\/www.freidenker.org\/?p=8173","url_meta":{"origin":8131,"position":1},"title":"Sind Corona-Hygienedemos \u201edie falschen Proteste?\u201c","author":"Webredaktion","date":"5. Juni 2020","format":false,"excerpt":"In der Rubrik Tagesdosis wurde am 29.05.2020 bei KenFM der Beitrag \u201eSind Corona-Hygienedemos \u201edie falschen Proteste?\u201c von Rainer Rupp, Mitglied des Beirats des Deutschen Freidenker-Verbandes, ver\u00f6ffentlicht. Heute wie damals gilt der Satz von Kurt Tucholsky: \u201eNichts ist schwerer und nichts erfordert mehr Charakter als sich im Gegensatz zu seiner Zeit\u2026","rel":"","context":"In &quot;Arbeit &amp; Soziales&quot;","block_context":{"text":"Arbeit &amp; Soziales","link":"https:\/\/www.freidenker.org\/?cat=11"},"img":{"alt_text":"","src":"https:\/\/i0.wp.com\/www.freidenker.org\/fw17\/wp-content\/uploads\/2020\/05\/CoronaDemokratieHauk_800x450.jpg?fit=800%2C450&ssl=1&resize=350%2C200","width":350,"height":200,"srcset":"https:\/\/i0.wp.com\/www.freidenker.org\/fw17\/wp-content\/uploads\/2020\/05\/CoronaDemokratieHauk_800x450.jpg?fit=800%2C450&ssl=1&resize=350%2C200 1x, https:\/\/i0.wp.com\/www.freidenker.org\/fw17\/wp-content\/uploads\/2020\/05\/CoronaDemokratieHauk_800x450.jpg?fit=800%2C450&ssl=1&resize=525%2C300 1.5x, https:\/\/i0.wp.com\/www.freidenker.org\/fw17\/wp-content\/uploads\/2020\/05\/CoronaDemokratieHauk_800x450.jpg?fit=800%2C450&ssl=1&resize=700%2C400 2x"},"classes":[]},{"id":20659,"url":"https:\/\/www.freidenker.org\/?p=20659","url_meta":{"origin":8131,"position":2},"title":"Stoppt das Morden in Pal\u00e4stina und der Ukraine","author":"Webredaktion","date":"14. Januar 2025","format":false,"excerpt":"Kundgebung und Demonstrationszug am Samstag, 18. Januar 2025 um 14 Uhr (vor dem DGB-Haus) in D\u00fcsseldorf, Friedrich-Ebert-Stra\u00dfe 32 mit: Andrej Hunko (MdB), Moaz Abdallah (International Generation), Wa\u2019el Jarar(Pal\u00e4stinensische Gemeinde), Michael Aggelidis (Friedensb\u00fcndnis NRW) Unsere Bundesregierung unterst\u00fctzt das sinnlose Sterben in der Ukraine und den V\u00f6lkermord in Pal\u00e4stina unter Nutzung deutscher\u2026","rel":"","context":"In &quot;Frieden - Antifaschismus - Solidarit\u00e4t&quot;","block_context":{"text":"Frieden - Antifaschismus - Solidarit\u00e4t","link":"https:\/\/www.freidenker.org\/?cat=13"},"img":{"alt_text":"","src":"https:\/\/i0.wp.com\/www.freidenker.org\/fw17\/wp-content\/uploads\/2025\/01\/friedensbuendnis-nrw-galerie-16_800x450.jpg?fit=800%2C450&ssl=1&resize=350%2C200","width":350,"height":200,"srcset":"https:\/\/i0.wp.com\/www.freidenker.org\/fw17\/wp-content\/uploads\/2025\/01\/friedensbuendnis-nrw-galerie-16_800x450.jpg?fit=800%2C450&ssl=1&resize=350%2C200 1x, https:\/\/i0.wp.com\/www.freidenker.org\/fw17\/wp-content\/uploads\/2025\/01\/friedensbuendnis-nrw-galerie-16_800x450.jpg?fit=800%2C450&ssl=1&resize=525%2C300 1.5x, https:\/\/i0.wp.com\/www.freidenker.org\/fw17\/wp-content\/uploads\/2025\/01\/friedensbuendnis-nrw-galerie-16_800x450.jpg?fit=800%2C450&ssl=1&resize=700%2C400 2x"},"classes":[]},{"id":8236,"url":"https:\/\/www.freidenker.org\/?p=8236","url_meta":{"origin":8131,"position":3},"title":"\u00dcberzeugen, ohne einzusch\u00fcchtern","author":"Webredaktion","date":"16. Juni 2020","format":false,"excerpt":"Stellungnahme der Bundestagsabgeordneten Kerstin Kassner, \u017baklin Nasti\u0107, Diether Dehm und Andrej Hunko So wie Kriege bekanntlich mit mindestens einer L\u00fcge beginnen, wirbeln Krisen Pogromstimmungen hoch. Das kollektive Unterbewusstsein \u2013 und noch mehr das individuelle \u2013 ist oft zu feige, um \u00c4ngste gegen \u00fcberstarke M\u00e4chte zu wenden. Leichter entl\u00e4dt sich Zorn\u2026","rel":"","context":"In &quot;Arbeit &amp; Soziales&quot;","block_context":{"text":"Arbeit &amp; Soziales","link":"https:\/\/www.freidenker.org\/?cat=11"},"img":{"alt_text":"","src":"https:\/\/i0.wp.com\/www.freidenker.org\/fw17\/wp-content\/uploads\/2020\/06\/corona-5018333_800x450.jpg?fit=800%2C450&ssl=1&resize=350%2C200","width":350,"height":200,"srcset":"https:\/\/i0.wp.com\/www.freidenker.org\/fw17\/wp-content\/uploads\/2020\/06\/corona-5018333_800x450.jpg?fit=800%2C450&ssl=1&resize=350%2C200 1x, https:\/\/i0.wp.com\/www.freidenker.org\/fw17\/wp-content\/uploads\/2020\/06\/corona-5018333_800x450.jpg?fit=800%2C450&ssl=1&resize=525%2C300 1.5x, https:\/\/i0.wp.com\/www.freidenker.org\/fw17\/wp-content\/uploads\/2020\/06\/corona-5018333_800x450.jpg?fit=800%2C450&ssl=1&resize=700%2C400 2x"},"classes":[]},{"id":9101,"url":"https:\/\/www.freidenker.org\/?p=9101","url_meta":{"origin":8131,"position":4},"title":"FREIDENKER 4-20 \u2013 Die Gedanken sind frei?","author":"Webredaktion","date":"30. Dezember 2020","format":false,"excerpt":"Die Ausgabe 4-20 des Verbandsorgans FREIDENKER hat das Schwerpunkt-Thema \u201eDie Gedanken sind frei?\u201c und enth\u00e4lt u.a. folgende Beitr\u00e4ge: - Klaus Hartmann: Politisch korrekt NATO-kompatibel - Stefania Maurizi: Julian Assange: ein unglaubliches Versagen des Journalismus - Hermann Ploppa: Wikipedia als Kammerton A des transatlantischen Wahrheitsministeriums - Dokumentation von Markus Fiedler und\u2026","rel":"","context":"In &quot;Verbandsorgan FREIDENKER&quot;","block_context":{"text":"Verbandsorgan FREIDENKER","link":"https:\/\/www.freidenker.org\/?cat=8"},"img":{"alt_text":"","src":"https:\/\/i0.wp.com\/www.freidenker.org\/fw17\/wp-content\/uploads\/2020\/12\/FD_2020-04_Titel_mR.jpg?fit=800%2C445&ssl=1&resize=350%2C200","width":350,"height":200,"srcset":"https:\/\/i0.wp.com\/www.freidenker.org\/fw17\/wp-content\/uploads\/2020\/12\/FD_2020-04_Titel_mR.jpg?fit=800%2C445&ssl=1&resize=350%2C200 1x, https:\/\/i0.wp.com\/www.freidenker.org\/fw17\/wp-content\/uploads\/2020\/12\/FD_2020-04_Titel_mR.jpg?fit=800%2C445&ssl=1&resize=525%2C300 1.5x, https:\/\/i0.wp.com\/www.freidenker.org\/fw17\/wp-content\/uploads\/2020\/12\/FD_2020-04_Titel_mR.jpg?fit=800%2C445&ssl=1&resize=700%2C400 2x"},"classes":[]},{"id":8807,"url":"https:\/\/www.freidenker.org\/?p=8807","url_meta":{"origin":8131,"position":5},"title":"Lockdown 2020 \u2013 Mehr als eine Buchbesprechung","author":"Webredaktion","date":"17. Oktober 2020","format":false,"excerpt":"Rezension von Wolf Wetzel Das Buch \u201eLOCKDOWN 2020. Wie ein Virus dazu benutzt wird, die Gesellschaft zu ver\u00e4ndern\u201c (Hg. Hannes Hofbauer & Stefan Kraft) ... enth\u00e4lt zwanzig Beitr\u00e4ge, die das breite Feld abdecken, das Corona nicht entdeckt hat, sondern vorfindet. Es bringt biopolitische, staatstheoretische, \u00f6konomische und gesellschaftliche \u00dcberlegungen zusammen. Und\u2026","rel":"","context":"In &quot;Arbeit &amp; Soziales&quot;","block_context":{"text":"Arbeit &amp; Soziales","link":"https:\/\/www.freidenker.org\/?cat=11"},"img":{"alt_text":"","src":"https:\/\/i0.wp.com\/www.freidenker.org\/fw17\/wp-content\/uploads\/2020\/10\/Lockdown2020_titelcollage_800x450.jpg?fit=800%2C450&ssl=1&resize=350%2C200","width":350,"height":200,"srcset":"https:\/\/i0.wp.com\/www.freidenker.org\/fw17\/wp-content\/uploads\/2020\/10\/Lockdown2020_titelcollage_800x450.jpg?fit=800%2C450&ssl=1&resize=350%2C200 1x, https:\/\/i0.wp.com\/www.freidenker.org\/fw17\/wp-content\/uploads\/2020\/10\/Lockdown2020_titelcollage_800x450.jpg?fit=800%2C450&ssl=1&resize=525%2C300 1.5x, https:\/\/i0.wp.com\/www.freidenker.org\/fw17\/wp-content\/uploads\/2020\/10\/Lockdown2020_titelcollage_800x450.jpg?fit=800%2C450&ssl=1&resize=700%2C400 2x"},"classes":[]}],"_links":{"self":[{"href":"https:\/\/www.freidenker.org\/index.php?rest_route=\/wp\/v2\/posts\/8131","targetHints":{"allow":["GET"]}}],"collection":[{"href":"https:\/\/www.freidenker.org\/index.php?rest_route=\/wp\/v2\/posts"}],"about":[{"href":"https:\/\/www.freidenker.org\/index.php?rest_route=\/wp\/v2\/types\/post"}],"author":[{"embeddable":true,"href":"https:\/\/www.freidenker.org\/index.php?rest_route=\/wp\/v2\/users\/3"}],"replies":[{"embeddable":true,"href":"https:\/\/www.freidenker.org\/index.php?rest_route=%2Fwp%2Fv2%2Fcomments&post=8131"}],"version-history":[{"count":0,"href":"https:\/\/www.freidenker.org\/index.php?rest_route=\/wp\/v2\/posts\/8131\/revisions"}],"wp:featuredmedia":[{"embeddable":true,"href":"https:\/\/www.freidenker.org\/index.php?rest_route=\/wp\/v2\/media\/8134"}],"wp:attachment":[{"href":"https:\/\/www.freidenker.org\/index.php?rest_route=%2Fwp%2Fv2%2Fmedia&parent=8131"}],"wp:term":[{"taxonomy":"category","embeddable":true,"href":"https:\/\/www.freidenker.org\/index.php?rest_route=%2Fwp%2Fv2%2Fcategories&post=8131"},{"taxonomy":"post_tag","embeddable":true,"href":"https:\/\/www.freidenker.org\/index.php?rest_route=%2Fwp%2Fv2%2Ftags&post=8131"}],"curies":[{"name":"wp","href":"https:\/\/api.w.org\/{rel}","templated":true}]}}