{"id":8113,"date":"2020-05-17T13:07:52","date_gmt":"2020-05-17T11:07:52","guid":{"rendered":"https:\/\/www.freidenker.org\/?p=8113"},"modified":"2020-06-19T02:45:33","modified_gmt":"2020-06-19T00:45:33","slug":"ken-jebsen-erz-boesewicht-des-tages","status":"publish","type":"post","link":"https:\/\/www.freidenker.org\/?p=8113","title":{"rendered":"Ken Jebsen \u2013 Erz-B\u00f6sewicht des Tages?"},"content":{"rendered":"<p>In der Rubrik <strong>Tagesdosis<\/strong> wurde am 15.05.2020 bei <a href=\"https:\/\/kenfm.de\/tagesdosis-15-5-2020-ken-jebsen-erz-boesewicht-des-tages\/\" target=\"_blank\" rel=\"noopener noreferrer\">KenFM<\/a> der Beitrag <strong>\u201eKen Jebsen \u2013 Erz-B\u00f6sewicht des Tages?\u201c<\/strong> von <em><strong>Rainer Rupp<\/strong><\/em>, Mitglied des Beirats des Deutschen Freidenker-Verbandes, ver\u00f6ffentlicht.<\/p>\n<p>Den Beitrag als Audio-Datei anh\u00f6ren:<\/p>\n<audio class=\"wp-audio-shortcode\" id=\"audio-8113-1\" preload=\"none\" style=\"width: 100%;\" controls=\"controls\"><source type=\"audio\/mpeg\" src=\"https:\/\/www.freidenker.org\/fw17\/wp-content\/uploads\/2020\/05\/tagesdosis-20200515.mp3?_=1\" \/><a href=\"https:\/\/www.freidenker.org\/fw17\/wp-content\/uploads\/2020\/05\/tagesdosis-20200515.mp3\">https:\/\/www.freidenker.org\/fw17\/wp-content\/uploads\/2020\/05\/tagesdosis-20200515.mp3<\/a><\/audio>\n<p>&nbsp;<\/p>\n<p>Der Beitrag ist auch auf KenTube verf\u00fcgbar:\u00a0<a href=\"https:\/\/tube.kenfm.de\/videos\/watch\/5cd2ea42-a1db-482a-8b0f-1d27f8074608\" target=\"_blank\" rel=\"noopener noreferrer\"> https:\/\/tube.kenfm.de\/videos\/watch\/5cd2ea42-a1db-482a-8b0f-1d27f8074608<\/a><\/p>\n<h4>Tagesdosis 15.5.2020 \u2013 Ken Jebsen \u2013 Erz-B\u00f6sewicht des Tages?<\/h4>\n<div class=\"post-article-meta\">\n<div id=\"mp3_download\"><\/div>\n<\/div>\n<p><em>Ein Kommentar <strong>von Rainer Rupp.<\/strong><\/em><\/p>\n<p>Ken Jebsen ist ins Visier der selbsternannten Blockwarte der Demokratie geraten.<\/p>\n<p>Politiker der CDU\/CSU\/SPD\/Gr\u00fcnen\/FDP-Einheitsbrei-Partei und ihre willigen Presstituierten der Staats- und privaten Konzernmedien schie\u00dfen derzeit mit schwerem Gesch\u00fctz aus allen Rohren. Es gibt nichts, was Ken Jebsen nicht ist: angefangenen vom \u201eantisemitischen Verschw\u00f6rungstheoretiker\u201c (Neues Deutschland, 07.05.2020) bis zum Agitator, der mit Aluh\u00fcten, Esoterikern, Populisten und nat\u00fcrlich mit \u201eRECHTEN\u201c gemeinsame Sache macht, um \u2013 so z.B. die Schweizer NZZ \u2013 \u201eden Stimmungsumschwung in der deutschen Bev\u00f6lkerung gegen die Pandemie-Ma\u00dfnahmen zu nutzen,<em> \u201eum die \u00f6ffentliche Debatte in Deutschland zu kapern \u2026 und Aufruhr und Umsturzphantasien in die Gesellschaft zu tragen\u201c<\/em> (12.05.2020).<\/p>\n<p>Kurz und knapp: Ken Jebsen ist also der Erz-B\u00f6sewicht des Tages. Aber was genau ist es, was die politische Elite und die selbsternannten \u201eQualit\u00e4tsmedien\u201c so sehr gegen Jebsen aufbringt? Die Tatsache, dass er im Eifer des verbalen Gefechts \u2013 er redet oft schneller als ein Maschinengewehr \u2013 auch schon mal einen Fehler macht, kann nicht der Grund f\u00fcr die mediale Aufregung gegen Jebsen sein. Nicht umsonst hei\u00dft es bei wichtigen Reden, dass nicht das gesprochene, sondern das geschriebene Wort gilt, das im Anschluss an die Rede als Text verteilt wird. Denn in einer Rede, besonders wenn es wie bei Ken Jebsen emotional und schnell zugeht, ist es unsinnig oder b\u00f6swillig, jedes Wort auf die Goldwaage zu legen. Das trifft erst recht zu, wenn man die Rede nicht abgelesen oder gar ohne Handzettel gehalten wird, wie das Jebsen in der Regel tut. Selbst bei den gr\u00f6\u00dften Koryph\u00e4en schleichen sich dann Fehler ein, und dann kann auch mal eine Prozentzahl zu hoch oder zu niedrig sein.<\/p>\n<p>Wenn der Herr Minister z.B. bei einer wichtigen Rede Fehler macht, dann verschickt nach der Rede der Sprecher des Ministeriums eine Korrektur mit dem Hinweis: <em>\u201eWas der Herr Minister sagen wollte war:\u00a0 Punkt Punkt Punkt\u2026\u2026.\u201c.<\/em> Niemand nimmt daran Ansto\u00df daran. Im Tagesgesch\u00e4ft st\u00f6rt sich niemand an solchen Fehlern und man schaut verst\u00e4ndnisvoll dar\u00fcber hinweg. Nur bei Ken Jebsen ist das anders. Bei Jebsen werden eigentlich belanglose, tats\u00e4chliche und angebliche Fehler aufgebauscht. Denn damit soll seine Glaubw\u00fcrdigkeit untergraben werden,\u00a0 wenn er \u00fcber die wirklich wichtigen Dinge spricht, n\u00e4mlich die unbequemen Wahrheiten, \u00fcber die schwerwiegenden strukturellen Fehler in unserem Gesellschaftssystem, die von den verantwortungslosen Eliten in Politik, Wirtschaft und Medien aus Geld- und Machtgier und Eigennutz auf dem R\u00fccken der Masse der Bev\u00f6lkerung von Tag zu Tag, von Jahr zu Jahr immer schlimmer werden.<\/p>\n<p>Deshalb werden derzeit ganze Heerscharen von sogenannten \u201eFact Findern\u201c, Bloggern und Presstituierten auf Jebsen angesetzt, um in seinem Auge einen Splitter zu finden, w\u00e4hrend sie die Balken im Auge ihrer Auftraggeber geflissentlich \u00fcbersehen. Und so kommt es, dass sich derzeit die \u201eFact Finder\u201c dar\u00fcber emp\u00f6ren, dass Jebsen in einer seiner Reden den Anteil der finanziellen Zuwendungen der Bill und Melinda Gates Stiftung am Gesamthaushalt der Weltgesundheitsorganisation WHO als signifikant h\u00f6her beziffert hat als die tats\u00e4chlich Zahl von um die 10 Prozent tats\u00e4chlich hergibt. Das ist der gro\u00dfe Skandal, mit dem die \u201eFact Finder\u201c und Presstituierten nun versuchen Gates Stiftung reinzuwaschen und ihre Impfverbrechen an indischen und afrikanischen Kindern im gro\u00dfen Ged\u00e4chtnisloch des Ministeriums f\u00fcr Wahrheit verschwinden zu lassen.<\/p>\n<p>Mit der gro\u00dfen Aufregung um die richtige Zahl wird von Ken Jebsens Schlussfolgerung abgelenkt, wonach die Gates-Stiftung auch bei einem Anteil von nur zehn Prozent des Haushalts der WHO einen bestimmenden Einfluss auf die Entscheidungen der WHO-F\u00fchrungsspitze hat,\u00a0 zumal Gates nicht nur bestimmt, wof\u00fcr sein Geld verwendet wird, sondern ganz nach Manier eines Lobbyisten auch intensive pers\u00f6nliche Kontakte zum Vorstand der WHO pflegt und damit T\u00fcren \u00f6ffnen kann, die f\u00fcr die beamteten, offiziellen Vertreter der WHO-Mitgliedstaaten verschlossen bleiben.<\/p>\n<p>Ebenso kurzsichtig sind die \u201eFact Checker\u201c, wenn sie Jebsen die Behauptung vorwerfen, dass die Gates-Stiftung sich mit Finanzzuwendungen bei den Forschern in der Berliner Charit\u00e9 eingekauft habe. Ein \u201eFakten Checker\u201c beim Redaktionsnetzwerk Deutschland z.B. hielt am 12.05.2020 das Argument, dass \u201eprojektgebundene F\u00f6rdergelder an die Berliner Charit\u00e9 nicht direkt an die beteiligten Forscher wie Christian Drosten flie\u00dfen, sondern an die Institution.\u201c Zudem mache die F\u00f6rderung der Gates-Stiftung in H\u00f6he von nur 250.000 Euro vom M\u00e4rz 2020 nur einen verschwindend geringen Teil des j\u00e4hrlichen Budgets der Charit\u00e9 aus, das laut ZDF im Jahr 2018 bei 1,8 Milliarden Euro lag. Formal ist das Argument des \u201eFact Checkers\u201c richtig, aber es ist aus Dummheit oder b\u00f6ser Absicht zu kurz gegriffen.<\/p>\n<p>Auch wenn die 250.000 Euro Zuwendung nicht direkt an die beteiligten Forscher wie Christian Drosten, sondern an die Institution flie\u00dfen, verschwindet das Geld nicht im 1,8 Milliarden Budget der Charit\u00e9, sondern Gates bestimmt die Verwendung der Gelder. Dadurch k\u00f6nnen Forscher, wie z.B. Drosten ein neues Projekt starten, was ihnen zus\u00e4tzliches Prestige und pers\u00f6nliches Einkommen bringt. Und das erm\u00f6glicht selbstverst\u00e4ndlich auch pers\u00f6nliche Kontakte zu den jeweiligen Forschern und ihre m\u00f6gliche Beeinflussung durch Gates und seine Stiftung. Kurz und knapp kann man den Sachverhalt auch so ausdr\u00fccken, wie das wie Ken Jebsen getan hat, dass n\u00e4mlich die Gates Stiftung sich dort eingekauft hat.<\/p>\n<p>Au\u00dferdem wissen wir aus unseren Erfahrungen in Wirtschaft und Politik, dass man schon mit viel weniger als 250.000 Euro aber daf\u00fcr strategisch gut platzierten Geldern Gro\u00dfes erreichen kann. Man erinnere sich nur an die angeblich herrenlosen 100.000 DM, die 1999 im Schreibtisch von Dr. Sch\u00e4uble, aktuell Pr\u00e4sident des Bundestags, gefunden wurden und von denen er anfangs angeblich gar nichts gewusst hatte. Und mit einer noch weitaus geringeren Geldzuwendung konnte 1972 sogar verhindert werden, dass in einem konstruktiven Misstrauensvotum gegen Willy Brandt der Oppositionsf\u00fchrer im Bundestag, Rainer Barzel (CDU), Bundeskanzler wurde.<\/p>\n<p>Im Weiteren geht es jetzt jedoch nicht darum, jeden der vielen, oft nur schlecht zu greifenden Vorw\u00fcrfe gegen Ken Jebsen zu diskutieren. Mir scheint es sinnvoller, Jebsens j\u00fcngste Rede anl\u00e4sslich der gro\u00dfen Demo in Stuttgart am letzten Wochenende thematisch durchzugehen und zu fragen, ob \u00fcberhaupt, und wenn ja, welche Stellen der Rede den jeweiligen Bereichen Verschw\u00f6rungstheorie, Antisemitismus, Rechtspopulismus und Esoterik zuzuordnen sind.<\/p>\n<p>Nach der Einleitung hei\u00dft es in der Rede:<\/p>\n<p><em>\u201eNiemand, der von den Massenmedien als \u201eCorona-Leugner\u201c bezeichneten B\u00fcrger, leugnet, dass es einen neuen Corona-Virus gibt. Niemand behauptet, dass es nicht Menschen gibt, die als sogenannte \u201eRisikogruppe\u201c besonderen Schutz ben\u00f6tigen.\u201c<\/em><\/p>\n<p>Mit diesen beiden S\u00e4tzen hat Jebsen seine verantwortungsvolle Position ziemlich unangreifbar abgesteckt, um sich dann seinen eigentlichen, aus Sicht der Herrschenden politisch nicht korrekten Anliegen zu widmen:<\/p>\n<p>Zitat:\u00a0\u201e<em>Was wir kritisieren sind die v\u00f6llig \u00fcberzogenen Ma\u00dfnahmen gegen die gesamte Bev\u00f6lkerung, bei der gro\u00dfe Teile, der im Grundgesetz verankerten Grundrechte willk\u00fcrlich \u201aunbegrenzt\u2018 durch das Merkel-Regime auf Eis gelegt wurden. Wir halten dieses Vorgehen nicht nur f\u00fcr eine irrsinnige \u00dcberreaktion des Staates, wir unterstellen dar\u00fcber hinaus eine Agenda, die mit Corona wenig zu tun hat. Corona wird als trojanisches Pferd genutzt, um den Staat noch m\u00e4chtiger und den B\u00fcrger noch ohnm\u00e4chtiger zu machen.\u201c<\/em><\/p>\n<p>Mit diesem Vorwurf, dass die Ma\u00dfnahmen \u201ev\u00f6llig \u00fcberzogenen\u201c waren, steht Jebsen nicht allein. Viele namhafte Wissenschaftler im In- und Ausland haben sich ebenfalls in dieser Richtung ge\u00e4u\u00dfert. Damit liegt Jebsen auch ganz auf Linie des Whistleblowers aus dem Bundesinnenministerium, der vor wenigen Tagen ein Dokument mit einer vernichtenden Einsch\u00e4tzung der Quarant\u00e4nema\u00dfnahmen der Bundesregierung der \u00d6ffentlichkeit zugespielt hat.<\/p>\n<p>Jebsens n\u00e4chste \u00c4u\u00dferung, dass\u00a0\u201e<em>der Staat und die ihn beratenden Konzerne und Lobbyisten, von Anfang an im Sinn hatten, eine \u00dcberwachungs-App einzuf\u00fchren, um die B\u00fcrger in Zukunft permanent tracken zu k\u00f6nnen\u201c<\/em>, ist wahrscheinlich in dieser Form nicht zu beweisen, aber die Vermutung liegt nahe, dass es so ist. Eine solche Tracking App steht schon lange auf dem Wunschzettel der \u00dcberwachungsbeh\u00f6rden und auch bei deutschen Politikern gilt die Maxime, <b>keine Krise ungenutzt vorbeigehen zu lassen<\/b>. Dass die Corona-Pandemie von vielen opportunistisch genutzt wird, um ihre eigenen S\u00fcppchen zu kochen, ist nicht von der Hand zu weisen, was z.B. bei der Rechtfertigung und Verteilung der Corona-Finanzhilfen an die bed\u00fcrftigen Gro\u00dfunternehmen und Banken besonders evident ist.<\/p>\n<p>Man k\u00f6nnte auch sagen: Der Herr gibt\u2019s den Seinen im Schlaf.<\/p>\n<p>Weiter mit Jebsen:<\/p>\n<p>Zitat: \u201e<em>Der Staat und die ihn beratenden Konzerne und Lobbyisten, hatten von Anfang an das Ziel verfolgt, einen sogenannten \u201eImmunit\u00e4tsnachweis\u201c einzuf\u00fchren. Ein digitales Dokument, das nur noch dann alle Grundrechte zul\u00e4sst, wenn der B\u00fcrger sich impfen l\u00e4sst. Heute gegen Covid19, morgen gegen was auch immer.\u201c\u00a0<\/em><\/p>\n<p>Dieser Immunit\u00e4tsausweis wurde tats\u00e4chlich in einer <a href=\"https:\/\/www.heise.de\/forum\/Telepolis\/Kommentare\/Coronakrise-Eine-bedrohliche-Entwicklung-fuer-die-Grundrechte\/Aktueller-Kabinettsbeschluss-zum-Infektionsschutzgesetz-Immunitaetsnachweis\/posting-36599756\/show\/\" target=\"_blank\" rel=\"noopener noreferrer\">Sitzung des Bundeskabinetts als Gesetzesentwurf beschlossen<\/a> (1). Vom Notparlament w\u00e4re das Gesetz wahrscheinlich problemlos durchgewunken worden, wenn dessen Bekanntwerden nicht eine Welle der Emp\u00f6rung ausgel\u00f6st h\u00e4tte und das Kapitel Immunit\u00e4tsausweis aus dem Gesetzesentwurf (vorerst) gestrichen wurde.<\/p>\n<p>Auf Grund der bisherigen Erfahrungen meint Jebsen weiter, dass man der Regierung Merkel \u201enicht mehr \u00fcber den Weg trauen kann, denn sie habe l\u00e4ngst ihre Glaubw\u00fcrdigkeit verloren; sp\u00e4testens mit dem Corona-Krisenmanagement, aber eigentlich schon viel fr\u00fcher.\u201c<\/p>\n<p>Nach dieser Meinungs\u00e4u\u00dferung widmet sich Jebsen im zweiten Teil seiner Rede den f\u00fcr die Bundesregierung und die herrschende Klasse unbequemen Fakten, die hiernach kurz aufgelistet werden. Bemerkenswert ist, dass diese Fakten von den Kritikern der Jebsen Rede einfach unterschlagen wurden. Aber sehen Sie selbst:\u00a0 Zitate:<\/p>\n<ul>\n<li><em>\u201eDiese Regierung hat beschlossen sich der NATO zu beugen und rund 20% des Haushaltes zuk\u00fcnftig in Waffen zu investieren, w\u00e4hrend unsere Schulen, unser Bildungssystem und unser Gesundheitssystem verrottet.<\/em><\/li>\n<li><em>\u201eDiese Regierung l\u00e4sst es bis heute zu, dass die NSA jeden von uns abh\u00f6ren kann.\u201c<\/em><\/li>\n<li><em>\u201eDiese Regierung l\u00e4sst es zu, dass sich unser Land \u00fcber die US-Airbase Ramstein an Angriffskriegen gegen andere V\u00f6lker beteiligt, die uns nichts getan haben. Das ist Mord, der uns als Sicherheit verkauft wird und der uns alle mit Blut besudelt.\u201c<\/em><\/li>\n<li><em>\u201eDiese Regierung hat die Fl\u00fcchtlingswellen aus dem Nahen Osten durch ihre Unterst\u00fctzung der US-Kriege in der Region und durch ihre Beteiligung an den US-Sanktionen \u2013 z.B. gegen Syrien \u2013 selber mit erzeugt und das alles unter der F\u00fchrung einer Partei, die das \u201eC\u201c im Namen tr\u00e4gt.\u201c<\/em><\/li>\n<li><em>\u201eDiese Regierung hat, als sie die Banken rettete, die Staatskassen gepl\u00fcndert. Die andere Seite der Rettung der systemrelevanten Banken nennt sich Altersarmut f\u00fcr die Massen. Was ist daran sozial? Das ist eine Kriegserkl\u00e4rung an Menschen, die ihr Leben lang geschuftet haben. Merkel hat faktisch uns, die B\u00fcrger, ausgepl\u00fcndert und unsere hart verdienten Steuern an skrupellose Zocker durchgereicht.\u201c<\/em><\/li>\n<li><em>Und jetzt mit der sogenannten Corona-Krise vergreift sich diese Regierung am Grundgesetz.<\/em><\/li>\n<li><em>Diese Regierung macht immer das, was die Bev\u00f6lkerung nicht will. Wenn die Bev\u00f6lkerung will, dass die deutschen Soldaten von ihren Auslandseins\u00e4tzen nach Hause geholt werden, dann tut die Regierung das Gegenteil und erh\u00f6ht dort sogar die Truppenst\u00e4rke.<\/em><\/li>\n<li><em>Wenn die Bev\u00f6lkerung mehr Aufkl\u00e4rung fordert, z.B. bei den NSU-Morden, dann schlie\u00dft die Regierung die Akten f\u00fcr 120 Jahre weg.<\/em><\/li>\n<\/ul>\n<p>Mit der rhetorischen Frage<em> \u201eIst das Demokratie? Oder ist das Verarsche?<\/em>\u201c beendet Jebsen diesen Teil seiner Rede, um sich anschlie\u00dfend zu wundern, warum Bill Gates f\u00fcr seine Impfpl\u00e4ne einen kostenlosen Werbeblock von 8 Minuten in den Tagesthemen, zur besten Sendezeit bekam.<\/p>\n<p>Zitat: \u201e<em>Gates wurde nie demokratisch gew\u00e4hlt. Er ist weder Arzt, Virologe oder Spezialist f\u00fcr Epidemien. Er ist vor allem ein amerikanischer Unternehmer und Multimilliard\u00e4r. Warum bekommt dieser Mann dann mitten in der Krise diese au\u00dferordentliche Sonderbehandlung?\u201c\u00a0<\/em><\/p>\n<p>Solche Fragen werden \u00fcbrigens Ken Jebsen in den Konzern- und Staatsmedien bereits als verschw\u00f6rungstheoretisch angekreidet.<\/p>\n<p>Aber Jebsen hat Recht, wenn er sich z.B. auch wundert, warum seit Monaten nur die Professoren Wieler vom RKI oder Drosten von der Charit\u00e9 dem Fernsehvolk die Corona-Krise erkl\u00e4ren d\u00fcrfen, w\u00e4hrend es drau\u00dfen im Land mindestens ebenso qualifizierte Wissenschaftler und Praktiker gibt, die anderer Meinung sind. Weil sie mit unbequemen Fakten aufwarten, die nicht ins offizielle Narrativ passen, kommen sie in den Mainstream Medien so gut wie nicht zu Wort. Wenn sie aber in alternativen Medien ihre Meinungen ver\u00f6ffentlichen werden sie sofort als Spinner oder Verschw\u00f6rungstheoretiker denunziert und mit medialem Schlamm beworfen, um ihren Ruf, ihre Karriere, ihren Job zu zerst\u00f6ren.<\/p>\n<p>Gegen Ende seiner Rede in Stuttgart schlussfolgert Jebsen:<\/p>\n<p>\u201e<em>Widerspruch ist ein wesentlicher Teil der Forschung. Ohne ihn gibt es keinen Fortschritt. Wo berechtigter Widerspruch und wissenschaftlicher Zweifel nicht mehr erlaubt sind ist, wo Presse nur noch eine einzige Meinung zul\u00e4sst, ist Demokratie nur noch eine Farce. Ich finde es reicht jetzt.\u201c<\/em><\/p>\n<p>Kommen wir nun zum Schluss:<\/p>\n<p>Was ist die Quintessenz aus der Analyse von Ken Jebsens Rede in Stuttgart?<\/p>\n<ol>\n<li>F\u00fcr die gegen ihn erhobenen Vorw\u00fcrfe, die ihn in eine Gemengelage von Esoteriken, Aluh\u00fcten, Verschw\u00f6rungstheoretikern, Antisemiten und Rechten bringen, gibt es keinen Anhaltspunkt. Wer dennoch solche zu finden glaubt, soll sie doch bitte in den Leserbriefen auflisten.<\/li>\n<li>Die Begriffe Esoteriker, Verschw\u00f6rungstheoretiker, Antisemit, Rechter oder Nazi werden von den Presstituierten, bzw. den Verteidigern des gesellschaftlichen Status Quo der Herrschaft der neoliberalen Eliten in Ermangelung von handfesten Argumenten zunehmend als verbale Totschl\u00e4ger benutzt, um die unbequemen Andersdenkenden mit ihren kritischen Fragen zu \u00e4chten und sozial auszugrenzen. Genau das versucht man derzeit auch mit Ken Jebsen zu tun. Denn auf Grund seiner rapide gewachsenen, medialen Popularit\u00e4t (fast eine halbe Million Abonnenten und noch mehr Leser und Zuh\u00f6rer und Zuschauer) ist KenFM keine zu vernachl\u00e4ssigende Gr\u00f6\u00dfe mehr.<\/li>\n<li>Im Fahrwasser der Jebsen-Rede finden heftige Auseinandersetzungen zwischen Anh\u00e4ngern und Angreifern von Jebsen statt, und dabei wird meist dar\u00fcber diskutiert, ob Jebsens Meinung richtig oder falsch ist, wobei die Gegner ihm das Wort verbieten wollen, mit der Begr\u00fcndung, dass er Falsches verbreitet.<\/li>\n<\/ol>\n<p>Aber ob richtig oder falsch, darauf kommt es erst einmal gar nicht an. Es kommt auch nicht darauf an, wie viele ber\u00fchmte Professoren Ken Jebsen Meinung zustimmen oder nicht. Wichtig ist allein, dass Artikel 5 des deutschen Grundgesetzes (GG) die Meinungsfreiheit garantiert und dass Jebsen seine pers\u00f6nliche Meinung unbehindert ausdr\u00fccken kann, wo und wann er das will. Das hei\u00dft jeder B\u00fcrger hat die Freiheit, seine Meinungen (au\u00dfer grobe Beleidigungen) frei zu \u00e4u\u00dfern und \u2013 besonders wichtig \u2013 <b>auch <\/b><b>frei zu verbreiten<\/b>!!! Daher ist die Freiheit von Presse, Rundfunk und Film mit der Freiheit der Verbreitung der pers\u00f6nlichen Meinungen ganz eng verbunden.<\/p>\n<p>Besonderes Gewicht hat in diesem Zusammenhang die staatspolitische Bedeutung von Art. 5 GG. Wie bei allen Freiheitsrechten handelt es sich dabei um ein Abwehrrecht des B\u00fcrgers gegen den Staat. Es erm\u00f6glicht daher die Abwehr hoheitlicher Eingriffe.<\/p>\n<p>Das Seuchengesetz zum Schutz von Pandemien kann zwar u.U., und dann auch nur zeitlich streng begrenzt, die Bewegungs- und Reisefreiheit der B\u00fcrger einschr\u00e4nken. Aber das Freiheitsrecht der freien Meinungs\u00e4u\u00dferung und deren freien Verbreitung kann durch kein Gesetz, weder durch das Seuchengesetz noch durch Pandemie-Ma\u00dfnahmen au\u00dfer Kraft gesetzt oder eingeschr\u00e4nkt werden.<\/p>\n<p>Was aber machen die Verteidiger der aktuellen staatlichen und gesellschaftlichen Strukturen? Sie versuchen Ken Jebsen mundtot zu machen. Da das GG ihnen keine juristische Handhabe gibt, versucht man es mit anderen bew\u00e4hrten Methoden um unliebsame Personen aus dem \u00f6ffentlichen Leben zu entfernen. Zun\u00e4chst kommt die systematisch betrieben, gesellschaftliche \u00c4chtung der Zielperson, z.B. durch Charaktermord, Streuung von \u00fcblen Ger\u00fcchten und falschen Beschuldigungen. Irgendwas wird schon h\u00e4ngen bleiben. Gegen Ken Jebsen befindet sich diese Phase bereits in einem fortgeschrittenen Stadium.<\/p>\n<p>Falls eine zweite Phase notwendig wird, kommen vermehrt Methoden der psychischen Gewalt zur Anwendung. In einer dritten Phase wird es dann mit den zur Verf\u00fcgung stehenden Cyber-Ma\u00dfnahmen echt gef\u00e4hrlich. Es w\u00e4re nicht das erste Mal, dass dann \u2013 nach einem anonymen Tipp \u2013 die Polizei bei der Zielperson auftaucht und z.B. verbotene Inhalte auf der Festplatte seines Computers findet. Das war alles schon dagewesen, auch in Deutschland. Manche erinnern sich daran, was z.B. mit dem SPD-Mitglied des Bundestages <a href=\"https:\/\/de.wikipedia.org\/wiki\/Sebastian_Edathy\" target=\"_blank\" rel=\"noopener noreferrer\">Sebastian Edathy<\/a> passiert ist, nachdem er als Leiter des Bundestagsuntersuchungsausschusses zur Terrorgruppe NSU begonnen hatte, unbequeme Fragen zu stellen und nicht locker lassen wollte.<\/p>\n<p>Zum Schutz gegen die zunehmende Schlammschlacht, die von Politik und Medien jetzt gegen Ken Jebsen gefahren wird, braucht er eine noch st\u00e4rkere, \u00f6ffentliche Unterst\u00fctzung. Gewiss braucht man nicht jeder Meinungs\u00e4u\u00dferung von Jebsen zuzustimmen oder jeden Beitrag der freien Autoren zu teilen. Aber das Portal KenFM ist heute wichtiger denn je. In diesem Land ist es das einzig verbliebene Medium mit gro\u00dfer Abonnentenzahl, wo auch die freie Meinungs\u00e4u\u00dferung der freiberuflichen Autoren gesch\u00e4tzt und gepflegt wird, ohne jegliche Vorgaben oder Einmischung der ohnehin unterbesetzten Redaktion. Zugegeben, nicht jeder Beitrag ist eine Perle aber daf\u00fcr l\u00f6sen unkonventionelle Beitr\u00e4ge und gegens\u00e4tzliche Positionen nicht selten lebhafte Diskussionen aus. Wichtig ist, dass sie zum Nachdenken anspornen, denn ohne Widerspruch gibt es keinen Fortschritt.<\/p>\n<p>Mit den zunehmenden sozialen Spannungen und Zerw\u00fcrfnissen in unserem Land m\u00fcssen wir uns auf noch viel sch\u00e4rfere Attacken gegen Ken, seine Redaktion und seine Autoren aber auch gegen seine Leserschaft und Abonnenten gefasst machen. Deshalb m\u00fcssen wir uns eine dicke Haut zulegen. Und jeder, der KenFM sch\u00e4tzt und behalten will ist aufgefordert, in seinem Umkreis aufzukl\u00e4ren und mehr Leser zu werben, denn je st\u00e4rker die \u00f6ffentliche Unterst\u00fctzung, desto schwieriger wird es f\u00fcr die Gegner uns mundtot zu machen.<\/p>\n<p><strong>Quellen:<\/strong><\/p>\n<ol>\n<li><a href=\"https:\/\/www.heise.de\/forum\/Telepolis\/Kommentare\/Coronakrise-Eine-bedrohliche-Entwicklung-fuer-die-Grundrechte\/Aktueller-Kabinettsbeschluss-zum-Infektionsschutzgesetz-Immunitaetsnachweis\/posting-36599756\/show\/\" target=\"_blank\" rel=\"noopener noreferrer\">https:\/\/www.heise.de\/forum\/Telepolis\/Kommentare\/Coronakrise-Eine-bedrohliche-Entwicklung-fuer-die-Grundrechte\/Aktueller-Kabinettsbeschluss-zum-Infektionsschutzgesetz-Immunitaetsnachweis\/posting-36599756\/show\/<\/a><\/li>\n<li><a href=\"https:\/\/de.wikipedia.org\/wiki\/Sebastian_Edathy\" target=\"_blank\" rel=\"noopener noreferrer\">https:\/\/de.wikipedia.org\/wiki\/Sebastian_Edathy<\/a><\/li>\n<\/ol>\n<p style=\"text-align: right;\"><em>Rainer Rupp ist Mitglied des Beirats des Deutschen Freidenker-Verbandes<\/em><\/p>\n<p><span style=\"font-size: 10pt;\">Link zur Erstver\u00f6ffentlichung auf KenFM: <a href=\"https:\/\/kenfm.de\/tagesdosis-15-5-2020-ken-jebsen-erz-boesewicht-des-tages\/\" target=\"_blank\" rel=\"noopener noreferrer\">https:\/\/kenfm.de\/tagesdosis-15-5-2020-ken-jebsen-erz-boesewicht-des-tages\/<\/a><\/span><\/p>\n<hr \/>\n<p><span style=\"font-size: 10pt;\">Bild: Ken Jebsen, Screenshot aus dem<a href=\"https:\/\/tube.kenfm.de\/videos\/watch\/5cd2ea42-a1db-482a-8b0f-1d27f8074608\" target=\"_blank\" rel=\"noopener noreferrer\"> Video von KenFM<\/a>, <em>\u00a9 KenFM0520<\/em><br \/>\n<\/span><\/p>\n","protected":false},"excerpt":{"rendered":"<p><b>In der Rubrik Tagesdosis wurde am 15.05.2020 bei KenFM der Beitrag \u201eKen Jebsen \u2013 Erz-B\u00f6sewicht des Tages?\u201c von Rainer Rupp ver\u00f6ffentlicht.<\/b><br \/>\nPolitiker der CDU\/CSU\/SPD\/Gr\u00fcnen\/FDP-Einheitsbrei-Partei und ihre willigen Presstituierten der Staats- und privaten Konzernmedien schie\u00dfen derzeit mit schwerem Gesch\u00fctz aus allen Rohren. Es gibt nichts, was Ken Jebsen nicht ist: angefangenen vom \u201eantisemitischen Verschw\u00f6rungstheoretiker\u201c bis zum Agitator, der mit Aluh\u00fcten, Esoterikern, Populisten und nat\u00fcrlich mit \u201eRECHTEN\u201c gemeinsame Sache macht, um \u2013 so z.B. die Schweizer NZZ \u2013 \u201eden Stimmungsumschwung in der deutschen Bev\u00f6lkerung gegen die Pandemie-Ma\u00dfnahmen zu nutzen, um die \u00f6ffentliche Debatte in Deutschland zu kapern \u2026 und Aufruhr und Umsturzphantasien in die Gesellschaft zu tragen\u201c.<\/p>\n","protected":false},"author":3,"featured_media":8117,"comment_status":"closed","ping_status":"closed","sticky":false,"template":"","format":"standard","meta":{"colormag_page_container_layout":"default_layout","colormag_page_sidebar_layout":"default_layout","advanced_seo_description":"","jetpack_seo_html_title":"","jetpack_seo_noindex":false,"jetpack_post_was_ever_published":false,"footnotes":""},"categories":[12],"tags":[1256,1273,602,844,594,64,641],"class_list":["post-8113","post","type-post","status-publish","format-standard","has-post-thumbnail","hentry","category-demokratie-medien-aufklaerung","tag-corona-virus","tag-demokratische-grundrechte","tag-fake-news","tag-grundgesetz","tag-ken-jebsen","tag-kenfm","tag-verschwoerungstheorie"],"jetpack_featured_media_url":"https:\/\/i0.wp.com\/www.freidenker.org\/fw17\/wp-content\/uploads\/2020\/05\/jebsen_boesewicht_800x450.jpg?fit=800%2C450&ssl=1","jetpack_shortlink":"https:\/\/wp.me\/p9stpK-26R","jetpack-related-posts":[{"id":2409,"url":"https:\/\/www.freidenker.org\/?p=2409","url_meta":{"origin":8113,"position":0},"title":"Freidenker-Brief 5-2017: Solidarit\u00e4t mit Ken Jebsen!","author":"Webredaktion","date":"25. November 2017","format":false,"excerpt":"Der Internet-Journalist Ken Jebsen erh\u00e4lt dieses Jahr den \u201eK\u00f6lner Karlspreis f\u00fcr engagierte Literatur und Publizistik\u201c, vergeben von der mittwochs im Internet erscheinenden Neuen Rheinischen Zeitung, deren Name an jenes historische \u201eOrgan der Demokratie\u201c \u2013 so der Untertitel \u2013 erinnert, durch das Karl Marx und Friedrich Engels von 1848 bis 1849\u2026","rel":"","context":"In &quot;Demokratie \u2013 Medien \u2013 Aufkl\u00e4rung&quot;","block_context":{"text":"Demokratie \u2013 Medien \u2013 Aufkl\u00e4rung","link":"https:\/\/www.freidenker.org\/?cat=12"},"img":{"alt_text":"","src":"https:\/\/i0.wp.com\/www.freidenker.org\/fw17\/wp-content\/uploads\/2017\/11\/Bild_Ken_Jebsen_KenFM.jpg?fit=800%2C445&ssl=1&resize=350%2C200","width":350,"height":200,"srcset":"https:\/\/i0.wp.com\/www.freidenker.org\/fw17\/wp-content\/uploads\/2017\/11\/Bild_Ken_Jebsen_KenFM.jpg?fit=800%2C445&ssl=1&resize=350%2C200 1x, https:\/\/i0.wp.com\/www.freidenker.org\/fw17\/wp-content\/uploads\/2017\/11\/Bild_Ken_Jebsen_KenFM.jpg?fit=800%2C445&ssl=1&resize=525%2C300 1.5x, https:\/\/i0.wp.com\/www.freidenker.org\/fw17\/wp-content\/uploads\/2017\/11\/Bild_Ken_Jebsen_KenFM.jpg?fit=800%2C445&ssl=1&resize=700%2C400 2x"},"classes":[]},{"id":4396,"url":"https:\/\/www.freidenker.org\/?p=4396","url_meta":{"origin":8113,"position":1},"title":"Zensur-Versuch in der Hauptstadt: Die Geister beginnen, sich zu scheiden","author":"Webredaktion","date":"7. Dezember 2017","format":false,"excerpt":"Beitrag von Klaus von Raussendorff anl\u00e4sslich der Auseinandersetzung um die Verleihung des K\u00f6lner Karlspreises f\u00fcr Engagierte Literatur und Publizistik an Ken Jebsen Der Berliner Kultursenator Klaus Lederer hat es seiner Partei \u201eDie Linke\u201c vorgemacht. Er pfeift auf das Grundgesetz, dessen Artikel 5 das Recht eines jeden garantiert, \u201eseine Meinung in\u2026","rel":"","context":"In &quot;Demokratie \u2013 Medien \u2013 Aufkl\u00e4rung&quot;","block_context":{"text":"Demokratie \u2013 Medien \u2013 Aufkl\u00e4rung","link":"https:\/\/www.freidenker.org\/?cat=12"},"img":{"alt_text":"","src":"https:\/\/i0.wp.com\/www.freidenker.org\/fw17\/wp-content\/uploads\/2017\/12\/Klartext_censorship_800x445.jpg?fit=800%2C445&ssl=1&resize=350%2C200","width":350,"height":200,"srcset":"https:\/\/i0.wp.com\/www.freidenker.org\/fw17\/wp-content\/uploads\/2017\/12\/Klartext_censorship_800x445.jpg?fit=800%2C445&ssl=1&resize=350%2C200 1x, https:\/\/i0.wp.com\/www.freidenker.org\/fw17\/wp-content\/uploads\/2017\/12\/Klartext_censorship_800x445.jpg?fit=800%2C445&ssl=1&resize=525%2C300 1.5x, https:\/\/i0.wp.com\/www.freidenker.org\/fw17\/wp-content\/uploads\/2017\/12\/Klartext_censorship_800x445.jpg?fit=800%2C445&ssl=1&resize=700%2C400 2x"},"classes":[]},{"id":4699,"url":"https:\/\/www.freidenker.org\/?p=4699","url_meta":{"origin":8113,"position":2},"title":"\u201eFormierte Gegenaufkl\u00e4rung\u201c &#8211; Anmerkungen","author":"Webredaktion","date":"2. April 2015","format":false,"excerpt":"Beitrag von Andreas Wehr In der Wochenendausgabe vom 21.\/22. M\u00e4rz 2015 ver\u00f6ffentlichte die Tageszeitung junge Welt unter der \u00dcberschrift \u201eFormierte Gegenaufkl\u00e4rung\u201c einen Artikel, der sich u. a. mit der Situation der Friedensbewegung und hier insbesondere mit den Montagsmahnwachen besch\u00e4ftigt. Autor ist der Redakteur der jungen Welt Sebastian Carlens. Der Artikel\u2026","rel":"","context":"In &quot;Demokratie \u2013 Medien \u2013 Aufkl\u00e4rung&quot;","block_context":{"text":"Demokratie \u2013 Medien \u2013 Aufkl\u00e4rung","link":"https:\/\/www.freidenker.org\/?cat=12"},"img":{"alt_text":"","src":"https:\/\/i0.wp.com\/www.freidenker.org\/fw17\/wp-content\/uploads\/2015\/04\/klartext_peace_800x445.jpg?fit=800%2C445&ssl=1&resize=350%2C200","width":350,"height":200,"srcset":"https:\/\/i0.wp.com\/www.freidenker.org\/fw17\/wp-content\/uploads\/2015\/04\/klartext_peace_800x445.jpg?fit=800%2C445&ssl=1&resize=350%2C200 1x, https:\/\/i0.wp.com\/www.freidenker.org\/fw17\/wp-content\/uploads\/2015\/04\/klartext_peace_800x445.jpg?fit=800%2C445&ssl=1&resize=525%2C300 1.5x, https:\/\/i0.wp.com\/www.freidenker.org\/fw17\/wp-content\/uploads\/2015\/04\/klartext_peace_800x445.jpg?fit=800%2C445&ssl=1&resize=700%2C400 2x"},"classes":[]},{"id":2752,"url":"https:\/\/www.freidenker.org\/?p=2752","url_meta":{"origin":8113,"position":3},"title":"Freidenker-Brief 6-2017: Kundgebung f\u00fcr Demokratie und Meinungsfreiheit!","author":"Webredaktion","date":"12. Dezember 2017","format":false,"excerpt":"Der Deutsche Freidenker-Verband beteiligt sich an der Verleihung des K\u00f6lner Karlspreises an Ken Jebsen im Berliner Kino \u201eBabylon\u201c am Donnerstag,14. Dezember 2017 und zuvor an der Kundgebung f\u00fcr Demokratie und Meinungsfreiheit! ab 16:00 Uhr auf dem Rosa-Luxemburg-Platz in Berlin Erfolg vor Gericht - Das Amtsgericht Berlin Mitte hat auf Antrag\u2026","rel":"","context":"In &quot;Demokratie \u2013 Medien \u2013 Aufkl\u00e4rung&quot;","block_context":{"text":"Demokratie \u2013 Medien \u2013 Aufkl\u00e4rung","link":"https:\/\/www.freidenker.org\/?cat=12"},"img":{"alt_text":"","src":"https:\/\/i0.wp.com\/www.freidenker.org\/fw17\/wp-content\/uploads\/2017\/12\/babylon_800x445.jpg?fit=800%2C445&ssl=1&resize=350%2C200","width":350,"height":200,"srcset":"https:\/\/i0.wp.com\/www.freidenker.org\/fw17\/wp-content\/uploads\/2017\/12\/babylon_800x445.jpg?fit=800%2C445&ssl=1&resize=350%2C200 1x, https:\/\/i0.wp.com\/www.freidenker.org\/fw17\/wp-content\/uploads\/2017\/12\/babylon_800x445.jpg?fit=800%2C445&ssl=1&resize=525%2C300 1.5x, https:\/\/i0.wp.com\/www.freidenker.org\/fw17\/wp-content\/uploads\/2017\/12\/babylon_800x445.jpg?fit=800%2C445&ssl=1&resize=700%2C400 2x"},"classes":[]},{"id":5128,"url":"https:\/\/www.freidenker.org\/?p=5128","url_meta":{"origin":8113,"position":4},"title":"Rufmord","author":"Webredaktion","date":"15. November 2017","format":false,"excerpt":"Beitrag von Helene und Ansgar Klein In dem Internetauftritt der Kampagne \u201eKrieg beginnt hier\u201c erschien nach der \u201eStopp Ramstein-Aktion 2017\u201c der Artikel: \u201eKampagne \u201aStopp Airbase Ramstein 2017\u2019: Licht und Schatten\u201c. Dieser Artikel ist in unseren Augen ein derma\u00dfen massiver Angriff auf eine wichtige Kampagne der Friedensbewegung und auf deren Organisatoren\u2026","rel":"","context":"In &quot;Zeit der Verleumder - Freidenker f\u00fcr Klartext&quot;","block_context":{"text":"Zeit der Verleumder - Freidenker f\u00fcr Klartext","link":"https:\/\/www.freidenker.org\/?cat=937"},"img":{"alt_text":"","src":"https:\/\/i0.wp.com\/www.freidenker.org\/fw17\/wp-content\/uploads\/2017\/11\/Ganser_800x445.jpg?fit=800%2C445&ssl=1&resize=350%2C200","width":350,"height":200,"srcset":"https:\/\/i0.wp.com\/www.freidenker.org\/fw17\/wp-content\/uploads\/2017\/11\/Ganser_800x445.jpg?fit=800%2C445&ssl=1&resize=350%2C200 1x, https:\/\/i0.wp.com\/www.freidenker.org\/fw17\/wp-content\/uploads\/2017\/11\/Ganser_800x445.jpg?fit=800%2C445&ssl=1&resize=525%2C300 1.5x, https:\/\/i0.wp.com\/www.freidenker.org\/fw17\/wp-content\/uploads\/2017\/11\/Ganser_800x445.jpg?fit=800%2C445&ssl=1&resize=700%2C400 2x"},"classes":[]},{"id":8364,"url":"https:\/\/www.freidenker.org\/?p=8364","url_meta":{"origin":8113,"position":5},"title":"Der rassistische Trinit\u00e4tskomplex","author":"Webredaktion","date":"2. Juli 2020","format":false,"excerpt":"Beitrag von Klaus Linder Wie kommt es eigentlich, dass von der offiziellen Propaganda und auf s\u00e4mtlichen Streckenabschnitten der Gleichschaltung Ken Jebsen, Xavier Naidoo und Attila Hildmann durchweg nur in einem Atemzug genannt werden d\u00fcrfen, als seien sie die Unheilige Dreifaltigkeit h\u00f6chstselbst, die den deutschen Lichtstaat heimsucht? Wogegen ein ebenfalls medial\u2026","rel":"","context":"In &quot;Demokratie \u2013 Medien \u2013 Aufkl\u00e4rung&quot;","block_context":{"text":"Demokratie \u2013 Medien \u2013 Aufkl\u00e4rung","link":"https:\/\/www.freidenker.org\/?cat=12"},"img":{"alt_text":"","src":"https:\/\/i0.wp.com\/www.freidenker.org\/fw17\/wp-content\/uploads\/2020\/06\/wanted_jebsen_naidoo_hildmann_v2.jpg?fit=800%2C450&ssl=1&resize=350%2C200","width":350,"height":200,"srcset":"https:\/\/i0.wp.com\/www.freidenker.org\/fw17\/wp-content\/uploads\/2020\/06\/wanted_jebsen_naidoo_hildmann_v2.jpg?fit=800%2C450&ssl=1&resize=350%2C200 1x, https:\/\/i0.wp.com\/www.freidenker.org\/fw17\/wp-content\/uploads\/2020\/06\/wanted_jebsen_naidoo_hildmann_v2.jpg?fit=800%2C450&ssl=1&resize=525%2C300 1.5x, https:\/\/i0.wp.com\/www.freidenker.org\/fw17\/wp-content\/uploads\/2020\/06\/wanted_jebsen_naidoo_hildmann_v2.jpg?fit=800%2C450&ssl=1&resize=700%2C400 2x"},"classes":[]}],"_links":{"self":[{"href":"https:\/\/www.freidenker.org\/index.php?rest_route=\/wp\/v2\/posts\/8113","targetHints":{"allow":["GET"]}}],"collection":[{"href":"https:\/\/www.freidenker.org\/index.php?rest_route=\/wp\/v2\/posts"}],"about":[{"href":"https:\/\/www.freidenker.org\/index.php?rest_route=\/wp\/v2\/types\/post"}],"author":[{"embeddable":true,"href":"https:\/\/www.freidenker.org\/index.php?rest_route=\/wp\/v2\/users\/3"}],"replies":[{"embeddable":true,"href":"https:\/\/www.freidenker.org\/index.php?rest_route=%2Fwp%2Fv2%2Fcomments&post=8113"}],"version-history":[{"count":0,"href":"https:\/\/www.freidenker.org\/index.php?rest_route=\/wp\/v2\/posts\/8113\/revisions"}],"wp:featuredmedia":[{"embeddable":true,"href":"https:\/\/www.freidenker.org\/index.php?rest_route=\/wp\/v2\/media\/8117"}],"wp:attachment":[{"href":"https:\/\/www.freidenker.org\/index.php?rest_route=%2Fwp%2Fv2%2Fmedia&parent=8113"}],"wp:term":[{"taxonomy":"category","embeddable":true,"href":"https:\/\/www.freidenker.org\/index.php?rest_route=%2Fwp%2Fv2%2Fcategories&post=8113"},{"taxonomy":"post_tag","embeddable":true,"href":"https:\/\/www.freidenker.org\/index.php?rest_route=%2Fwp%2Fv2%2Ftags&post=8113"}],"curies":[{"name":"wp","href":"https:\/\/api.w.org\/{rel}","templated":true}]}}