{"id":8107,"date":"2020-05-17T13:06:43","date_gmt":"2020-05-17T11:06:43","guid":{"rendered":"https:\/\/www.freidenker.org\/?p=8107"},"modified":"2020-06-19T02:45:55","modified_gmt":"2020-06-19T00:45:55","slug":"air-base-ramstein-drohnenmorde-stoppen","status":"publish","type":"post","link":"https:\/\/www.freidenker.org\/?p=8107","title":{"rendered":"Air Base Ramstein: Drohnenmorde stoppen"},"content":{"rendered":"<p>Nach der Ermordung des iranischen Generals Ghassem Soleimani durch eine US-Drohne hatten im Februar 2020 acht Bundestagsabgeordnete der Partei Die Linke Strafanzeige gegen Kanzlerin Angela Merkel und weitere Mitglieder der Bundesregierung beim Generalbundesanwalt gestellt: Wegen Beihilfe zum Mord durch Unterlassen.<\/p>\n<p>Nicht alle &#8222;Genossen&#8220; waren einverstanden: Die Parteivorsitzende Katja Kipping sagte dem RedaktionsNetzwerk Deutschland (RND):<\/p>\n<blockquote><p>\u201cDiese Aktion war weder mit der Fraktionsspitze noch mit der Parteispitze vorher abgesprochen. Und dar\u00fcber wird in der Fraktion noch zu reden sein. Um es h\u00f6flich, ohne Kraftausdr\u00fccke auszudr\u00fccken: Ich bin dar\u00fcber alles andere als am\u00fcsiert.\u201d<\/p><\/blockquote>\n<p><a href=\"https:\/\/www.rnd.de\/politik\/linksfraktion-zofft-sich-wegen-drohnen-klage-gegen-merkel-TSMZ5VGPJZHKPBRVO43K4JAXVA.html\" target=\"_blank\" rel=\"noopener noreferrer\">https:\/\/www.rnd.de\/politik\/linksfraktion-zofft-sich-wegen-drohnen-klage-gegen-merkel-TSMZ5VGPJZHKPBRVO43K4JAXVA.html<\/a><\/p>\n<p>Das konnte die Bundesanwaltschaft nachvollziehen &#8211; sie lehnte Ermittlungen ab. Auch gleichgerichtete Anzeigen anderer Friedensaktivisten wurden in dieser Weise &#8222;erledigt&#8220;.\u00a0 Wir dokumentieren die <strong>Strafanzeige <a href=\"https:\/\/neu-alexander.de\/files\/2020\/02\/27.2.2020-Strafanzeige-1.pdf\" target=\"_blank\" rel=\"noopener noreferrer\">https:\/\/neu-alexander.de\/files\/2020\/02\/27.2.2020-Strafanzeige-1.pdf<\/a> <\/strong>sowie die <strong>Erkl\u00e4rung der acht Abgeordneten<\/strong> (darunter zwei Mitglieder des Freidenkerverbandes) zur Ablehnung durch den Genralbundesanwalt <a href=\"https:\/\/www.zaklinnastic.de\/generalbundesanwalt-freibrief-fuer-drohnenkrieg-ueber-ramstein\/\" target=\"_blank\" rel=\"noopener noreferrer\"><strong>https:\/\/www.zaklinnastic.de\/generalbundesanwalt-freibrief-fuer-drohnenkrieg-ueber-ramstein\/<\/strong><\/a>.<\/p>\n<p>Die &#8222;Kampagne Stopp Air Base Ramstein&#8220; kommentierte:<\/p>\n<blockquote><p>&#8222;Wenn es keine Verantwortung gibt, Verst\u00f6\u00dfe gegen das V\u00f6lkerrecht von deutschem Boden zu ahnden und keine Verantwortlichen von der Justiz f\u00fcr tausende zivile Opfer zur Rechenschaft gezogen werden k\u00f6nnen, muss die Air Base Ramstein geschlossen werden! Daher fordern wir von der Bundesregierung, das sog. Truppenstationierungsabkommen umgehend zu k\u00fcndigen und die Air Base Ramstein durch ein umfassendes Konversionsprogramm ausschlie\u00dflich zivil zu nutzen.&#8220;<\/p><\/blockquote>\n<p>Zu der am Ende der Presserkl\u00e4rung der acht Abgeordneten formulierten Absicht, &#8222;weiterhin gegen die US-AirBase Ramstein vorzugehen und so die Einhaltung des V\u00f6lker- und Verfassungsrechts durchzusetzen&#8220; besteht demn\u00e4chst wieder Gelegenheit:<\/p>\n<p>Das B\u00fcndnis &#8222;K\u00fcndigt Ramstein Airbase jetzt!&#8220; ruft auf zur Demonstration und Kundgebung &#8222;1 Minute vor 12&#8220; am Brandenburger Tor, 30. Mai 2020 in Berlin. <a href=\"https:\/\/www.kuendigtramsteinairbase.de\/?lang=DE\" target=\"_blank\" rel=\"noopener noreferrer\">https:\/\/www.kuendigtramsteinairbase.de\/<\/a><\/p>\n<p>Die Kampagne \u201eStopp Air Base Ramstein\u201c ruft auf zum Protest-Wochenende: <strong>\u201eStopp Ramstein Protestaktionen 2020 Berlin\u201c vom 25. bis 27.09.2020 in Berlin <a href=\"https:\/\/www.ramstein-kampagne.eu\/absage-der-aktionswoche-im-juli\/#more-7338\" target=\"_blank\" rel=\"noopener noreferrer\">https:\/\/www.ramstein-kampagne.eu\/absage-der-aktionswoche-im-juli\/#more-7338<\/a><br \/>\n<\/strong><\/p>\n<p>Der Deutsche Freidenker-Verband unterst\u00fctzt alle Aktionen gegen die Airbase Ramstein und ruft zur Beteiligung auf.<\/p>\n<p align=\"right\"><i>Webredaktion<\/i><\/p>\n<hr \/>\n<p style=\"text-align: left;\" align=\"right\">Bild: Kampfdrohne <span class=\"mw-mmv-title\"><i>MQ-9A \u201eReaper\u201c<\/i> der United States Air Force<\/span><br \/>\nFoto: U.S. Air Force photo by Paul Ridgeway &#8211;<a href=\"http:\/\/www.af.mil\/News\/Photos.aspx?igphoto=2000398487\" target=\"_blank\" rel=\"noopener noreferrer\"> http:\/\/www.af.mil\/News\/Photos.aspx?igphoto=2000398487<\/a>, Gemeinfrei,<br \/>\nQuelle: <a href=\"https:\/\/commons.wikimedia.org\/w\/index.php?curid=11200394\" target=\"_blank\" rel=\"noopener noreferrer\">https:\/\/commons.wikimedia.org\/w\/index.php?curid=11200394<\/a><\/p>\n","protected":false},"excerpt":{"rendered":"<p><b>Beitrag der Webredaktion<\/b><br \/>\nNach der Ermordung des iranischen Generals Ghassem Soleimani durch eine US-Drohne hatten im Februar 2020 acht Bundestagsabgeordnete der Partei Die Linke Strafanzeige gegen Kanzlerin Angela Merkel und weitere Mitglieder der Bundesregierung beim Generalbundesanwalt gestellt: Wegen Beihilfe zum Mord durch Unterlassen. &#8230;<br \/>\nDie &#8222;Kampagne Stopp Air Base Ramstein&#8220; kommentierte: &#8222;Wenn es keine Verantwortung gibt, Verst\u00f6\u00dfe gegen das V\u00f6lkerrecht von deutschem Boden zu ahnden und keine Verantwortlichen von der Justiz f\u00fcr tausende zivile Opfer zur Rechenschaft gezogen werden k\u00f6nnen, muss die Air Base Ramstein geschlossen werden!&#8220;<\/p>\n","protected":false},"author":3,"featured_media":8122,"comment_status":"closed","ping_status":"closed","sticky":false,"template":"","format":"standard","meta":{"colormag_page_container_layout":"default_layout","colormag_page_sidebar_layout":"default_layout","advanced_seo_description":"","jetpack_seo_html_title":"","jetpack_seo_noindex":false,"jetpack_post_was_ever_published":false,"footnotes":""},"categories":[13],"tags":[42,660,60,917,56],"class_list":["post-8107","post","type-post","status-publish","format-standard","has-post-thumbnail","hentry","category-frieden-antifaschismus-solidaritaet","tag-drohnenkrieg","tag-iran","tag-kampagne-stopp-ramstein","tag-linkspartei","tag-nato"],"jetpack_featured_media_url":"https:\/\/i0.wp.com\/www.freidenker.org\/fw17\/wp-content\/uploads\/2020\/05\/MQ-9_Reaper_-_800x450.jpg?fit=800%2C450&ssl=1","jetpack_shortlink":"https:\/\/wp.me\/p9stpK-26L","jetpack-related-posts":[{"id":252,"url":"https:\/\/www.freidenker.org\/?p=252","url_meta":{"origin":8107,"position":0},"title":"Kein Drohnenkrieg \u2013 Stopp Ramstein","author":"Webmaster","date":"21. Mai 2016","format":false,"excerpt":"Appell der Planungskonferenz \u201eStopp Ramstein\u201c Kommt und macht mit bei der Menschenkette am 11. Juno 2016! Ramstein steht f\u00fcr die Politik von Interventionen und Krieg, von \u00dcberwachung und Militarismus. Von Ramstein gehen durch die weltweiten Drohneneins\u00e4tze tagt\u00e4glich Tod, Leid, Terror und Verderben aus. Drohnenkrieg ist Serienmord. Als erstes muss die\u2026","rel":"","context":"In &quot;Frieden - Antifaschismus - Solidarit\u00e4t&quot;","block_context":{"text":"Frieden - Antifaschismus - Solidarit\u00e4t","link":"https:\/\/www.freidenker.org\/?cat=13"},"img":{"alt_text":"","src":"https:\/\/i0.wp.com\/www.freidenker.org\/fw17\/wp-content\/uploads\/2016\/07\/Stop_Hand.jpg?fit=800%2C445&ssl=1&resize=350%2C200","width":350,"height":200,"srcset":"https:\/\/i0.wp.com\/www.freidenker.org\/fw17\/wp-content\/uploads\/2016\/07\/Stop_Hand.jpg?fit=800%2C445&ssl=1&resize=350%2C200 1x, https:\/\/i0.wp.com\/www.freidenker.org\/fw17\/wp-content\/uploads\/2016\/07\/Stop_Hand.jpg?fit=800%2C445&ssl=1&resize=525%2C300 1.5x, https:\/\/i0.wp.com\/www.freidenker.org\/fw17\/wp-content\/uploads\/2016\/07\/Stop_Hand.jpg?fit=800%2C445&ssl=1&resize=700%2C400 2x"},"classes":[]},{"id":19313,"url":"https:\/\/www.freidenker.org\/?p=19313","url_meta":{"origin":8107,"position":1},"title":"Milit\u00e4r in der Nachbarschaft: US-Milit\u00e4r in Rheinland-Pfalz","author":"Webredaktion","date":"11. Juni 2024","format":false,"excerpt":"Video eines Vortrages von Karl-Heinz Peil gehalten auf einer Veranstaltung des Deutschen Freidenker-Verbandes, Landesverband Rheinland-Pfalz \/ Saarland am 07.06.2024 in Idar-Oberstein Rheinland-Pfalz ist reich an milit\u00e4rischen Einrichtungen. B\u00fcchel ist als Standort der Bundeswehr durch die Lagerung von Atomraketen, Ramstein als die gr\u00f6\u00dfte Milit\u00e4rdrehscheibe der USA durch die Aktion \u201eStopp Ramstein\u201c\u2026","rel":"","context":"In &quot;Frieden - Antifaschismus - Solidarit\u00e4t&quot;","block_context":{"text":"Frieden - Antifaschismus - Solidarit\u00e4t","link":"https:\/\/www.freidenker.org\/?cat=13"},"img":{"alt_text":"","src":"https:\/\/i0.wp.com\/www.freidenker.org\/fw17\/wp-content\/uploads\/2024\/06\/Peil_Idar-Oberstein_2024-06-07_800x450.jpg?fit=800%2C450&ssl=1&resize=350%2C200","width":350,"height":200,"srcset":"https:\/\/i0.wp.com\/www.freidenker.org\/fw17\/wp-content\/uploads\/2024\/06\/Peil_Idar-Oberstein_2024-06-07_800x450.jpg?fit=800%2C450&ssl=1&resize=350%2C200 1x, https:\/\/i0.wp.com\/www.freidenker.org\/fw17\/wp-content\/uploads\/2024\/06\/Peil_Idar-Oberstein_2024-06-07_800x450.jpg?fit=800%2C450&ssl=1&resize=525%2C300 1.5x, https:\/\/i0.wp.com\/www.freidenker.org\/fw17\/wp-content\/uploads\/2024\/06\/Peil_Idar-Oberstein_2024-06-07_800x450.jpg?fit=800%2C450&ssl=1&resize=700%2C400 2x"},"classes":[]},{"id":13066,"url":"https:\/\/www.freidenker.org\/?p=13066","url_meta":{"origin":8107,"position":2},"title":"NATO will Russland schw\u00e4chen","author":"Webredaktion","date":"9. Mai 2022","format":false,"excerpt":"Beitrag von Klaus Hartmann In den letzten Jahren wurde das pf\u00e4lzische Ramstein nahe Kaiserslautern immer wieder mal kurz in den Medien erw\u00e4hnt, wenn die Pr\u00e4sidenten Obama oder Trump bei Reisen in oder aus ihren zahlreichen Kriegsgebieten auf \u201eihrem pf\u00e4lzischen Territorium\u201c zwischenlandeten. Noch seltener schafften es die Friedensaktivisten von \u201eStopp Airbase\u2026","rel":"","context":"In &quot;Frieden - Antifaschismus - Solidarit\u00e4t&quot;","block_context":{"text":"Frieden - Antifaschismus - Solidarit\u00e4t","link":"https:\/\/www.freidenker.org\/?cat=13"},"img":{"alt_text":"","src":"https:\/\/i0.wp.com\/www.freidenker.org\/fw17\/wp-content\/uploads\/2022\/05\/Ramstein_air_base_800x450.jpg?fit=800%2C450&ssl=1&resize=350%2C200","width":350,"height":200,"srcset":"https:\/\/i0.wp.com\/www.freidenker.org\/fw17\/wp-content\/uploads\/2022\/05\/Ramstein_air_base_800x450.jpg?fit=800%2C450&ssl=1&resize=350%2C200 1x, https:\/\/i0.wp.com\/www.freidenker.org\/fw17\/wp-content\/uploads\/2022\/05\/Ramstein_air_base_800x450.jpg?fit=800%2C450&ssl=1&resize=525%2C300 1.5x, https:\/\/i0.wp.com\/www.freidenker.org\/fw17\/wp-content\/uploads\/2022\/05\/Ramstein_air_base_800x450.jpg?fit=800%2C450&ssl=1&resize=700%2C400 2x"},"classes":[]},{"id":272,"url":"https:\/\/www.freidenker.org\/?p=272","url_meta":{"origin":8107,"position":3},"title":"Gro\u00dfdemo gegen US-Basis Ramstein &#8211; Interview mit dem Vorsitzenden des Deutschen Freidenker-Verbandes","author":"Webmaster","date":"31. Mai 2016","format":false,"excerpt":"Rainer Rupp im Gespr\u00e4ch mit dem Bundesvorsitzenden des Deutschen Freidenker-Verbandes Klaus Hartmann \u00fcber die Kampagne \"Stopp Ramstein\", geplante Aktionen im Juni 2016 sowie die Initiative \"Deutschland raus aus der NATO \u2013 NATO raus aus Deutschland\u201c. \u201eVon deutschem Boden soll nie wieder Krieg ausgehen\u201c \u2013 das versicherte die Bundesregierung feierlich zum\u2026","rel":"","context":"In &quot;Frieden - Antifaschismus - Solidarit\u00e4t&quot;","block_context":{"text":"Frieden - Antifaschismus - Solidarit\u00e4t","link":"https:\/\/www.freidenker.org\/?cat=13"},"img":{"alt_text":"","src":"https:\/\/i0.wp.com\/www.freidenker.org\/fw17\/wp-content\/uploads\/2016\/07\/drone.jpg?fit=1200%2C763&ssl=1&resize=350%2C200","width":350,"height":200,"srcset":"https:\/\/i0.wp.com\/www.freidenker.org\/fw17\/wp-content\/uploads\/2016\/07\/drone.jpg?fit=1200%2C763&ssl=1&resize=350%2C200 1x, https:\/\/i0.wp.com\/www.freidenker.org\/fw17\/wp-content\/uploads\/2016\/07\/drone.jpg?fit=1200%2C763&ssl=1&resize=525%2C300 1.5x, https:\/\/i0.wp.com\/www.freidenker.org\/fw17\/wp-content\/uploads\/2016\/07\/drone.jpg?fit=1200%2C763&ssl=1&resize=700%2C400 2x, https:\/\/i0.wp.com\/www.freidenker.org\/fw17\/wp-content\/uploads\/2016\/07\/drone.jpg?fit=1200%2C763&ssl=1&resize=1050%2C600 3x"},"classes":[]},{"id":5194,"url":"https:\/\/www.freidenker.org\/?p=5194","url_meta":{"origin":8107,"position":4},"title":"Aktionswoche Stopp Air Base Ramstein \u201818","author":"Webredaktion","date":"15. Juni 2018","format":false,"excerpt":"Als H\u00f6hepunkt der diesj\u00e4hrigen Proteste ist eine Demonstration mit 4 Kundgebungen am Samstag, den 30.06.18 geplant. ... Anschlie\u00dfend ziehen die Demonstrationsz\u00fcge gemeinsam zum Denkmal f\u00fcr die 1988 ums Leben gekommenen Flugshow-Opfer. Hier wollen wir am drei\u00dfigsten Jahrestag der Katastrophe der Opfer gedenken. Abschlie\u00dfend treffen wir uns gegen 16 Uhr vor\u2026","rel":"","context":"In &quot;Frieden - Antifaschismus - Solidarit\u00e4t&quot;","block_context":{"text":"Frieden - Antifaschismus - Solidarit\u00e4t","link":"https:\/\/www.freidenker.org\/?cat=13"},"img":{"alt_text":"","src":"https:\/\/i0.wp.com\/www.freidenker.org\/fw17\/wp-content\/uploads\/2018\/06\/ramstein2017_60102_800x445_mL.jpg?fit=800%2C445&ssl=1&resize=350%2C200","width":350,"height":200,"srcset":"https:\/\/i0.wp.com\/www.freidenker.org\/fw17\/wp-content\/uploads\/2018\/06\/ramstein2017_60102_800x445_mL.jpg?fit=800%2C445&ssl=1&resize=350%2C200 1x, https:\/\/i0.wp.com\/www.freidenker.org\/fw17\/wp-content\/uploads\/2018\/06\/ramstein2017_60102_800x445_mL.jpg?fit=800%2C445&ssl=1&resize=525%2C300 1.5x, https:\/\/i0.wp.com\/www.freidenker.org\/fw17\/wp-content\/uploads\/2018\/06\/ramstein2017_60102_800x445_mL.jpg?fit=800%2C445&ssl=1&resize=700%2C400 2x"},"classes":[]},{"id":4491,"url":"https:\/\/www.freidenker.org\/?p=4491","url_meta":{"origin":8107,"position":5},"title":"Aktionswoche Stopp Air Base Ramstein 2017","author":"Webredaktion","date":"12. September 2017","format":false,"excerpt":"Kurzbericht von der Aktionswoche an der Ramstein Air Base vom 3. bis zum 10.09.2017 Die diesj\u00e4hrigen Aktionen gegen die Air Base Ramstein wurden von den Veranstaltern als gro\u00dfer Erfolg gewertet: Sie waren eine der gro\u00dfen Aktionen der Friedensbewegung, als Einzelaktion 2017 mit Abstand die gr\u00f6\u00dfte Friedensaktion in Deutschland. Die Gr\u00fcndung\u2026","rel":"","context":"In &quot;Frieden - Antifaschismus - Solidarit\u00e4t&quot;","block_context":{"text":"Frieden - Antifaschismus - Solidarit\u00e4t","link":"https:\/\/www.freidenker.org\/?cat=13"},"img":{"alt_text":"","src":"https:\/\/i0.wp.com\/www.freidenker.org\/fw17\/wp-content\/uploads\/2018\/02\/Ramstein-2017.jpg?fit=800%2C445&ssl=1&resize=350%2C200","width":350,"height":200,"srcset":"https:\/\/i0.wp.com\/www.freidenker.org\/fw17\/wp-content\/uploads\/2018\/02\/Ramstein-2017.jpg?fit=800%2C445&ssl=1&resize=350%2C200 1x, https:\/\/i0.wp.com\/www.freidenker.org\/fw17\/wp-content\/uploads\/2018\/02\/Ramstein-2017.jpg?fit=800%2C445&ssl=1&resize=525%2C300 1.5x, https:\/\/i0.wp.com\/www.freidenker.org\/fw17\/wp-content\/uploads\/2018\/02\/Ramstein-2017.jpg?fit=800%2C445&ssl=1&resize=700%2C400 2x"},"classes":[]}],"_links":{"self":[{"href":"https:\/\/www.freidenker.org\/index.php?rest_route=\/wp\/v2\/posts\/8107","targetHints":{"allow":["GET"]}}],"collection":[{"href":"https:\/\/www.freidenker.org\/index.php?rest_route=\/wp\/v2\/posts"}],"about":[{"href":"https:\/\/www.freidenker.org\/index.php?rest_route=\/wp\/v2\/types\/post"}],"author":[{"embeddable":true,"href":"https:\/\/www.freidenker.org\/index.php?rest_route=\/wp\/v2\/users\/3"}],"replies":[{"embeddable":true,"href":"https:\/\/www.freidenker.org\/index.php?rest_route=%2Fwp%2Fv2%2Fcomments&post=8107"}],"version-history":[{"count":0,"href":"https:\/\/www.freidenker.org\/index.php?rest_route=\/wp\/v2\/posts\/8107\/revisions"}],"wp:featuredmedia":[{"embeddable":true,"href":"https:\/\/www.freidenker.org\/index.php?rest_route=\/wp\/v2\/media\/8122"}],"wp:attachment":[{"href":"https:\/\/www.freidenker.org\/index.php?rest_route=%2Fwp%2Fv2%2Fmedia&parent=8107"}],"wp:term":[{"taxonomy":"category","embeddable":true,"href":"https:\/\/www.freidenker.org\/index.php?rest_route=%2Fwp%2Fv2%2Fcategories&post=8107"},{"taxonomy":"post_tag","embeddable":true,"href":"https:\/\/www.freidenker.org\/index.php?rest_route=%2Fwp%2Fv2%2Ftags&post=8107"}],"curies":[{"name":"wp","href":"https:\/\/api.w.org\/{rel}","templated":true}]}}