{"id":8093,"date":"2020-05-15T21:10:23","date_gmt":"2020-05-15T19:10:23","guid":{"rendered":"https:\/\/www.freidenker.org\/?p=8093"},"modified":"2020-06-19T02:46:05","modified_gmt":"2020-06-19T00:46:05","slug":"die-befreiung-palaestinas-steht-noch-aus","status":"publish","type":"post","link":"https:\/\/www.freidenker.org\/?p=8093","title":{"rendered":"Die Befreiung Pal\u00e4stinas steht noch aus"},"content":{"rendered":"<p><em>von <strong>Evelyn Hecht-Galinski<\/strong><\/em><\/p>\n<p>Am 8. Mai 2020, dem 75. Jahrestag des Kriegsendes, und dem Tag der Befreiung vom Faschismus durch die Rote Armee, hielt Bundespr\u00e4sident Steinmeier seine obligatorische Rede und brachte es fertig, mit keinem Wort die tapferen Soldaten der Roten Armee als Befreier zu erw\u00e4hnen. Und das ausgerechnet in Berlin, wo nach dem Sieg \u00fcber das faschistische Deutschland zwei sowjetische Soldaten die Rote Fahne auf dem zerbombten Reichstag hissten; eindrucksvoll auf vielen Fotos dokumentiert.<\/p>\n<p><span style=\"font-size: 14pt;\"><strong>Ein Klima der Feindschaft gegen Russland<\/strong><\/span><\/p>\n<p>Diese sch\u00e4bige Unterlassung beleidigt nicht nur die sowjetischen V\u00f6lker, sondern soll haupts\u00e4chlich hier in Deutschland ein Klima der Feindschaft gegen Russland nach sich ziehen, von einem Bundespr\u00e4sidenten noch forciert! Bislang ist das nach Umfragen nicht der Fall. Im Gegenteil will die Mehrheit der Deutschen in Frieden mit unserem Nachbarn Russland leben.<\/p>\n<p><span style=\"font-size: 14pt;\"><strong>27 Millionen russische Kriegstote mahnen<\/strong><\/span><\/p>\n<p>In dieser Gedenkrede will er pauschal \u201egemeinsam mit Vertretern der Alliierten aus dem Westen und aus dem Osten\u201c erinnern, ohne explizit auf die Soldaten der Roten Armee hinzuweisen. Waren es nicht die sowjetischen Soldaten in diesem Krieg, die 27 Millionen Kriegstote durch das faschistische Deutschland zu beklagen hatten? Steinmeier kommt diese Erw\u00e4hnung nicht \u00fcber seine schmalen Lippen. Nicht erst seit Russland die Krim nach einem Beitrittsantrag an die Russische F\u00f6deration angeschlossen hatte, ist Russland, ist Putin zum Feind des deutschen Politzirkus geworden, nicht jedoch der deutschen Bev\u00f6lkerung.<\/p>\n<p><span style=\"font-size: 14pt;\"><strong>Widerrechtliche Sanktionen gegen Russland werden aufrecht erhalten<\/strong><\/span><\/p>\n<p>Im blinden Gehorsam folgt man der USA und dem kriegsl\u00fcsternen transatlantischen B\u00fcndnis und der Hetze der NATO und bem\u00fcht immer wieder das V\u00f6lkerrecht, wenn es um Russland geht. Man nimmt sogar erheblichen Schaden f\u00fcr die deutsche Wirtschaft in Kauf und erh\u00e4lt die widerrechtlichen Sanktionen aufrecht.<\/p>\n<p><span style=\"font-size: 14pt;\"><strong>Steinmeier fand kein Wort f\u00fcr die Muslime auf Seiten der Befreier<\/strong><\/span><\/p>\n<p>In seiner Rede fand Steinmeier auch kein Wort f\u00fcr die unz\u00e4hligen Muslime, die in diesem Vernichtungskrieg auf Seiten der Befreier k\u00e4mpften oder deren politischer Widerstand sie das Leben kostete. Auch unter den unz\u00e4hligen sowjetischen Kriegsgefangenen befanden sich viele Muslime aus den vielen sowjetischen Republiken. Ebenso verga\u00df Steinmeier die Muslime, die entweder im Widerstand oder als K\u00e4mpfer im KZ landeten, unter schrecklichsten Zust\u00e4nden leiden mussten und ihre Religion nicht aus\u00fcben durften. Es ist ein bis heute verschwiegenes Kapitel und passt nicht in das Bild, das heutzutage von Muslimen gezeichnet wird.<\/p>\n<p><span style=\"font-size: 14pt;\"><strong>Beim \u00d6kumenischen Gottesdienst fehlte ein Imam<\/strong><\/span><\/p>\n<p>Diese Ignoranz setzte sich in dem \u00d6kumenischen Gottesdienst im Berliner Dom fort, an dem katholische Vertreter, evangelische Vertreter, eine j\u00fcdische Kantorin und ein Erzpriester als Vertreter Christlicher Kirchen in Deutschland teilnahm, aber kein Imam als Vertreter der Muslime. Es ist ein Affront, dass kein Vertreter dieser Weltreligion zu diesem Gedenkgottesdienst eingeladen war. Da kommt mir wieder eine Frage in den Sinn: Was hat ein Gottesbezug in diesem Zusammenhang zu tun? Warum wird ein Gottesdienst zelebriert angesichts dieses politischen Gedenkens? Von Trennung von Staat und Kirche scheinen wir weiter entfernt denn je, wird doch die religi\u00f6se Einflussnahme in Deutschland immer gr\u00f6\u00dfer. (1)<\/p>\n<p><span style=\"font-size: 14pt;\"><strong>Das \u201eKalte-Kriegsdenken\u201c geh\u00f6rt auf den M\u00fcll der Geschichte<\/strong><\/span><\/p>\n<p>Wenn die viel beschworene starke Demokratie, die der Bundespr\u00e4sident beschw\u00f6rt, funktionieren w\u00fcrde, dann w\u00fcrde endlich das ausgerechnet von deutschen Parlamentariern angeheizte \u201eKalte-Kriegs-Denken\u201c l\u00e4ngst auf dem M\u00fcll der Geschichte landen. Was geschieht stattdessen? Uns werden immer wieder neue alte Feindbilder pr\u00e4sentiert, um die damit verbundenen Kosten f\u00fcr die neuen steigenden Aufr\u00fcstungszahlen zu rechtfertigen. Die NATO, auf deutschem Boden stationierte Atomwaffen, werden uns als lebensnotwendige \u201efriedenserhaltende\u201c Ma\u00dfnahmen verkauft. Genau das Gegenteil ist der Fall. Schon pl\u00e4diert der gl\u00fccklicher Weise scheidende Wehrbeauftragte f\u00fcr den Einsatz bewaffneter Drohnen, ganz im Sinne der \u201eKriegsministerin\u201c Kramp-Karrenbauer. Kein Wort vom Bundespr\u00e4sidenten gegen diese neue Art der Aufr\u00fcstung, nur 75 Jahre nach Kriegsende und der Befreiung von Auschwitz, \u00fcbrigens ebenso durch die Rote Armee am 27.Januar. Alle diese Daten sind ohne die sowjetische Befreiungsarmee nicht denkbar. Aber das wird sch\u00e4ndlich verschwiegen im transatlantischen Jubelsturm und der Aufr\u00fcstungsorgie.<\/p>\n<p>\u201eDie deutsche Geschichte ist eine gebrochene Geschichte \u2013 mit der Verantwortung f\u00fcr millionenfachen Mord und millionenfaches Leid. Das bricht uns das Herz bis heute. Deshalb: Man kann dieses Land nur mit gebrochenem Herzen lieben\u201c, was Steinmeier aber keineswegs davon abh\u00e4lt, sich einer massiven milit\u00e4rischen Aufr\u00fcstung und dem Bedrohungsszenario der infamen, mit unseren Steuergeldern finanzierten Umzingelung Russlands und sonstiger Milit\u00e4rdienste f\u00fcr die USA\/NATO hinzugeben!<\/p>\n<p>\u201e\u2019Nie wieder!\u2018 \u2013 das haben wir uns nach dem Krieg geschworen. Doch dieses \u201eNie wieder!\u201c, es bedeutet f\u00fcr uns Deutsche vor allem: \u201aNie wieder allein!\u2019\u201c Dieses Steinmeiersche \u201eNie wieder\u201c meint eigentlich \u201eNie wieder allein auf dem Kriegspfad\u201c\u2026 siehe die \u201eOsterschleichung\u201c und die Einkreisung Russlands.<\/p>\n<p><span style=\"font-size: 14pt;\"><strong>Die W\u00fcrde des Menschen ist unantastbar und unteilbar<\/strong><\/span><\/p>\n<p>Dann zitiert er Artikel 1 des deutschen Grundgesetzes: \u201eDie W\u00fcrde des Menschen ist unantastbar.\u201c, der gerade in Deutschland allzu oft gebrochen wird. Tats\u00e4chlich, ist die W\u00fcrde des Menschen unantastbar und unteilbar, und ich betone: auch f\u00fcr Pal\u00e4stinenser, Muslime und f\u00fcr BDS-Unterst\u00fctzer sowie Israel-Kritiker! (2)<\/p>\n<p><span style=\"font-size: 14pt;\"><strong>Kein Gedenken an den Holocaust ohne Erinnerung an die Nakba<\/strong><\/span><\/p>\n<p>Da stellte ich mir nat\u00fcrlich die Frage, kann und darf man heute noch an den Holocaust und Auschwitz erinnern, ohne die Nakba und die damit verbundene ethnische S\u00e4uberung Pal\u00e4stinas zu erw\u00e4hnen? Steinmeier sagte: \u201eNicht das Bekenntnis zur Verantwortung ist eine Schande \u2013 das Leugnen ist eine Schande\u201c. Wie wahr! Der \u201ej\u00fcdische Staat\u201c hat sich bis heute nicht der Aufarbeitung der Nakba und den damit verbundenen zionistischen Gr\u00e4ueltaten gestellt, um sie aufzuarbeiten, geschweige denn die Opfer zu entsch\u00e4digen, das R\u00fcckkehrrecht der Millionen mit brutaler Gewalt vertriebenen Fl\u00fcchtlinge in ihre Heimat Pal\u00e4stina zuzulassen. Dieses legale Recht wird ihnen weiterhin verweigert. Und besiegelt werden soll mit Hilfe der USA die illegale Besatzung Pal\u00e4stinas mit den kommenden geplanten Annexionen, und die ewige Judaisierung Pal\u00e4stinas entgegen des V\u00f6lkerrechts.<\/p>\n<p><span style=\"font-size: 14pt;\"><strong>Warum werden Sanktionen gegen das j\u00fcdische Apartheidregime abgelehnt?<\/strong><\/span><\/p>\n<p>Hat sich Bundespr\u00e4sident Steinmeier dazu ge\u00e4u\u00dfert? Nein er steht ebenso wie die deutsche Bundesregierung voll hinter der deutschen Staatsr\u00e4son f\u00fcr den \u201ej\u00fcdischen Staat\u201c. L\u00e4ngst \u00fcberf\u00e4llige Sanktionen gegen das j\u00fcdische Apartheidregime werden von Deutschland abgelehnt.<\/p>\n<p><span style=\"font-size: 14pt;\"><strong>Verantwortung gegen\u00fcber den Pal\u00e4stinensern zum Gedenken an den 8. Mai<\/strong><\/span><\/p>\n<p>Das wirft die Frage auf, wie es mit der Verantwortung gegen\u00fcber den Pal\u00e4stinensern steht, die genauso zum Gedenken an den 8. Mai stehen sollte und in einem Zusammenhang zu sehen ist. Jeder bis heute vergossene \u201eBesatzungs-Blutstropfen\u201c liegt auch und gerade in deutscher Verantwortung, die durch aktive Hilfe, diese Besatzung aufrechtzuerhalten, erst erm\u00f6glicht. Wann werden Deutschland und die EU endlich der Forderung eines Netzwerks europ\u00e4ischer Menschenrechtsgruppen folgen und Sanktionen gegen den \u201ej\u00fcdischen Staat\u201c verh\u00e4ngen? (3)<\/p>\n<figure id=\"attachment_8094\" aria-describedby=\"caption-attachment-8094\" style=\"width: 600px\" class=\"wp-caption alignnone\"><img data-recalc-dims=\"1\" loading=\"lazy\" decoding=\"async\" data-attachment-id=\"8094\" data-permalink=\"https:\/\/www.freidenker.org\/?attachment_id=8094\" data-orig-file=\"https:\/\/i0.wp.com\/www.freidenker.org\/fw17\/wp-content\/uploads\/2020\/05\/nakba_plakat_vollst.jpg?fit=835%2C1095&amp;ssl=1\" data-orig-size=\"835,1095\" data-comments-opened=\"0\" data-image-meta=\"{&quot;aperture&quot;:&quot;0&quot;,&quot;credit&quot;:&quot;&quot;,&quot;camera&quot;:&quot;&quot;,&quot;caption&quot;:&quot;&quot;,&quot;created_timestamp&quot;:&quot;0&quot;,&quot;copyright&quot;:&quot;&quot;,&quot;focal_length&quot;:&quot;0&quot;,&quot;iso&quot;:&quot;0&quot;,&quot;shutter_speed&quot;:&quot;0&quot;,&quot;title&quot;:&quot;&quot;,&quot;orientation&quot;:&quot;0&quot;}\" data-image-title=\"nakba_plakat_vollst\" data-image-description=\"\" data-image-caption=\"\" data-large-file=\"https:\/\/i0.wp.com\/www.freidenker.org\/fw17\/wp-content\/uploads\/2020\/05\/nakba_plakat_vollst.jpg?fit=781%2C1024&amp;ssl=1\" class=\"wp-image-8094\" src=\"https:\/\/i0.wp.com\/www.freidenker.org\/fw17\/wp-content\/uploads\/2020\/05\/nakba_plakat_vollst.jpg?resize=600%2C787&#038;ssl=1\" alt=\"\" width=\"600\" height=\"787\" srcset=\"https:\/\/i0.wp.com\/www.freidenker.org\/fw17\/wp-content\/uploads\/2020\/05\/nakba_plakat_vollst.jpg?resize=781%2C1024&amp;ssl=1 781w, https:\/\/i0.wp.com\/www.freidenker.org\/fw17\/wp-content\/uploads\/2020\/05\/nakba_plakat_vollst.jpg?resize=229%2C300&amp;ssl=1 229w, https:\/\/i0.wp.com\/www.freidenker.org\/fw17\/wp-content\/uploads\/2020\/05\/nakba_plakat_vollst.jpg?resize=768%2C1007&amp;ssl=1 768w, https:\/\/i0.wp.com\/www.freidenker.org\/fw17\/wp-content\/uploads\/2020\/05\/nakba_plakat_vollst.jpg?w=835&amp;ssl=1 835w\" sizes=\"auto, (max-width: 600px) 100vw, 600px\" \/><figcaption id=\"caption-attachment-8094\" class=\"wp-caption-text\">Plakat &#8222;Nakba by the Numbers&#8220;, publiziert vom Institute for Middle East Understanding (IMEU) 2015 <br \/>Quelle: The Palestine Poster Project Archives. \u00a9 2009\u20132019\u00a0\u00a0Liberation Graphics<\/figcaption><\/figure>\n<p><span style=\"font-size: 14pt;\"><strong>Das Nakba Gedenken wird weltweit am 15. Mai begangen<\/strong><\/span><\/p>\n<p>Wie lange noch will Deutschland zuschauen, wie das pal\u00e4stinensische Volk von j\u00fcdischen Besatzern unterdr\u00fcckt, gedem\u00fctigt, enteignet und ermordet wird? Gerade aus unserer Geschichte bedeutet \u201enie wieder\u201c eine Pflicht, Verantwortung f\u00fcr das pal\u00e4stinensische Volk zu \u00fcbernehmen. Eine wichtige Pflicht, 75 Jahre nach Kriegsende und 72 Jahre nach der Nakba, deren Gedenktag am 15.Mai weltweit begangen wird. (4)<\/p>\n<p><span style=\"font-size: 14pt;\"><strong>Die Flagge Pal\u00e4stinas hissen<\/strong><\/span><\/p>\n<p>Scharf zur\u00fcckweisen muss man deshalb die Forderung der Deutsch-Israelischen Gesellschaft, \u201eFlagge zu zeigen f\u00fcr die Freundschaft\u201c mit dem j\u00fcdischen Apartheid- und Besatzungsstaat, und die Kommunen und Kreisverwaltungen dazu aufzurufen, am 12. Mai die Flagge Israels zu hissen. Mit dieser geschmacklosen Provokation des Hissens der blutbefleckten Davidstern-Flagge, dem Symbol der Unterdr\u00fcckung Pal\u00e4stinas, soll an die Aufnahme diplomatischer Beziehungen vor 55 Jahren erinnert werden. Der nicht unumstrittene Pr\u00e4sident der DIG, Uwe Becker, erinnerte noch an die Staatsr\u00e4son. An diesem Tag sollte anstelle der Davidstern- die Flagge Pal\u00e4stinas gehisst werden, als Symbol f\u00fcr die Freiheit Pal\u00e4stinas, die noch nicht erreicht wurde.<\/p>\n<p><span style=\"font-size: 14pt;\"><strong>Bekannte Ablenkungsman\u00f6ver von zionistischer Besatzungsverbrechen<\/strong><\/span><\/p>\n<p>So ist es nur in altbekannter Israel-Lobby-Tradition zu sehen, wenn fast t\u00e4glich und momentan in noch geballter medialer Propaganda auf den Anstieg von mehr antisemitischen Straftaten hingewiesen wird. Geh\u00f6rt nicht zu antisemitischen Straftaten auch, wenn man j\u00fcdische Israel-Kritiker verunglimpft und j\u00fcdische Konten oder von Israel-kritischen Organisationen gek\u00fcndigt werden, woran erinnert uns das? Diese bekannten Ablenkungsman\u00f6ver, die von zionistischer Besatzungsverbrechen und der bevorstehenden Annexion pal\u00e4stinensischen Landes ablenken soll, ebenso wie von der immer st\u00e4rker werdenden Entdemokratisierung des \u201ej\u00fcdischen Staats\u201c mit allen Konsequenzen. Schlie\u00dflich ist zu erwarten, dass nach Vereidigung dieses neuen \u201eAnnexionsregimes\u201c Proteste weltweit, auch in Deutschland, einsetzen werden. Wenn schon die B\u00fcrger des \u201ej\u00fcdischen Staats\u201c dieses Regime gew\u00e4hlt haben und sich daf\u00fcr entschieden haben, die Unterdr\u00fcckung und Besatzung zu versch\u00e4rfen, wird Widerstand zu Pflicht und pal\u00e4stinensischer umso mehr. In diesem Zusammenhang ist auch das deutsche Vorpreschen in Sachen Hisbollah, gerade zum jetzigen Zeitpunkt, zu sehen. Die Hisbollah ist eine wichtige Widerstandsorganisation und gew\u00e4hlte Regierungspartei in der Koalition im Libanon. Wie also kann man dem vorbauen? Indem man noch gezieltere Antisemitismus-Vorw\u00fcrfe in die t\u00e4gliche Politik bringt und den Bundesbeauftragten f\u00fcr Antisemitismus zum \u201eWadenbei\u00dfer&#8217;\u201c im Rundumschlag freien Lauf l\u00e4sst. Dieser muss abgel\u00f6st und stattdessen endlich ein dringend ben\u00f6tigter Rassismusbeauftragter eingesetzt werden.<\/p>\n<p>W\u00e4hrenddessen findet Pal\u00e4stina, die illegale Besatzung, und dass sich im Widerstand befindliche pal\u00e4stinensische Volk immer weniger politische und mediale Beachtung, genau wie von der Hasbara und ihrer weltweiten Helfer, den Sayanim, geplant.<\/p>\n<p><span style=\"font-size: 14pt;\"><strong>Der \u201ej\u00fcdische Staat\u201c vereitelt konsequent auch gewaltfreien Widerstand<\/strong><\/span><\/p>\n<p>Weil der \u201ej\u00fcdische Staat\u201c konsequent alle m\u00f6glichen Mittel einsetzt, um auch gewaltfreien Widerstand zu vereiteln, weil pal\u00e4stinensische Menschen von schwer bewaffneten Soldaten der \u201emoralischsten j\u00fcdischen Verteidigungsarmee\u201c au\u00dfergerichtlich hingerichtet werden, und somit als Staatsterroristen handeln, dann ist das \u201enie wieder\u201c zu einer traurigen Phrase verkommen, einem wertlosen Ritual, ebenso wertlos wie den Hinweis auf gemeinsame \u201echristlich-j\u00fcdische\u201c Werte und scheinheilige Moralpredigten a la Steinmeier!<\/p>\n<p><span style=\"font-size: 14pt;\"><strong>Pal\u00e4stinensern m\u00fcssen die gleichen Rechte auf Selbstverteidigung zugestanden werden<\/strong><\/span><\/p>\n<p>Solange die deutsche und die internationale Gemeinschaft weiterhin die Augen verschlie\u00dft vor Vertreibung, krimineller Enteignung der Pal\u00e4stinenser und dem sich immer st\u00e4rker beschleunigenden langsamen Tod des pal\u00e4stinensischen Volks tatenlos zusieht, die ethnische S\u00e4uberung zul\u00e4sst, ja sich sogar aktiv mit der Bewaffnung des zionistischen Regime und deren Finanzierung beteiligt, muss man den Pal\u00e4stinensern endlich die gleichen Rechte auf Selbstverteidigung zugestehen, die das zionistische Regime immer wieder f\u00fcr sich deklariert, um ihre Massaker zu legitimieren, wie sie auch von Kanzlerin Merkel schon bekr\u00e4ftigt wurden. Wenn aber dieses legitime Recht auf Widerstand den Pal\u00e4stinensern verweigert wird, dann ist die W\u00fcrde des Menschen in Pal\u00e4stina in Gefahr! So wird es immer dringender, die weltweite, immer gr\u00f6\u00dfer werdende BDS-Bewegung aktiv zu unterst\u00fctzen, gerade in Zeiten der grassierenden zionistischen Einsch\u00fcchterungsversuche und Diffamierungen. Nur so ist die t\u00f6dliche und gewaltsame Besatzung zu beenden. So steht die Befreiung Pal\u00e4stinas noch aus und wie der gro\u00dfe Nelson Mandela sagte: \u201eWir wissen nur zu gut, dass unsere Freiheit unvollst\u00e4ndig ist ohne die Freiheit der Pal\u00e4stinenser.\u201c<\/p>\n<p>&nbsp;<\/p>\n<p><strong>Fu\u00dfnoten:<\/strong><\/p>\n<p>(1) <a href=\"https:\/\/dbk.de\/nc\/presse\/aktuelles\/meldung\/oekumenischer-gottesdienst-zum-gedenken-an-das-ende-des-zweiten-weltkriegs\/detail\/\" target=\"_blank\" rel=\"noopener noreferrer\">https:\/\/dbk.de\/nc\/presse\/aktuelles\/meldung\/oekumenischer-gottesdienst-zum-gedenken-an-das-ende-des-zweiten-weltkriegs\/detail\/<\/a><br \/>\n(2) <a href=\"https:\/\/www.zdf.de\/nachrichten\/video\/zweiter-weltkrieg-rede-steinmeier-8-mai-kriegsende-100.html\" target=\"_blank\" rel=\"noopener noreferrer\">https:\/\/www.zdf.de\/nachrichten\/video\/zweiter-weltkrieg-rede-steinmeier-8-mai-kriegsende-100.html<\/a><br \/>\n(3) <a href=\"https:\/\/www.middleeastmonitor.com\/20200507-eu-must-impose-sanctions-on-israel-rights-groups-say\/\" target=\"_blank\" rel=\"noopener noreferrer\">https:\/\/www.middleeastmonitor.com\/20200507-eu-must-impose-sanctions-on-israel-rights-groups-say\/<\/a><br \/>\n(4) <a href=\"https:\/\/www.bdsmovement.net\/news\/take-action-mark-72-years-nakba-with-keytojustice\" target=\"_blank\" rel=\"noopener noreferrer\">https:\/\/www.bdsmovement.net\/news\/take-action-mark-72-years-nakba-with-keytojustice<\/a><\/p>\n<p>&nbsp;<\/p>\n<p style=\"text-align: right;\"><em>Evelyn Hecht-Galinski, Tochter des ehemaligen Zentralratsvorsitzenden der Juden in Deutschland, Heinz Galinski, ist Publizistin und Autorin. Ihre Kommentare f\u00fcr die NRhZ schreibt sie regelm\u00e4\u00dfig vom \u201eHochblauen\u201c, dem 1165 m hohen \u201eHausberg\u201c im Badischen, wo sie mit ihrem Ehemann Benjamin Hecht lebt. (http:\/\/sicht-vom-hochblauen.de\/) 2012 kam ihr Buch \u201eDas elfte Gebot: Israel darf alles\u201c heraus. Erschienen im tz-Verlag, ISBN 978-3940456-51-9 (print), Preis 17,89 Euro. Am 28. September 2014 wurde sie von der NRhZ mit dem vierten \u201eK\u00f6lner Karls-Preis f\u00fcr engagierte Literatur und Publizistik\u201c ausgezeichnet.<\/em><\/p>\n<p>&nbsp;<\/p>\n<p><span style=\"font-size: 10pt;\">Zuvor ver\u00f6ffentlicht am 13.05.2020 in der Neuen Rheinischen Zeitung (NRhZ),\u00a0 Ausgabe 744 vom 13.05.2020 unter <a href=\"http:\/\/www.nrhz.de\/flyer\/beitrag.php?id=26784\" target=\"_blank\" rel=\"noopener noreferrer\">http:\/\/www.nrhz.de\/flyer\/beitrag.php?id=26784<\/a><br \/>\nsowie im Blog der Autorin <\/span><a href=\"http:\/\/sicht-vom-hochblauen.de\/die-befreiung-palaestinas-steht-noch-aus-von-evelyn-hecht-galinski\/\" target=\"_blank\" rel=\"noopener noreferrer\"><span style=\"font-size: 10pt;\">Sicht vom Hochblauen<\/span><\/a><\/p>\n<hr \/>\n<p><span style=\"font-size: 10pt;\">Beitragsbild oben: Ausschnitt aus dem Plakat &#8222;Nakba by the Numbers&#8220; (Die Nakba in Zahlen), publiziert vom<a href=\"https:\/\/imeu.org\/\" target=\"_blank\" rel=\"noopener noreferrer\"> Institute for Middle East Understanding (IMEU)<\/a> 2015<\/span><br \/>\n<span style=\"font-size: 10pt;\">Quelle: <a href=\"https:\/\/www.palestineposterproject.org\/poster\/nakba-by-the-numbers\" target=\"_blank\" rel=\"noopener noreferrer\">The Palestine Poster Project Archives<\/a>. \u00a9 2009\u20132019\u00a0\u00a0<a href=\"http:\/\/liberationgraphics.com\">Liberation Graphics<\/a><\/span><\/p>\n","protected":false},"excerpt":{"rendered":"<p><b>Beitrag von Evelyn Hecht-Galinski<\/b><br \/>\nAm 8. Mai 2020, dem 75. Jahrestag des Kriegsendes, und dem Tag der Befreiung vom Faschismus durch die Rote Armee, hielt Bundespr\u00e4sident Steinmeier seine obligatorische Rede und brachte es fertig, mit keinem Wort die tapferen Soldaten der Roten Armee als Befreier zu erw\u00e4hnen. &#8230; Das wirft die Frage auf, wie es mit der Verantwortung gegen\u00fcber den Pal\u00e4stinensern steht, die genauso zum Gedenken an den 8. Mai stehen sollte und in einem Zusammenhang zu sehen ist. Jeder bis heute vergossene \u201eBesatzungs-Blutstropfen\u201c liegt auch und gerade in deutscher Verantwortung, die durch aktive Hilfe, diese Besatzung aufrechtzuerhalten, erst erm\u00f6glicht.<\/p>\n","protected":false},"author":3,"featured_media":8095,"comment_status":"closed","ping_status":"closed","sticky":false,"template":"","format":"standard","meta":{"colormag_page_container_layout":"default_layout","colormag_page_sidebar_layout":"default_layout","advanced_seo_description":"","jetpack_seo_html_title":"","jetpack_seo_noindex":false,"jetpack_post_was_ever_published":false,"footnotes":""},"categories":[13],"tags":[261,1084,393,807,394,687,579],"class_list":["post-8093","post","type-post","status-publish","format-standard","has-post-thumbnail","hentry","category-frieden-antifaschismus-solidaritaet","tag-bundespraesident","tag-fluechtlinge","tag-israel","tag-nakba","tag-palaestina","tag-tag-der-befreiung","tag-zionismus"],"jetpack_featured_media_url":"https:\/\/i0.wp.com\/www.freidenker.org\/fw17\/wp-content\/uploads\/2020\/05\/nakba_plakat_ausschn_800x450.jpg?fit=800%2C450&ssl=1","jetpack_shortlink":"https:\/\/wp.me\/p9stpK-26x","jetpack-related-posts":[{"id":10166,"url":"https:\/\/www.freidenker.org\/?p=10166","url_meta":{"origin":8093,"position":0},"title":"Flugblatt zum 8. und 9. Mai 2021: Befreiung von Faschismus und Krieg","author":"Webredaktion","date":"2. Mai 2021","format":false,"excerpt":"Erfreulicherweise werden die Tage der Befreiung und des Sieges in immer gr\u00f6\u00dferem B\u00fcndnisrahmen zur Kenntnis genommen und durch Aktionen gew\u00fcrdigt. Weniger erfreulich, dass Aktionen in diesem Jahr hier und da mit der Begr\u00fcndung \"des Infektionsgeschehens\" storniert werden. Au\u00dferdem ist zu beobachten, das eine Reihe von Aufrufen zu den Jahrestagen inzwischen\u2026","rel":"","context":"In &quot;Frieden - Antifaschismus - Solidarit\u00e4t&quot;","block_context":{"text":"Frieden - Antifaschismus - Solidarit\u00e4t","link":"https:\/\/www.freidenker.org\/?cat=13"},"img":{"alt_text":"","src":"https:\/\/i0.wp.com\/www.freidenker.org\/fw17\/wp-content\/uploads\/2021\/05\/victory-day-1396078_800x450.jpg?fit=800%2C450&ssl=1&resize=350%2C200","width":350,"height":200,"srcset":"https:\/\/i0.wp.com\/www.freidenker.org\/fw17\/wp-content\/uploads\/2021\/05\/victory-day-1396078_800x450.jpg?fit=800%2C450&ssl=1&resize=350%2C200 1x, https:\/\/i0.wp.com\/www.freidenker.org\/fw17\/wp-content\/uploads\/2021\/05\/victory-day-1396078_800x450.jpg?fit=800%2C450&ssl=1&resize=525%2C300 1.5x, https:\/\/i0.wp.com\/www.freidenker.org\/fw17\/wp-content\/uploads\/2021\/05\/victory-day-1396078_800x450.jpg?fit=800%2C450&ssl=1&resize=700%2C400 2x"},"classes":[]},{"id":16017,"url":"https:\/\/www.freidenker.org\/?p=16017","url_meta":{"origin":8093,"position":1},"title":"Befreiung vom Faschismus und Tag des Sieges 2023","author":"Webredaktion","date":"13. Mai 2023","format":false,"excerpt":"Wir dokumentieren - den Marsch des Unsterblichen Regiments am 07. Mai 2023 in Frankfurt am Main mit Kundgebung am Opernplatz und Demonstration zum R\u00f6merberg, Reden von Sebastian Bahlo (Text) und von Sergey Filbert (Video) - Bilder von der Gedenkstunde am 08.05.2023 zum Tag der Befreiung am Mahnmal f\u00fcr die Opfer\u2026","rel":"","context":"In &quot;Frieden - Antifaschismus - Solidarit\u00e4t&quot;","block_context":{"text":"Frieden - Antifaschismus - Solidarit\u00e4t","link":"https:\/\/www.freidenker.org\/?cat=13"},"img":{"alt_text":"","src":"https:\/\/i0.wp.com\/www.freidenker.org\/fw17\/wp-content\/uploads\/2023\/05\/TdB_2023_20230509_113616_800x450.jpg?fit=800%2C450&ssl=1&resize=350%2C200","width":350,"height":200,"srcset":"https:\/\/i0.wp.com\/www.freidenker.org\/fw17\/wp-content\/uploads\/2023\/05\/TdB_2023_20230509_113616_800x450.jpg?fit=800%2C450&ssl=1&resize=350%2C200 1x, https:\/\/i0.wp.com\/www.freidenker.org\/fw17\/wp-content\/uploads\/2023\/05\/TdB_2023_20230509_113616_800x450.jpg?fit=800%2C450&ssl=1&resize=525%2C300 1.5x, https:\/\/i0.wp.com\/www.freidenker.org\/fw17\/wp-content\/uploads\/2023\/05\/TdB_2023_20230509_113616_800x450.jpg?fit=800%2C450&ssl=1&resize=700%2C400 2x"},"classes":[]},{"id":8020,"url":"https:\/\/www.freidenker.org\/?p=8020","url_meta":{"origin":8093,"position":2},"title":"Galerie: Freidenker zum 75. Jahrestag der Befreiung","author":"Webredaktion","date":"12. Mai 2020","format":false,"excerpt":"Obwohl aus bekannten Gr\u00fcnden die gro\u00dfe Kundgebungen und Feiern nicht wie geplant stattfinden konnten, haben Tausende Menschen in Berlin und ganz Deutschland dem 75. Jahrestag\u00a0 der Befreiung vom Faschismus und des Sieges der Roten Armee gedacht. Nat\u00fcrlich waren auch Freidenker dabei. Hier einige Bilder aus Berlin, Offenbach, Frankfurt a.M. und\u2026","rel":"","context":"In &quot;Frieden - Antifaschismus - Solidarit\u00e4t&quot;","block_context":{"text":"Frieden - Antifaschismus - Solidarit\u00e4t","link":"https:\/\/www.freidenker.org\/?cat=13"},"img":{"alt_text":"","src":"https:\/\/i0.wp.com\/www.freidenker.org\/fw17\/wp-content\/uploads\/2020\/05\/TagDerBefreiung_2020_800x450.jpg?fit=800%2C450&ssl=1&resize=350%2C200","width":350,"height":200,"srcset":"https:\/\/i0.wp.com\/www.freidenker.org\/fw17\/wp-content\/uploads\/2020\/05\/TagDerBefreiung_2020_800x450.jpg?fit=800%2C450&ssl=1&resize=350%2C200 1x, https:\/\/i0.wp.com\/www.freidenker.org\/fw17\/wp-content\/uploads\/2020\/05\/TagDerBefreiung_2020_800x450.jpg?fit=800%2C450&ssl=1&resize=525%2C300 1.5x, https:\/\/i0.wp.com\/www.freidenker.org\/fw17\/wp-content\/uploads\/2020\/05\/TagDerBefreiung_2020_800x450.jpg?fit=800%2C450&ssl=1&resize=700%2C400 2x"},"classes":[]},{"id":21305,"url":"https:\/\/www.freidenker.org\/?p=21305","url_meta":{"origin":8093,"position":3},"title":"Elbe-Tag: 80. Jahrestag der Begegnung","author":"Webredaktion","date":"30. M\u00e4rz 2025","format":false,"excerpt":"Demonstration am 26. April 2025 11:30 Uhr Br\u00fcckenkopf Torgau (anschl. 14:30 Uhr - Konzert mit Tino Eisbrenner und Ernesto Schwarz) Kein Ort an der Elbe \u2013 von Hamburg bis Dresden \u2013 hat mit seiner Symbolik am \u00a0Ende des faschistischen Krieges eine bis heute andauernde Aussagekraft und Wahrheit erlangt, die in\u2026","rel":"","context":"In &quot;Frieden - Antifaschismus - Solidarit\u00e4t&quot;","block_context":{"text":"Frieden - Antifaschismus - Solidarit\u00e4t","link":"https:\/\/www.freidenker.org\/?cat=13"},"img":{"alt_text":"","src":"https:\/\/i0.wp.com\/www.freidenker.org\/fw17\/wp-content\/uploads\/2025\/03\/Elbe-Tag_2025_800x450.jpg?fit=800%2C450&ssl=1&resize=350%2C200","width":350,"height":200,"srcset":"https:\/\/i0.wp.com\/www.freidenker.org\/fw17\/wp-content\/uploads\/2025\/03\/Elbe-Tag_2025_800x450.jpg?fit=800%2C450&ssl=1&resize=350%2C200 1x, https:\/\/i0.wp.com\/www.freidenker.org\/fw17\/wp-content\/uploads\/2025\/03\/Elbe-Tag_2025_800x450.jpg?fit=800%2C450&ssl=1&resize=525%2C300 1.5x, https:\/\/i0.wp.com\/www.freidenker.org\/fw17\/wp-content\/uploads\/2025\/03\/Elbe-Tag_2025_800x450.jpg?fit=800%2C450&ssl=1&resize=700%2C400 2x"},"classes":[]},{"id":15812,"url":"https:\/\/www.freidenker.org\/?p=15812","url_meta":{"origin":8093,"position":4},"title":"Elbe Tag \u2013 Torgau 1945-2023","author":"Webredaktion","date":"20. April 2023","format":false,"excerpt":"78. Jahrestag der Begegnung - 82. Jahrestag des \u00dcberfalls Nazideutschlands auf die Sowjetunion Friedensdemonstration & Kundgebung am 22. April 2023, 12:00 Uhr am Br\u00fcckenkopf Torgau (Ostufer) Aus dem Aufruf: \u201eDer Schwur von Torgau muss lebendiges Zeugnis unseres Strebens nach einer Welt ohne Krieg bleiben!\u201c. Der Schwur der Soldaten der Roten\u2026","rel":"","context":"In &quot;Frieden - Antifaschismus - Solidarit\u00e4t&quot;","block_context":{"text":"Frieden - Antifaschismus - Solidarit\u00e4t","link":"https:\/\/www.freidenker.org\/?cat=13"},"img":{"alt_text":"","src":"https:\/\/i0.wp.com\/www.freidenker.org\/fw17\/wp-content\/uploads\/2023\/04\/Torgau_2023_800x450.jpg?fit=800%2C450&ssl=1&resize=350%2C200","width":350,"height":200,"srcset":"https:\/\/i0.wp.com\/www.freidenker.org\/fw17\/wp-content\/uploads\/2023\/04\/Torgau_2023_800x450.jpg?fit=800%2C450&ssl=1&resize=350%2C200 1x, https:\/\/i0.wp.com\/www.freidenker.org\/fw17\/wp-content\/uploads\/2023\/04\/Torgau_2023_800x450.jpg?fit=800%2C450&ssl=1&resize=525%2C300 1.5x, https:\/\/i0.wp.com\/www.freidenker.org\/fw17\/wp-content\/uploads\/2023\/04\/Torgau_2023_800x450.jpg?fit=800%2C450&ssl=1&resize=700%2C400 2x"},"classes":[]},{"id":18079,"url":"https:\/\/www.freidenker.org\/?p=18079","url_meta":{"origin":8093,"position":5},"title":"Wie West-Eliten versuchen, die Geschichte umzuschreiben","author":"Webredaktion","date":"2. Februar 2024","format":false,"excerpt":"Beitrag von Rainer Rupp Am 27. Januar 1945 befreite die vorr\u00fcckende Rote Armee der Sowjetunion das Konzentrationslager Auschwitz, in dem die deutschen Nazis w\u00e4hrend des Zweiten Weltkriegs mit einer Art industriellem T\u00f6tungsverfahren zwischen 1,5 bis 2 Millionen Menschen verschiedener Nationalit\u00e4ten und Ethnien ermordet haben. In diesem Jahr am Sonnabend, dem\u2026","rel":"","context":"In &quot;Demokratie \u2013 Medien \u2013 Aufkl\u00e4rung&quot;","block_context":{"text":"Demokratie \u2013 Medien \u2013 Aufkl\u00e4rung","link":"https:\/\/www.freidenker.org\/?cat=12"},"img":{"alt_text":"","src":"https:\/\/i0.wp.com\/www.freidenker.org\/fw17\/wp-content\/uploads\/2024\/02\/Auschwitz_Liberated_January_1945_800x450.jpg?fit=800%2C450&ssl=1&resize=350%2C200","width":350,"height":200,"srcset":"https:\/\/i0.wp.com\/www.freidenker.org\/fw17\/wp-content\/uploads\/2024\/02\/Auschwitz_Liberated_January_1945_800x450.jpg?fit=800%2C450&ssl=1&resize=350%2C200 1x, https:\/\/i0.wp.com\/www.freidenker.org\/fw17\/wp-content\/uploads\/2024\/02\/Auschwitz_Liberated_January_1945_800x450.jpg?fit=800%2C450&ssl=1&resize=525%2C300 1.5x, https:\/\/i0.wp.com\/www.freidenker.org\/fw17\/wp-content\/uploads\/2024\/02\/Auschwitz_Liberated_January_1945_800x450.jpg?fit=800%2C450&ssl=1&resize=700%2C400 2x"},"classes":[]}],"_links":{"self":[{"href":"https:\/\/www.freidenker.org\/index.php?rest_route=\/wp\/v2\/posts\/8093","targetHints":{"allow":["GET"]}}],"collection":[{"href":"https:\/\/www.freidenker.org\/index.php?rest_route=\/wp\/v2\/posts"}],"about":[{"href":"https:\/\/www.freidenker.org\/index.php?rest_route=\/wp\/v2\/types\/post"}],"author":[{"embeddable":true,"href":"https:\/\/www.freidenker.org\/index.php?rest_route=\/wp\/v2\/users\/3"}],"replies":[{"embeddable":true,"href":"https:\/\/www.freidenker.org\/index.php?rest_route=%2Fwp%2Fv2%2Fcomments&post=8093"}],"version-history":[{"count":0,"href":"https:\/\/www.freidenker.org\/index.php?rest_route=\/wp\/v2\/posts\/8093\/revisions"}],"wp:featuredmedia":[{"embeddable":true,"href":"https:\/\/www.freidenker.org\/index.php?rest_route=\/wp\/v2\/media\/8095"}],"wp:attachment":[{"href":"https:\/\/www.freidenker.org\/index.php?rest_route=%2Fwp%2Fv2%2Fmedia&parent=8093"}],"wp:term":[{"taxonomy":"category","embeddable":true,"href":"https:\/\/www.freidenker.org\/index.php?rest_route=%2Fwp%2Fv2%2Fcategories&post=8093"},{"taxonomy":"post_tag","embeddable":true,"href":"https:\/\/www.freidenker.org\/index.php?rest_route=%2Fwp%2Fv2%2Ftags&post=8093"}],"curies":[{"name":"wp","href":"https:\/\/api.w.org\/{rel}","templated":true}]}}