{"id":8079,"date":"2020-05-13T21:42:41","date_gmt":"2020-05-13T19:42:41","guid":{"rendered":"https:\/\/www.freidenker.org\/?p=8079"},"modified":"2020-06-19T02:46:16","modified_gmt":"2020-06-19T00:46:16","slug":"corona-leak-oder-ueberraschendes-aus-dem-bundesinnenministerium","status":"publish","type":"post","link":"https:\/\/www.freidenker.org\/?p=8079","title":{"rendered":"Corona-Leak &#8211; oder: \u00dcberraschendes aus dem Bundesinnenministerium"},"content":{"rendered":"<p>Freidenker-Beiratsmitglied Rainer Rupp hat uns auf die seit Wochenbeginn kursierenden Berichte aufmerksam gemacht, dass ein Referent beim BMI\u00a0 kaltgestellt worden sei; so titelt der &#8222;Fokus&#8220; am 12.05.2020:<\/p>\n<blockquote><p>&#8222;Innenministerium verh\u00e4ngt Arbeitsverbot gegen Mitarbeiter&#8220;.<\/p><\/blockquote>\n<p>Dieser war f\u00fcr das Referat KM 4 (Schutz Kritischer Infrastrukturen im Bundesministerium des Innern, f\u00fcr Bau und Heimat) t\u00e4tig, und ihm wurde nach eigenen Angaben verwehrt, dass seine kritischen Analyse des Corona-Krisenmanagements dem Minister Seehofer vorgelegt wird.<\/p>\n<p>Der Referent hat den Bericht daraufhin &#8222;vorab&#8220; an den Krisenstab des Ministeriums, an die mit der Thematik befassten Arbeitskreise der anderen Bundesministerien sowie in den Bundesl\u00e4ndern geschickt. Dieser gr\u00f6\u00dfere Empf\u00e4ngerkreis bot offensichtlich die Gew\u00e4hr, dass dieses &#8222;interne Papier&#8220; den Weg an die \u00d6ffentlichkeit findet.<\/p>\n<p>Der Krisenstab sah sich daraufhin veranlasst, gegen\u00fcber diesem Empf\u00e4ngerkreis zu betonen, dass der Autor weder &#8222;beauftragt oder autorisiert&#8220; gewesen sei, &#8222;eine solche Analyse zu erstellen oder zu ver\u00f6ffentlichen. Sie gibt seine private Auffassung wieder, nicht die des Bundesministeriums des Innern, f\u00fcr Bau und Heimat.&#8220;<\/p>\n<p>Der Deutsche Freidenker-Verband hat seine grunds\u00e4tzlichen Positionen in der Stellungnahme &#8222;Die sogenannte Corona-Krise&#8220; dargelegt (<a href=\"https:\/\/www.freidenker.org\/?p=7928\">https:\/\/www.freidenker.org\/?p=7928<\/a>). In den letzten Tagen haben die &#8222;aus Glaubenskriegen resultierenden Spaltungsgefahren&#8220;, vor denen in der Stellungnahme gewarnt wird, sehr deutlich Gestalt angenommen. T\u00e4glich macht das &#8211; vom CIA zu Diffamierungszwecken (anl\u00e4sslich der Kennedy-Ermordung) in Umlauf gesetzte &#8211; Wort &#8222;Verschw\u00f6rungstheorie&#8220; die Runde. In dieser Situation kann es nicht schaden, Erkenntnisse aus dem Regierungsapparat auch auf den &#8222;Verschw\u00f6rungsgehalt&#8220; hin unter die Lupe zu nehmen.<\/p>\n<p>Das Papier mit einer neunseitigen Einleitung und weiteren 83 Seiten stellt die &#8222;Kurzfassung&#8220; dar, der dpa soll auch eine 192-seitige Langfassung vorliegen. Der Autor listet die Vers\u00e4umnisse bei der Pandemie-Bek\u00e4mpfung auf, stellt &#8222;gravierende Fehlleistungen des Krisenmanagements&#8220; fest. Kontrovers d\u00fcrfte die These sein, dass dies zu erheblichen Kollateralsch\u00e4den, insbesondere in Form von Todesf\u00e4llen durch staatlich verf\u00fcgte Schutzma\u00dfnahmen f\u00fchrte. Mit der Ver\u00f6ffentlichung der Analyse ist keine Parteinahme pro oder contra ihrer Inhalte verbunden. Aber eine &#8222;rationale und erkenntnisf\u00f6rdernde Diskussion&#8220;, wie wir sie in unserer erw\u00e4hnten Stellungnahme bef\u00fcrworten, braucht die Kenntnisnahme solcher Informationen und die Auseinandersetzung um sie.<\/p>\n<p>Allerdings muss darauf hingewiesen werden, dass dies nicht das erste Dokument aus dem Hause Seehofer ist, das Aufsehen erregt hat: Bereits Ende M\u00e4rz 2020 berichteten Medien \u00fcber ein &#8222;internes Strategiepapier&#8220; mit dem Motto &#8222;Schockwirkung erw\u00fcnscht&#8220; (&#8222;taz&#8220;, 28.03.20), und der &#8222;Fokus&#8220; (04.04.20) schrieb:<\/p>\n<blockquote><p>&#8222;Um der Bev\u00f6lkerung den Ernst der Lage klarzumachen, empfehlen die Autoren drastische Ma\u00dfnahmen. &#8218;Um die gew\u00fcnschte Schockwirkung zu erzielen, m\u00fcssen die konkreten Auswirkungen einer Durchseuchung auf die menschliche Gesellschaft verdeutlicht werden&#8216;, schreiben die Verfasser&#8220;.<\/p><\/blockquote>\n<p>Laut &#8222;FAZ&#8220; (02.04.20) soll eine &#8222;Gruppe von 10 Fachleuten&#8220; an diesem Papier geschrieben haben &#8211; \u00fcberwiegend \u00d6konomen. Das ist der Stoff, aus dem Verunsicherung und Spekulationen gemacht werden. Die, die immerfort &#8222;Verschw\u00f6rungstheoretiker!&#8220; rufen, w\u00e4ren ehrlicher, wenn sie gleich &#8222;Haltet den Dieb!&#8220; rufen w\u00fcrden.<\/p>\n<p>Wer auch immer aus dem Empf\u00e4ngerkreis das Papier der \u00d6ffentlichkeit zug\u00e4nglich gemacht hat &#8211; wir wollen mit der Ver\u00f6ffentlichung auch ganz grunds\u00e4tzlich die Arbeit aller Whistleblower w\u00fcrdigen und ermutigen, und ebenso unsere Solidarit\u00e4t bekr\u00e4ftigen: &#8222;Free Julian Assange!&#8220;<\/p>\n<p style=\"text-align: right;\"><em>Webredaktion<\/em><\/p>\n<hr \/>\n<h5>Download<\/h5>\n<p>Der Bericht kann hier als PDF-Dokument angesehen und heruntergeladen werden:<\/p>\n<p><img data-recalc-dims=\"1\" loading=\"lazy\" decoding=\"async\" data-attachment-id=\"1076\" data-permalink=\"https:\/\/www.freidenker.org\/?attachment_id=1076\" data-orig-file=\"https:\/\/i0.wp.com\/www.freidenker.org\/fw17\/wp-content\/uploads\/2017\/10\/pdf_icon-2.png?fit=32%2C32&amp;ssl=1\" data-orig-size=\"32,32\" data-comments-opened=\"0\" data-image-meta=\"{&quot;aperture&quot;:&quot;0&quot;,&quot;credit&quot;:&quot;&quot;,&quot;camera&quot;:&quot;&quot;,&quot;caption&quot;:&quot;&quot;,&quot;created_timestamp&quot;:&quot;0&quot;,&quot;copyright&quot;:&quot;&quot;,&quot;focal_length&quot;:&quot;0&quot;,&quot;iso&quot;:&quot;0&quot;,&quot;shutter_speed&quot;:&quot;0&quot;,&quot;title&quot;:&quot;&quot;,&quot;orientation&quot;:&quot;0&quot;}\" data-image-title=\"pdf_icon\" data-image-description=\"\" data-image-caption=\"\" data-large-file=\"https:\/\/i0.wp.com\/www.freidenker.org\/fw17\/wp-content\/uploads\/2017\/10\/pdf_icon-2.png?fit=32%2C32&amp;ssl=1\" class=\"alignnone size-full wp-image-1076\" src=\"https:\/\/i0.wp.com\/www.freidenker.org\/fw17\/wp-content\/uploads\/2017\/10\/pdf_icon-2.png?resize=32%2C32&#038;ssl=1\" alt=\"\" width=\"32\" height=\"32\" \/> <a href=\"https:\/\/www.freidenker.org\/fw17\/wp-content\/uploads\/2020\/05\/200508-BMI_KM4.pdf\" target=\"_blank\" rel=\"noopener noreferrer\">Auswertungsbericht des Referats KM 4 (BMI) &#8211; <strong>Coronakrise 2020 aus Sicht des Schutzes Kritischer Infrastrukturen<\/strong><\/a> (PDF-Dokument, ca. 1,79 MB)<\/p>\n<hr \/>\n<p><span style=\"font-size: 10pt;\">Das Dokument enth\u00e4lt 92 Seiten, dem eigentlichen Bericht von 83 Seiten ist eine 9-seitige Einleitung vorangestellt. Diese wiederum enth\u00e4lt in 8 Punkten eine Zusammenfassung der Analyseergebnisse, die nachfolgend wiedergegeben werden:<\/span><\/p>\n<h5><strong><u>Zusammenfassung der Analyseergebnisse<\/u><\/strong><\/h5>\n<ol>\n<li><strong><strong>Das Krisenmanagement hat in der Vergangenheit (leider wider besseren institutionellen Wissens) <u>keine<\/u> ad\u00e4quaten Instrumente zur Gefahrenanalyse und \u2013bewertung aufgebaut. Die Lageberichte, in denen alle entscheidungsrelevanten Informationen zusammen gefasst werden m\u00fcssten, behandeln in der laufenden Krise bis heute nur einen kleinen Ausschnitt des drohenden Gefahrenspektrums. Auf der Basis unvollst\u00e4ndiger und ungeeigneter Informationen in den Lagebildern ist eine Gefahreneinsch\u00e4tzung grunds\u00e4tzlich nicht m\u00f6glich. Ohne korrekt erhobene Gefahreneinsch\u00e4tzung kann es keine angemessene und wirksame Ma\u00dfnahmenplanung geben. Das methodische Defizit wirkt sich bei jeder Transformation auf eine h\u00f6here Ebene aus; <u>die Politik hatte bisher eine stark reduzierte Chance, die sachlich richtigen Entscheidungen zu treffen<\/u>.<br \/>\n<span style=\"color: #ffffff;\">.<\/span><br \/>\n<\/strong><\/strong><\/li>\n<li>Die beobachtbaren Wirkungen und Auswirkungen von COVID-19 lassen keine ausreichende Evidenz daf\u00fcr erkennen, dass es sich \u2013 bezogen auf die gesundheitlichen Auswirkungen auf die <u>Gesamtgesellschaft<\/u> \u2013 um mehr als <strong>um einen Fehlalarm handelt<\/strong>. D<strong>urch den neuen Virus bestand vermutlich zu keinem Zeitpunkt eine \u00fcber das Normalma\u00df hinausgehende Gefahr f\u00fcr die Bev\u00f6lkerung (Vergleichsgr\u00f6\u00dfe ist das \u00fcbliche Sterbegeschehen in DEU). <\/strong>Es sterben an Corona im Wesentlichen die Menschen, die statistisch dieses Jahr sterben, weil sie am Ende ihres Lebens angekommen sind und ihr geschw\u00e4chter K\u00f6rper sich beliebiger zuf\u00e4lliger Alltagsbelastungen nicht mehr erwehren kann (darunter der etwa 150 derzeit im Umlauf befindlichen Viren). <strong><strong>Die Gef\u00e4hrlichkeit von Covid-19 wurde \u00fcbersch\u00e4tzt. (innerhalb eines Vierteljahres weltweit nicht mehr als 250.000 Todesf\u00e4lle <u>mit<\/u> Covid-19, gegen\u00fcber 1,5 Mio. Toten w\u00e4hrend der Influenzawelle 2017\/18). Die Gefahr ist offenkundig nicht gr\u00f6\u00dfer als die vieler anderer Viren. Wir haben es aller Voraussicht nach mit einem \u00fcber l\u00e4ngere Zeit unerkannt gebliebenen <u>globalen Fehlalarm<\/u> zu tun. \u2013 Dieses Analyseergebnis ist von KM 4 auf wissenschaftliche Plausibilit\u00e4t \u00fcberpr\u00fcft worden und widerspricht im Wesentlichen nicht den vom RKI vorgelegten Daten und Risikobewertungen.<br \/>\n<span style=\"color: #ffffff;\">.<\/span><\/strong><\/strong><\/li>\n<li><strong><strong>Dass der mutma\u00dfliche Fehlalarm \u00fcber Wochen unentdeckt blieb, hat einen wesentlichen Grund darin, dass die geltenden <u>Rahmenvorgaben zum Handeln des Krisenstabs und des Krisenmanagement in einer Pandemie<\/u> keine geeigneten Detektionsinstrumente enthalten, die automatisch einen Alarm ausl\u00f6sen und den sofortigen Abbruch von Ma\u00dfnahmen einleiten w\u00fcrden, sobald sich entweder eine Pandemiewarnung als Fehlalarm herausstellte oder abzusehen ist, dass die Kollateralsch\u00e4den \u2013 und darunter insbesondere die Menschenleben vernichtenden Anteile \u2013 gr\u00f6\u00dfer zu werden drohen, als das gesundheitliche und insbesondere das t\u00f6dliche Potential der betrachteten Erkrankung ausmacht.<br \/>\n<span style=\"color: #ffffff;\">.<\/span><\/strong><\/strong><\/li>\n<li><strong>Der Kollateralschaden ist inzwischen h\u00f6her ist als der erkennbare Nutzen. Dieser Feststellung liegt keine Gegen\u00fcberstellung von materiellen Sch\u00e4den mit Personensch\u00e4den (Menschenleben) zu Grunde! Alleine ein Vergleich von bisherigen <u>Todesf\u00e4llen durch den Virus<\/u> mit <u>Todesf\u00e4llen durch die staatlich verf\u00fcgten Schutzma\u00dfnahmen<\/u> <\/strong>(beides ohne sichere Datenbasis) <strong><strong>belegen den Befund. Eine von Wissenschaftlern auf Plausibilit\u00e4t \u00fcberpr\u00fcfte \u00fcberblicksartige Zusammenstellung gesundheitlichen Kollateralsch\u00e4den (incl. Todesf\u00e4lle) ist unten angef\u00fcgt.<br \/>\n<span style=\"color: #ffffff;\">.<\/span><\/strong><\/strong><\/li>\n<li><strong><strong>Der (v\u00f6llig zweckfreie) Kollateralschaden der Coronakrise ist zwischenzeitlich gigantisch. Ein gro\u00dfer Teil dieses Schadens wird sich sogar erst in der n\u00e4heren und ferneren Zukunft manifestieren. Dies kann nicht mehr verhindert, sondern nur noch begrenzt werden.<br \/>\n<span style=\"color: #ffffff;\">.<\/span><\/strong><\/strong><\/li>\n<li><strong>Kritische Infrastrukturen sind die \u00fcberlebensnotwendigen Lebensadern moderner Gesellschaften. Bei den Kritischen Infrastrukturen ist in Folge der Schutzma\u00dfnahmen die aktuelle Versorgungssicherheit nicht mehr wie gewohnt gegeben (bisher graduelle Reduktion der prinzipiellen Versorgungssicherheit, die sich z.B. in kommenden Belastungssituationen niederschlagen kann). Die Resilienz des hochkomplexen und stark interdependenten Gesamtsystems Kritischer Infrastrukturen ist gesunken. Unsere Gesellschaft lebt ab sofort mit einer gestiegenen Verletzlichkeit und h\u00f6heren Ausfallrisiken von lebenswichtigen Infrastrukturen. Das kann fatale Folgen haben, falls auf dem inzwischen reduzierten Resilienzniveau von KRITIS eine wirklich gef\u00e4hrliche Pandemie oder eine andere Bedrohung eintreten w\u00fcrde.<br \/>\n<\/strong>UN-Generalsekret\u00e4r Ant\u00f3nio Guterres sprach vor vier Wochen ein grundlegendes Risiko an. Guterres sagte (laut einem Tagesschaubericht vom 10.4.2020): \u201eDie <u>Schw\u00e4chen und mangelhafte Vorbereitung<\/u>, die <u>durch diese Pandemie offengelegt<\/u> wurden, geben Einblicke darin, wie ein bioterroristischer Angriff aussehen k\u00f6nnte &#8211; und [diese Schw\u00e4chen] erh\u00f6hen m\u00f6glicherweise das Risiko daf\u00fcr.\u201c Nach unseren Analysen ist ein gravierender Mangel in DEU das Fehlen eines ad\u00e4quaten Gefahrenanalyse und \u2013bewertungssystem in Krisensituationen (s.o.).<strong><br \/>\n<span style=\"color: #ffffff;\">.<\/span><\/strong><\/li>\n<li><strong><strong>Die staatlich angeordneten Schutzma\u00dfnahmen, sowie die vielf\u00e4ltigen gesellschaftlichen Aktivit\u00e4ten und Initiativen, die als urspr\u00fcngliche Schutzma\u00dfnahmen den Kollateralschaden bewirken, aber inzwischen jeden Sinn verloren haben, sind gr\u00f6\u00dftenteils immer noch in Kraft. Es wird dringend empfohlen, sie kurzfristig vollst\u00e4ndig aufzuheben, um Schaden von der Bev\u00f6lkerung abzuwenden \u2013 insbesondere unn\u00f6tige zus\u00e4tzliche Todesf\u00e4lle \u2013 , und um die m\u00f6glicherweise prek\u00e4r werdende Lage bei den Kritischen Infrastrukturen zu stabilisieren.<br \/>\n<span style=\"color: #ffffff;\">.<\/span><\/strong><\/strong><\/li>\n<li><strong>Die Defizite und Fehlleistungen im Krisenmanagement haben in der Konsequenz zu einer Vermittlung von nicht stichhaltigen Informationen gef\u00fchrt und damit eine Desinformation der Bev\u00f6lkerung ausgel\u00f6st. <\/strong>(Ein Vorwurf k\u00f6nnte lauten: Der Staat hat sich in der Coronakrise als einer der gr\u00f6\u00dften fake-news-Produzenten erwiesen.)<strong><br \/>\n<span style=\"color: #ffffff;\">.<\/span><\/strong><\/li>\n<\/ol>\n<hr \/>\n<p><span style=\"font-size: 10pt;\">Bildcollage: Ralf Lux, unter Verwendung der Bilder:<\/span><\/p>\n<p><span style=\"font-size: 10pt;\"><span class=\"mw-mmv-title\">Hauptsitz des Bundesministeriums des Innern in Berlin<\/span><br \/>\nFoto: C. M\u00fcller &#8211; Eigenes Werk, <a href=\"https:\/\/creativecommons.org\/licenses\/by-sa\/3.0\/\" target=\"_blank\" rel=\"noopener noreferrer\">CC BY-SA 3.0<\/a>,<br \/>\nQuelle: <a href=\"https:\/\/commons.wikimedia.org\/w\/index.php?curid=27861177\" target=\"_blank\" rel=\"noopener noreferrer\">wikimedia.org<\/a><br \/>\n<\/span><\/p>\n<p><span style=\"font-size: 10pt;\">Coronavirus\/Digitalisierung<\/span><br \/>\n<span style=\"font-size: 10pt;\">Grafik: <a class=\"hover_opacity\" href=\"https:\/\/pixabay.com\/de\/users\/geralt-9301\/\">geralt<\/a>\u00a0&#8211; <a href=\"https:\/\/pixabay.com\/de\/service\/license\/\">Pixabay License<\/a><\/span><br \/>\n<span style=\"font-size: 10pt;\">Quelle: <a href=\"https:\/\/pixabay.com\/de\/illustrations\/corona-coronavirus-digitalisierung-5071972\/\" target=\"_blank\" rel=\"noopener noreferrer\">pixabay.com<\/a><\/span><\/p>\n","protected":false},"excerpt":{"rendered":"<p><b>Beitrag der Webredaktion<\/b><br \/>\nFreidenker-Beiratsmitglied Rainer Rupp hat uns auf die seit Wochenbeginn kursierenden Berichte aufmerksam gemacht, dass ein Referent beim BMI\u00a0 kaltgestellt worden sei &#8230; Dieser war f\u00fcr das Referat KM 4 (Schutz Kritischer Infrastrukturen im Bundesministerium des Innern, f\u00fcr Bau und Heimat) t\u00e4tig, und ihm wurde nach eigenen Angaben verwehrt, dass seine kritischen Analyse des Corona-Krisenmanagements dem Minister Seehofer vorgelegt wird. Der Referent hat den Bericht daraufhin &#8222;vorab&#8220; an den Krisenstab des Ministeriums, an die mit der Thematik befassten Arbeitskreise der anderen Bundesministerien sowie in den Bundesl\u00e4ndern geschickt. Dieser gr\u00f6\u00dfere Empf\u00e4ngerkreis bot offensichtlich die Gew\u00e4hr, dass dieses &#8222;interne Papier&#8220; den Weg an die \u00d6ffentlichkeit findet.<\/p>\n","protected":false},"author":3,"featured_media":8084,"comment_status":"closed","ping_status":"closed","sticky":false,"template":"","format":"standard","meta":{"colormag_page_container_layout":"default_layout","colormag_page_sidebar_layout":"default_layout","advanced_seo_description":"","jetpack_seo_html_title":"","jetpack_seo_noindex":false,"jetpack_post_was_ever_published":false,"footnotes":""},"categories":[11,12],"tags":[1032,1256,602,1287,180,1286,1257],"class_list":["post-8079","post","type-post","status-publish","format-standard","has-post-thumbnail","hentry","category-arbeit-soziales","category-demokratie-medien-aufklaerung","tag-bundesregierung","tag-corona-virus","tag-fake-news","tag-gefahrenanalyse","tag-krise","tag-krisenmanagement","tag-pandemie"],"jetpack_featured_media_url":"https:\/\/i0.wp.com\/www.freidenker.org\/fw17\/wp-content\/uploads\/2020\/05\/bmi_corona_800x450.jpg?fit=800%2C450&ssl=1","jetpack_shortlink":"https:\/\/wp.me\/p9stpK-26j","jetpack-related-posts":[{"id":8153,"url":"https:\/\/www.freidenker.org\/?p=8153","url_meta":{"origin":8079,"position":0},"title":"Corona: Das gro\u00dfe Verwirrspiel","author":"Webredaktion","date":"25. Mai 2020","format":false,"excerpt":"In der Rubrik Tagesdosis wurde am 22.05.2020 bei KenFM der Beitrag \u201eCorona: Das gro\u00dfe Verwirrspiel\u201c von Rainer Rupp, Mitglied des Beirats des Deutschen Freidenker-Verbandes, ver\u00f6ffentlicht. Nach fast f\u00fcnf Monaten Corona-Erfahrung in Deutschland ... bin ich als aufmerksamer Beobachter der Szene heute genauso verwirrt wie zu Beginn des Jahres, allerdings jetzt\u2026","rel":"","context":"In &quot;Arbeit &amp; Soziales&quot;","block_context":{"text":"Arbeit &amp; Soziales","link":"https:\/\/www.freidenker.org\/?cat=11"},"img":{"alt_text":"","src":"https:\/\/i0.wp.com\/www.freidenker.org\/fw17\/wp-content\/uploads\/2020\/05\/KenFM-Covid19_800x450.jpg?fit=800%2C450&ssl=1&resize=350%2C200","width":350,"height":200,"srcset":"https:\/\/i0.wp.com\/www.freidenker.org\/fw17\/wp-content\/uploads\/2020\/05\/KenFM-Covid19_800x450.jpg?fit=800%2C450&ssl=1&resize=350%2C200 1x, https:\/\/i0.wp.com\/www.freidenker.org\/fw17\/wp-content\/uploads\/2020\/05\/KenFM-Covid19_800x450.jpg?fit=800%2C450&ssl=1&resize=525%2C300 1.5x, https:\/\/i0.wp.com\/www.freidenker.org\/fw17\/wp-content\/uploads\/2020\/05\/KenFM-Covid19_800x450.jpg?fit=800%2C450&ssl=1&resize=700%2C400 2x"},"classes":[]},{"id":8757,"url":"https:\/\/www.freidenker.org\/?p=8757","url_meta":{"origin":8079,"position":1},"title":"Corona \u2013 Ein Geschenk des Himmels f\u00fcr die Finanzelite","author":"Webredaktion","date":"6. Oktober 2020","format":false,"excerpt":"Kommentar von Rainer Rupp Nicht nur in Deutschland, sondern auch in der EU und in den USA erschrecken aktuell die m\u00e4chtigen Entscheider wieder die Bev\u00f6lkerung mit neuen Hiobsbotschaften \u00fcber eine zweite Corona-Welle. \u201eWeltweit eine Million COVID-19 Todesf\u00e4lle\u201c lauteten die Balken\u00fcberschriften in den letzten Tagen. Weltweit seien inzwischen 33 Millionen Menschen\u2026","rel":"","context":"In &quot;Arbeit &amp; Soziales&quot;","block_context":{"text":"Arbeit &amp; Soziales","link":"https:\/\/www.freidenker.org\/?cat=11"},"img":{"alt_text":"","src":"https:\/\/i0.wp.com\/www.freidenker.org\/fw17\/wp-content\/uploads\/2020\/10\/corona_boerse-4880802_800x450.jpg?fit=800%2C450&ssl=1&resize=350%2C200","width":350,"height":200,"srcset":"https:\/\/i0.wp.com\/www.freidenker.org\/fw17\/wp-content\/uploads\/2020\/10\/corona_boerse-4880802_800x450.jpg?fit=800%2C450&ssl=1&resize=350%2C200 1x, https:\/\/i0.wp.com\/www.freidenker.org\/fw17\/wp-content\/uploads\/2020\/10\/corona_boerse-4880802_800x450.jpg?fit=800%2C450&ssl=1&resize=525%2C300 1.5x, https:\/\/i0.wp.com\/www.freidenker.org\/fw17\/wp-content\/uploads\/2020\/10\/corona_boerse-4880802_800x450.jpg?fit=800%2C450&ssl=1&resize=700%2C400 2x"},"classes":[]},{"id":23498,"url":"https:\/\/www.freidenker.org\/?p=23498","url_meta":{"origin":8079,"position":2},"title":"Daten, welche Daten?","author":"Webredaktion","date":"8. November 2025","format":false,"excerpt":"Der n\u00e4chste Skandal des Paul-Ehrlich-Instituts in der \"Corona-Aufarbeitung\" Beitrag von Bernhard Loyen Die wesentlichen Aufdeckungen und Enth\u00fcllungen zu den Themen der mutwilligen N\u00f6tigung von Politik und zuarbeitenden Medien in drei langen Jahren, der rigiden inhumanen Ma\u00dfnahmenpolitik mit Ans\u00e4tzen totalit\u00e4rer Neigungen und Absichten sowie dem selbstverst\u00e4ndlichen Agieren, also Zuarbeiten, eines Gro\u00dfteils\u2026","rel":"","context":"In &quot;Demokratie \u2013 Medien \u2013 Aufkl\u00e4rung&quot;","block_context":{"text":"Demokratie \u2013 Medien \u2013 Aufkl\u00e4rung","link":"https:\/\/www.freidenker.org\/?cat=12"},"img":{"alt_text":"","src":"https:\/\/i0.wp.com\/www.freidenker.org\/fw17\/wp-content\/uploads\/2025\/11\/Paul_Ehrlich_Institut_800x450.jpg?fit=800%2C450&ssl=1&resize=350%2C200","width":350,"height":200,"srcset":"https:\/\/i0.wp.com\/www.freidenker.org\/fw17\/wp-content\/uploads\/2025\/11\/Paul_Ehrlich_Institut_800x450.jpg?fit=800%2C450&ssl=1&resize=350%2C200 1x, https:\/\/i0.wp.com\/www.freidenker.org\/fw17\/wp-content\/uploads\/2025\/11\/Paul_Ehrlich_Institut_800x450.jpg?fit=800%2C450&ssl=1&resize=525%2C300 1.5x, https:\/\/i0.wp.com\/www.freidenker.org\/fw17\/wp-content\/uploads\/2025\/11\/Paul_Ehrlich_Institut_800x450.jpg?fit=800%2C450&ssl=1&resize=700%2C400 2x"},"classes":[]},{"id":8594,"url":"https:\/\/www.freidenker.org\/?p=8594","url_meta":{"origin":8079,"position":3},"title":"Die totalit\u00e4re \u201eNeue Normalit\u00e4t\u201c","author":"Webredaktion","date":"10. September 2020","format":false,"excerpt":"Kommentar von Rainer Rupp Selbst vielen Gegnern der Demonstration und Massenkundgebung der Querdenker in Berlin vom 29. August gehen die giftigen, pauschalen Verurteilungen dieser aus allen Schichten der Bev\u00f6lkerung entstandenen Opposition durch die selbstgef\u00e4lligen Politiker der etablierten Parteien zu weit. Das zeigte sich in den vielen hastig organisierten Talk-Runden, die\u2026","rel":"","context":"In &quot;Demokratie \u2013 Medien \u2013 Aufkl\u00e4rung&quot;","block_context":{"text":"Demokratie \u2013 Medien \u2013 Aufkl\u00e4rung","link":"https:\/\/www.freidenker.org\/?cat=12"},"img":{"alt_text":"","src":"https:\/\/i0.wp.com\/www.freidenker.org\/fw17\/wp-content\/uploads\/2020\/09\/Conspiracy_theorist_protest_Berlin_2020-08-01_53_800x450.jpg?fit=800%2C450&ssl=1&resize=350%2C200","width":350,"height":200,"srcset":"https:\/\/i0.wp.com\/www.freidenker.org\/fw17\/wp-content\/uploads\/2020\/09\/Conspiracy_theorist_protest_Berlin_2020-08-01_53_800x450.jpg?fit=800%2C450&ssl=1&resize=350%2C200 1x, https:\/\/i0.wp.com\/www.freidenker.org\/fw17\/wp-content\/uploads\/2020\/09\/Conspiracy_theorist_protest_Berlin_2020-08-01_53_800x450.jpg?fit=800%2C450&ssl=1&resize=525%2C300 1.5x, https:\/\/i0.wp.com\/www.freidenker.org\/fw17\/wp-content\/uploads\/2020\/09\/Conspiracy_theorist_protest_Berlin_2020-08-01_53_800x450.jpg?fit=800%2C450&ssl=1&resize=700%2C400 2x"},"classes":[]},{"id":18797,"url":"https:\/\/www.freidenker.org\/?p=18797","url_meta":{"origin":8079,"position":4},"title":"Der Prozess gegen Dr. Reiner F\u00fcllmich","author":"Webredaktion","date":"14. April 2024","format":false,"excerpt":"Der Gr\u00fcnder des Corona-Ausschusses befindet sich seit Oktober 2023 in Untersuchungshaft Beitrag von Wolfgang Bittner Vor dem Landgericht G\u00f6ttingen findet seit Anfang Januar 2024 ein Strafprozess gegen den Gr\u00fcnder und ehemaligen Sprecher des Corona-Untersuchungsausschusses, Rechtsanwalt Dr. Reiner F\u00fcllmich, statt. Er wurde nach einer Anzeige wegen angeblicher Veruntreuung von Spendengeldern in\u2026","rel":"","context":"In &quot;Demokratie \u2013 Medien \u2013 Aufkl\u00e4rung&quot;","block_context":{"text":"Demokratie \u2013 Medien \u2013 Aufkl\u00e4rung","link":"https:\/\/www.freidenker.org\/?cat=12"},"img":{"alt_text":"","src":"https:\/\/i0.wp.com\/www.freidenker.org\/fw17\/wp-content\/uploads\/2024\/04\/Stiftung_Corona_Ausschuss_Radenthein_Kaernten_800x450.jpg?fit=800%2C450&ssl=1&resize=350%2C200","width":350,"height":200,"srcset":"https:\/\/i0.wp.com\/www.freidenker.org\/fw17\/wp-content\/uploads\/2024\/04\/Stiftung_Corona_Ausschuss_Radenthein_Kaernten_800x450.jpg?fit=800%2C450&ssl=1&resize=350%2C200 1x, https:\/\/i0.wp.com\/www.freidenker.org\/fw17\/wp-content\/uploads\/2024\/04\/Stiftung_Corona_Ausschuss_Radenthein_Kaernten_800x450.jpg?fit=800%2C450&ssl=1&resize=525%2C300 1.5x, https:\/\/i0.wp.com\/www.freidenker.org\/fw17\/wp-content\/uploads\/2024\/04\/Stiftung_Corona_Ausschuss_Radenthein_Kaernten_800x450.jpg?fit=800%2C450&ssl=1&resize=700%2C400 2x"},"classes":[]},{"id":10632,"url":"https:\/\/www.freidenker.org\/?p=10632","url_meta":{"origin":8079,"position":5},"title":"Freidenker-Verbandstag: Vorsitzwechsel nach 33 Jahren","author":"Webredaktion","date":"29. Juni 2021","format":false,"excerpt":"Pressemitteilung vom 28.06.2021 Der am 26. und 27. Juni in Raunheim am Main tagende Verbandstag des Deutschen Freidenkerverbandes stand unter einem Motto, das schon 2019, also \u201evor Corona\u201c beschlossen worden war, doch die vor dem Corona-Hintergrund ergriffenen Ma\u00dfnahmen wurden schon zuvor in der Klimadebatte ins Gespr\u00e4ch gebracht. Der bisherige Verbandsvorsitzende\u2026","rel":"","context":"In &quot;Positionen&quot;","block_context":{"text":"Positionen","link":"https:\/\/www.freidenker.org\/?cat=210"},"img":{"alt_text":"","src":"https:\/\/i0.wp.com\/www.freidenker.org\/fw17\/wp-content\/uploads\/2021\/06\/VT_2021_Pressemitteilung_800x445.jpg?fit=800%2C445&ssl=1&resize=350%2C200","width":350,"height":200,"srcset":"https:\/\/i0.wp.com\/www.freidenker.org\/fw17\/wp-content\/uploads\/2021\/06\/VT_2021_Pressemitteilung_800x445.jpg?fit=800%2C445&ssl=1&resize=350%2C200 1x, https:\/\/i0.wp.com\/www.freidenker.org\/fw17\/wp-content\/uploads\/2021\/06\/VT_2021_Pressemitteilung_800x445.jpg?fit=800%2C445&ssl=1&resize=525%2C300 1.5x, https:\/\/i0.wp.com\/www.freidenker.org\/fw17\/wp-content\/uploads\/2021\/06\/VT_2021_Pressemitteilung_800x445.jpg?fit=800%2C445&ssl=1&resize=700%2C400 2x"},"classes":[]}],"_links":{"self":[{"href":"https:\/\/www.freidenker.org\/index.php?rest_route=\/wp\/v2\/posts\/8079","targetHints":{"allow":["GET"]}}],"collection":[{"href":"https:\/\/www.freidenker.org\/index.php?rest_route=\/wp\/v2\/posts"}],"about":[{"href":"https:\/\/www.freidenker.org\/index.php?rest_route=\/wp\/v2\/types\/post"}],"author":[{"embeddable":true,"href":"https:\/\/www.freidenker.org\/index.php?rest_route=\/wp\/v2\/users\/3"}],"replies":[{"embeddable":true,"href":"https:\/\/www.freidenker.org\/index.php?rest_route=%2Fwp%2Fv2%2Fcomments&post=8079"}],"version-history":[{"count":0,"href":"https:\/\/www.freidenker.org\/index.php?rest_route=\/wp\/v2\/posts\/8079\/revisions"}],"wp:featuredmedia":[{"embeddable":true,"href":"https:\/\/www.freidenker.org\/index.php?rest_route=\/wp\/v2\/media\/8084"}],"wp:attachment":[{"href":"https:\/\/www.freidenker.org\/index.php?rest_route=%2Fwp%2Fv2%2Fmedia&parent=8079"}],"wp:term":[{"taxonomy":"category","embeddable":true,"href":"https:\/\/www.freidenker.org\/index.php?rest_route=%2Fwp%2Fv2%2Fcategories&post=8079"},{"taxonomy":"post_tag","embeddable":true,"href":"https:\/\/www.freidenker.org\/index.php?rest_route=%2Fwp%2Fv2%2Ftags&post=8079"}],"curies":[{"name":"wp","href":"https:\/\/api.w.org\/{rel}","templated":true}]}}