{"id":807,"date":"2014-12-16T16:24:00","date_gmt":"2014-12-16T15:24:00","guid":{"rendered":"http:\/\/www.freidenker.org\/fw17\/?p=807"},"modified":"2018-02-18T23:40:14","modified_gmt":"2018-02-18T22:40:14","slug":"der-westen-und-russland-internationale-lage-und-geopolitische-spannungen-vor-beginn-des-1-weltkrieges-bis-heute","status":"publish","type":"post","link":"https:\/\/www.freidenker.org\/?p=807","title":{"rendered":"FREIDENKER 4-14 EXTRA &#8211; Der &#8222;Westen&#8220; und Russland"},"content":{"rendered":"<div class=\"entry-content clearfix\">\n<p>FREIDENKER Nr. 4-14 EXTRA, Dezember 2014, 73. Jahrgang<\/p>\n<p>Diese Extra-Ausgabe des Verbandsorgans FREIDENKER enth\u00e4lt die Beitr\u00e4ge der Konferenz \u201eDer &#8222;Westen&#8220; und Russland\u201c, die am 06.09.2014 in Berlin stattfand.<\/p>\n<p>Inhalt:<\/p>\n<p><strong>Editorial<\/strong><\/p>\n<p><strong>Thema: Der Westen und Russland &#8211; Internationale Lage und geopolitische Spannungen &#8211; vor Beginn des 1. Weltkrieges bis heute.<\/strong><\/p>\n<ul>\n<li><em>Botschaftsrat Dr. Georgi Starikovich:<\/em><br \/>\nBegr\u00fc\u00dfungsrede der Botschaft der Russischen F\u00f6deration<\/li>\n<li><em>Viktor Grossmann:<\/em><br \/>\nGru\u00dfwort<\/li>\n<li><em>Wilfried Handwerk:<\/em><br \/>\nDie Entstehung und Urheber des Konfliktes in der Ukraine<\/li>\n<li><em>Prof. Dr. Anton Latzo:<\/em><br \/>\nNATO und EU: \u00d6stliche Partnerschaft oder Ostexpansion?<\/li>\n<li><em>Dr. Viktor Ivanovic Kamyschanov:<\/em><br \/>\nDie Lage nach den Krimereignissen: Untergang der monopolaren Welt?<\/li>\n<li><em>Karl-Heinz Wendt:<\/em><br \/>\nWird die NATO einen Krieg gegen Russland wagen?<\/li>\n<li><em>Dr. Hans-G\u00fcnter Szalkiewicz:<br \/>\n<\/em>Russlandfeldzug oder: imperialistische Kontinuit\u00e4ten<\/li>\n<li><em>Dr. Sabine Schiffer:<\/em><br \/>\n<a href=\"https:\/\/www.freidenker.org\/?p=2892\">Feindbildkonstruktion: Russland und\u00a0 Putin in den westlichen Medien<\/a><br \/>\n(<img data-recalc-dims=\"1\" loading=\"lazy\" decoding=\"async\" data-attachment-id=\"1072\" data-permalink=\"https:\/\/www.freidenker.org\/?attachment_id=1072\" data-orig-file=\"https:\/\/i0.wp.com\/www.freidenker.org\/fw17\/wp-content\/uploads\/2017\/10\/pdf_icon-e1509487447542.png?fit=16%2C16&amp;ssl=1\" data-orig-size=\"16,16\" data-comments-opened=\"0\" data-image-meta=\"{&quot;aperture&quot;:&quot;0&quot;,&quot;credit&quot;:&quot;&quot;,&quot;camera&quot;:&quot;&quot;,&quot;caption&quot;:&quot;&quot;,&quot;created_timestamp&quot;:&quot;0&quot;,&quot;copyright&quot;:&quot;&quot;,&quot;focal_length&quot;:&quot;0&quot;,&quot;iso&quot;:&quot;0&quot;,&quot;shutter_speed&quot;:&quot;0&quot;,&quot;title&quot;:&quot;&quot;,&quot;orientation&quot;:&quot;0&quot;}\" data-image-title=\"pdf_icon_16\" data-image-description=\"\" data-image-caption=\"\" data-large-file=\"https:\/\/i0.wp.com\/www.freidenker.org\/fw17\/wp-content\/uploads\/2017\/10\/pdf_icon-e1509487447542.png?fit=16%2C16&amp;ssl=1\" class=\"alignnone size-full wp-image-1072\" src=\"https:\/\/i0.wp.com\/www.freidenker.org\/fw17\/wp-content\/uploads\/2017\/10\/pdf_icon-e1509487447542.png?resize=16%2C16&#038;ssl=1\" alt=\"\" width=\"16\" height=\"16\" \/>\u00a0 <a href=\"https:\/\/www.freidenker.org\/fw17\/wp-content\/uploads\/2016\/08\/freidenker-14-04-schiffer.pdf\" target=\"_blank\" rel=\"noopener\">PDF-Dokument<\/a>, ca. 1,4 MB) |<\/li>\n<li><em>Klaus Hartmann:<br \/>\n<\/em><a href=\"https:\/\/www.freidenker.org\/?p=2895\">Russland: \u201eImperialistisches Land\u201c oder Widerpart des Imperialismus?<\/a><br \/>\n(<img data-recalc-dims=\"1\" loading=\"lazy\" decoding=\"async\" data-attachment-id=\"1072\" data-permalink=\"https:\/\/www.freidenker.org\/?attachment_id=1072\" data-orig-file=\"https:\/\/i0.wp.com\/www.freidenker.org\/fw17\/wp-content\/uploads\/2017\/10\/pdf_icon-e1509487447542.png?fit=16%2C16&amp;ssl=1\" data-orig-size=\"16,16\" data-comments-opened=\"0\" data-image-meta=\"{&quot;aperture&quot;:&quot;0&quot;,&quot;credit&quot;:&quot;&quot;,&quot;camera&quot;:&quot;&quot;,&quot;caption&quot;:&quot;&quot;,&quot;created_timestamp&quot;:&quot;0&quot;,&quot;copyright&quot;:&quot;&quot;,&quot;focal_length&quot;:&quot;0&quot;,&quot;iso&quot;:&quot;0&quot;,&quot;shutter_speed&quot;:&quot;0&quot;,&quot;title&quot;:&quot;&quot;,&quot;orientation&quot;:&quot;0&quot;}\" data-image-title=\"pdf_icon_16\" data-image-description=\"\" data-image-caption=\"\" data-large-file=\"https:\/\/i0.wp.com\/www.freidenker.org\/fw17\/wp-content\/uploads\/2017\/10\/pdf_icon-e1509487447542.png?fit=16%2C16&amp;ssl=1\" class=\"alignnone size-full wp-image-1072\" src=\"https:\/\/i0.wp.com\/www.freidenker.org\/fw17\/wp-content\/uploads\/2017\/10\/pdf_icon-e1509487447542.png?resize=16%2C16&#038;ssl=1\" alt=\"\" width=\"16\" height=\"16\" \/>\u00a0 <a href=\"https:\/\/www.freidenker.org\/fw17\/wp-content\/uploads\/2016\/08\/freidenker-14-04-hartmann.pdf\" target=\"_blank\" rel=\"noopener\">PDF-Dokument<\/a>, ca. 670 KB)<\/li>\n<\/ul>\n<p><strong>Dokumente<\/strong><\/p>\n<ul>\n<li>Offener Brief der Volksdeputierten der Ukraine,<br \/>\nJelena Bondarenko<\/li>\n<li>Wladimir W. Putin<br \/>\nRede auf dem 11. Waldai-Forum am 24. Oktober 2014<\/li>\n<li>Deutscher Freidenker-Verband zur Krise um die Ukraine:<br \/>\nDer Aggressor hei\u00dft NATO<\/li>\n<\/ul>\n<hr \/>\n<p>Coverdesign: FMB 2014 www.firstmediabase.com<\/p>\n<\/div>\n","protected":false},"excerpt":{"rendered":"<p><strong>Die Extra-Ausgabe 4-14 des Verbandsorgans FREIDENKER enth\u00e4lt die Beitr\u00e4ge der Konferenz \u201eDer &#8222;Westen&#8220; und Russland\u201c, die am 06.09.2014 in Berlin stattfand.<\/strong> Darin u.a.:<br \/>\n&#8211; Dr. Georgi Starikovich: Begr\u00fc\u00dfungsrede der Botschaft der Russischen F\u00f6deration<br \/>\n&#8211; Viktor Grossmann: Gru\u00dfwort<br \/>\n&#8211; Wilfried Handwerk: Die Entstehung und Urheber des Konfliktes in der Ukraine<br \/>\n&#8211; Prof. Dr. Anton Latzo: NATO und EU: \u00d6stliche Partnerschaft oder Ostexpansion?<br \/>\n&#8211; Dr. Viktor Ivanovic Kamyschanov: Die Lage nach den Krimereignissen: Untergang der monopolaren Welt?<br \/>\n&#8211; Karl-Heinz Wendt: Wird die NATO einen Krieg gegen Russland wagen?<br \/>\n&#8211; Dr. Hans-G\u00fcnter Szalkiewicz: Russlandfeldzug oder: imperialistische Kontinuit\u00e4ten<br \/>\n&#8211; Dr. Sabine Schiffer: Feindbildkonstruktion: Russland und  Putin in den westlichen Medien<br \/>\n&#8211; Klaus Hartmann: Russland: \u201eImperialistisches Land\u201c oder Widerpart des Imperialismus?<\/p>\n","protected":false},"author":2,"featured_media":2555,"comment_status":"closed","ping_status":"closed","sticky":false,"template":"","format":"standard","meta":{"colormag_page_container_layout":"default_layout","colormag_page_sidebar_layout":"default_layout","advanced_seo_description":"","jetpack_seo_html_title":"","jetpack_seo_noindex":false,"jetpack_post_was_ever_published":false,"footnotes":""},"categories":[8],"tags":[272,26,357,222,185,948],"class_list":["post-807","post","type-post","status-publish","format-standard","has-post-thumbnail","hentry","category-verbandsorgan-freidenker","tag-der-westen-und-russland","tag-freidenker","tag-konferenz","tag-russland","tag-usa","tag-weltlage"],"jetpack_featured_media_url":"https:\/\/i0.wp.com\/www.freidenker.org\/fw17\/wp-content\/uploads\/2017\/12\/FD_2014-04_Titel_mR.jpg?fit=800%2C445&ssl=1","jetpack_shortlink":"https:\/\/wp.me\/p9stpK-d1","jetpack-related-posts":[{"id":578,"url":"https:\/\/www.freidenker.org\/?p=578","url_meta":{"origin":807,"position":0},"title":"Konferenz: 1914 \/ 2014 &#8211; Der &#8222;Westen&#8220; und Russland","author":"Webmaster","date":"27. Juli 2014","format":false,"excerpt":"Einladung zur \u00d6ffentlichen Wissenschaftlichen Konferenz \"1914 \/ 2014 - Der \"Westen\" und Russland - Internationale Lage und geopolitische Spannungen - vor Beginn des 1. Weltkrieges bis heute\" 6. September 2014, 10:30 Uhr, Rathaus Berlin Pankow, Ratssaal Vortr\u00e4ge von Wilfried Handwerk, Prof. Dr. Anton Latzo, Karl-Heinz Wendt, Dr. Hans-G\u00fcnter Szalkiewicz, Dr.\u2026","rel":"","context":"In &quot;Zentrale Veranstaltungen&quot;","block_context":{"text":"Zentrale Veranstaltungen","link":"https:\/\/www.freidenker.org\/?cat=20"},"img":{"alt_text":"","src":"https:\/\/i0.wp.com\/www.freidenker.org\/fw17\/wp-content\/uploads\/2016\/08\/Konferenz_2014.jpg?fit=800%2C445&ssl=1&resize=350%2C200","width":350,"height":200,"srcset":"https:\/\/i0.wp.com\/www.freidenker.org\/fw17\/wp-content\/uploads\/2016\/08\/Konferenz_2014.jpg?fit=800%2C445&ssl=1&resize=350%2C200 1x, https:\/\/i0.wp.com\/www.freidenker.org\/fw17\/wp-content\/uploads\/2016\/08\/Konferenz_2014.jpg?fit=800%2C445&ssl=1&resize=525%2C300 1.5x, https:\/\/i0.wp.com\/www.freidenker.org\/fw17\/wp-content\/uploads\/2016\/08\/Konferenz_2014.jpg?fit=800%2C445&ssl=1&resize=700%2C400 2x"},"classes":[]},{"id":2895,"url":"https:\/\/www.freidenker.org\/?p=2895","url_meta":{"origin":807,"position":1},"title":"Russland: \u201eImperialistisches Land\u201c oder Widerpart des Imperialismus?","author":"Webredaktion","date":"17. Dezember 2014","format":false,"excerpt":"Beitrag von Klaus Hartmann auf der Konferenz \u201eDer \"Westen\" und Russland\u201c am 06.09.2014 in Berlin. Aus: FREIDENKER 4-14 Im Konflikt um die Ukraine bzw. im Verh\u00e4ltnis zu Russland erleben wir wieder, was sich seit l\u00e4ngerer Zeit in Teilen der Friedensbewegung eingeb\u00fcrgert hat. Von Milosevic angefangen bis Gaddafi und Assad \u2013\u2026","rel":"","context":"In &quot;Demokratie \u2013 Medien \u2013 Aufkl\u00e4rung&quot;","block_context":{"text":"Demokratie \u2013 Medien \u2013 Aufkl\u00e4rung","link":"https:\/\/www.freidenker.org\/?cat=12"},"img":{"alt_text":"","src":"https:\/\/i0.wp.com\/www.freidenker.org\/fw17\/wp-content\/uploads\/2017\/12\/honor-guard-67636_800x445.jpg?fit=800%2C445&ssl=1&resize=350%2C200","width":350,"height":200,"srcset":"https:\/\/i0.wp.com\/www.freidenker.org\/fw17\/wp-content\/uploads\/2017\/12\/honor-guard-67636_800x445.jpg?fit=800%2C445&ssl=1&resize=350%2C200 1x, https:\/\/i0.wp.com\/www.freidenker.org\/fw17\/wp-content\/uploads\/2017\/12\/honor-guard-67636_800x445.jpg?fit=800%2C445&ssl=1&resize=525%2C300 1.5x, https:\/\/i0.wp.com\/www.freidenker.org\/fw17\/wp-content\/uploads\/2017\/12\/honor-guard-67636_800x445.jpg?fit=800%2C445&ssl=1&resize=700%2C400 2x"},"classes":[]},{"id":3049,"url":"https:\/\/www.freidenker.org\/?p=3049","url_meta":{"origin":807,"position":2},"title":"OFFENER BRIEF an die Bundeskanzlerin","author":"Webredaktion","date":"6. April 2014","format":false,"excerpt":"Offener Brief des DFV an die Bundeskanzlerin Angela Merkel Auszug: Der Deutsche Freidenker-Verband warnt, gemeinsam mit anderen dem Frieden verpflichteten Verb\u00e4nden und Vereinen, vor der weiteren Zuspitzung der Auseinandersetzungen zwischen dem Westen und Russland. Wir verlangen ein Ende der Feindbildproduktion und Desinformation sowie der antirussischen Kampagnen und der D\u00e4monisierung des\u2026","rel":"","context":"In &quot;Frieden - Antifaschismus - Solidarit\u00e4t&quot;","block_context":{"text":"Frieden - Antifaschismus - Solidarit\u00e4t","link":"https:\/\/www.freidenker.org\/?cat=13"},"img":{"alt_text":"","src":"https:\/\/i0.wp.com\/www.freidenker.org\/fw17\/wp-content\/uploads\/2014\/04\/open-letter-1566551_800x445.jpg?fit=800%2C445&ssl=1&resize=350%2C200","width":350,"height":200,"srcset":"https:\/\/i0.wp.com\/www.freidenker.org\/fw17\/wp-content\/uploads\/2014\/04\/open-letter-1566551_800x445.jpg?fit=800%2C445&ssl=1&resize=350%2C200 1x, https:\/\/i0.wp.com\/www.freidenker.org\/fw17\/wp-content\/uploads\/2014\/04\/open-letter-1566551_800x445.jpg?fit=800%2C445&ssl=1&resize=525%2C300 1.5x, https:\/\/i0.wp.com\/www.freidenker.org\/fw17\/wp-content\/uploads\/2014\/04\/open-letter-1566551_800x445.jpg?fit=800%2C445&ssl=1&resize=700%2C400 2x"},"classes":[]},{"id":21553,"url":"https:\/\/www.freidenker.org\/?p=21553","url_meta":{"origin":807,"position":3},"title":"Veranstaltung: 80. Jahrestag der Befreiung vom Faschismus &#8211; Wir sagen Danke!","author":"Webredaktion","date":"24. April 2025","format":false,"excerpt":"Frieden! Gute Nachbarschaft mit Russland! Veranstaltung am 3. Mai 2025 von 14:00-16:30 Uhr - Sowjetisches Ehrenmal Berlin Tiergarten, Stra\u00dfe des 17. Juni, N\u00e4he Brandenburger Tor mit Musik: Tino Eisbrenner, Jens und Alexa Fischer Rodrian, Helena Goldt, Hartmut K\u00f6nig, Vlad Mayer, Quijote, Michael Seidel, Tobias Thiele, Karsten Troyke Wort: Alexander von\u2026","rel":"","context":"In &quot;Frieden - Antifaschismus - Solidarit\u00e4t&quot;","block_context":{"text":"Frieden - Antifaschismus - Solidarit\u00e4t","link":"https:\/\/www.freidenker.org\/?cat=13"},"img":{"alt_text":"","src":"https:\/\/i0.wp.com\/www.freidenker.org\/fw17\/wp-content\/uploads\/2025\/04\/Sowjetisches_Ehrenmal_Berlin-Tiergarten_150214_ako_800x450.jpg?fit=800%2C450&ssl=1&resize=350%2C200","width":350,"height":200,"srcset":"https:\/\/i0.wp.com\/www.freidenker.org\/fw17\/wp-content\/uploads\/2025\/04\/Sowjetisches_Ehrenmal_Berlin-Tiergarten_150214_ako_800x450.jpg?fit=800%2C450&ssl=1&resize=350%2C200 1x, https:\/\/i0.wp.com\/www.freidenker.org\/fw17\/wp-content\/uploads\/2025\/04\/Sowjetisches_Ehrenmal_Berlin-Tiergarten_150214_ako_800x450.jpg?fit=800%2C450&ssl=1&resize=525%2C300 1.5x, https:\/\/i0.wp.com\/www.freidenker.org\/fw17\/wp-content\/uploads\/2025\/04\/Sowjetisches_Ehrenmal_Berlin-Tiergarten_150214_ako_800x450.jpg?fit=800%2C450&ssl=1&resize=700%2C400 2x"},"classes":[]},{"id":18601,"url":"https:\/\/www.freidenker.org\/?p=18601","url_meta":{"origin":807,"position":4},"title":"Kondolenzschreiben des Deutschen Freidenker-Verbandes","author":"Webredaktion","date":"26. M\u00e4rz 2024","format":false,"excerpt":"Sehr geehrte Damen und Herren, der Deutsche Freidenker-Verband trauert mit Ihnen um die Opfer der barbarischen Terroranschl\u00e4ge und dr\u00fcckt im Namen seiner Mitglieder tiefempfundenes Mitgef\u00fchl aus. Der \"kollektive Westen\" scheint bei in seinem Krieg gegen Russland sogar vor der massenhaften Ermordung friedlicher Menschen nicht zur\u00fcckzuschrecken. Dies zeigt den v\u00f6lligen Verlust\u2026","rel":"","context":"In &quot;Frieden - Antifaschismus - Solidarit\u00e4t&quot;","block_context":{"text":"Frieden - Antifaschismus - Solidarit\u00e4t","link":"https:\/\/www.freidenker.org\/?cat=13"},"img":{"alt_text":"","src":"https:\/\/i0.wp.com\/www.freidenker.org\/fw17\/wp-content\/uploads\/2024\/03\/Trauer_Videowand_Moskau_800x450.jpg?fit=800%2C450&ssl=1&resize=350%2C200","width":350,"height":200,"srcset":"https:\/\/i0.wp.com\/www.freidenker.org\/fw17\/wp-content\/uploads\/2024\/03\/Trauer_Videowand_Moskau_800x450.jpg?fit=800%2C450&ssl=1&resize=350%2C200 1x, https:\/\/i0.wp.com\/www.freidenker.org\/fw17\/wp-content\/uploads\/2024\/03\/Trauer_Videowand_Moskau_800x450.jpg?fit=800%2C450&ssl=1&resize=525%2C300 1.5x, https:\/\/i0.wp.com\/www.freidenker.org\/fw17\/wp-content\/uploads\/2024\/03\/Trauer_Videowand_Moskau_800x450.jpg?fit=800%2C450&ssl=1&resize=700%2C400 2x"},"classes":[]},{"id":13050,"url":"https:\/\/www.freidenker.org\/?p=13050","url_meta":{"origin":807,"position":5},"title":"Vortrag: Der Krieg in der Ukraine und wir","author":"Webredaktion","date":"8. Mai 2022","format":false,"excerpt":"Vortrag und Diskussion mit Klaus Hartmann, stellv. Vorsitzender des Deutschen Freidenker-Verbandes Sonntag, 15.05.2022, 11:00 Uhr Kulturwerkstatt Beckingen, Nikolausstr. 6, 66701 Beckingen Schwerpunkte: Freidenker zu Krieg und Frieden \/ Milit\u00e4rische Gewalt und das V\u00f6lkerrecht \/ Wann begann der Krieg in der Ukraine? \/ Was will der \u201eWesten\u201c? \/ Die Ukraine seit\u2026","rel":"","context":"In &quot;Veranstaltungen in den DFV-Landesverb\u00e4nden&quot;","block_context":{"text":"Veranstaltungen in den DFV-Landesverb\u00e4nden","link":"https:\/\/www.freidenker.org\/?cat=19"},"img":{"alt_text":"","src":"https:\/\/i0.wp.com\/www.freidenker.org\/fw17\/wp-content\/uploads\/2022\/05\/Ukraine_und_wir_Vortrag_800x450.jpg?fit=800%2C450&ssl=1&resize=350%2C200","width":350,"height":200,"srcset":"https:\/\/i0.wp.com\/www.freidenker.org\/fw17\/wp-content\/uploads\/2022\/05\/Ukraine_und_wir_Vortrag_800x450.jpg?fit=800%2C450&ssl=1&resize=350%2C200 1x, https:\/\/i0.wp.com\/www.freidenker.org\/fw17\/wp-content\/uploads\/2022\/05\/Ukraine_und_wir_Vortrag_800x450.jpg?fit=800%2C450&ssl=1&resize=525%2C300 1.5x, https:\/\/i0.wp.com\/www.freidenker.org\/fw17\/wp-content\/uploads\/2022\/05\/Ukraine_und_wir_Vortrag_800x450.jpg?fit=800%2C450&ssl=1&resize=700%2C400 2x"},"classes":[]}],"_links":{"self":[{"href":"https:\/\/www.freidenker.org\/index.php?rest_route=\/wp\/v2\/posts\/807","targetHints":{"allow":["GET"]}}],"collection":[{"href":"https:\/\/www.freidenker.org\/index.php?rest_route=\/wp\/v2\/posts"}],"about":[{"href":"https:\/\/www.freidenker.org\/index.php?rest_route=\/wp\/v2\/types\/post"}],"author":[{"embeddable":true,"href":"https:\/\/www.freidenker.org\/index.php?rest_route=\/wp\/v2\/users\/2"}],"replies":[{"embeddable":true,"href":"https:\/\/www.freidenker.org\/index.php?rest_route=%2Fwp%2Fv2%2Fcomments&post=807"}],"version-history":[{"count":0,"href":"https:\/\/www.freidenker.org\/index.php?rest_route=\/wp\/v2\/posts\/807\/revisions"}],"wp:featuredmedia":[{"embeddable":true,"href":"https:\/\/www.freidenker.org\/index.php?rest_route=\/wp\/v2\/media\/2555"}],"wp:attachment":[{"href":"https:\/\/www.freidenker.org\/index.php?rest_route=%2Fwp%2Fv2%2Fmedia&parent=807"}],"wp:term":[{"taxonomy":"category","embeddable":true,"href":"https:\/\/www.freidenker.org\/index.php?rest_route=%2Fwp%2Fv2%2Fcategories&post=807"},{"taxonomy":"post_tag","embeddable":true,"href":"https:\/\/www.freidenker.org\/index.php?rest_route=%2Fwp%2Fv2%2Ftags&post=807"}],"curies":[{"name":"wp","href":"https:\/\/api.w.org\/{rel}","templated":true}]}}