{"id":8069,"date":"2020-05-13T02:26:39","date_gmt":"2020-05-13T00:26:39","guid":{"rendered":"https:\/\/www.freidenker.org\/?p=8069"},"modified":"2020-06-19T02:46:27","modified_gmt":"2020-06-19T00:46:27","slug":"die-wuerde-des-menschen-das-grundgesetz-und-corona","status":"publish","type":"post","link":"https:\/\/www.freidenker.org\/?p=8069","title":{"rendered":"Die W\u00fcrde des Menschen, das Grundgesetz und Corona"},"content":{"rendered":"<p><em>von <strong>Hans Bauer<\/strong> und <strong>Klaus Blessing<\/strong><\/em><\/p>\n<p>Nun wissen wir es ganz genau. Der \u201eweise&#8220; Bundestagspr\u00e4sident hat gesprochen:<\/p>\n<blockquote><p>&#8222;Aber wenn ich h\u00f6re, alles andere habe vor dem Schutz von Leben zur\u00fcckzutreten, dann muss ich sagen: Das ist in dieser Absolutheit nicht richtig. Grundrechte beschr\u00e4nken sich gegenseitig. Wenn es \u00fcberhaupt einen absoluten Wert in unserem Grundgesetz gibt, dann ist das die W\u00fcrde des Menschen. Die ist unantastbar. Aber sie schlie\u00dft nicht aus, dass wir sterben m\u00fcssen.&#8220;<\/p><\/blockquote>\n<p>In dieser Pandemie klare Worte des Mannes, der formell der zweit h\u00f6chste Repr\u00e4sentant dieses Staates ist.<\/p>\n<p>Das H\u00f6chste ist also die W\u00fcrde. Welche W\u00fcrde? Der Herr Sch\u00e4uble hat schon als Finanzminister bewiesen, welche \u201eW\u00fcrde&#8220; er meint und was ihm Menschenleben wert sind. Er war es, der im Auftrag des deutschen Finanzkapitals die unmenschlichen und vielfach Leben kostenden Erpressungen gegen das griechische Volk in der EU durchpeitschte.<\/p>\n<p>Nun also Deutschland. Will er die W\u00fcrde der Obdachlosen, Arbeitslosen, Suppenk\u00fcchenbesucher, Tafelabh\u00e4ngigen wieder herstellen? Will er Leben an den EU-Au\u00dfengrenzen sichern, das Ertrinken im Mittelmeer stoppen, Fl\u00fcchtlinge aus ihrem Elend befreien? Nur zu! Aber Leben soll ja zweitrangig sein.<\/p>\n<p>Kein Aufschrei geht durch das Land. Polit-Claqueure und Theologen spenden pflichtgem\u00e4\u00df Beifall, der Gr\u00fcne Oberb\u00fcrgermeister Palmer schreibt die Alten bereits ab. Zynisch, Menschen verachtend. Von Halblinks kommt zaghafte Kritik, andere schweigen. Friedhofsruhe. Wir hatten uns pers\u00f6nlich an die Partei- und Fraktionsvorsitzenden der Partei DIE LINKE gewandt mit der Bitte, dieser unfassbaren Polemik von Sch\u00e4uble \u00f6ffentlich entgegen zu treten. Vom Parteivorsitzenden kam eine h\u00f6fliche Antwort \u201eer teile die Emp\u00f6rung&#8220;, vom Fraktionsvorsitzenden \u201eschweigen im Walde&#8220;.<\/p>\n<p>Was f\u00fcr eine Gesellschaft! So weit sind die Menschen schon manipuliert: Angst, Einsch\u00fcchterung, mediales Trommelfeuer, soziale Isolation haben sie hilflos, mutlos, willenlos, sprachlos gemacht. Oder auch w\u00fctend, fanatisch, chaotisch. Die Einen bagatellisieren oder negieren gar die Gefahr, fordern sofortige Aufhebung aller Einschr\u00e4nkungen des GG. Andere sehen Corona als Ungl\u00fcck, als Schicksalsgemeinschaft, fordern strengere Eingriffe.<\/p>\n<p>F\u00fcr Vernunftbegabte steht fest: Es existiert eine reale Gefahr. Um die 7 000 Verstorbene in Deutschland, mehr als 70 000 in den USA&#8230;.. Ob mit oder durch Corona, ist relativ belanglos. Also sind Gegenma\u00dfnahmen notwendig, Einschr\u00e4nkungen der Grundrechte. Blind und fanatisch die Aufhebung aller Schutzma\u00dfnahmen zu verlangen, gef\u00e4hrdet Leben. Ebenso falsch ist es, alles kritiklos hinzunehmen, was der Staat vorgibt. Das Zauberwort hei\u00dft \u201eangemessen&#8220;. Was ist aber \u201eangemessen&#8220;? Unbestimmtes. Auslegbares. Politiker und Richter, Mediziner und Juristen, Journalisten und \u00d6konomen, tats\u00e4chliche und selbsternannte Experten streiten dar\u00fcber. Der F\u00f6deralismus verst\u00e4rkt das Chaos. Eine willk\u00fcrliche \u201eRechtsprechung&#8220; auch. Angeblich differenziertes Herangehen. Tats\u00e4chlich Wichtigtuerei gro\u00dfer und kleiner K\u00f6nige in und aus allen Bereichen. Planlos und konzeptionslos. Zunehmend bestimmt das Kapital die Richtung.<\/p>\n<p>Ja, die Freiheitsrechte des GG sind in Gefahr. Ihre Einschr\u00e4nkung kann &#8211; trotz aller Kritik am GG ohnehin &#8211; missbraucht werden. Kann das Einfallstor f\u00fcr den weiteren Abbau demokratischer Rechte werden. Dagegen ist Widerstand angesagt. Aber mit Verstand, nicht auf Kosten von Leben.<\/p>\n<p>Die Corona-Krise beweist erneut, dieses System ist nicht willens und nicht f\u00e4hig, ein Leben in W\u00fcrde zu garantieren. Weder in Normalzeiten, schon gar nicht in Zeiten von Corona. Artikel 1 des GG wird permanent verletzt. Deshalb die Flucht ins Irrationale. Auf eine vom Leben losgel\u00f6ste W\u00fcrde.<\/p>\n<p>Menschliches Leben ist das H\u00f6chste. Grundlage aller Menschenrechte. Eine W\u00fcrde ohne Leben ist sinnlos. Leer. Wir wollen ein Leben in W\u00fcrde. Deshalb streiten und k\u00e4mpfen wir daf\u00fcr, nicht nur das Corona-Virus zu besiegen. Wir m\u00fcssen das bestehende Menschen verachtende Gesellschaftssystem \u00fcberwinden. Herr Sch\u00e4uble hat dazu eine entlarvende Steilvorlage geliefert. Nutzen wir sie.<\/p>\n<p class=\"FDCKursivrechts\" style=\"text-align: right;\"><em>Hans Bauer, Berlin, Rechtsanwalt, ehemaliger Vize-Generalstaatsanwalt der DDR,<\/em><br \/>\n<em>Vorsitzender der Gesellschaft zur Rechtlichen und Humanit\u00e4ren Unterst\u00fctzung (GRH) e.V., <\/em><br \/>\n<em>Beiratsmitglied des Deutschen Freidenker-Verbandes<\/em><\/p>\n<p class=\"FDCKursivrechts\" style=\"text-align: right;\"><em><a href=\"http:\/\/ddr-kabinett-bochum.blogspot.com\/2015\/09\/die-abwicklung-der-ddr-wirtschaft-weder.html\"><span style=\"color: windowtext; text-decoration: none; text-underline: none;\">Klaus Blessing<\/span><\/a> war Leiter der Abteilung Maschinenbau des Zentralkomitees der Sozialistischen Einheitspartei Deutschlands und sp\u00e4ter stellvertretender Minister f\u00fcr Schwerindustrie der DDR.<br \/>\nEr ist Autor mehrerer politischer Sachb\u00fccher und publiziert in diversen Tageszeitungen.<\/em><\/p>\n<p>&nbsp;<\/p>\n<hr \/>\n<p><span style=\"font-size: 10pt;\">Bildcollage: Ralf Lux, unter Verwendung der Bilder:<\/span><\/p>\n<p><span style=\"font-size: 10pt;\">Inschrift am Landgericht Frankfurt am Main<\/span><br \/>\n<span style=\"font-size: 10pt;\">von Dontworry &#8211; Eigenes Werk, CC BY-SA 3.0, <\/span><br \/>\n<span style=\"font-size: 10pt;\">Quelle: <a href=\"https:\/\/commons.wikimedia.org\/w\/index.php?curid=12183187\" target=\"_blank\" rel=\"noopener noreferrer\">wikimedia.org<\/a><\/span><\/p>\n<p><span style=\"font-size: 10pt;\">Grundgesetz\/Atemmaske<\/span><br \/>\n<span style=\"font-size: 10pt;\">von <a class=\"hover_opacity\" href=\"https:\/\/pixabay.com\/de\/users\/MichaelUrban-1705530\/\">MichaelUrban<\/a> \/ <a href=\"https:\/\/pixabay.com\/de\/service\/license\/\">Pixabay License<\/a><\/span><br \/>\n<span style=\"font-size: 10pt;\">Quelle: <a href=\"https:\/\/pixabay.com\/de\/photos\/atemschutz-grundgesetz-deutschland-5118811\/\" target=\"_blank\" rel=\"noopener noreferrer\">pixabay.com<\/a><\/span><\/p>\n","protected":false},"excerpt":{"rendered":"<p><b>Beitrag von Hans Bauer und Klaus Blessing<\/b><br \/>\nNun wissen wir es ganz genau. Der \u201eweise&#8220; Bundestagspr\u00e4sident hat gesprochen: &#8222;Aber wenn ich h\u00f6re, alles andere habe vor dem Schutz von Leben zur\u00fcckzutreten, dann muss ich sagen: Das ist in dieser Absolutheit nicht richtig. Grundrechte beschr\u00e4nken sich gegenseitig. Wenn es \u00fcberhaupt einen absoluten Wert in unserem Grundgesetz gibt, dann ist das die W\u00fcrde des Menschen. Die ist unantastbar. Aber sie schlie\u00dft nicht aus, dass wir sterben m\u00fcssen.&#8220;<br \/>\nIn dieser Pandemie klare Worte des Mannes, der formell der zweit h\u00f6chste Repr\u00e4sentant dieses Staates ist. Das H\u00f6chste ist also die W\u00fcrde. Welche W\u00fcrde? &#8230;<\/p>\n","protected":false},"author":3,"featured_media":8070,"comment_status":"closed","ping_status":"closed","sticky":false,"template":"","format":"standard","meta":{"colormag_page_container_layout":"default_layout","colormag_page_sidebar_layout":"default_layout","advanced_seo_description":"","jetpack_seo_html_title":"","jetpack_seo_noindex":false,"jetpack_post_was_ever_published":false,"footnotes":""},"categories":[11,12],"tags":[1256,1273,844,555,1257],"class_list":["post-8069","post","type-post","status-publish","format-standard","has-post-thumbnail","hentry","category-arbeit-soziales","category-demokratie-medien-aufklaerung","tag-corona-virus","tag-demokratische-grundrechte","tag-grundgesetz","tag-irrationalismus","tag-pandemie"],"jetpack_featured_media_url":"https:\/\/i0.wp.com\/www.freidenker.org\/fw17\/wp-content\/uploads\/2020\/05\/menschenwuerde_grundgesetz_corona_800x446.jpg?fit=800%2C446&ssl=1","jetpack_shortlink":"https:\/\/wp.me\/p9stpK-269","jetpack-related-posts":[{"id":17130,"url":"https:\/\/www.freidenker.org\/?p=17130","url_meta":{"origin":8069,"position":0},"title":"Die Au\u00dferkraftsetzung der Grundrechte w\u00e4hrend der Corona-Pandemie","author":"Webredaktion","date":"30. September 2023","format":false,"excerpt":"Beitrag von Wolfgang Bittner Am 18. September 2023 fand in der Vertretung des Freistaates Sachsen beim Bund in Berlin eine Tagung zum Thema \u201eDeutschland zwischen Covid und Klima \u2013 Grundrechte unter Vorbehalt?\u201c statt. Der ehemalige Pr\u00e4sident des Bundesverfassungsgerichts, Prof. Dr. Hans-J\u00fcrgen Papier, nahm ungew\u00f6hnlich deutlich zu den Verfehlungen der Legislative,\u2026","rel":"","context":"In &quot;Demokratie \u2013 Medien \u2013 Aufkl\u00e4rung&quot;","block_context":{"text":"Demokratie \u2013 Medien \u2013 Aufkl\u00e4rung","link":"https:\/\/www.freidenker.org\/?cat=12"},"img":{"alt_text":"","src":"https:\/\/i0.wp.com\/www.freidenker.org\/fw17\/wp-content\/uploads\/2023\/09\/law-6944202_800x450.jpg?fit=800%2C450&ssl=1&resize=350%2C200","width":350,"height":200,"srcset":"https:\/\/i0.wp.com\/www.freidenker.org\/fw17\/wp-content\/uploads\/2023\/09\/law-6944202_800x450.jpg?fit=800%2C450&ssl=1&resize=350%2C200 1x, https:\/\/i0.wp.com\/www.freidenker.org\/fw17\/wp-content\/uploads\/2023\/09\/law-6944202_800x450.jpg?fit=800%2C450&ssl=1&resize=525%2C300 1.5x, https:\/\/i0.wp.com\/www.freidenker.org\/fw17\/wp-content\/uploads\/2023\/09\/law-6944202_800x450.jpg?fit=800%2C450&ssl=1&resize=700%2C400 2x"},"classes":[]},{"id":8001,"url":"https:\/\/www.freidenker.org\/?p=8001","url_meta":{"origin":8069,"position":1},"title":"Finale Rettungssch\u00fcsse","author":"Webredaktion","date":"8. Mai 2020","format":false,"excerpt":"Von Friedhelm Klinkhammer und Volker Br\u00e4utigam Die Regierung Merkel schiebt im Schlagschatten der Pandemie einen m\u00f6rderischen Bundeswehr-Auslandseinsatz durchs Parlament; \u201eunsere Jungs und M\u00e4dels\u201c sollen jetzt auch noch nach Libyen. Bundestagspr\u00e4sident Sch\u00e4uble gibt das Grundgesetz f\u00fcr einen finalen Rettungsschuss frei: Die W\u00fcrde des Menschen stehe \u00fcber dessen Recht auf Leben. Und\u2026","rel":"","context":"In &quot;Demokratie \u2013 Medien \u2013 Aufkl\u00e4rung&quot;","block_context":{"text":"Demokratie \u2013 Medien \u2013 Aufkl\u00e4rung","link":"https:\/\/www.freidenker.org\/?cat=12"},"img":{"alt_text":"","src":"https:\/\/i0.wp.com\/www.freidenker.org\/fw17\/wp-content\/uploads\/2020\/05\/desert-camel-tank-army_800x450.jpg?fit=800%2C450&ssl=1&resize=350%2C200","width":350,"height":200,"srcset":"https:\/\/i0.wp.com\/www.freidenker.org\/fw17\/wp-content\/uploads\/2020\/05\/desert-camel-tank-army_800x450.jpg?fit=800%2C450&ssl=1&resize=350%2C200 1x, https:\/\/i0.wp.com\/www.freidenker.org\/fw17\/wp-content\/uploads\/2020\/05\/desert-camel-tank-army_800x450.jpg?fit=800%2C450&ssl=1&resize=525%2C300 1.5x, https:\/\/i0.wp.com\/www.freidenker.org\/fw17\/wp-content\/uploads\/2020\/05\/desert-camel-tank-army_800x450.jpg?fit=800%2C450&ssl=1&resize=700%2C400 2x"},"classes":[]},{"id":8131,"url":"https:\/\/www.freidenker.org\/?p=8131","url_meta":{"origin":8069,"position":2},"title":"Andrej Hunko auf der Kundgebung &#8222;Die Gedanken sind frei&#8220; in Aachen","author":"Webredaktion","date":"25. Mai 2020","format":false,"excerpt":"Redemanuskript von Andrej Hunko Ich sp\u00fcre seit einigen Wochen einige wachsende Sorge in Teilen der Bev\u00f6lkerung, dass es im Zuge zu einem l\u00e4ngerfristigen Abbau von Grund- und Freiheitsrechten kommen kann, wie es Edward Snowden hier ausdr\u00fcckt, \u201eThe virus is harmful, the destruction of rights is fatal\u201c, eine Sorge, die sich\u2026","rel":"","context":"In &quot;Arbeit &amp; Soziales&quot;","block_context":{"text":"Arbeit &amp; Soziales","link":"https:\/\/www.freidenker.org\/?cat=11"},"img":{"alt_text":"","src":"https:\/\/i0.wp.com\/www.freidenker.org\/fw17\/wp-content\/uploads\/2020\/05\/Hunko_800x450.jpg?fit=800%2C450&ssl=1&resize=350%2C200","width":350,"height":200,"srcset":"https:\/\/i0.wp.com\/www.freidenker.org\/fw17\/wp-content\/uploads\/2020\/05\/Hunko_800x450.jpg?fit=800%2C450&ssl=1&resize=350%2C200 1x, https:\/\/i0.wp.com\/www.freidenker.org\/fw17\/wp-content\/uploads\/2020\/05\/Hunko_800x450.jpg?fit=800%2C450&ssl=1&resize=525%2C300 1.5x, https:\/\/i0.wp.com\/www.freidenker.org\/fw17\/wp-content\/uploads\/2020\/05\/Hunko_800x450.jpg?fit=800%2C450&ssl=1&resize=700%2C400 2x"},"classes":[]},{"id":8165,"url":"https:\/\/www.freidenker.org\/?p=8165","url_meta":{"origin":8069,"position":3},"title":"Grundrechte verteidigen: Frieden, kein Krieg!","author":"Webredaktion","date":"2. Juni 2020","format":false,"excerpt":"Rede von Klaus Linder, Landesvorsitzender des Berliner Freidenker-Verbandes, auf der Kundgebung \u201eK\u00fcndigt Ramstein jetzt\u201c am 30. Mai 2020 in Berlin ... S\u00e4mtliche Widerspr\u00fcche, mit denen wir jetzt zu tun haben, selbst im Umgang mit einem Virus, sind ohne den \u00fcbergreifenden weltpolitischen Hauptgegensatz nicht erfassbar. Das ist der Widerspruch zwischen angreifenden,\u2026","rel":"","context":"In &quot;Frieden - Antifaschismus - Solidarit\u00e4t&quot;","block_context":{"text":"Frieden - Antifaschismus - Solidarit\u00e4t","link":"https:\/\/www.freidenker.org\/?cat=13"},"img":{"alt_text":"","src":"https:\/\/i0.wp.com\/www.freidenker.org\/fw17\/wp-content\/uploads\/2020\/06\/Linder_Ramstein_Kundgebung_Mai2020_800x450.jpg?fit=800%2C450&ssl=1&resize=350%2C200","width":350,"height":200,"srcset":"https:\/\/i0.wp.com\/www.freidenker.org\/fw17\/wp-content\/uploads\/2020\/06\/Linder_Ramstein_Kundgebung_Mai2020_800x450.jpg?fit=800%2C450&ssl=1&resize=350%2C200 1x, https:\/\/i0.wp.com\/www.freidenker.org\/fw17\/wp-content\/uploads\/2020\/06\/Linder_Ramstein_Kundgebung_Mai2020_800x450.jpg?fit=800%2C450&ssl=1&resize=525%2C300 1.5x, https:\/\/i0.wp.com\/www.freidenker.org\/fw17\/wp-content\/uploads\/2020\/06\/Linder_Ramstein_Kundgebung_Mai2020_800x450.jpg?fit=800%2C450&ssl=1&resize=700%2C400 2x"},"classes":[]},{"id":8907,"url":"https:\/\/www.freidenker.org\/?p=8907","url_meta":{"origin":8069,"position":4},"title":"Halten wir an unserer Sprache fest!","author":"Webredaktion","date":"19. November 2020","format":false,"excerpt":"Zur Problematik von \"Corona-Protesten\" und \"Gegenprotesten\" - Beitrag von Liane Kilinc Viele von uns betrachten die Demonstrationen gegen die Corona-Ma\u00dfnahmen mit Unbehagen. Letztes Wochenende wurde in Leipzig auf der Querdenker-Demonstration ein Transparent getragen, auf dem geschrieben stand: \u201eDas b\u00f6sartigste Virus auf der Welt ist die Kommunistische Partei Chinas\u201c. Und das\u2026","rel":"","context":"In &quot;Demokratie \u2013 Medien \u2013 Aufkl\u00e4rung&quot;","block_context":{"text":"Demokratie \u2013 Medien \u2013 Aufkl\u00e4rung","link":"https:\/\/www.freidenker.org\/?cat=12"},"img":{"alt_text":"","src":"https:\/\/i0.wp.com\/www.freidenker.org\/fw17\/wp-content\/uploads\/2020\/11\/Querdenken_731_Ulm_800x450.jpg?fit=800%2C450&ssl=1&resize=350%2C200","width":350,"height":200,"srcset":"https:\/\/i0.wp.com\/www.freidenker.org\/fw17\/wp-content\/uploads\/2020\/11\/Querdenken_731_Ulm_800x450.jpg?fit=800%2C450&ssl=1&resize=350%2C200 1x, https:\/\/i0.wp.com\/www.freidenker.org\/fw17\/wp-content\/uploads\/2020\/11\/Querdenken_731_Ulm_800x450.jpg?fit=800%2C450&ssl=1&resize=525%2C300 1.5x, https:\/\/i0.wp.com\/www.freidenker.org\/fw17\/wp-content\/uploads\/2020\/11\/Querdenken_731_Ulm_800x450.jpg?fit=800%2C450&ssl=1&resize=700%2C400 2x"},"classes":[]},{"id":23564,"url":"https:\/\/www.freidenker.org\/?p=23564","url_meta":{"origin":8069,"position":5},"title":"Der Demagoge im Schloss Bellevue","author":"Webredaktion","date":"15. November 2025","format":false,"excerpt":"Ein Kommentar von Tilo Gr\u00e4ser. \u201eWer die Wahrheit nicht wei\u00df, der ist blo\u00df ein Dummkopf. Aber wer sie wei\u00df und sie eine L\u00fcge nennt, der ist ein Verbrecher!\u201c An diese Erkenntnis von Bertolt Brecht, die er im St\u00fcck \u201eDas Leben des Galilei\u201c niederschrieb, musste ich angesichts der j\u00fcngsten Rede von\u2026","rel":"","context":"In &quot;Demokratie \u2013 Medien \u2013 Aufkl\u00e4rung&quot;","block_context":{"text":"Demokratie \u2013 Medien \u2013 Aufkl\u00e4rung","link":"https:\/\/www.freidenker.org\/?cat=12"},"img":{"alt_text":"","src":"https:\/\/i0.wp.com\/www.freidenker.org\/fw17\/wp-content\/uploads\/2025\/11\/2025-09-16_Event_80._Deutscher_Fuersorgetag_STP_6679_800x450.jpg?fit=800%2C450&ssl=1&resize=350%2C200","width":350,"height":200,"srcset":"https:\/\/i0.wp.com\/www.freidenker.org\/fw17\/wp-content\/uploads\/2025\/11\/2025-09-16_Event_80._Deutscher_Fuersorgetag_STP_6679_800x450.jpg?fit=800%2C450&ssl=1&resize=350%2C200 1x, https:\/\/i0.wp.com\/www.freidenker.org\/fw17\/wp-content\/uploads\/2025\/11\/2025-09-16_Event_80._Deutscher_Fuersorgetag_STP_6679_800x450.jpg?fit=800%2C450&ssl=1&resize=525%2C300 1.5x, https:\/\/i0.wp.com\/www.freidenker.org\/fw17\/wp-content\/uploads\/2025\/11\/2025-09-16_Event_80._Deutscher_Fuersorgetag_STP_6679_800x450.jpg?fit=800%2C450&ssl=1&resize=700%2C400 2x"},"classes":[]}],"_links":{"self":[{"href":"https:\/\/www.freidenker.org\/index.php?rest_route=\/wp\/v2\/posts\/8069","targetHints":{"allow":["GET"]}}],"collection":[{"href":"https:\/\/www.freidenker.org\/index.php?rest_route=\/wp\/v2\/posts"}],"about":[{"href":"https:\/\/www.freidenker.org\/index.php?rest_route=\/wp\/v2\/types\/post"}],"author":[{"embeddable":true,"href":"https:\/\/www.freidenker.org\/index.php?rest_route=\/wp\/v2\/users\/3"}],"replies":[{"embeddable":true,"href":"https:\/\/www.freidenker.org\/index.php?rest_route=%2Fwp%2Fv2%2Fcomments&post=8069"}],"version-history":[{"count":0,"href":"https:\/\/www.freidenker.org\/index.php?rest_route=\/wp\/v2\/posts\/8069\/revisions"}],"wp:featuredmedia":[{"embeddable":true,"href":"https:\/\/www.freidenker.org\/index.php?rest_route=\/wp\/v2\/media\/8070"}],"wp:attachment":[{"href":"https:\/\/www.freidenker.org\/index.php?rest_route=%2Fwp%2Fv2%2Fmedia&parent=8069"}],"wp:term":[{"taxonomy":"category","embeddable":true,"href":"https:\/\/www.freidenker.org\/index.php?rest_route=%2Fwp%2Fv2%2Fcategories&post=8069"},{"taxonomy":"post_tag","embeddable":true,"href":"https:\/\/www.freidenker.org\/index.php?rest_route=%2Fwp%2Fv2%2Ftags&post=8069"}],"curies":[{"name":"wp","href":"https:\/\/api.w.org\/{rel}","templated":true}]}}