{"id":8010,"date":"2020-05-08T01:49:11","date_gmt":"2020-05-07T23:49:11","guid":{"rendered":"https:\/\/www.freidenker.org\/?p=8010"},"modified":"2020-06-19T02:46:49","modified_gmt":"2020-06-19T00:46:49","slug":"zum-75-jahrestag-der-befreiung-von-faschismus-und-krieg","status":"publish","type":"post","link":"https:\/\/www.freidenker.org\/?p=8010","title":{"rendered":"Zum 75. Jahrestag der Befreiung von Faschismus und Krieg"},"content":{"rendered":"<p><em>von <\/em><strong><em>Prof. Dr. Helga E. H\u00f6rz<\/em><\/strong><\/p>\n<p>In Danzig 1935 geboren, nach Kriegsende mit der Familie ausgesiedelt und nach langer Fahrt in Nauen gelandet, studierte und wirkte ich dann in Berlin. Die Kindheitserlebnisse pr\u00e4gten nachhaltig mein Leben. Danzig wurde durch Hitlerdeutschland erst \u00fcberfallen und dann \u00bbheim ins Reich\u00ab geholt. Durch das Gesetz \u00bbWiedervereinigung der Freien Stadt Danzig mit dem Deutschen Reich\u00ab vom 1. September 1939 wurden die Freie Stadt Danzig und der sogenannte Korridor zum Reichsgau Danzig-Westpreu\u00dfen. (Reichsgesetzblatt 1939 Teil I, Seite 547) Wir waren Deutsche \u00bbzweiter Klasse\u00ab. Mein Vater Paul Ivertowski, Arbeiter auf der Danziger Werft, war Antifaschist und aktiver Widerstandsk\u00e4mpfer. Er wurde 1934 verhaftet und zu lebenslanger Haft verurteilt. Meine Mutter Maria, meine \u00e4ltere Schwester Erika und ich standen nun unter Aufsicht. Damit waren wir diskriminiert und wurden gemieden. Meine Mutter versuchte, diese Isolation auszugleichen. Sie erz\u00e4hlte uns von der Sowjetunion, in der die Menschen ein anderes Leben f\u00fchren w\u00fcrden. Sie liebten den Frieden und n\u00e4hmen gleichberechtigt am Aufbau ihrer Gesellschaft teil. Sie brachte uns das Lied bei: \u00bbWir rei\u00dfen hoch die Riesenapparate, mit eisern Griff die Hand das Steuer h\u00e4lt. Wir kreisen wachsam \u00fcberm Sowjetstaate, die erste Rote Luftarmee der Welt\u00ab. Sie mahnte uns, dass wir es nur in unseren vier W\u00e4nden singen durften.<\/p>\n<h4>Menschlichkeit in unmenschlichen Zeiten<\/h4>\n<p>In der Schule wurde meiner Schwester und sp\u00e4ter mir ein anderes Bild der Sowjetunion vermittelt. Russenhass und Diskriminierung der Menschen in der Sowjetunion erzeugten starke Angst vor der Roten Armee. Bereitwillig f\u00fcgten sich deshalb viele Menschen, auch aus unserer Stra\u00dfe, der Aufforderung der SS, sich auf die Flucht vor dieser zu begeben, als sie sich Danzig n\u00e4herte. Meine Mutter versteckte sich mit uns. Sp\u00e4ter erfuhren wir, dass die SS eine Schleuse ge\u00f6ffnet hatte und die geflohenen Menschen in ihrem Gefolge ertr\u00e4nkte, weil diese ihre eigene Flucht behinderten. Uns hinterlie\u00df die SS an den B\u00e4umen erh\u00e4ngte deutsche Soldaten mit dem Schild \u00bbIch bin ein Verr\u00e4ter\u00ab und verbrannte Erde. Als neunj\u00e4hriges Kind musste ich mithelfen, Leichen zu beerdigen, damit keine Seuche entsteht. Um etwas zum Essen zu haben, legten wir lange M\u00e4rsche zur\u00fcck.<\/p>\n<p>Voller Spannung warteten wir auf die Soldaten der Roten Armee. Verst\u00e4ndigen konnten wir uns nur durch Gestik und Augensprache. Dann lernten wir einen deutsch sprechenden Offizier kennen. Er erz\u00e4hlte uns von den ungeheuren Gr\u00e4ueltaten, die seinem Volk von deutschen Armeeangeh\u00f6rigen und der SS zugef\u00fcgt worden seien. Damals begriff ich schon als Kind, dass Kriege Menschen verrohen, moralische Werte au\u00dfer Kraft setzen. Dieser Offizier sorgte daf\u00fcr, dass wir aus der Gulaschkanone mitversorgt wurden. Menschlichkeit in unmenschlichen Zeiten! Sp\u00e4ter lernten wir auch andere Angeh\u00f6rige der Roten Armee kennen. Sie konnten das ihrem Volk angetane Verbrechen nicht einfach wegstecken. Aber niemals r\u00e4chten sie sich mit der gleichen Brutalit\u00e4t, die B\u00fcrger ihres Landes erlebt hatten. Viele Soldaten hatten ihre Angeh\u00f6rigen nur noch als Leichen gefunden, ermordet.<\/p>\n<p>Als wir am 8. Mai 1945 h\u00f6rten, dass der Krieg beendet ist und Hitlerdeutschland kapituliert hat, waren wir froh. Wir hofften, nun auch unseren Vater vielleicht lebend wiederfinden zu k\u00f6nnen. Die letzte Nachricht von ihm hatten wir aus dem Konzentrationslager Mauthausen erhalten. Das lag schon ein Jahr zur\u00fcck. Im August 1945 wurden wir aus Danzig ausgesiedelt.<\/p>\n<p>\u00dcber viele Zwischenstationen kamen wir wieder mit meinem Vater zusammen. Er hatte durch Solidarit\u00e4t von Mitgefangenen im KZ \u00fcberlebt. Seiner Vergasung entging er durch Austausch mit einem Toten. Mein Vater erz\u00e4hlte nicht viel \u00fcber schreckliche Erlebnisse bei der Gestapo und im KZ. Aber eine besonders grausame Tat konnte er nie vergessen. In Mauthausen gab es ein Sonderlager f\u00fcr Gefangene der Roten Armee. Ein General, der nicht kollaborieren wollte, wurde bei eisiger K\u00e4lte im Freien an einer Stelle angekettet, mit Wasser begossen, bis er zur Eiss\u00e4ule erstarrte. Der Tod war f\u00fcr ihn sicher eine Erl\u00f6sung. Wie k\u00f6nnen Menschen anderen Menschen so etwas antun?<\/p>\n<h4>Befreiung als Fundament der UN-Charta<\/h4>\n<p>Solche Erfahrungen festigten meine Haltung, dass Streitigkeiten zwischen Staaten unter gegenseitiger Achtung im Konsens gel\u00f6st werden sollten. Ich hoffte, dass mit der Kapitulation am 8. Mai ein Schlussstrich unter faschistische Staatsformen gezogen worden sei. Ich wollte durch freundschaftliche Beziehungen vor allem zu Menschen in der Sowjetunion meinen Beitrag dazu leisten.<\/p>\n<p>In meinem beruflichen Leben als Hochschullehrerin f\u00fcr Ethik an der Humboldt-Universit\u00e4t Berlin und in meiner ehrenamtlichen Arbeit als Vertreterin der DDR in der UN-Kommission \u00bbZum Status der Frau\u00ab war Freundschaft zu Kolleginnen und Kollegen aus sozialistischen L\u00e4ndern, vor allem aus der Sowjetunion, als Basis fruchtbarer Zusammenarbeit mir stets ein Herzensbed\u00fcrfnis. Freundschaften entstanden, die alle gesellschaftlichen St\u00fcrme \u00fcberstanden haben, etwa auch als Arbeitskontakte mit den in Moskau auf dem Gebiet der Philosophie T\u00e4tigen.<\/p>\n<p>Nach dem Ende des Zweiten Weltkrieges mit fast 60 Millionen Toten wurde weltweit unter progressiven Kr\u00e4ften die Hoffnung gen\u00e4hrt, Krieg f\u00fcr immer aus dem Leben der V\u00f6lker zu verbannen. Dazu trug wesentlich die aus der Antihitlerkoalition erfolgte UNO-Gr\u00fcndung bei.<\/p>\n<p>Die Charta vom 24. Oktober 1945 stellt fest: \u00bbWir, die V\u00f6lker der Vereinten Nationen, sind entschlossen, die k\u00fcnftigen Generationen vor der Gei\u00dfel des Krieges zu bewahren; den Glauben an die Grundrechte des Menschen an W\u00fcrde und Wert der menschlichen Pers\u00f6nlichkeit, an die Gleichberechtigung von Mann und Frau sowie von gro\u00dfen und kleinen Nationen erneut zu bekr\u00e4ftigen; Bedingungen zu schaffen, unter denen Gerechtigkeit und die Achtung der Verpflichtung aus Vertr\u00e4gen und anderen Quellen des V\u00f6lkerrechts gewahrt werden k\u00f6nnen; den sozialen Fortschritt und bessere Lebensbedingungen bei gr\u00f6\u00dferer Freiheit zu f\u00f6rdern.\u00ab Humanisten nahmen die Charta als Vorbild zum Handeln.<\/p>\n<p>Unterschiedliche Friedensaktivit\u00e4ten und Friedensbewegungen entstanden weltweit. Erinnert sei an die Entstehung des Weltfriedensrates, der Internationalen Demokratischen Frauenf\u00f6deration (IDFF) und an die Weltkongresse zum Friedenserhalt. Der Stockholmer Appell von 1950 zur \u00c4chtung von Atomwaffen wurde von mehr als 500 Millionen Menschen unterschrieben.<\/p>\n<h4>Kriege und neue Konfrontation<\/h4>\n<p>Von der Durchsetzung dieser Ziele sind wir heute weit entfernt. Womit sind wir konfrontiert? Der Kampf gegen den Terror des IS ist blutig und mit vielen Opfern verbunden. Wir leben mit einer ganzen Reihe von lokalen Kriegen und milit\u00e4rischen Auseinandersetzungen. Denken wir an Jemen, Libyen, Syrien, Irak und die Expansion Israels mit den Reaktionen der Pal\u00e4stinenser. Gesellschaftssysteme brechen zusammen. Eine dadurch mit ausgel\u00f6ste und st\u00e4ndig wachsende Fl\u00fcchtlingswelle trifft Europa, die USA und andere L\u00e4nder. Ausl\u00f6ser f\u00fcr diese milit\u00e4rischen Aktionen sind neben dem Kampf gegen den Terrorismus vor allem auch wirtschaftliche Interessen an Rohstoffen, Absatzm\u00e4rkten und politischer Einflussnahme. Wirtschaftskrisen wirken sich auf W\u00e4hrungen aus, Handelskriege werden mit Strafz\u00f6llen gef\u00fchrt. Die wissenschaftlich-technische Revolution ist zu meistern. Sie hat Auswirkungen auf die Milit\u00e4raktionen: T\u00f6ten erfolgt zunehmend anonym. Raketen- und Drohnenangriffe finden gegen L\u00e4nder, milit\u00e4rische Gruppierungen und Personen statt. Auch Havarien bei Hochtechnologien, Naturkatastrophen und \u00f6kologische Gefahren sind zu bew\u00e4ltigen. Denken wir nur an Klimakriege.<\/p>\n<p>Antikommunismus und Rassismus sind entschieden zu bek\u00e4mpfen. Die NATO provoziert in ungeheuerlicher Weise Russland, das die gr\u00f6\u00dfte Leistung bei der Vernichtung des Faschismus erbracht und die meisten Opfer zu beklagen hatte. Gerade zum 75. Jahrestag der Beendigung des Zweiten Weltkrieges in Europa ein gro\u00dfangelegtes Man\u00f6ver an den Grenzen Russlands zu planen, stellt eine ungeheure Gef\u00e4hrdung des Friedens dar, verbunden mit gro\u00dfen Auswirkungen auf die \u00f6kologische Situation, das Klima. Durch die Coronakrise vorl\u00e4ufig in diesen Pl\u00e4nen gestoppt, wissen wir nicht, wie zuk\u00fcnftige Vorhaben aussehen.<\/p>\n<h4>Geschichtsrevisionismus<\/h4>\n<p>Flankiert werden diese milit\u00e4rischen Aktionen durch Geschichtsf\u00e4lschungen. Dieser Geschichtsrevisionismus ist gef\u00e4hrlich, da er Menschen f\u00fcr milit\u00e4rische Aktionen aufgeschlossen macht. Denken wir an die Resolution des Europ\u00e4ischen Parlaments vom September 2019, verabschiedet mit einer Mehrheit von 81 Prozent, in der die deutsche Alleinschuld am Zweiten Weltkrieg direkt geleugnet wird. In Deutschland wird durch eine \u201eAufarbeitungsindustrie\u201c zudem der Versuch unternommen, den antifaschistischen Charakter der DDR zu leugnen. Dagegen verwahre ich mich sowohl aufgrund meiner Kindheitserinnerungen und meines Engagements f\u00fcr den Staat DDR, der immer ein Staat des Friedens war, als auch im Zusammenhang mit meinen UN-Erfahrungen, wo ich mich mit Gleichgesinnten f\u00fcr Frieden und Gleichberechtigung der Geschlechter eingesetzt habe.<\/p>\n<p>Die gegenw\u00e4rtige gef\u00e4hrliche Situation verlangt wieder in verst\u00e4rktem Ma\u00dfe Friedensaktionen aller Humanisten in einem breiten B\u00fcndnis, Aufkl\u00e4rung \u00fcber Ursachen und Interessen der gef\u00e4hrlichen milit\u00e4rischen Aktionen und Solidarit\u00e4t mit unseren russischen Freunden. Es gilt, Lehren aus der Geschichte zu ziehen, um einen Weltbrand zu verhindern. Eine Welt ohne Krieg mit einem gerechten und konstruktiven Frieden ist das Ziel. Was ist vom W\u00fcnschenswerten machbar? Das h\u00e4ngt von uns allen ab.<\/p>\n<p>Insofern ist der 8. Mai f\u00fcr mich als Tag der Befreiung vom Faschismus zugleich Mahnung, alles zu tun, damit sich die Verbrechen nicht wiederholen, sondern V\u00f6lkerhass und V\u00f6lkermord aus unserem Leben verschwinden.<\/p>\n<p style=\"text-align: right;\"><em>Prof. Dr. Helga H\u00f6rz ist Mitglied des Deutschen Freidenker-Verbandes und seines Beirats. <\/em><\/p>\n<p><em>Der Text erschien am 06. Mai 2020 in der \u201eAntifaschismus\u201c-Beilage der Tageszeitung \u201ejunge Welt\u201c<\/em><\/p>\n<hr \/>\n<p><span style=\"font-size: 10pt;\">Bild: Anzeige des Deutschen Freidenker-Verbandes in der Tageszeitung ND vom 09. Mai 2020<\/span><\/p>\n","protected":false},"excerpt":{"rendered":"<p><b>Beitrag von Prof. Dr. Helga E. H\u00f6rz<\/b>In Danzig 1935 geboren, nach Kriegsende mit der Familie ausgesiedelt und nach langer Fahrt in Nauen gelandet, studierte und wirkte ich dann in Berlin. Die Kindheitserlebnisse pr\u00e4gten nachhaltig mein Leben. Danzig wurde durch Hitlerdeutschland erst \u00fcberfallen und dann \u00bbheim ins Reich\u00ab geholt. &#8230; Mein Vater Paul Ivertowski, Arbeiter auf der Danziger Werft, war Antifaschist und aktiver Widerstandsk\u00e4mpfer. Er wurde 1934 verhaftet und zu lebenslanger Haft verurteilt. &#8230; Damit waren wir diskriminiert und wurden gemieden. Meine Mutter versuchte, diese Isolation auszugleichen. Sie erz\u00e4hlte uns von der Sowjetunion, in der die Menschen ein anderes Leben f\u00fchren w\u00fcrden. &#8230;<\/p>\n","protected":false},"author":3,"featured_media":8013,"comment_status":"closed","ping_status":"closed","sticky":false,"template":"","format":"standard","meta":{"colormag_page_container_layout":"default_layout","colormag_page_sidebar_layout":"default_layout","advanced_seo_description":"","jetpack_seo_html_title":"","jetpack_seo_noindex":false,"jetpack_post_was_ever_published":false,"footnotes":""},"categories":[13],"tags":[648,370,571,613,454,430,687,946],"class_list":["post-8010","post","type-post","status-publish","format-standard","has-post-thumbnail","hentry","category-frieden-antifaschismus-solidaritaet","tag-2-weltkrieg","tag-antifaschismus","tag-antikommunismus","tag-befreiung-vom-faschismus","tag-ddr","tag-sowjetunion","tag-tag-der-befreiung","tag-un-charta"],"jetpack_featured_media_url":"https:\/\/i0.wp.com\/www.freidenker.org\/fw17\/wp-content\/uploads\/2020\/05\/anzeige_dfv_nd_8.mai2020_800x450_v2.jpg?fit=800%2C450&ssl=1","jetpack_shortlink":"https:\/\/wp.me\/p9stpK-25c","jetpack-related-posts":[{"id":10166,"url":"https:\/\/www.freidenker.org\/?p=10166","url_meta":{"origin":8010,"position":0},"title":"Flugblatt zum 8. und 9. Mai 2021: Befreiung von Faschismus und Krieg","author":"Webredaktion","date":"2. Mai 2021","format":false,"excerpt":"Erfreulicherweise werden die Tage der Befreiung und des Sieges in immer gr\u00f6\u00dferem B\u00fcndnisrahmen zur Kenntnis genommen und durch Aktionen gew\u00fcrdigt. Weniger erfreulich, dass Aktionen in diesem Jahr hier und da mit der Begr\u00fcndung \"des Infektionsgeschehens\" storniert werden. Au\u00dferdem ist zu beobachten, das eine Reihe von Aufrufen zu den Jahrestagen inzwischen\u2026","rel":"","context":"In &quot;Frieden - Antifaschismus - Solidarit\u00e4t&quot;","block_context":{"text":"Frieden - Antifaschismus - Solidarit\u00e4t","link":"https:\/\/www.freidenker.org\/?cat=13"},"img":{"alt_text":"","src":"https:\/\/i0.wp.com\/www.freidenker.org\/fw17\/wp-content\/uploads\/2021\/05\/victory-day-1396078_800x450.jpg?fit=800%2C450&ssl=1&resize=350%2C200","width":350,"height":200,"srcset":"https:\/\/i0.wp.com\/www.freidenker.org\/fw17\/wp-content\/uploads\/2021\/05\/victory-day-1396078_800x450.jpg?fit=800%2C450&ssl=1&resize=350%2C200 1x, https:\/\/i0.wp.com\/www.freidenker.org\/fw17\/wp-content\/uploads\/2021\/05\/victory-day-1396078_800x450.jpg?fit=800%2C450&ssl=1&resize=525%2C300 1.5x, https:\/\/i0.wp.com\/www.freidenker.org\/fw17\/wp-content\/uploads\/2021\/05\/victory-day-1396078_800x450.jpg?fit=800%2C450&ssl=1&resize=700%2C400 2x"},"classes":[]},{"id":21258,"url":"https:\/\/www.freidenker.org\/?p=21258","url_meta":{"origin":8010,"position":1},"title":"FREIDENKER 1-25 \u2013 80 Jahre Befreiung vom Faschismus","author":"Webredaktion","date":"27. M\u00e4rz 2025","format":false,"excerpt":"Die Ausgabe 1-25 des Verbandsorgans FREIDENKER hat das Schwerpunkt-Thema \u201e80 Jahre Befreiung vom Faschismus - Revision?\u201c und enth\u00e4lt u.a. folgende Beitr\u00e4ge: - \u201eNie wieder\u201c \u2013 kriegst\u00fcchtig - Wolfgang Sch\u00fcrer: Der Zweite Weltkrieg - Anton Latzo: Auch in Jalta wirkten die langen Linien der Geschichte - Michael Polster \/ Arnold Sch\u00f6lzel:\u2026","rel":"","context":"In &quot;Verbandsorgan FREIDENKER&quot;","block_context":{"text":"Verbandsorgan FREIDENKER","link":"https:\/\/www.freidenker.org\/?cat=8"},"img":{"alt_text":"","src":"https:\/\/i0.wp.com\/www.freidenker.org\/fw17\/wp-content\/uploads\/2025\/03\/FD_2025-01_Titel_mR.jpg?fit=800%2C445&ssl=1&resize=350%2C200","width":350,"height":200,"srcset":"https:\/\/i0.wp.com\/www.freidenker.org\/fw17\/wp-content\/uploads\/2025\/03\/FD_2025-01_Titel_mR.jpg?fit=800%2C445&ssl=1&resize=350%2C200 1x, https:\/\/i0.wp.com\/www.freidenker.org\/fw17\/wp-content\/uploads\/2025\/03\/FD_2025-01_Titel_mR.jpg?fit=800%2C445&ssl=1&resize=525%2C300 1.5x, https:\/\/i0.wp.com\/www.freidenker.org\/fw17\/wp-content\/uploads\/2025\/03\/FD_2025-01_Titel_mR.jpg?fit=800%2C445&ssl=1&resize=700%2C400 2x"},"classes":[]},{"id":10239,"url":"https:\/\/www.freidenker.org\/?p=10239","url_meta":{"origin":8010,"position":2},"title":"Linken-Politiker zum Tag des Sieges: Die Gr\u00fcnen als Trauma der deutsch-russischen Beziehungen","author":"Webredaktion","date":"10. Mai 2021","format":false,"excerpt":"Bericht von RT Deutsch Der 9. Mai ist der \"Tag des Sieges\" in Russland und einer der wichtigsten Feiertage der heutigen Russischen F\u00f6deration. ... RT traf an diesem besonderen Tag in Moskau Dr. Diether Dehm. Der\u00a0Musikproduzent, Liedermacher und Bundestagsabgeordnete (Die Linke) nutzte die Gelegenheit, um eine Br\u00fccke zwischen dem historischen\u2026","rel":"","context":"In &quot;Frieden - Antifaschismus - Solidarit\u00e4t&quot;","block_context":{"text":"Frieden - Antifaschismus - Solidarit\u00e4t","link":"https:\/\/www.freidenker.org\/?cat=13"},"img":{"alt_text":"","src":"https:\/\/i0.wp.com\/www.freidenker.org\/fw17\/wp-content\/uploads\/2021\/05\/Dehm_SjuganovIMG_9271.jpg?fit=800%2C450&ssl=1&resize=350%2C200","width":350,"height":200,"srcset":"https:\/\/i0.wp.com\/www.freidenker.org\/fw17\/wp-content\/uploads\/2021\/05\/Dehm_SjuganovIMG_9271.jpg?fit=800%2C450&ssl=1&resize=350%2C200 1x, https:\/\/i0.wp.com\/www.freidenker.org\/fw17\/wp-content\/uploads\/2021\/05\/Dehm_SjuganovIMG_9271.jpg?fit=800%2C450&ssl=1&resize=525%2C300 1.5x, https:\/\/i0.wp.com\/www.freidenker.org\/fw17\/wp-content\/uploads\/2021\/05\/Dehm_SjuganovIMG_9271.jpg?fit=800%2C450&ssl=1&resize=700%2C400 2x"},"classes":[]},{"id":12804,"url":"https:\/\/www.freidenker.org\/?p=12804","url_meta":{"origin":8010,"position":3},"title":"Auf zum \u201eTag der Begegnung\u201c am 23. April 2022 nach Torgau!","author":"Webredaktion","date":"16. April 2022","format":false,"excerpt":"Am 23. April 2022 wird in Torgau anl\u00e4sslich des \u201eTages der Begegnung\u201c erneut eine Friedensdemonstration stattfinden. Der \u201eTag der Begegnung\u201c erinnert an das Zusammentreffen der Soldaten der Roten Armee und der US\u2013Armee am 25.April 1945 an der Elbe und Ihren historischen Handschlag, der zum Symbol der Befreiung vom Faschismus und\u2026","rel":"","context":"In &quot;Frieden - Antifaschismus - Solidarit\u00e4t&quot;","block_context":{"text":"Frieden - Antifaschismus - Solidarit\u00e4t","link":"https:\/\/www.freidenker.org\/?cat=13"},"img":{"alt_text":"","src":"https:\/\/i0.wp.com\/www.freidenker.org\/fw17\/wp-content\/uploads\/2022\/04\/DEMONSTRATION-AM-23.-APRIL-2022-800x450-1.jpg?fit=800%2C450&ssl=1&resize=350%2C200","width":350,"height":200,"srcset":"https:\/\/i0.wp.com\/www.freidenker.org\/fw17\/wp-content\/uploads\/2022\/04\/DEMONSTRATION-AM-23.-APRIL-2022-800x450-1.jpg?fit=800%2C450&ssl=1&resize=350%2C200 1x, https:\/\/i0.wp.com\/www.freidenker.org\/fw17\/wp-content\/uploads\/2022\/04\/DEMONSTRATION-AM-23.-APRIL-2022-800x450-1.jpg?fit=800%2C450&ssl=1&resize=525%2C300 1.5x, https:\/\/i0.wp.com\/www.freidenker.org\/fw17\/wp-content\/uploads\/2022\/04\/DEMONSTRATION-AM-23.-APRIL-2022-800x450-1.jpg?fit=800%2C450&ssl=1&resize=700%2C400 2x"},"classes":[]},{"id":821,"url":"https:\/\/www.freidenker.org\/?p=821","url_meta":{"origin":8010,"position":4},"title":"FREIDENKER 1-15 &#8211; 70 Jahre Befreiung von Faschismus und Krieg","author":"Webmaster","date":"16. M\u00e4rz 2015","format":false,"excerpt":"Die Ausgabe 1-15 des Verbandsorgans FREIDENKER hat das Schwerpunkt-Thema \u201e70 Jahre Befreiung von Faschismus und Krieg - Nie wieder Faschismus - Nie wieder Krieg\u201c und enth\u00e4lt u.a folgende Beitr\u00e4ge: - Prof. Dr. Anton Latzo: Der Sieg \u00fcber den Faschismus ist eine Tat der Befreiung - Emil Carlebach: Lasst nicht nach\u2026","rel":"","context":"In &quot;Verbandsorgan FREIDENKER&quot;","block_context":{"text":"Verbandsorgan FREIDENKER","link":"https:\/\/www.freidenker.org\/?cat=8"},"img":{"alt_text":"","src":"https:\/\/i0.wp.com\/www.freidenker.org\/fw17\/wp-content\/uploads\/2017\/12\/FD_2015-01_Titel_mR.jpg?fit=800%2C445&ssl=1&resize=350%2C200","width":350,"height":200,"srcset":"https:\/\/i0.wp.com\/www.freidenker.org\/fw17\/wp-content\/uploads\/2017\/12\/FD_2015-01_Titel_mR.jpg?fit=800%2C445&ssl=1&resize=350%2C200 1x, https:\/\/i0.wp.com\/www.freidenker.org\/fw17\/wp-content\/uploads\/2017\/12\/FD_2015-01_Titel_mR.jpg?fit=800%2C445&ssl=1&resize=525%2C300 1.5x, https:\/\/i0.wp.com\/www.freidenker.org\/fw17\/wp-content\/uploads\/2017\/12\/FD_2015-01_Titel_mR.jpg?fit=800%2C445&ssl=1&resize=700%2C400 2x"},"classes":[]},{"id":19763,"url":"https:\/\/www.freidenker.org\/?p=19763","url_meta":{"origin":8010,"position":5},"title":"Der deutsch-sowjetische Nichtangriffsvertrag vom 23. August 1939","author":"Webredaktion","date":"23. August 2024","format":false,"excerpt":"Historischer \u00dcberblick von Wolfgang Sch\u00fcrer [...] Am 18. April 1939 bot die Sowjetunion den beiden Westm\u00e4chten eine Abwehr-Allianz gegen Deutschland an, f\u00fcr den Fall eines deutschen Angriffs auf Polen, f\u00fcr den Fall eines deutschen Angriffs auf Frankreich, und f\u00fcr den Fall eines deutschen Angriffs auf die Sowjetunion, unter Umgehung Polens,\u2026","rel":"","context":"In &quot;Geschichte&quot;","block_context":{"text":"Geschichte","link":"https:\/\/www.freidenker.org\/?cat=1162"},"img":{"alt_text":"","src":"https:\/\/i0.wp.com\/www.freidenker.org\/fw17\/wp-content\/uploads\/2024\/08\/Sowjetisch-deutscher_Nichtangriffspakt_800x450.jpg?fit=800%2C450&ssl=1&resize=350%2C200","width":350,"height":200,"srcset":"https:\/\/i0.wp.com\/www.freidenker.org\/fw17\/wp-content\/uploads\/2024\/08\/Sowjetisch-deutscher_Nichtangriffspakt_800x450.jpg?fit=800%2C450&ssl=1&resize=350%2C200 1x, https:\/\/i0.wp.com\/www.freidenker.org\/fw17\/wp-content\/uploads\/2024\/08\/Sowjetisch-deutscher_Nichtangriffspakt_800x450.jpg?fit=800%2C450&ssl=1&resize=525%2C300 1.5x, https:\/\/i0.wp.com\/www.freidenker.org\/fw17\/wp-content\/uploads\/2024\/08\/Sowjetisch-deutscher_Nichtangriffspakt_800x450.jpg?fit=800%2C450&ssl=1&resize=700%2C400 2x"},"classes":[]}],"_links":{"self":[{"href":"https:\/\/www.freidenker.org\/index.php?rest_route=\/wp\/v2\/posts\/8010","targetHints":{"allow":["GET"]}}],"collection":[{"href":"https:\/\/www.freidenker.org\/index.php?rest_route=\/wp\/v2\/posts"}],"about":[{"href":"https:\/\/www.freidenker.org\/index.php?rest_route=\/wp\/v2\/types\/post"}],"author":[{"embeddable":true,"href":"https:\/\/www.freidenker.org\/index.php?rest_route=\/wp\/v2\/users\/3"}],"replies":[{"embeddable":true,"href":"https:\/\/www.freidenker.org\/index.php?rest_route=%2Fwp%2Fv2%2Fcomments&post=8010"}],"version-history":[{"count":0,"href":"https:\/\/www.freidenker.org\/index.php?rest_route=\/wp\/v2\/posts\/8010\/revisions"}],"wp:featuredmedia":[{"embeddable":true,"href":"https:\/\/www.freidenker.org\/index.php?rest_route=\/wp\/v2\/media\/8013"}],"wp:attachment":[{"href":"https:\/\/www.freidenker.org\/index.php?rest_route=%2Fwp%2Fv2%2Fmedia&parent=8010"}],"wp:term":[{"taxonomy":"category","embeddable":true,"href":"https:\/\/www.freidenker.org\/index.php?rest_route=%2Fwp%2Fv2%2Fcategories&post=8010"},{"taxonomy":"post_tag","embeddable":true,"href":"https:\/\/www.freidenker.org\/index.php?rest_route=%2Fwp%2Fv2%2Ftags&post=8010"}],"curies":[{"name":"wp","href":"https:\/\/api.w.org\/{rel}","templated":true}]}}