{"id":8001,"date":"2020-05-08T01:48:37","date_gmt":"2020-05-07T23:48:37","guid":{"rendered":"https:\/\/www.freidenker.org\/?p=8001"},"modified":"2020-06-19T02:47:07","modified_gmt":"2020-06-19T00:47:07","slug":"finale-rettungsschuesse","status":"publish","type":"post","link":"https:\/\/www.freidenker.org\/?p=8001","title":{"rendered":"Finale Rettungssch\u00fcsse"},"content":{"rendered":"<h5>Die Berliner Schie\u00dfbude und der Abschied der Tagesschau vom Nachrichtenjournalismus<\/h5>\n<p><em>Von <strong>Friedhelm Klinkhammer<\/strong> und<strong> Volker Br\u00e4utigam<\/strong><\/em><\/p>\n<p><strong>Die Regierung Merkel schiebt im Schlagschatten der Pandemie einen m\u00f6rderischen Bundeswehr-Auslandseinsatz durchs Parlament; \u201eunsere Jungs und M\u00e4dels\u201c sollen jetzt auch noch nach Libyen.<\/strong>(1)<strong> Bundestagspr\u00e4sident Sch\u00e4uble gibt das Grundgesetz f\u00fcr einen finalen Rettungsschuss frei: Die W\u00fcrde des Menschen stehe \u00fcber dessen Recht auf Leben.<\/strong>(2)<strong> Und die Tagesschau, f\u00fchrende Repr\u00e4sentantin der \u201eVierten Gewalt\u201c im Staate, unterschl\u00e4gt diese Informationen und deren unerl\u00e4ssliche Erkl\u00e4rung. <\/strong><\/p>\n<p>Die indirekte Bankrotterkl\u00e4rung der ARD-aktuell kam in der Tagesschau-Hauptausgabe um 20 Uhr am 26. April:<\/p>\n<blockquote><p><em>\u201eBundestagspr\u00e4sident Sch\u00e4uble hat angesichts der Einschr\u00e4nkung vieler Grundrechte davor gewarnt, dem Schutz von Leben in der Corona-Krise alles unterzuordnen. Wenn es \u00fcberhaupt einen absoluten Wert im Grundgesetz gebe, dann sei es die W\u00fcrde des Menschen, sagte er dem Tagesspiegel. Diese sei unantastbar, aber sie schlie\u00dfe nicht aus, dass Menschen sterben m\u00fcssen.<\/em>(3)<\/p><\/blockquote>\n<p>Daniel Popakra, ARD-Hauptstadtstudio, berichtet anschlie\u00dfend \u00fcber Alltagsaspekte der Kontaktsperre, qualifiziert Sch\u00e4ubles S\u00e4ure-Attentat auf die Verfassung als \u201ebemerkenswerte \u00c4u\u00dferung\u201c und zitiert ihn noch einmal w\u00f6rtlich:<\/p>\n<blockquote><p><em>\u201eWenn ich h\u00f6re, alles andere habe vor dem Schutz von Leben zur\u00fcckzutreten, dann muss ich sagen: Das ist in dieser Absolutheit nicht richtig.\u201c<\/em>(4)<\/p><\/blockquote>\n<p>Die \u00c4u\u00dferung des Bundestagspr\u00e4sidenten, protokollarisch der Zweite im Staate (nach dem Bundespr\u00e4sidenten), ist als offizi\u00f6se Handreichung bei beh\u00f6rdlichen Entscheidungen \u00fcber Leben und Tod zu verstehen. Einen<\/p>\n<blockquote><p><em>\u201eDurchbruch des Sozialdarwinismus in Zeiten der Corona-Pandemie\u201c<\/em>(5)<\/p><\/blockquote>\n<p>nannte R\u00fcdiger Minow das Sch\u00e4uble-Interview im Berliner Tagesspiegel.(6) ARD-Mann Popakra berichtete, Sch\u00e4uble erhalte nicht nur lebhafte Unterst\u00fctzung von seinem Parteifreund Armin Laschet, dem nordrhein-westf\u00e4lischen Ministerpr\u00e4sidenten, sondern auch von der B\u00fcndnis90\/Die Gr\u00fcnen-Fraktionsvorsitzenden Katrin G\u00f6ring-Eckardt und von Alexander Gauland, Fraktionschef der AfD. Unisono, frei von Scham und Ber\u00fchrungs\u00e4ngsten, bekundeten die alle:<\/p>\n<blockquote><p><em>\u201cSch\u00e4uble hat recht\u201d.<\/em>(Anm.4)<\/p><\/blockquote>\n<p>Hat er nicht. Und das wei\u00df er selbst am besten. Bereits als Bundesinnenminister hatte er vergeblich versucht, sein zynisches Grundrechtsverst\u00e4ndnis durchzusetzen. Von der Idee, dass der Staat gegebenenfalls Herr \u00fcber Leben und Tod seiner B\u00fcrger sei, war er schon damals geradezu besessen.(7) Er hatte deshalb ein \u201eLuftfahrtsicherheitsgesetz\u201c auf den Weg gebracht, das die Beh\u00f6rden erm\u00e4chtigte, von Terroristen entf\u00fchrte zivile Passagierflugzeuge notfalls abzuschie\u00dfen. Das Bundesverfassungsgericht verwarf das Gesetz und belehrte den Urheber:<\/p>\n<blockquote><p><em>\u201eDem Staat ist es im Hinblick auf dieses Verh\u00e4ltnis von Lebensrecht und Menschenw\u00fcrde einerseits untersagt, durch eigene Ma\u00dfnahmen unter Versto\u00df gegen das Verbot der Missachtung der menschlichen W\u00fcrde in das Grundrecht auf Leben einzugreifen. Andererseits ist er auch gehalten, jedes menschliche Leben zu sch\u00fctzen.\u201c<\/em>(8)<\/p><\/blockquote>\n<p>Die Tagesschau h\u00e4tte mit Verweis auf dieses h\u00f6chstrichterliche Urteil zumindest den \u00fcbelsten Ausw\u00fcchsen des Streits \u00fcber das Anti-Pandemie-Regime der Bundesregierung ein rasches Ende machen k\u00f6nnen. Hat sie aber nicht, und das disqualifiziert sie.<\/p>\n<h5>Unabdingbares Recht<\/h5>\n<p>Klare Ansage: Der Staat darf nicht \u00fcber das Lebensrecht seiner B\u00fcrger befinden, weder aktiv noch passiv. Erw\u00e4gungen zur Verh\u00e4ltnism\u00e4\u00dfigkeit und Opportunit\u00e4t haben in diesem Zusammenhang nichts verloren. Die Grundrechte \u201eW\u00fcrde des Menschen\u201c und \u201eRecht auf Leben\u201c beschr\u00e4nken sich nicht gegenseitig, sondern bedingen einander. Sie stehen nicht zur Disposition anderer Freiheitsrechte oder gar Wirtschaftsinteressen.<\/p>\n<p>Der Staat hat jedes menschliche Leben zu sch\u00fctzen. Jedes Leben, auch das des 90j\u00e4hrigen Vorerkrankten \u2013 sofern der es nicht selbst enden lassen m\u00f6chte.<\/p>\n<p>Die Tagesschau-Redaktion h\u00e4tte das Urteil des Bundesverfassungsgerichtes aus dem eigenen Archiv hervorholen und sich vergewissern k\u00f6nnen.(9) Sie h\u00e4tte mit angemessen ausf\u00fchrlicher Berichterstattung dar\u00fcber jene Kontrollfunktion erf\u00fcllt, die den Medien als de facto \u201eVierter Gewalt im Staat\u201c zukommt.<\/p>\n<p>Die Politiker aller Couleur \u00e4u\u00dferten sich ebenfalls nicht; die bare ethische Selbstverst\u00e4ndlichkeit des Karlsruher Urteils war ihnen entweder nicht bewusst oder egal. Eine r\u00fchmliche Ausnahme war nur der so oft herablassend beurteilte SPD-Vorsitzende Norbert Walter-Borjans. Er wies den b\u00f6sartigen Vorsto\u00df des Rechtsauslegers Sch\u00e4uble im Deutschlandfunk entschieden zur\u00fcck.(10)<\/p>\n<p>Sch\u00e4ubles Infamie hat l\u00e4ngst die Vorstellung salonf\u00e4hig gemacht, es sei besser, \u201enutzlose\u201c Alte, Erwerbsgeminderte und Schwache zu isolieren und die arbeitsf\u00e4higen, kr\u00e4ftigen J\u00fcngeren wieder zur Arbeit zu schicken, vulgo: sie ungeniert auszubeuten. Hoch lebe das Interesse der Wirtschaft und ihrer besserverdienenden Eliten! Der T\u00fcbinger Oberb\u00fcrgermeister Boris Palmer, rechter Frontmann der Gr\u00fcnen, gab denn auch die allerletzten Reste mitmenschlichen Anstands preis:<\/p>\n<blockquote><p><em>\u00a0\u201eIch sage es Ihnen mal ganz brutal: Wir retten in Deutschland m\u00f6glicherweise Menschen, die in einen halben Jahr sowieso tot w\u00e4ren &#8211; aufgrund ihres Alters und ihrer Vorerkrankungen.\u201c<\/em>(11)<\/p><\/blockquote>\n<p>Palmers Grundvorstellung von der Existenz \u201elebensunwerten Lebens\u201c pflegten schon die Nazis. Die redeten nur nicht lange\u00a0salbungsvoll\u00a0drum herum, sondern bauten gleich die Selektionsrampe.\u00a0Die Gr\u00fcnen teilen sich heute in zwei protofaschistische Fl\u00fcgel: Realos und Brutalos. Was sie eint, ist die lebensverachtende Bereitschaft zum Krieg gegen andere V\u00f6lker, die nicht auf transatlantisch-\u00f6kologischer Linie sind.<\/p>\n<h5>Innen hui, au\u00dfen pfui<\/h5>\n<p>Die Verfassungsnormen \u201eMenschenw\u00fcrde\u201c und \u201eLebensrecht\u201c werden nicht nur innenpolitisch gegeneinander gestellt, sondern im au\u00dfenpolitischen Raum komplett ignoriert \u2013 und dabei machen die meisten Bundestagabgeordneten mit. Deutschland zeigt immer h\u00e4ufiger Kriegsflagge. Die zynische Kontinuit\u00e4t der Negation des Lebensrechts belegt ein Tagesbefehl der \u201eVerteidigungsministerin\u201c Annegret Kramp-Karrenbauer an unsere Besatzungstruppen in Afghanistan:\u00a0Dort sei<\/p>\n<blockquote><p><em>\u201e&#8230;sichtbar, dass die Soldatinnen und Soldaten der Bundeswehr im Gefecht auch t\u00f6ten m\u00fcssen und sterben k\u00f6nnen. &#8230;\u201c<\/em>(12)<\/p><\/blockquote>\n<p>Kontext und militaristische Sprache machen deutlich, dass es um die Durchsetzung geostrategischer und wirtschaftlicher Interessen mittels Krieg und m\u00f6rderischer Gewalt geht. Diese Interessen haben h\u00f6heren Kurswert als das Recht des Menschen auf sein Leben. In der politischen Praxis zeigt sich un\u00fcbersehbar, wie doppelb\u00f6dig und heuchlerisch das deutsche Idearium von \u201eW\u00fcrde des Menschen\u201d und \u201eRecht auf Leben und k\u00f6rperliche Unversehrtheit\u201d ist.<\/p>\n<p>Im Schatten der Corona-Pandemie schreckte der Bundestag nicht davor zur\u00fcck, zahlreiche Kriegseins\u00e4tze in Afrika, im Nahen und Mittleren Osten und in Zentralasien zu verl\u00e4ngern und auszuweiten, teils auch gegen den ausdr\u00fccklichen Willen der fraglichen Staaten: in Irak, Syrien, in Afghanistan, vor der Levante, im westlichen Mittelmeer, in der Sahelzone, in Mali haben \u201eunsere Jungs\u201c weiterhin den Finger am Abzug. Die reaktion\u00e4re, bellizistische \u00a0Mehrheit des Parlaments will es so; sie schert sich einen Dreck um den Aufruf des UN-Generalsekret\u00e4rs Guterres, wenigstens w\u00e4hrend der Corona-Pandemie einen weltweiten Waffenstillstand zu wahren.(13)<\/p>\n<h5>Politiker der G\u00fcteklasse B<\/h5>\n<p>Heiko Maas, Au\u00dfenminister der \u201eG\u00fcteklasse B, Dutzendware aus der Legebatterie der Parteipolitik\u201c(14), lie\u00df immerhin einen Blick in den Abgrund seiner Unaufrichtigkeit und Heuchelei zu:<\/p>\n<blockquote><p><em>\u201e \u2026.auf der Welt gibt es anscheinend einige, die diese Corona-Krise nutzen wollen, um in dem Konflikt, in dem sie engagiert sind, milit\u00e4rische Vorteile zu erzielen, dann kann man das nicht anders als pervers bezeichnen\u201d.<\/em>(15)<em>\u00a0<\/em><\/p><\/blockquote>\n<p>Dem Minister ging es um die Rechtfertigung eines weiteren Bundeswehr-Auslandseinsatzes, diesmal vor Libyen.<\/p>\n<p>Vor vier Monaten erst hatten Kanzlerin Merkel und ihr Ministerdarsteller sich selbst auf der \u201eBerliner Libyen-Konferenz\u201c gro\u00dfsprecherisch zu Vermittlern in diesem blutigen B\u00fcrgerkrieg ernannt und das auch \u00fcber die Rohre der ARD-aktuell verk\u00fcnden lassen. Um aus der verkrampften deutschen Anma\u00dfung \u00fcberhaupt etwas \u201eVermittelndes\u201c zu quetschen, wurde damals ein Waffenembargo beschlossen, obgleich allen Beteiligten bewusst war, dass sich keine der libyschen Kriegsparteien daran halten w\u00fcrde und es keine M\u00f6glichkeit gibt, es zu erzwingen. Die vernagelte \u201eBegr\u00fcndung\u201c des M\u00f6chtegern-Geopolitikers Maas daf\u00fcr, dass die Bundeswehr trotzdem in Libyen mitmischen soll, ist auf\u00a0<a href=\"http:\/\/tagesschau.de\/\">Tagesschau.de<\/a>\u00a0nachlesbar: Das in Berlin f\u00fcr Libyen beschlossene Waffenembargo werde \u201enicht so umgesetzt, wie wir uns das w\u00fcnschen.\u201c(16) Ach nein?<\/p>\n<p>Klassischer Verlautbarungsjournalismus der Tagesschau am 22. April, 20 Uhr:<\/p>\n<blockquote><p><em>\u201eDie EU-Au\u00dfenminister haben in einer Videokonferenz \u00fcber die Lage der Fl\u00fcchtlinge im B\u00fcrgerkriegsland Libyen beraten. In der EU gibt es die Sorge, tausende Menschen k\u00f6nnten sich inmitten der Corona-Krise auf den Weg \u00fcbers Mittelmeer nach Europa machen. Zuvor hatte das Bundeskabinett in Berlin gr\u00fcnes Licht f\u00fcr die deutsche Beteiligung an der EU-Operation Irini gegeben, mit der das Waffenembargo gegen Libyen \u00fcberwacht werden soll.\u201c<\/em>(17)<\/p><\/blockquote>\n<p>Ja, worum geht es denn nun? Um unerw\u00fcnschte Waffenlieferungen oder unerw\u00fcnschte Fl\u00fcchtlinge? Um ausgelatschte, d\u00fcmmliche Metaphern (\u201egr\u00fcnes Licht gegeben\u201c) ist die Tagesschau-Redaktion nie verlegen, um klare Aussage h\u00e4ufig. Im anschlie\u00dfenden Filmbericht sagt Reporter Markus Prei\u00df:<\/p>\n<blockquote><p><em>\u201e&#8230; Die Operation l\u00f6st den bisherigen EU-Einsatz Sophia ab, mit einem gro\u00dfen Unterschied: Die beteiligten Schiffe sollen ausdr\u00fccklich keine Fl\u00fcchtlinge aus Seenot retten.\u201c<\/em>(ebd.)<\/p><\/blockquote>\n<p>Es werden also mal ganz nebenbei das Internationale Seerecht und das V\u00f6lkergewohnheitsrecht gebrochen, das alle Schiffsf\u00fchrer verpflichtet, Menschen in Seenot zu retten(18) \u2013 und die Tagesschau weist mit keinem Wort auf diesen verbrecherischen Aspekt des Regierungsbeschlusses hin. Sie l\u00e4sst aber den inhumanen Angeber Maas zu Wort kommen:<\/p>\n<blockquote><p><em>\u201eWir haben die Mission innerhalb k\u00fcrzester Zeit beschlossen, und damit auch, obwohl uns Viele ja das gar nicht zugetraut haben, als Europ\u00e4ische Union gezeigt, wir sind bereit, Verantwortung zu gehen.\u201c<\/em>(Anm.17)<\/p><\/blockquote>\n<p>Welch ein gewissenloses Gestammel. Doch juckt das die Tagesschau-Qualit\u00e4tsjournalisten?<\/p>\n<p>In den libyschen Fl\u00fcchtlingslagern vegetieren mehr als 700 000 Menschen in unbeschreiblichem Elend. Es herrscht der blanke Terror.(19) Korrupte\u00a0Milizen, von der EU toleriert und teilweise sogar finanziert, begehen unvorstellbar brutale Menschenrechtsverletzungen. Einheiten aus diesen Verbrecherbanden sollen nun im Rahmen der EU-Mission IRINI \u201ef\u00fcr Polizeiaufgaben\u201c geschult werden. Nicht zu fassen? Niedertr\u00e4chtig? Es g\u00e4be zahlreiche treffende Begriffe f\u00fcr die menschenverachtende, aber systematisch betriebene deutsche Au\u00dfenpolitik.<\/p>\n<h5>Idiotisch und widerspr\u00fcchlich<\/h5>\n<p>Maas m\u00f6chte angeblich das UN-Waffenembargo durchsetzen. W\u00e4re dem tats\u00e4chlich so, dann w\u00fcrde sich sein Bestreben gegen die T\u00fcrkei,\u00a0die Vereinigten Arabischen Emirate\u00a0und Katar richten, allesamt Gro\u00dfkunden der deutschen R\u00fcstungskonzerne. Die haben im vorigen Jahr Waffen f\u00fcr 1,3 Milliarden Euro dorthin exportiert. Waffen, die nun auch in Libyen\u00a0eingesetzt werden.(20) Deutsche Waffenverk\u00e4ufe an die Kriegsparteien einerseits und deutsche Aufmandelei f\u00fcr ein Waffenembargo andererseits: Der Hirnriss dieser Au\u00dfenpolitik ist un\u00fcbersehbar.<\/p>\n<p>Der Bundestag debattierte das Libyen-Mandat f\u00fcr die Bundeswehr am Tag nach dem Kabinettsbeschluss. Doch was das entscheidungsbefugte Parlament zu sagen hatte, fand die Tagesschau schon nicht mehr berichtenswert. Deshalb hier ein Schlaglicht darauf, der Kommentar der Linke-Bundestagsabgeordneten Sevim Dagdelen:<\/p>\n<blockquote><p><em>\u201eHerr Maas, Ihr sogenannter Friedenseinsatz ist so lange nichts anderes als eine Showveranstaltung, wie Sie an beide Seiten der jeweiligen Kriegskoalition weiter Waffen liefern &#8230; gemeinsam mit Italien und Frankreich &#8230; die, weil es um die Interessen ihrer \u00d6lkonzerne ENI und TOTAL geht, die jeweils andere Seite im libyschen B\u00fcrgerkrieg unterst\u00fctzen&#8230;<\/em>\u201c(21)<\/p><\/blockquote>\n<p>Das Libyen-Mandat soll vorerst bis Ende April 2021 gelten. Seine Kosten sind mit rund 45,6 Millionen Euro veranschlagt. F\u00fcr Lumpenpolitik ist seit jeher genug Geld da.<\/p>\n<p>Bleibt anzumerken: 61 Prozent der Bundesb\u00fcrger lehnen solche Auslandseins\u00e4tze ab, nur 30 Prozent sind eindeutig daf\u00fcr.(22) Im Bundestag verh\u00e4lt sich das allerdings genau umgekehrt: Nur rund ein Drittel ist dagegen, zwei Drittel sind daf\u00fcr. Soviel zum Thema \u201eVolksvertretung\u201c.<\/p>\n<p>Zur\u00fcck zu Maas, dem Angeber, dem Heuchler: Noch im Januar hatte er in Anne Wills uns\u00e4glich mieser Talkshow behauptet, dass er mit den libyschen Milizion\u00e4ren und kriminellen Finsterlingen ganz gewiss nichts im Sinne habe:<\/p>\n<blockquote><p><em>\u00a0\u201eNein, das k\u00f6nnen wir nicht, das wollen wir auch nicht.\u201d<\/em>(23)<\/p><\/blockquote>\n<p>Oh doch, \u201ewir\u201c k\u00f6nnen. Und \u201ewir\u201c wollen auch. \u201eWir\u201c bewegen uns dabei ganz im ideellen Rahmen der Wert-des-Lebens-Debatte, wie eingangs beschrieben.<\/p>\n<p>Der Bundesregierung ist das Leben der Afrikaner n\u00e4mlich vollkommen wurscht. Noch mehr wurscht als den Sch\u00e4ubles und Palmers, die das Leben tausender alt oder krank und verletzlich gewordener Deutscher dem vorzeitigen COVID-19-Tod \u00fcberlassen wollen.<\/p>\n<p>Leben und andere sterben lassen, hei\u00dft die Devise.<\/p>\n<p><strong>\u00a0<\/strong><\/p>\n<p><strong>Quellen und Anmerkungen:<\/strong><\/p>\n<p>(1) <a href=\"https:\/\/augengeradeaus.net\/tag\/eunavfor-med\/\">https:\/\/augengeradeaus.net\/tag\/eunavfor-med\/<\/a><br \/>\n(2) <a href=\"https:\/\/www.labournet.de\/interventionen\/grundrechte\/grundrechte-all\/menschenrechte-grundrechte-all\/der-herr-schaeuble-hat-seine-ansichten-seit-seinem-feldzug-gegen-griechenland-nicht-geaendert-das-leben-des-poebels-ist-nicht-so-wichtig\/\">https:\/\/www.labournet.de\/interventionen\/grundrechte\/grundrechte-all\/menschenrechte-grundrechte-all\/der-herr-schaeuble-hat-seine-ansichten-seit-seinem-feldzug-gegen-griechenland-nicht-geaendert-das-leben-des-poebels-ist-nicht-so-wichtig\/<\/a><br \/>\n(3) <a href=\"https:\/\/www.tagesschau.de\/multimedia\/sendung\/ts-36791.html\">https:\/\/www.tagesschau.de\/multimedia\/sendung\/ts-36791.html<\/a><br \/>\n(4) <a href=\"https:\/\/www.tagesschau.de\/multimedia\/video\/video-693091.html\">https:\/\/www.tagesschau.de\/multimedia\/video\/video-693091.html<\/a><br \/>\n(5) <a href=\"https:\/\/www.german-foreign-policy.com\/news\/detail\/8261\/\">https:\/\/www.german-foreign-policy.com\/news\/detail\/8261\/<\/a><br \/>\n(6) <a href=\"https:\/\/www.tagesspiegel.de\/politik\/fdp-vize-zum-schaeuble-interview-lebensschutz-ist-nicht-absolute-staatsaufgabe\/25786712.html\">https:\/\/www.tagesspiegel.de\/politik\/fdp-vize-zum-schaeuble-interview-lebensschutz-ist-nicht-absolute-staatsaufgabe\/25786712.html<\/a><br \/>\n(7) <a href=\"https:\/\/www.sueddeutsche.de\/politik\/luftsicherheitsgesetz-schaeuble-ist-besessen-1.434443\">https:\/\/www.sueddeutsche.de\/politik\/luftsicherheitsgesetz-schaeuble-ist-besessen-1.434443<\/a><br \/>\n(8) <a href=\"https:\/\/www.bundesverfassungsgericht.de\/SharedDocs\/Entscheidungen\/DE\/2006\/02\/rs20060215_1bvr035705.html\">https:\/\/www.bundesverfassungsgericht.de\/SharedDocs\/Entscheidungen\/DE\/2006\/02\/rs20060215_1bvr035705.html<\/a><br \/>\n(9) <a href=\"https:\/\/www.daserste.de\/unterhaltung\/film\/terror-ihr-urteil\/luftsicherheitsgesetz-urteil-bundesverfassungsgericht100.html\">https:\/\/www.daserste.de\/unterhaltung\/film\/terror-ihr-urteil\/luftsicherheitsgesetz-urteil-bundesverfassungsgericht100.html<\/a><br \/>\n(10) <a href=\"https:\/\/www.deutschlandfunk.de\/corona-krise-spd-chef-walter-borjans-kritisiert-schaeubles.1939.de.html?drn:news_id=1125185\">https:\/\/www.deutschlandfunk.de\/corona-krise-spd-chef-walter-borjans-kritisiert-schaeubles.1939.de.html?drn:news_id=1125185<\/a><br \/>\n(11) <a href=\"https:\/\/www.tagesspiegel.de\/politik\/boris-palmer-provoziert-in-coronavirus-krise-wir-retten-moeglicherweise-menschen-die-in-einem-halben-jahr-sowieso-tot-waeren\/25782926.html\">https:\/\/www.tagesspiegel.de\/politik\/boris-palmer-provoziert-in-coronavirus-krise-wir-retten-moeglicherweise-menschen-die-in-einem-halben-jahr-sowieso-tot-waeren\/25782926.html<\/a><br \/>\n(12) <a href=\"https:\/\/augengeradeaus.net\/2020\/04\/verteidigungsministerin-erinnert-an-karfreitagsgefecht-2010-bereit-das-eigene-leben-einzusetzen\/\">https:\/\/augengeradeaus.net\/2020\/04\/verteidigungsministerin-erinnert-an-karfreitagsgefecht-2010-bereit-das-eigene-leben-einzusetzen\/<\/a><br \/>\n(13) <a href=\"https:\/\/www.pressenza.com\/de\/2020\/03\/un-generalsekretaer-guterres-ruft-zu-einem-globalen-waffenstillstand-auf\/\">https:\/\/www.pressenza.com\/de\/2020\/03\/un-generalsekretaer-guterres-ruft-zu-einem-globalen-waffenstillstand-auf\/<\/a><br \/>\n(14) <a href=\"https:\/\/web.de\/magazine\/politik\/gabor-steingarts-morning-briefing-maas-minister-strategische-ideenlosigkeit-34201826\">https:\/\/web.de\/magazine\/politik\/gabor-steingarts-morning-briefing-maas-minister-strategische-ideenlosigkeit-34201826<\/a><br \/>\n(15) <a href=\"https:\/\/www.auswaertiges-amt.de\/de\/newsroom\/maas-bundestag-irini\/2336740\">https:\/\/www.auswaertiges-amt.de\/de\/newsroom\/maas-bundestag-irini\/2336740<\/a><br \/>\n(16) <a href=\"https:\/\/www.tagesschau.de\/ausland\/libyen-konflikt-coronavirus-101.html\">https:\/\/www.tagesschau.de\/ausland\/libyen-konflikt-coronavirus-101.html<\/a><br \/>\n(17) <a href=\"https:\/\/www.tagesschau.de\/multimedia\/sendung\/ts-36741.html\">https:\/\/www.tagesschau.de\/multimedia\/sendung\/ts-36741.html<\/a><br \/>\n(18) <a href=\"https:\/\/de.wikipedia.org\/wiki\/Seenotrettung\">https:\/\/de.wikipedia.org\/wiki\/Seenotrettung<\/a><br \/>\n(19) <a href=\"https:\/\/www.spiegel.de\/politik\/fluechtlinge-in-libyen-die-hoelle-in-den-fluechtlingslagern-a-00000000-0002-0001-0000-000163724167\">https:\/\/www.spiegel.de\/politik\/fluechtlinge-in-libyen-die-hoelle-in-den-fluechtlingslagern-a-00000000-0002-0001-0000-000163724167<\/a><br \/>\n(20) <a href=\"https:\/\/www.tagesspiegel.de\/politik\/deutsche-ruestungsexporte-waffen-fuer-laender-die-den-libyen-krieg-befeuern\/25551362.html\">https:\/\/www.tagesspiegel.de\/politik\/deutsche-ruestungsexporte-waffen-fuer-laender-die-den-libyen-krieg-befeuern\/25551362.html<\/a><br \/>\n(21) <a href=\"https:\/\/www.sevimdagdelen.de\/libyen-einsatz-der-bundeswehr-abenteuerlich-absurd-und-aberwitzig\/\">https:\/\/www.sevimdagdelen.de\/libyen-einsatz-der-bundeswehr-abenteuerlich-absurd-und-aberwitzig\/<\/a><br \/>\n(22) <a href=\"https:\/\/de.statista.com\/statistik\/daten\/studie\/289426\/umfrage\/umfrage-zum-ausbau-der-bundeswehr-auslandseinsaetze\/\">https:\/\/de.statista.com\/statistik\/daten\/studie\/289426\/umfrage\/umfrage-zum-ausbau-der-bundeswehr-auslandseinsaetze\/<\/a><br \/>\n(23) <a href=\"https:\/\/www.youtube.com\/watch?v=1w7wMJSar8s.\">https:\/\/www.youtube.com\/watch?v=1w7wMJSar8s.<\/a><\/p>\n<p><em><strong>Das\u00a0Autoren-Team:\u00a0<\/strong><\/em><\/p>\n<p style=\"text-align: right;\"><em>Friedhelm Klinkhammer, Jahrgang\u00a01944, Jurist. 1975 bis 2008 Mitarbeiter des NDR, zeitweise Vorsitzender des NDR-Gesamtpersonalrats und des ver.di-Betriebsverbandes\u00a0sowie Referent einer Funkhausdirektorin.<\/em><\/p>\n<p style=\"text-align: right;\"><em>Volker Br\u00e4utigam, Jahrgang 1941, Redakteur. 1975 bis 1996 Mitarbeiter des NDR, zun\u00e4chst in der Tagesschau, von 1992 an in der Kulturredaktion f\u00fcr N3. Danach Lehrauftrag an der Fu-Jen-Universit\u00e4t\u00a0in Taipeh.<\/em><\/p>\n<p style=\"text-align: right;\"><em>Beide Autoren sind Mitglieder des Beirates des Deutschen Freidenker-Verbandes.<\/em><\/p>\n<p><span style=\"font-size: 10pt;\">Dieser Beitrag erschien auch am 04.05.2020 auf <a href=\"https:\/\/publikumskonferenz.de\/blog\/2020\/05\/04\/finale-rettungsschuesse-die-berliner-schiessbude-und-der-abschied-der-tagesschau-vom-nachrichtenjournalismus\/\" target=\"_blank\" rel=\"noopener noreferrer\">publikumskonferenz.de<\/a><\/span><\/p>\n<hr \/>\n<p><span style=\"font-size: 10pt;\">Bild: <a href=\"https:\/\/www.piqsels.com\/de\/public-domain-photo-zzzyx\" target=\"_blank\" rel=\"noopener noreferrer\">piqsels.com<\/a>,\u00a0 <a href=\"https:\/\/creativecommons.org\/publicdomain\/zero\/1.0\/deed.en\" target=\"_blank\" rel=\"nofollow noopener noreferrer\">Creative Commons Zero &#8211; CC0<\/a><\/span><\/p>\n","protected":false},"excerpt":{"rendered":"<p><b>Von Friedhelm Klinkhammer und Volker Br\u00e4utigam<\/b><br \/>\nDie Regierung Merkel schiebt im Schlagschatten der Pandemie einen m\u00f6rderischen Bundeswehr-Auslandseinsatz durchs Parlament; \u201eunsere Jungs und M\u00e4dels\u201c sollen jetzt auch noch nach Libyen. Bundestagspr\u00e4sident Sch\u00e4uble gibt das Grundgesetz f\u00fcr einen finalen Rettungsschuss frei: Die W\u00fcrde des Menschen stehe \u00fcber dessen Recht auf Leben. Und die Tagesschau, f\u00fchrende Repr\u00e4sentantin der \u201eVierten Gewalt\u201c im Staate, unterschl\u00e4gt diese Informationen und deren unerl\u00e4ssliche Erkl\u00e4rung.<\/p>\n","protected":false},"author":3,"featured_media":8002,"comment_status":"closed","ping_status":"closed","sticky":false,"template":"","format":"standard","meta":{"colormag_page_container_layout":"default_layout","colormag_page_sidebar_layout":"default_layout","advanced_seo_description":"","jetpack_seo_html_title":"","jetpack_seo_noindex":false,"jetpack_post_was_ever_published":false,"footnotes":""},"categories":[12],"tags":[1094,688,1256,773,832,860,1126],"class_list":["post-8001","post","type-post","status-publish","format-standard","has-post-thumbnail","hentry","category-demokratie-medien-aufklaerung","tag-ard","tag-bundeswehr","tag-corona-virus","tag-libyen","tag-menschenwuerde","tag-sozialdarwinismus","tag-tagesschau"],"jetpack_featured_media_url":"https:\/\/i0.wp.com\/www.freidenker.org\/fw17\/wp-content\/uploads\/2020\/05\/desert-camel-tank-army_800x450.jpg?fit=800%2C450&ssl=1","jetpack_shortlink":"https:\/\/wp.me\/p9stpK-253","jetpack-related-posts":[{"id":10953,"url":"https:\/\/www.freidenker.org\/?p=10953","url_meta":{"origin":8001,"position":0},"title":"Noch gibt es Richter in Deutschland","author":"Webredaktion","date":"3. August 2021","format":false,"excerpt":"Beitrag von Friedhelm Klinkhammer und Volker Br\u00e4utigam Mit \u00fcblen Tricks haben Bundestagspr\u00e4sident Wolfgang Sch\u00e4uble und Bundeswahlleiter Georg Thiel versucht, die Deutsche Kommunistische Partei, DKP, von der Bundestagswahl im September auszuschlie\u00dfen und sie als Partei zu exekutieren. Erst das Bundesverfassungsgericht in Karlsruhe stoppte das Intrigenspiel. ARD-aktuell befand erwartungsgem\u00e4\u00df, an der Aff\u00e4re\u2026","rel":"","context":"In &quot;Demokratie \u2013 Medien \u2013 Aufkl\u00e4rung&quot;","block_context":{"text":"Demokratie \u2013 Medien \u2013 Aufkl\u00e4rung","link":"https:\/\/www.freidenker.org\/?cat=12"},"img":{"alt_text":"","src":"https:\/\/i0.wp.com\/www.freidenker.org\/fw17\/wp-content\/uploads\/2021\/08\/dkp_bg_800x450.jpg?fit=800%2C450&ssl=1&resize=350%2C200","width":350,"height":200,"srcset":"https:\/\/i0.wp.com\/www.freidenker.org\/fw17\/wp-content\/uploads\/2021\/08\/dkp_bg_800x450.jpg?fit=800%2C450&ssl=1&resize=350%2C200 1x, https:\/\/i0.wp.com\/www.freidenker.org\/fw17\/wp-content\/uploads\/2021\/08\/dkp_bg_800x450.jpg?fit=800%2C450&ssl=1&resize=525%2C300 1.5x, https:\/\/i0.wp.com\/www.freidenker.org\/fw17\/wp-content\/uploads\/2021\/08\/dkp_bg_800x450.jpg?fit=800%2C450&ssl=1&resize=700%2C400 2x"},"classes":[]},{"id":8110,"url":"https:\/\/www.freidenker.org\/?p=8110","url_meta":{"origin":8001,"position":1},"title":"Minister Heils echt sozialdemokratischer Tiefschlag","author":"Webredaktion","date":"17. Mai 2020","format":false,"excerpt":"Beitrag von Friedhelm Klinkhammer und Volker Br\u00e4utigam In den Nachrichtensendungen der ARD-aktuell h\u00e4ufen sich Meldungen \u00fcber die \u00f6konomischen Auswirkungen des Anti-Pandemie-Regimes \u2013 und \u00fcber die Forderungen der Wirtschaftslobby nach finanziellem Ersatz und Steuererleichterungen. Das sonst so gern behauptete \u201eUnternehmerrisiko\u201c taucht in diesem Zusammenhang nat\u00fcrlich nicht auf. Wer tats\u00e4chlich die schwersten\u2026","rel":"","context":"In &quot;Arbeit &amp; Soziales&quot;","block_context":{"text":"Arbeit &amp; Soziales","link":"https:\/\/www.freidenker.org\/?cat=11"},"img":{"alt_text":"","src":"https:\/\/i0.wp.com\/www.freidenker.org\/fw17\/wp-content\/uploads\/2020\/05\/Hubertus_Heil_1271_800x450.jpg?fit=800%2C450&ssl=1&resize=350%2C200","width":350,"height":200,"srcset":"https:\/\/i0.wp.com\/www.freidenker.org\/fw17\/wp-content\/uploads\/2020\/05\/Hubertus_Heil_1271_800x450.jpg?fit=800%2C450&ssl=1&resize=350%2C200 1x, https:\/\/i0.wp.com\/www.freidenker.org\/fw17\/wp-content\/uploads\/2020\/05\/Hubertus_Heil_1271_800x450.jpg?fit=800%2C450&ssl=1&resize=525%2C300 1.5x, https:\/\/i0.wp.com\/www.freidenker.org\/fw17\/wp-content\/uploads\/2020\/05\/Hubertus_Heil_1271_800x450.jpg?fit=800%2C450&ssl=1&resize=700%2C400 2x"},"classes":[]},{"id":8843,"url":"https:\/\/www.freidenker.org\/?p=8843","url_meta":{"origin":8001,"position":2},"title":"Merkels K\u00fcchenkabinett: Ansteckender Machtmissbrauch","author":"Webredaktion","date":"25. Oktober 2020","format":false,"excerpt":"Beitrag von Friedhelm Klinkhammer und Volker Br\u00e4utigam Die Tagesschau hatte das Kleinereignis mit dem gro\u00dfen Symbolgehalt brav per Aufmacher gemeldet, aber den rabenschwarzen Humor hinter der Geschichte beflissen ignoriert: Ausgerechnet Gesundheitsminister Jens Spahn ist an Covid-19 erkrankt und musste sich wegsperren (lassen). Als die Pandemie im Januar Deutschland erreichte, war\u2026","rel":"","context":"In &quot;Arbeit &amp; Soziales&quot;","block_context":{"text":"Arbeit &amp; Soziales","link":"https:\/\/www.freidenker.org\/?cat=11"},"img":{"alt_text":"","src":"https:\/\/i0.wp.com\/www.freidenker.org\/fw17\/wp-content\/uploads\/2020\/10\/Unterzeichnung_des_Koalitionsvertrages_2018_800x450.jpg?fit=800%2C450&ssl=1&resize=350%2C200","width":350,"height":200,"srcset":"https:\/\/i0.wp.com\/www.freidenker.org\/fw17\/wp-content\/uploads\/2020\/10\/Unterzeichnung_des_Koalitionsvertrages_2018_800x450.jpg?fit=800%2C450&ssl=1&resize=350%2C200 1x, https:\/\/i0.wp.com\/www.freidenker.org\/fw17\/wp-content\/uploads\/2020\/10\/Unterzeichnung_des_Koalitionsvertrages_2018_800x450.jpg?fit=800%2C450&ssl=1&resize=525%2C300 1.5x, https:\/\/i0.wp.com\/www.freidenker.org\/fw17\/wp-content\/uploads\/2020\/10\/Unterzeichnung_des_Koalitionsvertrages_2018_800x450.jpg?fit=800%2C450&ssl=1&resize=700%2C400 2x"},"classes":[]},{"id":11728,"url":"https:\/\/www.freidenker.org\/?p=11728","url_meta":{"origin":8001,"position":3},"title":"Tagesschau-Spezialit\u00e4t: Feindbildpflege","author":"Webredaktion","date":"29. November 2021","format":false,"excerpt":"Beitrag von Friedhelm Klinkhammer und Volker Br\u00e4utigam ARD-aktuell berichtet \u00fcber eine Untersuchung, welche Politiker und Parteien am h\u00e4ufigsten Opfer von Falschmeldungen waren: die GR\u00dcNEN, diese \u2013 \u00c4rmsten.\u00a0Denen sich doch, wer merkt es nicht, so viele Journalisten verbunden f\u00fchlen.\u00a0Und wer produziert all die b\u00f6sen Fakenews? Der Russe nat\u00fcrlich. Kalter Kaffee, Napfs\u00fclze.\u00a0Wesentlich\u2026","rel":"","context":"In &quot;Demokratie \u2013 Medien \u2013 Aufkl\u00e4rung&quot;","block_context":{"text":"Demokratie \u2013 Medien \u2013 Aufkl\u00e4rung","link":"https:\/\/www.freidenker.org\/?cat=12"},"img":{"alt_text":"","src":"https:\/\/i0.wp.com\/www.freidenker.org\/fw17\/wp-content\/uploads\/2021\/11\/putin_graffiti-800x450-1.jpg?fit=800%2C450&ssl=1&resize=350%2C200","width":350,"height":200,"srcset":"https:\/\/i0.wp.com\/www.freidenker.org\/fw17\/wp-content\/uploads\/2021\/11\/putin_graffiti-800x450-1.jpg?fit=800%2C450&ssl=1&resize=350%2C200 1x, https:\/\/i0.wp.com\/www.freidenker.org\/fw17\/wp-content\/uploads\/2021\/11\/putin_graffiti-800x450-1.jpg?fit=800%2C450&ssl=1&resize=525%2C300 1.5x, https:\/\/i0.wp.com\/www.freidenker.org\/fw17\/wp-content\/uploads\/2021\/11\/putin_graffiti-800x450-1.jpg?fit=800%2C450&ssl=1&resize=700%2C400 2x"},"classes":[]},{"id":8424,"url":"https:\/\/www.freidenker.org\/?p=8424","url_meta":{"origin":8001,"position":4},"title":"Die \u201eSyrien-Hilfe\u201c und Maas, der Schein-Heilige","author":"Webredaktion","date":"12. Juli 2020","format":false,"excerpt":"Beitrag von Friedhelm Klinkhammer und Volker Br\u00e4utigam Die milit\u00e4rische und wirtschaftliche Interventionspolitik der westlichen Koalition unter F\u00fchrung der USA und unter Mitwirkung Deutschlands firmiert in den Massenmedien als Kampf f\u00fcr demokratischen Wandel in Syrien. Sie basiert jedoch auf grunds\u00e4tzlicher Missachtung der UN-Charta und f\u00fchrt seit neun Jahren zu ungez\u00e4hlten Kriegsverbrechen.\u2026","rel":"","context":"In &quot;Demokratie \u2013 Medien \u2013 Aufkl\u00e4rung&quot;","block_context":{"text":"Demokratie \u2013 Medien \u2013 Aufkl\u00e4rung","link":"https:\/\/www.freidenker.org\/?cat=12"},"img":{"alt_text":"","src":"https:\/\/i0.wp.com\/www.freidenker.org\/fw17\/wp-content\/uploads\/2020\/07\/syrien_pexels-photo-1226980_800x450.jpg?fit=800%2C450&ssl=1&resize=350%2C200","width":350,"height":200,"srcset":"https:\/\/i0.wp.com\/www.freidenker.org\/fw17\/wp-content\/uploads\/2020\/07\/syrien_pexels-photo-1226980_800x450.jpg?fit=800%2C450&ssl=1&resize=350%2C200 1x, https:\/\/i0.wp.com\/www.freidenker.org\/fw17\/wp-content\/uploads\/2020\/07\/syrien_pexels-photo-1226980_800x450.jpg?fit=800%2C450&ssl=1&resize=525%2C300 1.5x, https:\/\/i0.wp.com\/www.freidenker.org\/fw17\/wp-content\/uploads\/2020\/07\/syrien_pexels-photo-1226980_800x450.jpg?fit=800%2C450&ssl=1&resize=700%2C400 2x"},"classes":[]},{"id":6967,"url":"https:\/\/www.freidenker.org\/?p=6967","url_meta":{"origin":8001,"position":5},"title":"Die M\u00e4r von Deutschlands humanit\u00e4rer Au\u00dfenpolitik","author":"Webredaktion","date":"15. September 2019","format":false,"excerpt":"Beitrag von Friedhelm Klinkhammer und Volker Br\u00e4utigam Wir sind die Guten! Wei\u00df doch jeder. Deutschland tritt weltweit f\u00fcr Frieden, Freiheit, Humanit\u00e4t und Rechtswahrung ein. Unser Au\u00dfenminister Heiko Maas ist die menschgewordene Geradlinigkeit. Schaut, wie aufrecht er da steht und geht! \u2013 Glaubt man dem regelm\u00e4\u00dfig in der Tagesschau nachgebeteten \u201eDeutschland-Trend\u201c\u2026","rel":"","context":"In &quot;Demokratie \u2013 Medien \u2013 Aufkl\u00e4rung&quot;","block_context":{"text":"Demokratie \u2013 Medien \u2013 Aufkl\u00e4rung","link":"https:\/\/www.freidenker.org\/?cat=12"},"img":{"alt_text":"","src":"https:\/\/i0.wp.com\/www.freidenker.org\/fw17\/wp-content\/uploads\/2019\/09\/Heiko_Maas_SPD_MdB_by_Olaf_Kosinsky-7911_800x445.jpg?fit=800%2C445&ssl=1&resize=350%2C200","width":350,"height":200,"srcset":"https:\/\/i0.wp.com\/www.freidenker.org\/fw17\/wp-content\/uploads\/2019\/09\/Heiko_Maas_SPD_MdB_by_Olaf_Kosinsky-7911_800x445.jpg?fit=800%2C445&ssl=1&resize=350%2C200 1x, https:\/\/i0.wp.com\/www.freidenker.org\/fw17\/wp-content\/uploads\/2019\/09\/Heiko_Maas_SPD_MdB_by_Olaf_Kosinsky-7911_800x445.jpg?fit=800%2C445&ssl=1&resize=525%2C300 1.5x, https:\/\/i0.wp.com\/www.freidenker.org\/fw17\/wp-content\/uploads\/2019\/09\/Heiko_Maas_SPD_MdB_by_Olaf_Kosinsky-7911_800x445.jpg?fit=800%2C445&ssl=1&resize=700%2C400 2x"},"classes":[]}],"_links":{"self":[{"href":"https:\/\/www.freidenker.org\/index.php?rest_route=\/wp\/v2\/posts\/8001","targetHints":{"allow":["GET"]}}],"collection":[{"href":"https:\/\/www.freidenker.org\/index.php?rest_route=\/wp\/v2\/posts"}],"about":[{"href":"https:\/\/www.freidenker.org\/index.php?rest_route=\/wp\/v2\/types\/post"}],"author":[{"embeddable":true,"href":"https:\/\/www.freidenker.org\/index.php?rest_route=\/wp\/v2\/users\/3"}],"replies":[{"embeddable":true,"href":"https:\/\/www.freidenker.org\/index.php?rest_route=%2Fwp%2Fv2%2Fcomments&post=8001"}],"version-history":[{"count":0,"href":"https:\/\/www.freidenker.org\/index.php?rest_route=\/wp\/v2\/posts\/8001\/revisions"}],"wp:featuredmedia":[{"embeddable":true,"href":"https:\/\/www.freidenker.org\/index.php?rest_route=\/wp\/v2\/media\/8002"}],"wp:attachment":[{"href":"https:\/\/www.freidenker.org\/index.php?rest_route=%2Fwp%2Fv2%2Fmedia&parent=8001"}],"wp:term":[{"taxonomy":"category","embeddable":true,"href":"https:\/\/www.freidenker.org\/index.php?rest_route=%2Fwp%2Fv2%2Fcategories&post=8001"},{"taxonomy":"post_tag","embeddable":true,"href":"https:\/\/www.freidenker.org\/index.php?rest_route=%2Fwp%2Fv2%2Ftags&post=8001"}],"curies":[{"name":"wp","href":"https:\/\/api.w.org\/{rel}","templated":true}]}}