{"id":7986,"date":"2020-05-04T00:45:24","date_gmt":"2020-05-03T22:45:24","guid":{"rendered":"https:\/\/www.freidenker.org\/?p=7986"},"modified":"2020-06-19T02:47:42","modified_gmt":"2020-06-19T00:47:42","slug":"mai-kundgebung-in-koblenz-ruestung-gefaehrdet-ihre-gesundheit","status":"publish","type":"post","link":"https:\/\/www.freidenker.org\/?p=7986","title":{"rendered":"Mai-Kundgebung in Koblenz: R\u00fcstung gef\u00e4hrdet Ihre Gesundheit!"},"content":{"rendered":"<p>Nachdem der DGB bundesweit sein Beg\u00e4ngnis des 1. Mai 2020 ins Internet verlegt hatte, wollten viele, die am Kampftag der Arbeiterklasse immer auf die Stra\u00dfe gingen, sich das auch in diesem Jahr nicht nehmen lassen. In Koblenz hatte das B\u00fcndnis &#8222;Menschen f\u00fcr Grundrechte&#8220; zu einer Kundgebung auf den M\u00fcnzplatz gebeten und Klaus Hartmann, Bundesvorsitzender des Deutschen Freidenker-Verbandes, als Hauptredner eingeladen. 75 Teilnehmer hatte die Versammlungsbeh\u00f6rde genehmigt, \u00fcber 150 kamen, die &#8222;corona-bedingten&#8220; Abst\u00e4nde konnten aufgrund der Platzgr\u00f6\u00dfe gut eingehalten werden, die Polizei zeigte sich entspannt.<br \/>\nDie gut zweist\u00fcndige Kundgebung wurde durch kulturelle Beitr\u00e4ge des englischen Liedermachers Guy Dawson bereichert, (Besucher des Linken <a href=\"https:\/\/www.freidenker.org\/?p=6659\">Liedersommers 2019<\/a> &#8211; bei dem Guy auch Mitglied der Freidenker wurde &#8211; haben seinen Auftritt und die Arbeitsgruppe zur irischen Musik gegen die englische Herrschaft noch in bester Erinnerung).<\/p>\n<div class=\"tiled-gallery type-rectangular tiled-gallery-unresized\" data-original-width=\"800\" data-carousel-extra='{&quot;blog_id&quot;:1,&quot;permalink&quot;:&quot;https:\\\/\\\/www.freidenker.org\\\/?p=7986&quot;,&quot;likes_blog_id&quot;:139773280}' itemscope itemtype=\"http:\/\/schema.org\/ImageGallery\" > <div class=\"gallery-row\" style=\"width: 800px; height: 389px;\" data-original-width=\"800\" data-original-height=\"389\" > <div class=\"gallery-group images-2\" style=\"width: 282px; height: 389px;\" data-original-width=\"282\" data-original-height=\"389\" > <div class=\"tiled-gallery-item tiled-gallery-item-large\" itemprop=\"associatedMedia\" itemscope itemtype=\"http:\/\/schema.org\/ImageObject\"> <a href=\"https:\/\/www.freidenker.org\/?attachment_id=7991\" border=\"0\" itemprop=\"url\"> <meta itemprop=\"width\" content=\"278\"> <meta itemprop=\"height\" content=\"173\"> <img decoding=\"async\" class=\"\" data-attachment-id=\"7991\" data-orig-file=\"https:\/\/www.freidenker.org\/fw17\/wp-content\/uploads\/2020\/05\/2001501-Koblenz-04.jpeg\" data-orig-size=\"1375,854\" data-comments-opened=\"\" data-image-meta=\"{&quot;aperture&quot;:&quot;0&quot;,&quot;credit&quot;:&quot;&quot;,&quot;camera&quot;:&quot;&quot;,&quot;caption&quot;:&quot;&quot;,&quot;created_timestamp&quot;:&quot;0&quot;,&quot;copyright&quot;:&quot;&quot;,&quot;focal_length&quot;:&quot;0&quot;,&quot;iso&quot;:&quot;0&quot;,&quot;shutter_speed&quot;:&quot;0&quot;,&quot;title&quot;:&quot;&quot;,&quot;orientation&quot;:&quot;1&quot;}\" data-image-title=\"2001501-Koblenz-04\" data-image-description=\"\" data-medium-file=\"https:\/\/i0.wp.com\/www.freidenker.org\/fw17\/wp-content\/uploads\/2020\/05\/2001501-Koblenz-04.jpeg?fit=300%2C186&#038;ssl=1\" data-large-file=\"https:\/\/i0.wp.com\/www.freidenker.org\/fw17\/wp-content\/uploads\/2020\/05\/2001501-Koblenz-04.jpeg?fit=800%2C497&#038;ssl=1\" src=\"https:\/\/i0.wp.com\/www.freidenker.org\/fw17\/wp-content\/uploads\/2020\/05\/2001501-Koblenz-04.jpeg?w=278&#038;h=173&#038;ssl=1\" srcset=\"https:\/\/i0.wp.com\/www.freidenker.org\/fw17\/wp-content\/uploads\/2020\/05\/2001501-Koblenz-04.jpeg?w=1375&amp;ssl=1 1375w, https:\/\/i0.wp.com\/www.freidenker.org\/fw17\/wp-content\/uploads\/2020\/05\/2001501-Koblenz-04.jpeg?resize=300%2C186&amp;ssl=1 300w, https:\/\/i0.wp.com\/www.freidenker.org\/fw17\/wp-content\/uploads\/2020\/05\/2001501-Koblenz-04.jpeg?resize=1024%2C636&amp;ssl=1 1024w, https:\/\/i0.wp.com\/www.freidenker.org\/fw17\/wp-content\/uploads\/2020\/05\/2001501-Koblenz-04.jpeg?resize=768%2C477&amp;ssl=1 768w\" width=\"278\" height=\"173\" loading=\"lazy\" data-original-width=\"278\" data-original-height=\"173\" itemprop=\"http:\/\/schema.org\/image\" title=\"2001501-Koblenz-04\" alt=\"Kundgebung mit Klaus Hartmann am Mikrofon\" style=\"width: 278px; height: 173px;\" \/> <\/a> <div class=\"tiled-gallery-caption\" itemprop=\"caption description\"> Kundgebung mit Klaus Hartmann am Mikrofon <\/div> <\/div> <div class=\"tiled-gallery-item tiled-gallery-item-large\" itemprop=\"associatedMedia\" itemscope itemtype=\"http:\/\/schema.org\/ImageObject\"> <a href=\"https:\/\/www.freidenker.org\/?attachment_id=7990\" border=\"0\" itemprop=\"url\"> <meta itemprop=\"width\" content=\"278\"> <meta itemprop=\"height\" content=\"208\"> <img decoding=\"async\" class=\"\" data-attachment-id=\"7990\" data-orig-file=\"https:\/\/www.freidenker.org\/fw17\/wp-content\/uploads\/2020\/05\/2001501-Koblenz-02.jpeg\" data-orig-size=\"1600,1200\" data-comments-opened=\"\" data-image-meta=\"{&quot;aperture&quot;:&quot;0&quot;,&quot;credit&quot;:&quot;&quot;,&quot;camera&quot;:&quot;&quot;,&quot;caption&quot;:&quot;&quot;,&quot;created_timestamp&quot;:&quot;0&quot;,&quot;copyright&quot;:&quot;&quot;,&quot;focal_length&quot;:&quot;0&quot;,&quot;iso&quot;:&quot;0&quot;,&quot;shutter_speed&quot;:&quot;0&quot;,&quot;title&quot;:&quot;&quot;,&quot;orientation&quot;:&quot;1&quot;}\" data-image-title=\"2001501-Koblenz-02\" data-image-description=\"\" data-medium-file=\"https:\/\/i0.wp.com\/www.freidenker.org\/fw17\/wp-content\/uploads\/2020\/05\/2001501-Koblenz-02.jpeg?fit=300%2C225&#038;ssl=1\" data-large-file=\"https:\/\/i0.wp.com\/www.freidenker.org\/fw17\/wp-content\/uploads\/2020\/05\/2001501-Koblenz-02.jpeg?fit=800%2C600&#038;ssl=1\" src=\"https:\/\/i0.wp.com\/www.freidenker.org\/fw17\/wp-content\/uploads\/2020\/05\/2001501-Koblenz-02.jpeg?w=278&#038;h=208&#038;ssl=1\" srcset=\"https:\/\/i0.wp.com\/www.freidenker.org\/fw17\/wp-content\/uploads\/2020\/05\/2001501-Koblenz-02.jpeg?w=1600&amp;ssl=1 1600w, https:\/\/i0.wp.com\/www.freidenker.org\/fw17\/wp-content\/uploads\/2020\/05\/2001501-Koblenz-02.jpeg?resize=300%2C225&amp;ssl=1 300w, https:\/\/i0.wp.com\/www.freidenker.org\/fw17\/wp-content\/uploads\/2020\/05\/2001501-Koblenz-02.jpeg?resize=1024%2C768&amp;ssl=1 1024w, https:\/\/i0.wp.com\/www.freidenker.org\/fw17\/wp-content\/uploads\/2020\/05\/2001501-Koblenz-02.jpeg?resize=768%2C576&amp;ssl=1 768w, https:\/\/i0.wp.com\/www.freidenker.org\/fw17\/wp-content\/uploads\/2020\/05\/2001501-Koblenz-02.jpeg?resize=1536%2C1152&amp;ssl=1 1536w\" width=\"278\" height=\"208\" loading=\"lazy\" data-original-width=\"278\" data-original-height=\"208\" itemprop=\"http:\/\/schema.org\/image\" title=\"2001501-Koblenz-02\" alt=\"Mai-Kundgebung in Koblenz\" style=\"width: 278px; height: 208px;\" \/> <\/a> <div class=\"tiled-gallery-caption\" itemprop=\"caption description\"> Mai-Kundgebung in Koblenz <\/div> <\/div> <\/div> <!-- close group --> <div class=\"gallery-group images-1\" style=\"width: 518px; height: 389px;\" data-original-width=\"518\" data-original-height=\"389\" > <div class=\"tiled-gallery-item tiled-gallery-item-large\" itemprop=\"associatedMedia\" itemscope itemtype=\"http:\/\/schema.org\/ImageObject\"> <a href=\"https:\/\/www.freidenker.org\/?attachment_id=7989\" border=\"0\" itemprop=\"url\"> <meta itemprop=\"width\" content=\"514\"> <meta itemprop=\"height\" content=\"385\"> <img decoding=\"async\" class=\"\" data-attachment-id=\"7989\" data-orig-file=\"https:\/\/www.freidenker.org\/fw17\/wp-content\/uploads\/2020\/05\/2001501-Koblenz-01.jpeg\" data-orig-size=\"1600,1200\" data-comments-opened=\"\" data-image-meta=\"{&quot;aperture&quot;:&quot;0&quot;,&quot;credit&quot;:&quot;&quot;,&quot;camera&quot;:&quot;&quot;,&quot;caption&quot;:&quot;&quot;,&quot;created_timestamp&quot;:&quot;0&quot;,&quot;copyright&quot;:&quot;&quot;,&quot;focal_length&quot;:&quot;0&quot;,&quot;iso&quot;:&quot;0&quot;,&quot;shutter_speed&quot;:&quot;0&quot;,&quot;title&quot;:&quot;&quot;,&quot;orientation&quot;:&quot;1&quot;}\" data-image-title=\"2001501-Koblenz-01\" data-image-description=\"\" data-medium-file=\"https:\/\/i0.wp.com\/www.freidenker.org\/fw17\/wp-content\/uploads\/2020\/05\/2001501-Koblenz-01.jpeg?fit=300%2C225&#038;ssl=1\" data-large-file=\"https:\/\/i0.wp.com\/www.freidenker.org\/fw17\/wp-content\/uploads\/2020\/05\/2001501-Koblenz-01.jpeg?fit=800%2C600&#038;ssl=1\" src=\"https:\/\/i0.wp.com\/www.freidenker.org\/fw17\/wp-content\/uploads\/2020\/05\/2001501-Koblenz-01.jpeg?w=514&#038;h=385&#038;ssl=1\" srcset=\"https:\/\/i0.wp.com\/www.freidenker.org\/fw17\/wp-content\/uploads\/2020\/05\/2001501-Koblenz-01.jpeg?w=1600&amp;ssl=1 1600w, https:\/\/i0.wp.com\/www.freidenker.org\/fw17\/wp-content\/uploads\/2020\/05\/2001501-Koblenz-01.jpeg?resize=300%2C225&amp;ssl=1 300w, https:\/\/i0.wp.com\/www.freidenker.org\/fw17\/wp-content\/uploads\/2020\/05\/2001501-Koblenz-01.jpeg?resize=1024%2C768&amp;ssl=1 1024w, https:\/\/i0.wp.com\/www.freidenker.org\/fw17\/wp-content\/uploads\/2020\/05\/2001501-Koblenz-01.jpeg?resize=768%2C576&amp;ssl=1 768w, https:\/\/i0.wp.com\/www.freidenker.org\/fw17\/wp-content\/uploads\/2020\/05\/2001501-Koblenz-01.jpeg?resize=1536%2C1152&amp;ssl=1 1536w\" width=\"514\" height=\"385\" loading=\"lazy\" data-original-width=\"514\" data-original-height=\"385\" itemprop=\"http:\/\/schema.org\/image\" title=\"2001501-Koblenz-01\" alt=\"Kundgebung mit Klaus Hartmann am Mikrofon\" style=\"width: 514px; height: 385px;\" \/> <\/a> <div class=\"tiled-gallery-caption\" itemprop=\"caption description\"> Kundgebung mit Klaus Hartmann am Mikrofon <\/div> <\/div> <\/div> <!-- close group --> <\/div> <!-- close row --> <div class=\"gallery-row\" style=\"width: 800px; height: 227px;\" data-original-width=\"800\" data-original-height=\"227\" > <div class=\"gallery-group images-1\" style=\"width: 400px; height: 227px;\" data-original-width=\"400\" data-original-height=\"227\" > <div class=\"tiled-gallery-item tiled-gallery-item-large\" itemprop=\"associatedMedia\" itemscope itemtype=\"http:\/\/schema.org\/ImageObject\"> <a href=\"https:\/\/www.freidenker.org\/?attachment_id=7988\" border=\"0\" itemprop=\"url\"> <meta itemprop=\"width\" content=\"396\"> <meta itemprop=\"height\" content=\"223\"> <img decoding=\"async\" class=\"\" data-attachment-id=\"7988\" data-orig-file=\"https:\/\/www.freidenker.org\/fw17\/wp-content\/uploads\/2020\/05\/200501-Koblenz-08.jpg\" data-orig-size=\"1920,1080\" data-comments-opened=\"\" data-image-meta=\"{&quot;aperture&quot;:&quot;4&quot;,&quot;credit&quot;:&quot;&quot;,&quot;camera&quot;:&quot;HDC-SD100&quot;,&quot;caption&quot;:&quot;&quot;,&quot;created_timestamp&quot;:&quot;1588338311&quot;,&quot;copyright&quot;:&quot;&quot;,&quot;focal_length&quot;:&quot;0&quot;,&quot;iso&quot;:&quot;0&quot;,&quot;shutter_speed&quot;:&quot;0.01&quot;,&quot;title&quot;:&quot;&quot;,&quot;orientation&quot;:&quot;1&quot;}\" data-image-title=\"200501-Koblenz-08\" data-image-description=\"\" data-medium-file=\"https:\/\/i0.wp.com\/www.freidenker.org\/fw17\/wp-content\/uploads\/2020\/05\/200501-Koblenz-08.jpg?fit=300%2C169&#038;ssl=1\" data-large-file=\"https:\/\/i0.wp.com\/www.freidenker.org\/fw17\/wp-content\/uploads\/2020\/05\/200501-Koblenz-08.jpg?fit=800%2C450&#038;ssl=1\" src=\"https:\/\/i0.wp.com\/www.freidenker.org\/fw17\/wp-content\/uploads\/2020\/05\/200501-Koblenz-08.jpg?w=396&#038;h=223&#038;ssl=1\" srcset=\"https:\/\/i0.wp.com\/www.freidenker.org\/fw17\/wp-content\/uploads\/2020\/05\/200501-Koblenz-08.jpg?w=1920&amp;ssl=1 1920w, https:\/\/i0.wp.com\/www.freidenker.org\/fw17\/wp-content\/uploads\/2020\/05\/200501-Koblenz-08.jpg?resize=300%2C169&amp;ssl=1 300w, https:\/\/i0.wp.com\/www.freidenker.org\/fw17\/wp-content\/uploads\/2020\/05\/200501-Koblenz-08.jpg?resize=1024%2C576&amp;ssl=1 1024w, https:\/\/i0.wp.com\/www.freidenker.org\/fw17\/wp-content\/uploads\/2020\/05\/200501-Koblenz-08.jpg?resize=768%2C432&amp;ssl=1 768w, https:\/\/i0.wp.com\/www.freidenker.org\/fw17\/wp-content\/uploads\/2020\/05\/200501-Koblenz-08.jpg?resize=1536%2C864&amp;ssl=1 1536w, https:\/\/i0.wp.com\/www.freidenker.org\/fw17\/wp-content\/uploads\/2020\/05\/200501-Koblenz-08.jpg?w=1600&amp;ssl=1 1600w\" width=\"396\" height=\"223\" loading=\"lazy\" data-original-width=\"396\" data-original-height=\"223\" itemprop=\"http:\/\/schema.org\/image\" title=\"200501-Koblenz-08\" alt=\"Sabiene Jahn, Versammlungsleiterin und Freidenkerin in Rheinland-Pfalz, bei ihrer Begr\u00fc\u00dfungsansprache\" style=\"width: 396px; height: 223px;\" \/> <\/a> <div class=\"tiled-gallery-caption\" itemprop=\"caption description\"> Sabiene Jahn, Versammlungsleiterin und Freidenkerin in Rheinland-Pfalz, bei ihrer Begr\u00fc\u00dfungsansprache <\/div> <\/div> <\/div> <!-- close group --> <div class=\"gallery-group images-1\" style=\"width: 400px; height: 227px;\" data-original-width=\"400\" data-original-height=\"227\" > <div class=\"tiled-gallery-item tiled-gallery-item-large\" itemprop=\"associatedMedia\" itemscope itemtype=\"http:\/\/schema.org\/ImageObject\"> <a href=\"https:\/\/www.freidenker.org\/?attachment_id=7987\" border=\"0\" itemprop=\"url\"> <meta itemprop=\"width\" content=\"396\"> <meta itemprop=\"height\" content=\"223\"> <img decoding=\"async\" class=\"\" data-attachment-id=\"7987\" data-orig-file=\"https:\/\/www.freidenker.org\/fw17\/wp-content\/uploads\/2020\/05\/200501-Koblenz-05.jpg\" data-orig-size=\"1920,1080\" data-comments-opened=\"\" data-image-meta=\"{&quot;aperture&quot;:&quot;4&quot;,&quot;credit&quot;:&quot;&quot;,&quot;camera&quot;:&quot;HDC-SD100&quot;,&quot;caption&quot;:&quot;&quot;,&quot;created_timestamp&quot;:&quot;1588337750&quot;,&quot;copyright&quot;:&quot;&quot;,&quot;focal_length&quot;:&quot;0&quot;,&quot;iso&quot;:&quot;0&quot;,&quot;shutter_speed&quot;:&quot;0.008&quot;,&quot;title&quot;:&quot;&quot;,&quot;orientation&quot;:&quot;1&quot;}\" data-image-title=\"200501-Koblenz-05\" data-image-description=\"\" data-medium-file=\"https:\/\/i0.wp.com\/www.freidenker.org\/fw17\/wp-content\/uploads\/2020\/05\/200501-Koblenz-05.jpg?fit=300%2C169&#038;ssl=1\" data-large-file=\"https:\/\/i0.wp.com\/www.freidenker.org\/fw17\/wp-content\/uploads\/2020\/05\/200501-Koblenz-05.jpg?fit=800%2C450&#038;ssl=1\" src=\"https:\/\/i0.wp.com\/www.freidenker.org\/fw17\/wp-content\/uploads\/2020\/05\/200501-Koblenz-05.jpg?w=396&#038;h=223&#038;ssl=1\" srcset=\"https:\/\/i0.wp.com\/www.freidenker.org\/fw17\/wp-content\/uploads\/2020\/05\/200501-Koblenz-05.jpg?w=1920&amp;ssl=1 1920w, https:\/\/i0.wp.com\/www.freidenker.org\/fw17\/wp-content\/uploads\/2020\/05\/200501-Koblenz-05.jpg?resize=300%2C169&amp;ssl=1 300w, https:\/\/i0.wp.com\/www.freidenker.org\/fw17\/wp-content\/uploads\/2020\/05\/200501-Koblenz-05.jpg?resize=1024%2C576&amp;ssl=1 1024w, https:\/\/i0.wp.com\/www.freidenker.org\/fw17\/wp-content\/uploads\/2020\/05\/200501-Koblenz-05.jpg?resize=768%2C432&amp;ssl=1 768w, https:\/\/i0.wp.com\/www.freidenker.org\/fw17\/wp-content\/uploads\/2020\/05\/200501-Koblenz-05.jpg?resize=1536%2C864&amp;ssl=1 1536w, https:\/\/i0.wp.com\/www.freidenker.org\/fw17\/wp-content\/uploads\/2020\/05\/200501-Koblenz-05.jpg?w=1600&amp;ssl=1 1600w\" width=\"396\" height=\"223\" loading=\"lazy\" data-original-width=\"396\" data-original-height=\"223\" itemprop=\"http:\/\/schema.org\/image\" title=\"200501-Koblenz-05\" alt=\"Wenn schon Maskenball, sollte der Text stimmen: &quot;Raus aus der NATO - NATO raus!&quot;\" style=\"width: 396px; height: 223px;\" \/> <\/a> <div class=\"tiled-gallery-caption\" itemprop=\"caption description\"> Wenn schon Maskenball, sollte der Text stimmen: &#8222;Raus aus der NATO &#8211; NATO raus!&#8220; <\/div> <\/div> <\/div> <!-- close group --> <\/div> <!-- close row --> <\/div>\n<hr \/>\n<p><strong><em>Rede von Klaus Hartmann, Bundesvorsitzender des Deutschen Freidenker-Verbandes auf der Kundgebung zum 1. Mai 2020 in Koblenz<\/em><\/strong><\/p>\n<h4><strong>Zum 1. Mai 2020: Heraus!<\/strong><\/h4>\n<div class=\"jetpack-video-wrapper\"><span class=\"embed-youtube\" style=\"text-align:center; display: block;\"><iframe loading=\"lazy\" class=\"youtube-player\" width=\"800\" height=\"450\" src=\"https:\/\/www.youtube.com\/embed\/l9Zj9jegMaU?version=3&#038;rel=1&#038;showsearch=0&#038;showinfo=1&#038;iv_load_policy=1&#038;fs=1&#038;hl=de-DE&#038;autohide=2&#038;wmode=transparent\" allowfullscreen=\"true\" style=\"border:0;\" sandbox=\"allow-scripts allow-same-origin allow-popups allow-presentation allow-popups-to-escape-sandbox\"><\/iframe><\/span><\/div>\n<p>Ich begr\u00fc\u00dfe Euch zum 1. Mai, der f\u00fcr uns Freidenker der Tag der Arbeiterklasse ist und bleibt. Das ist so seit dem 1. Mai 1886, als in den USA Hunderttausende ihre Arbeit niederlegten und auf die Stra\u00dfe gingen, um f\u00fcr bessere Arbeitsbedingungen, h\u00f6here L\u00f6hne und f\u00fcr Arbeitszeit\u00adverk\u00fcrzung zu demonstrieren. Und das ist in Deutschland so seit dem 1. Mai 1890, nachdem 1889 in Paris ein internationaler Arbeiterkongress beschlossen hat, dass die Arbeiter an diesem Tag weltweit streiken sollen.<\/p>\n<p>Der oberste Verwalter der Arbeiterbewegung in Deutschland ist der Deutsche Gewerkschafts\u00adbund. An dessen Spitze steht Rainer Hoffmann, und der sagte am 20. M\u00e4rz die 1. Mai-Kund\u00adgebungen 2020 ab. Also seine, nicht unsere.<\/p>\n<p>Hoffmann ist in der EU-B\u00fcrokratie in Br\u00fcssel aufgewachsen, und sein Job als DGB-Vorsitzender f\u00fcllt ihn offenbar nicht aus. Deshalb ist er auch noch Vorstandsmitglied im US-Lobby-Verein Atlantikbr\u00fccke, zusammen mit anderen halbseidenen Gestalten: Friedrich Merz, Wolfgang Ischinger, J\u00fcrgen Fitschen und Kai Dieckmann nebst Bankern und Mitgliedern der Rockefeller-Denkfabrik \u201eTrilaterale Kommission\u201c, die auf Initiative der Bilderberger gegr\u00fcndet wurde: Das \u201eWho is who\u201c aus den Grauzonen des \u201eTiefen Staates\u201c, da mag ein Gewerkschaftsoberer nicht abseits stehen.<\/p>\n<p>Hoffmann: \u201eDie Corona-Pandemie bedeutet ein Leben im Ausnahmezustand: Die Solidarit\u00e4t, die die weltweite Ausbreitung des Corona-Virus uns allen abverlangt, zwingt uns auch zu einer historisch einmaligen Entscheidung. Schweren Herzens m\u00fcssen wir die 1. Mai Kundgebungen dieses Jahres leider absagen. Solidarit\u00e4t hei\u00dft in diesem Jahr: Abstand halten!\u201c Da Hoffmann aber auf vielen Schultern tr\u00e4gt, wei\u00df ich nicht so recht: spricht da der Gewerkschafter, oder die Stimme seiner Herren?<\/p>\n<p>Dazu sage ich: Abstand halten wir, aber nicht die Klappe! Am 1. Mai gilt es Flagge zu zeigen, und nicht nur \u201evirtuell\u201c, sondern auf der Stra\u00dfe! Oder gibt es dieses Jahr keine Themen, keine Probleme, auf die wir aufmerksam machen m\u00fcssten?<\/p>\n<p>Die Erfolge der Bundesregierung in den letzten Wochen sind un\u00fcbersehbar: \u00dcber 10 Millionen Menschen machen Kurzarbeit, hie\u00df es gestern, 1 Million zus\u00e4tzliche Arbeitslose werden er\u00adwartet. Und wie viele Hotels und Gastst\u00e4tten werden Corona \u00fcberleben, wie viele Theater und Ateliers, wie viele K\u00fcnstler und Selbstst\u00e4ndige, H\u00e4ndler und Fachgesch\u00e4fte?<\/p>\n<p>Ich kann nicht die ganze Geschichte des Virus aufbl\u00e4ttern, das in aller Munde ist, ich beschr\u00e4nke mich auf Gesundheitspolitik \u2013 im engeren Sinne sowie das Thema \u201eR\u00fcstung gef\u00e4hrdet Ihre Gesundheit\u201c.<\/p>\n<p>Bis heute ist es der Bundesregierung nicht gelungen, das medizinische Personal in Kliniken, Arztpraxen, Altenheimen und Pflegediensten mit s\u00e4mtlichem notwendigen Material zu ver\u00adsorgen. Ausgerechnet jene, die sich heute in Sorge um unsere Gesundheit \u00fcbertreffen wollen, haben das Gesundheitssystem in den letzten Jahren systematisch geschw\u00e4cht.<\/p>\n<p>Kliniken wurden privatisiert, zu Profitcentern umgebaut oder geschlossen. Das gesamte Gesund\u00adheitswesen der \u201ewestlichen Welt\u201c wurde in den letzten Jahrzehnten nach dem Ma\u00dfstab der Gewinnmaximierung ausgerichtet, Gesundheit wurde immer mehr zur Ware. Dass es in Deutschland angeblich genug Intensivbetten g\u00e4be, wird jetzt stolz von denselben verk\u00fcndet, die noch letztes Jahr \u201e\u00dcberkapazit\u00e4ten\u201c in der station\u00e4ren Versorgung abbauen wollten.<\/p>\n<p>Gen\u00fcgend Intensivbetten? Aber wie viele k\u00f6nnen nicht belegt werden, weil \u00fcber 80.000 Pflegekr\u00e4fte fehlen? Wievielte durften nicht belegt werden, weil die Bundesregierung anwies, die m\u00fcssten f\u00fcr Corona-Patienten reserviert werden? Wie viele lebensrettende Operationen und Behandlungen konnten deshalb nicht durchgef\u00fchrt werden, wer z\u00e4hlt diese Toten?<\/p>\n<p>2016 stellte Minister Laumann den NRW-Krankenhausplan 2020 vor, erarbeitet von einer Deutschen Nationalakademie, von der bis vor Kurzem kaum jemand was geh\u00f6rt hatte: Leopoldina hei\u00dft der Laden, er wurde uns vor einigen Tagen als Expertenversammlung in Sachen Corona vorgef\u00fchrt. Ihr Plan: Reduzierung der Krankenhauszahl von 1.900 auf 330. Eine neo\u00adliberale Denkfabrik im Gewand einer Nationalakademie? Im vergangenen Jahr agierte die Bertelsmann-Stiftung als Lobby-Presse-Abteilung der Bundesregierung, und forderte die Schlie\u00dfung von 800 der noch gut 1400 Kliniken.<\/p>\n<p>\u00dcbrig bleiben sollen nach diesen kranken Pl\u00e4nen nur hochprofitable Superkliniken, f\u00fcr die anderen gibt es Abwrackpr\u00e4mien aus dem \u201eKrankenhausstrukturfond\u201c. Und das soll kein Grund sein, gegen diese Inhumanit\u00e4t auf die Stra\u00dfe zu gehen? Mit Applaus vom Balkon und mit Fernsehspots auf die \u201eHelden des Alltags\u201c ist es nicht getan. Viele Betroffene sehen darin im Gegenteil einen Hohn, die billigste L\u00f6sung f\u00fcr die Verantwortlichen.<\/p>\n<p>Freidenker verbinden Dank und Anerkennung f\u00fcr die Menschen in Heil- und Pflegeberufen mit der Forderung, sie endlich besser zu bezahlen, die Arbeitsbedingungen zu erleichtern, mehr Personal einzustellen, gen\u00fcgend Schutzausr\u00fcstung und Arbeitsmaterial zur Verf\u00fcgung zu stellen. Wir unterst\u00fctzen die K\u00e4mpfe aller Berufsgruppen in Krankenh\u00e4usern und Pflegeeinrichtungen f\u00fcr diese Ziele. F\u00fcr unsere Grundrechte demonstrieren hei\u00dft auch: Gesundheit ist keine Ware, Gesundheit ist ein Menschenrecht!<\/p>\n<p>Freidenker unterst\u00fctzen Initiativen, die Proteste wieder auf die Stra\u00dfe zu tragen \u2013 seien es die Forderungen der Besch\u00e4ftigten im Gesundheitswesen, seien es Proteste gegen Kriege und Forderungen zur Umlenkung der R\u00fcstungsmilliarden in die Daseinsvorsorge, seien es Proteste gegen den Ausbau des \u00dcberwachungsstaates und die Aushebelung des Demonstrationsrechts.<\/p>\n<p>W\u00e4hrend aber wir \u2013 die Arbeiterbewegung, die Friedensbewegung, die Demokratiebewegung \u2013nicht demonstrieren d\u00fcrfen sollen, h\u00e4lt sich dann die Gegenseite, halten sich die Regierenden, die kapitalistischen Einheitsparteien und ihre Bei-Fu\u00df-Medien wenigstens bedeckt, halten sie mal die Klappe, also zumindest mal so etwas wie einen Waffenstillstand? Nat\u00fcrlich nicht, weit gefehlt, sie wollen aus der Lage ihren Nutzen ziehen, den Vorteil, dass sie mit Quasi-Monopol bestimmen k\u00f6nnen, wo es lang geht, was gemacht und was gesagt werden darf. Ohne Wider\u00adspruch f\u00fcrchten zu m\u00fcssen, paradiesische Zust\u00e4nde eben, einfach \u201ealternativlos\u201c \u2013 alternativlos, das Lieblingswort der Anstaltsleiterin.<\/p>\n<p>Denn w\u00e4hrend bundesweit Demonstrationen wegen Ansteckungsgefahr verboten wurden, werden die Kriege unger\u00fchrt fortgesetzt. Keine Rede davon, den Aufruf des Generalsekret\u00e4rs der Vereinten Nationen, Ant\u00f3nio Guterres, f\u00fcr einen globalen Waffenstillstand zu respektieren. Und dagegen sollen wir nicht demonstrieren?<\/p>\n<p>Auch an der Propagandafront herrscht kein Waffenstillstand. Auch angesichts \u201eCorona\u201c geraten westliche Geheimdienste und Medien wieder in russophobe und antichinesische Wallungen. Die EU wirft Russland Desinformation in der Coronakrise vor. Zur Verbreitung solcher Erkenntnisse hat die EU 2015 eigens eine Agentur gegen Fake News geschaffen: Die <a href=\"https:\/\/euvsdisinfo.eu\/\">\u201eEast StratCom Task Force\u201c<\/a>, \u201estrategische Kommunikation\u201c verr\u00e4t die manipulative Absicht. Sie arbeitet eng mit der antirussischen Propaganda-Kampagne \u201eIntegrity Initiative\u201c in Gro\u00dfbritannien zusammen.<\/p>\n<p>Und die wissen bestens \u00fcber Putins Absichten Bescheid: \u201eVerwirrung, Panik und Angst ver\u00adsch\u00e4rfen\u201c. Und dann bringen sie den Witz des Tages, nein, der Corona-Saison: Ziel <a href=\"https:\/\/www.tagesspiegel.de\/politik\/china-gibt-usa-die-schuld-am-ausbruch-des-coronavirus-wie-desinformation-in-zeiten-von-corona-funktioniert\/25649432.html\">der Desinfor\u00admation<\/a> durch den Kreml sei es, die Krise in westlichen L\u00e4ndern zu verschlimmern, besonders in\u00addem das \u00f6ffentliche Vertrauen in die nationalen Gesundheitssysteme untergraben werde. Ach so\u2026 Und wir dachten, das h\u00e4tten Spahn und seine Laum\u00e4nner geschafft, mitsamt der EU, die Griechenland, Spanien und Italien Sparauflagen diktiert hat, um ihre Gesundheitssysteme zu ruinieren. Wenn die Fake-News-Experten Recht haben sollen, kann man sich das nur so erkl\u00e4ren: auch die Leopoldina und die Bertelsmann-Stiftung sind offenbar im Auftrag des Kreml unterwegs.<\/p>\n<p>Zur angeblich \u201ehybriden Kriegsf\u00fchrung Russlands\u201c (Bundeskanzlerin Angela Merkel am 25. Januar 2019 bei der M\u00fcnchner Sicherheitskonferenz) z\u00e4hlen offenbar auch die Hilfsleistungen in viele europ\u00e4ische L\u00e4nder. Denen unterstellen die Mainstreammedien einerseits Nutzlosigkeit, und dann sogleich, im Widerspruch und Kontrast dazu, eigenn\u00fctzige, propagandistische Zwecke. Aber wie kann man mit unbrauchbaren Hilfsg\u00fctern Propaganda machen? Die \u201eQualit\u00e4tsmedien\u201c erfinden Fakes \u00fcber russische Fake-News, aber scheuen sich, von der Bundesregierung zu fordern, dem russischen Beispiel zu folgen: Sechs Wochen arbeitsfrei bei vollem Lohnausgleich! Das w\u00e4re doch mal ein exzellenter Gesundheitsschutz!<\/p>\n<p>Letztes Wochenende erregte Bundestagspr\u00e4sident Sch\u00e4uble mit dem Satz Aufsehen: wenn \u201ealles andere habe vor dem Schutz von Leben zur\u00fcckzutreten habe, dann muss ich sagen: Das ist in dieser Absolutheit nicht richtig\u201c. Mich \u00fcberrascht dabei am meisten die \u00dcberraschung \u00fcber den Satz &#8211; das ist doch schon lange die erkl\u00e4rte Politik der Bundesregierung. Sch\u00e4uble weiter: Die im Grundgesetz verankerte Menschenw\u00fcrde \u201eschlie\u00dft nicht aus, dass wir sterben m\u00fcssen\u201c. Da ist er bei der Kriegsministerin Kramp-Knarrenbauer an der richtigen Adresse. Die will jetzt unbedingt zu den Krisengewinnlern geh\u00f6ren.<\/p>\n<p>Da hier einige Exemplare des Grundgesetzes unterwegs sind, schadet es auch nichts, \u00fcber die ersten 20 Artikel hinaus zu lesen und mal einen Blick auf <strong>Art. 26<\/strong> zu werfen:<\/p>\n<p><em>(1) Handlungen, die geeignet sind und in der Absicht vorgenommen werden, das friedliche Zusammenleben der V\u00f6lker zu st\u00f6ren, insbesondere die F\u00fchrung eines Angriffskrieges vorzubereiten, sind verfassungswidrig. Sie sind unter Strafe zu stellen.<\/em><\/p>\n<p><em>(2) Zur Kriegsf\u00fchrung bestimmte Waffen d\u00fcrfen nur mit Genehmigung der Bundesregierung hergestellt, bef\u00f6rdert und in Verkehr gebracht werden. Das N\u00e4here regelt ein Bundesgesetz.<\/em><\/p>\n<p>\u201eDas Virus \u00e4ndert alles\u201c, wird verk\u00fcndet, nur Eines offenbar nicht: das Feindbild und die Sto\u00dfrichtung der USA, der NATO und ihrer Mitglieder. Kriege werden fortgesetzt, sagte ich, und auch Deutschland f\u00fchrt Krieg \u2013 jeden Tag. Deutschland ist derzeit an 13 Interventionskriegen, u.a. im Rahmen der NATO beteiligt. Der Kriegswillen der Regierenden, zur Sicherung von Ressourcen Milit\u00e4r \u00fcberall in der Welt einzusetzen, nimmt zu.<\/p>\n<p>Sieht so die Sorge der Regierung um unsere Gesundheit aus?<\/p>\n<p>Seit einigen Jahren gibt es immer mehr Milit\u00e4rman\u00f6ver an der Grenze zu Russland mit zunehmender Gr\u00f6\u00dfe, Umfang und Frequenz. Vor uns liegen der 8. und der 9. Mai, die wir als Tag der Befreiung und als Tag des Sieges \u00fcber Faschismus und Krieg begehen. Dieses Datum j\u00e4hrt sich 2020 zum 75. Mal. \u00dcber 50 Millionen Menschen starben im 2. Weltkrieg, die meisten, 27 Millionen, hatte die Sowjetunion zu beklagen, gefolgt von 13 Millionen Toten in China.<\/p>\n<p>Die USA und die NATO haben sehr eigene Vorstellungen, wie solch ein Jahrestag begangen werden soll: mit dem US-Man\u00f6ver \u201eDefender Europe 20\u201c, bei dem fast 50.000 Soldaten den \u201eschnellen Sprung\u201c an Russlands Grenzen \u00fcben sollten.<\/p>\n<p>Die Notwendigkeit der Kriegs\u00fcbung gegen Russland begr\u00fcndete Kramp-Knarrenbauer mit der \u201eVer\u00e4nderung der sicherheitspolitischen Lage seit 2014 mit einer m\u00f6glichen Bedrohung der Sicherheit, insbesondere unserer B\u00fcndnispartner in Osteuropa\u201c, und sie ist stolz: \u201eDeutschland wird aufgrund seiner geo-strategischen Lage im Herzen Europas zur logistischen Drehscheibe.\u201c<\/p>\n<p><strong><em>\u201eDeutschland<\/em><\/strong><em> <strong>wird<\/strong> <strong>zur logistischen Drehscheibe\u201c <\/strong><\/em>muss man mindestens zweimal lesen. Das bedeutet n\u00e4mlich nichts weniger, als dass Deutschland im Ernstfall <strong><em>zur Zielscheibe<\/em><\/strong> wird, zum Ziel eines atomaren Gegenschlags Russlands, bei dem zuerst die Stationierungsorte der NATO und ihre Nachschubwege ausgeschaltet werden.<\/p>\n<p>Rainer Rupp (\u201eder Mann, der bei der NATO \u201aTopas\u2018 war\u201c): \u201e<em>Wenn wir uns heute \u00fcberlegen, wo Bundeswehrsoldaten diesmal mit den Amis stehen &#8211; n\u00e4mlich an der Grenze zu Russland in Estland, rund 160 Kilometer entfernt von St. Petersburg. Das ist eine Schande! Gerade die Gro\u00dfv\u00e4ter der Bundeswehrsoldaten, haben damals St. Petersburg \u00fcber ein Jahr belagert. Eine Million Tote, meistens Zivilisten ausgehungert. Und heute stehen sie f\u00fcr die Freiheit, obwohl sie von Russland nicht bedroht werden. Das ist ein Irrwitz.\u201c<\/em> Inzwischen wurde die Kriegs\u00fcbung zwar \u201ewegen Corona\u201c bis auf Weiteres \u201eeingefroren\u201c, aber das \u201eDefender\u201c-Man\u00f6ver im Pazifik gegen China steht f\u00fcr Herbst weiterhin im Kalender.<\/p>\n<p>Ist es nicht h\u00f6chste Zeit, gegen diesen Irrsinn auf die Stra\u00dfe zu gehen?<\/p>\n<p>W\u00e4hrend angeblich \u201ealles dem Kampf gegen die Pandemie untergeordnet\u201c werden soll, halten die USA ihre illegale und unmoralische Praxis der v\u00f6lkerrechtswidrigen wirtschaftlichen Sank\u00adtionen gegen mehr als drei\u00dfig L\u00e4nder aufrecht. Sie bringen unvorstellbares Leid \u00fcber die Bewoh\u00adner, und in der aktuellen globalen Notlage umso mehr.\u00a0 Der \u201eKampf gegen Corona\u201c gilt offenbar nicht \u00fcberall und nicht f\u00fcr alle. Auch die Bundesregierung h\u00e4lt an den Sanktionen und m\u00f6rderi\u00adschen Zwangsma\u00dfnahmen gegen Iran, Syrien, Russland, Kuba und Venezuela fest. Auch in Deutschland kann und soll man die Petition im Internet unterst\u00fctzen: <strong>\u201eAlle Sanktionen aufheben, die den Kampf gegen die Pandemie behindern\u201c<\/strong>. (<a href=\"https:\/\/www.change.org\/p\/bundestag-alle-sanktionen-aufheben-die-den-kampf-gegen-die-pandemie-behindern\">https:\/\/www.change.org\/p\/bundestag-alle-sanktionen-aufheben-die-den-kampf-gegen-die-pandemie-behindern<\/a>)<\/p>\n<p>Der deutsche R\u00fcstungshaushalt stieg 2019 von 38,5 auf 43,2 Milliarden Euro \u2013 die h\u00f6chste Steigerung seit 1963. 2020 steigt der Kriegsetat auf \u00fcber 45 Milliarden Euro, nach NATO-Kriterien sind es \u00fcber 50 Milliarden Euro. \u201e<strong>Mit 66 Jahren ist noch lange nicht Schluss<\/strong>\u201c, sang Udo J\u00fcrgens, Kramp-Knarrenbauer wandelt es etwas ab: \u201eBei 66 Milliarden f\u00fcr die R\u00fcstung ist f\u00fcr sie noch lange nicht Schluss\u201c. Um die der NATO zugesagten 2% der Wirtschaftsleistung f\u00fcr das Milit\u00e4r auszugeben, m\u00fcsste der Etat auf \u00fcber 85 Milliarden Euro steigen.<\/p>\n<p>Ohne Parlamentsbeschluss geht die Kriegsministerin auf Shopping-Tour. 30 US-Atombomber vom Typ F-18 \u201eSuper Hornet\u201c, 93 \u201eEurofighter\u201c und 15 F-18 \u201eGrawler\u201c f\u00fcr die elektronische Kriegf\u00fchrung stehen auf der Einkaufsliste. Allein die 30 Atombomber kosten sch\u00e4tzungsweise 7,5 Milliarden Euro. Die \u201e\u00c4rztinnen und \u00c4rzte f\u00fcr die Verh\u00fctung des Atomkrieges\u201c (IPPNW) haben ausgerechnet, dass sich die Gesamtkosten des Pakets \u00fcber eine veranschlagte 30-j\u00e4hrige Nutzungszeit auf 100 Milliarden Euro belaufen.<\/p>\n<p>Sie schreiben: <em>\u201eW\u00e4hrend wir \u00c4rzte und \u00c4rztinnen versuchen, Leben zu retten, entscheidet die Verteidigungsministerin im Alleingang, ein Tr\u00e4gersystem f\u00fcr eine Massenvernichtungswaffe zu kaufen\u201c<\/em>. Nach ihrer Berechnung k\u00f6nnten f\u00fcr die 7,5 Milliarden Euro 100.000 Intensivbetten, 30.000 Beatmungsger\u00e4te sowie die Geh\u00e4lter von 60.000 Pflegefachkr\u00e4ften und von 25.000 \u00c4rztinnen und \u00c4rzte f\u00fcr ein Jahr finanziert werden.<\/p>\n<p>Atombombentr\u00e4ger f\u00fcr die Bundeswehr? Das Schl\u00fcsselwort hei\u00dft \u201eSicherung der nuklearen Teilhabe Deutschlands\u201c, im Rahmen der atomaren Droh- und Aufr\u00fcstungspolitik der NATO gegen Russland und China \u2013 der alte Traum der Kalten Krieger von Adenauer bis Strau\u00df.<\/p>\n<p>Lt. Nuklearbericht des Pentagon stellen vor allem China und Russland, aber auch der Iran und Nordkorea eine atomare Bedrohung f\u00fcr die USA dar, deshalb m\u00fcssen sie <a href=\"https:\/\/zuerst.de\/2018\/01\/23\/neuer-nuklear-bericht-des-pentagon-mehr-geld-fuer-modernere-und-kleinere-atomwaffen\/\">mehr Geld f\u00fcr modernere und kleinere Atomwaffen<\/a> ausgeben. \u201eKleiner\u201c hei\u00dft: \u201enur\u201c die dreifache Sprengkraft der Hiroshima-Bombe. Mit solchen \u201ekleinen\u201c, \u201eintelligenten\u201c Atomwaffen soll der Atomkrieg wieder f\u00fchrbar werden.<\/p>\n<p>Hier, ganz in der N\u00e4he, im Fliegerhorst B\u00fcchel in der Eifel, lagern 20 US-Atombomben. Sie wurden Ende 2019 zur \u201eModernisierung\u201c, sprich zur Erh\u00f6hung der Zielgenauigkeit, in die USA geflogen und \u00fcber unsere K\u00f6pfe zur\u00fcck nach B\u00fcchel gebracht. Mosel, Lahn und Mittelrhein, das Neuwieder Becken, sind damit auch ein erstes Ziel f\u00fcr den atomaren Gegenschlag. So sieht in Wirklichkeit die Sorge der Regierung um unsere Gesundheit aus.<\/p>\n<p>Statt weiterer Milliarden f\u00fcr die R\u00fcstung fordern wir: investiert dieses Geld endlich f\u00fcr die Daseinsvorsorge, in das kaputtgesparte Gesundheitswesen. Wir unterst\u00fctzen die Forderung nach Abzug der US-Atomwaffen vom Fliegerhorst B\u00fcchel und nach Schlie\u00dfung der Kriegsdrehscheibe Air Base Ramstein in der Pfalz. Wir fordern den Abzug aller ausl\u00e4ndischen Truppen durch K\u00fcndigung des Stationierungsabkommens.<\/p>\n<p>Die Umfragen zeigen seit Jahren stabile Mehrheiten: die Bev\u00f6lkerung will Frieden mit Russland, Deutschland soll kein Aufmarschgebiet gegen Russland sein. F\u00fcr den Frieden und das \u00dcberleben brauchen wir V\u00f6lkerverst\u00e4ndigung, keine feindbildverknallte Hetze gegen Russland und China. Wir brauchen die partnerschaftliche internationale Zusammenarbeit, diskriminierungsfreien Handel und den freien wissenschaftlichen Austausch auf Grundlage des V\u00f6lkerrechts, der Anerkennung der Souver\u00e4nit\u00e4t und Gleichberechtigung aller L\u00e4nder.<\/p>\n<p>Daf\u00fcr werden wir weiter demonstrieren und nicht zulassen, dass das Demonstrationsrecht ausgehebelt, die Grund- und Menschenrechte einschlie\u00dflich der sozialen Rechte dauerhaft au\u00dfer Kraft gesetzt oder eingeschr\u00e4nkt werden.<\/p>\n<p>Wir lernen aus der Krise: <strong>Dauerhafte Quarant\u00e4ne f\u00fcr das Milit\u00e4r! <\/strong>Oder im Corona-Format gesprochen: <strong>Ami go home \u2013 Bundeswehr stay safe \u2013 stay at home!<\/strong><\/p>\n<p style=\"text-align: right;\"><em>Klaus Hartmann<br \/>\nBundesvorsitzender des Deutschen Freidenker-Verbandes<\/em><\/p>\n<p>&nbsp;<\/p>\n<hr \/>\n<p><span style=\"font-size: 10pt;\">Beitragsbild oben: Sabiene Jahn, Versammlungsleiterin und Freidenkerin in Rheinland-Pfalz, bei ihrer Begr\u00fc\u00dfungsansprache<br \/>\nFoto: Monika Krotter-Hartmann<\/span><\/p>\n<p><span style=\"font-size: 10pt;\">Video von &#8222;Koblenz im Dialog&#8220;<\/span><br \/>\n<span style=\"font-size: 10pt;\">Direktlink zu YouTube: <a href=\"https:\/\/www.youtube.com\/watch?v=l9Zj9jegMaU\" target=\"_blank\" rel=\"noopener noreferrer\">https:\/\/www.youtube.com\/watch?v=l9Zj9jegMaU<\/a><\/span><\/p>\n","protected":false},"excerpt":{"rendered":"<p>Nachdem der DGB bundesweit sein Beg\u00e4ngnis des 1. Mai 2020 ins Internet verlegt hatte, wollten viele, die am Kampftag der Arbeiterklasse immer auf die Stra\u00dfe gingen, sich das auch in diesem Jahr nicht nehmen lassen. In Koblenz hatte das B\u00fcndnis &#8222;Menschen f\u00fcr Grundrechte&#8220; zu einer Kundgebung auf den M\u00fcnzplatz gebeten und Klaus Hartmann, Bundesvorsitzender des Deutschen Freidenker-Verbandes, als Hauptredner eingeladen. 75 Teilnehmer hatte die Versammlungsbeh\u00f6rde genehmigt, \u00fcber 150 kamen, die &#8222;corona-bedingten&#8220; Abst\u00e4nde konnten aufgrund der Platzgr\u00f6\u00dfe gut eingehalten werden, die Polizei zeigte sich entspannt.<\/p>\n","protected":false},"author":3,"featured_media":7994,"comment_status":"closed","ping_status":"closed","sticky":false,"template":"","format":"standard","meta":{"colormag_page_container_layout":"default_layout","colormag_page_sidebar_layout":"default_layout","advanced_seo_description":"","jetpack_seo_html_title":"","jetpack_seo_noindex":false,"jetpack_post_was_ever_published":false,"footnotes":""},"categories":[11,13],"tags":[1281,1061,1256,43,358,56,63],"class_list":["post-7986","post","type-post","status-publish","format-standard","has-post-thumbnail","hentry","category-arbeit-soziales","category-frieden-antifaschismus-solidaritaet","tag-1-mai","tag-atomwaffen","tag-corona-virus","tag-friedensbewegung","tag-gewerkschaft","tag-nato","tag-nato-raus-aus-deutschland"],"jetpack_featured_media_url":"https:\/\/i0.wp.com\/www.freidenker.org\/fw17\/wp-content\/uploads\/2020\/05\/200501-Koblenz-08_800x450.jpg?fit=800%2C450&ssl=1","jetpack_shortlink":"https:\/\/wp.me\/p9stpK-24O","jetpack-related-posts":[{"id":12249,"url":"https:\/\/www.freidenker.org\/?p=12249","url_meta":{"origin":7986,"position":0},"title":"Kundgebung &#8222;Sicherheit f\u00fcr Russland ist Sicherheit f\u00fcr unser Land!&#8220; (Videos)","author":"Webredaktion","date":"20. Februar 2022","format":false,"excerpt":"Die\u00a0 Kundgebung der Berliner Friedenskoordination \"SICHERHEIT F\u00dcR RUSSLAND IST SICHERHEIT F\u00dcR UNSER LAND\" am 18.02.1922 wurde von \u00fcber 1000 Menschen besucht \u2013 trotz des rauen Wetters und den Mobilit\u00e4ts-Hemmungen durch \u201eCorona-Ma\u00dfnahmen\u201c. Im Aufruf zur Kundgebung hie\u00df es u.a.:\u00a0\u00a0\"Das Sch\u00fcren der Panik \u00fcber eine anstehende russische Invasion\u00a0in der Ukraine soll nach\u2026","rel":"","context":"In &quot;Frieden - Antifaschismus - Solidarit\u00e4t&quot;","block_context":{"text":"Frieden - Antifaschismus - Solidarit\u00e4t","link":"https:\/\/www.freidenker.org\/?cat=13"},"img":{"alt_text":"","src":"https:\/\/i0.wp.com\/www.freidenker.org\/fw17\/wp-content\/uploads\/2022\/02\/demo_berlin_2022-02-18_800x450.jpg?fit=800%2C450&ssl=1&resize=350%2C200","width":350,"height":200,"srcset":"https:\/\/i0.wp.com\/www.freidenker.org\/fw17\/wp-content\/uploads\/2022\/02\/demo_berlin_2022-02-18_800x450.jpg?fit=800%2C450&ssl=1&resize=350%2C200 1x, https:\/\/i0.wp.com\/www.freidenker.org\/fw17\/wp-content\/uploads\/2022\/02\/demo_berlin_2022-02-18_800x450.jpg?fit=800%2C450&ssl=1&resize=525%2C300 1.5x, https:\/\/i0.wp.com\/www.freidenker.org\/fw17\/wp-content\/uploads\/2022\/02\/demo_berlin_2022-02-18_800x450.jpg?fit=800%2C450&ssl=1&resize=700%2C400 2x"},"classes":[]},{"id":10209,"url":"https:\/\/www.freidenker.org\/?p=10209","url_meta":{"origin":7986,"position":1},"title":"1. Mai in Offenbach: Auf die Stra\u00dfe","author":"Webredaktion","date":"7. Mai 2021","format":false,"excerpt":"Vielerorts hatte der DGB \"wegen Corona\" k\u00e4mpferische Mai-Kundgebungen und Demonstrationen abgesagt. Ausgegeben wurde die Losung \"Solidarit\u00e4t ist Zukunft\" mit dem r\u00e4tselhaften zweiten Teil: \"die Krise gerecht gestalten!\" Im DGB-Bezirk Hessen-Th\u00fcringen fanden gewerkschaftliche Kundgebungen an 36 Orten, haupts\u00e4chlich in gr\u00f6\u00dferen St\u00e4dten, statt. Inhaltlich waren sie \"durchwachsen\" ... Einen Lichtblick bot die\u2026","rel":"","context":"In &quot;Arbeit &amp; Soziales&quot;","block_context":{"text":"Arbeit &amp; Soziales","link":"https:\/\/www.freidenker.org\/?cat=11"},"img":{"alt_text":"","src":"https:\/\/i0.wp.com\/www.freidenker.org\/fw17\/wp-content\/uploads\/2021\/05\/2021-1.MaiOF-800x450-1.jpg?fit=800%2C450&ssl=1&resize=350%2C200","width":350,"height":200,"srcset":"https:\/\/i0.wp.com\/www.freidenker.org\/fw17\/wp-content\/uploads\/2021\/05\/2021-1.MaiOF-800x450-1.jpg?fit=800%2C450&ssl=1&resize=350%2C200 1x, https:\/\/i0.wp.com\/www.freidenker.org\/fw17\/wp-content\/uploads\/2021\/05\/2021-1.MaiOF-800x450-1.jpg?fit=800%2C450&ssl=1&resize=525%2C300 1.5x, https:\/\/i0.wp.com\/www.freidenker.org\/fw17\/wp-content\/uploads\/2021\/05\/2021-1.MaiOF-800x450-1.jpg?fit=800%2C450&ssl=1&resize=700%2C400 2x"},"classes":[]},{"id":8677,"url":"https:\/\/www.freidenker.org\/?p=8677","url_meta":{"origin":7986,"position":2},"title":"FREIDENKER 3-20 \u2013 Armut &#8211; Reichtum","author":"Webredaktion","date":"24. September 2020","format":false,"excerpt":"Die Ausgabe 3-20 des Verbandsorgans FREIDENKER hat das Schwerpunkt-Thema \u201eArmut-Reichtum\u201c und enth\u00e4lt u.a. folgende Beitr\u00e4ge: - Klaus Hartmann: \u201eIm reichen Deutschland \u2026\u201c - Christoph Butterwegge: Reichtum als Ergebnis der materiellen Ungleichheit und als Problem f\u00fcr die Gesellschaft - Pablo Graubner: Corona: Brandbeschleuniger f\u00fcr die Klassengesellschaft - Werner R\u00fcgemer: Deutschland: F\u00fchrender\u2026","rel":"","context":"In &quot;Verbandsorgan FREIDENKER&quot;","block_context":{"text":"Verbandsorgan FREIDENKER","link":"https:\/\/www.freidenker.org\/?cat=8"},"img":{"alt_text":"","src":"https:\/\/i0.wp.com\/www.freidenker.org\/fw17\/wp-content\/uploads\/2020\/09\/FD_2020-03_Titel_mR.jpg?fit=800%2C445&ssl=1&resize=350%2C200","width":350,"height":200,"srcset":"https:\/\/i0.wp.com\/www.freidenker.org\/fw17\/wp-content\/uploads\/2020\/09\/FD_2020-03_Titel_mR.jpg?fit=800%2C445&ssl=1&resize=350%2C200 1x, https:\/\/i0.wp.com\/www.freidenker.org\/fw17\/wp-content\/uploads\/2020\/09\/FD_2020-03_Titel_mR.jpg?fit=800%2C445&ssl=1&resize=525%2C300 1.5x, https:\/\/i0.wp.com\/www.freidenker.org\/fw17\/wp-content\/uploads\/2020\/09\/FD_2020-03_Titel_mR.jpg?fit=800%2C445&ssl=1&resize=700%2C400 2x"},"classes":[]},{"id":15954,"url":"https:\/\/www.freidenker.org\/?p=15954","url_meta":{"origin":7986,"position":3},"title":"Kesseltreiben gegen die &#8222;Nicht-Mainstream-Konformen&#8220;","author":"Webredaktion","date":"6. Mai 2023","format":false,"excerpt":"Podcast \"Kontrafunk aktuell\" vom 23.03.2023, u.a. mit Sabiene Jahn In den letzten Jahren wurden alle, die nicht der Regierungs- und NATO-Linie sowie ihrer Medien huldigten, zu Objekten einer Hexenjagd. Der Kontrafunk zeigt dies an Beispielen auf und l\u00e4sst die Betroffenen zu Wort kommen. Der Journalist Ulrich Heyden berichtet regelm\u00e4\u00dfig aus\u2026","rel":"","context":"In &quot;Zeit der Verleumder - Freidenker f\u00fcr Klartext&quot;","block_context":{"text":"Zeit der Verleumder - Freidenker f\u00fcr Klartext","link":"https:\/\/www.freidenker.org\/?cat=937"},"img":{"alt_text":"","src":"https:\/\/i0.wp.com\/www.freidenker.org\/fw17\/wp-content\/uploads\/2023\/05\/klartext_Kontrafunk_800x450.jpg?fit=800%2C450&ssl=1&resize=350%2C200","width":350,"height":200,"srcset":"https:\/\/i0.wp.com\/www.freidenker.org\/fw17\/wp-content\/uploads\/2023\/05\/klartext_Kontrafunk_800x450.jpg?fit=800%2C450&ssl=1&resize=350%2C200 1x, https:\/\/i0.wp.com\/www.freidenker.org\/fw17\/wp-content\/uploads\/2023\/05\/klartext_Kontrafunk_800x450.jpg?fit=800%2C450&ssl=1&resize=525%2C300 1.5x, https:\/\/i0.wp.com\/www.freidenker.org\/fw17\/wp-content\/uploads\/2023\/05\/klartext_Kontrafunk_800x450.jpg?fit=800%2C450&ssl=1&resize=700%2C400 2x"},"classes":[]},{"id":12076,"url":"https:\/\/www.freidenker.org\/?p=12076","url_meta":{"origin":7986,"position":4},"title":"Rundschreiben der Initiative &#8218;Frieden mit Russland&#8216; zur aktuellen Lage","author":"Webredaktion","date":"28. Januar 2022","format":false,"excerpt":"Die geballte Ladung an russophober Hetze und die allenthalben aufmarschierenden Kriegstrommler des 'Wertewestens' lassen derzeit wohl niemanden \u00a0in Ruhe. Die USA und die EU heizen den ohnehin schon scharfen B\u00fcrgerkriegskonflikt in der Ukraine zu einem Konflikt um die Existenzberechtigung der NATO auf, tun aber schon lange nichts mehr etwa \u00a0f\u00fcr\u2026","rel":"","context":"In &quot;Frieden - Antifaschismus - Solidarit\u00e4t&quot;","block_context":{"text":"Frieden - Antifaschismus - Solidarit\u00e4t","link":"https:\/\/www.freidenker.org\/?cat=13"},"img":{"alt_text":"","src":"https:\/\/i0.wp.com\/www.freidenker.org\/fw17\/wp-content\/uploads\/2022\/01\/brieftaube_800x450.jpg?fit=800%2C450&ssl=1&resize=350%2C200","width":350,"height":200,"srcset":"https:\/\/i0.wp.com\/www.freidenker.org\/fw17\/wp-content\/uploads\/2022\/01\/brieftaube_800x450.jpg?fit=800%2C450&ssl=1&resize=350%2C200 1x, https:\/\/i0.wp.com\/www.freidenker.org\/fw17\/wp-content\/uploads\/2022\/01\/brieftaube_800x450.jpg?fit=800%2C450&ssl=1&resize=525%2C300 1.5x, https:\/\/i0.wp.com\/www.freidenker.org\/fw17\/wp-content\/uploads\/2022\/01\/brieftaube_800x450.jpg?fit=800%2C450&ssl=1&resize=700%2C400 2x"},"classes":[]},{"id":21774,"url":"https:\/\/www.freidenker.org\/?p=21774","url_meta":{"origin":7986,"position":5},"title":"Bericht: Veranstaltung \u201e80. Jahrestag der Befreiung vom Faschismus \u2013 Wir sagen danke!\u201c","author":"Webredaktion","date":"8. Mai 2025","format":false,"excerpt":"Am 3. Mai 2025 fand in Berlin-Tiergarten am sowjetischen Ehrenmal eine Gedenkveranstaltung zu Ehren des 80. Jahrestages der Befreiung vom Hitlerfaschismus statt. Zahlreiche Redner aus vielen Bereichen des Lebens, darunter Politiker, K\u00fcnstler und Journalisten, ergriffen das Wort oder trugen mit ihren kulturellen Beitr\u00e4gen zum Gelingen der Veranstaltung bei. Wir ver\u00f6ffentlichen\u2026","rel":"","context":"In &quot;Frieden - Antifaschismus - Solidarit\u00e4t&quot;","block_context":{"text":"Frieden - Antifaschismus - Solidarit\u00e4t","link":"https:\/\/www.freidenker.org\/?cat=13"},"img":{"alt_text":"","src":"https:\/\/i0.wp.com\/www.freidenker.org\/fw17\/wp-content\/uploads\/2025\/05\/tiergarten_2025-05-04_18-17-53_800x450.jpg?fit=800%2C450&ssl=1&resize=350%2C200","width":350,"height":200,"srcset":"https:\/\/i0.wp.com\/www.freidenker.org\/fw17\/wp-content\/uploads\/2025\/05\/tiergarten_2025-05-04_18-17-53_800x450.jpg?fit=800%2C450&ssl=1&resize=350%2C200 1x, https:\/\/i0.wp.com\/www.freidenker.org\/fw17\/wp-content\/uploads\/2025\/05\/tiergarten_2025-05-04_18-17-53_800x450.jpg?fit=800%2C450&ssl=1&resize=525%2C300 1.5x, https:\/\/i0.wp.com\/www.freidenker.org\/fw17\/wp-content\/uploads\/2025\/05\/tiergarten_2025-05-04_18-17-53_800x450.jpg?fit=800%2C450&ssl=1&resize=700%2C400 2x"},"classes":[]}],"_links":{"self":[{"href":"https:\/\/www.freidenker.org\/index.php?rest_route=\/wp\/v2\/posts\/7986","targetHints":{"allow":["GET"]}}],"collection":[{"href":"https:\/\/www.freidenker.org\/index.php?rest_route=\/wp\/v2\/posts"}],"about":[{"href":"https:\/\/www.freidenker.org\/index.php?rest_route=\/wp\/v2\/types\/post"}],"author":[{"embeddable":true,"href":"https:\/\/www.freidenker.org\/index.php?rest_route=\/wp\/v2\/users\/3"}],"replies":[{"embeddable":true,"href":"https:\/\/www.freidenker.org\/index.php?rest_route=%2Fwp%2Fv2%2Fcomments&post=7986"}],"version-history":[{"count":0,"href":"https:\/\/www.freidenker.org\/index.php?rest_route=\/wp\/v2\/posts\/7986\/revisions"}],"wp:featuredmedia":[{"embeddable":true,"href":"https:\/\/www.freidenker.org\/index.php?rest_route=\/wp\/v2\/media\/7994"}],"wp:attachment":[{"href":"https:\/\/www.freidenker.org\/index.php?rest_route=%2Fwp%2Fv2%2Fmedia&parent=7986"}],"wp:term":[{"taxonomy":"category","embeddable":true,"href":"https:\/\/www.freidenker.org\/index.php?rest_route=%2Fwp%2Fv2%2Fcategories&post=7986"},{"taxonomy":"post_tag","embeddable":true,"href":"https:\/\/www.freidenker.org\/index.php?rest_route=%2Fwp%2Fv2%2Ftags&post=7986"}],"curies":[{"name":"wp","href":"https:\/\/api.w.org\/{rel}","templated":true}]}}