{"id":7979,"date":"2020-05-07T23:55:53","date_gmt":"2020-05-07T21:55:53","guid":{"rendered":"https:\/\/www.freidenker.org\/?p=7979"},"modified":"2020-06-19T02:47:23","modified_gmt":"2020-06-19T00:47:23","slug":"angst-als-triebkraft-nur-wohin-treibt-sie","status":"publish","type":"post","link":"https:\/\/www.freidenker.org\/?p=7979","title":{"rendered":"Angst als Triebkraft, nur wohin treibt sie?"},"content":{"rendered":"<p><em>von <strong>Thomas Loch<\/strong><\/em><\/p>\n<blockquote><p>\u201eBedrohlich ist das Volk f\u00fcr die Herrschenden, wenn es ohne Furcht ist.\u201c \u2013Tacitus (r\u00f6mischer Historiker)<\/p><\/blockquote>\n<p>Angst ist eine Triebkraft, sie wird genutzt um Menschen besser lenken zu k\u00f6nnen, Angst l\u00e4hmt, besonders wenn ihr nicht entgegengewirkt, sonder sie noch verst\u00e4rkt wird. Dieses ist gegenw\u00e4rtig der Fall und ich konnte in den letzten drei\u00dfig Jahren erfahren, wie es um die Angst in diesem Land bestellt ist. In der Bundesrepublik wurde ich mit einem f\u00fcr mich v\u00f6llig neuen Umgang mit Angst und \u00c4ngsten konfrontiert. \u00c4ngste wurden und werden sogar potenziert und verbreitet. Relationen v\u00f6llig verschoben, gar auf dem Kopf gestellt und immer wieder werden neue S\u00e4ue durchs mediale Dorf getrieben. So wurde der gesunde Menschenverstand vielen Menschen abgew\u00f6hnt, die Menschen wurden erzogen Folge zu leisten und es wurde der Glaube in eine selig machende Politik installiert und verfestigt. Politik wurde als etwas \u00fcber den gesellschaftlichen Verh\u00e4ltnisse stehendes, nicht diesen entspringend und entsprechend, propagiert. So die eigentlichen Machtverh\u00e4ltnisse negierend, wurde die Illusion gen\u00e4hrt, dass die gew\u00e4hlten Volksvertreter schon nichts unternehmen werden, was gegen die Interessen ihrer W\u00e4hler sei. Und wenn doch, ja dann k\u00f6nnen bei den n\u00e4chsten Wahlen ja die W\u00e4hler andere Entscheidungen treffen und die einst Gew\u00e4hlten damit strafen, dass sie nicht wieder gew\u00e4hlt werden. Die einzige Strafe welche ein Politiker \u00fcbrigens zu f\u00fcrchten hat, egal was er in seinem politischen Amt verbockt.<\/p>\n<p>\u201eHabe Mut, dich deines eigenen Verstandes zu bedienen.\u201c hatte Immanuel Kant einst im Zeitalter der Aufkl\u00e4rung verk\u00fcndet, heute scheint es nur opportun sich seines eigenen Verstandes zu bedienen, um nachzudenken was zum Beispiel Politiker vorausgedacht haben und durch die Hofberichterstattung verbreitet wird, allerdings ohne dar\u00fcber nachzudenken. Kant stellte einst auch fest, dass Freiheit nicht in der M\u00f6glichkeit (Wahl) besteht, sondern in der Tat, das ist leider l\u00e4ngst Geschichte, heute wird die Freiheit der Wahl gepredigt und hofiert, entweder oder, daf\u00fcr oder dagegen, gut oder schlecht, ein dazwischen gibt es nicht, sowohl als auch, in manchen Zusammenh\u00e4ngen sogar pr\u00e4gend, wird negiert, entweder Mensch ist Freund und folgt den Vorgaben der politischen Hirten, gelegentlich durch Hofastrologen, oder Wissenschaftler am Hofe untermauert, oder er ist Feind, allein schon wenn er nicht alles schluckt, Fragen stellt, Sinn hinterfragt und ganz gef\u00e4hrlich wird es, wenn die Frage nach dem Nutzen gestellt wird.<\/p>\n<p>So wurde verk\u00fcndet die Viruspein, Gefahren wurden orakelt und Ma\u00dfnahmen ergriffen, eine konstruktive wissenschaftliche Diskussion hat es nicht gegeben. Das Volk ist nun gespalten, die einen zittern vor Angst vor dem Virus, welches sie ereilen k\u00f6nnte, die anderen zittern vor Angst, vor den Ma\u00dfnahmen, welche ergriffen und deren Folgen, wobei deren Einhaltung mittels Androhung von Strafen erzwungen und es gibt noch sehr viele Menschen dazwischen, welche nicht so recht zittern k\u00f6nnen, sich mit ihren \u00c4ngsten auseinandersetzen und nach Erkenntnissen suchen.<\/p>\n<p>In Sachsen-Anhalt z. B. gilt seit Donnerstag (23.04.2020) Maskenpflicht in Gesch\u00e4ften und \u00f6ffentlichen Verkehrsmitteln, vor dem wurde ein solches Verhalten empfohlen, allerdings haben die meisten Menschen, so weit ich es beobachten konnte, von dieser Empfehlung keinen Gebrauch gemacht, nun ist es Pflicht und die Menschen halten sich daran. Allerdings die wenigsten auf Grund des Glaubens an die Gef\u00e4hrlichkeit eines Virus, wie gef\u00e4hrlich das Virus wirklich ist, haben zumindest jene mitbekommen, welche kritisch hinterfragen und nicht alles glauben, was ihnen mittels Medien best\u00e4ndig eingetrichtert wird, gut daran zu sehen, dass die Menschen nicht wie die Fliegen umfallen und sterben, die Krankenh\u00e4user \u00fcber leere Betten klagen und an den meisten Orten es seit Tagen schon keine neu infizierten mehr gibt. Die Erk\u00e4ltungssaison ist auch zu Ende und die Notwendigkeit der ergriffenen Ma\u00dfnahmen wird immer intensiver infrage gestellt.<\/p>\n<p>Die Folgen der ergriffenen Ma\u00dfnahmen sind heute schwer abzusch\u00e4tzen, allerdings wird die Nichteinhaltung zum Teil mit erheblichen Strafen belegt und wenn f\u00fcr viele Menschen die Einkommensquellen\u00a0zusammenbrechen, sie mit weniger Geld als sonst auskommen m\u00fcssen, \u00fcberlegen viele zweimal bevor sie gegen erlassene Regeln versto\u00dfen. Es ist weniger die Angst der Menschen vor einer Ansteckung, sondern es ist die Angst vor den staatlich angedrohten Sanktionen und Repressionen, welche sie l\u00e4hmt und vom Handeln abh\u00e4lt.<\/p>\n<p>Allerdings auch wenn viele Menschen heute mehr Angst vor staatlichen Repressionen haben, gibt es nicht wenige, welche dazu neigen ihren eigenen Verstand nicht zu gebrauchen, sondern dem Glauben, was ihnen die t\u00e4gliche Hofberichterstattung und die Pandemiegurus vermitteln. Und dem gebr\u00e4uchlichen schwarz \u2013 wei\u00df Schema, in seiner Form von gut und schlecht, im Ausdruck von daf\u00fcr oder dagegen, gibt es eben auch Denunzianten, welche im guten Glauben, jene, welche vom Glauben abgefallen, sich ihres eigenen Verstandes bedienen, informieren, hinterfragen, infragestellen, Zusammenh\u00e4nge erkennen und die Freiheit in der Tat nutzen, entsprechend ihrer Erkenntnisse handeln, denunziert.<\/p>\n<p>Weiter gedacht, besteht die Freiheit in der Einsicht in die Notwendigkeit und das daraus abgeleitet Handeln, sich der Konsequenzen bewusst. Die Welt ist kein Komplex von fertigen Dingen, wie es gern vermittelt wird, sondern ein Komplex von Prozessen, eine Erkenntnis welche sich zum Ende des 19 Jahrhunderts schon durchgesetzt hatte, heute allerdings aus Angst vor Erkenntnis der eigentlichen Zusammenh\u00e4nge gesellschaftlichen Lebens, von der herrschenden Ideologie, und diese ist ja bekanntlich die Ideologie der Herrschenden, negiert wird.<\/p>\n<p>&nbsp;<\/p>\n<p><span style=\"font-size: 14pt;\"><strong>Angst als Triebkraft, nur wohin treibt sie?<\/strong><\/span><\/p>\n<p><span style=\"font-size: 14pt;\">Sie potenzieren die Gefahren,<\/span><br \/>\n<span style=\"font-size: 14pt;\">auch wo nie Gefahren waren,<\/span><br \/>\n<span style=\"font-size: 14pt;\">oder die Gefahr ist klein,<\/span><br \/>\n<span style=\"font-size: 14pt;\">so muss sie gr\u00f6\u00dfer sein.<\/span><\/p>\n<p><span style=\"font-size: 14pt;\">Eine Gefahr ist auch zum Nutzen,<\/span><br \/>\n<span style=\"font-size: 14pt;\">ein Volk mit Angst wird motiviert,<\/span><br \/>\n<span style=\"font-size: 14pt;\">und l\u00e4sst sich gut so auch missbrauchen,<\/span><br \/>\n<span style=\"font-size: 14pt;\">miteinander, gegeneinander!<\/span><\/p>\n<p><span style=\"font-size: 14pt;\">Ein Volk was keine \u00c4ngste kennt,<\/span><br \/>\n<span style=\"font-size: 14pt;\">geht selbstbewusst aufrecht,<\/span><br \/>\n<span style=\"font-size: 14pt;\">kennt seine gemeinsamen Interessen,<\/span><br \/>\n<span style=\"font-size: 14pt;\">und wird sie so auch mutig vertreten!<\/span><\/p>\n<p><span style=\"font-size: 14pt;\">Ein Volk was wird in Angst gehalten,<\/span><br \/>\n<span style=\"font-size: 14pt;\">in dem Interessen werden gespalten,<\/span><br \/>\n<span style=\"font-size: 14pt;\">der eine \u00fcber den anderen wacht,<\/span><br \/>\n<span style=\"font-size: 14pt;\">ist letztlich nur verkracht!<\/span><\/p>\n<p><span style=\"font-size: 14pt;\">Es l\u00e4sst sich gut gebrauchen,<\/span><br \/>\n<span style=\"font-size: 14pt;\">f\u00fcr fremdes Interesse missbrauchen,<\/span><br \/>\n<span style=\"font-size: 14pt;\">und gegeneinander marschierend,<\/span><br \/>\n<span style=\"font-size: 14pt;\">schl\u00e4gt es seinesgleichen auch den Sch\u00e4del ein!<\/span><\/p>\n<p><span style=\"font-size: 14pt;\">Die einen verstehen was allgemeines Interesse,<\/span><br \/>\n<span style=\"font-size: 14pt;\">in dem sie sich von der Angst befreien,<\/span><br \/>\n<span style=\"font-size: 14pt;\">Andere in der Angst gefangen,<\/span><br \/>\n<span style=\"font-size: 14pt;\">fordern erste als Denunziant heraus!<\/span><\/p>\n<p><span style=\"font-size: 14pt;\">Den Herren wird es freuen,<\/span><br \/>\n<span style=\"font-size: 14pt;\">sie haben nichts zu bereuen,<\/span><br \/>\n<span style=\"font-size: 14pt;\">wenn&#8217;s Volk ihnen folgt<\/span><br \/>\n<span style=\"font-size: 14pt;\">und sich gegenseitig schl\u00e4gt die Sch\u00e4del ein!<\/span><\/p>\n<p><span style=\"font-size: 14pt;\">Anstatt sich von ihren Herren zu befreien!<\/span><\/p>\n<p style=\"text-align: right;\" align=\"justify\"><em>Thomas Loch lebt in Quedlinburg (Sachsen-Anhalt) und ist Vorsitzender des Landesverbandes Niedersachsen des Deutschen Freidenker-Verbandes<\/em><\/p>\n<p align=\"justify\"><span style=\"font-size: 10pt;\">Der Beitrag wurde zuvor ver\u00f6ffentlicht auf:<\/span><br \/>\n<span style=\"font-size: 10pt;\">&#8211; <a href=\"https:\/\/kucaf.home.blog\/2020\/04\/24\/angst-ist-eine-triebkraft-gedanken-zum-tag\/#more-438\" target=\"_blank\" rel=\"noopener noreferrer\">kucaf.home.blog<\/a> und<\/span><br \/>\n<span style=\"font-size: 10pt;\">&#8211; <a href=\"https:\/\/www.sachsen-anhalt.freidenker.org\/cms\/?p=533\" target=\"_blank\" rel=\"noopener noreferrer\">sachsen-anhalt.freidenker.org<\/a><\/span><\/p>\n<hr \/>\n<p><span style=\"font-size: 10pt;\">Bild: Collage von rlx, unter Verwendung folgender Fotos:<\/span><br \/>\n<span style=\"font-size: 10pt;\"><a href=\"https:\/\/pixabay.com\/de\/illustrations\/virus-erreger-infektion-biologie-4931041\/\" target=\"_blank\" rel=\"noopener noreferrer\">pixabay.com<\/a> \/ User: <a class=\"hover_opacity\" href=\"https:\/\/pixabay.com\/de\/users\/PIRO4D-2707530\/\">PIRO4D<\/a> \/ Lizenz: <a href=\"https:\/\/pixabay.com\/de\/service\/license\/\">Pixabay License<\/a><\/span><br \/>\n<span style=\"font-size: 10pt;\"><a href=\"https:\/\/pixabay.com\/de\/photos\/mundschutz-angst-corona-5056255\/\" target=\"_blank\" rel=\"noopener noreferrer\">pixabay.com<\/a> \/ User: <a class=\"hover_opacity\" href=\"https:\/\/pixabay.com\/de\/users\/Alexandra_Koch-621802\/\">Alexandra_Koch<\/a> \/ Lizenz: <a href=\"https:\/\/pixabay.com\/de\/service\/license\/\">Pixabay License<\/a><\/span><\/p>\n","protected":false},"excerpt":{"rendered":"<p><b>Beitrag von Thomas Loch<\/b><br \/>\n\u201eBedrohlich ist das Volk f\u00fcr die Herrschenden, wenn es ohne Furcht ist.\u201c \u2013Tacitus (r\u00f6mischer Historiker)<br \/>\nAngst ist eine Triebkraft, sie wird genutzt um Menschen besser lenken zu k\u00f6nnen, Angst l\u00e4hmt, besonders wenn ihr nicht entgegengewirkt, sondern sie noch verst\u00e4rkt wird. Dieses ist gegenw\u00e4rtig der Fall und ich konnte in den letzten drei\u00dfig Jahren erfahren, wie es um die Angst in diesem Land bestellt ist. In der Bundesrepublik wurde ich mit einem f\u00fcr mich v\u00f6llig neuen Umgang mit Angst und \u00c4ngsten konfrontiert. \u00c4ngste wurden und werden sogar potenziert und verbreitet. &#8230;<\/p>\n","protected":false},"author":3,"featured_media":7985,"comment_status":"closed","ping_status":"closed","sticky":false,"template":"","format":"standard","meta":{"colormag_page_container_layout":"default_layout","colormag_page_sidebar_layout":"default_layout","advanced_seo_description":"","jetpack_seo_html_title":"","jetpack_seo_noindex":false,"jetpack_post_was_ever_published":false,"footnotes":""},"categories":[11,913],"tags":[1280,1256,491,1240,756,479],"class_list":["post-7979","post","type-post","status-publish","format-standard","has-post-thumbnail","hentry","category-arbeit-soziales","category-kultur-kunst","tag-angst","tag-corona-virus","tag-geschichte","tag-regierung","tag-repressionen","tag-volk"],"jetpack_featured_media_url":"https:\/\/i0.wp.com\/www.freidenker.org\/fw17\/wp-content\/uploads\/2020\/04\/corona_angst_800x450-1.jpg?fit=800%2C450&ssl=1","jetpack_shortlink":"https:\/\/wp.me\/p9stpK-24H","jetpack-related-posts":[{"id":16645,"url":"https:\/\/www.freidenker.org\/?p=16645","url_meta":{"origin":7979,"position":0},"title":"Keine Angst vor Corona und den Russen","author":"Webredaktion","date":"16. Juli 2023","format":false,"excerpt":"Eine Zustandsbeschreibung von Tom J. Wellbrock. Als Corona begann, waren wir verunsichert, meine Freunde und ich. Wir sprachen miteinander, standen uns bei, schworen uns gegenseitige Hilfe, wenn es drauf ank\u00e4me. Die Verunsicherung nahmen wir uns. Durch N\u00e4he, Vertrauen, gegenseitige Unterst\u00fctzung. Es dauerte nicht lange, da legte sich die Unsicherheit. Wir\u2026","rel":"","context":"In &quot;Demokratie \u2013 Medien \u2013 Aufkl\u00e4rung&quot;","block_context":{"text":"Demokratie \u2013 Medien \u2013 Aufkl\u00e4rung","link":"https:\/\/www.freidenker.org\/?cat=12"},"img":{"alt_text":"","src":"https:\/\/i0.wp.com\/www.freidenker.org\/fw17\/wp-content\/uploads\/2023\/07\/coronavirus-4903566_800x450.jpg?fit=800%2C450&ssl=1&resize=350%2C200","width":350,"height":200,"srcset":"https:\/\/i0.wp.com\/www.freidenker.org\/fw17\/wp-content\/uploads\/2023\/07\/coronavirus-4903566_800x450.jpg?fit=800%2C450&ssl=1&resize=350%2C200 1x, https:\/\/i0.wp.com\/www.freidenker.org\/fw17\/wp-content\/uploads\/2023\/07\/coronavirus-4903566_800x450.jpg?fit=800%2C450&ssl=1&resize=525%2C300 1.5x, https:\/\/i0.wp.com\/www.freidenker.org\/fw17\/wp-content\/uploads\/2023\/07\/coronavirus-4903566_800x450.jpg?fit=800%2C450&ssl=1&resize=700%2C400 2x"},"classes":[]},{"id":20561,"url":"https:\/\/www.freidenker.org\/?p=20561","url_meta":{"origin":7979,"position":1},"title":"Frieden wird aus Mut gemacht","author":"Webredaktion","date":"24. Dezember 2024","format":false,"excerpt":"Beitrag von Marion Schneider sowie R\u00fcckblick auf den Kongress Frieden und Dialog\u201c 2024 in Liebstedt und Aufruf zu einer Kundgebung \"Aufstehn f\u00fcr Frieden\" am 28.12.2024 in Wiesbaden Die meisten Menschen haben ein tiefes Bed\u00fcrfnis nach Frieden. Sie w\u00fcnschen sich Frieden in ihrer Familie, Frieden mit ihren Freunden, Frieden an der\u2026","rel":"","context":"In &quot;Frieden - Antifaschismus - Solidarit\u00e4t&quot;","block_context":{"text":"Frieden - Antifaschismus - Solidarit\u00e4t","link":"https:\/\/www.freidenker.org\/?cat=13"},"img":{"alt_text":"","src":"https:\/\/i0.wp.com\/www.freidenker.org\/fw17\/wp-content\/uploads\/2024\/12\/dove-7044783_800x450.jpg?fit=800%2C450&ssl=1&resize=350%2C200","width":350,"height":200,"srcset":"https:\/\/i0.wp.com\/www.freidenker.org\/fw17\/wp-content\/uploads\/2024\/12\/dove-7044783_800x450.jpg?fit=800%2C450&ssl=1&resize=350%2C200 1x, https:\/\/i0.wp.com\/www.freidenker.org\/fw17\/wp-content\/uploads\/2024\/12\/dove-7044783_800x450.jpg?fit=800%2C450&ssl=1&resize=525%2C300 1.5x, https:\/\/i0.wp.com\/www.freidenker.org\/fw17\/wp-content\/uploads\/2024\/12\/dove-7044783_800x450.jpg?fit=800%2C450&ssl=1&resize=700%2C400 2x"},"classes":[]},{"id":14034,"url":"https:\/\/www.freidenker.org\/?p=14034","url_meta":{"origin":7979,"position":2},"title":"Die Tagesschau droht, und die Regierung erh\u00f6ht die Angstdosis","author":"Webredaktion","date":"26. August 2022","format":false,"excerpt":"Beitrag von Dagmar Henn Journalisten sind eitel. Daher muss ich sagen: Wenn die Tagesschau nach all den Sperrungen, die gegen abweichende Medien verh\u00e4ngt werden, immer noch schreibt, \"die Bundesregierung tut sich schwer im Kampf gegen Moskaus L\u00fcgen\", dann ist die erste Reaktion Befriedigung. Schlie\u00dflich ist Sinn und Zweck dieser T\u00e4tigkeit,\u2026","rel":"","context":"In &quot;Demokratie \u2013 Medien \u2013 Aufkl\u00e4rung&quot;","block_context":{"text":"Demokratie \u2013 Medien \u2013 Aufkl\u00e4rung","link":"https:\/\/www.freidenker.org\/?cat=12"},"img":{"alt_text":"","src":"https:\/\/i0.wp.com\/www.freidenker.org\/fw17\/wp-content\/uploads\/2022\/08\/Tagesschau_8d58ff8c65_c_800x450.jpg?fit=799%2C450&ssl=1&resize=350%2C200","width":350,"height":200,"srcset":"https:\/\/i0.wp.com\/www.freidenker.org\/fw17\/wp-content\/uploads\/2022\/08\/Tagesschau_8d58ff8c65_c_800x450.jpg?fit=799%2C450&ssl=1&resize=350%2C200 1x, https:\/\/i0.wp.com\/www.freidenker.org\/fw17\/wp-content\/uploads\/2022\/08\/Tagesschau_8d58ff8c65_c_800x450.jpg?fit=799%2C450&ssl=1&resize=525%2C300 1.5x, https:\/\/i0.wp.com\/www.freidenker.org\/fw17\/wp-content\/uploads\/2022\/08\/Tagesschau_8d58ff8c65_c_800x450.jpg?fit=799%2C450&ssl=1&resize=700%2C400 2x"},"classes":[]},{"id":14527,"url":"https:\/\/www.freidenker.org\/?p=14527","url_meta":{"origin":7979,"position":3},"title":"Ein System, das auf Angst basiert, ist zum Scheitern verurteilt","author":"Webredaktion","date":"26. Oktober 2022","format":false,"excerpt":"Beitrag von Tom J. Wellbrock Jede Gesellschaft braucht die \u00dcberzeugten, die, die Macht haben und sie im Sinne der Mehrheit einsetzen, und jene, die daran glauben, was von der Machtebene ausgeht. Diese Hierarchie klein- oder gar wegzureden, ist eine Illusion. Der gesellschaftliche Zusammenhalt kann nur funktionieren, wenn in ausreichender Zahl\u2026","rel":"","context":"In &quot;Demokratie \u2013 Medien \u2013 Aufkl\u00e4rung&quot;","block_context":{"text":"Demokratie \u2013 Medien \u2013 Aufkl\u00e4rung","link":"https:\/\/www.freidenker.org\/?cat=12"},"img":{"alt_text":"","src":"https:\/\/i0.wp.com\/www.freidenker.org\/fw17\/wp-content\/uploads\/2022\/10\/people-2500990_800x450.jpg?fit=800%2C450&ssl=1&resize=350%2C200","width":350,"height":200,"srcset":"https:\/\/i0.wp.com\/www.freidenker.org\/fw17\/wp-content\/uploads\/2022\/10\/people-2500990_800x450.jpg?fit=800%2C450&ssl=1&resize=350%2C200 1x, https:\/\/i0.wp.com\/www.freidenker.org\/fw17\/wp-content\/uploads\/2022\/10\/people-2500990_800x450.jpg?fit=800%2C450&ssl=1&resize=525%2C300 1.5x, https:\/\/i0.wp.com\/www.freidenker.org\/fw17\/wp-content\/uploads\/2022\/10\/people-2500990_800x450.jpg?fit=800%2C450&ssl=1&resize=700%2C400 2x"},"classes":[]},{"id":14094,"url":"https:\/\/www.freidenker.org\/?p=14094","url_meta":{"origin":7979,"position":4},"title":"Erinnerung, Erinnerung, Erinnerung, \u2026","author":"Webredaktion","date":"3. September 2022","format":false,"excerpt":"Beitrag von Thomas Loch Wir leben in einer bewegten Zeit und damit sich bewegt, was sich bewegen soll, vor allen in die gew\u00fcnschte Richtung, wird gelenkt. Ein gutes Mittel zur Lenkung von Menschen, vor allem wenn es gegen deren eigentlichen Interessen geht, ist Angst. Seit Jahren werden immer mehr und\u2026","rel":"","context":"In &quot;Arbeit &amp; Soziales&quot;","block_context":{"text":"Arbeit &amp; Soziales","link":"https:\/\/www.freidenker.org\/?cat=11"},"img":{"alt_text":"","src":"https:\/\/i0.wp.com\/www.freidenker.org\/fw17\/wp-content\/uploads\/2022\/09\/Tomatensosse_DDR_800x450.jpg?fit=800%2C450&ssl=1&resize=350%2C200","width":350,"height":200,"srcset":"https:\/\/i0.wp.com\/www.freidenker.org\/fw17\/wp-content\/uploads\/2022\/09\/Tomatensosse_DDR_800x450.jpg?fit=800%2C450&ssl=1&resize=350%2C200 1x, https:\/\/i0.wp.com\/www.freidenker.org\/fw17\/wp-content\/uploads\/2022\/09\/Tomatensosse_DDR_800x450.jpg?fit=800%2C450&ssl=1&resize=525%2C300 1.5x, https:\/\/i0.wp.com\/www.freidenker.org\/fw17\/wp-content\/uploads\/2022\/09\/Tomatensosse_DDR_800x450.jpg?fit=800%2C450&ssl=1&resize=700%2C400 2x"},"classes":[]},{"id":19887,"url":"https:\/\/www.freidenker.org\/?p=19887","url_meta":{"origin":7979,"position":5},"title":"Zensur von RT: Ende der liberalen Demokratien","author":"Webredaktion","date":"23. September 2024","format":false,"excerpt":"Beitrag von Gert Ewen Ungar\u00a0 In einer konzertierten Aktion versetzt der kollektive Westen unter F\u00fchrung der USA der Presse- und Meinungsfreiheit einen weiteren Schlag. Im Zentrum der Attacke steht erneut\u00a0RT. Nachdem die USA neue Sanktionen gegen den russischen Sender verh\u00e4ngt haben, hat nun auch der eng mit der US-Administration verflochtene\u2026","rel":"","context":"In &quot;Demokratie \u2013 Medien \u2013 Aufkl\u00e4rung&quot;","block_context":{"text":"Demokratie \u2013 Medien \u2013 Aufkl\u00e4rung","link":"https:\/\/www.freidenker.org\/?cat=12"},"img":{"alt_text":"","src":"https:\/\/i0.wp.com\/www.freidenker.org\/fw17\/wp-content\/uploads\/2024\/09\/Secretary_Blinken_Delivers_Remarks_in_the_Press_Briefing_Room_53992799309_800x450.jpg?fit=800%2C450&ssl=1&resize=350%2C200","width":350,"height":200,"srcset":"https:\/\/i0.wp.com\/www.freidenker.org\/fw17\/wp-content\/uploads\/2024\/09\/Secretary_Blinken_Delivers_Remarks_in_the_Press_Briefing_Room_53992799309_800x450.jpg?fit=800%2C450&ssl=1&resize=350%2C200 1x, https:\/\/i0.wp.com\/www.freidenker.org\/fw17\/wp-content\/uploads\/2024\/09\/Secretary_Blinken_Delivers_Remarks_in_the_Press_Briefing_Room_53992799309_800x450.jpg?fit=800%2C450&ssl=1&resize=525%2C300 1.5x, https:\/\/i0.wp.com\/www.freidenker.org\/fw17\/wp-content\/uploads\/2024\/09\/Secretary_Blinken_Delivers_Remarks_in_the_Press_Briefing_Room_53992799309_800x450.jpg?fit=800%2C450&ssl=1&resize=700%2C400 2x"},"classes":[]}],"_links":{"self":[{"href":"https:\/\/www.freidenker.org\/index.php?rest_route=\/wp\/v2\/posts\/7979","targetHints":{"allow":["GET"]}}],"collection":[{"href":"https:\/\/www.freidenker.org\/index.php?rest_route=\/wp\/v2\/posts"}],"about":[{"href":"https:\/\/www.freidenker.org\/index.php?rest_route=\/wp\/v2\/types\/post"}],"author":[{"embeddable":true,"href":"https:\/\/www.freidenker.org\/index.php?rest_route=\/wp\/v2\/users\/3"}],"replies":[{"embeddable":true,"href":"https:\/\/www.freidenker.org\/index.php?rest_route=%2Fwp%2Fv2%2Fcomments&post=7979"}],"version-history":[{"count":0,"href":"https:\/\/www.freidenker.org\/index.php?rest_route=\/wp\/v2\/posts\/7979\/revisions"}],"wp:featuredmedia":[{"embeddable":true,"href":"https:\/\/www.freidenker.org\/index.php?rest_route=\/wp\/v2\/media\/7985"}],"wp:attachment":[{"href":"https:\/\/www.freidenker.org\/index.php?rest_route=%2Fwp%2Fv2%2Fmedia&parent=7979"}],"wp:term":[{"taxonomy":"category","embeddable":true,"href":"https:\/\/www.freidenker.org\/index.php?rest_route=%2Fwp%2Fv2%2Fcategories&post=7979"},{"taxonomy":"post_tag","embeddable":true,"href":"https:\/\/www.freidenker.org\/index.php?rest_route=%2Fwp%2Fv2%2Ftags&post=7979"}],"curies":[{"name":"wp","href":"https:\/\/api.w.org\/{rel}","templated":true}]}}