{"id":7974,"date":"2020-04-24T02:41:16","date_gmt":"2020-04-24T00:41:16","guid":{"rendered":"https:\/\/www.freidenker.org\/?p=7974"},"modified":"2020-05-13T23:49:19","modified_gmt":"2020-05-13T21:49:19","slug":"gesundheitsminister-spahn-macht-einen-krank","status":"publish","type":"post","link":"https:\/\/www.freidenker.org\/?p=7974","title":{"rendered":"Gesundheitsminister Spahn macht einen krank"},"content":{"rendered":"<h5>Er schafft es in die obere Reihe der Pfeifensammlung \/ ARD und ZDF \u00fcberbieten sich in Verlautbarungsjournalismus<\/h5>\n<p><em>Von <strong>Friedhelm Klinkhammer<\/strong> und <strong>Volker Br\u00e4utigam<\/strong><\/em><\/p>\n<p><strong>Ach du liebe Corona: &#8222;<em>Der Ausbruch ist &#8211; Stand heute &#8211; wieder beherrschbar und beherrschbarer geworden<\/em>&#8222;, t\u00f6nte Gesundheitsminister Jens Spahn am 17. April auf der Bundespressekonferenz.<\/strong>(1)<strong> Bis zu diesem Tag waren in Deutschland bereits 3 808 COVID-Tote registriert<\/strong>(2);<strong> inzwischen sind es mehr als 5 000. Tendenz: weiter steigend. In S\u00fcdkorea und im benachbarten Taiwan leben zusammengenommen fast ebensoviele Menschen wie hierzulande,\u00a0dort sind aber nur 260 Pandemie-Tote zu beklagen, und der Trend ist gestoppt.<\/strong>(3, 4)<strong>. Doch Minister Spahn behauptet unverdrossen, <\/strong><strong>\u201e<em>im internationalen Vergleich schneidet Deutschland bei der Bew\u00e4ltigung der Krise gut ab<\/em>\u201c. Unser Gesundheitssystem sei \u201e<em>zu keiner Zeit \u00fcberfordert<\/em>\u201c gewesen.<\/strong>(5)<strong> Und was macht die Tagesschau daraus? Sie referiert Spahns Angeberei als Fakt, statt ihn zu fragen, ob er selbst noch ganz gesund sei. <\/strong><\/p>\n<p>Dabei wirkte der mit seiner Ergebnisbewertung \u201e&#8230;d<em>as macht uns dem\u00fctig, aber nicht \u00fcberm\u00fctig<\/em>\u201c(ebd.) so, als bettle er geradezu um Ohrfeigen. Die bekam er von den Qualit\u00e4tsjournalisten nat\u00fcrlich nicht. Es bleibt ein Wunschtraum, dass sich ein echter Reporter den Mann vorkn\u00f6pft:<\/p>\n<blockquote><p><em>\u201eIch rieche Propaganda zehn Kilometer gegen den Wind. Um das mal klarzustellen, Genosse: Wenn Du mich einmal verarschst, ist es deine Schuld, dann bist du der B\u00f6se. Wenn Du mich das zweite Mal verarschst, bin ich selbst ein Depp.\u201c(6)<\/em><\/p><\/blockquote>\n<p>Kein Traum, sondern traurige Wirklichkeit: F\u00fcr die Tagesschau-Leute war es leider nicht erst das zweite Mal. Sie lassen sich seit jeher mit Spahns Propagandakisten unterm Arm losschicken.<\/p>\n<p>Bevor wir uns dieser Lichtgestalt, ihrem ebenso begnadeten Parteifreund und Wirtschaftsminister Peter Altmaier sowie dem total sozialdemokratischen Finanzminister Olaf Scholz etwas spezieller widmen, sei hier positiv vermerkt, dass die \u201eTagesthemen\u201c ganz ausnahmsweise doch einmal, n\u00e4mlich am 8. April, richtigen Journalismus vorf\u00fchrten. WDR-Kommentator Detlef Flintz balbierte den Gesundheitsminister mit der rostigen Sense:<\/p>\n<blockquote><p><em>\u201ePfleger und \u00c4rztinnen werden die Situation ausbaden und zum Teil mit ihrem Leben bezahlen m\u00fcssen\u201c.(7)<\/em><\/p><\/blockquote>\n<p>Doch solche Kritik prallt am \u201edem\u00fctigen, aber nicht \u00fcberm\u00fctigen\u201c Spahn ab. Der Mann wei\u00df, dass er sich grunds\u00e4tzlich auf die sorgf\u00e4ltig durchformatierten Intendanten des \u00f6ffentlich-rechtlichen Rundfunks verlassen kann. Die garantieren regierungsgl\u00e4ubigen Staatsfunk. Neuerdings blenden ihre Sender sogar Durchhalteparolen im Bildschirmeck ein.\u00a0F\u00fcrs ARD-Gemeinschaftsprogramm:<\/p>\n<blockquote><p><strong><em>Zusammenhalten. Wir sind deins<\/em>. NDR: <em>Der Norden h\u00e4lt zusammen<\/em>. BR: <em>Daheim bleiben<\/em>. WDR: <em>#zuhause<\/em>. SWR: <em>F\u00fcr euch da<\/em>. mdr: <em>Zuhause #miteinander stark<\/em>. SR, HR: <em>#zusammenhalten<\/em>.\u00a0<\/strong><\/p><\/blockquote>\n<p>Ihr guten Leute, euer f\u00f6deralistisches Kunterbunt nervt! Gegenvorschlag: \u201eEin Volk, ein Reich, ein Kronkorken!\u201c Auf Flaschen passt das&#8230;<\/p>\n<p>Einen Tag vor Spahns \u201edem\u00fctigem\u201c Auftritt in der Bundespressekonferenz hatte der MDR gemeldet, dass sich bereits mehr als 6400 \u00c4rzte und Pflegekr\u00e4fte in den Krankenh\u00e4usern mit dem Virus infiziert h\u00e4tten.(8) Die Zahl ist inzwischen (Stand: 22. April) auf 7 862 Covid-Erkrankte gestiegen, 18 \u00c4rzte bzw. Schwestern sind schon daran gestorben.(9) Tendenz auch hier: weiter steigend. Man muss lange suchen, bis man diese Angaben im Bulletin des Robert-Koch-Instituts findet, weit hinten im Text versteckt, ohne eigene grafische Darstellung. Gut sichtbar ist hingegen die Ursache f\u00fcr das Leid dieser \u201eHelden des Alltags\u201c: Fehlende bzw. unzureichende Schutzkleidung. Der Pr\u00e4sident der Bundes\u00e4rztekammer, Klaus Reinhardt:<\/p>\n<blockquote><p><em>\u201eDie Ausstattung von \u00c4rzten, Praxismitarbeitern und Pflegepersonal mit Schutzausr\u00fcstung &#8230; ist unzureichend. Wie dramatisch sich die Lage vor Ort darstellt, haben wir dem Bundesminister f\u00fcr Gesundheit detailliert dargelegt.\u201c<\/em>(10)<\/p><\/blockquote>\n<p>Das medizinische Personal ist \u00fcberall ausgepowert, Infektionen und Todesf\u00e4lle lassen sich bei solchen Arbeitsbedingungen nicht ausschlie\u00dfen.(11) Die Zust\u00e4nde in den rund 12 000 Pflegeeinrichtungen seien ein Skandal, moniert Eugen Brysch, der Vorsitzende der Stiftung Patientenschutz. Die Ma\u00dfnahmen zum Schutz des Pflegepersonals seien \u201evollkommen unzureichend\u201c.(12)<\/p>\n<p>Deutschland erweist sich inmitten der Pandemie unf\u00e4hig, \u00c4rzte, Schwestern und Pfleger mit perfekter Schutzausr\u00fcstung auszustatten, von einer ausreichenden Versorgung der Bev\u00f6lkerung mit dem Minimum erst recht nicht zu reden. Die w\u00fcnscht sich seit Wochen mit gro\u00dfer Mehrheit eine bundeseinheitliche Pflicht, in \u00f6ffentlichen Geb\u00e4uden und Transportmitteln Mundschutz zu tragen.(13) In den asiatischen L\u00e4ndern hat sich schlie\u00dflich erwiesen, dass die generelle Mundschutzpflicht ein entscheidender Faktor gegen die Tr\u00f6pfchen-Infektion durch Atemluft war.<\/p>\n<p>Der deutsche Durchschnittsb\u00fcrger erwies sich also als lernf\u00e4hig, das politische Funktionspersonal der Geldaristokratie hingegen nicht. Eine allgemeine Mundschutzpflicht scheiterte schon daran, dass monatelang Mangel an entsprechendem Material herrschte. Wo gro\u00dfe Nachfrage auf zu knappes Angebot trifft, explodieren in der \u201esozialen Marktwirtschaft\u201c eben die Preise.(14) Krankenh\u00e4user und \u00c4rzte waren gezwungen, zu verf\u00fcnffachten und noch h\u00f6heren \u00a0Kosten einzukaufen. Dem skandal\u00f6sen Wucher sah die Bundesregierung tatenlos zu. Sie dachte gar nicht daran, eine Preiskontrolle f\u00fcr dieses \u00fcberlebenswichtige Material zu verf\u00fcgen.<\/p>\n<p>Grandios: Mehr als drei Monate nach Ausbruch der Pandemie fiel endlich auch dem Wirtschaftsminister Altmaier auf, dass man Mundschutzmasken eigentlich in Deutschland selbst herstellen k\u00f6nnte, wegen des Bedarfs von bis zu 12 Milliarden St\u00fcck j\u00e4hrlich.(15) \u00dcber so rasche Auffassungsgabe und gro\u00dfe Entschlusskraft staunt der Laie, und der Fachmann wundert sich.<\/p>\n<p>Altmaier und Finanzminister Scholz hatten gr\u00f6\u00dfere Posten und einflussreichere Wirtschaftskreise als das Gesundheitswesen auf dem Zettel, als sie ihr Staatshilfepaket zur Krisenbew\u00e4ltigung schn\u00fcrten.<\/p>\n<blockquote><p><em>\u201eDer Umfang der haushaltswirksamen Ma\u00dfnahmen betr\u00e4gt insgesamt 353,3\u00a0Milliarden Euro und der Umfang der Garantien insgesamt 819,7 Milliarden Euro.\u201c(16)\u00a0<\/em><\/p><\/blockquote>\n<p>Der Staat \u2013 das sind wir alle \u2013 steht demnach f\u00fcr fast 1,2 Billionen Euro zus\u00e4tzlich gerade(17), weitere B\u00fcrgschaften sind noch in Planung. Das gr\u00f6\u00dfte St\u00fcck vom Kuchen d\u00fcrfte sich die Autoindustrie abschneiden. Sie ist traditionell der steuerlich meistgef\u00f6rderte Wirtschaftszweig.(18) Titel der Deutschen Wirtschaftsnachrichten:<\/p>\n<blockquote><p>\u201e<em>Wie die Autobauer in der Coronakrise den Steuerzahler bluten lassen.\u201c<\/em>(ebd.)<\/p><\/blockquote>\n<p>Tats\u00e4chlich, sie verlangen allen Ernstes, dass der Staat bei Kaufpreisen von mehr als 20 000 Euro komplett auf die Mehrwertsteuer verzichtet. Die Kundschaft der Yachtwerften, Juweliere und Goldschmiede freut sich schon&#8230;<\/p>\n<p>Schauen wir kurz nach Baden-W\u00fcrttemberg. Daimler-Benz beantragte als einer der ersten Gro\u00dfkonzerne zu Beginn des Anti-Pandemie-Regimes Kurzarbeit f\u00fcr 140 000 Besch\u00e4ftigte.(19) Nahezu zeitgleich k\u00fcndigte das Management \u2013 seine Mitglieder haben Jahreseinkommen von bis zu 12 Millionen Euro \u2013 den Aktion\u00e4ren an, bei der n\u00e4chsten Hauptversammlung Dividenden von insgesamt 963 Millionen Euro auszuloben.(20)<\/p>\n<p>Fast eine Milliarde Euro f\u00fcr Nichtstun au\u00dfer Couponschneiden: Mit diesem Geld h\u00e4tte der Betrieb seinen Besch\u00e4ftigten in Deutschland wochenlang das volle Gehalt zahlen k\u00f6nnen, ohne die \u00d6ffentlichkeit mit der Finanzierung des Kurzarbeitergelds zu belasten und seinen Arbeitnehmern hohe Lohnausf\u00e4lle zuzumuten.<\/p>\n<p>Gesch\u00e4ftsleben und Moral passen nicht zusammen. Daimler-Benz ist kein Einzelfall. Es gibt DAX-Konzerne serienweise, die auch in der Pandemiekrise fette Gewinne machen und trotzdem die zus\u00e4tzliche Staatsknete abgreifen.(21) Anders als die d\u00e4nische Regierung(22) kam das Kabinett Merkel gar nicht auf die Idee, nur solchen Aktiengesellschaften staatliche Hilfen zu gew\u00e4hren, die wenigstens keine Dividenden zahlen. Es w\u00e4re ein Leichtes gewesen, hier f\u00fcr mehr Anstand zu sorgen, wenn schon nicht f\u00fcr mehr Moral.<\/p>\n<p>An dieser Stelle ist daran zu erinnern, dass es f\u00fcr die lohnabh\u00e4ngigen \u201eHelden des Alltags\u201c \u00fcberhaupt keine strukturellen Verbesserungen gibt. Es herrscht sogar Dissens dar\u00fcber, ob wenigstens eine Pr\u00e4mie f\u00fcr die Krisenzeit gezahlt werden sollte und von wem.(23) Weder gibt es \u00dcberlegungen, eine angemessene Verg\u00fctungsordnung f\u00fcr das medizinische und das Pflegepersonal gesetzlich zu verordnen noch gar f\u00fcr alle sogenannten \u201eSystemrelevanten\u201c.<\/p>\n<p>4000 Euro Mindestgehalt f\u00fcr die Krankenschwester? 6000 Euro f\u00fcr den Assistenzarzt? Arbeitszeit-H\u00f6chstgrenze 38 Stunden pro Woche? Voller Freizeitausgleich f\u00fcr Mehrarbeit? Ausreichend Personal daf\u00fcr in allen medizinischen Einrichtungen? Nicht mal im Traum! Es gibt keinen Gedanken an eine Verstaatlichung des Gesundheitswesens. An der Krankheit l\u00e4sst sich Geld verdienen, nach dem Prinzip <em>Menschen ausbeuten und Profite einstreichen, Verluste der Gesamtgesellschaft aufhalsen<\/em>. Sozialminister Heil stimmte sogar t\u00e4glichen Arbeitsschichten von 12 Stunden in den sensiblen Versorgungsbereichen zu.(24) Der Irrsinn hat Methode.<\/p>\n<p>Die Beg\u00fcnstigung der \u201eWirtschaft\u201c gegen\u00fcber der lohnabh\u00e4ngigen Bev\u00f6lkerung ist penetrant. Die gemeinn\u00fctzigen Einrichtungen, die Kulturszene und deren Institutionen sowie der sogenannte <em>Kleine Mann<\/em> haben nichts bzw. fast nichts vom staatlichen Geldsegen. Die rund drei Millionen Kleinunternehmen und Solo-Selbst\u00e4ndigen kriegen ebenfalls nur ein paar Kr\u00fcmel \u201eSoziales\u201c. F\u00fcr sie wird \u00a0insgesamt nicht mal ein Zwanzigstel dessen bereitgestellt, was f\u00fcr die \u201eGro\u00dfen\u201c geleistet wird. Es sind nur Einmalbetr\u00e4ge zur teilweisen Deckung der Kosten, die trotz Betriebsschlie\u00dfung anfallen; zur Sicherung des Lebensunterhalts d\u00fcrfen die Guten Sozialhilfe beantragen.(25)<\/p>\n<p>Beim Blick auf das Leben in der Kurzarbeit wird der Gegensatz von Kapital und Arbeit im Anti-Pandemie-Regime so richtig konkret. W\u00e4hrend den Gro\u00dfunternehmen die Euro-Milliarden buchst\u00e4blich hinterhergeworfen werden, um ihnen wirtschaftliche Risiken abzunehmen, verlieren Arbeitnehmer in Kurzarbeit 40 Prozent ihres Einkommens. Schon jetzt rechnen die politisch Verantwortlichen damit, dass k\u00fcnftig 1,2 Millionen Menschen mehr als bisher ausschlie\u00dflich von Hartz-IV bzw. von der Sozialhilfe werden leben m\u00fcssen.(26) Ist doch schon gut: Wer sich in der Erntezeit als Spargelstecher verdingen will, muss nicht f\u00fcrchten, dass ihm der vom Bauern gezahlte Hungerlohn mit der \u201eSt\u00fctze\u201c verrechnet wird&#8230;<\/p>\n<p>\u201eAbfedern von Risiken&#8220;, nennt die Bundesregierung das Kurzarbeitssystem und l\u00e4sst sich daf\u00fcr EU-weit bewundern. Aber als Minister Hubertus Heil ebenso kraft- wie folgenlos f\u00fcr eine befristete Erh\u00f6hung des Kurzarbeitergeldes auf 80 Prozent eintrat, zeigte ihm Tagesthemen-Moderatorin Pinar Atalay, warum sie und ihresgleichen 12 000 Euro monatlich kriegen:<\/p>\n<blockquote><p><em>\u201cWo wollen Sie das Geld herholen, wollen Sie die Allgemeinheit belasten?\u201d<\/em>(27)<\/p><\/blockquote>\n<p>Maulschellen f\u00fcr Empathielosigkeit und fehlenden Gerechtigkeitssinn sind leider verboten.<\/p>\n<p>Beim Kuhhandel um die Anhebung des Kurzarbeitergeldes kam, wie bekannt, hernach denn auch nur eine Mogelpackung heraus. Aufstockung von 60 auf 80 Prozent? Tr\u00e4umt mal sch\u00f6n weiter! Nach einem halben Jahr seht ihr die vielleicht, aber gekn\u00fcpft an erhebliche Bedingungen. SPD-Seifenblasen-Politik: Eine Regelung schaffen, die sch\u00f6n schillert, aber den Lohnabh\u00e4ngigen nass macht, wenn er danach greift.<\/p>\n<p>Unsere \u201eHauptsache mitregieren!\u201c-Sozis lie\u00dfen sich schon wegen der Grundrente unter ungeb\u00fchrlichen Druck setzen. Bekanntlich sollten vom n\u00e4chsten Jahr an 1,3 Millionen Armutsrentner eine geringf\u00fcgige Entlastung erhalten: zirka 75 Euro Zuschlag auf die monatliche Grundsicherung.(28) Dagegen haben unsere Wertkonservativen Einw\u00e4nde. Peter Wei\u00df, CDU\/CSU-Fraktion:<\/p>\n<blockquote><p><em>\u201eEs gibt keinen Anlass, Geld allgemein mit der Gie\u00dfkanne zu verteilen, zumal uns das Geld dank Corona-Krise nicht mehr in H\u00fclle und F\u00fclle zur Verf\u00fcgung stehen wird.\u201c<\/em>(29)<\/p><\/blockquote>\n<p>Ingo Kramer, Pr\u00e4sident der Bundesvereinigung der Arbeitgeberverb\u00e4nde, bremste ebenfalls:<\/p>\n<blockquote><p>\u201e<em>Die Grundrente ist insbesondere f\u00fcr die j\u00fcngere Generation, die ein deutlich kleinerer Jahrgang jeweils sein wird, ganz schwer zu schultern, schon ohne die wirtschaftlichen Folgen, die jetzt die Corona-Krise mit sich bringen wird. Das ist ein weiterer Tropfen, der das Fass einfach \u00fcberlaufen l\u00e4sst.\u201c<\/em>(ebd.)<\/p><\/blockquote>\n<p>Wir wollen an dieser Stelle daran erinnern, dass den Mitgliedern seines Verbandes von Staats wegen gerade mehrere hundert Milliarden Euro in den offenen Rachen gestopft werden. Er und Seinesgleichen denken nat\u00fcrlich nicht daran, sich gem\u00e4\u00df ihrem \u00fcberproportionalen Zahlungsverm\u00f6gen freiwillig zur Refinanzierung dieses Grundrente-\u201eTropfens\u201c heranziehen zu lassen.<\/p>\n<p>Verm\u00f6gensabgabe? I-gitt, sowas kann doch nur dem neuen SPD-F\u00fchrungsduo Norbert Walter-Borjans und Saskia Esken einfallen, im Bundestag von der Linkspartei als Antrag eingebracht und von der Parlamentsmehrheit abgeschmettert werden:<\/p>\n<blockquote><p><em>\u201cNach Bew\u00e4ltigung der Corona Krise wird eine zeitlich befristete Verm\u00f6gensabgabe f\u00fcr Million\u00e4re und Milliard\u00e4re nach Vorbild des deutschen Lastenausgleichs nach dem Zweiten Weltkrieg erhoben, um die krisenbedingt gestiegene \u00f6ffentliche Verschuldung abzubauen und den sozialen Zusammenhalt zu st\u00e4rken.\u201d<\/em>(30)<\/p><\/blockquote>\n<p>Zusammenhalt w\u00e4re zwar n\u00f6tig, aber es kann keine Rede davon sein. \u201eDer Teufel schei\u00dft immer auf den gr\u00f6\u00dften Haufen\u201c, wei\u00df der Volksmund. Und darum kriegen Obdachlose keine Staatshilfen, sondern wg. Corona die Notunterk\u00fcnfte und Suppenk\u00fcchen gesperrt. Vorschlag f\u00fcr ein Hinweisschild, an den Pforten anzupinnen: <em>Obdachlose, bleibt zuhause!<\/em> Viele Tafeln sind eh noch geschlossen. Soll das prek\u00e4r lebende Volk doch selber schauen, wie es mit den drastisch gestiegenen Lebensmittelpreisen fertig wird.(31) Die Regels\u00e4tze der Sozialhilfe werden jedenfalls nicht angehoben.<\/p>\n<p>Minijobber und Geringverdiener kommen auch nicht in den Genuss von Kurzarbeitergeld. Menschen mit geringem oder gar keinem Einkommen fallen immer hinten runter. Unser Staat hat f\u00fcr sie nichts \u00fcbrig. Dass Milliard\u00e4re und Multimillion\u00e4re nichts von ihrem Reichtum abgeben, dass sie nicht an die soziale Verpflichtung erinnert werden, der ihr Eigentum laut Grundgesetz unterliegt(32), daf\u00fcr steht der waschechte Sozialdemokrat Olaf Scholz. Der l\u00e4sst nur Angeh\u00f6rigen der niederen sozialen Schichten Missliches angedeihen, davon aber im Extrem: verabreicht von uniformierten Gewaltbereiten, mit Wasserwerfern, Tr\u00e4nengas und Kn\u00fcppeln.(33)<\/p>\n<p>Verm\u00f6gensabgabe, gar eine permanente Verm\u00f6genssteuer? Blo\u00df nicht! Erbschaftssteuer an die Einkommenssteuer angleichen? Um Himmels willen! Spitzensteuersatz wieder auf 52 Prozent anheben wie zu \u201eEinheitskanzler\u201c Helmut Kohls Zeiten? Ausgeschlossen! Steuerfl\u00fcchtige Krisengewinnler wie Amazon absch\u00f6pfen? Spekulative \u201eLeerverk\u00e4ufe\u201c an der B\u00f6rse verbieten, wie Frankreich und Italien es vorgemacht haben?(34). Auf keinen Fall! Olaf Scholz wei\u00df:<\/p>\n<blockquote><p><em>\u201dWir haben genug Geld, wir k\u00f6nnen allen helfen<\/em>\u201d.(35)<\/p><\/blockquote>\n<p>Es zeichnet sich demnach ab, dass die Extra-Billion Euro zur Bew\u00e4ltigung der Pandemiefolgen dem Steuerzahler in Form verschachtelter und versteckter Nebenhaushalte aufgehalst wird, auf gleich undurchsichtige Art, wie die \u201ebad banks\u201c zur Bew\u00e4ltigung der Finanzkrise 2008 geschaffen wurden. Bis heute ist es nicht einmal dem Rechnungshof gelungen, die intransparenten, wenn nicht gar mafi\u00f6sen Verfahrenstricks vollst\u00e4ndig zu durchdringen.(36)<\/p>\n<p>Getilgt wurden diese Schulden bisher mit Geldwertverlust bei Nullzinsen und mit gleichzeitigem Wirtschaftswachstum. Offenbar denkt die Bundesregierung daran, mit den Sonderausgaben zur Bew\u00e4ltigung der Corona-Krise ebenso zu verfahren. Winfried Kretschmann (B\u00fcndnis90\/Die Gr\u00fcnen), Ministerpr\u00e4sident in Stuttgart, wei\u00df jetzt schon, wie es l\u00e4uft: Letztlich werde die gesamte Bev\u00f6lkerung daf\u00fcr bezahlen.<\/p>\n<blockquote><p><em>\u201eDie meisten Menschen werden nach der Corona-Krise erstmal \u00e4rmer sein.\u201c <\/em>Milliarden m\u00fcssten in den Haushalten eingespart werden.<em> \u201eDas Geld f\u00e4llt ja nicht vom Himmel.\u201c<\/em>(37)<\/p><\/blockquote>\n<p>Irrtum, Herr \u201eeinschpare\u201c-Minischterpr\u00e4sident: Von irgendwo da oben f\u00e4llt bannig viel Geld herab, die Familien Albrecht, Schwarz, Klatten, Quandt, Otto, Springer, Mohn, Schaeffler, Viessmann und andere k\u00f6nnen es bezeugen. \u201eDen Seinen gibt\u00b4s der Herr im Schlafe\u201c, das steht doch so schon in der Bibel, im Psalm 127, dem Loblied auf die Faulheit. 126 deutsche Milliard\u00e4rsfamilien und mehr als 1,5 Millionen Multimillion\u00e4re genie\u00dfen den alttestamentarischen Segen. Sie wissen es zu verhindern, dass wir uns zu neuen Ufern aufmachen, die schreiende Ungleichheit beenden und das Eigentum an den Produktionsmitteln vergesellschaften. Ihre Marionetten in Berlin werden uns vielmehr zur Rettung des Reichtums der Reichen weiter entlang der alten Ufer treideln lassen.<\/p>\n<p><strong>Quellen und Anmerkungen:<\/strong><\/p>\n<p>(1) <a href=\"https:\/\/www.tagesschau.de\/multimedia\/sendung\/ts-36675.html\">https:\/\/www.tagesschau.de\/multimedia\/sendung\/ts-36675.html<\/a><br \/>\n(2) <a href=\"https:\/\/www.rtl.de\/cms\/live-ticker-coronavirus-alle-infos-und-entwicklungen-vom-17-april-2020-4525642.html\">https:\/\/www.rtl.de\/cms\/live-ticker-coronavirus-alle-infos-und-entwicklungen-vom-17-april-2020-4525642.html<\/a><br \/>\n(3) <a href=\"https:\/\/de.wikipedia.org\/wiki\/COVID-19-Pandemie_in_S\u00fcdkorea\">https:\/\/de.wikipedia.org\/wiki\/COVID-19-Pandemie_in_S\u00fcdkorea<\/a><br \/>\n(4) <a href=\"https:\/\/www.luzernerzeitung.ch\/international\/coronakrise-niemand-machts-besser-als-taiwan-ld.1208913\">https:\/\/www.luzernerzeitung.ch\/international\/coronakrise-niemand-machts-besser-als-taiwan-ld.1208913<\/a><br \/>\n(5) <a href=\"https:\/\/www.antenne-sylt.de\/service\/news\/beitrag\/spahn-spricht-von-einem-inzwischen-beherrschbaren-ausbruch.html\">https:\/\/www.antenne-sylt.de\/service\/news\/beitrag\/spahn-spricht-von-einem-inzwischen-beherrschbaren-ausbruch.html<\/a><br \/>\n(6) <a href=\"http:\/\/www.free21.org\/westlessness\/\">http:\/\/www.free21.org\/westlessness\/<\/a><br \/>\n(7) <a href=\"https:\/\/www.tagesschau.de\/multimedia\/sendung\/tt-7437.html\">https:\/\/www.tagesschau.de\/multimedia\/sendung\/tt-7437.html<\/a><br \/>\n(8) <a href=\"https:\/\/www.mdr.de\/nachrichten\/panorama\/ticker-corona-virus-donnerstag-sechzehnter-april-100.html\">https:\/\/www.mdr.de\/nachrichten\/panorama\/ticker-corona-virus-donnerstag-sechzehnter-april-100.html<\/a><br \/>\n(9) <a href=\"https:\/\/www.rki.de\/DE\/Content\/InfAZ\/N\/Neuartiges_Coronavirus\/Situationsberichte\/2020-04-22-de.pdf?__blob=publicationFile\">https:\/\/www.rki.de\/DE\/Content\/InfAZ\/N\/Neuartiges_Coronavirus\/Situationsberichte\/2020-04-22-de.pdf?__blob=publicationFile<\/a><br \/>\n(10) <a href=\"https:\/\/www.kma-online.de\/aktuelles\/politik\/detail\/praesident-der-bundesaerztekammer-fordert-deutschland-zur-kreativitaet-auf-a-42909\">https:\/\/www.kma-online.de\/aktuelles\/politik\/detail\/praesident-der-bundesaerztekammer-fordert-deutschland-zur-kreativitaet-auf-a-42909<\/a><br \/>\n(11) <a href=\"https:\/\/www.daserste.de\/information\/wirtschaft-boerse\/plusminus\/sendung\/index.html\">https:\/\/www.daserste.de\/information\/wirtschaft-boerse\/plusminus\/sendung\/index.html<\/a><br \/>\n(12) <a href=\"https:\/\/www.kma-online.de\/aktuelles\/pflege\/detail\/pflegesektor-trotz-coronavirus-vernachlaessigt-a-43107\">https:\/\/www.kma-online.de\/aktuelles\/pflege\/detail\/pflegesektor-trotz-coronavirus-vernachlaessigt-a-43107<\/a><br \/>\n(13) <a href=\"https:\/\/www.fuldaerzeitung.de\/regional\/fulda\/mundschutz-pflicht-oder-nicht-das-sagen-experten-passanten-und-handler-NF9502249\">https:\/\/www.fuldaerzeitung.de\/regional\/fulda\/mundschutz-pflicht-oder-nicht-das-sagen-experten-passanten-und-handler-NF9502249<\/a><br \/>\n(14) <a href=\"https:\/\/www.t-online.de\/finanzen\/boerse\/news\/id_87727678\/corona-krise-das-ist-der-wahnsinn-die-preise-fuer-mundschutze-explodieren.html\">https:\/\/www.t-online.de\/finanzen\/boerse\/news\/id_87727678\/corona-krise-das-ist-der-wahnsinn-die-preise-fuer-mundschutze-explodieren.html<\/a><br \/>\n(15) <a href=\"https:\/\/www.tagesschau.de\/multimedia\/sendung\/ts-36697.html\">https:\/\/www.tagesschau.de\/multimedia\/sendung\/ts-36697.html<\/a><br \/>\n(16) <a href=\"https:\/\/www.bundesfinanzministerium.de\/Content\/DE\/Standardartikel\/Themen\/Schlaglichter\/Corona-Schutzschild\/2020-03-13-Milliarden-Schutzschild-fuer-Deutschland.html\">https:\/\/www.bundesfinanzministerium.de\/Content\/DE\/Standardartikel\/Themen\/Schlaglichter\/Corona-Schutzschild\/2020-03-13-Milliarden-Schutzschild-fuer-Deutschland.html<\/a><br \/>\n(17) <a href=\"https:\/\/www.bundestag.de\/dokumente\/textarchiv\/2020\/kw13-de-corona-schuldenbremse-688956\">https:\/\/www.bundestag.de\/dokumente\/textarchiv\/2020\/kw13-de-corona-schuldenbremse-688956<\/a><br \/>\n(18) <a href=\"https:\/\/deutsche-wirtschafts-nachrichten.de\/503498\/Noch-mehr-Subventionen-bitte-Wie-die-Autobauer-in-der-Corona-Krise-den-Steuerzahler-bluten-lassen\">https:\/\/deutsche-wirtschafts-nachrichten.de\/503498\/Noch-mehr-Subventionen-bitte-Wie-die-Autobauer-in-der-Corona-Krise-den-Steuerzahler-bluten-lassen<\/a><br \/>\n(19) <a href=\"https:\/\/www.daimler.com\/konzern\/news\/covid-19-voruebergehende-kurzarbeit.html\">https:\/\/www.daimler.com\/konzern\/news\/covid-19-voruebergehende-kurzarbeit.html<\/a><br \/>\n(20) <a href=\"https:\/\/www.daimler.com\/investoren\/aktie\/dividende\/\">https:\/\/www.daimler.com\/investoren\/aktie\/dividende\/<\/a><br \/>\n(21) <a href=\"https:\/\/www.fabio-de-masi.de\/de\/article\/2690.spiegel-die-hilfen-kassieren-die-gewinne-auch.html\">https:\/\/www.fabio-de-masi.de\/de\/article\/2690.spiegel-die-hilfen-kassieren-die-gewinne-auch.html<\/a><br \/>\n(22) <a href=\"https:\/\/deutsch.rt.com\/europa\/101251-danemark-keine-staatshilfen-fur-unternehmen\/\">https:\/\/deutsch.rt.com\/europa\/101251-danemark-keine-staatshilfen-fur-unternehmen\/<\/a><br \/>\n(23) <a href=\"https:\/\/www.faz.net\/aktuell\/wirtschaft\/corona-wer-soll-die-dankespraemie-fuer-pflegekraefte-bezahlen-16735544.html\">https:\/\/www.faz.net\/aktuell\/wirtschaft\/corona-wer-soll-die-dankespraemie-fuer-pflegekraefte-bezahlen-16735544.html<\/a><br \/>\n(24) <a href=\"https:\/\/www.bibliomed-pflege.de\/alle-news\/detailansicht\/artikel\/40297-heil-erlaubt-12-stunden-schichten\/\">https:\/\/www.bibliomed-pflege.de\/alle-news\/detailansicht\/artikel\/40297-heil-erlaubt-12-stunden-schichten\/<\/a><br \/>\n(25) <a href=\"https:\/\/www.bmwi.de\/Redaktion\/DE\/Artikel\/Wirtschaft\/Corona-Virus\/unterstuetzungsmassnahmen-faq-04.html\">https:\/\/www.bmwi.de\/Redaktion\/DE\/Artikel\/Wirtschaft\/Corona-Virus\/unterstuetzungsmassnahmen-faq-04.html<\/a><br \/>\n(26) <a href=\"https:\/\/www.bundestag.de\/dokumente\/textarchiv\/2020\/kw13-de-corona-infektionsschutz-688952\">https:\/\/www.bundestag.de\/dokumente\/textarchiv\/2020\/kw13-de-corona-infektionsschutz-688952<\/a><br \/>\n(27) <a href=\"https:\/\/www.tagesschau.de\/multimedia\/video\/video-689873.html\">https:\/\/www.tagesschau.de\/multimedia\/video\/video-689873.html<\/a><br \/>\n(28) <a href=\"https:\/\/www.tagesspiegel.de\/politik\/wer-bekommt-grundrente-die-wichtigsten-fragen-und-antworten\/25214600.html\">https:\/\/www.tagesspiegel.de\/politik\/wer-bekommt-grundrente-die-wichtigsten-fragen-und-antworten\/25214600.html<\/a><br \/>\n(29) <a href=\"https:\/\/www.tagesschau.de\/multimedia\/sendung\/ts-36609.html\">https:\/\/www.tagesschau.de\/multimedia\/sendung\/ts-36609.html<\/a><br \/>\n(30) <a href=\"https:\/\/www.bundestag.de\/dokumente\/textarchiv\/2020\/kw13-de-corona-schuldenbremse-688956\">https:\/\/www.bundestag.de\/dokumente\/textarchiv\/2020\/kw13-de-corona-schuldenbremse-688956<\/a><br \/>\n(31) <a href=\"https:\/\/deutsche-wirtschafts-nachrichten.de\/503589\/Fleisch-Obst-und-Gemuese-werden-deutlich-teurer\">https:\/\/deutsche-wirtschafts-nachrichten.de\/503589\/Fleisch-Obst-und-Gemuese-werden-deutlich-teurer<\/a><br \/>\n(32) <a href=\"https:\/\/www.gesetze-im-internet.de\/gg\/art_14.html\">https:\/\/www.gesetze-im-internet.de\/gg\/art_14.html<\/a><br \/>\n(33) <a href=\"https:\/\/www.hamburger-gitter.org\/presse.html\">https:\/\/www.hamburger-gitter.org\/presse.html<\/a><br \/>\n(34) <a href=\"https:\/\/www.youtube.com\/watch?v=ND8clPgLSx0\">https:\/\/www.youtube.com\/watch?v=ND8clPgLSx0.<\/a><br \/>\n(35) <a href=\"https:\/\/www.welt.de\/vermischtes\/article206527207\/Scholz-bei-Illner-Wir-haben-genug-Geld-wir-koennen-allen-helfen.html\">https:\/\/www.welt.de\/vermischtes\/article206527207\/Scholz-bei-Illner-Wir-haben-genug-Geld-wir-koennen-allen-helfen.html<\/a><br \/>\n(36) <a href=\"https:\/\/www.bundesrechnungshof.de\/de\/veroeffentlichungen\/produkte\/beratungsberichte\/entwicklung-einzelplaene\/2020\/langfassungen\/2019-bericht-information-ueber-die-entwicklung-des-einzelplans-32-bundesschuld-fuer-die-beratungen-zum-bundeshaushalt-2020-pdf\">https:\/\/www.bundesrechnungshof.de\/de\/veroeffentlichungen\/produkte\/beratungsberichte\/entwicklung-einzelplaene\/2020\/langfassungen\/2019-bericht-information-ueber-die-entwicklung-des-einzelplans-32-bundesschuld-fuer-die-beratungen-zum-bundeshaushalt-2020-pdf<\/a><br \/>\n(37) <a href=\"https:\/\/www.fnweb.de\/newsticker\/newsticker-dpa_ticker,-region-kretschmann-die-meisten-werden-nach-corona-krise-erstmal-aermer-sein-_tickerid,123009.html\">https:\/\/www.fnweb.de\/newsticker\/newsticker-dpa_ticker,-region-kretschmann-die-meisten-werden-nach-corona-krise-erstmal-aermer-sein-_tickerid,123009.html<\/a><\/p>\n<p style=\"text-align: right;\"><em><strong>Das\u00a0Autoren-Team:\u00a0<\/strong><\/em><\/p>\n<p style=\"text-align: right;\"><em>Friedhelm Klinkhammer, Jahrgang\u00a01944, Jurist. 1975 bis 2008 Mitarbeiter des NDR, zeitweise Vorsitzender des NDR-Gesamtpersonalrats und des ver.di-Betriebsverbandes\u00a0sowie Referent einer Funkhausdirektorin.<\/em><\/p>\n<p style=\"text-align: right;\"><em>Volker Br\u00e4utigam, Jahrgang 1941, Redakteur. 1975 bis 1996 Mitarbeiter des NDR, zun\u00e4chst in der Tagesschau, von 1992 an in der Kulturredaktion f\u00fcr N3. Danach Lehrauftrag an der Fu-Jen-Universit\u00e4t\u00a0in Taipeh.<\/em><\/p>\n<p style=\"text-align: right;\"><em>Beide Autoren sind Mitglieder des Beirates des Deutschen Freidenker-Verbandes.<\/em><\/p>\n<p><span style=\"font-size: 10pt;\">Dieser Beitrag erschien auch am 23.04.2020 auf <a href=\"https:\/\/publikumskonferenz.de\/blog\/2020\/04\/23\/gesundheitsminister-spahn-macht-einen-krank\/\" target=\"_blank\" rel=\"noopener noreferrer\">publikumskonferenz.de<\/a><\/span><\/p>\n<hr \/>\n<p><span style=\"font-size: 10pt;\">Bildcollage: rlx, verwendete Fotos und Grafiken:<br \/>\nJens Spahn auf dem CDU Bundesparteitag Dezember 2014 in K\u00f6ln:<a href=\"https:\/\/de.wikipedia.org\/wiki\/Datei:Jens_Spahn_CDU_Parteitag_2014_by_Olaf_Kosinsky-2.jpg\" target=\"_blank\" rel=\"noopener noreferrer\"> <b>Olaf Kosinsky \/ Wikipedia<\/b><\/a>, <a href=\"https:\/\/creativecommons.org\/licenses\/by-sa\/3.0\/de\/deed.de\">CC BY-SA 3.0 DE<\/a><br \/>\nMaske: <a href=\"https:\/\/pixabay.com\/de\/vectors\/coronavirus-virus-maske-n95-schutz-4977460\/\" target=\"_blank\" rel=\"noopener noreferrer\">pixabay.com<\/a> \/ User: <a class=\"hover_opacity\" href=\"https:\/\/pixabay.com\/de\/users\/mohamed_hassan-5229782\/\">mohamed_hassan<\/a> \/ Lizenz: <a href=\"https:\/\/pixabay.com\/de\/service\/license\/\">Pixabay License<\/a><br \/>\nOP-Saal (Hintergrund): <a href=\"https:\/\/pixabay.com\/de\/photos\/chirurgie-krankenhaus-arzt-pflege-1807541\/\" target=\"_blank\" rel=\"noopener noreferrer\">pixabay.com<\/a> \/ User: <a class=\"hover_opacity\" href=\"https:\/\/pixabay.com\/de\/users\/sasint-3639875\/\">sasint<\/a> \/ Lizenz: <a href=\"https:\/\/pixabay.com\/de\/service\/license\/\">Pixabay License<\/a><br \/>\n<\/span><\/p>\n","protected":false},"excerpt":{"rendered":"<p><b>Beitrag von Friedhelm Klinkhammer und Volker Br\u00e4utigam<\/b><br \/>\nAch du liebe Corona: &#8222;Der Ausbruch ist &#8211; Stand heute &#8211; wieder beherrschbar und beherrschbarer geworden&#8220;, t\u00f6nte Gesundheitsminister Jens Spahn am 17. April auf der Bundespressekonferenz. Bis zu diesem Tag waren in Deutschland bereits 3 808 COVID-Tote registriert; inzwischen sind es mehr als 5 000. Tendenz: weiter steigend. &#8230; Doch Minister Spahn behauptet unverdrossen, \u201eim internationalen Vergleich schneidet Deutschland bei der Bew\u00e4ltigung der Krise gut ab\u201c. Unser Gesundheitssystem sei \u201ezu keiner Zeit \u00fcberfordert\u201c gewesen. Und was macht die Tagesschau daraus? Sie referiert Spahns Angeberei als Fakt, statt ihn zu fragen, ob er selbst noch ganz gesund sei.<\/p>\n","protected":false},"author":3,"featured_media":7976,"comment_status":"closed","ping_status":"closed","sticky":false,"template":"","format":"standard","meta":{"colormag_page_container_layout":"default_layout","colormag_page_sidebar_layout":"default_layout","advanced_seo_description":"","jetpack_seo_html_title":"","jetpack_seo_noindex":false,"jetpack_post_was_ever_published":false,"footnotes":""},"categories":[11,12],"tags":[1032,1256,577,1257,1126],"class_list":["post-7974","post","type-post","status-publish","format-standard","has-post-thumbnail","hentry","category-arbeit-soziales","category-demokratie-medien-aufklaerung","tag-bundesregierung","tag-corona-virus","tag-gesundheitspolitik","tag-pandemie","tag-tagesschau"],"jetpack_featured_media_url":"https:\/\/i0.wp.com\/www.freidenker.org\/fw17\/wp-content\/uploads\/2020\/04\/spahn_corona_800x445.jpg?fit=800%2C450&ssl=1","jetpack_shortlink":"https:\/\/wp.me\/p9stpK-24C","jetpack-related-posts":[{"id":8982,"url":"https:\/\/www.freidenker.org\/?p=8982","url_meta":{"origin":7974,"position":0},"title":"Corona-Leugner unter sich: Ohne Maske feiern mit Elon Musk","author":"Webredaktion","date":"13. Dezember 2020","format":false,"excerpt":"Beitrag von Werner R\u00fcgemer Nach Facebook-Chef Mark Zuckerberg und Amazon-Chef Jeff Bezos erhielt in diesem Jahr Tesla-Chef Elon Musk den Gro\u00dfen Preis des gr\u00f6\u00dften deutschen Zeitungskonzerns, den Springer Award. ... Preistr\u00e4ger Elon Musk ist ein prominenter Corona-Leugner: \u201eEr verharmloste die Pandemie oft, nannte die Angst vor dem Virus \u2018dumm\u2019 und\u2026","rel":"","context":"In &quot;Demokratie \u2013 Medien \u2013 Aufkl\u00e4rung&quot;","block_context":{"text":"Demokratie \u2013 Medien \u2013 Aufkl\u00e4rung","link":"https:\/\/www.freidenker.org\/?cat=12"},"img":{"alt_text":"","src":"https:\/\/i0.wp.com\/www.freidenker.org\/fw17\/wp-content\/uploads\/2020\/12\/Elon_Musk_coll_800x450.jpg?fit=800%2C450&ssl=1&resize=350%2C200","width":350,"height":200,"srcset":"https:\/\/i0.wp.com\/www.freidenker.org\/fw17\/wp-content\/uploads\/2020\/12\/Elon_Musk_coll_800x450.jpg?fit=800%2C450&ssl=1&resize=350%2C200 1x, https:\/\/i0.wp.com\/www.freidenker.org\/fw17\/wp-content\/uploads\/2020\/12\/Elon_Musk_coll_800x450.jpg?fit=800%2C450&ssl=1&resize=525%2C300 1.5x, https:\/\/i0.wp.com\/www.freidenker.org\/fw17\/wp-content\/uploads\/2020\/12\/Elon_Musk_coll_800x450.jpg?fit=800%2C450&ssl=1&resize=700%2C400 2x"},"classes":[]},{"id":8843,"url":"https:\/\/www.freidenker.org\/?p=8843","url_meta":{"origin":7974,"position":1},"title":"Merkels K\u00fcchenkabinett: Ansteckender Machtmissbrauch","author":"Webredaktion","date":"25. Oktober 2020","format":false,"excerpt":"Beitrag von Friedhelm Klinkhammer und Volker Br\u00e4utigam Die Tagesschau hatte das Kleinereignis mit dem gro\u00dfen Symbolgehalt brav per Aufmacher gemeldet, aber den rabenschwarzen Humor hinter der Geschichte beflissen ignoriert: Ausgerechnet Gesundheitsminister Jens Spahn ist an Covid-19 erkrankt und musste sich wegsperren (lassen). Als die Pandemie im Januar Deutschland erreichte, war\u2026","rel":"","context":"In &quot;Arbeit &amp; Soziales&quot;","block_context":{"text":"Arbeit &amp; Soziales","link":"https:\/\/www.freidenker.org\/?cat=11"},"img":{"alt_text":"","src":"https:\/\/i0.wp.com\/www.freidenker.org\/fw17\/wp-content\/uploads\/2020\/10\/Unterzeichnung_des_Koalitionsvertrages_2018_800x450.jpg?fit=800%2C450&ssl=1&resize=350%2C200","width":350,"height":200,"srcset":"https:\/\/i0.wp.com\/www.freidenker.org\/fw17\/wp-content\/uploads\/2020\/10\/Unterzeichnung_des_Koalitionsvertrages_2018_800x450.jpg?fit=800%2C450&ssl=1&resize=350%2C200 1x, https:\/\/i0.wp.com\/www.freidenker.org\/fw17\/wp-content\/uploads\/2020\/10\/Unterzeichnung_des_Koalitionsvertrages_2018_800x450.jpg?fit=800%2C450&ssl=1&resize=525%2C300 1.5x, https:\/\/i0.wp.com\/www.freidenker.org\/fw17\/wp-content\/uploads\/2020\/10\/Unterzeichnung_des_Koalitionsvertrages_2018_800x450.jpg?fit=800%2C450&ssl=1&resize=700%2C400 2x"},"classes":[]},{"id":19608,"url":"https:\/\/www.freidenker.org\/?p=19608","url_meta":{"origin":7974,"position":2},"title":"RKI-Protokolle: Wenn die Perversion zur Normalit\u00e4t wird, sind Skandale nicht mehr m\u00f6glich","author":"Webredaktion","date":"31. Juli 2024","format":false,"excerpt":"Beitrag von Tom J. Wellbrock Ruprecht Rolf Gotthelf Polenz geh\u00f6rt zu den Schlimmsten. Er ist seit 2013 Pr\u00e4sident der Deutschen Gesellschaft f\u00fcr Osteuropakunde, war von 2005 bis 2013 Vorsitzender des Ausw\u00e4rtigen Ausschusses des Deutschen Bundestages und von April bis November 2000 Generalsekret\u00e4r der CDU. Polenz ist auf X (ehemals Twitter)\u2026","rel":"","context":"In &quot;Demokratie \u2013 Medien \u2013 Aufkl\u00e4rung&quot;","block_context":{"text":"Demokratie \u2013 Medien \u2013 Aufkl\u00e4rung","link":"https:\/\/www.freidenker.org\/?cat=12"},"img":{"alt_text":"","src":"https:\/\/i0.wp.com\/www.freidenker.org\/fw17\/wp-content\/uploads\/2024\/07\/Berlin_RKI_building_Nordufer_asv2021-03_img1_800x450.jpg?fit=800%2C450&ssl=1&resize=350%2C200","width":350,"height":200,"srcset":"https:\/\/i0.wp.com\/www.freidenker.org\/fw17\/wp-content\/uploads\/2024\/07\/Berlin_RKI_building_Nordufer_asv2021-03_img1_800x450.jpg?fit=800%2C450&ssl=1&resize=350%2C200 1x, https:\/\/i0.wp.com\/www.freidenker.org\/fw17\/wp-content\/uploads\/2024\/07\/Berlin_RKI_building_Nordufer_asv2021-03_img1_800x450.jpg?fit=800%2C450&ssl=1&resize=525%2C300 1.5x, https:\/\/i0.wp.com\/www.freidenker.org\/fw17\/wp-content\/uploads\/2024\/07\/Berlin_RKI_building_Nordufer_asv2021-03_img1_800x450.jpg?fit=800%2C450&ssl=1&resize=700%2C400 2x"},"classes":[]},{"id":18566,"url":"https:\/\/www.freidenker.org\/?p=18566","url_meta":{"origin":7974,"position":3},"title":"Corona-Risikobewertung wurde politisch k\u00fcnstlich &#8222;hochskaliert&#8220;","author":"Webredaktion","date":"20. M\u00e4rz 2024","format":false,"excerpt":"Beitrag von Bernhard Loyen Es finden sich weiterhin unterschiedliche Gruppierungen von B\u00fcrgern, was das\u00a0Thema Corona-Aufarbeitung und R\u00fcckbetrachtung betrifft. Der giftige Corona-Spaltpilz bl\u00fcht weiterhin in den Fugen der Gesellschaft. Dazu mehr am Ende des Artikels. Diese Betrachtung erfolgt rund ein Jahr nachdem der unantastbare und skrupellose Karl Lauterbach\u00a0Anfang April 2023 vollkommen\u2026","rel":"","context":"In &quot;Demokratie \u2013 Medien \u2013 Aufkl\u00e4rung&quot;","block_context":{"text":"Demokratie \u2013 Medien \u2013 Aufkl\u00e4rung","link":"https:\/\/www.freidenker.org\/?cat=12"},"img":{"alt_text":"","src":"https:\/\/i0.wp.com\/www.freidenker.org\/fw17\/wp-content\/uploads\/2024\/03\/Spahn-Karikatur_800x450.jpg?fit=800%2C450&ssl=1&resize=350%2C200","width":350,"height":200,"srcset":"https:\/\/i0.wp.com\/www.freidenker.org\/fw17\/wp-content\/uploads\/2024\/03\/Spahn-Karikatur_800x450.jpg?fit=800%2C450&ssl=1&resize=350%2C200 1x, https:\/\/i0.wp.com\/www.freidenker.org\/fw17\/wp-content\/uploads\/2024\/03\/Spahn-Karikatur_800x450.jpg?fit=800%2C450&ssl=1&resize=525%2C300 1.5x, https:\/\/i0.wp.com\/www.freidenker.org\/fw17\/wp-content\/uploads\/2024\/03\/Spahn-Karikatur_800x450.jpg?fit=800%2C450&ssl=1&resize=700%2C400 2x"},"classes":[]},{"id":22398,"url":"https:\/\/www.freidenker.org\/?p=22398","url_meta":{"origin":7974,"position":4},"title":"Enquete-Kommission Corona: Der elendige Versuch, die T\u00e4ter reinzuwaschen","author":"Webredaktion","date":"15. Juli 2025","format":false,"excerpt":"Beitrag von Bernhard Loyen Die n\u00fcchterne Nachricht\u00a0wurde medial \u00fcber alle verf\u00fcgbaren Kan\u00e4le der Mainstreammedien und \u00f6ffentlich-rechtlichen Rundfunkanstalten ins Land verk\u00fcndet: Die Politik simuliert den Willen zur dringend notwendigen \"Corona-Aufarbeitung\". Diese Formulierung ist nat\u00fcrlich schon wieder mit Skepsis gew\u00fcrzt, daher die offizielle Schreibweise der weiterhin tonangebenden und einflussreichen\u00a0ARD-Tagesschau vom 10. Juli:\u2026","rel":"","context":"In &quot;Demokratie \u2013 Medien \u2013 Aufkl\u00e4rung&quot;","block_context":{"text":"Demokratie \u2013 Medien \u2013 Aufkl\u00e4rung","link":"https:\/\/www.freidenker.org\/?cat=12"},"img":{"alt_text":"","src":"https:\/\/i0.wp.com\/www.freidenker.org\/fw17\/wp-content\/uploads\/2025\/07\/ColognePride_2021_CSD-Veedel-3914_800x450.jpg?fit=800%2C450&ssl=1&resize=350%2C200","width":350,"height":200,"srcset":"https:\/\/i0.wp.com\/www.freidenker.org\/fw17\/wp-content\/uploads\/2025\/07\/ColognePride_2021_CSD-Veedel-3914_800x450.jpg?fit=800%2C450&ssl=1&resize=350%2C200 1x, https:\/\/i0.wp.com\/www.freidenker.org\/fw17\/wp-content\/uploads\/2025\/07\/ColognePride_2021_CSD-Veedel-3914_800x450.jpg?fit=800%2C450&ssl=1&resize=525%2C300 1.5x, https:\/\/i0.wp.com\/www.freidenker.org\/fw17\/wp-content\/uploads\/2025\/07\/ColognePride_2021_CSD-Veedel-3914_800x450.jpg?fit=800%2C450&ssl=1&resize=700%2C400 2x"},"classes":[]},{"id":9399,"url":"https:\/\/www.freidenker.org\/?p=9399","url_meta":{"origin":7974,"position":5},"title":"Keine Impfpflicht, nirgends?","author":"Webredaktion","date":"24. Januar 2021","format":false,"excerpt":"Beitrag der Webredaktion inkl. Leserbrief von Bernd Duschner an den Pfaffenhofener Kurier Die regelm\u00e4\u00dfige Meldung \u201eSpahn gegen Sonderrechte f\u00fcr Geimpfte\u201c wird wie eine Beruhigungspille verabreicht (zuletzt von ntv, 24.01.2021). Doch wer weiterliest, erkennt die Einschr\u00e4nkung: \u201e\u2026 bis jeder geimpft werden kann\u201c, hei\u00dft die vielsagende Bedingung, sie sagt n\u00e4mlich so viel\u2026","rel":"","context":"In &quot;Arbeit &amp; Soziales&quot;","block_context":{"text":"Arbeit &amp; Soziales","link":"https:\/\/www.freidenker.org\/?cat=11"},"img":{"alt_text":"","src":"https:\/\/i0.wp.com\/www.freidenker.org\/fw17\/wp-content\/uploads\/2021\/01\/spritze_menge_v2_800x450.jpg?fit=800%2C450&ssl=1&resize=350%2C200","width":350,"height":200,"srcset":"https:\/\/i0.wp.com\/www.freidenker.org\/fw17\/wp-content\/uploads\/2021\/01\/spritze_menge_v2_800x450.jpg?fit=800%2C450&ssl=1&resize=350%2C200 1x, https:\/\/i0.wp.com\/www.freidenker.org\/fw17\/wp-content\/uploads\/2021\/01\/spritze_menge_v2_800x450.jpg?fit=800%2C450&ssl=1&resize=525%2C300 1.5x, https:\/\/i0.wp.com\/www.freidenker.org\/fw17\/wp-content\/uploads\/2021\/01\/spritze_menge_v2_800x450.jpg?fit=800%2C450&ssl=1&resize=700%2C400 2x"},"classes":[]}],"_links":{"self":[{"href":"https:\/\/www.freidenker.org\/index.php?rest_route=\/wp\/v2\/posts\/7974","targetHints":{"allow":["GET"]}}],"collection":[{"href":"https:\/\/www.freidenker.org\/index.php?rest_route=\/wp\/v2\/posts"}],"about":[{"href":"https:\/\/www.freidenker.org\/index.php?rest_route=\/wp\/v2\/types\/post"}],"author":[{"embeddable":true,"href":"https:\/\/www.freidenker.org\/index.php?rest_route=\/wp\/v2\/users\/3"}],"replies":[{"embeddable":true,"href":"https:\/\/www.freidenker.org\/index.php?rest_route=%2Fwp%2Fv2%2Fcomments&post=7974"}],"version-history":[{"count":0,"href":"https:\/\/www.freidenker.org\/index.php?rest_route=\/wp\/v2\/posts\/7974\/revisions"}],"wp:featuredmedia":[{"embeddable":true,"href":"https:\/\/www.freidenker.org\/index.php?rest_route=\/wp\/v2\/media\/7976"}],"wp:attachment":[{"href":"https:\/\/www.freidenker.org\/index.php?rest_route=%2Fwp%2Fv2%2Fmedia&parent=7974"}],"wp:term":[{"taxonomy":"category","embeddable":true,"href":"https:\/\/www.freidenker.org\/index.php?rest_route=%2Fwp%2Fv2%2Fcategories&post=7974"},{"taxonomy":"post_tag","embeddable":true,"href":"https:\/\/www.freidenker.org\/index.php?rest_route=%2Fwp%2Fv2%2Ftags&post=7974"}],"curies":[{"name":"wp","href":"https:\/\/api.w.org\/{rel}","templated":true}]}}