{"id":7953,"date":"2020-04-21T01:46:31","date_gmt":"2020-04-20T23:46:31","guid":{"rendered":"https:\/\/www.freidenker.org\/?p=7953"},"modified":"2020-05-13T23:43:08","modified_gmt":"2020-05-13T21:43:08","slug":"leopoldina-gutachten-das-angekuendigte-opfer","status":"publish","type":"post","link":"https:\/\/www.freidenker.org\/?p=7953","title":{"rendered":"Leopoldina-Gutachten. Das angek\u00fcndigte Opfer"},"content":{"rendered":"<p><em>Erstver\u00f6ffentlichung am 17.04.2020 in der Rubrik <a href=\"https:\/\/kenfm.de\/standpunkte-%E2%80%A2-leopoldina-gutachten-das-angekuendigte-opfer\/\" target=\"_blank\" rel=\"noopener noreferrer\">STANDPUNKTE <\/a>auf <a href=\"https:\/\/kenfm.de\/\" target=\"_blank\" rel=\"noopener noreferrer\">KenFM<\/a><\/em><\/p>\n<p>Den Beitrag als Audio-Datei anh\u00f6ren:<\/p>\n<audio class=\"wp-audio-shortcode\" id=\"audio-7953-1\" preload=\"none\" style=\"width: 100%;\" controls=\"controls\"><source type=\"audio\/mpeg\" src=\"https:\/\/www.freidenker.org\/fw17\/wp-content\/uploads\/2020\/04\/standpunkte-der-podcast-20200417.mp3?_=1\" \/><a href=\"https:\/\/www.freidenker.org\/fw17\/wp-content\/uploads\/2020\/04\/standpunkte-der-podcast-20200417.mp3\">https:\/\/www.freidenker.org\/fw17\/wp-content\/uploads\/2020\/04\/standpunkte-der-podcast-20200417.mp3<\/a><\/audio>\n<p>&nbsp;<\/p>\n<p><em>Der Beitrag ist auch auf YouTube verf\u00fcgbar: <a href=\"https:\/\/www.youtube.com\/watch?v=k11TFertQJE\" target=\"_blank\" rel=\"noopener noreferrer\">https:\/\/www.youtube.com\/watch?v=k11TFertQJE<\/a><\/em><\/p>\n<h4><\/h4>\n<h4>STANDPUNKTE \u2022 Leopoldina-Gutachten. Das angek\u00fcndigte Opfer<\/h4>\n<p><em>Ein Standpunkt <strong>von Dagmar Henn.<\/strong><\/em><\/p>\n<p>Der Merkelsche Propagandaapparat funktioniert noch. Nachdem sie im M\u00e4rz von der bayrischen Staatsregierung wider Willen zum Handeln gezwungen wurde, hat die Berliner Politdarstellertruppe nun zum Gegenschlag ausgeholt und dem Volk die Seele massiert, um unauff\u00e4llig auf die Opferung gr\u00f6\u00dferer Personengruppen vorzubereiten.<\/p>\n<p>Der erste Teil des Schachzugs war das sogenannte \u201aLeopoldina\u2018-Gutachten (1). Angeblich eine seit 1652 bestehende Nationalakademie der Wissenschaften, von der seltsamerweise die Meisten nie geh\u00f6rt haben d\u00fcrften. Nun, kein Wunder; es handelt sich um einen Verein, dem die Ministerin Schavan vor einigen Jahren den Titel Nationalakademie verlieh, und der, um diesen Titel zu rechtfertigen, ein wenig \u00f6ffentliche Mittel erh\u00e4lt. Die d\u00fcrften aber nur einen Bruchteil der tats\u00e4chlichen Finanzierung ausmachen; die gr\u00f6\u00dferen Brocken stammen wahrscheinlich von den \u00fcblichen Verd\u00e4chtigen, wie Bertelsmann, Bosch oder gar Soros, vermittelt \u00fcber den zweiten Verein, den Freundeskreis der Leopoldina.<\/p>\n<p>Dessen Webseite (2) p\u00fcnktlich zur Ver\u00f6ffentlichung dieses Gutachtens im digitalen Nirwana entschwunden ist\u2026Aufgefallen ist diese \u201aNationalakademie\u2018 bisher nur durch ein anderes Gutachten, in dem sie die Schlie\u00dfung hunderter Kliniken empfahl (3), ganz auf der Linie einer \u00e4hnlichen Studie (4) von Bertelsmann. Man kann sie also getrost, trotz des pomp\u00f6sen Titels, in die Reihe der neoliberalen Denkfabriken stellen, die willig die Untermalung zur Durchsetzung von Kapitalinteressen liefern. Entsprechend liest sich auch das Gutachten, dessen B\u00f6sartigkeit vor allem an einer Stelle deutlich wird: \u201eDie in der Krise getroffenen wirtschaftspolitischen Ma\u00dfnahmen m\u00fcssen sobald wie m\u00f6glich zugunsten eines nachhaltigen Wirtschaftens im Rahmen einer freiheitlichen Marktordnung r\u00fcckgef\u00fchrt oder angepasst werden. Dazu geh\u00f6ren der R\u00fcckzug des Staates aus Unternehmen, sofern krisenbedingt Beteiligungen stattfanden, und der Abbau der Staatsverschuldung. An der Schuldenbremse ist im Rahmen ihres derzeit geltenden Regelwerkes festzuhalten.\u201c<\/p>\n<p>An der Schuldenbremse ist festzuhalten \u2013 das muss man f\u00fcr Normalsterbliche erst \u00fcbersetzen. Das hei\u00dft, dass auf die Belastungen, die im Moment etwa das noch vorhandene Resthandwerk ebenso wie die Kommunen treffen, keine Belebung durch Investitionsprogramme folgen wird, weil dank aufrechterhaltener Schuldenbremse daf\u00fcr kein Geld da ist. Dabei m\u00fcsste man, um die lokalen kleineren Strukturen zu erhalten, nicht nur die Schuldenbremse aussetzen, sondern gleichzeitig die Vergaberichtlinien, die europaweite Ausschreibungen vorgeben \u2013 es w\u00e4re n\u00f6tig, dass jede Kommune die vor Ort vorhandenen Handwerksbetriebe und kleinen Unternehmen st\u00fctzen kann; anders als lokal kann das n\u00e4mlich gar nicht funktionieren. Da aber auch die Steuereinnahmen der Kommunen einbrechen (5), die ohnehin schon oft am Rande der Pleite standen, ist ohne Schuldenaufnahme oder Zuweisung von Landes- oder Bundesmitteln da gar nichts m\u00f6glich\u2026<\/p>\n<p>Das Leopoldina-Papier zeigt, dass die Merkel-Regierung im Inland ebenso unverr\u00fcckbar an der neoliberalen Strategie festh\u00e4lt wie auf europ\u00e4ischer Ebene. In beiden F\u00e4llen ist das eine Garantie f\u00fcr die Katastrophe. Statt die Gelegenheit beim Schopf zu ergreifen und zur Wiederankurbelung der \u00d6konomie die auf Verschlei\u00df gefahrene \u00f6ffentliche Infrastruktur zu erneuern, wird das Verschlei\u00dfprogramm fortgesetzt und nur im Interesse der Exportindustrie regiert. Bleibt nur zu hoffen, dass Merkel irgendwann pers\u00f6nlich so etwas wie einen Wasserrohrbruch in ihrer Wohnung erleidet und feststellt, dass es doch gut ist, wenn es in der Umgebung noch Klempner gibt, weil die polnischen f\u00fcr die Reparatur ihres Rohrs keine 14 Tage Quarant\u00e4ne in Kauf nehmen werden.<\/p>\n<p>Aber zur\u00fcck zu unserer Propagandaoffensive. Bezogen auf den Umgang mit dem Virus bedeutet dieses Papier eine R\u00fcckkehr zur Fantasie der Herdenimmunit\u00e4t, mitnichten eine Umsetzung der mit Hammer und Tanz (6) beschriebenen Strategie. Sprich, statt die Verbreitung so weit wie m\u00f6glich zu unterbinden, soll dem Virus schrittweise freier Lauf gelassen werden, wobei die \u201aRiskogruppen\u2018 besonders gesch\u00fctzt werden sollen. Eine ganze Reihe neuester Ergebnisse, die nat\u00fcrlich noch gar nicht best\u00e4tigt sein k\u00f6nnen, s\u00e4t ernste Zweifel daran, ob \u00fcberhaupt eine Immunit\u00e4t zu erreichen ist.<\/p>\n<p>So wurden einerseits bereits geheilte Patienten wieder positiv getestet, andererseits fanden sich bei ersten Untersuchungen auf Antik\u00f6rper bei einem Teil der ehemaligen Patienten gar keine; gegen die nahen Verwandten dieses Virus gibt es keine dauerhafte Immunit\u00e4t, sondern nur eine kurzfristige; der Virus kann nicht nur die Lunge, sondern auch Leber, Herz und Hirn infizieren, und es gibt erste Hinweise auf dauerhafte Sch\u00e4digungen selbst bei Patienten, die nicht die schwere Form der Erkrankung durchmachen mussten.<\/p>\n<p>Selbst wenn all diese Erkenntnisse aufgrund der kurzen Zeit, in der die Menschheit Kontakt mit diesem Virus hatte, noch nicht best\u00e4tigt sind, ist das doch ein ziemlich dickes B\u00fcndel, bei dem alle Teile in eine Richtung weisen: die kl\u00fcgste Strategie w\u00e4re es gewesen, die Ausbreitung so gr\u00fcndlich wie m\u00f6glich zu unterbinden; die noch m\u00f6gliche Strategie ist Hammer und Tanz; die Idee der Herdenimmunit\u00e4t ist allerdings eher eine Art Selbstmordpakt. (Als kleine Fu\u00dfnote am Rande \u2013 Prof. Clemens Wendtner vom M\u00fcnchner Tropeninstitut, der gerade eine wirklich repr\u00e4sentative Studie zur Infektionsrate in M\u00fcnchen durchf\u00fchrt und einer der Berater der bayrischen Staatsregierung ist, war bei diesem Papier der Leopoldina, im Gegensatz zu fr\u00fcheren zum Thema Corona, nicht mehr Teil der Arbeitsgruppe).<\/p>\n<p>Apropos Selbstmordpakt \u2013 begleitend zu dem Leopoldina-Papier erschien ein Aufruf in der BILD (7), in dem diverse hochbetagte Reiche und Superreiche erkl\u00e4rten, sie seien gerne bereit, sich selbst zu sch\u00fctzen, wenn denn nur die Wirtschaft wieder in Gang kommen d\u00fcrfe. \u201cEine Lockerung der Ma\u00dfnahmen scheint m\u00f6glich, wenn die Ansteckungsrate deutlich unter eins f\u00e4llt und die Zahl der Neuinfektionen erkennbar zu sinken beginnt. Um diesen Prozess zu unterst\u00fctzen, schlagen wir vor: Alle Risikogruppen sollen sich dann weiterhin freiwillig an die jetzt geltenden Auflagen halten und sich so selbst sch\u00fctzen.\u201d<\/p>\n<p>Gut, f\u00fcr die Unterzeichner dieses Aufrufs, die wohl f\u00fcr die Firmen Siemens, Bertelsmann, Springer, SAP, BASF, Daimler, Bosch sprechen, und unter denen sich auch der Kammerj\u00e4ger Wolfgang Clement findet, h\u00e4lt sich das pers\u00f6nliche Risiko eher in engen Grenzen. Frau Springer d\u00fcrfte h\u00f6chstens den Sozialkontakt zum Hauspersonal reduzieren und das Dienstm\u00e4dchen anweisen, einen Mundschutz zu tragen, wenn es ihr im Garten der Villa den Tee serviert. Otto Schily, noch so ein Sympathietr\u00e4ger, formuliert das so:<\/p>\n<p>\u201eDer Fr\u00fchjahrsaufenthalt in der Toskana und das Osterfest mit den Enkeln fallen in diesem Jahr aus, ebenso wie einstweilen berufliche Aktivit\u00e4ten au\u00dferhalb der Wohnung. Wenn das dazu beitr\u00e4gt, die Ausbreitung des Corona-Virus einzud\u00e4mmen und damit den raschen Restart der deutschen Wirtschaft zu erm\u00f6glichen, leisten wir diesen Verzicht gern.\u201c<\/p>\n<p>Dumm nur, dass in der Risikogruppe auch der fr\u00fchpensionierte Bergmann mit Staublunge oder die ehemalige Krankenschwester mit Hepatitis C ist; dass der gr\u00f6\u00dfte Teil der ALG-II-Beziehenden \u00fcber 50 ebenfalls dazugeh\u00f6ren d\u00fcrfte, mal abgesehen von Menschen mit Behinderungen und all jenen, deren Immunsystem aus dem einen oder anderen Grund geschw\u00e4cht ist. Wir werden sehen, wie die Jobcenter reagieren, wenn ihre \u201aKunden\u2018 ihnen erkl\u00e4ren, sie w\u00fcrden jetzt gerne diesen Verzicht leisten.<\/p>\n<p>Vern\u00fcnftige Sch\u00e4tzungen besagen, dass nur etwa 60% der Bev\u00f6lkerung nicht Teil dieser Risikogruppe sind. Der BILD-Aufruf tut so, als ginge es hier nur um ein paar Hochbetagte, und es sprechen jene, die es sich m\u00fchelos leisten k\u00f6nnen, mal freiwillig daheim zu bleiben, weil ja sowieso die Haush\u00e4lterin einkauft und noch zwanzig B\u00fccher ungelesen in der Bibliothek liegen.<\/p>\n<p>Die Armen dieser Gesellschaft allerdings verlieren so oder so. Sie verlieren ihr Einkommen, wenn die Jobs wegbrechen, sie verlieren ihr Leben, wenn die Einschr\u00e4nkungen zu fr\u00fch aufgehoben werden. Denn, da kann man witzigerweise mit einem anderen Papier der Leopoldina (8) erwidern. \u201e<em>Zu den Krankheiten, die bei Personen mit niedrigem sozialen Status h\u00e4ufiger auftreten als bei Personen mit mittlerem und hohem sozialen Status, z\u00e4hlen Herz-Kreislauf-Erkrankungen wie Herzinfarkt oder Schlaganfall, Stoffwechselst\u00f6rungen wie Diabetes mellitus, Atemwegserkrankungen wie chronische Bronchitis oder chronisch obstruktive Lungenerkrankung, muskuloskeletale Erkrankungen wie Arthrose oder Osteoporose sowie Krebserkrankungen wie Lungen-, Magen- oder Darmkrebs.\u201c<\/em> Ja, h\u00e4ufiger und fr\u00fcher. Das Papier spricht von der <em>\u201eerh\u00f6hten Fr\u00fchsterblichkeit von Mitgliedern niedrigerer sozialer Schichten\u201d<\/em>. \u00dcbersetzt heisst das, fast jeder dritte arme Mann stirbt, ehe er das Rentenalter \u00fcberhaupt erreicht. So sieht die Wirklichkeit aus. In den USA sterben gerade weit mehr Schwarze als Wei\u00dfe (9) an COVID-19 und in j\u00fcngerem Alter; also ein belegbarer Unterschied zwischen Arm und Reich.<\/p>\n<p>Das sind dann, nebenbei, die selben Menschen, die im Alter, so sie es erreichen, noch weiter arbeiten m\u00fcssen, weil die Rente zu niedrig ist, und die auf Tafeln angewiesen sind, um sich ern\u00e4hren zu k\u00f6nnen. Doppelt gefickt, k\u00f6nnte man sagen, denn in beiden Versionen, einer Fortsetzung der Einschr\u00e4nkungen in Richtung Hammer und Tanz wie auch einer tollk\u00fchnen Herdenimmunisierungsstrategie, sind sie es, die die Rechnung zahlen m\u00fcssen. Durch Mangel, Erkrankung und dann, dank Aufrechterhaltung der Schuldenbremse, durch erneuten Mangel.<\/p>\n<p>Wollen wir wetten, dass die Regierung Merkel das, was sie als F\u00f6rderung an die Konzerne verteilt hat, hinterher (so es ein solches gibt) durch Sozialk\u00fcrzungen wieder hereinholen will, denn schlie\u00dflich m\u00fcssen wir alle Opfer bringen? Dass \u00c4hnliches dank der fehlenden Mittel auch in den Kommunen und den L\u00e4ndern geschehen wird?<\/p>\n<p>Dieser Aufruf jedenfalls, wie auch die sich ank\u00fcndigende Lockerung durch die Bundesregierung, spielt wieder nur einen Teil der Besitzlosen gegen den anderen aus. Nein, wir m\u00fcssen nicht den fr\u00fchpensionieren Bergmann \u00fcber die Klinge springen lassen, um das Leben der Kellnerin in Kurzarbeit zu sichern. Die Frage ist schlicht, ob die gesellschaftlichen Ressourcen im Interesse der Menschen eingesetzt werden oder im Interesse der kleinen radikalen Minderheit der Superreichen. Es ist m\u00f6glich, auch eine oder mehrere l\u00e4ngere Phasen eines Lockdown durchzustehen, wenn tats\u00e4chlich die Lebensgrundlage f\u00fcr alle geboten und durch vern\u00fcnftige Planung die Versorgung mit allem Notwendigen gesichert wird. Das allerdings wird nichts mit \u201afreiheitlicher Marktordnung\u2018. Die kann nichts anderes, als die Armen f\u00fcr die Reichen zu opfern.<\/p>\n<p style=\"text-align: right;\"><em>Dagmar Henn ist Mitglied des Deutschen Freidenker-Verbandes<\/em><\/p>\n<p><strong>Quellen:<\/strong><\/p>\n<ol>\n<li><a href=\"https:\/\/www.leopoldina.org\/presse-1\/nachrichten\/ad-hoc-stellungnahme-coronavirus-pandemie\/\" target=\"_blank\" rel=\"noopener noreferrer\">https:\/\/www.leopoldina.org\/presse-1\/nachrichten\/ad-hoc-stellungnahme-coronavirus-pandemie\/<\/a><\/li>\n<li>http:\/\/www.freundeskreis-leopoldina.de\/<\/li>\n<li><a href=\"https:\/\/www.sueddeutsche.de\/gesundheit\/medizin-wissenschaftler-halten-1300-kliniken-fuer-ueberfluessig-1.3221646\" target=\"_blank\" rel=\"noopener noreferrer\">https:\/\/www.sueddeutsche.de\/gesundheit\/medizin-wissenschaftler-halten-1300-kliniken-fuer-ueberfluessig-1.3221646<\/a><\/li>\n<li><a href=\"https:\/\/kenfm.de\/tagesdosis-20-7-2019-die-luege-die-infame-luege-und-bertelsmann\/\" target=\"_blank\" rel=\"noopener noreferrer\">https:\/\/kenfm.de\/tagesdosis-20-7-2019-die-luege-die-infame-luege-und-bertelsmann\/<\/a><\/li>\n<li><a href=\"https:\/\/www.sueddeutsche.de\/wirtschaft\/coronavirus-steuereinnahmen-kommunen-defizite-1.4875007\" target=\"_blank\" rel=\"noopener noreferrer\">https:\/\/www.sueddeutsche.de\/wirtschaft\/coronavirus-steuereinnahmen-kommunen-defizite-1.4875007<\/a><\/li>\n<li><a href=\"https:\/\/medium.com\/tomas-pueyo\/coronavirus-der-hammer-und-der-tanz-abf9015cb2af\" target=\"_blank\" rel=\"noopener noreferrer\">https:\/\/medium.com\/tomas-pueyo\/coronavirus-der-hammer-und-der-tanz-abf9015cb2af<\/a><\/li>\n<li><a href=\"https:\/\/www.bild.de\/politik\/inland\/news\/corona-krise-28-prominente-ueber-70-fordern-aeltere-sollten-zu-hause-bleiben-69992468.bild.html\" target=\"_blank\" rel=\"noopener noreferrer\">https:\/\/www.bild.de\/politik\/inland\/news\/corona-krise-28-prominente-ueber-70-fordern-aeltere-sollten-zu-hause-bleiben-69992468.bild.html<\/a><\/li>\n<li><a href=\"https:\/\/www.leopoldina.org\/publikationen\/detailansicht\/publication\/gesundheitliche-ungleichheit-im-lebensverlauf-2019\/\" target=\"_blank\" rel=\"noopener noreferrer\">https:\/\/www.leopoldina.org\/publikationen\/detailansicht\/publication\/gesundheitliche-ungleichheit-im-lebensverlauf-2019\/<\/a><\/li>\n<li><a href=\"https:\/\/www.washingtonpost.com\/nation\/2020\/04\/07\/coronavirus-is-infecting-killing-black-americans-an-alarmingly-high-rate-post-analysis-shows\/?arc404=true\" target=\"_blank\" rel=\"noopener noreferrer\">https:\/\/www.washingtonpost.com\/nation\/2020\/04\/07\/coronavirus-is-infecting-killing-black-americans-an-alarmingly-high-rate-post-analysis-shows\/?arc404=true<\/a><\/li>\n<\/ol>\n<hr \/>\n<p><span style=\"font-size: 10pt;\">Bild: Blick auf das Leopoldina-Hauptgeb\u00e4ude (Logenhaus Zu den drei Degen) in Halle (Saale)<\/span><br \/>\n<span style=\"font-size: 10pt;\">Quelle: Von Rotesdiadem &#8211; Eigenes Werk, CC BY-SA 3.0, <a href=\"https:\/\/commons.wikimedia.org\/w\/index.php?curid=78004219\" target=\"_blank\" rel=\"noopener noreferrer\">https:\/\/commons.wikimedia.org\/w\/index.php?curid=78004219<\/a><\/span><\/p>\n","protected":false},"excerpt":{"rendered":"<p><b>Standpunkt von Dagmar Henn.<\/b><br \/>\nDer Merkelsche Propagandaapparat funktioniert noch. Nachdem sie im M\u00e4rz von der bayrischen Staatsregierung wider Willen zum Handeln gezwungen wurde, hat die Berliner Politdarstellertruppe nun zum Gegenschlag ausgeholt und dem Volk die Seele massiert, um unauff\u00e4llig auf die Opferung gr\u00f6\u00dferer Personengruppen vorzubereiten. Der erste Teil des Schachzugs war das sogenannte \u201aLeopoldina\u2018-Gutachten. Angeblich eine seit 1652 bestehende Nationalakademie der Wissenschaften, von der seltsamerweise die Meisten nie geh\u00f6rt haben d\u00fcrften. Nun, kein Wunder; es handelt sich um einen Verein, dem die Ministerin Schavan vor einigen Jahren den Titel Nationalakademie verlieh, und der, um diesen Titel zu rechtfertigen, ein wenig \u00f6ffentliche Mittel erh\u00e4lt.<\/p>\n","protected":false},"author":3,"featured_media":7955,"comment_status":"closed","ping_status":"closed","sticky":false,"template":"","format":"standard","meta":{"colormag_page_container_layout":"default_layout","colormag_page_sidebar_layout":"default_layout","advanced_seo_description":"","jetpack_seo_html_title":"","jetpack_seo_noindex":false,"jetpack_post_was_ever_published":false,"footnotes":""},"categories":[11,12],"tags":[1032,1256,577,693,123],"class_list":["post-7953","post","type-post","status-publish","format-standard","has-post-thumbnail","hentry","category-arbeit-soziales","category-demokratie-medien-aufklaerung","tag-bundesregierung","tag-corona-virus","tag-gesundheitspolitik","tag-neoliberalismus","tag-wissenschaft"],"jetpack_featured_media_url":"https:\/\/i0.wp.com\/www.freidenker.org\/fw17\/wp-content\/uploads\/2020\/04\/Leopoldina_Halle_Saale_Draufsicht_800x450.jpg?fit=800%2C450&ssl=1","jetpack_shortlink":"https:\/\/wp.me\/p9stpK-24h","jetpack-related-posts":[{"id":22450,"url":"https:\/\/www.freidenker.org\/?p=22450","url_meta":{"origin":7953,"position":0},"title":"Der IGH, der &#8222;Klimaschutz&#8220; und seine deutschen Teilzeitfans","author":"Webredaktion","date":"27. Juli 2025","format":false,"excerpt":"Beitrag von Dagmar Henn Die deutschen Medien, allen voran die Tagesschau, jubeln \u00fcber das \"wegweisende Gutachten\", das der Internationale Gerichtshof in Den Haag zu den \"Verpflichtungen von Staaten in Bezug auf den Klimawandel\" ver\u00f6ffentlicht hat. \"Wegweisend\" wird es genannt (Tagesschau), oder \"saubere Umwelt ist ein Menschenrecht\" (heute); oder \"Vers\u00e4umnisse beim\u2026","rel":"","context":"In &quot;Demokratie \u2013 Medien \u2013 Aufkl\u00e4rung&quot;","block_context":{"text":"Demokratie \u2013 Medien \u2013 Aufkl\u00e4rung","link":"https:\/\/www.freidenker.org\/?cat=12"},"img":{"alt_text":"","src":"https:\/\/i0.wp.com\/www.freidenker.org\/fw17\/wp-content\/uploads\/2025\/07\/International_Court_of_Justice_HQ_2006_800x450.jpg?fit=800%2C450&ssl=1&resize=350%2C200","width":350,"height":200,"srcset":"https:\/\/i0.wp.com\/www.freidenker.org\/fw17\/wp-content\/uploads\/2025\/07\/International_Court_of_Justice_HQ_2006_800x450.jpg?fit=800%2C450&ssl=1&resize=350%2C200 1x, https:\/\/i0.wp.com\/www.freidenker.org\/fw17\/wp-content\/uploads\/2025\/07\/International_Court_of_Justice_HQ_2006_800x450.jpg?fit=800%2C450&ssl=1&resize=525%2C300 1.5x, https:\/\/i0.wp.com\/www.freidenker.org\/fw17\/wp-content\/uploads\/2025\/07\/International_Court_of_Justice_HQ_2006_800x450.jpg?fit=800%2C450&ssl=1&resize=700%2C400 2x"},"classes":[]},{"id":6907,"url":"https:\/\/www.freidenker.org\/?p=6907","url_meta":{"origin":7953,"position":1},"title":"Unteilbar-Demo in Dresden. Die Messe ist gesungen","author":"Webredaktion","date":"3. September 2019","format":false,"excerpt":"Ein Standpunkt von Dagmar Henn. F\u00fcr den letzten Samstag [24.08.2019] hatte das B\u00fcndnis #unteilbar mal wieder zu einem Hochamt aufgerufen; dieses Mal nach Dresden, um das vermeintliche Motto gleich durch die Wahl des Veranstaltungsorts wieder aufzuheben. Denn welchen anderen Zweck verfolgt eine Demonstration des \u201awir sind alle die Guten\u201a in\u2026","rel":"","context":"In &quot;Demokratie \u2013 Medien \u2013 Aufkl\u00e4rung&quot;","block_context":{"text":"Demokratie \u2013 Medien \u2013 Aufkl\u00e4rung","link":"https:\/\/www.freidenker.org\/?cat=12"},"img":{"alt_text":"","src":"https:\/\/i0.wp.com\/www.freidenker.org\/fw17\/wp-content\/uploads\/2019\/09\/unteilbar-demo_dresden-2019_800x445.jpg?fit=800%2C445&ssl=1&resize=350%2C200","width":350,"height":200,"srcset":"https:\/\/i0.wp.com\/www.freidenker.org\/fw17\/wp-content\/uploads\/2019\/09\/unteilbar-demo_dresden-2019_800x445.jpg?fit=800%2C445&ssl=1&resize=350%2C200 1x, https:\/\/i0.wp.com\/www.freidenker.org\/fw17\/wp-content\/uploads\/2019\/09\/unteilbar-demo_dresden-2019_800x445.jpg?fit=800%2C445&ssl=1&resize=525%2C300 1.5x, https:\/\/i0.wp.com\/www.freidenker.org\/fw17\/wp-content\/uploads\/2019\/09\/unteilbar-demo_dresden-2019_800x445.jpg?fit=800%2C445&ssl=1&resize=700%2C400 2x"},"classes":[]},{"id":11987,"url":"https:\/\/www.freidenker.org\/?p=11987","url_meta":{"origin":7953,"position":2},"title":"Missbrauchsskandal und Kollateralschaden","author":"Webredaktion","date":"14. Januar 2022","format":false,"excerpt":"Beitrag von Dagmar Henn In wenigen Tagen soll ein neues Gutachten zu sexuellem Missbrauch im katholischen Erzbistum M\u00fcnchen und Freising vorgestellt werden. Seit dem Jahr 2010, also bereits seit \u00fcber zehn Jahren, wird insbesondere die katholische Kirche dieses Thema nicht mehr los. Es hat ihr einen gravierenden Einflussverlust beschert. Dass\u2026","rel":"","context":"In &quot;Religions- &amp; Kirchenkritik, S\u00e4kulare Szene&quot;","block_context":{"text":"Religions- &amp; Kirchenkritik, S\u00e4kulare Szene","link":"https:\/\/www.freidenker.org\/?cat=15"},"img":{"alt_text":"","src":"https:\/\/i0.wp.com\/www.freidenker.org\/fw17\/wp-content\/uploads\/2022\/01\/church-4019523_800x450.jpg?fit=800%2C450&ssl=1&resize=350%2C200","width":350,"height":200,"srcset":"https:\/\/i0.wp.com\/www.freidenker.org\/fw17\/wp-content\/uploads\/2022\/01\/church-4019523_800x450.jpg?fit=800%2C450&ssl=1&resize=350%2C200 1x, https:\/\/i0.wp.com\/www.freidenker.org\/fw17\/wp-content\/uploads\/2022\/01\/church-4019523_800x450.jpg?fit=800%2C450&ssl=1&resize=525%2C300 1.5x, https:\/\/i0.wp.com\/www.freidenker.org\/fw17\/wp-content\/uploads\/2022\/01\/church-4019523_800x450.jpg?fit=800%2C450&ssl=1&resize=700%2C400 2x"},"classes":[]},{"id":9592,"url":"https:\/\/www.freidenker.org\/?p=9592","url_meta":{"origin":7953,"position":3},"title":"US-Medienbericht: Deutsche Nonnen &#8222;vermieteten&#8220; Waisenkinder f\u00fcr Orgien","author":"Webredaktion","date":"17. Februar 2021","format":false,"excerpt":"Beitrag von RT DE Die katholische Erzdi\u00f6zese in K\u00f6ln steht schon seit L\u00e4ngerem schwer in der Kritik. 2020 sollte ein\u00a0Gutachten der M\u00fcnchner Anwaltskanzlei Westpfahl Spilker Wastl zu Missbrauchsvorw\u00fcrfen erscheinen, die zum Teil Jahrzehnte zur\u00fcckreichen. In Auftrag gegeben wurde\u00a0das\u00a0Gutachten vom K\u00f6lner Erzbischof Rainer Maria Woelki.\u00a0Der Bericht sollte untersuchen, wie Bistumsverantwortliche in\u2026","rel":"","context":"In &quot;Religions- &amp; Kirchenkritik, S\u00e4kulare Szene&quot;","block_context":{"text":"Religions- &amp; Kirchenkritik, S\u00e4kulare Szene","link":"https:\/\/www.freidenker.org\/?cat=15"},"img":{"alt_text":"","src":"https:\/\/i0.wp.com\/www.freidenker.org\/fw17\/wp-content\/uploads\/2021\/02\/boy-1636731_800x450.jpg?fit=800%2C450&ssl=1&resize=350%2C200","width":350,"height":200,"srcset":"https:\/\/i0.wp.com\/www.freidenker.org\/fw17\/wp-content\/uploads\/2021\/02\/boy-1636731_800x450.jpg?fit=800%2C450&ssl=1&resize=350%2C200 1x, https:\/\/i0.wp.com\/www.freidenker.org\/fw17\/wp-content\/uploads\/2021\/02\/boy-1636731_800x450.jpg?fit=800%2C450&ssl=1&resize=525%2C300 1.5x, https:\/\/i0.wp.com\/www.freidenker.org\/fw17\/wp-content\/uploads\/2021\/02\/boy-1636731_800x450.jpg?fit=800%2C450&ssl=1&resize=700%2C400 2x"},"classes":[]},{"id":6838,"url":"https:\/\/www.freidenker.org\/?p=6838","url_meta":{"origin":7953,"position":4},"title":"Demokratieabbau f\u00fcr&#8217;s Klima?","author":"Webredaktion","date":"22. August 2019","format":false,"excerpt":"Standpunkt von Dagmar Henn Manchmal werden politische Ver\u00e4nderungen eingeleitet wie Dressurakte \u2013 man wird so lange mit bestimmten Worten traktiert, bis sie v\u00f6llig normal scheinen, unschuldig, allt\u00e4glich. In den letzten Monaten beschlich mich das unheimliche Gef\u00fchl, gerade solch einen Moment mit dem Begriff \u201aNotstand\u2018 zu erleben. Das ist doch nicht\u2026","rel":"","context":"In &quot;Demokratie \u2013 Medien \u2013 Aufkl\u00e4rung&quot;","block_context":{"text":"Demokratie \u2013 Medien \u2013 Aufkl\u00e4rung","link":"https:\/\/www.freidenker.org\/?cat=12"},"img":{"alt_text":"","src":"https:\/\/i0.wp.com\/www.freidenker.org\/fw17\/wp-content\/uploads\/2019\/08\/Klimastreikdemo_Helvetiaplatz_Klimanotstand_800x445.jpg?fit=800%2C445&ssl=1&resize=350%2C200","width":350,"height":200,"srcset":"https:\/\/i0.wp.com\/www.freidenker.org\/fw17\/wp-content\/uploads\/2019\/08\/Klimastreikdemo_Helvetiaplatz_Klimanotstand_800x445.jpg?fit=800%2C445&ssl=1&resize=350%2C200 1x, https:\/\/i0.wp.com\/www.freidenker.org\/fw17\/wp-content\/uploads\/2019\/08\/Klimastreikdemo_Helvetiaplatz_Klimanotstand_800x445.jpg?fit=800%2C445&ssl=1&resize=525%2C300 1.5x, https:\/\/i0.wp.com\/www.freidenker.org\/fw17\/wp-content\/uploads\/2019\/08\/Klimastreikdemo_Helvetiaplatz_Klimanotstand_800x445.jpg?fit=800%2C445&ssl=1&resize=700%2C400 2x"},"classes":[]},{"id":8536,"url":"https:\/\/www.freidenker.org\/?p=8536","url_meta":{"origin":7953,"position":5},"title":"Video: Ruhige Worte zu aufregenden Zeiten","author":"Webredaktion","date":"15. August 2020","format":false,"excerpt":"Rede von Dagmar Henn Die durch Corona ausgel\u00f6sten Ver\u00e4nderungen betreffen viele Bereiche des Lebens. Die gesellschaftliche Stimmung ist aufgeheizt, ruhige und sachliche Diskussion ist kaum noch m\u00f6glich. Viele haben zu Recht Angst um ihre Existenz. Die Vorgaben, die -so wird es zumindest gesagt - der Pandemie geschuldet sind, greifen tief\u2026","rel":"","context":"In &quot;Arbeit &amp; Soziales&quot;","block_context":{"text":"Arbeit &amp; Soziales","link":"https:\/\/www.freidenker.org\/?cat=11"},"img":{"alt_text":"","src":"https:\/\/i0.wp.com\/www.freidenker.org\/fw17\/wp-content\/uploads\/2020\/08\/coronavirus-4914028_800x450.jpg?fit=800%2C450&ssl=1&resize=350%2C200","width":350,"height":200,"srcset":"https:\/\/i0.wp.com\/www.freidenker.org\/fw17\/wp-content\/uploads\/2020\/08\/coronavirus-4914028_800x450.jpg?fit=800%2C450&ssl=1&resize=350%2C200 1x, https:\/\/i0.wp.com\/www.freidenker.org\/fw17\/wp-content\/uploads\/2020\/08\/coronavirus-4914028_800x450.jpg?fit=800%2C450&ssl=1&resize=525%2C300 1.5x, https:\/\/i0.wp.com\/www.freidenker.org\/fw17\/wp-content\/uploads\/2020\/08\/coronavirus-4914028_800x450.jpg?fit=800%2C450&ssl=1&resize=700%2C400 2x"},"classes":[]}],"_links":{"self":[{"href":"https:\/\/www.freidenker.org\/index.php?rest_route=\/wp\/v2\/posts\/7953","targetHints":{"allow":["GET"]}}],"collection":[{"href":"https:\/\/www.freidenker.org\/index.php?rest_route=\/wp\/v2\/posts"}],"about":[{"href":"https:\/\/www.freidenker.org\/index.php?rest_route=\/wp\/v2\/types\/post"}],"author":[{"embeddable":true,"href":"https:\/\/www.freidenker.org\/index.php?rest_route=\/wp\/v2\/users\/3"}],"replies":[{"embeddable":true,"href":"https:\/\/www.freidenker.org\/index.php?rest_route=%2Fwp%2Fv2%2Fcomments&post=7953"}],"version-history":[{"count":0,"href":"https:\/\/www.freidenker.org\/index.php?rest_route=\/wp\/v2\/posts\/7953\/revisions"}],"wp:featuredmedia":[{"embeddable":true,"href":"https:\/\/www.freidenker.org\/index.php?rest_route=\/wp\/v2\/media\/7955"}],"wp:attachment":[{"href":"https:\/\/www.freidenker.org\/index.php?rest_route=%2Fwp%2Fv2%2Fmedia&parent=7953"}],"wp:term":[{"taxonomy":"category","embeddable":true,"href":"https:\/\/www.freidenker.org\/index.php?rest_route=%2Fwp%2Fv2%2Fcategories&post=7953"},{"taxonomy":"post_tag","embeddable":true,"href":"https:\/\/www.freidenker.org\/index.php?rest_route=%2Fwp%2Fv2%2Ftags&post=7953"}],"curies":[{"name":"wp","href":"https:\/\/api.w.org\/{rel}","templated":true}]}}