{"id":795,"date":"2014-04-16T15:58:22","date_gmt":"2014-04-16T13:58:22","guid":{"rendered":"http:\/\/www.freidenker.org\/fw17\/?p=795"},"modified":"2017-12-27T21:04:34","modified_gmt":"2017-12-27T20:04:34","slug":"realitaet-und-ideologien-zwischen-fortschritt-und-reaktion","status":"publish","type":"post","link":"https:\/\/www.freidenker.org\/?p=795","title":{"rendered":"FREIDENKER 1-14 &#8211; Realit\u00e4t und Ideologien zwischen Fortschritt und Reaktion"},"content":{"rendered":"<p>FREIDENKER Nr. 1-14, April 2014, 73. Jahrgang<\/p>\n<p>Inhalt:<\/p>\n<p><strong>Editorial<\/strong><\/p>\n<p><strong>Thema: Realit\u00e4t und Ideologien zwischen Fortschritt und Reaktion<\/strong><\/p>\n<ul>\n<li>DFV zur Krise in der Ukraine: Der Aggressor hei\u00dft NATO<\/li>\n<li>Sebastian Bahlo:<br \/>\n<a href=\"https:\/\/www.freidenker.org\/?p=2912\">Heimat und Patriotismus \u2013 Unworte f\u00fcr Internationalisten?<\/a><br \/>\n(<img data-recalc-dims=\"1\" loading=\"lazy\" decoding=\"async\" data-attachment-id=\"1072\" data-permalink=\"https:\/\/www.freidenker.org\/?attachment_id=1072\" data-orig-file=\"https:\/\/i0.wp.com\/www.freidenker.org\/fw17\/wp-content\/uploads\/2017\/10\/pdf_icon-e1509487447542.png?fit=16%2C16&amp;ssl=1\" data-orig-size=\"16,16\" data-comments-opened=\"0\" data-image-meta=\"{&quot;aperture&quot;:&quot;0&quot;,&quot;credit&quot;:&quot;&quot;,&quot;camera&quot;:&quot;&quot;,&quot;caption&quot;:&quot;&quot;,&quot;created_timestamp&quot;:&quot;0&quot;,&quot;copyright&quot;:&quot;&quot;,&quot;focal_length&quot;:&quot;0&quot;,&quot;iso&quot;:&quot;0&quot;,&quot;shutter_speed&quot;:&quot;0&quot;,&quot;title&quot;:&quot;&quot;,&quot;orientation&quot;:&quot;0&quot;}\" data-image-title=\"pdf_icon_16\" data-image-description=\"\" data-image-caption=\"\" data-large-file=\"https:\/\/i0.wp.com\/www.freidenker.org\/fw17\/wp-content\/uploads\/2017\/10\/pdf_icon-e1509487447542.png?fit=16%2C16&amp;ssl=1\" class=\"alignnone size-full wp-image-1072\" src=\"https:\/\/i0.wp.com\/www.freidenker.org\/fw17\/wp-content\/uploads\/2017\/10\/pdf_icon-e1509487447542.png?resize=16%2C16&#038;ssl=1\" alt=\"\" width=\"16\" height=\"16\" \/> <a href=\"https:\/\/www.freidenker.org\/fw17\/wp-content\/uploads\/2016\/08\/freidenker-14-01-bahlo.pdf\" target=\"_blank\" rel=\"noopener\">PDF-Dokument<\/a>, ca. 200 KB)<\/li>\n<li>Andreas Wehr:<br \/>\n<a href=\"https:\/\/www.freidenker.org\/?p=2918\">Der europ\u00e4ische Traum und die Wirklichkeit<\/a><br \/>\n(<img data-recalc-dims=\"1\" loading=\"lazy\" decoding=\"async\" data-attachment-id=\"1072\" data-permalink=\"https:\/\/www.freidenker.org\/?attachment_id=1072\" data-orig-file=\"https:\/\/i0.wp.com\/www.freidenker.org\/fw17\/wp-content\/uploads\/2017\/10\/pdf_icon-e1509487447542.png?fit=16%2C16&amp;ssl=1\" data-orig-size=\"16,16\" data-comments-opened=\"0\" data-image-meta=\"{&quot;aperture&quot;:&quot;0&quot;,&quot;credit&quot;:&quot;&quot;,&quot;camera&quot;:&quot;&quot;,&quot;caption&quot;:&quot;&quot;,&quot;created_timestamp&quot;:&quot;0&quot;,&quot;copyright&quot;:&quot;&quot;,&quot;focal_length&quot;:&quot;0&quot;,&quot;iso&quot;:&quot;0&quot;,&quot;shutter_speed&quot;:&quot;0&quot;,&quot;title&quot;:&quot;&quot;,&quot;orientation&quot;:&quot;0&quot;}\" data-image-title=\"pdf_icon_16\" data-image-description=\"\" data-image-caption=\"\" data-large-file=\"https:\/\/i0.wp.com\/www.freidenker.org\/fw17\/wp-content\/uploads\/2017\/10\/pdf_icon-e1509487447542.png?fit=16%2C16&amp;ssl=1\" class=\"alignnone size-full wp-image-1072\" src=\"https:\/\/i0.wp.com\/www.freidenker.org\/fw17\/wp-content\/uploads\/2017\/10\/pdf_icon-e1509487447542.png?resize=16%2C16&#038;ssl=1\" alt=\"\" width=\"16\" height=\"16\" \/> <a href=\"https:\/\/www.freidenker.org\/fw17\/wp-content\/uploads\/2016\/08\/freidenker-14-01-wehr.pdf\" target=\"_blank\" rel=\"noopener\">PDF-Dokument<\/a>, ca. 290 KB)<\/li>\n<li>Lucas Zeise:<br \/>\nPolitische \u00d6konomie und die Entstehung der Nation<\/li>\n<li>Klaus Hartmann:<br \/>\nGegen den nationalen Nihilismus<\/li>\n<\/ul>\n<p><strong>Meldungen, Meinungen<br \/>\nAus den Landesverb\u00e4nden<br \/>\nChronik<br \/>\nB\u00fccher f\u00fcr Freidenker<\/strong><\/p>\n<p><strong>Gedicht<br \/>\n<\/strong>Meinst Du die Russen wollen Krieg<\/p>\n<p>&nbsp;<\/p>\n","protected":false},"excerpt":{"rendered":"<p><strong>Die Ausgabe 1-14 des Verbandsorgans FREIDENKER hat das Schwerpunkt-Thema \u201eRealit\u00e4t und Ideologien zwischen Fortschritt und Reaktion\u201c<\/strong> und enth\u00e4lt u.a folgende Beitr\u00e4ge:<br \/>\n&#8211; DFV zur Krise in der Ukraine: Der Aggressor hei\u00dft NATO<br \/>\n&#8211; Sebastian Bahlo: Heimat und Patriotismus \u2013 Unworte f\u00fcr Internationalisten?<br \/>\n&#8211; Andreas Wehr: Der europ\u00e4ische Traum und die Wirklichkeit<br \/>\n&#8211; Lucas Zeise: Politische \u00d6konomie und die Entstehung der Nation<br \/>\n&#8211; Klaus Hartmann: Gegen den nationalen Nihilismus<\/p>\n","protected":false},"author":2,"featured_media":2552,"comment_status":"closed","ping_status":"closed","sticky":false,"template":"","format":"standard","meta":{"colormag_page_container_layout":"default_layout","colormag_page_sidebar_layout":"default_layout","advanced_seo_description":"","jetpack_seo_html_title":"","jetpack_seo_noindex":false,"jetpack_post_was_ever_published":false,"footnotes":""},"categories":[8],"tags":[444,26,470,471,469],"class_list":["post-795","post","type-post","status-publish","format-standard","has-post-thumbnail","hentry","category-verbandsorgan-freidenker","tag-fortschritt","tag-freidenker","tag-ideologie","tag-reaktion","tag-realitaet"],"jetpack_featured_media_url":"https:\/\/i0.wp.com\/www.freidenker.org\/fw17\/wp-content\/uploads\/2017\/12\/FD_2014-01_Titel_mR.jpg?fit=800%2C445&ssl=1","jetpack_shortlink":"https:\/\/wp.me\/p9stpK-cP","jetpack-related-posts":[{"id":565,"url":"https:\/\/www.freidenker.org\/?p=565","url_meta":{"origin":795,"position":0},"title":"Freidenkerkonferenz &#8222;Realit\u00e4t und Ideologien zwischen Fortschritt und Reaktion&#8220; am 9. November 2013 in Frankfurt am Main","author":"Webmaster","date":"19. Oktober 2013","format":false,"excerpt":"Einladung zur Konferenz: \"Realit\u00e4t und Ideologien \u2039\u2039Heimat, Volk, Nationalstaat, Supranationalit\u00e4t, Nationalismus, Patriotismus, Internationalismus\u203a\u203a zwischen Fortschritt und Reaktion\" am Samstag, den 9. November 2013 in Frankfurt a.M. Mit unserer Konferenz wollen wir einen Beitrag zur \u201eRichtigstellung der Begriffe\u201c leisten, Geschichtsklitterung, Mythenbildung und vergifteten Ideologien entgegentreten. Heimat, Vaterland, Nation \u2013 das sind\u2026","rel":"","context":"In &quot;Zentrale Veranstaltungen&quot;","block_context":{"text":"Zentrale Veranstaltungen","link":"https:\/\/www.freidenker.org\/?cat=20"},"img":{"alt_text":"","src":"https:\/\/i0.wp.com\/www.freidenker.org\/fw17\/wp-content\/uploads\/2016\/08\/Konferenz2013.jpg?fit=800%2C445&ssl=1&resize=350%2C200","width":350,"height":200,"srcset":"https:\/\/i0.wp.com\/www.freidenker.org\/fw17\/wp-content\/uploads\/2016\/08\/Konferenz2013.jpg?fit=800%2C445&ssl=1&resize=350%2C200 1x, https:\/\/i0.wp.com\/www.freidenker.org\/fw17\/wp-content\/uploads\/2016\/08\/Konferenz2013.jpg?fit=800%2C445&ssl=1&resize=525%2C300 1.5x, https:\/\/i0.wp.com\/www.freidenker.org\/fw17\/wp-content\/uploads\/2016\/08\/Konferenz2013.jpg?fit=800%2C445&ssl=1&resize=700%2C400 2x"},"classes":[]},{"id":850,"url":"https:\/\/www.freidenker.org\/?p=850","url_meta":{"origin":795,"position":1},"title":"FREIDENKER 1-16 &#8211; nicht links, nicht rechts?","author":"Webmaster","date":"16. M\u00e4rz 2016","format":false,"excerpt":"Die Ausgabe 1-16 des Verbandsorgans FREIDENKER hat das Schwerpunkt-Thema \u201enicht links, nicht rechts? rot = braun? Querfront statt Volksfront?\u201c und enth\u00e4lt u.a folgende Beitr\u00e4ge: - Klaus Hartmann: \u201eQuerfront\u201c: historische Realit\u00e4t oder Diffamierungsvokabel? - Ulli Gellermann: Querfront verstorben - Jens Wernicke: Vorsicht, Verschw\u00f6rungstheorie! - Sebastian Bahlo: Forderung nach Nato-Austritt: \u201eUnbedacht und\u2026","rel":"","context":"In &quot;Verbandsorgan FREIDENKER&quot;","block_context":{"text":"Verbandsorgan FREIDENKER","link":"https:\/\/www.freidenker.org\/?cat=8"},"img":{"alt_text":"","src":"https:\/\/i0.wp.com\/www.freidenker.org\/fw17\/wp-content\/uploads\/2017\/12\/FD_2016-01_Titel_mR.jpg?fit=800%2C445&ssl=1&resize=350%2C200","width":350,"height":200,"srcset":"https:\/\/i0.wp.com\/www.freidenker.org\/fw17\/wp-content\/uploads\/2017\/12\/FD_2016-01_Titel_mR.jpg?fit=800%2C445&ssl=1&resize=350%2C200 1x, https:\/\/i0.wp.com\/www.freidenker.org\/fw17\/wp-content\/uploads\/2017\/12\/FD_2016-01_Titel_mR.jpg?fit=800%2C445&ssl=1&resize=525%2C300 1.5x, https:\/\/i0.wp.com\/www.freidenker.org\/fw17\/wp-content\/uploads\/2017\/12\/FD_2016-01_Titel_mR.jpg?fit=800%2C445&ssl=1&resize=700%2C400 2x"},"classes":[]},{"id":1067,"url":"https:\/\/www.freidenker.org\/?p=1067","url_meta":{"origin":795,"position":2},"title":"FREIDENKER 2-16 &#8211; Bilder &#8211; Wahrnehmen &#8211; in Bewegung kommen","author":"Webredaktion","date":"16. Juni 2016","format":false,"excerpt":"Die Ausgabe 2-16 des Verbandsorgans FREIDENKER hat das Schwerpunkt-Thema \u201eBilder - Wahrnehmen - in Bewegung kommen\u201c und enth\u00e4lt u.a folgende Beitr\u00e4ge: - Anneliese Fikentscher und Andreas Neumann: Bilder als Waffe \u2013 Zwischen Aufkl\u00e4rung und Desinformation - Anneliese Fikentscher und Andreas Neumann: Die Wirklichkeit sichtbar machen","rel":"","context":"In &quot;Verbandsorgan FREIDENKER&quot;","block_context":{"text":"Verbandsorgan FREIDENKER","link":"https:\/\/www.freidenker.org\/?cat=8"},"img":{"alt_text":"","src":"https:\/\/i0.wp.com\/www.freidenker.org\/fw17\/wp-content\/uploads\/2017\/12\/FD_2016-02_Titel_mR.jpg?fit=800%2C445&ssl=1&resize=350%2C200","width":350,"height":200,"srcset":"https:\/\/i0.wp.com\/www.freidenker.org\/fw17\/wp-content\/uploads\/2017\/12\/FD_2016-02_Titel_mR.jpg?fit=800%2C445&ssl=1&resize=350%2C200 1x, https:\/\/i0.wp.com\/www.freidenker.org\/fw17\/wp-content\/uploads\/2017\/12\/FD_2016-02_Titel_mR.jpg?fit=800%2C445&ssl=1&resize=525%2C300 1.5x, https:\/\/i0.wp.com\/www.freidenker.org\/fw17\/wp-content\/uploads\/2017\/12\/FD_2016-02_Titel_mR.jpg?fit=800%2C445&ssl=1&resize=700%2C400 2x"},"classes":[]},{"id":23228,"url":"https:\/\/www.freidenker.org\/?p=23228","url_meta":{"origin":795,"position":3},"title":"Lisa Fitz \u2013 Flucht","author":"Webredaktion","date":"20. Oktober 2025","format":false,"excerpt":"Video von\u00a0Lisa Fitz Des Thema Flucht hat mich so besch\u00e4ftigt. Die einen fl\u00fcchten vor Krieg zu uns, die andern vom Inland ins Ausland, vor der Realit\u00e4t in die Illusion und vor der Steuer in die Oase. Man fl\u00fcchtet vor\u2019m Fortschritt in die Nostalgie, vor der Ehefrau ins Bier und vor\u2026","rel":"","context":"In &quot;Kultur &amp; Kunst&quot;","block_context":{"text":"Kultur &amp; Kunst","link":"https:\/\/www.freidenker.org\/?cat=913"},"img":{"alt_text":"","src":"https:\/\/i0.wp.com\/www.freidenker.org\/fw17\/wp-content\/uploads\/2025\/10\/lisa_fitz_flucht_800x450.jpg?fit=800%2C450&ssl=1&resize=350%2C200","width":350,"height":200,"srcset":"https:\/\/i0.wp.com\/www.freidenker.org\/fw17\/wp-content\/uploads\/2025\/10\/lisa_fitz_flucht_800x450.jpg?fit=800%2C450&ssl=1&resize=350%2C200 1x, https:\/\/i0.wp.com\/www.freidenker.org\/fw17\/wp-content\/uploads\/2025\/10\/lisa_fitz_flucht_800x450.jpg?fit=800%2C450&ssl=1&resize=525%2C300 1.5x, https:\/\/i0.wp.com\/www.freidenker.org\/fw17\/wp-content\/uploads\/2025\/10\/lisa_fitz_flucht_800x450.jpg?fit=800%2C450&ssl=1&resize=700%2C400 2x"},"classes":[]},{"id":5422,"url":"https:\/\/www.freidenker.org\/?p=5422","url_meta":{"origin":795,"position":4},"title":"FREIDENKER 3-18 EXTRA \u2013 Menschenbild","author":"Webredaktion","date":"16. September 2018","format":false,"excerpt":"Die EXTRA-Ausgabe 3-18 des Verbandsorgans FREIDENKER hat das Schwerpunkt-Thema \u201eMenschenbild \u2013 Marxistische Pers\u00f6nlichkeitstheorie: Individuum und Gesellschaft\u201c und enth\u00e4lt die Reden der Wissenschaftlichen Konferenz des Deutschen Freidenker-Verbandes vom 28.04.2018 in Hannover. Darin: - Sebastian Bahlo: Marx\u2018 revolution\u00e4re Sch\u00e4rfe bewahren - Klaus Hartmann: Was ist der Mensch? - Wolfgang Jantzen: Pers\u00f6nlichkeit und\u2026","rel":"","context":"In &quot;Verbandsorgan FREIDENKER&quot;","block_context":{"text":"Verbandsorgan FREIDENKER","link":"https:\/\/www.freidenker.org\/?cat=8"},"img":{"alt_text":"","src":"https:\/\/i0.wp.com\/www.freidenker.org\/fw17\/wp-content\/uploads\/2018\/09\/FD_2018-03_Titel_mR.jpg?fit=800%2C445&ssl=1&resize=350%2C200","width":350,"height":200,"srcset":"https:\/\/i0.wp.com\/www.freidenker.org\/fw17\/wp-content\/uploads\/2018\/09\/FD_2018-03_Titel_mR.jpg?fit=800%2C445&ssl=1&resize=350%2C200 1x, https:\/\/i0.wp.com\/www.freidenker.org\/fw17\/wp-content\/uploads\/2018\/09\/FD_2018-03_Titel_mR.jpg?fit=800%2C445&ssl=1&resize=525%2C300 1.5x, https:\/\/i0.wp.com\/www.freidenker.org\/fw17\/wp-content\/uploads\/2018\/09\/FD_2018-03_Titel_mR.jpg?fit=800%2C445&ssl=1&resize=700%2C400 2x"},"classes":[]},{"id":754,"url":"https:\/\/www.freidenker.org\/?p=754","url_meta":{"origin":795,"position":5},"title":"FREIDENKER 1-12 &#8211; Unser Geld, die EU und die Krise","author":"Webmaster","date":"16. M\u00e4rz 2012","format":false,"excerpt":"Die Ausgabe 1-12 des Verbandsorgans FREIDENKER hat das Schwerpunkt-Thema \u201eUnser Geld, die EU und die Krise\u201c und enth\u00e4lt u.a folgende Beitr\u00e4ge: - Andreas Wehr: Krise, EURO und EU - Emmanuel Korakis: Solidarit\u00e4t mit den streikenden griechischen Stahlarbeitern - Jan Bretschneider: Was sind Ratingagenturen? - Tobias Baumann: (Finanzmarkt-)Krise: Die progressiven L\u00e4nder\u2026","rel":"","context":"In &quot;Verbandsorgan FREIDENKER&quot;","block_context":{"text":"Verbandsorgan FREIDENKER","link":"https:\/\/www.freidenker.org\/?cat=8"},"img":{"alt_text":"","src":"https:\/\/i0.wp.com\/www.freidenker.org\/fw17\/wp-content\/uploads\/2017\/12\/FD_2012-01_Titel_mR.jpg?fit=800%2C445&ssl=1&resize=350%2C200","width":350,"height":200,"srcset":"https:\/\/i0.wp.com\/www.freidenker.org\/fw17\/wp-content\/uploads\/2017\/12\/FD_2012-01_Titel_mR.jpg?fit=800%2C445&ssl=1&resize=350%2C200 1x, https:\/\/i0.wp.com\/www.freidenker.org\/fw17\/wp-content\/uploads\/2017\/12\/FD_2012-01_Titel_mR.jpg?fit=800%2C445&ssl=1&resize=525%2C300 1.5x, https:\/\/i0.wp.com\/www.freidenker.org\/fw17\/wp-content\/uploads\/2017\/12\/FD_2012-01_Titel_mR.jpg?fit=800%2C445&ssl=1&resize=700%2C400 2x"},"classes":[]}],"_links":{"self":[{"href":"https:\/\/www.freidenker.org\/index.php?rest_route=\/wp\/v2\/posts\/795","targetHints":{"allow":["GET"]}}],"collection":[{"href":"https:\/\/www.freidenker.org\/index.php?rest_route=\/wp\/v2\/posts"}],"about":[{"href":"https:\/\/www.freidenker.org\/index.php?rest_route=\/wp\/v2\/types\/post"}],"author":[{"embeddable":true,"href":"https:\/\/www.freidenker.org\/index.php?rest_route=\/wp\/v2\/users\/2"}],"replies":[{"embeddable":true,"href":"https:\/\/www.freidenker.org\/index.php?rest_route=%2Fwp%2Fv2%2Fcomments&post=795"}],"version-history":[{"count":0,"href":"https:\/\/www.freidenker.org\/index.php?rest_route=\/wp\/v2\/posts\/795\/revisions"}],"wp:featuredmedia":[{"embeddable":true,"href":"https:\/\/www.freidenker.org\/index.php?rest_route=\/wp\/v2\/media\/2552"}],"wp:attachment":[{"href":"https:\/\/www.freidenker.org\/index.php?rest_route=%2Fwp%2Fv2%2Fmedia&parent=795"}],"wp:term":[{"taxonomy":"category","embeddable":true,"href":"https:\/\/www.freidenker.org\/index.php?rest_route=%2Fwp%2Fv2%2Fcategories&post=795"},{"taxonomy":"post_tag","embeddable":true,"href":"https:\/\/www.freidenker.org\/index.php?rest_route=%2Fwp%2Fv2%2Ftags&post=795"}],"curies":[{"name":"wp","href":"https:\/\/api.w.org\/{rel}","templated":true}]}}