{"id":7948,"date":"2020-04-16T20:09:09","date_gmt":"2020-04-16T18:09:09","guid":{"rendered":"https:\/\/www.freidenker.org\/?p=7948"},"modified":"2020-05-13T23:43:23","modified_gmt":"2020-05-13T21:43:23","slug":"reif-fuer-die-abwahl-kabinett-merkel","status":"publish","type":"post","link":"https:\/\/www.freidenker.org\/?p=7948","title":{"rendered":"Reif f\u00fcr die Abwahl: Kabinett Merkel"},"content":{"rendered":"<h5>Seehofers \u201eStudie\u201c beweist pure Unf\u00e4higkeit \u2013 Nach der Pandemie ist eine Generalabrechnung f\u00e4llig<\/h5>\n<p><em>Von <strong>Friedhelm Klinkhammer<\/strong> und <strong>Volker Br\u00e4utigam<\/strong><\/em><\/p>\n<p><strong>Die innenministerielle Studie \u201eWie wir Covid-19 unter Kontrolle bekommen\u201c<\/strong>(1) <strong>sollte geheim bleiben (\u201cVS- Verschlusssache\u201c). Inzwischen ist sie Gegenstand harter Kritik an der Bundesregierung und wilder Spekulationen \u00fcber deren Absichten. <\/strong><strong>Obwohl sogar die Tagesschau kurz \u00fcber das Papier berichtete, blieben sein Urzweck und\u00a0die daraus abzuleitende Bankrotterkl\u00e4rung weitgehend unbeachtet: <\/strong><strong>Das \u201eGeheimpapier\u201c dokumentiert ungewollt, dass das bundesweite Ausgehverbot samt schwerwiegenden Folgen vermeidbar gewesen w\u00e4re.<\/strong><\/p>\n<p>Die Studie hatte darlegen sollen, wie man der B\u00fcrgermehrheit schmerzliche und \u00e4u\u00dferst kostspielige Solidarit\u00e4t mit der von der Virusepidemie \u00fcberdurchschnittlich gef\u00e4hrdeten \u201eRisikogruppe\u201c abfordern k\u00f6nnte und wie man diese Ma\u00dfnahmen \u00a0\u201ekommunizieren\u201c m\u00fcsse. (Anm.1,S.16, s.a. Anm.2) Klartext: Abgen\u00f6tigte Solidarit\u00e4t mit Rentnern, Behinderten, Vorerkrankten und Schwachen. Das sind 30 Millionen Menschen. Von wegen \u201eGruppe\u201c!<\/p>\n<p>Der erste Covid-19-Fall in Deutschland wurde am 28. Januar gemeldet. Bei sofortigen Massentests und strikter Isolation der Infizierten wie in S\u00fcdkorea h\u00e4tte das Alltagsleben bei uns ebenfalls ohne wesentliche Einschr\u00e4nkungen weitergehen k\u00f6nnen. Dazu fehlten hierzulande jedoch nicht nur die materiellen Voraussetzungen. Es gab keinen politischen Willen dazu.<\/p>\n<p>S\u00fcdkorea hatte die \u201eVorwarnzeit\u201c nach dem Ausbruch der Epidemie in der Volksrepublik China umgehend genutzt. In Deutschland wurde sie verbummelt. Die Kanzlerin war dem Alltag entschwebt, der Gesundheitsminister damit besch\u00e4ftigt, f\u00fcr den CDU-Vorsitz zu antichambrieren; seinen Kandidaturverzicht teilte Spahn erst am 25. Februar mit.(3) Er h\u00e4tte in den Wochen zuvor wahrhaftig Wichtigeres zu tun gehabt, als seinen Karriereabsichten zu fr\u00f6nen.<\/p>\n<h5>Es fehlte an allem<\/h5>\n<p>Seit Anfang Januar war un\u00fcbersehbar, dass Covid-19 in der Bundesrepublik auf ein unvorbereitetes Gesundheitswesen treffen w\u00fcrde: neoliberal heruntergeschrumpfte personelle und materielle Kapazit\u00e4ten, ungen\u00fcgende \u00a0Krankenhausversorgung und zu wenig Potential f\u00fcr Intensivpflege. Die Abwehrkonzepte in Fernost wurden weder beachtet noch gar Vergleichbares f\u00fcr Deutschland erwogen: Rigorose Quarant\u00e4ne und Schutzma\u00dfnahmen (VR China), \u201efl\u00e4chendeckende\u201c Suche nach Infizierten und deren strikte Isolation (S\u00fcdkorea) sowie Kombinationsformen beider Konzepte (Singapur, Hongkong, Taiwan).<\/p>\n<p>In einer Regierungserkl\u00e4rung hatte Spahn noch am 4. M\u00e4rz erkl\u00e4rt, die Ansteckungsquelle (\u201eim Ausland\u201c) sei erkannt, alle betroffenen Deutschen sowie ihre Kontaktpersonen seien in Quarant\u00e4ne genommen worden.<\/p>\n<blockquote><p><em>\u201eSo ist es uns \u00fcber Wochen hinweg gelungen, eine Ausbreitung zu verhindern.\u201c<\/em>(4)<\/p><\/blockquote>\n<p>Wer es gewohnt ist, die Machtapparatur einer Regierung kritisch im Auge zu halten, konnte es erkennen: Bundesinnenminister Horst Seehofer wusste l\u00e4ngst, dass Spahn \u201e\u00fcber Wochen hinweg\u201c Zeit verplempert hatte und mit seinem \u201eweiter so\u201c nichts mehr zu verhindern war. Schlie\u00dflich war \u201eder Horstl\u201c selbst einmal Gesundheitsminister gewesen(5).<\/p>\n<p>Substanziell Unerl\u00e4ssliches geschah nicht. Das Kabinett Merkel hatte den Kopf in den Sand gesteckt und belie\u00df ihn da.<\/p>\n<p>Am 18. M\u00e4rz\u00a0schlie\u00dflich erteilte Seehofer ohne R\u00fccksicht auf Spahns Zust\u00e4ndigkeiten einen Eilauftrag: Sofort zusammenstellen, mit welchen Ma\u00dfnahmen das Tempo der Masseninfektion zu drosseln w\u00e4re. Die Studie \u201eWie wir Covid-19 unter Kontrolle bekommen\u201c entstand binnen weniger Tage mithilfe des Robert-Koch-Instituts und weiterer Fachleute, auch von ausl\u00e4ndischen Universit\u00e4ten.\u00a0Einige ihrer Vorschl\u00e4ge d\u00fcrften bereits am 23. M\u00e4rz den ersten weitergehenden Ma\u00dfnahmen \u2013 Ausgangsbeschr\u00e4nkungen, Abstandsgebot \u2013 zugrunde gelegen haben.<\/p>\n<h5>\u201eIm schlimmsten Falle&#8230;\u201c<\/h5>\n<p>Die Expertengruppe ging \u2013 methodisch konsequent \u2013 vom zwar unwahrscheinlichen, aber denkbar schlimmsten Ausma\u00df der Epidemie aus, falls man die Dinge einfach laufen lie\u00dfe: von bis zu 1,2 Millionen Toten.(s.Anm.1) Alle mindernden Abwehrkonzepte werden in dem Papier er\u00f6rtert und ihre Effizienz gegen die sozialen und \u00f6konomischen Risiken abgewogen. Folgerichtig empfahlen die Experten der Bundesregierung das S\u00fcdkorea-Modell:<\/p>\n<blockquote><p><em>\u201dDort wurden mit minimalen Ausgangsbeschr\u00e4nkungen, vor allem durch effizientes Testen und Isolieren, die verschiedenen Ausbr\u00fcche erfolgreich unter Kontrolle gebracht.\u201d<\/em>(Anm.1, S. 2)<\/p><\/blockquote>\n<p>Warum klappte das in Deutschland nicht? Warum mussten hierzulande umfassende Ausgangsbeschr\u00e4nkungen verh\u00e4ngt und die rigorose Schlie\u00dfung von Betrieben und Gesch\u00e4ften mit viel Publikumsverkehr verh\u00e4ngt werden \u2013 zwar bei weitem keine so strikte Quarant\u00e4ne wie in China, aber ausreichend Anlass f\u00fcr Verunsicherung, \u00f6ffentlichen Streit \u00fcber Berechtigung, Angemessenheit und Zweckm\u00e4\u00dfigkeit? F\u00fcr ins Absurde abgleitende Debatten, bis hin zu abenteuerlichen Spekulationen \u00fcber Absichten und Ziel dieser Ersatzhandlungen?<\/p>\n<p>Die kaum zu fassende Antwort darauf ergibt sich aus zwei so entscheidenden wie verschn\u00f6rkelten S\u00e4tzen in dem Strategiepapier:<\/p>\n<blockquote><p><em>\u201cIn der jetzigen Phase der Epidemie k\u00f6nnen wir (hoffentlich) davon ausgehen, dass die Testkapazit\u00e4t sehr schnell hochgefahren werden kann. Davon ausgehend ist es besser, eine sehr scharfe, aber kurze Periode der Ausgangsbeschr\u00e4nkungen zu haben, nur bis die Ma\u00dfnahmen zu Testen und Isolieren greifen.\u201c <\/em>(Anm.1, S.15)<\/p><\/blockquote>\n<p>Mit anderen Worten: Die Bundesregierung hat wochenlang weitergeschlafen, statt schon Ende Januar die \u201eTestkapazit\u00e4t sehr schnell hochzufahren\u201c. Sie konnte dem s\u00fcdkoreanischen Vorbild nicht folgen, weil die deutschen Kapazit\u00e4ten noch Anfang M\u00e4rz\u00a0erst\u00a0f\u00fcr 7000 Tests pro Tag reichten.<\/p>\n<p>Inzwischen\u00a0sind sie\u00a0zwar auf knapp 100 000 ausgebaut worden (6), geplant ist eine Verdopplung.(Anm.1,S.15).\u00a0Eine Rechnung ohne den Wirt. \u201eStaatsvirologe\u201c Christian Drosten lie\u00df am 7. April wissen, dieses Ziel sei nicht erreichbar, es st\u00fcnden \u201ebestimmte Reagenzien\u201c f\u00fcr die Testkits nicht zur Verf\u00fcgung.(7) Im Skat w\u00fcrde man dem Mitspieler Spahn sagen: Hosen runter.<\/p>\n<p>Die Regierung sah sich gezwungen, die verplemperte Zeit aufzuholen. Eine rasante Ausbreitung der Infektion war nur noch mit massiven Ausgangssperren und Kontaktverboten zu bremsen. Gute Vorbereitung und sofortiges Handeln wie in S\u00fcdkorea h\u00e4tten das wahrscheinlich \u00fcberfl\u00fcssig gemacht. Das ganze Gerede drumherum diente dem Zweck, das politische Versagen zu verschleiern.<\/p>\n<p>Deshalb sei hier noch einmal daran erinnert, dass Minister Spahn am\u00a022. Januar verk\u00fcndet hatte:<\/p>\n<blockquote><p><em>\u201eFalls das Virus in Europa auftaucht, gibt es entsprechende Pl\u00e4ne.\u201c<\/em>(8)<\/p><\/blockquote>\n<p>Wichtig sei, schnell herauszufinden wo sich der Infizierte angesteckt haben k\u00f6nnte und dann alle Betroffenen rasch zu informieren.<\/p>\n<blockquote><p><em>\u201eDazu ist unser Gesundheitssystem in Europa inzwischen in der Lage\u201c.<\/em>(ebd.)<\/p><\/blockquote>\n<p>Noch Anfang M\u00e4rz, Konsequenz der Rat- und Tatenlosigkeit, redeten die Verantwortlichen in Berlin die Gefahren klein, obwohl es schon 8000 Infizierte in Deutschland gab. Zur Beschwichtigung der aufkommenden gro\u00dfen Unruhe dienten L\u00fcgen, Ausreden und Ablenkungsman\u00f6ver. Die Massenmedien wurden eingespannt wie \u00fcblich, Jens Spahn t\u00f6rnte von einer Pressekonferenz zur n\u00e4chsten.<\/p>\n<p>Bundeskanzlerin Merkel, ersichtlich ungen\u00fcgend im Bilde, sagte im M\u00e4rz noch voraus, die Ansteckung werde 60 bis 70 Prozent der Bev\u00f6lkerung erfassen; sie setzte offenkundig darauf, dass das kontrolliert werden k\u00f6nne und sich parallel eine \u201eHerdenimmunisierung\u201c entwickle.(9) Wusste sie nichts oder war sie falsch beraten?<\/p>\n<h5>Die Nase voll<\/h5>\n<p>Aus dem \u201eGeheimdokument\u201c l\u00e4sst sich schlie\u00dfen, dass Seehofer sp\u00e4testens Mitte M\u00e4rz vom Herumlavieren der Kanzlerin und ihres Gesundheitsministers die Nase voll hatte: Die Bev\u00f6lkerung m\u00fcsse jetzt mittels \u00e4u\u00dferster Dramatisierung zu der Einsicht gedr\u00e4ngt werden, dass es zum rigorosen Regierungshandeln \u201ekeine Alternative\u201c mehr gebe. (Anm.1, S.16)<\/p>\n<p>Aussichtslos die Hoffnung, man k\u00f6nne nach kurzer Allgemein-Quarant\u00e4ne zu den in S\u00fcdkorea erprobten Methoden \u00fcbergehen und Deutschland aus der Malaise f\u00fchren. Virologie-Supermann Drosten am 23. M\u00e4rz:<\/p>\n<blockquote><p><em>\u201eDie in S\u00fcdkorea vorhandene Personaldecke ist in Deutschland nicht vorhanden.\u201d<\/em>(10)<\/p><\/blockquote>\n<p>In die Scheinwelt des Gesundheitsministers drang er damit augenscheinlich nicht vor. Der t\u00f6nte noch am 26. M\u00e4rz auf einer Bundespressekonferenz von der N\u00fctzlichkeit des S\u00fcdkorea-\u201eTrackings\u201c, von der Auswertung von Handy-Daten zur Ermittlungen von Bewegungsprofilen und Kontaktpersonen Infizierter sowie von \u00fcber 500 000 bereits durchgef\u00fchrte Testungen bei uns \u2013 hierzulande also alles paletti&#8230;<\/p>\n<p>\u201eDie unf\u00e4higste Regierung seit 1949\u201c(11) inszenierte sich, wie wir sie kennen: verstrickt in Widerspr\u00fcchen, mit fehlender Transparenz und mit Durcheinandergerede ihrer Minister sowie deren Spitzenbeauftragten. Dazwischen zwei Ansprachen der Kanzlerin im Gestus der omnipotenten Mutti der Nation.<\/p>\n<p>Und die Tagesschau? Der Rechercheverbund von NDR, WDR und S\u00fcddeutsche Zeitung hatte das Strategiepapier des Innenministers entdeckt. ARD-aktuell berichtete dar\u00fcber kurz und indifferent in ihren Fernsehnachrichten (12), ausf\u00fchrlicher auf\u00a0<a href=\"http:\/\/tagesschau.de\/\">tagesschau.de<\/a>.(13) Die Redaktion lie\u00df aber offen, wie die Studie des Innenministeriums politisch einzusch\u00e4tzen und zu interpretieren sei: Erkl\u00e4ren, aufkl\u00e4ren, sichtbar machen, dass da ein politischer Offenbarungseid geleistet worden war? Fehlanzeige. Stattdessen der f\u00fcr Staatsfunker typische Verlautbarungsjournalismus unter Beachtung des Interesses der Bundesregierung.<\/p>\n<p>Wann endet der Albtraum? Die Kanzlerin hat auch auf ihrer Pressekonferenz am 6. April abgelehnt, die Regierungsstrategie offenzulegen. Fragen nach den Kriterien, nach Gestalt und Termin eines Exits aus dem Anti-Pandemie-Regime wich sie aus oder lehnte eine Antwort ab.(14) Das weitere Vorgehen h\u00e4nge \u201evon der Entwicklung der Infektionszahlen\u201c ab.<\/p>\n<p>Von der Kanzlerin muss man erwarten, dass sie konkrete Vorstellungen \u00fcber die Beendigung des Ausnahmezustands hat, \u00fcber die R\u00fcckf\u00fchrung in den Normalzustand. Merkels sture Heimlichtuerei und ihr Herumdrucksen strapazieren das Verst\u00e4ndnis einer wachsenden Zahl von B\u00fcrgern.<\/p>\n<h5>Die Schickeria<\/h5>\n<p>Derweil zeigen die Spitzen von Politik und Gesellschaft bedr\u00fcckenden Mangel an Solidarbewusstsein im Hinblick auf den Alltag von Millionen armer Menschen, auf das Leben der \u201eHartzer\u201c, Armutsrentner, Behinderten, Tafelbesucher und anderen \u201ePrek\u00e4ren\u201c: Keine Reisen, kein Shoppen nach Lust und Laune, keine Soireen, keine \u201eangesagten\u201c Restaurants, keine Besuche in Opernh\u00e4usern und Bordellen, kein \u00fcblicher \u00a0gesellschaftlicher Luxus \u2013 kurzum, den Verzicht auf ihre dolce vita wollten\u00a0sich mehr und mehr \u201eBessergestellte\u201c schon nach 14 Tagen nicht l\u00e4nger zumuten lassen.<\/p>\n<p>Als das sch\u00e4ndliche Hartz-IV-Regime verf\u00fcgt und Millionen sozial Schwachen die W\u00fcrde und sogar die bescheidensten Altersr\u00fccklagen genommen wurden, war das dieser Schickeria egal. Jetzt pl\u00e4rren die Betuchten und pochen auf ihre \u201eGrundrechte\u201c.<\/p>\n<p>Bekannte F\u00fcrsprecher dieser Linie gibt es zuhauf. Der \u00d6konom Thomas Straubhaar setzt auf \u201ekontrollierte Infizierung\u201c, Selektion und \u201cSchutz\u201d der Risikogruppe.(15) Wie das mit 30 Millionen Schutzbed\u00fcrftigen gehen soll, l\u00e4sst er freilich offen.\u00a0Boris Palmer, T\u00fcbinger Oberb\u00fcrgermeister und Aush\u00e4ngeschild der Gr\u00fcnen, assistiert:<\/p>\n<blockquote><p><em>\u201eMenschen, die \u00fcber 65 Jahre alt sind, und Risikogruppen werden aus dem Alltag herausgenommen\u201c<\/em>.(16)<\/p><\/blockquote>\n<p>Die ehemalige Verfassungsrichterin Gertrude L\u00fcbbe-Wolff:<\/p>\n<blockquote><p><em>\u201eIch denke, es wird \u00fcber kurz oder lang darauf hinauslaufen m\u00fcssen, dass die einschneidenden Restriktionen sich auf Ruhest\u00e4ndler und andere spezielle Risikogruppen konzentrieren.\u201d<\/em>(17)<\/p><\/blockquote>\n<p>Falls die Bundesregierung bezweckt hatte, die Bev\u00f6lkerung von Restbest\u00e4nden ethischer Grunds\u00e4tze zu befreien, so kann sie erste Erfolge verbuchen. Auch die Tagesschau gibt sich als Podium daf\u00fcr her.<\/p>\n<p>Absolut Unvergleichbares wird in diesem \u201eDiskurs\u201c bedenkenlos gegeneinander abgewogen: zuallererst das Grundrecht auf Leben und Gesundheit gegen das Grundrecht auf Eigentum. Nat\u00fcrlich ohne jeden Gedanken daran, den Geldadel bezahlen zu lassen, ihn zur Entlastung der Armen und sozial Isolierten heranzuziehen \u2013 obwohl er \u00fcber Netto-Geldverm\u00f6gen von mindestens 6 Billionen Euro verf\u00fcgt (18), die sich auf fiskalische Pr\u00e4ferenzen st\u00fctzen, wie sie dem \u201ekleinen Mann\u201c niemals zuteil werden.<\/p>\n<p>Die Bundesregierung verf\u00fcgt \u00fcber alle medialen und exekutiven Machtmittel zur Manipulation der Massen und wendet sie l\u00e4ngst an. Auch jetzt, wie der Inhalt der Seehofer-Studie und der Umgang mit derselben zeigen. Nach dem Abflauen der Covid-19-Pandemie m\u00fcssen diese Offenbarung regierender Unf\u00e4higkeit und deren bleibende Sch\u00e4den wieder auf den Tisch kommen. Remedur ist unabdingbar, es muss mit Merkels Gruselkabinett abgerechnet werden, politisch und pers\u00f6nlich. Dazu haben wir das Parlament \u2013 und die Justiz.<\/p>\n<p>&nbsp;<\/p>\n<p><strong>Quellen und Anmerkungen:<\/strong><\/p>\n<p>(1) <a href=\"https:\/\/fragdenstaat.de\/dokumente\/4123-wie-wir-covid-19-unter-kontrolle-bekommen\/\">https:\/\/fragdenstaat.de\/dokumente\/4123-wie-wir-covid-19-unter-kontrolle-bekommen\/<\/a><\/p>\n<p>(2) Ein gelungenes Beispiel \u2013 bereits f\u00fcnf Millionen Klicks \u2013 stellt das \u201eMailab\u201c-Video dar. https:\/\/deref-gmx.net\/mail\/client\/atWPgn9njJI\/dereferrer\/?redirectUrl=https%3A%2F%2Fyoutu.be%2F3z0gnXgK8Do<\/p>\n<p>(3) https:\/\/de.wikipedia.org\/wiki\/Jens_Spahn#Bewerbung_um_den_CDU-Vorsitz<\/p>\n<p>(4) https:\/\/www.bundesgesundheitsministerium.de\/presse\/reden\/regierungserklaerung-coronavirus.html<\/p>\n<p>(5) https:\/\/de.wikipedia.org\/wiki\/Horst_Seehofer#\u00c4mter_in_Bundesministerien_und_Bundesregierung_(1989_bis_2008)<\/p>\n<p>(6) https:\/\/www.swr.de\/swraktuell\/corona-testkapazitaeten-gesteigert-100.html<\/p>\n<p>(7) https:\/\/www.gmx.net\/magazine\/news\/coronavirus\/coronavirus-drosten-wichtigsten-massnahmen-kontaktsperre-34589138<\/p>\n<p>(8) https:\/\/www.tagesschau.de\/ausland\/china-coronavirus-109~_origin-fa50c138-c8dd-4a0c-9eb2-98e8a8aa84cf.html<\/p>\n<p>(9) https:\/\/www.zeit.de\/politik\/deutschland\/2020-03\/angela-merkel-corona-pressekonferenz-jens-spahn<\/p>\n<p>(10) https:\/\/www.youtube.com\/watch?v=LZPRpvPbMe0&amp;t=100s<\/p>\n<p>(11) https:\/\/egon-w-kreutzer.de\/nachdenklich-virologisches-zum-wochenende<\/p>\n<p>(12) https:\/\/www.tagesschau.de\/multimedia\/sendung\/tt-7413.html<\/p>\n<p>(13) https:\/\/www.tagesschau.de\/investigativ\/ndr-wdr\/corona-strategiepapier-szenarien-101.html<\/p>\n<p>(14) https:\/\/www.phoenix.de\/sendungen\/ereignisse\/phoenix-vor-ort\/live&#8212;statement-und-pressekonferenz-von-bundeskanzlerin-angela-merkel-a-1575270.html<\/p>\n<p>(15) https:\/\/www.focus.de\/finanzen\/news\/konjunktur\/kontrollierte-infizierung-top-oekonom-zum-grossen-shutdown-die-oeffentliche-meinung-wird-kippen_id_11799885.html<\/p>\n<p>(16) <a href=\"https:\/\/www.t-online.de\/nachrichten\/panorama\/id_87656462\/gruenen-politiker-stroebele-droht-bei-benachteiligung-von-risikogruppen-mit-klage.html\">https:\/\/www.t-online.de\/nachrichten\/panorama\/id_87656462\/gruenen-politiker-stroebele-droht-bei-benachteiligung-von-risikogruppen-mit-klage.html<\/a><\/p>\n<p>(17) https:\/\/www.augsburger-allgemeine.de\/politik\/Fruehere-Verfassungsrichterin-Ausgangssperre-zulaessig-id57102161.html<\/p>\n<p>(18) https:\/\/www.tagesgeldvergleich.net\/statistiken\/geldvermoegen.html<\/p>\n<p>&nbsp;<\/p>\n<p>&nbsp;<\/p>\n<p style=\"text-align: right;\"><em><strong>Das\u00a0Autoren-Team:\u00a0<\/strong><\/em><\/p>\n<p style=\"text-align: right;\"><em>Friedhelm Klinkhammer, Jahrgang\u00a01944, Jurist. 1975 bis 2008 Mitarbeiter des NDR, zeitweise Vorsitzender des NDR-Gesamtpersonalrats und des ver.di-Betriebsverbandes\u00a0sowie Referent einer Funkhausdirektorin.<\/em><\/p>\n<p style=\"text-align: right;\"><em>Volker Br\u00e4utigam, Jahrgang 1941, Redakteur. 1975 bis 1996 Mitarbeiter des NDR, zun\u00e4chst in der Tagesschau, von 1992 an in der Kulturredaktion f\u00fcr N3. Danach Lehrauftrag an der Fu-Jen-Universit\u00e4t\u00a0in Taipeh.<\/em><\/p>\n<p style=\"text-align: right;\"><em>Beide Autoren sind Mitglieder des Beirates des Deutschen Freidenker-Verbandes.<\/em><\/p>\n<p><span style=\"font-size: 10pt;\">Dieser Beitrag erschien zuerst am 09.04.2020 auf <a href=\"https:\/\/publikumskonferenz.de\/blog\/2020\/04\/09\/reif-fuer-die-abwahl-kabinett-merkel\/\" target=\"_blank\" rel=\"noopener noreferrer\">publikumskonferenz.de<\/a><\/span><\/p>\n<hr \/>\n<p><span style=\"font-size: 10pt;\">Bildcollage: Ralf Lux<\/span><\/p>\n<p><span style=\"font-size: 10pt;\">Quellen der Originalbilder: <\/span><br \/>\n<span style=\"font-size: 10pt;\">Virus: <a href=\"https:\/\/pixabay.com\/de\/illustrations\/covid-19-coronavirus-soziale-distanz-4966155\/\" target=\"_blank\" rel=\"noopener noreferrer\">pixabay.com<\/a> \/ User: <a class=\"hover_opacity\" href=\"https:\/\/pixabay.com\/de\/users\/geralt-9301\/\">geralt<\/a> \/ Lizenz: <a href=\"https:\/\/pixabay.com\/de\/service\/license\/\">Pixabay License<\/a>\u00a0<\/span><br \/>\n<span style=\"font-size: 10pt;\">Merkel:<a href=\"https:\/\/pixabay.com\/de\/illustrations\/merkel-angela-angela-merkel-1882206\/\" target=\"_blank\" rel=\"noopener noreferrer\"> pixabay.com<\/a> \/ User: <a class=\"hover_opacity\" href=\"https:\/\/pixabay.com\/de\/users\/hafteh7-3806658\/\">hafteh7<\/a> \/ Lizenz: <a href=\"https:\/\/pixabay.com\/de\/service\/license\/\">Pixabay License<\/a> <\/span><\/p>\n","protected":false},"excerpt":{"rendered":"<p><b>Beitrag von Friedhelm Klinkhammer und Volker Br\u00e4utigam<\/b><br \/>\nDie innenministerielle Studie \u201eWie wir Covid-19 unter Kontrolle bekommen\u201c sollte geheim bleiben (\u201cVS- Verschlusssache\u201c). Inzwischen ist sie Gegenstand harter Kritik an der Bundesregierung und wilder Spekulationen \u00fcber deren Absichten. Obwohl sogar die Tagesschau kurz \u00fcber das Papier berichtete, blieben sein Urzweck und\u00a0die daraus abzuleitende Bankrotterkl\u00e4rung weitgehend unbeachtet: Das \u201eGeheimpapier\u201c dokumentiert ungewollt, dass das bundesweite Ausgehverbot samt schwerwiegenden Folgen vermeidbar gewesen w\u00e4re.<\/p>\n","protected":false},"author":3,"featured_media":7951,"comment_status":"closed","ping_status":"closed","sticky":false,"template":"","format":"standard","meta":{"colormag_page_container_layout":"default_layout","colormag_page_sidebar_layout":"default_layout","advanced_seo_description":"","jetpack_seo_html_title":"","jetpack_seo_noindex":false,"jetpack_post_was_ever_published":false,"footnotes":""},"categories":[11,12],"tags":[1032,1256,1273,391,1257,1275,1126],"class_list":["post-7948","post","type-post","status-publish","format-standard","has-post-thumbnail","hentry","category-arbeit-soziales","category-demokratie-medien-aufklaerung","tag-bundesregierung","tag-corona-virus","tag-demokratische-grundrechte","tag-gesundheitswesen","tag-pandemie","tag-rest","tag-tagesschau"],"jetpack_featured_media_url":"https:\/\/i0.wp.com\/www.freidenker.org\/fw17\/wp-content\/uploads\/2020\/04\/Merkel_Corona.jpg?fit=800%2C447&ssl=1","jetpack_shortlink":"https:\/\/wp.me\/p9stpK-24c","jetpack-related-posts":[{"id":8503,"url":"https:\/\/www.freidenker.org\/?p=8503","url_meta":{"origin":7948,"position":0},"title":"ARD-aktuell macht sich l\u00e4cherlich","author":"Webredaktion","date":"9. August 2020","format":false,"excerpt":"Beitrag von Friedhelm Klinkhammer und Volker Br\u00e4utigam \u201eDie wollen uns wohl f\u00fcr dumm verkaufen\u201c, meint Tantchen Trudi aus Berlin \u00e4rgerlich und beobachtet fasziniert, wie sich die 20-Uhr-Tagesschau am 1. August unglaubw\u00fcrdig macht: \u201e20 000 Menschen haben in Berlin gegen die Auflagen zur Bek\u00e4mpfung der Corona-Pandemie demonstriert\u201c t\u00f6nt es aus der\u2026","rel":"","context":"In &quot;Demokratie \u2013 Medien \u2013 Aufkl\u00e4rung&quot;","block_context":{"text":"Demokratie \u2013 Medien \u2013 Aufkl\u00e4rung","link":"https:\/\/www.freidenker.org\/?cat=12"},"img":{"alt_text":"","src":"https:\/\/i0.wp.com\/www.freidenker.org\/fw17\/wp-content\/uploads\/2020\/08\/Demo_Berlin_2020-08-01_800x450.jpg?fit=800%2C450&ssl=1&resize=350%2C200","width":350,"height":200,"srcset":"https:\/\/i0.wp.com\/www.freidenker.org\/fw17\/wp-content\/uploads\/2020\/08\/Demo_Berlin_2020-08-01_800x450.jpg?fit=800%2C450&ssl=1&resize=350%2C200 1x, https:\/\/i0.wp.com\/www.freidenker.org\/fw17\/wp-content\/uploads\/2020\/08\/Demo_Berlin_2020-08-01_800x450.jpg?fit=800%2C450&ssl=1&resize=525%2C300 1.5x, https:\/\/i0.wp.com\/www.freidenker.org\/fw17\/wp-content\/uploads\/2020\/08\/Demo_Berlin_2020-08-01_800x450.jpg?fit=800%2C450&ssl=1&resize=700%2C400 2x"},"classes":[]},{"id":8001,"url":"https:\/\/www.freidenker.org\/?p=8001","url_meta":{"origin":7948,"position":1},"title":"Finale Rettungssch\u00fcsse","author":"Webredaktion","date":"8. Mai 2020","format":false,"excerpt":"Von Friedhelm Klinkhammer und Volker Br\u00e4utigam Die Regierung Merkel schiebt im Schlagschatten der Pandemie einen m\u00f6rderischen Bundeswehr-Auslandseinsatz durchs Parlament; \u201eunsere Jungs und M\u00e4dels\u201c sollen jetzt auch noch nach Libyen. Bundestagspr\u00e4sident Sch\u00e4uble gibt das Grundgesetz f\u00fcr einen finalen Rettungsschuss frei: Die W\u00fcrde des Menschen stehe \u00fcber dessen Recht auf Leben. Und\u2026","rel":"","context":"In &quot;Demokratie \u2013 Medien \u2013 Aufkl\u00e4rung&quot;","block_context":{"text":"Demokratie \u2013 Medien \u2013 Aufkl\u00e4rung","link":"https:\/\/www.freidenker.org\/?cat=12"},"img":{"alt_text":"","src":"https:\/\/i0.wp.com\/www.freidenker.org\/fw17\/wp-content\/uploads\/2020\/05\/desert-camel-tank-army_800x450.jpg?fit=800%2C450&ssl=1&resize=350%2C200","width":350,"height":200,"srcset":"https:\/\/i0.wp.com\/www.freidenker.org\/fw17\/wp-content\/uploads\/2020\/05\/desert-camel-tank-army_800x450.jpg?fit=800%2C450&ssl=1&resize=350%2C200 1x, https:\/\/i0.wp.com\/www.freidenker.org\/fw17\/wp-content\/uploads\/2020\/05\/desert-camel-tank-army_800x450.jpg?fit=800%2C450&ssl=1&resize=525%2C300 1.5x, https:\/\/i0.wp.com\/www.freidenker.org\/fw17\/wp-content\/uploads\/2020\/05\/desert-camel-tank-army_800x450.jpg?fit=800%2C450&ssl=1&resize=700%2C400 2x"},"classes":[]},{"id":14652,"url":"https:\/\/www.freidenker.org\/?p=14652","url_meta":{"origin":7948,"position":2},"title":"Bundesregierung schwurbelt sich die Russland-Sanktionen sch\u00f6n","author":"Webredaktion","date":"13. November 2022","format":false,"excerpt":"Beitrag von Gert Ewen Ungar Die Partei Die Linke hat die Bundesregierung in einer Kleinen Anfrage zu den Russlandsanktionen befragt. Die Anfrage stammt von Anfang Oktober, die Antworten liegen jetzt vor. Die Nachdenkseiten haben sie in einem Beitrag vorab ver\u00f6ffentlicht, der mit \"Im Blindflug\" \u00fcberschrieben ist. Die \u00dcberschrift trifft es\u2026","rel":"","context":"In &quot;Demokratie \u2013 Medien \u2013 Aufkl\u00e4rung&quot;","block_context":{"text":"Demokratie \u2013 Medien \u2013 Aufkl\u00e4rung","link":"https:\/\/www.freidenker.org\/?cat=12"},"img":{"alt_text":"","src":"https:\/\/i0.wp.com\/www.freidenker.org\/fw17\/wp-content\/uploads\/2022\/11\/federal-chancellery-637999_800x450.jpg?fit=800%2C450&ssl=1&resize=350%2C200","width":350,"height":200,"srcset":"https:\/\/i0.wp.com\/www.freidenker.org\/fw17\/wp-content\/uploads\/2022\/11\/federal-chancellery-637999_800x450.jpg?fit=800%2C450&ssl=1&resize=350%2C200 1x, https:\/\/i0.wp.com\/www.freidenker.org\/fw17\/wp-content\/uploads\/2022\/11\/federal-chancellery-637999_800x450.jpg?fit=800%2C450&ssl=1&resize=525%2C300 1.5x, https:\/\/i0.wp.com\/www.freidenker.org\/fw17\/wp-content\/uploads\/2022\/11\/federal-chancellery-637999_800x450.jpg?fit=800%2C450&ssl=1&resize=700%2C400 2x"},"classes":[]},{"id":7802,"url":"https:\/\/www.freidenker.org\/?p=7802","url_meta":{"origin":7948,"position":3},"title":"Coronakrise: Die Versager haben das Wort","author":"Webredaktion","date":"24. M\u00e4rz 2020","format":false,"excerpt":"Beitrag von Friedhelm Klinkhammer und Volker Br\u00e4utigam Kein Albtraum, sondern grauenhaft real: Italienische \u00c4rzte sind seit dem 10. M\u00e4rz 2020 gezwungen, zu entscheiden, welcher Corona-Patient behandelt wird und welcher sterben muss. Zur uneingeschr\u00e4nkten Hilfeleistung reichen die medizinischen Kapazit\u00e4ten nicht mehr. Trotzdem wachten unsere politisch Verantwortlichen erst eine Woche sp\u00e4ter auf.\u2026","rel":"","context":"In &quot;Arbeit &amp; Soziales&quot;","block_context":{"text":"Arbeit &amp; Soziales","link":"https:\/\/www.freidenker.org\/?cat=11"},"img":{"alt_text":"","src":"https:\/\/i0.wp.com\/www.freidenker.org\/fw17\/wp-content\/uploads\/2020\/03\/coronavirus-4914026_800x450.jpg?fit=800%2C450&ssl=1&resize=350%2C200","width":350,"height":200,"srcset":"https:\/\/i0.wp.com\/www.freidenker.org\/fw17\/wp-content\/uploads\/2020\/03\/coronavirus-4914026_800x450.jpg?fit=800%2C450&ssl=1&resize=350%2C200 1x, https:\/\/i0.wp.com\/www.freidenker.org\/fw17\/wp-content\/uploads\/2020\/03\/coronavirus-4914026_800x450.jpg?fit=800%2C450&ssl=1&resize=525%2C300 1.5x, https:\/\/i0.wp.com\/www.freidenker.org\/fw17\/wp-content\/uploads\/2020\/03\/coronavirus-4914026_800x450.jpg?fit=800%2C450&ssl=1&resize=700%2C400 2x"},"classes":[]},{"id":8215,"url":"https:\/\/www.freidenker.org\/?p=8215","url_meta":{"origin":7948,"position":4},"title":"Hongkong und die Neuauflage chinafeindlicher Indoktrination","author":"Webredaktion","date":"14. Juni 2020","format":false,"excerpt":"Beitrag von Friedhelm Klinkhammer und Volker Br\u00e4utigam Die Tagesschau ist ein \u00e4u\u00dferst wirksames Instrument der Indoktrination. USA-, NATO- und EU-affin, obendrein obsz\u00f6n regierungsfromm, bildet sie deren Politik nur kritik- und distanzlos ab. F\u00fcr die gew\u00f6hnliche Meinungsmache reicht das auch. Bei der Berichterstattung \u00fcber die Volksrepublik China gibt es aber oft\u2026","rel":"","context":"In &quot;Demokratie \u2013 Medien \u2013 Aufkl\u00e4rung&quot;","block_context":{"text":"Demokratie \u2013 Medien \u2013 Aufkl\u00e4rung","link":"https:\/\/www.freidenker.org\/?cat=12"},"img":{"alt_text":"","src":"https:\/\/i0.wp.com\/www.freidenker.org\/fw17\/wp-content\/uploads\/2020\/06\/Hong_Kong_Night_Skyline_800x450.jpg?fit=800%2C450&ssl=1&resize=350%2C200","width":350,"height":200,"srcset":"https:\/\/i0.wp.com\/www.freidenker.org\/fw17\/wp-content\/uploads\/2020\/06\/Hong_Kong_Night_Skyline_800x450.jpg?fit=800%2C450&ssl=1&resize=350%2C200 1x, https:\/\/i0.wp.com\/www.freidenker.org\/fw17\/wp-content\/uploads\/2020\/06\/Hong_Kong_Night_Skyline_800x450.jpg?fit=800%2C450&ssl=1&resize=525%2C300 1.5x, https:\/\/i0.wp.com\/www.freidenker.org\/fw17\/wp-content\/uploads\/2020\/06\/Hong_Kong_Night_Skyline_800x450.jpg?fit=800%2C450&ssl=1&resize=700%2C400 2x"},"classes":[]},{"id":8110,"url":"https:\/\/www.freidenker.org\/?p=8110","url_meta":{"origin":7948,"position":5},"title":"Minister Heils echt sozialdemokratischer Tiefschlag","author":"Webredaktion","date":"17. Mai 2020","format":false,"excerpt":"Beitrag von Friedhelm Klinkhammer und Volker Br\u00e4utigam In den Nachrichtensendungen der ARD-aktuell h\u00e4ufen sich Meldungen \u00fcber die \u00f6konomischen Auswirkungen des Anti-Pandemie-Regimes \u2013 und \u00fcber die Forderungen der Wirtschaftslobby nach finanziellem Ersatz und Steuererleichterungen. Das sonst so gern behauptete \u201eUnternehmerrisiko\u201c taucht in diesem Zusammenhang nat\u00fcrlich nicht auf. Wer tats\u00e4chlich die schwersten\u2026","rel":"","context":"In &quot;Arbeit &amp; Soziales&quot;","block_context":{"text":"Arbeit &amp; Soziales","link":"https:\/\/www.freidenker.org\/?cat=11"},"img":{"alt_text":"","src":"https:\/\/i0.wp.com\/www.freidenker.org\/fw17\/wp-content\/uploads\/2020\/05\/Hubertus_Heil_1271_800x450.jpg?fit=800%2C450&ssl=1&resize=350%2C200","width":350,"height":200,"srcset":"https:\/\/i0.wp.com\/www.freidenker.org\/fw17\/wp-content\/uploads\/2020\/05\/Hubertus_Heil_1271_800x450.jpg?fit=800%2C450&ssl=1&resize=350%2C200 1x, https:\/\/i0.wp.com\/www.freidenker.org\/fw17\/wp-content\/uploads\/2020\/05\/Hubertus_Heil_1271_800x450.jpg?fit=800%2C450&ssl=1&resize=525%2C300 1.5x, https:\/\/i0.wp.com\/www.freidenker.org\/fw17\/wp-content\/uploads\/2020\/05\/Hubertus_Heil_1271_800x450.jpg?fit=800%2C450&ssl=1&resize=700%2C400 2x"},"classes":[]}],"_links":{"self":[{"href":"https:\/\/www.freidenker.org\/index.php?rest_route=\/wp\/v2\/posts\/7948","targetHints":{"allow":["GET"]}}],"collection":[{"href":"https:\/\/www.freidenker.org\/index.php?rest_route=\/wp\/v2\/posts"}],"about":[{"href":"https:\/\/www.freidenker.org\/index.php?rest_route=\/wp\/v2\/types\/post"}],"author":[{"embeddable":true,"href":"https:\/\/www.freidenker.org\/index.php?rest_route=\/wp\/v2\/users\/3"}],"replies":[{"embeddable":true,"href":"https:\/\/www.freidenker.org\/index.php?rest_route=%2Fwp%2Fv2%2Fcomments&post=7948"}],"version-history":[{"count":0,"href":"https:\/\/www.freidenker.org\/index.php?rest_route=\/wp\/v2\/posts\/7948\/revisions"}],"wp:featuredmedia":[{"embeddable":true,"href":"https:\/\/www.freidenker.org\/index.php?rest_route=\/wp\/v2\/media\/7951"}],"wp:attachment":[{"href":"https:\/\/www.freidenker.org\/index.php?rest_route=%2Fwp%2Fv2%2Fmedia&parent=7948"}],"wp:term":[{"taxonomy":"category","embeddable":true,"href":"https:\/\/www.freidenker.org\/index.php?rest_route=%2Fwp%2Fv2%2Fcategories&post=7948"},{"taxonomy":"post_tag","embeddable":true,"href":"https:\/\/www.freidenker.org\/index.php?rest_route=%2Fwp%2Fv2%2Ftags&post=7948"}],"curies":[{"name":"wp","href":"https:\/\/api.w.org\/{rel}","templated":true}]}}