{"id":7913,"date":"2020-04-15T23:36:10","date_gmt":"2020-04-15T21:36:10","guid":{"rendered":"https:\/\/www.freidenker.org\/?p=7913"},"modified":"2020-05-13T23:43:32","modified_gmt":"2020-05-13T21:43:32","slug":"freidenker-beim-alternativen-ostermarsch-2020","status":"publish","type":"post","link":"https:\/\/www.freidenker.org\/?p=7913","title":{"rendered":"Freidenker beim Alternativen Ostermarsch 2020"},"content":{"rendered":"<p><a id=\"oben\"><\/a>Aufgrund der Corona-Krise konnten die Osterm\u00e4rsche 2020 nicht wie gewohnt stattfinden. Verschiedene Friedensgruppen hatten daher dazu aufgerufen, den Protest dieses Jahr haupts\u00e4chlich <strong>zu Hause <\/strong>und <strong>virtuell <\/strong>stattfinden zu lassen. Die Vielfalt der Aktivit\u00e4ten kann man u.a. auf der <a href=\"https:\/\/www.friedenskooperative.de\/alternativer-ostermarsch\" target=\"_blank\" rel=\"noopener noreferrer\">Webseite des Netzwerkes Friedenskooperative<\/a> einsehen.<\/p>\n<p>An den Aktionen waren nat\u00fcrlich auch Freidenker beteiligt. Es folgen ein Lied, eine kleine Fotogalerie\u00a0 und zwei nicht gehaltene Reden von Mitgliedern unseres Verbandes.<\/p>\n<ul>\n<li><a href=\"#Video\">Jane Zahn: Humanit\u00e4t\u00e4r\u00e4 (Video)<\/a><\/li>\n<li><a href=\"#Galerie\">Fotogalerie: (Ersatz-) Ostermarsch 2020 Rheinland-Pfalz<\/a><\/li>\n<li><a href=\"#Rede_Hartmann\">Klaus Hartmann: Rede zum verhinderten Ostermarsch 2020 in Offenbach am Main<\/a><\/li>\n<li><a href=\"#Rede_Guilliard\">Joachim Guilliard: Hilfe statt Sanktionen \u2012 Wirtschaftsblockaden \u00e4chten<\/a> (ungehaltener Redebeitrag f\u00fcr den geplanten Ostermarsch in Heidelberg am 11. April 2020)<\/li>\n<\/ul>\n<p>&nbsp;<\/p>\n<hr \/>\n<p><em><strong><a id=\"Video\"><\/a>Jane Zahn<\/strong><\/em><\/p>\n<h5>Humanit\u00e4t\u00e4r\u00e4<\/h5>\n<div class=\"jetpack-video-wrapper\"><span class=\"embed-youtube\" style=\"text-align:center; display: block;\"><iframe loading=\"lazy\" class=\"youtube-player\" width=\"800\" height=\"450\" src=\"https:\/\/www.youtube.com\/embed\/ZRtcQ7L03sY?version=3&#038;rel=1&#038;showsearch=0&#038;showinfo=1&#038;iv_load_policy=1&#038;fs=1&#038;hl=de-DE&#038;autohide=2&#038;wmode=transparent\" allowfullscreen=\"true\" style=\"border:0;\" sandbox=\"allow-scripts allow-same-origin allow-popups allow-presentation allow-popups-to-escape-sandbox\"><\/iframe><\/span><\/div>\n<p>Humanit\u00e4re Missionen statt Krieg, Drohnen statt Heldentod, &#8222;saubere&#8220; Schl\u00e4ge statt schmutziger Kriege &#8211; sch\u00f6ne neue Welt!<\/p>\n<p style=\"text-align: right;\"><em>Jane Zahn, Kabarettistin und Liedermacherin aus Rheinsberg ist Mitglied des Deutschen Freidenker-Verbandes<\/em><\/p>\n<p>&nbsp;<\/p>\n<p><span style=\"font-size: 10pt;\">Direktlink zum Video auf YouTube: <a href=\"https:\/\/www.youtube.com\/watch?v=ZRtcQ7L03sY\" target=\"_blank\" rel=\"noopener noreferrer\">https:\/\/www.youtube.com\/watch?v=ZRtcQ7L03sY<\/a><\/span><\/p>\n<p><span style=\"font-size: 10pt;\">\u2191<a href=\"#oben\"> zur \u00dcbersicht<\/a><\/span><\/p>\n<p>&nbsp;<\/p>\n<hr \/>\n<h5><a id=\"Galerie\"><\/a>Fotogalerie: (Ersatz-) Ostermarsch 2020 Rheinland-Pfalz<\/h5>\n<div class=\"tiled-gallery type-rectangular tiled-gallery-unresized\" data-original-width=\"800\" data-carousel-extra='{&quot;blog_id&quot;:1,&quot;permalink&quot;:&quot;https:\\\/\\\/www.freidenker.org\\\/?p=7913&quot;,&quot;likes_blog_id&quot;:139773280}' itemscope itemtype=\"http:\/\/schema.org\/ImageGallery\" > <div class=\"gallery-row\" style=\"width: 800px; height: 670px;\" data-original-width=\"800\" data-original-height=\"670\" > <div class=\"gallery-group images-3\" style=\"width: 394px; height: 670px;\" data-original-width=\"394\" data-original-height=\"670\" > <div class=\"tiled-gallery-item tiled-gallery-item-large\" itemprop=\"associatedMedia\" itemscope itemtype=\"http:\/\/schema.org\/ImageObject\"> <a href=\"https:\/\/www.freidenker.org\/?attachment_id=7921\" border=\"0\" itemprop=\"url\"> <meta itemprop=\"width\" content=\"390\"> <meta itemprop=\"height\" content=\"219\"> <img decoding=\"async\" class=\"\" data-attachment-id=\"7921\" data-orig-file=\"https:\/\/www.freidenker.org\/fw17\/wp-content\/uploads\/2020\/04\/OM_2020_04.jpg\" data-orig-size=\"1514,852\" data-comments-opened=\"\" data-image-meta=\"{&quot;aperture&quot;:&quot;0&quot;,&quot;credit&quot;:&quot;&quot;,&quot;camera&quot;:&quot;&quot;,&quot;caption&quot;:&quot;&quot;,&quot;created_timestamp&quot;:&quot;0&quot;,&quot;copyright&quot;:&quot;&quot;,&quot;focal_length&quot;:&quot;0&quot;,&quot;iso&quot;:&quot;0&quot;,&quot;shutter_speed&quot;:&quot;0&quot;,&quot;title&quot;:&quot;&quot;,&quot;orientation&quot;:&quot;1&quot;}\" data-image-title=\"OM_2020_04\" data-image-description=\"\" data-medium-file=\"https:\/\/i0.wp.com\/www.freidenker.org\/fw17\/wp-content\/uploads\/2020\/04\/OM_2020_04.jpg?fit=300%2C169&#038;ssl=1\" data-large-file=\"https:\/\/i0.wp.com\/www.freidenker.org\/fw17\/wp-content\/uploads\/2020\/04\/OM_2020_04.jpg?fit=800%2C450&#038;ssl=1\" src=\"https:\/\/i0.wp.com\/www.freidenker.org\/fw17\/wp-content\/uploads\/2020\/04\/OM_2020_04.jpg?w=390&#038;h=219&#038;ssl=1\" srcset=\"https:\/\/i0.wp.com\/www.freidenker.org\/fw17\/wp-content\/uploads\/2020\/04\/OM_2020_04.jpg?w=1514&amp;ssl=1 1514w, https:\/\/i0.wp.com\/www.freidenker.org\/fw17\/wp-content\/uploads\/2020\/04\/OM_2020_04.jpg?resize=300%2C169&amp;ssl=1 300w, https:\/\/i0.wp.com\/www.freidenker.org\/fw17\/wp-content\/uploads\/2020\/04\/OM_2020_04.jpg?resize=1024%2C576&amp;ssl=1 1024w, https:\/\/i0.wp.com\/www.freidenker.org\/fw17\/wp-content\/uploads\/2020\/04\/OM_2020_04.jpg?resize=768%2C432&amp;ssl=1 768w\" width=\"390\" height=\"219\" loading=\"lazy\" data-original-width=\"390\" data-original-height=\"219\" itemprop=\"http:\/\/schema.org\/image\" title=\"OM_2020_04\" alt=\"Moselufer Traben-Trarbach\" style=\"width: 390px; height: 219px;\" \/> <\/a> <div class=\"tiled-gallery-caption\" itemprop=\"caption description\"> Moselufer Traben-Trarbach <\/div> <\/div> <div class=\"tiled-gallery-item tiled-gallery-item-large\" itemprop=\"associatedMedia\" itemscope itemtype=\"http:\/\/schema.org\/ImageObject\"> <a href=\"https:\/\/www.freidenker.org\/?attachment_id=7920\" border=\"0\" itemprop=\"url\"> <meta itemprop=\"width\" content=\"390\"> <meta itemprop=\"height\" content=\"219\"> <img decoding=\"async\" class=\"\" data-attachment-id=\"7920\" data-orig-file=\"https:\/\/www.freidenker.org\/fw17\/wp-content\/uploads\/2020\/04\/OM_2020_03.jpg\" data-orig-size=\"1514,852\" data-comments-opened=\"\" data-image-meta=\"{&quot;aperture&quot;:&quot;0&quot;,&quot;credit&quot;:&quot;&quot;,&quot;camera&quot;:&quot;&quot;,&quot;caption&quot;:&quot;&quot;,&quot;created_timestamp&quot;:&quot;0&quot;,&quot;copyright&quot;:&quot;&quot;,&quot;focal_length&quot;:&quot;0&quot;,&quot;iso&quot;:&quot;0&quot;,&quot;shutter_speed&quot;:&quot;0&quot;,&quot;title&quot;:&quot;&quot;,&quot;orientation&quot;:&quot;1&quot;}\" data-image-title=\"OM_2020_03\" data-image-description=\"\" data-medium-file=\"https:\/\/i0.wp.com\/www.freidenker.org\/fw17\/wp-content\/uploads\/2020\/04\/OM_2020_03.jpg?fit=300%2C169&#038;ssl=1\" data-large-file=\"https:\/\/i0.wp.com\/www.freidenker.org\/fw17\/wp-content\/uploads\/2020\/04\/OM_2020_03.jpg?fit=800%2C450&#038;ssl=1\" src=\"https:\/\/i0.wp.com\/www.freidenker.org\/fw17\/wp-content\/uploads\/2020\/04\/OM_2020_03.jpg?w=390&#038;h=219&#038;ssl=1\" srcset=\"https:\/\/i0.wp.com\/www.freidenker.org\/fw17\/wp-content\/uploads\/2020\/04\/OM_2020_03.jpg?w=1514&amp;ssl=1 1514w, https:\/\/i0.wp.com\/www.freidenker.org\/fw17\/wp-content\/uploads\/2020\/04\/OM_2020_03.jpg?resize=300%2C169&amp;ssl=1 300w, https:\/\/i0.wp.com\/www.freidenker.org\/fw17\/wp-content\/uploads\/2020\/04\/OM_2020_03.jpg?resize=1024%2C576&amp;ssl=1 1024w, https:\/\/i0.wp.com\/www.freidenker.org\/fw17\/wp-content\/uploads\/2020\/04\/OM_2020_03.jpg?resize=768%2C432&amp;ssl=1 768w\" width=\"390\" height=\"219\" loading=\"lazy\" data-original-width=\"390\" data-original-height=\"219\" itemprop=\"http:\/\/schema.org\/image\" title=\"OM_2020_03\" alt=\"Moselbr\u00fccke Traben-Trarbach\" style=\"width: 390px; height: 219px;\" \/> <\/a> <div class=\"tiled-gallery-caption\" itemprop=\"caption description\"> Moselbr\u00fccke Traben-Trarbach <\/div> <\/div> <div class=\"tiled-gallery-item tiled-gallery-item-large\" itemprop=\"associatedMedia\" itemscope itemtype=\"http:\/\/schema.org\/ImageObject\"> <a href=\"https:\/\/www.freidenker.org\/?attachment_id=7919\" border=\"0\" itemprop=\"url\"> <meta itemprop=\"width\" content=\"390\"> <meta itemprop=\"height\" content=\"220\"> <img decoding=\"async\" class=\"\" data-attachment-id=\"7919\" data-orig-file=\"https:\/\/www.freidenker.org\/fw17\/wp-content\/uploads\/2020\/04\/OM_2020_02.jpg\" data-orig-size=\"1519,855\" data-comments-opened=\"\" data-image-meta=\"{&quot;aperture&quot;:&quot;0&quot;,&quot;credit&quot;:&quot;&quot;,&quot;camera&quot;:&quot;&quot;,&quot;caption&quot;:&quot;&quot;,&quot;created_timestamp&quot;:&quot;0&quot;,&quot;copyright&quot;:&quot;&quot;,&quot;focal_length&quot;:&quot;0&quot;,&quot;iso&quot;:&quot;0&quot;,&quot;shutter_speed&quot;:&quot;0&quot;,&quot;title&quot;:&quot;&quot;,&quot;orientation&quot;:&quot;1&quot;}\" data-image-title=\"OM_2020_02\" data-image-description=\"\" data-medium-file=\"https:\/\/i0.wp.com\/www.freidenker.org\/fw17\/wp-content\/uploads\/2020\/04\/OM_2020_02.jpg?fit=300%2C169&#038;ssl=1\" data-large-file=\"https:\/\/i0.wp.com\/www.freidenker.org\/fw17\/wp-content\/uploads\/2020\/04\/OM_2020_02.jpg?fit=800%2C450&#038;ssl=1\" src=\"https:\/\/i0.wp.com\/www.freidenker.org\/fw17\/wp-content\/uploads\/2020\/04\/OM_2020_02.jpg?w=390&#038;h=220&#038;ssl=1\" srcset=\"https:\/\/i0.wp.com\/www.freidenker.org\/fw17\/wp-content\/uploads\/2020\/04\/OM_2020_02.jpg?w=1519&amp;ssl=1 1519w, https:\/\/i0.wp.com\/www.freidenker.org\/fw17\/wp-content\/uploads\/2020\/04\/OM_2020_02.jpg?resize=300%2C169&amp;ssl=1 300w, https:\/\/i0.wp.com\/www.freidenker.org\/fw17\/wp-content\/uploads\/2020\/04\/OM_2020_02.jpg?resize=1024%2C576&amp;ssl=1 1024w, https:\/\/i0.wp.com\/www.freidenker.org\/fw17\/wp-content\/uploads\/2020\/04\/OM_2020_02.jpg?resize=768%2C432&amp;ssl=1 768w\" width=\"390\" height=\"220\" loading=\"lazy\" data-original-width=\"390\" data-original-height=\"220\" itemprop=\"http:\/\/schema.org\/image\" title=\"OM_2020_02\" alt=\"Enkirch\" style=\"width: 390px; height: 220px;\" \/> <\/a> <div class=\"tiled-gallery-caption\" itemprop=\"caption description\"> Enkirch <\/div> <\/div> <\/div> <!-- close group --> <div class=\"gallery-group images-1\" style=\"width: 406px; height: 670px;\" data-original-width=\"406\" data-original-height=\"670\" > <div class=\"tiled-gallery-item tiled-gallery-item-large\" itemprop=\"associatedMedia\" itemscope itemtype=\"http:\/\/schema.org\/ImageObject\"> <a href=\"https:\/\/www.freidenker.org\/?attachment_id=7918\" border=\"0\" itemprop=\"url\"> <meta itemprop=\"width\" content=\"402\"> <meta itemprop=\"height\" content=\"666\"> <img decoding=\"async\" class=\"\" data-attachment-id=\"7918\" data-orig-file=\"https:\/\/www.freidenker.org\/fw17\/wp-content\/uploads\/2020\/04\/OM_2020_01a.jpg\" data-orig-size=\"650,1075\" data-comments-opened=\"\" data-image-meta=\"{&quot;aperture&quot;:&quot;0&quot;,&quot;credit&quot;:&quot;&quot;,&quot;camera&quot;:&quot;&quot;,&quot;caption&quot;:&quot;&quot;,&quot;created_timestamp&quot;:&quot;0&quot;,&quot;copyright&quot;:&quot;&quot;,&quot;focal_length&quot;:&quot;0&quot;,&quot;iso&quot;:&quot;0&quot;,&quot;shutter_speed&quot;:&quot;0&quot;,&quot;title&quot;:&quot;&quot;,&quot;orientation&quot;:&quot;1&quot;}\" data-image-title=\"OM_2020_01a\" data-image-description=\"\" data-medium-file=\"https:\/\/i0.wp.com\/www.freidenker.org\/fw17\/wp-content\/uploads\/2020\/04\/OM_2020_01a.jpg?fit=181%2C300&#038;ssl=1\" data-large-file=\"https:\/\/i0.wp.com\/www.freidenker.org\/fw17\/wp-content\/uploads\/2020\/04\/OM_2020_01a.jpg?fit=619%2C1024&#038;ssl=1\" src=\"https:\/\/i0.wp.com\/www.freidenker.org\/fw17\/wp-content\/uploads\/2020\/04\/OM_2020_01a.jpg?w=402&#038;h=666&#038;ssl=1\" srcset=\"https:\/\/i0.wp.com\/www.freidenker.org\/fw17\/wp-content\/uploads\/2020\/04\/OM_2020_01a.jpg?w=650&amp;ssl=1 650w, https:\/\/i0.wp.com\/www.freidenker.org\/fw17\/wp-content\/uploads\/2020\/04\/OM_2020_01a.jpg?resize=181%2C300&amp;ssl=1 181w, https:\/\/i0.wp.com\/www.freidenker.org\/fw17\/wp-content\/uploads\/2020\/04\/OM_2020_01a.jpg?resize=619%2C1024&amp;ssl=1 619w\" width=\"402\" height=\"666\" loading=\"lazy\" data-original-width=\"402\" data-original-height=\"666\" itemprop=\"http:\/\/schema.org\/image\" title=\"OM_2020_01a\" alt=\"Starkenburg\" style=\"width: 402px; height: 666px;\" \/> <\/a> <div class=\"tiled-gallery-caption\" itemprop=\"caption description\"> Starkenburg <\/div> <\/div> <\/div> <!-- close group --> <\/div> <!-- close row --> <\/div>\n<p><span style=\"font-size: 10pt;\">Fotos: Monika Krotter-Hartmann und Klaus Hartmann<\/span><\/p>\n<p><span style=\"font-size: 10pt;\">\u2191<\/span><a href=\"#oben\"><span style=\"font-size: 10pt;\"> zur \u00dcbersicht<\/span><\/a><\/p>\n<p>&nbsp;<\/p>\n<hr \/>\n<p><em><strong><a id=\"Rede_Hartmann\"><\/a>Klaus Hartmann<\/strong><\/em><\/p>\n<h5>Rede zum verhinderten Ostermarsch 2020 in Offenbach am Main<\/h5>\n<p>Liebe Friedensfreundinnen und Friedensfreunde,<\/p>\n<p>seit Anfang der 1960er Jahre demonstrieren B\u00fcrgerinnen und B\u00fcrger dieses Landes f\u00fcr Frieden und Abr\u00fcstung, gegen Kriege und neue Waffen. Auch in Offenbach gehen wir seit Jahrzehnten auf die Stra\u00dfe, seit 1980 \u2013 also vor 40 Jahren \u2013 als Offenbacher Friedensinitiative, und marschieren am Ostermontag gemeinsam zur Abschlusskundgebung auf dem Frankfurter R\u00f6merberg. Das f\u00e4llt heute aus.<\/p>\n<p>In diesem Jahr 2020 wurden bundesweit diese Demonstrationen verboten, w\u00e4hrend die Kriege aber trotz der Ansteckungsgefahr fortgesetzt werden. Keine Rede davon, den Aufruf des Generalsekret\u00e4rs der Vereinten Nationen, Ant\u00f3nio Guterres, f\u00fcr einen globalen Waffenstillstand zu respektieren.<\/p>\n<p>Mit unserem Engagement f\u00fcr den Frieden wollen wir das Recht auf Leben verteidigen und sch\u00fctzen, und da w\u00e4re es schon ein arger Widerspruch, wenn wir die Sorge der Menschen um die eigene Gesundheit und die ihrer Angeh\u00f6rigen und Freunde nicht ernst n\u00e4hmen. Dass die Gefahren durch das Virus SARS-CoV-2 und die Infektionskrankheit CoViD-19 noch nicht hinreichend erforscht, die statistischen Zahlen widerspr\u00fcchlich und die Prognosen unsicher sind, kann kein Grund daf\u00fcr sein, auf Vorsichtsma\u00dfnahmen zu verzichten.<\/p>\n<p>Obwohl die Sorge um die Gesundheit im Mittelpunkt der Begr\u00fcndung steht, mit der die Stadt Offenbach unsere heutige Friedensaktion untersagt hat, m\u00fcssen wir Kritik anmelden: Wir haben ausdr\u00fccklich darauf hingewiesen, dass \u201eder Ostermarsch in seiner \u00fcblichen Form dieses Jahr nicht stattfinden\u201c kann, und wir unsere Aktion \u201ein einer Form, die die Corona-Krise gebietet\u201c durchf\u00fchren wollen, insbesondere mit \u201eeinem Abstand von 2 Metern\u201c zwischen den Teilnehmern. Mangelndes Problembewusstsein und Verst\u00e4ndnis f\u00fcr die aktuelle Lage kann uns also nicht unterstellt werden. Wenn die Kunden bei Aldi oder Rewe mit entsprechendem Abstand einkaufen k\u00f6nnen, wieso nimmt die Stadt an, dass die entsprechenden Vorsichtsma\u00dfnahmen von uns nicht zu erwarten sind \u2013 die wir doch gerade eher nicht durch Ignoranz gesellschaftlicher Problemlagen auffallen?<\/p>\n<p>\u201eDas Virus \u00e4ndert alles\u201c, nur Eines offenbar nicht: das Feindbild und die Sto\u00dfrichtung der USA, der NATO und ihrer Mitglieder. Kriege werden fortgesetzt, sagte ich, und auch Deutschland f\u00fchrt Krieg \u2013 jeden Tag. Deutschland ist derzeit an 13 Interventionskriegen, u.a. im Rahmen der NATO beteiligt. Der Kriegswillen der Regierenden zur Sicherung von Ressourcen, Milit\u00e4r \u00fcberall in der Welt einzusetzen, nimmt zu.<\/p>\n<p>Vor uns liegt der 8. und der 9. Mai, die wir als Tag der Befreiung und als Tag des Sieges \u00fcber Faschismus und Krieg begehen. Dieses Datum j\u00e4hrt sich 2020 zum 75. Mal.<\/p>\n<p>Die USA und die NATO haben eine eigene Vorstellung, wie solch ein Jahrestag begangen werden soll: mit dem US-Man\u00f6ver \u201eDefender Europe 20\u201c, bei dem fast 50.000 Soldaten den \u201eschnellen Sprung\u201c an Russlands Grenzen \u00fcben sollten. Ende letzten Jahres verk\u00fcndete die Bundeswehr stolz: \u201eWenn die Amerikaner mit Defender Europe 20 die Verfahren zur Verlegung von umfangreichen Kr\u00e4ften aus den USA nach Osteuropa \u00fcben, wird Deutschland aufgrund seiner geostrategischen Lage im Herzen Europas zur logistischen Drehscheibe.\u201c<\/p>\n<p><strong><em>\u201eDeutschland wird zur logistischen Drehscheibe\u201c <\/em><\/strong>muss man mindestens zweimal lesen. Sie bedeutet n\u00e4mlich nichts weniger, als dass Deutschland im Ernstfall <strong><em>zur Zielscheibe <\/em><\/strong>wird, zum Ziel eines atomaren Gegenschlags Russlands, bei dem zuerst die Stationierungsorte der NATO und ihre Nachschubwege ausgeschaltet werden.<\/p>\n<p>Inzwischen wurde die Kriegs\u00fcbung zwar \u201ewegen Corona\u201c bis auf Weiteres \u201eeingefroren\u201c, aber das \u201eDefender\u201c-Man\u00f6ver im Pazifik gegen China steht f\u00fcr Herbst weiterhin im Kalender.<\/p>\n<p>75 Jahre Befreiung und die Bahn \u2013 Soldaten und Mordwerkzeug f\u00fcr immer mehr Man\u00f6ver m\u00fcssen irgendwie an die russische Grenze geschafft werden. Ab 2020 hat endlich das Milit\u00e4r Vorfahrt auf den Gleisen, vor der \u201eZivilgesellschaft\u201c \u2013 und sensationell: erstmals wieder seit 1945!<\/p>\n<p>Die Umfragen zeigen seit Jahren stabile Mehrheiten: die Bev\u00f6lkerung will Frieden mit Russland, Deutschland soll kein Aufmarschgebiet gegen Russland sein. Wir unterst\u00fctzen die Forderung nach Abzug der US-Atomwaffen vom Fliegerhorst B\u00fcchel und nach Schlie\u00dfung der Kriegsdrehscheibe Air Base Ramstein. Wir fordern den Abzug aller ausl\u00e4ndischen Truppen durch K\u00fcndigung des Stationierungsabkommens.<\/p>\n<p>Mitten in der Krise und angesichts der sich abzeichnenden scharfen Rezession appelliert der NATO-Generalsekret\u00e4r Stoltenberg, nicht bei der weiteren Steigerung der Kriegsausgaben nachzulassen. Das sind genau die Gelder, die gerade f\u00fcr Beatmungsger\u00e4te fehlen, deshalb ist ein Austritt aus der NATO in vielerlei Hinsicht eine lebensrettende Ma\u00dfnahme.<\/p>\n<p>Statt weiterer Milliarden f\u00fcr die R\u00fcstung fordern wir: investiert dieses Geld endlich f\u00fcr die Daseinsvorsorge, in das kaputtgesparte Gesundheitswesen. Wer die \u201eCorona-Krise\u201c wirklich ernst nimmt, muss das medizinische Personal in Kliniken, Arztpraxen, Altenheimen und Pflegediensten endlich mit s\u00e4mtlichem notwendigem Material versorgen.<\/p>\n<p>In welche Lage auch das angeblich vorbildliche Krisenmanagement der Bundesregierung das Gesundheitssystem gebracht hat, zeigt sich daran, dass inzwischen der aus der Kriegsmedizin stammende Begriff \u201eTriage\u201c (auslesen, sortieren) ins zivile Gesundheitswesen Einzug gehalten hat. Im Fall einer \u201e\u00dcberlastung\u201c soll entschieden werden, wer noch beatmet wird und wessen Behandlung nicht mehr \u201elohnt\u201c, also eine \u201eschnelle Sterbebegleitung\u201c mit Opiaten und Schlafmitteln erh\u00e4lt. Diese schiefe Bahn f\u00fchrt in die N\u00e4he des Missbrauchs der Euthanasie durch die Nazis.<\/p>\n<p>Dank und Anerkennung f\u00fcr die im Gesundheits- und Pflegebereich t\u00e4tigen Menschen hei\u00dft f\u00fcr uns: wir unterst\u00fctzen die Forderung, sie endlich besser zu bezahlen, die Arbeitsbedingungen zu erleichtern, mehr Personal einzustellen, gen\u00fcgend Schutzausr\u00fcstung und Arbeitsmaterial zur Verf\u00fcgung zu stellen. Wir unterst\u00fctzen die K\u00e4mpfe aller Berufsgruppen in Krankenh\u00e4usern und Pflegeeinrichtungen f\u00fcr diese Ziele.<\/p>\n<p>Als Krisenprofiteurin will die Kriegsministerin Kramp-Karrenbauer die aktuelle Lage nutzen, indem sie uns den Bundeswehreinsatz im Inneren unter Corona-Vorwand schmackhaft zu machen versucht.<\/p>\n<p>Trotz Corona l\u00e4sst die NATO einen Kriegsschiffsverband im Schwarzen Meer aufkreuzen. Die Orientierung auf \u201eRegime Change\u201c in \u201eungehorsamen\u201c L\u00e4ndern wird fortgesetzt, wie die Kanonenboot-Politik gegen Venezuela oder erneut versch\u00e4rfte Sanktionen gegen den Iran zeigen.<\/p>\n<p>Deshalb unterst\u00fctzen wir den Offenen Brief des Friedensrates der USA an US-Pr\u00e4sident Trump und UNO- Generalsekret\u00e4r Guterres, in dem es u.a. hei\u00dft:<\/p>\n<p><em>\u201eDie globale Ausbreitung von COVID-19 hat die illegale und unmoralische Praxis der einseitigen und zwingenden wirtschaftlichen Sanktionen durch die Regierung der Vereinigten Staaten gegen mehr als drei\u00dfig Nationen aufgedeckt. Die Regierung der Vereinigten Staaten nutzt nun die durch die Pandemie verursachte \u00f6ffentliche Ablenkung, um ihre milit\u00e4rischen Aktionen gegen die Zielnationen zu verst\u00e4rken. <\/em><\/p>\n<p><em>Der \u00f6konomische Krieg gegen diese Nationen hat bereits vor dem Ausbruch der COVID-19 Pandemie unvorstellbares Leid \u00fcber die Bewohner der Zielnationen gebracht. <\/em><\/p>\n<p><em>Mit der Zerst\u00f6rung durch die globale Pandemie, wird es f\u00fcr die Zielnationen \u2013 insbesondere Venezuela, Kuba, Iran, Syrien und Zimbabwe \u2013 angesichts der fortlaufenden globalen Notlage ungeheuer schwierig, die Leben ihrer B\u00fcrger zu sch\u00fctzen und zu retten. Diese Sanktionen stellen ein Verbrechen gegen die Menschheit dar.\u201c <\/em><\/p>\n<p>Wir erg\u00e4nzen: Auch die Bundesregierung muss die selbst verh\u00e4ngten Sanktionen beenden und sich aktiv gegen die m\u00f6rderischen Zwangsma\u00dfnahmen gegen Iran, Syrien, Russland, Kuba und Venezuela einsetzen. Auch in Deutschland kann und soll man eine solche Petition im Internet unterst\u00fctzen: <strong>\u201eAlle Sanktionen aufheben, die den Kampf gegen die Pandemie behindern\u201c<\/strong>. (https:\/\/www.change.org\/p\/bundestag-alle-sanktionen-aufheben-die-den-kampf-gegen-die-pandemie-behindern<\/p>\n<p>&nbsp;<\/p>\n<p>F\u00fcr den Frieden und das \u00dcberleben brauchen wir V\u00f6lkerverst\u00e4ndigung, keine feindbildverknallte Hetze gegen Russland und China. Wir brauchen die partnerschaftliche internationale Zusammenarbeit, diskriminierungsfreien Handel und den freien wissenschaftlichen Austausch auf Grundlage des V\u00f6lkerrechts, der Anerkennung der Souver\u00e4nit\u00e4t und Gleichberechtigung aller L\u00e4nder.<\/p>\n<p>Unseren Protest gegen die Kriegstreiber und f\u00fcr unsere Forderungen werden wir so bald wie m\u00f6glich auch wieder auf die Stra\u00dfe tragen. Wir werden nicht zulassen, dass das Demonstrationsrecht ausgehebelt, die Grund- und Menschenrechte einschlie\u00dflich der sozialen Rechte dauerhaft au\u00dfer Kraft gesetzt oder eingeschr\u00e4nkt werden.<\/p>\n<p>In diesem Sinne bekr\u00e4ftigen wir auch 75 Jahre nach dem 8.\/9.Mai 1945: <strong>\u201eNie wieder Faschismus, nie wieder Krieg!\u201c <\/strong>und unsere Forderung <strong>\u201eAbr\u00fcsten statt Aufr\u00fcsten!\u201c <\/strong><\/p>\n<p>Wir lernen aus der Krise: <strong>Dauerhafte Quarant\u00e4ne f\u00fcr das Milit\u00e4r! <\/strong><\/p>\n<p style=\"text-align: right;\"><em>Klaus Hartmann ist Bundesvorsitzender des Deutschen Freidenker-Verbandes und Mitbegr\u00fcnder der Offenbacher Friedensinitiative<\/em><\/p>\n<p>&nbsp;<\/p>\n<p><img data-recalc-dims=\"1\" loading=\"lazy\" decoding=\"async\" data-attachment-id=\"1072\" data-permalink=\"https:\/\/www.freidenker.org\/?attachment_id=1072\" data-orig-file=\"https:\/\/i0.wp.com\/www.freidenker.org\/fw17\/wp-content\/uploads\/2017\/10\/pdf_icon-e1509487447542.png?fit=16%2C16&amp;ssl=1\" data-orig-size=\"16,16\" data-comments-opened=\"0\" data-image-meta=\"{&quot;aperture&quot;:&quot;0&quot;,&quot;credit&quot;:&quot;&quot;,&quot;camera&quot;:&quot;&quot;,&quot;caption&quot;:&quot;&quot;,&quot;created_timestamp&quot;:&quot;0&quot;,&quot;copyright&quot;:&quot;&quot;,&quot;focal_length&quot;:&quot;0&quot;,&quot;iso&quot;:&quot;0&quot;,&quot;shutter_speed&quot;:&quot;0&quot;,&quot;title&quot;:&quot;&quot;,&quot;orientation&quot;:&quot;0&quot;}\" data-image-title=\"pdf_icon_16\" data-image-description=\"\" data-image-caption=\"\" data-large-file=\"https:\/\/i0.wp.com\/www.freidenker.org\/fw17\/wp-content\/uploads\/2017\/10\/pdf_icon-e1509487447542.png?fit=16%2C16&amp;ssl=1\" class=\"alignnone size-full wp-image-1072\" src=\"https:\/\/i0.wp.com\/www.freidenker.org\/fw17\/wp-content\/uploads\/2017\/10\/pdf_icon-e1509487447542.png?resize=16%2C16&#038;ssl=1\" alt=\"\" width=\"16\" height=\"16\" \/> Die Rede als <a href=\"https:\/\/offenbacher-friedensinitiative.de\/wp-content\/uploads\/wppa-source\/album-17\/OFI-200413-Ostermarschrede.pdf\" target=\"_blank\" rel=\"noopener noreferrer\">PDF-Dokument<\/a> ansehen oder herunterladen (externer Link zur Offenbacher Friedensinitiative [OFI])<\/p>\n<p><span style=\"font-size: 10pt;\">Die Rede wurde auch ver\u00f6ffentlicht auf der <a href=\"https:\/\/www.friedenskooperative.de\/alternativer-ostermarsch\/reden\/klaus-hartmann-offenbach\" target=\"_blank\" rel=\"noopener noreferrer\">Webseite des Netzwerkes Friedenskooperative<\/a><\/span><\/p>\n<p><span style=\"font-size: 10pt;\">Zur Kritik am Demo-Verbot in Offenbach hatte auch die <a href=\"https:\/\/www.fr.de\/rhein-main\/offenbach-kritik-demo-verbot-13651582.html\" target=\"_blank\" rel=\"noopener noreferrer\">Frankfurter Rundschau<\/a> am 14.04.20 kurz berichtet<\/span><\/p>\n<p><span style=\"font-size: 10pt;\">\u2191<a href=\"#oben\"> zur \u00dcbersicht<\/a><\/span><\/p>\n<p>&nbsp;<\/p>\n<hr \/>\n<p><strong><em><a id=\"Rede_Guilliard\"><\/a>Joachim Guilliard<br \/>\n<\/em><\/strong><\/p>\n<h5>Hilfe statt Sanktionen \u2012 Wirtschaftsblockaden \u00e4chten<\/h5>\n<p>(<strong>ungehaltener Redebeitrag f\u00fcr den geplanten Ostermarsch in Heidelberg am 11. April 2020<\/strong>)<\/p>\n<p>&nbsp;<\/p>\n<p>Liebe Freundinnen und Freunde,<\/p>\n<p>Eine internationale Krisensituation, wie die Corona-Pandemie kann sehr entlarvend sein. Sie deckt nicht nur schonungslos die Defizite im Gesundheitswesen auf, die durch die rigiden Sparma\u00dfnahmen und Privatisierungen entstanden sind, sie entlarvte auch gr\u00fcndlich den Charakter der EU. Von Solidarit\u00e4t gegen\u00fcber dem besonders betroffenen Italien war nichts zu sehen, Die Partner schotteten sich ab und verweigerten sogar die Lieferung dringend ben\u00f6tigtes medizinischen Material. Neben China waren es dann Russland, Kuba und Venezuela, die Material und medizinisches Personal in die Corona-Hotspots in Norditalien entsandten.<\/p>\n<p>Damit erwiesen sich L\u00e4nder solidarisch mit einem westlichen Land, die gleichzeitig \u2012 trotz Corona-Krise und internationaler Appelle \u2012 weiter durch westliche Wirtschaftsblockaden terrorisiert werden.<\/p>\n<p>Wir reden in diesem Zusammenhang nat\u00fcrlich nicht von gezielten und beschr\u00e4nkten Ma\u00dfnahmen gegen L\u00e4nder, wie dem Ausschluss von Sportveranstaltungen und schon gar nicht von Waffenembargos \u2012 schlie\u00dflich lehnen wir R\u00fcstungsexporte ohnehin ab. Es geht vielmehr um umfassende Beschr\u00e4nkungen im Bereich Handel, Finanzen, Finanztransaktionen, Transport etc., die gegen immer mehr L\u00e4nder verh\u00e4ngt werden und in vielen F\u00e4llen den Charakter von Wirtschaftskriegen annehmen.<\/p>\n<p><strong>Erpresserische Zwangsma\u00dfnahmen<\/strong><\/p>\n<p>Die USA und in geringerem Ma\u00dfe die EU haben gegen insgesamt 39 L\u00e4nder einseitige, mehr oder weniger schwerwiegende \u201eSanktionen\u201c verh\u00e4ngt. Die Wirtschaftsblockaden gegen Iran, Russland, Kuba und Venezuela sind bekannt. Die verheerenden Auswirkungen von Ma\u00dfnahmen gegen bereits v\u00f6llig verarmte L\u00e4nder wie Nicaragua, Mali, Simbabwe oder Laos haben jedoch nicht einmal Menschenrechtsgruppen auf ihrem Radar.<\/p>\n<p>Wobei die Bezeichnungen \u201eSanktionen\u201c oder gar \u201eStrafen\u201c v\u00f6llig irref\u00fchrend sind. Denn nichts und niemand gibt den USA oder der EU das Recht, irgendwelche Strafma\u00dfnahmen zu verh\u00e4ngen. Dazu ist allein der UN-Sicherheitsrat legitimiert.<\/p>\n<p>Tats\u00e4chlich handelt es sich um unilaterale erpresserische Zwangsma\u00dfnahmen, die in vielf\u00e4ltiger Weise gegen internationales Recht und Abkommen versto\u00dfen. Auch wenn sie in der Regel mit humanit\u00e4ren, menschenrechtlichen etc. Gr\u00fcnden gerechtfertigt werden, sind es Akte der Willk\u00fcr, die per se nur dominierende Gro\u00dfm\u00e4chte verh\u00e4ngen k\u00f6nnen und auch fast ausschlie\u00dflich von den USA und ihren Verb\u00fcndeten verh\u00e4ngt werden. Gleichzeit k\u00f6nnen sie sicher sein, selbst bei schlimmsten Verbrechen, wie den Kriegen gegen Jugoslawien, Irak oder Libyen, Folterungen in Guant\u00e1namo und Drohen-Morden im Nahen Osten, nicht selbst Ziel solcher Ma\u00dfnahmen zu werden.<\/p>\n<p><strong>F\u00fcr Unterordnung und \u201eRegime Change&#8220;<\/strong><\/p>\n<p>Unabh\u00e4ngig davon, ob die Vorw\u00fcrfe gegen betroffene Staaten \u2012 zumindest teilweise \u2012 auch gerechtfertigt sind, und auch unabh\u00e4ngig davon, wie sehr beteuert wird, dass sich die Ma\u00dfnahmen doch nur gegen die jeweilige Regierung, das jeweilige Regime, richtet, treffen sie, sobald sie Export-, Import und Transaktionen effektiv einschr\u00e4nken, stets in erster Linie die Bev\u00f6lkerung.<\/p>\n<p>Wirtschaftsblockaden sind eine Form der Erpressung, mit der die Regierungen der betroffenen L\u00e4nder zur Unterordnung unter die Politik der westlichen M\u00e4chte gezwungen werden sollen. Oft, wie im Fall Kuba, Syrien, Iran oder Venezuela werden damit dar\u00fcber hinaus offen ein \u201eRegime Change\u201c angestrebt, in dem die Bev\u00f6lkerung durch die drastische Verschlechterung der Lebensbedingungen zum Aufstand gen\u00f6tigt werden. Mit anderen Worten werden alle B\u00fcrger des Landes als Geiseln genommen.<\/p>\n<p><strong>Heimt\u00fcckischste Form moderner Kriegsf\u00fchrung<\/strong><\/p>\n<p>Grunds\u00e4tzlich seien \u201eWirtschaftssanktionen\u201c vergleichbar mit der &#8222;mittelalterlichen Belagerungen von St\u00e4dten&#8220;, die zur Kapitulation gezwungen werden sollten, so der Sonderberichterstatter des UN-Menschenrechtsrates f\u00fcr Lateinamerika, Alfred De Zayas.<\/p>\n<p>Die Sanktionen des 21. Jahrhunderts versuchen aber nicht nur eine Stadt, sondern souver\u00e4ne L\u00e4nder in die Knie zu zwingen. Im Unterschied zum Mittelalter, w\u00fcrden die Blockaden des 21. Jahrhunderts von der Manipulation der \u00f6ffentlichen Meinung durch &#8218;Fake News&#8216;, einer aggressiven PR-Arbeit sowie einer Pseudo-Menschenrechtsrhetorik begleitet &#8230; , um den Eindruck zu erwecken, dass das &#8218;Ziel&#8216; der Menschenrechte kriminelle Mittel rechtfertigt.<\/p>\n<p>Tats\u00e4chlich ist diese heimt\u00fcckischste Form moderner Kriegsf\u00fchrung mittlerweile auch die am h\u00e4ufigsten angewandte. Sie kann weitgehend unbemerkt und unangefochten eingesetzt werden und wird von US-Politkern offen als g\u00fcnstigere und nebenwirkungs\u00e4rmere Alternative zu milit\u00e4rischen Interventionen gepriesen. Doch auch deren Angriffe sind zerst\u00f6rerisch und machen in den betroffenen L\u00e4ndern Jahrzehnte des Fortschritts in den Bereichen Gesundheitsversorgung, sanit\u00e4re Einrichtungen, Wohnungsbau, grundlegende Infrastruktur und industrielle Entwicklung zunichte.<\/p>\n<p><strong>Wirtschafsblockaden k\u00f6nnen Massenvernichtungswaffen werden<\/strong><\/p>\n<p>Auch wenn Nahrung, Medizin etc. meist offiziell nicht unter die Blockaden fallen, sind Versorgungsengp\u00e4sse vorprogrammiert. Aufgrund der Sanktionsdrohung gegen alle Unternehmen, die sich nicht daran halten, haben die betroffenen L\u00e4nder Probleme, Lieferanten, Transport- und Finanzierungsm\u00f6glichkeiten zu finden. Auf Grund der Blockade von Exportg\u00fctern fehlen auch die n\u00f6tigen Devisen. Die Blockade von Dual Use-G\u00fctern wird auch die Eigenproduktion von Maschinen, Ersatzteilen bis hin zu Pflanzend\u00fcnger und Medikamenten stark beeintr\u00e4chtigt.<\/p>\n<p>Moderne Industriegesellschaften beruhen auf einem zerbrechlichen Netz unentbehrlicher Infrastruktur und Technologien. Wenn Pumpen und Abwasserleitungen, Aufz\u00fcge oder Generatoren aus Mangel an einfachen Ersatzteilen nicht mehr funktionieren, k\u00f6nnen ganze St\u00e4dte von S\u00fcmpfen \u00fcberflutet werden. Wenn Bauern Saatgut, D\u00fcnger, Werkzeuge und Maschinen vorenthalten werden oder Lebensmittel, Medikamente und lebenswichtige Ausr\u00fcstung aufgrund von Finanzblockaden nicht mehr ausreichend importiert werden k\u00f6nnen entstehen lebensbedrohliche Notlagen.<\/p>\n<p>Wirtschaftskriege k\u00f6nnen daher mehr Opfer fordern als milit\u00e4rische, besonders dann, wenn die USA und ihre Verb\u00fcndeten ihre Gegner durch vollst\u00e4ndige Blockaden zu strangulieren suchen und dabei, in Mafiamanier, Drittl\u00e4nder durch Androhung von Sanktionen zwingen, sich ihnen anzuschlie\u00dfen.<\/p>\n<p>Wirtschafsblockaden k\u00f6nnen zu Massenvernichtungswaffen werden. So kostete das umfassende Embargo gegen den Irak von 1990 bis 2003, einer Untersuchung des UN-Kinderhilfswerks UNICEF zufolge, wahrscheinlich 500.000 Kindern das Leben. Insgesamt starben mehr als eine Million Iraker an dessen Folgen.<\/p>\n<p><strong>Der \u201estille Tod\u201c<\/strong><\/p>\n<p>Auch wenn die aktuellen Handels- und Finanzblockaden gegen L\u00e4nder wie Syrien, Iran, Venezuela oder Kuba sicherlich nicht \u2012 oder genauer noch nicht \u2012 so extrem wirken, wie das Irakembargo, so t\u00f6ten ohne Zweifel auch bereits sie: In Venezuela forderten nach Sch\u00e4tzungen eines Washingtoner Forschungsinstituts (Centre for Economic and Policy Research CEPR) die US- und EU-Sanktionen bereits zwischen 2017 und 2018 ungef\u00e4hr 40.000 Menschenleben.<\/p>\n<p>Die Situation in Syrien ist noch wesentlich schlimmer. Dem UN-Sonderberichterstatter Idriss Jazairy, zufolge sind hier die Auswirkungen der Wirtschaftsblockaden der USA und der EU auf die Bev\u00f6lkerung mittlerweile schlimmer als die des Krieges. Ihre Opfer sterben nur \u201eeinen stillen Tod\u201c, so der algerische Diplomat, Menschenrechtsexperte und Gr\u00fcndungsmitglied des UN-Menschenrechtsrates. Der oft vorgebrachten Rechtfertigung, Sanktionen seien eine gewaltlose Alternative zum Krieg, entgegnete er: \u201eDiese Menschen sterben still. Ist das besser und gnadenvoller, wenn Menschen still sterben als durch eine Bombenexplosion?\u201c Auch die Folgen von Wirtschaftsblockaden seien eine Trag\u00f6die.<\/p>\n<p>Die von Jazairy besetzte Stelle des \u201eSonderberichterstatters \u00fcber negative Auswirkungen einseitiger Zwangsma\u00dfnahmen auf die Gew\u00e4hrleistung von Menschenrechten\u201c war vom UN-Menschenrechtsrat geschaffen worden, weil innerhalb der Vereinten Nationen eine Mehrheit der Ansicht ist, so Jazairy, dass die Anwendung solcher Ma\u00dfnahmen \u201egegen internationales Recht, das humanit\u00e4re V\u00f6lkerrecht, die Charta der Vereinten Nationen und die Normen und Grunds\u00e4tze f\u00fcr friedliche Beziehungen zwischen Staaten versto\u00dfen\u201c k\u00f6nne.<\/p>\n<p>Durch die Blockierung des Au\u00dfenhandels eines Landes, das f\u00fcr sein \u00dcberleben auf diesen angewiesen ist, so das g\u00e4ngige Urteil von V\u00f6lkerrechtlern und UN-Gremien, wird das Leben der Zivilbev\u00f6lkerung als Ganzes bedroht. Umfassende Sanktionen sind daher unabh\u00e4ngig von ihrer Begr\u00fcndung, schwere Menschenrechtsverletzungen. Sie beinhalten insbesondere die Missachtung des Rechts auf Leben, sowie auf angemessene Ern\u00e4hrung und Gesundheitsversorgung. Umfassende Sanktionen sind zudem eine Form kollektiver Bestrafung, die in v\u00f6lligem Gegensatz zu den Grundprinzipien des Rechts steht.<\/p>\n<p><strong>Blockaden in Zeiten von Corona \u2012 ein Verbrechen gegen die Menschlichkeit<\/strong><\/p>\n<p>Die weltweite Verbreitung von COVID-19 hat die v\u00f6lkerrechtswidrige und unmoralische Praxis der einseitigen Wirtschaftsblockaden so deutlich wie nie ans Licht der \u00d6ffentlichkeit gezerrt. Den betroffenen L\u00e4ndern, insbesondere Venezuela, Iran, Syrien, Kuba und Simbabwe wird durch sie massiv erschwert, Schutzma\u00dfnahmen zu ergreifen und ihr Gesundheitssystem f\u00fcr die Zunahme von Erkrankungen zu wappnen. Zahlreiche L\u00e4nder, internationale Institutionen und Pers\u00f6nlichkeiten, wie u.a. die UN-Hochkommissarin f\u00fcr Menschenrechte, Michelle Bachelet, fordern seit Wochen, die \u201eSanktionen\u201c wenigstens w\u00e4hren der Pandemie auszusetzen. Auch UN-Generalsekret\u00e4r Ant\u00f3nio Guterres, hat vor dem G-20-Sondergipfel am 26. M\u00e4rz von Washington und der EU verlangt, die Zwangsma\u00dfnahmen gegen Drittl\u00e4nder auszusetzen, um ihren \u201eZugang zu Nahrung, zur notwendigen Gesundheitsversorgung und zu medizinischer Covid-19-Hilfe sicherzustellen\u201c: \u201eJetzt ist Zeit f\u00fcr Solidarit\u00e4t, nicht f\u00fcr Ausschluss\u201c.<\/p>\n<p>Doch ungeachtet dieser Aufrufe und allen eigenen Bekundungen zur internationalen Solidarit\u00e4t in Zeiten von Corona zum Trotz, halten die Regierungen der USA und der EU-Staaten unbeirrt an ihren Blockadema\u00dfnahmen fest. Sie stellen in dieser Situation eindeutig ein Verbrechen gegen die Menschlichkeit dar.<\/p>\n<p>Die \u201eGruppe der 77 und China\u201c, ein internationales Gremium mit Sitz bei der UNO, das 134 Entwicklungsl\u00e4nder vertritt, will sie daher endlich vollst\u00e4ndig beseitigen und fordert daher \u201edie internationale Gemeinschaft auf, dringende und wirksame Ma\u00dfnahmen zu ergreifen, um den Einsatz einseitiger wirtschaftlicher Zwangsma\u00dfnahmen gegen Entwicklungsl\u00e4nder zu verhindern.\u201c<\/p>\n<p>Auch der UN-Menschrechtsrat hat die \u201eeinseitigen umfassenden Zwangsma\u00dfnahmen\u201c mehrfach verurteilt und ihr Ende gefordert.<\/p>\n<p>Wir schlie\u00dfen uns diesen Resolution und \u00e4hnlichen lautenden Appellen von Menschenrechtsorganisation an und fordern:<\/p>\n<ol>\n<li>die Wirtschaftsblockaden sofort zu beenden.<\/li>\n<li>Verm\u00f6genswerte und Bankkonten der Ziell\u00e4nder freizugeben, damit diese die zur Bek\u00e4mpfung der Pandemie erforderlichen Nahrungsmittel, Medikamente und medizinischen Ger\u00e4te und Ausr\u00fcstungen kaufen und erhalten k\u00f6nnen.<\/li>\n<li>alle milit\u00e4rischen Drohungen und Aktionen gegen die Ziell\u00e4nder einzustellen<\/li>\n<li>den Aufruf des Generalsekret\u00e4rs der Vereinten Nationen, Ant\u00f3nio Guterres, zu einem weltweiten Waffenstillstand zu respektieren.<\/li>\n<\/ol>\n<p><em>\u00a0<\/em><\/p>\n<p style=\"text-align: right;\"><em>Joachim Guilliard, koordiniert das \u201eHeidelberger Forum gegen Militarismus und Krieg\u201c und ist seit den 1980er Jahren in der Friedens- und Solidarit\u00e4tsbewegung aktiv. <\/em><br \/>\n<em>Er betreibt den Blog \u201c<a href=\"https:\/\/jg-nachgetragen.blog\/\" target=\"_blank\" rel=\"noopener noreferrer\">Nachgetragen<\/a>\u201d, ist Mitglied des Deutschen Freidenker-Verbandes und seines AK International\/Frieden.<\/em><\/p>\n<p><span style=\"font-size: 10pt;\">Die Rede wurde auch ver\u00f6ffentlicht auf der <a href=\"https:\/\/www.friedenskooperative.de\/alternativer-ostermarsch\/reden\/joachim-guilliard-heidelberg\" target=\"_blank\" rel=\"noopener noreferrer\">Webseite des Netzwerkes Friedenskooperative<\/a>\u00a0 und im <a href=\"https:\/\/jg-nachgetragen.blog\/2020\/04\/11\/hilfe-statt-sanktionen-%E2%80%92-wirtschaftsblockaden-achten\/\" target=\"_blank\" rel=\"noopener noreferrer\">Blog des Autors<\/a>.<\/span><\/p>\n<p><span style=\"font-size: 10pt;\">\u2191<a href=\"#oben\"> zur \u00dcbersicht<\/a><\/span><\/p>\n<hr \/>\n<p><span style=\"font-size: 10pt;\">Beitragsbild oben: &#8222;Hausfassade mit Osterschmuck: die Offenbacher Freidenkerin Renate Fresow mit ihrem Mann Jochen&#8220;. \u00a9 Friedensinitiative Offenbach<\/span><\/p>\n","protected":false},"excerpt":{"rendered":"<p>Aufgrund der Corona-Krise konnten die Osterm\u00e4rsche 2020 nicht wie gewohnt stattfinden. Verschiedene Friedensgruppen hatten daher dazu aufgerufen, den Protest dieses Jahr haupts\u00e4chlich zu Hause und virtuell stattfinden zu lassen. An den Aktionen waren nat\u00fcrlich auch Freidenker beteiligt. Es folgen ein Lied, eine kleine Fotogalerie\u00a0 und zwei nicht gehaltene Reden von Mitgliedern unseres Verbandes.<br \/>\n&#8211; Jane Zahn: Humanit\u00e4t\u00e4r\u00e4 (Video)<br \/>\n&#8211; Fotogalerie: (Ersatz-) Ostermarsch 2020 Rheinland-Pfalz<br \/>\n&#8211; Klaus Hartmann: Rede zum verhinderten Ostermarsch 2020 in Offenbach am Main<br \/>\n&#8211; Joachim Guilliard: Hilfe statt Sanktionen \u2012 Wirtschaftsblockaden \u00e4chten (ungehaltener Redebeitrag f\u00fcr den geplanten Ostermarsch 2020 in Heidelberg)<\/p>\n","protected":false},"author":3,"featured_media":7915,"comment_status":"closed","ping_status":"closed","sticky":false,"template":"","format":"standard","meta":{"colormag_page_container_layout":"default_layout","colormag_page_sidebar_layout":"default_layout","advanced_seo_description":"","jetpack_seo_html_title":"","jetpack_seo_noindex":false,"jetpack_post_was_ever_published":false,"footnotes":""},"categories":[13],"tags":[961,1256,335,668,56,1135],"class_list":["post-7913","post","type-post","status-publish","format-standard","has-post-thumbnail","hentry","category-frieden-antifaschismus-solidaritaet","tag-abruestung","tag-corona-virus","tag-frieden","tag-kultur","tag-nato","tag-ostermarsch"],"jetpack_featured_media_url":"https:\/\/i0.wp.com\/www.freidenker.org\/fw17\/wp-content\/uploads\/2020\/04\/Ostermarsch2020_800x446.jpg?fit=800%2C446&ssl=1","jetpack_shortlink":"https:\/\/wp.me\/p9stpK-23D","jetpack-related-posts":[{"id":15730,"url":"https:\/\/www.freidenker.org\/?p=15730","url_meta":{"origin":7913,"position":0},"title":"F\u00fcrs Klima und die NATO \u2013 Die manipulierte Ostermarschbewegung","author":"Webredaktion","date":"8. April 2023","format":false,"excerpt":"Beitrag von Felicitas Rabe Orientiert man sich an der Website der traditionellen deutschen Friedensbewegung, finden am kommenden Wochenende in Deutschland 123 angemeldete Osterm\u00e4rsche statt. Mit den vielen Friedensdemonstrationen wirkt die Planung der \u00f6sterlichen Aufz\u00fcge eher kleinteilig. Auch der \u00fcberregional bekannte Ostermarsch Rhein-Ruhr wird verteilt auf 14 Veranstaltungen stattfinden. Den Auftakt\u2026","rel":"","context":"In &quot;Frieden - Antifaschismus - Solidarit\u00e4t&quot;","block_context":{"text":"Frieden - Antifaschismus - Solidarit\u00e4t","link":"https:\/\/www.freidenker.org\/?cat=13"},"img":{"alt_text":"","src":"https:\/\/i0.wp.com\/www.freidenker.org\/fw17\/wp-content\/uploads\/2023\/04\/Friedensbewegung_Kapitalismuskritisch_800x450.jpg?fit=800%2C450&ssl=1&resize=350%2C200","width":350,"height":200,"srcset":"https:\/\/i0.wp.com\/www.freidenker.org\/fw17\/wp-content\/uploads\/2023\/04\/Friedensbewegung_Kapitalismuskritisch_800x450.jpg?fit=800%2C450&ssl=1&resize=350%2C200 1x, https:\/\/i0.wp.com\/www.freidenker.org\/fw17\/wp-content\/uploads\/2023\/04\/Friedensbewegung_Kapitalismuskritisch_800x450.jpg?fit=800%2C450&ssl=1&resize=525%2C300 1.5x, https:\/\/i0.wp.com\/www.freidenker.org\/fw17\/wp-content\/uploads\/2023\/04\/Friedensbewegung_Kapitalismuskritisch_800x450.jpg?fit=800%2C450&ssl=1&resize=700%2C400 2x"},"classes":[]},{"id":24883,"url":"https:\/\/www.freidenker.org\/?p=24883","url_meta":{"origin":7913,"position":1},"title":"Osterm\u00e4rsche 2026 in Hessen","author":"Webredaktion","date":"18. April 2026","format":false,"excerpt":"Wir berichten von einigen Veranstaltungen anl\u00e4sslich der Osterm\u00e4rsche in Hessen, an denen auch zahlreiche Mitglieder unseres Verbandes teilnahmen und mitwirkten. Der traditionelle Start der Hessischen Osterm\u00e4rsche fand auch diesmal mit dem Ostermarsch der Friedenplattform Hanau 2026 am Karfreitag (3.4.26) in Bruchk\u00f6bel statt. Die Kundgebung begann um 14:00 Uhr und stand\u2026","rel":"","context":"In &quot;Aktuelles&quot;","block_context":{"text":"Aktuelles","link":"https:\/\/www.freidenker.org\/?cat=574"},"img":{"alt_text":"","src":"https:\/\/i0.wp.com\/www.freidenker.org\/fw17\/wp-content\/uploads\/2026\/04\/OM26-Frankfurt-133056_800x450.jpg?fit=800%2C450&ssl=1&resize=350%2C200","width":350,"height":200,"srcset":"https:\/\/i0.wp.com\/www.freidenker.org\/fw17\/wp-content\/uploads\/2026\/04\/OM26-Frankfurt-133056_800x450.jpg?fit=800%2C450&ssl=1&resize=350%2C200 1x, https:\/\/i0.wp.com\/www.freidenker.org\/fw17\/wp-content\/uploads\/2026\/04\/OM26-Frankfurt-133056_800x450.jpg?fit=800%2C450&ssl=1&resize=525%2C300 1.5x, https:\/\/i0.wp.com\/www.freidenker.org\/fw17\/wp-content\/uploads\/2026\/04\/OM26-Frankfurt-133056_800x450.jpg?fit=800%2C450&ssl=1&resize=700%2C400 2x"},"classes":[]},{"id":3070,"url":"https:\/\/www.freidenker.org\/?p=3070","url_meta":{"origin":7913,"position":2},"title":"Freidenker bei den Osterm\u00e4rschen 2013","author":"Webredaktion","date":"2. April 2013","format":false,"excerpt":"Nur 28 Sekunden berichtete die ARD-Tagesschau \u00fcber die diesj\u00e4hrigen Osterm\u00e4rsche, und zeigte dabei ein Freidenker-Pakat beim Ostermarsch in N\u00fcrnberg sowie Ernst Schwarz, singender Vorsitzender der Frankfurter Freidenker, auf der B\u00fchne am Frankfurter R\u00f6merberg.","rel":"","context":"In &quot;Frieden - Antifaschismus - Solidarit\u00e4t&quot;","block_context":{"text":"Frieden - Antifaschismus - Solidarit\u00e4t","link":"https:\/\/www.freidenker.org\/?cat=13"},"img":{"alt_text":"","src":"https:\/\/i0.wp.com\/www.freidenker.org\/fw17\/wp-content\/uploads\/2013\/04\/ostermarsch_potsdam_800x445.jpg?fit=800%2C445&ssl=1&resize=350%2C200","width":350,"height":200,"srcset":"https:\/\/i0.wp.com\/www.freidenker.org\/fw17\/wp-content\/uploads\/2013\/04\/ostermarsch_potsdam_800x445.jpg?fit=800%2C445&ssl=1&resize=350%2C200 1x, https:\/\/i0.wp.com\/www.freidenker.org\/fw17\/wp-content\/uploads\/2013\/04\/ostermarsch_potsdam_800x445.jpg?fit=800%2C445&ssl=1&resize=525%2C300 1.5x, https:\/\/i0.wp.com\/www.freidenker.org\/fw17\/wp-content\/uploads\/2013\/04\/ostermarsch_potsdam_800x445.jpg?fit=800%2C445&ssl=1&resize=700%2C400 2x"},"classes":[]},{"id":6075,"url":"https:\/\/www.freidenker.org\/?p=6075","url_meta":{"origin":7913,"position":3},"title":"Aufruf zum 18. Potsdamer Ostermarsch","author":"Webredaktion","date":"29. M\u00e4rz 2019","format":false,"excerpt":"Der Brandenburgische Freidenker-Verband ruft alle Friedensfreundinnen und Friedensfreunde zur aktiven Teilnahme an den Osterm\u00e4rschen der Friedensbewegung in diesem Jahr auf, welche traditionell in Potsdam seit vielen Jahren starten.","rel":"","context":"In &quot;Frieden - Antifaschismus - Solidarit\u00e4t&quot;","block_context":{"text":"Frieden - Antifaschismus - Solidarit\u00e4t","link":"https:\/\/www.freidenker.org\/?cat=13"},"img":{"alt_text":"","src":"https:\/\/i0.wp.com\/www.freidenker.org\/fw17\/wp-content\/uploads\/2019\/03\/fd_18.-potsdamer-ostermarsch-2019-800x445.jpg?fit=800%2C445&ssl=1&resize=350%2C200","width":350,"height":200,"srcset":"https:\/\/i0.wp.com\/www.freidenker.org\/fw17\/wp-content\/uploads\/2019\/03\/fd_18.-potsdamer-ostermarsch-2019-800x445.jpg?fit=800%2C445&ssl=1&resize=350%2C200 1x, https:\/\/i0.wp.com\/www.freidenker.org\/fw17\/wp-content\/uploads\/2019\/03\/fd_18.-potsdamer-ostermarsch-2019-800x445.jpg?fit=800%2C445&ssl=1&resize=525%2C300 1.5x, https:\/\/i0.wp.com\/www.freidenker.org\/fw17\/wp-content\/uploads\/2019\/03\/fd_18.-potsdamer-ostermarsch-2019-800x445.jpg?fit=800%2C445&ssl=1&resize=700%2C400 2x"},"classes":[]},{"id":21538,"url":"https:\/\/www.freidenker.org\/?p=21538","url_meta":{"origin":7913,"position":4},"title":"Falsche Redner eingeladen: Ostermarsch D\u00fcsseldorf von Friedensbewegung Rhein-Ruhr ausgegrenzt","author":"Webredaktion","date":"28. April 2025","format":false,"excerpt":"Beitrag von Felicitas Rabe Organisiert vom Friedensforum D\u00fcsseldorf fand am Samstag der traditionelle D\u00fcsseldorfer Ostermarsch statt. Unter dem Motto \"Kriegst\u00fcchtig? Nicht mit uns!\" beteiligten sich am Samstag rund 700 Friedensaktivisten am D\u00fcsseldorfer Ostermarsch, darunter Bef\u00fcrworter und Mitglieder der pal\u00e4stinensischen Allianz NRW, der Assange-Gruppe D\u00fcsseldorf, der DKP, des B\u00fcndnisses Sahra Wagenknecht,\u2026","rel":"","context":"In &quot;Demokratie \u2013 Medien \u2013 Aufkl\u00e4rung&quot;","block_context":{"text":"Demokratie \u2013 Medien \u2013 Aufkl\u00e4rung","link":"https:\/\/www.freidenker.org\/?cat=12"},"img":{"alt_text":"","src":"https:\/\/i0.wp.com\/www.freidenker.org\/fw17\/wp-content\/uploads\/2025\/04\/Ostermarsch-Duesseldorf-2025_800x450.jpg?fit=800%2C450&ssl=1&resize=350%2C200","width":350,"height":200,"srcset":"https:\/\/i0.wp.com\/www.freidenker.org\/fw17\/wp-content\/uploads\/2025\/04\/Ostermarsch-Duesseldorf-2025_800x450.jpg?fit=800%2C450&ssl=1&resize=350%2C200 1x, https:\/\/i0.wp.com\/www.freidenker.org\/fw17\/wp-content\/uploads\/2025\/04\/Ostermarsch-Duesseldorf-2025_800x450.jpg?fit=800%2C450&ssl=1&resize=525%2C300 1.5x, https:\/\/i0.wp.com\/www.freidenker.org\/fw17\/wp-content\/uploads\/2025\/04\/Ostermarsch-Duesseldorf-2025_800x450.jpg?fit=800%2C450&ssl=1&resize=700%2C400 2x"},"classes":[]},{"id":21547,"url":"https:\/\/www.freidenker.org\/?p=21547","url_meta":{"origin":7913,"position":5},"title":"DGB-Ostermarsch-Erkl\u00e4rung l\u00e4sst staunen: Deutschland soll aufr\u00fcsten","author":"Webredaktion","date":"24. April 2025","format":false,"excerpt":"Beitrag von Felicitas Rabe Traditionell demonstriert die Friedensbewegung an den Osterfeiertagen landesweit gegen Aufr\u00fcstung und Krieg und f\u00fcr Diplomatie und Frieden. In seiner Erkl\u00e4rung zu den Osterm\u00e4rschen 2025 hat sich der Deutsche Gewerkschaftsbund (DGB) nun ganz aktuell f\u00fcr eine \"Aufr\u00fcstung zur Erh\u00f6hung der Verteidigungsf\u00e4higkeit\" ausgesprochen. Am Freitag kritisierte der Publizist\u2026","rel":"","context":"In &quot;Demokratie \u2013 Medien \u2013 Aufkl\u00e4rung&quot;","block_context":{"text":"Demokratie \u2013 Medien \u2013 Aufkl\u00e4rung","link":"https:\/\/www.freidenker.org\/?cat=12"},"img":{"alt_text":"","src":"https:\/\/i0.wp.com\/www.freidenker.org\/fw17\/wp-content\/uploads\/2025\/04\/PzD_Stalingrad_15_09_1942_800x450.jpg?fit=800%2C450&ssl=1&resize=350%2C200","width":350,"height":200,"srcset":"https:\/\/i0.wp.com\/www.freidenker.org\/fw17\/wp-content\/uploads\/2025\/04\/PzD_Stalingrad_15_09_1942_800x450.jpg?fit=800%2C450&ssl=1&resize=350%2C200 1x, https:\/\/i0.wp.com\/www.freidenker.org\/fw17\/wp-content\/uploads\/2025\/04\/PzD_Stalingrad_15_09_1942_800x450.jpg?fit=800%2C450&ssl=1&resize=525%2C300 1.5x, https:\/\/i0.wp.com\/www.freidenker.org\/fw17\/wp-content\/uploads\/2025\/04\/PzD_Stalingrad_15_09_1942_800x450.jpg?fit=800%2C450&ssl=1&resize=700%2C400 2x"},"classes":[]}],"_links":{"self":[{"href":"https:\/\/www.freidenker.org\/index.php?rest_route=\/wp\/v2\/posts\/7913","targetHints":{"allow":["GET"]}}],"collection":[{"href":"https:\/\/www.freidenker.org\/index.php?rest_route=\/wp\/v2\/posts"}],"about":[{"href":"https:\/\/www.freidenker.org\/index.php?rest_route=\/wp\/v2\/types\/post"}],"author":[{"embeddable":true,"href":"https:\/\/www.freidenker.org\/index.php?rest_route=\/wp\/v2\/users\/3"}],"replies":[{"embeddable":true,"href":"https:\/\/www.freidenker.org\/index.php?rest_route=%2Fwp%2Fv2%2Fcomments&post=7913"}],"version-history":[{"count":0,"href":"https:\/\/www.freidenker.org\/index.php?rest_route=\/wp\/v2\/posts\/7913\/revisions"}],"wp:featuredmedia":[{"embeddable":true,"href":"https:\/\/www.freidenker.org\/index.php?rest_route=\/wp\/v2\/media\/7915"}],"wp:attachment":[{"href":"https:\/\/www.freidenker.org\/index.php?rest_route=%2Fwp%2Fv2%2Fmedia&parent=7913"}],"wp:term":[{"taxonomy":"category","embeddable":true,"href":"https:\/\/www.freidenker.org\/index.php?rest_route=%2Fwp%2Fv2%2Fcategories&post=7913"},{"taxonomy":"post_tag","embeddable":true,"href":"https:\/\/www.freidenker.org\/index.php?rest_route=%2Fwp%2Fv2%2Ftags&post=7913"}],"curies":[{"name":"wp","href":"https:\/\/api.w.org\/{rel}","templated":true}]}}