{"id":790,"date":"2013-12-16T15:51:47","date_gmt":"2013-12-16T14:51:47","guid":{"rendered":"http:\/\/www.freidenker.org\/fw17\/?p=790"},"modified":"2018-02-18T23:14:07","modified_gmt":"2018-02-18T22:14:07","slug":"1914-1-weltkrieg-100-jahre-gegen-imperialistische-kriege","status":"publish","type":"post","link":"https:\/\/www.freidenker.org\/?p=790","title":{"rendered":"FREIDENKER 4-13 &#8211; 1914: 1. Weltkrieg &#8211; 100 Jahre gegen imperialistische Kriege"},"content":{"rendered":"<p>\u201eFREIDENKER\u201c Nr. 4-13, Dezember 2013, 72. Jahrgang<\/p>\n<p>Inhalt:<\/p>\n<p><strong>Editorial <\/strong><\/p>\n<p><strong>Thema: 1914: 1. Weltkrieg &#8211; 100 Jahre gegen imperialistische Kriege<\/strong><\/p>\n<ul>\n<li>Klaus Hartmann:<br \/>\n<a href=\"https:\/\/www.freidenker.org\/?p=2926\">Der unbekannte Weltkrieg<\/a><br \/>\n(<img data-recalc-dims=\"1\" loading=\"lazy\" decoding=\"async\" data-attachment-id=\"1072\" data-permalink=\"https:\/\/www.freidenker.org\/?attachment_id=1072\" data-orig-file=\"https:\/\/i0.wp.com\/www.freidenker.org\/fw17\/wp-content\/uploads\/2017\/10\/pdf_icon-e1509487447542.png?fit=16%2C16&amp;ssl=1\" data-orig-size=\"16,16\" data-comments-opened=\"0\" data-image-meta=\"{&quot;aperture&quot;:&quot;0&quot;,&quot;credit&quot;:&quot;&quot;,&quot;camera&quot;:&quot;&quot;,&quot;caption&quot;:&quot;&quot;,&quot;created_timestamp&quot;:&quot;0&quot;,&quot;copyright&quot;:&quot;&quot;,&quot;focal_length&quot;:&quot;0&quot;,&quot;iso&quot;:&quot;0&quot;,&quot;shutter_speed&quot;:&quot;0&quot;,&quot;title&quot;:&quot;&quot;,&quot;orientation&quot;:&quot;0&quot;}\" data-image-title=\"pdf_icon_16\" data-image-description=\"\" data-image-caption=\"\" data-large-file=\"https:\/\/i0.wp.com\/www.freidenker.org\/fw17\/wp-content\/uploads\/2017\/10\/pdf_icon-e1509487447542.png?fit=16%2C16&amp;ssl=1\" class=\"alignnone size-full wp-image-1072\" src=\"https:\/\/i0.wp.com\/www.freidenker.org\/fw17\/wp-content\/uploads\/2017\/10\/pdf_icon-e1509487447542.png?resize=16%2C16&#038;ssl=1\" alt=\"\" width=\"16\" height=\"16\" \/> <a href=\"https:\/\/www.freidenker.org\/fw17\/wp-content\/uploads\/2016\/08\/freidenker-13-04-hartmann.pdf\" target=\"_blank\" rel=\"noopener\">PDF-Dokument<\/a>, ca. 280 KB)<\/li>\n<li>Karlheinz Deschner:<br \/>\nLeo XIII., Pius X. und der erste Weltkrieg<\/li>\n<li>Eberhard Schinck:<br \/>\nImperialismus, Weltkrieg und Weltkriegsgefahr<\/li>\n<li>Marx\u2019 \u201eLeitfaden\u201c zum Studium der Geschichte<\/li>\n<li>Frauen gegen den Krieg<\/li>\n<li>Klaus von Raussendorff:<br \/>\n<a href=\"https:\/\/www.freidenker.org\/?p=2932\">\u00c4ndert sich das V\u00f6lkerrecht?<\/a><br \/>\n(<img data-recalc-dims=\"1\" loading=\"lazy\" decoding=\"async\" data-attachment-id=\"1072\" data-permalink=\"https:\/\/www.freidenker.org\/?attachment_id=1072\" data-orig-file=\"https:\/\/i0.wp.com\/www.freidenker.org\/fw17\/wp-content\/uploads\/2017\/10\/pdf_icon-e1509487447542.png?fit=16%2C16&amp;ssl=1\" data-orig-size=\"16,16\" data-comments-opened=\"0\" data-image-meta=\"{&quot;aperture&quot;:&quot;0&quot;,&quot;credit&quot;:&quot;&quot;,&quot;camera&quot;:&quot;&quot;,&quot;caption&quot;:&quot;&quot;,&quot;created_timestamp&quot;:&quot;0&quot;,&quot;copyright&quot;:&quot;&quot;,&quot;focal_length&quot;:&quot;0&quot;,&quot;iso&quot;:&quot;0&quot;,&quot;shutter_speed&quot;:&quot;0&quot;,&quot;title&quot;:&quot;&quot;,&quot;orientation&quot;:&quot;0&quot;}\" data-image-title=\"pdf_icon_16\" data-image-description=\"\" data-image-caption=\"\" data-large-file=\"https:\/\/i0.wp.com\/www.freidenker.org\/fw17\/wp-content\/uploads\/2017\/10\/pdf_icon-e1509487447542.png?fit=16%2C16&amp;ssl=1\" class=\"alignnone size-full wp-image-1072\" src=\"https:\/\/i0.wp.com\/www.freidenker.org\/fw17\/wp-content\/uploads\/2017\/10\/pdf_icon-e1509487447542.png?resize=16%2C16&#038;ssl=1\" alt=\"\" width=\"16\" height=\"16\" \/> <a href=\"https:\/\/www.freidenker.org\/fw17\/wp-content\/uploads\/2016\/08\/freidenker-13-04-raussendorff.pdf\" target=\"_blank\" rel=\"noopener\">PDF-Dokument<\/a>, ca. 260 KB)<\/li>\n<\/ul>\n<p><strong>Meldungen, Meinungen<br \/>\nAus den Landesverb\u00e4nden<br \/>\nChronik<br \/>\n<\/strong> Horst Schild:<strong><br \/>\n<\/strong><a href=\"https:\/\/www.freidenker.org\/?p=3052\">Freidenker und Religion: Zur Diskussion gestellt &#8211; Thesen<\/a><\/p>\n<p><strong>B\u00fccher f\u00fcr Freidenker<\/strong><\/p>\n<p>Erich M\u00fchsam: Kriegslied<\/p>\n<p>&nbsp;<\/p>\n","protected":false},"excerpt":{"rendered":"<p><strong>Die Ausgabe 4-13 des Verbandsorgans FREIDENKER hat das Schwerpunkt-Thema \u201e1914: 1. Weltkrieg &#8211; 100 Jahre gegen imperialistische Kriege\u201c<\/strong> und enth\u00e4lt u.a folgende Beitr\u00e4ge:<br \/>\n&#8211; Klaus Hartmann: Der unbekannte Weltkrieg<br \/>\n&#8211; Karlheinz Deschner: Leo XIII., Pius X. und der erste Weltkrieg<br \/>\n&#8211; Eberhard Schinck: Imperialismus, Weltkrieg und Weltkriegsgefahr<br \/>\n&#8211; Marx\u2019 \u201eLeitfaden\u201c zum Studium der Geschichte<br \/>\n&#8211; Frauen gegen den Krieg<br \/>\n&#8211; Klaus von Raussendorff: \u00c4ndert sich das V\u00f6lkerrecht?<\/p>\n","protected":false},"author":2,"featured_media":2551,"comment_status":"closed","ping_status":"closed","sticky":false,"template":"","format":"standard","meta":{"colormag_page_container_layout":"default_layout","colormag_page_sidebar_layout":"default_layout","advanced_seo_description":"","jetpack_seo_html_title":"","jetpack_seo_noindex":false,"jetpack_post_was_ever_published":false,"footnotes":""},"categories":[8],"tags":[473,26,335,404,188],"class_list":["post-790","post","type-post","status-publish","format-standard","has-post-thumbnail","hentry","category-verbandsorgan-freidenker","tag-1-weltkrieg","tag-freidenker","tag-frieden","tag-imperialismus","tag-krieg"],"jetpack_featured_media_url":"https:\/\/i0.wp.com\/www.freidenker.org\/fw17\/wp-content\/uploads\/2017\/12\/FD_2013-04_Titel_mR.jpg?fit=800%2C445&ssl=1","jetpack_shortlink":"https:\/\/wp.me\/p9stpK-cK","jetpack-related-posts":[{"id":7741,"url":"https:\/\/www.freidenker.org\/?p=7741","url_meta":{"origin":790,"position":0},"title":"FREIDENKER 1-20  \u2013 Was ist Faschismus &#8211; was Antifaschismus?","author":"Webredaktion","date":"19. M\u00e4rz 2020","format":false,"excerpt":"Die Ausgabe 1-20 des Verbandsorgans FREIDENKER hat das Schwerpunkt-Thema \u201eWas ist Faschismus - was Antifaschismus\u201c und enth\u00e4lt u.a. folgende Beitr\u00e4ge: - M\u00e4nne Gr\u00fc\u00df: Ernst Th\u00e4lmann und Antifaschismus heute - Interview mit Erika Baum: Lehren aus dem VII. Weltkongress f\u00fcr den Kampf gegen Faschismus und Krieg - Klaus Hartmann: Was Faschismus\u2026","rel":"","context":"In &quot;Frieden - Antifaschismus - Solidarit\u00e4t&quot;","block_context":{"text":"Frieden - Antifaschismus - Solidarit\u00e4t","link":"https:\/\/www.freidenker.org\/?cat=13"},"img":{"alt_text":"","src":"https:\/\/i0.wp.com\/www.freidenker.org\/fw17\/wp-content\/uploads\/2020\/03\/FD_2020-01_Titel_mR.jpg?fit=800%2C445&ssl=1&resize=350%2C200","width":350,"height":200,"srcset":"https:\/\/i0.wp.com\/www.freidenker.org\/fw17\/wp-content\/uploads\/2020\/03\/FD_2020-01_Titel_mR.jpg?fit=800%2C445&ssl=1&resize=350%2C200 1x, https:\/\/i0.wp.com\/www.freidenker.org\/fw17\/wp-content\/uploads\/2020\/03\/FD_2020-01_Titel_mR.jpg?fit=800%2C445&ssl=1&resize=525%2C300 1.5x, https:\/\/i0.wp.com\/www.freidenker.org\/fw17\/wp-content\/uploads\/2020\/03\/FD_2020-01_Titel_mR.jpg?fit=800%2C445&ssl=1&resize=700%2C400 2x"},"classes":[]},{"id":800,"url":"https:\/\/www.freidenker.org\/?p=800","url_meta":{"origin":790,"position":1},"title":"FREIDENKER 2-14 &#8211; Sprache: Erkenntnis &#8211; Kommunikation &#8211; Herrschaft","author":"Webmaster","date":"16. Juli 2014","format":false,"excerpt":"Die Ausgabe 2-14 des Verbandsorgans FREIDENKER hat das Schwerpunkt-Thema \u201eSprache: Erkenntnis - Kommunikation - Herrschaft\u201c und enth\u00e4lt u.a folgende Beitr\u00e4ge: - Klaus Hartmann: \u00dcber die Sprache - Klaus H\u00f6pke: Verdrehung der Verh\u00e4ltnisse durch die Sprache - Sabine Schiffer: Verschw\u00f6rungstheorien - Frank Ulrich: Alltagsterror: Herrschaftssprache - Verharmlosung, Verschleierung, Umkehrung - Reiner\u2026","rel":"","context":"In &quot;Verbandsorgan FREIDENKER&quot;","block_context":{"text":"Verbandsorgan FREIDENKER","link":"https:\/\/www.freidenker.org\/?cat=8"},"img":{"alt_text":"","src":"https:\/\/i0.wp.com\/www.freidenker.org\/fw17\/wp-content\/uploads\/2017\/12\/FD_2014-02_Titel_mR.jpg?fit=800%2C445&ssl=1&resize=350%2C200","width":350,"height":200,"srcset":"https:\/\/i0.wp.com\/www.freidenker.org\/fw17\/wp-content\/uploads\/2017\/12\/FD_2014-02_Titel_mR.jpg?fit=800%2C445&ssl=1&resize=350%2C200 1x, https:\/\/i0.wp.com\/www.freidenker.org\/fw17\/wp-content\/uploads\/2017\/12\/FD_2014-02_Titel_mR.jpg?fit=800%2C445&ssl=1&resize=525%2C300 1.5x, https:\/\/i0.wp.com\/www.freidenker.org\/fw17\/wp-content\/uploads\/2017\/12\/FD_2014-02_Titel_mR.jpg?fit=800%2C445&ssl=1&resize=700%2C400 2x"},"classes":[]},{"id":21258,"url":"https:\/\/www.freidenker.org\/?p=21258","url_meta":{"origin":790,"position":2},"title":"FREIDENKER 1-25 \u2013 80 Jahre Befreiung vom Faschismus","author":"Webredaktion","date":"27. M\u00e4rz 2025","format":false,"excerpt":"Die Ausgabe 1-25 des Verbandsorgans FREIDENKER hat das Schwerpunkt-Thema \u201e80 Jahre Befreiung vom Faschismus - Revision?\u201c und enth\u00e4lt u.a. folgende Beitr\u00e4ge: - \u201eNie wieder\u201c \u2013 kriegst\u00fcchtig - Wolfgang Sch\u00fcrer: Der Zweite Weltkrieg - Anton Latzo: Auch in Jalta wirkten die langen Linien der Geschichte - Michael Polster \/ Arnold Sch\u00f6lzel:\u2026","rel":"","context":"In &quot;Verbandsorgan FREIDENKER&quot;","block_context":{"text":"Verbandsorgan FREIDENKER","link":"https:\/\/www.freidenker.org\/?cat=8"},"img":{"alt_text":"","src":"https:\/\/i0.wp.com\/www.freidenker.org\/fw17\/wp-content\/uploads\/2025\/03\/FD_2025-01_Titel_mR.jpg?fit=800%2C445&ssl=1&resize=350%2C200","width":350,"height":200,"srcset":"https:\/\/i0.wp.com\/www.freidenker.org\/fw17\/wp-content\/uploads\/2025\/03\/FD_2025-01_Titel_mR.jpg?fit=800%2C445&ssl=1&resize=350%2C200 1x, https:\/\/i0.wp.com\/www.freidenker.org\/fw17\/wp-content\/uploads\/2025\/03\/FD_2025-01_Titel_mR.jpg?fit=800%2C445&ssl=1&resize=525%2C300 1.5x, https:\/\/i0.wp.com\/www.freidenker.org\/fw17\/wp-content\/uploads\/2025\/03\/FD_2025-01_Titel_mR.jpg?fit=800%2C445&ssl=1&resize=700%2C400 2x"},"classes":[]},{"id":2926,"url":"https:\/\/www.freidenker.org\/?p=2926","url_meta":{"origin":790,"position":3},"title":"Der unbekannte Weltkrieg","author":"Webredaktion","date":"17. Dezember 2013","format":false,"excerpt":"Beitrag von Klaus Hartmann aus: FREIDENKER 4-13 Wenn man den Weg zum Ersten Weltkrieg verstehen will, muss man die Zeit kennen, in der er vorbereitet wurde. Diese Zeit ist, auch bei Linken, merkw\u00fcrdig unbekannt. Hier gilt es, zuerst mit der Vorstellung Schluss zu machen, dass der Krieg 1914 eine lange\u2026","rel":"","context":"In &quot;Frieden - Antifaschismus - Solidarit\u00e4t&quot;","block_context":{"text":"Frieden - Antifaschismus - Solidarit\u00e4t","link":"https:\/\/www.freidenker.org\/?cat=13"},"img":{"alt_text":"","src":"https:\/\/i0.wp.com\/www.freidenker.org\/fw17\/wp-content\/uploads\/2017\/12\/August_1914_Fuerther_Hbf_800x445.jpg?fit=800%2C445&ssl=1&resize=350%2C200","width":350,"height":200,"srcset":"https:\/\/i0.wp.com\/www.freidenker.org\/fw17\/wp-content\/uploads\/2017\/12\/August_1914_Fuerther_Hbf_800x445.jpg?fit=800%2C445&ssl=1&resize=350%2C200 1x, https:\/\/i0.wp.com\/www.freidenker.org\/fw17\/wp-content\/uploads\/2017\/12\/August_1914_Fuerther_Hbf_800x445.jpg?fit=800%2C445&ssl=1&resize=525%2C300 1.5x, https:\/\/i0.wp.com\/www.freidenker.org\/fw17\/wp-content\/uploads\/2017\/12\/August_1914_Fuerther_Hbf_800x445.jpg?fit=800%2C445&ssl=1&resize=700%2C400 2x"},"classes":[]},{"id":6028,"url":"https:\/\/www.freidenker.org\/?p=6028","url_meta":{"origin":790,"position":4},"title":"FREIDENKER 1-19  \u2013 20 Jahre NATO-Aggression gegen Jugoslawien","author":"Webredaktion","date":"17. M\u00e4rz 2019","format":false,"excerpt":"Die Ausgabe 1-19 des Verbandsorgans FREIDENKER hat das Schwerpunkt-Thema \u201e20 Jahre NATO-Aggression gegen Jugoslawien\u201c und enth\u00e4lt u.a. folgende Beitr\u00e4ge: - Rainer Rupp: NATO-Angriffskrieg: Fake News, False Flag - Peter Betscher: Erosion des V\u00f6lkerrechts - Diana Johnstone: \u201eEthnische S\u00e4uberungen\u201d - Klaus Hartmann: Der \u201eT\u00fcr\u00f6ffner\u201c-Krieg - Witold Fischer: Zwei offene Fragen zum\u2026","rel":"","context":"In &quot;Frieden - Antifaschismus - Solidarit\u00e4t&quot;","block_context":{"text":"Frieden - Antifaschismus - Solidarit\u00e4t","link":"https:\/\/www.freidenker.org\/?cat=13"},"img":{"alt_text":"","src":"https:\/\/i0.wp.com\/www.freidenker.org\/fw17\/wp-content\/uploads\/2019\/03\/FD_2019-01_Titel_mR.jpg?fit=800%2C445&ssl=1&resize=350%2C200","width":350,"height":200,"srcset":"https:\/\/i0.wp.com\/www.freidenker.org\/fw17\/wp-content\/uploads\/2019\/03\/FD_2019-01_Titel_mR.jpg?fit=800%2C445&ssl=1&resize=350%2C200 1x, https:\/\/i0.wp.com\/www.freidenker.org\/fw17\/wp-content\/uploads\/2019\/03\/FD_2019-01_Titel_mR.jpg?fit=800%2C445&ssl=1&resize=525%2C300 1.5x, https:\/\/i0.wp.com\/www.freidenker.org\/fw17\/wp-content\/uploads\/2019\/03\/FD_2019-01_Titel_mR.jpg?fit=800%2C445&ssl=1&resize=700%2C400 2x"},"classes":[]},{"id":24644,"url":"https:\/\/www.freidenker.org\/?p=24644","url_meta":{"origin":790,"position":5},"title":"FREIDENKER 1-26 \u2013 Multipolare Welt gegen imperialistische Hegemonie","author":"Webredaktion","date":"23. M\u00e4rz 2026","format":false,"excerpt":"Die Ausgabe 1-26 des Verbandsorgans FREIDENKER hat das Schwerpunkt-Thema \u201eMultipolare Welt gegen imperialistische Hegemonie\u201c und enth\u00e4lt u.a. folgende Beitr\u00e4ge: - Elke Zwinge-Makamizile: Die BRICS-Staaten \u2013 Motor der multipolaren Entwicklung - Uwe Behrens: China und die Neue Seidenstra\u00dfe - Ibrahim Traor\u00e9: Neutralit\u00e4t ist keine Option - Werner R\u00fcgemer: Das gef\u00e4hrliche Endspiel\u2026","rel":"","context":"In &quot;Verbandsorgan FREIDENKER&quot;","block_context":{"text":"Verbandsorgan FREIDENKER","link":"https:\/\/www.freidenker.org\/?cat=8"},"img":{"alt_text":"","src":"https:\/\/i0.wp.com\/www.freidenker.org\/fw17\/wp-content\/uploads\/2026\/03\/FD_2026-01_Titel.jpg?fit=800%2C445&ssl=1&resize=350%2C200","width":350,"height":200,"srcset":"https:\/\/i0.wp.com\/www.freidenker.org\/fw17\/wp-content\/uploads\/2026\/03\/FD_2026-01_Titel.jpg?fit=800%2C445&ssl=1&resize=350%2C200 1x, https:\/\/i0.wp.com\/www.freidenker.org\/fw17\/wp-content\/uploads\/2026\/03\/FD_2026-01_Titel.jpg?fit=800%2C445&ssl=1&resize=525%2C300 1.5x, https:\/\/i0.wp.com\/www.freidenker.org\/fw17\/wp-content\/uploads\/2026\/03\/FD_2026-01_Titel.jpg?fit=800%2C445&ssl=1&resize=700%2C400 2x"},"classes":[]}],"_links":{"self":[{"href":"https:\/\/www.freidenker.org\/index.php?rest_route=\/wp\/v2\/posts\/790","targetHints":{"allow":["GET"]}}],"collection":[{"href":"https:\/\/www.freidenker.org\/index.php?rest_route=\/wp\/v2\/posts"}],"about":[{"href":"https:\/\/www.freidenker.org\/index.php?rest_route=\/wp\/v2\/types\/post"}],"author":[{"embeddable":true,"href":"https:\/\/www.freidenker.org\/index.php?rest_route=\/wp\/v2\/users\/2"}],"replies":[{"embeddable":true,"href":"https:\/\/www.freidenker.org\/index.php?rest_route=%2Fwp%2Fv2%2Fcomments&post=790"}],"version-history":[{"count":0,"href":"https:\/\/www.freidenker.org\/index.php?rest_route=\/wp\/v2\/posts\/790\/revisions"}],"wp:featuredmedia":[{"embeddable":true,"href":"https:\/\/www.freidenker.org\/index.php?rest_route=\/wp\/v2\/media\/2551"}],"wp:attachment":[{"href":"https:\/\/www.freidenker.org\/index.php?rest_route=%2Fwp%2Fv2%2Fmedia&parent=790"}],"wp:term":[{"taxonomy":"category","embeddable":true,"href":"https:\/\/www.freidenker.org\/index.php?rest_route=%2Fwp%2Fv2%2Fcategories&post=790"},{"taxonomy":"post_tag","embeddable":true,"href":"https:\/\/www.freidenker.org\/index.php?rest_route=%2Fwp%2Fv2%2Ftags&post=790"}],"curies":[{"name":"wp","href":"https:\/\/api.w.org\/{rel}","templated":true}]}}