{"id":7897,"date":"2020-04-08T23:14:20","date_gmt":"2020-04-08T21:14:20","guid":{"rendered":"https:\/\/www.freidenker.org\/?p=7897"},"modified":"2020-05-13T23:43:51","modified_gmt":"2020-05-13T21:43:51","slug":"corona-krise-wie-deutsche-politikerinnen-den-gesundheitsnotstand-in-der-eu-verschaerften","status":"publish","type":"post","link":"https:\/\/www.freidenker.org\/?p=7897","title":{"rendered":"Corona-Krise: Wie deutsche PolitikerInnen den Gesundheitsnotstand in der EU versch\u00e4rften"},"content":{"rendered":"<div class=\"node-content\">\n<div class=\"field field-name-body field-type-text-with-summary field-label-hidden view-mode-full\">\n<div class=\"field-items\">\n<div class=\"field-item even\">\n<p><em>Von <strong>Thomas Fritz<\/strong><\/em><\/p>\n<p><span style=\"font-size: 10pt;\"><em>(Erstver\u00f6ffentlichung am 02.04.2020 auf <a href=\"https:\/\/saveourservices.de\/corona-krise-wie-deutsche-politikerinnen-den-gesundheitsnotstand-der-eu-versch%C3%A4rften\" target=\"_blank\" rel=\"noopener noreferrer\">saveourservices.de<\/a>)<\/em><\/span><\/p>\n<p><em><strong>Deutschlands Regierende geh\u00f6ren bis heute zu den VerfechterInnen einer unbarmherzigen Sparpolitik, die nicht nur das <a href=\"https:\/\/saveourservices.de\/kliniksterben-proteste-gegen-schlie%C3%9Fung-von-krankenh%C3%A4usern-nehmen-zu\" target=\"_blank\" rel=\"noopener noreferrer\">deutsche Gesundheitssystem<\/a> schw\u00e4chte, sondern in noch st\u00e4rkerem Ma\u00dfe das unserer Nachbarl\u00e4nder. Die Corona-Pandemie legt die verheerenden Folgen der Austerit\u00e4tspolitik offen, die wesentlich in Berlin und Br\u00fcssel konzipiert und von willf\u00e4hrigen Regierungen vieler EU-Staaten umgesetzt wurde. Eine kritische Bestandsnahme.<\/strong><\/em><\/p>\n<p>Auf dem H\u00f6hepunkt der Eurokrise im Oktober 2011 war Finanzminister Wolfgang Sch\u00e4uble (CDU) unzufrieden mit den Sparanstrengungen Italiens unter der Regierung von Silvio Berlusconi. &#8222;Italien muss seine Hausaufgaben machen&#8220;, <a href=\"https:\/\/www.spiegel.de\/spiegel\/print\/d-81302967.html\" target=\"_blank\" rel=\"noopener noreferrer\">forderte<\/a> der deutsche Austerit\u00e4tspolitiker. Das Land solle &#8222;das Haushaltsdefizit schnell und deutlich zur\u00fcckf\u00fchren&#8220;, &#8222;den Schuldenstand dr\u00fccken&#8220; und &#8222;strukturelle Reformen am Arbeitsmarkt und in den sozialen Sicherungssystemen&#8220; durchf\u00fchren.<\/p>\n<h5>Austerit\u00e4t: Deutschlands t\u00f6dliches Rezept<\/h5>\n<p>Nur wenige Wochen sp\u00e4ter sollte Sch\u00e4ubles Wunsch in Erf\u00fcllung gehen. Unter dem Druck der Europ\u00e4ischen Kommission, der Europ\u00e4ischen Zentralbank und mehrerer EU-Regierungen trat Berlusconi Mitte November 2011 zur\u00fcck und der ehemalige EU-Kommissar Mario Monti bildete eine Technokratenregierung, die bis April 2013 im Amt blieb. Monti begann ein umfassendes Sparprogramm, das die nachfolgenden Regierungen unter der sozialdemokratischen PD (Partito Democratico) beharrlich fortf\u00fchrten.<\/p>\n<p>Ein wesentlicher Baustein war Montis Gesetzesdekret Nr. 95\/2012 \u00fcber die Ausgabenrevision (<a href=\"https:\/\/www.derstandard.at\/story\/1341526735839\/spending-review-italien-zueckt-rotstift-bei-oeffentlichen-ausgaben\" target=\"_blank\" rel=\"noopener noreferrer\">Spending Review<\/a>), das die Staatsausgaben vor allem im Gesundheitsbereich und dem \u00f6ffentlichen Dienst drastisch k\u00fcrzte. Die von den Folgeregierungen fortgesetzten <a href=\"https:\/\/journals.openedition.org\/eces\/4403\" target=\"_blank\" rel=\"noopener noreferrer\">Sparma\u00dfnahmen<\/a> umfassten Ausgabenk\u00fcrzungen f\u00fcr Medikamente und medizinische Ger\u00e4te, sinkende Verg\u00fctungen f\u00fcr Fallpauschalen, h\u00f6here Selbstbeteiligungen sowie einen massiven Bettenabbau in den Krankenh\u00e4usern.<\/p>\n<p>Gro\u00dfe Opfer musste vor allem der italienische Nationale Gesundheitsdienst erbringen (Servizio Sanitario Nazionale &#8211; SSN). Die Sparpakete zwangen den Gesundheitsdienst zu einer kontinuierlichen Reduktion der Personalkosten, der durch das Einfrieren von L\u00f6hnen und Geh\u00e4ltern sowie einen radikalen Personalabbau erreicht wurde (siehe Grafik). Heute, in Zeiten von Corona, r\u00e4cht sich diese Sparpolitik auf das Bitterste.<\/p>\n<div class=\"media media-element-container media-default\">\n<div id=\"file-48\" class=\"file file-image file-image-png\">\n<h2 class=\"element-invisible\"><img data-recalc-dims=\"1\" loading=\"lazy\" decoding=\"async\" class=\"media-element file-default image-style-none\" src=\"https:\/\/i0.wp.com\/saveourservices.de\/sites\/saveourservices.de\/files\/italien-ssn-beschaeftigte-neu.png?resize=756%2C425&#038;ssl=1\" alt=\"\" width=\"756\" height=\"425\" data-delta=\"2\" \/><\/h2>\n<\/div>\n<\/div>\n<p>Der Personalabbau ist umso fataler, weil Italien zu den L\u00e4ndern mit einem sehr niedrigen Anteil an Pflegekr\u00e4ften im Verh\u00e4ltnis zur Bev\u00f6lkerung geh\u00f6rt. Auch in Spanien, dessen Gesundheitssystem ebenfalls unter der Corona-Pandemie zu kollabieren droht, gibt es viel zu wenige KrankenpflegerInnen, um eine angemessene Versorgung der Bev\u00f6lkerung zu gew\u00e4hrleisten (siehe Grafik).<\/p>\n<div class=\"media media-element-container media-default\">\n<div id=\"file-49\" class=\"file file-image file-image-png\">\n<h2 class=\"element-invisible\"><img data-recalc-dims=\"1\" loading=\"lazy\" decoding=\"async\" class=\"media-element file-default image-style-none\" src=\"https:\/\/i0.wp.com\/saveourservices.de\/sites\/saveourservices.de\/files\/pfleger-pro-einwohner-neu.png?resize=756%2C425&#038;ssl=1\" alt=\"\" width=\"756\" height=\"425\" data-delta=\"5\" \/><\/h2>\n<\/div>\n<\/div>\n<p>&nbsp;<\/p>\n<h5>Rosskur: Radikalisierung des Spardiktats<\/h5>\n<p>Unter dem Druck der EU-Beh\u00f6rden k\u00fcrzten auch andere L\u00e4nder ihre Gesundheitsausgaben. Denn im Zuge der Eurokrise nahm sich die EU das Recht, immer st\u00e4rker in die <a href=\"https:\/\/www.etui.org\/content\/download\/18640\/142496\/file\/Policy+Brief+2014+10.pdf\" target=\"_blank\" rel=\"noopener noreferrer\">nationale Gesundheitspolitik einzugreifen<\/a>, obgleich dieser Bereich nicht vergemeinschaftet ist. Von L\u00e4ndern, die finanzielle Hilfspakete erhielten, verlangte die EU detaillierte Reformen des Gesundheitswesens, die in den zu unterzeichnenden Memoranden aufgelistet und regelm\u00e4\u00dfig \u00fcberwacht wurden. Diese Auflagen betrafen unter anderen Griechenland, Zypern, Irland und Portugal.<\/p>\n<p>Doch die EU nahm nicht nur jene L\u00e4nder ins Visier, die Hilfsprogramme in Anspruch nehmen mussten, sondern auch die \u00fcbrigen Mitgliedsstaaten. Auf Dr\u00e4ngen Deutschlands versch\u00e4rfte die EU die haushaltspolitische \u00dcberwachung aller Mitgliedsstaaten mit Hilfe des 2011 eingef\u00fchrten Europ\u00e4ischen Semesters. Seither ver\u00f6ffentlicht die Europ\u00e4ische Kommission j\u00e4hrlich f\u00fcr jedes EU-Mitglied l\u00e4nderspezifische Empfehlungen, in denen sie auch gesundheitspolitische Reformen einfordert.<\/p>\n<p>Nach einer j\u00fcngsten <a href=\"https:\/\/braveneweurope.com\/emma-clancy-austerity-kills-eu-commission-demanded-cuts-to-public-healthcare-spending-63-times-from-2011-2018\" target=\"_blank\" rel=\"noopener noreferrer\">Untersuchung<\/a> sprach die EU zwischen 2011 und 2018 insgesamt 63 Empfehlungen f\u00fcr K\u00fcrzungen oder Privatisierungen im Gesundheitswesen der EU-Staaten aus. Die Bundesregierung erh\u00f6hte den Spardruck noch zus\u00e4tzlich durch den von ihr durchgesetzten <a href=\"https:\/\/de.wikipedia.org\/wiki\/Europ%C3%A4ischer_Fiskalpakt\" target=\"_blank\" rel=\"noopener noreferrer\">Fiskalpakt<\/a> &#8211; faktisch eine Europ\u00e4isierung der deutschen Schuldenbremse.<\/p>\n<p>Der konzertierte Druck aus Br\u00fcssel und Berlin blieb nicht ohne Folgen. Zahlreiche L\u00e4nder reduzierten seither den Anteil ihrer Gesundheitsausgaben am Bruttoinlandsprodukt (BIP) &#8211; dies vor allem in S\u00fcdeuropa und in den L\u00e4ndern, die Hilfskredite erhielten. Besonders drastisch waren die Einschnitte in Griechenland und Irland (siehe Grafik). Italien, Spanien und Portugal drosselten ebenfalls die Gesundheitsausgaben, obgleich der Versorgungsbedarf auch in diesen L\u00e4ndern steigt, unter anderem durch die h\u00f6here Lebenserwartung der Bev\u00f6lkerung.<\/p>\n<div class=\"media media-element-container media-default\">\n<div id=\"file-47\" class=\"file file-image file-image-png\">\n<h2 class=\"element-invisible\"><img data-recalc-dims=\"1\" loading=\"lazy\" decoding=\"async\" class=\"media-element file-default image-style-none\" src=\"https:\/\/i0.wp.com\/saveourservices.de\/sites\/saveourservices.de\/files\/gesundheitsausgaben-bip-neu.png?resize=756%2C425&#038;ssl=1\" alt=\"\" width=\"756\" height=\"425\" data-delta=\"3\" \/><\/h2>\n<\/div>\n<\/div>\n<p>Die Austerit\u00e4tspolitik vertiefte die sozialen Disparit\u00e4ten innerhalb der EU. W\u00e4hrend Deutschland die Gesundheitsausgaben sogar ein wenig steigern konnte, sackten sie in den s\u00fcdeurop\u00e4ischen L\u00e4ndern ab &#8211; und dies von einem ohnehin niedrigeren Niveau als dem deutschen.<\/p>\n<p>Wie ungleich verteilt heute die Chancen sind, Covid-19-PatientInnen angemessen zu behandeln, zeigt sich auch in der Ausstattung mit Intensivbetten. Nach einer <a href=\"http:\/\/oe.cd\/il\/2V9\" target=\"_blank\" rel=\"noopener noreferrer\">Untersuchung<\/a> der OECD konnte Deutschland zu Beginn der Corona-Krise auf eine erheblich bessere Ausstattung mit Intensivbetten zur\u00fcckgreifen als Spanien, Italien oder Irland (siehe Grafik). Diese Diskrepanz ist umso erschreckender, da selbst die Zahl deutscher Intensivbetten als unzureichend gilt und derzeit deutlich aufgestockt wird.<\/p>\n<div class=\"media media-element-container media-default\">\n<div id=\"file-55\" class=\"file file-image file-image-png\">\n<h2 class=\"element-invisible\"><img data-recalc-dims=\"1\" loading=\"lazy\" decoding=\"async\" class=\"media-element file-default image-style-none\" src=\"https:\/\/i0.wp.com\/saveourservices.de\/sites\/saveourservices.de\/files\/intensivbetten-neu.png?resize=756%2C425&#038;ssl=1\" alt=\"\" width=\"756\" height=\"425\" data-delta=\"10\" \/><\/h2>\n<\/div>\n<\/div>\n<h5>Spaltpilz: Die Union der Ungleichheit<\/h5>\n<p>Auch innerstaatlich nahm die Ungleichheit beim Zugang zu Gesundheitsleistungen zu, denn viele Regierungen erh\u00f6hten den Zwang zu privater Vorsorge. W\u00e4hrend die Haushaltsmittel schrumpften, stiegen Zuzahlungen, Behandlungsgeb\u00fchren und andere Formen privater Selbstbeteiligungen deutlich an. Erschwerend hinzu kommt: In vielen der \u00e4rmeren L\u00e4nder liegt der Anteil der privaten Ausgaben an den gesamten Gesundheitsausgaben weit h\u00f6her als in Deutschland (siehe Grafik).<\/p>\n<div class=\"media media-element-container media-default\">\n<div id=\"file-50\" class=\"file file-image file-image-png\">\n<h2 class=\"element-invisible\"><img data-recalc-dims=\"1\" loading=\"lazy\" decoding=\"async\" class=\"media-element file-default image-style-none\" src=\"https:\/\/i0.wp.com\/saveourservices.de\/sites\/saveourservices.de\/files\/selbstfinanzierung-neu.png?resize=756%2C425&#038;ssl=1\" alt=\"\" width=\"756\" height=\"425\" data-delta=\"4\" \/><\/h2>\n<\/div>\n<\/div>\n<p>Trotz der eklatanten Ungerechtigkeit ihrer Politik hielten deutsche PolitikerInnen bis zuletzt an dem unbarmherzigen Sparkurs gegen\u00fcber den europ\u00e4ischen Nachbarn fest. Als die F\u00fcnf-Sterne-Regierung Italiens (zun\u00e4chst in einer Koalition mit der rechten Lega, sp\u00e4ter mit der PD) im Sommer 2018 erstmals die rigiden Defizitgrenzen der EU herausforderte und h\u00f6here Staatsausgaben ank\u00fcndigte, war der Aufschrei im deutschen Establishment gro\u00df.<br \/>\nW\u00e4hrend <a href=\"https:\/\/www.dw.com\/de\/g%C3%BCnther-oettinger-erntet-mit-wahlempfehlung-heftige-kritik\/a-43974559\" target=\"_blank\" rel=\"noopener noreferrer\">G\u00fcnther Oettinger<\/a> (CDU), seinerzeit EU-Haushaltskommissar, in aller \u00d6ffentlichkeit auf eine Abstrafung Italiens durch die Finanzm\u00e4rkte setzte, warnte Finanzminister <a href=\"https:\/\/www.zeit.de\/wirtschaft\/2018-10\/haushaltsdefizit-italien-staatsverschuldung-olaf-scholz-kritik\" target=\"_blank\" rel=\"noopener noreferrer\">Olaf Scholz<\/a> (SPD) die ItalienerInnen vor \u00dcberschuldung. Noch sch\u00e4rfer trat der gr\u00fcne Europapolitiker <a href=\"https:\/\/www.spiegel.de\/wirtschaft\/soziales\/italien-und-die-schuldenplaene-kampfansage-an-die-eu-kommission-a-1230597.html\" target=\"_blank\" rel=\"noopener noreferrer\">Sven Giegold<\/a> auf. Sollte die Regierung in Rom an ihren Haushaltspl\u00e4nen festhalten, &#8222;muss die EU ein Defizitverfahren gegen Italien einleiten&#8220;, so der Gr\u00fcne. Das von der Kommission in der Folge tats\u00e4chlich angedrohte Defizitverfahren konnte Italiens Regierung im Sommer 2019 nur durch eine betr\u00e4chtliche K\u00fcrzung ihrer geplanten Ausgaben <a href=\"https:\/\/www.euractiv.com\/section\/economy-jobs\/news\/italy-escapes-eu-budget-sanction-procedure-after-spending-cuts\/\" target=\"_blank\" rel=\"noopener noreferrer\">abwenden<\/a>.<\/p>\n<h5>Deutscher Widerstand gegen Coronabonds<\/h5>\n<p>Unter dem Eindruck der Corona-Krise steigt vor allem in Italien die Verbitterung \u00fcber die unsolidarische deutsche Politik. Blankes Entsetzen l\u00f6ste Anfang M\u00e4rz der deutsche <a href=\"https:\/\/www.reuters.com\/article\/us-health-coronavirus-europe-france\/europe-failing-to-communicate-its-response-to-coronavirus-crisis-france-says-idUSKBN21C3DT\" target=\"_blank\" rel=\"noopener noreferrer\">Exportstopp<\/a> f\u00fcr medizinische Schutzausr\u00fcstung aus, den Berlin erst lockerte, nachdem die Proteste zunahmen und China der italienischen Regierung gro\u00dfz\u00fcgige Hilfe leistete.<\/p>\n<p>Einen weiteren Tiefpunkt markiert die Berliner <a href=\"https:\/\/www.euractiv.com\/section\/economy-jobs\/news\/leaders-clash-over-stimulus-against-pandemic-pass-the-hot-potato-to-the-eurogroup\/\" target=\"_blank\" rel=\"noopener noreferrer\">Zur\u00fcckweisung<\/a> der von Italien, Spanien, Frankreich und sechs weiteren Eurol\u00e4ndern vorgeschlagenen Coronabonds &#8211; eine Neuauflage der schon l\u00e4nger diskutierten Eurobonds. Bei solchen von den Eurostaaten gemeinsam begebenen Anleihen entfiele der Zinsaufschlag, den L\u00e4nder mit h\u00f6herem Schuldenstand und geringerer Bonit\u00e4t als Deutschland bei der Emission ihrer Staatsanleihen gew\u00e4hren m\u00fcssen.<\/p>\n<p>Die Zinsaufaufschl\u00e4ge (sog. <a href=\"https:\/\/de.investing.com\/rates-bonds\/government-bond-spreads\" target=\"_blank\" rel=\"noopener noreferrer\">Spreads<\/a>) orientieren sich an den Renditen der Staatsanleihen, die in der Corona-Rezession wieder st\u00e4rker auseinanderdriften. Vor diesem Hintergrund legte die EZB Mitte M\u00e4rz 2020 ein neues Programm von Anleihek\u00e4ufen auf (Pandemic Epidemy Purchase Programme). Mit ihren Anleihek\u00e4ufen auf dem Sekund\u00e4rmarkt kann die EZB die Zinsaufschl\u00e4ge d\u00e4mpfen, die InvestorInnen verlangen. Derzeit liegen die Renditen zehnj\u00e4hriger italienischer Anleihen um rund zwei Prozentpunkte h\u00f6her als die von Bundesanleihen. Da Italien aber weit st\u00e4rker von dem Wirtschaftseinbruch getroffen ist als Deutschland, f\u00fcrchtet die dortige Regierung eine weitere Zunahme der Renditedifferenz.<\/p>\n<p>Eine solche Entwicklung ist durchaus m\u00f6glich, wenn sich die Anleihek\u00e4ufe der EZB als unzureichend erweisen oder wieder zur\u00fcckgefahren werden. Tats\u00e4chlich ist es das Ziel deutscher <a href=\"https:\/\/makroskop.eu\/2020\/03\/streit-um-die-rolle-der-ezb\/\" target=\"_blank\" rel=\"noopener noreferrer\">Austerianer<\/a>, die Anleihek\u00e4ufe der EZB so gering wie m\u00f6glich zu halten, damit h\u00f6her verschuldete Eurol\u00e4nder durch wachsende Zinsen auf den Anleihem\u00e4rkten abgestraft werden.<\/p>\n<p>Eine heftige Abstrafung erlitten einige Staaten bereits in der Eurokrise. Damals stiegen die Renditedifferenzen mehrerer Staatsanleihen gegen\u00fcber zehnj\u00e4hrigen Bundesanleihen stark an. Im Fall italienischer und spanischer Staatsanleihen betrug die Differenz kurzzeitig \u00fcber f\u00fcnf Prozentpunkte, bei portugiesischen Anleihen \u00fcber 10 Prozentpunkte und bei griechischen sogar \u00fcber 20 Prozentpunkte (siehe Grafik).<\/p>\n<div class=\"media media-element-container media-default\">\n<div id=\"file-54\" class=\"file file-image file-image-png\">\n<h2 class=\"element-invisible\"><img data-recalc-dims=\"1\" loading=\"lazy\" decoding=\"async\" class=\"media-element file-default image-style-none\" src=\"https:\/\/i0.wp.com\/saveourservices.de\/sites\/saveourservices.de\/files\/renditen-krise-neu.png?resize=756%2C425&#038;ssl=1\" alt=\"\" width=\"756\" height=\"425\" data-delta=\"7\" \/><\/h2>\n<\/div>\n<\/div>\n<p>Einer solchen Abstrafung durch die Finanzm\u00e4rkte k\u00f6nnten die Eurol\u00e4nder am g\u00fcnstigsten entgehen, wenn die EZB ihnen die Staatsanleihen direkt abkauft (d.h. schon auf dem <a href=\"https:\/\/www.project-syndicate.org\/commentary\/ecb-needs-to-embrace-covid19-monetary-financing-by-paul-de-grauwe-2020-03\" target=\"_blank\" rel=\"noopener noreferrer\">Prim\u00e4rmarkt<\/a>) &#8211; und nicht erst den Banken auf dem Sekund\u00e4rmarkt, wie es derzeit noch der Fall ist. Auch die nun von Italien und anderen L\u00e4ndern vorgeschlagenen Coronabonds br\u00e4chten die wirksamste Erleichterung f\u00fcr die Finanzierung \u00f6ffentlicher Aufgaben, wenn sie \u00fcber die Dauer der Krise direkt von der EZB gekauft w\u00fcrden &#8211; eine direkte Staatsfinanzierung, wie sie etwa der US-Zentralbank FED (Federal Reserve) grunds\u00e4tzlich m\u00f6glich ist.<\/p>\n<h5>Politik der kalten Schulter: GroKo bleibt hart<\/h5>\n<p>Die Bundesregierung aber bleibt bei ihrer Politik der kalten Schulter und blockiert die Einf\u00fchrung von Corona- oder Eurobonds, egal in welcher Form sie erfolgen w\u00fcrde. Nachdem Kanzlerin Angela Merkel (CDU) das Instrument beim j\u00fcngsten EU-Gipfel abgelehnt hatte, sekundierte Vize-Kanzler <a href=\"https:\/\/www.tagesschau.de\/wirtschaft\/boerse\/coronavirus-wirtschaft-eu-101.html\" target=\"_blank\" rel=\"noopener noreferrer\">Olaf Scholz<\/a> (SPD): &#8222;Die Notwendigkeit, solche neuen Instrumente zu erfinden, gibt es im Augenblick nicht.&#8220; Auch <a href=\"https:\/\/www.sueddeutsche.de\/politik\/eu-von-der-leyen-eu-kommission-plant-keine-corona-bonds-dpa.urn-newsml-dpa-com-20090101-200328-99-505651\" target=\"_blank\" rel=\"noopener noreferrer\">Ursula von der Leyen<\/a> (CDU), frisch inthronierte Kommissionspr\u00e4sidentin, lie\u00df die Neutralit\u00e4t ihres Amtes fahren, schlug sich auf die Seite Berlins und erkl\u00e4rte die deutschen Vorbehalte als &#8222;berechtigt&#8220;.<\/p>\n<p>Stattdessen wollen die beiden Groko-Parteien Italien und anderen L\u00e4ndern die individuelle Aufnahme von Krediten des Euro-Rettungsfonds ESM (European Stability Mechanism) schmackhaft machen, der mit Klaus Regling ebenfalls von einem Deutschen geleitet wird. Doch dieses Danaer-Geschenk lehnt vor allem Italien bisher ab. Denn durch ESM-Kredite riskiert das Land strenge Strukturanpassungsauflagen, auch wenn diese unter Umst\u00e4nden gelockert werden k\u00f6nnten. Hinzu kommt: L\u00e4nder, die Einzelkredite beim ESM beantragen, werden stigmatisiert: Sie erh\u00f6hen ihre Verschuldung und schaden ihrer Bonit\u00e4t.<\/p>\n<p>Gegen\u00fcber unseren Nachbarn bleiben die Groko-Parteien damit auf Austerit\u00e4tskurs. Was CDU- und SPD-PolitikerInnen dabei geflissentlich unterschlagen: Ein nicht unbedeutender Teil der Staatsverschuldung Italiens und anderer Eurol\u00e4nder entsteht durch das deutsche Lohndumping, das sich in andauernden Handels\u00fcbersch\u00fcssen gegen\u00fcber unseren Partnerl\u00e4ndern niederschl\u00e4gt. Seit der Euro-Einf\u00fchrung erzielte Deutschland etwa gegen\u00fcber Italien Handels\u00fcbersch\u00fcsse im Warenverkehr, die sich auf rund 250 Milliarden Euro summieren (siehe Grafik). Kehrseite dieser \u00dcbersch\u00fcsse sind Schulden Italiens gegen\u00fcber Deutschland.<\/p>\n<div class=\"media media-element-container media-default\">\n<div id=\"file-46\" class=\"file file-image file-image-png\">\n<h2 class=\"element-invisible\"><img data-recalc-dims=\"1\" loading=\"lazy\" decoding=\"async\" class=\"media-element file-default image-style-none\" src=\"https:\/\/i0.wp.com\/saveourservices.de\/sites\/saveourservices.de\/files\/d-i-handelsueberschuss-neu.png?resize=756%2C425&#038;ssl=1\" alt=\"\" width=\"756\" height=\"425\" data-delta=\"8\" \/><\/h2>\n<\/div>\n<\/div>\n<p>Vor diesem Hintergrund ist wenig verwunderlich, dass die Wut vieler ItalienerInnen auf Deutschland und die EU w\u00e4chst. Sie f\u00fchlen sich missbraucht als klaglose AbnehmerInnen deutscher Dumpingexporte, die ihre eigene Wirtschaft schw\u00e4chen und f\u00fcr die sie sich gegen\u00fcber Deutschland auch noch verschulden. Und dann verweigert ihnen die vermeintliche Solidargemeinschaft nicht nur Hilfe in gr\u00f6\u00dfter Not, sondern auch eine ausreichende Finanzierung ihres Gesundheitswesens.<\/p>\n<p>Der zunehmende Verdruss k\u00f6nnte sich zu einer existenziellen Gefahr f\u00fcr die Europ\u00e4ische Union auswachsen. Nach einer j\u00fcngsten <a href=\"https:\/\/www.t-mag.it\/2020\/03\/13\/covid-19-lemergenza-fa-crescere-lo-scetticismo-verso-lue\/\" target=\"_blank\" rel=\"noopener noreferrer\">Umfrage<\/a> stieg die Ablehnung der EU unter den ItalienerInnen in den letzten Wochen sprunghaft an. Danach sagen 88 Prozent der Befragten, die EU sei keine Hilfe in der Corona-Krise. 67 Prozent meinen, die Mitgliedschaft in der EU sei f\u00fcr Italien von Nachteil.<\/p>\n<p>&nbsp;<\/p>\n<\/div>\n<\/div>\n<\/div>\n<\/div>\n<p style=\"text-align: right;\"><em><a href=\"https:\/\/thomas-fritz.org\/ueber\/\" target=\"_blank\" rel=\"noopener noreferrer\">Thomas Fritz<\/a> arbeitet als freier Autor in Berlin mit den Schwerpunkten Wirtschaftspolitik und nachhaltige Entwicklung. Er ist Verfasser zahlreicher Studien \u00fcber die Folgen von Handelsliberalisierungen und Privatisierungen \u00f6ffentlicher Dienstleistungen.<\/em><\/p>\n<p>&nbsp;<\/p>\n<p><span style=\"font-size: 10pt;\">Link zur Erstver\u00f6ffentlichung: <a href=\"https:\/\/saveourservices.de\/corona-krise-wie-deutsche-politikerinnen-den-gesundheitsnotstand-der-eu-versch%C3%A4rften\" target=\"_blank\" rel=\"noopener noreferrer\">https:\/\/saveourservices.de\/corona-krise-wie-deutsche-politikerinnen-den-gesundheitsnotstand-der-eu-versch%C3%A4rften<\/a><\/span><\/p>\n<hr \/>\n<p><span style=\"font-size: 10pt;\">Diagramme: Thomas Fritz \/ Save Our Services (Datenquellen im jeweiligen Kopf der Diagramme)<br \/>\n<\/span><\/p>\n<p><span style=\"font-size: 10pt;\">Beitragsbild oben: Photo by <a href=\"https:\/\/unsplash.com\/@marceloleal80?utm_source=unsplash&amp;utm_medium=referral&amp;utm_content=creditCopyText\">Marcelo Leal<\/a> on <a href=\"https:\/\/unsplash.com\/?utm_source=unsplash&amp;utm_medium=referral&amp;utm_content=creditCopyText\">Unsplash<\/a><\/span><\/p>\n","protected":false},"excerpt":{"rendered":"<p><b>Beitrag von Thomas Fritz<\/b><br \/>\nDeutschlands Regierende geh\u00f6ren bis heute zu den VerfechterInnen einer unbarmherzigen Sparpolitik, die nicht nur das deutsche Gesundheitssystem schw\u00e4chte, sondern in noch st\u00e4rkerem Ma\u00dfe das unserer Nachbarl\u00e4nder. Die Corona-Pandemie legt die verheerenden Folgen der Austerit\u00e4tspolitik offen, die wesentlich in Berlin und Br\u00fcssel konzipiert und von willf\u00e4hrigen Regierungen vieler EU-Staaten umgesetzt wurde. Eine kritische Bestandsnahme.<\/p>\n","protected":false},"author":3,"featured_media":7902,"comment_status":"closed","ping_status":"closed","sticky":false,"template":"","format":"standard","meta":{"colormag_page_container_layout":"default_layout","colormag_page_sidebar_layout":"default_layout","advanced_seo_description":"","jetpack_seo_html_title":"","jetpack_seo_noindex":false,"jetpack_post_was_ever_published":false,"footnotes":""},"categories":[11,12],"tags":[1271,1256,182,577,1272,1268],"class_list":["post-7897","post","type-post","status-publish","format-standard","has-post-thumbnail","hentry","category-arbeit-soziales","category-demokratie-medien-aufklaerung","tag-austeritaet","tag-corona-virus","tag-eu","tag-gesundheitspolitik","tag-privatisierung","tag-sparpolitik"],"jetpack_featured_media_url":"https:\/\/i0.wp.com\/www.freidenker.org\/fw17\/wp-content\/uploads\/2020\/04\/marcelo-leal-taF3klwwAWA-unsplash_800x450_b.jpg?fit=800%2C450&ssl=1","jetpack_shortlink":"https:\/\/wp.me\/p9stpK-23n","jetpack-related-posts":[{"id":7875,"url":"https:\/\/www.freidenker.org\/?p=7875","url_meta":{"origin":7897,"position":0},"title":"Die EU im Corona-Tsunami","author":"Webredaktion","date":"5. April 2020","format":false,"excerpt":"Beitrag von von Pierre L\u00e9vy Mitte M\u00e4rz hat sich die EU-Kommission nach langem Z\u00f6gern durchgerungen, eine noch nie angewandte \"allgemeine Ausnahmeklausel\" zu bem\u00fchen, die es erlaubt, in allen EU-L\u00e4ndern die verordnete Sparpolitik auszusetzen: EU-Mitgliedsl\u00e4nder d\u00fcrfen grenzenlos Ausgaben t\u00e4tigen. Wenn auch zu sp\u00e4t, es ist das einzig Richtige, was Br\u00fcssel jetzt\u2026","rel":"","context":"In &quot;Arbeit &amp; Soziales&quot;","block_context":{"text":"Arbeit &amp; Soziales","link":"https:\/\/www.freidenker.org\/?cat=11"},"img":{"alt_text":"","src":"https:\/\/i0.wp.com\/www.freidenker.org\/fw17\/wp-content\/uploads\/2020\/04\/spritze_syringe-4964598_800x450.jpg?fit=800%2C450&ssl=1&resize=350%2C200","width":350,"height":200,"srcset":"https:\/\/i0.wp.com\/www.freidenker.org\/fw17\/wp-content\/uploads\/2020\/04\/spritze_syringe-4964598_800x450.jpg?fit=800%2C450&ssl=1&resize=350%2C200 1x, https:\/\/i0.wp.com\/www.freidenker.org\/fw17\/wp-content\/uploads\/2020\/04\/spritze_syringe-4964598_800x450.jpg?fit=800%2C450&ssl=1&resize=525%2C300 1.5x, https:\/\/i0.wp.com\/www.freidenker.org\/fw17\/wp-content\/uploads\/2020\/04\/spritze_syringe-4964598_800x450.jpg?fit=800%2C450&ssl=1&resize=700%2C400 2x"},"classes":[]},{"id":23224,"url":"https:\/\/www.freidenker.org\/?p=23224","url_meta":{"origin":7897,"position":1},"title":"Macron auf Kurs Richtung Abgrund","author":"Webredaktion","date":"17. Oktober 2025","format":false,"excerpt":"Versuch, die Vorg\u00e4nge im Nachbarland zu verstehen Ein Kommentar von Tilo Gr\u00e4ser Die spinnen, die Franzosen \u2013 das lie\u00dfe sich angesichts der Vorg\u00e4nge im Nachbarland sagen. Wobei das nicht f\u00fcr alle Franzosen gilt, sondern insbesondere f\u00fcr die politischen F\u00fchrungskr\u00e4fte wie Pr\u00e4sident Emmanuel Macron. Der hat den zuvor gescheiterten Premierminister S\u00e9bastien\u2026","rel":"","context":"In &quot;Demokratie \u2013 Medien \u2013 Aufkl\u00e4rung&quot;","block_context":{"text":"Demokratie \u2013 Medien \u2013 Aufkl\u00e4rung","link":"https:\/\/www.freidenker.org\/?cat=12"},"img":{"alt_text":"","src":"https:\/\/i0.wp.com\/www.freidenker.org\/fw17\/wp-content\/uploads\/2025\/10\/Macron_on_Anniversary_of_D-Day_in_Normandy_800x450.jpg?fit=800%2C450&ssl=1&resize=350%2C200","width":350,"height":200,"srcset":"https:\/\/i0.wp.com\/www.freidenker.org\/fw17\/wp-content\/uploads\/2025\/10\/Macron_on_Anniversary_of_D-Day_in_Normandy_800x450.jpg?fit=800%2C450&ssl=1&resize=350%2C200 1x, https:\/\/i0.wp.com\/www.freidenker.org\/fw17\/wp-content\/uploads\/2025\/10\/Macron_on_Anniversary_of_D-Day_in_Normandy_800x450.jpg?fit=800%2C450&ssl=1&resize=525%2C300 1.5x, https:\/\/i0.wp.com\/www.freidenker.org\/fw17\/wp-content\/uploads\/2025\/10\/Macron_on_Anniversary_of_D-Day_in_Normandy_800x450.jpg?fit=800%2C450&ssl=1&resize=700%2C400 2x"},"classes":[]},{"id":8938,"url":"https:\/\/www.freidenker.org\/?p=8938","url_meta":{"origin":7897,"position":2},"title":"Rekordstand des US-B\u00f6rsenindex Dow Jones","author":"Webredaktion","date":"30. November 2020","format":false,"excerpt":"Ein Kommentar von Rainer Rupp Am Mittwoch dieser Woche hat der Leitindex der US-B\u00f6rse, der Dow Jones Industrial Average, die schwindelerregende Rekordmarke von 30.000 Punkten \u00fcbersprungen. Man sollte meinen, dass historische H\u00f6chstst\u00e4nde der B\u00f6rsen etwas mit boomender Wirtschaft, Vollbesch\u00e4ftigung, guten Einkommen und lebhaftem Konsum zu tun haben, verbunden mit au\u00dferordentlich\u2026","rel":"","context":"In &quot;Demokratie \u2013 Medien \u2013 Aufkl\u00e4rung&quot;","block_context":{"text":"Demokratie \u2013 Medien \u2013 Aufkl\u00e4rung","link":"https:\/\/www.freidenker.org\/?cat=12"},"img":{"alt_text":"","src":"https:\/\/i0.wp.com\/www.freidenker.org\/fw17\/wp-content\/uploads\/2020\/11\/wallstreet_architecture-3033561_800x450.jpg?fit=800%2C450&ssl=1&resize=350%2C200","width":350,"height":200,"srcset":"https:\/\/i0.wp.com\/www.freidenker.org\/fw17\/wp-content\/uploads\/2020\/11\/wallstreet_architecture-3033561_800x450.jpg?fit=800%2C450&ssl=1&resize=350%2C200 1x, https:\/\/i0.wp.com\/www.freidenker.org\/fw17\/wp-content\/uploads\/2020\/11\/wallstreet_architecture-3033561_800x450.jpg?fit=800%2C450&ssl=1&resize=525%2C300 1.5x, https:\/\/i0.wp.com\/www.freidenker.org\/fw17\/wp-content\/uploads\/2020\/11\/wallstreet_architecture-3033561_800x450.jpg?fit=800%2C450&ssl=1&resize=700%2C400 2x"},"classes":[]},{"id":7850,"url":"https:\/\/www.freidenker.org\/?p=7850","url_meta":{"origin":7897,"position":3},"title":"Der NATO-Angriff auf Jugoslawien war ein Kriegsverbrechen &#8230;","author":"Webredaktion","date":"3. April 2020","format":false,"excerpt":"Interview von \u017baklin Nasti\u0107, MdB mit der Tageszeitung Vesti ... Als das Bombardement Jugoslawiens durch die NATO am 24.03.1999 begann, war ich 19 Jahre alt. Ich habe an vielen Demonstrationen in Hamburg gegen den Krieg teilgenommen und wurde durch diesen Krieg mehr als zuvor politisiert. Die L\u00fcgen des damaligen Au\u00dfenministers\u2026","rel":"","context":"In &quot;Frieden - Antifaschismus - Solidarit\u00e4t&quot;","block_context":{"text":"Frieden - Antifaschismus - Solidarit\u00e4t","link":"https:\/\/www.freidenker.org\/?cat=13"},"img":{"alt_text":"","src":"https:\/\/i0.wp.com\/www.freidenker.org\/fw17\/wp-content\/uploads\/2020\/04\/nastic_collage_800x450.jpg?fit=800%2C450&ssl=1&resize=350%2C200","width":350,"height":200,"srcset":"https:\/\/i0.wp.com\/www.freidenker.org\/fw17\/wp-content\/uploads\/2020\/04\/nastic_collage_800x450.jpg?fit=800%2C450&ssl=1&resize=350%2C200 1x, https:\/\/i0.wp.com\/www.freidenker.org\/fw17\/wp-content\/uploads\/2020\/04\/nastic_collage_800x450.jpg?fit=800%2C450&ssl=1&resize=525%2C300 1.5x, https:\/\/i0.wp.com\/www.freidenker.org\/fw17\/wp-content\/uploads\/2020\/04\/nastic_collage_800x450.jpg?fit=800%2C450&ssl=1&resize=700%2C400 2x"},"classes":[]},{"id":18510,"url":"https:\/\/www.freidenker.org\/?p=18510","url_meta":{"origin":7897,"position":4},"title":"Lauterbach und der Krieg oder: Wie man das Zerst\u00f6rte optimiert","author":"Webredaktion","date":"9. M\u00e4rz 2024","format":false,"excerpt":"Beitrag von Tom J. Wellbrock Neben Pandemien und Naturkatastrophen sei die Vorbereitung auf \"milit\u00e4rische Konflikte\" von gro\u00dfer Bedeutung, sagte Karl Lauterbach im Deutschlandfunk. Man k\u00f6nnte dieses Gerede als das eines verwirrten Mannes abtun, und man m\u00fcsste es auch, w\u00e4re die Situation nicht so, wie sie ist. Den Krieg nach Russland\u2026","rel":"","context":"In &quot;Demokratie \u2013 Medien \u2013 Aufkl\u00e4rung&quot;","block_context":{"text":"Demokratie \u2013 Medien \u2013 Aufkl\u00e4rung","link":"https:\/\/www.freidenker.org\/?cat=12"},"img":{"alt_text":"Karl Lauterbach","src":"https:\/\/i0.wp.com\/www.freidenker.org\/fw17\/wp-content\/uploads\/2024\/03\/Wahlkampf_Landtagswahl_NRW_2022_4092_800x450.jpg?fit=800%2C450&ssl=1&resize=350%2C200","width":350,"height":200,"srcset":"https:\/\/i0.wp.com\/www.freidenker.org\/fw17\/wp-content\/uploads\/2024\/03\/Wahlkampf_Landtagswahl_NRW_2022_4092_800x450.jpg?fit=800%2C450&ssl=1&resize=350%2C200 1x, https:\/\/i0.wp.com\/www.freidenker.org\/fw17\/wp-content\/uploads\/2024\/03\/Wahlkampf_Landtagswahl_NRW_2022_4092_800x450.jpg?fit=800%2C450&ssl=1&resize=525%2C300 1.5x, https:\/\/i0.wp.com\/www.freidenker.org\/fw17\/wp-content\/uploads\/2024\/03\/Wahlkampf_Landtagswahl_NRW_2022_4092_800x450.jpg?fit=800%2C450&ssl=1&resize=700%2C400 2x"},"classes":[]},{"id":11287,"url":"https:\/\/www.freidenker.org\/?p=11287","url_meta":{"origin":7897,"position":5},"title":"Unter deutscher F\u00fchrung organisert die EU das ArbeitsUnrecht &#8211; \u201eCorona\u201c-versch\u00e4rft","author":"Webredaktion","date":"29. September 2021","format":false,"excerpt":"Beitrag von Werner R\u00fcgemer\u00a0aus FREIDENKER 3-21 Proteste zur Verteidigung demokratischer Rechte lassen oft einen zentralen Lebensbereich unbeachtet: die sozialen Rechte, die doch f\u00fcr die Lage der abh\u00e4ngig Besch\u00e4ftigten zentral sind. Seit ihren Vorstufen in der Montanunion der 1950er Jahre organisiert die EU im Interesse gro\u00dfer Kapitalisten die Ausbeutung und Entrechtung\u2026","rel":"","context":"In &quot;Arbeit &amp; Soziales&quot;","block_context":{"text":"Arbeit &amp; Soziales","link":"https:\/\/www.freidenker.org\/?cat=11"},"img":{"alt_text":"","src":"https:\/\/i0.wp.com\/www.freidenker.org\/fw17\/wp-content\/uploads\/2021\/09\/ruegemer_buchtitel_motiv_800x450.jpg?fit=800%2C450&ssl=1&resize=350%2C200","width":350,"height":200,"srcset":"https:\/\/i0.wp.com\/www.freidenker.org\/fw17\/wp-content\/uploads\/2021\/09\/ruegemer_buchtitel_motiv_800x450.jpg?fit=800%2C450&ssl=1&resize=350%2C200 1x, https:\/\/i0.wp.com\/www.freidenker.org\/fw17\/wp-content\/uploads\/2021\/09\/ruegemer_buchtitel_motiv_800x450.jpg?fit=800%2C450&ssl=1&resize=525%2C300 1.5x, https:\/\/i0.wp.com\/www.freidenker.org\/fw17\/wp-content\/uploads\/2021\/09\/ruegemer_buchtitel_motiv_800x450.jpg?fit=800%2C450&ssl=1&resize=700%2C400 2x"},"classes":[]}],"_links":{"self":[{"href":"https:\/\/www.freidenker.org\/index.php?rest_route=\/wp\/v2\/posts\/7897","targetHints":{"allow":["GET"]}}],"collection":[{"href":"https:\/\/www.freidenker.org\/index.php?rest_route=\/wp\/v2\/posts"}],"about":[{"href":"https:\/\/www.freidenker.org\/index.php?rest_route=\/wp\/v2\/types\/post"}],"author":[{"embeddable":true,"href":"https:\/\/www.freidenker.org\/index.php?rest_route=\/wp\/v2\/users\/3"}],"replies":[{"embeddable":true,"href":"https:\/\/www.freidenker.org\/index.php?rest_route=%2Fwp%2Fv2%2Fcomments&post=7897"}],"version-history":[{"count":0,"href":"https:\/\/www.freidenker.org\/index.php?rest_route=\/wp\/v2\/posts\/7897\/revisions"}],"wp:featuredmedia":[{"embeddable":true,"href":"https:\/\/www.freidenker.org\/index.php?rest_route=\/wp\/v2\/media\/7902"}],"wp:attachment":[{"href":"https:\/\/www.freidenker.org\/index.php?rest_route=%2Fwp%2Fv2%2Fmedia&parent=7897"}],"wp:term":[{"taxonomy":"category","embeddable":true,"href":"https:\/\/www.freidenker.org\/index.php?rest_route=%2Fwp%2Fv2%2Fcategories&post=7897"},{"taxonomy":"post_tag","embeddable":true,"href":"https:\/\/www.freidenker.org\/index.php?rest_route=%2Fwp%2Fv2%2Ftags&post=7897"}],"curies":[{"name":"wp","href":"https:\/\/api.w.org\/{rel}","templated":true}]}}