{"id":7890,"date":"2020-04-08T22:25:17","date_gmt":"2020-04-08T20:25:17","guid":{"rendered":"https:\/\/www.freidenker.org\/?p=7890"},"modified":"2020-05-13T23:44:00","modified_gmt":"2020-05-13T21:44:00","slug":"der-wert-eines-lebens","status":"publish","type":"post","link":"https:\/\/www.freidenker.org\/?p=7890","title":{"rendered":"Der Wert eines Lebens"},"content":{"rendered":"<h4>Die d\u00fcnne Decke unserer Zivilisation bricht \u2014 bestimmte Leben z\u00e4hlen in Zeiten von Notstand und Panik nicht mehr.<\/h4>\n<p><em>von <strong>Hermann Ploppa<\/strong><\/em><\/p>\n<p><em>(Erstver\u00f6ffentlichung am 01.04.2020 auf <a href=\"https:\/\/www.rubikon.news\/artikel\/der-wert-eines-lebens\" target=\"_blank\" rel=\"noopener noreferrer\">Rubikon)<\/a><\/em><\/p>\n<p>Am 23. M\u00e4rz 2020 besuchte eine Delegation des <em>Deutschen Instituts f\u00fcr Katastrophenmedizin<\/em> (IfKM) die Intensivstationen in Stra\u00dfburg. Das IfKM schrieb dar\u00fcber einen Tag sp\u00e4ter einen Brief an die Landesregierung von Baden-W\u00fcrttemberg. Zun\u00e4chst <a href=\"https:\/\/www.tagesspiegel.de\/wissen\/patienten-ueber-80-jahre-werden-nicht-mehr-beatmet-deutsche-katastrophenaerzte-verfassen-alarmbericht-ueber-strassburg\/25682596.html\">berichteten<\/a> einschl\u00e4gige Zeitungen, die deutschen Beobachter in Stra\u00dfburg seien \u201eentsetzt\u201c gewesen \u00fcber die dortigen Verh\u00e4ltnisse. Denn die Intensivstationen seien vollkommen \u00fcberlaufen von Notfallpatienten; das Pflegepersonal und die \u00c4rzte seien teilweise selber Corona-infiziert, w\u00fcrden aber wegen Personalmangel weiterarbeiten. Und Patienten, die \u00e4lter als achtzig Jahre seien, w\u00fcrden gar nicht mehr an die Beatmungsger\u00e4te angeschlossen, sondern bek\u00e4men sofort \u201eSterbehilfe\u201c. Bedeutet: sie werden mit starken Schlafmitteln und Opiaten daran gehindert, ihr qualvolles Ersticken noch bewusst zu erleben und zu erleiden. Nun wei\u00df jeder, der Sterbende begleitet hat, dass auch die st\u00e4rksten Palliativma\u00dfnahmen nicht unterbinden k\u00f6nnen, dass die Moribunden doch f\u00fcr Sekunden oder Minuten aus ihrem Koma erwachen und ihre furchtbare Situation voll erfassen. Wie kann, wie darf so etwas geschehen? Und geschieht es wom\u00f6glich vor allem wegen einer \u00dcberbewertung der Corona-Gefahr, dank derer die Ressourcen ohnehin besch\u00e4digter Gesundheitssysteme nun auch noch fehlverteilt werden \u2014 weg von den am meisten Bed\u00fcrftigen?<\/p>\n<p><strong>War das Institut f\u00fcr Katastrophenmedizin wirklich \u201eentsetzt\u201c? <\/strong>Der Wortlaut des Briefes des IfKM wurde den interessierten Lesern vorenthalten. Als der Arzt Dr. Bodo Schiffmann in der stark angefragten <a href=\"https:\/\/www.youtube.com\/channel\/UCfPIdT5vkOwQyDAtyhxaFzw\/videos\">YouTube-Serie<\/a> aus der Schwindelambulanz in seiner elften Folge den durch gezielte Indiskretion an ihn gelangten IfKM-Brief im Original vorzeigte, wurde dieser YouTube-Beitrag sofort von den YouTube-Betreibern gel\u00f6scht, also: zensiert.<\/p>\n<p>Ich \u00fcberlasse es den Lesern selber zu beurteilen, ob das IfKM in dem besagten Schreiben an die baden-w\u00fcrttembergische Landesregierung tats\u00e4chlich so etwas wie \u201eEntsetzen\u201c zum Ausdruck bringt, wenn es \u201eweitere konsequente Ma\u00dfnahmen der Landesregierungen, der Krankenh\u00e4user und der Rettungsdienste in Deutschland\u201c f\u00fcr \u201eunabdingbar\u201c erkl\u00e4rt und weiter ausf\u00fchrt:<\/p>\n<p><em>\u201eVorangestellt sei, dass das Nadel\u00f6hr die zu beatmenden Patienten sind. Unter der Annahme, dass sich die Entwicklung, wie diese bereits im Elsass besteht, bald auch in Deutschland einstellen wird, ist eine optimale Vorbereitung von allerh\u00f6chster Dringlichkeit.\u201c<\/em><\/p>\n<p>Es schlie\u00dfen sich Schlussfolgerungen an, die sich anh\u00f6ren wie Handlungsempfehlungen, was aber nicht vollkommen eindeutig ist: f\u00fcr Patienten \u00fcber achtzig Jahren keine Intubation (also: k\u00fcnstliche Beatmung) mehr. Stattdessen Sterbebegleitung mit Opiaten und Schlafmitteln. In Pflegeheimen: Patienten \u00fcber achtzig Jahre, die beatmungspflichtig w\u00e4ren, erhalten eine <em>schnelle<\/em> Sterbebegleitung mit Opiaten und Schlafmitteln <em>durch den Rettungsdienst<\/em>.<\/p>\n<p>Es ist ein Vorgehensprotokoll zu erstellen, das durch eine ad hoc zu installierende Ethik-Kommission genehmigt und abgezeichnet wird. In jedem Einzelfall m\u00fcssen die Rettungssanit\u00e4ter diese Ethik-Kommission anrufen und dann entweder den Patienten in die Intensivstation bringen oder vor Ort mit t\u00f6dlichen Dosen von Opiaten aus dem Leben bringen.<\/p>\n<blockquote><p>Es bedarf keiner juristischen Spitzfindigkeit um festzustellen, dass diese Vorgehensweise illegal ist und einen Bruch mit allen ethischen Grunds\u00e4tzen darstellt, die nach dem Horror des Holocaust allgemein als selbstverst\u00e4ndlich angenommen wurden.<\/p><\/blockquote>\n<p>Das hat auch nichts mit Euthanasie zu tun. Euthanasie stammt aus dem Griechischen und bedeutet so viel wie: \u201esch\u00f6ner Tod\u201c. Im angloamerikanischen Sprachraum versteht man darunter Sterbehilfe. Unabdingbare Grundlage einer solchen Begleitung ist immer die Einwilligung der betroffenen Patienten.<\/p>\n<p>Passive Sterbehilfe bedeutet: wenn ein qualvolles Vegetieren nur noch mit Hilfe von Maschinen m\u00f6glich ist, und der Patient bittet darum, die Maschinen abzuschalten, dann ist dem Folge zu leisten. Die aktive Sterbehilfe ist in den Niederlanden und Belgien erlaubt. In diesem Falle bittet der Patient darum, ihm eine t\u00f6dliche Spritze zu verabreichen, was dann unter fachkundiger \u00e4rztlicher Begleitung durchgef\u00fchrt wird.<\/p>\n<p>Daf\u00fcr gibt es strenge Kriterien. Der Patient muss tats\u00e4chlich unter extremen Einschr\u00e4nkungen leiden, die ein w\u00fcrdiges Leben auf Dauer unm\u00f6glich macht. Um als potentieller Patient extremer Leiden auf der sicheren Seite zu sein, empfiehlt es sich, eine Patientenverf\u00fcgung zu verfassen, um nicht Opfer einer sinnlosen lebenserhaltenden Apparatemedizin zu werden.<\/p>\n<p>Wie auch immer die Position des Instituts f\u00fcr Katastrophenmedizin einzusch\u00e4tzen ist: das Vorgehen im Elsass ist ein Dammbruch, der in der Schockstarre der medial inszenierten Sarg-Paraden im Zusammenhang mit Covid-19 in seiner Tragweite noch gar nicht erfasst wird. Der sozusagen im Windschatten der allgemeinen Existenzgef\u00e4hrdung unbemerkt mitl\u00e4uft.<\/p>\n<blockquote><p>Jetzt k\u00f6nnen wieder Menschen gegen ihren Willen von Medizinern get\u00f6tet werden. Ermordet werden. Der Nazi-Arzt Karl Brandt wurde f\u00fcr so etwas in N\u00fcrnberg zum Tode verurteilt.<\/p><\/blockquote>\n<p>Zum einen ist dieser Mordbefehl eine Bankrotterkl\u00e4rung des Staates. Der Staat hat sich so wichtige Funktionen der Daseinsvorsorge wie das Gesundheitswesen aus der Hand nehmen lassen. Privatisierte Krankenh\u00e4user haben ein klares Unternehmensziel: sie sollen Gewinn und Rendite abwerfen f\u00fcr die zu G\u00f6ttern erhobenen \u201eInvestoren\u201c. Folglich wird Personal zusammengeschrumpft, bis eben kein Arzt mehr kommt.<\/p>\n<p>Die Bertelsmann-Stiftung propagiert die Schlie\u00dfung von Krankenh\u00e4usern in der Fl\u00e4che zugunsten von industriellen Gro\u00dfkrankenh\u00e4usern. Schon unter normalen Umst\u00e4nden pfeifen Belegschaft und Maschinen auf dem letzten Loch.<\/p>\n<p>Treten dann noch Sondersituationen auf wie jetzt bei der vorgeblichen Covid-19-Pandemie, dann kommt die Krankenhaus-Megamaschine zum Erliegen. Hier zeigt sich der Unterschied zwischen den desolaten Zust\u00e4nden in den amputierten europ\u00e4ischen Nationalstaaten und einem vor Kraft strotzenden Staatswesen wie jenem der Volksrepublik China, das einfach mal eben neue Krankenh\u00e4user aus dem Boden stampfen kann, wenn ein Notstand ausbricht.<\/p>\n<p>Zum anderen betrifft die Rentabilit\u00e4tsrechnung nicht nur die Krankenhausmaschine. Im ausgefalteten Marktradikalismus wird konsequenterweise auch geschaut, wie rentabel eigentlich ein Mensch ist. Bringt der Mensch im Laufe seines Lebens der Gemeinschaft Gewinn ein \u2014 oder muss die Gemeinschaft \u201ef\u00fcr dieses Leben\u201c immer nur Geld zubuttern?<\/p>\n<p>Diese Rentabilit\u00e4tslogik war offizielle Staatsdoktrin im Nazireich. Behinderte Kinder wurden in Hadamar vergast \u2014 und Medizinstudenten schauten dem elenden Sterben der entsetzten nackten Kinder hinter Glasscheiben zu und schrieben ihre Beobachtungen auf.<\/p>\n<p>Kranke, alte, geistig und k\u00f6rperlich behinderte Menschen wurden industriell ermordet. Als der Bischof Galen in einer Predigt in M\u00fcnster diese Praktiken von der Kanzel gei\u00dfelte, wurden die Nazis vorsichtiger und verst\u00e4rkten die Ma\u00dfnahmen der Vertuschung.<\/p>\n<p>Doch die Praxis der Nazi-Diktatur war nur das Echo auf eine g\u00e4ngige Praxis in Gro\u00dfbritannien und den Vereinigten Staaten von Amerika. Das ist wenig bekannt. Wenn wir das verstehen, k\u00f6nnen wir auch die jetzigen Dammbr\u00fcche im Elsass mit ganz anderen Augen betrachten.<\/p>\n<p>Schon Charles Dickens beschreibt in seinem Roman <em>Oliver Twist<\/em>, wie der Protagonist als Waisenkind in eine Pflegefamilie ger\u00e4t. Die \u201ePflegemutter\u201c beh\u00e4lt das ihr von der Stadt f\u00fcr die Ern\u00e4hrung und Bekleidung ausgeh\u00e4ndigte Geld f\u00fcr sich selber ein, und die Pflegekinder sterben rasch an Aushungerung und Infektionen. Dickens klagte mit seinen Romanen diese grassierenden Missst\u00e4nde in England wortgewaltig und mit bitterer Ironie an.<\/p>\n<p>Auch in den USA h\u00e4uften sich die Berichte \u00fcber die systematische Zu-Tode-Pflege von anvertrauten behinderten oder sozial auff\u00e4lligen Heimkindern. Manche Berichte sprachen hier von einer Todesrate bis zu 40 Prozent (1).<\/p>\n<p>Das waren keine Ausrutscher. Charles Henderson, Pr\u00e4sident der <em>National Conference for Charities and Correction<\/em>, also dem nationalen Treffen der Wohlfahrt- und Besserungseinrichtungen der USA, sagte auf der Konferenz im Mai 1899 vor Heimleitern:<\/p>\n<p><em>\u201eWir w\u00fcnschen, dass dieser parasitische Zweig [die Heiminsassen] ausstirbt.\u201c<\/em><\/p>\n<p>Und in der Mai-Ausgabe der entsprechenden Fachzeitschrift <em>Institution Quarterly<\/em> hei\u00dft es:<\/p>\n<p><em>\u201eEs w\u00e4re ein Akt der Freundlichkeit f\u00fcr diese [Heiminsassen] und ein Akt des Schutzes f\u00fcr den Staat, wenn sie get\u00f6tet werden k\u00f6nnten\u201c<\/em> (2).<\/p>\n<blockquote><p>\u00c4hnliche Empfehlungen gaben hochrangige Pers\u00f6nlichkeiten der USA auch f\u00fcr die Behandlung von zwangsverschleppten Indianerkindern und Obdachlosen ab.<\/p><\/blockquote>\n<p>Die Berechnung der Rentabilit\u00e4t eines Menschen f\u00fcr die Gesellschaft, sprich: f\u00fcr die Unternehmer, nahm bereits der Statistiker Richmond Mayo-Smith im Jahre 1895 vor:<\/p>\n<p><em>\u201eVon einer Million geborenen Personen sterben 72.397 im Alter zwischen 15 und 45 Jahren an Schwindsucht (&#8230;). Wenn wir den Geldwert jeder Person im Alter zwischen 15 und 45 Jahren mit 200 Pfund Sterling ansetzen, dann betr\u00e4gt der Verlust alleine schon 14.479.400 Pfund Sterling\u201c<\/em> (3).<\/p>\n<p>Margaret Sanger wusste in den 1920er Jahren diese Kalkulation auf neue Gipfelpunkte zu heben. Sie begr\u00fcndete die <em>Birth Control League<\/em>, die nach dem Zweiten Weltkrieg in <em>Planned Parenthood<\/em> (deutsche Filiale: Pro Familia) umbenannt wurde und Einfluss auf die Bev\u00f6lkerungspolitik in Indien und China nahm. Frau Sanger schreibt in ihrem viel beachteten Bestseller <em>The Pivot of Civilization<\/em> aus dem Jahre 1922:<\/p>\n<p><em>\u201eGeisteskrankheit, die, wie wir uns erinnern sollten, in hohem Ma\u00dfe erblich ist, zieht jedes Jahr vom Staatsetat nicht weniger als 11.985.695.55 Dollar und aus privaten und Stiftungsmitteln noch einmal zwanzig Millionen Dollar ab. Wenn wir weiterhin erfahren, dass die Gesamtzahl der Insassen in \u00f6ffentlichen und privaten Einrichtungen im Staat New York \u2014 in Armenh\u00e4usern, Besserungsanstalten, Blinden-, Tauben- und Stummenschulen, in Irrenasylen, in Heimen f\u00fcr die feeble-minded und f\u00fcr die Epileptiker \u2014 sich auf nicht weniger als 65.000 bel\u00e4uft \u2014 eine unbedeutende Anzahl verglichen mit der Gesamtbev\u00f6lkerung \u2014, dann sollten uns die Augen ge\u00f6ffnet sein f\u00fcr die furchtbaren Kostenaufwendungen f\u00fcr die Gemeinschaft zugunsten der toten Last dieses menschlichen Abfalls\u201c<\/em> (4).<\/p>\n<p>Auch der uns immer so als Humanist gepriesene irisch-britische Dramatiker George Bernard Shaw, seines Zeichens Sozialreformer der <em>Fabian Society<\/em>, aus der die <em>Labor Party<\/em> hervorgegangen ist, propagierte 1910 in einem Vortrag die Euthanasie:<\/p>\n<p><em>\u201eEin Teil der eugenischen Politik w\u00fcrde uns endlich zu einem ausgiebigen Gebrauch der T\u00f6tungskammer f\u00fchren. Eine gro\u00dfe Anzahl Menschen m\u00fcsste aus dem Leben gebracht werden, ganz einfach, weil es die Zeit von anderen Menschen vergeudet, sich um sie zu k\u00fcmmern\u201c<\/em> (5).<\/p>\n<p>1915 begann Hollywood, die Euthanasie in gro\u00dfem Stil zu propagieren. Im Film <em>The Black Stork<\/em> (Der Schwarze Storch) wird ein Arzt gefeiert, der ein behindertes Kind zu Tode vernachl\u00e4ssigen l\u00e4sst, das nach seinem Tod von Jesus aus dem Krankenhaus getragen wird. Diese \u201eEugenische Liebesgeschichte\u201c wurde USA-weit beworben mit Plakaten, auf denen zu lesen ist:<\/p>\n<p><em>\u201eT\u00f6te Behinderte. Rette die Nation und schau&#8216; Dir den \u201aSchwarzen Storch\u2019 an.\u201c<\/em><\/p>\n<p>Der Film wurde ein absoluter Renner und wurde in den Kinos bis in die 1940er Jahre abgespult.<\/p>\n<p>Nur noch ein Beispiel f\u00fcr unz\u00e4hlige andere: 1936 ver\u00f6ffentlicht der franz\u00f6sische Chirurg Alexis Carrell, der in den USA unter den Fittichen der Rockefeller-Stiftung Karriere gemacht hatte, seinen Bestseller <em>Man the Unknown<\/em>.<\/p>\n<p>Das Buch, das in viele Sprachen \u00fcbersetzt wurde und den Nazis in Deutschland willkommene Sch\u00fctzenhilfe leistete, verherrlicht die T\u00f6tung unwerten Lebens. Als <em>Der Mensch \u2014 das unbekannte Wesen<\/em> in der \u00dcbersetzung des Bestsellerautors W.E. S\u00fcskind wurde es in Deutschland noch bis weit in die 1950er Jahre verkauft.<\/p>\n<p>Es sei der Vollst\u00e4ndigkeit halber noch erw\u00e4hnt, dass die deutsche Rassenhygiene der 1920er Jahre die Euthanasie abgelehnt und verurteilt hatte. Das Rentabilit\u00e4tsargument wurde in Deutschland im Jahre 1920 von dem Juristen Karl Binding und dem Psychiater Alfred Hoche in einem viel beachteten Aufsatz eingef\u00fchrt (6). Allerdings wurde dieser Vorsto\u00df von christlichen, liberalen und sozialistischen Kreisen gleicherma\u00dfen abgelehnt.<\/p>\n<p>Erst unter der Nazi-Diktatur war es m\u00f6glich, die Rentabilit\u00e4tslogik auch in Deutschland aufzupflanzen. Dass diese Ermordung Wehrloser aus Rentabilit\u00e4tsgr\u00fcnden schlie\u00dflich \u00fcberging in den millionenfachen Massenmord des Holocaust, f\u00fchrte nach dem Zweiten Weltkrieg zu einer Tabuisierung der m\u00f6rderischen Perversion der Euthanasie.<\/p>\n<p>Was nicht hei\u00dft, dass sie nicht auch unter der Decke medizinischer Willk\u00fcr in reduzierter Gr\u00f6\u00dfenordnung weiter betrieben wurde. Als 1976 der Kinder-Serienm\u00f6rder J\u00fcrgen Bartsch, der selber Opfer extremer Gewalt in seiner Kindheit geworden war, bei einer Kastrationsoperation durch einen Kunstfehler verstarb, wurde in der \u00d6ffentlichkeit \u00fcber eine m\u00f6glicherweise absichtliche T\u00f6tung von Bartsch spekuliert. Und als Ulrike Meinhof einer zwangsweisen Hirnoperation unterzogen werden sollte, an der sie h\u00e4tte sterben k\u00f6nnen, wurde dieser Eingriff durch massive Proteste der \u00d6ffentlichkeit verhindert.<\/p>\n<p>Die Schamgrenze schwand erst in den 1990er Jahren <a href=\"https:\/\/www.zeit.de\/1996\/19\/singer.txt.19960503.xml\">dahin<\/a>, als der australische Ethikforscher Peter Singer die T\u00f6tung von behinderten S\u00e4uglingen f\u00fcr legitim <a href=\"https:\/\/www.welt.de\/politik\/deutschland\/article141455268\/So-begruendet-Peter-Singer-Toetung-behinderter-Babys.html\">erkl\u00e4rte<\/a>. Das konnte er nat\u00fcrlich nicht so einfach sagen. Er musste der \u00d6ffentlichkeit eine Art von Ausgleichslogik pr\u00e4sentieren: die Rechte von Tieren werden verbessert. Daf\u00fcr m\u00fcssten die Daseinsrechte der Menschen reduziert werden.<\/p>\n<blockquote><p>Singer war unstreitig die Vorhut f\u00fcr weitere Zumutungen. Er genie\u00dft die Protektion und die Gunst der ganz M\u00e4chtigen, wie zum Beispiel dem reichsten Mann der Welt, Bill Gates. Es gibt sogar einen Peter-Singer-Preis, der j\u00e4hrlich verliehen wird.<\/p><\/blockquote>\n<p>Von den T\u00f6tungen auf Verlangen der Patienten, die in den Niederlanden und Belgien mittlerweile legal sind, war schon die Rede. In den 1990er Jahren f\u00e4llte auch das Oberste Gericht Gro\u00dfbritanniens das Urteil, dass es rechtm\u00e4\u00dfig sei, einen bewusstlosen siebzehnj\u00e4hrigen Jungen, der bei einer Panik in der Fussballarena zerdr\u00fcckt worden war, von der k\u00fcnstlichen Beatmung abzunehmen und sterben zu lassen.<\/p>\n<p>Hier kam zum ersten Mal seit dem Holocaust die h\u00f6chstrichterliche Erlaubnis zum T\u00f6ten eines Menschen ohne dessen Einverst\u00e4ndnis, mit Bezug auf die nicht mehr vorhandene Lebensqualit\u00e4t des jungen Anthony. Klingt gut. Aber von der T\u00f6tung aufgrund fehlender Lebensqualit\u00e4t zur unerlaubten T\u00f6tung \u201elebensunwerten Lebens\u201c ist es nicht mehr weit.<\/p>\n<p>Bis dato hatte man noch Hemmungen, mehr als eine Person gleichzeitig quasi tot-zu-spritzen. Auch die unbeschreiblich erb\u00e4rmliche Begr\u00fcndung, man m\u00fcsse jetzt Menschen t\u00f6ten, weil nicht genug Rettungskapazit\u00e4ten f\u00fcr alle da seien, wie jetzt in Frankreich, gab es noch nie in einer reichen \u00dcberflussgesellschaft.<\/p>\n<blockquote><p>Doch zweifellos sind die Rentabilit\u00e4tsapostel des Marktradikalismus ihren schaurigen Wunschtr\u00e4umen durch m\u00f6gliche T\u00f6tungen wegen des Corona-Notstand ein gewaltiges St\u00fcck n\u00e4her gekommen.<\/p><\/blockquote>\n<p>Wenn wir nicht energisch gegensteuern, werden die Seniorenmorde von Stra\u00dfburg bald in Gesetze gegossen. Hier vollzieht sich vor unseren Augen ein zivilisatorischer Dammbruch, wie wir ihn uns noch vor wenigen Wochen nicht haben vorstellen k\u00f6nnen.<\/p>\n<blockquote><p>Wehret den Anf\u00e4ngen!<\/p><\/blockquote>\n<p>Sonst wird wom\u00f6glich die Dystopie von Aldous Huxley doch noch Wirklichkeit. In seinem Roman <em>Sch\u00f6ne Neue Welt<\/em> wird jeder B\u00fcrger, der seinen sechzigsten Geburtstag erreicht, in speziellen Einrichtungen \u201evaporiert\u201c, also get\u00f6tet, um danach in einem Kraft-W\u00e4rme-Kraftwerk der Gemeinschaft als Energietr\u00e4ger zu dienen.<\/p>\n<p style=\"text-align: right;\"><em>Hermann Ploppa, Marburg,\u00a0 ist Politologe und Publizist und schrieb u.a. den <\/em><em>Bestseller \u201eDie Macher hinter den Kulissen \u2013 Wie transatlantische Netzwerke heimlich die Demokratie unterwandern\u201c <\/em><br \/>\n<em>Er war Referent bei der <a href=\"https:\/\/www.freidenker.org\/?p=7354#ref2\">Freidenker-Konferenz \u201eDer tiefe Staat\u201c<\/a>\u00a0 2019 in Stuttgart.<\/em><\/p>\n<p>&nbsp;<\/p>\n<h5><strong>Quellen und Anmerkungen:<\/strong><\/h5>\n<p>(1) Edwin Black: The War against the Weak \u2014 Eugenics and America\u2019s Campaign to create a Master Race. New York\/London 2003, S. 257<br \/>\n(2) a.a.O., S. 255<br \/>\n(3) Hermann Ploppa: Hitlers amerikanische Lehrer \u2014 Die Eliten der USA als Geburtshelfer des Nationalsozialismus. Marburg 2016. S. 153<br \/>\n(4) Margaret Sanger, The Pivot of Civilization. New York 1922. S. 112<br \/>\n(5) Ploppa, Hitlers, S. 158: \u201eA part of eugenic politics would finally land us in an extensive use of the lethal chamber. A great many people would have to be put out of existence simply because it wastes other people&#8217;s time to look after them.\u201c Und G.B. Shaw im Jahre 1934: \u201eIf people are fit to live, let them live under decent human conditions. If they are not fit to live, kill them in a decent human way.\u201c<br \/>\n(6) Karl Binding, Alfred Hoche: Die Freigabe der Vernichtung unwerten Lebens. Leipzig 1920<\/p>\n<p>&nbsp;<\/p>\n<p><span style=\"font-size: 10pt;\">Link zur Erstver\u00f6ffentlichung: <a href=\"https:\/\/www.rubikon.news\/artikel\/der-wert-eines-lebens\" target=\"_blank\" rel=\"noopener noreferrer\">https:\/\/www.rubikon.news\/artikel\/der-wert-eines-lebens<\/a><\/span><\/p>\n<hr \/>\n<p><span style=\"font-size: 10pt;\">Bild: <a href=\"https:\/\/pixabay.com\/de\/photos\/hospiz-pflege-1753585\/\" target=\"_blank\" rel=\"noopener noreferrer\">pixabay.com<\/a> \/ User: <a class=\"hover_opacity\" href=\"https:\/\/pixabay.com\/de\/users\/truthseeker08-2411480\/\">truthseeker08<\/a> \/ Lizenz: <a href=\"https:\/\/pixabay.com\/de\/service\/license\/\">Pixabay License<\/a><br \/>\n<\/span><\/p>\n","protected":false},"excerpt":{"rendered":"<p><b>Beitrag von Hermann Ploppa<\/b><br \/>\nAm 23. M\u00e4rz 2020 besuchte eine Delegation des Deutschen Instituts f\u00fcr Katastrophenmedizin (IfKM) die Intensivstationen in Stra\u00dfburg. Das IfKM schrieb dar\u00fcber einen Tag sp\u00e4ter einen Brief an die Landesregierung von Baden-W\u00fcrttemberg. Zun\u00e4chst berichteten einschl\u00e4gige Zeitungen, die deutschen Beobachter in Stra\u00dfburg seien \u201eentsetzt\u201c gewesen \u00fcber die dortigen Verh\u00e4ltnisse. Denn die Intensivstationen seien vollkommen \u00fcberlaufen von Notfallpatienten; das Pflegepersonal und die \u00c4rzte seien teilweise selber Corona-infiziert, w\u00fcrden aber wegen Personalmangel weiterarbeiten. Und Patienten, die \u00e4lter als achtzig Jahre seien, w\u00fcrden gar nicht mehr an die Beatmungsger\u00e4te angeschlossen, sondern bek\u00e4men sofort \u201eSterbehilfe\u201c.<\/p>\n","protected":false},"author":3,"featured_media":7894,"comment_status":"closed","ping_status":"closed","sticky":false,"template":"","format":"standard","meta":{"colormag_page_container_layout":"default_layout","colormag_page_sidebar_layout":"default_layout","advanced_seo_description":"","jetpack_seo_html_title":"","jetpack_seo_noindex":false,"jetpack_post_was_ever_published":false,"footnotes":""},"categories":[11,12],"tags":[1256,1269,1270,577,386,1177,1257],"class_list":["post-7890","post","type-post","status-publish","format-standard","has-post-thumbnail","hentry","category-arbeit-soziales","category-demokratie-medien-aufklaerung","tag-corona-virus","tag-ethik","tag-euthanasie","tag-gesundheitspolitik","tag-medizin","tag-notstand","tag-pandemie"],"jetpack_featured_media_url":"https:\/\/i0.wp.com\/www.freidenker.org\/fw17\/wp-content\/uploads\/2020\/04\/hospice-1753585_1280.jpg?fit=1280%2C853&ssl=1","jetpack_shortlink":"https:\/\/wp.me\/p9stpK-23g","jetpack-related-posts":[{"id":6719,"url":"https:\/\/www.freidenker.org\/?p=6719","url_meta":{"origin":7890,"position":0},"title":"Ursula von der Leyen &#8211; Geburtshelferin eines militarisierten Europas","author":"Webredaktion","date":"17. Juli 2019","format":false,"excerpt":"In der Rubrik Tagesdosis wurde am 06.07.2019 bei KenFM der Beitrag \u201eGeburtshelferin eines militarisierten Europas\u201c von Hermann Ploppa ver\u00f6ffentlicht. Die Europ\u00e4ische Union bleibt ihrem in Jahrzehnten m\u00fchsam erarbeiteten Ruf treu. Als kafkaeske Superbeh\u00f6rde steht sie \u00fcber den Niederungen nationaler Auseinandersetzungen und setzt selbstherrlich ihre Beschl\u00fcsse durch. So auch wieder geschehen\u2026","rel":"","context":"In &quot;Demokratie \u2013 Medien \u2013 Aufkl\u00e4rung&quot;","block_context":{"text":"Demokratie \u2013 Medien \u2013 Aufkl\u00e4rung","link":"https:\/\/www.freidenker.org\/?cat=12"},"img":{"alt_text":"","src":"https:\/\/i0.wp.com\/www.freidenker.org\/fw17\/wp-content\/uploads\/2019\/07\/VonDerLeyen_Mueller_MSC2014_800x445.jpg?fit=800%2C445&ssl=1&resize=350%2C200","width":350,"height":200,"srcset":"https:\/\/i0.wp.com\/www.freidenker.org\/fw17\/wp-content\/uploads\/2019\/07\/VonDerLeyen_Mueller_MSC2014_800x445.jpg?fit=800%2C445&ssl=1&resize=350%2C200 1x, https:\/\/i0.wp.com\/www.freidenker.org\/fw17\/wp-content\/uploads\/2019\/07\/VonDerLeyen_Mueller_MSC2014_800x445.jpg?fit=800%2C445&ssl=1&resize=525%2C300 1.5x, https:\/\/i0.wp.com\/www.freidenker.org\/fw17\/wp-content\/uploads\/2019\/07\/VonDerLeyen_Mueller_MSC2014_800x445.jpg?fit=800%2C445&ssl=1&resize=700%2C400 2x"},"classes":[]},{"id":7838,"url":"https:\/\/www.freidenker.org\/?p=7838","url_meta":{"origin":7890,"position":1},"title":"Corona Patentl\u00f6sung","author":"Webredaktion","date":"2. April 2020","format":false,"excerpt":"In der Rubrik Tagesdosis wurde am 27.03.2020 bei KenFM der Beitrag \u201eCorona Patentl\u00f6sung\u201c von Rainer Rupp, Mitglied des Beirats des Deutschen Freidenker-Verbandes, ver\u00f6ffentlicht. Eigentlich wollte ich in meinem heutigen Beitrag darauf eingehen, mit welchen menschenverachtenden Mitteln die Kriegstreiber in Washington die Corona-Krise dazu benutzen, um die Regierung in Teheran und\u2026","rel":"","context":"In &quot;Arbeit &amp; Soziales&quot;","block_context":{"text":"Arbeit &amp; Soziales","link":"https:\/\/www.freidenker.org\/?cat=11"},"img":{"alt_text":"","src":"https:\/\/i0.wp.com\/www.freidenker.org\/fw17\/wp-content\/uploads\/2020\/04\/Corona_Patentl%C3%B6sung_800x450.jpg?fit=800%2C450&ssl=1&resize=350%2C200","width":350,"height":200,"srcset":"https:\/\/i0.wp.com\/www.freidenker.org\/fw17\/wp-content\/uploads\/2020\/04\/Corona_Patentl%C3%B6sung_800x450.jpg?fit=800%2C450&ssl=1&resize=350%2C200 1x, https:\/\/i0.wp.com\/www.freidenker.org\/fw17\/wp-content\/uploads\/2020\/04\/Corona_Patentl%C3%B6sung_800x450.jpg?fit=800%2C450&ssl=1&resize=525%2C300 1.5x, https:\/\/i0.wp.com\/www.freidenker.org\/fw17\/wp-content\/uploads\/2020\/04\/Corona_Patentl%C3%B6sung_800x450.jpg?fit=800%2C450&ssl=1&resize=700%2C400 2x"},"classes":[]},{"id":20161,"url":"https:\/\/www.freidenker.org\/?p=20161","url_meta":{"origin":7890,"position":2},"title":"Eckart von Hirschhausen und Lauterbach drohen mit &#8222;Corona-Aufarbeitung&#8220;","author":"Webredaktion","date":"30. Oktober 2024","format":false,"excerpt":"Beitrag von Bernhard Loyen Die Ampelkoalition wird sich aufgrund \"unterschiedlicher Auffassungen\" in dieser Legislaturperiode nicht mehr mit dem Thema \"Aufarbeitung der Corona-Pandemie\" besch\u00e4ftigen. Ein seitens SPD und Gr\u00fcnen pr\u00e4ferierter \"B\u00fcrgerrat\" sei bis zur Bundestagswahl 2025 nicht realisierbar, so das\u00a0RT-Update\u00a0vom 11. Oktober zum Thema der konsequenten Verweigerungshaltung verantwortlicher Protagonisten dreier dunkler\u2026","rel":"","context":"In &quot;Demokratie \u2013 Medien \u2013 Aufkl\u00e4rung&quot;","block_context":{"text":"Demokratie \u2013 Medien \u2013 Aufkl\u00e4rung","link":"https:\/\/www.freidenker.org\/?cat=12"},"img":{"alt_text":"","src":"https:\/\/i0.wp.com\/www.freidenker.org\/fw17\/wp-content\/uploads\/2024\/10\/Health_for_Future_IMG_0265_50174308517_800x450.jpg?fit=800%2C450&ssl=1&resize=350%2C200","width":350,"height":200,"srcset":"https:\/\/i0.wp.com\/www.freidenker.org\/fw17\/wp-content\/uploads\/2024\/10\/Health_for_Future_IMG_0265_50174308517_800x450.jpg?fit=800%2C450&ssl=1&resize=350%2C200 1x, https:\/\/i0.wp.com\/www.freidenker.org\/fw17\/wp-content\/uploads\/2024\/10\/Health_for_Future_IMG_0265_50174308517_800x450.jpg?fit=800%2C450&ssl=1&resize=525%2C300 1.5x, https:\/\/i0.wp.com\/www.freidenker.org\/fw17\/wp-content\/uploads\/2024\/10\/Health_for_Future_IMG_0265_50174308517_800x450.jpg?fit=800%2C450&ssl=1&resize=700%2C400 2x"},"classes":[]},{"id":11651,"url":"https:\/\/www.freidenker.org\/?p=11651","url_meta":{"origin":7890,"position":3},"title":"Das Infektionsschutzgesetz im Bundestag \u2013 ein Blick in den Abgrund","author":"Webredaktion","date":"21. November 2021","format":false,"excerpt":"Beitrag von Dagmar Henn \"Corona kennt keine L\u00e4ndergrenzen und keine Parteigrenzen.\" Dieser Satz fiel gestern gleich im ersten Redebeitrag zur Debatte der neuesten \u00c4nderungen im Infektionsschutzgesetz, und er kam aus dem Mund der Sozialdemokratin Sabine Dittmer. Mit seiner Anspielung auf \"Ich kenne keine Parteien mehr, ich kenne nur noch Deutsche\"\u2026","rel":"","context":"In &quot;Arbeit &amp; Soziales&quot;","block_context":{"text":"Arbeit &amp; Soziales","link":"https:\/\/www.freidenker.org\/?cat=11"},"img":{"alt_text":"","src":"https:\/\/i0.wp.com\/www.freidenker.org\/fw17\/wp-content\/uploads\/2021\/11\/BVG-Bus_mit_Maske_800x450_v2.jpg?fit=800%2C450&ssl=1&resize=350%2C200","width":350,"height":200,"srcset":"https:\/\/i0.wp.com\/www.freidenker.org\/fw17\/wp-content\/uploads\/2021\/11\/BVG-Bus_mit_Maske_800x450_v2.jpg?fit=800%2C450&ssl=1&resize=350%2C200 1x, https:\/\/i0.wp.com\/www.freidenker.org\/fw17\/wp-content\/uploads\/2021\/11\/BVG-Bus_mit_Maske_800x450_v2.jpg?fit=800%2C450&ssl=1&resize=525%2C300 1.5x, https:\/\/i0.wp.com\/www.freidenker.org\/fw17\/wp-content\/uploads\/2021\/11\/BVG-Bus_mit_Maske_800x450_v2.jpg?fit=800%2C450&ssl=1&resize=700%2C400 2x"},"classes":[]},{"id":8757,"url":"https:\/\/www.freidenker.org\/?p=8757","url_meta":{"origin":7890,"position":4},"title":"Corona \u2013 Ein Geschenk des Himmels f\u00fcr die Finanzelite","author":"Webredaktion","date":"6. Oktober 2020","format":false,"excerpt":"Kommentar von Rainer Rupp Nicht nur in Deutschland, sondern auch in der EU und in den USA erschrecken aktuell die m\u00e4chtigen Entscheider wieder die Bev\u00f6lkerung mit neuen Hiobsbotschaften \u00fcber eine zweite Corona-Welle. \u201eWeltweit eine Million COVID-19 Todesf\u00e4lle\u201c lauteten die Balken\u00fcberschriften in den letzten Tagen. Weltweit seien inzwischen 33 Millionen Menschen\u2026","rel":"","context":"In &quot;Arbeit &amp; Soziales&quot;","block_context":{"text":"Arbeit &amp; Soziales","link":"https:\/\/www.freidenker.org\/?cat=11"},"img":{"alt_text":"","src":"https:\/\/i0.wp.com\/www.freidenker.org\/fw17\/wp-content\/uploads\/2020\/10\/corona_boerse-4880802_800x450.jpg?fit=800%2C450&ssl=1&resize=350%2C200","width":350,"height":200,"srcset":"https:\/\/i0.wp.com\/www.freidenker.org\/fw17\/wp-content\/uploads\/2020\/10\/corona_boerse-4880802_800x450.jpg?fit=800%2C450&ssl=1&resize=350%2C200 1x, https:\/\/i0.wp.com\/www.freidenker.org\/fw17\/wp-content\/uploads\/2020\/10\/corona_boerse-4880802_800x450.jpg?fit=800%2C450&ssl=1&resize=525%2C300 1.5x, https:\/\/i0.wp.com\/www.freidenker.org\/fw17\/wp-content\/uploads\/2020\/10\/corona_boerse-4880802_800x450.jpg?fit=800%2C450&ssl=1&resize=700%2C400 2x"},"classes":[]},{"id":5650,"url":"https:\/\/www.freidenker.org\/?p=5650","url_meta":{"origin":7890,"position":5},"title":"Zu den vorweihnachtlichen Morden in Stra\u00dfburg","author":"Webredaktion","date":"20. Dezember 2018","format":false,"excerpt":"Beitrag von Friedhelm Klinkhammer und Volker Br\u00e4utigam Was ein rechter Staatsfunk ist, zeigt die ARD-aktuell-Redaktion einmal mehr, inhaltlich und sprachlich, in ihrem Bericht \u00fcber die Stra\u00dfburger Trag\u00f6die: Der (mutma\u00dfliche) M\u00f6rder ist tot \/ Die Ordnung ist wiederhergestellt \/ Der Weihnachtsmarkt hat wieder ge\u00f6ffnet \/ Jetzt aber Friede auf Erden und\u2026","rel":"","context":"In &quot;Demokratie \u2013 Medien \u2013 Aufkl\u00e4rung&quot;","block_context":{"text":"Demokratie \u2013 Medien \u2013 Aufkl\u00e4rung","link":"https:\/\/www.freidenker.org\/?cat=12"},"img":{"alt_text":"","src":"https:\/\/i0.wp.com\/www.freidenker.org\/fw17\/wp-content\/uploads\/2018\/12\/tv-2829992_800x445.jpg?fit=800%2C445&ssl=1&resize=350%2C200","width":350,"height":200,"srcset":"https:\/\/i0.wp.com\/www.freidenker.org\/fw17\/wp-content\/uploads\/2018\/12\/tv-2829992_800x445.jpg?fit=800%2C445&ssl=1&resize=350%2C200 1x, https:\/\/i0.wp.com\/www.freidenker.org\/fw17\/wp-content\/uploads\/2018\/12\/tv-2829992_800x445.jpg?fit=800%2C445&ssl=1&resize=525%2C300 1.5x, https:\/\/i0.wp.com\/www.freidenker.org\/fw17\/wp-content\/uploads\/2018\/12\/tv-2829992_800x445.jpg?fit=800%2C445&ssl=1&resize=700%2C400 2x"},"classes":[]}],"_links":{"self":[{"href":"https:\/\/www.freidenker.org\/index.php?rest_route=\/wp\/v2\/posts\/7890","targetHints":{"allow":["GET"]}}],"collection":[{"href":"https:\/\/www.freidenker.org\/index.php?rest_route=\/wp\/v2\/posts"}],"about":[{"href":"https:\/\/www.freidenker.org\/index.php?rest_route=\/wp\/v2\/types\/post"}],"author":[{"embeddable":true,"href":"https:\/\/www.freidenker.org\/index.php?rest_route=\/wp\/v2\/users\/3"}],"replies":[{"embeddable":true,"href":"https:\/\/www.freidenker.org\/index.php?rest_route=%2Fwp%2Fv2%2Fcomments&post=7890"}],"version-history":[{"count":0,"href":"https:\/\/www.freidenker.org\/index.php?rest_route=\/wp\/v2\/posts\/7890\/revisions"}],"wp:featuredmedia":[{"embeddable":true,"href":"https:\/\/www.freidenker.org\/index.php?rest_route=\/wp\/v2\/media\/7894"}],"wp:attachment":[{"href":"https:\/\/www.freidenker.org\/index.php?rest_route=%2Fwp%2Fv2%2Fmedia&parent=7890"}],"wp:term":[{"taxonomy":"category","embeddable":true,"href":"https:\/\/www.freidenker.org\/index.php?rest_route=%2Fwp%2Fv2%2Fcategories&post=7890"},{"taxonomy":"post_tag","embeddable":true,"href":"https:\/\/www.freidenker.org\/index.php?rest_route=%2Fwp%2Fv2%2Ftags&post=7890"}],"curies":[{"name":"wp","href":"https:\/\/api.w.org\/{rel}","templated":true}]}}