{"id":7850,"date":"2020-04-03T02:23:58","date_gmt":"2020-04-03T00:23:58","guid":{"rendered":"https:\/\/www.freidenker.org\/?p=7850"},"modified":"2020-04-16T22:44:38","modified_gmt":"2020-04-16T20:44:38","slug":"der-nato-angriff-auf-jugoslawien-war-ein-kriegsverbrechen","status":"publish","type":"post","link":"https:\/\/www.freidenker.org\/?p=7850","title":{"rendered":"Der NATO-Angriff auf Jugoslawien war ein Kriegsverbrechen &#8230;"},"content":{"rendered":"<h4>&#8230; die Anerkennung des Kosovo ein gro\u00dfer Fehler \u2013 mein Interview f\u00fcr Vesti<\/h4>\n<p><em>Interview von <strong>\u017baklin Nasti\u0107<\/strong>, MdB mit der Tageszeitung <strong><a href=\"https:\/\/www.vesti-online.com\/\" target=\"_blank\" rel=\"noopener noreferrer\">Vesti<\/a><\/strong><\/em><\/p>\n<p><em>(Deutsch zuerst ver\u00f6ffentlicht am 24.03.2020 auf <a href=\"https:\/\/www.zaklinnastic.de\/der-nato-angriff-auf-jugoslawien-war-ein-kriegsverbrechen-die-anerkennung-des-kosovo-ein-grosser-fehler-mein-interview-fur-vesti\/\" target=\"_blank\" rel=\"noopener noreferrer\">www.zaklinnastic.de<\/a>)<\/em><\/p>\n<p>&nbsp;<\/p>\n<p><strong>Was hat alles die Linke (damals PDS) unternommen, als das Bombardment am 24. 03. 1999 angefangen hat?<\/strong><\/p>\n<p>Die LINKE setzt sich konsequent f\u00fcr eine friedliche, auf diplomatischem Austausch basierende Au\u00dfenpolitik ein. Wir lehnen Kriegseins\u00e4tze vom deutschen Boden grunds\u00e4tzlich ab, auch aufgrund eines verantwortungsvollen Umgangs mit unserer Geschichte. Auch 1999 haben wir uns im Deutschen Bundestag (damals als PDS-Fraktion) als einzige politische Kraft gegen die Beteiligung Deutschlands an diesem verbrecherischen Angriffskrieg gegen Jugoslawien ausgesprochen.<\/p>\n<p>Unser damaliger Fraktionsvorsitzender, Gregor Gysi, hat den Angriffskrieg der NATO gegen Jugoslawien klar verurteilt, die Angriffe auf Zivilisten durch NATO-Streitkr\u00e4fte scharf verurteilt und direkte Gespr\u00e4che mit dem serbischen Pr\u00e4sidenten Slobodan Milo\u0161evi\u0107 gef\u00fchrt, um zum Frieden in der Region beizutragen. Die PDS beteiligte sich an zahlreichen Anti-Kriegs- und Anti-NATO-Kundgebungen und organisierte viele Veranstaltungen, um die Bev\u00f6lkerung in Deutschland \u00fcber die Gr\u00e4ueltaten der NATO aufzukl\u00e4ren.<\/p>\n<p><strong>In welchem Alter waren Sie, und haben sie irgendwas davon mitbekommen?<\/strong><\/p>\n<p>Als das Bombardement Jugoslawiens durch die NATO am 24.03.1999 begann, war ich 19 Jahre alt. Ich habe an vielen Demonstrationen in Hamburg gegen den Krieg teilgenommen und wurde durch diesen Krieg mehr als zuvor politisiert. Die L\u00fcgen des damaligen Au\u00dfenministers der Gr\u00fcnen, Joseph Fischer, um den Kriegseinsatz zu legitimieren, haben mich unglaublich erschrocken, aber auch, dass viele deutsche Medien diese L\u00fcgen verbreitet haben. Ich bin vor und nach der Bombardierung vielfach in Serbien gewesen, das Land und die Menschen mit ihrer Herzlichkeit und Gastfreundschaft sind mir bekannt, sie hatten damals wie heute meine Solidarit\u00e4t. Krieg darf niemals Mittel der Politik sein.<\/p>\n<p><strong>Wie sch\u00e4tzen Sie die Reaktionen anderer Parteien in Deutschland in dieser Zeit ein?<\/strong><\/p>\n<p>Mit dem Beschluss vom 16. Oktober 1998, sich am Angriff der NATO auf Jugoslawien zu beteiligen, beendete der Deutsche Bundestag mit gro\u00dfer Mehrheit den seit dem 2. Weltkrieg vorhandenen antimilitaristischen Konsens. Dieser lautete \u201eVom deutschen Boden darf nie wieder Krieg ausgehen\u201c. Diese Entscheidung war eine Katastrophe, welche der friedlichen Au\u00dfenpolitik Deutschlands ein Ende setzte, seit diesem Zeitpunkt beteiligt sich die Bundeswehr nahezu ununterbrochen an weltweiten Kriegseins\u00e4tzen.<\/p>\n<p>Alle Fraktionen au\u00dfer der PDS (jetzt LINKE) stimmten damals f\u00fcr den Kriegseinsatz gegen Jugoslawien. Sie ebneten somit den Weg f\u00fcr die Beteiligung der Bundeswehr an Kriegsverbrechen in Jugoslawien und an T\u00f6tungen von unschuldigen Zivilisten.<\/p>\n<p>Besonders die SPD und Gr\u00fcnen haben nur drei Wochen nach der Bundestagswahl 1998 gro\u00dfen Verrat an den Werten begangen, denen sie Jahrzehnte lang vorgegeben hatten zu folgen. Somit bleibt die PDS bzw. DIE LINKE von da an bis heute die einzige antimilitaristische und antiimperialistische Kraft im Deutschen Bundestag, die sich stets f\u00fcr V\u00f6lkerverst\u00e4ndigung und f\u00fcr friedliche Au\u00dfenpolitik einsetzt \u2013 auch gegen\u00fcber Serbien.<\/p>\n<p><strong>Was soll, nach Meinung der Linken, mit dem Kosovo in Zukunft passieren?<\/strong><\/p>\n<p>Uns Linken war schon damals klar: NATO-Bomben und V\u00f6lkerrechtsbr\u00fcche schaffen keinen Frieden, im Gegenteil. Auch heute setzt sich DIE LINKE konsequent f\u00fcr die Einhaltung des V\u00f6lkerrechts ein. Die Abspaltung des Kosovo war ein V\u00f6lkerrechtsbruch. Die Anerkennung des Kosovo durch die Bundesrepublik Deutschland war nicht rechtens und ein gro\u00dfer Fehler. Dieser muss dringend korrigiert werden, indem man die Anerkennung zur\u00fcckzieht \u2013 daf\u00fcr setze ich mich im Bundestag ein. Ich habe vollstes Verst\u00e4ndnis daf\u00fcr, dass Serbien diese infolge eines NATO-Angriffskrieges und durch V\u00f6lkerrechtsbruch abgespaltene Provinz, deren Politik immer noch von fr\u00fcheren Kriegsverbrechern bestimmt wird, nicht als Staat anerkennen m\u00f6chte. Statt an diesem eklatanten Bruch des V\u00f6lkerrechts weiter festzuhalten, sollte die Bundesregierung vielmehr direkte Gespr\u00e4che zwischen Serben und Albanern zur Konfliktl\u00f6sung unterst\u00fctzen. Nur diplomatische Gespr\u00e4che, auf staatlicher sowie auf zivilgesellschaftlicher Ebene, k\u00f6nnen zu einer nachhaltigen friedlichen L\u00f6sung f\u00fchren. Ich begr\u00fc\u00dfe die Bereitschaft Serbiens, solche Gespr\u00e4che zu f\u00fchren. Gleichzeitig muss klar sein \u2013 Kriegsverbrecher geh\u00f6ren ins Gef\u00e4ngnis, nicht in politische \u00c4mter.<\/p>\n<p><strong>Wie sollen vertriebene Leute aus dem Kosovo entsch\u00e4digt werden?<\/strong><\/p>\n<p>Ich halte Entsch\u00e4digungen f\u00fcr aus dem Kosovo vertriebene Menschen f\u00fcr absolut notwendig. Es muss eine unabh\u00e4ngige Kommission ins Leben gerufen werden, welche das ganze Ausma\u00df der entstandenen Sch\u00e4den objektiv bewertet. Deutschland darf sich als ein Land, welches an den Kriegsverbrechen in Jugoslawien beteiligt war und stets auf der Seite der kosovarischen Kriegsverbrecher-Elite stand, nicht aus der Verantwortung stehlen \u2013 weder moralisch, noch finanziell, noch rechtlich. Doch unz\u00e4hlige tote Menschen k\u00f6nnen nicht mehr zur\u00fcckgebracht werden. Um auch deren Angeh\u00f6rigen zumindest ein wenig Gerechtigkeit zu gew\u00e4hren, m\u00fcssen alle an diesen Morden und Vertreibungen beteiligte Kriegsverbrecher juristisch zur Rechenschaft gezogen werden \u2013 sowohl die kosovarischen Machthaber, als auch die Entscheidungstr\u00e4ger in den beteiligten NATO-Staaten.<\/p>\n<p><strong>Zahl der Serben in Deutschland w\u00e4chst kontinuierlich, in Berlin sind sie die viertgr\u00f6\u00dfte Einwanderergruppe. Meinen Sie, dass sie mehr an der deutschen Politik teilnehmen sollten und was k\u00f6nnen sie machen?<\/strong><\/p>\n<p>Nach Serbien und Bosnien-Herzegowina lebt in Deutschland die gr\u00f6\u00dfte serbische Community Europas. Viele Serbinnen und Serben haben in den 1950-1960er Jahren zum deutschen Wirtschaftswunder beigetragen \u2013 und das obwohl der von Deutschland begonnene Zweite Weltkrieg so viel Leid \u00fcber Serbien und das serbische Volk gebracht hatte. Bis heute leisten die Serbinnen und Serben einen wichtigen Beitrag zum sozialen, kulturellen und politischen Leben in Deutschland und sind eine Bereicherung f\u00fcr unser Land. Es ist von daher besonders schade, dass die Regierungen der Bundesrepublik Deutschland mit ihrer desastr\u00f6sen Politik Spaltung und Verw\u00fcstung auf dem Balkan ges\u00e4t haben, anstatt einen Beitrag f\u00fcr Frieden und V\u00f6lkerverst\u00e4ndigung zu leisten. DIE LINKE setzt sich f\u00fcr eine Politik der Freundschaft zwischen Serbien und Deutschland ein. Nat\u00fcrlich w\u00fcrde ich es begr\u00fc\u00dfen, wenn sich unsere serbischen Mitb\u00fcrgerinnen und Mitb\u00fcrger noch aktiver in das politische Leben in Deutschland einbringen. Sie alle k\u00f6nnen sich sicher sein, dass sie in meiner Partei DIE LINKE eine politische Heimat finde k\u00f6nnen, denn wir stehen konsequent f\u00fcr eine soziale Politik hier in Deutschland, aber auch f\u00fcr freundschaftliche Beziehungen zu Serbien.<\/p>\n<p><strong>Was ist der Fehler im Kampf gegen Corona und was kann die Regierung jetzt am besten unternehmen?<\/strong><\/p>\n<p>Der gr\u00f6\u00dfte Fehler in Deutschland ist nicht nur w\u00e4hrend der Corona-Epidemie gemacht worden, sondern schon in den Jahren zuvor. Es ist die weitreichende Privatisierung und Kommerzialisierung des deutschen Gesundheitssystems, vor der DIE LINKE schon lange gewarnt hat und die sich in dieser schwierigen Zeit besonders bemerkbar macht. Die Bundesregierung war \u00fcber die Gefahren einer potenziellen Pandemie schon seit Jahren weitreichend informiert, trotzdem wurde das Gesundheitssystem darauf nicht vorbereitet. Was wir jetzt schnell brauchen, sind massive Investitionen in das Gesundheitssystem sowie z\u00fcgig wirkende finanzielle Hilfen f\u00fcr besonders betroffene Arbeitnehmer, Auszubildende, Kleinunternehmer und Freiberufler, aber auch f\u00fcr die \u00c4rmsten unter den \u00c4rmsten \u2013 die Obdachlosen, die sich nicht in die h\u00e4usliche Selbstisolation begeben k\u00f6nnen. Eine Gesellschaft ist nur so stark und so gesund, wie das schw\u00e4chste Mitglied dieser Gesellschaft.<\/p>\n<p>Au\u00dferdem rufe ich Deutschland und die EU dazu auf, endlich zu begreifen, dass man eine Pandemie nur gemeinsam solidarisch bek\u00e4mpfen kann. Dass man jahrelang Druck auf Serbien macht, seine Wirtschaft zu liberalisieren und f\u00fcr EU-Konzerne unbegrenzt zu \u00f6ffnen sowie sich von Russland und China zu distanzieren, aber nun, in Zeiten der Corona-Krise, die Serben im Stich l\u00e4sst, ist ein peinliches Eingest\u00e4ndnis von Egoismus und Profitwahn. Es ist gut, dass China und einige andere L\u00e4nder bereit sind, zu helfen. Ich w\u00fcnsche den Menschen auch in Serbien, dass wir diese Epidemie schnell \u00fcberstehen und alle m\u00f6glichst gesund bleiben!<\/p>\n<p style=\"text-align: right;\"><em><strong>\u017baklin Nasti\u0107<\/strong> ist Sprecherin f\u00fcr Menschenrechtspolitik der Fraktion DIE LINKE im Deutschen Bundestag<\/em><br \/>\n<em>und Mitglied des Deutschen Freidenker-Verbandes<\/em><\/p>\n<p><span style=\"font-size: 10pt;\">Link zur deutschen Erstver\u00f6ffentlichung: <a href=\"https:\/\/www.zaklinnastic.de\/der-nato-angriff-auf-jugoslawien-war-ein-kriegsverbrechen-die-anerkennung-des-kosovo-ein-grosser-fehler-mein-interview-fur-vesti\/\" target=\"_blank\" rel=\"noopener noreferrer\">https:\/\/www.zaklinnastic.de\/der-nato-angriff-auf-jugoslawien-war-ein-kriegsverbrechen-die-anerkennung-des-kosovo-ein-grosser-fehler-mein-interview-fur-vesti\/<\/a><\/span><\/p>\n<hr \/>\n<p><span style=\"font-size: 10pt;\">Bildcollage: rlx<br \/>\nBilder vom Blog der Autorin <a href=\"https:\/\/www.zaklinnastic.de\" target=\"_blank\" rel=\"noopener noreferrer\"><em>www.zaklinnastic.de<\/em><\/a><br \/>\n<\/span><\/p>\n","protected":false},"excerpt":{"rendered":"<p><b>Interview von \u017baklin Nasti\u0107, MdB mit der Tageszeitung Vesti<\/b><br \/>\n&#8230; Als das Bombardement Jugoslawiens durch die NATO am 24.03.1999 begann, war ich 19 Jahre alt. Ich habe an vielen Demonstrationen in Hamburg gegen den Krieg teilgenommen und wurde durch diesen Krieg mehr als zuvor politisiert. Die L\u00fcgen des damaligen Au\u00dfenministers der Gr\u00fcnen, Joseph Fischer, um den Kriegseinsatz zu legitimieren, haben mich unglaublich erschrocken, aber auch, dass viele deutsche Medien diese L\u00fcgen verbreitet haben. &#8230; Krieg darf niemals Mittel der Politik sein.<\/p>\n","protected":false},"author":3,"featured_media":7855,"comment_status":"closed","ping_status":"closed","sticky":false,"template":"","format":"standard","meta":{"colormag_page_container_layout":"default_layout","colormag_page_sidebar_layout":"default_layout","advanced_seo_description":"","jetpack_seo_html_title":"","jetpack_seo_noindex":false,"jetpack_post_was_ever_published":false,"footnotes":""},"categories":[13],"tags":[1256,590,1197,917,269,1257,764],"class_list":["post-7850","post","type-post","status-publish","format-standard","has-post-thumbnail","hentry","category-frieden-antifaschismus-solidaritaet","tag-corona-virus","tag-jugoslawien","tag-kosovo","tag-linkspartei","tag-nato-ueberfall-auf-jugoslawien","tag-pandemie","tag-serbien"],"jetpack_featured_media_url":"https:\/\/i0.wp.com\/www.freidenker.org\/fw17\/wp-content\/uploads\/2020\/04\/nastic_collage_800x450.jpg?fit=800%2C450&ssl=1","jetpack_shortlink":"https:\/\/wp.me\/p9stpK-22C","jetpack-related-posts":[{"id":16288,"url":"https:\/\/www.freidenker.org\/?p=16288","url_meta":{"origin":7850,"position":0},"title":"&#8222;Aktuelle Lage in Kosovo ist hochgef\u00e4hrlich!&#8220;","author":"Webredaktion","date":"10. Juni 2023","format":false,"excerpt":"Milo\u0161 Gari\u0107 (Journalist, Kosovo Online) im Interview mit \u017baklin Nasti\u0107 Seit Jahren sind Serben in Kosovo und Metochien Repressalien ausgesetzt. Willk\u00fcrliche Verhaftungen und \u00dcbergriffe gegen Serben geh\u00f6ren mittlerweile zum Alltag in dem k\u00fcnstlich geschaffenen Staat unter der Herrschaft von Albin Kurti. Nicht nur werden seit Jahren bereits getroffene Vereinbarungen, wie\u2026","rel":"","context":"In &quot;Demokratie \u2013 Medien \u2013 Aufkl\u00e4rung&quot;","block_context":{"text":"Demokratie \u2013 Medien \u2013 Aufkl\u00e4rung","link":"https:\/\/www.freidenker.org\/?cat=12"},"img":{"alt_text":"","src":"https:\/\/i0.wp.com\/www.freidenker.org\/fw17\/wp-content\/uploads\/2023\/06\/garic_kosovo_800x450.jpg?fit=800%2C450&ssl=1&resize=350%2C200","width":350,"height":200,"srcset":"https:\/\/i0.wp.com\/www.freidenker.org\/fw17\/wp-content\/uploads\/2023\/06\/garic_kosovo_800x450.jpg?fit=800%2C450&ssl=1&resize=350%2C200 1x, https:\/\/i0.wp.com\/www.freidenker.org\/fw17\/wp-content\/uploads\/2023\/06\/garic_kosovo_800x450.jpg?fit=800%2C450&ssl=1&resize=525%2C300 1.5x, https:\/\/i0.wp.com\/www.freidenker.org\/fw17\/wp-content\/uploads\/2023\/06\/garic_kosovo_800x450.jpg?fit=800%2C450&ssl=1&resize=700%2C400 2x"},"classes":[]},{"id":6323,"url":"https:\/\/www.freidenker.org\/?p=6323","url_meta":{"origin":7850,"position":1},"title":"Russland im Visier: Nato-Krieg 1999 gegen Jugoslawien nur \u201eT\u00fcr\u00f6ffner\u201c","author":"Webredaktion","date":"8. Mai 2019","format":false,"excerpt":"Beitrag von Tilo Gr\u00e4ser, \u00fcbernommen von sputniknews.com \u201eDie Aggression gegen Jugoslawien war ein Wendepunkt f\u00fcr die Globalisierung der Intervention!\u201c Das erkl\u00e4rte der ehemalige jugoslawische Au\u00dfenminister \u017divadin Jovanovi\u0107 in einem Interview im Jahr 2014. ... An die Zitate des Ex-Au\u00dfenministers erinnert Klaus Hartmann in der aktuellen Ausgabe des viertelj\u00e4hrlichen Magazins \u201eFreidenker\u201c,\u2026","rel":"","context":"In &quot;Frieden - Antifaschismus - Solidarit\u00e4t&quot;","block_context":{"text":"Frieden - Antifaschismus - Solidarit\u00e4t","link":"https:\/\/www.freidenker.org\/?cat=13"},"img":{"alt_text":"","src":"https:\/\/i0.wp.com\/www.freidenker.org\/fw17\/wp-content\/uploads\/2019\/05\/FD-2019-01_coll_v2.jpg?fit=800%2C445&ssl=1&resize=350%2C200","width":350,"height":200,"srcset":"https:\/\/i0.wp.com\/www.freidenker.org\/fw17\/wp-content\/uploads\/2019\/05\/FD-2019-01_coll_v2.jpg?fit=800%2C445&ssl=1&resize=350%2C200 1x, https:\/\/i0.wp.com\/www.freidenker.org\/fw17\/wp-content\/uploads\/2019\/05\/FD-2019-01_coll_v2.jpg?fit=800%2C445&ssl=1&resize=525%2C300 1.5x, https:\/\/i0.wp.com\/www.freidenker.org\/fw17\/wp-content\/uploads\/2019\/05\/FD-2019-01_coll_v2.jpg?fit=800%2C445&ssl=1&resize=700%2C400 2x"},"classes":[]},{"id":14959,"url":"https:\/\/www.freidenker.org\/?p=14959","url_meta":{"origin":7850,"position":2},"title":"NATO z\u00fcndelt im Kosovo","author":"Webredaktion","date":"7. Januar 2023","format":false,"excerpt":"Beitrag von Klaus Hartmann Die regelm\u00e4\u00dfigen und j\u00fcngst wieder aufflammenden Konflikte zwischen Kosovo-Albanern und Serben rufen uns in Erinnerung, was aus dem Bewusstsein der Bev\u00f6lkerung im \u201eWesten\u201c verdr\u00e4ngt werden soll: Nicht der Konflikt in der Ukraine hat \u201eden Krieg nach Europa zur\u00fcckgebracht\u201c, sondern die NATO selbst mit ihrer v\u00f6lkerrechtswidrigen Aggression\u2026","rel":"","context":"In &quot;Demokratie \u2013 Medien \u2013 Aufkl\u00e4rung&quot;","block_context":{"text":"Demokratie \u2013 Medien \u2013 Aufkl\u00e4rung","link":"https:\/\/www.freidenker.org\/?cat=12"},"img":{"alt_text":"","src":"https:\/\/i0.wp.com\/www.freidenker.org\/fw17\/wp-content\/uploads\/2023\/01\/The_Killer_Bees_by_Harley_Copic_800x450.jpg?fit=800%2C450&ssl=1&resize=350%2C200","width":350,"height":200,"srcset":"https:\/\/i0.wp.com\/www.freidenker.org\/fw17\/wp-content\/uploads\/2023\/01\/The_Killer_Bees_by_Harley_Copic_800x450.jpg?fit=800%2C450&ssl=1&resize=350%2C200 1x, https:\/\/i0.wp.com\/www.freidenker.org\/fw17\/wp-content\/uploads\/2023\/01\/The_Killer_Bees_by_Harley_Copic_800x450.jpg?fit=800%2C450&ssl=1&resize=525%2C300 1.5x, https:\/\/i0.wp.com\/www.freidenker.org\/fw17\/wp-content\/uploads\/2023\/01\/The_Killer_Bees_by_Harley_Copic_800x450.jpg?fit=800%2C450&ssl=1&resize=700%2C400 2x"},"classes":[]},{"id":18958,"url":"https:\/\/www.freidenker.org\/?p=18958","url_meta":{"origin":7850,"position":3},"title":"V\u00f6lkerrechtsballast abgeworfen","author":"Webredaktion","date":"8. Mai 2024","format":false,"excerpt":"Beitrag von Arnold Sch\u00f6lzel Am 24.\u00a0M\u00e4rz 1999 machte sich die NATO zur Luftwaffe der U\u00c7K, der aus Kriminellen zusammengesetzten \u201eBefreiungsarmee\u201c der serbischen Provinz Kosovo, und begann ihren v\u00f6lkerrechtswidrigen Krieg gegen die Bundesrepublik Jugoslawien. Der Kriegspakt bombardierte vor allem zivile Ziele, darunter Krankenh\u00e4user, Schulen, Chemiewerke und Fl\u00fcchtlingskonvois, die von NATO-Sprecher Jamie\u2026","rel":"","context":"In &quot;Demokratie \u2013 Medien \u2013 Aufkl\u00e4rung&quot;","block_context":{"text":"Demokratie \u2013 Medien \u2013 Aufkl\u00e4rung","link":"https:\/\/www.freidenker.org\/?cat=12"},"img":{"alt_text":"","src":"https:\/\/i0.wp.com\/www.freidenker.org\/fw17\/wp-content\/uploads\/2024\/05\/Chinesische-Botschaft_Belgrad-1999_800x450.jpg?fit=800%2C450&ssl=1&resize=350%2C200","width":350,"height":200,"srcset":"https:\/\/i0.wp.com\/www.freidenker.org\/fw17\/wp-content\/uploads\/2024\/05\/Chinesische-Botschaft_Belgrad-1999_800x450.jpg?fit=800%2C450&ssl=1&resize=350%2C200 1x, https:\/\/i0.wp.com\/www.freidenker.org\/fw17\/wp-content\/uploads\/2024\/05\/Chinesische-Botschaft_Belgrad-1999_800x450.jpg?fit=800%2C450&ssl=1&resize=525%2C300 1.5x, https:\/\/i0.wp.com\/www.freidenker.org\/fw17\/wp-content\/uploads\/2024\/05\/Chinesische-Botschaft_Belgrad-1999_800x450.jpg?fit=800%2C450&ssl=1&resize=700%2C400 2x"},"classes":[]},{"id":5761,"url":"https:\/\/www.freidenker.org\/?p=5761","url_meta":{"origin":7850,"position":4},"title":"Vortrag am 16.01.2019: 20 Jahre nach dem NATO-\u00dcberfall auf Jugoslawien","author":"Webredaktion","date":"14. Januar 2019","format":false,"excerpt":"Einladung zu einem Vortrag von Klaus Hartmann (Bundesvorsitzender des Deutschen Freidenker-Verbandes) 20 Jahre nach dem NATO-\u00dcberfall auf Jugoslawien \u2013 Die neokoloniale Neuaufteilung der Welt und der Kampf f\u00fcr die multipolare Weltordnung Mittwoch, 16. Januar 2019, 18.00 Uhr, ND-Geb\u00e4ude, Franz-Mehring-Platz 1, 10243 Berlin","rel":"","context":"In &quot;Frieden - Antifaschismus - Solidarit\u00e4t&quot;","block_context":{"text":"Frieden - Antifaschismus - Solidarit\u00e4t","link":"https:\/\/www.freidenker.org\/?cat=13"},"img":{"alt_text":"","src":"https:\/\/i0.wp.com\/www.freidenker.org\/fw17\/wp-content\/uploads\/2019\/01\/Hartmann_Belgrad_800x445.jpg?fit=800%2C445&ssl=1&resize=350%2C200","width":350,"height":200,"srcset":"https:\/\/i0.wp.com\/www.freidenker.org\/fw17\/wp-content\/uploads\/2019\/01\/Hartmann_Belgrad_800x445.jpg?fit=800%2C445&ssl=1&resize=350%2C200 1x, https:\/\/i0.wp.com\/www.freidenker.org\/fw17\/wp-content\/uploads\/2019\/01\/Hartmann_Belgrad_800x445.jpg?fit=800%2C445&ssl=1&resize=525%2C300 1.5x, https:\/\/i0.wp.com\/www.freidenker.org\/fw17\/wp-content\/uploads\/2019\/01\/Hartmann_Belgrad_800x445.jpg?fit=800%2C445&ssl=1&resize=700%2C400 2x"},"classes":[]},{"id":18765,"url":"https:\/\/www.freidenker.org\/?p=18765","url_meta":{"origin":7850,"position":5},"title":"Von der Aggression gegen Jugoslawien zum NATO-Krieg gegen Russland","author":"Webredaktion","date":"14. April 2024","format":false,"excerpt":"Rede von Klaus Hartmann, gehalten am 22. M\u00e4rz 2024 auf der Konferenz \"Von der Aggression zu einer neuen gerechten Ordnung\" in Belgrad Im Jahr 2022 hat die deutsche Bundesregierung eine \u201eZeitenwende\u201c, eine \u201eneue \u00c4ra\u201c proklamiert \u2013 um damit die Russische F\u00f6deration anzuklagen, unter Bruch des V\u00f6lkerrechts einen Angriffskrieg begonnen zu\u2026","rel":"","context":"In &quot;Demokratie \u2013 Medien \u2013 Aufkl\u00e4rung&quot;","block_context":{"text":"Demokratie \u2013 Medien \u2013 Aufkl\u00e4rung","link":"https:\/\/www.freidenker.org\/?cat=12"},"img":{"alt_text":"","src":"https:\/\/i0.wp.com\/www.freidenker.org\/fw17\/wp-content\/uploads\/2024\/04\/beoforum_2024_Hartmann_800x450.jpg?fit=800%2C450&ssl=1&resize=350%2C200","width":350,"height":200,"srcset":"https:\/\/i0.wp.com\/www.freidenker.org\/fw17\/wp-content\/uploads\/2024\/04\/beoforum_2024_Hartmann_800x450.jpg?fit=800%2C450&ssl=1&resize=350%2C200 1x, https:\/\/i0.wp.com\/www.freidenker.org\/fw17\/wp-content\/uploads\/2024\/04\/beoforum_2024_Hartmann_800x450.jpg?fit=800%2C450&ssl=1&resize=525%2C300 1.5x, https:\/\/i0.wp.com\/www.freidenker.org\/fw17\/wp-content\/uploads\/2024\/04\/beoforum_2024_Hartmann_800x450.jpg?fit=800%2C450&ssl=1&resize=700%2C400 2x"},"classes":[]}],"_links":{"self":[{"href":"https:\/\/www.freidenker.org\/index.php?rest_route=\/wp\/v2\/posts\/7850","targetHints":{"allow":["GET"]}}],"collection":[{"href":"https:\/\/www.freidenker.org\/index.php?rest_route=\/wp\/v2\/posts"}],"about":[{"href":"https:\/\/www.freidenker.org\/index.php?rest_route=\/wp\/v2\/types\/post"}],"author":[{"embeddable":true,"href":"https:\/\/www.freidenker.org\/index.php?rest_route=\/wp\/v2\/users\/3"}],"replies":[{"embeddable":true,"href":"https:\/\/www.freidenker.org\/index.php?rest_route=%2Fwp%2Fv2%2Fcomments&post=7850"}],"version-history":[{"count":0,"href":"https:\/\/www.freidenker.org\/index.php?rest_route=\/wp\/v2\/posts\/7850\/revisions"}],"wp:featuredmedia":[{"embeddable":true,"href":"https:\/\/www.freidenker.org\/index.php?rest_route=\/wp\/v2\/media\/7855"}],"wp:attachment":[{"href":"https:\/\/www.freidenker.org\/index.php?rest_route=%2Fwp%2Fv2%2Fmedia&parent=7850"}],"wp:term":[{"taxonomy":"category","embeddable":true,"href":"https:\/\/www.freidenker.org\/index.php?rest_route=%2Fwp%2Fv2%2Fcategories&post=7850"},{"taxonomy":"post_tag","embeddable":true,"href":"https:\/\/www.freidenker.org\/index.php?rest_route=%2Fwp%2Fv2%2Ftags&post=7850"}],"curies":[{"name":"wp","href":"https:\/\/api.w.org\/{rel}","templated":true}]}}