{"id":783,"date":"2013-09-16T15:44:09","date_gmt":"2013-09-16T13:44:09","guid":{"rendered":"http:\/\/www.freidenker.org\/fw17\/?p=783"},"modified":"2017-12-27T21:13:24","modified_gmt":"2017-12-27T20:13:24","slug":"islam-islamismus-politischer-islam-zwischen-imperialismus-und-antiimperialismus","status":"publish","type":"post","link":"https:\/\/www.freidenker.org\/?p=783","title":{"rendered":"FREIDENKER 3-13 &#8211; Islam &#8211; Islamismus &#8211; Politischer Islam zwischen Imperialismus und Antiimperialismus"},"content":{"rendered":"<p>\u201eFREIDENKER\u201c Nr. 3-13, September 2013, 72. Jahrgang<\/p>\n<p>Inhalt:<\/p>\n<p><strong>Editorial<\/strong><\/p>\n<p><strong>Thema: Islam &#8211; Islamismus &#8211; Politischer Islam zwischen Imperialismus und Antiimperialismus<\/strong><\/p>\n<ul>\n<li>Klaus Hartmann:<br \/>\n<a href=\"https:\/\/www.freidenker.org\/?p=2937\">Religionskritik unter Islamophobie-Verdacht? Islamophobie unter dem Vorwand von Religionskritik?<\/a><br \/>\n(<img data-recalc-dims=\"1\" loading=\"lazy\" decoding=\"async\" data-attachment-id=\"1072\" data-permalink=\"https:\/\/www.freidenker.org\/?attachment_id=1072\" data-orig-file=\"https:\/\/i0.wp.com\/www.freidenker.org\/fw17\/wp-content\/uploads\/2017\/10\/pdf_icon-e1509487447542.png?fit=16%2C16&amp;ssl=1\" data-orig-size=\"16,16\" data-comments-opened=\"0\" data-image-meta=\"{&quot;aperture&quot;:&quot;0&quot;,&quot;credit&quot;:&quot;&quot;,&quot;camera&quot;:&quot;&quot;,&quot;caption&quot;:&quot;&quot;,&quot;created_timestamp&quot;:&quot;0&quot;,&quot;copyright&quot;:&quot;&quot;,&quot;focal_length&quot;:&quot;0&quot;,&quot;iso&quot;:&quot;0&quot;,&quot;shutter_speed&quot;:&quot;0&quot;,&quot;title&quot;:&quot;&quot;,&quot;orientation&quot;:&quot;0&quot;}\" data-image-title=\"pdf_icon_16\" data-image-description=\"\" data-image-caption=\"\" data-large-file=\"https:\/\/i0.wp.com\/www.freidenker.org\/fw17\/wp-content\/uploads\/2017\/10\/pdf_icon-e1509487447542.png?fit=16%2C16&amp;ssl=1\" class=\"alignnone size-full wp-image-1072\" src=\"https:\/\/i0.wp.com\/www.freidenker.org\/fw17\/wp-content\/uploads\/2017\/10\/pdf_icon-e1509487447542.png?resize=16%2C16&#038;ssl=1\" alt=\"\" width=\"16\" height=\"16\" \/> <a href=\"https:\/\/www.freidenker.org\/fw17\/wp-content\/uploads\/2016\/08\/freidenker-13-03-hartmann.pdf\" target=\"_blank\" rel=\"noopener\">PDF-Dokument<\/a>, ca. 480 KB)<\/li>\n<li>Domenico Losurdo:<br \/>\nFundamentalismus im Islam und anderswo<\/li>\n<li>Klaus von Raussendorf:<br \/>\n<a href=\"https:\/\/www.freidenker.org\/?p=2940\">Politischer Islam als Ideologie gegens\u00e4tzlicher Machtinteressen<\/a><br \/>\n(<img data-recalc-dims=\"1\" loading=\"lazy\" decoding=\"async\" data-attachment-id=\"1072\" data-permalink=\"https:\/\/www.freidenker.org\/?attachment_id=1072\" data-orig-file=\"https:\/\/i0.wp.com\/www.freidenker.org\/fw17\/wp-content\/uploads\/2017\/10\/pdf_icon-e1509487447542.png?fit=16%2C16&amp;ssl=1\" data-orig-size=\"16,16\" data-comments-opened=\"0\" data-image-meta=\"{&quot;aperture&quot;:&quot;0&quot;,&quot;credit&quot;:&quot;&quot;,&quot;camera&quot;:&quot;&quot;,&quot;caption&quot;:&quot;&quot;,&quot;created_timestamp&quot;:&quot;0&quot;,&quot;copyright&quot;:&quot;&quot;,&quot;focal_length&quot;:&quot;0&quot;,&quot;iso&quot;:&quot;0&quot;,&quot;shutter_speed&quot;:&quot;0&quot;,&quot;title&quot;:&quot;&quot;,&quot;orientation&quot;:&quot;0&quot;}\" data-image-title=\"pdf_icon_16\" data-image-description=\"\" data-image-caption=\"\" data-large-file=\"https:\/\/i0.wp.com\/www.freidenker.org\/fw17\/wp-content\/uploads\/2017\/10\/pdf_icon-e1509487447542.png?fit=16%2C16&amp;ssl=1\" class=\"alignnone size-full wp-image-1072\" src=\"https:\/\/i0.wp.com\/www.freidenker.org\/fw17\/wp-content\/uploads\/2017\/10\/pdf_icon-e1509487447542.png?resize=16%2C16&#038;ssl=1\" alt=\"\" width=\"16\" height=\"16\" \/> <a href=\"https:\/\/www.freidenker.org\/fw17\/wp-content\/uploads\/2016\/08\/freidenker-13-03-vraussendorff.pdf\" target=\"_blank\" rel=\"noopener\">PDF-Dokument<\/a>, ca. 240 KB)<\/li>\n<li>Michel Chossudovsky:<br \/>\n\u00c4gypten: Muslimbr\u00fcder und Milit\u00e4r &#8211; konkurrierende US-Auftragnehmer<\/li>\n<li>Muslim-Markt interviewt Sebastian Bahlo<\/li>\n<\/ul>\n<p><strong>Meldungen und Meinungen<\/strong><\/p>\n<ul>\n<li>Gerhard Feldbauer:<br \/>\n<a href=\"https:\/\/www.freidenker.org\/?p=2943\">Es bleibt bei der Inquisition<\/a><br \/>\n(<img data-recalc-dims=\"1\" loading=\"lazy\" decoding=\"async\" data-attachment-id=\"1072\" data-permalink=\"https:\/\/www.freidenker.org\/?attachment_id=1072\" data-orig-file=\"https:\/\/i0.wp.com\/www.freidenker.org\/fw17\/wp-content\/uploads\/2017\/10\/pdf_icon-e1509487447542.png?fit=16%2C16&amp;ssl=1\" data-orig-size=\"16,16\" data-comments-opened=\"0\" data-image-meta=\"{&quot;aperture&quot;:&quot;0&quot;,&quot;credit&quot;:&quot;&quot;,&quot;camera&quot;:&quot;&quot;,&quot;caption&quot;:&quot;&quot;,&quot;created_timestamp&quot;:&quot;0&quot;,&quot;copyright&quot;:&quot;&quot;,&quot;focal_length&quot;:&quot;0&quot;,&quot;iso&quot;:&quot;0&quot;,&quot;shutter_speed&quot;:&quot;0&quot;,&quot;title&quot;:&quot;&quot;,&quot;orientation&quot;:&quot;0&quot;}\" data-image-title=\"pdf_icon_16\" data-image-description=\"\" data-image-caption=\"\" data-large-file=\"https:\/\/i0.wp.com\/www.freidenker.org\/fw17\/wp-content\/uploads\/2017\/10\/pdf_icon-e1509487447542.png?fit=16%2C16&amp;ssl=1\" class=\"alignnone size-full wp-image-1072\" src=\"https:\/\/i0.wp.com\/www.freidenker.org\/fw17\/wp-content\/uploads\/2017\/10\/pdf_icon-e1509487447542.png?resize=16%2C16&#038;ssl=1\" alt=\"\" width=\"16\" height=\"16\" \/> <a href=\"https:\/\/www.freidenker.org\/fw17\/wp-content\/uploads\/2016\/08\/freidenker-13-03-feldbauer.pdf\" target=\"_blank\" rel=\"noopener\">PDF-Dokument<\/a>, ca. 220 KB)<\/li>\n<\/ul>\n<p class=\"Normal\"><strong>Aus den Landesverb\u00e4nden<\/strong><br \/>\n<strong>Chronik<\/strong><br \/>\n<strong>B\u00fccher f\u00fcr Freidenker<\/strong><\/p>\n<p>Konstantin Wecker: Waffenh\u00e4ndler-Tango<\/p>\n<p>&nbsp;<\/p>\n","protected":false},"excerpt":{"rendered":"<p><strong>Die Ausgabe 3-13 des Verbandsorgans FREIDENKER hat das Schwerpunkt-Thema \u201eIslam &#8211; Islamismus &#8211; Politischer Islam zwischen Imperialismus und Antiimperialismus\u201c<\/strong> und enth\u00e4lt u.a folgende Beitr\u00e4ge:<br \/>\n&#8211; Klaus Hartmann: Religionskritik unter Islamophobie-Verdacht? Islamophobie unter dem Vorwand von Religionskritik?<br \/>\n&#8211; Domenico Losurdo: Fundamentalismus im Islam und anderswo<br \/>\n&#8211; Klaus von Raussendorf: Politischer Islam als Ideologie gegens\u00e4tzlicher Machtinteressen<br \/>\n&#8211; Michel Chossudovsky: \u00c4gypten: Muslimbr\u00fcder und Milit\u00e4r &#8211; konkurrierende US-Auftragnehmer<br \/>\n&#8211; Gerhard Feldbauer: Es bleibt bei der Inquisition<\/p>\n","protected":false},"author":2,"featured_media":2550,"comment_status":"closed","ping_status":"closed","sticky":false,"template":"","format":"standard","meta":{"colormag_page_container_layout":"default_layout","colormag_page_sidebar_layout":"default_layout","advanced_seo_description":"","jetpack_seo_html_title":"","jetpack_seo_noindex":false,"jetpack_post_was_ever_published":false,"footnotes":""},"categories":[8],"tags":[486,26,404,350],"class_list":["post-783","post","type-post","status-publish","format-standard","has-post-thumbnail","hentry","category-verbandsorgan-freidenker","tag-antiimperialismus","tag-freidenker","tag-imperialismus","tag-islam"],"jetpack_featured_media_url":"https:\/\/i0.wp.com\/www.freidenker.org\/fw17\/wp-content\/uploads\/2017\/12\/FD_2013-03_Titel_mR.jpg?fit=800%2C445&ssl=1","jetpack_shortlink":"https:\/\/wp.me\/p9stpK-cD","jetpack-related-posts":[{"id":840,"url":"https:\/\/www.freidenker.org\/?p=840","url_meta":{"origin":783,"position":0},"title":"FREIDENKER 4-15 EXTRA &#8211; N\u00fctzlicher Freind: Der &#8222;Faktor Islam&#8220;","author":"Webmaster","date":"16. Dezember 2015","format":false,"excerpt":"Die Extra-Ausgabe 4-15 des Verbandsorgans FREIDENKER enth\u00e4lt die Beitr\u00e4ge der Konferenz \"N\u00fctzlicher Freind: Der \"Faktor Islam\" in den Weltmachtstrategien des Westens\", die am 12.09.2015 in Frankfurt am Main stattfand. Darin u.a.: - Klaus Hartmann: Freidenker - Religionskritik - Islam - Klaus von Raussendorff: Der takfiristische Terrorismus in der Debatte der\u2026","rel":"","context":"In &quot;Verbandsorgan FREIDENKER&quot;","block_context":{"text":"Verbandsorgan FREIDENKER","link":"https:\/\/www.freidenker.org\/?cat=8"},"img":{"alt_text":"","src":"https:\/\/i0.wp.com\/www.freidenker.org\/fw17\/wp-content\/uploads\/2017\/12\/FD_2015-04_Titel_mR.jpg?fit=800%2C445&ssl=1&resize=350%2C200","width":350,"height":200,"srcset":"https:\/\/i0.wp.com\/www.freidenker.org\/fw17\/wp-content\/uploads\/2017\/12\/FD_2015-04_Titel_mR.jpg?fit=800%2C445&ssl=1&resize=350%2C200 1x, https:\/\/i0.wp.com\/www.freidenker.org\/fw17\/wp-content\/uploads\/2017\/12\/FD_2015-04_Titel_mR.jpg?fit=800%2C445&ssl=1&resize=525%2C300 1.5x, https:\/\/i0.wp.com\/www.freidenker.org\/fw17\/wp-content\/uploads\/2017\/12\/FD_2015-04_Titel_mR.jpg?fit=800%2C445&ssl=1&resize=700%2C400 2x"},"classes":[]},{"id":2937,"url":"https:\/\/www.freidenker.org\/?p=2937","url_meta":{"origin":783,"position":1},"title":"Religionskritik unter Islamophobie-Verdacht?","author":"Webredaktion","date":"17. September 2013","format":false,"excerpt":"Beitrag von Klaus Hartmann aus: FREIDENKER 3-13 Die Frage soll lauten, ob es erlaubt ist, den Islam zu kritisieren. Oder ob Freidenker sich aus \u201aantiimperialistischen Gr\u00fcnden\u2019 scheuen, dies zu tun. Von mancher Seite wird dem Freidenkerverband vorgehalten, seine Aufgabe der Religionskritik zu vernachl\u00e4ssigen und einem Kulturrelativismus zu huldigen. Das ist\u2026","rel":"","context":"In &quot;Demokratie \u2013 Medien \u2013 Aufkl\u00e4rung&quot;","block_context":{"text":"Demokratie \u2013 Medien \u2013 Aufkl\u00e4rung","link":"https:\/\/www.freidenker.org\/?cat=12"},"img":{"alt_text":"","src":"https:\/\/i0.wp.com\/www.freidenker.org\/fw17\/wp-content\/uploads\/2017\/12\/the-1621517_800x445.jpg?fit=800%2C445&ssl=1&resize=350%2C200","width":350,"height":200,"srcset":"https:\/\/i0.wp.com\/www.freidenker.org\/fw17\/wp-content\/uploads\/2017\/12\/the-1621517_800x445.jpg?fit=800%2C445&ssl=1&resize=350%2C200 1x, https:\/\/i0.wp.com\/www.freidenker.org\/fw17\/wp-content\/uploads\/2017\/12\/the-1621517_800x445.jpg?fit=800%2C445&ssl=1&resize=525%2C300 1.5x, https:\/\/i0.wp.com\/www.freidenker.org\/fw17\/wp-content\/uploads\/2017\/12\/the-1621517_800x445.jpg?fit=800%2C445&ssl=1&resize=700%2C400 2x"},"classes":[]},{"id":821,"url":"https:\/\/www.freidenker.org\/?p=821","url_meta":{"origin":783,"position":2},"title":"FREIDENKER 1-15 &#8211; 70 Jahre Befreiung von Faschismus und Krieg","author":"Webmaster","date":"16. M\u00e4rz 2015","format":false,"excerpt":"Die Ausgabe 1-15 des Verbandsorgans FREIDENKER hat das Schwerpunkt-Thema \u201e70 Jahre Befreiung von Faschismus und Krieg - Nie wieder Faschismus - Nie wieder Krieg\u201c und enth\u00e4lt u.a folgende Beitr\u00e4ge: - Prof. Dr. Anton Latzo: Der Sieg \u00fcber den Faschismus ist eine Tat der Befreiung - Emil Carlebach: Lasst nicht nach\u2026","rel":"","context":"In &quot;Verbandsorgan FREIDENKER&quot;","block_context":{"text":"Verbandsorgan FREIDENKER","link":"https:\/\/www.freidenker.org\/?cat=8"},"img":{"alt_text":"","src":"https:\/\/i0.wp.com\/www.freidenker.org\/fw17\/wp-content\/uploads\/2017\/12\/FD_2015-01_Titel_mR.jpg?fit=800%2C445&ssl=1&resize=350%2C200","width":350,"height":200,"srcset":"https:\/\/i0.wp.com\/www.freidenker.org\/fw17\/wp-content\/uploads\/2017\/12\/FD_2015-01_Titel_mR.jpg?fit=800%2C445&ssl=1&resize=350%2C200 1x, https:\/\/i0.wp.com\/www.freidenker.org\/fw17\/wp-content\/uploads\/2017\/12\/FD_2015-01_Titel_mR.jpg?fit=800%2C445&ssl=1&resize=525%2C300 1.5x, https:\/\/i0.wp.com\/www.freidenker.org\/fw17\/wp-content\/uploads\/2017\/12\/FD_2015-01_Titel_mR.jpg?fit=800%2C445&ssl=1&resize=700%2C400 2x"},"classes":[]},{"id":772,"url":"https:\/\/www.freidenker.org\/?p=772","url_meta":{"origin":783,"position":3},"title":"FREIDENKER 1-13 &#8211; Freidenker-Religionskritik","author":"Webmaster","date":"16. M\u00e4rz 2013","format":false,"excerpt":"Die Ausgabe 1-13 des Verbandsorgans FREIDENKER hat das Schwerpunkt-Thema \u201eFreidenker-Religionskritik\u201c und enth\u00e4lt u.a folgende Beitr\u00e4ge: - Horst Schild: Vor dreihundert Jahren \u2013 \u201eDiscourse of Free-thinking\u201c - Klaus Hartmann: Freies Denken im Wandel seiner Bedeutung - Daniel Bratanovi\u0107: Karl-Marx-Jahr - Do\u011fan G\u00f6\u00e7men: Plechanow: Die Marxsche Philosophie als Fortsetzung undWeiterentwicklung von Hegels\u2026","rel":"","context":"In &quot;Verbandsorgan FREIDENKER&quot;","block_context":{"text":"Verbandsorgan FREIDENKER","link":"https:\/\/www.freidenker.org\/?cat=8"},"img":{"alt_text":"","src":"https:\/\/i0.wp.com\/www.freidenker.org\/fw17\/wp-content\/uploads\/2017\/12\/FD_2013-01_Titel_mR.jpg?fit=800%2C445&ssl=1&resize=350%2C200","width":350,"height":200,"srcset":"https:\/\/i0.wp.com\/www.freidenker.org\/fw17\/wp-content\/uploads\/2017\/12\/FD_2013-01_Titel_mR.jpg?fit=800%2C445&ssl=1&resize=350%2C200 1x, https:\/\/i0.wp.com\/www.freidenker.org\/fw17\/wp-content\/uploads\/2017\/12\/FD_2013-01_Titel_mR.jpg?fit=800%2C445&ssl=1&resize=525%2C300 1.5x, https:\/\/i0.wp.com\/www.freidenker.org\/fw17\/wp-content\/uploads\/2017\/12\/FD_2013-01_Titel_mR.jpg?fit=800%2C445&ssl=1&resize=700%2C400 2x"},"classes":[]},{"id":790,"url":"https:\/\/www.freidenker.org\/?p=790","url_meta":{"origin":783,"position":4},"title":"FREIDENKER 4-13 &#8211; 1914: 1. Weltkrieg &#8211; 100 Jahre gegen imperialistische Kriege","author":"Webmaster","date":"16. Dezember 2013","format":false,"excerpt":"Die Ausgabe 4-13 des Verbandsorgans FREIDENKER hat das Schwerpunkt-Thema \u201e1914: 1. Weltkrieg - 100 Jahre gegen imperialistische Kriege\u201c und enth\u00e4lt u.a folgende Beitr\u00e4ge: - Klaus Hartmann: Der unbekannte Weltkrieg - Karlheinz Deschner: Leo XIII., Pius X. und der erste Weltkrieg - Eberhard Schinck: Imperialismus, Weltkrieg und Weltkriegsgefahr - Marx\u2019 \u201eLeitfaden\u201c\u2026","rel":"","context":"In &quot;Verbandsorgan FREIDENKER&quot;","block_context":{"text":"Verbandsorgan FREIDENKER","link":"https:\/\/www.freidenker.org\/?cat=8"},"img":{"alt_text":"","src":"https:\/\/i0.wp.com\/www.freidenker.org\/fw17\/wp-content\/uploads\/2017\/12\/FD_2013-04_Titel_mR.jpg?fit=800%2C445&ssl=1&resize=350%2C200","width":350,"height":200,"srcset":"https:\/\/i0.wp.com\/www.freidenker.org\/fw17\/wp-content\/uploads\/2017\/12\/FD_2013-04_Titel_mR.jpg?fit=800%2C445&ssl=1&resize=350%2C200 1x, https:\/\/i0.wp.com\/www.freidenker.org\/fw17\/wp-content\/uploads\/2017\/12\/FD_2013-04_Titel_mR.jpg?fit=800%2C445&ssl=1&resize=525%2C300 1.5x, https:\/\/i0.wp.com\/www.freidenker.org\/fw17\/wp-content\/uploads\/2017\/12\/FD_2013-04_Titel_mR.jpg?fit=800%2C445&ssl=1&resize=700%2C400 2x"},"classes":[]},{"id":1079,"url":"https:\/\/www.freidenker.org\/?p=1079","url_meta":{"origin":783,"position":5},"title":"FREIDENKER 3-16 &#8211; Flucht &#8211; Migration &#8211; Imperialismus","author":"Webredaktion","date":"16. August 2016","format":false,"excerpt":"Die Ausgabe 3-16 des Verbandsorgans FREIDENKER hat das Schwerpunkt-Thema \"Flucht - Migration - Imperialismus\u201c und enth\u00e4lt u.a folgende Beitr\u00e4ge: - Klaus Hartmann: Gemeinsam f\u00fcr soziale Rechte und Frieden - Andreas Wehr: \"No Border - No Nation?\": Die Linken und die Nation - Doris Pumphrey: Flucht, Migration und Solidarit\u00e4t - Uli\u2026","rel":"","context":"In &quot;Verbandsorgan FREIDENKER&quot;","block_context":{"text":"Verbandsorgan FREIDENKER","link":"https:\/\/www.freidenker.org\/?cat=8"},"img":{"alt_text":"","src":"https:\/\/i0.wp.com\/www.freidenker.org\/fw17\/wp-content\/uploads\/2017\/12\/FD_2016-03_Titel_mR.jpg?fit=800%2C445&ssl=1&resize=350%2C200","width":350,"height":200,"srcset":"https:\/\/i0.wp.com\/www.freidenker.org\/fw17\/wp-content\/uploads\/2017\/12\/FD_2016-03_Titel_mR.jpg?fit=800%2C445&ssl=1&resize=350%2C200 1x, https:\/\/i0.wp.com\/www.freidenker.org\/fw17\/wp-content\/uploads\/2017\/12\/FD_2016-03_Titel_mR.jpg?fit=800%2C445&ssl=1&resize=525%2C300 1.5x, https:\/\/i0.wp.com\/www.freidenker.org\/fw17\/wp-content\/uploads\/2017\/12\/FD_2016-03_Titel_mR.jpg?fit=800%2C445&ssl=1&resize=700%2C400 2x"},"classes":[]}],"_links":{"self":[{"href":"https:\/\/www.freidenker.org\/index.php?rest_route=\/wp\/v2\/posts\/783","targetHints":{"allow":["GET"]}}],"collection":[{"href":"https:\/\/www.freidenker.org\/index.php?rest_route=\/wp\/v2\/posts"}],"about":[{"href":"https:\/\/www.freidenker.org\/index.php?rest_route=\/wp\/v2\/types\/post"}],"author":[{"embeddable":true,"href":"https:\/\/www.freidenker.org\/index.php?rest_route=\/wp\/v2\/users\/2"}],"replies":[{"embeddable":true,"href":"https:\/\/www.freidenker.org\/index.php?rest_route=%2Fwp%2Fv2%2Fcomments&post=783"}],"version-history":[{"count":0,"href":"https:\/\/www.freidenker.org\/index.php?rest_route=\/wp\/v2\/posts\/783\/revisions"}],"wp:featuredmedia":[{"embeddable":true,"href":"https:\/\/www.freidenker.org\/index.php?rest_route=\/wp\/v2\/media\/2550"}],"wp:attachment":[{"href":"https:\/\/www.freidenker.org\/index.php?rest_route=%2Fwp%2Fv2%2Fmedia&parent=783"}],"wp:term":[{"taxonomy":"category","embeddable":true,"href":"https:\/\/www.freidenker.org\/index.php?rest_route=%2Fwp%2Fv2%2Fcategories&post=783"},{"taxonomy":"post_tag","embeddable":true,"href":"https:\/\/www.freidenker.org\/index.php?rest_route=%2Fwp%2Fv2%2Ftags&post=783"}],"curies":[{"name":"wp","href":"https:\/\/api.w.org\/{rel}","templated":true}]}}