{"id":7811,"date":"2020-03-27T16:16:27","date_gmt":"2020-03-27T15:16:27","guid":{"rendered":"https:\/\/www.freidenker.org\/?p=7811"},"modified":"2020-04-16T22:43:05","modified_gmt":"2020-04-16T20:43:05","slug":"annahme-verweigert","status":"publish","type":"post","link":"https:\/\/www.freidenker.org\/?p=7811","title":{"rendered":"Annahme verweigert"},"content":{"rendered":"<div class=\"row\">\n<div class=\"col-sm-12 news-item-header\">\n<h5 class=\"news-item-subtitle\">Deutschland lehnt als bislang einziges Land Europas chinesische Hilfsangebote im Kampf gegen die Covid-19-Pandemie ab.<\/h5>\n<\/div>\n<\/div>\n<div class=\"row\">\n<div class=\"col-md-8\">\n<div class=\"lead\">\n<p><em>Erstver\u00f6ffentlichung am 23.03.2020 auf <a href=\"https:\/\/www.german-foreign-policy.com\/news\/detail\/8224\/\" target=\"_blank\" rel=\"noopener noreferrer\">www.german-foreign-policy.com<\/a><\/em><\/p>\n<p><strong><span class=\"city\">BERLIN\/BEIJING<\/span> (Eigener Bericht [von german-foreign-policy.com]) &#8211; Als bislang einziges Land Europas nimmt Deutschland ein chinesisches Hilfsangebot im Kampf gegen die Covid-19-Pandemie nicht an. Wie Chinas Pr\u00e4sident Xi Jinping mitteilt, habe er Bundeskanzlerin Angela Merkel mitgeteilt, die Volksrepublik sei bereit, &#8222;im Rahmen unserer F\u00e4higkeiten Hilfe zu leisten&#8220;, sollte es &#8222;Bedarf&#8220; geben. Beijing hat in den vergangenen Tagen mehreren Staaten Europas, darunter Italien, Spanien und Frankreich, Hilfslieferungen zukommen lassen und teilweise auch \u00c4rzteteams zu praktischer Unterst\u00fctzung vor Ort entsandt. Berlin ignoriert das Hilfsangebot, obgleich in der Bundesrepublik eklatanter Mangel etwa an Atemschutzmasken herrscht; so beklagen mehr als 80 Prozent aller niedergelassenen \u00c4rzte, nicht gen\u00fcgend Schutzkleidung beschaffen zu k\u00f6nnen. Gegen die Bundesregierung, die stets betont hatte, &#8222;gut vorbereitet&#8220; zu sein, werden schwere Vorw\u00fcrfe wegen unterlassener Vorsorge laut. Deutsche Leitmedien denunzieren Chinas Hilfen als &#8222;Propagandakampagne&#8220; und werfen dem Land vor, &#8222;Verursacher der Pandemie&#8220; zu sein. Nur der Trump&#8217;sche Begriff &#8222;chinesisches Virus&#8220; fehlt.<\/strong><\/p>\n<\/div>\n<h5 class=\"western\">&#8222;Seidenstra\u00dfe der Gesundheit&#8220;<\/h5>\n<p class=\"western\">China weitet seine Hilfslieferungen nach Europa im Kampf gegen die Covid-19-Pandemie aus. Nach einem ersten Transport von 31 Tonnen Hilfsg\u00fctern &#8211; darunter Atemschutzmasken und andere medizinische Schutzausr\u00fcstung -, der am 12. M\u00e4rz auf dem Flughafen Rom-Fiumicino eintraf, sind in den vergangenen Tagen weitere Lieferungen in Spanien, in Frankreich und in Griechenland angekommen. Auch Serbien, das von einem EU-Exportverbot betroffen ist, genie\u00dft Unterst\u00fctzung aus der Volksrepublik. Der serbische Pr\u00e4sident Aleksandar Vu\u010di\u0107 hat Beijing au\u00dferdem um die Entsendung eines Teams von Medizinern gebeten, die mit den chinesischen Erfahrungen aus dem Kampf gegen die Pandemie vertraut sind; solche Teams sind inzwischen etwa in Italien eingetroffen, zuletzt in der besonders hart von Covid-19 betroffenen Lombardei.[1] Laut Berichten sind weitere EU-Mitgliedstaaten an chinesischer Unterst\u00fctzung interessiert, darunter Bulgarien, Slowenien und Litauen.[2] Zus\u00e4tzlich zu praktischer Unterst\u00fctzung vor Ort tauschen sich Experten aus China mit europ\u00e4ischen Kollegen \u00fcber ihre Erfahrungen aus. Teilweise wird die chinesische Unterst\u00fctzung von Nicht-Regierungsorganisationen wie der Alibaba Foundation sowie der Jack Ma Foundation organisiert. Mit Blick auf die zunehmende Dichte der Aktivit\u00e4ten ist inzwischen von einer &#8222;Seidenstra\u00dfe der Gesundheit&#8220; die Rede.<\/p>\n<h5 class=\"western\">Angebot ignoriert<\/h5>\n<p class=\"western\">Chinas Pr\u00e4sident Xi Jinping hat, wie berichtet wird, inzwischen auch Bundeskanzlerin Angela Merkel Hilfe im Kampf gegen das Covid-19-Virus angeboten. Hintergrund ist, dass Deutschland der Staat mit den drittmeisten Infektionen in Europa ist &#8211; nach Italien und Spanien. Sollte es in der Bundesrepublik &#8222;Bedarf&#8220; geben, dann sei Beijing selbstverst\u00e4ndlich &#8222;bereit, im Rahmen unserer F\u00e4higkeiten Hilfe zu leisten&#8220;, teilte Xi mit: Krisen in der \u00f6ffentlichen Gesundheit seien &#8222;gemeinsame Herausforderungen f\u00fcr die Menschheit&#8220;; &#8222;Einheit und Zusammenarbeit&#8220; seien &#8222;die m\u00e4chtigsten Waffen&#8220; gegen sie.[3] Die Volksrepublik k\u00f6nne sich eine Zusammenarbeit mit der Bundesrepublik auch auf weiteren Feldern vorstellen, etwa bei der Entwicklung von Impfstoffen. Eine Antwort aus Berlin auf das Angebot liegt bislang nicht vor. Deutschland ist damit der einzige Staat Europas, der Unterst\u00fctzung aus Beijing, zumindest bis heute, faktisch ausgeschlagen hat.<\/p>\n<h5 class=\"western\">&#8222;Nicht eine einzige Maske&#8220;<\/h5>\n<p class=\"western\">Das ist bemerkenswert, weil in der Bundesrepublik ein eklatanter Mangel an wichtigen Materialien und an Schutzausr\u00fcstung herrscht. So beklagen inzwischen mehr als 80 Prozent der in Deutschland niedergelassenen \u00c4rzte fehlende Schutzausr\u00fcstung wie Atemschutzmasken oder Schutzkittel. Da der Weltmarkt wie leergefegt sei, habe seine Organisation sich schon vor Wochen mit der Bitte um Unterst\u00fctzung an die Bundesregierung gewandt, berichtete k\u00fcrzlich der Vorstandsvorsitzende der Kassen\u00e4rztlichen Vereinigung Hamburg, Walter Plassmann: &#8222;Da ist nichts gekommen. Nicht eine einzige Maske haben wir gekriegt&#8220;.[4] \u00c4hnlich verh\u00e4lt es sich in Krankenh\u00e4usern, wo ebenfalls Atemschutzmasken und Schutzanz\u00fcge fehlen. Zwar habe der Gesundheitsminister Nordrhein-Westfalens, Karl-Josef Laumann, vor kurzem eine Million Atemschutzmasken bestellt; davon seien allerdings erst 20.000 eingetroffen, hie\u00df es Ende vergangener Woche. Nordrhein-Westfalen ist das von der Pandemie am h\u00e4rtesten getroffene Bundesland; allein in Heinsberg, dem Epizentrum der dortigen Covid-19-Erkrankungen, werden laut Berichten t\u00e4glich 7.500 Mund-Nasen-Schutzmasken sowie 2.200 FFP2-Masken ben\u00f6tigt.[5] Mangel herrscht zudem an spezieller Ausr\u00fcstung wie etwa Beatmungsger\u00e4ten, dar\u00fcber hinaus aber auch an einfachen Materialien wie Desinfektionsmitteln. F\u00fcr diese gehen inzwischen den Herstellern die Grundstoffe aus.[6]<\/p>\n<h5 class=\"western\">&#8222;Gut vorbereitet&#8220;<\/h5>\n<p class=\"western\">L\u00e4ngst werden schwere Vorw\u00fcrfe gegen die Bundesregierung, speziell gegen Gesundheitsminister Jens Spahn laut. Spahn hatte bereits Ende Januar und auch sp\u00e4ter immer wieder verlauten lassen, die Bundesregierung sei auf alle denkbaren F\u00e4lle &#8222;gut vorbereitet&#8220;. Dennoch hat sein Ministerium gegen den absehbaren Mangel an Schutzkleidung, vor dem die Weltgesundheitsorganisation WHO bereits am 7. Februar offiziell warnte, nichts unternommen. Dokumentiert ist etwa der Fall eines Unternehmers, dessen Firma Atemschutzmasken und Schutzkleidung f\u00fcr Krankenh\u00e4user herstellt. Der Mann hatte sich in mehreren Schreiben mit dem Hinweis auf den drohenden Mangel an das Gesundheitsministerium gewandt. Dabei bot er dem Ministerium an, trotz immenser globaler Nachfrage 1,5 Millionen Mundschutz- und 200.000 Atemmasken f\u00fcr deutsche Krankenh\u00e4user zu reservieren, und versah sein Schreiben mit dem Hinweis: &#8222;Ich appelliere an Sie, untersch\u00e4tzen Sie die Problematik dieses Virus nicht.&#8220;[7] Der Unternehmer gibt an, keinerlei Antwort aus Berlin erhalten zu haben. Das Ministerium wiederum weist jegliche Zust\u00e4ndigkeit zur\u00fcck: &#8222;Die Beschaffung von pers\u00f6nlicher Schutzausr\u00fcstung&#8220; werde in Deutschland \u00fcber das Beschaffungsamt der Bundeswehr koordiniert.<\/p>\n<h5 class=\"western\">Propagandakampagne<\/h5>\n<p class=\"western\">W\u00e4hrend die Bundesregierung trotz eklatanten Mangels an Schutzausr\u00fcstung das chinesische Hilfsangebot ignoriert, haben deutsche Leitmedien begonnen, Beijings Hilfslieferungen an andere europ\u00e4ische L\u00e4nder systematisch zu diskreditieren. So hei\u00dft es etwa in einer f\u00fchrenden deutschen Tageszeitung, &#8222;die mit gro\u00dfer Geste bereitgestellten Hilfen&#8220; seien lediglich &#8222;Teil einer Propagandakampagne&#8220;, mit der Beijing davon ablenken wolle, dass es eigentlich &#8222;Verursacher der Krise&#8220; sei.[8] In einem weiteren Blatt hei\u00dft es: &#8222;Das Bild des Verursachers der Pandemie soll nun durch das Bild des Retters ausgetauscht werden.&#8220;[9] Gezielt werden Kooperationspartner der Volksrepublik aus Europa attackiert. So hei\u00dft es etwa, wenn sich &#8222;das Narrativ von China als gro\u00dfem Helfer &#8230; durchsetz[e]&#8220;, dann liege dies &#8222;daran, dass die Chinesen in Europa Verb\u00fcndete finden, die gerne am Mythos mitarbeiten&#8220;. Ein solcher &#8222;Verb\u00fcndeter&#8220; sei Italiens Au\u00dfenminister Luigi Di Maio, der in seinem Land bereits &#8222;als &#8218;chinesischer Minister&#8216; tituliert&#8220; worden sei.[10]<\/p>\n<h5 class=\"western\">Machtkampf gegen Beijing<\/h5>\n<p class=\"western\">Tats\u00e4chlich sind die zitierten Medienkommentare und die bisherige Weigerung Berlins, Hilfen aus China anzunehmen, Teil des gro\u00dfen globalen Kampfs um die Weltmacht, den die Bundesrepublik auch in der Coronakrise nicht zur\u00fcckstellt. Vielmehr bereitet die Bundesregierung ungeachtet der Krise zur Zeit Schritte vor, die dem Aufbau milit\u00e4rischer B\u00fcndnisse gegen Beijing in Asien und in der Pazifikregion dienen. german-foreign-policy.com berichtet in K\u00fcrze.<\/p>\n<p class=\"western\">Mehr zum Thema: <a href=\"https:\/\/www.german-foreign-policy.com\/news\/detail\/8218\/\" target=\"_blank\" rel=\"noopener noreferrer\">Die Solidarit\u00e4t der EU<\/a> und <a href=\"https:\/\/www.german-foreign-policy.com\/news\/detail\/8220\/\" target=\"_blank\" rel=\"noopener noreferrer\">Die Solidarit\u00e4t der EU (II)<\/a>.<\/p>\n<p class=\"western\">[1] Michael Peel, Tom Hancock, Valerie Hopkins, Miles Johnson: China ramps up coronavirus help to Europe. ft.com 18.03.2020.<\/p>\n<p class=\"western\">[2] Alan Crawford, Peter Martin: &#8218;Health Silk Road:&#8217;ssx China showers Europe with coronavirus aid as both spar with Trump. fortune.com 19.03.2020.<\/p>\n<p class=\"western\">[3] Stuart Lau: Coronavirus: Xi Jinping calls leaders of France, Spain, Germany and Serbia with offers of support. scmp.com 21.03.2020.<\/p>\n<p class=\"western\">[4] Cornelia Stolze: &#8222;Wir haben gemahnt, und keiner hat uns geh\u00f6rt&#8220;. spiegel.de 19.03.2020.<\/p>\n<p class=\"western\">[5] Lukas Eberle, Hubert Gude: &#8222;Liefert irgendwas!&#8220; spiegel.de 20.03.2020.<\/p>\n<p class=\"western\">[6] Hersteller von Desinfektionsmitteln starten Hilferuf: Ethanol wird knapp. rnd.de 22.03.2020.<\/p>\n<p class=\"western\">[7] Cornelia Stolze: &#8222;Wir haben gemahnt, und keiner hat uns geh\u00f6rt&#8220;. spiegel.de 19.03.2020.<\/p>\n<p class=\"western\">[8] Friederike B\u00f6ge, Stephan L\u00f6wenstein, Michael Martens, Matthias R\u00fcb: Vom Verursacher der Krise zum Retter in der Not? Frankfurter Allgemeine Zeitung 18.03.2020.<\/p>\n<p class=\"western\">[9] Gloria Geyer: Wie sich China in der Corona-Krise Einfluss in Europa sichert. tagesspiegel.de 19.03.2020.<\/p>\n<p class=\"western\">[10] Silke Wettach: China wirft die Propaganda-Maschine an. wiwo.de 19.03.2020.<\/p>\n<p>&nbsp;<\/p>\n<p><span style=\"font-size: 10pt;\">Link zur Erstver\u00f6ffentlichung: <a href=\"https:\/\/www.german-foreign-policy.com\/news\/detail\/8224\/\" target=\"_blank\" rel=\"noopener noreferrer\">https:\/\/www.german-foreign-policy.com\/news\/detail\/8224\/<\/a><\/span><\/p>\n<p><span style=\"font-size: 10pt;\"><strong>Anmerkung zur Quelle:<\/strong> Die &#8222;Informationen zur Deutschen Au\u00dfenpolitik&#8220; (german-foreign-policy.com) werden von einer Gruppe unabh\u00e4ngiger Publizisten und Wissenschaftler zusammengestellt, die das Wiedererstarken deutscher Gro\u00dfmachtbestrebungen auf wirtschaftlichem, politischem und milit\u00e4rischem Gebiet kontinuierlich beobachten. Weitere Informationen hier: <a href=\"https:\/\/www.german-foreign-policy.com\/info\/editorial\/\" target=\"_blank\" rel=\"noopener noreferrer\">https:\/\/www.german-foreign-policy.com\/info\/editorial\/<\/a><\/span><\/p>\n<div class=\"row\">\n<div class=\"col-md-8\">\n<hr \/>\n<p><span style=\"font-size: 10pt;\">Bild: <a href=\"https:\/\/pixabay.com\/de\/illustrations\/coronavirus-china-maske-arzt-4910360\/\" target=\"_blank\" rel=\"noopener noreferrer\">pixabay.com<\/a> \/ User: <a class=\"hover_opacity\" href=\"https:\/\/pixabay.com\/de\/users\/mohamed_hassan-5229782\/\">mohamed_hassan<\/a> \/ Lizenz: <a href=\"https:\/\/pixabay.com\/de\/service\/license\/\">Pixabay License<\/a><br \/>\n<\/span><\/p>\n<\/div>\n<\/div>\n<\/div>\n<\/div>\n","protected":false},"excerpt":{"rendered":"<p><b>Beitrag von german-foreign-policy.com<\/b><br \/>\nAls bislang einziges Land Europas nimmt Deutschland ein chinesisches Hilfsangebot im Kampf gegen die Covid-19-Pandemie nicht an. Wie Chinas Pr\u00e4sident Xi Jinping mitteilt, habe er Bundeskanzlerin Angela Merkel mitgeteilt, die Volksrepublik sei bereit, &#8222;im Rahmen unserer F\u00e4higkeiten Hilfe zu leisten&#8220;, sollte es &#8222;Bedarf&#8220; geben. Beijing hat in den vergangenen Tagen mehreren Staaten Europas, darunter Italien, Spanien und Frankreich, Hilfslieferungen zukommen lassen und teilweise auch \u00c4rzteteams zu praktischer Unterst\u00fctzung vor Ort entsandt. Berlin ignoriert das Hilfsangebot, obgleich in der Bundesrepublik eklatanter Mangel etwa an Atemschutzmasken herrscht &#8230;<\/p>\n","protected":false},"author":3,"featured_media":7816,"comment_status":"closed","ping_status":"closed","sticky":false,"template":"","format":"standard","meta":{"colormag_page_container_layout":"default_layout","colormag_page_sidebar_layout":"default_layout","advanced_seo_description":"","jetpack_seo_html_title":"","jetpack_seo_noindex":false,"jetpack_post_was_ever_published":false,"footnotes":""},"categories":[11,12],"tags":[1032,413,1256,452,182,577],"class_list":["post-7811","post","type-post","status-publish","format-standard","has-post-thumbnail","hentry","category-arbeit-soziales","category-demokratie-medien-aufklaerung","tag-bundesregierung","tag-china","tag-corona-virus","tag-deutschland","tag-eu","tag-gesundheitspolitik"],"jetpack_featured_media_url":"https:\/\/i0.wp.com\/www.freidenker.org\/fw17\/wp-content\/uploads\/2020\/03\/coronavirus-4910360_800x450.jpg?fit=800%2C450&ssl=1","jetpack_shortlink":"https:\/\/wp.me\/p9stpK-21Z","jetpack-related-posts":[{"id":7809,"url":"https:\/\/www.freidenker.org\/?p=7809","url_meta":{"origin":7811,"position":0},"title":"Die Solidarit\u00e4t der EU","author":"Webredaktion","date":"27. M\u00e4rz 2020","format":false,"excerpt":"Beitrag von german-foreign-policy.com Nach dem Ausbleiben von Unterst\u00fctzung sowie nach Exportverboten f\u00fcr medizinische Schutzausr\u00fcstung seitens Deutschlands und der EU bitten mehrere europ\u00e4ische Staaten China um Hilfe im Kampf gegen die Covid-19-Pandemie. Hatte vergangene Woche Italien erste Hilfslieferungen aus der Volksrepublik erhalten, weil Deutschland die Ausfuhr wichtiger Schutzkleidung nicht erlaubt, so\u2026","rel":"","context":"In &quot;Arbeit &amp; Soziales&quot;","block_context":{"text":"Arbeit &amp; Soziales","link":"https:\/\/www.freidenker.org\/?cat=11"},"img":{"alt_text":"","src":"https:\/\/i0.wp.com\/www.freidenker.org\/fw17\/wp-content\/uploads\/2020\/03\/brescia-4931110_800x445.jpg?fit=800%2C450&ssl=1&resize=350%2C200","width":350,"height":200,"srcset":"https:\/\/i0.wp.com\/www.freidenker.org\/fw17\/wp-content\/uploads\/2020\/03\/brescia-4931110_800x445.jpg?fit=800%2C450&ssl=1&resize=350%2C200 1x, https:\/\/i0.wp.com\/www.freidenker.org\/fw17\/wp-content\/uploads\/2020\/03\/brescia-4931110_800x445.jpg?fit=800%2C450&ssl=1&resize=525%2C300 1.5x, https:\/\/i0.wp.com\/www.freidenker.org\/fw17\/wp-content\/uploads\/2020\/03\/brescia-4931110_800x445.jpg?fit=800%2C450&ssl=1&resize=700%2C400 2x"},"classes":[]},{"id":23018,"url":"https:\/\/www.freidenker.org\/?p=23018","url_meta":{"origin":7811,"position":1},"title":"Nach 35 Jahren Einheit: Gro\u00dfdeutschland auf Kriegskurs \u2013 Frieden kein Thema","author":"Webredaktion","date":"5. Oktober 2025","format":false,"excerpt":"Beitrag von Hans Bauer Am 3. Oktober 2025 gedenkt Deutschland der staatlichen Vereinigung. Eingel\u00e4utet mit einer Entschlie\u00dfung des Bundesrates auf seiner Sitzung am 26. September. Herausforderung seien \u201eNationale Kraftanstrengung, Modernisierung auf allen Ebenen, Auseinandersetzung mit der Geschichte\u201c. Von der deutschen Einheit zur Einheit Europas, hei\u00dft es. Gleiche Beschw\u00f6rungen zur Einheit\u2026","rel":"","context":"In &quot;Frieden - Antifaschismus - Solidarit\u00e4t&quot;","block_context":{"text":"Frieden - Antifaschismus - Solidarit\u00e4t","link":"https:\/\/www.freidenker.org\/?cat=13"},"img":{"alt_text":"","src":"https:\/\/i0.wp.com\/www.freidenker.org\/fw17\/wp-content\/uploads\/2025\/10\/Bundesarchiv_Bild_183-1990-1003-400_Berlin_deutsche_Vereinigung_vor_dem_Reichstag_800x450.jpg?fit=800%2C450&ssl=1&resize=350%2C200","width":350,"height":200,"srcset":"https:\/\/i0.wp.com\/www.freidenker.org\/fw17\/wp-content\/uploads\/2025\/10\/Bundesarchiv_Bild_183-1990-1003-400_Berlin_deutsche_Vereinigung_vor_dem_Reichstag_800x450.jpg?fit=800%2C450&ssl=1&resize=350%2C200 1x, https:\/\/i0.wp.com\/www.freidenker.org\/fw17\/wp-content\/uploads\/2025\/10\/Bundesarchiv_Bild_183-1990-1003-400_Berlin_deutsche_Vereinigung_vor_dem_Reichstag_800x450.jpg?fit=800%2C450&ssl=1&resize=525%2C300 1.5x, https:\/\/i0.wp.com\/www.freidenker.org\/fw17\/wp-content\/uploads\/2025\/10\/Bundesarchiv_Bild_183-1990-1003-400_Berlin_deutsche_Vereinigung_vor_dem_Reichstag_800x450.jpg?fit=800%2C450&ssl=1&resize=700%2C400 2x"},"classes":[]},{"id":24324,"url":"https:\/\/www.freidenker.org\/?p=24324","url_meta":{"origin":7811,"position":2},"title":"Das Paul-(Un)Ehrlich-Institut und der j\u00fcngste Skandal in der &#8222;Corona-Aufarbeitung&#8220;","author":"Webredaktion","date":"30. Januar 2026","format":false,"excerpt":"Beitrag von Bernhard Loyen Januar 2024, die Pressestelle des Paul-Ehrlich-Instituts (PEI) kann stolz verk\u00fcnden, dass ihr langj\u00e4hriger verantwortlicher Leiter, Klaus Cichutek, von Bundespr\u00e4sident Frank-Walter Steinmeier \"mit dem Verdienstkreuz 1. Klasse des Verdienstordens der Bundesrepublik Deutschland ausgezeichnet\" wird. Diese hohe staatliche Ehrung erhielt er, ausdr\u00fccklich in der Rede von Steinmeier betont,\u2026","rel":"","context":"In &quot;Demokratie \u2013 Medien \u2013 Aufkl\u00e4rung&quot;","block_context":{"text":"Demokratie \u2013 Medien \u2013 Aufkl\u00e4rung","link":"https:\/\/www.freidenker.org\/?cat=12"},"img":{"alt_text":"","src":"https:\/\/i0.wp.com\/www.freidenker.org\/fw17\/wp-content\/uploads\/2026\/01\/Paul_Ehrlich_Institut_building_Langen_-_2022-05-16_800x450.jpg?fit=800%2C450&ssl=1&resize=350%2C200","width":350,"height":200,"srcset":"https:\/\/i0.wp.com\/www.freidenker.org\/fw17\/wp-content\/uploads\/2026\/01\/Paul_Ehrlich_Institut_building_Langen_-_2022-05-16_800x450.jpg?fit=800%2C450&ssl=1&resize=350%2C200 1x, https:\/\/i0.wp.com\/www.freidenker.org\/fw17\/wp-content\/uploads\/2026\/01\/Paul_Ehrlich_Institut_building_Langen_-_2022-05-16_800x450.jpg?fit=800%2C450&ssl=1&resize=525%2C300 1.5x, https:\/\/i0.wp.com\/www.freidenker.org\/fw17\/wp-content\/uploads\/2026\/01\/Paul_Ehrlich_Institut_building_Langen_-_2022-05-16_800x450.jpg?fit=800%2C450&ssl=1&resize=700%2C400 2x"},"classes":[]},{"id":13078,"url":"https:\/\/www.freidenker.org\/?p=13078","url_meta":{"origin":7811,"position":3},"title":"Neues aus Cuba &#8211; Menschlichkeit trotz Wirtschaftskrieg","author":"Webredaktion","date":"10. Mai 2022","format":false,"excerpt":"Veranstaltung\u00a0mit der kubanischen Botschafterin Juana Martinez Gonzales Freitag, 13.05.2022, 19.30 Uhr \/ Villa Leon, Philipp-Koerber-Weg 1, 90439 N\u00fcrnberg Im Januar 2022 verabschiedete sich Ramon Ripoll Diaz, der 4 Jahre lang als Botschafter sein Land Cuba in Berlin vertrat. Beim Abschied rief er zum Kampf gegen die seit mehr als 60\u2026","rel":"","context":"In &quot;Frieden - Antifaschismus - Solidarit\u00e4t&quot;","block_context":{"text":"Frieden - Antifaschismus - Solidarit\u00e4t","link":"https:\/\/www.freidenker.org\/?cat=13"},"img":{"alt_text":"","src":"https:\/\/i0.wp.com\/www.freidenker.org\/fw17\/wp-content\/uploads\/2022\/05\/Cuba_unblock_800x450.jpg?fit=800%2C450&ssl=1&resize=350%2C200","width":350,"height":200,"srcset":"https:\/\/i0.wp.com\/www.freidenker.org\/fw17\/wp-content\/uploads\/2022\/05\/Cuba_unblock_800x450.jpg?fit=800%2C450&ssl=1&resize=350%2C200 1x, https:\/\/i0.wp.com\/www.freidenker.org\/fw17\/wp-content\/uploads\/2022\/05\/Cuba_unblock_800x450.jpg?fit=800%2C450&ssl=1&resize=525%2C300 1.5x, https:\/\/i0.wp.com\/www.freidenker.org\/fw17\/wp-content\/uploads\/2022\/05\/Cuba_unblock_800x450.jpg?fit=800%2C450&ssl=1&resize=700%2C400 2x"},"classes":[]},{"id":8843,"url":"https:\/\/www.freidenker.org\/?p=8843","url_meta":{"origin":7811,"position":4},"title":"Merkels K\u00fcchenkabinett: Ansteckender Machtmissbrauch","author":"Webredaktion","date":"25. Oktober 2020","format":false,"excerpt":"Beitrag von Friedhelm Klinkhammer und Volker Br\u00e4utigam Die Tagesschau hatte das Kleinereignis mit dem gro\u00dfen Symbolgehalt brav per Aufmacher gemeldet, aber den rabenschwarzen Humor hinter der Geschichte beflissen ignoriert: Ausgerechnet Gesundheitsminister Jens Spahn ist an Covid-19 erkrankt und musste sich wegsperren (lassen). Als die Pandemie im Januar Deutschland erreichte, war\u2026","rel":"","context":"In &quot;Arbeit &amp; Soziales&quot;","block_context":{"text":"Arbeit &amp; Soziales","link":"https:\/\/www.freidenker.org\/?cat=11"},"img":{"alt_text":"","src":"https:\/\/i0.wp.com\/www.freidenker.org\/fw17\/wp-content\/uploads\/2020\/10\/Unterzeichnung_des_Koalitionsvertrages_2018_800x450.jpg?fit=800%2C450&ssl=1&resize=350%2C200","width":350,"height":200,"srcset":"https:\/\/i0.wp.com\/www.freidenker.org\/fw17\/wp-content\/uploads\/2020\/10\/Unterzeichnung_des_Koalitionsvertrages_2018_800x450.jpg?fit=800%2C450&ssl=1&resize=350%2C200 1x, https:\/\/i0.wp.com\/www.freidenker.org\/fw17\/wp-content\/uploads\/2020\/10\/Unterzeichnung_des_Koalitionsvertrages_2018_800x450.jpg?fit=800%2C450&ssl=1&resize=525%2C300 1.5x, https:\/\/i0.wp.com\/www.freidenker.org\/fw17\/wp-content\/uploads\/2020\/10\/Unterzeichnung_des_Koalitionsvertrages_2018_800x450.jpg?fit=800%2C450&ssl=1&resize=700%2C400 2x"},"classes":[]},{"id":7850,"url":"https:\/\/www.freidenker.org\/?p=7850","url_meta":{"origin":7811,"position":5},"title":"Der NATO-Angriff auf Jugoslawien war ein Kriegsverbrechen &#8230;","author":"Webredaktion","date":"3. April 2020","format":false,"excerpt":"Interview von \u017baklin Nasti\u0107, MdB mit der Tageszeitung Vesti ... Als das Bombardement Jugoslawiens durch die NATO am 24.03.1999 begann, war ich 19 Jahre alt. Ich habe an vielen Demonstrationen in Hamburg gegen den Krieg teilgenommen und wurde durch diesen Krieg mehr als zuvor politisiert. Die L\u00fcgen des damaligen Au\u00dfenministers\u2026","rel":"","context":"In &quot;Frieden - Antifaschismus - Solidarit\u00e4t&quot;","block_context":{"text":"Frieden - Antifaschismus - Solidarit\u00e4t","link":"https:\/\/www.freidenker.org\/?cat=13"},"img":{"alt_text":"","src":"https:\/\/i0.wp.com\/www.freidenker.org\/fw17\/wp-content\/uploads\/2020\/04\/nastic_collage_800x450.jpg?fit=800%2C450&ssl=1&resize=350%2C200","width":350,"height":200,"srcset":"https:\/\/i0.wp.com\/www.freidenker.org\/fw17\/wp-content\/uploads\/2020\/04\/nastic_collage_800x450.jpg?fit=800%2C450&ssl=1&resize=350%2C200 1x, https:\/\/i0.wp.com\/www.freidenker.org\/fw17\/wp-content\/uploads\/2020\/04\/nastic_collage_800x450.jpg?fit=800%2C450&ssl=1&resize=525%2C300 1.5x, https:\/\/i0.wp.com\/www.freidenker.org\/fw17\/wp-content\/uploads\/2020\/04\/nastic_collage_800x450.jpg?fit=800%2C450&ssl=1&resize=700%2C400 2x"},"classes":[]}],"_links":{"self":[{"href":"https:\/\/www.freidenker.org\/index.php?rest_route=\/wp\/v2\/posts\/7811","targetHints":{"allow":["GET"]}}],"collection":[{"href":"https:\/\/www.freidenker.org\/index.php?rest_route=\/wp\/v2\/posts"}],"about":[{"href":"https:\/\/www.freidenker.org\/index.php?rest_route=\/wp\/v2\/types\/post"}],"author":[{"embeddable":true,"href":"https:\/\/www.freidenker.org\/index.php?rest_route=\/wp\/v2\/users\/3"}],"replies":[{"embeddable":true,"href":"https:\/\/www.freidenker.org\/index.php?rest_route=%2Fwp%2Fv2%2Fcomments&post=7811"}],"version-history":[{"count":0,"href":"https:\/\/www.freidenker.org\/index.php?rest_route=\/wp\/v2\/posts\/7811\/revisions"}],"wp:featuredmedia":[{"embeddable":true,"href":"https:\/\/www.freidenker.org\/index.php?rest_route=\/wp\/v2\/media\/7816"}],"wp:attachment":[{"href":"https:\/\/www.freidenker.org\/index.php?rest_route=%2Fwp%2Fv2%2Fmedia&parent=7811"}],"wp:term":[{"taxonomy":"category","embeddable":true,"href":"https:\/\/www.freidenker.org\/index.php?rest_route=%2Fwp%2Fv2%2Fcategories&post=7811"},{"taxonomy":"post_tag","embeddable":true,"href":"https:\/\/www.freidenker.org\/index.php?rest_route=%2Fwp%2Fv2%2Ftags&post=7811"}],"curies":[{"name":"wp","href":"https:\/\/api.w.org\/{rel}","templated":true}]}}