{"id":7802,"date":"2020-03-24T13:11:40","date_gmt":"2020-03-24T12:11:40","guid":{"rendered":"https:\/\/www.freidenker.org\/?p=7802"},"modified":"2020-04-16T22:42:53","modified_gmt":"2020-04-16T20:42:53","slug":"coronakrise-die-versager-haben-das-wort","status":"publish","type":"post","link":"https:\/\/www.freidenker.org\/?p=7802","title":{"rendered":"Coronakrise: Die Versager haben das Wort"},"content":{"rendered":"<h5>Corona offenbart die Ursachen der M\u00e4ngel unseres Sozialstaats und die Untauglichkeit der politisch Verantwortlichen<\/h5>\n<p><em>Von <strong>Friedhelm Klinkhammer<\/strong> und <strong>Volker Br\u00e4utigam<\/strong><\/em><\/p>\n<p>(<em>Erstver\u00f6ffentlichung am 21.03.2020 auf <a href=\"https:\/\/publikumskonferenz.de\/blog\/2020\/03\/21\/coronakrise-die-versager-haben-das-wort\/\" target=\"_blank\" rel=\"noopener noreferrer\">publikumskonferenz.de<\/a> )<\/em><\/p>\n<p><strong>Kein Albtraum, sondern grauenhaft real: Italienische \u00c4rzte sind seit dem 10. M\u00e4rz 2020 gezwungen, zu entscheiden, welcher Corona-Patient behandelt wird und welcher sterben muss. <\/strong>(1, 2, 3)<strong> Zur uneingeschr\u00e4nkten Hilfeleistung reichen die medizinischen Kapazit\u00e4ten nicht mehr. Trotzdem wachten unsere politisch Verantwortlichen erst eine Woche sp\u00e4ter auf. Kanzlerin Merkel, so phrasenreich wie widerspr\u00fcchlich: \u201e<em>Deutschland hat ein exzellentes Gesundheitssystem, vielleicht eines der besten der Welt \u2026<\/em><\/strong><strong><em> Unsere Krankenh\u00e4user w\u00e4ren v\u00f6llig \u00fcberfordert, wenn in k\u00fcrzester Zeit zu viele Patienten \u2026 Dass wir diese Krise \u00fcberwinden werden, dessen bin ich vollkommen sicher<\/em>.\u201d<\/strong> (4)<strong>\u00a0Muttis Feldgottesdienst (\u201ePassen Sie gut auf sich und Ihre Lieben auf\u201d) wurde von ihren Ministern und den Regierungen der L\u00e4nder auf der Notverordnungs-Orgel begleitet.<\/strong><\/p>\n<p>Sie h\u00e4tten von China, Taiwan, Singapur, Korea und Japan lernen k\u00f6nnen, wie die Corona-Pandemie mit ebenso rigorosen wie erfolgreichen Methoden zu bew\u00e4ltigten ist. Aber sie wiegten lieber sich und die \u00d6ffentlichkeit in wohliger Selbstzufriedenheit. Von ausgeguckten Fachleuten lie\u00dfen sie sich die bescheuerte Unternehmer-Formel best\u00e4tigen: \u201eUnsere Krankenh\u00e4user sind bestens aufgestellt.\u201d (5) Gesundheitsminister Spahn versuchte noch Anfang M\u00e4rz, mit seinen verbalen Beruhigungspillen (6)<\/p>\n<blockquote><p><em>\u201eso oft in der Tagesschau vorzukommen, bis das Corona-Virus sagt: Ich geb auf.\u201d<\/em> (7)<\/p><\/blockquote>\n<p>Der sp\u00e4tere inkonsistente Aktionismus (8) Spahns und seiner Chefin hat jedoch l\u00e4ngst nichts Belustigendes mehr. Politische Fehler der Vergangenheit r\u00e4chen sich daf\u00fcr umso sichtbarer. Die Tagesschau nimmt das allerdings nicht wahr. Sie \u00fcberschl\u00e4gt sich zwar mit ausf\u00fchrlichen Berichten \u00fcber die Ereignisse \u2013 bedingte N\u00fctzlichkeit wird hier nicht bestritten \u2013 bleibt aber bei ihrem \u00fcblichen Verlautbarungsjournalismus.<\/p>\n<p>Zur Herausbildung eines kritischen Bewusstseins tr\u00e4gt sie nicht bei und nicht zur Bereitschaft, aus den sch\u00e4ndlichen Fehlern der deutschen Gesundheits- und Sozialpolitik zu lernen. Sie stellt damit sicher, dass die Verantwortlichen nicht um ihre \u00c4mter zu f\u00fcrchten brauchen, bedenkenlos weiter das gro\u00dfe Wort schwingen k\u00f6nnen und alles beim Alten bleibt. Derweil tobt in unserer Gesellschaft der aberwitzige Streit, ob das Corona-Virus gef\u00e4hrlich, weniger gef\u00e4hrlich oder gar nur ein Vorwand f\u00fcr staatlichen Machtmissbrauch sei.<\/p>\n<p>Im chinesischen Wuhan und Umgebung leben ungef\u00e4hr gleich viele Menschen wie in Deutschland. Nach anf\u00e4nglichen Fehlern der \u00f6rtlichen Beh\u00f6rden hat die Regierung in Beijing einen drastischen Kurswechsel angeordnet, 56 Millionen B\u00fcrger in eine rigorose Quarant\u00e4ne geschickt, ein weltweit anerkanntes Versorgungsprogramm auf die Beine gestellt und daf\u00fcr gigantische gesamtwirtschaftliche Sch\u00e4den in Kauf genommen. Darf ein solches Vorbild bei uns etwa als Beweis daf\u00fcr dienen, dass an der Corona-Infektionsgefahr nichts dran sei?<\/p>\n<p>Objektiv besteht die Besorgnis einer schnellen, massenhaften Virusinfektion und gesundheitlicher Beeintr\u00e4chtigung. Es ist die Pflicht aller zust\u00e4ndigen Instanzen, Ma\u00dfnahmen dagegen zu ergreifen. Ob das bisher Veranlasste notwendig oder zweckm\u00e4\u00dfig war, l\u00e4sst sich erst dann schl\u00fcssig beantworten, wenn die Krise ausgestanden ist. Derzeit sind \u00fcbrigens Desinfektionsmittel und Schutzmasken ausverkauft. Dar\u00fcber wird sp\u00e4ter ebenfalls zu urteilen sein.<\/p>\n<p>Einem Corona-Patienten sagen zu m\u00fcssen: \u201eWir k\u00f6nnen nichts machen, wir haben keinen Platz und keinen Arzt mehr f\u00fcr dich frei\u201d, bedeutet, ihn qualvoll ersticken zu lassen. Den h\u00e4ufig vorgebrachten Einwand, das Corona-Covid19 sei nicht mal so gef\u00e4hrlich wie Grippeviren und habe bisher eh blo\u00df bei wenigen \u00e4lteren und vorerkrankten Menschen zum Tod gef\u00fchrt, halten wir f\u00fcr unertr\u00e4glichen Zynismus. Er ist zudem, trotz aller Unvergleichbarkeit der Verh\u00e4ltnisse, angesichts von mehr als 6000 Toten in der VR China und fast 4000 Toten in Italien eine ausgesprochene Infamie.<\/p>\n<h5><strong>Der Osten ist rot<\/strong><\/h5>\n<p>Dem Verlautbarungsjournalismus der Tagesschau und geistesverwandter Medien fehlten und fehlen erkenntnisdienliche Details des chinesischen Vorbilds. Dabei w\u00e4ren sie jederzeit abrufbar gewesen. Wir haben die Kollegin Danhong Zhang (9) danach gefragt, eine Chinesin, die jahrzehntelang bei der Deutschen Welle in K\u00f6ln gearbeitet hat und jetzt wieder in Beijing lebt. \u201eChina hat Vieles richtig gemacht\u201c, schrieb sie uns aus der mittelchinesischen Stadt Wuhan:<\/p>\n<p>\u201e\u2026 Nach anf\u00e4nglichen Fehlern wurde am 23. Januar die 11-Millionen-Stadt unter Quarant\u00e4ne gestellt. \u2026 Andernorts wurden ebenfalls ganze Stadtviertel unter Quarant\u00e4ne genommen, sobald dort ein Infektionsfall bekannt wurde. Die Ansteckungsketten sollten mit allen Mitteln gebrochen werden. Der medizinischen Versorgung der Patienten galt h\u00f6chste Priorit\u00e4t. \u2026 Ab Mitte Februar entspannte sich die Lage deutlich. Die Zielvorgabe der Zentralregierung<\/p>\n<blockquote><p><em>\u201aBetten warten auf Patienten, nicht umgekehrt\u2019<\/em><\/p><\/blockquote>\n<p>wurde Realit\u00e4t. \u2026 Die Zentralregierung in Beijing bedachte einen alten Spruch: \u201aDas ganze Land gleicht einem Schachbrett\u2019 und rief die Mediziner landesweit dazu auf, Wuhan und der Provinz Hubei zu helfen. Mehr als 40.000 Fachkundige folgten \u2026<\/p>\n<p>Unterbrechung der Infektionsketten und bestm\u00f6gliche medizinische Versorgung der Virus-Patienten waren die zwei Schl\u00fcsselfaktoren, die zur Eind\u00e4mmung des Virus f\u00fchrten. Was ebenfalls geholfen hat, ist die absolute Mundschutzpflicht. Am Anfang kauften \u00dcberseechinesen noch Schutzmasken auf, um sie in die Heimat zu schicken. Nun ist es China, das die ganze Welt mit Schutzmasken beliefert. \u2026<\/p>\n<p>Um die Gefahr eines Virus-Reimports zu minimieren, ordnete die Regierung an, dass sich alle Einreisenden aus Hochrisikol\u00e4ndern nach der Ankunft in China einer zweiw\u00f6chigen Selbstisolation unterziehen \u2026<\/p>\n<p>Im Februar ist die Industrieproduktion im Vergleich zum Februar 2019 um \u00fcber 13 Prozent gefallen, die Autoproduktion sank sogar um 80 Prozent. Doch f\u00fcr das nach verbreiteter westlicher Auffassung \u201emenschenverachtende chinesische Regime\u201d hat der Schutz des Menschenlebens absoluten Vorrang vor wirtschaftlichen Interessen \u2013 im Gegensatz zu vielen L\u00e4ndern, die sonst die eigene Humanit\u00e4t hochloben.\u201c<\/p>\n<p>Zhang Danhongs (hier gek\u00fcrzt wiedergegebene) Darstellung zeigt den fundamentalen Unterschied zur europ\u00e4ischen Konzeption: Chinas Regierung ging es darum, die Infektionsketten schleunigst und mit allen Mitteln zu brechen, die Pandemie zu beenden und die Gesundheit der Bev\u00f6lkerung zu sch\u00fctzen. In Europa, insbesondere in Deutschland, versucht man dagegen nur, die Ausbreitung zu verlangsamen, um die Versorgungskapazit\u00e4ten nicht zu \u00fcberfordern.\u00a0In Europa denken Viele, \u201eden Mundschutz trag ich nicht, er sch\u00fctzt mich nicht.\u201d In China sagt man, \u201eer sch\u00fctzt mich nicht, aber ich trage ihn, weil er die anderen sch\u00fctzt.\u201c So unterscheiden sich Hedonist und Kommunist.<\/p>\n<h5><strong>Zur Corona-Historie<\/strong><\/h5>\n<p>Die WHO alarmierte vom 12. Januar an weltweit wegen der hohen Geschwindigkeit, mit der die Ansteckung um sich greift. Sie warnte, die lokalen medizinischen Kapazit\u00e4ten w\u00fcrden nicht gen\u00fcgen, falls nicht sofort gegengesteuert werde.\u00a0(10) Am 22. Februar meldete Italien zwei erste europ\u00e4ische Corona-Tote; am 9. M\u00e4rz wurden bereits 195 Todesf\u00e4lle gez\u00e4hlt. Die Hilfe- und Versorgungs-Kapazit\u00e4ten waren schon restlos \u00fcberfordert. (11)<\/p>\n<p>In Deutschland gab es am 27. Januar den ersten Corona-Infizierten. Vom schlimmen, weil vermeidbaren Heinsberger Karnevals-Vorfall mit 300 Infizierten an entwickelte sich die Pandemie besorgniserregend: Dutzende Tote hat sie inzwischen gefordert, weit \u00fcber 15 000 Menschen sind infiziert. (12) Die Bundesregierung und nachgeordnete deutsche Institute wurden aber erst am 15. M\u00e4rz mit einer partiellen Grenzschlie\u00dfung und Versammlungsverboten aktiv. Da hatten mehr als 40 L\u00e4nder l\u00e4ngst viel Weitergehendes beschlossen: Russland beispielsweise hatte seine Grenzen zu China schon am 7. Januar vollkommen dicht gemacht. (15)<\/p>\n<h5><strong>Besserwisser am Start<\/strong><\/h5>\n<p>Die deutschen Politiker und Beh\u00f6rden hatten demgegen\u00fcber noch lange abgewiegelt, so als habe das Covid19 sich entschlossen, das selbstherrliche deutsche Staatsgebiet zu meiden.\u00a0Dreist und im Widerspruch zur WHO das regierungseigene Robert-Koch-Institut:<\/p>\n<blockquote><p><em>\u201eEs gibt keine Belege daf\u00fcr, dass sich der Virus einfach von Mensch zu Mensch \u00fcbertr\u00e4gt wie bei einer Grippe. Das ist nur in bestimmten Ausnahmef\u00e4llen m\u00f6glich.\u201c<\/em> (16)<\/p><\/blockquote>\n<p>Bundesgesundheitsminister Jens Spahn machte unversch\u00e4mt dicke Backen:<\/p>\n<blockquote><p><em>\u201eEine Erkrankung wie diese ist \u2026 schnell unter Kontrolle zu kriegen\u2026 wir haben unsere Krisenpl\u00e4ne aus der Schublade geholt.\u201c\u00a0<\/em>(17)<\/p><\/blockquote>\n<p>Kein kritisches Wort zu soviel \u00dcberheblichkeit in der Tagesschau. Stattdessen Geh\u00e4ssiges \u00fcber die Anstrengungen der VR China:<\/p>\n<blockquote><p><em>\u201eIn Chinas sozialen Netzwerken wie Weibo beschweren sich Nutzer \u00fcber schlechte medizinische Versorgung und unverh\u00e4ltnism\u00e4\u00dfige Ma\u00dfnahmen der Beh\u00f6rden\u201c<\/em> (18),<\/p><\/blockquote>\n<p>obwohl kein Zweifel ist, dass die chinesische Bev\u00f6lkerung die Regierung im Bem\u00fchen um Eind\u00e4mmung der Pandemie einm\u00fctig unterst\u00fctzt.\u00a0Den ausgesuchten \u00c4u\u00dferungen einzelner unzufriedener Chinesen wurde eine unangemessen hohe journalistische Aufmerksamkeit zuteil, ersichtlich in der Absicht, die Regierung und die chinesischen Kommunisten zu diskreditieren:<\/p>\n<blockquote><p><em>\u201eMan hat das nicht ernst genommen und hat so wertvolle Wochen im Kampf gegen das Virus verloren. Daf\u00fcr m\u00fcssen Leute zu Verantwortung gezogen werden.\u201c\u00a0<\/em>(19)<\/p><\/blockquote>\n<p>Die konformistische ARD-aktuell blieb der Regierungslinie und sich selber treu: China b\u00f6se, Berlin gut. Erst am Ende der Erkrankungswelle in China musste sie zwar anerkennen:<\/p>\n<blockquote><p><em>\u201eIn China wurde Enormes geleistet im Kampf gegen das Coronavirus\u2026.\u201c\u00a0<\/em>(20)<\/p><\/blockquote>\n<p>vergiftete das Lob jedoch pflichtgem\u00e4\u00df mit einer Kelle Missgunst angesichts des Erfolgs der regierenden Kommunisten:<\/p>\n<blockquote><p>\u201e<em>Geradezu gef\u00e4hrlich ist ein drittes Narrativ, das die Kommunistische F\u00fchrung dieser Tage zu verbreiten versucht: N\u00e4mlich jenes, wonach Chinas diktatorisches Regierungsmodell im Kampf gegen das Virus seine \u00dcberlegenheit bewiesen habe; seine \u00dcberlegenheit gegen\u00fcber vermeintlich schwachen Demokratien.\u201c <\/em>(ebd.)<\/p><\/blockquote>\n<h5><strong>Die starken Demokratien<\/strong><\/h5>\n<p>Ihre Repr\u00e4sentanten taten sich derweil mit starken Spr\u00fcchen hervor und verschwendeten wertvolle Zeit. Das Robert Koch-Institut, RKI, oberste f\u00fcr die informelle Epidemiebek\u00e4mpfung zust\u00e4ndige Beh\u00f6rde:<\/p>\n<blockquote><p><em>\u201eDie Gefahr f\u00fcr die Gesundheit der Menschen in Deutschland durch die neue Atemwegserkrankung aus China bleibt weiterhin gering\u201c\u00a0<\/em>(21)<\/p><\/blockquote>\n<p>Noch am 26. Februar erkl\u00e4rte Armin Laschet, Ministerpr\u00e4sident Nordrhein-Westfalens, die Lage sei unter Kontrolle. Einen Tag sp\u00e4ter berichtete der Spiegel, dass wegen 400 infizierten Karnevalsbesuchern in Heinsberg Quarant\u00e4ne angeordnet worden sei. Der Mikrobiologe und Epidemiologe\u00a0Lars Schaade, Vizepr\u00e4sident des RKI, erkl\u00e4rte zu diesem Zeitpunkt, dass die Gefahr in Deutschland als \u201egering bis m\u00e4\u00dfig\u201d eingestuft werde.<\/p>\n<p>Diese Einsch\u00e4tzung hob das RKI am 2. M\u00e4rz auf \u201em\u00e4\u00dfig\u201d an. Die Bundeskanzlerin verk\u00fcndete am 11. M\u00e4rz, dass\u00a0\u201e60 bis 70 Prozent\u00a0der Bev\u00f6lkerung\u201c an dem Virus erkranken\u00a0w\u00fcrden.\u00a0(22)\u00a0 Es komme deshalb darauf an, die Ausbreitung der Epidemie zu verlangsamen, damit\u00a0das Gesundheitssystem nicht \u00fcberlastet werde.\u00a0Erst am 17. M\u00e4rz beschrieb des RKI den Gef\u00e4hrdungsgrad als \u201ehoch\u201d. (23, 24) Zu diesem Zeitpunkt gab es in Deutschland bereits 8000 Infizierte und 12 Tote.<\/p>\n<p>Zur Erinnerung: China hatte bereits beim Stand von 2000 Infizierten gravierende und umfassende Eind\u00e4mmung veranlasst. Ausdr\u00fcckliche Priorit\u00e4t hatte, menschliches Leben zu sch\u00fctzen. Demgegen\u00fcber zeigt die Konzeption der Bundesregierung, dass die ihre Ma\u00dfnahmen den Leistungsgrenzen unseres weitgehend privatisierten Gesundheitswesens anpasst und unterordnet (Anm. 22) \u2013 und sich stillschweigend mit den Risiken und Nebenwirkungen abfindet.<\/p>\n<p>Im Unterschied zum chinesischen Vorgehen, sofort alle Bev\u00f6lkerungsgruppen durch staatliche Ma\u00dfnahmen bestm\u00f6glich zu sch\u00fctzen, zeigte RKI-Pr\u00e4sident Lothar Wieler am 13. M\u00e4rz, wohin in Deutschland die Reise geht:<\/p>\n<blockquote><p><em>\u201eWir reden hier \u00fcber eine Epidemie, die noch Wochen und Monate geht und sich zu verschiedenen Zeiten in verschiedenen Regionen unterschiedlich stark ausbreiten wird.\u201d <\/em>(25)<\/p><\/blockquote>\n<p>Die Mitte M\u00e4rz endlich verk\u00fcndeten Ma\u00dfregeln zum Schutz der Bev\u00f6lkerung sind zwar zu begr\u00fc\u00dfen, letztlich aber inkonsequent, weil sie nicht so entschieden und umfassend wie in China auf Eind\u00e4mmung der Pandemie ausgerichtet sind. Die Warnungen italienischer Wissenschaftler, dass Deutschland den Anforderungen eines aussichtsreichen Kampfs <strong>gegen den Corona-Tod nicht gen\u00fcge, wurden in Berlin \u00fcberh\u00f6rt. (26) Hier richteten Politik und Medien das Augenmerk auf die Bed\u00fcrfnisse \u201eunserer\u201d Wirtschaft:<\/strong><strong>\u00a0<\/strong><strong>Mehr als 550 Milliarden Euro<\/strong>\u00a0stehen auf einmal f\u00fcr die Unternehmen bereit, <strong>f\u00fcr Garantien, <\/strong><strong>\u00dcbernahme der Sozialbeitr\u00e4ge bei Kurzarbeit, Zusch\u00fcsse und Kredite. Finanzminister<\/strong>\u00a0<strong>Scholz: \u201eWir kleckern nicht, wir klotzen\u201d. (27)<\/strong><\/p>\n<h5>Schiefleger und Schlappenschammes<\/h5>\n<p>Betroffene Arbeitnehmer\u00a0sollen sich hingegen mit Kurzarbeitergeld, d.h.\u00a0mit\u00a040 Prozent weniger\u00a0Lohn\u00a0bescheiden oder sich ins Hartz-IV abdr\u00e4ngen lassen. DGB-Chef Rainer Hoffmann, Mitglied der Atlantikbr\u00fccke, weit weniger Gewerkschafter alsr Sozialdemokrat, denkt gar nicht daran, vollen Lohnausgleich ohne Wenn und Aber zu fordern, sondern meint milde:<\/p>\n<blockquote><p><em>\u201eEs ist doch klar, dass die Arbeitnehmerinnen und Arbeitnehmer nicht in eine soziale Schieflage kommen sollen.\u201d<\/em> (28)<\/p><\/blockquote>\n<p>Ab welcher St\u00e4rke des Einkommensverlusts tritt Hoffmanns \u201eSchieflage\u201c ein? Die Tagesschau fasst ihm nicht ans Hemd. \u00dcber die Belange der weniger Betuchten wird\u00a0bei ARD-aktuell\u00a0ohnehin so gut wie nichts berichtet: Weder \u00fcber\u00a0die seit Jahren desastr\u00f6sen Arbeitsbedingungen des Pflegepersonals in Heimen und Krankenh\u00e4usern noch\u00a0\u00fcber\u00a0die\u00a0Situation\u00a0der Scheinselbst\u00e4ndigen, der freien Mitarbeiter, der Aushilfskr\u00e4fte, der Rentner mit Minimaleinkommen, der Tafel-Bed\u00fcrftigen\u00a0oder der Hartz IV-Opfer\u00a0informiert die Tagesschau ausf\u00fchrlich und kontinuierlich.<\/p>\n<p>\u201eArmenspeisung ausgesetzt\u201d, schreibt die \u201ejunge Welt\u201d (29), nicht aber berichtet das die Tagesschau. Die gibt lieber Tipps, wie man sich bei Trauerfeiern vor Ansteckung sch\u00fctzt oder Informationen,\u00a0warum das Klopapier so knapp geworden\u00a0ist. (30)<\/p>\n<p>H\u00f6chste Zeit f\u00fcr ein paar kr\u00e4ftige Ansagen. Die Bundesregierung hat \u00fcber zwei Jahrzehnte Gesundheits- und Sozialpolitik mit der Abrissbirne betrieben. Sie ist erkenntnisresistent und denkt deshalb gar nicht daran, Grunds\u00e4tzliches zu revidieren.<\/p>\n<p>Ganz anders der franz\u00f6sische Pr\u00e4sident Emmanuel Macron:<\/p>\n<blockquote><p><em>\u201eWir m\u00fcssen unser Entwicklungsmodell hinterfragen, dem wir seit Jahrzehnten anhingen und das seine Schw\u00e4chen jetzt offenbart\u201d. <\/em>Die Pandemie zeige, dass das Gesundheitswesen ein zu hohes Gut sei, als dass es den Gesetzen des freien Marktes unterworfen werden d\u00fcrfe<em>. \u201eEs ist Wahnsinn, unsere Ern\u00e4hrung, unseren Schutz und unsere F\u00e4higkeit zur Gesundheitsvorsorge an andere zu delegieren.\u201d <\/em>(31)<\/p><\/blockquote>\n<p>Da hat einer gr\u00fcndlich was geschnallt. Von einem Finanzminister Olaf Scholz darf man Dergleichen ebenso wenig erwarten wie von dessen Chefin. Scholz nahm bisher nur den Mund recht voll:<\/p>\n<blockquote><p><em>\u201eWir haben genug Geld, wir k\u00f6nnen allen helfen\u201d<\/em> (32)<\/p><\/blockquote>\n<p>Das viele Geld kommt aus der Staatskasse. Irgendwann m\u00fcssen die neuen Schulden beglichen werden, und dazu werden die \u00c4rmeren dann wieder mal wesentlich h\u00e4rter rangenommen werden als die Bessergestellten. Obwohl es auch g\u00e4nzlich anders ginge \u2013 ein wenig revolution\u00e4res Denken vorausgesetzt.<\/p>\n<p>Insgesamt verf\u00fcgen die zehn Prozent der reichsten Deutschen \u00fcber ein privates Geldverm\u00f6gen von rund vier Billionen Euro. (33)<\/p>\n<blockquote><p><strong>In Ziffern: 4 000 000 000 000.<\/strong><\/p><\/blockquote>\n<p>Sie sind seit Jahrzehnten steuerlich privilegiert, ihre Verm\u00f6gen schwellen wesentlich schneller an als das Durchschnittseinkommen der Arbeitnehmer und erst recht das der Sozialgeldempf\u00e4nger.<\/p>\n<p>Mit einer satten Verm\u00f6gensabgabe und deftigen Spitzens\u00e4tzen der Erbschafts- und der Einkommenssteuer \u2013 f\u00fcr letztere gelten derzeit nur sozialdemokratische 42 Prozent! \u2013 k\u00f6nnte Scholz sich in die Geschichtsb\u00fccher eintragen. Wie einst US-Pr\u00e4sident Franklin D. Roosevelt. Der trieb zur Bew\u00e4ltigung der Weltwirtschaftskrise und der Kosten des Weltkrieges die Steuerlast bis auf 94 Prozent hoch. \u00a0(34, 35, 36)<\/p>\n<blockquote><p><strong>In Worten: vierundneunzig Prozent Spitzensteuer.<\/strong><\/p><\/blockquote>\n<p>Roosevelt hob die Einkommensteuer f\u00fcr die Wohlhabenden kr\u00e4ftig an und senkte sie f\u00fcr die \u00c4rmeren. Sein \u201eNew Deal\u201d holte Millionen US-Amerikaner aus dem Elend. Sein Credo: Kein Reicher braucht mehr als 25 000 Dollar Einkommen pro Jahr:<\/p>\n<blockquote><p><em>\u201eWenn es um Steuern ging, glaubte Roosevelt einfach, dass reiche Menschen mehr bezahlen sollten als arme Menschen. Und in Notf\u00e4llen sollten sie viel mehr bezahlen.\u201c <\/em>(37)<\/p><\/blockquote>\n<p>In den USA galt noch bis 1965 ein Spitzensteuersatz von 91 Prozent. Die Wirtschaft ist dabei aufgebl\u00fcht, weil die Regierung das Geld f\u00fcr Besch\u00e4ftigungsprogramme und Staatsauftr\u00e4ge ausgab.<\/p>\n<p>Die Corona-Pandemie k\u00f6nnte zumindest zu der Einsicht f\u00fchren, dass Deutschland eine grunds\u00e4tzliche Neuorientierung seiner Sozial- und Gesundheitspolitik braucht. Roosevelts <em>New Deal <\/em>k\u00f6nnte als Vorbild dienen.<\/p>\n<p>Doch da ist \u201eMutti\u201d Merkel vor, die dank Tagesschau &amp; Co. ach so Beliebte, trotz ihres Aussitz-Mantras \u201eWir schaffen das\u201d. Und obendrein SPD-Olaf Scholz. Die Rote Null (38). Noch so ein Tagesschau-Liebling.<\/p>\n<p>Der ganze Jammer bleibt. Merkel macht nur die Raute und vers\u00e4umt ihre letzte Chance, sich halbwegs anst\u00e4ndig auf ihr Altenteil zu setzen.<\/p>\n<p>&nbsp;<\/p>\n<h5>Quellen und Anmerkungen:<\/h5>\n<p>(1) <a href=\"https:\/\/www.corriere.it\/cronache\/20_marzo_09\/coronavirus-scegliamo-chi-curare-chi-no-come-ogni-guerra-196f7d34-617d-11ea-8f33-90c941af0f23.shtml\">https:\/\/www.corriere.it\/cronache\/20_marzo_09\/coronavirus-scegliamo-chi-curare-chi-no-come-ogni-guerra-196f7d34-617d-11ea-8f33-90c941af0f23.shtml<\/a><\/p>\n<p>(2) <a href=\"https:\/\/www.nzz.ch\/international\/spitaeler-in-norditalien-nah-am-kollaps-keine-intensivpflege-fuer-alte-patienten-mehr-ld.1545219,\">https:\/\/www.nzz.ch\/international\/spitaeler-in-norditalien-nah-am-kollaps-keine-intensivpflege-fuer-alte-patienten-mehr-ld.1545219,<\/a><\/p>\n<p>(3) <a href=\"https:\/\/www.tagesspiegel.de\/wissen\/die-grausamkeit-der-triage-der-moment-wenn-corona-aerzte-ueber-den-tod-entscheiden\/25650534.html\">https:\/\/www.tagesspiegel.de\/wissen\/die-grausamkeit-der-triage-der-moment-wenn-corona-aerzte-ueber-den-tod-entscheiden\/25650534.html<\/a><\/p>\n<p>(4) <a href=\"https:\/\/www.tagesschau.de\/inland\/merkel-rede-109.html\">https:\/\/www.tagesschau.de\/inland\/merkel-rede-109.html<\/a><\/p>\n<p>(5) <a href=\"https:\/\/www.dkgev.de\/dkg\/presse\/details\/krankenhaeuser-sind-vorbereitet\/\">https:\/\/www.dkgev.de\/dkg\/presse\/details\/krankenhaeuser-sind-vorbereitet\/<\/a><\/p>\n<p>(6) <a href=\"https:\/\/meta.tagesschau.de\/id\/145061\/coronavirus-spahn-sieht-neue-lage-fuer-deutschland\">https:\/\/meta.tagesschau.de\/id\/145061\/coronavirus-spahn-sieht-neue-lage-fuer-deutschland<\/a><\/p>\n<p>(7) J\u00fcrgen Becker in der WDR-Kabarettsendung \u201eMitternachtsspitzen\u201d. <a href=\"https:\/\/www1.wdr.de\/mediathek\/video\/sendungen\/mitternachtsspitzen\/video-mitternachtsspitzen-im-maerz-104.html\">https:\/\/www1.wdr.de\/mediathek\/video\/sendungen\/mitternachtsspitzen\/video-mitternachtsspitzen-im-maerz-104.html<\/a><\/p>\n<p>(8) <a href=\"https:\/\/news.gaborsteingart.com\/online.php?u=nlgSmlM3910\">https:\/\/news.gaborsteingart.com\/online.php?u=nlgSmlM3910<\/a><\/p>\n<p>(9) Einen Eindruck von der Autorin Zhang vermittelt das Internet-Magazin Telepolis: <a href=\"https:\/\/www.heise.de\/tp\/features\/Wie-frei-darf-die-freie-Meinung-sein-3421510.html\">https:\/\/www.heise.de\/tp\/features\/Wie-frei-darf-die-freie-Meinung-sein-3421510.html<\/a><\/p>\n<p>(10) \u00a0<a href=\"https:\/\/www.who.int\/emergencies\/diseases\/novel-coronavirus-2019\">https:\/\/www.who.int\/emergencies\/diseases\/novel-coronavirus-2019\u00a0<\/a><\/p>\n<p>(11) <a href=\"https:\/\/de.wikipedia.org\/wiki\/COVID-19-Pandemie#Italien\">https:\/\/de.wikipedia.org\/wiki\/COVID-19-Pandemie#Italien<\/a><\/p>\n<p>(12) <a href=\"https:\/\/interaktiv.morgenpost.de\/corona-virus-karte-infektionen-deutschland-weltweit\/\">https:\/\/interaktiv.morgenpost.de\/corona-virus-karte-infektionen-deutschland-weltweit\/<\/a><\/p>\n<p>(15) <a href=\"https:\/\/www.anti-spiegel.ru\/2020\/vergleich-deutschland-und-russland-warum-es-in-russland-bisher-so-wenig-corona-faelle-gibt\/\">https:\/\/www.anti-spiegel.ru\/2020\/vergleich-deutschland-und-russland-warum-es-in-russland-bisher-so-wenig-corona-faelle-gibt\/<\/a><\/p>\n<p>(16) <a href=\"https:\/\/www.tagesschau.de\/ausland\/faq-china-lungenkrankheit-coronavirus-101.html\">https:\/\/www.tagesschau.de\/ausland\/faq-china-lungenkrankheit-coronavirus-101.html<\/a><\/p>\n<p>(17) <a href=\"https:\/\/www.tagesschau.de\/ausland\/china-coronavirus-109.html\">https:\/\/www.tagesschau.de\/ausland\/china-coronavirus-109.html<\/a><\/p>\n<p>(18)\u00a0 <a href=\"https:\/\/www.tagesschau.de\/ausland\/coronavirus-china-103.html\">https:\/\/www.tagesschau.de\/ausland\/coronavirus-china-103.html<\/a><\/p>\n<p>(19) <a href=\"https:\/\/www.tagesschau.de\/ausland\/china-coronavirus-neujahrsfest-101.html\">https:\/\/www.tagesschau.de\/ausland\/china-coronavirus-neujahrsfest-101.html\u00a0<\/a><\/p>\n<p>(20) <a href=\"https:\/\/www.tagesschau.de\/kommentar\/china-coronavirus-propaganda-101.html\">https:\/\/www.tagesschau.de\/kommentar\/china-coronavirus-propaganda-101.html\u00a0<\/a><\/p>\n<p>(21) <a href=\"https:\/\/www.youtube.com\/watch?v=OGm0b9mn0kA\">https:\/\/www.youtube.com\/watch?v=OGm0b9mn0kA.<\/a><\/p>\n<p>(22) <a href=\"https:\/\/www.cicero.de\/innenpolitik\/angela-merkel-coronavirus-krise-kanzlerin-krisenmanagement\">https:\/\/www.cicero.de\/innenpolitik\/angela-merkel-coronavirus-krise-kanzlerin-krisenmanagement<\/a><\/p>\n<p>(23) <a href=\"https:\/\/www.tagesschau.de\/multimedia\/sendung\/ts-36169.html\">https:\/\/www.tagesschau.de\/multimedia\/sendung\/ts-36169.html<\/a><\/p>\n<p>(24) <a href=\"https:\/\/de.wikipedia.org\/wiki\/COVID-19-Pandemie_in_Deutschland#cite_note-:1-367\">https:\/\/de.wikipedia.org\/wiki\/COVID-19-Pandemie_in_Deutschland#cite_note-:1-367\u00a0<\/a><\/p>\n<p>(25) <a href=\"https:\/\/www.spiegel.de\/wissenschaft\/medizin\/coronavirus-wir-gehen-davon-aus-dass-es-ein-stresstest-wird-fuer-unser-land-sagt-rki-chef-lothar-wieler-a-86251a54-182c-4bfa-9d60-1dc6084b987d\">https:\/\/www.spiegel.de\/wissenschaft\/medizin\/coronavirus-wir-gehen-davon-aus-dass-es-ein-stresstest-wird-fuer-unser-land-sagt-rki-chef-lothar-wieler-a-86251a54-182c-4bfa-9d60-1dc6084b987d<\/a><\/p>\n<p><a href=\"https:\/\/de.wikipedia.org\/wiki\/COVID-19-Pandemie_in_Deutschland#cite_note-auto4-55\">https:\/\/de.wikipedia.org\/wiki\/COVID-19-Pandemie_in_Deutschland#cite_note-auto4-55<\/a><\/p>\n<p>(26) <a href=\"https:\/\/amp.n-tv.de\/panorama\/Italienische-Forscher-warnen-Deutschland-article21645938.html\">https:\/\/amp.n-tv.de\/panorama\/Italienische-Forscher-warnen-Deutschland-article21645938.html\u00a0<\/a><\/p>\n<p>(27) <a href=\"https:\/\/www.br.de\/nachrichten\/wirtschaft\/corona-krise-milliardenschutzschild-fuer-unternehmen,Rt8V9IT\">https:\/\/www.br.de\/nachrichten\/wirtschaft\/corona-krise-milliardenschutzschild-fuer-unternehmen,Rt8V9IT\u00a0<\/a><\/p>\n<p>(28) <a href=\"https:\/\/www.tagesschau.de\/inland\/corona-bundesregierung-101.html\">https:\/\/www.tagesschau.de\/inland\/corona-bundesregierung-101.html\u00a0<\/a><\/p>\n<p>(29) <a href=\"https:\/\/www.jungewelt.de\/artikel\/374637.gef%C3%A4hrdete-versorgung-armenspeisung-ausgesetzt.html\">https:\/\/www.jungewelt.de\/artikel\/374637.gef%C3%A4hrdete-versorgung-armenspeisung-ausgesetzt.html\u00a0<\/a><\/p>\n<p>(30) <a href=\"https:\/\/www.tagesschau.de\/regional\/nordrheinwestfalen\/wdr-story-33123.html\">https:\/\/www.tagesschau.de\/regional\/nordrheinwestfalen\/wdr-story-33123.html<\/a><\/p>\n<p>(31) Zitat entnommen dem Artikel \u201eAuf der H\u00f6he der Macht\u201d, FAZ v. 14. M\u00e4rz 2020, Nr. 63, Seite 4<\/p>\n<p>(32) <a href=\"https:\/\/www.welt.de\/vermischtes\/article206527207\/Scholz-bei-Illner-Wir-haben-genug-Geld-wir-koennen-allen-helfen.html\">https:\/\/www.welt.de\/vermischtes\/article206527207\/Scholz-bei-Illner-Wir-haben-genug-Geld-wir-koennen-allen-helfen.html<\/a><\/p>\n<p>(33) <u>Literatur:<\/u><\/p>\n<ul>\n<li><a href=\"https:\/\/de.statista.com\/statistik\/daten\/studie\/37880\/umfrage\/geldvermoegen-der-privathaushalte-in-deutschland\/\">https:\/\/de.statista.com\/statistik\/daten\/studie\/37880\/umfrage\/geldvermoegen-der-privathaushalte-in-deutschland\/<\/a><\/li>\n<li><a href=\"https:\/\/www.zeit.de\/2019\/23\/vermoegensungleichheit-einkommen-reichtum-armut-vermoegensverteilung\">https:\/\/www.zeit.de\/2019\/23\/vermoegensungleichheit-einkommen-reichtum-armut-vermoegensverteilung<\/a><\/li>\n<li><a href=\"https:\/\/verteilungsfrage.org\/2015\/02\/vermoegen-noch-viel-ungleicher-verteilt-das-reichste-prozent-der-deutschen-besitzt-rund-ein-drittel-der-privatvermoegen\/\">https:\/\/verteilungsfrage.org\/2015\/02\/vermoegen-noch-viel-ungleicher-verteilt-das-reichste-prozent-der-deutschen-besitzt-rund-ein-drittel-der-privatvermoegen\/<\/a><\/li>\n<li><a href=\"https:\/\/www.welt.de\/wirtschaft\/article181353470\/Reichtum-So-viel-Geld-haben-die-reichsten-Deutschen.html\">https:\/\/www.welt.de\/wirtschaft\/article181353470\/Reichtum-So-viel-Geld-haben-die-reichsten-Deutschen.html<\/a><\/li>\n<li><a href=\"https:\/\/www.spiegel.de\/politik\/deutschland\/olaf-scholz-hat-ein-haushaltsloch-und-ploetzlich-ist-das-geld-weg-a-00000000-0002-0001-0000-000169587498\">https:\/\/www.spiegel.de\/politik\/deutschland\/olaf-scholz-hat-ein-haushaltsloch-und-ploetzlich-ist-das-geld-weg-a-00000000-0002-0001-0000-000169587498<\/a><\/li>\n<li><a href=\"https:\/\/www.tagesschau.de\/wirtschaft\/boerse\/diw-vermoegen-101.html\">https:\/\/www.tagesschau.de\/wirtschaft\/boerse\/diw-vermoegen-101.html<\/a><\/li>\n<li><a href=\"https:\/\/de.statista.com\/statistik\/daten\/studie\/37880\/umfrage\/geldvermoegen-der-privathaushalte-in-deutschland\/\">https:\/\/de.statista.com\/statistik\/daten\/studie\/37880\/umfrage\/geldvermoegen-der-privathaushalte-in-deutschland\/<\/a><\/li>\n<\/ul>\n<p>(34) <a href=\"https:\/\/flaglerlive.com\/26685\/gc-fdr-and-taxes\/\">https:\/\/flaglerlive.com\/26685\/gc-fdr-and-taxes\/\u00a0\u00a0\u00a0<\/a><\/p>\n<p>(35) <a href=\"https:\/\/livingnewdeal.org\/glossary\/income-and-wealth-taxes-1934-1941\/\">https:\/\/livingnewdeal.org\/glossary\/income-and-wealth-taxes-1934-1941\/<\/a><\/p>\n<p>(36) <a href=\"https:\/\/flaglerlive.com\/26685\/gc-fdr-and-taxes\/\">https:\/\/flaglerlive.com\/26685\/gc-fdr-and-taxes\/<\/a><\/p>\n<p>(37) Thorndike, ihr gerechter Anteil: Taxing the Rich in the Age of FDR, Washington, DC: The Urban Institute Press, 2013, S. 45..<\/p>\n<p>(38) <a href=\"https:\/\/www.bild.de\/politik\/inland\/politik-inland\/olaf-die-rote-null-die-spd-will-ihren-vize-kanzler-stuerzen-66431688.bild.html\">https:\/\/www.bild.de\/politik\/inland\/politik-inland\/olaf-die-rote-null-die-spd-will-ihren-vize-kanzler-stuerzen-66431688.bild.html<\/a><\/p>\n<p style=\"text-align: right;\"><strong><em>Das\u00a0Autoren-Team:\u00a0<\/em><\/strong><\/p>\n<p style=\"text-align: right;\"><em>Friedhelm Klinkhammer, Jahrgang\u00a01944, Jurist. 1975 bis 2008 Mitarbeiter des NDR, zeitweise Vorsitzender des NDR-Gesamtpersonalrats und des ver.di-Betriebsverbandes\u00a0sowie Referent einer Funkhausdirektorin.<\/em><\/p>\n<p style=\"text-align: right;\"><em>Volker Br\u00e4utigam, Jahrgang 1941, Redakteur. 1975 bis 1996 Mitarbeiter des NDR, zun\u00e4chst in der Tagesschau, von 1992 an in der Kulturredaktion f\u00fcr N3. Danach Lehrauftrag an der Fu-Jen-Universit\u00e4t\u00a0in Taipeh.<\/em><\/p>\n<p style=\"text-align: right;\"><em>Beide Autoren sind Mitglieder des Beirates des Deutschen Freidenker-Verbandes.<\/em><\/p>\n<p><strong><em>Anmerkung der Autoren:<\/em><\/strong><\/p>\n<p><em>Unsere Beitr\u00e4ge stehen zur freien Verf\u00fcgung, nichtkommerzielle Zwecke der Ver\u00f6ffentlichung vorausgesetzt. Wir schreiben nicht f\u00fcr Honorar, sondern gegen die \u201emediale Massenverbl\u00f6dung\u201d (in memoriam Peter Scholl-Latour). Die Texte werden vom Verein \u201eSt\u00e4ndige Publikumskonferenz \u00f6ffentlich-rechtlicher Medien e.V.\u201d dokumentiert: <a href=\"https:\/\/publikumskonferenz.de\/blog\">https:\/\/publikumskonferenz.de\/blog<\/a><\/em><\/p>\n<p><span style=\"font-size: 10pt;\">Link zur Erstver\u00f6ffentlichung: <a href=\"https:\/\/publikumskonferenz.de\/blog\/2020\/03\/21\/coronakrise-die-versager-haben-das-wort\/\" target=\"_blank\" rel=\"noopener noreferrer\">https:\/\/publikumskonferenz.de\/blog\/2020\/03\/21\/coronakrise-die-versager-haben-das-wort\/<\/a><\/span><\/p>\n<hr \/>\n<p><span style=\"font-size: 10pt;\">Bild: <a href=\"https:\/\/pixabay.com\/de\/photos\/coronavirus-virus-maske-corona-4914026\/\" target=\"_blank\" rel=\"noopener noreferrer\">pixabay.com<\/a> \/ User:\u00a0 <a class=\"hover_opacity\" href=\"https:\/\/pixabay.com\/de\/users\/Tumisu-148124\/\">Tumisu<\/a> \/ <a href=\"https:\/\/pixabay.com\/de\/service\/license\/\">Pixabay License<\/a><br \/>\n<\/span><\/p>\n","protected":false},"excerpt":{"rendered":"<p><b>Beitrag von Friedhelm Klinkhammer und Volker Br\u00e4utigam<\/b><br \/>\nKein Albtraum, sondern grauenhaft real: Italienische \u00c4rzte sind seit dem 10. M\u00e4rz 2020 gezwungen, zu entscheiden, welcher Corona-Patient behandelt wird und welcher sterben muss. Zur uneingeschr\u00e4nkten Hilfeleistung reichen die medizinischen Kapazit\u00e4ten nicht mehr. Trotzdem wachten unsere politisch Verantwortlichen erst eine Woche sp\u00e4ter auf. Kanzlerin Merkel, so phrasenreich wie widerspr\u00fcchlich: \u201eDeutschland hat ein exzellentes Gesundheitssystem, vielleicht eines der besten der Welt \u2026 Unsere Krankenh\u00e4user w\u00e4ren v\u00f6llig \u00fcberfordert, wenn in k\u00fcrzester Zeit zu viele Patienten \u2026 Dass wir diese Krise \u00fcberwinden werden, dessen bin ich vollkommen sicher.\u201d<\/p>\n","protected":false},"author":3,"featured_media":7804,"comment_status":"closed","ping_status":"closed","sticky":false,"template":"","format":"standard","meta":{"colormag_page_container_layout":"default_layout","colormag_page_sidebar_layout":"default_layout","advanced_seo_description":"","jetpack_seo_html_title":"","jetpack_seo_noindex":false,"jetpack_post_was_ever_published":false,"footnotes":""},"categories":[11,12],"tags":[413,1256,107,1262,1257,1260,1126],"class_list":["post-7802","post","type-post","status-publish","format-standard","has-post-thumbnail","hentry","category-arbeit-soziales","category-demokratie-medien-aufklaerung","tag-china","tag-corona-virus","tag-gesundheit","tag-italien","tag-pandemie","tag-sozialstaat","tag-tagesschau"],"jetpack_featured_media_url":"https:\/\/i0.wp.com\/www.freidenker.org\/fw17\/wp-content\/uploads\/2020\/03\/coronavirus-4914026_800x450.jpg?fit=800%2C450&ssl=1","jetpack_shortlink":"https:\/\/wp.me\/p9stpK-21Q","jetpack-related-posts":[{"id":22849,"url":"https:\/\/www.freidenker.org\/?p=22849","url_meta":{"origin":7802,"position":0},"title":"Corona-Enquete-Kommission konstituiert: CDU-&#8222;Impfbef\u00fcrworterin&#8220; als Vorsitzende","author":"Webredaktion","date":"15. September 2025","format":false,"excerpt":"Beitrag von Bernhard Loyen Der windige und unantastbare Karl Lauterbach hatte im April\u00a02023 kurzerhand die \"Corona-Pandemie f\u00fcr beendet\" erkl\u00e4rt. Was folgte, ist so weit bekannt und dokumentiert.\u00a0Am 8.\u00a0September dieses Jahres\u00a0\u2013 und damit zweieinhalb Jahre nach Lauterbachs willk\u00fcrlicher Mitteilung\u00a0\u2013\u00a0verk\u00fcndet nun die Website des Bundestags, dass sich die \"Enquete-Kommission zur Corona-Pandemie\" konstituiert\u2026","rel":"","context":"In &quot;Demokratie \u2013 Medien \u2013 Aufkl\u00e4rung&quot;","block_context":{"text":"Demokratie \u2013 Medien \u2013 Aufkl\u00e4rung","link":"https:\/\/www.freidenker.org\/?cat=12"},"img":{"alt_text":"","src":"https:\/\/i0.wp.com\/www.freidenker.org\/fw17\/wp-content\/uploads\/2025\/09\/covid-5859407_800x450.jpg?fit=800%2C450&ssl=1&resize=350%2C200","width":350,"height":200,"srcset":"https:\/\/i0.wp.com\/www.freidenker.org\/fw17\/wp-content\/uploads\/2025\/09\/covid-5859407_800x450.jpg?fit=800%2C450&ssl=1&resize=350%2C200 1x, https:\/\/i0.wp.com\/www.freidenker.org\/fw17\/wp-content\/uploads\/2025\/09\/covid-5859407_800x450.jpg?fit=800%2C450&ssl=1&resize=525%2C300 1.5x, https:\/\/i0.wp.com\/www.freidenker.org\/fw17\/wp-content\/uploads\/2025\/09\/covid-5859407_800x450.jpg?fit=800%2C450&ssl=1&resize=700%2C400 2x"},"classes":[]},{"id":18064,"url":"https:\/\/www.freidenker.org\/?p=18064","url_meta":{"origin":7802,"position":1},"title":"Corona-Politik: Impfungen sollten nie vor Infektion sch\u00fctzen, 2G war sinnlos","author":"Webredaktion","date":"30. Januar 2024","format":false,"excerpt":"Beitrag von Anti-Spiegel (d.i. Thomas R\u00f6per) Die Corona-Politik der westlichen Regierungen hat sich als vollkommen sinnlos erwiesen, denn inzwischen hat die Europ\u00e4ische Arzneimittel Agentur (EMA) mitgeteilt, dass die sogenannten Covid-19-Impfstoffe \u201enicht zur Verhinderung der \u00dcbertragung von einer Person auf eine andere zugelassen\u201c wurden. Damit waren alle von den Regierungen eingef\u00fchrten\u2026","rel":"","context":"In &quot;Demokratie \u2013 Medien \u2013 Aufkl\u00e4rung&quot;","block_context":{"text":"Demokratie \u2013 Medien \u2013 Aufkl\u00e4rung","link":"https:\/\/www.freidenker.org\/?cat=12"},"img":{"alt_text":"","src":"https:\/\/i0.wp.com\/www.freidenker.org\/fw17\/wp-content\/uploads\/2024\/01\/covid-6808678_800x450.jpg?fit=800%2C450&ssl=1&resize=350%2C200","width":350,"height":200,"srcset":"https:\/\/i0.wp.com\/www.freidenker.org\/fw17\/wp-content\/uploads\/2024\/01\/covid-6808678_800x450.jpg?fit=800%2C450&ssl=1&resize=350%2C200 1x, https:\/\/i0.wp.com\/www.freidenker.org\/fw17\/wp-content\/uploads\/2024\/01\/covid-6808678_800x450.jpg?fit=800%2C450&ssl=1&resize=525%2C300 1.5x, https:\/\/i0.wp.com\/www.freidenker.org\/fw17\/wp-content\/uploads\/2024\/01\/covid-6808678_800x450.jpg?fit=800%2C450&ssl=1&resize=700%2C400 2x"},"classes":[]},{"id":20161,"url":"https:\/\/www.freidenker.org\/?p=20161","url_meta":{"origin":7802,"position":2},"title":"Eckart von Hirschhausen und Lauterbach drohen mit &#8222;Corona-Aufarbeitung&#8220;","author":"Webredaktion","date":"30. Oktober 2024","format":false,"excerpt":"Beitrag von Bernhard Loyen Die Ampelkoalition wird sich aufgrund \"unterschiedlicher Auffassungen\" in dieser Legislaturperiode nicht mehr mit dem Thema \"Aufarbeitung der Corona-Pandemie\" besch\u00e4ftigen. Ein seitens SPD und Gr\u00fcnen pr\u00e4ferierter \"B\u00fcrgerrat\" sei bis zur Bundestagswahl 2025 nicht realisierbar, so das\u00a0RT-Update\u00a0vom 11. Oktober zum Thema der konsequenten Verweigerungshaltung verantwortlicher Protagonisten dreier dunkler\u2026","rel":"","context":"In &quot;Demokratie \u2013 Medien \u2013 Aufkl\u00e4rung&quot;","block_context":{"text":"Demokratie \u2013 Medien \u2013 Aufkl\u00e4rung","link":"https:\/\/www.freidenker.org\/?cat=12"},"img":{"alt_text":"","src":"https:\/\/i0.wp.com\/www.freidenker.org\/fw17\/wp-content\/uploads\/2024\/10\/Health_for_Future_IMG_0265_50174308517_800x450.jpg?fit=800%2C450&ssl=1&resize=350%2C200","width":350,"height":200,"srcset":"https:\/\/i0.wp.com\/www.freidenker.org\/fw17\/wp-content\/uploads\/2024\/10\/Health_for_Future_IMG_0265_50174308517_800x450.jpg?fit=800%2C450&ssl=1&resize=350%2C200 1x, https:\/\/i0.wp.com\/www.freidenker.org\/fw17\/wp-content\/uploads\/2024\/10\/Health_for_Future_IMG_0265_50174308517_800x450.jpg?fit=800%2C450&ssl=1&resize=525%2C300 1.5x, https:\/\/i0.wp.com\/www.freidenker.org\/fw17\/wp-content\/uploads\/2024\/10\/Health_for_Future_IMG_0265_50174308517_800x450.jpg?fit=800%2C450&ssl=1&resize=700%2C400 2x"},"classes":[]},{"id":18566,"url":"https:\/\/www.freidenker.org\/?p=18566","url_meta":{"origin":7802,"position":3},"title":"Corona-Risikobewertung wurde politisch k\u00fcnstlich &#8222;hochskaliert&#8220;","author":"Webredaktion","date":"20. M\u00e4rz 2024","format":false,"excerpt":"Beitrag von Bernhard Loyen Es finden sich weiterhin unterschiedliche Gruppierungen von B\u00fcrgern, was das\u00a0Thema Corona-Aufarbeitung und R\u00fcckbetrachtung betrifft. Der giftige Corona-Spaltpilz bl\u00fcht weiterhin in den Fugen der Gesellschaft. Dazu mehr am Ende des Artikels. Diese Betrachtung erfolgt rund ein Jahr nachdem der unantastbare und skrupellose Karl Lauterbach\u00a0Anfang April 2023 vollkommen\u2026","rel":"","context":"In &quot;Demokratie \u2013 Medien \u2013 Aufkl\u00e4rung&quot;","block_context":{"text":"Demokratie \u2013 Medien \u2013 Aufkl\u00e4rung","link":"https:\/\/www.freidenker.org\/?cat=12"},"img":{"alt_text":"","src":"https:\/\/i0.wp.com\/www.freidenker.org\/fw17\/wp-content\/uploads\/2024\/03\/Spahn-Karikatur_800x450.jpg?fit=800%2C450&ssl=1&resize=350%2C200","width":350,"height":200,"srcset":"https:\/\/i0.wp.com\/www.freidenker.org\/fw17\/wp-content\/uploads\/2024\/03\/Spahn-Karikatur_800x450.jpg?fit=800%2C450&ssl=1&resize=350%2C200 1x, https:\/\/i0.wp.com\/www.freidenker.org\/fw17\/wp-content\/uploads\/2024\/03\/Spahn-Karikatur_800x450.jpg?fit=800%2C450&ssl=1&resize=525%2C300 1.5x, https:\/\/i0.wp.com\/www.freidenker.org\/fw17\/wp-content\/uploads\/2024\/03\/Spahn-Karikatur_800x450.jpg?fit=800%2C450&ssl=1&resize=700%2C400 2x"},"classes":[]},{"id":16846,"url":"https:\/\/www.freidenker.org\/?p=16846","url_meta":{"origin":7802,"position":4},"title":"Corona-Medienoffensive 2023 startet im Sommer","author":"Webredaktion","date":"26. August 2023","format":false,"excerpt":"Beitrag von Bernhard Loyen Corona-Aufarbeitung? Ein weiterhin als nervig und \u00fcberfl\u00fcssig bewertetes Reizwort f\u00fcr Gro\u00dfteile der verantwortlichen medial-politischen Entscheider im Land. Auch in der Gesellschaft wird weiterhin kontrovers und erhitzt diskutiert. Die jeweiligen Lager von unbedingten Unterst\u00fctzern einer restriktiven Ma\u00dfnahmenpolitik und dem Pendant kritischer, weil auch \u2013 weiterhin \u2013 leidender\u2026","rel":"","context":"In &quot;Demokratie \u2013 Medien \u2013 Aufkl\u00e4rung&quot;","block_context":{"text":"Demokratie \u2013 Medien \u2013 Aufkl\u00e4rung","link":"https:\/\/www.freidenker.org\/?cat=12"},"img":{"alt_text":"","src":"https:\/\/i0.wp.com\/www.freidenker.org\/fw17\/wp-content\/uploads\/2023\/08\/Lauterbach_Bild_Corona_800x450.jpg?fit=800%2C450&ssl=1&resize=350%2C200","width":350,"height":200,"srcset":"https:\/\/i0.wp.com\/www.freidenker.org\/fw17\/wp-content\/uploads\/2023\/08\/Lauterbach_Bild_Corona_800x450.jpg?fit=800%2C450&ssl=1&resize=350%2C200 1x, https:\/\/i0.wp.com\/www.freidenker.org\/fw17\/wp-content\/uploads\/2023\/08\/Lauterbach_Bild_Corona_800x450.jpg?fit=800%2C450&ssl=1&resize=525%2C300 1.5x, https:\/\/i0.wp.com\/www.freidenker.org\/fw17\/wp-content\/uploads\/2023\/08\/Lauterbach_Bild_Corona_800x450.jpg?fit=800%2C450&ssl=1&resize=700%2C400 2x"},"classes":[]},{"id":18016,"url":"https:\/\/www.freidenker.org\/?p=18016","url_meta":{"origin":7802,"position":5},"title":"Corona-Aufarbeitung: Orden f\u00fcr Wieler und Co. \u2013 die Opfer leiden im Stillen","author":"Webredaktion","date":"27. Januar 2024","format":false,"excerpt":"Beitrag von Bernhard Loyen Nein, nicht staunen, auch nicht wundern \u00fcber die Medieninformation vom 10. Januar. \"Auszeichnung \u2013 Bundesverdienstkreuz f\u00fcr fr\u00fcheren RKI-Chef Wieler\",\u00a0meldet\u00a0die ARD-Tagesschau. \"In unz\u00e4hligen Pressekonferenzen hat er in seiner damaligen Position als RKI-Chef \u00fcber die Corona-Lage informiert\", m\u00f6chte die Wochenzeitung\u00a0Die Zeit\u00a0die Ehrung aus dem Hause Bellevue den Lesern\u00a0erkl\u00e4ren.\u2026","rel":"","context":"In &quot;Demokratie \u2013 Medien \u2013 Aufkl\u00e4rung&quot;","block_context":{"text":"Demokratie \u2013 Medien \u2013 Aufkl\u00e4rung","link":"https:\/\/www.freidenker.org\/?cat=12"},"img":{"alt_text":"","src":"https:\/\/i0.wp.com\/www.freidenker.org\/fw17\/wp-content\/uploads\/2024\/01\/Wieler_-_SCIENCE_ON-Talk-1_800x450.jpg?fit=800%2C450&ssl=1&resize=350%2C200","width":350,"height":200,"srcset":"https:\/\/i0.wp.com\/www.freidenker.org\/fw17\/wp-content\/uploads\/2024\/01\/Wieler_-_SCIENCE_ON-Talk-1_800x450.jpg?fit=800%2C450&ssl=1&resize=350%2C200 1x, https:\/\/i0.wp.com\/www.freidenker.org\/fw17\/wp-content\/uploads\/2024\/01\/Wieler_-_SCIENCE_ON-Talk-1_800x450.jpg?fit=800%2C450&ssl=1&resize=525%2C300 1.5x, https:\/\/i0.wp.com\/www.freidenker.org\/fw17\/wp-content\/uploads\/2024\/01\/Wieler_-_SCIENCE_ON-Talk-1_800x450.jpg?fit=800%2C450&ssl=1&resize=700%2C400 2x"},"classes":[]}],"_links":{"self":[{"href":"https:\/\/www.freidenker.org\/index.php?rest_route=\/wp\/v2\/posts\/7802","targetHints":{"allow":["GET"]}}],"collection":[{"href":"https:\/\/www.freidenker.org\/index.php?rest_route=\/wp\/v2\/posts"}],"about":[{"href":"https:\/\/www.freidenker.org\/index.php?rest_route=\/wp\/v2\/types\/post"}],"author":[{"embeddable":true,"href":"https:\/\/www.freidenker.org\/index.php?rest_route=\/wp\/v2\/users\/3"}],"replies":[{"embeddable":true,"href":"https:\/\/www.freidenker.org\/index.php?rest_route=%2Fwp%2Fv2%2Fcomments&post=7802"}],"version-history":[{"count":0,"href":"https:\/\/www.freidenker.org\/index.php?rest_route=\/wp\/v2\/posts\/7802\/revisions"}],"wp:featuredmedia":[{"embeddable":true,"href":"https:\/\/www.freidenker.org\/index.php?rest_route=\/wp\/v2\/media\/7804"}],"wp:attachment":[{"href":"https:\/\/www.freidenker.org\/index.php?rest_route=%2Fwp%2Fv2%2Fmedia&parent=7802"}],"wp:term":[{"taxonomy":"category","embeddable":true,"href":"https:\/\/www.freidenker.org\/index.php?rest_route=%2Fwp%2Fv2%2Fcategories&post=7802"},{"taxonomy":"post_tag","embeddable":true,"href":"https:\/\/www.freidenker.org\/index.php?rest_route=%2Fwp%2Fv2%2Ftags&post=7802"}],"curies":[{"name":"wp","href":"https:\/\/api.w.org\/{rel}","templated":true}]}}