{"id":7777,"date":"2020-03-21T12:56:19","date_gmt":"2020-03-21T11:56:19","guid":{"rendered":"https:\/\/www.freidenker.org\/?p=7777"},"modified":"2020-04-16T22:41:13","modified_gmt":"2020-04-16T20:41:13","slug":"friedensnobelpreis-fuer-angriffskrieger","status":"publish","type":"post","link":"https:\/\/www.freidenker.org\/?p=7777","title":{"rendered":"Friedensnobelpreis f\u00fcr Angriffskrieger?"},"content":{"rendered":"<p>Irrer geht immer, so scheint es. Der Vorschlag, die NATO mit dem Friedensnobelpreis auszuzeichnen, schl\u00e4gt in Serbien hohe Wellen. Man kann nur hoffen: nicht nur dort. Oder ist es blo\u00df Kabarett, ein verfr\u00fchter Aprilscherz?<\/p>\n<p>Der Vorschlag, ausgerechnet das Aggressionsb\u00fcndnis NATO mit der h\u00f6chsten Friedensauszeichnung zu ehren, ist zwar kein Pr\u00e4zedenzfall &#8211; siehe die entsprechende Ehrung f\u00fcr US-Pr\u00e4sident Obama -, w\u00e4re aber doch ein neuer absoluter Tiefpunkt in der Nobelpreis-Geschichte.<\/p>\n<p>Das Belgrader <strong>Forum f\u00fcr eine Welt der Gleichen<\/strong> hat sich daher gemeinsam mit anderen Organisationen an das Nobelkomitee in Oslo gewandt:<\/p>\n<hr \/>\n<p>Norwegisches Nobelkomitee<br \/>\n0255 OSLO<br \/>\nHenrik Ibsens Gate 51<br \/>\nNorwegen<\/p>\n<p>Ehrenwerte Mitglieder des Komitees f\u00fcr den Friedensnobelpreis,<\/p>\n<p>wir schreiben Ihnen im Namen des Belgrader Forums f\u00fcr eine Welt der Gleichen, des Klubs der Generale und Admirale Serbiens und der Stiftung Vereinte Jugend, unabh\u00e4ngige, gemeinn\u00fctzige und \u00fcberparteiliche Organisationen aus Serbien und der serbischen Diaspora.<\/p>\n<p>Aus den Medien haben wir erfahren, dass das NATO-B\u00fcndnis offizieller Kandidat f\u00fcr die Verleihung des Friedensnobelpreises 2020 ist. Erlauben Sie uns in diesem Zusammenhang, Ihre Aufmerksamkeit auf Folgendes zu lenken:<\/p>\n<ol>\n<li>Vor genau 21 Jahren startete das NATO-B\u00fcndnis eine illegale milit\u00e4rische Aggression gegen Serbien (Bundesrepublik Jugoslawien), die 78 Tage dauerte, vom 24. M\u00e4rz bis zum 10. Juni 1999, und damit gegen die Charta der Vereinten Nationen, das Schlussdokument der OSZE von Helsinki sowie gegen seine eigene Grundakte (1949) verstie\u00df. Es war ein Verbrechen gegen den Frieden und die Menschheit.<\/li>\n<li>Die Aggression hinterlie\u00df \u00fcber 3500 Tote, darunter 89 Kinder, sowie etwa 12500 Verwundete. Der direkte wirtschaftliche Schaden wurde auf \u00fcber 100 Milliarden US-Dollar gesch\u00e4tzt. Die Zahl der Menschen, die an den Sp\u00e4tfolgen der Aggression gestorben sind und die \u00f6kologischen Sch\u00e4den m\u00fcssen noch ermittelt werden.<\/li>\n<li>Als erster Krieg auf europ\u00e4ischem Boden nach dem Zweiten Weltkrieg war die NATO-Aggression gegen Serbien (BRJ) ein Wendepunkt, der die Praxis uneingeschr\u00e4nkter Aggressionen und Interventionen auf der ganzen Welt einleitete. Mit dieser Aggression verwandelte sich die NATO von einem defensiven in ein offensives B\u00fcndnis und ignorierte den Grundsatz der Vereinten Nationen, dass der Frieden nur mit friedlichen Mitteln gesichert werden sollte.<\/li>\n<li>Die Aggression, die im B\u00fcndnis mit der separatistischen terroristischen U\u00c7K-Organisation durchgef\u00fchrt wurde, schuf einen Pr\u00e4zedenzfall, der Separatismus, Terrorismus und die Missachtung des V\u00f6lkerrechts beg\u00fcnstigt.<\/li>\n<li>W\u00e4hrend der Aggression hatten die NATO-Streitkr\u00e4fte Raketen mit abgereichertem Uran und andere verbotene Waffen und Methoden eingesetzt, die im Europ\u00e4ischen Parlament, in der Parlamentarischen Versammlung des Europarates und in den nationalen Parlamenten vieler NATO (EU)-Mitgliedstaaten scharf verurteilt wurden. Diese Waffen haben bleibende Folgen hinterlassen, die gef\u00e4hrliche, b\u00f6sartige Krankheiten und den Tod Tausender Unschuldiger verursachen.<\/li>\n<li>Dieses Verbrechen gegen den Frieden und die Menschheit hat den Balkan dauerhaft destabilisiert. Es hat die Stabilit\u00e4t Europas ernsthaft beeintr\u00e4chtigt. Gleichzeitig hat die NATO der europ\u00e4ischen (OSZE) und der Weltfriedens- und Sicherheitsordnung (VN) irreparablen Schaden zugef\u00fcgt und damit die \u00c4ra eines neuen Kalten Krieges eingeleitet.<\/li>\n<\/ol>\n<p>In der Hoffnung, dass diese Tatsachen Ihre Aufmerksamkeit und Bewertung verdienen, bitten wir Sie, die Zusicherung unserer h\u00f6chsten Wertsch\u00e4tzung anzunehmen.<\/p>\n<p>Belgrad, 20 M\u00e4rz 2020<\/p>\n<p style=\"text-align: center;\">Forum f\u00fcr eine Welt der Gleichen, \u017divadin Jovanovi\u0107, Pr\u00e4sident<br \/>\nKlub der Gener\u00e4le und Admirale Serbiens, General Milomir Miladinovi\u0107, Pr\u00e4sident<br \/>\nStiftung Vereinte Jugend, Prof. Dr Danica Gruji\u0107i\u0107, Pr\u00e4sidentin<\/p>\n<p><span style=\"font-size: 10pt;\">(\u00dcbersetzung: Doris und George Pumphrey)<\/span><\/p>\n<hr \/>\n<p><span style=\"font-size: 10pt;\">Bildmontage: Ralf Lux<\/span><\/p>\n<p><span style=\"font-size: 10pt;\">Unter Verwendung folgender Fotos<\/span><\/p>\n<p><span style=\"font-size: 10pt;\">Tomislav Jagu\u0161t, CC BY 2.0<\/span><br \/>\n<span style=\"font-size: 10pt;\"><a href=\"http:\/\/commons.wikimedia.org\/wiki\/Image:Belgrade_NATO_bombardment_damage1.JPG\" target=\"_blank\" rel=\"noopener noreferrer\">http:\/\/commons.wikimedia.org\/wiki\/Image:Belgrade_NATO_bombardment_damage1.JPG<\/a><\/span><\/p>\n<p><span style=\"font-size: 10pt;\">ohne Autor &#8211; Public Domain<\/span><br \/>\n<span style=\"font-size: 10pt;\"><a href=\"http:\/\/commons.wikimedia.org\/wiki\/Image:Nacionalni_automobil_Yugo_1999.jpg\" target=\"_blank\" rel=\"noopener noreferrer\">http:\/\/commons.wikimedia.org\/wiki\/Image:Nacionalni_automobil_Yugo_1999.jpg<\/a><\/span><\/p>\n<p><span style=\"font-size: 10pt;\">Watchduck (a.k.a. Tilman Piesk) &#8211; Eigenes Werk, CC BY 3.0, <\/span><br \/>\n<span style=\"font-size: 10pt;\"><a href=\"https:\/\/commons.wikimedia.org\/w\/index.php?curid=8736260\" target=\"_blank\" rel=\"noopener noreferrer\">https:\/\/commons.wikimedia.org\/w\/index.php?curid=8736260<\/a><\/span><\/p>\n<p><span style=\"font-size: 10pt;\">Senior Airman Mitch Fuqua (U.S. Air Force), Public Domain<\/span><br \/>\n<span style=\"font-size: 10pt;\"><a href=\"http:\/\/commons.wikimedia.org\/wiki\/Image:Aviano_f-15.jpg\" target=\"_blank\" rel=\"noopener noreferrer\">http:\/\/commons.wikimedia.org\/wiki\/Image:Aviano_f-15.jpg<\/a><\/span><\/p>\n<p>&nbsp;<\/p>\n","protected":false},"excerpt":{"rendered":"<p>Irrer geht immer, so scheint es. Der Vorschlag, die NATO mit dem Friedensnobelpreis auszuzeichnen, schl\u00e4gt in Serbien hohe Wellen. Man kann nur hoffen: nicht nur dort. Oder ist es blo\u00df Kabarett, ein verfr\u00fchter Aprilscherz?<br \/>\nDer Vorschlag, ausgerechnet das Aggressionsb\u00fcndnis NATO mit der h\u00f6chsten Friedensauszeichnung zu ehren, ist zwar kein Pr\u00e4zedenzfall &#8211; siehe die entsprechende Ehrung f\u00fcr US-Pr\u00e4sident Obama -, w\u00e4re aber doch ein neuer absoluter Tiefpunkt in der Nobelpreis-Geschichte. Das Belgrader Forum f\u00fcr eine Welt der Gleichen hat sich daher gemeinsam mit anderen Organisationen an das Nobelkomitee in Oslo gewandt.<\/p>\n","protected":false},"author":3,"featured_media":7779,"comment_status":"closed","ping_status":"closed","sticky":false,"template":"","format":"standard","meta":{"colormag_page_container_layout":"default_layout","colormag_page_sidebar_layout":"default_layout","advanced_seo_description":"","jetpack_seo_html_title":"","jetpack_seo_noindex":false,"jetpack_post_was_ever_published":false,"footnotes":""},"categories":[13],"tags":[590,1197,188,56,1223,764],"class_list":["post-7777","post","type-post","status-publish","format-standard","has-post-thumbnail","hentry","category-frieden-antifaschismus-solidaritaet","tag-jugoslawien","tag-kosovo","tag-krieg","tag-nato","tag-nobelpreis","tag-serbien"],"jetpack_featured_media_url":"https:\/\/i0.wp.com\/www.freidenker.org\/fw17\/wp-content\/uploads\/2020\/03\/kosovokrieg_v02.jpg?fit=800%2C445&ssl=1","jetpack_shortlink":"https:\/\/wp.me\/p9stpK-21r","jetpack-related-posts":[{"id":7440,"url":"https:\/\/www.freidenker.org\/?p=7440","url_meta":{"origin":7777,"position":0},"title":"Russland und Serbien: Beziehungen zum gegenseitigen Vorteil","author":"Webredaktion","date":"19. Januar 2020","format":false,"excerpt":"Beitrag von Prof. Dr. Anton Latzo Westliche Politiker, Medien, NGOs, Denkfabriken und ihre Fabrikanten betrachten Serbien und seine Politik vorwiegend unter dem Gesichtspunkt eines Beitritts oder Nichtbeitritts dieses Landes zur \"Europ\u00e4ischen Union\" (EU) und zur NATO. Russland wird dabei stets St\u00f6rfaktor gesehen, wenn nicht gar als B\u00f6sewicht dargestellt. Die tats\u00e4chlichen\u2026","rel":"","context":"In &quot;Frieden - Antifaschismus - Solidarit\u00e4t&quot;","block_context":{"text":"Frieden - Antifaschismus - Solidarit\u00e4t","link":"https:\/\/www.freidenker.org\/?cat=13"},"img":{"alt_text":"","src":"https:\/\/i0.wp.com\/www.freidenker.org\/fw17\/wp-content\/uploads\/2020\/01\/putin_vucic_2019_800x445.jpg?fit=800%2C445&ssl=1&resize=350%2C200","width":350,"height":200,"srcset":"https:\/\/i0.wp.com\/www.freidenker.org\/fw17\/wp-content\/uploads\/2020\/01\/putin_vucic_2019_800x445.jpg?fit=800%2C445&ssl=1&resize=350%2C200 1x, https:\/\/i0.wp.com\/www.freidenker.org\/fw17\/wp-content\/uploads\/2020\/01\/putin_vucic_2019_800x445.jpg?fit=800%2C445&ssl=1&resize=525%2C300 1.5x, https:\/\/i0.wp.com\/www.freidenker.org\/fw17\/wp-content\/uploads\/2020\/01\/putin_vucic_2019_800x445.jpg?fit=800%2C445&ssl=1&resize=700%2C400 2x"},"classes":[]},{"id":18771,"url":"https:\/\/www.freidenker.org\/?p=18771","url_meta":{"origin":7777,"position":1},"title":"Multipolare Weltordnung \u2013 Pr\u00e4misse f\u00fcr die Souver\u00e4nit\u00e4t von Kleinstaaten?","author":"Webredaktion","date":"18. April 2024","format":false,"excerpt":"Beitrag von Peter Berger\u00a0vorgetragen auf der Konferenz \"Von der Aggression zu einer neuen gerechten Ordnung\" vom 22.-24.03.2024 in Belgrad Ich m\u00f6chte hier gerne ein paar Worte sagen zur Situation in meinem Land, wo eine gewissenlose atlantische Elite gerade dabei ist, die Neutralit\u00e4t der Schweiz zu demontieren. Dies scheint mir eine\u2026","rel":"","context":"In &quot;Demokratie \u2013 Medien \u2013 Aufkl\u00e4rung&quot;","block_context":{"text":"Demokratie \u2013 Medien \u2013 Aufkl\u00e4rung","link":"https:\/\/www.freidenker.org\/?cat=12"},"img":{"alt_text":"","src":"https:\/\/i0.wp.com\/www.freidenker.org\/fw17\/wp-content\/uploads\/2024\/04\/beoforum_2024_Berger_800x450.jpg?fit=800%2C450&ssl=1&resize=350%2C200","width":350,"height":200,"srcset":"https:\/\/i0.wp.com\/www.freidenker.org\/fw17\/wp-content\/uploads\/2024\/04\/beoforum_2024_Berger_800x450.jpg?fit=800%2C450&ssl=1&resize=350%2C200 1x, https:\/\/i0.wp.com\/www.freidenker.org\/fw17\/wp-content\/uploads\/2024\/04\/beoforum_2024_Berger_800x450.jpg?fit=800%2C450&ssl=1&resize=525%2C300 1.5x, https:\/\/i0.wp.com\/www.freidenker.org\/fw17\/wp-content\/uploads\/2024\/04\/beoforum_2024_Berger_800x450.jpg?fit=800%2C450&ssl=1&resize=700%2C400 2x"},"classes":[]},{"id":7850,"url":"https:\/\/www.freidenker.org\/?p=7850","url_meta":{"origin":7777,"position":2},"title":"Der NATO-Angriff auf Jugoslawien war ein Kriegsverbrechen &#8230;","author":"Webredaktion","date":"3. April 2020","format":false,"excerpt":"Interview von \u017baklin Nasti\u0107, MdB mit der Tageszeitung Vesti ... Als das Bombardement Jugoslawiens durch die NATO am 24.03.1999 begann, war ich 19 Jahre alt. Ich habe an vielen Demonstrationen in Hamburg gegen den Krieg teilgenommen und wurde durch diesen Krieg mehr als zuvor politisiert. Die L\u00fcgen des damaligen Au\u00dfenministers\u2026","rel":"","context":"In &quot;Frieden - Antifaschismus - Solidarit\u00e4t&quot;","block_context":{"text":"Frieden - Antifaschismus - Solidarit\u00e4t","link":"https:\/\/www.freidenker.org\/?cat=13"},"img":{"alt_text":"","src":"https:\/\/i0.wp.com\/www.freidenker.org\/fw17\/wp-content\/uploads\/2020\/04\/nastic_collage_800x450.jpg?fit=800%2C450&ssl=1&resize=350%2C200","width":350,"height":200,"srcset":"https:\/\/i0.wp.com\/www.freidenker.org\/fw17\/wp-content\/uploads\/2020\/04\/nastic_collage_800x450.jpg?fit=800%2C450&ssl=1&resize=350%2C200 1x, https:\/\/i0.wp.com\/www.freidenker.org\/fw17\/wp-content\/uploads\/2020\/04\/nastic_collage_800x450.jpg?fit=800%2C450&ssl=1&resize=525%2C300 1.5x, https:\/\/i0.wp.com\/www.freidenker.org\/fw17\/wp-content\/uploads\/2020\/04\/nastic_collage_800x450.jpg?fit=800%2C450&ssl=1&resize=700%2C400 2x"},"classes":[]},{"id":5287,"url":"https:\/\/www.freidenker.org\/?p=5287","url_meta":{"origin":7777,"position":3},"title":"Raus aus der Nato statt Krieg gegen Russland \u2013 Friedensaktions-Konferenz","author":"Webredaktion","date":"10. Juli 2018","format":false,"excerpt":"Bericht von Tilo Gr\u00e4ser von Sputniknews Deutschland von der Friedensaktionskonferenz am 07.07.2018 in Potsdam \u201eFrieden mit Russland!\u201c hat eine Friedensaktionskonferenz am Samstag in Potsdam gefordert. F\u00fcr Klaus Hartmann vom Freidenker-Verband geht das nur ohne Nato. Historiker Anton Latzo sieht Moskaus Au\u00dfenpolitik am Frieden orientiert. F\u00fcr Karin Leukefeld best\u00e4tigt sich das\u2026","rel":"","context":"In &quot;Frieden - Antifaschismus - Solidarit\u00e4t&quot;","block_context":{"text":"Frieden - Antifaschismus - Solidarit\u00e4t","link":"https:\/\/www.freidenker.org\/?cat=13"},"img":{"alt_text":"","src":"https:\/\/i0.wp.com\/www.freidenker.org\/fw17\/wp-content\/uploads\/2018\/07\/leukefeld_potsdam_2018-07-07_800x445.jpg?fit=800%2C445&ssl=1&resize=350%2C200","width":350,"height":200,"srcset":"https:\/\/i0.wp.com\/www.freidenker.org\/fw17\/wp-content\/uploads\/2018\/07\/leukefeld_potsdam_2018-07-07_800x445.jpg?fit=800%2C445&ssl=1&resize=350%2C200 1x, https:\/\/i0.wp.com\/www.freidenker.org\/fw17\/wp-content\/uploads\/2018\/07\/leukefeld_potsdam_2018-07-07_800x445.jpg?fit=800%2C445&ssl=1&resize=525%2C300 1.5x, https:\/\/i0.wp.com\/www.freidenker.org\/fw17\/wp-content\/uploads\/2018\/07\/leukefeld_potsdam_2018-07-07_800x445.jpg?fit=800%2C445&ssl=1&resize=700%2C400 2x"},"classes":[]},{"id":14824,"url":"https:\/\/www.freidenker.org\/?p=14824","url_meta":{"origin":7777,"position":4},"title":"Gipfelst\u00fcrmerin der Scheinheiligkeit","author":"Webredaktion","date":"16. Dezember 2022","format":false,"excerpt":"Kommentar von Rainer Rupp Mit einem neuen EU-Spezialgerichtshof will Ursula von der Leyen uralte Rechtsgrunds\u00e4tze auf den Kopf stellen, um so in der EU eingefrorenes russischen Geld zu stehlen, damit es ihren faschistischen Gesinnungsgenossen in der Ukraine zugeschustert werden kann. Allerdings gibt es auch Kritik aus der Bev\u00f6lkerung, sowohl von\u2026","rel":"","context":"In &quot;Demokratie \u2013 Medien \u2013 Aufkl\u00e4rung&quot;","block_context":{"text":"Demokratie \u2013 Medien \u2013 Aufkl\u00e4rung","link":"https:\/\/www.freidenker.org\/?cat=12"},"img":{"alt_text":"","src":"https:\/\/i0.wp.com\/www.freidenker.org\/fw17\/wp-content\/uploads\/2022\/12\/von_der_leyen_800x450.jpg?fit=800%2C450&ssl=1&resize=350%2C200","width":350,"height":200,"srcset":"https:\/\/i0.wp.com\/www.freidenker.org\/fw17\/wp-content\/uploads\/2022\/12\/von_der_leyen_800x450.jpg?fit=800%2C450&ssl=1&resize=350%2C200 1x, https:\/\/i0.wp.com\/www.freidenker.org\/fw17\/wp-content\/uploads\/2022\/12\/von_der_leyen_800x450.jpg?fit=800%2C450&ssl=1&resize=525%2C300 1.5x, https:\/\/i0.wp.com\/www.freidenker.org\/fw17\/wp-content\/uploads\/2022\/12\/von_der_leyen_800x450.jpg?fit=800%2C450&ssl=1&resize=700%2C400 2x"},"classes":[]},{"id":6172,"url":"https:\/\/www.freidenker.org\/?p=6172","url_meta":{"origin":7777,"position":5},"title":"Konferenz in Belgrad l\u00e4sst NATO-Werbung abblitzen (Teil II)","author":"Webredaktion","date":"12. April 2019","format":false,"excerpt":"Beitrag von Rainer Rupp NATO und EU umgarnen weiterhin die serbische F\u00fchrung, um das Land in die beiden Frontorganisationen der westlichen Unwertegemeinschaft zu locken. Klarheit dar\u00fcber schaffte in Belgrad eine hochkar\u00e4tige internationale Konferenz zum 20sten Jahrestages des NATO-\u00dcberfalls. Teil II des Beitrages befasst sich mit der zuk\u00fcnftigen politischen Orientierung Serbiens\u2026","rel":"","context":"In &quot;Frieden - Antifaschismus - Solidarit\u00e4t&quot;","block_context":{"text":"Frieden - Antifaschismus - Solidarit\u00e4t","link":"https:\/\/www.freidenker.org\/?cat=13"},"img":{"alt_text":"","src":"https:\/\/i0.wp.com\/www.freidenker.org\/fw17\/wp-content\/uploads\/2019\/04\/belgrad_flammen_800x445.jpg?fit=800%2C445&ssl=1&resize=350%2C200","width":350,"height":200,"srcset":"https:\/\/i0.wp.com\/www.freidenker.org\/fw17\/wp-content\/uploads\/2019\/04\/belgrad_flammen_800x445.jpg?fit=800%2C445&ssl=1&resize=350%2C200 1x, https:\/\/i0.wp.com\/www.freidenker.org\/fw17\/wp-content\/uploads\/2019\/04\/belgrad_flammen_800x445.jpg?fit=800%2C445&ssl=1&resize=525%2C300 1.5x, https:\/\/i0.wp.com\/www.freidenker.org\/fw17\/wp-content\/uploads\/2019\/04\/belgrad_flammen_800x445.jpg?fit=800%2C445&ssl=1&resize=700%2C400 2x"},"classes":[]}],"_links":{"self":[{"href":"https:\/\/www.freidenker.org\/index.php?rest_route=\/wp\/v2\/posts\/7777","targetHints":{"allow":["GET"]}}],"collection":[{"href":"https:\/\/www.freidenker.org\/index.php?rest_route=\/wp\/v2\/posts"}],"about":[{"href":"https:\/\/www.freidenker.org\/index.php?rest_route=\/wp\/v2\/types\/post"}],"author":[{"embeddable":true,"href":"https:\/\/www.freidenker.org\/index.php?rest_route=\/wp\/v2\/users\/3"}],"replies":[{"embeddable":true,"href":"https:\/\/www.freidenker.org\/index.php?rest_route=%2Fwp%2Fv2%2Fcomments&post=7777"}],"version-history":[{"count":0,"href":"https:\/\/www.freidenker.org\/index.php?rest_route=\/wp\/v2\/posts\/7777\/revisions"}],"wp:featuredmedia":[{"embeddable":true,"href":"https:\/\/www.freidenker.org\/index.php?rest_route=\/wp\/v2\/media\/7779"}],"wp:attachment":[{"href":"https:\/\/www.freidenker.org\/index.php?rest_route=%2Fwp%2Fv2%2Fmedia&parent=7777"}],"wp:term":[{"taxonomy":"category","embeddable":true,"href":"https:\/\/www.freidenker.org\/index.php?rest_route=%2Fwp%2Fv2%2Fcategories&post=7777"},{"taxonomy":"post_tag","embeddable":true,"href":"https:\/\/www.freidenker.org\/index.php?rest_route=%2Fwp%2Fv2%2Ftags&post=7777"}],"curies":[{"name":"wp","href":"https:\/\/api.w.org\/{rel}","templated":true}]}}