{"id":7770,"date":"2020-03-20T07:31:47","date_gmt":"2020-03-20T06:31:47","guid":{"rendered":"https:\/\/www.freidenker.org\/?p=7770"},"modified":"2020-04-16T22:41:06","modified_gmt":"2020-04-16T20:41:06","slug":"bella-ciao-in-zeiten-von-corona-bamberg-singt-fuer-italien","status":"publish","type":"post","link":"https:\/\/www.freidenker.org\/?p=7770","title":{"rendered":"&#8222;Bella Ciao&#8220; in Zeiten von Corona &#8211; Bamberg singt f\u00fcr Italien"},"content":{"rendered":"<p>Anstelle der EU hilft inzwischen China den Italienern bei der Bek\u00e4mpfung der Krankheit.<\/p>\n<p>Wenn schon nicht von der Bunderegierung, kommt aus Deutschland doch zumindest ein sch\u00f6nes Beispiel der Solidarit\u00e4t:<\/p>\n<p>Damit sich die Italiener in dieser schwierigen Zeit nicht alleine gelassen f\u00fchlen, haben einige Bamberger ein Video gedreht, auf dem eine ganz besondere Version von &#8222;Bella Ciao&#8220; zu h\u00f6ren ist. In dem knapp drei min\u00fctigen Clip sind die Bewohner einer Reihenhaussiedlung zu sehen, wie sie das italienische Lied singen. Der Initiator der Aktion spielt dazu mit einem Keyboard auf seinem Vordach, ein Nachbar klopft dazu im Takt auf seinen M\u00fclltonnen und Kinder halten Gru\u00dfbotschaften in Richtung Italien in die Kamera.<br \/>\nAuf YouTube wurde das Video knapp 500.000 Mal angesehen (Stand: 19. M\u00e4rz 2020), kein Wunder also, dass auch die italienischen Medien davon Kenntnis genommen haben. Unter anderem hat die Tageszeitung <i>Corrierre della Serra<\/i> das Video ihrer Homepage geteilt. ( <a href=\"https:\/\/www.nordbayern.de\/region\/bamberg\/bella-ciao-in-zeiten-von-corona-bamberg-singt-fur-italien-1.9953309\">https:\/\/www.nordbayern.de\/region\/bamberg\/bella-ciao-in-zeiten-von-corona-bamberg-singt-fur-italien-1.9953309 <\/a><\/p>\n<div class=\"jetpack-video-wrapper\"><span class=\"embed-youtube\" style=\"text-align:center; display: block;\"><iframe loading=\"lazy\" class=\"youtube-player\" width=\"800\" height=\"450\" src=\"https:\/\/www.youtube.com\/embed\/xyDk9hEeinE?version=3&#038;rel=1&#038;showsearch=0&#038;showinfo=1&#038;iv_load_policy=1&#038;fs=1&#038;hl=de-DE&#038;autohide=2&#038;wmode=transparent\" allowfullscreen=\"true\" style=\"border:0;\" sandbox=\"allow-scripts allow-same-origin allow-popups allow-presentation allow-popups-to-escape-sandbox\"><\/iframe><\/span><\/div>\n<p>[Begleittext zum Video:]<\/p>\n<p>Viele Menschen sind im doppelten Sinne betroffen von den massiven Einschnitten f\u00fcr uns In Europa. Unsere Stra\u00dfe wollte ein Zeichen der Solidarit\u00e4t mit den Menschen in Italien &#8211; und auch in Spanien und \u00d6sterreich &#8211; setzen. Dazu haben wir diese wunderbare italienische Idee gew\u00e4hlt, sich \u00fcber die Stra\u00dfe hinweg mit Liedern aufzuheitern.<\/p>\n<p>M\u00f6ge die Solidarit\u00e4t wachsen und das Virus schrumpfen!!!<\/p>\n<p>&nbsp;<\/p>\n<p><span style=\"font-size: 10pt;\"><em>Video eingestellt auf YouTube am 16.03.2020 von<strong> <a href=\"https:\/\/www.youtube.com\/channel\/UCKfKwSl34U8F1CNERhivGZA\" target=\"_blank\" rel=\"noopener noreferrer\">bambergtw<\/a><\/strong><\/em><\/span><\/p>\n<p><span style=\"font-size: 10pt;\">Direktlink zum Video auf YouTube: <a href=\"https:\/\/www.youtube.com\/watch?v=xyDk9hEeinE\" target=\"_blank\" rel=\"noopener noreferrer\">https:\/\/www.youtube.com\/watch?v=xyDk9hEeinE<\/a><\/span><\/p>\n<p>&nbsp;<\/p>\n<hr \/>\n<p><span style=\"font-size: 10pt;\">Bild: Screenshot aus dem Video von bambergtw<\/span><\/p>\n","protected":false},"excerpt":{"rendered":"<p><b>Video von bambergtw<\/b><br \/>\nWenn schon nicht von der Bunderegierung, kommt aus Deutschland doch zumindest ein sch\u00f6nes Beispiel der Solidarit\u00e4t:<br \/>\nDamit sich die Italiener in dieser schwierigen Zeit nicht alleine gelassen f\u00fchlen, haben einige Bamberger ein Video gedreht, auf dem eine ganz besondere Version von &#8222;Bella Ciao&#8220; zu h\u00f6ren ist.<br \/>\nIn dem knapp drei min\u00fctigen Clip sind die Bewohner einer Reihenhaussiedlung zu sehen, wie sie das italienische Lied singen. Der Initiator der Aktion spielt dazu mit einem Keyboard auf seinem Vordach, ein Nachbar klopft dazu im Takt auf seinen M\u00fclltonnen und Kinder halten Gru\u00dfbotschaften in Richtung Italien in die Kamera.<\/p>\n","protected":false},"author":3,"featured_media":7771,"comment_status":"closed","ping_status":"closed","sticky":false,"template":"","format":"standard","meta":{"colormag_page_container_layout":"default_layout","colormag_page_sidebar_layout":"default_layout","advanced_seo_description":"","jetpack_seo_html_title":"","jetpack_seo_noindex":false,"jetpack_post_was_ever_published":false,"footnotes":""},"categories":[13,913],"tags":[1256,1262,939,344],"class_list":["post-7770","post","type-post","status-publish","format-standard","has-post-thumbnail","hentry","category-frieden-antifaschismus-solidaritaet","category-kultur-kunst","tag-corona-virus","tag-italien","tag-musik","tag-solidaritaet"],"jetpack_featured_media_url":"https:\/\/i0.wp.com\/www.freidenker.org\/fw17\/wp-content\/uploads\/2020\/03\/bellaciao_800x445.jpg?fit=800%2C445&ssl=1","jetpack_shortlink":"https:\/\/wp.me\/p9stpK-21k","jetpack-related-posts":[{"id":8208,"url":"https:\/\/www.freidenker.org\/?p=8208","url_meta":{"origin":7770,"position":0},"title":"Kommt nach dem Corona-Schock jetzt ItalExit?","author":"Webredaktion","date":"14. Juni 2020","format":false,"excerpt":"Ein Kommentar von Rainer Rupp Am 27. Mai legte die politische Bewegung \u201eItalia Libera\u201c dem Obersten Kassationsgerichtshof einen Verfassungsentwurf vor, in dem eine Volksabstimmung f\u00fcr den Austritt Italiens aus der EU gefordert wird. Der Gesetzentwurf tr\u00e4gt den Titel \u201eAufruf zu einem Referendum \u00fcber den Austritt des Staates aus der Europ\u00e4ischen\u2026","rel":"","context":"In &quot;Arbeit &amp; Soziales&quot;","block_context":{"text":"Arbeit &amp; Soziales","link":"https:\/\/www.freidenker.org\/?cat=11"},"img":{"alt_text":"","src":"https:\/\/i0.wp.com\/www.freidenker.org\/fw17\/wp-content\/uploads\/2020\/06\/italien_eu_v2_800x450.jpg?fit=800%2C450&ssl=1&resize=350%2C200","width":350,"height":200,"srcset":"https:\/\/i0.wp.com\/www.freidenker.org\/fw17\/wp-content\/uploads\/2020\/06\/italien_eu_v2_800x450.jpg?fit=800%2C450&ssl=1&resize=350%2C200 1x, https:\/\/i0.wp.com\/www.freidenker.org\/fw17\/wp-content\/uploads\/2020\/06\/italien_eu_v2_800x450.jpg?fit=800%2C450&ssl=1&resize=525%2C300 1.5x, https:\/\/i0.wp.com\/www.freidenker.org\/fw17\/wp-content\/uploads\/2020\/06\/italien_eu_v2_800x450.jpg?fit=800%2C450&ssl=1&resize=700%2C400 2x"},"classes":[]},{"id":7996,"url":"https:\/\/www.freidenker.org\/?p=7996","url_meta":{"origin":7770,"position":1},"title":"Gr\u00fcne Transatlantik-Trolle werfen sich in Kampf gegen China","author":"Webredaktion","date":"4. Mai 2020","format":false,"excerpt":"Beitrag von Dennis Simon Einige Gr\u00fcnen-Politiker sind mehr mit China-Bashing besch\u00e4ftigt als mit deutscher oder europ\u00e4ischer Politik \u2013 ganz zu schweigen von den dringenden Problemen, vor denen die EU angesichts der Corona-Epidemie steht. Das ist ein gef\u00e4hrliches Spiel. ... Viele Staaten \u2013 insbesondere im globalen S\u00fcden \u2013 lassen ihre Differenzen\u2026","rel":"","context":"In &quot;Arbeit &amp; Soziales&quot;","block_context":{"text":"Arbeit &amp; Soziales","link":"https:\/\/www.freidenker.org\/?cat=11"},"img":{"alt_text":"","src":"https:\/\/i0.wp.com\/www.freidenker.org\/fw17\/wp-content\/uploads\/2020\/05\/coronavirus-4817450_800x450.jpg?fit=800%2C450&ssl=1&resize=350%2C200","width":350,"height":200,"srcset":"https:\/\/i0.wp.com\/www.freidenker.org\/fw17\/wp-content\/uploads\/2020\/05\/coronavirus-4817450_800x450.jpg?fit=800%2C450&ssl=1&resize=350%2C200 1x, https:\/\/i0.wp.com\/www.freidenker.org\/fw17\/wp-content\/uploads\/2020\/05\/coronavirus-4817450_800x450.jpg?fit=800%2C450&ssl=1&resize=525%2C300 1.5x, https:\/\/i0.wp.com\/www.freidenker.org\/fw17\/wp-content\/uploads\/2020\/05\/coronavirus-4817450_800x450.jpg?fit=800%2C450&ssl=1&resize=700%2C400 2x"},"classes":[]},{"id":7809,"url":"https:\/\/www.freidenker.org\/?p=7809","url_meta":{"origin":7770,"position":2},"title":"Die Solidarit\u00e4t der EU","author":"Webredaktion","date":"27. M\u00e4rz 2020","format":false,"excerpt":"Beitrag von german-foreign-policy.com Nach dem Ausbleiben von Unterst\u00fctzung sowie nach Exportverboten f\u00fcr medizinische Schutzausr\u00fcstung seitens Deutschlands und der EU bitten mehrere europ\u00e4ische Staaten China um Hilfe im Kampf gegen die Covid-19-Pandemie. Hatte vergangene Woche Italien erste Hilfslieferungen aus der Volksrepublik erhalten, weil Deutschland die Ausfuhr wichtiger Schutzkleidung nicht erlaubt, so\u2026","rel":"","context":"In &quot;Arbeit &amp; Soziales&quot;","block_context":{"text":"Arbeit &amp; Soziales","link":"https:\/\/www.freidenker.org\/?cat=11"},"img":{"alt_text":"","src":"https:\/\/i0.wp.com\/www.freidenker.org\/fw17\/wp-content\/uploads\/2020\/03\/brescia-4931110_800x445.jpg?fit=800%2C450&ssl=1&resize=350%2C200","width":350,"height":200,"srcset":"https:\/\/i0.wp.com\/www.freidenker.org\/fw17\/wp-content\/uploads\/2020\/03\/brescia-4931110_800x445.jpg?fit=800%2C450&ssl=1&resize=350%2C200 1x, https:\/\/i0.wp.com\/www.freidenker.org\/fw17\/wp-content\/uploads\/2020\/03\/brescia-4931110_800x445.jpg?fit=800%2C450&ssl=1&resize=525%2C300 1.5x, https:\/\/i0.wp.com\/www.freidenker.org\/fw17\/wp-content\/uploads\/2020\/03\/brescia-4931110_800x445.jpg?fit=800%2C450&ssl=1&resize=700%2C400 2x"},"classes":[]},{"id":7897,"url":"https:\/\/www.freidenker.org\/?p=7897","url_meta":{"origin":7770,"position":3},"title":"Corona-Krise: Wie deutsche PolitikerInnen den Gesundheitsnotstand in der EU versch\u00e4rften","author":"Webredaktion","date":"8. April 2020","format":false,"excerpt":"Beitrag von Thomas Fritz Deutschlands Regierende geh\u00f6ren bis heute zu den VerfechterInnen einer unbarmherzigen Sparpolitik, die nicht nur das deutsche Gesundheitssystem schw\u00e4chte, sondern in noch st\u00e4rkerem Ma\u00dfe das unserer Nachbarl\u00e4nder. Die Corona-Pandemie legt die verheerenden Folgen der Austerit\u00e4tspolitik offen, die wesentlich in Berlin und Br\u00fcssel konzipiert und von willf\u00e4hrigen Regierungen\u2026","rel":"","context":"In &quot;Arbeit &amp; Soziales&quot;","block_context":{"text":"Arbeit &amp; Soziales","link":"https:\/\/www.freidenker.org\/?cat=11"},"img":{"alt_text":"","src":"https:\/\/i0.wp.com\/www.freidenker.org\/fw17\/wp-content\/uploads\/2020\/04\/marcelo-leal-taF3klwwAWA-unsplash_800x450_b.jpg?fit=800%2C450&ssl=1&resize=350%2C200","width":350,"height":200,"srcset":"https:\/\/i0.wp.com\/www.freidenker.org\/fw17\/wp-content\/uploads\/2020\/04\/marcelo-leal-taF3klwwAWA-unsplash_800x450_b.jpg?fit=800%2C450&ssl=1&resize=350%2C200 1x, https:\/\/i0.wp.com\/www.freidenker.org\/fw17\/wp-content\/uploads\/2020\/04\/marcelo-leal-taF3klwwAWA-unsplash_800x450_b.jpg?fit=800%2C450&ssl=1&resize=525%2C300 1.5x, https:\/\/i0.wp.com\/www.freidenker.org\/fw17\/wp-content\/uploads\/2020\/04\/marcelo-leal-taF3klwwAWA-unsplash_800x450_b.jpg?fit=800%2C450&ssl=1&resize=700%2C400 2x"},"classes":[]},{"id":7928,"url":"https:\/\/www.freidenker.org\/?p=7928","url_meta":{"origin":7770,"position":4},"title":"Freidenker-Brief EXTRA April 2020: Die sogenannte Corona-Krise","author":"Webredaktion","date":"16. April 2020","format":false,"excerpt":"Eine Stellungnahme des Deutschen Freidenker-Verbands Das \u201eneuartige Corona-Virus\u201c (SARS-CoV-2) und die dazugeh\u00f6rige Infektionskrankheit CoViD-19 l\u00f6sen weltweit Besorgnis und \u00c4ngste aus, die von Regierungen und Gesetzgebungsorganen mit dem erkl\u00e4rten Ziel der Eind\u00e4mmung der Virusausbreitung verh\u00e4ngten Ma\u00dfnahmen greifen tief in das Leben der Menschen und ihre Rechte ein. \u00dcber die vom Virus\u2026","rel":"","context":"In &quot;Arbeit &amp; Soziales&quot;","block_context":{"text":"Arbeit &amp; Soziales","link":"https:\/\/www.freidenker.org\/?cat=11"},"img":{"alt_text":"","src":"https:\/\/i0.wp.com\/www.freidenker.org\/fw17\/wp-content\/uploads\/2020\/04\/Corona-FD-Montage_v02_800x450.jpg?fit=800%2C450&ssl=1&resize=350%2C200","width":350,"height":200,"srcset":"https:\/\/i0.wp.com\/www.freidenker.org\/fw17\/wp-content\/uploads\/2020\/04\/Corona-FD-Montage_v02_800x450.jpg?fit=800%2C450&ssl=1&resize=350%2C200 1x, https:\/\/i0.wp.com\/www.freidenker.org\/fw17\/wp-content\/uploads\/2020\/04\/Corona-FD-Montage_v02_800x450.jpg?fit=800%2C450&ssl=1&resize=525%2C300 1.5x, https:\/\/i0.wp.com\/www.freidenker.org\/fw17\/wp-content\/uploads\/2020\/04\/Corona-FD-Montage_v02_800x450.jpg?fit=800%2C450&ssl=1&resize=700%2C400 2x"},"classes":[]},{"id":8807,"url":"https:\/\/www.freidenker.org\/?p=8807","url_meta":{"origin":7770,"position":5},"title":"Lockdown 2020 \u2013 Mehr als eine Buchbesprechung","author":"Webredaktion","date":"17. Oktober 2020","format":false,"excerpt":"Rezension von Wolf Wetzel Das Buch \u201eLOCKDOWN 2020. Wie ein Virus dazu benutzt wird, die Gesellschaft zu ver\u00e4ndern\u201c (Hg. Hannes Hofbauer & Stefan Kraft) ... enth\u00e4lt zwanzig Beitr\u00e4ge, die das breite Feld abdecken, das Corona nicht entdeckt hat, sondern vorfindet. Es bringt biopolitische, staatstheoretische, \u00f6konomische und gesellschaftliche \u00dcberlegungen zusammen. Und\u2026","rel":"","context":"In &quot;Arbeit &amp; Soziales&quot;","block_context":{"text":"Arbeit &amp; Soziales","link":"https:\/\/www.freidenker.org\/?cat=11"},"img":{"alt_text":"","src":"https:\/\/i0.wp.com\/www.freidenker.org\/fw17\/wp-content\/uploads\/2020\/10\/Lockdown2020_titelcollage_800x450.jpg?fit=800%2C450&ssl=1&resize=350%2C200","width":350,"height":200,"srcset":"https:\/\/i0.wp.com\/www.freidenker.org\/fw17\/wp-content\/uploads\/2020\/10\/Lockdown2020_titelcollage_800x450.jpg?fit=800%2C450&ssl=1&resize=350%2C200 1x, https:\/\/i0.wp.com\/www.freidenker.org\/fw17\/wp-content\/uploads\/2020\/10\/Lockdown2020_titelcollage_800x450.jpg?fit=800%2C450&ssl=1&resize=525%2C300 1.5x, https:\/\/i0.wp.com\/www.freidenker.org\/fw17\/wp-content\/uploads\/2020\/10\/Lockdown2020_titelcollage_800x450.jpg?fit=800%2C450&ssl=1&resize=700%2C400 2x"},"classes":[]}],"_links":{"self":[{"href":"https:\/\/www.freidenker.org\/index.php?rest_route=\/wp\/v2\/posts\/7770","targetHints":{"allow":["GET"]}}],"collection":[{"href":"https:\/\/www.freidenker.org\/index.php?rest_route=\/wp\/v2\/posts"}],"about":[{"href":"https:\/\/www.freidenker.org\/index.php?rest_route=\/wp\/v2\/types\/post"}],"author":[{"embeddable":true,"href":"https:\/\/www.freidenker.org\/index.php?rest_route=\/wp\/v2\/users\/3"}],"replies":[{"embeddable":true,"href":"https:\/\/www.freidenker.org\/index.php?rest_route=%2Fwp%2Fv2%2Fcomments&post=7770"}],"version-history":[{"count":0,"href":"https:\/\/www.freidenker.org\/index.php?rest_route=\/wp\/v2\/posts\/7770\/revisions"}],"wp:featuredmedia":[{"embeddable":true,"href":"https:\/\/www.freidenker.org\/index.php?rest_route=\/wp\/v2\/media\/7771"}],"wp:attachment":[{"href":"https:\/\/www.freidenker.org\/index.php?rest_route=%2Fwp%2Fv2%2Fmedia&parent=7770"}],"wp:term":[{"taxonomy":"category","embeddable":true,"href":"https:\/\/www.freidenker.org\/index.php?rest_route=%2Fwp%2Fv2%2Fcategories&post=7770"},{"taxonomy":"post_tag","embeddable":true,"href":"https:\/\/www.freidenker.org\/index.php?rest_route=%2Fwp%2Fv2%2Ftags&post=7770"}],"curies":[{"name":"wp","href":"https:\/\/api.w.org\/{rel}","templated":true}]}}