{"id":7768,"date":"2020-03-20T07:26:16","date_gmt":"2020-03-20T06:26:16","guid":{"rendered":"https:\/\/www.freidenker.org\/?p=7768"},"modified":"2020-04-16T22:40:57","modified_gmt":"2020-04-16T20:40:57","slug":"niemand-bleibt-zurueck","status":"publish","type":"post","link":"https:\/\/www.freidenker.org\/?p=7768","title":{"rendered":"Niemand bleibt zur\u00fcck?"},"content":{"rendered":"<h5 class=\"article__heading \">Merkel-Regierung ignoriert Schicksal der Armen bei Corona-Krise<\/h5>\n<p><strong>Mit milliardenschweren Hilfspaketen will die Bundesregierung die Wirtschaft vor den Folgen der Corona-Epidemie sch\u00fctzen. Die Lebensmittelversorgung der Bev\u00f6lkerung ist laut ihr gesichert. Doch f\u00fcr Millionen Menschen trifft das schon jetzt nicht mehr zu.<\/strong><\/p>\n<div class=\"article__text \">\n<p><em>von <strong>Dagmar Henn<\/strong><\/em><\/p>\n<p><em>(<a href=\"https:\/\/deutsch.rt.com\/meinung\/99505-niemand-bleibt-zuruck-merkel-regierung\/\" target=\"_blank\" rel=\"noopener noreferrer\">Erstver\u00f6ffentlichung auf RT Deutsch<\/a> am 19.03.2020)<\/em><\/p>\n<p>Vor f\u00fcnfzehn Jahren traf der Wirbelsturm namens Katrina die Stadt New Orleans an der Ostk\u00fcste der USA. Als sich abzeichnete, dass der Sturm die Stadt treffen w\u00fcrde, wurde keine Evakuierung organisiert, sondern der B\u00fcrgermeister Ray Nagin wies die Einwohner an, in ihre Autos zu steigen und die Stadt zu verlassen. Wer kein Auto hatte, blieb hilflos zur\u00fcck. Corona in der Merkel-Republik, das ist wie Katrina in Zeitlupe.<\/p>\n<p>Anders, als es viele Umfragen behaupten, zeigt die Reaktion der Bev\u00f6lkerung, wie niedrig die Glaubw\u00fcrdigkeit der Regierung tats\u00e4chlich ist. Es finden sich vor allem zwei Verhaltensweisen: Die eine ist panisch und signalisiert die Erwartung, im Stich gelassen zu werden. Die andere verleugnet das Risiko v\u00f6llig und l\u00e4sst dadurch erkennen, dass den offiziellen Aussagen nicht geglaubt wird. Kein Wunder, wenn erst wochenlang nicht gehandelt und Gefahrlosigkeit beschworen wurde, nur um dann in einer pl\u00f6tzlichen Kehrtwende das halbe Land lahmzulegen \u2026<\/p>\n<p>Im realen Handeln zeigt sich bei der Bundesregierung die gleiche Blindheit, die schon Ray Nagin auszeichnete \u2013 Menschen, die nicht wohlhabend genug sind, kommen in ihrer Wahrnehmung nicht vor. Inmitten einer Krise, in der das Wohl der gesamten Bev\u00f6lkerung ausschlaggebend sein sollte, wird nicht nur bereitwillig das F\u00fcllhorn f\u00fcr die St\u00e4rksten \u2013 Industrie und Banken \u2013 ge\u00f6ffnet, es wird an den Punkten, an denen die wirkliche Katastrophe lauert, \u00fcberhaupt nicht reagiert. Denn es gibt bereits Meldungen, die ein sofortiges Handeln erforderlich machen m\u00fcssten, die mit Ignoranz und Passivit\u00e4t beantwortet werden: der weitgehende Ausfall der Essens-Tafeln.<\/p>\n<p><a href=\"https:\/\/www.spiegel.de\/panorama\/gesellschaft\/tafeln-in-deutschland-immer-mehr-senioren-gehen-zur-essensausgabe-a-1300172.html\">Eineinhalb Millionen<\/a> Menschen dieser Republik erleben ihren Alltag ohnehin in einer Art permanenten Notstands \u2013 sie sind auf Lebensmittel von den Tafeln angewiesen, um \u00fcberhaupt \u00fcber die Runden zu kommen. Eigentlich d\u00fcrften Tafeln gar nicht n\u00f6tig sein, weil ja angeblich die Leistungen der Grundsicherung die Bed\u00fcrfnisse decken. Ihre Existenz ist also schon t\u00e4glicher Beleg daf\u00fcr, dass diese Leistungen nicht ausreichen, und sie sind eine besondere Perversion, weil sich die Spender die M\u00fcllentsorgung sparen und daf\u00fcr auch noch eine Spendenquittung erhalten.<\/p>\n<p>Aber solche Einrichtungen passen in die neoliberale Weltsicht, nach der die Armen selbst schuld sind und die Reichen gut und edel, wenn sie ein paar Brosamen vom Tisch gleiten lassen. Momentan sind allerdings selbst diese Brosamen gef\u00e4hrdet, weil zum einen die Superm\u00e4rkte <a href=\"https:\/\/www.sueddeutsche.de\/panorama\/coronavirus-tafeln-hamsterkaeufe-1.4838270\">keine Frischwaren mehr \u00fcbrig<\/a> haben, die sie entsorgen m\u00fcssten, und zum anderen die Ausgaben der Tafeln durch Ehrenamtliche erfolgen, die selbst meist \u00e4lter sind, also zu den Corona-Risikogruppen geh\u00f6ren. Das Ergebnis dieser Mischung ist, dass der Notnagel &#8218;Tafel&#8216; <a href=\"https:\/\/www.saarbruecker-zeitung.de\/saarland\/landespolitik\/tafeln-in-rheinland-pfalz-und-saarland-schliessen-wegen-coronavirus_aid-49592055\">weitgehend nicht mehr zur Verf\u00fcgung steht<\/a> und voraussichtlich in den n\u00e4chsten Monaten auch nicht zur Verf\u00fcgung stehen wird.<\/p>\n<p>Eineinhalb Millionen Menschen, denen jetzt schon das Essen knapp wird? Sollte da nicht irgend etwas geschehen? W\u00fcrde sich nicht genau daran zeigen, dass die Beh\u00f6rden alle Probleme im Blick haben? Tja, es zeigt sich das Gegenteil. Das h\u00f6chste der Gef\u00fchle sind Bemerkungen, man m\u00f6ge auf Nachbarn achten \u2026<\/p>\n<h5>Verelendung gro\u00dfer Bev\u00f6lkerungsteile vorprogrammiert<\/h5>\n<p>Die Entwicklung bei den Tafeln deutet an, wo die Bruchpunkte liegen. Es ist n\u00e4mlich unschwer zu erkennen, dass breite Teile der Bev\u00f6lkerung keine Vorr\u00e4te anlegen k\u00f6nnen, weil ihnen daf\u00fcr die Mittel fehlen; in manchen Gro\u00dfst\u00e4dten betrifft das jeden Dritten. F\u00fcr viele Kinder in \u00e4rmeren Vierteln waren die Schulessen wenigstens eine Garantie auf eine t\u00e4gliche warme Mahlzeit; jetzt, da die Schulen geschlossen sind, f\u00e4llt auch diese minimale Absicherung fort. Kann sich irgend jemand auch nur an eine Debatte zu diesem Thema erinnern? Eine Bemerkung eines der politisch Verantwortlichen, die andeutet, dass das Problem erkannt wurde?<\/p>\n<p>Die Verm\u00f6gensstatistik der Bundesrepublik belegt, dass die H\u00e4lfte der Bev\u00f6lkerung keine Reserven besitzt, auf die sie zur\u00fcckgreifen k\u00f6nnte. Also keine Ersparnisse, die Zeiten des Mangels \u00fcberbr\u00fccken, die etwa durch Kurzarbeit oder gar Entlassung in Folge der Corona-Bek\u00e4mpfung ausgel\u00f6st werden. Drei Jahrzehnte massiver Umverteilung von unten nach oben machen sich sehr schnell bemerkbar, wenn zus\u00e4tzliche Kosten anfallen oder das Einkommen noch weiter sinkt.<\/p>\n<p>Die Meisten leben von der Hand in den Mund, selbst wenn sie sich nach wie vor aus Gewohnheit einreden, es ginge schon gut so. Insbesondere die Hartz-IV-Gesetze haben daf\u00fcr gesorgt, dass die Reserven ganzer Familiennetzwerke ausgeblutet wurden, und viele nur ein Problem von einer Katastrophe entfernt sind. Wie viele solcher Probleme k\u00f6nnen auftreten in einer Phase des Stillstands, die sich \u00fcber f\u00fcnf oder sechs Monate hinziehen d\u00fcrfte? Denn mit einem solchen Zeitrahmen muss gerechnet werden, will man das amtlich verk\u00fcndete Ziel erreichen, die Kurve der Neuinfektionen zu verflachen.<\/p>\n<h5>Mangelnde Kapazit\u00e4ten in den Krankenh\u00e4usern<\/h5>\n<p>Kurve verflachen bedeutet n\u00e4mlich, dass die weitgehende Durchseuchung der Bev\u00f6lkerung hingenommen wird, aber versucht werden soll, durch die Verringerung menschlicher Kontakte die Geschwindigkeit der Infektionsverbreitung und damit das Maximum der gleichzeitigen Erkrankungen abzusenken. Man muss sich das so vorstellen, als k\u00f6nnte man die Kurve in die L\u00e4nge ziehen, wobei die unter der Kurve zu findende Fl\u00e4che gleich bleibt (also die Gesamtzahl der Infektionen nach Zeitablauf).<\/p>\n<p>Man kann so etwas in Grafikprogrammen ausprobieren, ohne sich gleich in Differentialrechnungen st\u00fcrzen zu m\u00fcssen \u2013 wenn der Gipfel nicht so weit oben liegt, wird der Zeitraum l\u00e4nger. Eine <a href=\"https:\/\/de.scribd.com\/document\/452069876\/Imperial-College-COVID19-NPI-Modelling-16-03-2020\">gr\u00fcndliche Berechnung<\/a> am Beispiel Gro\u00dfbritannien lieferte das Imperial College am 16. M\u00e4rz. In keiner der berechneten Varianten, egal welches Niveau an Einschr\u00e4nkungen zum jetzigen Zeitpunkt gew\u00e4hlt wird, bleibt der Gipfel unter der Schwelle maximal verf\u00fcgbarer Intensivbetten.<\/p>\n<p>Bei 28.000 Betten, die in Deutschland vorhanden sind, d\u00fcrften nie mehr als 28.000 Menschen gleichzeitig so erkranken, dass sie diese Form der Pflege brauchen. Sobald es mehr sind, entsteht zwangsl\u00e4ufig eine Situation, in der Menschen sterben, weil die Mittel zu ihrer Behandlung nicht zur Verf\u00fcgung stehen. Ehrlicherweise m\u00fcsste gesagt werden, dass sich dieser Moment nicht mehr vermeiden l\u00e4sst, und dass davon nicht nur jene betroffen sein werden, die an COVID-19 erkrankt sind, sondern auch jene, die aus anderen Gr\u00fcnden eine Intensivversorgung ben\u00f6tigen.<\/p>\n<p>Zus\u00e4tzlich muss man auch ber\u00fccksichtigen, dass die Zahl schon vor Ausbruch dieses Virus hypothetisch war, weil manche dieser Betten im Normalbetrieb bereits nicht mehr belegt werden konnten, da Pflegepersonal fehlt. Eine ehrliche Information seitens der Regierung w\u00fcrde darauf hinweisen, dass es zu einer bedeutenden Zahl von Todesf\u00e4llen kommen wird, die jetzigen Ma\u00dfnahmen dazu dienen sollen, diese Zahl noch zu verringern (h\u00e4tte man fr\u00fcher gehandelt, w\u00e4re das nat\u00fcrlich einfacher), dass die daf\u00fcr erforderlichen Ma\u00dfnahmen aber <a href=\"https:\/\/web.de\/magazine\/politik\/politische-talkshows\/lange-zeit-voller-entbehrungen-virologe-zerstoert-hart-fair-hoffnungen-34523914\">\u00fcber einen Zeitraum von mehreren Monaten<\/a> aufrechterhalten werden m\u00fcssen.<\/p>\n<h5>Ist die Lebensmittelversorgung wirklich gesichert?<\/h5>\n<p>Julia Kl\u00f6ckner, Bundeslandwirtschaftsministerin, hat am Dienstag in einer <a href=\"https:\/\/www.welt.de\/vermischtes\/article206605191\/Julia-Kloeckner-zur-Corona-Krise-Die-Supermaerkte-bleiben-offen.html\">Pressekonferenz<\/a> verk\u00fcndet, die Nahrungsmittelversorgung sei sicher. Man musste schon genau zuh\u00f6ren, was sie als sicher bezeichnete. Bei aller zur Schau gestellten Unschuld achtete sie n\u00e4mlich sorgf\u00e4ltig darauf, die kritischen Fragen zu umgehen. <a href=\"https:\/\/www.destatis.de\/DE\/Themen\/Gesellschaft-Umwelt\/Umwelt\/Publikationen\/Querschnitt-Sonstiges\/fachbericht-flaechenbelegung-pdf-5385101.html\">Fast 80 Prozent<\/a> der in der Bundesrepublik verbrauchten pflanzlichen Nahrungsmittel werden n\u00e4mlich importiert; das muss Frau Kl\u00f6ckner wissen.<\/p>\n<p>Import, das muss man in diesen Zeiten ausbuchstabieren, bedeutet, das Produkt stammt aus einem anderen Land, das sich in der selben Art k\u00fcnstlichen Komas befinden d\u00fcrfte wie Deutschland, weil keines unserer Nachbarl\u00e4nder vom Virus verschont ist. Die einzige Ausnahme ist Polen, das fr\u00fchzeitig seine Grenzen \u00fcberwacht hat und aller Wahrscheinlichkeit nach zu dem Schluss kommt, seine Nahrungsmittel lieber f\u00fcr sich zu behalten.<\/p>\n<p>Was bedeutet es denn, wenn \u00fcberall die Produktion in allen Sektoren zur\u00fcckgefahren wird, um die Verbreitung des Virus einzud\u00e4mmen? Werden die Niederlande so viel Gem\u00fcse produzieren wie bisher und es dann in die Bundesrepublik liefern? Was passiert \u00fcberhaupt im Transportbereich? Deutschland hat im Normalbetrieb bereits viel <a href=\"https:\/\/www.welt.de\/wirtschaft\/article194672173\/Lkw-Fahrermangel-Speditionen-wollen-Bosnier-Serben-und-Ukrainer-anwerben.html\">zu wenige LKW-Fahrer<\/a> und es wurde zur Aufrechterhaltung der Just-in-time-Produktion nicht nur auf polnische, sondern l\u00e4ngst auf rum\u00e4nische und bulgarische Fahrer zur\u00fcckgegriffen. Werden die tats\u00e4chlich das Risiko auf sich nehmen, deutsche Versorgungsg\u00fcter zu fahren? Die einheimischen LKW-Fahrer sind im Schnitt <a href=\"https:\/\/www.eurotransport.de\/artikel\/bis-2027-fehlen-185-000-fahrer-iru-warnt-vor-akutem-fahrermangel-10730376.html\">bereits \u00fcber 47<\/a> Jahre alt; was, wenn gr\u00f6\u00dfere Teile krankheitsbedingt ausfallen?<\/p>\n<p>Kl\u00f6ckner hat erkl\u00e4rt, die Lager w\u00e4ren voll. Nun, nicht nur die Gesch\u00e4fte, auch die Lager der Handelsketten bevorraten nur f\u00fcr wenige Tage. &#8218;Voll&#8216; hat da nichts zu besagen, wenn wir von einem Zeitraum von mehreren Monaten sprechen. Ja, bei Milchprodukten, Fleisch und Getreide ist die Bundesrepublik noch Selbstversorger. Aber was geschieht bei den Milchprodukten, wenn die internationalen Lieferketten f\u00fcr das Kraftfutter zusammenbrechen und nur noch das einheimische Futter zur Verf\u00fcgung steht? Dann wird die Menge deutlich zur\u00fcckgehen. Da n\u00fctzt auch eine Verl\u00e4ngerung der Supermarkt-\u00d6ffnungszeiten nichts.<\/p>\n<p>Wer die Berichte aus China gesehen hat, wei\u00df, dass dort der \u00f6ffentliche Nahverkehr weitgehend stillgelegt wurde. Das macht epidemiologisch Sinn, weil sich dort viele Menschen sehr nah begegnen, das \u00dcbertragungsrisiko also hoch ist. Die Versorgungs-Infrastruktur in der BRD beruht aber nicht auf vielen kleinen Gesch\u00e4ften in der N\u00e4he (wer die Aufnahmen aus China kennt, konnte sehen, dass es sie dort sehr wohl gibt), sondern auf gro\u00dfen Superm\u00e4rkten in Einkaufszentren oder auf der gr\u00fcnen Wiese.<\/p>\n<p>Die kleinteilige regionale Versorgung ist \u00fcberall, wo sie nicht subventioniert wurde, l\u00e4ngst verschwunden. Wie aber sollen jene Menschen, die kein Auto besitzen, ohne \u00f6ffentlichen Nahverkehr die Einkaufsm\u00f6glichkeiten erreichen? Selbst wenn dort alles vorhanden bleiben sollte (was ich bezweifle), die Menschen m\u00fcssen dorthin kommen k\u00f6nnen, und sie m\u00fcssen das Geld haben, die Waren zu bezahlen.<\/p>\n<h5><strong>Privatisierung der Wohlfahrt erschwert Koordination<\/strong><\/h5>\n<p>Die vielf\u00e4ltige Privatisierung der Wohlfahrt, also die Tatsache, dass hier Verein X eine Tafel betreibt, die Diakonie eine Suppenk\u00fcche, wieder ein anderer Tr\u00e4ger ein Altenzentrum, f\u00fchrt dazu, dass es keine Stelle gibt, die auch nur die Daten all jener bes\u00e4\u00dfe, die Unterst\u00fctzung ben\u00f6tigten. Wollte der Staat \u2013 gleich welche Ebene, von der Kommune bis zum Bund \u2013 tats\u00e4chlich jeden absichern, der finanziell oder physisch Probleme hat, sich zu versorgen, best\u00fcnde das erste Problem schon darin, \u00fcberhaupt an die Adressen zu kommen.<\/p>\n<p>Das N\u00e4chste w\u00e4re dann die Frage, wie eine Versorgung organisiert werden k\u00f6nnte. Aber bis heute ist ja nicht einmal das einfachste Mittel im Gespr\u00e4ch, n\u00e4mlich allen Empf\u00e4ngern von Grundsicherung einen Zusatzbetrag auszuzahlen, der das Anlegen von Vorr\u00e4ten oder notfalls auch die Belieferung damit erm\u00f6glicht.<\/p>\n<p>Die Armen von New Orleans h\u00e4tten 2005 durchaus evakuiert werden k\u00f6nnen, h\u00e4tte der damalige B\u00fcrgermeister sie als B\u00fcrger seiner Stadt wahrgenommen und Busse f\u00fcr die Evakuierung organisiert, wie das in den Jahrzehnten davor \u00fcblich war. Er war aber so von Klassend\u00fcnkel zerfressen, dass Menschen ohne Autos f\u00fcr ihn schlicht nicht existierten. Sie blieben in den steigenden Fluten zur\u00fcck und mussten sich ohne Nahrung und ohne sauberes Wasser auf die D\u00e4cher ihrer umschlossenen H\u00e4user retten. Die deutsche Politik zeigt alle Anzeichen \u00e4hnlicher Verblendung. Die \u00c4rmeren werden sich organisieren m\u00fcssen, wollen sie die kommenden Fluten \u00fcberstehen.<\/p>\n<p style=\"text-align: right;\"><em>Dagmar Henn ist Mitglied des Deutschen Freidenker-Verbandes<\/em><\/p>\n<p><em>RT<\/em><em>Deutsch bem\u00fcht sich um ein breites Meinungsspektrum. Gastbeitr\u00e4ge und Meinungsartikel m\u00fcssen nicht die Sichtweise der Redaktion widerspiegeln.<\/em><\/p>\n<hr \/>\n<p><span style=\"font-size: 10pt; font-family: georgia, palatino, serif;\">Bild: Angela Merkel anl\u00e4sslich der Er\u00f6ffnung des <i>Materials Research Center<\/i> der Merck KGaA in Darmstadt 2010<br \/>\n<\/span><span style=\"font-size: 10pt; font-family: georgia, palatino, serif;\"><span class=\"plainlinks\">Foto: Armin K\u00fcbelbeck \/ Lizenz: <a class=\"external text\" href=\"https:\/\/creativecommons.org\/licenses\/by-sa\/3.0\/\" rel=\"nofollow\">CC-BY-SA<\/a> \/ Quelle: <a class=\"external text\" href=\"https:\/\/commons.wikimedia.org\/wiki\/File:Angela_Merkel_10.jpg\">Wikimedia Commons<\/a><br \/>\nHintergrund: pixabay.com \/ User: <a class=\"hover_opacity\" href=\"https:\/\/pixabay.com\/de\/users\/iXimus-2352783\/\">iXimus<\/a> \/ Lizenz: <a href=\"https:\/\/pixabay.com\/de\/service\/license\/\">Pixabay License<\/a><\/span><\/span><\/p>\n<\/div>\n<div class=\"article__tags tags\"><\/div>\n","protected":false},"excerpt":{"rendered":"<p><b>Beitrag von Dagmar Henn<\/b><br \/>\nVor f\u00fcnfzehn Jahren traf der Wirbelsturm namens Katrina die Stadt New Orleans an der Ostk\u00fcste der USA. Als sich abzeichnete, dass der Sturm die Stadt treffen w\u00fcrde, wurde keine Evakuierung organisiert, sondern der B\u00fcrgermeister Ray Nagin wies die Einwohner an, in ihre Autos zu steigen und die Stadt zu verlassen. Wer kein Auto hatte, blieb hilflos zur\u00fcck. Corona in der Merkel-Republik, das ist wie Katrina in Zeitlupe.<br \/>\nAnders, als es viele Umfragen behaupten, zeigt die Reaktion der Bev\u00f6lkerung, wie niedrig die Glaubw\u00fcrdigkeit der Regierung tats\u00e4chlich ist. &#8230;<\/p>\n","protected":false},"author":3,"featured_media":7773,"comment_status":"closed","ping_status":"closed","sticky":false,"template":"","format":"standard","meta":{"colormag_page_container_layout":"default_layout","colormag_page_sidebar_layout":"default_layout","advanced_seo_description":"","jetpack_seo_html_title":"","jetpack_seo_noindex":false,"jetpack_post_was_ever_published":false,"footnotes":""},"categories":[11,12],"tags":[682,1261,1256,452,107,1257,1260],"class_list":["post-7768","post","type-post","status-publish","format-standard","has-post-thumbnail","hentry","category-arbeit-soziales","category-demokratie-medien-aufklaerung","tag-angela-merkel","tag-armut","tag-corona-virus","tag-deutschland","tag-gesundheit","tag-pandemie","tag-sozialstaat"],"jetpack_featured_media_url":"https:\/\/i0.wp.com\/www.freidenker.org\/fw17\/wp-content\/uploads\/2020\/03\/merkel_corona_800x445.jpg?fit=800%2C445&ssl=1","jetpack_shortlink":"https:\/\/wp.me\/p9stpK-21i","jetpack-related-posts":[{"id":11287,"url":"https:\/\/www.freidenker.org\/?p=11287","url_meta":{"origin":7768,"position":0},"title":"Unter deutscher F\u00fchrung organisert die EU das ArbeitsUnrecht &#8211; \u201eCorona\u201c-versch\u00e4rft","author":"Webredaktion","date":"29. September 2021","format":false,"excerpt":"Beitrag von Werner R\u00fcgemer\u00a0aus FREIDENKER 3-21 Proteste zur Verteidigung demokratischer Rechte lassen oft einen zentralen Lebensbereich unbeachtet: die sozialen Rechte, die doch f\u00fcr die Lage der abh\u00e4ngig Besch\u00e4ftigten zentral sind. Seit ihren Vorstufen in der Montanunion der 1950er Jahre organisiert die EU im Interesse gro\u00dfer Kapitalisten die Ausbeutung und Entrechtung\u2026","rel":"","context":"In &quot;Arbeit &amp; Soziales&quot;","block_context":{"text":"Arbeit &amp; Soziales","link":"https:\/\/www.freidenker.org\/?cat=11"},"img":{"alt_text":"","src":"https:\/\/i0.wp.com\/www.freidenker.org\/fw17\/wp-content\/uploads\/2021\/09\/ruegemer_buchtitel_motiv_800x450.jpg?fit=800%2C450&ssl=1&resize=350%2C200","width":350,"height":200,"srcset":"https:\/\/i0.wp.com\/www.freidenker.org\/fw17\/wp-content\/uploads\/2021\/09\/ruegemer_buchtitel_motiv_800x450.jpg?fit=800%2C450&ssl=1&resize=350%2C200 1x, https:\/\/i0.wp.com\/www.freidenker.org\/fw17\/wp-content\/uploads\/2021\/09\/ruegemer_buchtitel_motiv_800x450.jpg?fit=800%2C450&ssl=1&resize=525%2C300 1.5x, https:\/\/i0.wp.com\/www.freidenker.org\/fw17\/wp-content\/uploads\/2021\/09\/ruegemer_buchtitel_motiv_800x450.jpg?fit=800%2C450&ssl=1&resize=700%2C400 2x"},"classes":[]},{"id":8757,"url":"https:\/\/www.freidenker.org\/?p=8757","url_meta":{"origin":7768,"position":1},"title":"Corona \u2013 Ein Geschenk des Himmels f\u00fcr die Finanzelite","author":"Webredaktion","date":"6. Oktober 2020","format":false,"excerpt":"Kommentar von Rainer Rupp Nicht nur in Deutschland, sondern auch in der EU und in den USA erschrecken aktuell die m\u00e4chtigen Entscheider wieder die Bev\u00f6lkerung mit neuen Hiobsbotschaften \u00fcber eine zweite Corona-Welle. \u201eWeltweit eine Million COVID-19 Todesf\u00e4lle\u201c lauteten die Balken\u00fcberschriften in den letzten Tagen. Weltweit seien inzwischen 33 Millionen Menschen\u2026","rel":"","context":"In &quot;Arbeit &amp; Soziales&quot;","block_context":{"text":"Arbeit &amp; Soziales","link":"https:\/\/www.freidenker.org\/?cat=11"},"img":{"alt_text":"","src":"https:\/\/i0.wp.com\/www.freidenker.org\/fw17\/wp-content\/uploads\/2020\/10\/corona_boerse-4880802_800x450.jpg?fit=800%2C450&ssl=1&resize=350%2C200","width":350,"height":200,"srcset":"https:\/\/i0.wp.com\/www.freidenker.org\/fw17\/wp-content\/uploads\/2020\/10\/corona_boerse-4880802_800x450.jpg?fit=800%2C450&ssl=1&resize=350%2C200 1x, https:\/\/i0.wp.com\/www.freidenker.org\/fw17\/wp-content\/uploads\/2020\/10\/corona_boerse-4880802_800x450.jpg?fit=800%2C450&ssl=1&resize=525%2C300 1.5x, https:\/\/i0.wp.com\/www.freidenker.org\/fw17\/wp-content\/uploads\/2020\/10\/corona_boerse-4880802_800x450.jpg?fit=800%2C450&ssl=1&resize=700%2C400 2x"},"classes":[]},{"id":9683,"url":"https:\/\/www.freidenker.org\/?p=9683","url_meta":{"origin":7768,"position":2},"title":"Mutti ohne Mitgef\u00fchl: Merkels Dickfelligkeit","author":"Webredaktion","date":"9. M\u00e4rz 2021","format":false,"excerpt":"Beitrag von Friedhelm Klinkhammer und Volker Br\u00e4utigam Die Tagesschau-Redaktion berichtete Im Aufmacher ihrer 20 Uhr-Ausgabe am 4. M\u00e4rz: \u201eNach zweieinhalb Monaten Lockdown haben Bund und L\u00e4nder den Weg zu Lockerungen geebnet. Daf\u00fcr verst\u00e4ndigten sie sich vergangene Nacht auf einen Stufenplan, der in verschiedenen Bereichen Schritt f\u00fcr Schritt den Alltag zur\u00fcckbringen\u2026","rel":"","context":"In &quot;Demokratie \u2013 Medien \u2013 Aufkl\u00e4rung&quot;","block_context":{"text":"Demokratie \u2013 Medien \u2013 Aufkl\u00e4rung","link":"https:\/\/www.freidenker.org\/?cat=12"},"img":{"alt_text":"","src":"https:\/\/i0.wp.com\/www.freidenker.org\/fw17\/wp-content\/uploads\/2021\/03\/Merkel_mit_Viren.jpg?fit=800%2C450&ssl=1&resize=350%2C200","width":350,"height":200,"srcset":"https:\/\/i0.wp.com\/www.freidenker.org\/fw17\/wp-content\/uploads\/2021\/03\/Merkel_mit_Viren.jpg?fit=800%2C450&ssl=1&resize=350%2C200 1x, https:\/\/i0.wp.com\/www.freidenker.org\/fw17\/wp-content\/uploads\/2021\/03\/Merkel_mit_Viren.jpg?fit=800%2C450&ssl=1&resize=525%2C300 1.5x, https:\/\/i0.wp.com\/www.freidenker.org\/fw17\/wp-content\/uploads\/2021\/03\/Merkel_mit_Viren.jpg?fit=800%2C450&ssl=1&resize=700%2C400 2x"},"classes":[]},{"id":8594,"url":"https:\/\/www.freidenker.org\/?p=8594","url_meta":{"origin":7768,"position":3},"title":"Die totalit\u00e4re \u201eNeue Normalit\u00e4t\u201c","author":"Webredaktion","date":"10. September 2020","format":false,"excerpt":"Kommentar von Rainer Rupp Selbst vielen Gegnern der Demonstration und Massenkundgebung der Querdenker in Berlin vom 29. August gehen die giftigen, pauschalen Verurteilungen dieser aus allen Schichten der Bev\u00f6lkerung entstandenen Opposition durch die selbstgef\u00e4lligen Politiker der etablierten Parteien zu weit. Das zeigte sich in den vielen hastig organisierten Talk-Runden, die\u2026","rel":"","context":"In &quot;Demokratie \u2013 Medien \u2013 Aufkl\u00e4rung&quot;","block_context":{"text":"Demokratie \u2013 Medien \u2013 Aufkl\u00e4rung","link":"https:\/\/www.freidenker.org\/?cat=12"},"img":{"alt_text":"","src":"https:\/\/i0.wp.com\/www.freidenker.org\/fw17\/wp-content\/uploads\/2020\/09\/Conspiracy_theorist_protest_Berlin_2020-08-01_53_800x450.jpg?fit=800%2C450&ssl=1&resize=350%2C200","width":350,"height":200,"srcset":"https:\/\/i0.wp.com\/www.freidenker.org\/fw17\/wp-content\/uploads\/2020\/09\/Conspiracy_theorist_protest_Berlin_2020-08-01_53_800x450.jpg?fit=800%2C450&ssl=1&resize=350%2C200 1x, https:\/\/i0.wp.com\/www.freidenker.org\/fw17\/wp-content\/uploads\/2020\/09\/Conspiracy_theorist_protest_Berlin_2020-08-01_53_800x450.jpg?fit=800%2C450&ssl=1&resize=525%2C300 1.5x, https:\/\/i0.wp.com\/www.freidenker.org\/fw17\/wp-content\/uploads\/2020\/09\/Conspiracy_theorist_protest_Berlin_2020-08-01_53_800x450.jpg?fit=800%2C450&ssl=1&resize=700%2C400 2x"},"classes":[]},{"id":17593,"url":"https:\/\/www.freidenker.org\/?p=17593","url_meta":{"origin":7768,"position":4},"title":"Corona-Aufarbeitung: Gesellschaftsspaltende Ethikerin wird Staatssekret\u00e4rin beim Bund","author":"Webredaktion","date":"29. November 2023","format":false,"excerpt":"Beitrag von Bernhard Loyen Die ARD-Tagesschau meldete am 7. April dieses Jahres: \"Die letzten Ma\u00dfnahmen im Kampf gegen Corona laufen aus, f\u00fcr Gesundheitsminister Lauterbach ist die Pandemie beendet.\" Gut drei Jahre zuvor, am 18. M\u00e4rz 2020, hatte die vormalige Kanzlerin Angela Merkel in einer Fernsehansprache\u00a0an die B\u00fcrger im Land davon\u2026","rel":"","context":"In &quot;Demokratie \u2013 Medien \u2013 Aufkl\u00e4rung&quot;","block_context":{"text":"Demokratie \u2013 Medien \u2013 Aufkl\u00e4rung","link":"https:\/\/www.freidenker.org\/?cat=12"},"img":{"alt_text":"","src":"https:\/\/i0.wp.com\/www.freidenker.org\/fw17\/wp-content\/uploads\/2023\/11\/sabine_doering_coll.jpg?fit=800%2C450&ssl=1&resize=350%2C200","width":350,"height":200,"srcset":"https:\/\/i0.wp.com\/www.freidenker.org\/fw17\/wp-content\/uploads\/2023\/11\/sabine_doering_coll.jpg?fit=800%2C450&ssl=1&resize=350%2C200 1x, https:\/\/i0.wp.com\/www.freidenker.org\/fw17\/wp-content\/uploads\/2023\/11\/sabine_doering_coll.jpg?fit=800%2C450&ssl=1&resize=525%2C300 1.5x, https:\/\/i0.wp.com\/www.freidenker.org\/fw17\/wp-content\/uploads\/2023\/11\/sabine_doering_coll.jpg?fit=800%2C450&ssl=1&resize=700%2C400 2x"},"classes":[]},{"id":8131,"url":"https:\/\/www.freidenker.org\/?p=8131","url_meta":{"origin":7768,"position":5},"title":"Andrej Hunko auf der Kundgebung &#8222;Die Gedanken sind frei&#8220; in Aachen","author":"Webredaktion","date":"25. Mai 2020","format":false,"excerpt":"Redemanuskript von Andrej Hunko Ich sp\u00fcre seit einigen Wochen einige wachsende Sorge in Teilen der Bev\u00f6lkerung, dass es im Zuge zu einem l\u00e4ngerfristigen Abbau von Grund- und Freiheitsrechten kommen kann, wie es Edward Snowden hier ausdr\u00fcckt, \u201eThe virus is harmful, the destruction of rights is fatal\u201c, eine Sorge, die sich\u2026","rel":"","context":"In &quot;Arbeit &amp; Soziales&quot;","block_context":{"text":"Arbeit &amp; Soziales","link":"https:\/\/www.freidenker.org\/?cat=11"},"img":{"alt_text":"","src":"https:\/\/i0.wp.com\/www.freidenker.org\/fw17\/wp-content\/uploads\/2020\/05\/Hunko_800x450.jpg?fit=800%2C450&ssl=1&resize=350%2C200","width":350,"height":200,"srcset":"https:\/\/i0.wp.com\/www.freidenker.org\/fw17\/wp-content\/uploads\/2020\/05\/Hunko_800x450.jpg?fit=800%2C450&ssl=1&resize=350%2C200 1x, https:\/\/i0.wp.com\/www.freidenker.org\/fw17\/wp-content\/uploads\/2020\/05\/Hunko_800x450.jpg?fit=800%2C450&ssl=1&resize=525%2C300 1.5x, https:\/\/i0.wp.com\/www.freidenker.org\/fw17\/wp-content\/uploads\/2020\/05\/Hunko_800x450.jpg?fit=800%2C450&ssl=1&resize=700%2C400 2x"},"classes":[]}],"_links":{"self":[{"href":"https:\/\/www.freidenker.org\/index.php?rest_route=\/wp\/v2\/posts\/7768","targetHints":{"allow":["GET"]}}],"collection":[{"href":"https:\/\/www.freidenker.org\/index.php?rest_route=\/wp\/v2\/posts"}],"about":[{"href":"https:\/\/www.freidenker.org\/index.php?rest_route=\/wp\/v2\/types\/post"}],"author":[{"embeddable":true,"href":"https:\/\/www.freidenker.org\/index.php?rest_route=\/wp\/v2\/users\/3"}],"replies":[{"embeddable":true,"href":"https:\/\/www.freidenker.org\/index.php?rest_route=%2Fwp%2Fv2%2Fcomments&post=7768"}],"version-history":[{"count":0,"href":"https:\/\/www.freidenker.org\/index.php?rest_route=\/wp\/v2\/posts\/7768\/revisions"}],"wp:featuredmedia":[{"embeddable":true,"href":"https:\/\/www.freidenker.org\/index.php?rest_route=\/wp\/v2\/media\/7773"}],"wp:attachment":[{"href":"https:\/\/www.freidenker.org\/index.php?rest_route=%2Fwp%2Fv2%2Fmedia&parent=7768"}],"wp:term":[{"taxonomy":"category","embeddable":true,"href":"https:\/\/www.freidenker.org\/index.php?rest_route=%2Fwp%2Fv2%2Fcategories&post=7768"},{"taxonomy":"post_tag","embeddable":true,"href":"https:\/\/www.freidenker.org\/index.php?rest_route=%2Fwp%2Fv2%2Ftags&post=7768"}],"curies":[{"name":"wp","href":"https:\/\/api.w.org\/{rel}","templated":true}]}}