{"id":7763,"date":"2020-03-20T00:17:36","date_gmt":"2020-03-19T23:17:36","guid":{"rendered":"https:\/\/www.freidenker.org\/?p=7763"},"modified":"2020-04-16T22:40:44","modified_gmt":"2020-04-16T20:40:44","slug":"nichts-ist-gut-mit-den-taliban","status":"publish","type":"post","link":"https:\/\/www.freidenker.org\/?p=7763","title":{"rendered":"Nichts ist gut mit den Taliban"},"content":{"rendered":"<h5>*) Aber wenn Heiko Maas Demokratie am Hindukusch ausruft, ist die Tagesschau voll dabei<\/h5>\n<p><em>Von <strong>Friedhelm Klinkhammer<\/strong> und <strong>Volker Br\u00e4utigam<\/strong><\/em><\/p>\n<p><em>(Erstver\u00f6ffentlichung am 12.03.2020 auf <a href=\"https:\/\/publikumskonferenz.de\/blog\/2020\/03\/12\/5447\/\" target=\"_blank\" rel=\"noopener noreferrer\">publikumskonferenz.de<\/a> )<\/em><\/p>\n<p><strong>Welch ein Brimborium: Nach 18 Jahren Krieg in Afghanistan haben die USA mit den Taliban am 29. Februar ein \u201eFriedensabkommen\u201c geschlossen. Eine Regierungserkl\u00e4rung der Bundeskanzlerin gab es trotzdem nicht, Merkel war mal wieder abgetaucht. Statt ihrer durfte Au\u00dfenminister Heiko Maas seine Veranlagung zu voreiliger Gro\u00dfsprecherei beweisen: Das Abkommen er\u00f6ffne \u201e\u2026eine lang ersehnte Chance auf einen Friedensprozess in Afghanistan.\u201c <\/strong>(1)<strong> Die Tagesschau zitierte das nat\u00fcrlich in ihrer Hauptausgabe. Ansonsten bot sie Konfektionsware, keine kritische Bilanz des Krieges. Unfassbar: Die 54 in Afghanistan gefallenen deutschen Soldaten blieben zun\u00e4chst unerw\u00e4hnt. <\/strong>(2)<\/p>\n<p>Die Redaktion zeigte erneut: \u201eDem \u00f6ffentlich-rechtlichen Politikjournalismus hilft nur ein h\u00e4rtestes Weiterbildungsprogramm\u201c. (3) Bleiben wir beim aktuellen ARD-aktuell-typischen journalistischen Offenbarungseid. Studio-Meldung um 20 Uhr, der Aufmacher:<\/p>\n<blockquote><p><em>\u201eDie USA haben mit den militanten islamischen Taliban in Afghanistan ein Friedensabkommen unterzeichnet. \u2026 sollen die Taliban auch mit der afghanischen Regierung einen Friedensvertrag schlie\u00dfen. \u2026 Afghanistan wurde zum R\u00fcckzugsraum f\u00fcr al-Kaida-Terroristen. Nach den Anschl\u00e4gen von 2001 begann der damalige US-Pr\u00e4sident Bush einen Krieg gegen die Taliban.\u201c <\/em>(4)<\/p><\/blockquote>\n<p>Der gesamte Studio-Antext war so unvollst\u00e4ndig wie sachlich unzutreffend. Bush er\u00f6ffnete 2001 einen Eroberungskrieg gegen den Staat Afghanistan, nicht gegen \u201edie Taliban\u201c. Die (Taliban-)Regierung hatte nichts mit der al-Kaida und dem Angriff auf die Zwillingst\u00fcrme in New York zu schaffen. Aber Gro\u00dfbritannien und kurz drauf auch die NATO und Deutschland waren trotzdem gleich mit von der US-Kriegspartie. Ihr \u00dcberfall auf Afghanistan war und bleibt ein V\u00f6lkerrechtsbruch. (5) Der UN-Sicherheitsrat billigte drei Monate nach Kriegsbeginn lediglich das US- Besatzungsregime (ebd.) \u2013 und bewies damit sein Versagen als Wahrer des Weltfriedens und des V\u00f6lkerrechts ebenso wie seinen transatlantischen Konformismus.<br \/>\n<span id=\"more-5447\"><\/span><br \/>\nDoch weiter im miesen Tagesschau-Text. Der Studio-Meldung folgte ein Bericht der Reporterin Sibylle Licht:<\/p>\n<blockquote><p><em>\u201eEineinhalb Jahre hat der Unterh\u00e4ndler der USA\u2026 das historische Abkommen ausgehandelt. \u2026 Innerhalb von 14 Monaten wollen die USA ihre 13 000 Soldaten schrittweise abziehen. \u2026 folgen innerafghanische Friedensgespr\u00e4che \u2026 Gefangenenaustausch geplant\u2026 Die afghanische Regierung war nicht nach Katar eingeladen. Mit ihr wollten die Taliban nicht verhandeln. \u2026\u201c <\/em>(Anm.2)<\/p><\/blockquote>\n<p>Eine Reporterin kann in ihren 2\u201920\u201c Minuten nat\u00fcrlich nicht alles unterbringen, was zu diesem Abkommen, seiner Vorgeschichte, den politischen und milit\u00e4rischen Begleitumst\u00e4nden sowie den Erfolgsaussichten zu sagen gewesen w\u00e4re. Dar\u00fcber zu informieren, zumindest in Stichworten, war die vers\u00e4umte Pflicht der Redaktion.\u00a0Sie h\u00e4tte wenigstens auf weitere Quellen wie <em>Telepolis<\/em> oder die <em>NachDenkSeiten <\/em>verweisen k\u00f6nnen, zumal sie selbst auch auf der eigenen Internet-Seite t<em>agesschau.de<\/em> nichts einigerma\u00dfen Vollst\u00e4ndiges anzubieten hatte. Bei der Verbreitung von Boulevard-Themen scheut sich die Redaktion ja auch nicht, sich auf die BILD-Zeitung zu st\u00fctzen.<\/p>\n<p>Ein grober \u00dcberblick \u00fcber das, was in der Tagesschau zumindest anf\u00e4nglich fehlte:<\/p>\n<p>Deutschland war an den Verhandlungen der USA mit den Taliban nicht beteiligt worden \u2013 obwohl es sich in den mehr als 18 Kriegsjahren doch als treu-tumber Vasall erwies und die Bundeswehr eines der gr\u00f6\u00dften Truppenkontingente am Hindukusch stellt. Als vorbehaltlos Kriegswillige taten sich im Berliner Reichstag Union, SPD und FDP immer hervor, die Gr\u00fcnen machten meistens mit. Nur die Linkspartei war stets und konsequent dagegen, die AfD stimmt seit ihrer Pr\u00e4senz im Bundestag gleichfalls mit Nein\u2026<\/p>\n<p>Neben den Angeh\u00f6rigen der 54 Gefallenen hat die Bundeswehr heute mehrere tausend Verwundete zu versorgen, die meisten von ihnen seelisch verkr\u00fcppelt: Das Kapitel \u201eAfghanistankrieg-Posttraumatische Belastungsst\u00f6rung\u201c ist noch lange nicht abgeschlossen.<\/p>\n<p>17 Milliarden Euro hat die Gro\u00dfmannssucht der Regierenden den deutschen Steuerzahler bisher gekostet. (6) Ein Ende der Fahnenstange ist nicht in Sicht.<\/p>\n<p>Gemeldet wurde n\u00e4mlich, dass die Bundesregierung, vertreten durch ihre Ausfallerscheinung Heiko Maas, trotz des \u201eFriedensabkommens\u201c f\u00fcr eine weitere Verl\u00e4ngerung des Afghanistan-Bundeswehrmandats pl\u00e4diert. (7) Maas konnte sich auf einen aktuellen Kabinettsbeschluss berufen. (8)<\/p>\n<p>Was die Tagesschau wiederum ignorierte: Das \u201eFriedensabkommen\u201c der USA mit den Taliban ist offensichtlich f\u00fcrs Scheitern konditioniert. Formal bereits damit, dass es sofortige Verhandlungen der Taliban mit der afghanischen Regierung in Kabul verlangt. Zur Zeit aber ist nicht einmal klar, wer das ist, denn es gibt ihrer zwei. (9) Eine, n\u00e4mlich die des \u201evon den USA anerkannten\u201c Pr\u00e4sidenten Ghani, hat sogleich eine Vorbedingung des Abkommens abgelehnt: 5000 gefangene Taliban freizulassen. (10) Die Taliban andererseits haben sich bisher geweigert, \u00fcberhaupt und mit wem auch immer der in Kabul Regierenden zu verhandeln. An die verabredete Waffenruhe halten sich beide Vertragsschlie\u00dfenden ohnehin nicht strikt: Die Taliban f\u00fchren weiter Angriffe aus, die USA bomben munter zur\u00fcck. (11)<\/p>\n<p>Die USA haben trotzdem mit einem Teilabzug ihrer Truppen aus Afghanistan begonnen. (12) Pr\u00e4sident Trump muss sich im November zur Wiederwahl stellen. Sein einst gegebenes Wahlkampfversprechen, die Soldaten aus dem Ausland nachhause zu holen, will er zumindest dem Anschein nach erf\u00fcllen. Dass es sich bei dem \u201eFriedensabkommen\u201c um ein rein inneramerikanisches Wahlkampfman\u00f6ver, um blanke Kulissenschieberei handeln k\u00f6nnte, darauf macht die Tagesschau nicht aufmerksam.<\/p>\n<p>Einen Volljuristen vom Schlage des Heiko Maas gemahnt das alles nicht zur Vorsicht. Er gibt, mit tiefem B\u00fcckling Richtung Washington, den schmeichlerischen Claqueur f\u00fcr den angeblichen Erfolg von 18 Jahren Krieg: Wichtig sei nun, dass in den kommenden Verhandlungen<\/p>\n<blockquote><p><em>\u201eauf dem aufgebaut wird, was Afghanistan in den vergangenen Jahren im Bereich der Menschenrechte und der Rechtsstaatlichkeit erreicht hat\u201c.<\/em> (13)<\/p><\/blockquote>\n<p>Erbarmen. Maas auf einem Gipfel der Realit\u00e4tsverweigerung. Sogar ein ARD-aktuell- Kommentator zeigte da mehr Durchblick. (14)<\/p>\n<p>Hinsichtlich der Menschenrechte und der Rechtsstaatlichkeit ist nun mal in Afghanistan gar nichts erreicht. Im L\u00e4ndervergleich der Korruption rangiert Afghanistan auf Platz 171 und geh\u00f6rt damit zu den zehn \u00fcbelst beleumundeten Staaten. (15) Hinsichtlich seiner Menschenrechtsverletzungen \u2013 wen wundert das angesichts der 2,6 Millionen Fl\u00fcchtlinge \u2013 ist Afghanistan dagegen in einer Spitzenposition. (16)<\/p>\n<p>Was wird nach dem \u201eFriedensabkommen\u201c in Afghanistan \u2013 falls es denn realisiert wird? Die Pseudo-Demokratie wird einer reaktion\u00e4ren Taliban-Herrschaft weichen. Darauf wies die Tagesschau nicht nachdr\u00fccklich hin. Es w\u00e4re zudem g\u00e4nzlich gegen ihre transatlantische Linie gewesen, auch dar\u00fcber zu informieren, dass die Exzesse des einstigen Taliban-Regimes (1996-2001) von den sp\u00e4teren Kriegsverbrechen der US-Besatzer und des Wertewestens weit \u00fcbertroffen werden.<\/p>\n<p>Kleiner Blick zur\u00fcck: Ende der 90er Jahre hatte sich das Taliban-Regime bei der US-Regierung unbeliebt gemacht, weil es das Projekt einer \u201eTurkmenistan-Afghanistan-Pakistan-Pipeline\u201c (TAP) des US-\u00d6lkonzerns Unocal\/Chevron platzen lie\u00df. (17) Cheflobbyist des Konzerns war immerhin der vormalige US-Au\u00dfenminister Henry Kissinger.<\/p>\n<p>Monate vor dem Anschlag auf die Zwillingst\u00fcrme in New York lie\u00df US-Pr\u00e4sident George W. Bush deshalb im Sommer 2001 \u00fcber diplomatische Kan\u00e4le verbreiten, er sei zur Liquidierung der Taliban-Regierung entschlossen. (18) V\u00f6lkerrecht und Menschenrecht galten dem kriminellen Herrn im Wei\u00dfen Haus in Washington schon damals nichts.<\/p>\n<p>Mit dem Attentat am 11. September 2001 hatte Bush endlich einen vorgeblichen Grund f\u00fcr seinen l\u00e4ngst geplanten \u201eKrieg gegen den Terror\u201c, genauer: f\u00fcr seine Absicht, im Dienst des milit\u00e4risch-industriellen Komplexes einen totalen, von keinerlei Rechtsnorm mehr eingeschr\u00e4nkten Krieg gegen jede Form von Widerstand gegen das US-Imperium zu entfesseln. In den 20 Jahren vor der Jahrtausendwende waren j\u00e4hrlich und weltweit kaum 1000 Terrortote zu beklagen gewesen. Bushs <em>war on terror<\/em> sprengte die Statistik: Im Jahr 2014 fielen mehr als 45 000 (!) Menschen dem Terrorismus zum Opfer. (19)<\/p>\n<p>Der Wertewesten setzte seinen Staatsterrorismus dagegen. Jedwede Hemmschwelle vor organisiertem Massenmord war beseitigt. Die USA und ihre \u201eKoalition der Willigen\u201c gingen in Afghanistan mit \u00e4u\u00dferster Brutalit\u00e4t vor. Hunderte D\u00f6rfer wurden gepl\u00fcndert, gefangene Taliban wurden gelegentlich wie Vieh in Container gepfercht und einem qualvollen Erstickungstod preisgegeben. Massaker mit 2000 bis 3000 Toten wurden Markenzeichen der westlichen Invasoren. (20)<\/p>\n<p>CIA und NATO-Chargen erpressten wahllos \u201eGest\u00e4ndnisse\u201c, folterten ungez\u00e4hlte Verd\u00e4chtige auf grauenhafte Weise und in vielen F\u00e4llen bis zum Tode. Waterboarding und Isolationshaft wurden Standard. Gefangene wurden auch mit Kampfhunden terrorisiert und sexuell erniedrigt. Ohne Gerichtsverfahren darbten sie perspektivlos in Geheimgef\u00e4ngnissen wie Diego Garcia oder Guantanamo, der Schutz der Genfer Konventionen wurde ihnen ausdr\u00fccklich versagt. (21, 22)<\/p>\n<p>Auch jede zeitliche Begrenzung f\u00fcr das gigantische Verbrechen war aufgehoben. US-Verteidigungsminister Donald Rumsfeld hatte, noch ehe er das Bombardement auf Afghanistan am 7. Oktober 2001 er\u00f6ffnen lie\u00df, ganz ungeniert erkl\u00e4rt:<\/p>\n<blockquote><p><em>\u201eVergessen Sie die Ausstiegsstrategien, wir sprechen hier von einem dauerhaften Waffengang ohne Befristung\u201c. <\/em>(23)<\/p><\/blockquote>\n<p>Fraglos h\u00e4tte eine humanit\u00e4re, finanzielle und politische Bilanz dieses Krieges in die Tagesschau-Berichterstattung \u00fcber das \u201eFriedensabkommen\u201c geh\u00f6rt, ebenso der Versuch eines Ausblicks. Mit Antworten auf Fragen wie diese:<\/p>\n<p>Wieviele Tote sind bisher zu beklagen? Wieviele Verst\u00fcmmelte? Welche materiellen und kulturellen Werte wurden vernichtet? Wieviele Bomben abgeworfen? Wieviele Tonnen Uranmunition verschossen? Welche Kosten dieses Krieges sind bekannt? Was hatte Afghanistan mit dem Anschlag vom 11. September 2001 zu tun \u2013 dessen angeblicher Drahtzieher Osama bin Laden war doch ein Saudi-Araber, kein Taliban, und seine (letzte) Zuflucht war Pakistan? Warum stehen keine US-Amerikaner als Kriegsverbrecher vor dem Internationalen Strafgerichtshof in Den Haag? An welchen m\u00f6rderischen Aktionen war das deutsche \u201eKommando Spezialkr\u00e4fte\u201c, KSK, beteiligt? Warum darf kein Abgeordneter des Bundestages davon \u00fcberhaupt etwas erfahren \u2013 wir haben doch angeblich eine \u201eParlamentsarmee?\u201c (24)<\/p>\n<p>Auf keine dieser Fragen bot die Tagesschau befriedigende Antworten. Zugegeben, das w\u00e4re in einer einzelnen Nachrichtensendung auch kaum zu schaffen. Wozu aber pflegt die Hauptabteilung ARD-aktuell unterschiedliche Ausgabe-Formate, \u201eNachrichten im Viertelstundentakt\u201c und ein Internet-Portal mit reichlich Platz? Wenigstens einige Ausk\u00fcnfte h\u00e4tte sie geben k\u00f6nnen. Die entsprechenden Daten sind mit wenig Rechercheaufwand zu ermitteln. Beispiele:<\/p>\n<p>Der \u201eKrieg gegen den Terror\u201c hat von 2001 bis Ende vorigen Jahres in 80 damit \u00fcberzogenen L\u00e4ndern 801 000 Tote gefordert und 21 Millionen Menschen zu Fl\u00fcchtlingen gemacht. Die USA haben daf\u00fcr 6,5 Billionen Dollar ausgegeben. (25)<\/p>\n<p>Speziell Afghanistan: 157 000 Tote. Aufgeschl\u00fcsselt: 65 000 tote Polizisten und Angeh\u00f6rige der Sicherheitsorgane; 48 000 tote Zivilisten; 44 000 tote Taliban. (26) Auf Seiten der Besatzer starben \u201enur\u201c rund 4000 Milit\u00e4rs, unter ihnen die genannten 54 Soldaten der Bundeswehr. Kriegskosten der USA: 2 Billionen US-Dollar (Anm. 25) und Deutschlands: die schon genannten 17 Milliarden Euro.<\/p>\n<p>Im vorigen Jahr hat US-Pr\u00e4sident Trump seine Gener\u00e4le 7.423 Bomben auf Ziele in in Afghanistan werfen lassen, mehr als je zuvor im vergangenen Jahrzehnt. (27, 28) Im April 2017 hatte Trump schon einmal alles bisher Dagewesene \u00fcberboten: Er lie\u00df \u00fcber der ostafghanischen Provinz Nangarhar die gr\u00f6\u00dfte nicht-nukleare Bombe abwerfen, die sogenannte \u201eMutter aller Bomben\u201c (<em>Massive Ordnance Air Blast<\/em>, MOAB). Ein Kriegsverbrechen, nat\u00fcrlich nannte die Tagesschau es nicht beim Namen. (29) Angeblich wurden 96 \u201eIS-Terroristen\u201c get\u00f6tet, \u00fcber weitere Opfer wurde nichts gesagt. (30) Wieviele Menschen tats\u00e4chlich sterben mussten, wei\u00df man bis heute nicht. (31)<\/p>\n<p>Bez\u00fcglich fehlender Durchsetzbarkeit der Menschenrechte in Afghanistan \u2013 wir erinnern uns, dass Au\u00dfenminister Maas von \u201eviel Erreichtem\u201c schwadronierte \u2013 h\u00e4tte die Tagesschau berichten m\u00fcssen, dass die Partei der \u201eGuten\u201c, der sog. \u201eregierungstreuen\u201c Kr\u00e4fte, inzwischen mehr Morde begeht als die Taliban. In den ersten neun Monaten 2019 brachte sie rund 1.149 Zivilpersonen um und verletzte weitere 1.199. (32)<\/p>\n<p>Aussagen \u00fcber au\u00dfergerichtliche Hinrichtungen, vollstreckt von Todesschwadronen des afghanischen Inlandsgeheimdienstes NDS (<em>National Directorate of Security<\/em>) sowie den von der CIA ausgebildeten Milizen liegen zwar vor, blieben bisher aber aus naheliegenden Gr\u00fcnden ungepr\u00fcft. (ebd.) In der Tagesschau zu erw\u00e4hnen w\u00e4ren sie trotzdem gewesen, das h\u00e4tte den Blick der deutschen \u00d6ffentlichkeit auf die Sicherheitslage im Abschiebeland Afghanistan gesch\u00e4rft.<\/p>\n<p>Zu den Fortschritten im Demokratisierungsprozess in Afghanistan hatte der Lautsprecher an der Spitze des Berliner Au\u00dfenamts zwar ebenfalls Vollt\u00f6nendes vorgebracht, aber das war dito nicht von Faktenwissen getr\u00fcbt: Mit einer Wahlbeteiligung von knapp \u00fcber 15 Prozent (33) haben die Afghanen hinreichend belegt, dass ihnen die demokratischen \u201eErrungenschaften\u201c der Westlichen Wertegemeinschaft f\u00fcrs \u00dcberleben unter Taliban-Pr\u00e4senz nicht eben dienlich sind.<\/p>\n<p>Rechtstaatlichkeit und \u201eweitgehende Rechte f\u00fcr Frauen\u201c? Gewalt gegen Frauen ist auch bei den \u201eguten\u201c Afghanen allt\u00e4glich und bleibt meistens straflos. Die vom Westen gest\u00fctzte Regierung hat in keiner der 34 Provinzen eigene Strafverfolgungsbeh\u00f6rden und Gerichte zur Bek\u00e4mpfung der Gewalt gegen Frauen eingesetzt. Trotz Quotenregelungen in der Politik: Unter den 18 Kandidaten f\u00fcr die Pr\u00e4sidentschaftswahl im September war keine einzige Frau. (Anm. 30)<\/p>\n<p>Zur Abrundung noch ein Blick auf den Stand der Pressefreiheit: Selbst die stramm transatlantisch genormten und vom US-Au\u00dfenministerium (bzw. von dessen Ausgr\u00fcndung\u00a0<em>National Endowment of Democrcy,<\/em> NED) geschmierten \u201eReporter ohne Grenzen\u201c haben Afghanistan ins untere Drittel ihrer L\u00e4nderliste geschoben, auf den 121. Rang. (34) Kritische Journalisten riskieren in Afghanistan Leib und Leben.<\/p>\n<blockquote><p><em>\u201eDutzende Journalist_innen wurden von Sicherheitskr\u00e4ften oder Mitgliedern bewaffneter Gruppen angegriffen. Im Laufe des Jahres wurden zehn Journalist_innen von Unbekannten erschossen, andere wurden von bewaffneten Gruppen entf\u00fchrt\u201c.<\/em> (ebd.)<\/p><\/blockquote>\n<p>Wenden wir uns den Erfolgsaussichten des \u201eFriedensabkommens\u201c zu. Trotz mehr als 60 Beitr\u00e4gen zwischen dem 29. Februar und dem 10. M\u00e4rz (35) hat die Tagesschau nichts \u00fcber einige sehr konkrete Vertragshindernisse ver\u00f6ffentlicht. Beispiel: Das Abkommen verlangt von den USA, im UN-Sicherheitsrat durchzusetzen, dass die Taliban bis 29. Mai von der Liste der ge\u00e4chteten Terrororganisationen gestrichen werden. (36)<\/p>\n<p>Die Taliban haben ersichtlich kein gro\u00dfes Interesse an diesem Abkommen. Sie sind sich ihres Sieges \u00fcber die USA l\u00e4ngst gewiss:<\/p>\n<blockquote><p><em>\u201eAm Vorabend der Unterzeichnung haben sie erkl\u00e4rt, dass sie bereits gewonnen haben. Heute ist der Tag des Sieges\u201c<\/em> (ebd., 37)<\/p><\/blockquote>\n<p>erkl\u00e4rte ihr Unterh\u00e4ndler Sher Mohammad Abbas Stanekzai im Beisein des US-Au\u00dfenministers Pompeo in Doha. Der grinste dazu nur. Haben auch die USA gar nicht die Absicht, dieses Abkommen auf Punkt und Komma zu erf\u00fcllen?<\/p>\n<p>Selbst der transatlantisch genormten Tagesschau-Redaktion schwant diesbez\u00fcglich nichts Gutes. Unter dem Titel \u201eErste H\u00fcrde f\u00fcr afghanische Friedensgespr\u00e4che\u201c zitierte sie am Schluss US-Pr\u00e4sident Trump:<\/p>\n<blockquote><p><em>\u201eDie Taliban werden k\u00fcnftig Terroristen bek\u00e4mpfen, sie werden sehr b\u00f6se Leute t\u00f6ten. Und wenn das nicht l\u00e4uft, dann kommen wir zur\u00fcck, sehr schnell und mit einer Schlagkraft, die noch niemand je gesehen hat.\u201c<\/em> (38)<\/p><\/blockquote>\n<p>Vielleicht brauchen die GIs ja gar nicht zur\u00fcckkommen, weil sie \u00fcberhaupt nicht komplett abgezogen sind. An seine Ank\u00fcndigung, die US-Truppen vollst\u00e4ndig aus Syrien herauszuholen, hielt sich Trump bekanntlich auch nicht. Daf\u00fcr, dass der gro\u00dfartig verk\u00fcndete Truppenabzug aus Afghanistan ebenfalls nicht absolut ernst gemeint ist, spricht eine ganze Menge.<\/p>\n<ul>\n<li>Afghanistan bildet den s\u00fcdwestlichen Schlussstein bei der US-Einkreisung der russischen F\u00f6deration und der Volksrepublik China. Diese Beiden sind f\u00fcr die USA \u201eder Hauptfeind\u201c, und nicht der Terrorismus. (39)<\/li>\n<li>Afghanistan ist das wichtigste Aufmarschgebiet f\u00fcr die USA im Falle ihres Angriffs auf den Iran.<\/li>\n<li>Afghanistan geh\u00f6rt zu den f\u00fcnf \u201e-stan\u201c-L\u00e4ndern, die nach US-Pl\u00e4nen zum Elektrizit\u00e4tsverbund \u201eCASA 1000\u201c und zum \u201eLapislazuli-Handelskorridor\u201c zusammengef\u00fchrt werden sollen (40), gedacht als regionaler Konter gegen Beijings Projekt \u201eNeue Seidenstra\u00dfe\u201c: Turkmenistan, Usbekistan, Tadschikistan, Kirgistan, Afghanistan.<\/li>\n<li>Ein Objekt kapitalistischer Begierde: Afghanistans reiche Erzlagerst\u00e4tten (Gold, Kupfer, Lithium, Kobalt, Seltene Erden) sind nach US-Sch\u00e4tzungen 1 Billion Dollar wert (41)<\/li>\n<li>In Afghanistan werden rund 90 Prozent des weltweiten Opiums produziert. (42) Das afghanische Opium liefert j\u00e4hrlich mehr als 80 Tonnen reines Heroin. (43) Dessen weltweiten Vertrieb kontrolliert die CIA. (44, 45)<\/li>\n<\/ul>\n<p>Mehr als 35 Tonnen dieser Droge werden laut \u00fcbereinstimmenden Angaben der UN und der russischen Drogenpolizei nach Russland geschmuggelt; ein erheblicher Teil davon wandert weiter in die urbanen Zentren Chinas. Das Heroin f\u00f6rdert wo auch immer die Zerst\u00f6rung der Gesellschaft, wirkt in die Arbeitswelt ein, belastet die soziale Infrastruktur und steigert die Kriminalit\u00e4tsraten. Allein nach Russland gelangt fast dreimal so viel Heroin wie in die USA, nach Kanada und Westeuropa zusammen. Die CIA f\u00fchrt hier den Dritten Opiumkrieg. (46) Nichts von alledem in den vielen Tagesschau-Berichten \u00fcber das \u201eFriedensabkommen\u201c.<\/p>\n<p>Darf man das Nachrichtenangebot der Tagesschau \u00fcber geopolitische Konflikte noch als \u201esimulierten Journalismus\u201c (47) durchgehen lassen \u2013 oder hat es schon weniger intellektuellen Anspruch als banale Bahnsteigdurchsagen?<\/p>\n<p>&nbsp;<\/p>\n<p><strong>Quellen und Anmerkungen:<\/strong><\/p>\n<p>*) \u201eNichts ist gut in Afghanistan\u201c lautete der bis heute g\u00fcltige Hauptsatz der damaligen Bisch\u00f6fin und EKD-Ratsvorsitzenden Margot K\u00e4\u00dfmann, einer entschiedenen Kriegsgegnerin (Neujahrspredigt am 1. Januar 2010 in der Dresdner Frauenkirche). <a href=\"https:\/\/www.ekd.de\/100101_kaessmann_neujahrspredigt.htm\">https:\/\/www.ekd.de\/100101_kaessmann_neujahrspredigt.htm<\/a><\/p>\n<p>(1) <a href=\"https:\/\/www.auswaertiges-amt.de\/de\/aussenpolitik\/regionaleschwerpunkte\/afghanistanzentralasien\/afghanistan-frieden\/2312538\">https:\/\/www.auswaertiges-amt.de\/de\/aussenpolitik\/regionaleschwerpunkte\/afghanistanzentralasien\/afghanistan-frieden\/2312538<\/a><\/p>\n<p>(2) <a href=\"https:\/\/de.statista.com\/statistik\/daten\/studie\/153902\/umfrage\/in-afghanistan-gefallene-bundeswehrsoldaten\/\">https:\/\/de.statista.com\/statistik\/daten\/studie\/153902\/umfrage\/in-afghanistan-gefallene-bundeswehrsoldaten\/<\/a><\/p>\n<p>(3) <a href=\"https:\/\/www.piqd.de\/medien-gesellschaft\/dem-offentlich-rechtlichen-politikjournalismus-hilft-nur-ein-hartestes-weiterbildungsprogramm\">https:\/\/www.piqd.de\/medien-gesellschaft\/dem-offentlich-rechtlichen-politikjournalismus-hilft-nur-ein-hartestes-weiterbildungsprogramm<\/a><\/p>\n<p>(4) <a href=\"https:\/\/www.tagesschau.de\/multimedia\/sendung\/ts-35895.html\">https:\/\/www.tagesschau.de\/multimedia\/sendung\/ts-35895.html<\/a><\/p>\n<p>(5) <a href=\"http:\/\/www.ag-friedensforschung.de\/regionen\/Afghanistan\/schirmer.html\">http:\/\/www.ag-friedensforschung.de\/regionen\/Afghanistan\/schirmer.html<\/a><\/p>\n<p>(6) <a href=\"https:\/\/www.haz.de\/Nachrichten\/Politik\/Deutschland-Welt\/So-viel-hat-das-deutsche-Afghanistan-Engagement-bislang-gekostet\">https:\/\/www.haz.de\/Nachrichten\/Politik\/Deutschland-Welt\/So-viel-hat-das-deutsche-Afghanistan-Engagement-bislang-gekostet<\/a><\/p>\n<p>(7) <a href=\"https:\/\/www.zdf.de\/nachrichten\/heute\/bundeswehr-soll-bleiben-maas-wirbt-fuer-afghanistan-mandat-100.html\">https:\/\/www.zdf.de\/nachrichten\/heute\/bundeswehr-soll-bleiben-maas-wirbt-fuer-afghanistan-mandat-100.html<\/a><\/p>\n<p>(8) <a href=\"https:\/\/augengeradeaus.net\/2020\/02\/bundeswehr-einsatz-in-afghanistan-soll-vorerst-unveraendert-bleiben\/\">https:\/\/augengeradeaus.net\/2020\/02\/bundeswehr-einsatz-in-afghanistan-soll-vorerst-unveraendert-bleiben\/<\/a><\/p>\n<p>(9) <a href=\"https:\/\/www.tagesschau.de\/multimedia\/sendung\/ts-36043.html\">https:\/\/www.tagesschau.de\/multimedia\/sendung\/ts-36043.html<\/a><\/p>\n<p>(10) <a href=\"https:\/\/www.sueddeutsche.de\/politik\/afghanistan-taliban-widersprechen-ghani-1.4827966\">https:\/\/www.sueddeutsche.de\/politik\/afghanistan-taliban-widersprechen-ghani-1.4827966<\/a><\/p>\n<p>(11) <a href=\"https:\/\/www.tagesschau.de\/multimedia\/sendung\/ts-35959.html\">https:\/\/www.tagesschau.de\/multimedia\/sendung\/ts-35959.html<\/a><\/p>\n<p>(12) <a href=\"https:\/\/www.tagesschau.de\/ausland\/afghanistan-truppenabzug-103.html\">https:\/\/www.tagesschau.de\/ausland\/afghanistan-truppenabzug-103.html<\/a><\/p>\n<p>(13) <a href=\"https:\/\/www.tagesschau.de\/ausland\/usa-taliban-abkommen-101.html\">https:\/\/www.tagesschau.de\/ausland\/usa-taliban-abkommen-101.html<\/a><\/p>\n<p>(14) <a href=\"https:\/\/www.tagesschau.de\/kommentar\/afghanistan-abkommen-usa-taliban-101.html\">https:\/\/www.tagesschau.de\/kommentar\/afghanistan-abkommen-usa-taliban-101.html<\/a><\/p>\n<p>(15) <a href=\"https:\/\/www.laenderdaten.info\/korruption.php\">https:\/\/www.laenderdaten.info\/korruption.php<\/a><\/p>\n<p>(16) <a href=\"https:\/\/www.amnesty.de\/informieren\/artikel\/afghanistan-amnesty-report-201718-zahlen-und-fakten-zu-ausgewaehlten-laendern\">https:\/\/www.amnesty.de\/informieren\/artikel\/afghanistan-amnesty-report-201718-zahlen-und-fakten-zu-ausgewaehlten-laendern<\/a><\/p>\n<p>(17) <a href=\"https:\/\/de.wikipedia.org\/wiki\/Turkmenistan-Afghanistan-Pakistan-Pipeline\">https:\/\/de.wikipedia.org\/wiki\/Turkmenistan-Afghanistan-Pakistan-Pipeline<\/a><\/p>\n<p>(18) <a href=\"https:\/\/www.theguardian.com\/world\/2001\/sep\/22\/afghanistan.september113\">https:\/\/www.theguardian.com\/world\/2001\/sep\/22\/afghanistan.september113<\/a><\/p>\n<p>(19) <a href=\"https:\/\/www.start.umd.edu\/pubs\/START_GTD_Terrorismin2018Overview_FactSheet_Oct2019.pdf\">https:\/\/www.start.umd.edu\/pubs\/START_GTD_Terrorismin2018Overview_FactSheet_Oct2019.pdf<\/a><\/p>\n<p>(20) <a href=\"https:\/\/en.wikipedia.org\/wiki\/Dasht-i-Leili_massacre\">https:\/\/en.wikipedia.org\/wiki\/Dasht-i-Leili_massacre<\/a><\/p>\n<p>(21) <a href=\"https:\/\/de.wikipedia.org\/wiki\/Abu-Ghuraib-Folterskandal\">https:\/\/de.wikipedia.org\/wiki\/Abu-Ghuraib-Folterskandal<\/a><\/p>\n<p>(22) <a href=\"https:\/\/www.spiegel.de\/politik\/ausland\/afghanistans-foltergefaengnisse-die-hoelle-in-abteilung-90-a-791187.html\">https:\/\/www.spiegel.de\/politik\/ausland\/afghanistans-foltergefaengnisse-die-hoelle-in-abteilung-90-a-791187.html<\/a><\/p>\n<p>(23) Armin Wertz, \u201eDie Weltbeherrscher\u201c (Seite246).Westend Verlag, Frankfurt, 2015. ISBN-13-9783864891694. <a href=\"https:\/\/www.buchhandel.de\/buch\/Die-Weltbeherrscher-9783864891694\">https:\/\/www.buchhandel.de\/buch\/Die-Weltbeherrscher-9783864891694<\/a><\/p>\n<p>(24) <a href=\"https:\/\/de.wikipedia.org\/wiki\/Parlamentsarmee\">https:\/\/de.wikipedia.org\/wiki\/Parlamentsarmee<\/a><\/p>\n<p>(25) <a href=\"https:\/\/www.watson.de\/international\/usa\/411783675-afghanistan-afghanistan-papers-enthuellen-die-wahrheit-ueber-den-krieg\">https:\/\/www.watson.de\/international\/usa\/411783675-afghanistan-afghanistan-papers-enthuellen-die-wahrheit-ueber-den-krieg<\/a><\/p>\n<p>(26) <a href=\"https:\/\/watson.brown.edu\/costsofwar\/figures\/2019\/us-war-spending-afghanistan-2001\">https:\/\/watson.brown.edu\/costsofwar\/figures\/2019\/us-war-spending-afghanistan-2001<\/a><\/p>\n<p>(27) <a href=\"https:\/\/www.jungewelt.de\/artikel\/371498.zahl-der-us-luftangriffe-in-afghanistan-gestiegen.html\">https:\/\/www.jungewelt.de\/artikel\/371498.zahl-der-us-luftangriffe-in-afghanistan-gestiegen.html<\/a><\/p>\n<p>(28) <a href=\"https:\/\/www.thebureauinvestigates.com\/projects\/drone-war\/charts?show_casualties=1&amp;show_injuries=1&amp;show_strikes=1&amp;location=afghanistan&amp;from=2015-1-1&amp;to=now\">https:\/\/www.thebureauinvestigates.com\/projects\/drone-war\/charts?show_casualties=1&amp;show_injuries=1&amp;show_strikes=1&amp;location=afghanistan&amp;from=2015-1-1&amp;to=now<\/a><\/p>\n<p>(29) <a href=\"https:\/\/www.tagesschau.de\/multimedia\/video\/video-279349.html\">https:\/\/www.tagesschau.de\/multimedia\/video\/video-279349.html<\/a><\/p>\n<p>(30) <a href=\"https:\/\/en.wikipedia.org\/wiki\/2017_Nangarhar_airstrike\">https:\/\/en.wikipedia.org\/wiki\/2017_Nangarhar_airstrike<\/a><\/p>\n<p>(31) <a href=\"https:\/\/www.piqd.de\/flucht-und-einwanderung\/in-afghanistan-werden-die-auswirkungen-der-mutter-aller-bomben-erst-jetzt-deutlich\">https:\/\/www.piqd.de\/flucht-und-einwanderung\/in-afghanistan-werden-die-auswirkungen-der-mutter-aller-bomben-erst-jetzt-deutlich<\/a><\/p>\n<p>(32) <a href=\"https:\/\/www.amnesty.de\/jahresbericht\/2019\/afghanistan\">https:\/\/www.amnesty.de\/jahresbericht\/2019\/afghanistan<\/a><\/p>\n<p>(33) <a href=\"https:\/\/www.merkur.de\/politik\/aschraf-ghani-gewinnt-praesidentenwahl-in-afghanistan-zr-13546234.html\">https:\/\/www.merkur.de\/politik\/aschraf-ghani-gewinnt-praesidentenwahl-in-afghanistan-zr-13546234.html<\/a><\/p>\n<p>(34) <a href=\"https:\/\/de.wikipedia.org\/wiki\/Rangliste_der_Pressefreiheit\">https:\/\/de.wikipedia.org\/wiki\/Rangliste_der_Pressefreiheit<\/a><\/p>\n<p>(35) <a href=\"https:\/\/www.tagesschau.de\/suche2.html?page_number=8&amp;query=Afghanistan&amp;sort_by=date&amp;dnav_type=\">https:\/\/www.tagesschau.de\/suche2.html?page_number=8&amp;query=Afghanistan&amp;sort_by=date&amp;dnav_type=<\/a><\/p>\n<p>(36) <a href=\"https:\/\/southfront.org\/u-s-capitulated-in-afghanistan-what-now\/\">https:\/\/southfront.org\/u-s-capitulated-in-afghanistan-what-now\/<\/a><\/p>\n<p>(37) <a href=\"https:\/\/www.youtube.com\/watch?v=kVUbRNV545E\">https:\/\/www.youtube.com\/watch?v=kVUbRNV545E.<\/a><\/p>\n<p>(38) <a href=\"https:\/\/www.tagesschau.de\/ausland\/usa-taliban-ghani-101.html\">https:\/\/www.tagesschau.de\/ausland\/usa-taliban-ghani-101.html<\/a><\/p>\n<p>(39) <a href=\"https:\/\/www.bbc.com\/news\/world-us-canada-42752298\">https:\/\/www.bbc.com\/news\/world-us-canada-42752298<\/a><\/p>\n<p>(40) <a href=\"https:\/\/asiatimes.com\/2020\/02\/the-afghanistan-peace-deal-riddle\/\">https:\/\/asiatimes.com\/2020\/02\/the-afghanistan-peace-deal-riddle\/<\/a><\/p>\n<p>(41) <a href=\"https:\/\/www.spiegel.de\/politik\/ausland\/multimilliarden-schatz-usa-finden-riesige-rohstofflager-in-afghanistan-a-700503.html\">https:\/\/www.spiegel.de\/politik\/ausland\/multimilliarden-schatz-usa-finden-riesige-rohstofflager-in-afghanistan-a-700503.html<\/a><\/p>\n<p>(42) <a href=\"https:\/\/www.rollingstone.de\/drogenstaat-afghanistan-wie-heroin-ein-land-regiert-698857\/3\/\">https:\/\/www.rollingstone.de\/drogenstaat-afghanistan-wie-heroin-ein-land-regiert-698857\/3\/<\/a><\/p>\n<p>(43) <a href=\"https:\/\/de.statista.com\/statistik\/daten\/studie\/199722\/umfrage\/opiumproduktion-weltweit-seit-2002\/\">https:\/\/de.statista.com\/statistik\/daten\/studie\/199722\/umfrage\/opiumproduktion-weltweit-seit-2002\/<\/a><\/p>\n<p>(44) <a href=\"https:\/\/ef-magazin.de\/2017\/06\/27\/11236-hintergruende-us-amerikanischer-politik-wie-die-cia-eine-drogenschmuggel-fluglinie-fuer-heroin-betrieb\">https:\/\/ef-magazin.de\/2017\/06\/27\/11236-hintergruende-us-amerikanischer-politik-wie-die-cia-eine-drogenschmuggel-fluglinie-fuer-heroin-betrieb<\/a><\/p>\n<p>(45) <a href=\"https:\/\/de.wikipedia.org\/wiki\/Air_America\">https:\/\/de.wikipedia.org\/wiki\/Air_America<\/a><\/p>\n<p>(46) Ausnahmsweise ein Selbstzitat: <a href=\"http:\/\/www.ossietzky.net\/8-2010&amp;textfile=980\">http:\/\/www.ossietzky.net\/8-2010&amp;textfile=980<\/a><\/p>\n<p>(47) Paul Schreyers trefflicher Titel zu seiner Kritik der Tagesschau-Berichterstattung \u00fcber den Fall Assange, <a href=\"https:\/\/multipolar-magazin.de\/artikel\/simulierter-journalismus\">https:\/\/multipolar-magazin.de\/artikel\/simulierter-journalismus<\/a><\/p>\n<p style=\"text-align: right;\"><em><strong>Das\u00a0Autoren-Team:\u00a0<\/strong><\/em><\/p>\n<p style=\"text-align: right;\"><em>Friedhelm Klinkhammer, Jahrgang\u00a01944, Jurist. 1975 bis 2008 Mitarbeiter des NDR, zeitweise Vorsitzender des NDR-Gesamtpersonalrats und des ver.di-Betriebsverbandes\u00a0sowie Referent einer Funkhausdirektorin.<\/em><\/p>\n<p style=\"text-align: right;\"><em>Volker Br\u00e4utigam, Jahrgang 1941, Redakteur. 1975 bis 1996 Mitarbeiter des NDR, zun\u00e4chst in der Tagesschau, von 1992 an in der Kulturredaktion f\u00fcr N3. Danach Lehrauftrag an der Fu-Jen-Universit\u00e4t\u00a0in Taipeh.<\/em><\/p>\n<p style=\"text-align: right;\"><em>Beide Autoren sind Mitglieder des Beirates des Deutschen Freidenker-Verbandes.<\/em><\/p>\n<p><em><strong>Anmerkung der Autoren:<\/strong><\/em><\/p>\n<p><em>Unsere Beitr\u00e4ge stehen zur freien Verf\u00fcgung, nichtkommerzielle Zwecke der Ver\u00f6ffentlichung vorausgesetzt. Wir schreiben nicht f\u00fcr Honorar, sondern gegen die \u201emediale Massenverbl\u00f6dung\u201c (in memoriam Peter Scholl-Latour). Die Texte werden vom Verein \u201eSt\u00e4ndige Publikumskonferenz \u00f6ffentlich-rechtlicher Medien e.V.\u201c dokumentiert: <a href=\"https:\/\/publikumskonferenz.de\/blog\">https:\/\/publikumskonferenz.de\/blog<\/a><\/em><\/p>\n<p><span style=\"font-size: 10pt;\">Link zur Erstver\u00f6ffentlichung: <a href=\"https:\/\/publikumskonferenz.de\/blog\/2020\/03\/12\/5447\/\" target=\"_blank\" rel=\"noopener noreferrer\">https:\/\/publikumskonferenz.de\/blog\/2020\/03\/12\/5447\/<\/a><\/span><\/p>\n<hr \/>\n<p><span style=\"font-size: 10pt;\">Bildquelle: Bild: \u00a9 MarineCorps NewYork [<a href=\"https:\/\/creativecommons.org\/licenses\/by\/2.0\/\" target=\"_blank\" rel=\"noopener noreferrer\">CC BY 2.0<\/a>] &#8211; <a href=\"https:\/\/www.flickr.com\/photos\/nycmarines\/5900348569\/in\/photolist-9ZoQ4K-r7gcCH-jbvfbj-dwLwYE-ksYc46-7fodmu-oTAA5a-7ZhK5P-9kso3t-gF5kLW-bDq8kZ-3igNze-63CcGt-6R5MTW-pVecca-DApNi-aawuiG-fQgRFW-aawusL-nwo9w3-7H5gNp-3jyZnX-9DMYvH-7PE8oN-7Zgydh-pnLhjs-ecvjXQ-agjX1y-8Fd3nz-ecvgGd-chFHK3-7Tx3yN-DAecA-aDFGw2-6Dqd6b-aqTXW4-cHChXN-BnF58-afc9zg-BnG12-amepJW-DAqtU-BnFFm-DAewL-BnFWU-BnFuL-7YLgj7-aggoPY-ecpJ7c-9M5Z6E\" target=\"_blank\" rel=\"noopener noreferrer\">flickr<\/a><\/span><\/p>\n","protected":false},"excerpt":{"rendered":"<p><b>Beitrag von Friedhelm Klinkhammer und Volker Br\u00e4utigam<\/b><br \/>\nWelch ein Brimborium: Nach 18 Jahren Krieg in Afghanistan haben die USA mit den Taliban am 29. Februar ein \u201eFriedensabkommen\u201c geschlossen. Eine Regierungserkl\u00e4rung der Bundeskanzlerin gab es trotzdem nicht, Merkel war mal wieder abgetaucht. Statt ihrer durfte Au\u00dfenminister Heiko Maas seine Veranlagung zu voreiliger Gro\u00dfsprecherei beweisen: Das Abkommen er\u00f6ffne \u201e\u2026eine lang ersehnte Chance auf einen Friedensprozess in Afghanistan.\u201c Die Tagesschau zitierte das nat\u00fcrlich in ihrer Hauptausgabe.<\/p>\n","protected":false},"author":3,"featured_media":7764,"comment_status":"closed","ping_status":"closed","sticky":false,"template":"","format":"standard","meta":{"colormag_page_container_layout":"default_layout","colormag_page_sidebar_layout":"default_layout","advanced_seo_description":"","jetpack_seo_html_title":"","jetpack_seo_noindex":false,"jetpack_post_was_ever_published":false,"footnotes":""},"categories":[13],"tags":[823,1094,699,1021,56,1126,1258,185],"class_list":["post-7763","post","type-post","status-publish","format-standard","has-post-thumbnail","hentry","category-frieden-antifaschismus-solidaritaet","tag-afghanistan","tag-ard","tag-aussenpolitik","tag-donald-trump","tag-nato","tag-tagesschau","tag-taliban","tag-usa"],"jetpack_featured_media_url":"https:\/\/i0.wp.com\/www.freidenker.org\/fw17\/wp-content\/uploads\/2020\/03\/fahnenuebergabe_800x445.jpg?fit=800%2C445&ssl=1","jetpack_shortlink":"https:\/\/wp.me\/p9stpK-21d","jetpack-related-posts":[{"id":11173,"url":"https:\/\/www.freidenker.org\/?p=11173","url_meta":{"origin":7763,"position":0},"title":"\u201eTrauerspiel Afghanistan\u201c: Zweiter Akt","author":"Webredaktion","date":"5. September 2021","format":false,"excerpt":"Beitrag von\u00a0Friedhelm Klinkhammer\u00a0und\u00a0Volker Br\u00e4utigam Es ist schon beeindruckend, wie es unseren Mainstream-Medien unter F\u00fchrung ihres \u201eFlaggschiffs\u201c Tagesschau gelingt, selbst in Berichten von den aktuellen Panikszenen am Kabuler Flughafen von den Verbrechen der westlichen Besatzer in Afghanistan abzulenken und sie \u201cunsichtbar\u201d zu machen. Bis heute \u2013 und trotz der verdienten Niederlage\u2026","rel":"","context":"In &quot;Demokratie \u2013 Medien \u2013 Aufkl\u00e4rung&quot;","block_context":{"text":"Demokratie \u2013 Medien \u2013 Aufkl\u00e4rung","link":"https:\/\/www.freidenker.org\/?cat=12"},"img":{"alt_text":"","src":"https:\/\/i0.wp.com\/www.freidenker.org\/fw17\/wp-content\/uploads\/2021\/09\/Evacuation_at_Hamid_Karzai_International_Airport_210821-M-AU949-0155_800x450.jpg?fit=800%2C450&ssl=1&resize=350%2C200","width":350,"height":200,"srcset":"https:\/\/i0.wp.com\/www.freidenker.org\/fw17\/wp-content\/uploads\/2021\/09\/Evacuation_at_Hamid_Karzai_International_Airport_210821-M-AU949-0155_800x450.jpg?fit=800%2C450&ssl=1&resize=350%2C200 1x, https:\/\/i0.wp.com\/www.freidenker.org\/fw17\/wp-content\/uploads\/2021\/09\/Evacuation_at_Hamid_Karzai_International_Airport_210821-M-AU949-0155_800x450.jpg?fit=800%2C450&ssl=1&resize=525%2C300 1.5x, https:\/\/i0.wp.com\/www.freidenker.org\/fw17\/wp-content\/uploads\/2021\/09\/Evacuation_at_Hamid_Karzai_International_Airport_210821-M-AU949-0155_800x450.jpg?fit=800%2C450&ssl=1&resize=700%2C400 2x"},"classes":[]},{"id":10085,"url":"https:\/\/www.freidenker.org\/?p=10085","url_meta":{"origin":7763,"position":1},"title":"In Treue fest: NATO-Mitglied Tagesschau","author":"Webredaktion","date":"27. April 2021","format":false,"excerpt":"Beitrag von Friedhelm Klinkhammer und Volker Br\u00e4utigam Die Tagesschau \u00fcbertrug seine L\u00fcge im O-Ton: \u201eUm zu verdeutlichen, worum es wirklich geht, habe ich davon gesprochen, dass unsere Sicherheit auch am Hindukusch verteidigt wird. Deutschland ist sicherer, wenn wir zusammen mit Verb\u00fcndeten und Partnern den internationalen Terrorismus dort bek\u00e4mpfen, wo er\u2026","rel":"","context":"In &quot;Demokratie \u2013 Medien \u2013 Aufkl\u00e4rung&quot;","block_context":{"text":"Demokratie \u2013 Medien \u2013 Aufkl\u00e4rung","link":"https:\/\/www.freidenker.org\/?cat=12"},"img":{"alt_text":"","src":"https:\/\/i0.wp.com\/www.freidenker.org\/fw17\/wp-content\/uploads\/2021\/04\/afghanistan-60650_800x450.jpg?fit=800%2C450&ssl=1&resize=350%2C200","width":350,"height":200,"srcset":"https:\/\/i0.wp.com\/www.freidenker.org\/fw17\/wp-content\/uploads\/2021\/04\/afghanistan-60650_800x450.jpg?fit=800%2C450&ssl=1&resize=350%2C200 1x, https:\/\/i0.wp.com\/www.freidenker.org\/fw17\/wp-content\/uploads\/2021\/04\/afghanistan-60650_800x450.jpg?fit=800%2C450&ssl=1&resize=525%2C300 1.5x, https:\/\/i0.wp.com\/www.freidenker.org\/fw17\/wp-content\/uploads\/2021\/04\/afghanistan-60650_800x450.jpg?fit=800%2C450&ssl=1&resize=700%2C400 2x"},"classes":[]},{"id":11125,"url":"https:\/\/www.freidenker.org\/?p=11125","url_meta":{"origin":7763,"position":2},"title":"Analyse: Die Taliban sind jetzt milit\u00e4risch besser ausger\u00fcstet als viele NATO-L\u00e4nder","author":"Webredaktion","date":"25. August 2021","format":false,"excerpt":"Beitrag von Rainer Rupp Im Unterschied zu den USA und anderen staatlichen NATO-Militaristen, die trotz der vernichtenden Niederlage in Afghanistan ihre imperialistische Politik zur Terrorisierung anderer L\u00e4nder fortf\u00fchren wollen, gibt es vor allem in den letzten Wochen und Monaten \u00fcberzeugende Hinweise, dass die Einordnung der neuen Taliban als Terrororganisation nicht\u2026","rel":"","context":"In &quot;Demokratie \u2013 Medien \u2013 Aufkl\u00e4rung&quot;","block_context":{"text":"Demokratie \u2013 Medien \u2013 Aufkl\u00e4rung","link":"https:\/\/www.freidenker.org\/?cat=12"},"img":{"alt_text":"","src":"https:\/\/i0.wp.com\/www.freidenker.org\/fw17\/wp-content\/uploads\/2021\/08\/Taliban_Humvee_in_Kabul_August_2021_800x450.jpg?fit=800%2C450&ssl=1&resize=350%2C200","width":350,"height":200,"srcset":"https:\/\/i0.wp.com\/www.freidenker.org\/fw17\/wp-content\/uploads\/2021\/08\/Taliban_Humvee_in_Kabul_August_2021_800x450.jpg?fit=800%2C450&ssl=1&resize=350%2C200 1x, https:\/\/i0.wp.com\/www.freidenker.org\/fw17\/wp-content\/uploads\/2021\/08\/Taliban_Humvee_in_Kabul_August_2021_800x450.jpg?fit=800%2C450&ssl=1&resize=525%2C300 1.5x, https:\/\/i0.wp.com\/www.freidenker.org\/fw17\/wp-content\/uploads\/2021\/08\/Taliban_Humvee_in_Kabul_August_2021_800x450.jpg?fit=800%2C450&ssl=1&resize=700%2C400 2x"},"classes":[]},{"id":11393,"url":"https:\/\/www.freidenker.org\/?p=11393","url_meta":{"origin":7763,"position":3},"title":"Der Afghanistankrieg als Teil von Kriegen um die Weltherrschaft","author":"Webredaktion","date":"10. Oktober 2021","format":false,"excerpt":"Beitrag von Peter Klemm Was sind die wirklichen Beweggr\u00fcnde f\u00fcr den Krieg gegen eines der \u00e4rmsten L\u00e4nder der Welt und welches Spiel wird uns im Vordergrund vorgef\u00fchrt? Die Narrative der US-Regierung k\u00f6nnen und d\u00fcrfen nicht unser Kompass sein, um die Welt zu verstehen. Wir m\u00fcssen in die Vergangenheit gehen, um\u2026","rel":"","context":"In &quot;Frieden - Antifaschismus - Solidarit\u00e4t&quot;","block_context":{"text":"Frieden - Antifaschismus - Solidarit\u00e4t","link":"https:\/\/www.freidenker.org\/?cat=13"},"img":{"alt_text":"","src":"https:\/\/i0.wp.com\/www.freidenker.org\/fw17\/wp-content\/uploads\/2021\/10\/map-1030358_800x450.jpg?fit=800%2C450&ssl=1&resize=350%2C200","width":350,"height":200,"srcset":"https:\/\/i0.wp.com\/www.freidenker.org\/fw17\/wp-content\/uploads\/2021\/10\/map-1030358_800x450.jpg?fit=800%2C450&ssl=1&resize=350%2C200 1x, https:\/\/i0.wp.com\/www.freidenker.org\/fw17\/wp-content\/uploads\/2021\/10\/map-1030358_800x450.jpg?fit=800%2C450&ssl=1&resize=525%2C300 1.5x, https:\/\/i0.wp.com\/www.freidenker.org\/fw17\/wp-content\/uploads\/2021\/10\/map-1030358_800x450.jpg?fit=800%2C450&ssl=1&resize=700%2C400 2x"},"classes":[]},{"id":9410,"url":"https:\/\/www.freidenker.org\/?p=9410","url_meta":{"origin":7763,"position":4},"title":"Die sch\u00f6ne Maas-M\u00e4r der Tagesschau","author":"Webredaktion","date":"25. Januar 2021","format":false,"excerpt":"Beitrag von Friedhelm Klinkhammer und Volker Br\u00e4utigam Heiko Maas, der Allesk\u00f6nner: H\u00f6chste Zeit f\u00fcr die l\u00e4ngst verdiente W\u00fcrdigung. Hat er doch gerade erst eine politische Volte der Extraklasse vollbracht: dem vorigen US-Pr\u00e4sidenten bis zu dessen Abgang die Stiefel geleckt und nun gleich dem Neuen von oben herab angeboten, \u201emit den\u2026","rel":"","context":"In &quot;Demokratie \u2013 Medien \u2013 Aufkl\u00e4rung&quot;","block_context":{"text":"Demokratie \u2013 Medien \u2013 Aufkl\u00e4rung","link":"https:\/\/www.freidenker.org\/?cat=12"},"img":{"alt_text":"","src":"https:\/\/i0.wp.com\/www.freidenker.org\/fw17\/wp-content\/uploads\/2021\/01\/Heiko_Maas_dreifach_800x450.jpg?fit=800%2C450&ssl=1&resize=350%2C200","width":350,"height":200,"srcset":"https:\/\/i0.wp.com\/www.freidenker.org\/fw17\/wp-content\/uploads\/2021\/01\/Heiko_Maas_dreifach_800x450.jpg?fit=800%2C450&ssl=1&resize=350%2C200 1x, https:\/\/i0.wp.com\/www.freidenker.org\/fw17\/wp-content\/uploads\/2021\/01\/Heiko_Maas_dreifach_800x450.jpg?fit=800%2C450&ssl=1&resize=525%2C300 1.5x, https:\/\/i0.wp.com\/www.freidenker.org\/fw17\/wp-content\/uploads\/2021\/01\/Heiko_Maas_dreifach_800x450.jpg?fit=800%2C450&ssl=1&resize=700%2C400 2x"},"classes":[]},{"id":9608,"url":"https:\/\/www.freidenker.org\/?p=9608","url_meta":{"origin":7763,"position":5},"title":"Die bornierte Falschheit von Maas und Merkel","author":"Webredaktion","date":"22. Februar 2021","format":false,"excerpt":"Beitrag von Friedhelm Klinkhammer und Volker Br\u00e4utigam F\u00fcr den Hausgebrauch formuliert unser aller Kanzlerin Angela Merkel ihren Kategorischen Imperativ: \u201eRechtsextremismus m\u00fcssen wir in den Anf\u00e4ngen bek\u00e4mpfen, ohne jedes Tabu \u2026 sonst haben wir einen vollkommenen Verlust der Glaubw\u00fcrdigkeit.\u201c Beachtet man allerdings, wie Merkels Regierungssprecher sich ahnungslos und nicht-wissend gegen\u00fcber dem\u2026","rel":"","context":"In &quot;Demokratie \u2013 Medien \u2013 Aufkl\u00e4rung&quot;","block_context":{"text":"Demokratie \u2013 Medien \u2013 Aufkl\u00e4rung","link":"https:\/\/www.freidenker.org\/?cat=12"},"img":{"alt_text":"","src":"https:\/\/i0.wp.com\/www.freidenker.org\/fw17\/wp-content\/uploads\/2021\/02\/maas_merkel_800x450_v2.jpg.jpg?fit=800%2C450&ssl=1&resize=350%2C200","width":350,"height":200,"srcset":"https:\/\/i0.wp.com\/www.freidenker.org\/fw17\/wp-content\/uploads\/2021\/02\/maas_merkel_800x450_v2.jpg.jpg?fit=800%2C450&ssl=1&resize=350%2C200 1x, https:\/\/i0.wp.com\/www.freidenker.org\/fw17\/wp-content\/uploads\/2021\/02\/maas_merkel_800x450_v2.jpg.jpg?fit=800%2C450&ssl=1&resize=525%2C300 1.5x, https:\/\/i0.wp.com\/www.freidenker.org\/fw17\/wp-content\/uploads\/2021\/02\/maas_merkel_800x450_v2.jpg.jpg?fit=800%2C450&ssl=1&resize=700%2C400 2x"},"classes":[]}],"_links":{"self":[{"href":"https:\/\/www.freidenker.org\/index.php?rest_route=\/wp\/v2\/posts\/7763","targetHints":{"allow":["GET"]}}],"collection":[{"href":"https:\/\/www.freidenker.org\/index.php?rest_route=\/wp\/v2\/posts"}],"about":[{"href":"https:\/\/www.freidenker.org\/index.php?rest_route=\/wp\/v2\/types\/post"}],"author":[{"embeddable":true,"href":"https:\/\/www.freidenker.org\/index.php?rest_route=\/wp\/v2\/users\/3"}],"replies":[{"embeddable":true,"href":"https:\/\/www.freidenker.org\/index.php?rest_route=%2Fwp%2Fv2%2Fcomments&post=7763"}],"version-history":[{"count":0,"href":"https:\/\/www.freidenker.org\/index.php?rest_route=\/wp\/v2\/posts\/7763\/revisions"}],"wp:featuredmedia":[{"embeddable":true,"href":"https:\/\/www.freidenker.org\/index.php?rest_route=\/wp\/v2\/media\/7764"}],"wp:attachment":[{"href":"https:\/\/www.freidenker.org\/index.php?rest_route=%2Fwp%2Fv2%2Fmedia&parent=7763"}],"wp:term":[{"taxonomy":"category","embeddable":true,"href":"https:\/\/www.freidenker.org\/index.php?rest_route=%2Fwp%2Fv2%2Fcategories&post=7763"},{"taxonomy":"post_tag","embeddable":true,"href":"https:\/\/www.freidenker.org\/index.php?rest_route=%2Fwp%2Fv2%2Ftags&post=7763"}],"curies":[{"name":"wp","href":"https:\/\/api.w.org\/{rel}","templated":true}]}}