{"id":775,"date":"2013-06-16T15:39:17","date_gmt":"2013-06-16T13:39:17","guid":{"rendered":"http:\/\/www.freidenker.org\/fw17\/?p=775"},"modified":"2018-02-18T23:14:26","modified_gmt":"2018-02-18T22:14:26","slug":"kunst-anpassung-widerstand","status":"publish","type":"post","link":"https:\/\/www.freidenker.org\/?p=775","title":{"rendered":"FREIDENKER 2-13 &#8211; Kunst &#8211; Anpassung &#8211; Widerstand"},"content":{"rendered":"<p>Inhalt:<\/p>\n<p><strong>Editorial<\/strong><\/p>\n<p><strong>Thema: Kunst &#8211; Anpassung &#8211; Widerstand<\/strong><\/p>\n<ul>\n<li>J\u00fcrgen Meier:<br \/>\n<a href=\"https:\/\/www.freidenker.org\/?p=2947\">Was ist gute \/ fortschrittliche Kunst?<\/a><br \/>\n(<img data-recalc-dims=\"1\" loading=\"lazy\" decoding=\"async\" data-attachment-id=\"1072\" data-permalink=\"https:\/\/www.freidenker.org\/?attachment_id=1072\" data-orig-file=\"https:\/\/i0.wp.com\/www.freidenker.org\/fw17\/wp-content\/uploads\/2017\/10\/pdf_icon-e1509487447542.png?fit=16%2C16&amp;ssl=1\" data-orig-size=\"16,16\" data-comments-opened=\"0\" data-image-meta=\"{&quot;aperture&quot;:&quot;0&quot;,&quot;credit&quot;:&quot;&quot;,&quot;camera&quot;:&quot;&quot;,&quot;caption&quot;:&quot;&quot;,&quot;created_timestamp&quot;:&quot;0&quot;,&quot;copyright&quot;:&quot;&quot;,&quot;focal_length&quot;:&quot;0&quot;,&quot;iso&quot;:&quot;0&quot;,&quot;shutter_speed&quot;:&quot;0&quot;,&quot;title&quot;:&quot;&quot;,&quot;orientation&quot;:&quot;0&quot;}\" data-image-title=\"pdf_icon_16\" data-image-description=\"\" data-image-caption=\"\" data-large-file=\"https:\/\/i0.wp.com\/www.freidenker.org\/fw17\/wp-content\/uploads\/2017\/10\/pdf_icon-e1509487447542.png?fit=16%2C16&amp;ssl=1\" class=\"alignnone size-full wp-image-1072\" src=\"https:\/\/i0.wp.com\/www.freidenker.org\/fw17\/wp-content\/uploads\/2017\/10\/pdf_icon-e1509487447542.png?resize=16%2C16&#038;ssl=1\" alt=\"\" width=\"16\" height=\"16\" \/> <a href=\"https:\/\/www.freidenker.org\/fw17\/wp-content\/uploads\/2016\/08\/freidenker-02-2013-juergen-meier.pdf\" target=\"_blank\" rel=\"noopener\">PDF-Dokument<\/a>, ca 570 KB)<\/li>\n<li>Thomas Metscher:<br \/>\n\u00c4sthetik und Imperialismus<\/li>\n<li>Werner Seppmann:<br \/>\n\u00c4sthetik ohne Widerstand: Das Beispiel Documenta<\/li>\n<li>Hans-G\u00fcnther Dicks:<br \/>\n<a href=\"https:\/\/www.freidenker.org\/?p=2952\">Wa(h)re Filmkunst, falsche F\u00e4lschung &#8211; Eine Polemik gegen den \u201ewichtigen\u201c Film<\/a><br \/>\n(<img data-recalc-dims=\"1\" loading=\"lazy\" decoding=\"async\" data-attachment-id=\"1072\" data-permalink=\"https:\/\/www.freidenker.org\/?attachment_id=1072\" data-orig-file=\"https:\/\/i0.wp.com\/www.freidenker.org\/fw17\/wp-content\/uploads\/2017\/10\/pdf_icon-e1509487447542.png?fit=16%2C16&amp;ssl=1\" data-orig-size=\"16,16\" data-comments-opened=\"0\" data-image-meta=\"{&quot;aperture&quot;:&quot;0&quot;,&quot;credit&quot;:&quot;&quot;,&quot;camera&quot;:&quot;&quot;,&quot;caption&quot;:&quot;&quot;,&quot;created_timestamp&quot;:&quot;0&quot;,&quot;copyright&quot;:&quot;&quot;,&quot;focal_length&quot;:&quot;0&quot;,&quot;iso&quot;:&quot;0&quot;,&quot;shutter_speed&quot;:&quot;0&quot;,&quot;title&quot;:&quot;&quot;,&quot;orientation&quot;:&quot;0&quot;}\" data-image-title=\"pdf_icon_16\" data-image-description=\"\" data-image-caption=\"\" data-large-file=\"https:\/\/i0.wp.com\/www.freidenker.org\/fw17\/wp-content\/uploads\/2017\/10\/pdf_icon-e1509487447542.png?fit=16%2C16&amp;ssl=1\" class=\"alignnone size-full wp-image-1072\" src=\"https:\/\/i0.wp.com\/www.freidenker.org\/fw17\/wp-content\/uploads\/2017\/10\/pdf_icon-e1509487447542.png?resize=16%2C16&#038;ssl=1\" alt=\"\" width=\"16\" height=\"16\" \/> <a href=\"https:\/\/www.freidenker.org\/fw17\/wp-content\/uploads\/2016\/08\/freidenker-02-2013-hans-guenther-dicks.pdf\" target=\"_blank\" rel=\"noopener\">PDF-Dokument<\/a>, ca. 230 KB)<\/li>\n<li>Anneliese Fikentscher:<br \/>\nDas Lichtbild dient der Aufkl\u00e4rung und Desorientierung<\/li>\n<li>Hartmut Barth-Engelbart:<br \/>\nWiderstandskunst<\/li>\n<\/ul>\n<p><strong>Meldungen, Meinungen<\/strong><\/p>\n<ul>\n<li>Joseph A. Massad:<br \/>\nDie letzten Semiten<\/li>\n<\/ul>\n<p><strong>Aus den Landesverb\u00e4nden<br \/>\nChronik<br \/>\nB\u00fccher f\u00fcr Freidenker<\/strong><\/p>\n<p>Im Gleichschritt Marsch!<\/p>\n<p>&nbsp;<\/p>\n","protected":false},"excerpt":{"rendered":"<p><strong>Die Ausgabe 2-13 des Verbandsorgans FREIDENKER hat das Schwerpunkt-Thema \u201eKunst &#8211; Anpassung &#8211; Widerstand\u201c<\/strong> und enth\u00e4lt u.a folgende Beitr\u00e4ge:<br \/>\n&#8211; J\u00fcrgen Meier: Was ist gute \/ fortschrittliche Kunst?<br \/>\n&#8211; Thomas Metscher: \u00c4sthetik und Imperialismus<br \/>\n&#8211; Werner Seppmann: \u00c4sthetik ohne Widerstand: Das Beispiel Documenta<br \/>\n&#8211; Hans-G\u00fcnther Dicks: Wa(h)re Filmkunst, falsche F\u00e4lschung Eine Polemik gegen den \u201ewichtigen\u201c Film<br \/>\n&#8211; Anneliese Fikentscher: Das Lichtbild dient der Aufkl\u00e4rung und Desorientierung<br \/>\n&#8211; Hartmut Barth-Engelbart: Widerstandskunst<\/p>\n","protected":false},"author":2,"featured_media":2549,"comment_status":"closed","ping_status":"closed","sticky":false,"template":"","format":"standard","meta":{"colormag_page_container_layout":"default_layout","colormag_page_sidebar_layout":"default_layout","advanced_seo_description":"","jetpack_seo_html_title":"","jetpack_seo_noindex":false,"jetpack_post_was_ever_published":false,"footnotes":""},"categories":[8],"tags":[26,407,489],"class_list":["post-775","post","type-post","status-publish","format-standard","has-post-thumbnail","hentry","category-verbandsorgan-freidenker","tag-freidenker","tag-kunst","tag-widerstand"],"jetpack_featured_media_url":"https:\/\/i0.wp.com\/www.freidenker.org\/fw17\/wp-content\/uploads\/2017\/12\/FD_2013-02_Titel_mR.jpg?fit=800%2C445&ssl=1","jetpack_shortlink":"https:\/\/wp.me\/p9stpK-cv","jetpack-related-posts":[{"id":723,"url":"https:\/\/www.freidenker.org\/?p=723","url_meta":{"origin":775,"position":0},"title":"FREIDENKER 4-09 &#8211; Krise &#8211; Widerstand!","author":"Webmaster","date":"16. Dezember 2009","format":false,"excerpt":"Die Ausgabe 4-09 des Verbandsorgans FREIDENKER hat das Schwerpunkt-Thema \u201eKrise - Widerstand!\u201c und enth\u00e4lt u.a folgende Beitr\u00e4ge: - Rainer Thiel: Finanzkrise: Markt, Konkurrenz und Eigentum - Dieter Hillebrenner: Arbeiterklasse heute - Werner Seppmann: Krise ohne Widerstand? - Erich Hahn: ,Erinnerungsschlacht\u2018 und Weltanschauung - Klaus Hartmann: Krise im Kopf","rel":"","context":"In &quot;Verbandsorgan FREIDENKER&quot;","block_context":{"text":"Verbandsorgan FREIDENKER","link":"https:\/\/www.freidenker.org\/?cat=8"},"img":{"alt_text":"","src":"https:\/\/i0.wp.com\/www.freidenker.org\/fw17\/wp-content\/uploads\/2017\/12\/FD_2009-04_Titel_mR.jpg?fit=800%2C445&ssl=1&resize=350%2C200","width":350,"height":200,"srcset":"https:\/\/i0.wp.com\/www.freidenker.org\/fw17\/wp-content\/uploads\/2017\/12\/FD_2009-04_Titel_mR.jpg?fit=800%2C445&ssl=1&resize=350%2C200 1x, https:\/\/i0.wp.com\/www.freidenker.org\/fw17\/wp-content\/uploads\/2017\/12\/FD_2009-04_Titel_mR.jpg?fit=800%2C445&ssl=1&resize=525%2C300 1.5x, https:\/\/i0.wp.com\/www.freidenker.org\/fw17\/wp-content\/uploads\/2017\/12\/FD_2009-04_Titel_mR.jpg?fit=800%2C445&ssl=1&resize=700%2C400 2x"},"classes":[]},{"id":750,"url":"https:\/\/www.freidenker.org\/?p=750","url_meta":{"origin":775,"position":1},"title":"FREIDENKER 3-11 &#8211; Ungehorsam: Revolte &#8211; Widerstand &#8211; Generalstreik","author":"Webmaster","date":"16. September 2011","format":false,"excerpt":"Die Ausgabe 3-11 des Verbandsorgans FREIDENKER hat das Schwerpunkt-Thema \u201eUngehorsam: Revolte - Widerstand - Generalstreik\u201c und enth\u00e4lt u.a folgende Beitr\u00e4ge: - Ulf Rassmann: Die Angst vor dem Volk - Jan Bretschneider: Ziviler Ungehorsam - Klaus Mausner: Der Widerstand gegen \u201eStuttgart 21\" hat jetzt schon die Republik ver\u00e4ndert - Renate M\u00fcnder:\u2026","rel":"","context":"In &quot;Verbandsorgan FREIDENKER&quot;","block_context":{"text":"Verbandsorgan FREIDENKER","link":"https:\/\/www.freidenker.org\/?cat=8"},"img":{"alt_text":"","src":"https:\/\/i0.wp.com\/www.freidenker.org\/fw17\/wp-content\/uploads\/2017\/12\/FD_2011-03_Titel_mR.jpg?fit=800%2C445&ssl=1&resize=350%2C200","width":350,"height":200,"srcset":"https:\/\/i0.wp.com\/www.freidenker.org\/fw17\/wp-content\/uploads\/2017\/12\/FD_2011-03_Titel_mR.jpg?fit=800%2C445&ssl=1&resize=350%2C200 1x, https:\/\/i0.wp.com\/www.freidenker.org\/fw17\/wp-content\/uploads\/2017\/12\/FD_2011-03_Titel_mR.jpg?fit=800%2C445&ssl=1&resize=525%2C300 1.5x, https:\/\/i0.wp.com\/www.freidenker.org\/fw17\/wp-content\/uploads\/2017\/12\/FD_2011-03_Titel_mR.jpg?fit=800%2C445&ssl=1&resize=700%2C400 2x"},"classes":[]},{"id":2952,"url":"https:\/\/www.freidenker.org\/?p=2952","url_meta":{"origin":775,"position":2},"title":"Wa(h)re Filmkunst, Falsche F\u00e4lschung","author":"Webredaktion","date":"17. Juni 2013","format":false,"excerpt":"Beitrag von Hans-G\u00fcnther Dicks aus: FREIDENKER 2-13 \u201eDer Film ist f\u00fcr uns die wichtigste der K\u00fcnste.\u201c So stand es in den 1970er und fr\u00fchen 1980er Jahren auf gro\u00dfen Bannern neben der Leinwand bei den internationalen Filmfestivals in Moskau oder Taschkent, ... Die darunter genannte Quelle: Wladimir Iljitsch Lenin. Heute, beim\u2026","rel":"","context":"In &quot;Kultur &amp; Kunst&quot;","block_context":{"text":"Kultur &amp; Kunst","link":"https:\/\/www.freidenker.org\/?cat=913"},"img":{"alt_text":"","src":"https:\/\/i0.wp.com\/www.freidenker.org\/fw17\/wp-content\/uploads\/2017\/12\/demonstration-767982_800x445.jpg?fit=800%2C445&ssl=1&resize=350%2C200","width":350,"height":200,"srcset":"https:\/\/i0.wp.com\/www.freidenker.org\/fw17\/wp-content\/uploads\/2017\/12\/demonstration-767982_800x445.jpg?fit=800%2C445&ssl=1&resize=350%2C200 1x, https:\/\/i0.wp.com\/www.freidenker.org\/fw17\/wp-content\/uploads\/2017\/12\/demonstration-767982_800x445.jpg?fit=800%2C445&ssl=1&resize=525%2C300 1.5x, https:\/\/i0.wp.com\/www.freidenker.org\/fw17\/wp-content\/uploads\/2017\/12\/demonstration-767982_800x445.jpg?fit=800%2C445&ssl=1&resize=700%2C400 2x"},"classes":[]},{"id":2947,"url":"https:\/\/www.freidenker.org\/?p=2947","url_meta":{"origin":775,"position":3},"title":"Was ist gute \/ fortschrittliche Kunst?","author":"Webredaktion","date":"17. Juni 2013","format":false,"excerpt":"Beitrag von J\u00fcrgen Meier aus: FREIDENKER 2-13 Kunst ist die in Form gesetzte Ideologie einer Zeit. Da die herrschende Ideologie stets die Ideologie der Herrschenden ist, kann es nicht verwundern, dass die Kunst, wie die \u00e4sthetischen Theorien, von jenen Formsetzungen dominiert werden, die verhindern wollen, dass die Kunst zu dem\u2026","rel":"","context":"In &quot;Kultur &amp; Kunst&quot;","block_context":{"text":"Kultur &amp; Kunst","link":"https:\/\/www.freidenker.org\/?cat=913"},"img":{"alt_text":"","src":"https:\/\/i0.wp.com\/www.freidenker.org\/fw17\/wp-content\/uploads\/2017\/12\/Louise_Bourgeois_Maman_800x445.jpg?fit=800%2C445&ssl=1&resize=350%2C200","width":350,"height":200,"srcset":"https:\/\/i0.wp.com\/www.freidenker.org\/fw17\/wp-content\/uploads\/2017\/12\/Louise_Bourgeois_Maman_800x445.jpg?fit=800%2C445&ssl=1&resize=350%2C200 1x, https:\/\/i0.wp.com\/www.freidenker.org\/fw17\/wp-content\/uploads\/2017\/12\/Louise_Bourgeois_Maman_800x445.jpg?fit=800%2C445&ssl=1&resize=525%2C300 1.5x, https:\/\/i0.wp.com\/www.freidenker.org\/fw17\/wp-content\/uploads\/2017\/12\/Louise_Bourgeois_Maman_800x445.jpg?fit=800%2C445&ssl=1&resize=700%2C400 2x"},"classes":[]},{"id":14241,"url":"https:\/\/www.freidenker.org\/?p=14241","url_meta":{"origin":775,"position":4},"title":"FREIDENKER Nr. 3-22 \u2013 Der gro\u00dfe Abbruch","author":"Webredaktion","date":"28. September 2022","format":false,"excerpt":"Die Ausgabe 3-22 des Verbandsorgans FREIDENKER hat das Schwerpunkt-Thema \u201eDer gro\u00dfe Abbruch\u201c und enth\u00e4lt u.a. folgende Beitr\u00e4ge: - Werner R\u00fcgemer: Die Arbeitsverh\u00e4ltnisse im BlackRock-Kapitalismus - Diana Johnstone: Der grosse Vorwand \u2026 f\u00fcr eine Anti-Utopie - Klaus Linder: Randbemerkungen gegen eine Hypnose durch den \u201eGreat Reset\u201c - Dagmar Henn: Der westliche\u2026","rel":"","context":"In &quot;Verbandsorgan FREIDENKER&quot;","block_context":{"text":"Verbandsorgan FREIDENKER","link":"https:\/\/www.freidenker.org\/?cat=8"},"img":{"alt_text":"","src":"https:\/\/i0.wp.com\/www.freidenker.org\/fw17\/wp-content\/uploads\/2022\/09\/FD_2022-03_Titel_mR.jpg?fit=800%2C445&ssl=1&resize=350%2C200","width":350,"height":200,"srcset":"https:\/\/i0.wp.com\/www.freidenker.org\/fw17\/wp-content\/uploads\/2022\/09\/FD_2022-03_Titel_mR.jpg?fit=800%2C445&ssl=1&resize=350%2C200 1x, https:\/\/i0.wp.com\/www.freidenker.org\/fw17\/wp-content\/uploads\/2022\/09\/FD_2022-03_Titel_mR.jpg?fit=800%2C445&ssl=1&resize=525%2C300 1.5x, https:\/\/i0.wp.com\/www.freidenker.org\/fw17\/wp-content\/uploads\/2022\/09\/FD_2022-03_Titel_mR.jpg?fit=800%2C445&ssl=1&resize=700%2C400 2x"},"classes":[]},{"id":21229,"url":"https:\/\/www.freidenker.org\/?p=21229","url_meta":{"origin":775,"position":5},"title":"Lesung und Diskussion \u2013 Erik Neutsch. Der letzte Jacobiner","author":"Webredaktion","date":"21. M\u00e4rz 2025","format":false,"excerpt":"Samstag, 05.04.2025, 16:00Uhr, Ort: P\u00f6lkenhof, P\u00f6lkenstra\u00dfe 38, 06484 Quedlinburg Gunnar Decker liest ausgew\u00e4hlte Passagen aus seiner gerade entstehenden Biographie \u00fcber Erik Neutsch, die zum 95. Geburtstag des Autors 2026 erscheinen soll. Der DDR-Schriftsteller Erik Neutsch stellte wie kein zweiter das Thema Arbeiter und Macht ins Zentrum seines Werkes. Damit erreichte\u2026","rel":"","context":"In &quot;Kultur &amp; Kunst&quot;","block_context":{"text":"Kultur &amp; Kunst","link":"https:\/\/www.freidenker.org\/?cat=913"},"img":{"alt_text":"","src":"https:\/\/i0.wp.com\/www.freidenker.org\/fw17\/wp-content\/uploads\/2025\/03\/Noll_Neutsch_Kuczynski_800x450.jpg?fit=800%2C450&ssl=1&resize=350%2C200","width":350,"height":200,"srcset":"https:\/\/i0.wp.com\/www.freidenker.org\/fw17\/wp-content\/uploads\/2025\/03\/Noll_Neutsch_Kuczynski_800x450.jpg?fit=800%2C450&ssl=1&resize=350%2C200 1x, https:\/\/i0.wp.com\/www.freidenker.org\/fw17\/wp-content\/uploads\/2025\/03\/Noll_Neutsch_Kuczynski_800x450.jpg?fit=800%2C450&ssl=1&resize=525%2C300 1.5x, https:\/\/i0.wp.com\/www.freidenker.org\/fw17\/wp-content\/uploads\/2025\/03\/Noll_Neutsch_Kuczynski_800x450.jpg?fit=800%2C450&ssl=1&resize=700%2C400 2x"},"classes":[]}],"_links":{"self":[{"href":"https:\/\/www.freidenker.org\/index.php?rest_route=\/wp\/v2\/posts\/775","targetHints":{"allow":["GET"]}}],"collection":[{"href":"https:\/\/www.freidenker.org\/index.php?rest_route=\/wp\/v2\/posts"}],"about":[{"href":"https:\/\/www.freidenker.org\/index.php?rest_route=\/wp\/v2\/types\/post"}],"author":[{"embeddable":true,"href":"https:\/\/www.freidenker.org\/index.php?rest_route=\/wp\/v2\/users\/2"}],"replies":[{"embeddable":true,"href":"https:\/\/www.freidenker.org\/index.php?rest_route=%2Fwp%2Fv2%2Fcomments&post=775"}],"version-history":[{"count":0,"href":"https:\/\/www.freidenker.org\/index.php?rest_route=\/wp\/v2\/posts\/775\/revisions"}],"wp:featuredmedia":[{"embeddable":true,"href":"https:\/\/www.freidenker.org\/index.php?rest_route=\/wp\/v2\/media\/2549"}],"wp:attachment":[{"href":"https:\/\/www.freidenker.org\/index.php?rest_route=%2Fwp%2Fv2%2Fmedia&parent=775"}],"wp:term":[{"taxonomy":"category","embeddable":true,"href":"https:\/\/www.freidenker.org\/index.php?rest_route=%2Fwp%2Fv2%2Fcategories&post=775"},{"taxonomy":"post_tag","embeddable":true,"href":"https:\/\/www.freidenker.org\/index.php?rest_route=%2Fwp%2Fv2%2Ftags&post=775"}],"curies":[{"name":"wp","href":"https:\/\/api.w.org\/{rel}","templated":true}]}}