{"id":7741,"date":"2020-03-19T01:20:28","date_gmt":"2020-03-19T00:20:28","guid":{"rendered":"https:\/\/www.freidenker.org\/?p=7741"},"modified":"2021-03-28T19:52:48","modified_gmt":"2021-03-28T17:52:48","slug":"freidenker-1-20-was-ist-faschismus-was-antifaschismus","status":"publish","type":"post","link":"https:\/\/www.freidenker.org\/?p=7741","title":{"rendered":"FREIDENKER 1-20  \u2013 Was ist Faschismus &#8211; was Antifaschismus?"},"content":{"rendered":"<p>FREIDENKER Nr. 1-20 , M\u00e4rz 2020, 79. Jahrgang<\/p>\n<h5 class=\"entry-title\">75 Jahre Befreiung von Faschismus und Krieg:<br \/>\nWas ist Faschismus &#8211; was Antfaschismus?<\/h5>\n<p>&nbsp;<\/p>\n<p>Inhalt:<\/p>\n<p><strong>Editorial<\/strong><\/p>\n<p><strong>Thema<\/strong><\/p>\n<ul>\n<li>M\u00e4nne Gr\u00fc\u00df<br \/>\nErnst Th\u00e4lmann und Antifaschismus heute<\/li>\n<li>Interview mit Erika Baum<br \/>\n<a href=\"https:\/\/www.freidenker.org\/?p=7793\">Lehren aus dem VII. Weltkongress f\u00fcr den Kampf gegen Faschismus und Krieg<\/a><br \/>\n(<img data-recalc-dims=\"1\" loading=\"lazy\" decoding=\"async\" data-attachment-id=\"1072\" data-permalink=\"https:\/\/www.freidenker.org\/?attachment_id=1072\" data-orig-file=\"https:\/\/i0.wp.com\/www.freidenker.org\/fw17\/wp-content\/uploads\/2017\/10\/pdf_icon-e1509487447542.png?fit=16%2C16&amp;ssl=1\" data-orig-size=\"16,16\" data-comments-opened=\"0\" data-image-meta=\"{&quot;aperture&quot;:&quot;0&quot;,&quot;credit&quot;:&quot;&quot;,&quot;camera&quot;:&quot;&quot;,&quot;caption&quot;:&quot;&quot;,&quot;created_timestamp&quot;:&quot;0&quot;,&quot;copyright&quot;:&quot;&quot;,&quot;focal_length&quot;:&quot;0&quot;,&quot;iso&quot;:&quot;0&quot;,&quot;shutter_speed&quot;:&quot;0&quot;,&quot;title&quot;:&quot;&quot;,&quot;orientation&quot;:&quot;0&quot;}\" data-image-title=\"pdf_icon_16\" data-image-description=\"\" data-image-caption=\"\" data-large-file=\"https:\/\/i0.wp.com\/www.freidenker.org\/fw17\/wp-content\/uploads\/2017\/10\/pdf_icon-e1509487447542.png?fit=16%2C16&amp;ssl=1\" class=\"alignnone size-full wp-image-1072\" src=\"https:\/\/i0.wp.com\/www.freidenker.org\/fw17\/wp-content\/uploads\/2017\/10\/pdf_icon-e1509487447542.png?resize=16%2C16&#038;ssl=1\" alt=\"\" width=\"16\" height=\"16\" \/> <a href=\"https:\/\/www.freidenker.org\/fw17\/wp-content\/uploads\/2020\/03\/Freidenker_2020-01_Baum-LehrenAusDemVIIWeltkongress.pdf\" target=\"_blank\" rel=\"noopener noreferrer\">PDF-Dokument<\/a>, ca. 375 KB)<\/li>\n<li>Klaus Hartmann<br \/>\n<a href=\"https:\/\/www.freidenker.org\/?p=7964\" target=\"_blank\" rel=\"noopener noreferrer\">Was Faschismus ist und Antifaschismus folglich sein muss<\/a><br \/>\n(<img data-recalc-dims=\"1\" loading=\"lazy\" decoding=\"async\" data-attachment-id=\"1072\" data-permalink=\"https:\/\/www.freidenker.org\/?attachment_id=1072\" data-orig-file=\"https:\/\/i0.wp.com\/www.freidenker.org\/fw17\/wp-content\/uploads\/2017\/10\/pdf_icon-e1509487447542.png?fit=16%2C16&amp;ssl=1\" data-orig-size=\"16,16\" data-comments-opened=\"0\" data-image-meta=\"{&quot;aperture&quot;:&quot;0&quot;,&quot;credit&quot;:&quot;&quot;,&quot;camera&quot;:&quot;&quot;,&quot;caption&quot;:&quot;&quot;,&quot;created_timestamp&quot;:&quot;0&quot;,&quot;copyright&quot;:&quot;&quot;,&quot;focal_length&quot;:&quot;0&quot;,&quot;iso&quot;:&quot;0&quot;,&quot;shutter_speed&quot;:&quot;0&quot;,&quot;title&quot;:&quot;&quot;,&quot;orientation&quot;:&quot;0&quot;}\" data-image-title=\"pdf_icon_16\" data-image-description=\"\" data-image-caption=\"\" data-large-file=\"https:\/\/i0.wp.com\/www.freidenker.org\/fw17\/wp-content\/uploads\/2017\/10\/pdf_icon-e1509487447542.png?fit=16%2C16&amp;ssl=1\" class=\"alignnone size-full wp-image-1072\" src=\"https:\/\/i0.wp.com\/www.freidenker.org\/fw17\/wp-content\/uploads\/2017\/10\/pdf_icon-e1509487447542.png?resize=16%2C16&#038;ssl=1\" alt=\"\" width=\"16\" height=\"16\" \/> <a href=\"https:\/\/www.freidenker.org\/fw17\/wp-content\/uploads\/2020\/04\/Freidenker_2020-01_Hartmann-WasFaschismusIst.pdf\" target=\"_blank\" rel=\"noopener noreferrer\">PDF-Dokument<\/a>, ca. 292 KB)<\/li>\n<li>Klaus Linder<br \/>\nAntifaschistische Strategie: Irrationalismus \u2013 Schlagwort oder Begriff?<\/li>\n<li>J\u00fcrgen Rose<br \/>\n<a href=\"https:\/\/www.freidenker.org\/?p=7789\">T\u00f6ten f\u00fcr Deutschland<\/a><br \/>\n(<img data-recalc-dims=\"1\" loading=\"lazy\" decoding=\"async\" data-attachment-id=\"1072\" data-permalink=\"https:\/\/www.freidenker.org\/?attachment_id=1072\" data-orig-file=\"https:\/\/i0.wp.com\/www.freidenker.org\/fw17\/wp-content\/uploads\/2017\/10\/pdf_icon-e1509487447542.png?fit=16%2C16&amp;ssl=1\" data-orig-size=\"16,16\" data-comments-opened=\"0\" data-image-meta=\"{&quot;aperture&quot;:&quot;0&quot;,&quot;credit&quot;:&quot;&quot;,&quot;camera&quot;:&quot;&quot;,&quot;caption&quot;:&quot;&quot;,&quot;created_timestamp&quot;:&quot;0&quot;,&quot;copyright&quot;:&quot;&quot;,&quot;focal_length&quot;:&quot;0&quot;,&quot;iso&quot;:&quot;0&quot;,&quot;shutter_speed&quot;:&quot;0&quot;,&quot;title&quot;:&quot;&quot;,&quot;orientation&quot;:&quot;0&quot;}\" data-image-title=\"pdf_icon_16\" data-image-description=\"\" data-image-caption=\"\" data-large-file=\"https:\/\/i0.wp.com\/www.freidenker.org\/fw17\/wp-content\/uploads\/2017\/10\/pdf_icon-e1509487447542.png?fit=16%2C16&amp;ssl=1\" class=\"alignnone size-full wp-image-1072\" src=\"https:\/\/i0.wp.com\/www.freidenker.org\/fw17\/wp-content\/uploads\/2017\/10\/pdf_icon-e1509487447542.png?resize=16%2C16&#038;ssl=1\" alt=\"\" width=\"16\" height=\"16\" \/> <a href=\"https:\/\/www.freidenker.org\/fw17\/wp-content\/uploads\/2020\/03\/Freidenker_2020-01_Rose-ToetenFuerDeutschland.pdf\" target=\"_blank\" rel=\"noopener noreferrer\">PDF-Dokument<\/a>, ca. 422 KB)<\/li>\n<li>Wladimir W. Putin<br \/>\nKriegsschuldfrage und Geschichts\u00adrevisionismus<\/li>\n<\/ul>\n<p><strong>Meldungen, Meinungen<\/strong><\/p>\n<p><strong>Chronik<\/strong><\/p>\n<p><strong>Leserbriefe<\/strong><\/p>\n<p><strong>B\u00fccher f\u00fcr Freidenker<\/strong><\/p>\n<ul>\n<li>Markus Heizmann:<br \/>\nZur Anatomie des Imperialismus<\/li>\n<li>Werner R\u00fcgemer:<br \/>\nDie Kapitalisten des 21. Jahrhunderts<\/li>\n<\/ul>\n<p><img data-recalc-dims=\"1\" loading=\"lazy\" decoding=\"async\" data-attachment-id=\"7742\" data-permalink=\"https:\/\/www.freidenker.org\/?attachment_id=7742\" data-orig-file=\"https:\/\/i0.wp.com\/www.freidenker.org\/fw17\/wp-content\/uploads\/2020\/03\/fd_2020-01_640px.jpg?fit=455%2C642&amp;ssl=1\" data-orig-size=\"455,642\" data-comments-opened=\"0\" data-image-meta=\"{&quot;aperture&quot;:&quot;0&quot;,&quot;credit&quot;:&quot;&quot;,&quot;camera&quot;:&quot;&quot;,&quot;caption&quot;:&quot;&quot;,&quot;created_timestamp&quot;:&quot;0&quot;,&quot;copyright&quot;:&quot;&quot;,&quot;focal_length&quot;:&quot;0&quot;,&quot;iso&quot;:&quot;0&quot;,&quot;shutter_speed&quot;:&quot;0&quot;,&quot;title&quot;:&quot;&quot;,&quot;orientation&quot;:&quot;1&quot;}\" data-image-title=\"fd_2020-01_640px\" data-image-description=\"\" data-image-caption=\"\" data-large-file=\"https:\/\/i0.wp.com\/www.freidenker.org\/fw17\/wp-content\/uploads\/2020\/03\/fd_2020-01_640px.jpg?fit=455%2C642&amp;ssl=1\" class=\"alignnone wp-image-7742 size-full\" src=\"https:\/\/i0.wp.com\/www.freidenker.org\/fw17\/wp-content\/uploads\/2020\/03\/fd_2020-01_640px.jpg?resize=455%2C642&#038;ssl=1\" alt=\"\" width=\"455\" height=\"642\" srcset=\"https:\/\/i0.wp.com\/www.freidenker.org\/fw17\/wp-content\/uploads\/2020\/03\/fd_2020-01_640px.jpg?w=455&amp;ssl=1 455w, https:\/\/i0.wp.com\/www.freidenker.org\/fw17\/wp-content\/uploads\/2020\/03\/fd_2020-01_640px.jpg?resize=213%2C300&amp;ssl=1 213w\" sizes=\"auto, (max-width: 455px) 100vw, 455px\" \/><\/p>\n<p>&nbsp;<\/p>\n<hr \/>\n<p><strong>Online-Ausgabe:<\/strong><\/p>\n<p>Das Heft kann hier als PDF-Dokument angesehen und heruntergeladen werden:<\/p>\n<p><img loading=\"lazy\" decoding=\"async\" data-attachment-id=\"1076\" data-permalink=\"https:\/\/www.freidenker.org\/?attachment_id=1076\" data-orig-file=\"https:\/\/i0.wp.com\/www.freidenker.org\/fw17\/wp-content\/uploads\/2017\/10\/pdf_icon-2.png?fit=32%2C32&amp;ssl=1\" data-orig-size=\"32,32\" data-comments-opened=\"0\" data-image-meta=\"{&quot;aperture&quot;:&quot;0&quot;,&quot;credit&quot;:&quot;&quot;,&quot;camera&quot;:&quot;&quot;,&quot;caption&quot;:&quot;&quot;,&quot;created_timestamp&quot;:&quot;0&quot;,&quot;copyright&quot;:&quot;&quot;,&quot;focal_length&quot;:&quot;0&quot;,&quot;iso&quot;:&quot;0&quot;,&quot;shutter_speed&quot;:&quot;0&quot;,&quot;title&quot;:&quot;&quot;,&quot;orientation&quot;:&quot;0&quot;}\" data-image-title=\"pdf_icon\" data-image-description=\"\" data-image-caption=\"\" data-large-file=\"https:\/\/i0.wp.com\/www.freidenker.org\/fw17\/wp-content\/uploads\/2017\/10\/pdf_icon-2.png?fit=32%2C32&amp;ssl=1\" class=\"alignnone size-full wp-image-1076\" src=\"https:\/\/i0.wp.com\/www.freidenker.org\/fw17\/wp-content\/uploads\/2017\/10\/pdf_icon-2.png?resize=32%2C32&amp;ssl=1\" alt=\"\" width=\"32\" height=\"32\" data-attachment-id=\"1076\" data-permalink=\"https:\/\/www.freidenker.org\/?attachment_id=1076\" data-orig-file=\"https:\/\/i1.wp.com\/www.freidenker.org\/fw17\/wp-content\/uploads\/2017\/10\/pdf_icon-2.png?fit=32%2C32&amp;ssl=1\" data-orig-size=\"32,32\" data-comments-opened=\"0\" data-image-meta=\"{&quot;aperture&quot;:&quot;0&quot;,&quot;credit&quot;:&quot;&quot;,&quot;camera&quot;:&quot;&quot;,&quot;caption&quot;:&quot;&quot;,&quot;created_timestamp&quot;:&quot;0&quot;,&quot;copyright&quot;:&quot;&quot;,&quot;focal_length&quot;:&quot;0&quot;,&quot;iso&quot;:&quot;0&quot;,&quot;shutter_speed&quot;:&quot;0&quot;,&quot;title&quot;:&quot;&quot;,&quot;orientation&quot;:&quot;0&quot;}\" data-image-title=\"pdf_icon\" data-image-description=\"\" data-medium-file=\"https:\/\/i1.wp.com\/www.freidenker.org\/fw17\/wp-content\/uploads\/2017\/10\/pdf_icon-2.png?fit=32%2C32&amp;ssl=1\" data-large-file=\"https:\/\/i1.wp.com\/www.freidenker.org\/fw17\/wp-content\/uploads\/2017\/10\/pdf_icon-2.png?fit=32%2C32&amp;ssl=1\" \/>\u00a0<a href=\"https:\/\/www.freidenker.org\/fw17\/wp-content\/uploads\/2021\/03\/Freidenker_2020-01_online.pdf\" target=\"_blank\" rel=\"noopener\">Verbandsorgan FREIDENKER 1-20 im PDF-Format<\/a> (ca. 2,2 MB)<\/p>\n<p>Zum <a href=\"https:\/\/www.freidenker.org\/?page_id=1682\">\u00dcberblick \u00fcber alle Online-Ausgaben<\/a><\/p>\n","protected":false},"excerpt":{"rendered":"<p><b>Die Ausgabe 1-20 des Verbandsorgans FREIDENKER hat das Schwerpunkt-Thema \u201eWas ist Faschismus &#8211; was Antifaschismus\u201c und enth\u00e4lt u.a. folgende Beitr\u00e4ge:<\/b><br \/>\n&#8211; M\u00e4nne Gr\u00fc\u00df: Ernst Th\u00e4lmann und Antifaschismus heute<br \/>\n&#8211; Interview mit Erika Baum: Lehren aus dem VII. Weltkongress f\u00fcr den Kampf gegen Faschismus und Krieg<br \/>\n&#8211; Klaus Hartmann: Was Faschismus ist und Antifaschismus folglich sein muss<br \/>\n&#8211; Klaus Linder: Antifaschistische Strategie: Irrationalismus \u2013 Schlagwort oder Begriff?<br \/>\n&#8211; J\u00fcrgen Rose: T\u00f6ten f\u00fcr Deutschland<br \/>\n&#8211; Wladimir W. Putin: Kriegsschuldfrage und Geschichts\u00adrevisionismus<\/p>\n","protected":false},"author":3,"featured_media":7744,"comment_status":"closed","ping_status":"closed","sticky":false,"template":"","format":"standard","meta":{"colormag_page_container_layout":"default_layout","colormag_page_sidebar_layout":"default_layout","advanced_seo_description":"","jetpack_seo_html_title":"","jetpack_seo_noindex":false,"jetpack_post_was_ever_published":false,"footnotes":""},"categories":[13,8],"tags":[648,370,853,451,1192,555,687],"class_list":["post-7741","post","type-post","status-publish","format-standard","has-post-thumbnail","hentry","category-frieden-antifaschismus-solidaritaet","category-verbandsorgan-freidenker","tag-2-weltkrieg","tag-antifaschismus","tag-ernst-thaelmann","tag-faschismus","tag-geschichtsrevisionismus","tag-irrationalismus","tag-tag-der-befreiung"],"jetpack_featured_media_url":"https:\/\/i0.wp.com\/www.freidenker.org\/fw17\/wp-content\/uploads\/2020\/03\/FD_2020-01_Titel_mR.jpg?fit=800%2C445&ssl=1","jetpack_shortlink":"https:\/\/wp.me\/p9stpK-20R","jetpack-related-posts":[{"id":3244,"url":"https:\/\/www.freidenker.org\/?p=3244","url_meta":{"origin":7741,"position":0},"title":"Mit Ernst Th\u00e4lmann verteidigen wir den Antifaschismus","author":"Webredaktion","date":"19. April 2009","format":false,"excerpt":"Rede von Klaus Hartmann in Ziegenhals bei Berlin am 19. April 2009 Wir sind zusammengekommen, um des 123. Geburtstages von Ernst Th\u00e4lmann am 16. April zu gedenken. Wir ehren das Andenken, das Leben und das Lebenswerk dieses gro\u00dfen deutschen Arbeiterf\u00fchrers und Antifaschisten. Gegen den Zeitgeist, also den Geist der Herrschenden,\u2026","rel":"","context":"In &quot;Frieden - Antifaschismus - Solidarit\u00e4t&quot;","block_context":{"text":"Frieden - Antifaschismus - Solidarit\u00e4t","link":"https:\/\/www.freidenker.org\/?cat=13"},"img":{"alt_text":"","src":"https:\/\/i0.wp.com\/www.freidenker.org\/fw17\/wp-content\/uploads\/2009\/04\/10-2016-07-03-1-0599_800x445.jpg?fit=800%2C445&ssl=1&resize=350%2C200","width":350,"height":200,"srcset":"https:\/\/i0.wp.com\/www.freidenker.org\/fw17\/wp-content\/uploads\/2009\/04\/10-2016-07-03-1-0599_800x445.jpg?fit=800%2C445&ssl=1&resize=350%2C200 1x, https:\/\/i0.wp.com\/www.freidenker.org\/fw17\/wp-content\/uploads\/2009\/04\/10-2016-07-03-1-0599_800x445.jpg?fit=800%2C445&ssl=1&resize=525%2C300 1.5x, https:\/\/i0.wp.com\/www.freidenker.org\/fw17\/wp-content\/uploads\/2009\/04\/10-2016-07-03-1-0599_800x445.jpg?fit=800%2C445&ssl=1&resize=700%2C400 2x"},"classes":[]},{"id":821,"url":"https:\/\/www.freidenker.org\/?p=821","url_meta":{"origin":7741,"position":1},"title":"FREIDENKER 1-15 &#8211; 70 Jahre Befreiung von Faschismus und Krieg","author":"Webmaster","date":"16. M\u00e4rz 2015","format":false,"excerpt":"Die Ausgabe 1-15 des Verbandsorgans FREIDENKER hat das Schwerpunkt-Thema \u201e70 Jahre Befreiung von Faschismus und Krieg - Nie wieder Faschismus - Nie wieder Krieg\u201c und enth\u00e4lt u.a folgende Beitr\u00e4ge: - Prof. Dr. Anton Latzo: Der Sieg \u00fcber den Faschismus ist eine Tat der Befreiung - Emil Carlebach: Lasst nicht nach\u2026","rel":"","context":"In &quot;Verbandsorgan FREIDENKER&quot;","block_context":{"text":"Verbandsorgan FREIDENKER","link":"https:\/\/www.freidenker.org\/?cat=8"},"img":{"alt_text":"","src":"https:\/\/i0.wp.com\/www.freidenker.org\/fw17\/wp-content\/uploads\/2017\/12\/FD_2015-01_Titel_mR.jpg?fit=800%2C445&ssl=1&resize=350%2C200","width":350,"height":200,"srcset":"https:\/\/i0.wp.com\/www.freidenker.org\/fw17\/wp-content\/uploads\/2017\/12\/FD_2015-01_Titel_mR.jpg?fit=800%2C445&ssl=1&resize=350%2C200 1x, https:\/\/i0.wp.com\/www.freidenker.org\/fw17\/wp-content\/uploads\/2017\/12\/FD_2015-01_Titel_mR.jpg?fit=800%2C445&ssl=1&resize=525%2C300 1.5x, https:\/\/i0.wp.com\/www.freidenker.org\/fw17\/wp-content\/uploads\/2017\/12\/FD_2015-01_Titel_mR.jpg?fit=800%2C445&ssl=1&resize=700%2C400 2x"},"classes":[]},{"id":9915,"url":"https:\/\/www.freidenker.org\/?p=9915","url_meta":{"origin":7741,"position":2},"title":"Kundgebungen zum 135. Geburtstag von Ernst Th\u00e4lmann","author":"Webredaktion","date":"21. April 2021","format":false,"excerpt":"Anl\u00e4sslich des 135. Geburtstages von Ernst Th\u00e4lmann fanden am 17. und 18. April 2021 Kundgebungen am Ernst-Th\u00e4lmann-Denkmal in Berlin sowie vor dem Gel\u00e4nde der gesch\u00e4ndeten und zerst\u00f6rten Ernst-Th\u00e4lmann-Gedenkst\u00e4tte in Ziegenhals statt. Auf der Kundgebung am 17. April in Berlin sprach Hans Bauer, Vorsitzender der Gesellschaft zur Rechtlichen und Humanit\u00e4ren Unterst\u00fctzung\u2026","rel":"","context":"In &quot;Frieden - Antifaschismus - Solidarit\u00e4t&quot;","block_context":{"text":"Frieden - Antifaschismus - Solidarit\u00e4t","link":"https:\/\/www.freidenker.org\/?cat=13"},"img":{"alt_text":"","src":"https:\/\/i0.wp.com\/www.freidenker.org\/fw17\/wp-content\/uploads\/2021\/04\/thaelmann_2021_800x450_v3.jpg?fit=800%2C450&ssl=1&resize=350%2C200","width":350,"height":200,"srcset":"https:\/\/i0.wp.com\/www.freidenker.org\/fw17\/wp-content\/uploads\/2021\/04\/thaelmann_2021_800x450_v3.jpg?fit=800%2C450&ssl=1&resize=350%2C200 1x, https:\/\/i0.wp.com\/www.freidenker.org\/fw17\/wp-content\/uploads\/2021\/04\/thaelmann_2021_800x450_v3.jpg?fit=800%2C450&ssl=1&resize=525%2C300 1.5x, https:\/\/i0.wp.com\/www.freidenker.org\/fw17\/wp-content\/uploads\/2021\/04\/thaelmann_2021_800x450_v3.jpg?fit=800%2C450&ssl=1&resize=700%2C400 2x"},"classes":[]},{"id":7793,"url":"https:\/\/www.freidenker.org\/?p=7793","url_meta":{"origin":7741,"position":3},"title":"Lehren aus dem VII. Weltkongress f\u00fcr den Kampf gegen Faschismus und Krieg","author":"Webredaktion","date":"21. M\u00e4rz 2020","format":false,"excerpt":"Interview mit Erika Baum von Klaus Linder aus FREIDENKER 1-20 Frage: Glaubt man den Herrschenden, aber auch linkeren Teilen der deutschen Presse, dann m\u00fcsste heute die Regierung mitsamt Oppositionsparteien (au\u00dfer einer) und au\u00dferparlamentarischen \u201eBewegungen\u201c eine einzige antifaschistische Front bilden. Wie kann das sein? Erika: Die imperialistischen Kr\u00e4fte wissen, dass die\u2026","rel":"","context":"In &quot;Frieden - Antifaschismus - Solidarit\u00e4t&quot;","block_context":{"text":"Frieden - Antifaschismus - Solidarit\u00e4t","link":"https:\/\/www.freidenker.org\/?cat=13"},"img":{"alt_text":"","src":"https:\/\/i0.wp.com\/www.freidenker.org\/fw17\/wp-content\/uploads\/2020\/03\/erika_baum_800x445.jpg?fit=800%2C445&ssl=1&resize=350%2C200","width":350,"height":200,"srcset":"https:\/\/i0.wp.com\/www.freidenker.org\/fw17\/wp-content\/uploads\/2020\/03\/erika_baum_800x445.jpg?fit=800%2C445&ssl=1&resize=350%2C200 1x, https:\/\/i0.wp.com\/www.freidenker.org\/fw17\/wp-content\/uploads\/2020\/03\/erika_baum_800x445.jpg?fit=800%2C445&ssl=1&resize=525%2C300 1.5x, https:\/\/i0.wp.com\/www.freidenker.org\/fw17\/wp-content\/uploads\/2020\/03\/erika_baum_800x445.jpg?fit=800%2C445&ssl=1&resize=700%2C400 2x"},"classes":[]},{"id":21258,"url":"https:\/\/www.freidenker.org\/?p=21258","url_meta":{"origin":7741,"position":4},"title":"FREIDENKER 1-25 \u2013 80 Jahre Befreiung vom Faschismus","author":"Webredaktion","date":"27. M\u00e4rz 2025","format":false,"excerpt":"Die Ausgabe 1-25 des Verbandsorgans FREIDENKER hat das Schwerpunkt-Thema \u201e80 Jahre Befreiung vom Faschismus - Revision?\u201c und enth\u00e4lt u.a. folgende Beitr\u00e4ge: - \u201eNie wieder\u201c \u2013 kriegst\u00fcchtig - Wolfgang Sch\u00fcrer: Der Zweite Weltkrieg - Anton Latzo: Auch in Jalta wirkten die langen Linien der Geschichte - Michael Polster \/ Arnold Sch\u00f6lzel:\u2026","rel":"","context":"In &quot;Verbandsorgan FREIDENKER&quot;","block_context":{"text":"Verbandsorgan FREIDENKER","link":"https:\/\/www.freidenker.org\/?cat=8"},"img":{"alt_text":"","src":"https:\/\/i0.wp.com\/www.freidenker.org\/fw17\/wp-content\/uploads\/2025\/03\/FD_2025-01_Titel_mR.jpg?fit=800%2C445&ssl=1&resize=350%2C200","width":350,"height":200,"srcset":"https:\/\/i0.wp.com\/www.freidenker.org\/fw17\/wp-content\/uploads\/2025\/03\/FD_2025-01_Titel_mR.jpg?fit=800%2C445&ssl=1&resize=350%2C200 1x, https:\/\/i0.wp.com\/www.freidenker.org\/fw17\/wp-content\/uploads\/2025\/03\/FD_2025-01_Titel_mR.jpg?fit=800%2C445&ssl=1&resize=525%2C300 1.5x, https:\/\/i0.wp.com\/www.freidenker.org\/fw17\/wp-content\/uploads\/2025\/03\/FD_2025-01_Titel_mR.jpg?fit=800%2C445&ssl=1&resize=700%2C400 2x"},"classes":[]},{"id":8386,"url":"https:\/\/www.freidenker.org\/?p=8386","url_meta":{"origin":7741,"position":5},"title":"Zusammenhang der Tendenz zu Faschisierung und Krieg","author":"Webredaktion","date":"3. Juli 2020","format":false,"excerpt":"Unserer Genossin Erika Baum zum 95. Geburtstag. Wir gratulieren unserer Genossin zum 95. Geburtstag. Anstelle eigener Worte der W\u00fcrdigung lassen wir die Jubilarin selbst zu Wort kommen: Ihr Vortrag bei unserer Veranstaltung: \"Berliner Runde \u2013 Freidenker im Gespr\u00e4ch\" vom 26.01.2018.","rel":"","context":"In &quot;Frieden - Antifaschismus - Solidarit\u00e4t&quot;","block_context":{"text":"Frieden - Antifaschismus - Solidarit\u00e4t","link":"https:\/\/www.freidenker.org\/?cat=13"},"img":{"alt_text":"","src":"https:\/\/i0.wp.com\/www.freidenker.org\/fw17\/wp-content\/uploads\/2020\/07\/erika_baum_95_800x450.jpg?fit=800%2C450&ssl=1&resize=350%2C200","width":350,"height":200,"srcset":"https:\/\/i0.wp.com\/www.freidenker.org\/fw17\/wp-content\/uploads\/2020\/07\/erika_baum_95_800x450.jpg?fit=800%2C450&ssl=1&resize=350%2C200 1x, https:\/\/i0.wp.com\/www.freidenker.org\/fw17\/wp-content\/uploads\/2020\/07\/erika_baum_95_800x450.jpg?fit=800%2C450&ssl=1&resize=525%2C300 1.5x, https:\/\/i0.wp.com\/www.freidenker.org\/fw17\/wp-content\/uploads\/2020\/07\/erika_baum_95_800x450.jpg?fit=800%2C450&ssl=1&resize=700%2C400 2x"},"classes":[]}],"_links":{"self":[{"href":"https:\/\/www.freidenker.org\/index.php?rest_route=\/wp\/v2\/posts\/7741","targetHints":{"allow":["GET"]}}],"collection":[{"href":"https:\/\/www.freidenker.org\/index.php?rest_route=\/wp\/v2\/posts"}],"about":[{"href":"https:\/\/www.freidenker.org\/index.php?rest_route=\/wp\/v2\/types\/post"}],"author":[{"embeddable":true,"href":"https:\/\/www.freidenker.org\/index.php?rest_route=\/wp\/v2\/users\/3"}],"replies":[{"embeddable":true,"href":"https:\/\/www.freidenker.org\/index.php?rest_route=%2Fwp%2Fv2%2Fcomments&post=7741"}],"version-history":[{"count":0,"href":"https:\/\/www.freidenker.org\/index.php?rest_route=\/wp\/v2\/posts\/7741\/revisions"}],"wp:featuredmedia":[{"embeddable":true,"href":"https:\/\/www.freidenker.org\/index.php?rest_route=\/wp\/v2\/media\/7744"}],"wp:attachment":[{"href":"https:\/\/www.freidenker.org\/index.php?rest_route=%2Fwp%2Fv2%2Fmedia&parent=7741"}],"wp:term":[{"taxonomy":"category","embeddable":true,"href":"https:\/\/www.freidenker.org\/index.php?rest_route=%2Fwp%2Fv2%2Fcategories&post=7741"},{"taxonomy":"post_tag","embeddable":true,"href":"https:\/\/www.freidenker.org\/index.php?rest_route=%2Fwp%2Fv2%2Ftags&post=7741"}],"curies":[{"name":"wp","href":"https:\/\/api.w.org\/{rel}","templated":true}]}}