{"id":772,"date":"2013-03-16T15:29:31","date_gmt":"2013-03-16T14:29:31","guid":{"rendered":"http:\/\/www.freidenker.org\/fw17\/?p=772"},"modified":"2017-12-27T21:21:23","modified_gmt":"2017-12-27T20:21:23","slug":"freidenker-religionskritik","status":"publish","type":"post","link":"https:\/\/www.freidenker.org\/?p=772","title":{"rendered":"FREIDENKER 1-13 &#8211; Freidenker-Religionskritik"},"content":{"rendered":"<p><strong>Inhalt:<\/strong><\/p>\n<p>Editorial<\/p>\n<p><strong>Thema: Freidenker-Religionskritik<\/strong><\/p>\n<ul>\n<li>Horst Schild:<br \/>\n<a href=\"https:\/\/www.freidenker.org\/?p=56\">Vor dreihundert Jahren \u2013 \u201eDiscourse of Free-thinking\u201c<\/a><br \/>\n(<img data-recalc-dims=\"1\" loading=\"lazy\" decoding=\"async\" data-attachment-id=\"1072\" data-permalink=\"https:\/\/www.freidenker.org\/?attachment_id=1072\" data-orig-file=\"https:\/\/i0.wp.com\/www.freidenker.org\/fw17\/wp-content\/uploads\/2017\/10\/pdf_icon-e1509487447542.png?fit=16%2C16&amp;ssl=1\" data-orig-size=\"16,16\" data-comments-opened=\"0\" data-image-meta=\"{&quot;aperture&quot;:&quot;0&quot;,&quot;credit&quot;:&quot;&quot;,&quot;camera&quot;:&quot;&quot;,&quot;caption&quot;:&quot;&quot;,&quot;created_timestamp&quot;:&quot;0&quot;,&quot;copyright&quot;:&quot;&quot;,&quot;focal_length&quot;:&quot;0&quot;,&quot;iso&quot;:&quot;0&quot;,&quot;shutter_speed&quot;:&quot;0&quot;,&quot;title&quot;:&quot;&quot;,&quot;orientation&quot;:&quot;0&quot;}\" data-image-title=\"pdf_icon_16\" data-image-description=\"\" data-image-caption=\"\" data-large-file=\"https:\/\/i0.wp.com\/www.freidenker.org\/fw17\/wp-content\/uploads\/2017\/10\/pdf_icon-e1509487447542.png?fit=16%2C16&amp;ssl=1\" class=\"alignnone size-full wp-image-1072\" src=\"https:\/\/i0.wp.com\/www.freidenker.org\/fw17\/wp-content\/uploads\/2017\/10\/pdf_icon-e1509487447542.png?resize=16%2C16&#038;ssl=1\" alt=\"\" width=\"16\" height=\"16\" \/> <a href=\"https:\/\/www.freidenker.org\/fw17\/wp-content\/uploads\/2017\/12\/frei01-2013-horst-schild.pdf\" target=\"_blank\" rel=\"noopener\">PDF-Dokument<\/a>, ca. 130 KB)<\/li>\n<li>Klaus Hartmann:<br \/>\nFreies Denken im Wandel seiner Bedeutung<\/li>\n<li>Daniel Bratanovi\u0107:<br \/>\n<a href=\"https:\/\/www.freidenker.org\/?p=234\">Karl-Marx-Jahr<\/a><br \/>\n(<img data-recalc-dims=\"1\" loading=\"lazy\" decoding=\"async\" data-attachment-id=\"1072\" data-permalink=\"https:\/\/www.freidenker.org\/?attachment_id=1072\" data-orig-file=\"https:\/\/i0.wp.com\/www.freidenker.org\/fw17\/wp-content\/uploads\/2017\/10\/pdf_icon-e1509487447542.png?fit=16%2C16&amp;ssl=1\" data-orig-size=\"16,16\" data-comments-opened=\"0\" data-image-meta=\"{&quot;aperture&quot;:&quot;0&quot;,&quot;credit&quot;:&quot;&quot;,&quot;camera&quot;:&quot;&quot;,&quot;caption&quot;:&quot;&quot;,&quot;created_timestamp&quot;:&quot;0&quot;,&quot;copyright&quot;:&quot;&quot;,&quot;focal_length&quot;:&quot;0&quot;,&quot;iso&quot;:&quot;0&quot;,&quot;shutter_speed&quot;:&quot;0&quot;,&quot;title&quot;:&quot;&quot;,&quot;orientation&quot;:&quot;0&quot;}\" data-image-title=\"pdf_icon_16\" data-image-description=\"\" data-image-caption=\"\" data-large-file=\"https:\/\/i0.wp.com\/www.freidenker.org\/fw17\/wp-content\/uploads\/2017\/10\/pdf_icon-e1509487447542.png?fit=16%2C16&amp;ssl=1\" class=\"alignnone size-full wp-image-1072\" src=\"https:\/\/i0.wp.com\/www.freidenker.org\/fw17\/wp-content\/uploads\/2017\/10\/pdf_icon-e1509487447542.png?resize=16%2C16&#038;ssl=1\" alt=\"\" width=\"16\" height=\"16\" \/> <a href=\"https:\/\/www.freidenker.org\/fw17\/wp-content\/uploads\/2016\/07\/frei01-2013-daniel_bratanovic.pdf\" target=\"_blank\" rel=\"noopener\">PDF-Dokument<\/a>, ca. 350 KB)<\/li>\n<li>Do\u011fan G\u00f6\u00e7men:<br \/>\nPlechanow: Die Marxsche Philosophie als Fortsetzung undWeiterentwicklung von Hegels \u201eAlgebra der Revolution\u201c<\/li>\n<li>Wolfgang Beutin:<br \/>\nKarlheinz Deschners Kritik am Christentum<\/li>\n<li>Ehrung f\u00fcr Julius Fu\u010dik und Ernst Th\u00e4lmann<\/li>\n<\/ul>\n<p><strong>Chronik<br \/>\nMeldungen, Meinungen<\/strong><\/p>\n<ul>\n<li>Dennis Riehle:<br \/>\n<a href=\"https:\/\/www.freidenker.org\/?p=692\">Missbrauchsskandale: Nichts gelernt!<\/a><\/li>\n<li>Georg Korfmacher:<br \/>\nCatholica versagt Hilfe im Notfall<\/li>\n<\/ul>\n<p><strong>Portrait<br \/>\nAus den Landesverb\u00e4nden<br \/>\nB\u00fccher f\u00fcr Freidenker<\/strong><\/p>\n<ul>\n<li>Dr. Gerhard Feldbauer :<br \/>\n<a href=\"https:\/\/www.freidenker.org\/?p=432\">Vor 45 Jahren: Das Massaker von My Lai<\/a><br \/>\n(<img data-recalc-dims=\"1\" loading=\"lazy\" decoding=\"async\" data-attachment-id=\"1072\" data-permalink=\"https:\/\/www.freidenker.org\/?attachment_id=1072\" data-orig-file=\"https:\/\/i0.wp.com\/www.freidenker.org\/fw17\/wp-content\/uploads\/2017\/10\/pdf_icon-e1509487447542.png?fit=16%2C16&amp;ssl=1\" data-orig-size=\"16,16\" data-comments-opened=\"0\" data-image-meta=\"{&quot;aperture&quot;:&quot;0&quot;,&quot;credit&quot;:&quot;&quot;,&quot;camera&quot;:&quot;&quot;,&quot;caption&quot;:&quot;&quot;,&quot;created_timestamp&quot;:&quot;0&quot;,&quot;copyright&quot;:&quot;&quot;,&quot;focal_length&quot;:&quot;0&quot;,&quot;iso&quot;:&quot;0&quot;,&quot;shutter_speed&quot;:&quot;0&quot;,&quot;title&quot;:&quot;&quot;,&quot;orientation&quot;:&quot;0&quot;}\" data-image-title=\"pdf_icon_16\" data-image-description=\"\" data-image-caption=\"\" data-large-file=\"https:\/\/i0.wp.com\/www.freidenker.org\/fw17\/wp-content\/uploads\/2017\/10\/pdf_icon-e1509487447542.png?fit=16%2C16&amp;ssl=1\" class=\"alignnone size-full wp-image-1072\" src=\"https:\/\/i0.wp.com\/www.freidenker.org\/fw17\/wp-content\/uploads\/2017\/10\/pdf_icon-e1509487447542.png?resize=16%2C16&#038;ssl=1\" alt=\"\" width=\"16\" height=\"16\" \/> <a href=\"https:\/\/www.freidenker.org\/fw17\/wp-content\/uploads\/2016\/08\/frei01-2013-gerhard-feldbauer.pdf\" target=\"_blank\" rel=\"noopener\">PDF-Dokument<\/a>, ca. 290 KB)<\/li>\n<\/ul>\n<p>Bundesverdienstkreuz f\u00fcr die deutsche R\u00fcstungsindustrie<\/p>\n<p>&nbsp;<\/p>\n","protected":false},"excerpt":{"rendered":"<p><strong>Die Ausgabe 1-13 des Verbandsorgans FREIDENKER hat das Schwerpunkt-Thema \u201eFreidenker-Religionskritik\u201c<\/strong> und enth\u00e4lt u.a folgende Beitr\u00e4ge:<br \/>\n&#8211; Horst Schild: Vor dreihundert Jahren \u2013 \u201eDiscourse of Free-thinking\u201c<br \/>\n&#8211; Klaus Hartmann: Freies Denken im Wandel seiner Bedeutung<br \/>\n&#8211; Daniel Bratanovi\u0107: Karl-Marx-Jahr<br \/>\n&#8211; Do\u011fan G\u00f6\u00e7men: Plechanow: Die Marxsche Philosophie als Fortsetzung undWeiterentwicklung von Hegels \u201eAlgebra der Revolution\u201c<br \/>\n&#8211; Wolfgang Beutin: Karlheinz Deschners Kritik am Christentum<br \/>\n&#8211; Dr. Gerhard Feldbauer : Vor 45 Jahren: Das Massaker von My Lai<\/p>\n","protected":false},"author":2,"featured_media":2548,"comment_status":"closed","ping_status":"closed","sticky":false,"template":"","format":"standard","meta":{"colormag_page_container_layout":"default_layout","colormag_page_sidebar_layout":"default_layout","advanced_seo_description":"","jetpack_seo_html_title":"","jetpack_seo_noindex":false,"jetpack_post_was_ever_published":false,"footnotes":""},"categories":[8],"tags":[26,279],"class_list":["post-772","post","type-post","status-publish","format-standard","has-post-thumbnail","hentry","category-verbandsorgan-freidenker","tag-freidenker","tag-religionskritik"],"jetpack_featured_media_url":"https:\/\/i0.wp.com\/www.freidenker.org\/fw17\/wp-content\/uploads\/2017\/12\/FD_2013-01_Titel_mR.jpg?fit=800%2C445&ssl=1","jetpack_shortlink":"https:\/\/wp.me\/p9stpK-cs","jetpack-related-posts":[{"id":4850,"url":"https:\/\/www.freidenker.org\/?p=4850","url_meta":{"origin":772,"position":0},"title":"FREIDENKER 1-18 &#8211; Karl Marx zum 200. Geburtstag","author":"Webredaktion","date":"23. M\u00e4rz 2018","format":false,"excerpt":"Die Ausgabe 1-18 des Verbandsorgans FREIDENKER hat das Schwerpunkt-Thema \"Karl Marx zum 200. Geburtstag\" und enth\u00e4lt u.a. folgende Beitr\u00e4ge: - Horst Schild: Dialog mit Karl - Gerhard Steinl: Marx und das idealistische Erbe - Thomas Metscher: Marx\u2018 Gespenst und die Zukunft des Marxismus - Freidenker vor 35 Jahren: Erich Wernig:\u2026","rel":"","context":"In &quot;Verbandsorgan FREIDENKER&quot;","block_context":{"text":"Verbandsorgan FREIDENKER","link":"https:\/\/www.freidenker.org\/?cat=8"},"img":{"alt_text":"","src":"https:\/\/i0.wp.com\/www.freidenker.org\/fw17\/wp-content\/uploads\/2018\/03\/FD_2018-01_Titel_mR.jpg?fit=800%2C445&ssl=1&resize=350%2C200","width":350,"height":200,"srcset":"https:\/\/i0.wp.com\/www.freidenker.org\/fw17\/wp-content\/uploads\/2018\/03\/FD_2018-01_Titel_mR.jpg?fit=800%2C445&ssl=1&resize=350%2C200 1x, https:\/\/i0.wp.com\/www.freidenker.org\/fw17\/wp-content\/uploads\/2018\/03\/FD_2018-01_Titel_mR.jpg?fit=800%2C445&ssl=1&resize=525%2C300 1.5x, https:\/\/i0.wp.com\/www.freidenker.org\/fw17\/wp-content\/uploads\/2018\/03\/FD_2018-01_Titel_mR.jpg?fit=800%2C445&ssl=1&resize=700%2C400 2x"},"classes":[]},{"id":783,"url":"https:\/\/www.freidenker.org\/?p=783","url_meta":{"origin":772,"position":1},"title":"FREIDENKER 3-13 &#8211; Islam &#8211; Islamismus &#8211; Politischer Islam zwischen Imperialismus und Antiimperialismus","author":"Webmaster","date":"16. September 2013","format":false,"excerpt":"Die Ausgabe 3-13 des Verbandsorgans FREIDENKER hat das Schwerpunkt-Thema \u201eIslam - Islamismus - Politischer Islam zwischen Imperialismus und Antiimperialismus\u201c und enth\u00e4lt u.a folgende Beitr\u00e4ge: - Klaus Hartmann: Religionskritik unter Islamophobie-Verdacht? Islamophobie unter dem Vorwand von Religionskritik? - Domenico Losurdo: Fundamentalismus im Islam und anderswo - Klaus von Raussendorf: Politischer Islam\u2026","rel":"","context":"In &quot;Verbandsorgan FREIDENKER&quot;","block_context":{"text":"Verbandsorgan FREIDENKER","link":"https:\/\/www.freidenker.org\/?cat=8"},"img":{"alt_text":"","src":"https:\/\/i0.wp.com\/www.freidenker.org\/fw17\/wp-content\/uploads\/2017\/12\/FD_2013-03_Titel_mR.jpg?fit=800%2C445&ssl=1&resize=350%2C200","width":350,"height":200,"srcset":"https:\/\/i0.wp.com\/www.freidenker.org\/fw17\/wp-content\/uploads\/2017\/12\/FD_2013-03_Titel_mR.jpg?fit=800%2C445&ssl=1&resize=350%2C200 1x, https:\/\/i0.wp.com\/www.freidenker.org\/fw17\/wp-content\/uploads\/2017\/12\/FD_2013-03_Titel_mR.jpg?fit=800%2C445&ssl=1&resize=525%2C300 1.5x, https:\/\/i0.wp.com\/www.freidenker.org\/fw17\/wp-content\/uploads\/2017\/12\/FD_2013-03_Titel_mR.jpg?fit=800%2C445&ssl=1&resize=700%2C400 2x"},"classes":[]},{"id":716,"url":"https:\/\/www.freidenker.org\/?p=716","url_meta":{"origin":772,"position":2},"title":"FREIDENKER 2-09 &#8211; Aufkl\u00e4rung &#8211; Aktuelle Aufgaben &#8211; Verbandstag 2009","author":"Webmaster","date":"2. Juli 2009","format":false,"excerpt":"Die Ausgabe 2-09 des Verbandsorgans FREIDENKER hat das Schwerpunkt-Thema \u201eAufkl\u00e4rung - Aktuelle Aufgaben - Verbandstag 2009\u201c und enth\u00e4lt u.a folgende Beitr\u00e4ge: - Horst Schild: Le si\u00e8cle de lumi\u00e8res \u2013 das Zeitalter der Lichter - Wolf-Dieter Gudopp-von Behm: Anst\u00f6\u00dfe zum Thema \u201eAufkl\u00e4rung\u201c - Lorenz Knorr: Ex-Bundespr\u00e4sident Herzogs Beihilfe zur Geschichtsf\u00e4lschung -\u2026","rel":"","context":"In &quot;Verbandsorgan FREIDENKER&quot;","block_context":{"text":"Verbandsorgan FREIDENKER","link":"https:\/\/www.freidenker.org\/?cat=8"},"img":{"alt_text":"","src":"https:\/\/i0.wp.com\/www.freidenker.org\/fw17\/wp-content\/uploads\/2017\/12\/FD_2009-02_Titel_mR.jpg?fit=800%2C445&ssl=1&resize=350%2C200","width":350,"height":200,"srcset":"https:\/\/i0.wp.com\/www.freidenker.org\/fw17\/wp-content\/uploads\/2017\/12\/FD_2009-02_Titel_mR.jpg?fit=800%2C445&ssl=1&resize=350%2C200 1x, https:\/\/i0.wp.com\/www.freidenker.org\/fw17\/wp-content\/uploads\/2017\/12\/FD_2009-02_Titel_mR.jpg?fit=800%2C445&ssl=1&resize=525%2C300 1.5x, https:\/\/i0.wp.com\/www.freidenker.org\/fw17\/wp-content\/uploads\/2017\/12\/FD_2009-02_Titel_mR.jpg?fit=800%2C445&ssl=1&resize=700%2C400 2x"},"classes":[]},{"id":7313,"url":"https:\/\/www.freidenker.org\/?p=7313","url_meta":{"origin":772,"position":3},"title":"FREIDENKER 4-19  \u2013 Klima im Wandel der Zeit","author":"Webredaktion","date":"18. Dezember 2019","format":false,"excerpt":"Die Ausgabe 4-19 des Verbandsorgans FREIDENKER hat das Schwerpunkt-Thema \u201eKlima im Wandel der Zeit\u201c und enth\u00e4lt u.a. folgende Beitr\u00e4ge: - Klaus Hartmann: Kapitalismus, Umweltzerst\u00f6rung und Klimastreit - William F. Engdahl: Das Klima und die Spur des Geldes - Cory Morningstar \u00fcber \u201edie Greta-Konsens-Fabrikation\u201c - Hans-J\u00fcrgen Bandelt: Die Klima-T\u00e4uscher - Annett\u2026","rel":"","context":"In &quot;Verbandsorgan FREIDENKER&quot;","block_context":{"text":"Verbandsorgan FREIDENKER","link":"https:\/\/www.freidenker.org\/?cat=8"},"img":{"alt_text":"","src":"https:\/\/i0.wp.com\/www.freidenker.org\/fw17\/wp-content\/uploads\/2019\/12\/FD_2019-04_Titel_mR.jpg?fit=800%2C445&ssl=1&resize=350%2C200","width":350,"height":200,"srcset":"https:\/\/i0.wp.com\/www.freidenker.org\/fw17\/wp-content\/uploads\/2019\/12\/FD_2019-04_Titel_mR.jpg?fit=800%2C445&ssl=1&resize=350%2C200 1x, https:\/\/i0.wp.com\/www.freidenker.org\/fw17\/wp-content\/uploads\/2019\/12\/FD_2019-04_Titel_mR.jpg?fit=800%2C445&ssl=1&resize=525%2C300 1.5x, https:\/\/i0.wp.com\/www.freidenker.org\/fw17\/wp-content\/uploads\/2019\/12\/FD_2019-04_Titel_mR.jpg?fit=800%2C445&ssl=1&resize=700%2C400 2x"},"classes":[]},{"id":790,"url":"https:\/\/www.freidenker.org\/?p=790","url_meta":{"origin":772,"position":4},"title":"FREIDENKER 4-13 &#8211; 1914: 1. Weltkrieg &#8211; 100 Jahre gegen imperialistische Kriege","author":"Webmaster","date":"16. Dezember 2013","format":false,"excerpt":"Die Ausgabe 4-13 des Verbandsorgans FREIDENKER hat das Schwerpunkt-Thema \u201e1914: 1. Weltkrieg - 100 Jahre gegen imperialistische Kriege\u201c und enth\u00e4lt u.a folgende Beitr\u00e4ge: - Klaus Hartmann: Der unbekannte Weltkrieg - Karlheinz Deschner: Leo XIII., Pius X. und der erste Weltkrieg - Eberhard Schinck: Imperialismus, Weltkrieg und Weltkriegsgefahr - Marx\u2019 \u201eLeitfaden\u201c\u2026","rel":"","context":"In &quot;Verbandsorgan FREIDENKER&quot;","block_context":{"text":"Verbandsorgan FREIDENKER","link":"https:\/\/www.freidenker.org\/?cat=8"},"img":{"alt_text":"","src":"https:\/\/i0.wp.com\/www.freidenker.org\/fw17\/wp-content\/uploads\/2017\/12\/FD_2013-04_Titel_mR.jpg?fit=800%2C445&ssl=1&resize=350%2C200","width":350,"height":200,"srcset":"https:\/\/i0.wp.com\/www.freidenker.org\/fw17\/wp-content\/uploads\/2017\/12\/FD_2013-04_Titel_mR.jpg?fit=800%2C445&ssl=1&resize=350%2C200 1x, https:\/\/i0.wp.com\/www.freidenker.org\/fw17\/wp-content\/uploads\/2017\/12\/FD_2013-04_Titel_mR.jpg?fit=800%2C445&ssl=1&resize=525%2C300 1.5x, https:\/\/i0.wp.com\/www.freidenker.org\/fw17\/wp-content\/uploads\/2017\/12\/FD_2013-04_Titel_mR.jpg?fit=800%2C445&ssl=1&resize=700%2C400 2x"},"classes":[]},{"id":840,"url":"https:\/\/www.freidenker.org\/?p=840","url_meta":{"origin":772,"position":5},"title":"FREIDENKER 4-15 EXTRA &#8211; N\u00fctzlicher Freind: Der &#8222;Faktor Islam&#8220;","author":"Webmaster","date":"16. Dezember 2015","format":false,"excerpt":"Die Extra-Ausgabe 4-15 des Verbandsorgans FREIDENKER enth\u00e4lt die Beitr\u00e4ge der Konferenz \"N\u00fctzlicher Freind: Der \"Faktor Islam\" in den Weltmachtstrategien des Westens\", die am 12.09.2015 in Frankfurt am Main stattfand. Darin u.a.: - Klaus Hartmann: Freidenker - Religionskritik - Islam - Klaus von Raussendorff: Der takfiristische Terrorismus in der Debatte der\u2026","rel":"","context":"In &quot;Verbandsorgan FREIDENKER&quot;","block_context":{"text":"Verbandsorgan FREIDENKER","link":"https:\/\/www.freidenker.org\/?cat=8"},"img":{"alt_text":"","src":"https:\/\/i0.wp.com\/www.freidenker.org\/fw17\/wp-content\/uploads\/2017\/12\/FD_2015-04_Titel_mR.jpg?fit=800%2C445&ssl=1&resize=350%2C200","width":350,"height":200,"srcset":"https:\/\/i0.wp.com\/www.freidenker.org\/fw17\/wp-content\/uploads\/2017\/12\/FD_2015-04_Titel_mR.jpg?fit=800%2C445&ssl=1&resize=350%2C200 1x, https:\/\/i0.wp.com\/www.freidenker.org\/fw17\/wp-content\/uploads\/2017\/12\/FD_2015-04_Titel_mR.jpg?fit=800%2C445&ssl=1&resize=525%2C300 1.5x, https:\/\/i0.wp.com\/www.freidenker.org\/fw17\/wp-content\/uploads\/2017\/12\/FD_2015-04_Titel_mR.jpg?fit=800%2C445&ssl=1&resize=700%2C400 2x"},"classes":[]}],"_links":{"self":[{"href":"https:\/\/www.freidenker.org\/index.php?rest_route=\/wp\/v2\/posts\/772","targetHints":{"allow":["GET"]}}],"collection":[{"href":"https:\/\/www.freidenker.org\/index.php?rest_route=\/wp\/v2\/posts"}],"about":[{"href":"https:\/\/www.freidenker.org\/index.php?rest_route=\/wp\/v2\/types\/post"}],"author":[{"embeddable":true,"href":"https:\/\/www.freidenker.org\/index.php?rest_route=\/wp\/v2\/users\/2"}],"replies":[{"embeddable":true,"href":"https:\/\/www.freidenker.org\/index.php?rest_route=%2Fwp%2Fv2%2Fcomments&post=772"}],"version-history":[{"count":0,"href":"https:\/\/www.freidenker.org\/index.php?rest_route=\/wp\/v2\/posts\/772\/revisions"}],"wp:featuredmedia":[{"embeddable":true,"href":"https:\/\/www.freidenker.org\/index.php?rest_route=\/wp\/v2\/media\/2548"}],"wp:attachment":[{"href":"https:\/\/www.freidenker.org\/index.php?rest_route=%2Fwp%2Fv2%2Fmedia&parent=772"}],"wp:term":[{"taxonomy":"category","embeddable":true,"href":"https:\/\/www.freidenker.org\/index.php?rest_route=%2Fwp%2Fv2%2Fcategories&post=772"},{"taxonomy":"post_tag","embeddable":true,"href":"https:\/\/www.freidenker.org\/index.php?rest_route=%2Fwp%2Fv2%2Ftags&post=772"}],"curies":[{"name":"wp","href":"https:\/\/api.w.org\/{rel}","templated":true}]}}