{"id":7652,"date":"2020-03-04T01:30:51","date_gmt":"2020-03-04T00:30:51","guid":{"rendered":"https:\/\/www.freidenker.org\/?p=7652"},"modified":"2020-03-24T13:23:05","modified_gmt":"2020-03-24T12:23:05","slug":"bulgarien-gespaltene-eliten-und-ein-balanceakt-zwischen-russland-und-dem-westen","status":"publish","type":"post","link":"https:\/\/www.freidenker.org\/?p=7652","title":{"rendered":"Bulgarien: Gespaltene Eliten und ein Balanceakt zwischen Russland und dem Westen"},"content":{"rendered":"<p><strong>2004 trat das ehemals sozialistische Bulgarien der NATO bei, drei Jahre sp\u00e4ter folgte der EU-Beitritt. Doch die Westanbindung verschaffte dem Land keine politische Stabilit\u00e4t. Der Machtkampf zwischen dem Ministerpr\u00e4sidenten und dem Staatspr\u00e4sidenten zeugt von der politischen Zerrissenheit.<\/strong><\/p>\n<p><em>von <strong>Anton Latzo<\/strong><\/em><\/p>\n<p><em><span style=\"font-size: 10pt;\">(Erstver\u00f6ffentlichung am 02.03.2020 auf <a href=\"https:\/\/deutsch.rt.com\/meinung\/98422-bulgarien-gespaltene-eliten-und-balanceakt\/\" target=\"_blank\" rel=\"noopener noreferrer\">RT Deutsch<\/a>)<\/span><\/em><\/p>\n<p>Bulgarien ist gepr\u00e4gt von einer Instabilit\u00e4t des politischen Systems sowie wachsender sozialer Unzufriedenheit. Der Balkanstaat ist das \u00e4rmste Land innerhalb der EU. Ein Arbeiter hat ein Einkommen von rund 400 Euro im Monat, ein Rentner muss mit 100 Euro \u00fcber die Runden kommen. Die steigenden Kosten f\u00fcr den Lebensunterhalt k\u00f6nnen sie damit oft nicht decken.<\/p>\n<h5>Versprochen wurde viel<\/h5>\n<p>Der Mann, der 2009 Ministerpr\u00e4sident wurde, ist mit dem Versprechen angetreten, die Lage des Landes und seiner Bewohner zu verbessern. Bojko Borissow ist, mit Unterbrechung, zwar noch immer Ministerpr\u00e4sident, die Lage hat sich aber nicht zugunsten der Menschen ge\u00e4ndert.<\/p>\n<p>Die Regierung hat die Hoheit \u00fcber die Wirtschaft und die Wirtschafts- und Finanzpolitik des Landes verloren. Grunds\u00e4tzliche Entscheidungen werden von den Eigent\u00fcmern des Kapitals getroffen, das aber \u00fcberwiegend aus dem Ausland kommt. Nach dem Zerfall des Ostblocks wurden nicht nur die Eigentumsverh\u00e4ltnisse in der ehemaligen sozialistischen Volksrepublik neu geordnet. Auch die historisch gewachsene Struktur der Wirtschaft mitsamt internationaler Verflechtung wurde zerschlagen.<\/p>\n<p>Die Handlungsmaxime der Regierenden leitet sich seitdem aus den Erfordernissen ab, Sicherheit f\u00fcr Kapital und Profit zu schaffen. In diesem Sinne wurden die Verfassung, das politische System, das Rechtssystem sowie die Au\u00dfenpolitik Bulgariens angepasst.<\/p>\n<p>Offensichtlich regieren nicht die gew\u00e4hlten Institutionen (Parlament, Regierung, Parteien). Sie vermitteln bestenfalls zwischen den ausl\u00e4ndischen Eigent\u00fcmern sowie deren Interessen und den Interessen der Bulgaren. Sie machen &#8222;great deals&#8220;, die von den Geheimdiensten eingef\u00e4delt und von der Justiz als legal abgesegnet werden.<\/p>\n<p>Schlie\u00dflich wurden derartige Ma\u00dfnahmen unter dem Gesichtspunkt durchgepeitscht, die Vorgaben der EU zu erf\u00fcllen, um Mitglied dieser Organisation zu werden. Diese Vorgaben gingen und gehen jedoch von den Bed\u00fcrfnissen und Zielen der EU-M\u00e4chtigen aus. Daraus entwickelte sich ein unertr\u00e4glicher Druck auf Bulgarien, der destruktive Folgen in Wirtschaft, Gesellschaft und Politik des Landes hatte und hat.<\/p>\n<h5>Der Zar als Demokrat<\/h5>\n<p>Personifiziert ist diese Politik mit Bojko Borissow, Ministerpr\u00e4sident Bulgariens und Bewahrer einer bestimmten historischen Linie des Landes. Es ist die Linie, die von Simeon II. von Sachsen-Coburg auch personell wieder belebt wurde. Dieser war minderj\u00e4hrig\u00a0 von 1943 bis 1946 der letzte Zar des Zarentums Bulgarien. Er kehrte 1996 aus seinem spanischen Exil zur\u00fcck, das ihm von Diktator Franco gew\u00e4hrt wurde. Er wurde politisch aktiv und gr\u00fcndete eine &#8222;Nationale Bewegung Simeon II. &#8222;, die seit 2007 modernisiert &#8222;Nationale Bewegung f\u00fcr Stabilit\u00e4t und Fortschritt&#8220; (NDSW) hei\u00dft. Mit dieser Partei \u00fcbernahm der ehemalige Zar 2001 die Aufgabe, als Ministerpr\u00e4sident die Restauration in Bulgarien zu vollenden.<\/p>\n<p>Nachdem Bojko Borissow, ausgebildeter Personensch\u00fctzer von Todor Schiwkow, den Personenschutz von Simeon II. nach dessen R\u00fcckkehr nach Bulgarien \u00fcbernommen hatte, wurde er unter Ministerpr\u00e4sident Simeon II. Polizeichef und Staatssekret\u00e4r im Innenministerium.<\/p>\n<p>Mit der schwindenden Autorit\u00e4t Simeons II. konfrontiert, wurde im M\u00e4rz 2007 die sich selbst als &#8222;konservativ&#8220; einordnende Partei &#8222;B\u00fcrger f\u00fcr eine europ\u00e4ische Entwicklung Bulgariens&#8220; (GERB) gegr\u00fcndet. An deren Spitze gestaltete Borissow Mehrheiten im Parlament und wurde Ministerpr\u00e4sident, bis heute. Gern weist er darauf hin, dass er mit Angela Merkel der \u00e4lteste Regierungschef der EU ist.<\/p>\n<h5>Krieg der Institutionen<\/h5>\n<p>Die wachsenden Widerspr\u00fcche in der bulgarischen Gesellschaft und in der Politik wurden auch anl\u00e4sslich der Pr\u00e4sidentenwahlen von 2017 offenbar. GERB musste eine Niederlage einstecken. Gew\u00e4hlt wurde Rumen Radew, der Kandidat der Bulgarischen Sozialistischen Partei (BSP). Seitdem hat die offene Auseinandersetzung \u00fcber die wachsenden Probleme zugenommen. Sie hat die Ausma\u00dfe eines Krieges der Institutionen angenommen, der aber keine L\u00f6sung in Aussicht stellt.<\/p>\n<p>Anfang Februar 2020 hat Staatspr\u00e4sident Rumen Radew der Regierung das Vertrauen entzogen, weil sie seiner Ansicht nach nicht im Interesse der B\u00fcrger handle. Borissow regiert aber weiter! Der Generalstaatsanwalt reagierte, indem er den Staatspr\u00e4sidenten der Korruption beschuldigt.<\/p>\n<p>Pr\u00e4sident Radew begr\u00fcndete seine Haltung mit folgender Einsch\u00e4tzung:<\/p>\n<blockquote><p>Wir sind Zeugen einer akuten F\u00fchrungskrise auf allen Ebenen. Es fehlt der Wille f\u00fcr Reformen und f\u00fcr den Kampf gegen die Korruption. Die st\u00e4ndige Missachtung der Gesetze f\u00fchrte zur L\u00e4hmung ganzer \u00f6ffentlicher Systeme und Institutionen. Die Gesetzgebung ist zu einer Geisel lobbyistischer Interessen geworden; Armut und Ungleichheit vertiefen sich. Staatliche Organe erlauben sich, jene einzusch\u00fcchtern, die protestieren und nicht mit der Lage einverstanden sind. Organisiert wird ein Vormarsch gegen die B\u00fcrgerfreiheiten. Die heutige F\u00fchrung f\u00fchrt zu einem Zerfall der Staatlichkeit und raubt uns die Zukunft. All dem muss ein Ende bereitet werden.<\/p><\/blockquote>\n<p>Diese Einsch\u00e4tzung des h\u00f6chsten Repr\u00e4sentanten zeigt die Breite und die Tiefe der Widerspr\u00fcche innerhalb der bulgarischen Gesellschaft.<\/p>\n<h5>Instabilit\u00e4t ist g\u00fcnstiger Boden f\u00fcr Politik der NATO-M\u00e4chte<\/h5>\n<p>Diese Lage wirft zus\u00e4tzliche Probleme auf, wenn man sie in Zusammenhang mit der Au\u00dfenpolitik des Landes sieht. Sie wird von den Gro\u00dfm\u00e4chten der NATO und der EU ausgenutzt, um das Land zu erpressen und eigene \u00f6konomische, politische und milit\u00e4rstrategische Ziele zu verfolgen. Gemeinsam wollen sie dabei Bulgarien missbrauchen, um geostrategisch gegen Russland und China erfolgreich zu sein. Bulgarien und die Region des Balkans (Schwarzes Meer) k\u00f6nnten sich als wichtiges Kampffeld f\u00fcr die Austragung der Widerspr\u00fcche zwischen diesen Gro\u00dfm\u00e4chten herausbilden!<\/p>\n<p>Es ist ein explosives Gemisch, das in der Geschichte schon wiederholt mit katastrophalen Folgen zur Explosion gebracht wurde, denn die zahlreichen Nationalit\u00e4tenprobleme k\u00f6nnen als Z\u00fcnder eingesetzt werden.<\/p>\n<p>Die Au\u00dfenpolitik der bulgarischen Regierung wird von dem Bem\u00fchen gepr\u00e4gt, zwischen den Interessen der EU, der USA und Russlands zu &#8222;balancieren&#8220;. Das\u00a0 Ergebnis, gleich wie es ausgeht, wird gegenw\u00e4rtig nicht die von der NATO und der EU gesetzten Grenzen sprengen. Konflikte d\u00fcrften aber zunehmen, weil die Fragen Atomstrom, Pipelines, Handels- und Wirtschaftsbeziehungen einer L\u00f6sung bed\u00fcrfen. Aktuelles Beispiel: Trotz Kritik aus den USA flie\u00dft russisches Erdgas nach Bulgarien, das zum Transitland f\u00fcr S\u00fcdosteuropa wird.<\/p>\n<p>Es zeigt sich auch bei Bulgarien, dass es ohne Angleichung des \u00f6konomischen und sozialen Entwicklungsniveaus, einer darauf beruhenden politischen und kulturellen Ann\u00e4herung zwischen den V\u00f6lkern und Staaten eine produktive Einheitlichkeit des politischen Willens in der EU nicht geben kann. Ohne diese Angleichung ist die Ost-West-Migration nicht zu verhindern und das <a>&#8222;<\/a>europ\u00e4ische Projekt&#8220; nicht zu verwirklichen.<\/p>\n<h5>Beziehungen zu NATO und USA<\/h5>\n<p>Entsprechend den bestimmenden Verh\u00e4ltnissen in Bulgarien stehen die Beziehungen zu NATO\/USA und zur EU\/Deutschland im Mittelpunkt des Interesses der Regierung.<\/p>\n<p>Die Beziehungen zu den USA werden besonders von den geostrategischen Bestrebungen Washingtons sowie von dem Platz bestimmt, den die USA in diesem Zusammenhang dem Balkan zuordnen. Seit 2006 haben die USA in Bulgarien vier Milit\u00e4rst\u00fctzpunkte auf bilateraler Grundlage eingerichtet: der Truppen\u00fcbungsplatz Novo Selo f\u00fcr die Ausbildung von Bodentruppen, der Luftwaffenst\u00fctzpunkt Besmer, der Luftwaffenst\u00fctzpunkt Graf Ignatjewo und das Aitos Logistics Center. Experten z\u00e4hlen Besmer zu den sechs wichtigsten US-St\u00fctzpunkten au\u00dferhalb der USA. Laut Vertrag k\u00f6nnen bis zu 2.500 Amerikaner st\u00e4ndig in Bulgarien stationiert werden. Weitere 2.500 k\u00f6nnen f\u00fcr jeweils 90 Tage zus\u00e4tzlich anwesend sein.<\/p>\n<p>Im November 2019 wurde zwischen den USA und Bulgarien ein Rahmenvertrag f\u00fcr die k\u00fcnftige strategische Zusammenarbeit in den Bereichen Wirtschaft, IT-Technologie, Bildung, Verteidigung, Medienfreiheit und Rechtsstaatlichkeit abgeschlossen. Er zeigt die von beiden Seiten angestrebte Breite der Beziehungen. Er legalisiert aber auch die Politik der Einmischung der USA in die inneren Angelegenheiten anderer L\u00e4nder und zementiert die Anzahl und Langfristigkeit der US-Milit\u00e4rst\u00fctzpunkte.<\/p>\n<h5>Bulgarien und die EU<\/h5>\n<p>Im Verh\u00e4ltnis zur EU stehen die Wirtschaftsbeziehungen im Mittelpunkt des Interesses. Die bulgarische Regierung will 2023 den Euro einf\u00fchren. Deutschland hat sich seit 2014 vor Italien, Rum\u00e4nien, Russland und der T\u00fcrkei als Handelspartner positioniert. Etwa 5.000 deutsche Firmen sind beteiligt. Bei einem Umsatz Bulgariens von 56 Milliarden Euro betr\u00e4gt das deutsch-bulgarische Handelsvolumen 7,5 Milliarden Euro. Im Tourismus, auf den ca. 13 Prozent des bulgarischen Bruttoinlandsproduktes (BIP) entfallen, ist Deutschland mit mehr als 800.000 Besuchern die drittgr\u00f6\u00dfte Gruppe.<\/p>\n<h5>Beziehungen zu Russland<\/h5>\n<p>Gegen\u00fcber Russland folge Bulgarien laut Premier Borissow den nationalen Interessen und ber\u00fccksichtige &#8222;die gemeinsame europ\u00e4ische und transatlantische Politik&#8220;. Offiziell wird darauf verwiesen, dass es f\u00fcr die Entwicklung &#8222;pragmatischer&#8220; und gegenseitig vorteilhafter bilateraler Beziehungen keine Hindernisse gebe. Doch sind diese weit vom einstigen Stand entfernt. Sie werden offensichtlich von den Beziehungen Bulgariens zur NATO und EU negativ beeinflusst. Borissow wertet als Erfolg, dass es gelungen sei, <a>&#8222;<\/a>unter Sanktionsbedingungen und gro\u00dfer Anspannung gute und pragmatische Arbeitsbeziehungen [zu Russland] unterhalten und trotz der schwierigen internationalen Beziehungen den guten Ton zu wahren&#8220;.<\/p>\n<p>Putin bezeichnete den Besuch des bulgarischen Pr\u00e4sidenten Radew in Moskau im Mai 2018 als &#8222;gutes Signal f\u00fcr die Erneuerung der russisch-bulgarischen Beziehungen&#8220;. Es wurde damals vereinbart, Bulgarien wieder in die Umsetzung des Gaspipeline-Projekts durch Verbindung <a href=\"https:\/\/deutsch.rt.com\/europa\/96559-turkish-stream-in-betrieb\/\">mit Turkish Stream<\/a> einzubeziehen. Positive Perspektiven wurden auch f\u00fcr die Wiederaufnahme der Zusammenarbeit bei den zwei Atomstrom-Projekten Bulgariens (Belene und Kosloduj) aufgezeigt. Radew wies aber auch darauf hin, dass es &#8222;nach drei eingestellten Gro\u00dfprojekten, unter den Bedingungen von Sanktionen und Begrenzungen und nach dem kurzsichtigen politischen Gerede der letzten Jahre schwer ist, \u00fcber Vertrauen zu sprechen&#8220;.<\/p>\n<h5>Fazit<\/h5>\n<p>In den letzten zwei bis drei Jahren hat in Bulgarien eine Verschiebung der politischen Betrachtungsweisen begonnen. Die aktuelle Lage wird als &#8222;stabile Instabilit\u00e4t&#8220; beschrieben. Der Ruf nach Debatten \u00fcber Ziele und Richtung der inneren Entwicklung und der Au\u00dfenpolitik wird deutlicher.<\/p>\n<p>Man geht aber davon aus, dass &#8222;abrupte politische Ver\u00e4nderungen nur im Ergebnis drastischer Ver\u00e4nderung der \u00e4u\u00dferen Konjunktur&#8220; erfolgen k\u00f6nnen. Im Jahr 2019 war ein deutliches Auseinanderdriften der Positionen der beiden politischen Hauptlager festzustellen, die einerseits vom Ministerpr\u00e4sidenten und andererseits vom Staatspr\u00e4sidenten angef\u00fchrt werden. Vom Ausgang dieser Auseinandersetzung h\u00e4ngt sehr viel ab.<\/p>\n<p style=\"text-align: right;\"><em>Prof. Dr. Anton Latzo ist Historiker und Mitglied des Beirats des Deutschen Freidenker-Verbandes<\/em><\/p>\n<p>&nbsp;<\/p>\n<p><em>RT Deutsch bem\u00fcht sich um ein breites Meinungsspektrum. Gastbeitr\u00e4ge und Meinungsartikel m\u00fcssen nicht die Sichtweise der Redaktion widerspiegeln.<\/em><\/p>\n<p>Link zur Erstver\u00f6ffentlichung: <a href=\"https:\/\/deutsch.rt.com\/meinung\/98422-bulgarien-gespaltene-eliten-und-balanceakt\/\" target=\"_blank\" rel=\"noopener noreferrer\">https:\/\/deutsch.rt.com\/meinung\/98422-bulgarien-gespaltene-eliten-und-balanceakt\/<\/a><\/p>\n<hr \/>\n<p><span style=\"font-size: 10pt;\">Bild: <a href=\"https:\/\/pxhere.com\/da\/photo\/535374\" target=\"_blank\" rel=\"noopener noreferrer\">pxhere.com<\/a> \/ Creative Commons CC0<\/span><\/p>\n","protected":false},"excerpt":{"rendered":"<p><b>Beitrag von Anton Latzo<\/b><br \/>\n2004 trat das ehemals sozialistische Bulgarien der NATO bei, drei Jahre sp\u00e4ter folgte der EU-Beitritt. Doch die Westanbindung verschaffte dem Land keine politische Stabilit\u00e4t. Der Machtkampf zwischen dem Ministerpr\u00e4sidenten und dem Staatspr\u00e4sidenten zeugt von der politischen Zerrissenheit. &#8230; Bulgarien ist gepr\u00e4gt von einer Instabilit\u00e4t des politischen Systems sowie wachsender sozialer Unzufriedenheit. Der Balkanstaat ist das \u00e4rmste Land innerhalb der EU. Ein Arbeiter hat ein Einkommen von rund 400 Euro im Monat, ein Rentner muss mit 100 Euro \u00fcber die Runden kommen. Die steigenden Kosten f\u00fcr den Lebensunterhalt k\u00f6nnen sie damit oft nicht decken.\u00a0<\/p>\n","protected":false},"author":3,"featured_media":7653,"comment_status":"closed","ping_status":"closed","sticky":false,"template":"","format":"standard","meta":{"colormag_page_container_layout":"default_layout","colormag_page_sidebar_layout":"default_layout","advanced_seo_description":"","jetpack_seo_html_title":"","jetpack_seo_noindex":false,"jetpack_post_was_ever_published":false,"footnotes":""},"categories":[13],"tags":[699,1250,182,56,185],"class_list":["post-7652","post","type-post","status-publish","format-standard","has-post-thumbnail","hentry","category-frieden-antifaschismus-solidaritaet","tag-aussenpolitik","tag-bulgarien","tag-eu","tag-nato","tag-usa"],"jetpack_featured_media_url":"https:\/\/i0.wp.com\/www.freidenker.org\/fw17\/wp-content\/uploads\/2020\/03\/flags_bulgaria_european_union_ec-535374_800x445.jpg?fit=800%2C445&ssl=1","jetpack_shortlink":"https:\/\/wp.me\/p9stpK-1Zq","jetpack-related-posts":[{"id":7440,"url":"https:\/\/www.freidenker.org\/?p=7440","url_meta":{"origin":7652,"position":0},"title":"Russland und Serbien: Beziehungen zum gegenseitigen Vorteil","author":"Webredaktion","date":"19. Januar 2020","format":false,"excerpt":"Beitrag von Prof. Dr. Anton Latzo Westliche Politiker, Medien, NGOs, Denkfabriken und ihre Fabrikanten betrachten Serbien und seine Politik vorwiegend unter dem Gesichtspunkt eines Beitritts oder Nichtbeitritts dieses Landes zur \"Europ\u00e4ischen Union\" (EU) und zur NATO. Russland wird dabei stets St\u00f6rfaktor gesehen, wenn nicht gar als B\u00f6sewicht dargestellt. Die tats\u00e4chlichen\u2026","rel":"","context":"In &quot;Frieden - Antifaschismus - Solidarit\u00e4t&quot;","block_context":{"text":"Frieden - Antifaschismus - Solidarit\u00e4t","link":"https:\/\/www.freidenker.org\/?cat=13"},"img":{"alt_text":"","src":"https:\/\/i0.wp.com\/www.freidenker.org\/fw17\/wp-content\/uploads\/2020\/01\/putin_vucic_2019_800x445.jpg?fit=800%2C445&ssl=1&resize=350%2C200","width":350,"height":200,"srcset":"https:\/\/i0.wp.com\/www.freidenker.org\/fw17\/wp-content\/uploads\/2020\/01\/putin_vucic_2019_800x445.jpg?fit=800%2C445&ssl=1&resize=350%2C200 1x, https:\/\/i0.wp.com\/www.freidenker.org\/fw17\/wp-content\/uploads\/2020\/01\/putin_vucic_2019_800x445.jpg?fit=800%2C445&ssl=1&resize=525%2C300 1.5x, https:\/\/i0.wp.com\/www.freidenker.org\/fw17\/wp-content\/uploads\/2020\/01\/putin_vucic_2019_800x445.jpg?fit=800%2C445&ssl=1&resize=700%2C400 2x"},"classes":[]},{"id":22768,"url":"https:\/\/www.freidenker.org\/?p=22768","url_meta":{"origin":7652,"position":1},"title":"Wahrheitsleugnerin Ursula von der Leyen auf gef\u00e4hrlichem Kurs","author":"Webredaktion","date":"7. September 2025","format":false,"excerpt":"Die EU-Kommissionspr\u00e4sidentin ignoriert Moskaus Warnungen vor einem Einsatz europ\u00e4ischer Nato-Truppen in der Ukraine Ein Kommentar von Tilo Gr\u00e4ser Die nicht durch eine demokratische Wahl ins Amt gekommene Pr\u00e4sidentin der EU-Kommission Ursula von der Leyen spielt anscheinend schon mal Oberkommandierende einer nichtexistierenden EU-Armee. So kann zumindest gedeutet werden, was sie am\u2026","rel":"","context":"In &quot;Demokratie \u2013 Medien \u2013 Aufkl\u00e4rung&quot;","block_context":{"text":"Demokratie \u2013 Medien \u2013 Aufkl\u00e4rung","link":"https:\/\/www.freidenker.org\/?cat=12"},"img":{"alt_text":"","src":"https:\/\/i0.wp.com\/www.freidenker.org\/fw17\/wp-content\/uploads\/2025\/09\/Press_conference__Zelensky_and_von_der_Leyen_at_the_EC_-_2025_800x450.jpg?fit=800%2C450&ssl=1&resize=350%2C200","width":350,"height":200,"srcset":"https:\/\/i0.wp.com\/www.freidenker.org\/fw17\/wp-content\/uploads\/2025\/09\/Press_conference__Zelensky_and_von_der_Leyen_at_the_EC_-_2025_800x450.jpg?fit=800%2C450&ssl=1&resize=350%2C200 1x, https:\/\/i0.wp.com\/www.freidenker.org\/fw17\/wp-content\/uploads\/2025\/09\/Press_conference__Zelensky_and_von_der_Leyen_at_the_EC_-_2025_800x450.jpg?fit=800%2C450&ssl=1&resize=525%2C300 1.5x, https:\/\/i0.wp.com\/www.freidenker.org\/fw17\/wp-content\/uploads\/2025\/09\/Press_conference__Zelensky_and_von_der_Leyen_at_the_EC_-_2025_800x450.jpg?fit=800%2C450&ssl=1&resize=700%2C400 2x"},"classes":[]},{"id":18646,"url":"https:\/\/www.freidenker.org\/?p=18646","url_meta":{"origin":7652,"position":2},"title":"Warum Macron so auf Odessa fixiert ist","author":"Webredaktion","date":"31. M\u00e4rz 2024","format":false,"excerpt":"Von Dagmar Henn Bei den schwankenden \u00c4u\u00dferungen des franz\u00f6sischen Pr\u00e4sidenten Emmanuel Macron sticht ein Detail\u00a0ins Auge \u2013 immer wieder taucht Odessa auf. Nicht Kiew, nicht Charkow, nein, es scheint eine Befreiung Odessas zu sein, die um jeden Preis verhindert werden m\u00fcsse. \u00dcbrigens schreibe ich in diesem Fall ganz absichtlich explizit\u2026","rel":"","context":"In &quot;Demokratie \u2013 Medien \u2013 Aufkl\u00e4rung&quot;","block_context":{"text":"Demokratie \u2013 Medien \u2013 Aufkl\u00e4rung","link":"https:\/\/www.freidenker.org\/?cat=12"},"img":{"alt_text":"","src":"https:\/\/i0.wp.com\/www.freidenker.org\/fw17\/wp-content\/uploads\/2024\/03\/Emmanuel_Macron_-_51830991330_800x450.jpg?fit=800%2C450&ssl=1&resize=350%2C200","width":350,"height":200,"srcset":"https:\/\/i0.wp.com\/www.freidenker.org\/fw17\/wp-content\/uploads\/2024\/03\/Emmanuel_Macron_-_51830991330_800x450.jpg?fit=800%2C450&ssl=1&resize=350%2C200 1x, https:\/\/i0.wp.com\/www.freidenker.org\/fw17\/wp-content\/uploads\/2024\/03\/Emmanuel_Macron_-_51830991330_800x450.jpg?fit=800%2C450&ssl=1&resize=525%2C300 1.5x, https:\/\/i0.wp.com\/www.freidenker.org\/fw17\/wp-content\/uploads\/2024\/03\/Emmanuel_Macron_-_51830991330_800x450.jpg?fit=800%2C450&ssl=1&resize=700%2C400 2x"},"classes":[]},{"id":19626,"url":"https:\/\/www.freidenker.org\/?p=19626","url_meta":{"origin":7652,"position":3},"title":"Einigkeit in EU und NATO? Nach Ungarn und Slowakei nun auch Italien auf Abwegen","author":"Webredaktion","date":"2. August 2024","format":false,"excerpt":"von Rainer Rupp \"Marco Polo hat uns gelehrt, zu wagen, die Bindung zwischen Italien und China zu st\u00e4rken.\" Das sagte die italienische Ministerpr\u00e4sidentin Meloni am Montag, den 28. Juli, bei der Er\u00f6ffnung der Ausstellung \u00fcber Marco Polo im Millennium Museum in Peking. Meloni ist dort auf einer Charmeoffensive, um den\u2026","rel":"","context":"In &quot;Demokratie \u2013 Medien \u2013 Aufkl\u00e4rung&quot;","block_context":{"text":"Demokratie \u2013 Medien \u2013 Aufkl\u00e4rung","link":"https:\/\/www.freidenker.org\/?cat=12"},"img":{"alt_text":"","src":"https:\/\/i0.wp.com\/www.freidenker.org\/fw17\/wp-content\/uploads\/2024\/08\/Giorgia_Meloni_at_the_Special_European_Council_-_2024_06_800x450.jpg?fit=800%2C450&ssl=1&resize=350%2C200","width":350,"height":200,"srcset":"https:\/\/i0.wp.com\/www.freidenker.org\/fw17\/wp-content\/uploads\/2024\/08\/Giorgia_Meloni_at_the_Special_European_Council_-_2024_06_800x450.jpg?fit=800%2C450&ssl=1&resize=350%2C200 1x, https:\/\/i0.wp.com\/www.freidenker.org\/fw17\/wp-content\/uploads\/2024\/08\/Giorgia_Meloni_at_the_Special_European_Council_-_2024_06_800x450.jpg?fit=800%2C450&ssl=1&resize=525%2C300 1.5x, https:\/\/i0.wp.com\/www.freidenker.org\/fw17\/wp-content\/uploads\/2024\/08\/Giorgia_Meloni_at_the_Special_European_Council_-_2024_06_800x450.jpg?fit=800%2C450&ssl=1&resize=700%2C400 2x"},"classes":[]},{"id":14139,"url":"https:\/\/www.freidenker.org\/?p=14139","url_meta":{"origin":7652,"position":4},"title":"\u201ePolitischer Konsens in NATO und EU\u201c zur Verarmung und Zerst\u00f6rung Deutschlands","author":"Webredaktion","date":"4. September 2022","format":false,"excerpt":"Ein Kommentar von Rainer Rupp In einem Interview mit dem RedaktionsNetzwerk Deutschland, RND, erkennt der Th\u00fcringer Ministerpr\u00e4sident Bodo Ramelow von \u201eDie Linke\u201c in unserem bisher durch \u201eDick und D\u00fcnn\u201c, selbst im Kalten Krieg verl\u00e4sslichen Energie Lieferanten Russland \u201ceinen m\u00f6rderischen Nationalismus\u201d. Geht es nach Ramelow, der nicht erst gestern im neo-liberalen\u2026","rel":"","context":"In &quot;Arbeit &amp; Soziales&quot;","block_context":{"text":"Arbeit &amp; Soziales","link":"https:\/\/www.freidenker.org\/?cat=11"},"img":{"alt_text":"","src":"https:\/\/i0.wp.com\/www.freidenker.org\/fw17\/wp-content\/uploads\/2022\/09\/finger-2573745_800x450.jpg?fit=800%2C450&ssl=1&resize=350%2C200","width":350,"height":200,"srcset":"https:\/\/i0.wp.com\/www.freidenker.org\/fw17\/wp-content\/uploads\/2022\/09\/finger-2573745_800x450.jpg?fit=800%2C450&ssl=1&resize=350%2C200 1x, https:\/\/i0.wp.com\/www.freidenker.org\/fw17\/wp-content\/uploads\/2022\/09\/finger-2573745_800x450.jpg?fit=800%2C450&ssl=1&resize=525%2C300 1.5x, https:\/\/i0.wp.com\/www.freidenker.org\/fw17\/wp-content\/uploads\/2022\/09\/finger-2573745_800x450.jpg?fit=800%2C450&ssl=1&resize=700%2C400 2x"},"classes":[]},{"id":8064,"url":"https:\/\/www.freidenker.org\/?p=8064","url_meta":{"origin":7652,"position":5},"title":"Souver\u00e4ne Au\u00dfenpolitik: Tschechien will nicht Pufferzone des Westens sein","author":"Webredaktion","date":"13. Mai 2020","format":false,"excerpt":"Beitrag von von Anton Latzo Ministerpr\u00e4sident Andrej Babi\u0161 macht sich f\u00fcr die Souver\u00e4nit\u00e4t seines Landes stark \u2013 und eckt damit in Br\u00fcssel und Berlin an, will es aber nicht zum Bruch mit der EU kommen lassen. ... Auch in Tschechien ist der Teufelskreis aus Reichtum und Macht bestimmend f\u00fcr das\u2026","rel":"","context":"In &quot;Demokratie \u2013 Medien \u2013 Aufkl\u00e4rung&quot;","block_context":{"text":"Demokratie \u2013 Medien \u2013 Aufkl\u00e4rung","link":"https:\/\/www.freidenker.org\/?cat=12"},"img":{"alt_text":"","src":"https:\/\/i0.wp.com\/www.freidenker.org\/fw17\/wp-content\/uploads\/2020\/05\/prague-1845560_800x450.jpg?fit=800%2C450&ssl=1&resize=350%2C200","width":350,"height":200,"srcset":"https:\/\/i0.wp.com\/www.freidenker.org\/fw17\/wp-content\/uploads\/2020\/05\/prague-1845560_800x450.jpg?fit=800%2C450&ssl=1&resize=350%2C200 1x, https:\/\/i0.wp.com\/www.freidenker.org\/fw17\/wp-content\/uploads\/2020\/05\/prague-1845560_800x450.jpg?fit=800%2C450&ssl=1&resize=525%2C300 1.5x, https:\/\/i0.wp.com\/www.freidenker.org\/fw17\/wp-content\/uploads\/2020\/05\/prague-1845560_800x450.jpg?fit=800%2C450&ssl=1&resize=700%2C400 2x"},"classes":[]}],"_links":{"self":[{"href":"https:\/\/www.freidenker.org\/index.php?rest_route=\/wp\/v2\/posts\/7652","targetHints":{"allow":["GET"]}}],"collection":[{"href":"https:\/\/www.freidenker.org\/index.php?rest_route=\/wp\/v2\/posts"}],"about":[{"href":"https:\/\/www.freidenker.org\/index.php?rest_route=\/wp\/v2\/types\/post"}],"author":[{"embeddable":true,"href":"https:\/\/www.freidenker.org\/index.php?rest_route=\/wp\/v2\/users\/3"}],"replies":[{"embeddable":true,"href":"https:\/\/www.freidenker.org\/index.php?rest_route=%2Fwp%2Fv2%2Fcomments&post=7652"}],"version-history":[{"count":0,"href":"https:\/\/www.freidenker.org\/index.php?rest_route=\/wp\/v2\/posts\/7652\/revisions"}],"wp:featuredmedia":[{"embeddable":true,"href":"https:\/\/www.freidenker.org\/index.php?rest_route=\/wp\/v2\/media\/7653"}],"wp:attachment":[{"href":"https:\/\/www.freidenker.org\/index.php?rest_route=%2Fwp%2Fv2%2Fmedia&parent=7652"}],"wp:term":[{"taxonomy":"category","embeddable":true,"href":"https:\/\/www.freidenker.org\/index.php?rest_route=%2Fwp%2Fv2%2Fcategories&post=7652"},{"taxonomy":"post_tag","embeddable":true,"href":"https:\/\/www.freidenker.org\/index.php?rest_route=%2Fwp%2Fv2%2Ftags&post=7652"}],"curies":[{"name":"wp","href":"https:\/\/api.w.org\/{rel}","templated":true}]}}