{"id":7631,"date":"2020-03-02T02:59:00","date_gmt":"2020-03-02T01:59:00","guid":{"rendered":"https:\/\/www.freidenker.org\/?p=7631"},"modified":"2020-03-24T13:22:38","modified_gmt":"2020-03-24T12:22:38","slug":"fuer-ein-selbstbestimmtes-und-wuerdiges-sterben","status":"publish","type":"post","link":"https:\/\/www.freidenker.org\/?p=7631","title":{"rendered":"F\u00fcr ein selbstbestimmtes und w\u00fcrdiges Sterben"},"content":{"rendered":"<p><strong>\u00c4rzte und Vereine d\u00fcrfen sterbewilligen Menschen wieder straffrei Beihilfe zur Selbstt\u00f6tung leisten. Das hat der Zweite Senat des Bundesverfassungsgerichts in Karlsruhe am 26. Februar 2020 entschieden. Die Richter erkl\u00e4rten den \u00a7 217 des StGB und damit das seit 2015 geltende Verbot der gesch\u00e4ftsm\u00e4\u00dfigen Hilfe beim Suizid als verfassungswidrig. Es gebe ein Recht auf selbstbestimmtes Sterben.<\/strong><\/p>\n<p><strong>Mit diesem Urteil nimmt die pro &amp; contra-Debatte wieder Fahrt auf. Der Deutsche Freidenker-Verband hatte sich vor geraumer Zeit entschieden, keine verbindliche Position zur aktiven Sterbehilfe zu beziehen. Die entsprechende Argumentation dazu hatten wir in unserer Zeitschrift FREIDENKER in der \u201eSpezial-Ausgabe\u201c 2-2003 zum Thema \u201eVorschl\u00e4ge zu einer weltlich-humanistischen Ethik und Praxis f\u00fcr das Leben des Menschen\u201c ver\u00f6ffentlicht.<\/strong><\/p>\n<p><strong>Diese Argumentation war bisher auf unserer Webseite nicht verf\u00fcgbar, weshalb wir sie aus aktuellem Anlass hiermit zug\u00e4nglich machen.<\/strong><\/p>\n<p>&nbsp;<\/p>\n<p><em>Auszug aus \u201e<strong>Vorschl\u00e4ge zu einer weltlich-humanistischen Ethik und Praxis f\u00fcr das Leben des Menschen\u201c<\/strong>, FREIDENKER Spezial (2-2003), S. 11-13<\/em><\/p>\n<p><img data-recalc-dims=\"1\" loading=\"lazy\" decoding=\"async\" data-attachment-id=\"7634\" data-permalink=\"https:\/\/www.freidenker.org\/?attachment_id=7634\" data-orig-file=\"https:\/\/i0.wp.com\/www.freidenker.org\/fw17\/wp-content\/uploads\/2020\/03\/FD_2003-2_Titel_mR.jpg?fit=559%2C798&amp;ssl=1\" data-orig-size=\"559,798\" data-comments-opened=\"0\" data-image-meta=\"{&quot;aperture&quot;:&quot;0&quot;,&quot;credit&quot;:&quot;&quot;,&quot;camera&quot;:&quot;&quot;,&quot;caption&quot;:&quot;&quot;,&quot;created_timestamp&quot;:&quot;0&quot;,&quot;copyright&quot;:&quot;&quot;,&quot;focal_length&quot;:&quot;0&quot;,&quot;iso&quot;:&quot;0&quot;,&quot;shutter_speed&quot;:&quot;0&quot;,&quot;title&quot;:&quot;&quot;,&quot;orientation&quot;:&quot;1&quot;}\" data-image-title=\"FD_2003-2_Titel_mR\" data-image-description=\"\" data-image-caption=\"\" data-large-file=\"https:\/\/i0.wp.com\/www.freidenker.org\/fw17\/wp-content\/uploads\/2020\/03\/FD_2003-2_Titel_mR.jpg?fit=559%2C798&amp;ssl=1\" class=\"alignnone wp-image-7634 size-full\" src=\"https:\/\/i0.wp.com\/www.freidenker.org\/fw17\/wp-content\/uploads\/2020\/03\/FD_2003-2_Titel_mR.jpg?resize=559%2C798&#038;ssl=1\" alt=\"\" width=\"559\" height=\"798\" srcset=\"https:\/\/i0.wp.com\/www.freidenker.org\/fw17\/wp-content\/uploads\/2020\/03\/FD_2003-2_Titel_mR.jpg?w=559&amp;ssl=1 559w, https:\/\/i0.wp.com\/www.freidenker.org\/fw17\/wp-content\/uploads\/2020\/03\/FD_2003-2_Titel_mR.jpg?resize=210%2C300&amp;ssl=1 210w\" sizes=\"auto, (max-width: 559px) 100vw, 559px\" \/><\/p>\n<h5>Sterbebegleitung und menschenw\u00fcrdiges Sterben<\/h5>\n<p>Mit der Vertr\u00f6stung auf ein besseres Jenseits, das jenen winke, die sich zuvor der Obrigkeit und den \u201ereligi\u00f6sen Autorit\u00e4ten\u201c f\u00fcgen, wurden und werden ganze Generationen in Angst und Schrecken versetzt und vom Kampf f\u00fcr eine bessere Zukunft ,,auf Erden\u201c abgehalten. Freidenkern als philosophischen Materialisten sind Vorstellungen \u00fcber ein \u201eLeben nach dem Tod\u201c fremd. K\u00f6rper, Geist und Psyche sind eine Einheit, solange der Mensch lebt. Was von einem Menschen bleibt, der von uns geht, ist das, was er in seinem Leben getan und uns hinterlassen hat. Darin lebt er weiter.<\/p>\n<p>Freidenker wirken f\u00fcr eine realistische Einstellung, ein nat\u00fcrliches Verh\u00e4ltnis zu Sterben und Tod, gegen deren weitgehende Verdr\u00e4ngung und Tabuisierung in unserer Gesellschaft. Sterben und Tod verlieren in dem Ma\u00df ihren Schrecken, wie sie ihrer dunklen Geheimnishaftigkeit entkleidet werden.<\/p>\n<p>Freidenker treten f\u00fcr eine umfassende Sterbebegleitung ein, als Lebenshilfe auf dem letzten Weg. Eine Sterbebegleitung sowohl durch Nahestehende des Sterbenden wie durch Besch\u00e4ftigte in den Pflege- und Gesundheitseinrichtungen sollte von der grunds\u00e4tzlichen Pr\u00e4misse ausgehen, dass Sterben \u2014 wie die Geburt \u2014 unabdingbar zur nat\u00fcrlichen Daseinsweise jedes menschlichen Individuums geh\u00f6rt. Jedes Leben ist endlich, wie das Leben hat auch das Sterben seine individuelle Einmaligkeit.<\/p>\n<p>Einf\u00fchlsames Verhalten soll Angst vor dem Sterben abbauen und mithelfen, Einsamkeit und das Gef\u00fchl mangelnder Geborgenheit zu vermeiden oder wenigstens zu mildern.<\/p>\n<p>Der Abbau von Angst vor dem Sterben und dessen Erleichterung erfordert die umfassende Aufkl\u00e4rung \u00fcber alle M\u00f6glichkeiten der Palliativmedizin, konsequenter Schmerztherapie und deren uneingeschr\u00e4nkte Anwendung. Sterbebegleitung muss ebenso die Pers\u00f6nlichkeit und W\u00fcrde des Sterbenden achten. Wie unterschiedliche religi\u00f6se oder weltanschauliche \u00dcberzeugungen die Gedanken und die Gef\u00fchlswelt des Menschen w\u00e4hrend seines bewussten Lebens beeinflusst haben, respektieren wir dies auch im Sterbeprozess und nach dem Tod als private, individuelle Angelegenheit. In diesem Sinne treten Freidenker f\u00fcr eine Sterbebegleitung ein, die das Individuum mit allen seinen Rechten achtet.<\/p>\n<p>Wir fordern das Recht auf ein selbstbestimmtes und w\u00fcrdiges Sterben als wichtiger Bestandteil des gesellschaftlichen Lebens. Wir treten ein f\u00fcr rechtzeitige Sterbe- und Bestattungsvorsorge als Teil bewusster Lebensplanung. Wir unterst\u00fctzen die Bekanntmachung und Nutzung der Patientenvollmacht nach \u00a7 1896 BGB in Kombination mit einer wirksamen Patientenverf\u00fcgung. In ihr k\u00f6nnen Festlegungen \u00fcber eine konsequente Schmerzbek\u00e4mpfung, die Anwendung oder Unterlassung lebenserhaltender Ma\u00dfnahmen, k\u00fcnstliche Ern\u00e4hrung, des Einsatzes oder Abschaltens von Maschinen und Apparaten sowie \u00fcber Transplantation und Obduktion enthalten sein.<\/p>\n<p>Es m\u00fcssen ausreichende Mittel f\u00fcr Fortbildungsangebote f\u00fcr das medizinische Personal zur Sterbebegleitung, f\u00fcr die Schmerztherapie, f\u00fcr Hospize und andere palliativmedizinische Einrichtungen zur Verf\u00fcgung gestellt werden.<\/p>\n<h5>Freitod und Sterbehilfe<\/h5>\n<p>Freidenker halten die Vorstellung des Lebens als \u201evon Gott gegeben\u201c, der allein \u201ees wieder nehmen\u201c k\u00f6nne, f\u00fcr irrational. Sie akzeptieren daher, wenn Menschen sich entschlie\u00dfen, ihrem Leben selbst ein Ende zu setzen. Die in diesem Zusammenhang oft reklamierte Selbstbestimmung muss jedoch kritisch befragt werden: Handeln Menschen, die den Freitod w\u00e4hlen wollen, nicht \u00fcberwiegend in Situationen, die ihnen ausweglos erscheinen, unter tats\u00e4chlichen oder vermeintlichen Zw\u00e4ngen? Wer meint, er sei f\u00fcr die Gesellschaft oder die Angeh\u00f6rigen \u201eunzumutbar\u201c und m\u00fcsse diese von sich \u201eerl\u00f6sen\u201c, handelt nicht selbstbestimmt, sondern in hohem Ma\u00dfe fremdbestimmt. Wer sich in einer Lebenskrise oder aus Verzweiflung selbst t\u00f6ten will, ben\u00f6tigt umfassende Hilfen und ggf. therapeutische Ma\u00dfnahmen, die Alternativen f\u00fcr das Weiterleben aufzeigen.<\/p>\n<p>Bei aller Toleranz propagieren Freidenker die Selbstt\u00f6tung nicht, auch um nicht einem gesellschaftlichen Klima Vorschub zu leisten, in dem die Selbstt\u00f6tung in ausweglos scheinenden Situationen praktisch \u201eerwartet\u201c und als \u201esolidarischer\u201c Akt nahe gelegt wird. Priorit\u00e4t haben selbstbestimmte \u00e4rztliche, pflegerische und psychosoziale Ma\u00dfnahmen zur Erleichterung der Krankheit, Linderung des Leidens und Erleichterung des Sterbens sowie der Verzicht auf Ma\u00dfnahmen, die bei unheilbaren Erkrankungen zwar das Leben, aber auch Leiden verl\u00e4ngern und vermehren. Dabei ist auch eine Lebensverk\u00fcrzung infolge palliativer Ma\u00dfnahmen tolerabel. Freidenker fordern umfassende Hilfe und Rehabilitationsm\u00f6glichkeiten f\u00fcr Hirngesch\u00e4digte und Wachkomapatienten und umfassende psycho-soziale Betreuungsangebote f\u00fcr ihre Angeh\u00f6rigen.<\/p>\n<p>Wenn Patienten wegen bevorstehender unertr\u00e4glicher Leiden sich trotzdem zu einer Selbstt\u00f6tung ernsthaft entschlossen haben, d\u00fcrfen ihnen Informationen auch dar\u00fcber nicht vorenthalten werden, wie sie ein schmerzfreies Ende ihres Lebens selbst herbeif\u00fchren k\u00f6nnen. Da es keinen Straftatbestand der Beihilfe zum \u201eSelbstmord\u201c gibt, m\u00fcssen auch Sanktionen wegen \u201eunterlassener Hilfeleistung\u201c i. S. einer Verhinderung der Selbstt\u00f6tung unterbleiben.<\/p>\n<p>Jedoch sind Hilfen bei einer Selbstt\u00f6tung nur zu akzeptieren, wenn der Patient seinen Willen eindeutig und bei vollem Bewusstsein ge\u00e4u\u00dfert hat. Eine ersatzweise Willenserkl\u00e4rung Dritter oder das Abstellen auf den \u201emutma\u00dflichen\u201c Willen eines Patienten, der zu einer \u00c4u\u00dferung nicht in der Lage ist, sind strikt abzulehnen.<\/p>\n<p>Ob es eine dar\u00fcber hinaus gehende Legalisierung von aktiver Sterbehilfe geben soll, wird auch zwischen Freidenkern kontrovers diskutiert:<\/p>\n<ul>\n<li>Die Bef\u00fcrworter argumentieren, dass die Legalisierung nur konsequent sei, da sich Freidenker prinzipiell der Selbstbestimmung des Menschen verpflichtet f\u00fchlen. Niemand d\u00fcrfe Menschen, die ihre Situation f\u00fcr ausweglos halten, die Inanspruchnahme aktiver Sterbehilfe verbieten. Mit der Straffreistellung werde niemand gezwungen, entsprechend zu handeln, aber jene, die fest entschlossen sind, ihr Leben zu beenden, k\u00f6nnten dies tun, ohne einen hierbei helfenden Menschen zum Kriminellen zu machen.<\/li>\n<li>Die Gegner der aktiven Sterbehilfe halten dagegen, dass Selbstbestimmung in einer solchen Konfliktsituation immer relativ, abh\u00e4ngig von gesellschaftlichen und pers\u00f6nlichen Umfeldbedingungen ist. Sie verweisen auf die \u201eVernichtung lebensunwerten Lebens\u201c durch die deutschen Faschisten und warnen vor der Missbrauchsgefahr einer \u201eSterbenachhilfe\u201c, \u00f6konomisch \u201enicht lohnende\u201c Behandlungen aus Gr\u00fcnden der Kostensenkung einzustellen, und den Patienten einen alles andere als selbstbestimmten \u201eMitleidstod von fremder Hand\u201c nahe zu legen.<\/li>\n<\/ul>\n<p>Der Deutsche Freidenker-Verband ist zu der Auffassung gelangt, dass es unangemessen w\u00e4re, eine im Verband verbindliche Position hierzu durch Mehrheitsabstimmung zu ermitteln. Bei der Kontroverse geht es auch ausschlie\u00dflich um die juristische Seite des Problems, nicht um eine Propagierung aktiver Sterbehilfe. Vielmehr k\u00e4mpfen Freidenker aktiv gegen ein \u00f6ffentliches Meinungsklima und eine Gesundheitspolitik, die das so genannte \u201esozialvertr\u00e4gliche Fr\u00fchableben\u201c nahe legen. Freidenker verlangen gesellschaftliche Bedingungen, in denen sich niemand gen\u00f6tigt sieht, die Gemeinschaft durch den eigenen Tod von einer vermeintlichen \u201eLast\u201c zu befreien.<\/p>\n<hr \/>\n<h5>Download<\/h5>\n<p><img data-recalc-dims=\"1\" loading=\"lazy\" decoding=\"async\" data-attachment-id=\"1076\" data-permalink=\"https:\/\/www.freidenker.org\/?attachment_id=1076\" data-orig-file=\"https:\/\/i0.wp.com\/www.freidenker.org\/fw17\/wp-content\/uploads\/2017\/10\/pdf_icon-2.png?fit=32%2C32&amp;ssl=1\" data-orig-size=\"32,32\" data-comments-opened=\"0\" data-image-meta=\"{&quot;aperture&quot;:&quot;0&quot;,&quot;credit&quot;:&quot;&quot;,&quot;camera&quot;:&quot;&quot;,&quot;caption&quot;:&quot;&quot;,&quot;created_timestamp&quot;:&quot;0&quot;,&quot;copyright&quot;:&quot;&quot;,&quot;focal_length&quot;:&quot;0&quot;,&quot;iso&quot;:&quot;0&quot;,&quot;shutter_speed&quot;:&quot;0&quot;,&quot;title&quot;:&quot;&quot;,&quot;orientation&quot;:&quot;0&quot;}\" data-image-title=\"pdf_icon\" data-image-description=\"\" data-image-caption=\"\" data-large-file=\"https:\/\/i0.wp.com\/www.freidenker.org\/fw17\/wp-content\/uploads\/2017\/10\/pdf_icon-2.png?fit=32%2C32&amp;ssl=1\" class=\"alignnone size-full wp-image-1076\" src=\"https:\/\/i0.wp.com\/www.freidenker.org\/fw17\/wp-content\/uploads\/2017\/10\/pdf_icon-2.png?resize=32%2C32&#038;ssl=1\" alt=\"\" width=\"32\" height=\"32\" \/>\u00a0<a href=\"https:\/\/www.freidenker.org\/fw17\/wp-content\/uploads\/2020\/03\/03-02-Sterbehilfe-1.pdf\" target=\"_blank\" rel=\"noopener noreferrer\">Auszug aus \u201e<strong>Vorschl\u00e4ge zu einer weltlich-humanistischen Ethik und Praxis f\u00fcr das Leben des Menschen\u201c<\/strong>, FREIDENKER Spezial (2-2003), Kapitel \u201e<strong>Sterbebegleitung und menschenw\u00fcrdiges Sterben<\/strong>\u201c sowie \u201e<strong>Freitod und Sterbehilfe\u201c<\/strong><\/a> (gescanntes PDF-Dokument, ca. 1,3 MB)<strong><br \/>\n<\/strong><\/p>\n<hr \/>\n<p><span style=\"font-size: 10pt;\">Bild: <a href=\"https:\/\/pixabay.com\/de\/photos\/hospiz-hand-in-hand-pflege-1793998\/\" target=\"_blank\" rel=\"noopener noreferrer\">pixabay.com<\/a> \/ User: <a class=\"hover_opacity\" href=\"https:\/\/pixabay.com\/de\/users\/truthseeker08-2411480\/\">truthseeker08<\/a> \/ Lizenz: <a href=\"https:\/\/pixabay.com\/de\/service\/license\/\">Pixabay License<\/a><\/span><\/p>\n","protected":false},"excerpt":{"rendered":"<p>\u00c4rzte und Vereine d\u00fcrfen sterbewilligen Menschen wieder straffrei Beihilfe zur Selbstt\u00f6tung leisten. Das hat der Zweite Senat des Bundesverfassungsgerichts in Karlsruhe am 26. Februar 2020 entschieden.<br \/>\nMit diesem Urteil nimmt die pro &#038; contra-Debatte wieder Fahrt auf. Der Deutsche Freidenker-Verband hatte sich vor geraumer Zeit entschieden, keine verbindliche Position zur aktiven Sterbehilfe zu beziehen. Die entsprechende Argumentation dazu hatten wir in unserer Zeitschrift FREIDENKER in der &#8222;Spezial-Ausgabe&#8220; 2-2003 ver\u00f6ffentlicht. Diese Argumentation war bisher auf unserer Webseite nicht enthalten, weshalb wir sie aus aktuellem Anlass hiermit zug\u00e4nglich machen.<\/p>\n","protected":false},"author":3,"featured_media":7637,"comment_status":"closed","ping_status":"closed","sticky":false,"template":"","format":"standard","meta":{"colormag_page_container_layout":"default_layout","colormag_page_sidebar_layout":"default_layout","advanced_seo_description":"","jetpack_seo_html_title":"","jetpack_seo_noindex":false,"jetpack_post_was_ever_published":false,"footnotes":""},"categories":[11,16],"tags":[1247,778,1246,1244,1245,1248],"class_list":["post-7631","post","type-post","status-publish","format-standard","has-post-thumbnail","hentry","category-arbeit-soziales","category-weltanschauung-philosophie","tag-bundesverfassungsgericht","tag-ethik-und-moral","tag-sterbebegleitung","tag-sterbehilfe","tag-sterben","tag-suizid"],"jetpack_featured_media_url":"https:\/\/i0.wp.com\/www.freidenker.org\/fw17\/wp-content\/uploads\/2020\/03\/hospice-1793998_800x445.jpg?fit=800%2C445&ssl=1","jetpack_shortlink":"https:\/\/wp.me\/p9stpK-1Z5","jetpack-related-posts":[{"id":9426,"url":"https:\/\/www.freidenker.org\/?p=9426","url_meta":{"origin":7631,"position":0},"title":"S\u00e4kulare Verst\u00e4ndigung zur Suizidhilfe","author":"Webredaktion","date":"29. Januar 2021","format":false,"excerpt":"Wortmeldung des Koordinierungsrates S\u00e4kularer Organisationen (KORSO) Nachdem das Bundesverfassungsgericht das umstrittene Gesetz \u00a7217 StGB im Februar 2020 gekippt hatte, kamen am vergangenen Freitag auf Einladung des KORSO 15 Vertreterinnen und Vertreter unterschiedlicher Organisationen aus dem s\u00e4kularen Spektrum per Videokonferenz zu einem Expertengespr\u00e4ch zusammen ... um \u00fcber s\u00e4kulare Positionen zur Suizidhilfe\u2026","rel":"","context":"In &quot;Arbeit &amp; Soziales&quot;","block_context":{"text":"Arbeit &amp; Soziales","link":"https:\/\/www.freidenker.org\/?cat=11"},"img":{"alt_text":"","src":"https:\/\/i0.wp.com\/www.freidenker.org\/fw17\/wp-content\/uploads\/2021\/01\/hospice-1821429_800x450.jpg?fit=800%2C450&ssl=1&resize=350%2C200","width":350,"height":200,"srcset":"https:\/\/i0.wp.com\/www.freidenker.org\/fw17\/wp-content\/uploads\/2021\/01\/hospice-1821429_800x450.jpg?fit=800%2C450&ssl=1&resize=350%2C200 1x, https:\/\/i0.wp.com\/www.freidenker.org\/fw17\/wp-content\/uploads\/2021\/01\/hospice-1821429_800x450.jpg?fit=800%2C450&ssl=1&resize=525%2C300 1.5x, https:\/\/i0.wp.com\/www.freidenker.org\/fw17\/wp-content\/uploads\/2021\/01\/hospice-1821429_800x450.jpg?fit=800%2C450&ssl=1&resize=700%2C400 2x"},"classes":[]},{"id":7838,"url":"https:\/\/www.freidenker.org\/?p=7838","url_meta":{"origin":7631,"position":1},"title":"Corona Patentl\u00f6sung","author":"Webredaktion","date":"2. April 2020","format":false,"excerpt":"In der Rubrik Tagesdosis wurde am 27.03.2020 bei KenFM der Beitrag \u201eCorona Patentl\u00f6sung\u201c von Rainer Rupp, Mitglied des Beirats des Deutschen Freidenker-Verbandes, ver\u00f6ffentlicht. Eigentlich wollte ich in meinem heutigen Beitrag darauf eingehen, mit welchen menschenverachtenden Mitteln die Kriegstreiber in Washington die Corona-Krise dazu benutzen, um die Regierung in Teheran und\u2026","rel":"","context":"In &quot;Arbeit &amp; Soziales&quot;","block_context":{"text":"Arbeit &amp; Soziales","link":"https:\/\/www.freidenker.org\/?cat=11"},"img":{"alt_text":"","src":"https:\/\/i0.wp.com\/www.freidenker.org\/fw17\/wp-content\/uploads\/2020\/04\/Corona_Patentl%C3%B6sung_800x450.jpg?fit=800%2C450&ssl=1&resize=350%2C200","width":350,"height":200,"srcset":"https:\/\/i0.wp.com\/www.freidenker.org\/fw17\/wp-content\/uploads\/2020\/04\/Corona_Patentl%C3%B6sung_800x450.jpg?fit=800%2C450&ssl=1&resize=350%2C200 1x, https:\/\/i0.wp.com\/www.freidenker.org\/fw17\/wp-content\/uploads\/2020\/04\/Corona_Patentl%C3%B6sung_800x450.jpg?fit=800%2C450&ssl=1&resize=525%2C300 1.5x, https:\/\/i0.wp.com\/www.freidenker.org\/fw17\/wp-content\/uploads\/2020\/04\/Corona_Patentl%C3%B6sung_800x450.jpg?fit=800%2C450&ssl=1&resize=700%2C400 2x"},"classes":[]},{"id":3235,"url":"https:\/\/www.freidenker.org\/?p=3235","url_meta":{"origin":7631,"position":2},"title":"Solidarit\u00e4tsadresse zum Bildungsstreik","author":"Webredaktion","date":"17. Juni 2009","format":false,"excerpt":"Gru\u00dfadresse von Klaus Hartmann an die Aktiven beim Bildungsstreik 2009 Der Deutsche Freidenker-Verband erkl\u00e4rt sich solidarisch mit Euren Aktionen im Rahmen des Bildungsstreiks 2009. Die Brechung des Bildungsprivilegs ist eine zentrale Forderung der Freidenker seit ihrer Organisierung im 19. Jahrhundert. In unserer programmatischen \u201eBerliner Erkl\u00e4rung\u201c formulieren wir: \u201eDer Deutsche Freidenkerverband\u2026","rel":"","context":"In &quot;Arbeit &amp; Soziales&quot;","block_context":{"text":"Arbeit &amp; Soziales","link":"https:\/\/www.freidenker.org\/?cat=11"},"img":{"alt_text":"","src":"https:\/\/i0.wp.com\/www.freidenker.org\/fw17\/wp-content\/uploads\/2009\/06\/2009-06-17-2-0843_800x445.jpg?fit=800%2C445&ssl=1&resize=350%2C200","width":350,"height":200,"srcset":"https:\/\/i0.wp.com\/www.freidenker.org\/fw17\/wp-content\/uploads\/2009\/06\/2009-06-17-2-0843_800x445.jpg?fit=800%2C445&ssl=1&resize=350%2C200 1x, https:\/\/i0.wp.com\/www.freidenker.org\/fw17\/wp-content\/uploads\/2009\/06\/2009-06-17-2-0843_800x445.jpg?fit=800%2C445&ssl=1&resize=525%2C300 1.5x, https:\/\/i0.wp.com\/www.freidenker.org\/fw17\/wp-content\/uploads\/2009\/06\/2009-06-17-2-0843_800x445.jpg?fit=800%2C445&ssl=1&resize=700%2C400 2x"},"classes":[]},{"id":22989,"url":"https:\/\/www.freidenker.org\/?p=22989","url_meta":{"origin":7631,"position":3},"title":"Bundesweite Demonstration am 03. Oktober: Nie wieder Krieg \u2013 die Waffen nieder","author":"Webredaktion","date":"28. September 2025","format":false,"excerpt":"Bundesweite Demonstration am 3. Oktober 2025 in Berlin und in Stuttgart Die Initiative \u201eNie wieder Krieg \u2013 die Waffen nieder!\u201c ruft f\u00fcr den 3. Oktober gemeinsam mit Friedensorganisationen zu einer bundesweiten Demonstration an zwei Orten in Berlin und Stuttgart auf. Aus dem Aufruf: Die Situation in Europa entwickelt sich gef\u00e4hrlich\u2026","rel":"","context":"In &quot;Frieden - Antifaschismus - Solidarit\u00e4t&quot;","block_context":{"text":"Frieden - Antifaschismus - Solidarit\u00e4t","link":"https:\/\/www.freidenker.org\/?cat=13"},"img":{"alt_text":"","src":"https:\/\/i0.wp.com\/www.freidenker.org\/fw17\/wp-content\/uploads\/2025\/09\/Plakat03-oktober_auszug_800x450.jpg?fit=800%2C450&ssl=1&resize=350%2C200","width":350,"height":200,"srcset":"https:\/\/i0.wp.com\/www.freidenker.org\/fw17\/wp-content\/uploads\/2025\/09\/Plakat03-oktober_auszug_800x450.jpg?fit=800%2C450&ssl=1&resize=350%2C200 1x, https:\/\/i0.wp.com\/www.freidenker.org\/fw17\/wp-content\/uploads\/2025\/09\/Plakat03-oktober_auszug_800x450.jpg?fit=800%2C450&ssl=1&resize=525%2C300 1.5x, https:\/\/i0.wp.com\/www.freidenker.org\/fw17\/wp-content\/uploads\/2025\/09\/Plakat03-oktober_auszug_800x450.jpg?fit=800%2C450&ssl=1&resize=700%2C400 2x"},"classes":[]},{"id":7928,"url":"https:\/\/www.freidenker.org\/?p=7928","url_meta":{"origin":7631,"position":4},"title":"Freidenker-Brief EXTRA April 2020: Die sogenannte Corona-Krise","author":"Webredaktion","date":"16. April 2020","format":false,"excerpt":"Eine Stellungnahme des Deutschen Freidenker-Verbands Das \u201eneuartige Corona-Virus\u201c (SARS-CoV-2) und die dazugeh\u00f6rige Infektionskrankheit CoViD-19 l\u00f6sen weltweit Besorgnis und \u00c4ngste aus, die von Regierungen und Gesetzgebungsorganen mit dem erkl\u00e4rten Ziel der Eind\u00e4mmung der Virusausbreitung verh\u00e4ngten Ma\u00dfnahmen greifen tief in das Leben der Menschen und ihre Rechte ein. \u00dcber die vom Virus\u2026","rel":"","context":"In &quot;Arbeit &amp; Soziales&quot;","block_context":{"text":"Arbeit &amp; Soziales","link":"https:\/\/www.freidenker.org\/?cat=11"},"img":{"alt_text":"","src":"https:\/\/i0.wp.com\/www.freidenker.org\/fw17\/wp-content\/uploads\/2020\/04\/Corona-FD-Montage_v02_800x450.jpg?fit=800%2C450&ssl=1&resize=350%2C200","width":350,"height":200,"srcset":"https:\/\/i0.wp.com\/www.freidenker.org\/fw17\/wp-content\/uploads\/2020\/04\/Corona-FD-Montage_v02_800x450.jpg?fit=800%2C450&ssl=1&resize=350%2C200 1x, https:\/\/i0.wp.com\/www.freidenker.org\/fw17\/wp-content\/uploads\/2020\/04\/Corona-FD-Montage_v02_800x450.jpg?fit=800%2C450&ssl=1&resize=525%2C300 1.5x, https:\/\/i0.wp.com\/www.freidenker.org\/fw17\/wp-content\/uploads\/2020\/04\/Corona-FD-Montage_v02_800x450.jpg?fit=800%2C450&ssl=1&resize=700%2C400 2x"},"classes":[]},{"id":7890,"url":"https:\/\/www.freidenker.org\/?p=7890","url_meta":{"origin":7631,"position":5},"title":"Der Wert eines Lebens","author":"Webredaktion","date":"8. April 2020","format":false,"excerpt":"Beitrag von Hermann Ploppa Am 23. M\u00e4rz 2020 besuchte eine Delegation des Deutschen Instituts f\u00fcr Katastrophenmedizin (IfKM) die Intensivstationen in Stra\u00dfburg. Das IfKM schrieb dar\u00fcber einen Tag sp\u00e4ter einen Brief an die Landesregierung von Baden-W\u00fcrttemberg. Zun\u00e4chst berichteten einschl\u00e4gige Zeitungen, die deutschen Beobachter in Stra\u00dfburg seien \u201eentsetzt\u201c gewesen \u00fcber die dortigen\u2026","rel":"","context":"In &quot;Arbeit &amp; Soziales&quot;","block_context":{"text":"Arbeit &amp; Soziales","link":"https:\/\/www.freidenker.org\/?cat=11"},"img":{"alt_text":"","src":"https:\/\/i0.wp.com\/www.freidenker.org\/fw17\/wp-content\/uploads\/2020\/04\/hospice-1753585_1280.jpg?fit=1200%2C800&ssl=1&resize=350%2C200","width":350,"height":200,"srcset":"https:\/\/i0.wp.com\/www.freidenker.org\/fw17\/wp-content\/uploads\/2020\/04\/hospice-1753585_1280.jpg?fit=1200%2C800&ssl=1&resize=350%2C200 1x, https:\/\/i0.wp.com\/www.freidenker.org\/fw17\/wp-content\/uploads\/2020\/04\/hospice-1753585_1280.jpg?fit=1200%2C800&ssl=1&resize=525%2C300 1.5x, https:\/\/i0.wp.com\/www.freidenker.org\/fw17\/wp-content\/uploads\/2020\/04\/hospice-1753585_1280.jpg?fit=1200%2C800&ssl=1&resize=700%2C400 2x, https:\/\/i0.wp.com\/www.freidenker.org\/fw17\/wp-content\/uploads\/2020\/04\/hospice-1753585_1280.jpg?fit=1200%2C800&ssl=1&resize=1050%2C600 3x"},"classes":[]}],"_links":{"self":[{"href":"https:\/\/www.freidenker.org\/index.php?rest_route=\/wp\/v2\/posts\/7631","targetHints":{"allow":["GET"]}}],"collection":[{"href":"https:\/\/www.freidenker.org\/index.php?rest_route=\/wp\/v2\/posts"}],"about":[{"href":"https:\/\/www.freidenker.org\/index.php?rest_route=\/wp\/v2\/types\/post"}],"author":[{"embeddable":true,"href":"https:\/\/www.freidenker.org\/index.php?rest_route=\/wp\/v2\/users\/3"}],"replies":[{"embeddable":true,"href":"https:\/\/www.freidenker.org\/index.php?rest_route=%2Fwp%2Fv2%2Fcomments&post=7631"}],"version-history":[{"count":0,"href":"https:\/\/www.freidenker.org\/index.php?rest_route=\/wp\/v2\/posts\/7631\/revisions"}],"wp:featuredmedia":[{"embeddable":true,"href":"https:\/\/www.freidenker.org\/index.php?rest_route=\/wp\/v2\/media\/7637"}],"wp:attachment":[{"href":"https:\/\/www.freidenker.org\/index.php?rest_route=%2Fwp%2Fv2%2Fmedia&parent=7631"}],"wp:term":[{"taxonomy":"category","embeddable":true,"href":"https:\/\/www.freidenker.org\/index.php?rest_route=%2Fwp%2Fv2%2Fcategories&post=7631"},{"taxonomy":"post_tag","embeddable":true,"href":"https:\/\/www.freidenker.org\/index.php?rest_route=%2Fwp%2Fv2%2Ftags&post=7631"}],"curies":[{"name":"wp","href":"https:\/\/api.w.org\/{rel}","templated":true}]}}