{"id":761,"date":"2012-10-16T14:53:24","date_gmt":"2012-10-16T12:53:24","guid":{"rendered":"http:\/\/www.freidenker.org\/fw17\/?p=761"},"modified":"2018-01-29T13:25:50","modified_gmt":"2018-01-29T12:25:50","slug":"esm-keine-rettung-vor-krisen-und-kriegen","status":"publish","type":"post","link":"https:\/\/www.freidenker.org\/?p=761","title":{"rendered":"FREIDENKER 3-12 &#8211; ESM &#8211; Keine Rettung vor Krisen und Kriegen"},"content":{"rendered":"<h5><strong>Inhalt:<\/strong> Editorial -Thema:<\/h5>\n<p>Klaus Hartmann:Es rettet uns &#8230;? Verdummung, Krise, Kriege | Sarah Wagenknecht: &#8222;Das ist ein kalter Putsch gegen das Grundgesetz&#8220; | Stefan Eggerdinger: <a href=\"https:\/\/www.freidenker.org\/?p=426\">Eurokrise, Krieg und die Europastrategie des deutschen Kapitals<\/a> | Stefan Eggerdinger: Schulden, Fiskalpakete und andere Rettungsversuche des Ausbeutersystems | Joachim Guilliard: <a href=\"https:\/\/www.freidenker.org\/?p=3094\">Syrien \u2013 das falsche Spiel des Westens<\/a> | Klaus Hartmann: Stoppt den Krieg &#8211; H\u00e4nde weg von Syrien!<\/p>\n<p><strong>Meldungen, Meinungen<\/strong><\/p>\n<p><strong>Aus den Landesverb\u00e4nden<\/strong><\/p>\n<p>Linker Liedersommer<\/p>\n<p><strong>B\u00fccher f\u00fcr Freidenker<\/strong><\/p>\n<p><strong>Anschriften, Impressum<\/strong><\/p>\n<p>Nach Libyslawien ein jugosyrisches Kinder-Bombenfest-Gedicht<br \/>\nvon Hartmut Barth-Engelbart<\/p>\n<p>&nbsp;<\/p>\n","protected":false},"excerpt":{"rendered":"<p><strong>Die Ausgabe 3-12 des Verbandsorgans FREIDENKER hat das Schwerpunkt-Thema \u201eESM &#8211; Keine Rettung vor Krisen und Kriegen\u201c<\/strong> und enth\u00e4lt u.a folgende Beitr\u00e4ge:<br \/>\n&#8211; Klaus Hartmann: Es rettet uns &#8230;? Verdummung, Krise, Kriege<br \/>\n&#8211; Sarah Wagenknecht: &#8222;Das ist ein kalter Putsch gegen das Grundgesetz&#8220;<br \/>\n&#8211; Stefan Eggerdinger: Eurokrise, Krieg und die Europastrategie des deutschen Kapitals<br \/>\n&#8211; Stefan Eggerdinger: Schulden, Fiskalpakete und andere Rettungsversuche des Ausbeutersystems<br \/>\n&#8211; Joachim Guilliard: Syrien \u2013 das falsche Spiel des Westens<br \/>\n&#8211; Klaus Hartmann: Stoppt den Krieg &#8211; H\u00e4nde weg von Syrien!<\/p>\n","protected":false},"author":2,"featured_media":2546,"comment_status":"closed","ping_status":"closed","sticky":false,"template":"","format":"standard","meta":{"colormag_page_container_layout":"default_layout","colormag_page_sidebar_layout":"default_layout","advanced_seo_description":"","jetpack_seo_html_title":"","jetpack_seo_noindex":false,"jetpack_post_was_ever_published":false,"footnotes":""},"categories":[8],"tags":[502,182,181,187,26,441,188,180],"class_list":["post-761","post","type-post","status-publish","format-standard","has-post-thumbnail","hentry","category-verbandsorgan-freidenker","tag-esm","tag-eu","tag-euro","tag-eurokrise","tag-freidenker","tag-kapitalismus","tag-krieg","tag-krise"],"jetpack_featured_media_url":"https:\/\/i0.wp.com\/www.freidenker.org\/fw17\/wp-content\/uploads\/2017\/12\/FD_2012-03_Titel_mR.jpg?fit=800%2C445&ssl=1","jetpack_shortlink":"https:\/\/wp.me\/p9stpK-ch","jetpack-related-posts":[{"id":754,"url":"https:\/\/www.freidenker.org\/?p=754","url_meta":{"origin":761,"position":0},"title":"FREIDENKER 1-12 &#8211; Unser Geld, die EU und die Krise","author":"Webmaster","date":"16. M\u00e4rz 2012","format":false,"excerpt":"Die Ausgabe 1-12 des Verbandsorgans FREIDENKER hat das Schwerpunkt-Thema \u201eUnser Geld, die EU und die Krise\u201c und enth\u00e4lt u.a folgende Beitr\u00e4ge: - Andreas Wehr: Krise, EURO und EU - Emmanuel Korakis: Solidarit\u00e4t mit den streikenden griechischen Stahlarbeitern - Jan Bretschneider: Was sind Ratingagenturen? - Tobias Baumann: (Finanzmarkt-)Krise: Die progressiven L\u00e4nder\u2026","rel":"","context":"In &quot;Verbandsorgan FREIDENKER&quot;","block_context":{"text":"Verbandsorgan FREIDENKER","link":"https:\/\/www.freidenker.org\/?cat=8"},"img":{"alt_text":"","src":"https:\/\/i0.wp.com\/www.freidenker.org\/fw17\/wp-content\/uploads\/2017\/12\/FD_2012-01_Titel_mR.jpg?fit=800%2C445&ssl=1&resize=350%2C200","width":350,"height":200,"srcset":"https:\/\/i0.wp.com\/www.freidenker.org\/fw17\/wp-content\/uploads\/2017\/12\/FD_2012-01_Titel_mR.jpg?fit=800%2C445&ssl=1&resize=350%2C200 1x, https:\/\/i0.wp.com\/www.freidenker.org\/fw17\/wp-content\/uploads\/2017\/12\/FD_2012-01_Titel_mR.jpg?fit=800%2C445&ssl=1&resize=525%2C300 1.5x, https:\/\/i0.wp.com\/www.freidenker.org\/fw17\/wp-content\/uploads\/2017\/12\/FD_2012-01_Titel_mR.jpg?fit=800%2C445&ssl=1&resize=700%2C400 2x"},"classes":[]},{"id":37,"url":"https:\/\/www.freidenker.org\/?p=37","url_meta":{"origin":761,"position":1},"title":"Experte zu Anti-IS-Kampf: Das Feuer nicht mit Benzin l\u00f6schen","author":"Webmaster","date":"28. November 2015","format":false,"excerpt":"Interview von Sputnik Deutschland mit Klaus Hartmann Dass Deutschland und andere EU-Staaten weiterhin Waffen nach Saudi-Arabien oder an Katar liefern, sei ein Problem, sagte der Bundesvorsitzende des Deutschen Freidenker-Verbandes e.V., Klaus Hartmann in einem Sputnik-Interview. \u201eWie sonst soll man die Panzerlieferungen verstehen, wo hier die ersten finanziellen und logistischen Unterst\u00fctzer\u2026","rel":"","context":"In &quot;Frieden - Antifaschismus - Solidarit\u00e4t&quot;","block_context":{"text":"Frieden - Antifaschismus - Solidarit\u00e4t","link":"https:\/\/www.freidenker.org\/?cat=13"},"img":{"alt_text":"","src":"https:\/\/i0.wp.com\/www.freidenker.org\/fw17\/wp-content\/uploads\/2016\/05\/oilfield.jpg?fit=800%2C445&ssl=1&resize=350%2C200","width":350,"height":200,"srcset":"https:\/\/i0.wp.com\/www.freidenker.org\/fw17\/wp-content\/uploads\/2016\/05\/oilfield.jpg?fit=800%2C445&ssl=1&resize=350%2C200 1x, https:\/\/i0.wp.com\/www.freidenker.org\/fw17\/wp-content\/uploads\/2016\/05\/oilfield.jpg?fit=800%2C445&ssl=1&resize=525%2C300 1.5x, https:\/\/i0.wp.com\/www.freidenker.org\/fw17\/wp-content\/uploads\/2016\/05\/oilfield.jpg?fit=800%2C445&ssl=1&resize=700%2C400 2x"},"classes":[]},{"id":6323,"url":"https:\/\/www.freidenker.org\/?p=6323","url_meta":{"origin":761,"position":2},"title":"Russland im Visier: Nato-Krieg 1999 gegen Jugoslawien nur \u201eT\u00fcr\u00f6ffner\u201c","author":"Webredaktion","date":"8. Mai 2019","format":false,"excerpt":"Beitrag von Tilo Gr\u00e4ser, \u00fcbernommen von sputniknews.com \u201eDie Aggression gegen Jugoslawien war ein Wendepunkt f\u00fcr die Globalisierung der Intervention!\u201c Das erkl\u00e4rte der ehemalige jugoslawische Au\u00dfenminister \u017divadin Jovanovi\u0107 in einem Interview im Jahr 2014. ... An die Zitate des Ex-Au\u00dfenministers erinnert Klaus Hartmann in der aktuellen Ausgabe des viertelj\u00e4hrlichen Magazins \u201eFreidenker\u201c,\u2026","rel":"","context":"In &quot;Frieden - Antifaschismus - Solidarit\u00e4t&quot;","block_context":{"text":"Frieden - Antifaschismus - Solidarit\u00e4t","link":"https:\/\/www.freidenker.org\/?cat=13"},"img":{"alt_text":"","src":"https:\/\/i0.wp.com\/www.freidenker.org\/fw17\/wp-content\/uploads\/2019\/05\/FD-2019-01_coll_v2.jpg?fit=800%2C445&ssl=1&resize=350%2C200","width":350,"height":200,"srcset":"https:\/\/i0.wp.com\/www.freidenker.org\/fw17\/wp-content\/uploads\/2019\/05\/FD-2019-01_coll_v2.jpg?fit=800%2C445&ssl=1&resize=350%2C200 1x, https:\/\/i0.wp.com\/www.freidenker.org\/fw17\/wp-content\/uploads\/2019\/05\/FD-2019-01_coll_v2.jpg?fit=800%2C445&ssl=1&resize=525%2C300 1.5x, https:\/\/i0.wp.com\/www.freidenker.org\/fw17\/wp-content\/uploads\/2019\/05\/FD-2019-01_coll_v2.jpg?fit=800%2C445&ssl=1&resize=700%2C400 2x"},"classes":[]},{"id":790,"url":"https:\/\/www.freidenker.org\/?p=790","url_meta":{"origin":761,"position":3},"title":"FREIDENKER 4-13 &#8211; 1914: 1. Weltkrieg &#8211; 100 Jahre gegen imperialistische Kriege","author":"Webmaster","date":"16. Dezember 2013","format":false,"excerpt":"Die Ausgabe 4-13 des Verbandsorgans FREIDENKER hat das Schwerpunkt-Thema \u201e1914: 1. Weltkrieg - 100 Jahre gegen imperialistische Kriege\u201c und enth\u00e4lt u.a folgende Beitr\u00e4ge: - Klaus Hartmann: Der unbekannte Weltkrieg - Karlheinz Deschner: Leo XIII., Pius X. und der erste Weltkrieg - Eberhard Schinck: Imperialismus, Weltkrieg und Weltkriegsgefahr - Marx\u2019 \u201eLeitfaden\u201c\u2026","rel":"","context":"In &quot;Verbandsorgan FREIDENKER&quot;","block_context":{"text":"Verbandsorgan FREIDENKER","link":"https:\/\/www.freidenker.org\/?cat=8"},"img":{"alt_text":"","src":"https:\/\/i0.wp.com\/www.freidenker.org\/fw17\/wp-content\/uploads\/2017\/12\/FD_2013-04_Titel_mR.jpg?fit=800%2C445&ssl=1&resize=350%2C200","width":350,"height":200,"srcset":"https:\/\/i0.wp.com\/www.freidenker.org\/fw17\/wp-content\/uploads\/2017\/12\/FD_2013-04_Titel_mR.jpg?fit=800%2C445&ssl=1&resize=350%2C200 1x, https:\/\/i0.wp.com\/www.freidenker.org\/fw17\/wp-content\/uploads\/2017\/12\/FD_2013-04_Titel_mR.jpg?fit=800%2C445&ssl=1&resize=525%2C300 1.5x, https:\/\/i0.wp.com\/www.freidenker.org\/fw17\/wp-content\/uploads\/2017\/12\/FD_2013-04_Titel_mR.jpg?fit=800%2C445&ssl=1&resize=700%2C400 2x"},"classes":[]},{"id":19927,"url":"https:\/\/www.freidenker.org\/?p=19927","url_meta":{"origin":761,"position":4},"title":"FREIDENKER 3-24 EXTRA \u2013 Deindustrialisierung","author":"Webredaktion","date":"27. September 2024","format":false,"excerpt":"Die Ausgabe 3-24 EXTRA des Verbandsorgans FREIDENKER hat das Schwerpunkt-Thema \u201eDeindustrialisierung\u201c und enth\u00e4lt u.a. folgende Beitr\u00e4ge: - Klaus Hartmann: Die Ideologie der Produktivkraftvernichtung - Manfred Sohn: Der Abstieg von \u201eMade in Germany\u201c \u2013 Aspekte der Deindustrialisierung des imperialistischen Deutschlands - Wolfgang Beck: Alles hat ein Ende \u2013 auch die Marktwirtschaft\u2026","rel":"","context":"In &quot;Verbandsorgan FREIDENKER&quot;","block_context":{"text":"Verbandsorgan FREIDENKER","link":"https:\/\/www.freidenker.org\/?cat=8"},"img":{"alt_text":"","src":"https:\/\/i0.wp.com\/www.freidenker.org\/fw17\/wp-content\/uploads\/2024\/09\/FD_2024-03_Titel_mR.jpg?fit=800%2C445&ssl=1&resize=350%2C200","width":350,"height":200,"srcset":"https:\/\/i0.wp.com\/www.freidenker.org\/fw17\/wp-content\/uploads\/2024\/09\/FD_2024-03_Titel_mR.jpg?fit=800%2C445&ssl=1&resize=350%2C200 1x, https:\/\/i0.wp.com\/www.freidenker.org\/fw17\/wp-content\/uploads\/2024\/09\/FD_2024-03_Titel_mR.jpg?fit=800%2C445&ssl=1&resize=525%2C300 1.5x, https:\/\/i0.wp.com\/www.freidenker.org\/fw17\/wp-content\/uploads\/2024\/09\/FD_2024-03_Titel_mR.jpg?fit=800%2C445&ssl=1&resize=700%2C400 2x"},"classes":[]},{"id":18593,"url":"https:\/\/www.freidenker.org\/?p=18593","url_meta":{"origin":761,"position":5},"title":"FREIDENKER 1-24 \u2013 25 Jahre NATO-Aggression gegen Jugoslawien","author":"Webredaktion","date":"24. M\u00e4rz 2024","format":false,"excerpt":"Die Ausgabe 1-24 des Verbandsorgans FREIDENKER hat das Schwerpunkt-Thema \u201e25 Jahre NATO-Aggression gegen Jugoslawien\u201c und enth\u00e4lt u.a. folgende Beitr\u00e4ge: - Die Zerst\u00f6rung der europ\u00e4ischen Friedensordnung - Die Enteignung der Meinungsfreiheit - Deutschland f\u00fchrt wieder Krieg - Rainer Rupp: NATO-Angriffskrieg: Fake News, False Flag - Klaus von Raussendorff: Die Propagandakeule \u201eNationalismus\u201c\u2026","rel":"","context":"In &quot;Verbandsorgan FREIDENKER&quot;","block_context":{"text":"Verbandsorgan FREIDENKER","link":"https:\/\/www.freidenker.org\/?cat=8"},"img":{"alt_text":"","src":"https:\/\/i0.wp.com\/www.freidenker.org\/fw17\/wp-content\/uploads\/2024\/03\/FD_2024-01_Titel_mR.jpg?fit=800%2C445&ssl=1&resize=350%2C200","width":350,"height":200,"srcset":"https:\/\/i0.wp.com\/www.freidenker.org\/fw17\/wp-content\/uploads\/2024\/03\/FD_2024-01_Titel_mR.jpg?fit=800%2C445&ssl=1&resize=350%2C200 1x, https:\/\/i0.wp.com\/www.freidenker.org\/fw17\/wp-content\/uploads\/2024\/03\/FD_2024-01_Titel_mR.jpg?fit=800%2C445&ssl=1&resize=525%2C300 1.5x, https:\/\/i0.wp.com\/www.freidenker.org\/fw17\/wp-content\/uploads\/2024\/03\/FD_2024-01_Titel_mR.jpg?fit=800%2C445&ssl=1&resize=700%2C400 2x"},"classes":[]}],"_links":{"self":[{"href":"https:\/\/www.freidenker.org\/index.php?rest_route=\/wp\/v2\/posts\/761","targetHints":{"allow":["GET"]}}],"collection":[{"href":"https:\/\/www.freidenker.org\/index.php?rest_route=\/wp\/v2\/posts"}],"about":[{"href":"https:\/\/www.freidenker.org\/index.php?rest_route=\/wp\/v2\/types\/post"}],"author":[{"embeddable":true,"href":"https:\/\/www.freidenker.org\/index.php?rest_route=\/wp\/v2\/users\/2"}],"replies":[{"embeddable":true,"href":"https:\/\/www.freidenker.org\/index.php?rest_route=%2Fwp%2Fv2%2Fcomments&post=761"}],"version-history":[{"count":0,"href":"https:\/\/www.freidenker.org\/index.php?rest_route=\/wp\/v2\/posts\/761\/revisions"}],"wp:featuredmedia":[{"embeddable":true,"href":"https:\/\/www.freidenker.org\/index.php?rest_route=\/wp\/v2\/media\/2546"}],"wp:attachment":[{"href":"https:\/\/www.freidenker.org\/index.php?rest_route=%2Fwp%2Fv2%2Fmedia&parent=761"}],"wp:term":[{"taxonomy":"category","embeddable":true,"href":"https:\/\/www.freidenker.org\/index.php?rest_route=%2Fwp%2Fv2%2Fcategories&post=761"},{"taxonomy":"post_tag","embeddable":true,"href":"https:\/\/www.freidenker.org\/index.php?rest_route=%2Fwp%2Fv2%2Ftags&post=761"}],"curies":[{"name":"wp","href":"https:\/\/api.w.org\/{rel}","templated":true}]}}